{"id":20774,"date":"2026-02-18T10:29:29","date_gmt":"2026-02-18T14:29:29","guid":{"rendered":"https:\/\/www.latitude-15.com\/brasil-argentina-e-panama-o-novo-triangulo-de-poder-da-aviacao-na-america-latina-e-no-caribe\/"},"modified":"2026-02-19T08:38:02","modified_gmt":"2026-02-19T12:38:02","slug":"brasil-argentina-e-panama-o-novo-triangulo-de-poder-da-aviacao-na-america-latina-e-no-caribe","status":"publish","type":"post","link":"https:\/\/www.latitude-15.com\/pt-br\/brasil-argentina-e-panama-o-novo-triangulo-de-poder-da-aviacao-na-america-latina-e-no-caribe\/","title":{"rendered":"Brasil, Argentina e Panam\u00e1: o novo tri\u00e2ngulo de poder da avia\u00e7\u00e3o na Am\u00e9rica Latina e no Caribe"},"content":{"rendered":"\n<p>A Am\u00e9rica Latina e o Caribe encerraram 2025 com 477,3 milh\u00f5es de passageiros, registrando crescimento de 3,8% em rela\u00e7\u00e3o ao ano anterior e um acr\u00e9scimo de 17,5 milh\u00f5es de viajantes em compara\u00e7\u00e3o a 2024. \u00c0 primeira vista, o dado indica consolida\u00e7\u00e3o gradual, e n\u00e3o uma expans\u00e3o acelerada. No entanto, as informa\u00e7\u00f5es divulgadas pela ALTA (Latin American and Caribbean Air Transport Association) revelam uma mudan\u00e7a mais profunda: uma reconfigura\u00e7\u00e3o dos centros de poder da avia\u00e7\u00e3o regional.  <\/p>\n\n<p>Oitenta e quatro por cento do crescimento l\u00edquido veio do tr\u00e1fego dom\u00e9stico e intra-regional. O centro de gravidade deixou de ser a recupera\u00e7\u00e3o intercontinental e passou a ser a consolida\u00e7\u00e3o interna. Nesse movimento, tr\u00eas pa\u00edses se destacam \u2014 Brasil, Argentina e Panam\u00e1 \u2014 formando o que cada vez mais se assemelha a um novo tri\u00e2ngulo estrat\u00e9gico da avia\u00e7\u00e3o regional.   <\/p>\n\n<h2 class=\"wp-block-heading\">Brasil: o motor da demanda<\/h2>\n\n<p>O Brasil manteve-se como o maior mercado a\u00e9reo da Am\u00e9rica Latina em 2025, com 129,6 milh\u00f5es de passageiros, segundo o relat\u00f3rio anual de tr\u00e1fego divulgado pela ALTA em fevereiro de 2026. O pa\u00eds adicionou sozinho 11,2 milh\u00f5es de passageiros em rela\u00e7\u00e3o ao ano anterior, um crescimento de 9,4% \u2014 a maior contribui\u00e7\u00e3o l\u00edquida da regi\u00e3o. <\/p>\n\n<p>Dois marcos refor\u00e7am o peso estrutural do Brasil. Pela primeira vez, o tr\u00e1fego dom\u00e9stico superou 100 milh\u00f5es de passageiros. O tr\u00e1fego internacional tamb\u00e9m atingiu recorde hist\u00f3rico, com 28,4 milh\u00f5es de passageiros, crescimento de 13,4% ano a ano.  <\/p>\n\n<p>O diferencial estrat\u00e9gico do desempenho brasileiro est\u00e1 na dimens\u00e3o inbound. As chegadas internacionais por via a\u00e9rea cresceram 33,2% em 2025, com o n\u00famero de visitantes argentinos aumentando 77%, conforme dados citados pela ALTA. O tr\u00e1fego a\u00e9reo entre Brasil e Argentina avan\u00e7ou 29,7% no per\u00edodo, respondendo por aproximadamente um ter\u00e7o do crescimento internacional brasileiro.  <\/p>\n\n<p>O Brasil deixou de ser apenas um grande mercado dom\u00e9stico. Passou a atuar como polo regional de demanda, fortalecendo os corredores internos da Am\u00e9rica do Sul. <\/p>\n\n<h2 class=\"wp-block-heading\">Argentina: o n\u00f3 de acelera\u00e7\u00e3o<\/h2>\n\n<p>A Argentina registrou o maior crescimento percentual da regi\u00e3o em 2025. O tr\u00e1fego total atingiu 33,3 milh\u00f5es de passageiros, alta de 13,2% em rela\u00e7\u00e3o ao ano anterior, equivalente a 3,9 milh\u00f5es de passageiros adicionais. <\/p>\n\n<p>O tr\u00e1fego dom\u00e9stico cresceu 9,1%, enquanto o internacional avan\u00e7ou 18,2%. A expans\u00e3o da oferta de voos teve papel determinante. Segundo a ALTA, o tr\u00e1fego entre Argentina e Brasil aumentou 38%, as rotas para a Rep\u00fablica Dominicana cresceram 93% e as conex\u00f5es com a Col\u00f4mbia avan\u00e7aram 28%.  <\/p>\n\n<p>Esse padr\u00e3o reflete maior abertura de mercado e expans\u00e3o da conectividade internacional. O crescimento argentino em 2025 n\u00e3o foi apenas recupera\u00e7\u00e3o c\u00edclica \u2014 foi expans\u00e3o impulsionada por corredores espec\u00edficos. O pa\u00eds consolida-se como acelerador relevante dos fluxos intra-LAC.  <\/p>\n\n<h2 class=\"wp-block-heading\">Panam\u00e1: o conector estrat\u00e9gico<\/h2>\n\n<p>O Panam\u00e1 registrou quase 21 milh\u00f5es de passageiros em 2025, crescimento de 9% ano a ano, o que representa 1,7 milh\u00e3o de viajantes adicionais. Diferentemente do Brasil e da Argentina, o papel estrat\u00e9gico do Panam\u00e1 est\u00e1 menos no volume absoluto e mais na estrutura de conectividade. <\/p>\n\n<p>O tr\u00e1fego origem-destino entre Panam\u00e1 e Estados Unidos totalizou 4,63 milh\u00f5es de passageiros em 2025, alta de 8,1% no per\u00edodo. O dado \u00e9 particularmente relevante considerando que o tr\u00e1fego total entre Am\u00e9rica Latina e Estados Unidos recuou 0,3% no mesmo intervalo, segundo dados agregados da ALTA. <\/p>\n\n<p>O hub de Tocumen continua captando e redistribuindo fluxos mesmo em momentos de desacelera\u00e7\u00e3o continental. Atua como ponto de articula\u00e7\u00e3o entre Am\u00e9rica do Norte e Am\u00e9rica do Sul, sustentado por gest\u00e3o disciplinada de capacidade e otimiza\u00e7\u00e3o constante do hub. <\/p>\n\n<h2 class=\"wp-block-heading\">Disciplina de capacidade e equil\u00edbrio de mercado<\/h2>\n\n<p>Al\u00e9m do desempenho por pa\u00eds, destaca-se a solidez estrutural da regi\u00e3o. A <a href=\"https:\/\/alta.aero\/en\/news\/trafico-aereo-en-america-latina-y-el-caribe-crecio-38-interanual-en-2025\/\">ALTA reporta<\/a> que os ASK (available seat kilometers) cresceram 4,6% em 2025, enquanto os RPK (revenue passenger kilometers) avan\u00e7aram 4,5%. O fator de ocupa\u00e7\u00e3o regional m\u00e9dio atingiu 83,7% no ano. <\/p>\n\n<p>A expans\u00e3o de capacidade acompanhou de perto o crescimento da demanda. O n\u00famero total de voos aumentou 2%, a oferta de assentos cresceu 3,1%, e a m\u00e9dia de assentos por voo subiu para 160, frente a 158 em 2024. <\/p>\n\n<p>Esse alinhamento indica um ambiente de mercado equilibrado \u2014 sem excesso de oferta nem sobreaquecimento. Para companhias a\u00e9reas e aeroportos, reflete disciplina operacional, n\u00e3o expans\u00e3o especulativa. <\/p>\n\n<figure class=\"wp-block-image size-large\"><img fetchpriority=\"high\" decoding=\"async\" width=\"1024\" height=\"503\" src=\"https:\/\/www.latitude-15.com\/wp-content\/uploads\/2026\/02\/pax-dic-EN-1024x503.png\" alt=\"\" class=\"wp-image-20738\" srcset=\"https:\/\/www.latitude-15.com\/wp-content\/uploads\/2026\/02\/pax-dic-EN-1024x503.png 1024w, https:\/\/www.latitude-15.com\/wp-content\/uploads\/2026\/02\/pax-dic-EN-300x147.png 300w, https:\/\/www.latitude-15.com\/wp-content\/uploads\/2026\/02\/pax-dic-EN-768x377.png 768w, https:\/\/www.latitude-15.com\/wp-content\/uploads\/2026\/02\/pax-dic-EN-1536x754.png 1536w, https:\/\/www.latitude-15.com\/wp-content\/uploads\/2026\/02\/pax-dic-EN-1320x648.png 1320w, https:\/\/www.latitude-15.com\/wp-content\/uploads\/2026\/02\/pax-dic-EN.png 1752w\" sizes=\"(max-width: 1024px) 100vw, 1024px\" \/><\/figure>\n\n<h2 class=\"wp-block-heading\">Uma regi\u00e3o que cresce a partir de dentro<\/h2>\n\n<p>A caracter\u00edstica definidora de 2025 n\u00e3o foi a retomada do longo curso, mas o fortalecimento regional. <\/p>\n\n<p>Com 84% do crescimento l\u00edquido vindo de opera\u00e7\u00f5es dom\u00e9sticas e intra-regionais, a Am\u00e9rica Latina e o Caribe refor\u00e7am sua conectividade interna. Corredores como Brasil\u2013Argentina e Panam\u00e1\u2013Estados Unidos mostram que os fluxos est\u00e3o se reorganizando em torno de eixos regionais eficientes, em vez de depender exclusivamente da demanda transatl\u00e2ntica ou transpac\u00edfica. <\/p>\n\n<p>Mesmo mercados com desempenho moderado ou misto contribuem para esse quadro estrutural. O M\u00e9xico permaneceu como o segundo maior mercado, com 122,4 milh\u00f5es de passageiros (+2,4%), enquanto a Col\u00f4mbia alcan\u00e7ou 57,5 milh\u00f5es (+1,7%), apesar da fraqueza dom\u00e9stica em Bogot\u00e1. O Peru registrou 28,5 milh\u00f5es de passageiros (+5,9%), beneficiado pela amplia\u00e7\u00e3o da infraestrutura aeroportu\u00e1ria em Lima. No Caribe, a Rep\u00fablica Dominicana liderou o crescimento com 19,6 milh\u00f5es de passageiros (+3,1%), enquanto a Jamaica enfrentou retra\u00e7\u00e3o de 7,7%, associada a interrup\u00e7\u00f5es operacionais decorrentes do furac\u00e3o Melissa no quarto trimestre.   <\/p>\n\n<p>Essas varia\u00e7\u00f5es revelam uma regi\u00e3o em transi\u00e7\u00e3o \u2014 diversificada, orientada por corredores e cada vez mais interdependente.<\/p>\n\n<h2 class=\"wp-block-heading\">Implica\u00e7\u00f5es estrat\u00e9gicas para 2026<\/h2>\n\n<p>A taxa regional de crescimento de 3,8% confirma estabilidade. No entanto, o aspecto mais relevante est\u00e1 na redistribui\u00e7\u00e3o estrutural. <\/p>\n\n<p>O Brasil consolida-se como o principal motor de demanda regional. A Argentina acelera com conectividade ampliada e expans\u00e3o de corredores internacionais. O Panam\u00e1 fortalece sua posi\u00e7\u00e3o como hub de redistribui\u00e7\u00e3o norte\u2013sul. Juntos, formam um eixo triangular que influencia a configura\u00e7\u00e3o dos fluxos a\u00e9reos na Am\u00e9rica Latina e no Caribe.   <\/p>\n\n<p>Se a moderniza\u00e7\u00e3o regulat\u00f3ria e os marcos concorrenciais continuarem avan\u00e7ando \u2014 como destacou o CEO da ALTA, Peter Cerd\u00e1, na declara\u00e7\u00e3o de fevereiro de 2026 \u2014 o crescimento impulsionado internamente poder\u00e1 se intensificar. Os n\u00fameros narram recupera\u00e7\u00e3o. Os corredores revelam reconfigura\u00e7\u00e3o. E em 2025, essa reconfigura\u00e7\u00e3o colocou Brasil, Argentina e Panam\u00e1 no centro do mapa de poder da avia\u00e7\u00e3o latino-caribenha.   <\/p>\n","protected":false},"excerpt":{"rendered":"<p>A Am\u00e9rica Latina e o Caribe encerraram 2025 com 477,3 milh\u00f5es de passageiros, registrando crescimento de 3,8% em rela\u00e7\u00e3o ao ano anterior e um acr\u00e9scimo de 17,5 milh\u00f5es de viajantes em compara\u00e7\u00e3o a 2024. \u00c0 primeira vista, o dado indica consolida\u00e7\u00e3o gradual, e n\u00e3o uma expans\u00e3o acelerada. No entanto, as informa\u00e7\u00f5es divulgadas pela ALTA (Latin [&hellip;]<\/p>\n","protected":false},"author":5,"featured_media":0,"comment_status":"open","ping_status":"open","sticky":false,"template":"","format":"standard","meta":{"footnotes":""},"categories":[98,101],"tags":[],"class_list":["post-20774","post","type-post","status-publish","format-standard","hentry","category-aviacao","category-conectividade-aerea-e-atratividade-territorial"],"yoast_head":"<!-- This site is optimized with the Yoast SEO plugin v26.9 - https:\/\/yoast.com\/product\/yoast-seo-wordpress\/ -->\n<title>Brasil, Argentina e Panam\u00e1: o novo tri\u00e2ngulo de poder da avia\u00e7\u00e3o na Am\u00e9rica Latina e no Caribe - LATITUDE 15<\/title>\n<meta name=\"robots\" content=\"index, follow, max-snippet:-1, max-image-preview:large, max-video-preview:-1\" \/>\n<link rel=\"canonical\" href=\"https:\/\/www.latitude-15.com\/pt-br\/brasil-argentina-e-panama-o-novo-triangulo-de-poder-da-aviacao-na-america-latina-e-no-caribe\/\" \/>\n<meta property=\"og:locale\" content=\"pt_BR\" \/>\n<meta property=\"og:type\" content=\"article\" \/>\n<meta property=\"og:title\" content=\"Brasil, Argentina e Panam\u00e1: o novo tri\u00e2ngulo de poder da avia\u00e7\u00e3o na Am\u00e9rica Latina e no Caribe - LATITUDE 15\" \/>\n<meta property=\"og:description\" content=\"A Am\u00e9rica Latina e o Caribe encerraram 2025 com 477,3 milh\u00f5es de passageiros, registrando crescimento de 3,8% em rela\u00e7\u00e3o ao ano anterior e um acr\u00e9scimo de 17,5 milh\u00f5es de viajantes em compara\u00e7\u00e3o a 2024. \u00c0 primeira vista, o dado indica consolida\u00e7\u00e3o gradual, e n\u00e3o uma expans\u00e3o acelerada. No entanto, as informa\u00e7\u00f5es divulgadas pela ALTA (Latin [&hellip;]\" \/>\n<meta property=\"og:url\" content=\"https:\/\/www.latitude-15.com\/pt-br\/brasil-argentina-e-panama-o-novo-triangulo-de-poder-da-aviacao-na-america-latina-e-no-caribe\/\" \/>\n<meta property=\"og:site_name\" content=\"LATITUDE 15\" \/>\n<meta property=\"article:published_time\" content=\"2026-02-18T14:29:29+00:00\" \/>\n<meta property=\"article:modified_time\" content=\"2026-02-19T12:38:02+00:00\" \/>\n<meta property=\"og:image\" content=\"https:\/\/www.latitude-15.com\/wp-content\/uploads\/2026\/02\/41728.jpg\" \/>\n\t<meta property=\"og:image:width\" content=\"1000\" \/>\n\t<meta property=\"og:image:height\" content=\"663\" \/>\n\t<meta property=\"og:image:type\" content=\"image\/jpeg\" \/>\n<meta name=\"author\" content=\"Joda J\" \/>\n<meta name=\"twitter:card\" content=\"summary_large_image\" \/>\n<meta name=\"twitter:label1\" content=\"Escrito por\" \/>\n\t<meta name=\"twitter:data1\" content=\"Joda J\" \/>\n\t<meta name=\"twitter:label2\" content=\"Est. tempo de leitura\" \/>\n\t<meta name=\"twitter:data2\" content=\"5 minutos\" \/>\n<script type=\"application\/ld+json\" class=\"yoast-schema-graph\">{\"@context\":\"https:\/\/schema.org\",\"@graph\":[{\"@type\":\"Article\",\"@id\":\"https:\/\/www.latitude-15.com\/pt-br\/brasil-argentina-e-panama-o-novo-triangulo-de-poder-da-aviacao-na-america-latina-e-no-caribe\/#article\",\"isPartOf\":{\"@id\":\"https:\/\/www.latitude-15.com\/pt-br\/brasil-argentina-e-panama-o-novo-triangulo-de-poder-da-aviacao-na-america-latina-e-no-caribe\/\"},\"author\":{\"name\":\"Joda J\",\"@id\":\"https:\/\/www.latitude-15.com\/pt-br\/#\/schema\/person\/dac52e7ff44c78317f337da112e37252\"},\"headline\":\"Brasil, Argentina e Panam\u00e1: o novo tri\u00e2ngulo de poder da avia\u00e7\u00e3o na Am\u00e9rica Latina e no Caribe\",\"datePublished\":\"2026-02-18T14:29:29+00:00\",\"dateModified\":\"2026-02-19T12:38:02+00:00\",\"mainEntityOfPage\":{\"@id\":\"https:\/\/www.latitude-15.com\/pt-br\/brasil-argentina-e-panama-o-novo-triangulo-de-poder-da-aviacao-na-america-latina-e-no-caribe\/\"},\"wordCount\":1096,\"commentCount\":0,\"publisher\":{\"@id\":\"https:\/\/www.latitude-15.com\/pt-br\/#organization\"},\"image\":{\"@id\":\"https:\/\/www.latitude-15.com\/pt-br\/brasil-argentina-e-panama-o-novo-triangulo-de-poder-da-aviacao-na-america-latina-e-no-caribe\/#primaryimage\"},\"thumbnailUrl\":\"https:\/\/www.latitude-15.com\/wp-content\/uploads\/2026\/02\/pax-dic-EN-1024x503.png\",\"articleSection\":[\"AVIA\u00c7\u00c3O\",\"Conectividade a\u00e9rea e Atratividade territorial\"],\"inLanguage\":\"pt-BR\",\"potentialAction\":[{\"@type\":\"CommentAction\",\"name\":\"Comment\",\"target\":[\"https:\/\/www.latitude-15.com\/pt-br\/brasil-argentina-e-panama-o-novo-triangulo-de-poder-da-aviacao-na-america-latina-e-no-caribe\/#respond\"]}]},{\"@type\":\"WebPage\",\"@id\":\"https:\/\/www.latitude-15.com\/pt-br\/brasil-argentina-e-panama-o-novo-triangulo-de-poder-da-aviacao-na-america-latina-e-no-caribe\/\",\"url\":\"https:\/\/www.latitude-15.com\/pt-br\/brasil-argentina-e-panama-o-novo-triangulo-de-poder-da-aviacao-na-america-latina-e-no-caribe\/\",\"name\":\"Brasil, Argentina e Panam\u00e1: o novo tri\u00e2ngulo de poder da avia\u00e7\u00e3o na Am\u00e9rica Latina e no Caribe - LATITUDE 15\",\"isPartOf\":{\"@id\":\"https:\/\/www.latitude-15.com\/pt-br\/#website\"},\"primaryImageOfPage\":{\"@id\":\"https:\/\/www.latitude-15.com\/pt-br\/brasil-argentina-e-panama-o-novo-triangulo-de-poder-da-aviacao-na-america-latina-e-no-caribe\/#primaryimage\"},\"image\":{\"@id\":\"https:\/\/www.latitude-15.com\/pt-br\/brasil-argentina-e-panama-o-novo-triangulo-de-poder-da-aviacao-na-america-latina-e-no-caribe\/#primaryimage\"},\"thumbnailUrl\":\"https:\/\/www.latitude-15.com\/wp-content\/uploads\/2026\/02\/pax-dic-EN-1024x503.png\",\"datePublished\":\"2026-02-18T14:29:29+00:00\",\"dateModified\":\"2026-02-19T12:38:02+00:00\",\"breadcrumb\":{\"@id\":\"https:\/\/www.latitude-15.com\/pt-br\/brasil-argentina-e-panama-o-novo-triangulo-de-poder-da-aviacao-na-america-latina-e-no-caribe\/#breadcrumb\"},\"inLanguage\":\"pt-BR\",\"potentialAction\":[{\"@type\":\"ReadAction\",\"target\":[\"https:\/\/www.latitude-15.com\/pt-br\/brasil-argentina-e-panama-o-novo-triangulo-de-poder-da-aviacao-na-america-latina-e-no-caribe\/\"]}]},{\"@type\":\"ImageObject\",\"inLanguage\":\"pt-BR\",\"@id\":\"https:\/\/www.latitude-15.com\/pt-br\/brasil-argentina-e-panama-o-novo-triangulo-de-poder-da-aviacao-na-america-latina-e-no-caribe\/#primaryimage\",\"url\":\"https:\/\/www.latitude-15.com\/wp-content\/uploads\/2026\/02\/pax-dic-EN-1024x503.png\",\"contentUrl\":\"https:\/\/www.latitude-15.com\/wp-content\/uploads\/2026\/02\/pax-dic-EN-1024x503.png\"},{\"@type\":\"BreadcrumbList\",\"@id\":\"https:\/\/www.latitude-15.com\/pt-br\/brasil-argentina-e-panama-o-novo-triangulo-de-poder-da-aviacao-na-america-latina-e-no-caribe\/#breadcrumb\",\"itemListElement\":[{\"@type\":\"ListItem\",\"position\":1,\"name\":\"Home\",\"item\":\"https:\/\/www.latitude-15.com\/pt-br\/inicio\/\"},{\"@type\":\"ListItem\",\"position\":2,\"name\":\"Brasil, Argentina e Panam\u00e1: o novo tri\u00e2ngulo de poder da avia\u00e7\u00e3o na Am\u00e9rica Latina e no Caribe\"}]},{\"@type\":\"WebSite\",\"@id\":\"https:\/\/www.latitude-15.com\/pt-br\/#website\",\"url\":\"https:\/\/www.latitude-15.com\/pt-br\/\",\"name\":\"LATITUDE 15\",\"description\":\"Aviation and maritime Magazine - Caribbean &amp; Latin America\",\"publisher\":{\"@id\":\"https:\/\/www.latitude-15.com\/pt-br\/#organization\"},\"potentialAction\":[{\"@type\":\"SearchAction\",\"target\":{\"@type\":\"EntryPoint\",\"urlTemplate\":\"https:\/\/www.latitude-15.com\/pt-br\/?s={search_term_string}\"},\"query-input\":{\"@type\":\"PropertyValueSpecification\",\"valueRequired\":true,\"valueName\":\"search_term_string\"}}],\"inLanguage\":\"pt-BR\"},{\"@type\":\"Organization\",\"@id\":\"https:\/\/www.latitude-15.com\/pt-br\/#organization\",\"name\":\"LATITUDE 15\",\"url\":\"https:\/\/www.latitude-15.com\/pt-br\/\",\"logo\":{\"@type\":\"ImageObject\",\"inLanguage\":\"pt-BR\",\"@id\":\"https:\/\/www.latitude-15.com\/pt-br\/#\/schema\/logo\/image\/\",\"url\":\"https:\/\/www.latitude-15.com\/wp-content\/uploads\/2026\/01\/cropped-logox500px.png\",\"contentUrl\":\"https:\/\/www.latitude-15.com\/wp-content\/uploads\/2026\/01\/cropped-logox500px.png\",\"width\":62,\"height\":75,\"caption\":\"LATITUDE 15\"},\"image\":{\"@id\":\"https:\/\/www.latitude-15.com\/pt-br\/#\/schema\/logo\/image\/\"}},{\"@type\":\"Person\",\"@id\":\"https:\/\/www.latitude-15.com\/pt-br\/#\/schema\/person\/dac52e7ff44c78317f337da112e37252\",\"name\":\"Joda J\",\"image\":{\"@type\":\"ImageObject\",\"inLanguage\":\"pt-BR\",\"@id\":\"https:\/\/www.latitude-15.com\/pt-br\/#\/schema\/person\/image\/\",\"url\":\"https:\/\/secure.gravatar.com\/avatar\/6b1feae555e15404b76616f92d931d12b25ac58024f14ccb43d9d3c012e4c4cf?s=96&d=mm&r=g\",\"contentUrl\":\"https:\/\/secure.gravatar.com\/avatar\/6b1feae555e15404b76616f92d931d12b25ac58024f14ccb43d9d3c012e4c4cf?s=96&d=mm&r=g\",\"caption\":\"Joda J\"},\"url\":\"https:\/\/www.latitude-15.com\/pt-br\/author\/joda\/\"}]}<\/script>\n<!-- \/ Yoast SEO plugin. -->","yoast_head_json":{"title":"Brasil, Argentina e Panam\u00e1: o novo tri\u00e2ngulo de poder da avia\u00e7\u00e3o na Am\u00e9rica Latina e no Caribe - LATITUDE 15","robots":{"index":"index","follow":"follow","max-snippet":"max-snippet:-1","max-image-preview":"max-image-preview:large","max-video-preview":"max-video-preview:-1"},"canonical":"https:\/\/www.latitude-15.com\/pt-br\/brasil-argentina-e-panama-o-novo-triangulo-de-poder-da-aviacao-na-america-latina-e-no-caribe\/","og_locale":"pt_BR","og_type":"article","og_title":"Brasil, Argentina e Panam\u00e1: o novo tri\u00e2ngulo de poder da avia\u00e7\u00e3o na Am\u00e9rica Latina e no Caribe - LATITUDE 15","og_description":"A Am\u00e9rica Latina e o Caribe encerraram 2025 com 477,3 milh\u00f5es de passageiros, registrando crescimento de 3,8% em rela\u00e7\u00e3o ao ano anterior e um acr\u00e9scimo de 17,5 milh\u00f5es de viajantes em compara\u00e7\u00e3o a 2024. \u00c0 primeira vista, o dado indica consolida\u00e7\u00e3o gradual, e n\u00e3o uma expans\u00e3o acelerada. No entanto, as informa\u00e7\u00f5es divulgadas pela ALTA (Latin [&hellip;]","og_url":"https:\/\/www.latitude-15.com\/pt-br\/brasil-argentina-e-panama-o-novo-triangulo-de-poder-da-aviacao-na-america-latina-e-no-caribe\/","og_site_name":"LATITUDE 15","article_published_time":"2026-02-18T14:29:29+00:00","article_modified_time":"2026-02-19T12:38:02+00:00","og_image":[{"width":1000,"height":663,"url":"https:\/\/www.latitude-15.com\/wp-content\/uploads\/2026\/02\/41728.jpg","type":"image\/jpeg"}],"author":"Joda J","twitter_card":"summary_large_image","twitter_misc":{"Escrito por":"Joda J","Est. tempo de leitura":"5 minutos"},"schema":{"@context":"https:\/\/schema.org","@graph":[{"@type":"Article","@id":"https:\/\/www.latitude-15.com\/pt-br\/brasil-argentina-e-panama-o-novo-triangulo-de-poder-da-aviacao-na-america-latina-e-no-caribe\/#article","isPartOf":{"@id":"https:\/\/www.latitude-15.com\/pt-br\/brasil-argentina-e-panama-o-novo-triangulo-de-poder-da-aviacao-na-america-latina-e-no-caribe\/"},"author":{"name":"Joda J","@id":"https:\/\/www.latitude-15.com\/pt-br\/#\/schema\/person\/dac52e7ff44c78317f337da112e37252"},"headline":"Brasil, Argentina e Panam\u00e1: o novo tri\u00e2ngulo de poder da avia\u00e7\u00e3o na Am\u00e9rica Latina e no Caribe","datePublished":"2026-02-18T14:29:29+00:00","dateModified":"2026-02-19T12:38:02+00:00","mainEntityOfPage":{"@id":"https:\/\/www.latitude-15.com\/pt-br\/brasil-argentina-e-panama-o-novo-triangulo-de-poder-da-aviacao-na-america-latina-e-no-caribe\/"},"wordCount":1096,"commentCount":0,"publisher":{"@id":"https:\/\/www.latitude-15.com\/pt-br\/#organization"},"image":{"@id":"https:\/\/www.latitude-15.com\/pt-br\/brasil-argentina-e-panama-o-novo-triangulo-de-poder-da-aviacao-na-america-latina-e-no-caribe\/#primaryimage"},"thumbnailUrl":"https:\/\/www.latitude-15.com\/wp-content\/uploads\/2026\/02\/pax-dic-EN-1024x503.png","articleSection":["AVIA\u00c7\u00c3O","Conectividade a\u00e9rea e Atratividade territorial"],"inLanguage":"pt-BR","potentialAction":[{"@type":"CommentAction","name":"Comment","target":["https:\/\/www.latitude-15.com\/pt-br\/brasil-argentina-e-panama-o-novo-triangulo-de-poder-da-aviacao-na-america-latina-e-no-caribe\/#respond"]}]},{"@type":"WebPage","@id":"https:\/\/www.latitude-15.com\/pt-br\/brasil-argentina-e-panama-o-novo-triangulo-de-poder-da-aviacao-na-america-latina-e-no-caribe\/","url":"https:\/\/www.latitude-15.com\/pt-br\/brasil-argentina-e-panama-o-novo-triangulo-de-poder-da-aviacao-na-america-latina-e-no-caribe\/","name":"Brasil, Argentina e Panam\u00e1: o novo tri\u00e2ngulo de poder da avia\u00e7\u00e3o na Am\u00e9rica Latina e no Caribe - LATITUDE 15","isPartOf":{"@id":"https:\/\/www.latitude-15.com\/pt-br\/#website"},"primaryImageOfPage":{"@id":"https:\/\/www.latitude-15.com\/pt-br\/brasil-argentina-e-panama-o-novo-triangulo-de-poder-da-aviacao-na-america-latina-e-no-caribe\/#primaryimage"},"image":{"@id":"https:\/\/www.latitude-15.com\/pt-br\/brasil-argentina-e-panama-o-novo-triangulo-de-poder-da-aviacao-na-america-latina-e-no-caribe\/#primaryimage"},"thumbnailUrl":"https:\/\/www.latitude-15.com\/wp-content\/uploads\/2026\/02\/pax-dic-EN-1024x503.png","datePublished":"2026-02-18T14:29:29+00:00","dateModified":"2026-02-19T12:38:02+00:00","breadcrumb":{"@id":"https:\/\/www.latitude-15.com\/pt-br\/brasil-argentina-e-panama-o-novo-triangulo-de-poder-da-aviacao-na-america-latina-e-no-caribe\/#breadcrumb"},"inLanguage":"pt-BR","potentialAction":[{"@type":"ReadAction","target":["https:\/\/www.latitude-15.com\/pt-br\/brasil-argentina-e-panama-o-novo-triangulo-de-poder-da-aviacao-na-america-latina-e-no-caribe\/"]}]},{"@type":"ImageObject","inLanguage":"pt-BR","@id":"https:\/\/www.latitude-15.com\/pt-br\/brasil-argentina-e-panama-o-novo-triangulo-de-poder-da-aviacao-na-america-latina-e-no-caribe\/#primaryimage","url":"https:\/\/www.latitude-15.com\/wp-content\/uploads\/2026\/02\/pax-dic-EN-1024x503.png","contentUrl":"https:\/\/www.latitude-15.com\/wp-content\/uploads\/2026\/02\/pax-dic-EN-1024x503.png"},{"@type":"BreadcrumbList","@id":"https:\/\/www.latitude-15.com\/pt-br\/brasil-argentina-e-panama-o-novo-triangulo-de-poder-da-aviacao-na-america-latina-e-no-caribe\/#breadcrumb","itemListElement":[{"@type":"ListItem","position":1,"name":"Home","item":"https:\/\/www.latitude-15.com\/pt-br\/inicio\/"},{"@type":"ListItem","position":2,"name":"Brasil, Argentina e Panam\u00e1: o novo tri\u00e2ngulo de poder da avia\u00e7\u00e3o na Am\u00e9rica Latina e no Caribe"}]},{"@type":"WebSite","@id":"https:\/\/www.latitude-15.com\/pt-br\/#website","url":"https:\/\/www.latitude-15.com\/pt-br\/","name":"LATITUDE 15","description":"Aviation and maritime Magazine - Caribbean &amp; Latin America","publisher":{"@id":"https:\/\/www.latitude-15.com\/pt-br\/#organization"},"potentialAction":[{"@type":"SearchAction","target":{"@type":"EntryPoint","urlTemplate":"https:\/\/www.latitude-15.com\/pt-br\/?s={search_term_string}"},"query-input":{"@type":"PropertyValueSpecification","valueRequired":true,"valueName":"search_term_string"}}],"inLanguage":"pt-BR"},{"@type":"Organization","@id":"https:\/\/www.latitude-15.com\/pt-br\/#organization","name":"LATITUDE 15","url":"https:\/\/www.latitude-15.com\/pt-br\/","logo":{"@type":"ImageObject","inLanguage":"pt-BR","@id":"https:\/\/www.latitude-15.com\/pt-br\/#\/schema\/logo\/image\/","url":"https:\/\/www.latitude-15.com\/wp-content\/uploads\/2026\/01\/cropped-logox500px.png","contentUrl":"https:\/\/www.latitude-15.com\/wp-content\/uploads\/2026\/01\/cropped-logox500px.png","width":62,"height":75,"caption":"LATITUDE 15"},"image":{"@id":"https:\/\/www.latitude-15.com\/pt-br\/#\/schema\/logo\/image\/"}},{"@type":"Person","@id":"https:\/\/www.latitude-15.com\/pt-br\/#\/schema\/person\/dac52e7ff44c78317f337da112e37252","name":"Joda J","image":{"@type":"ImageObject","inLanguage":"pt-BR","@id":"https:\/\/www.latitude-15.com\/pt-br\/#\/schema\/person\/image\/","url":"https:\/\/secure.gravatar.com\/avatar\/6b1feae555e15404b76616f92d931d12b25ac58024f14ccb43d9d3c012e4c4cf?s=96&d=mm&r=g","contentUrl":"https:\/\/secure.gravatar.com\/avatar\/6b1feae555e15404b76616f92d931d12b25ac58024f14ccb43d9d3c012e4c4cf?s=96&d=mm&r=g","caption":"Joda J"},"url":"https:\/\/www.latitude-15.com\/pt-br\/author\/joda\/"}]}},"_links":{"self":[{"href":"https:\/\/www.latitude-15.com\/pt-br\/wp-json\/wp\/v2\/posts\/20774","targetHints":{"allow":["GET"]}}],"collection":[{"href":"https:\/\/www.latitude-15.com\/pt-br\/wp-json\/wp\/v2\/posts"}],"about":[{"href":"https:\/\/www.latitude-15.com\/pt-br\/wp-json\/wp\/v2\/types\/post"}],"author":[{"embeddable":true,"href":"https:\/\/www.latitude-15.com\/pt-br\/wp-json\/wp\/v2\/users\/5"}],"replies":[{"embeddable":true,"href":"https:\/\/www.latitude-15.com\/pt-br\/wp-json\/wp\/v2\/comments?post=20774"}],"version-history":[{"count":1,"href":"https:\/\/www.latitude-15.com\/pt-br\/wp-json\/wp\/v2\/posts\/20774\/revisions"}],"predecessor-version":[{"id":20775,"href":"https:\/\/www.latitude-15.com\/pt-br\/wp-json\/wp\/v2\/posts\/20774\/revisions\/20775"}],"wp:attachment":[{"href":"https:\/\/www.latitude-15.com\/pt-br\/wp-json\/wp\/v2\/media?parent=20774"}],"wp:term":[{"taxonomy":"category","embeddable":true,"href":"https:\/\/www.latitude-15.com\/pt-br\/wp-json\/wp\/v2\/categories?post=20774"},{"taxonomy":"post_tag","embeddable":true,"href":"https:\/\/www.latitude-15.com\/pt-br\/wp-json\/wp\/v2\/tags?post=20774"}],"curies":[{"name":"wp","href":"https:\/\/api.w.org\/{rel}","templated":true}]}}