{"id":20761,"date":"2026-02-18T12:25:42","date_gmt":"2026-02-18T16:25:42","guid":{"rendered":"https:\/\/www.latitude-15.com\/recalibracao-estrategica-martinica-define-curso-portuario-de-e1688-milhoes-ate-2029\/"},"modified":"2026-02-18T21:57:13","modified_gmt":"2026-02-19T01:57:13","slug":"recalibracao-estrategica-martinica-define-curso-portuario-de-e1688-milhoes-ate-2029","status":"publish","type":"post","link":"https:\/\/www.latitude-15.com\/pt-br\/recalibracao-estrategica-martinica-define-curso-portuario-de-e1688-milhoes-ate-2029\/","title":{"rendered":"<br>Recalibra\u00e7\u00e3o estrat\u00e9gica: Martinica define curso portu\u00e1rio de \u20ac168,8 milh\u00f5es at\u00e9 2029"},"content":{"rendered":"\n<p>O Grand Port Maritime de la Martinique (GPMLM) abriu consulta p\u00fablica sobre seu Projeto Estrat\u00e9gico 2025\u20132029, que estabelece um quadro de investimentos para cinco anos com o objetivo de consolidar a posi\u00e7\u00e3o da ilha no corredor mar\u00edtimo Antilhas\u2013Guiana.<\/p>\n\n<p>O plano confirma um volume de investimentos projetado de \u20ac168,8 milh\u00f5es no per\u00edodo, dos quais \u20ac100 milh\u00f5es destinados especificamente \u00e0 consolida\u00e7\u00e3o do Antilles Hub.<\/p>\n\n<p>Mais do que uma formalidade regulat\u00f3ria, o documento sinaliza um reposicionamento estrutural: a Martinica busca assegurar e modernizar seu sistema portu\u00e1rio, ao mesmo tempo em que amplia sua presen\u00e7a log\u00edstica no Caribe Oriental.<\/p>\n\n<h2 class=\"wp-block-heading\">Consolida\u00e7\u00e3o do Antilles\u2013Guiana Hub<\/h2>\n\n<p>No centro da estrat\u00e9gia est\u00e1 a consolida\u00e7\u00e3o da fun\u00e7\u00e3o de hub da Martinica. A aloca\u00e7\u00e3o de \u20ac100 milh\u00f5es dedicada ao Antilles Hub reflete a ambi\u00e7\u00e3o de manter competitividade operacional e conectividade regional. <\/p>\n\n<p>O plano introduz uma arquitetura log\u00edstica territorial frequentemente descrita como um \u201ctri\u00e2ngulo de crescimento\u201d, estruturado entre Fort-de-France, a \u00e1rea de desenvolvimento Pays Noy\u00e9 (70 hectares) e o porto de Le Robert. Em vez de concentrar os fluxos exclusivamente na capital, o modelo busca distribuir capacidades e fun\u00e7\u00f5es entre \u00e1reas complementares. <\/p>\n\n<p>Le Robert \u00e9 posicionado como uma futura plataforma multimodal capaz de receber embarca\u00e7\u00f5es de at\u00e9 110 metros de comprimento, com calado de 5 metros e capacidade operacional entre 3.000 e 4.000 toneladas. Trata-se de uma expans\u00e3o calibrada, orientada ao cabotagem regional e \u00e0 diversifica\u00e7\u00e3o de cargas, e n\u00e3o ao transbordo em larga escala. <\/p>\n\n<p>A l\u00f3gica estrutural \u00e9 clara: refor\u00e7ar a resili\u00eancia operacional evitando depend\u00eancia de um \u00fanico s\u00edtio, estimular a especializa\u00e7\u00e3o entre terminais e fortalecer a integra\u00e7\u00e3o da Martinica nas redes mar\u00edtimas intra-caribenhas.<\/p>\n\n<h2 class=\"wp-block-heading\">Reengenharia log\u00edstica e efici\u00eancia no last mile<\/h2>\n\n<p>O roteiro 2025\u20132029 vai al\u00e9m da infraestrutura de cais. Ele reflete um reposicionamento mais amplo voltado \u00e0 otimiza\u00e7\u00e3o das cadeias de suprimentos. <\/p>\n\n<p>A estrat\u00e9gia introduz o conceito de <strong><em>\u201cportos secos\u201d <\/em><\/strong>\u2014 plataformas log\u00edsticas no interior destinadas a agilizar a distribui\u00e7\u00e3o de cargas e reduzir a congest\u00e3o nas \u00e1reas portu\u00e1rias centrais. Essas estruturas facilitariam opera\u00e7\u00f5es aduaneiras, consolida\u00e7\u00e3o e redistribui\u00e7\u00e3o de mercadorias, enfrentando a fragmenta\u00e7\u00e3o do ecossistema log\u00edstico local. <\/p>\n\n<p>A otimiza\u00e7\u00e3o do last mile tamb\u00e9m integra o plano. O documento menciona estrat\u00e9gias de co-carregamento e at\u00e9 solu\u00e7\u00f5es explorat\u00f3rias, como o uso de drones para transporte de curta dist\u00e2ncia. Ainda que em fase conceitual, essas propostas indicam uma mudan\u00e7a de paradigma: a autoridade portu\u00e1ria se posiciona n\u00e3o apenas como gestora de infraestrutura, mas como articuladora log\u00edstica.  <\/p>\n\n<p>Em um territ\u00f3rio marcado por elevada densidade costeira e concentra\u00e7\u00e3o de tr\u00e1fego em torno de Fort-de-France, a racionaliza\u00e7\u00e3o dos fluxos terrestres pode se mostrar t\u00e3o estrat\u00e9gica quanto a amplia\u00e7\u00e3o da capacidade mar\u00edtima.<\/p>\n\n<h2 class=\"wp-block-heading\">Adapta\u00e7\u00e3o clim\u00e1tica e integra\u00e7\u00e3o ambiental como vetores estruturantes<\/h2>\n\n<p>A resili\u00eancia ambiental est\u00e1 incorporada \u00e0 arquitetura financeira do plano. O projeto destina \u20ac8,544 milh\u00f5es a um programa espec\u00edfico de adapta\u00e7\u00e3o clim\u00e1tica, voltado para riscos de submers\u00e3o, eventos clim\u00e1ticos extremos e press\u00f5es associadas ao aumento das temperaturas. <\/p>\n\n<p>Al\u00e9m do refor\u00e7o estrutural da infraestrutura, a prote\u00e7\u00e3o da biodiversidade recebe tratamento or\u00e7ament\u00e1rio expl\u00edcito. Aloca\u00e7\u00f5es plurianuais incluem recursos para monitoramento de cet\u00e1ceos, iniciativas relacionadas a recifes de coral e medidas de gest\u00e3o ecossist\u00eamica. Essas a\u00e7\u00f5es traduzem compromissos ambientais com base or\u00e7ament\u00e1ria concreta, e n\u00e3o meramente declarat\u00f3ria.  <\/p>\n\n<p>Os dados de gest\u00e3o de res\u00edduos tamb\u00e9m evidenciam ajustes estruturais em curso. O porto gera atualmente cerca de duas toneladas de res\u00edduos por semana, a maior parte tratada por meio de um sistema estruturado de coleta seletiva implementado em 2024. A estrat\u00e9gia prev\u00ea o refor\u00e7o de treinamentos e mecanismos de rastreabilidade a partir de 2025.  <\/p>\n\n<p>O conjunto revela um modelo de governan\u00e7a cada vez mais orientado por indicadores e mecanismos de monitoramento, alinhado \u00e0s exig\u00eancias crescentes de ESG no financiamento de infraestrutura mar\u00edtima.<\/p>\n\n<h2 class=\"wp-block-heading\">Supervis\u00e3o ambiental e escrut\u00ednio institucional<\/h2>\n\n<p>O projeto estrat\u00e9gico \u00e9 acompanhado por avalia\u00e7\u00e3o ambiental formal e por parecer da Autoridade Ambiental Regional da Martinica.<\/p>\n\n<p>A autoridade identifica desafios centrais relacionados \u00e0 preserva\u00e7\u00e3o da biodiversidade, gest\u00e3o de recursos naturais, sa\u00fade p\u00fablica e mudan\u00e7as clim\u00e1ticas. Embora n\u00e3o questione a dire\u00e7\u00e3o estrat\u00e9gica, recomenda o fortalecimento das linhas de base ambientais, dos mecanismos de monitoramento e da defini\u00e7\u00e3o de indicadores de desempenho. <\/p>\n\n<p>Esse escrut\u00ednio institucional agrega credibilidade adicional ao plano, evidenciando que a integra\u00e7\u00e3o ambiental na estrat\u00e9gia portu\u00e1ria deixou de ser perif\u00e9rica para se tornar elemento central e supervisionado. <\/p>\n\n<h2 class=\"wp-block-heading\">Implica\u00e7\u00f5es estrat\u00e9gicas para o Caribe Oriental<\/h2>\n\n<p>De forma abrangente, o roteiro 2025\u20132029 revela uma ambi\u00e7\u00e3o dupla: consolidar o papel de hub da Martinica no corredor Antilhas\u2013Guiana e incorporar resili\u00eancia e governan\u00e7a ambiental ao processo de expans\u00e3o portu\u00e1ria.<\/p>\n\n<p>Embora o volume de investimentos seja moderado em compara\u00e7\u00e3o global, ele \u00e9 relevante no contexto do Caribe Oriental. A diversifica\u00e7\u00e3o de \u00e1reas operacionais, o desenvolvimento de interfaces multimodais e a otimiza\u00e7\u00e3o log\u00edstica terrestre indicam uma tentativa de recalibrar o posicionamento regional. <\/p>\n\n<p>\u00c0 medida que os fluxos mar\u00edtimos no Caribe evoluem sob influ\u00eancia de mudan\u00e7as nos padr\u00f5es de com\u00e9rcio, transi\u00e7\u00f5es energ\u00e9ticas e riscos clim\u00e1ticos, a estrat\u00e9gia da Martinica sinaliza n\u00e3o apenas manuten\u00e7\u00e3o de capacidade, mas redefini\u00e7\u00e3o de sua arquitetura operacional.<\/p>\n\n<p>Os pr\u00f3ximos cinco anos ser\u00e3o determinantes para avaliar se essa abordagem integrada resultar\u00e1 em fortalecimento competitivo mensur\u00e1vel no cen\u00e1rio mar\u00edtimo do Caribe Oriental.<\/p>\n","protected":false},"excerpt":{"rendered":"<p>O Grand Port Maritime de la Martinique (GPMLM) abriu consulta p\u00fablica sobre seu Projeto Estrat\u00e9gico 2025\u20132029, que estabelece um quadro de investimentos para cinco anos com o objetivo de consolidar a posi\u00e7\u00e3o da ilha no corredor mar\u00edtimo Antilhas\u2013Guiana. O plano confirma um volume de investimentos projetado de \u20ac168,8 milh\u00f5es no per\u00edodo, dos quais \u20ac100 milh\u00f5es [&hellip;]<\/p>\n","protected":false},"author":5,"featured_media":20760,"comment_status":"open","ping_status":"open","sticky":false,"template":"","format":"standard","meta":{"footnotes":""},"categories":[119,137],"tags":[],"class_list":["post-20761","post","type-post","status-publish","format-standard","has-post-thumbnail","hentry","category-maritimo","category-portos-e-logistica"],"yoast_head":"<!-- This site is optimized with the Yoast SEO plugin v26.9 - https:\/\/yoast.com\/product\/yoast-seo-wordpress\/ -->\n<title>Estrat\u00e9gia Portu\u00e1ria da Martinica 2025\u20132029: Plano de Hub de \u20ac168,8 milh\u00f5es<\/title>\n<meta name=\"description\" content=\"A Martinica apresenta uma estrat\u00e9gia portu\u00e1ria de \u20ac168,8 milh\u00f5es at\u00e9 2029 para consolidar seu hub Antilhas\u2013Guiana, expandir a log\u00edstica multimodal e refor\u00e7ar a resili\u00eancia clim\u00e1tica.\" \/>\n<meta name=\"robots\" content=\"index, follow, max-snippet:-1, max-image-preview:large, max-video-preview:-1\" \/>\n<link rel=\"canonical\" href=\"https:\/\/www.latitude-15.com\/pt-br\/recalibracao-estrategica-martinica-define-curso-portuario-de-e1688-milhoes-ate-2029\/\" \/>\n<meta property=\"og:locale\" content=\"pt_BR\" \/>\n<meta property=\"og:type\" content=\"article\" \/>\n<meta property=\"og:title\" content=\"Estrat\u00e9gia Portu\u00e1ria da Martinica 2025\u20132029: Plano de Hub de \u20ac168,8 milh\u00f5es\" \/>\n<meta property=\"og:description\" content=\"A Martinica apresenta uma estrat\u00e9gia portu\u00e1ria de \u20ac168,8 milh\u00f5es at\u00e9 2029 para consolidar seu hub Antilhas\u2013Guiana, expandir a log\u00edstica multimodal e refor\u00e7ar a resili\u00eancia clim\u00e1tica.\" \/>\n<meta property=\"og:url\" content=\"https:\/\/www.latitude-15.com\/pt-br\/recalibracao-estrategica-martinica-define-curso-portuario-de-e1688-milhoes-ate-2029\/\" \/>\n<meta property=\"og:site_name\" content=\"LATITUDE 15\" \/>\n<meta property=\"article:published_time\" content=\"2026-02-18T16:25:42+00:00\" \/>\n<meta property=\"article:modified_time\" content=\"2026-02-19T01:57:13+00:00\" \/>\n<meta property=\"og:image\" content=\"https:\/\/www.latitude-15.com\/wp-content\/uploads\/2026\/02\/hydrobase-scaled.jpg\" \/>\n\t<meta property=\"og:image:width\" content=\"2560\" \/>\n\t<meta property=\"og:image:height\" content=\"1316\" \/>\n\t<meta property=\"og:image:type\" content=\"image\/jpeg\" \/>\n<meta name=\"author\" content=\"Joda J\" \/>\n<meta name=\"twitter:card\" content=\"summary_large_image\" \/>\n<meta name=\"twitter:label1\" content=\"Escrito por\" \/>\n\t<meta name=\"twitter:data1\" content=\"Joda J\" \/>\n\t<meta name=\"twitter:label2\" content=\"Est. tempo de leitura\" \/>\n\t<meta name=\"twitter:data2\" content=\"5 minutos\" \/>\n<script type=\"application\/ld+json\" class=\"yoast-schema-graph\">{\"@context\":\"https:\/\/schema.org\",\"@graph\":[{\"@type\":\"Article\",\"@id\":\"https:\/\/www.latitude-15.com\/pt-br\/recalibracao-estrategica-martinica-define-curso-portuario-de-e1688-milhoes-ate-2029\/#article\",\"isPartOf\":{\"@id\":\"https:\/\/www.latitude-15.com\/pt-br\/recalibracao-estrategica-martinica-define-curso-portuario-de-e1688-milhoes-ate-2029\/\"},\"author\":{\"name\":\"Joda J\",\"@id\":\"https:\/\/www.latitude-15.com\/pt-br\/#\/schema\/person\/dac52e7ff44c78317f337da112e37252\"},\"headline\":\"Recalibra\u00e7\u00e3o estrat\u00e9gica: Martinica define curso portu\u00e1rio de \u20ac168,8 milh\u00f5es at\u00e9 2029\",\"datePublished\":\"2026-02-18T16:25:42+00:00\",\"dateModified\":\"2026-02-19T01:57:13+00:00\",\"mainEntityOfPage\":{\"@id\":\"https:\/\/www.latitude-15.com\/pt-br\/recalibracao-estrategica-martinica-define-curso-portuario-de-e1688-milhoes-ate-2029\/\"},\"wordCount\":972,\"commentCount\":0,\"publisher\":{\"@id\":\"https:\/\/www.latitude-15.com\/pt-br\/#organization\"},\"image\":{\"@id\":\"https:\/\/www.latitude-15.com\/pt-br\/recalibracao-estrategica-martinica-define-curso-portuario-de-e1688-milhoes-ate-2029\/#primaryimage\"},\"thumbnailUrl\":\"https:\/\/www.latitude-15.com\/wp-content\/uploads\/2026\/02\/hydrobase-scaled.jpg\",\"articleSection\":[\"MAR\u00cdTIMO\",\"Portos e log\u00edstica\"],\"inLanguage\":\"pt-BR\",\"potentialAction\":[{\"@type\":\"CommentAction\",\"name\":\"Comment\",\"target\":[\"https:\/\/www.latitude-15.com\/pt-br\/recalibracao-estrategica-martinica-define-curso-portuario-de-e1688-milhoes-ate-2029\/#respond\"]}]},{\"@type\":\"WebPage\",\"@id\":\"https:\/\/www.latitude-15.com\/pt-br\/recalibracao-estrategica-martinica-define-curso-portuario-de-e1688-milhoes-ate-2029\/\",\"url\":\"https:\/\/www.latitude-15.com\/pt-br\/recalibracao-estrategica-martinica-define-curso-portuario-de-e1688-milhoes-ate-2029\/\",\"name\":\"Estrat\u00e9gia Portu\u00e1ria da Martinica 2025\u20132029: Plano de Hub de \u20ac168,8 milh\u00f5es\",\"isPartOf\":{\"@id\":\"https:\/\/www.latitude-15.com\/pt-br\/#website\"},\"primaryImageOfPage\":{\"@id\":\"https:\/\/www.latitude-15.com\/pt-br\/recalibracao-estrategica-martinica-define-curso-portuario-de-e1688-milhoes-ate-2029\/#primaryimage\"},\"image\":{\"@id\":\"https:\/\/www.latitude-15.com\/pt-br\/recalibracao-estrategica-martinica-define-curso-portuario-de-e1688-milhoes-ate-2029\/#primaryimage\"},\"thumbnailUrl\":\"https:\/\/www.latitude-15.com\/wp-content\/uploads\/2026\/02\/hydrobase-scaled.jpg\",\"datePublished\":\"2026-02-18T16:25:42+00:00\",\"dateModified\":\"2026-02-19T01:57:13+00:00\",\"description\":\"A Martinica apresenta uma estrat\u00e9gia portu\u00e1ria de \u20ac168,8 milh\u00f5es at\u00e9 2029 para consolidar seu hub Antilhas\u2013Guiana, expandir a log\u00edstica multimodal e refor\u00e7ar a resili\u00eancia clim\u00e1tica.\",\"breadcrumb\":{\"@id\":\"https:\/\/www.latitude-15.com\/pt-br\/recalibracao-estrategica-martinica-define-curso-portuario-de-e1688-milhoes-ate-2029\/#breadcrumb\"},\"inLanguage\":\"pt-BR\",\"potentialAction\":[{\"@type\":\"ReadAction\",\"target\":[\"https:\/\/www.latitude-15.com\/pt-br\/recalibracao-estrategica-martinica-define-curso-portuario-de-e1688-milhoes-ate-2029\/\"]}]},{\"@type\":\"ImageObject\",\"inLanguage\":\"pt-BR\",\"@id\":\"https:\/\/www.latitude-15.com\/pt-br\/recalibracao-estrategica-martinica-define-curso-portuario-de-e1688-milhoes-ate-2029\/#primaryimage\",\"url\":\"https:\/\/www.latitude-15.com\/wp-content\/uploads\/2026\/02\/hydrobase-scaled.jpg\",\"contentUrl\":\"https:\/\/www.latitude-15.com\/wp-content\/uploads\/2026\/02\/hydrobase-scaled.jpg\",\"width\":2560,\"height\":1316,\"caption\":\"L\u2019Hydrobase, Eastern Section - (c)Grand Port Maritime de la Martinique\"},{\"@type\":\"BreadcrumbList\",\"@id\":\"https:\/\/www.latitude-15.com\/pt-br\/recalibracao-estrategica-martinica-define-curso-portuario-de-e1688-milhoes-ate-2029\/#breadcrumb\",\"itemListElement\":[{\"@type\":\"ListItem\",\"position\":1,\"name\":\"Home\",\"item\":\"https:\/\/www.latitude-15.com\/pt-br\/inicio\/\"},{\"@type\":\"ListItem\",\"position\":2,\"name\":\"Recalibra\u00e7\u00e3o estrat\u00e9gica: Martinica define curso portu\u00e1rio de \u20ac168,8 milh\u00f5es at\u00e9 2029\"}]},{\"@type\":\"WebSite\",\"@id\":\"https:\/\/www.latitude-15.com\/pt-br\/#website\",\"url\":\"https:\/\/www.latitude-15.com\/pt-br\/\",\"name\":\"LATITUDE 15\",\"description\":\"Aviation and maritime Magazine - Caribbean &amp; Latin America\",\"publisher\":{\"@id\":\"https:\/\/www.latitude-15.com\/pt-br\/#organization\"},\"potentialAction\":[{\"@type\":\"SearchAction\",\"target\":{\"@type\":\"EntryPoint\",\"urlTemplate\":\"https:\/\/www.latitude-15.com\/pt-br\/?s={search_term_string}\"},\"query-input\":{\"@type\":\"PropertyValueSpecification\",\"valueRequired\":true,\"valueName\":\"search_term_string\"}}],\"inLanguage\":\"pt-BR\"},{\"@type\":\"Organization\",\"@id\":\"https:\/\/www.latitude-15.com\/pt-br\/#organization\",\"name\":\"LATITUDE 15\",\"url\":\"https:\/\/www.latitude-15.com\/pt-br\/\",\"logo\":{\"@type\":\"ImageObject\",\"inLanguage\":\"pt-BR\",\"@id\":\"https:\/\/www.latitude-15.com\/pt-br\/#\/schema\/logo\/image\/\",\"url\":\"https:\/\/www.latitude-15.com\/wp-content\/uploads\/2026\/01\/cropped-logox500px.png\",\"contentUrl\":\"https:\/\/www.latitude-15.com\/wp-content\/uploads\/2026\/01\/cropped-logox500px.png\",\"width\":62,\"height\":75,\"caption\":\"LATITUDE 15\"},\"image\":{\"@id\":\"https:\/\/www.latitude-15.com\/pt-br\/#\/schema\/logo\/image\/\"}},{\"@type\":\"Person\",\"@id\":\"https:\/\/www.latitude-15.com\/pt-br\/#\/schema\/person\/dac52e7ff44c78317f337da112e37252\",\"name\":\"Joda J\",\"image\":{\"@type\":\"ImageObject\",\"inLanguage\":\"pt-BR\",\"@id\":\"https:\/\/www.latitude-15.com\/pt-br\/#\/schema\/person\/image\/\",\"url\":\"https:\/\/secure.gravatar.com\/avatar\/6b1feae555e15404b76616f92d931d12b25ac58024f14ccb43d9d3c012e4c4cf?s=96&d=mm&r=g\",\"contentUrl\":\"https:\/\/secure.gravatar.com\/avatar\/6b1feae555e15404b76616f92d931d12b25ac58024f14ccb43d9d3c012e4c4cf?s=96&d=mm&r=g\",\"caption\":\"Joda J\"},\"url\":\"https:\/\/www.latitude-15.com\/pt-br\/author\/joda\/\"}]}<\/script>\n<!-- \/ Yoast SEO plugin. -->","yoast_head_json":{"title":"Estrat\u00e9gia Portu\u00e1ria da Martinica 2025\u20132029: Plano de Hub de \u20ac168,8 milh\u00f5es","description":"A Martinica apresenta uma estrat\u00e9gia portu\u00e1ria de \u20ac168,8 milh\u00f5es at\u00e9 2029 para consolidar seu hub Antilhas\u2013Guiana, expandir a log\u00edstica multimodal e refor\u00e7ar a resili\u00eancia clim\u00e1tica.","robots":{"index":"index","follow":"follow","max-snippet":"max-snippet:-1","max-image-preview":"max-image-preview:large","max-video-preview":"max-video-preview:-1"},"canonical":"https:\/\/www.latitude-15.com\/pt-br\/recalibracao-estrategica-martinica-define-curso-portuario-de-e1688-milhoes-ate-2029\/","og_locale":"pt_BR","og_type":"article","og_title":"Estrat\u00e9gia Portu\u00e1ria da Martinica 2025\u20132029: Plano de Hub de \u20ac168,8 milh\u00f5es","og_description":"A Martinica apresenta uma estrat\u00e9gia portu\u00e1ria de \u20ac168,8 milh\u00f5es at\u00e9 2029 para consolidar seu hub Antilhas\u2013Guiana, expandir a log\u00edstica multimodal e refor\u00e7ar a resili\u00eancia clim\u00e1tica.","og_url":"https:\/\/www.latitude-15.com\/pt-br\/recalibracao-estrategica-martinica-define-curso-portuario-de-e1688-milhoes-ate-2029\/","og_site_name":"LATITUDE 15","article_published_time":"2026-02-18T16:25:42+00:00","article_modified_time":"2026-02-19T01:57:13+00:00","og_image":[{"width":2560,"height":1316,"url":"https:\/\/www.latitude-15.com\/wp-content\/uploads\/2026\/02\/hydrobase-scaled.jpg","type":"image\/jpeg"}],"author":"Joda J","twitter_card":"summary_large_image","twitter_misc":{"Escrito por":"Joda J","Est. tempo de leitura":"5 minutos"},"schema":{"@context":"https:\/\/schema.org","@graph":[{"@type":"Article","@id":"https:\/\/www.latitude-15.com\/pt-br\/recalibracao-estrategica-martinica-define-curso-portuario-de-e1688-milhoes-ate-2029\/#article","isPartOf":{"@id":"https:\/\/www.latitude-15.com\/pt-br\/recalibracao-estrategica-martinica-define-curso-portuario-de-e1688-milhoes-ate-2029\/"},"author":{"name":"Joda J","@id":"https:\/\/www.latitude-15.com\/pt-br\/#\/schema\/person\/dac52e7ff44c78317f337da112e37252"},"headline":"Recalibra\u00e7\u00e3o estrat\u00e9gica: Martinica define curso portu\u00e1rio de \u20ac168,8 milh\u00f5es at\u00e9 2029","datePublished":"2026-02-18T16:25:42+00:00","dateModified":"2026-02-19T01:57:13+00:00","mainEntityOfPage":{"@id":"https:\/\/www.latitude-15.com\/pt-br\/recalibracao-estrategica-martinica-define-curso-portuario-de-e1688-milhoes-ate-2029\/"},"wordCount":972,"commentCount":0,"publisher":{"@id":"https:\/\/www.latitude-15.com\/pt-br\/#organization"},"image":{"@id":"https:\/\/www.latitude-15.com\/pt-br\/recalibracao-estrategica-martinica-define-curso-portuario-de-e1688-milhoes-ate-2029\/#primaryimage"},"thumbnailUrl":"https:\/\/www.latitude-15.com\/wp-content\/uploads\/2026\/02\/hydrobase-scaled.jpg","articleSection":["MAR\u00cdTIMO","Portos e log\u00edstica"],"inLanguage":"pt-BR","potentialAction":[{"@type":"CommentAction","name":"Comment","target":["https:\/\/www.latitude-15.com\/pt-br\/recalibracao-estrategica-martinica-define-curso-portuario-de-e1688-milhoes-ate-2029\/#respond"]}]},{"@type":"WebPage","@id":"https:\/\/www.latitude-15.com\/pt-br\/recalibracao-estrategica-martinica-define-curso-portuario-de-e1688-milhoes-ate-2029\/","url":"https:\/\/www.latitude-15.com\/pt-br\/recalibracao-estrategica-martinica-define-curso-portuario-de-e1688-milhoes-ate-2029\/","name":"Estrat\u00e9gia Portu\u00e1ria da Martinica 2025\u20132029: Plano de Hub de \u20ac168,8 milh\u00f5es","isPartOf":{"@id":"https:\/\/www.latitude-15.com\/pt-br\/#website"},"primaryImageOfPage":{"@id":"https:\/\/www.latitude-15.com\/pt-br\/recalibracao-estrategica-martinica-define-curso-portuario-de-e1688-milhoes-ate-2029\/#primaryimage"},"image":{"@id":"https:\/\/www.latitude-15.com\/pt-br\/recalibracao-estrategica-martinica-define-curso-portuario-de-e1688-milhoes-ate-2029\/#primaryimage"},"thumbnailUrl":"https:\/\/www.latitude-15.com\/wp-content\/uploads\/2026\/02\/hydrobase-scaled.jpg","datePublished":"2026-02-18T16:25:42+00:00","dateModified":"2026-02-19T01:57:13+00:00","description":"A Martinica apresenta uma estrat\u00e9gia portu\u00e1ria de \u20ac168,8 milh\u00f5es at\u00e9 2029 para consolidar seu hub Antilhas\u2013Guiana, expandir a log\u00edstica multimodal e refor\u00e7ar a resili\u00eancia clim\u00e1tica.","breadcrumb":{"@id":"https:\/\/www.latitude-15.com\/pt-br\/recalibracao-estrategica-martinica-define-curso-portuario-de-e1688-milhoes-ate-2029\/#breadcrumb"},"inLanguage":"pt-BR","potentialAction":[{"@type":"ReadAction","target":["https:\/\/www.latitude-15.com\/pt-br\/recalibracao-estrategica-martinica-define-curso-portuario-de-e1688-milhoes-ate-2029\/"]}]},{"@type":"ImageObject","inLanguage":"pt-BR","@id":"https:\/\/www.latitude-15.com\/pt-br\/recalibracao-estrategica-martinica-define-curso-portuario-de-e1688-milhoes-ate-2029\/#primaryimage","url":"https:\/\/www.latitude-15.com\/wp-content\/uploads\/2026\/02\/hydrobase-scaled.jpg","contentUrl":"https:\/\/www.latitude-15.com\/wp-content\/uploads\/2026\/02\/hydrobase-scaled.jpg","width":2560,"height":1316,"caption":"L\u2019Hydrobase, Eastern Section - (c)Grand Port Maritime de la Martinique"},{"@type":"BreadcrumbList","@id":"https:\/\/www.latitude-15.com\/pt-br\/recalibracao-estrategica-martinica-define-curso-portuario-de-e1688-milhoes-ate-2029\/#breadcrumb","itemListElement":[{"@type":"ListItem","position":1,"name":"Home","item":"https:\/\/www.latitude-15.com\/pt-br\/inicio\/"},{"@type":"ListItem","position":2,"name":"Recalibra\u00e7\u00e3o estrat\u00e9gica: Martinica define curso portu\u00e1rio de \u20ac168,8 milh\u00f5es at\u00e9 2029"}]},{"@type":"WebSite","@id":"https:\/\/www.latitude-15.com\/pt-br\/#website","url":"https:\/\/www.latitude-15.com\/pt-br\/","name":"LATITUDE 15","description":"Aviation and maritime Magazine - Caribbean &amp; Latin America","publisher":{"@id":"https:\/\/www.latitude-15.com\/pt-br\/#organization"},"potentialAction":[{"@type":"SearchAction","target":{"@type":"EntryPoint","urlTemplate":"https:\/\/www.latitude-15.com\/pt-br\/?s={search_term_string}"},"query-input":{"@type":"PropertyValueSpecification","valueRequired":true,"valueName":"search_term_string"}}],"inLanguage":"pt-BR"},{"@type":"Organization","@id":"https:\/\/www.latitude-15.com\/pt-br\/#organization","name":"LATITUDE 15","url":"https:\/\/www.latitude-15.com\/pt-br\/","logo":{"@type":"ImageObject","inLanguage":"pt-BR","@id":"https:\/\/www.latitude-15.com\/pt-br\/#\/schema\/logo\/image\/","url":"https:\/\/www.latitude-15.com\/wp-content\/uploads\/2026\/01\/cropped-logox500px.png","contentUrl":"https:\/\/www.latitude-15.com\/wp-content\/uploads\/2026\/01\/cropped-logox500px.png","width":62,"height":75,"caption":"LATITUDE 15"},"image":{"@id":"https:\/\/www.latitude-15.com\/pt-br\/#\/schema\/logo\/image\/"}},{"@type":"Person","@id":"https:\/\/www.latitude-15.com\/pt-br\/#\/schema\/person\/dac52e7ff44c78317f337da112e37252","name":"Joda J","image":{"@type":"ImageObject","inLanguage":"pt-BR","@id":"https:\/\/www.latitude-15.com\/pt-br\/#\/schema\/person\/image\/","url":"https:\/\/secure.gravatar.com\/avatar\/6b1feae555e15404b76616f92d931d12b25ac58024f14ccb43d9d3c012e4c4cf?s=96&d=mm&r=g","contentUrl":"https:\/\/secure.gravatar.com\/avatar\/6b1feae555e15404b76616f92d931d12b25ac58024f14ccb43d9d3c012e4c4cf?s=96&d=mm&r=g","caption":"Joda J"},"url":"https:\/\/www.latitude-15.com\/pt-br\/author\/joda\/"}]}},"_links":{"self":[{"href":"https:\/\/www.latitude-15.com\/pt-br\/wp-json\/wp\/v2\/posts\/20761","targetHints":{"allow":["GET"]}}],"collection":[{"href":"https:\/\/www.latitude-15.com\/pt-br\/wp-json\/wp\/v2\/posts"}],"about":[{"href":"https:\/\/www.latitude-15.com\/pt-br\/wp-json\/wp\/v2\/types\/post"}],"author":[{"embeddable":true,"href":"https:\/\/www.latitude-15.com\/pt-br\/wp-json\/wp\/v2\/users\/5"}],"replies":[{"embeddable":true,"href":"https:\/\/www.latitude-15.com\/pt-br\/wp-json\/wp\/v2\/comments?post=20761"}],"version-history":[{"count":1,"href":"https:\/\/www.latitude-15.com\/pt-br\/wp-json\/wp\/v2\/posts\/20761\/revisions"}],"predecessor-version":[{"id":20762,"href":"https:\/\/www.latitude-15.com\/pt-br\/wp-json\/wp\/v2\/posts\/20761\/revisions\/20762"}],"wp:featuredmedia":[{"embeddable":true,"href":"https:\/\/www.latitude-15.com\/pt-br\/wp-json\/wp\/v2\/media\/20760"}],"wp:attachment":[{"href":"https:\/\/www.latitude-15.com\/pt-br\/wp-json\/wp\/v2\/media?parent=20761"}],"wp:term":[{"taxonomy":"category","embeddable":true,"href":"https:\/\/www.latitude-15.com\/pt-br\/wp-json\/wp\/v2\/categories?post=20761"},{"taxonomy":"post_tag","embeddable":true,"href":"https:\/\/www.latitude-15.com\/pt-br\/wp-json\/wp\/v2\/tags?post=20761"}],"curies":[{"name":"wp","href":"https:\/\/api.w.org\/{rel}","templated":true}]}}