{"id":20724,"date":"2026-02-17T12:57:01","date_gmt":"2026-02-17T16:57:01","guid":{"rendered":"https:\/\/www.latitude-15.com\/guadalupe-prepara-expansao-de-e150-milhoes-para-fortalecer-seu-hub-aereo-regional\/"},"modified":"2026-02-17T22:46:09","modified_gmt":"2026-02-18T02:46:09","slug":"guadalupe-prepara-expansao-de-e150-milhoes-para-fortalecer-seu-hub-aereo-regional","status":"publish","type":"post","link":"https:\/\/www.latitude-15.com\/pt-br\/guadalupe-prepara-expansao-de-e150-milhoes-para-fortalecer-seu-hub-aereo-regional\/","title":{"rendered":"<br>Guadalupe prepara expans\u00e3o de \u20ac150 milh\u00f5es para fortalecer seu hub a\u00e9reo regional"},"content":{"rendered":"\n<p>O Guadeloupe Maryse Cond\u00e9 International Airport entra em uma nova fase de desenvolvimento de infraestrutura ao se preparar para uma ampla amplia\u00e7\u00e3o de seu terminal principal de passageiros. O projeto, denominado MADAPTE T1, representa um investimento de \u20ac150 milh\u00f5es destinado a aumentar a capacidade, modernizar as opera\u00e7\u00f5es e refor\u00e7ar o papel estrat\u00e9gico do aeroporto na conectividade a\u00e9rea caribenha e transatl\u00e2ntica. <\/p>\n\n<p>A expans\u00e3o ocorre em um momento decisivo. O tr\u00e1fego de passageiros voltou a crescer, alcan\u00e7ando quase 2,2 milh\u00f5es em 2025, confirmando a import\u00e2ncia estrat\u00e9gica de garantir capacidade de infraestrutura suficiente para atender \u00e0 demanda futura. <\/p>\n\n<h2 class=\"wp-block-heading\">Infraestrutura pr\u00f3xima do limite estrutural<\/h2>\n\n<p>O Terminal T1, inaugurado em 1996, foi originalmente projetado para atender volumes significativamente menores do que os previstos atualmente. A capacidade combinada dos Terminais T1 e T2 \u00e9 de aproximadamente 2,5 milh\u00f5es de passageiros por ano, patamar que j\u00e1 representa um limite operacional para o aeroporto. <\/p>\n\n<p>De acordo com o <a href=\"https:\/\/www.calameo.com\/read\/00571391773b2b92c04d4\">press kit 2026 do Guadeloupe Maryse Cond\u00e9 International Airport, <\/a>essa limita\u00e7\u00e3o come\u00e7ou a gerar restri\u00e7\u00f5es operacionais, especialmente nos per\u00edodos de maior movimento. Entre os principais desafios est\u00e3o a satura\u00e7\u00e3o nos controles de seguran\u00e7a, capacidade limitada no sistema de manuseio de bagagens e press\u00e3o nas \u00e1reas de circula\u00e7\u00e3o de passageiros. Sem a amplia\u00e7\u00e3o da infraestrutura, essas restri\u00e7\u00f5es podem comprometer o crescimento futuro do tr\u00e1fego e o desenvolvimento da malha a\u00e9rea.  <\/p>\n\n<h2 class=\"wp-block-heading\">Uma expans\u00e3o de 60% para sustentar o crescimento<br\/><\/h2>\n\n<p>O projeto MADAPTE T1 ampliar\u00e1 a \u00e1rea operacional do terminal em aproximadamente 17.000 metros quadrados, o que representa um aumento de 60% em rela\u00e7\u00e3o \u00e0 infraestrutura existente. Ap\u00f3s a conclus\u00e3o, a capacidade anual de processamento passar\u00e1 de 2,5 milh\u00f5es para 3 milh\u00f5es de passageiros. <\/p>\n\n<p>Esse incremento \u00e9 fundamental para acomodar o crescimento projetado e garantir maior flexibilidade operacional \u00e0s companhias a\u00e9reas. As autoridades aeroportu\u00e1rias indicam que a amplia\u00e7\u00e3o melhorar\u00e1 significativamente a efici\u00eancia no processamento de passageiros, elevar\u00e1 a qualidade do servi\u00e7o e fortalecer\u00e1 o desempenho operacional geral. <\/p>\n\n<p>O projeto inclui a moderniza\u00e7\u00e3o completa das \u00e1reas de atendimento ao passageiro, com atualiza\u00e7\u00e3o dos postos de inspe\u00e7\u00e3o de seguran\u00e7a, amplia\u00e7\u00e3o das instala\u00e7\u00f5es de manuseio de bagagens e implementa\u00e7\u00e3o de novas tecnologias automatizadas. Essas melhorias dever\u00e3o reduzir gargalos, aumentar a confiabilidade operacional e alinhar o aeroporto aos padr\u00f5es internacionais de avia\u00e7\u00e3o em constante evolu\u00e7\u00e3o. <\/p>\n\n<figure class=\"wp-block-image size-large\"><img fetchpriority=\"high\" decoding=\"async\" width=\"1024\" height=\"496\" src=\"https:\/\/www.latitude-15.com\/wp-content\/uploads\/2026\/02\/img6736-1024x496.png\" alt=\"\" class=\"wp-image-20712\" srcset=\"https:\/\/www.latitude-15.com\/wp-content\/uploads\/2026\/02\/img6736-1024x496.png 1024w, https:\/\/www.latitude-15.com\/wp-content\/uploads\/2026\/02\/img6736-300x145.png 300w, https:\/\/www.latitude-15.com\/wp-content\/uploads\/2026\/02\/img6736-768x372.png 768w, https:\/\/www.latitude-15.com\/wp-content\/uploads\/2026\/02\/img6736.png 1281w\" sizes=\"(max-width: 1024px) 100vw, 1024px\" \/><\/figure>\n\n<h2 class=\"wp-block-heading\">Refor\u00e7ando o papel estrat\u00e9gico de Guadalupe na conectividade caribenha<\/h2>\n\n<p>Al\u00e9m dos ganhos operacionais, a expans\u00e3o reflete um objetivo estrat\u00e9gico mais amplo: consolidar a posi\u00e7\u00e3o de Guadalupe como porta de entrada a\u00e9rea estrat\u00e9gica no Caribe. O aeroporto desempenha papel central na conex\u00e3o do Caribe franc\u00eas com a Fran\u00e7a continental, a Am\u00e9rica do Norte e os territ\u00f3rios caribenhos vizinhos. <\/p>\n\n<p>Infraestrutura moderna e com capacidade ampliada \u00e9 fator decisivo para atrair investimentos das companhias a\u00e9reas e apoiar o desenvolvimento de novas rotas. Ao expandir e modernizar seu terminal principal, o aeroporto se posiciona para acomodar o crescimento futuro das empresas a\u00e9reas, fortalecer a conectividade internacional e manter sua competitividade na rede regional de avia\u00e7\u00e3o. <\/p>\n\n<p>A moderniza\u00e7\u00e3o tamb\u00e9m aumentar\u00e1 a resili\u00eancia operacional, permitindo melhor gest\u00e3o dos picos de tr\u00e1fego e oferecendo \u00e0s companhias a capacidade necess\u00e1ria para expandir suas opera\u00e7\u00f5es.<\/p>\n\n<h2 class=\"wp-block-heading\">Impacto econ\u00f4mico relevante para o territ\u00f3rio<\/h2>\n\n<p>O projeto dever\u00e1 gerar benef\u00edcios econ\u00f4micos significativos para Guadalupe. As proje\u00e7\u00f5es do aeroporto indicam que a amplia\u00e7\u00e3o da capacidade para 3 milh\u00f5es de passageiros anuais poder\u00e1 sustentar a cria\u00e7\u00e3o de aproximadamente 6.300 empregos adicionais e contribuir com cerca de \u20ac1,2 bilh\u00e3o para a economia local. <\/p>\n\n<p>Esses impactos abrangem diversos setores, incluindo turismo, log\u00edstica, servi\u00e7os de transporte e hotelaria. A melhoria da infraestrutura aeroportu\u00e1ria \u00e9 elemento essencial para o desenvolvimento econ\u00f4mico regional, ao facilitar mobilidade, com\u00e9rcio e fluxos tur\u00edsticos. <\/p>\n\n<h2 class=\"wp-block-heading\">Uma estrat\u00e9gia de desenvolvimento de longo prazo at\u00e9 2031<\/h2>\n\n<p>Segundo as autoridades aeroportu\u00e1rias, o projeto encontra-se em fase avan\u00e7ada de planejamento, com estudos t\u00e9cnicos e procedimentos regulat\u00f3rios em andamento. O in\u00edcio das obras est\u00e1 previsto para o final de 2027, com a primeira fase entrando em opera\u00e7\u00e3o at\u00e9 o final de 2029. A conclus\u00e3o total est\u00e1 planejada para ocorrer entre 2030 e 2031.  <\/p>\n\n<p>Essa abordagem faseada integra uma estrat\u00e9gia de infraestrutura de longo prazo, destinada a alinhar a capacidade aeroportu\u00e1ria ao crescimento projetado do tr\u00e1fego, garantindo ao mesmo tempo a continuidade operacional durante as obras.<\/p>\n\n<h2 class=\"wp-block-heading\">Preparando o gateway a\u00e9reo de Guadalupe para a demanda futura<\/h2>\n\n<p>O projeto MADAPTE T1 representa um marco relevante no desenvolvimento do Guadeloupe Maryse Cond\u00e9 International Airport. Ao ampliar sua capacidade, modernizar sua infraestrutura e melhorar a efici\u00eancia operacional, o aeroporto se prepara para atender \u00e0s demandas crescentes de companhias a\u00e9reas e passageiros. <\/p>\n\n<p>\u00c0 medida que o tr\u00e1fego a\u00e9reo regional e internacional continua a se recuperar e expandir, a prontid\u00e3o da infraestrutura ser\u00e1 determinante para manter a competitividade. Com esse investimento, Guadalupe fortalece seu gateway a\u00e9reo e se posiciona para sustentar sua conectividade futura de forma consistente. <\/p>\n","protected":false},"excerpt":{"rendered":"<p>O Guadeloupe Maryse Cond\u00e9 International Airport entra em uma nova fase de desenvolvimento de infraestrutura ao se preparar para uma ampla amplia\u00e7\u00e3o de seu terminal principal de passageiros. O projeto, denominado MADAPTE T1, representa um investimento de \u20ac150 milh\u00f5es destinado a aumentar a capacidade, modernizar as opera\u00e7\u00f5es e refor\u00e7ar o papel estrat\u00e9gico do aeroporto na [&hellip;]<\/p>\n","protected":false},"author":5,"featured_media":20723,"comment_status":"open","ping_status":"open","sticky":false,"template":"","format":"standard","meta":{"footnotes":""},"categories":[104,98],"tags":[],"class_list":["post-20724","post","type-post","status-publish","format-standard","has-post-thumbnail","hentry","category-aeroportos-e-infraestrutura","category-aviacao"],"yoast_head":"<!-- This site is optimized with the Yoast SEO plugin v26.9 - https:\/\/yoast.com\/product\/yoast-seo-wordpress\/ -->\n<title>Guadalupe prepara expans\u00e3o de \u20ac150 milh\u00f5es para fortalecer seu hub a\u00e9reo regional - LATITUDE 15<\/title>\n<meta name=\"robots\" content=\"index, follow, max-snippet:-1, max-image-preview:large, max-video-preview:-1\" \/>\n<link rel=\"canonical\" href=\"https:\/\/www.latitude-15.com\/pt-br\/guadalupe-prepara-expansao-de-e150-milhoes-para-fortalecer-seu-hub-aereo-regional\/\" \/>\n<meta property=\"og:locale\" content=\"pt_BR\" \/>\n<meta property=\"og:type\" content=\"article\" \/>\n<meta property=\"og:title\" content=\"Guadalupe prepara expans\u00e3o de \u20ac150 milh\u00f5es para fortalecer seu hub a\u00e9reo regional - LATITUDE 15\" \/>\n<meta property=\"og:description\" content=\"O Guadeloupe Maryse Cond\u00e9 International Airport entra em uma nova fase de desenvolvimento de infraestrutura ao se preparar para uma ampla amplia\u00e7\u00e3o de seu terminal principal de passageiros. O projeto, denominado MADAPTE T1, representa um investimento de \u20ac150 milh\u00f5es destinado a aumentar a capacidade, modernizar as opera\u00e7\u00f5es e refor\u00e7ar o papel estrat\u00e9gico do aeroporto na [&hellip;]\" \/>\n<meta property=\"og:url\" content=\"https:\/\/www.latitude-15.com\/pt-br\/guadalupe-prepara-expansao-de-e150-milhoes-para-fortalecer-seu-hub-aereo-regional\/\" \/>\n<meta property=\"og:site_name\" content=\"LATITUDE 15\" \/>\n<meta property=\"article:published_time\" content=\"2026-02-17T16:57:01+00:00\" \/>\n<meta property=\"article:modified_time\" content=\"2026-02-18T02:46:09+00:00\" \/>\n<meta property=\"og:image\" content=\"https:\/\/www.latitude-15.com\/wp-content\/uploads\/2026\/02\/img724628-1.png\" \/>\n\t<meta property=\"og:image:width\" content=\"1001\" \/>\n\t<meta property=\"og:image:height\" content=\"787\" \/>\n\t<meta property=\"og:image:type\" content=\"image\/png\" \/>\n<meta name=\"author\" content=\"Joda J\" \/>\n<meta name=\"twitter:card\" content=\"summary_large_image\" \/>\n<meta name=\"twitter:label1\" content=\"Escrito por\" \/>\n\t<meta name=\"twitter:data1\" content=\"Joda J\" \/>\n\t<meta name=\"twitter:label2\" content=\"Est. tempo de leitura\" \/>\n\t<meta name=\"twitter:data2\" content=\"4 minutos\" \/>\n<script type=\"application\/ld+json\" class=\"yoast-schema-graph\">{\"@context\":\"https:\/\/schema.org\",\"@graph\":[{\"@type\":\"Article\",\"@id\":\"https:\/\/www.latitude-15.com\/pt-br\/guadalupe-prepara-expansao-de-e150-milhoes-para-fortalecer-seu-hub-aereo-regional\/#article\",\"isPartOf\":{\"@id\":\"https:\/\/www.latitude-15.com\/pt-br\/guadalupe-prepara-expansao-de-e150-milhoes-para-fortalecer-seu-hub-aereo-regional\/\"},\"author\":{\"name\":\"Joda J\",\"@id\":\"https:\/\/www.latitude-15.com\/pt-br\/#\/schema\/person\/dac52e7ff44c78317f337da112e37252\"},\"headline\":\"Guadalupe prepara expans\u00e3o de \u20ac150 milh\u00f5es para fortalecer seu hub a\u00e9reo regional\",\"datePublished\":\"2026-02-17T16:57:01+00:00\",\"dateModified\":\"2026-02-18T02:46:09+00:00\",\"mainEntityOfPage\":{\"@id\":\"https:\/\/www.latitude-15.com\/pt-br\/guadalupe-prepara-expansao-de-e150-milhoes-para-fortalecer-seu-hub-aereo-regional\/\"},\"wordCount\":873,\"commentCount\":0,\"publisher\":{\"@id\":\"https:\/\/www.latitude-15.com\/pt-br\/#organization\"},\"image\":{\"@id\":\"https:\/\/www.latitude-15.com\/pt-br\/guadalupe-prepara-expansao-de-e150-milhoes-para-fortalecer-seu-hub-aereo-regional\/#primaryimage\"},\"thumbnailUrl\":\"https:\/\/www.latitude-15.com\/wp-content\/uploads\/2026\/02\/img724628-1.png\",\"articleSection\":[\"Aeroportos e infraestrutura\",\"AVIA\u00c7\u00c3O\"],\"inLanguage\":\"pt-BR\",\"potentialAction\":[{\"@type\":\"CommentAction\",\"name\":\"Comment\",\"target\":[\"https:\/\/www.latitude-15.com\/pt-br\/guadalupe-prepara-expansao-de-e150-milhoes-para-fortalecer-seu-hub-aereo-regional\/#respond\"]}]},{\"@type\":\"WebPage\",\"@id\":\"https:\/\/www.latitude-15.com\/pt-br\/guadalupe-prepara-expansao-de-e150-milhoes-para-fortalecer-seu-hub-aereo-regional\/\",\"url\":\"https:\/\/www.latitude-15.com\/pt-br\/guadalupe-prepara-expansao-de-e150-milhoes-para-fortalecer-seu-hub-aereo-regional\/\",\"name\":\"Guadalupe prepara expans\u00e3o de \u20ac150 milh\u00f5es para fortalecer seu hub a\u00e9reo regional - LATITUDE 15\",\"isPartOf\":{\"@id\":\"https:\/\/www.latitude-15.com\/pt-br\/#website\"},\"primaryImageOfPage\":{\"@id\":\"https:\/\/www.latitude-15.com\/pt-br\/guadalupe-prepara-expansao-de-e150-milhoes-para-fortalecer-seu-hub-aereo-regional\/#primaryimage\"},\"image\":{\"@id\":\"https:\/\/www.latitude-15.com\/pt-br\/guadalupe-prepara-expansao-de-e150-milhoes-para-fortalecer-seu-hub-aereo-regional\/#primaryimage\"},\"thumbnailUrl\":\"https:\/\/www.latitude-15.com\/wp-content\/uploads\/2026\/02\/img724628-1.png\",\"datePublished\":\"2026-02-17T16:57:01+00:00\",\"dateModified\":\"2026-02-18T02:46:09+00:00\",\"breadcrumb\":{\"@id\":\"https:\/\/www.latitude-15.com\/pt-br\/guadalupe-prepara-expansao-de-e150-milhoes-para-fortalecer-seu-hub-aereo-regional\/#breadcrumb\"},\"inLanguage\":\"pt-BR\",\"potentialAction\":[{\"@type\":\"ReadAction\",\"target\":[\"https:\/\/www.latitude-15.com\/pt-br\/guadalupe-prepara-expansao-de-e150-milhoes-para-fortalecer-seu-hub-aereo-regional\/\"]}]},{\"@type\":\"ImageObject\",\"inLanguage\":\"pt-BR\",\"@id\":\"https:\/\/www.latitude-15.com\/pt-br\/guadalupe-prepara-expansao-de-e150-milhoes-para-fortalecer-seu-hub-aereo-regional\/#primaryimage\",\"url\":\"https:\/\/www.latitude-15.com\/wp-content\/uploads\/2026\/02\/img724628-1.png\",\"contentUrl\":\"https:\/\/www.latitude-15.com\/wp-content\/uploads\/2026\/02\/img724628-1.png\",\"width\":1001,\"height\":787,\"caption\":\"(c)Guadeloupe Maryse Cond\u00e9 International Airport\"},{\"@type\":\"BreadcrumbList\",\"@id\":\"https:\/\/www.latitude-15.com\/pt-br\/guadalupe-prepara-expansao-de-e150-milhoes-para-fortalecer-seu-hub-aereo-regional\/#breadcrumb\",\"itemListElement\":[{\"@type\":\"ListItem\",\"position\":1,\"name\":\"Home\",\"item\":\"https:\/\/www.latitude-15.com\/pt-br\/inicio\/\"},{\"@type\":\"ListItem\",\"position\":2,\"name\":\"Guadalupe prepara expans\u00e3o de \u20ac150 milh\u00f5es para fortalecer seu hub a\u00e9reo regional\"}]},{\"@type\":\"WebSite\",\"@id\":\"https:\/\/www.latitude-15.com\/pt-br\/#website\",\"url\":\"https:\/\/www.latitude-15.com\/pt-br\/\",\"name\":\"LATITUDE 15\",\"description\":\"Aviation and maritime Magazine - Caribbean &amp; Latin America\",\"publisher\":{\"@id\":\"https:\/\/www.latitude-15.com\/pt-br\/#organization\"},\"potentialAction\":[{\"@type\":\"SearchAction\",\"target\":{\"@type\":\"EntryPoint\",\"urlTemplate\":\"https:\/\/www.latitude-15.com\/pt-br\/?s={search_term_string}\"},\"query-input\":{\"@type\":\"PropertyValueSpecification\",\"valueRequired\":true,\"valueName\":\"search_term_string\"}}],\"inLanguage\":\"pt-BR\"},{\"@type\":\"Organization\",\"@id\":\"https:\/\/www.latitude-15.com\/pt-br\/#organization\",\"name\":\"LATITUDE 15\",\"url\":\"https:\/\/www.latitude-15.com\/pt-br\/\",\"logo\":{\"@type\":\"ImageObject\",\"inLanguage\":\"pt-BR\",\"@id\":\"https:\/\/www.latitude-15.com\/pt-br\/#\/schema\/logo\/image\/\",\"url\":\"https:\/\/www.latitude-15.com\/wp-content\/uploads\/2026\/01\/cropped-logox500px.png\",\"contentUrl\":\"https:\/\/www.latitude-15.com\/wp-content\/uploads\/2026\/01\/cropped-logox500px.png\",\"width\":62,\"height\":75,\"caption\":\"LATITUDE 15\"},\"image\":{\"@id\":\"https:\/\/www.latitude-15.com\/pt-br\/#\/schema\/logo\/image\/\"}},{\"@type\":\"Person\",\"@id\":\"https:\/\/www.latitude-15.com\/pt-br\/#\/schema\/person\/dac52e7ff44c78317f337da112e37252\",\"name\":\"Joda J\",\"image\":{\"@type\":\"ImageObject\",\"inLanguage\":\"pt-BR\",\"@id\":\"https:\/\/www.latitude-15.com\/pt-br\/#\/schema\/person\/image\/\",\"url\":\"https:\/\/secure.gravatar.com\/avatar\/6b1feae555e15404b76616f92d931d12b25ac58024f14ccb43d9d3c012e4c4cf?s=96&d=mm&r=g\",\"contentUrl\":\"https:\/\/secure.gravatar.com\/avatar\/6b1feae555e15404b76616f92d931d12b25ac58024f14ccb43d9d3c012e4c4cf?s=96&d=mm&r=g\",\"caption\":\"Joda J\"},\"url\":\"https:\/\/www.latitude-15.com\/pt-br\/author\/joda\/\"}]}<\/script>\n<!-- \/ Yoast SEO plugin. -->","yoast_head_json":{"title":"Guadalupe prepara expans\u00e3o de \u20ac150 milh\u00f5es para fortalecer seu hub a\u00e9reo regional - LATITUDE 15","robots":{"index":"index","follow":"follow","max-snippet":"max-snippet:-1","max-image-preview":"max-image-preview:large","max-video-preview":"max-video-preview:-1"},"canonical":"https:\/\/www.latitude-15.com\/pt-br\/guadalupe-prepara-expansao-de-e150-milhoes-para-fortalecer-seu-hub-aereo-regional\/","og_locale":"pt_BR","og_type":"article","og_title":"Guadalupe prepara expans\u00e3o de \u20ac150 milh\u00f5es para fortalecer seu hub a\u00e9reo regional - LATITUDE 15","og_description":"O Guadeloupe Maryse Cond\u00e9 International Airport entra em uma nova fase de desenvolvimento de infraestrutura ao se preparar para uma ampla amplia\u00e7\u00e3o de seu terminal principal de passageiros. O projeto, denominado MADAPTE T1, representa um investimento de \u20ac150 milh\u00f5es destinado a aumentar a capacidade, modernizar as opera\u00e7\u00f5es e refor\u00e7ar o papel estrat\u00e9gico do aeroporto na [&hellip;]","og_url":"https:\/\/www.latitude-15.com\/pt-br\/guadalupe-prepara-expansao-de-e150-milhoes-para-fortalecer-seu-hub-aereo-regional\/","og_site_name":"LATITUDE 15","article_published_time":"2026-02-17T16:57:01+00:00","article_modified_time":"2026-02-18T02:46:09+00:00","og_image":[{"width":1001,"height":787,"url":"https:\/\/www.latitude-15.com\/wp-content\/uploads\/2026\/02\/img724628-1.png","type":"image\/png"}],"author":"Joda J","twitter_card":"summary_large_image","twitter_misc":{"Escrito por":"Joda J","Est. tempo de leitura":"4 minutos"},"schema":{"@context":"https:\/\/schema.org","@graph":[{"@type":"Article","@id":"https:\/\/www.latitude-15.com\/pt-br\/guadalupe-prepara-expansao-de-e150-milhoes-para-fortalecer-seu-hub-aereo-regional\/#article","isPartOf":{"@id":"https:\/\/www.latitude-15.com\/pt-br\/guadalupe-prepara-expansao-de-e150-milhoes-para-fortalecer-seu-hub-aereo-regional\/"},"author":{"name":"Joda J","@id":"https:\/\/www.latitude-15.com\/pt-br\/#\/schema\/person\/dac52e7ff44c78317f337da112e37252"},"headline":"Guadalupe prepara expans\u00e3o de \u20ac150 milh\u00f5es para fortalecer seu hub a\u00e9reo regional","datePublished":"2026-02-17T16:57:01+00:00","dateModified":"2026-02-18T02:46:09+00:00","mainEntityOfPage":{"@id":"https:\/\/www.latitude-15.com\/pt-br\/guadalupe-prepara-expansao-de-e150-milhoes-para-fortalecer-seu-hub-aereo-regional\/"},"wordCount":873,"commentCount":0,"publisher":{"@id":"https:\/\/www.latitude-15.com\/pt-br\/#organization"},"image":{"@id":"https:\/\/www.latitude-15.com\/pt-br\/guadalupe-prepara-expansao-de-e150-milhoes-para-fortalecer-seu-hub-aereo-regional\/#primaryimage"},"thumbnailUrl":"https:\/\/www.latitude-15.com\/wp-content\/uploads\/2026\/02\/img724628-1.png","articleSection":["Aeroportos e infraestrutura","AVIA\u00c7\u00c3O"],"inLanguage":"pt-BR","potentialAction":[{"@type":"CommentAction","name":"Comment","target":["https:\/\/www.latitude-15.com\/pt-br\/guadalupe-prepara-expansao-de-e150-milhoes-para-fortalecer-seu-hub-aereo-regional\/#respond"]}]},{"@type":"WebPage","@id":"https:\/\/www.latitude-15.com\/pt-br\/guadalupe-prepara-expansao-de-e150-milhoes-para-fortalecer-seu-hub-aereo-regional\/","url":"https:\/\/www.latitude-15.com\/pt-br\/guadalupe-prepara-expansao-de-e150-milhoes-para-fortalecer-seu-hub-aereo-regional\/","name":"Guadalupe prepara expans\u00e3o de \u20ac150 milh\u00f5es para fortalecer seu hub a\u00e9reo regional - LATITUDE 15","isPartOf":{"@id":"https:\/\/www.latitude-15.com\/pt-br\/#website"},"primaryImageOfPage":{"@id":"https:\/\/www.latitude-15.com\/pt-br\/guadalupe-prepara-expansao-de-e150-milhoes-para-fortalecer-seu-hub-aereo-regional\/#primaryimage"},"image":{"@id":"https:\/\/www.latitude-15.com\/pt-br\/guadalupe-prepara-expansao-de-e150-milhoes-para-fortalecer-seu-hub-aereo-regional\/#primaryimage"},"thumbnailUrl":"https:\/\/www.latitude-15.com\/wp-content\/uploads\/2026\/02\/img724628-1.png","datePublished":"2026-02-17T16:57:01+00:00","dateModified":"2026-02-18T02:46:09+00:00","breadcrumb":{"@id":"https:\/\/www.latitude-15.com\/pt-br\/guadalupe-prepara-expansao-de-e150-milhoes-para-fortalecer-seu-hub-aereo-regional\/#breadcrumb"},"inLanguage":"pt-BR","potentialAction":[{"@type":"ReadAction","target":["https:\/\/www.latitude-15.com\/pt-br\/guadalupe-prepara-expansao-de-e150-milhoes-para-fortalecer-seu-hub-aereo-regional\/"]}]},{"@type":"ImageObject","inLanguage":"pt-BR","@id":"https:\/\/www.latitude-15.com\/pt-br\/guadalupe-prepara-expansao-de-e150-milhoes-para-fortalecer-seu-hub-aereo-regional\/#primaryimage","url":"https:\/\/www.latitude-15.com\/wp-content\/uploads\/2026\/02\/img724628-1.png","contentUrl":"https:\/\/www.latitude-15.com\/wp-content\/uploads\/2026\/02\/img724628-1.png","width":1001,"height":787,"caption":"(c)Guadeloupe Maryse Cond\u00e9 International Airport"},{"@type":"BreadcrumbList","@id":"https:\/\/www.latitude-15.com\/pt-br\/guadalupe-prepara-expansao-de-e150-milhoes-para-fortalecer-seu-hub-aereo-regional\/#breadcrumb","itemListElement":[{"@type":"ListItem","position":1,"name":"Home","item":"https:\/\/www.latitude-15.com\/pt-br\/inicio\/"},{"@type":"ListItem","position":2,"name":"Guadalupe prepara expans\u00e3o de \u20ac150 milh\u00f5es para fortalecer seu hub a\u00e9reo regional"}]},{"@type":"WebSite","@id":"https:\/\/www.latitude-15.com\/pt-br\/#website","url":"https:\/\/www.latitude-15.com\/pt-br\/","name":"LATITUDE 15","description":"Aviation and maritime Magazine - Caribbean &amp; Latin America","publisher":{"@id":"https:\/\/www.latitude-15.com\/pt-br\/#organization"},"potentialAction":[{"@type":"SearchAction","target":{"@type":"EntryPoint","urlTemplate":"https:\/\/www.latitude-15.com\/pt-br\/?s={search_term_string}"},"query-input":{"@type":"PropertyValueSpecification","valueRequired":true,"valueName":"search_term_string"}}],"inLanguage":"pt-BR"},{"@type":"Organization","@id":"https:\/\/www.latitude-15.com\/pt-br\/#organization","name":"LATITUDE 15","url":"https:\/\/www.latitude-15.com\/pt-br\/","logo":{"@type":"ImageObject","inLanguage":"pt-BR","@id":"https:\/\/www.latitude-15.com\/pt-br\/#\/schema\/logo\/image\/","url":"https:\/\/www.latitude-15.com\/wp-content\/uploads\/2026\/01\/cropped-logox500px.png","contentUrl":"https:\/\/www.latitude-15.com\/wp-content\/uploads\/2026\/01\/cropped-logox500px.png","width":62,"height":75,"caption":"LATITUDE 15"},"image":{"@id":"https:\/\/www.latitude-15.com\/pt-br\/#\/schema\/logo\/image\/"}},{"@type":"Person","@id":"https:\/\/www.latitude-15.com\/pt-br\/#\/schema\/person\/dac52e7ff44c78317f337da112e37252","name":"Joda J","image":{"@type":"ImageObject","inLanguage":"pt-BR","@id":"https:\/\/www.latitude-15.com\/pt-br\/#\/schema\/person\/image\/","url":"https:\/\/secure.gravatar.com\/avatar\/6b1feae555e15404b76616f92d931d12b25ac58024f14ccb43d9d3c012e4c4cf?s=96&d=mm&r=g","contentUrl":"https:\/\/secure.gravatar.com\/avatar\/6b1feae555e15404b76616f92d931d12b25ac58024f14ccb43d9d3c012e4c4cf?s=96&d=mm&r=g","caption":"Joda J"},"url":"https:\/\/www.latitude-15.com\/pt-br\/author\/joda\/"}]}},"_links":{"self":[{"href":"https:\/\/www.latitude-15.com\/pt-br\/wp-json\/wp\/v2\/posts\/20724","targetHints":{"allow":["GET"]}}],"collection":[{"href":"https:\/\/www.latitude-15.com\/pt-br\/wp-json\/wp\/v2\/posts"}],"about":[{"href":"https:\/\/www.latitude-15.com\/pt-br\/wp-json\/wp\/v2\/types\/post"}],"author":[{"embeddable":true,"href":"https:\/\/www.latitude-15.com\/pt-br\/wp-json\/wp\/v2\/users\/5"}],"replies":[{"embeddable":true,"href":"https:\/\/www.latitude-15.com\/pt-br\/wp-json\/wp\/v2\/comments?post=20724"}],"version-history":[{"count":1,"href":"https:\/\/www.latitude-15.com\/pt-br\/wp-json\/wp\/v2\/posts\/20724\/revisions"}],"predecessor-version":[{"id":20725,"href":"https:\/\/www.latitude-15.com\/pt-br\/wp-json\/wp\/v2\/posts\/20724\/revisions\/20725"}],"wp:featuredmedia":[{"embeddable":true,"href":"https:\/\/www.latitude-15.com\/pt-br\/wp-json\/wp\/v2\/media\/20723"}],"wp:attachment":[{"href":"https:\/\/www.latitude-15.com\/pt-br\/wp-json\/wp\/v2\/media?parent=20724"}],"wp:term":[{"taxonomy":"category","embeddable":true,"href":"https:\/\/www.latitude-15.com\/pt-br\/wp-json\/wp\/v2\/categories?post=20724"},{"taxonomy":"post_tag","embeddable":true,"href":"https:\/\/www.latitude-15.com\/pt-br\/wp-json\/wp\/v2\/tags?post=20724"}],"curies":[{"name":"wp","href":"https:\/\/api.w.org\/{rel}","templated":true}]}}