{"id":20674,"date":"2026-02-13T15:11:45","date_gmt":"2026-02-13T19:11:45","guid":{"rendered":"https:\/\/www.latitude-15.com\/trafego-aereo-na-america-latina-e-no-caribe-cresce-5-em-2025-marco-de-recuperacao-ou-ponto-de-inflexao-estrutural\/"},"modified":"2026-02-17T03:05:26","modified_gmt":"2026-02-17T07:05:26","slug":"trafego-aereo-na-america-latina-e-no-caribe-cresce-5-em-2025-marco-de-recuperacao-ou-ponto-de-inflexao-estrutural","status":"publish","type":"post","link":"https:\/\/www.latitude-15.com\/pt-br\/trafego-aereo-na-america-latina-e-no-caribe-cresce-5-em-2025-marco-de-recuperacao-ou-ponto-de-inflexao-estrutural\/","title":{"rendered":"<br>Tr\u00e1fego a\u00e9reo na Am\u00e9rica Latina e no Caribe cresce 5% em 2025: marco de recupera\u00e7\u00e3o ou ponto de inflex\u00e3o estrutural?"},"content":{"rendered":"\n<p>Os dados preliminares de 2025 divulgados pelo Airports Council International Latin America and the Caribbean (ACI-LAC) confirmam que o tr\u00e1fego de passageiros na Am\u00e9rica Latina e no Caribe registrou um aumento de aproximadamente 5% em rela\u00e7\u00e3o a 2024. O n\u00famero indica continuidade. No entanto, para executivos aeroportu\u00e1rios, reguladores e investidores em infraestrutura, a relev\u00e2ncia desse crescimento est\u00e1 menos no percentual em si e mais no que ele revela sobre a trajet\u00f3ria estrutural do setor na regi\u00e3o.  <\/p>\n\n<p>O impacto da pandemia entre 2020 e 2022 redefiniu os fundamentos da avia\u00e7\u00e3o no continente. Mercados dom\u00e9sticos como Brasil, M\u00e9xico e Col\u00f4mbia se recuperaram mais rapidamente, amortecendo o decl\u00ednio sist\u00eamico. Em contraste, v\u00e1rias economias caribenhas \u2014 estruturalmente dependentes do turismo internacional \u2014 permaneceram expostas por mais tempo \u00e0 volatilidade externa. Em 2024, a maioria dos principais mercados j\u00e1 havia recuperado ou ligeiramente superado os n\u00edveis de 2019. O crescimento observado em 2025, portanto, n\u00e3o representa um simples rebote p\u00f3s-crise, mas sim uma fase de consolida\u00e7\u00e3o em um ambiente j\u00e1 estabilizado.     <\/p>\n\n<h2 class=\"wp-block-heading\">Do rebote \u00e0 estabiliza\u00e7\u00e3o<\/h2>\n\n<p>O principal diferencial de 2025 em rela\u00e7\u00e3o aos anos anteriores \u00e9 a normaliza\u00e7\u00e3o dos padr\u00f5es de tr\u00e1fego. As companhias a\u00e9reas j\u00e1 n\u00e3o est\u00e3o apenas restabelecendo rotas suspensas em larga escala; agora est\u00e3o otimizando suas redes. O planejamento de capacidade tornou-se mais disciplinado. Os fatores de ocupa\u00e7\u00e3o se estabilizaram. O ambiente operacional evoluiu de uma fase de reconstru\u00e7\u00e3o emergencial para uma expans\u00e3o mais estruturada e seletiva    <\/p>\n\n<p>Ainda assim, a m\u00e9dia regional esconde assimetrias relevantes.<\/p>\n\n<p>O crescimento n\u00e3o foi uniforme. Nas maiores economias da Am\u00e9rica do Sul, os mercados dom\u00e9sticos continuam sendo o principal motor do volume aeroportu\u00e1rio. No Caribe, os fluxos internacionais permanecem predominantes, com desempenho diretamente ligado \u00e0 demanda originada na Am\u00e9rica do Norte. A resili\u00eancia do turismo emissivo dos Estados Unidos tem sustentado v\u00e1rios mercados insulares, refor\u00e7ando uma depend\u00eancia estrutural de corredores tur\u00edsticos externos.   <\/p>\n\n<p>Ao mesmo tempo, os grandes hubs consolidaram ainda mais seu papel estrat\u00e9gico. Aeroportos como Panam\u00e1, Bogot\u00e1, S\u00e3o Paulo e Canc\u00fan continuam concentrando volumes desproporcionais de tr\u00e1fego, beneficiando-se da racionaliza\u00e7\u00e3o das redes e de sua vantagem geogr\u00e1fica. As companhias a\u00e9reas t\u00eam concentrado capacidade em pontos de conex\u00e3o operacionalmente eficientes, fortalecendo a conectividade e reduzindo a fragmenta\u00e7\u00e3o da malha a\u00e9rea.  <\/p>\n\n<p>As companhias low-cost tamb\u00e9m desempenharam um papel relevante. Sua expans\u00e3o internacional na Am\u00e9rica do Sul e sua presen\u00e7a crescente em partes do Caribe estimularam a demanda al\u00e9m das estruturas tradicionais de rede. Parte do crescimento registrado em 2025 reflete, portanto, a expans\u00e3o estrutural do mercado e n\u00e3o apenas um efeito c\u00edclico de recupera\u00e7\u00e3o.  <\/p>\n\n<h2 class=\"wp-block-heading\">Infraestrutura sob press\u00e3o<\/h2>\n\n<p>O crescimento sustentado do tr\u00e1fego inevitavelmente pressiona a capacidade da infraestrutura. V\u00e1rios hubs principais j\u00e1 operam pr\u00f3ximos aos seus limites durante os per\u00edodos de pico. Programas de expans\u00e3o est\u00e3o em andamento em diversos pa\u00edses, frequentemente sob modelos de concess\u00e3o que proporcionaram relativa estabilidade financeira apesar da volatilidade cambial.  <\/p>\n\n<p>No entanto, o crescimento sem investimentos sincronizados em infraestrutura pode comprometer a qualidade operacional. Satura\u00e7\u00e3o de terminais, congestionamento no lado ar e limita\u00e7\u00f5es no acesso terrestre podem rapidamente restringir novas expans\u00f5es caso o investimento n\u00e3o acompanhe a evolu\u00e7\u00e3o da demanda. <\/p>\n\n<p>No Caribe, as vulnerabilidades v\u00e3o al\u00e9m da capacidade f\u00edsica. A resili\u00eancia energ\u00e9tica, a exposi\u00e7\u00e3o a eventos clim\u00e1ticos extremos e a adapta\u00e7\u00e3o \u00e0s mudan\u00e7as clim\u00e1ticas est\u00e3o cada vez mais incorporadas ao planejamento aeroportu\u00e1rio. Nesse contexto, o crescimento do tr\u00e1fego n\u00e3o pode ser analisado isoladamente dos riscos estruturais.  <\/p>\n\n<h2 class=\"wp-block-heading\">Fragilidades estruturais persistentes<\/h2>\n\n<p>O desempenho da avia\u00e7\u00e3o na regi\u00e3o permanece sens\u00edvel \u00e0s condi\u00e7\u00f5es macroecon\u00f4micas. A volatilidade cambial impacta diretamente a rentabilidade das companhias a\u00e9reas e a sustentabilidade financeira dos contratos de concess\u00e3o. Mudan\u00e7as pol\u00edticas em determinados pa\u00edses podem influenciar a continuidade regulat\u00f3ria. A estabilidade do fornecimento de combust\u00edvel, embora geralmente assegurada em n\u00edvel regional, continua sendo um fator estrutural relevante em determinados mercados insulares.   <\/p>\n\n<p>Esses fatores n\u00e3o anulam o crescimento de 5%, mas condicionam sua sustentabilidade no m\u00e9dio e longo prazo.<\/p>\n\n<h2 class=\"wp-block-heading\">Mudan\u00e7a estrutural ou novo patamar c\u00edclico?<\/h2>\n\n<p>A interpreta\u00e7\u00e3o estrat\u00e9gica dos dados de 2025 depende da perspectiva adotada. O crescimento pode representar a fase final de normaliza\u00e7\u00e3o ap\u00f3s o colapso causado pela pandemia, com a evolu\u00e7\u00e3o futura mais alinhada ao crescimento econ\u00f4mico regional. Tamb\u00e9m pode sinalizar a consolida\u00e7\u00e3o de um mercado a\u00e9reo estruturalmente mais integrado, impulsionado pela concentra\u00e7\u00e3o em hubs e pela expans\u00e3o das companhias low-cost. Alternativamente, pode preceder uma fase de desacelera\u00e7\u00e3o caso o ambiente macroecon\u00f4mico se torne mais restritivo.   <\/p>\n\n<p>Os indicadores atuais sugerem que a Am\u00e9rica Latina e o Caribe est\u00e3o transitando de uma fase de recupera\u00e7\u00e3o para um est\u00e1gio de estabiliza\u00e7\u00e3o. A aus\u00eancia de crescimento de dois d\u00edgitos n\u00e3o deve ser interpretada como estagna\u00e7\u00e3o. Um aumento de 5% em um ambiente normalizado reflete maturidade e consolida\u00e7\u00e3o, e n\u00e3o desacelera\u00e7\u00e3o.  <\/p>\n\n<p>O fator decisivo para o per\u00edodo entre 2026 e 2027 ser\u00e1 o n\u00edvel de investimento. A aloca\u00e7\u00e3o de capital em expans\u00e3o de infraestrutura, digitaliza\u00e7\u00e3o, efici\u00eancia operacional e conformidade com crit\u00e9rios de sustentabilidade determinar\u00e1 se o crescimento evoluir\u00e1 para uma trajet\u00f3ria estrutural s\u00f3lida ou se estabilizar\u00e1 em n\u00edveis moderados. O modelo de financiamento baseado em concess\u00f5es continuar\u00e1 desempenhando um papel central nessa evolu\u00e7\u00e3o.  <\/p>\n\n<p>Os dados de 2025 divulgados pelo ACI-LAC podem n\u00e3o representar um ponto de inflex\u00e3o abrupto. No entanto, indicam claramente que a avia\u00e7\u00e3o na Am\u00e9rica Latina e no Caribe entrou em uma nova fase de expans\u00e3o disciplinada \u2014 caracterizada menos pela volatilidade e mais pela consolida\u00e7\u00e3o estrutural. Para os atores do setor, essa transi\u00e7\u00e3o tem um significado estrat\u00e9gico mais profundo do que o percentual de crescimento isoladamente sugere.  <\/p>\n","protected":false},"excerpt":{"rendered":"<p>Os dados preliminares de 2025 divulgados pelo Airports Council International Latin America and the Caribbean (ACI-LAC) confirmam que o tr\u00e1fego de passageiros na Am\u00e9rica Latina e no Caribe registrou um aumento de aproximadamente 5% em rela\u00e7\u00e3o a 2024. O n\u00famero indica continuidade. No entanto, para executivos aeroportu\u00e1rios, reguladores e investidores em infraestrutura, a relev\u00e2ncia desse [&hellip;]<\/p>\n","protected":false},"author":5,"featured_media":20673,"comment_status":"open","ping_status":"open","sticky":false,"template":"","format":"standard","meta":{"footnotes":""},"categories":[104,98],"tags":[],"class_list":["post-20674","post","type-post","status-publish","format-standard","has-post-thumbnail","hentry","category-aeroportos-e-infraestrutura","category-aviacao"],"yoast_head":"<!-- This site is optimized with the Yoast SEO plugin v26.9 - https:\/\/yoast.com\/product\/yoast-seo-wordpress\/ -->\n<title>Tr\u00e1fego a\u00e9reo na Am\u00e9rica Latina e no Caribe cresce 5% em 2025: marco de recupera\u00e7\u00e3o ou ponto de inflex\u00e3o estrutural? - LATITUDE 15<\/title>\n<meta name=\"robots\" content=\"index, follow, max-snippet:-1, max-image-preview:large, max-video-preview:-1\" \/>\n<link rel=\"canonical\" href=\"https:\/\/www.latitude-15.com\/pt-br\/trafego-aereo-na-america-latina-e-no-caribe-cresce-5-em-2025-marco-de-recuperacao-ou-ponto-de-inflexao-estrutural\/\" \/>\n<meta property=\"og:locale\" content=\"pt_BR\" \/>\n<meta property=\"og:type\" content=\"article\" \/>\n<meta property=\"og:title\" content=\"Tr\u00e1fego a\u00e9reo na Am\u00e9rica Latina e no Caribe cresce 5% em 2025: marco de recupera\u00e7\u00e3o ou ponto de inflex\u00e3o estrutural? - LATITUDE 15\" \/>\n<meta property=\"og:description\" content=\"Os dados preliminares de 2025 divulgados pelo Airports Council International Latin America and the Caribbean (ACI-LAC) confirmam que o tr\u00e1fego de passageiros na Am\u00e9rica Latina e no Caribe registrou um aumento de aproximadamente 5% em rela\u00e7\u00e3o a 2024. O n\u00famero indica continuidade. No entanto, para executivos aeroportu\u00e1rios, reguladores e investidores em infraestrutura, a relev\u00e2ncia desse [&hellip;]\" \/>\n<meta property=\"og:url\" content=\"https:\/\/www.latitude-15.com\/pt-br\/trafego-aereo-na-america-latina-e-no-caribe-cresce-5-em-2025-marco-de-recuperacao-ou-ponto-de-inflexao-estrutural\/\" \/>\n<meta property=\"og:site_name\" content=\"LATITUDE 15\" \/>\n<meta property=\"article:published_time\" content=\"2026-02-13T19:11:45+00:00\" \/>\n<meta property=\"article:modified_time\" content=\"2026-02-17T07:05:26+00:00\" \/>\n<meta property=\"og:image\" content=\"https:\/\/www.latitude-15.com\/wp-content\/uploads\/2026\/02\/409.jpg\" \/>\n\t<meta property=\"og:image:width\" content=\"1000\" \/>\n\t<meta property=\"og:image:height\" content=\"667\" \/>\n\t<meta property=\"og:image:type\" content=\"image\/jpeg\" \/>\n<meta name=\"author\" content=\"Joda J\" \/>\n<meta name=\"twitter:card\" content=\"summary_large_image\" \/>\n<meta name=\"twitter:label1\" content=\"Escrito por\" \/>\n\t<meta name=\"twitter:data1\" content=\"Joda J\" \/>\n\t<meta name=\"twitter:label2\" content=\"Est. tempo de leitura\" \/>\n\t<meta name=\"twitter:data2\" content=\"5 minutos\" \/>\n<script type=\"application\/ld+json\" class=\"yoast-schema-graph\">{\"@context\":\"https:\/\/schema.org\",\"@graph\":[{\"@type\":\"Article\",\"@id\":\"https:\/\/www.latitude-15.com\/pt-br\/trafego-aereo-na-america-latina-e-no-caribe-cresce-5-em-2025-marco-de-recuperacao-ou-ponto-de-inflexao-estrutural\/#article\",\"isPartOf\":{\"@id\":\"https:\/\/www.latitude-15.com\/pt-br\/trafego-aereo-na-america-latina-e-no-caribe-cresce-5-em-2025-marco-de-recuperacao-ou-ponto-de-inflexao-estrutural\/\"},\"author\":{\"name\":\"Joda J\",\"@id\":\"https:\/\/www.latitude-15.com\/pt-br\/#\/schema\/person\/dac52e7ff44c78317f337da112e37252\"},\"headline\":\"Tr\u00e1fego a\u00e9reo na Am\u00e9rica Latina e no Caribe cresce 5% em 2025: marco de recupera\u00e7\u00e3o ou ponto de inflex\u00e3o estrutural?\",\"datePublished\":\"2026-02-13T19:11:45+00:00\",\"dateModified\":\"2026-02-17T07:05:26+00:00\",\"mainEntityOfPage\":{\"@id\":\"https:\/\/www.latitude-15.com\/pt-br\/trafego-aereo-na-america-latina-e-no-caribe-cresce-5-em-2025-marco-de-recuperacao-ou-ponto-de-inflexao-estrutural\/\"},\"wordCount\":1046,\"commentCount\":0,\"publisher\":{\"@id\":\"https:\/\/www.latitude-15.com\/pt-br\/#organization\"},\"image\":{\"@id\":\"https:\/\/www.latitude-15.com\/pt-br\/trafego-aereo-na-america-latina-e-no-caribe-cresce-5-em-2025-marco-de-recuperacao-ou-ponto-de-inflexao-estrutural\/#primaryimage\"},\"thumbnailUrl\":\"https:\/\/www.latitude-15.com\/wp-content\/uploads\/2026\/02\/409.jpg\",\"articleSection\":[\"Aeroportos e infraestrutura\",\"AVIA\u00c7\u00c3O\"],\"inLanguage\":\"pt-BR\",\"potentialAction\":[{\"@type\":\"CommentAction\",\"name\":\"Comment\",\"target\":[\"https:\/\/www.latitude-15.com\/pt-br\/trafego-aereo-na-america-latina-e-no-caribe-cresce-5-em-2025-marco-de-recuperacao-ou-ponto-de-inflexao-estrutural\/#respond\"]}]},{\"@type\":\"WebPage\",\"@id\":\"https:\/\/www.latitude-15.com\/pt-br\/trafego-aereo-na-america-latina-e-no-caribe-cresce-5-em-2025-marco-de-recuperacao-ou-ponto-de-inflexao-estrutural\/\",\"url\":\"https:\/\/www.latitude-15.com\/pt-br\/trafego-aereo-na-america-latina-e-no-caribe-cresce-5-em-2025-marco-de-recuperacao-ou-ponto-de-inflexao-estrutural\/\",\"name\":\"Tr\u00e1fego a\u00e9reo na Am\u00e9rica Latina e no Caribe cresce 5% em 2025: marco de recupera\u00e7\u00e3o ou ponto de inflex\u00e3o estrutural? - LATITUDE 15\",\"isPartOf\":{\"@id\":\"https:\/\/www.latitude-15.com\/pt-br\/#website\"},\"primaryImageOfPage\":{\"@id\":\"https:\/\/www.latitude-15.com\/pt-br\/trafego-aereo-na-america-latina-e-no-caribe-cresce-5-em-2025-marco-de-recuperacao-ou-ponto-de-inflexao-estrutural\/#primaryimage\"},\"image\":{\"@id\":\"https:\/\/www.latitude-15.com\/pt-br\/trafego-aereo-na-america-latina-e-no-caribe-cresce-5-em-2025-marco-de-recuperacao-ou-ponto-de-inflexao-estrutural\/#primaryimage\"},\"thumbnailUrl\":\"https:\/\/www.latitude-15.com\/wp-content\/uploads\/2026\/02\/409.jpg\",\"datePublished\":\"2026-02-13T19:11:45+00:00\",\"dateModified\":\"2026-02-17T07:05:26+00:00\",\"breadcrumb\":{\"@id\":\"https:\/\/www.latitude-15.com\/pt-br\/trafego-aereo-na-america-latina-e-no-caribe-cresce-5-em-2025-marco-de-recuperacao-ou-ponto-de-inflexao-estrutural\/#breadcrumb\"},\"inLanguage\":\"pt-BR\",\"potentialAction\":[{\"@type\":\"ReadAction\",\"target\":[\"https:\/\/www.latitude-15.com\/pt-br\/trafego-aereo-na-america-latina-e-no-caribe-cresce-5-em-2025-marco-de-recuperacao-ou-ponto-de-inflexao-estrutural\/\"]}]},{\"@type\":\"ImageObject\",\"inLanguage\":\"pt-BR\",\"@id\":\"https:\/\/www.latitude-15.com\/pt-br\/trafego-aereo-na-america-latina-e-no-caribe-cresce-5-em-2025-marco-de-recuperacao-ou-ponto-de-inflexao-estrutural\/#primaryimage\",\"url\":\"https:\/\/www.latitude-15.com\/wp-content\/uploads\/2026\/02\/409.jpg\",\"contentUrl\":\"https:\/\/www.latitude-15.com\/wp-content\/uploads\/2026\/02\/409.jpg\",\"width\":1000,\"height\":667},{\"@type\":\"BreadcrumbList\",\"@id\":\"https:\/\/www.latitude-15.com\/pt-br\/trafego-aereo-na-america-latina-e-no-caribe-cresce-5-em-2025-marco-de-recuperacao-ou-ponto-de-inflexao-estrutural\/#breadcrumb\",\"itemListElement\":[{\"@type\":\"ListItem\",\"position\":1,\"name\":\"Home\",\"item\":\"https:\/\/www.latitude-15.com\/pt-br\/inicio\/\"},{\"@type\":\"ListItem\",\"position\":2,\"name\":\"Tr\u00e1fego a\u00e9reo na Am\u00e9rica Latina e no Caribe cresce 5% em 2025: marco de recupera\u00e7\u00e3o ou ponto de inflex\u00e3o estrutural?\"}]},{\"@type\":\"WebSite\",\"@id\":\"https:\/\/www.latitude-15.com\/pt-br\/#website\",\"url\":\"https:\/\/www.latitude-15.com\/pt-br\/\",\"name\":\"LATITUDE 15\",\"description\":\"Aviation and maritime Magazine - Caribbean &amp; Latin America\",\"publisher\":{\"@id\":\"https:\/\/www.latitude-15.com\/pt-br\/#organization\"},\"potentialAction\":[{\"@type\":\"SearchAction\",\"target\":{\"@type\":\"EntryPoint\",\"urlTemplate\":\"https:\/\/www.latitude-15.com\/pt-br\/?s={search_term_string}\"},\"query-input\":{\"@type\":\"PropertyValueSpecification\",\"valueRequired\":true,\"valueName\":\"search_term_string\"}}],\"inLanguage\":\"pt-BR\"},{\"@type\":\"Organization\",\"@id\":\"https:\/\/www.latitude-15.com\/pt-br\/#organization\",\"name\":\"LATITUDE 15\",\"url\":\"https:\/\/www.latitude-15.com\/pt-br\/\",\"logo\":{\"@type\":\"ImageObject\",\"inLanguage\":\"pt-BR\",\"@id\":\"https:\/\/www.latitude-15.com\/pt-br\/#\/schema\/logo\/image\/\",\"url\":\"https:\/\/www.latitude-15.com\/wp-content\/uploads\/2026\/01\/cropped-logox500px.png\",\"contentUrl\":\"https:\/\/www.latitude-15.com\/wp-content\/uploads\/2026\/01\/cropped-logox500px.png\",\"width\":62,\"height\":75,\"caption\":\"LATITUDE 15\"},\"image\":{\"@id\":\"https:\/\/www.latitude-15.com\/pt-br\/#\/schema\/logo\/image\/\"}},{\"@type\":\"Person\",\"@id\":\"https:\/\/www.latitude-15.com\/pt-br\/#\/schema\/person\/dac52e7ff44c78317f337da112e37252\",\"name\":\"Joda J\",\"image\":{\"@type\":\"ImageObject\",\"inLanguage\":\"pt-BR\",\"@id\":\"https:\/\/www.latitude-15.com\/pt-br\/#\/schema\/person\/image\/\",\"url\":\"https:\/\/secure.gravatar.com\/avatar\/6b1feae555e15404b76616f92d931d12b25ac58024f14ccb43d9d3c012e4c4cf?s=96&d=mm&r=g\",\"contentUrl\":\"https:\/\/secure.gravatar.com\/avatar\/6b1feae555e15404b76616f92d931d12b25ac58024f14ccb43d9d3c012e4c4cf?s=96&d=mm&r=g\",\"caption\":\"Joda J\"},\"url\":\"https:\/\/www.latitude-15.com\/pt-br\/author\/joda\/\"}]}<\/script>\n<!-- \/ Yoast SEO plugin. -->","yoast_head_json":{"title":"Tr\u00e1fego a\u00e9reo na Am\u00e9rica Latina e no Caribe cresce 5% em 2025: marco de recupera\u00e7\u00e3o ou ponto de inflex\u00e3o estrutural? - LATITUDE 15","robots":{"index":"index","follow":"follow","max-snippet":"max-snippet:-1","max-image-preview":"max-image-preview:large","max-video-preview":"max-video-preview:-1"},"canonical":"https:\/\/www.latitude-15.com\/pt-br\/trafego-aereo-na-america-latina-e-no-caribe-cresce-5-em-2025-marco-de-recuperacao-ou-ponto-de-inflexao-estrutural\/","og_locale":"pt_BR","og_type":"article","og_title":"Tr\u00e1fego a\u00e9reo na Am\u00e9rica Latina e no Caribe cresce 5% em 2025: marco de recupera\u00e7\u00e3o ou ponto de inflex\u00e3o estrutural? - LATITUDE 15","og_description":"Os dados preliminares de 2025 divulgados pelo Airports Council International Latin America and the Caribbean (ACI-LAC) confirmam que o tr\u00e1fego de passageiros na Am\u00e9rica Latina e no Caribe registrou um aumento de aproximadamente 5% em rela\u00e7\u00e3o a 2024. O n\u00famero indica continuidade. No entanto, para executivos aeroportu\u00e1rios, reguladores e investidores em infraestrutura, a relev\u00e2ncia desse [&hellip;]","og_url":"https:\/\/www.latitude-15.com\/pt-br\/trafego-aereo-na-america-latina-e-no-caribe-cresce-5-em-2025-marco-de-recuperacao-ou-ponto-de-inflexao-estrutural\/","og_site_name":"LATITUDE 15","article_published_time":"2026-02-13T19:11:45+00:00","article_modified_time":"2026-02-17T07:05:26+00:00","og_image":[{"width":1000,"height":667,"url":"https:\/\/www.latitude-15.com\/wp-content\/uploads\/2026\/02\/409.jpg","type":"image\/jpeg"}],"author":"Joda J","twitter_card":"summary_large_image","twitter_misc":{"Escrito por":"Joda J","Est. tempo de leitura":"5 minutos"},"schema":{"@context":"https:\/\/schema.org","@graph":[{"@type":"Article","@id":"https:\/\/www.latitude-15.com\/pt-br\/trafego-aereo-na-america-latina-e-no-caribe-cresce-5-em-2025-marco-de-recuperacao-ou-ponto-de-inflexao-estrutural\/#article","isPartOf":{"@id":"https:\/\/www.latitude-15.com\/pt-br\/trafego-aereo-na-america-latina-e-no-caribe-cresce-5-em-2025-marco-de-recuperacao-ou-ponto-de-inflexao-estrutural\/"},"author":{"name":"Joda J","@id":"https:\/\/www.latitude-15.com\/pt-br\/#\/schema\/person\/dac52e7ff44c78317f337da112e37252"},"headline":"Tr\u00e1fego a\u00e9reo na Am\u00e9rica Latina e no Caribe cresce 5% em 2025: marco de recupera\u00e7\u00e3o ou ponto de inflex\u00e3o estrutural?","datePublished":"2026-02-13T19:11:45+00:00","dateModified":"2026-02-17T07:05:26+00:00","mainEntityOfPage":{"@id":"https:\/\/www.latitude-15.com\/pt-br\/trafego-aereo-na-america-latina-e-no-caribe-cresce-5-em-2025-marco-de-recuperacao-ou-ponto-de-inflexao-estrutural\/"},"wordCount":1046,"commentCount":0,"publisher":{"@id":"https:\/\/www.latitude-15.com\/pt-br\/#organization"},"image":{"@id":"https:\/\/www.latitude-15.com\/pt-br\/trafego-aereo-na-america-latina-e-no-caribe-cresce-5-em-2025-marco-de-recuperacao-ou-ponto-de-inflexao-estrutural\/#primaryimage"},"thumbnailUrl":"https:\/\/www.latitude-15.com\/wp-content\/uploads\/2026\/02\/409.jpg","articleSection":["Aeroportos e infraestrutura","AVIA\u00c7\u00c3O"],"inLanguage":"pt-BR","potentialAction":[{"@type":"CommentAction","name":"Comment","target":["https:\/\/www.latitude-15.com\/pt-br\/trafego-aereo-na-america-latina-e-no-caribe-cresce-5-em-2025-marco-de-recuperacao-ou-ponto-de-inflexao-estrutural\/#respond"]}]},{"@type":"WebPage","@id":"https:\/\/www.latitude-15.com\/pt-br\/trafego-aereo-na-america-latina-e-no-caribe-cresce-5-em-2025-marco-de-recuperacao-ou-ponto-de-inflexao-estrutural\/","url":"https:\/\/www.latitude-15.com\/pt-br\/trafego-aereo-na-america-latina-e-no-caribe-cresce-5-em-2025-marco-de-recuperacao-ou-ponto-de-inflexao-estrutural\/","name":"Tr\u00e1fego a\u00e9reo na Am\u00e9rica Latina e no Caribe cresce 5% em 2025: marco de recupera\u00e7\u00e3o ou ponto de inflex\u00e3o estrutural? - LATITUDE 15","isPartOf":{"@id":"https:\/\/www.latitude-15.com\/pt-br\/#website"},"primaryImageOfPage":{"@id":"https:\/\/www.latitude-15.com\/pt-br\/trafego-aereo-na-america-latina-e-no-caribe-cresce-5-em-2025-marco-de-recuperacao-ou-ponto-de-inflexao-estrutural\/#primaryimage"},"image":{"@id":"https:\/\/www.latitude-15.com\/pt-br\/trafego-aereo-na-america-latina-e-no-caribe-cresce-5-em-2025-marco-de-recuperacao-ou-ponto-de-inflexao-estrutural\/#primaryimage"},"thumbnailUrl":"https:\/\/www.latitude-15.com\/wp-content\/uploads\/2026\/02\/409.jpg","datePublished":"2026-02-13T19:11:45+00:00","dateModified":"2026-02-17T07:05:26+00:00","breadcrumb":{"@id":"https:\/\/www.latitude-15.com\/pt-br\/trafego-aereo-na-america-latina-e-no-caribe-cresce-5-em-2025-marco-de-recuperacao-ou-ponto-de-inflexao-estrutural\/#breadcrumb"},"inLanguage":"pt-BR","potentialAction":[{"@type":"ReadAction","target":["https:\/\/www.latitude-15.com\/pt-br\/trafego-aereo-na-america-latina-e-no-caribe-cresce-5-em-2025-marco-de-recuperacao-ou-ponto-de-inflexao-estrutural\/"]}]},{"@type":"ImageObject","inLanguage":"pt-BR","@id":"https:\/\/www.latitude-15.com\/pt-br\/trafego-aereo-na-america-latina-e-no-caribe-cresce-5-em-2025-marco-de-recuperacao-ou-ponto-de-inflexao-estrutural\/#primaryimage","url":"https:\/\/www.latitude-15.com\/wp-content\/uploads\/2026\/02\/409.jpg","contentUrl":"https:\/\/www.latitude-15.com\/wp-content\/uploads\/2026\/02\/409.jpg","width":1000,"height":667},{"@type":"BreadcrumbList","@id":"https:\/\/www.latitude-15.com\/pt-br\/trafego-aereo-na-america-latina-e-no-caribe-cresce-5-em-2025-marco-de-recuperacao-ou-ponto-de-inflexao-estrutural\/#breadcrumb","itemListElement":[{"@type":"ListItem","position":1,"name":"Home","item":"https:\/\/www.latitude-15.com\/pt-br\/inicio\/"},{"@type":"ListItem","position":2,"name":"Tr\u00e1fego a\u00e9reo na Am\u00e9rica Latina e no Caribe cresce 5% em 2025: marco de recupera\u00e7\u00e3o ou ponto de inflex\u00e3o estrutural?"}]},{"@type":"WebSite","@id":"https:\/\/www.latitude-15.com\/pt-br\/#website","url":"https:\/\/www.latitude-15.com\/pt-br\/","name":"LATITUDE 15","description":"Aviation and maritime Magazine - Caribbean &amp; Latin America","publisher":{"@id":"https:\/\/www.latitude-15.com\/pt-br\/#organization"},"potentialAction":[{"@type":"SearchAction","target":{"@type":"EntryPoint","urlTemplate":"https:\/\/www.latitude-15.com\/pt-br\/?s={search_term_string}"},"query-input":{"@type":"PropertyValueSpecification","valueRequired":true,"valueName":"search_term_string"}}],"inLanguage":"pt-BR"},{"@type":"Organization","@id":"https:\/\/www.latitude-15.com\/pt-br\/#organization","name":"LATITUDE 15","url":"https:\/\/www.latitude-15.com\/pt-br\/","logo":{"@type":"ImageObject","inLanguage":"pt-BR","@id":"https:\/\/www.latitude-15.com\/pt-br\/#\/schema\/logo\/image\/","url":"https:\/\/www.latitude-15.com\/wp-content\/uploads\/2026\/01\/cropped-logox500px.png","contentUrl":"https:\/\/www.latitude-15.com\/wp-content\/uploads\/2026\/01\/cropped-logox500px.png","width":62,"height":75,"caption":"LATITUDE 15"},"image":{"@id":"https:\/\/www.latitude-15.com\/pt-br\/#\/schema\/logo\/image\/"}},{"@type":"Person","@id":"https:\/\/www.latitude-15.com\/pt-br\/#\/schema\/person\/dac52e7ff44c78317f337da112e37252","name":"Joda J","image":{"@type":"ImageObject","inLanguage":"pt-BR","@id":"https:\/\/www.latitude-15.com\/pt-br\/#\/schema\/person\/image\/","url":"https:\/\/secure.gravatar.com\/avatar\/6b1feae555e15404b76616f92d931d12b25ac58024f14ccb43d9d3c012e4c4cf?s=96&d=mm&r=g","contentUrl":"https:\/\/secure.gravatar.com\/avatar\/6b1feae555e15404b76616f92d931d12b25ac58024f14ccb43d9d3c012e4c4cf?s=96&d=mm&r=g","caption":"Joda J"},"url":"https:\/\/www.latitude-15.com\/pt-br\/author\/joda\/"}]}},"_links":{"self":[{"href":"https:\/\/www.latitude-15.com\/pt-br\/wp-json\/wp\/v2\/posts\/20674","targetHints":{"allow":["GET"]}}],"collection":[{"href":"https:\/\/www.latitude-15.com\/pt-br\/wp-json\/wp\/v2\/posts"}],"about":[{"href":"https:\/\/www.latitude-15.com\/pt-br\/wp-json\/wp\/v2\/types\/post"}],"author":[{"embeddable":true,"href":"https:\/\/www.latitude-15.com\/pt-br\/wp-json\/wp\/v2\/users\/5"}],"replies":[{"embeddable":true,"href":"https:\/\/www.latitude-15.com\/pt-br\/wp-json\/wp\/v2\/comments?post=20674"}],"version-history":[{"count":1,"href":"https:\/\/www.latitude-15.com\/pt-br\/wp-json\/wp\/v2\/posts\/20674\/revisions"}],"predecessor-version":[{"id":20675,"href":"https:\/\/www.latitude-15.com\/pt-br\/wp-json\/wp\/v2\/posts\/20674\/revisions\/20675"}],"wp:featuredmedia":[{"embeddable":true,"href":"https:\/\/www.latitude-15.com\/pt-br\/wp-json\/wp\/v2\/media\/20673"}],"wp:attachment":[{"href":"https:\/\/www.latitude-15.com\/pt-br\/wp-json\/wp\/v2\/media?parent=20674"}],"wp:term":[{"taxonomy":"category","embeddable":true,"href":"https:\/\/www.latitude-15.com\/pt-br\/wp-json\/wp\/v2\/categories?post=20674"},{"taxonomy":"post_tag","embeddable":true,"href":"https:\/\/www.latitude-15.com\/pt-br\/wp-json\/wp\/v2\/tags?post=20674"}],"curies":[{"name":"wp","href":"https:\/\/api.w.org\/{rel}","templated":true}]}}