{"id":20604,"date":"2026-02-10T12:36:15","date_gmt":"2026-02-10T16:36:15","guid":{"rendered":"https:\/\/www.latitude-15.com\/escassez-de-combustivel-de-aviacao-em-cuba-provoca-forte-impacto-nas-operacoes-aereas-do-caribe\/"},"modified":"2026-02-13T08:54:21","modified_gmt":"2026-02-13T12:54:21","slug":"escassez-de-combustivel-de-aviacao-em-cuba-provoca-forte-impacto-nas-operacoes-aereas-do-caribe","status":"publish","type":"post","link":"https:\/\/www.latitude-15.com\/pt-br\/escassez-de-combustivel-de-aviacao-em-cuba-provoca-forte-impacto-nas-operacoes-aereas-do-caribe\/","title":{"rendered":"Escassez de combust\u00edvel de avia\u00e7\u00e3o em Cuba provoca forte impacto nas opera\u00e7\u00f5es a\u00e9reas do Caribe"},"content":{"rendered":"\n<p>No in\u00edcio de fevereiro de 2026, diversos aeroportos cubanos \u2014 incluindo o Aeroporto Internacional Jos\u00e9 Mart\u00ed, em Havana \u2014 ficaram sem combust\u00edvel de avia\u00e7\u00e3o dispon\u00edvel. A situa\u00e7\u00e3o foi formalizada por meio de um NOTAM v\u00e1lido de 10 de fevereiro a 11 de mar\u00e7o de 2026. Na pr\u00e1tica, a aus\u00eancia de Jet-A1 inviabiliza opera\u00e7\u00f5es comerciais regulares para a ilha, desencadeando uma resposta operacional imediata por parte das companhias que atuam no Caribe.  <\/p>\n\n<h2 class=\"wp-block-heading\"><strong>Interrup\u00e7\u00e3o no abastecimento com consequ\u00eancias operacionais imediatas<\/strong><\/h2>\n\n<p>A escassez faz parte de uma crise energ\u00e9tica mais ampla que afeta Cuba h\u00e1 v\u00e1rios meses. A ilha depende quase integralmente da importa\u00e7\u00e3o de derivados de petr\u00f3leo e enfrenta uma combina\u00e7\u00e3o de restri\u00e7\u00f5es log\u00edsticas, financeiras e geopol\u00edticas que limitam severamente o fornecimento. A avia\u00e7\u00e3o, que exige acesso cont\u00ednuo ao Jet-A1, tornou-se um dos setores mais expostos.  <\/p>\n\n<p>Diferentemente de restri\u00e7\u00f5es de slots ou limita\u00e7\u00f5es de espa\u00e7o a\u00e9reo, a falta de combust\u00edvel local representa uma restri\u00e7\u00e3o t\u00e9cnica absoluta. Sem disponibilidade de Jet-A1 no destino, n\u00e3o \u00e9 poss\u00edvel manter rota\u00e7\u00f5es padr\u00e3o. As companhias passam a ter apenas duas alternativas: suspender os voos ou reconfigurar a opera\u00e7\u00e3o por meio de abastecimento adicional no aeroporto de origem ou de escalas t\u00e9cnicas fora do territ\u00f3rio cubano. Ambas as op\u00e7\u00f5es implicam penalidades operacionais significativas.   <\/p>\n\n<h2 class=\"wp-block-heading\"><strong>Companhias for\u00e7adas a decis\u00f5es r\u00e1pidas e onerosas<\/strong><\/h2>\n\n<p>As transportadoras reagiram rapidamente. A Air Canada anunciou a suspens\u00e3o imediata de seus voos para Cuba, afetando milhares de passageiros durante a alta temporada de inverno. Para repatriar clientes j\u00e1 presentes na ilha, a companhia operou voos de reposicionamento sem passageiros no trecho de ida \u2014 uma medida operacional custosa, por\u00e9m inevit\u00e1vel. Outras empresas canadenses, como WestJet, Air Transat e Sunwing, tamb\u00e9m suspenderam suas opera\u00e7\u00f5es para Cuba, em alguns casos at\u00e9 o fim da temporada de inverno, no final de mar\u00e7o ou in\u00edcio de abril. Para esses operadores, Cuba representa tradicionalmente uma parcela relevante do tr\u00e1fego sazonal, com dezenas de milhares de passageiros transportados mensalmente.    <\/p>\n\n<p>As companhias europeias adotaram uma postura mais cautelosa. Empresas como Air Europa e Iberia avaliaram cen\u00e1rios que permitissem manter opera\u00e7\u00f5es limitadas, principalmente por meio da inclus\u00e3o de escalas t\u00e9cnicas para abastecimento fora de Cuba. Embora essa estrat\u00e9gia preserve alguma presen\u00e7a comercial, resulta em voos mais longos, maior consumo de combust\u00edvel e aumento expressivo dos custos operacionais.  <\/p>\n\n<p>Do ponto de vista operacional, a aus\u00eancia de combust\u00edvel local altera substancialmente o planejamento de voo. As aeronaves precisam decolAR com carga adicional de combust\u00edvel, reduzindo a capacidade dispon\u00edvel para passageiros e carga. Escalas t\u00e9cnicas introduzem complexidade adicional, impactando a programa\u00e7\u00e3o de tripula\u00e7\u00f5es, a coordena\u00e7\u00e3o de slots e a confiabilidade da malha. Em uma regi\u00e3o onde as redes s\u00e3o estruturadas em torno de rota\u00e7\u00f5es apertadas e forte sazonalidade, esses ajustes comprometem rapidamente a efici\u00eancia operacional.   <\/p>\n\n<h2 class=\"wp-block-heading\"><strong>Um risco energ\u00e9tico estrutural para as redes do Caribe<\/strong><\/h2>\n\n<p>O impacto econ\u00f4mico vai al\u00e9m dos voos cancelados. As companhias absorvem custos adicionais de combust\u00edvel, taxas extras de pouso e servi\u00e7os em aeroportos intermedi\u00e1rios, al\u00e9m de perturba\u00e7\u00f5es nas rota\u00e7\u00f5es de frota. As perdas de receita com passageiros e carga intensificam a press\u00e3o financeira, especialmente em um per\u00edodo cr\u00edtico para as opera\u00e7\u00f5es caribenhas. Estimativas do setor indicam que centenas de voos foram diretamente afetados pela escassez anunciada, com dezenas de milhares de passageiros impactados ao longo da vig\u00eancia do NOTAM.   <\/p>\n\n<p>Para al\u00e9m da disrup\u00e7\u00e3o imediata, a situa\u00e7\u00e3o evidencia vulnerabilidades estruturais mais profundas. Cuba disp\u00f5e de capacidade limitada de armazenamento e refino, o que torna seu setor de avia\u00e7\u00e3o altamente dependente de fluxos regulares de importa\u00e7\u00e3o. Em um contexto de tens\u00f5es geopol\u00edticas persistentes e restri\u00e7\u00f5es de fornecimento, a resili\u00eancia das opera\u00e7\u00f5es a\u00e9reas permanece fr\u00e1gil. Essa vulnerabilidade n\u00e3o \u00e9 exclusiva de Cuba e reflete desafios mais amplos enfrentados por diversos mercados insulares da regi\u00e3o.   <\/p>\n\n<p>Os efeitos regionais j\u00e1 s\u00e3o vis\u00edveis. Fluxos de passageiros est\u00e3o sendo redirecionados para outros destinos do Caribe, como Rep\u00fablica Dominicana e M\u00e9xico, aumentando a press\u00e3o sobre hubs j\u00e1 fortemente utilizados durante a temporada de inverno. Para as companhias a\u00e9reas, a escassez de combust\u00edvel em Cuba tornou-se um teste pr\u00e1tico, demonstrando como uma disrup\u00e7\u00e3o energ\u00e9tica localizada pode gerar efeitos em cascata sobre estruturas de rede mais amplas.  <\/p>\n\n<hr class=\"wp-block-separator has-alpha-channel-opacity\" \/>\n\n<p>Em \u00faltima an\u00e1lise, a crise refor\u00e7a um risco frequentemente subestimado no planejamento de malha: a disponibilidade de combust\u00edvel n\u00e3o pode ser considerada garantida. No curto prazo, os operadores precisam administrar a disrup\u00e7\u00e3o e mitigar perdas. No m\u00e9dio prazo, o caso cubano evidencia a necessidade de integrar plenamente o risco de abastecimento energ\u00e9tico \u00e0 estrat\u00e9gia de rede, ao lado de restri\u00e7\u00f5es de infraestrutura, considera\u00e7\u00f5es de seguran\u00e7a e desempenho econ\u00f4mico.  <\/p>\n","protected":false},"excerpt":{"rendered":"<p>No in\u00edcio de fevereiro de 2026, diversos aeroportos cubanos \u2014 incluindo o Aeroporto Internacional Jos\u00e9 Mart\u00ed, em Havana \u2014 ficaram sem combust\u00edvel de avia\u00e7\u00e3o dispon\u00edvel. A situa\u00e7\u00e3o foi formalizada por meio de um NOTAM v\u00e1lido de 10 de fevereiro a 11 de mar\u00e7o de 2026. Na pr\u00e1tica, a aus\u00eancia de Jet-A1 inviabiliza opera\u00e7\u00f5es comerciais regulares [&hellip;]<\/p>\n","protected":false},"author":5,"featured_media":20603,"comment_status":"open","ping_status":"open","sticky":false,"template":"","format":"standard","meta":{"footnotes":""},"categories":[98],"tags":[],"class_list":["post-20604","post","type-post","status-publish","format-standard","has-post-thumbnail","hentry","category-aviacao"],"yoast_head":"<!-- This site is optimized with the Yoast SEO plugin v26.9 - https:\/\/yoast.com\/product\/yoast-seo-wordpress\/ -->\n<title>Escassez de combust\u00edvel de avia\u00e7\u00e3o em Cuba provoca forte impacto nas opera\u00e7\u00f5es a\u00e9reas do Caribe - LATITUDE 15<\/title>\n<meta name=\"robots\" content=\"index, follow, max-snippet:-1, max-image-preview:large, max-video-preview:-1\" \/>\n<link rel=\"canonical\" href=\"https:\/\/www.latitude-15.com\/pt-br\/escassez-de-combustivel-de-aviacao-em-cuba-provoca-forte-impacto-nas-operacoes-aereas-do-caribe\/\" \/>\n<meta property=\"og:locale\" content=\"pt_BR\" \/>\n<meta property=\"og:type\" content=\"article\" \/>\n<meta property=\"og:title\" content=\"Escassez de combust\u00edvel de avia\u00e7\u00e3o em Cuba provoca forte impacto nas opera\u00e7\u00f5es a\u00e9reas do Caribe - LATITUDE 15\" \/>\n<meta property=\"og:description\" content=\"No in\u00edcio de fevereiro de 2026, diversos aeroportos cubanos \u2014 incluindo o Aeroporto Internacional Jos\u00e9 Mart\u00ed, em Havana \u2014 ficaram sem combust\u00edvel de avia\u00e7\u00e3o dispon\u00edvel. A situa\u00e7\u00e3o foi formalizada por meio de um NOTAM v\u00e1lido de 10 de fevereiro a 11 de mar\u00e7o de 2026. Na pr\u00e1tica, a aus\u00eancia de Jet-A1 inviabiliza opera\u00e7\u00f5es comerciais regulares [&hellip;]\" \/>\n<meta property=\"og:url\" content=\"https:\/\/www.latitude-15.com\/pt-br\/escassez-de-combustivel-de-aviacao-em-cuba-provoca-forte-impacto-nas-operacoes-aereas-do-caribe\/\" \/>\n<meta property=\"og:site_name\" content=\"LATITUDE 15\" \/>\n<meta property=\"article:published_time\" content=\"2026-02-10T16:36:15+00:00\" \/>\n<meta property=\"article:modified_time\" content=\"2026-02-13T12:54:21+00:00\" \/>\n<meta property=\"og:image\" content=\"https:\/\/www.latitude-15.com\/wp-content\/uploads\/2026\/02\/istockphoto-1302106358-1024x1024-1.jpg\" \/>\n\t<meta property=\"og:image:width\" content=\"1024\" \/>\n\t<meta property=\"og:image:height\" content=\"576\" \/>\n\t<meta property=\"og:image:type\" content=\"image\/jpeg\" \/>\n<meta name=\"author\" content=\"Joda J\" \/>\n<meta name=\"twitter:card\" content=\"summary_large_image\" \/>\n<meta name=\"twitter:label1\" content=\"Escrito por\" \/>\n\t<meta name=\"twitter:data1\" content=\"Joda J\" \/>\n\t<meta name=\"twitter:label2\" content=\"Est. tempo de leitura\" \/>\n\t<meta name=\"twitter:data2\" content=\"4 minutos\" \/>\n<script type=\"application\/ld+json\" class=\"yoast-schema-graph\">{\"@context\":\"https:\/\/schema.org\",\"@graph\":[{\"@type\":\"Article\",\"@id\":\"https:\/\/www.latitude-15.com\/pt-br\/escassez-de-combustivel-de-aviacao-em-cuba-provoca-forte-impacto-nas-operacoes-aereas-do-caribe\/#article\",\"isPartOf\":{\"@id\":\"https:\/\/www.latitude-15.com\/pt-br\/escassez-de-combustivel-de-aviacao-em-cuba-provoca-forte-impacto-nas-operacoes-aereas-do-caribe\/\"},\"author\":{\"name\":\"Joda J\",\"@id\":\"https:\/\/www.latitude-15.com\/pt-br\/#\/schema\/person\/dac52e7ff44c78317f337da112e37252\"},\"headline\":\"Escassez de combust\u00edvel de avia\u00e7\u00e3o em Cuba provoca forte impacto nas opera\u00e7\u00f5es a\u00e9reas do Caribe\",\"datePublished\":\"2026-02-10T16:36:15+00:00\",\"dateModified\":\"2026-02-13T12:54:21+00:00\",\"mainEntityOfPage\":{\"@id\":\"https:\/\/www.latitude-15.com\/pt-br\/escassez-de-combustivel-de-aviacao-em-cuba-provoca-forte-impacto-nas-operacoes-aereas-do-caribe\/\"},\"wordCount\":870,\"commentCount\":0,\"publisher\":{\"@id\":\"https:\/\/www.latitude-15.com\/pt-br\/#organization\"},\"image\":{\"@id\":\"https:\/\/www.latitude-15.com\/pt-br\/escassez-de-combustivel-de-aviacao-em-cuba-provoca-forte-impacto-nas-operacoes-aereas-do-caribe\/#primaryimage\"},\"thumbnailUrl\":\"https:\/\/www.latitude-15.com\/wp-content\/uploads\/2026\/02\/istockphoto-1302106358-1024x1024-1.jpg\",\"articleSection\":[\"AVIA\u00c7\u00c3O\"],\"inLanguage\":\"pt-BR\",\"potentialAction\":[{\"@type\":\"CommentAction\",\"name\":\"Comment\",\"target\":[\"https:\/\/www.latitude-15.com\/pt-br\/escassez-de-combustivel-de-aviacao-em-cuba-provoca-forte-impacto-nas-operacoes-aereas-do-caribe\/#respond\"]}]},{\"@type\":\"WebPage\",\"@id\":\"https:\/\/www.latitude-15.com\/pt-br\/escassez-de-combustivel-de-aviacao-em-cuba-provoca-forte-impacto-nas-operacoes-aereas-do-caribe\/\",\"url\":\"https:\/\/www.latitude-15.com\/pt-br\/escassez-de-combustivel-de-aviacao-em-cuba-provoca-forte-impacto-nas-operacoes-aereas-do-caribe\/\",\"name\":\"Escassez de combust\u00edvel de avia\u00e7\u00e3o em Cuba provoca forte impacto nas opera\u00e7\u00f5es a\u00e9reas do Caribe - LATITUDE 15\",\"isPartOf\":{\"@id\":\"https:\/\/www.latitude-15.com\/pt-br\/#website\"},\"primaryImageOfPage\":{\"@id\":\"https:\/\/www.latitude-15.com\/pt-br\/escassez-de-combustivel-de-aviacao-em-cuba-provoca-forte-impacto-nas-operacoes-aereas-do-caribe\/#primaryimage\"},\"image\":{\"@id\":\"https:\/\/www.latitude-15.com\/pt-br\/escassez-de-combustivel-de-aviacao-em-cuba-provoca-forte-impacto-nas-operacoes-aereas-do-caribe\/#primaryimage\"},\"thumbnailUrl\":\"https:\/\/www.latitude-15.com\/wp-content\/uploads\/2026\/02\/istockphoto-1302106358-1024x1024-1.jpg\",\"datePublished\":\"2026-02-10T16:36:15+00:00\",\"dateModified\":\"2026-02-13T12:54:21+00:00\",\"breadcrumb\":{\"@id\":\"https:\/\/www.latitude-15.com\/pt-br\/escassez-de-combustivel-de-aviacao-em-cuba-provoca-forte-impacto-nas-operacoes-aereas-do-caribe\/#breadcrumb\"},\"inLanguage\":\"pt-BR\",\"potentialAction\":[{\"@type\":\"ReadAction\",\"target\":[\"https:\/\/www.latitude-15.com\/pt-br\/escassez-de-combustivel-de-aviacao-em-cuba-provoca-forte-impacto-nas-operacoes-aereas-do-caribe\/\"]}]},{\"@type\":\"ImageObject\",\"inLanguage\":\"pt-BR\",\"@id\":\"https:\/\/www.latitude-15.com\/pt-br\/escassez-de-combustivel-de-aviacao-em-cuba-provoca-forte-impacto-nas-operacoes-aereas-do-caribe\/#primaryimage\",\"url\":\"https:\/\/www.latitude-15.com\/wp-content\/uploads\/2026\/02\/istockphoto-1302106358-1024x1024-1.jpg\",\"contentUrl\":\"https:\/\/www.latitude-15.com\/wp-content\/uploads\/2026\/02\/istockphoto-1302106358-1024x1024-1.jpg\",\"width\":1024,\"height\":576,\"caption\":\"Ilustra\u00e7\u00e3o em renderiza\u00e7\u00e3o 3D de uma aeronave a jato pousando em Havana, Cuba. Chegada \u00e0 cidade com o terminal de vidro do aeroporto e o reflexo do avi\u00e3o. Conceito de viagem, neg\u00f3cios, turismo e transporte.\"},{\"@type\":\"BreadcrumbList\",\"@id\":\"https:\/\/www.latitude-15.com\/pt-br\/escassez-de-combustivel-de-aviacao-em-cuba-provoca-forte-impacto-nas-operacoes-aereas-do-caribe\/#breadcrumb\",\"itemListElement\":[{\"@type\":\"ListItem\",\"position\":1,\"name\":\"Home\",\"item\":\"https:\/\/www.latitude-15.com\/pt-br\/inicio\/\"},{\"@type\":\"ListItem\",\"position\":2,\"name\":\"Escassez de combust\u00edvel de avia\u00e7\u00e3o em Cuba provoca forte impacto nas opera\u00e7\u00f5es a\u00e9reas do Caribe\"}]},{\"@type\":\"WebSite\",\"@id\":\"https:\/\/www.latitude-15.com\/pt-br\/#website\",\"url\":\"https:\/\/www.latitude-15.com\/pt-br\/\",\"name\":\"LATITUDE 15\",\"description\":\"Aviation and maritime Magazine - Caribbean &amp; Latin America\",\"publisher\":{\"@id\":\"https:\/\/www.latitude-15.com\/pt-br\/#organization\"},\"potentialAction\":[{\"@type\":\"SearchAction\",\"target\":{\"@type\":\"EntryPoint\",\"urlTemplate\":\"https:\/\/www.latitude-15.com\/pt-br\/?s={search_term_string}\"},\"query-input\":{\"@type\":\"PropertyValueSpecification\",\"valueRequired\":true,\"valueName\":\"search_term_string\"}}],\"inLanguage\":\"pt-BR\"},{\"@type\":\"Organization\",\"@id\":\"https:\/\/www.latitude-15.com\/pt-br\/#organization\",\"name\":\"LATITUDE 15\",\"url\":\"https:\/\/www.latitude-15.com\/pt-br\/\",\"logo\":{\"@type\":\"ImageObject\",\"inLanguage\":\"pt-BR\",\"@id\":\"https:\/\/www.latitude-15.com\/pt-br\/#\/schema\/logo\/image\/\",\"url\":\"https:\/\/www.latitude-15.com\/wp-content\/uploads\/2026\/01\/cropped-logox500px.png\",\"contentUrl\":\"https:\/\/www.latitude-15.com\/wp-content\/uploads\/2026\/01\/cropped-logox500px.png\",\"width\":62,\"height\":75,\"caption\":\"LATITUDE 15\"},\"image\":{\"@id\":\"https:\/\/www.latitude-15.com\/pt-br\/#\/schema\/logo\/image\/\"}},{\"@type\":\"Person\",\"@id\":\"https:\/\/www.latitude-15.com\/pt-br\/#\/schema\/person\/dac52e7ff44c78317f337da112e37252\",\"name\":\"Joda J\",\"image\":{\"@type\":\"ImageObject\",\"inLanguage\":\"pt-BR\",\"@id\":\"https:\/\/www.latitude-15.com\/pt-br\/#\/schema\/person\/image\/\",\"url\":\"https:\/\/secure.gravatar.com\/avatar\/6b1feae555e15404b76616f92d931d12b25ac58024f14ccb43d9d3c012e4c4cf?s=96&d=mm&r=g\",\"contentUrl\":\"https:\/\/secure.gravatar.com\/avatar\/6b1feae555e15404b76616f92d931d12b25ac58024f14ccb43d9d3c012e4c4cf?s=96&d=mm&r=g\",\"caption\":\"Joda J\"},\"url\":\"https:\/\/www.latitude-15.com\/pt-br\/author\/joda\/\"}]}<\/script>\n<!-- \/ Yoast SEO plugin. -->","yoast_head_json":{"title":"Escassez de combust\u00edvel de avia\u00e7\u00e3o em Cuba provoca forte impacto nas opera\u00e7\u00f5es a\u00e9reas do Caribe - LATITUDE 15","robots":{"index":"index","follow":"follow","max-snippet":"max-snippet:-1","max-image-preview":"max-image-preview:large","max-video-preview":"max-video-preview:-1"},"canonical":"https:\/\/www.latitude-15.com\/pt-br\/escassez-de-combustivel-de-aviacao-em-cuba-provoca-forte-impacto-nas-operacoes-aereas-do-caribe\/","og_locale":"pt_BR","og_type":"article","og_title":"Escassez de combust\u00edvel de avia\u00e7\u00e3o em Cuba provoca forte impacto nas opera\u00e7\u00f5es a\u00e9reas do Caribe - LATITUDE 15","og_description":"No in\u00edcio de fevereiro de 2026, diversos aeroportos cubanos \u2014 incluindo o Aeroporto Internacional Jos\u00e9 Mart\u00ed, em Havana \u2014 ficaram sem combust\u00edvel de avia\u00e7\u00e3o dispon\u00edvel. A situa\u00e7\u00e3o foi formalizada por meio de um NOTAM v\u00e1lido de 10 de fevereiro a 11 de mar\u00e7o de 2026. Na pr\u00e1tica, a aus\u00eancia de Jet-A1 inviabiliza opera\u00e7\u00f5es comerciais regulares [&hellip;]","og_url":"https:\/\/www.latitude-15.com\/pt-br\/escassez-de-combustivel-de-aviacao-em-cuba-provoca-forte-impacto-nas-operacoes-aereas-do-caribe\/","og_site_name":"LATITUDE 15","article_published_time":"2026-02-10T16:36:15+00:00","article_modified_time":"2026-02-13T12:54:21+00:00","og_image":[{"width":1024,"height":576,"url":"https:\/\/www.latitude-15.com\/wp-content\/uploads\/2026\/02\/istockphoto-1302106358-1024x1024-1.jpg","type":"image\/jpeg"}],"author":"Joda J","twitter_card":"summary_large_image","twitter_misc":{"Escrito por":"Joda J","Est. tempo de leitura":"4 minutos"},"schema":{"@context":"https:\/\/schema.org","@graph":[{"@type":"Article","@id":"https:\/\/www.latitude-15.com\/pt-br\/escassez-de-combustivel-de-aviacao-em-cuba-provoca-forte-impacto-nas-operacoes-aereas-do-caribe\/#article","isPartOf":{"@id":"https:\/\/www.latitude-15.com\/pt-br\/escassez-de-combustivel-de-aviacao-em-cuba-provoca-forte-impacto-nas-operacoes-aereas-do-caribe\/"},"author":{"name":"Joda J","@id":"https:\/\/www.latitude-15.com\/pt-br\/#\/schema\/person\/dac52e7ff44c78317f337da112e37252"},"headline":"Escassez de combust\u00edvel de avia\u00e7\u00e3o em Cuba provoca forte impacto nas opera\u00e7\u00f5es a\u00e9reas do Caribe","datePublished":"2026-02-10T16:36:15+00:00","dateModified":"2026-02-13T12:54:21+00:00","mainEntityOfPage":{"@id":"https:\/\/www.latitude-15.com\/pt-br\/escassez-de-combustivel-de-aviacao-em-cuba-provoca-forte-impacto-nas-operacoes-aereas-do-caribe\/"},"wordCount":870,"commentCount":0,"publisher":{"@id":"https:\/\/www.latitude-15.com\/pt-br\/#organization"},"image":{"@id":"https:\/\/www.latitude-15.com\/pt-br\/escassez-de-combustivel-de-aviacao-em-cuba-provoca-forte-impacto-nas-operacoes-aereas-do-caribe\/#primaryimage"},"thumbnailUrl":"https:\/\/www.latitude-15.com\/wp-content\/uploads\/2026\/02\/istockphoto-1302106358-1024x1024-1.jpg","articleSection":["AVIA\u00c7\u00c3O"],"inLanguage":"pt-BR","potentialAction":[{"@type":"CommentAction","name":"Comment","target":["https:\/\/www.latitude-15.com\/pt-br\/escassez-de-combustivel-de-aviacao-em-cuba-provoca-forte-impacto-nas-operacoes-aereas-do-caribe\/#respond"]}]},{"@type":"WebPage","@id":"https:\/\/www.latitude-15.com\/pt-br\/escassez-de-combustivel-de-aviacao-em-cuba-provoca-forte-impacto-nas-operacoes-aereas-do-caribe\/","url":"https:\/\/www.latitude-15.com\/pt-br\/escassez-de-combustivel-de-aviacao-em-cuba-provoca-forte-impacto-nas-operacoes-aereas-do-caribe\/","name":"Escassez de combust\u00edvel de avia\u00e7\u00e3o em Cuba provoca forte impacto nas opera\u00e7\u00f5es a\u00e9reas do Caribe - LATITUDE 15","isPartOf":{"@id":"https:\/\/www.latitude-15.com\/pt-br\/#website"},"primaryImageOfPage":{"@id":"https:\/\/www.latitude-15.com\/pt-br\/escassez-de-combustivel-de-aviacao-em-cuba-provoca-forte-impacto-nas-operacoes-aereas-do-caribe\/#primaryimage"},"image":{"@id":"https:\/\/www.latitude-15.com\/pt-br\/escassez-de-combustivel-de-aviacao-em-cuba-provoca-forte-impacto-nas-operacoes-aereas-do-caribe\/#primaryimage"},"thumbnailUrl":"https:\/\/www.latitude-15.com\/wp-content\/uploads\/2026\/02\/istockphoto-1302106358-1024x1024-1.jpg","datePublished":"2026-02-10T16:36:15+00:00","dateModified":"2026-02-13T12:54:21+00:00","breadcrumb":{"@id":"https:\/\/www.latitude-15.com\/pt-br\/escassez-de-combustivel-de-aviacao-em-cuba-provoca-forte-impacto-nas-operacoes-aereas-do-caribe\/#breadcrumb"},"inLanguage":"pt-BR","potentialAction":[{"@type":"ReadAction","target":["https:\/\/www.latitude-15.com\/pt-br\/escassez-de-combustivel-de-aviacao-em-cuba-provoca-forte-impacto-nas-operacoes-aereas-do-caribe\/"]}]},{"@type":"ImageObject","inLanguage":"pt-BR","@id":"https:\/\/www.latitude-15.com\/pt-br\/escassez-de-combustivel-de-aviacao-em-cuba-provoca-forte-impacto-nas-operacoes-aereas-do-caribe\/#primaryimage","url":"https:\/\/www.latitude-15.com\/wp-content\/uploads\/2026\/02\/istockphoto-1302106358-1024x1024-1.jpg","contentUrl":"https:\/\/www.latitude-15.com\/wp-content\/uploads\/2026\/02\/istockphoto-1302106358-1024x1024-1.jpg","width":1024,"height":576,"caption":"Ilustra\u00e7\u00e3o em renderiza\u00e7\u00e3o 3D de uma aeronave a jato pousando em Havana, Cuba. Chegada \u00e0 cidade com o terminal de vidro do aeroporto e o reflexo do avi\u00e3o. Conceito de viagem, neg\u00f3cios, turismo e transporte."},{"@type":"BreadcrumbList","@id":"https:\/\/www.latitude-15.com\/pt-br\/escassez-de-combustivel-de-aviacao-em-cuba-provoca-forte-impacto-nas-operacoes-aereas-do-caribe\/#breadcrumb","itemListElement":[{"@type":"ListItem","position":1,"name":"Home","item":"https:\/\/www.latitude-15.com\/pt-br\/inicio\/"},{"@type":"ListItem","position":2,"name":"Escassez de combust\u00edvel de avia\u00e7\u00e3o em Cuba provoca forte impacto nas opera\u00e7\u00f5es a\u00e9reas do Caribe"}]},{"@type":"WebSite","@id":"https:\/\/www.latitude-15.com\/pt-br\/#website","url":"https:\/\/www.latitude-15.com\/pt-br\/","name":"LATITUDE 15","description":"Aviation and maritime Magazine - Caribbean &amp; Latin America","publisher":{"@id":"https:\/\/www.latitude-15.com\/pt-br\/#organization"},"potentialAction":[{"@type":"SearchAction","target":{"@type":"EntryPoint","urlTemplate":"https:\/\/www.latitude-15.com\/pt-br\/?s={search_term_string}"},"query-input":{"@type":"PropertyValueSpecification","valueRequired":true,"valueName":"search_term_string"}}],"inLanguage":"pt-BR"},{"@type":"Organization","@id":"https:\/\/www.latitude-15.com\/pt-br\/#organization","name":"LATITUDE 15","url":"https:\/\/www.latitude-15.com\/pt-br\/","logo":{"@type":"ImageObject","inLanguage":"pt-BR","@id":"https:\/\/www.latitude-15.com\/pt-br\/#\/schema\/logo\/image\/","url":"https:\/\/www.latitude-15.com\/wp-content\/uploads\/2026\/01\/cropped-logox500px.png","contentUrl":"https:\/\/www.latitude-15.com\/wp-content\/uploads\/2026\/01\/cropped-logox500px.png","width":62,"height":75,"caption":"LATITUDE 15"},"image":{"@id":"https:\/\/www.latitude-15.com\/pt-br\/#\/schema\/logo\/image\/"}},{"@type":"Person","@id":"https:\/\/www.latitude-15.com\/pt-br\/#\/schema\/person\/dac52e7ff44c78317f337da112e37252","name":"Joda J","image":{"@type":"ImageObject","inLanguage":"pt-BR","@id":"https:\/\/www.latitude-15.com\/pt-br\/#\/schema\/person\/image\/","url":"https:\/\/secure.gravatar.com\/avatar\/6b1feae555e15404b76616f92d931d12b25ac58024f14ccb43d9d3c012e4c4cf?s=96&d=mm&r=g","contentUrl":"https:\/\/secure.gravatar.com\/avatar\/6b1feae555e15404b76616f92d931d12b25ac58024f14ccb43d9d3c012e4c4cf?s=96&d=mm&r=g","caption":"Joda J"},"url":"https:\/\/www.latitude-15.com\/pt-br\/author\/joda\/"}]}},"_links":{"self":[{"href":"https:\/\/www.latitude-15.com\/pt-br\/wp-json\/wp\/v2\/posts\/20604","targetHints":{"allow":["GET"]}}],"collection":[{"href":"https:\/\/www.latitude-15.com\/pt-br\/wp-json\/wp\/v2\/posts"}],"about":[{"href":"https:\/\/www.latitude-15.com\/pt-br\/wp-json\/wp\/v2\/types\/post"}],"author":[{"embeddable":true,"href":"https:\/\/www.latitude-15.com\/pt-br\/wp-json\/wp\/v2\/users\/5"}],"replies":[{"embeddable":true,"href":"https:\/\/www.latitude-15.com\/pt-br\/wp-json\/wp\/v2\/comments?post=20604"}],"version-history":[{"count":1,"href":"https:\/\/www.latitude-15.com\/pt-br\/wp-json\/wp\/v2\/posts\/20604\/revisions"}],"predecessor-version":[{"id":20605,"href":"https:\/\/www.latitude-15.com\/pt-br\/wp-json\/wp\/v2\/posts\/20604\/revisions\/20605"}],"wp:featuredmedia":[{"embeddable":true,"href":"https:\/\/www.latitude-15.com\/pt-br\/wp-json\/wp\/v2\/media\/20603"}],"wp:attachment":[{"href":"https:\/\/www.latitude-15.com\/pt-br\/wp-json\/wp\/v2\/media?parent=20604"}],"wp:term":[{"taxonomy":"category","embeddable":true,"href":"https:\/\/www.latitude-15.com\/pt-br\/wp-json\/wp\/v2\/categories?post=20604"},{"taxonomy":"post_tag","embeddable":true,"href":"https:\/\/www.latitude-15.com\/pt-br\/wp-json\/wp\/v2\/tags?post=20604"}],"curies":[{"name":"wp","href":"https:\/\/api.w.org\/{rel}","templated":true}]}}