{"id":20581,"date":"2026-02-12T22:11:56","date_gmt":"2026-02-13T02:11:56","guid":{"rendered":"https:\/\/www.latitude-15.com\/martinica-aeroporto-aime-cesaire-balanco-de-2025-rumo-a-2026-entre-trafego-internacional-experiencia-do-passageiro-e-descarbonizacao\/"},"modified":"2026-02-16T10:23:35","modified_gmt":"2026-02-16T14:23:35","slug":"aeroporto-da-martinica-balanco-de-2025-e-rumo-a-2026-entre-conectividade-internacional-e-transicao-verde","status":"publish","type":"post","link":"https:\/\/www.latitude-15.com\/pt-br\/aeroporto-da-martinica-balanco-de-2025-e-rumo-a-2026-entre-conectividade-internacional-e-transicao-verde\/","title":{"rendered":"Aeroporto da Martinica: Balan\u00e7o de 2025 e Rumo a 2026, entre Conectividade Internacional e Transi\u00e7\u00e3o Verde"},"content":{"rendered":"\n<p>O Aeroporto Martinica-Aim\u00e9-C\u00e9saire apresenta um crescimento de 2,8% em 2025, impulsionado pela explos\u00e3o do tr\u00e1fego internacional (+15% a +37% dependendo das zonas). Mas 2026 marca um ponto de viragem: para al\u00e9m dos n\u00fameros, \u00e9 toda a experi\u00eancia do passageiro que se transforma, enquanto 15.000 pain\u00e9is solares preparam a transi\u00e7\u00e3o verde. Nathalie S\u00e9bastien e Jean-Michel Lucenay revelaram em 12 de fevereiro um roteiro ambicioso. Uma interven\u00e7\u00e3o complementada por Sylvain Le Foyer, diretor de Seguran\u00e7a da Avia\u00e7\u00e3o Civil Antilhas-Guiana, que veio detalhar as evolu\u00e7\u00f5es previstas em mat\u00e9ria de seguran\u00e7a.   <\/p>\n\n<p><\/p>\n\n<figure class=\"wp-block-image size-large\"><img fetchpriority=\"high\" decoding=\"async\" width=\"1024\" height=\"720\" src=\"https:\/\/www.latitude-15.com\/wp-content\/uploads\/2026\/02\/WhatsApp-Image-2026-02-12-at-22.06.11-1024x720.jpeg\" alt=\"\" class=\"wp-image-20560\" srcset=\"https:\/\/www.latitude-15.com\/wp-content\/uploads\/2026\/02\/WhatsApp-Image-2026-02-12-at-22.06.11-1024x720.jpeg 1024w, https:\/\/www.latitude-15.com\/wp-content\/uploads\/2026\/02\/WhatsApp-Image-2026-02-12-at-22.06.11-300x211.jpeg 300w, https:\/\/www.latitude-15.com\/wp-content\/uploads\/2026\/02\/WhatsApp-Image-2026-02-12-at-22.06.11-768x540.jpeg 768w, https:\/\/www.latitude-15.com\/wp-content\/uploads\/2026\/02\/WhatsApp-Image-2026-02-12-at-22.06.11.jpeg 1280w\" sizes=\"(max-width: 1024px) 100vw, 1024px\" \/><\/figure>\n\n<p class=\"has-text-align-center\"><em>Jean-Michel Lucenay (Vice-presidente do Conselho de Supervis\u00e3o), Nathalie S\u00e9bastien (Presidente do Conselho de Administra\u00e7\u00e3o) e Sylvain Le Foyer (Diretor de Seguran\u00e7a da Avia\u00e7\u00e3o Civil)<\/em><\/p>\n\n<h2 class=\"wp-block-heading\">2025: crescimento impulsionado pelo internacional<\/h2>\n\n<p>Em 2025, a plataforma confirma sua din\u00e2mica de retomada com um crescimento global do tr\u00e1fego (+2,8 % excluindo tr\u00e2nsito). Mas, por tr\u00e1s dessa m\u00e9dia, o contraste \u00e9 evidente: o segmento nacional permanece relativamente est\u00e1vel, enquanto o internacional registra uma progress\u00e3o acentuada, inclusive em rela\u00e7\u00e3o a 2019. <\/p>\n\n<p>A Fran\u00e7a metropolitana ainda representa 65 % do tr\u00e1fego, mas s\u00e3o a Am\u00e9rica do Norte \u2014 especialmente o Canad\u00e1 \u2014 e o Caribe que puxam o crescimento.<\/p>\n\n<p>Cinco novas rotas foram abertas em 2025: Quebec (anual), Santa L\u00facia, Fortaleza (via Guiana), Saint-Martin e Bordeaux. Esta diversifica\u00e7\u00e3o demonstra uma estrat\u00e9gia assumida de abertura internacional. <\/p>\n\n<figure class=\"wp-block-image size-large\"><img decoding=\"async\" width=\"918\" height=\"1024\" data-src=\"https:\/\/www.latitude-15.com\/wp-content\/uploads\/2026\/02\/WhatsApp-Image-2026-02-12-at-21.59.01-918x1024.jpeg\" alt=\"\" class=\"wp-image-20561 lazyload\" data-srcset=\"https:\/\/www.latitude-15.com\/wp-content\/uploads\/2026\/02\/WhatsApp-Image-2026-02-12-at-21.59.01-918x1024.jpeg 918w, https:\/\/www.latitude-15.com\/wp-content\/uploads\/2026\/02\/WhatsApp-Image-2026-02-12-at-21.59.01-269x300.jpeg 269w, https:\/\/www.latitude-15.com\/wp-content\/uploads\/2026\/02\/WhatsApp-Image-2026-02-12-at-21.59.01-768x856.jpeg 768w, https:\/\/www.latitude-15.com\/wp-content\/uploads\/2026\/02\/WhatsApp-Image-2026-02-12-at-21.59.01.jpeg 1148w\" data-sizes=\"(max-width: 918px) 100vw, 918px\" src=\"data:image\/svg+xml;base64,PHN2ZyB3aWR0aD0iMSIgaGVpZ2h0PSIxIiB4bWxucz0iaHR0cDovL3d3dy53My5vcmcvMjAwMC9zdmciPjwvc3ZnPg==\" style=\"--smush-placeholder-width: 918px; --smush-placeholder-aspect-ratio: 918\/1024;\" \/><\/figure>\n\n<p>Para Nathalie S\u00e9bastien, essa evolu\u00e7\u00e3o confirma uma virada estrat\u00e9gica:<\/p>\n\n<blockquote class=\"wp-block-quote is-layout-flow wp-block-quote-is-layout-flow\">\n<p>\u201cO crescimento vir\u00e1 mais do internacional do que do nacional. Nosso papel \u00e9 abrir o c\u00e9u da Martinica para o mundo, ao mesmo tempo em que consolidamos os fluxos existentes.\u201d<\/p>\n<\/blockquote>\n\n<p>O Canad\u00e1 se imp\u00f5e como um eixo forte, com Montreal, Toronto (sazonal) e agora Quebec, anunciado para operar o ano todo. A conectividade regional tamb\u00e9m avan\u00e7a com o retorno de Santa L\u00facia e o refor\u00e7o das liga\u00e7\u00f5es caribenhas. <\/p>\n\n<p>A carga tamb\u00e9m apresenta uma progress\u00e3o significativa, com quase 13.000 toneladas transportadas em 2025 (+27,2 %).<\/p>\n\n<h2 class=\"wp-block-heading\">Combater a sazonalidade: um desafio territorial<\/h2>\n\n<p>Al\u00e9m dos n\u00fameros, a quest\u00e3o da sazonalidade continua central. O aeroporto reconhece que a atividade permanece concentrada em determinados per\u00edodos, o que fragiliza o ecossistema econ\u00f4mico local. <\/p>\n\n<figure class=\"wp-block-image size-large\"><img decoding=\"async\" width=\"918\" height=\"1024\" data-src=\"https:\/\/www.latitude-15.com\/wp-content\/uploads\/2026\/02\/WhatsApp-Image-2026-02-12-at-21.58.03-918x1024.jpeg\" alt=\"\" class=\"wp-image-20562 lazyload\" data-srcset=\"https:\/\/www.latitude-15.com\/wp-content\/uploads\/2026\/02\/WhatsApp-Image-2026-02-12-at-21.58.03-918x1024.jpeg 918w, https:\/\/www.latitude-15.com\/wp-content\/uploads\/2026\/02\/WhatsApp-Image-2026-02-12-at-21.58.03-269x300.jpeg 269w, https:\/\/www.latitude-15.com\/wp-content\/uploads\/2026\/02\/WhatsApp-Image-2026-02-12-at-21.58.03-768x856.jpeg 768w, https:\/\/www.latitude-15.com\/wp-content\/uploads\/2026\/02\/WhatsApp-Image-2026-02-12-at-21.58.03.jpeg 1148w\" data-sizes=\"(max-width: 918px) 100vw, 918px\" src=\"data:image\/svg+xml;base64,PHN2ZyB3aWR0aD0iMSIgaGVpZ2h0PSIxIiB4bWxucz0iaHR0cDovL3d3dy53My5vcmcvMjAwMC9zdmciPjwvc3ZnPg==\" style=\"--smush-placeholder-width: 918px; --smush-placeholder-aspect-ratio: 918\/1024;\" \/><\/figure>\n\n<p>Jean-Michel Lucenay enfatiza essa responsabilidade coletiva:<\/p>\n\n<blockquote class=\"wp-block-quote is-layout-flow wp-block-quote-is-layout-flow\">\n<p>\u201cDevemos trabalhar para distribuir a atividade ao longo do ano. A conectividade a\u00e9rea \u00e9 uma alavanca direta para a economia, para os hot\u00e9is, para todo o tecido tur\u00edstico.\u201d<\/p>\n<\/blockquote>\n\n<p>O objetivo para 2026 n\u00e3o \u00e9 apenas crescer, mas \u201ccrescer sem inchar\u201d, otimizando as infraestruturas existentes e atraindo novos perfis de clientes.<\/p>\n\n<h2 class=\"wp-block-heading\">2026: transformar a experi\u00eancia do passageiro<\/h2>\n\n<p>A linha mestra de 2026 \u00e9 clara: melhorar a experi\u00eancia do cliente.<\/p>\n\n<p>O aeroporto pretende atuar em tr\u00eas frentes:<\/p>\n\n<ul class=\"wp-block-list\">\n<li>a imagem, com marcadores mais afirmados da identidade martinicana,<\/li>\n\n\n\n<li>a fluidez, gra\u00e7as \u00e0 digitaliza\u00e7\u00e3o,<\/li>\n\n\n\n<li>o conforto, com uma eleva\u00e7\u00e3o do padr\u00e3o da alimenta\u00e7\u00e3o e dos lounges.<\/li>\n<\/ul>\n\n<p>Ser\u00e3o instalados novos totens de autoatendimento e pontos de despacho autom\u00e1tico de bagagens para simplificar o percurso. Tamb\u00e9m est\u00e3o previstos dois novos lounges: um lounge multicompanias e um lounge VIP, especialmente para recep\u00e7\u00f5es diplom\u00e1ticas. <\/p>\n\n<p>O objetivo: transformar um tempo percebido como obrigat\u00f3rio em um momento valorizado.<\/p>\n\n<h2 class=\"wp-block-heading\">Descarboniza\u00e7\u00e3o e resili\u00eancia: um aeroporto costeiro diante da mudan\u00e7a clim\u00e1tica<\/h2>\n\n<p>A transi\u00e7\u00e3o energ\u00e9tica constitui o outro pilar principal.<\/p>\n\n<p>Segundo maior consumidor de eletricidade da ilha, o aeroporto enfrenta diretamente sua pegada de carbono. Dois projetos fotovoltaicos ir\u00e3o instalar mais de 15.000 pain\u00e9is \u2014 nos estacionamentos com sombreamento, nos telhados dos edif\u00edcios \u2014 para uma produ\u00e7\u00e3o anual de 11,5 GWh. 85% ser\u00e1 autoconsumida, o restante injetado na rede da Martinica. Investimento: 14 milh\u00f5es de euros.   <\/p>\n\n<p>Mas o desafio vai al\u00e9m da energia. Situado em zona costeira, cercado por manguezais, o aeroporto est\u00e1 conduzindo estudos de adapta\u00e7\u00e3o \u00e0s mudan\u00e7as clim\u00e1ticas, especialmente diante da eleva\u00e7\u00e3o do n\u00edvel do mar. <\/p>\n\n<p>A plataforma pretende conciliar desenvolvimento e respeito ao seu ecossistema.<\/p>\n\n<h2 class=\"wp-block-heading\">Seguran\u00e7a e facilita\u00e7\u00e3o: rumo a mais fluidez e controle<\/h2>\n\n<p>A seguran\u00e7a permanece um eixo priorit\u00e1rio.<\/p>\n\n<p>Ap\u00f3s a implanta\u00e7\u00e3o de mais de uma centena de c\u00e2meras em 2025, dois scanners milim\u00e9tricos ser\u00e3o instalados entre abril e junho de 2026 para refor\u00e7ar as inspe\u00e7\u00f5es.<\/p>\n\n<p>Sylvain Lefoyer, diretor de Seguran\u00e7a da Avia\u00e7\u00e3o Civil Antilhas-Guiana, detalhou o funcionamento desses equipamentos, bem como a chegada de terminais PARAFE destinados a tornar mais \u00e1geis os controles de fronteira, tanto na chegada quanto na partida.<\/p>\n\n<h2 class=\"wp-block-heading\">Uma plataforma no centro da estrat\u00e9gia territorial<\/h2>\n\n<p>Mais do que uma infraestrutura de transporte, o Aeroporto Martinica-Aim\u00e9-C\u00e9saire posiciona-se como catalisador da atratividade territorial. Conectividade internacional refor\u00e7ada, experi\u00eancia do passageiro transformada, descarboniza\u00e7\u00e3o acelerada: o roteiro de 2026 desenha um aeroporto que n\u00e3o se contenta mais em receber fluxos, mas estrutura duradouramente a influ\u00eancia da Martinica. <\/p>\n\n<figure class=\"wp-block-image size-large\"><img decoding=\"async\" width=\"1024\" height=\"588\" data-src=\"https:\/\/www.latitude-15.com\/wp-content\/uploads\/2026\/02\/WhatsApp-Image-2026-02-12-at-21.59.46-1024x588.jpeg\" alt=\"\" class=\"wp-image-20563 lazyload\" data-srcset=\"https:\/\/www.latitude-15.com\/wp-content\/uploads\/2026\/02\/WhatsApp-Image-2026-02-12-at-21.59.46-1024x588.jpeg 1024w, https:\/\/www.latitude-15.com\/wp-content\/uploads\/2026\/02\/WhatsApp-Image-2026-02-12-at-21.59.46-300x172.jpeg 300w, https:\/\/www.latitude-15.com\/wp-content\/uploads\/2026\/02\/WhatsApp-Image-2026-02-12-at-21.59.46-768x441.jpeg 768w, https:\/\/www.latitude-15.com\/wp-content\/uploads\/2026\/02\/WhatsApp-Image-2026-02-12-at-21.59.46.jpeg 1280w\" data-sizes=\"(max-width: 1024px) 100vw, 1024px\" src=\"data:image\/svg+xml;base64,PHN2ZyB3aWR0aD0iMSIgaGVpZ2h0PSIxIiB4bWxucz0iaHR0cDovL3d3dy53My5vcmcvMjAwMC9zdmciPjwvc3ZnPg==\" style=\"--smush-placeholder-width: 1024px; --smush-placeholder-aspect-ratio: 1024\/588;\" \/><\/figure>\n","protected":false},"excerpt":{"rendered":"<p>O Aeroporto Martinica-Aim\u00e9-C\u00e9saire apresenta um crescimento de 2,8% em 2025, impulsionado pela explos\u00e3o do tr\u00e1fego internacional (+15% a +37% dependendo das zonas). Mas 2026 marca um ponto de viragem: para al\u00e9m dos n\u00fameros, \u00e9 toda a experi\u00eancia do passageiro que se transforma, enquanto 15.000 pain\u00e9is solares preparam a transi\u00e7\u00e3o verde. Nathalie S\u00e9bastien e Jean-Michel Lucenay [&hellip;]<\/p>\n","protected":false},"author":4,"featured_media":20580,"comment_status":"open","ping_status":"open","sticky":false,"template":"","format":"standard","meta":{"footnotes":""},"categories":[104,98],"tags":[],"class_list":["post-20581","post","type-post","status-publish","format-standard","has-post-thumbnail","hentry","category-aeroportos-e-infraestrutura","category-aviacao"],"yoast_head":"<!-- This site is optimized with the Yoast SEO plugin v26.9 - https:\/\/yoast.com\/product\/yoast-seo-wordpress\/ -->\n<title>Aeroporto da Martinica: Balan\u00e7o de 2025 e Rumo a 2026, entre Conectividade Internacional e Transi\u00e7\u00e3o Verde - LATITUDE 15<\/title>\n<meta name=\"robots\" content=\"index, follow, max-snippet:-1, max-image-preview:large, max-video-preview:-1\" \/>\n<link rel=\"canonical\" href=\"https:\/\/www.latitude-15.com\/pt-br\/aeroporto-da-martinica-balanco-de-2025-e-rumo-a-2026-entre-conectividade-internacional-e-transicao-verde\/\" \/>\n<meta property=\"og:locale\" content=\"pt_BR\" \/>\n<meta property=\"og:type\" content=\"article\" \/>\n<meta property=\"og:title\" content=\"Aeroporto da Martinica: Balan\u00e7o de 2025 e Rumo a 2026, entre Conectividade Internacional e Transi\u00e7\u00e3o Verde - LATITUDE 15\" \/>\n<meta property=\"og:description\" content=\"O Aeroporto Martinica-Aim\u00e9-C\u00e9saire apresenta um crescimento de 2,8% em 2025, impulsionado pela explos\u00e3o do tr\u00e1fego internacional (+15% a +37% dependendo das zonas). Mas 2026 marca um ponto de viragem: para al\u00e9m dos n\u00fameros, \u00e9 toda a experi\u00eancia do passageiro que se transforma, enquanto 15.000 pain\u00e9is solares preparam a transi\u00e7\u00e3o verde. Nathalie S\u00e9bastien e Jean-Michel Lucenay [&hellip;]\" \/>\n<meta property=\"og:url\" content=\"https:\/\/www.latitude-15.com\/pt-br\/aeroporto-da-martinica-balanco-de-2025-e-rumo-a-2026-entre-conectividade-internacional-e-transicao-verde\/\" \/>\n<meta property=\"og:site_name\" content=\"LATITUDE 15\" \/>\n<meta property=\"article:published_time\" content=\"2026-02-13T02:11:56+00:00\" \/>\n<meta property=\"article:modified_time\" content=\"2026-02-16T14:23:35+00:00\" \/>\n<meta property=\"og:image\" content=\"https:\/\/www.latitude-15.com\/wp-content\/uploads\/2026\/02\/WhatsApp-Image-2026-02-12-at-22.00.15.jpeg\" \/>\n\t<meta property=\"og:image:width\" content=\"1065\" \/>\n\t<meta property=\"og:image:height\" content=\"574\" \/>\n\t<meta property=\"og:image:type\" content=\"image\/jpeg\" \/>\n<meta name=\"author\" content=\"Sabrina AJ\" \/>\n<meta name=\"twitter:card\" content=\"summary_large_image\" \/>\n<meta name=\"twitter:label1\" content=\"Escrito por\" \/>\n\t<meta name=\"twitter:data1\" content=\"Sabrina AJ\" \/>\n\t<meta name=\"twitter:label2\" content=\"Est. tempo de leitura\" \/>\n\t<meta name=\"twitter:data2\" content=\"4 minutos\" \/>\n<script type=\"application\/ld+json\" class=\"yoast-schema-graph\">{\"@context\":\"https:\/\/schema.org\",\"@graph\":[{\"@type\":\"Article\",\"@id\":\"https:\/\/www.latitude-15.com\/pt-br\/aeroporto-da-martinica-balanco-de-2025-e-rumo-a-2026-entre-conectividade-internacional-e-transicao-verde\/#article\",\"isPartOf\":{\"@id\":\"https:\/\/www.latitude-15.com\/pt-br\/aeroporto-da-martinica-balanco-de-2025-e-rumo-a-2026-entre-conectividade-internacional-e-transicao-verde\/\"},\"author\":{\"name\":\"Sabrina AJ\",\"@id\":\"https:\/\/www.latitude-15.com\/pt-br\/#\/schema\/person\/91c01ae4c368ed9f103739b76d543e81\"},\"headline\":\"Aeroporto da Martinica: Balan\u00e7o de 2025 e Rumo a 2026, entre Conectividade Internacional e Transi\u00e7\u00e3o Verde\",\"datePublished\":\"2026-02-13T02:11:56+00:00\",\"dateModified\":\"2026-02-16T14:23:35+00:00\",\"mainEntityOfPage\":{\"@id\":\"https:\/\/www.latitude-15.com\/pt-br\/aeroporto-da-martinica-balanco-de-2025-e-rumo-a-2026-entre-conectividade-internacional-e-transicao-verde\/\"},\"wordCount\":828,\"commentCount\":0,\"publisher\":{\"@id\":\"https:\/\/www.latitude-15.com\/pt-br\/#organization\"},\"image\":{\"@id\":\"https:\/\/www.latitude-15.com\/pt-br\/aeroporto-da-martinica-balanco-de-2025-e-rumo-a-2026-entre-conectividade-internacional-e-transicao-verde\/#primaryimage\"},\"thumbnailUrl\":\"https:\/\/www.latitude-15.com\/wp-content\/uploads\/2026\/02\/WhatsApp-Image-2026-02-12-at-22.00.15.jpeg\",\"articleSection\":[\"Aeroportos e infraestrutura\",\"AVIA\u00c7\u00c3O\"],\"inLanguage\":\"pt-BR\",\"potentialAction\":[{\"@type\":\"CommentAction\",\"name\":\"Comment\",\"target\":[\"https:\/\/www.latitude-15.com\/pt-br\/aeroporto-da-martinica-balanco-de-2025-e-rumo-a-2026-entre-conectividade-internacional-e-transicao-verde\/#respond\"]}]},{\"@type\":\"WebPage\",\"@id\":\"https:\/\/www.latitude-15.com\/pt-br\/aeroporto-da-martinica-balanco-de-2025-e-rumo-a-2026-entre-conectividade-internacional-e-transicao-verde\/\",\"url\":\"https:\/\/www.latitude-15.com\/pt-br\/aeroporto-da-martinica-balanco-de-2025-e-rumo-a-2026-entre-conectividade-internacional-e-transicao-verde\/\",\"name\":\"Aeroporto da Martinica: Balan\u00e7o de 2025 e Rumo a 2026, entre Conectividade Internacional e Transi\u00e7\u00e3o Verde - LATITUDE 15\",\"isPartOf\":{\"@id\":\"https:\/\/www.latitude-15.com\/pt-br\/#website\"},\"primaryImageOfPage\":{\"@id\":\"https:\/\/www.latitude-15.com\/pt-br\/aeroporto-da-martinica-balanco-de-2025-e-rumo-a-2026-entre-conectividade-internacional-e-transicao-verde\/#primaryimage\"},\"image\":{\"@id\":\"https:\/\/www.latitude-15.com\/pt-br\/aeroporto-da-martinica-balanco-de-2025-e-rumo-a-2026-entre-conectividade-internacional-e-transicao-verde\/#primaryimage\"},\"thumbnailUrl\":\"https:\/\/www.latitude-15.com\/wp-content\/uploads\/2026\/02\/WhatsApp-Image-2026-02-12-at-22.00.15.jpeg\",\"datePublished\":\"2026-02-13T02:11:56+00:00\",\"dateModified\":\"2026-02-16T14:23:35+00:00\",\"breadcrumb\":{\"@id\":\"https:\/\/www.latitude-15.com\/pt-br\/aeroporto-da-martinica-balanco-de-2025-e-rumo-a-2026-entre-conectividade-internacional-e-transicao-verde\/#breadcrumb\"},\"inLanguage\":\"pt-BR\",\"potentialAction\":[{\"@type\":\"ReadAction\",\"target\":[\"https:\/\/www.latitude-15.com\/pt-br\/aeroporto-da-martinica-balanco-de-2025-e-rumo-a-2026-entre-conectividade-internacional-e-transicao-verde\/\"]}]},{\"@type\":\"ImageObject\",\"inLanguage\":\"pt-BR\",\"@id\":\"https:\/\/www.latitude-15.com\/pt-br\/aeroporto-da-martinica-balanco-de-2025-e-rumo-a-2026-entre-conectividade-internacional-e-transicao-verde\/#primaryimage\",\"url\":\"https:\/\/www.latitude-15.com\/wp-content\/uploads\/2026\/02\/WhatsApp-Image-2026-02-12-at-22.00.15.jpeg\",\"contentUrl\":\"https:\/\/www.latitude-15.com\/wp-content\/uploads\/2026\/02\/WhatsApp-Image-2026-02-12-at-22.00.15.jpeg\",\"width\":1065,\"height\":574},{\"@type\":\"BreadcrumbList\",\"@id\":\"https:\/\/www.latitude-15.com\/pt-br\/aeroporto-da-martinica-balanco-de-2025-e-rumo-a-2026-entre-conectividade-internacional-e-transicao-verde\/#breadcrumb\",\"itemListElement\":[{\"@type\":\"ListItem\",\"position\":1,\"name\":\"Home\",\"item\":\"https:\/\/www.latitude-15.com\/pt-br\/inicio\/\"},{\"@type\":\"ListItem\",\"position\":2,\"name\":\"Aeroporto da Martinica: Balan\u00e7o de 2025 e Rumo a 2026, entre Conectividade Internacional e Transi\u00e7\u00e3o Verde\"}]},{\"@type\":\"WebSite\",\"@id\":\"https:\/\/www.latitude-15.com\/pt-br\/#website\",\"url\":\"https:\/\/www.latitude-15.com\/pt-br\/\",\"name\":\"LATITUDE 15\",\"description\":\"Aviation and maritime Magazine - Caribbean &amp; Latin America\",\"publisher\":{\"@id\":\"https:\/\/www.latitude-15.com\/pt-br\/#organization\"},\"potentialAction\":[{\"@type\":\"SearchAction\",\"target\":{\"@type\":\"EntryPoint\",\"urlTemplate\":\"https:\/\/www.latitude-15.com\/pt-br\/?s={search_term_string}\"},\"query-input\":{\"@type\":\"PropertyValueSpecification\",\"valueRequired\":true,\"valueName\":\"search_term_string\"}}],\"inLanguage\":\"pt-BR\"},{\"@type\":\"Organization\",\"@id\":\"https:\/\/www.latitude-15.com\/pt-br\/#organization\",\"name\":\"LATITUDE 15\",\"url\":\"https:\/\/www.latitude-15.com\/pt-br\/\",\"logo\":{\"@type\":\"ImageObject\",\"inLanguage\":\"pt-BR\",\"@id\":\"https:\/\/www.latitude-15.com\/pt-br\/#\/schema\/logo\/image\/\",\"url\":\"https:\/\/www.latitude-15.com\/wp-content\/uploads\/2026\/01\/cropped-logox500px.png\",\"contentUrl\":\"https:\/\/www.latitude-15.com\/wp-content\/uploads\/2026\/01\/cropped-logox500px.png\",\"width\":62,\"height\":75,\"caption\":\"LATITUDE 15\"},\"image\":{\"@id\":\"https:\/\/www.latitude-15.com\/pt-br\/#\/schema\/logo\/image\/\"}},{\"@type\":\"Person\",\"@id\":\"https:\/\/www.latitude-15.com\/pt-br\/#\/schema\/person\/91c01ae4c368ed9f103739b76d543e81\",\"name\":\"Sabrina AJ\",\"image\":{\"@type\":\"ImageObject\",\"inLanguage\":\"pt-BR\",\"@id\":\"https:\/\/www.latitude-15.com\/pt-br\/#\/schema\/person\/image\/\",\"url\":\"https:\/\/secure.gravatar.com\/avatar\/dda9448c6244bb57751d852e57ef360ef337e5fed6f7146091bc3c71fa25c72b?s=96&d=mm&r=g\",\"contentUrl\":\"https:\/\/secure.gravatar.com\/avatar\/dda9448c6244bb57751d852e57ef360ef337e5fed6f7146091bc3c71fa25c72b?s=96&d=mm&r=g\",\"caption\":\"Sabrina AJ\"},\"url\":\"https:\/\/www.latitude-15.com\/pt-br\/author\/sajax\/\"}]}<\/script>\n<!-- \/ Yoast SEO plugin. -->","yoast_head_json":{"title":"Aeroporto da Martinica: Balan\u00e7o de 2025 e Rumo a 2026, entre Conectividade Internacional e Transi\u00e7\u00e3o Verde - LATITUDE 15","robots":{"index":"index","follow":"follow","max-snippet":"max-snippet:-1","max-image-preview":"max-image-preview:large","max-video-preview":"max-video-preview:-1"},"canonical":"https:\/\/www.latitude-15.com\/pt-br\/aeroporto-da-martinica-balanco-de-2025-e-rumo-a-2026-entre-conectividade-internacional-e-transicao-verde\/","og_locale":"pt_BR","og_type":"article","og_title":"Aeroporto da Martinica: Balan\u00e7o de 2025 e Rumo a 2026, entre Conectividade Internacional e Transi\u00e7\u00e3o Verde - LATITUDE 15","og_description":"O Aeroporto Martinica-Aim\u00e9-C\u00e9saire apresenta um crescimento de 2,8% em 2025, impulsionado pela explos\u00e3o do tr\u00e1fego internacional (+15% a +37% dependendo das zonas). Mas 2026 marca um ponto de viragem: para al\u00e9m dos n\u00fameros, \u00e9 toda a experi\u00eancia do passageiro que se transforma, enquanto 15.000 pain\u00e9is solares preparam a transi\u00e7\u00e3o verde. Nathalie S\u00e9bastien e Jean-Michel Lucenay [&hellip;]","og_url":"https:\/\/www.latitude-15.com\/pt-br\/aeroporto-da-martinica-balanco-de-2025-e-rumo-a-2026-entre-conectividade-internacional-e-transicao-verde\/","og_site_name":"LATITUDE 15","article_published_time":"2026-02-13T02:11:56+00:00","article_modified_time":"2026-02-16T14:23:35+00:00","og_image":[{"width":1065,"height":574,"url":"https:\/\/www.latitude-15.com\/wp-content\/uploads\/2026\/02\/WhatsApp-Image-2026-02-12-at-22.00.15.jpeg","type":"image\/jpeg"}],"author":"Sabrina AJ","twitter_card":"summary_large_image","twitter_misc":{"Escrito por":"Sabrina AJ","Est. tempo de leitura":"4 minutos"},"schema":{"@context":"https:\/\/schema.org","@graph":[{"@type":"Article","@id":"https:\/\/www.latitude-15.com\/pt-br\/aeroporto-da-martinica-balanco-de-2025-e-rumo-a-2026-entre-conectividade-internacional-e-transicao-verde\/#article","isPartOf":{"@id":"https:\/\/www.latitude-15.com\/pt-br\/aeroporto-da-martinica-balanco-de-2025-e-rumo-a-2026-entre-conectividade-internacional-e-transicao-verde\/"},"author":{"name":"Sabrina AJ","@id":"https:\/\/www.latitude-15.com\/pt-br\/#\/schema\/person\/91c01ae4c368ed9f103739b76d543e81"},"headline":"Aeroporto da Martinica: Balan\u00e7o de 2025 e Rumo a 2026, entre Conectividade Internacional e Transi\u00e7\u00e3o Verde","datePublished":"2026-02-13T02:11:56+00:00","dateModified":"2026-02-16T14:23:35+00:00","mainEntityOfPage":{"@id":"https:\/\/www.latitude-15.com\/pt-br\/aeroporto-da-martinica-balanco-de-2025-e-rumo-a-2026-entre-conectividade-internacional-e-transicao-verde\/"},"wordCount":828,"commentCount":0,"publisher":{"@id":"https:\/\/www.latitude-15.com\/pt-br\/#organization"},"image":{"@id":"https:\/\/www.latitude-15.com\/pt-br\/aeroporto-da-martinica-balanco-de-2025-e-rumo-a-2026-entre-conectividade-internacional-e-transicao-verde\/#primaryimage"},"thumbnailUrl":"https:\/\/www.latitude-15.com\/wp-content\/uploads\/2026\/02\/WhatsApp-Image-2026-02-12-at-22.00.15.jpeg","articleSection":["Aeroportos e infraestrutura","AVIA\u00c7\u00c3O"],"inLanguage":"pt-BR","potentialAction":[{"@type":"CommentAction","name":"Comment","target":["https:\/\/www.latitude-15.com\/pt-br\/aeroporto-da-martinica-balanco-de-2025-e-rumo-a-2026-entre-conectividade-internacional-e-transicao-verde\/#respond"]}]},{"@type":"WebPage","@id":"https:\/\/www.latitude-15.com\/pt-br\/aeroporto-da-martinica-balanco-de-2025-e-rumo-a-2026-entre-conectividade-internacional-e-transicao-verde\/","url":"https:\/\/www.latitude-15.com\/pt-br\/aeroporto-da-martinica-balanco-de-2025-e-rumo-a-2026-entre-conectividade-internacional-e-transicao-verde\/","name":"Aeroporto da Martinica: Balan\u00e7o de 2025 e Rumo a 2026, entre Conectividade Internacional e Transi\u00e7\u00e3o Verde - LATITUDE 15","isPartOf":{"@id":"https:\/\/www.latitude-15.com\/pt-br\/#website"},"primaryImageOfPage":{"@id":"https:\/\/www.latitude-15.com\/pt-br\/aeroporto-da-martinica-balanco-de-2025-e-rumo-a-2026-entre-conectividade-internacional-e-transicao-verde\/#primaryimage"},"image":{"@id":"https:\/\/www.latitude-15.com\/pt-br\/aeroporto-da-martinica-balanco-de-2025-e-rumo-a-2026-entre-conectividade-internacional-e-transicao-verde\/#primaryimage"},"thumbnailUrl":"https:\/\/www.latitude-15.com\/wp-content\/uploads\/2026\/02\/WhatsApp-Image-2026-02-12-at-22.00.15.jpeg","datePublished":"2026-02-13T02:11:56+00:00","dateModified":"2026-02-16T14:23:35+00:00","breadcrumb":{"@id":"https:\/\/www.latitude-15.com\/pt-br\/aeroporto-da-martinica-balanco-de-2025-e-rumo-a-2026-entre-conectividade-internacional-e-transicao-verde\/#breadcrumb"},"inLanguage":"pt-BR","potentialAction":[{"@type":"ReadAction","target":["https:\/\/www.latitude-15.com\/pt-br\/aeroporto-da-martinica-balanco-de-2025-e-rumo-a-2026-entre-conectividade-internacional-e-transicao-verde\/"]}]},{"@type":"ImageObject","inLanguage":"pt-BR","@id":"https:\/\/www.latitude-15.com\/pt-br\/aeroporto-da-martinica-balanco-de-2025-e-rumo-a-2026-entre-conectividade-internacional-e-transicao-verde\/#primaryimage","url":"https:\/\/www.latitude-15.com\/wp-content\/uploads\/2026\/02\/WhatsApp-Image-2026-02-12-at-22.00.15.jpeg","contentUrl":"https:\/\/www.latitude-15.com\/wp-content\/uploads\/2026\/02\/WhatsApp-Image-2026-02-12-at-22.00.15.jpeg","width":1065,"height":574},{"@type":"BreadcrumbList","@id":"https:\/\/www.latitude-15.com\/pt-br\/aeroporto-da-martinica-balanco-de-2025-e-rumo-a-2026-entre-conectividade-internacional-e-transicao-verde\/#breadcrumb","itemListElement":[{"@type":"ListItem","position":1,"name":"Home","item":"https:\/\/www.latitude-15.com\/pt-br\/inicio\/"},{"@type":"ListItem","position":2,"name":"Aeroporto da Martinica: Balan\u00e7o de 2025 e Rumo a 2026, entre Conectividade Internacional e Transi\u00e7\u00e3o Verde"}]},{"@type":"WebSite","@id":"https:\/\/www.latitude-15.com\/pt-br\/#website","url":"https:\/\/www.latitude-15.com\/pt-br\/","name":"LATITUDE 15","description":"Aviation and maritime Magazine - Caribbean &amp; Latin America","publisher":{"@id":"https:\/\/www.latitude-15.com\/pt-br\/#organization"},"potentialAction":[{"@type":"SearchAction","target":{"@type":"EntryPoint","urlTemplate":"https:\/\/www.latitude-15.com\/pt-br\/?s={search_term_string}"},"query-input":{"@type":"PropertyValueSpecification","valueRequired":true,"valueName":"search_term_string"}}],"inLanguage":"pt-BR"},{"@type":"Organization","@id":"https:\/\/www.latitude-15.com\/pt-br\/#organization","name":"LATITUDE 15","url":"https:\/\/www.latitude-15.com\/pt-br\/","logo":{"@type":"ImageObject","inLanguage":"pt-BR","@id":"https:\/\/www.latitude-15.com\/pt-br\/#\/schema\/logo\/image\/","url":"https:\/\/www.latitude-15.com\/wp-content\/uploads\/2026\/01\/cropped-logox500px.png","contentUrl":"https:\/\/www.latitude-15.com\/wp-content\/uploads\/2026\/01\/cropped-logox500px.png","width":62,"height":75,"caption":"LATITUDE 15"},"image":{"@id":"https:\/\/www.latitude-15.com\/pt-br\/#\/schema\/logo\/image\/"}},{"@type":"Person","@id":"https:\/\/www.latitude-15.com\/pt-br\/#\/schema\/person\/91c01ae4c368ed9f103739b76d543e81","name":"Sabrina AJ","image":{"@type":"ImageObject","inLanguage":"pt-BR","@id":"https:\/\/www.latitude-15.com\/pt-br\/#\/schema\/person\/image\/","url":"https:\/\/secure.gravatar.com\/avatar\/dda9448c6244bb57751d852e57ef360ef337e5fed6f7146091bc3c71fa25c72b?s=96&d=mm&r=g","contentUrl":"https:\/\/secure.gravatar.com\/avatar\/dda9448c6244bb57751d852e57ef360ef337e5fed6f7146091bc3c71fa25c72b?s=96&d=mm&r=g","caption":"Sabrina AJ"},"url":"https:\/\/www.latitude-15.com\/pt-br\/author\/sajax\/"}]}},"_links":{"self":[{"href":"https:\/\/www.latitude-15.com\/pt-br\/wp-json\/wp\/v2\/posts\/20581","targetHints":{"allow":["GET"]}}],"collection":[{"href":"https:\/\/www.latitude-15.com\/pt-br\/wp-json\/wp\/v2\/posts"}],"about":[{"href":"https:\/\/www.latitude-15.com\/pt-br\/wp-json\/wp\/v2\/types\/post"}],"author":[{"embeddable":true,"href":"https:\/\/www.latitude-15.com\/pt-br\/wp-json\/wp\/v2\/users\/4"}],"replies":[{"embeddable":true,"href":"https:\/\/www.latitude-15.com\/pt-br\/wp-json\/wp\/v2\/comments?post=20581"}],"version-history":[{"count":3,"href":"https:\/\/www.latitude-15.com\/pt-br\/wp-json\/wp\/v2\/posts\/20581\/revisions"}],"predecessor-version":[{"id":20597,"href":"https:\/\/www.latitude-15.com\/pt-br\/wp-json\/wp\/v2\/posts\/20581\/revisions\/20597"}],"wp:featuredmedia":[{"embeddable":true,"href":"https:\/\/www.latitude-15.com\/pt-br\/wp-json\/wp\/v2\/media\/20580"}],"wp:attachment":[{"href":"https:\/\/www.latitude-15.com\/pt-br\/wp-json\/wp\/v2\/media?parent=20581"}],"wp:term":[{"taxonomy":"category","embeddable":true,"href":"https:\/\/www.latitude-15.com\/pt-br\/wp-json\/wp\/v2\/categories?post=20581"},{"taxonomy":"post_tag","embeddable":true,"href":"https:\/\/www.latitude-15.com\/pt-br\/wp-json\/wp\/v2\/tags?post=20581"}],"curies":[{"name":"wp","href":"https:\/\/api.w.org\/{rel}","templated":true}]}}