{"id":20241,"date":"2026-02-06T11:22:42","date_gmt":"2026-02-06T15:22:42","guid":{"rendered":"https:\/\/www.latitude-15.com\/us-caribbean-maritime-and-ports-forum-2026-foco-regional-nos-desafios-portuarios-e-maritimos\/"},"modified":"2026-02-09T16:42:07","modified_gmt":"2026-02-09T20:42:07","slug":"us-caribbean-maritime-and-ports-forum-2026-foco-regional-nos-desafios-portuarios-e-maritimos","status":"publish","type":"post","link":"https:\/\/www.latitude-15.com\/pt-br\/us-caribbean-maritime-and-ports-forum-2026-foco-regional-nos-desafios-portuarios-e-maritimos\/","title":{"rendered":"US\u2013Caribbean Maritime and Ports Forum 2026: foco regional nos desafios portu\u00e1rios e mar\u00edtimos"},"content":{"rendered":"\n<p>Em 20 de fevereiro de 2026, Miami sediar\u00e1 o US\u2013Caribbean Maritime and Ports Forum, um evento dedicado \u00e0s quest\u00f5es mar\u00edtimas e portu\u00e1rias entre os Estados Unidos e o Caribe. Organizado pelo Atlantic Council, por meio de seu Adrienne Arsht Latin America Center, o f\u00f3rum reunir\u00e1 representantes institucionais, autoridades portu\u00e1rias, operadores mar\u00edtimos e agentes econ\u00f4micos de toda a regi\u00e3o. <\/p>\n\n<p>O objetivo declarado \u00e9 fomentar o di\u00e1logo em torno dos desafios comuns enfrentados pelos portos e pelas cadeias de suprimentos regionais, em um contexto de transforma\u00e7\u00e3o dos fluxos comerciais, das necessidades de infraestrutura e dos marcos regulat\u00f3rios.<\/p>\n\n<h2 class=\"wp-block-heading\">Uma plataforma de di\u00e1logo entre Estados Unidos e Caribe<\/h2>\n\n<p>Segundo os organizadores, o f\u00f3rum busca fortalecer as trocas entre os atores mar\u00edtimos dos Estados Unidos e do Caribe, com foco na conectividade mar\u00edtima, no desenvolvimento portu\u00e1rio e na coopera\u00e7\u00e3o regional.<\/p>\n\n<p>O Caribe ocupa uma posi\u00e7\u00e3o estrat\u00e9gica nas rotas mar\u00edtimas que conectam a Am\u00e9rica do Norte, a Am\u00e9rica Latina e os principais corredores do com\u00e9rcio global. Os portos da regi\u00e3o desempenham um papel central no tr\u00e2nsito de cargas, nas opera\u00e7\u00f5es de transbordo e no abastecimento dos mercados insulares, ao mesmo tempo em que enfrentam restri\u00e7\u00f5es estruturais relacionadas \u00e0 capacidade, \u00e0 moderniza\u00e7\u00e3o da infraestrutura e \u00e0 resili\u00eancia clim\u00e1tica. <\/p>\n\n<figure class=\"wp-block-image size-large\"><img fetchpriority=\"high\" decoding=\"async\" width=\"1024\" height=\"502\" src=\"https:\/\/www.latitude-15.com\/wp-content\/uploads\/2026\/02\/img67329-1024x502.png\" alt=\"\" class=\"wp-image-20158\" srcset=\"https:\/\/www.latitude-15.com\/wp-content\/uploads\/2026\/02\/img67329-1024x502.png 1024w, https:\/\/www.latitude-15.com\/wp-content\/uploads\/2026\/02\/img67329-300x147.png 300w, https:\/\/www.latitude-15.com\/wp-content\/uploads\/2026\/02\/img67329-768x376.png 768w, https:\/\/www.latitude-15.com\/wp-content\/uploads\/2026\/02\/img67329.png 1221w\" sizes=\"(max-width: 1024px) 100vw, 1024px\" \/><\/figure>\n\n<h2 class=\"wp-block-heading\">Temas centrais na agenda<\/h2>\n\n<p>A programa\u00e7\u00e3o anunciada do US\u2013Caribbean Maritime and Ports Forum inclui debates em torno de temas estruturantes para o setor mar\u00edtimo-portu\u00e1rio:<\/p>\n\n<ul class=\"wp-block-list\">\n<li>infraestrutura portu\u00e1ria e necessidades de moderniza\u00e7\u00e3o,<\/li>\n\n\n\n<li>log\u00edstica mar\u00edtima e portu\u00e1ria no conjunto da regi\u00e3o caribenha,<\/li>\n\n\n\n<li>quest\u00f5es de seguran\u00e7a e prote\u00e7\u00e3o portu\u00e1ria,<\/li>\n\n\n\n<li>coopera\u00e7\u00e3o p\u00fablico-privada e arranjos institucionais,<\/li>\n\n\n\n<li>resili\u00eancia dos portos frente a riscos clim\u00e1ticos e operacionais.<\/li>\n<\/ul>\n\n<p>Esses temas refletem um contexto regional marcado por necessidades significativas de investimento em infraestrutura de transporte e log\u00edstica, frequentemente destacadas por institui\u00e7\u00f5es internacionais.<br\/><\/p>\n\n<h2 class=\"wp-block-heading\">Um evento voltado aos profissionais do setor<\/h2>\n\n<p>O f\u00f3rum \u00e9 direcionado principalmente a profissionais do setor mar\u00edtimo, autoridades portu\u00e1rias, operadores de terminais, armadores, bem como a atores institucionais e financeiros envolvidos no desenvolvimento portu\u00e1rio no Caribe e na Am\u00e9rica Latina.<\/p>\n\n<p>Embora n\u00e3o se posicione como um espa\u00e7o de tomada de decis\u00e3o, o US\u2013Caribbean Maritime and Ports Forum se apresenta como uma plataforma de interc\u00e2mbio e networking, oferecendo aos participantes a oportunidade de compartilhar perspectivas, prioridades e experi\u00eancias relacionadas aos desafios portu\u00e1rios e mar\u00edtimos da regi\u00e3o.<\/p>\n\n<hr class=\"wp-block-separator has-alpha-channel-opacity\" \/>\n\n<h3 class=\"wp-block-heading\"><em>Informa\u00e7\u00f5es-chave do evento<\/em><\/h3>\n\n<ul class=\"wp-block-list\">\n<li>Evento: US\u2013Caribbean Maritime and Ports Forum<\/li>\n\n\n\n<li>Data: 20 de fevereiro de 2026<\/li>\n\n\n\n<li>Local: Miami, Estados Unidos<\/li>\n\n\n\n<li>Organiza\u00e7\u00e3o: Atlantic Council \u2013 Adrienne Arsht Latin America Center<\/li>\n<\/ul>\n","protected":false},"excerpt":{"rendered":"<p>Em 20 de fevereiro de 2026, Miami sediar\u00e1 o US\u2013Caribbean Maritime and Ports Forum, um evento dedicado \u00e0s quest\u00f5es mar\u00edtimas e portu\u00e1rias entre os Estados Unidos e o Caribe. Organizado pelo Atlantic Council, por meio de seu Adrienne Arsht Latin America Center, o f\u00f3rum reunir\u00e1 representantes institucionais, autoridades portu\u00e1rias, operadores mar\u00edtimos e agentes econ\u00f4micos de [&hellip;]<\/p>\n","protected":false},"author":5,"featured_media":20240,"comment_status":"open","ping_status":"open","sticky":false,"template":"","format":"standard","meta":{"footnotes":""},"categories":[119,137],"tags":[],"class_list":["post-20241","post","type-post","status-publish","format-standard","has-post-thumbnail","hentry","category-maritimo","category-portos-e-logistica"],"yoast_head":"<!-- This site is optimized with the Yoast SEO plugin v26.9 - https:\/\/yoast.com\/product\/yoast-seo-wordpress\/ -->\n<title>US\u2013Caribbean Maritime and Ports Forum 2026: foco regional nos desafios portu\u00e1rios e mar\u00edtimos - LATITUDE 15<\/title>\n<meta name=\"robots\" content=\"index, follow, max-snippet:-1, max-image-preview:large, max-video-preview:-1\" \/>\n<link rel=\"canonical\" href=\"https:\/\/www.latitude-15.com\/pt-br\/us-caribbean-maritime-and-ports-forum-2026-foco-regional-nos-desafios-portuarios-e-maritimos\/\" \/>\n<meta property=\"og:locale\" content=\"pt_BR\" \/>\n<meta property=\"og:type\" content=\"article\" \/>\n<meta property=\"og:title\" content=\"US\u2013Caribbean Maritime and Ports Forum 2026: foco regional nos desafios portu\u00e1rios e mar\u00edtimos - LATITUDE 15\" \/>\n<meta property=\"og:description\" content=\"Em 20 de fevereiro de 2026, Miami sediar\u00e1 o US\u2013Caribbean Maritime and Ports Forum, um evento dedicado \u00e0s quest\u00f5es mar\u00edtimas e portu\u00e1rias entre os Estados Unidos e o Caribe. Organizado pelo Atlantic Council, por meio de seu Adrienne Arsht Latin America Center, o f\u00f3rum reunir\u00e1 representantes institucionais, autoridades portu\u00e1rias, operadores mar\u00edtimos e agentes econ\u00f4micos de [&hellip;]\" \/>\n<meta property=\"og:url\" content=\"https:\/\/www.latitude-15.com\/pt-br\/us-caribbean-maritime-and-ports-forum-2026-foco-regional-nos-desafios-portuarios-e-maritimos\/\" \/>\n<meta property=\"og:site_name\" content=\"LATITUDE 15\" \/>\n<meta property=\"article:published_time\" content=\"2026-02-06T15:22:42+00:00\" \/>\n<meta property=\"article:modified_time\" content=\"2026-02-09T20:42:07+00:00\" \/>\n<meta property=\"og:image\" content=\"https:\/\/www.latitude-15.com\/wp-content\/uploads\/2026\/02\/ESETJ.jpg\" \/>\n\t<meta property=\"og:image:width\" content=\"1109\" \/>\n\t<meta property=\"og:image:height\" content=\"758\" \/>\n\t<meta property=\"og:image:type\" content=\"image\/jpeg\" \/>\n<meta name=\"author\" content=\"Joda J\" \/>\n<meta name=\"twitter:card\" content=\"summary_large_image\" \/>\n<meta name=\"twitter:label1\" content=\"Escrito por\" \/>\n\t<meta name=\"twitter:data1\" content=\"Joda J\" \/>\n\t<meta name=\"twitter:label2\" content=\"Est. tempo de leitura\" \/>\n\t<meta name=\"twitter:data2\" content=\"2 minutos\" \/>\n<script type=\"application\/ld+json\" class=\"yoast-schema-graph\">{\"@context\":\"https:\/\/schema.org\",\"@graph\":[{\"@type\":\"Article\",\"@id\":\"https:\/\/www.latitude-15.com\/pt-br\/us-caribbean-maritime-and-ports-forum-2026-foco-regional-nos-desafios-portuarios-e-maritimos\/#article\",\"isPartOf\":{\"@id\":\"https:\/\/www.latitude-15.com\/pt-br\/us-caribbean-maritime-and-ports-forum-2026-foco-regional-nos-desafios-portuarios-e-maritimos\/\"},\"author\":{\"name\":\"Joda J\",\"@id\":\"https:\/\/www.latitude-15.com\/pt-br\/#\/schema\/person\/dac52e7ff44c78317f337da112e37252\"},\"headline\":\"US\u2013Caribbean Maritime and Ports Forum 2026: foco regional nos desafios portu\u00e1rios e mar\u00edtimos\",\"datePublished\":\"2026-02-06T15:22:42+00:00\",\"dateModified\":\"2026-02-09T20:42:07+00:00\",\"mainEntityOfPage\":{\"@id\":\"https:\/\/www.latitude-15.com\/pt-br\/us-caribbean-maritime-and-ports-forum-2026-foco-regional-nos-desafios-portuarios-e-maritimos\/\"},\"wordCount\":469,\"commentCount\":0,\"publisher\":{\"@id\":\"https:\/\/www.latitude-15.com\/pt-br\/#organization\"},\"image\":{\"@id\":\"https:\/\/www.latitude-15.com\/pt-br\/us-caribbean-maritime-and-ports-forum-2026-foco-regional-nos-desafios-portuarios-e-maritimos\/#primaryimage\"},\"thumbnailUrl\":\"https:\/\/www.latitude-15.com\/wp-content\/uploads\/2026\/02\/ESETJ.jpg\",\"articleSection\":[\"MAR\u00cdTIMO\",\"Portos e log\u00edstica\"],\"inLanguage\":\"pt-BR\",\"potentialAction\":[{\"@type\":\"CommentAction\",\"name\":\"Comment\",\"target\":[\"https:\/\/www.latitude-15.com\/pt-br\/us-caribbean-maritime-and-ports-forum-2026-foco-regional-nos-desafios-portuarios-e-maritimos\/#respond\"]}]},{\"@type\":\"WebPage\",\"@id\":\"https:\/\/www.latitude-15.com\/pt-br\/us-caribbean-maritime-and-ports-forum-2026-foco-regional-nos-desafios-portuarios-e-maritimos\/\",\"url\":\"https:\/\/www.latitude-15.com\/pt-br\/us-caribbean-maritime-and-ports-forum-2026-foco-regional-nos-desafios-portuarios-e-maritimos\/\",\"name\":\"US\u2013Caribbean Maritime and Ports Forum 2026: foco regional nos desafios portu\u00e1rios e mar\u00edtimos - LATITUDE 15\",\"isPartOf\":{\"@id\":\"https:\/\/www.latitude-15.com\/pt-br\/#website\"},\"primaryImageOfPage\":{\"@id\":\"https:\/\/www.latitude-15.com\/pt-br\/us-caribbean-maritime-and-ports-forum-2026-foco-regional-nos-desafios-portuarios-e-maritimos\/#primaryimage\"},\"image\":{\"@id\":\"https:\/\/www.latitude-15.com\/pt-br\/us-caribbean-maritime-and-ports-forum-2026-foco-regional-nos-desafios-portuarios-e-maritimos\/#primaryimage\"},\"thumbnailUrl\":\"https:\/\/www.latitude-15.com\/wp-content\/uploads\/2026\/02\/ESETJ.jpg\",\"datePublished\":\"2026-02-06T15:22:42+00:00\",\"dateModified\":\"2026-02-09T20:42:07+00:00\",\"breadcrumb\":{\"@id\":\"https:\/\/www.latitude-15.com\/pt-br\/us-caribbean-maritime-and-ports-forum-2026-foco-regional-nos-desafios-portuarios-e-maritimos\/#breadcrumb\"},\"inLanguage\":\"pt-BR\",\"potentialAction\":[{\"@type\":\"ReadAction\",\"target\":[\"https:\/\/www.latitude-15.com\/pt-br\/us-caribbean-maritime-and-ports-forum-2026-foco-regional-nos-desafios-portuarios-e-maritimos\/\"]}]},{\"@type\":\"ImageObject\",\"inLanguage\":\"pt-BR\",\"@id\":\"https:\/\/www.latitude-15.com\/pt-br\/us-caribbean-maritime-and-ports-forum-2026-foco-regional-nos-desafios-portuarios-e-maritimos\/#primaryimage\",\"url\":\"https:\/\/www.latitude-15.com\/wp-content\/uploads\/2026\/02\/ESETJ.jpg\",\"contentUrl\":\"https:\/\/www.latitude-15.com\/wp-content\/uploads\/2026\/02\/ESETJ.jpg\",\"width\":1109,\"height\":758,\"caption\":\"US Caribbean Maritime\"},{\"@type\":\"BreadcrumbList\",\"@id\":\"https:\/\/www.latitude-15.com\/pt-br\/us-caribbean-maritime-and-ports-forum-2026-foco-regional-nos-desafios-portuarios-e-maritimos\/#breadcrumb\",\"itemListElement\":[{\"@type\":\"ListItem\",\"position\":1,\"name\":\"Home\",\"item\":\"https:\/\/www.latitude-15.com\/pt-br\/inicio\/\"},{\"@type\":\"ListItem\",\"position\":2,\"name\":\"US\u2013Caribbean Maritime and Ports Forum 2026: foco regional nos desafios portu\u00e1rios e mar\u00edtimos\"}]},{\"@type\":\"WebSite\",\"@id\":\"https:\/\/www.latitude-15.com\/pt-br\/#website\",\"url\":\"https:\/\/www.latitude-15.com\/pt-br\/\",\"name\":\"LATITUDE 15\",\"description\":\"Aviation and maritime Magazine - Caribbean &amp; Latin America\",\"publisher\":{\"@id\":\"https:\/\/www.latitude-15.com\/pt-br\/#organization\"},\"potentialAction\":[{\"@type\":\"SearchAction\",\"target\":{\"@type\":\"EntryPoint\",\"urlTemplate\":\"https:\/\/www.latitude-15.com\/pt-br\/?s={search_term_string}\"},\"query-input\":{\"@type\":\"PropertyValueSpecification\",\"valueRequired\":true,\"valueName\":\"search_term_string\"}}],\"inLanguage\":\"pt-BR\"},{\"@type\":\"Organization\",\"@id\":\"https:\/\/www.latitude-15.com\/pt-br\/#organization\",\"name\":\"LATITUDE 15\",\"url\":\"https:\/\/www.latitude-15.com\/pt-br\/\",\"logo\":{\"@type\":\"ImageObject\",\"inLanguage\":\"pt-BR\",\"@id\":\"https:\/\/www.latitude-15.com\/pt-br\/#\/schema\/logo\/image\/\",\"url\":\"https:\/\/www.latitude-15.com\/wp-content\/uploads\/2026\/01\/cropped-logox500px.png\",\"contentUrl\":\"https:\/\/www.latitude-15.com\/wp-content\/uploads\/2026\/01\/cropped-logox500px.png\",\"width\":62,\"height\":75,\"caption\":\"LATITUDE 15\"},\"image\":{\"@id\":\"https:\/\/www.latitude-15.com\/pt-br\/#\/schema\/logo\/image\/\"}},{\"@type\":\"Person\",\"@id\":\"https:\/\/www.latitude-15.com\/pt-br\/#\/schema\/person\/dac52e7ff44c78317f337da112e37252\",\"name\":\"Joda J\",\"image\":{\"@type\":\"ImageObject\",\"inLanguage\":\"pt-BR\",\"@id\":\"https:\/\/www.latitude-15.com\/pt-br\/#\/schema\/person\/image\/\",\"url\":\"https:\/\/secure.gravatar.com\/avatar\/6b1feae555e15404b76616f92d931d12b25ac58024f14ccb43d9d3c012e4c4cf?s=96&d=mm&r=g\",\"contentUrl\":\"https:\/\/secure.gravatar.com\/avatar\/6b1feae555e15404b76616f92d931d12b25ac58024f14ccb43d9d3c012e4c4cf?s=96&d=mm&r=g\",\"caption\":\"Joda J\"},\"url\":\"https:\/\/www.latitude-15.com\/pt-br\/author\/joda\/\"}]}<\/script>\n<!-- \/ Yoast SEO plugin. -->","yoast_head_json":{"title":"US\u2013Caribbean Maritime and Ports Forum 2026: foco regional nos desafios portu\u00e1rios e mar\u00edtimos - LATITUDE 15","robots":{"index":"index","follow":"follow","max-snippet":"max-snippet:-1","max-image-preview":"max-image-preview:large","max-video-preview":"max-video-preview:-1"},"canonical":"https:\/\/www.latitude-15.com\/pt-br\/us-caribbean-maritime-and-ports-forum-2026-foco-regional-nos-desafios-portuarios-e-maritimos\/","og_locale":"pt_BR","og_type":"article","og_title":"US\u2013Caribbean Maritime and Ports Forum 2026: foco regional nos desafios portu\u00e1rios e mar\u00edtimos - LATITUDE 15","og_description":"Em 20 de fevereiro de 2026, Miami sediar\u00e1 o US\u2013Caribbean Maritime and Ports Forum, um evento dedicado \u00e0s quest\u00f5es mar\u00edtimas e portu\u00e1rias entre os Estados Unidos e o Caribe. Organizado pelo Atlantic Council, por meio de seu Adrienne Arsht Latin America Center, o f\u00f3rum reunir\u00e1 representantes institucionais, autoridades portu\u00e1rias, operadores mar\u00edtimos e agentes econ\u00f4micos de [&hellip;]","og_url":"https:\/\/www.latitude-15.com\/pt-br\/us-caribbean-maritime-and-ports-forum-2026-foco-regional-nos-desafios-portuarios-e-maritimos\/","og_site_name":"LATITUDE 15","article_published_time":"2026-02-06T15:22:42+00:00","article_modified_time":"2026-02-09T20:42:07+00:00","og_image":[{"width":1109,"height":758,"url":"https:\/\/www.latitude-15.com\/wp-content\/uploads\/2026\/02\/ESETJ.jpg","type":"image\/jpeg"}],"author":"Joda J","twitter_card":"summary_large_image","twitter_misc":{"Escrito por":"Joda J","Est. tempo de leitura":"2 minutos"},"schema":{"@context":"https:\/\/schema.org","@graph":[{"@type":"Article","@id":"https:\/\/www.latitude-15.com\/pt-br\/us-caribbean-maritime-and-ports-forum-2026-foco-regional-nos-desafios-portuarios-e-maritimos\/#article","isPartOf":{"@id":"https:\/\/www.latitude-15.com\/pt-br\/us-caribbean-maritime-and-ports-forum-2026-foco-regional-nos-desafios-portuarios-e-maritimos\/"},"author":{"name":"Joda J","@id":"https:\/\/www.latitude-15.com\/pt-br\/#\/schema\/person\/dac52e7ff44c78317f337da112e37252"},"headline":"US\u2013Caribbean Maritime and Ports Forum 2026: foco regional nos desafios portu\u00e1rios e mar\u00edtimos","datePublished":"2026-02-06T15:22:42+00:00","dateModified":"2026-02-09T20:42:07+00:00","mainEntityOfPage":{"@id":"https:\/\/www.latitude-15.com\/pt-br\/us-caribbean-maritime-and-ports-forum-2026-foco-regional-nos-desafios-portuarios-e-maritimos\/"},"wordCount":469,"commentCount":0,"publisher":{"@id":"https:\/\/www.latitude-15.com\/pt-br\/#organization"},"image":{"@id":"https:\/\/www.latitude-15.com\/pt-br\/us-caribbean-maritime-and-ports-forum-2026-foco-regional-nos-desafios-portuarios-e-maritimos\/#primaryimage"},"thumbnailUrl":"https:\/\/www.latitude-15.com\/wp-content\/uploads\/2026\/02\/ESETJ.jpg","articleSection":["MAR\u00cdTIMO","Portos e log\u00edstica"],"inLanguage":"pt-BR","potentialAction":[{"@type":"CommentAction","name":"Comment","target":["https:\/\/www.latitude-15.com\/pt-br\/us-caribbean-maritime-and-ports-forum-2026-foco-regional-nos-desafios-portuarios-e-maritimos\/#respond"]}]},{"@type":"WebPage","@id":"https:\/\/www.latitude-15.com\/pt-br\/us-caribbean-maritime-and-ports-forum-2026-foco-regional-nos-desafios-portuarios-e-maritimos\/","url":"https:\/\/www.latitude-15.com\/pt-br\/us-caribbean-maritime-and-ports-forum-2026-foco-regional-nos-desafios-portuarios-e-maritimos\/","name":"US\u2013Caribbean Maritime and Ports Forum 2026: foco regional nos desafios portu\u00e1rios e mar\u00edtimos - LATITUDE 15","isPartOf":{"@id":"https:\/\/www.latitude-15.com\/pt-br\/#website"},"primaryImageOfPage":{"@id":"https:\/\/www.latitude-15.com\/pt-br\/us-caribbean-maritime-and-ports-forum-2026-foco-regional-nos-desafios-portuarios-e-maritimos\/#primaryimage"},"image":{"@id":"https:\/\/www.latitude-15.com\/pt-br\/us-caribbean-maritime-and-ports-forum-2026-foco-regional-nos-desafios-portuarios-e-maritimos\/#primaryimage"},"thumbnailUrl":"https:\/\/www.latitude-15.com\/wp-content\/uploads\/2026\/02\/ESETJ.jpg","datePublished":"2026-02-06T15:22:42+00:00","dateModified":"2026-02-09T20:42:07+00:00","breadcrumb":{"@id":"https:\/\/www.latitude-15.com\/pt-br\/us-caribbean-maritime-and-ports-forum-2026-foco-regional-nos-desafios-portuarios-e-maritimos\/#breadcrumb"},"inLanguage":"pt-BR","potentialAction":[{"@type":"ReadAction","target":["https:\/\/www.latitude-15.com\/pt-br\/us-caribbean-maritime-and-ports-forum-2026-foco-regional-nos-desafios-portuarios-e-maritimos\/"]}]},{"@type":"ImageObject","inLanguage":"pt-BR","@id":"https:\/\/www.latitude-15.com\/pt-br\/us-caribbean-maritime-and-ports-forum-2026-foco-regional-nos-desafios-portuarios-e-maritimos\/#primaryimage","url":"https:\/\/www.latitude-15.com\/wp-content\/uploads\/2026\/02\/ESETJ.jpg","contentUrl":"https:\/\/www.latitude-15.com\/wp-content\/uploads\/2026\/02\/ESETJ.jpg","width":1109,"height":758,"caption":"US Caribbean Maritime"},{"@type":"BreadcrumbList","@id":"https:\/\/www.latitude-15.com\/pt-br\/us-caribbean-maritime-and-ports-forum-2026-foco-regional-nos-desafios-portuarios-e-maritimos\/#breadcrumb","itemListElement":[{"@type":"ListItem","position":1,"name":"Home","item":"https:\/\/www.latitude-15.com\/pt-br\/inicio\/"},{"@type":"ListItem","position":2,"name":"US\u2013Caribbean Maritime and Ports Forum 2026: foco regional nos desafios portu\u00e1rios e mar\u00edtimos"}]},{"@type":"WebSite","@id":"https:\/\/www.latitude-15.com\/pt-br\/#website","url":"https:\/\/www.latitude-15.com\/pt-br\/","name":"LATITUDE 15","description":"Aviation and maritime Magazine - Caribbean &amp; Latin America","publisher":{"@id":"https:\/\/www.latitude-15.com\/pt-br\/#organization"},"potentialAction":[{"@type":"SearchAction","target":{"@type":"EntryPoint","urlTemplate":"https:\/\/www.latitude-15.com\/pt-br\/?s={search_term_string}"},"query-input":{"@type":"PropertyValueSpecification","valueRequired":true,"valueName":"search_term_string"}}],"inLanguage":"pt-BR"},{"@type":"Organization","@id":"https:\/\/www.latitude-15.com\/pt-br\/#organization","name":"LATITUDE 15","url":"https:\/\/www.latitude-15.com\/pt-br\/","logo":{"@type":"ImageObject","inLanguage":"pt-BR","@id":"https:\/\/www.latitude-15.com\/pt-br\/#\/schema\/logo\/image\/","url":"https:\/\/www.latitude-15.com\/wp-content\/uploads\/2026\/01\/cropped-logox500px.png","contentUrl":"https:\/\/www.latitude-15.com\/wp-content\/uploads\/2026\/01\/cropped-logox500px.png","width":62,"height":75,"caption":"LATITUDE 15"},"image":{"@id":"https:\/\/www.latitude-15.com\/pt-br\/#\/schema\/logo\/image\/"}},{"@type":"Person","@id":"https:\/\/www.latitude-15.com\/pt-br\/#\/schema\/person\/dac52e7ff44c78317f337da112e37252","name":"Joda J","image":{"@type":"ImageObject","inLanguage":"pt-BR","@id":"https:\/\/www.latitude-15.com\/pt-br\/#\/schema\/person\/image\/","url":"https:\/\/secure.gravatar.com\/avatar\/6b1feae555e15404b76616f92d931d12b25ac58024f14ccb43d9d3c012e4c4cf?s=96&d=mm&r=g","contentUrl":"https:\/\/secure.gravatar.com\/avatar\/6b1feae555e15404b76616f92d931d12b25ac58024f14ccb43d9d3c012e4c4cf?s=96&d=mm&r=g","caption":"Joda J"},"url":"https:\/\/www.latitude-15.com\/pt-br\/author\/joda\/"}]}},"_links":{"self":[{"href":"https:\/\/www.latitude-15.com\/pt-br\/wp-json\/wp\/v2\/posts\/20241","targetHints":{"allow":["GET"]}}],"collection":[{"href":"https:\/\/www.latitude-15.com\/pt-br\/wp-json\/wp\/v2\/posts"}],"about":[{"href":"https:\/\/www.latitude-15.com\/pt-br\/wp-json\/wp\/v2\/types\/post"}],"author":[{"embeddable":true,"href":"https:\/\/www.latitude-15.com\/pt-br\/wp-json\/wp\/v2\/users\/5"}],"replies":[{"embeddable":true,"href":"https:\/\/www.latitude-15.com\/pt-br\/wp-json\/wp\/v2\/comments?post=20241"}],"version-history":[{"count":1,"href":"https:\/\/www.latitude-15.com\/pt-br\/wp-json\/wp\/v2\/posts\/20241\/revisions"}],"predecessor-version":[{"id":20242,"href":"https:\/\/www.latitude-15.com\/pt-br\/wp-json\/wp\/v2\/posts\/20241\/revisions\/20242"}],"wp:featuredmedia":[{"embeddable":true,"href":"https:\/\/www.latitude-15.com\/pt-br\/wp-json\/wp\/v2\/media\/20240"}],"wp:attachment":[{"href":"https:\/\/www.latitude-15.com\/pt-br\/wp-json\/wp\/v2\/media?parent=20241"}],"wp:term":[{"taxonomy":"category","embeddable":true,"href":"https:\/\/www.latitude-15.com\/pt-br\/wp-json\/wp\/v2\/categories?post=20241"},{"taxonomy":"post_tag","embeddable":true,"href":"https:\/\/www.latitude-15.com\/pt-br\/wp-json\/wp\/v2\/tags?post=20241"}],"curies":[{"name":"wp","href":"https:\/\/api.w.org\/{rel}","templated":true}]}}