{"id":20061,"date":"2026-02-05T11:07:04","date_gmt":"2026-02-05T15:07:04","guid":{"rendered":"https:\/\/www.latitude-15.com\/2026\/02\/05\/latam-airlines-group-41-entregas-previstas-em-2026-um-aumento-de-capacidade-sob-restricao\/"},"modified":"2026-02-05T11:08:45","modified_gmt":"2026-02-05T15:08:45","slug":"latam-airlines-group-41-entregas-previstas-em-2026-um-aumento-de-capacidade-sob-restricao","status":"publish","type":"post","link":"https:\/\/www.latitude-15.com\/pt-br\/latam-airlines-group-41-entregas-previstas-em-2026-um-aumento-de-capacidade-sob-restricao\/","title":{"rendered":"LATAM Airlines Group: 41 entregas previstas em 2026, um aumento de capacidade sob restri\u00e7\u00e3o"},"content":{"rendered":"\n<p>O LATAM Airlines Group prev\u00ea a entrada em frota de 41 novas aeronaves em 2026, como parte de um programa de renova\u00e7\u00e3o e expans\u00e3o destinado a apoiar o crescimento de suas opera\u00e7\u00f5es na Am\u00e9rica Latina. De acordo com suas proje\u00e7\u00f5es operacionais e financeiras, o grupo antecipa um aumento da <em>capacidade de passageiros entre 8% e 10%<\/em>, medida em assentos-quil\u00f4metros oferecidos (ASK), com uma progress\u00e3o mais acentuada nas rotas internacionais do que nos mercados dom\u00e9sticos. <\/p>\n\n<p>As aeronaves esperadas para 2026 dever\u00e3o ser distribu\u00eddas entre os Boeing 787 de longo curso, os avi\u00f5es de corredor \u00fanico da fam\u00edlia A320neo e os jatos regionais Embraer E195-E2, sendo estes \u00faltimos cruciais para a densifica\u00e7\u00e3o da rede regional sul-americana. O grupo confirmou, em suas <a href=\"https:\/\/s205.q4cdn.com\/986550758\/files\/doc_news\/2025\/Dec\/LATAM-Announces-Operational-and-Financial-Projections-for-the-Year-2026-ENG.pdf\">proje\u00e7\u00f5es operacionais e financeiras para o ano de 2026<\/a>, que essas entregas se inserem em um cronograma distribu\u00eddo ao longo do ano, implicando um aumento gradual da capacidade, em vez de um efeito imediato na oferta dispon\u00edvel. <\/p>\n\n<p>Essa trajet\u00f3ria de crescimento, contudo, insere-se em um contexto industrial ainda restrito. A ind\u00fastria aeron\u00e1utica continua a enfrentar escassez de aeronaves novas, prazos de produ\u00e7\u00e3o prolongados e tens\u00f5es persistentes nos motores e nas capacidades de manuten\u00e7\u00e3o. Segundo a Associa\u00e7\u00e3o Internacional de Transporte A\u00e9reo (IATA), essas restri\u00e7\u00f5es limitam a disponibilidade real das frotas e mant\u00eam taxas de utiliza\u00e7\u00e3o elevadas em escala global, apesar de uma demanda sustentada na Am\u00e9rica Latina.  <\/p>\n\n<p>Os l\u00edderes do setor tamb\u00e9m alertam para o alongamento dos ciclos de manuten\u00e7\u00e3o e para a crescente disparidade entre a rentabilidade das companhias a\u00e9reas e a de certos fornecedores cr\u00edticos, nomeadamente os fabricantes de motores. Esses fatores podem impactar a efetiva entrada em opera\u00e7\u00e3o das novas aeronaves e retardar a tradu\u00e7\u00e3o operacional das entregas anunciadas. <\/p>\n\n<p>Para a LATAM, o desafio em 2026 n\u00e3o reside apenas no volume de aeronaves entregues, mas em sua capacidade de absorver essa frota em um ambiente marcado por persistentes restri\u00e7\u00f5es industriais, aeroportu\u00e1rias e operacionais, especialmente em seus principais hubs regionais. O crescimento esperado permanece, assim, estritamente condicionado \u00e0 disponibilidade real das aeronaves e \u00e0 fluidez de toda a cadeia aeron\u00e1utica. <\/p>\n\n<p>Nesse contexto, a trajet\u00f3ria de crescimento da LATAM em 2026 ilustra menos uma expans\u00e3o agressiva e mais um exerc\u00edcio de equil\u00edbrio delicado entre ambi\u00e7\u00e3o comercial, restri\u00e7\u00f5es industriais e robustez operacional.<\/p>\n","protected":false},"excerpt":{"rendered":"<p>O LATAM Airlines Group prev\u00ea a entrada em frota de 41 novas aeronaves em 2026, como parte de um programa de renova\u00e7\u00e3o e expans\u00e3o destinado a apoiar o crescimento de suas opera\u00e7\u00f5es na Am\u00e9rica Latina. De acordo com suas proje\u00e7\u00f5es operacionais e financeiras, o grupo antecipa um aumento da capacidade de passageiros entre 8% e [&hellip;]<\/p>\n","protected":false},"author":4,"featured_media":0,"comment_status":"open","ping_status":"open","sticky":false,"template":"","format":"standard","meta":{"footnotes":""},"categories":[98,101],"tags":[],"class_list":["post-20061","post","type-post","status-publish","format-standard","hentry","category-aviacao","category-conectividade-aerea-e-atratividade-territorial"],"yoast_head":"<!-- This site is optimized with the Yoast SEO plugin v26.9 - https:\/\/yoast.com\/product\/yoast-seo-wordpress\/ -->\n<title>LATAM Airlines Group: 41 entregas previstas em 2026, um aumento de capacidade sob restri\u00e7\u00e3o - LATITUDE 15<\/title>\n<meta name=\"robots\" content=\"index, follow, max-snippet:-1, max-image-preview:large, max-video-preview:-1\" \/>\n<link rel=\"canonical\" href=\"https:\/\/www.latitude-15.com\/pt-br\/latam-airlines-group-41-entregas-previstas-em-2026-um-aumento-de-capacidade-sob-restricao\/\" \/>\n<meta property=\"og:locale\" content=\"pt_BR\" \/>\n<meta property=\"og:type\" content=\"article\" \/>\n<meta property=\"og:title\" content=\"LATAM Airlines Group: 41 entregas previstas em 2026, um aumento de capacidade sob restri\u00e7\u00e3o - LATITUDE 15\" \/>\n<meta property=\"og:description\" content=\"O LATAM Airlines Group prev\u00ea a entrada em frota de 41 novas aeronaves em 2026, como parte de um programa de renova\u00e7\u00e3o e expans\u00e3o destinado a apoiar o crescimento de suas opera\u00e7\u00f5es na Am\u00e9rica Latina. De acordo com suas proje\u00e7\u00f5es operacionais e financeiras, o grupo antecipa um aumento da capacidade de passageiros entre 8% e [&hellip;]\" \/>\n<meta property=\"og:url\" content=\"https:\/\/www.latitude-15.com\/pt-br\/latam-airlines-group-41-entregas-previstas-em-2026-um-aumento-de-capacidade-sob-restricao\/\" \/>\n<meta property=\"og:site_name\" content=\"LATITUDE 15\" \/>\n<meta property=\"article:published_time\" content=\"2026-02-05T15:07:04+00:00\" \/>\n<meta property=\"article:modified_time\" content=\"2026-02-05T15:08:45+00:00\" \/>\n<meta property=\"og:image\" content=\"https:\/\/www.latitude-15.com\/wp-content\/uploads\/2026\/02\/WhatsApp-Image-2026-02-05-at-11.06.02.jpeg\" \/>\n\t<meta property=\"og:image:width\" content=\"1024\" \/>\n\t<meta property=\"og:image:height\" content=\"683\" \/>\n\t<meta property=\"og:image:type\" content=\"image\/jpeg\" \/>\n<meta name=\"author\" content=\"Sabrina AJ\" \/>\n<meta name=\"twitter:card\" content=\"summary_large_image\" \/>\n<meta name=\"twitter:label1\" content=\"Escrito por\" \/>\n\t<meta name=\"twitter:data1\" content=\"Sabrina AJ\" \/>\n\t<meta name=\"twitter:label2\" content=\"Est. tempo de leitura\" \/>\n\t<meta name=\"twitter:data2\" content=\"2 minutos\" \/>\n<script type=\"application\/ld+json\" class=\"yoast-schema-graph\">{\"@context\":\"https:\/\/schema.org\",\"@graph\":[{\"@type\":\"Article\",\"@id\":\"https:\/\/www.latitude-15.com\/pt-br\/latam-airlines-group-41-entregas-previstas-em-2026-um-aumento-de-capacidade-sob-restricao\/#article\",\"isPartOf\":{\"@id\":\"https:\/\/www.latitude-15.com\/pt-br\/latam-airlines-group-41-entregas-previstas-em-2026-um-aumento-de-capacidade-sob-restricao\/\"},\"author\":{\"name\":\"Sabrina AJ\",\"@id\":\"https:\/\/www.latitude-15.com\/pt-br\/#\/schema\/person\/91c01ae4c368ed9f103739b76d543e81\"},\"headline\":\"LATAM Airlines Group: 41 entregas previstas em 2026, um aumento de capacidade sob restri\u00e7\u00e3o\",\"datePublished\":\"2026-02-05T15:07:04+00:00\",\"dateModified\":\"2026-02-05T15:08:45+00:00\",\"mainEntityOfPage\":{\"@id\":\"https:\/\/www.latitude-15.com\/pt-br\/latam-airlines-group-41-entregas-previstas-em-2026-um-aumento-de-capacidade-sob-restricao\/\"},\"wordCount\":419,\"commentCount\":0,\"publisher\":{\"@id\":\"https:\/\/www.latitude-15.com\/pt-br\/#organization\"},\"articleSection\":[\"AVIA\u00c7\u00c3O\",\"Conectividade a\u00e9rea e Atratividade territorial\"],\"inLanguage\":\"pt-BR\",\"potentialAction\":[{\"@type\":\"CommentAction\",\"name\":\"Comment\",\"target\":[\"https:\/\/www.latitude-15.com\/pt-br\/latam-airlines-group-41-entregas-previstas-em-2026-um-aumento-de-capacidade-sob-restricao\/#respond\"]}]},{\"@type\":\"WebPage\",\"@id\":\"https:\/\/www.latitude-15.com\/pt-br\/latam-airlines-group-41-entregas-previstas-em-2026-um-aumento-de-capacidade-sob-restricao\/\",\"url\":\"https:\/\/www.latitude-15.com\/pt-br\/latam-airlines-group-41-entregas-previstas-em-2026-um-aumento-de-capacidade-sob-restricao\/\",\"name\":\"LATAM Airlines Group: 41 entregas previstas em 2026, um aumento de capacidade sob restri\u00e7\u00e3o - LATITUDE 15\",\"isPartOf\":{\"@id\":\"https:\/\/www.latitude-15.com\/pt-br\/#website\"},\"datePublished\":\"2026-02-05T15:07:04+00:00\",\"dateModified\":\"2026-02-05T15:08:45+00:00\",\"breadcrumb\":{\"@id\":\"https:\/\/www.latitude-15.com\/pt-br\/latam-airlines-group-41-entregas-previstas-em-2026-um-aumento-de-capacidade-sob-restricao\/#breadcrumb\"},\"inLanguage\":\"pt-BR\",\"potentialAction\":[{\"@type\":\"ReadAction\",\"target\":[\"https:\/\/www.latitude-15.com\/pt-br\/latam-airlines-group-41-entregas-previstas-em-2026-um-aumento-de-capacidade-sob-restricao\/\"]}]},{\"@type\":\"BreadcrumbList\",\"@id\":\"https:\/\/www.latitude-15.com\/pt-br\/latam-airlines-group-41-entregas-previstas-em-2026-um-aumento-de-capacidade-sob-restricao\/#breadcrumb\",\"itemListElement\":[{\"@type\":\"ListItem\",\"position\":1,\"name\":\"Home\",\"item\":\"https:\/\/www.latitude-15.com\/pt-br\/inicio\/\"},{\"@type\":\"ListItem\",\"position\":2,\"name\":\"LATAM Airlines Group: 41 entregas previstas em 2026, um aumento de capacidade sob restri\u00e7\u00e3o\"}]},{\"@type\":\"WebSite\",\"@id\":\"https:\/\/www.latitude-15.com\/pt-br\/#website\",\"url\":\"https:\/\/www.latitude-15.com\/pt-br\/\",\"name\":\"LATITUDE 15\",\"description\":\"Aviation and maritime Magazine - Caribbean &amp; Latin America\",\"publisher\":{\"@id\":\"https:\/\/www.latitude-15.com\/pt-br\/#organization\"},\"potentialAction\":[{\"@type\":\"SearchAction\",\"target\":{\"@type\":\"EntryPoint\",\"urlTemplate\":\"https:\/\/www.latitude-15.com\/pt-br\/?s={search_term_string}\"},\"query-input\":{\"@type\":\"PropertyValueSpecification\",\"valueRequired\":true,\"valueName\":\"search_term_string\"}}],\"inLanguage\":\"pt-BR\"},{\"@type\":\"Organization\",\"@id\":\"https:\/\/www.latitude-15.com\/pt-br\/#organization\",\"name\":\"LATITUDE 15\",\"url\":\"https:\/\/www.latitude-15.com\/pt-br\/\",\"logo\":{\"@type\":\"ImageObject\",\"inLanguage\":\"pt-BR\",\"@id\":\"https:\/\/www.latitude-15.com\/pt-br\/#\/schema\/logo\/image\/\",\"url\":\"https:\/\/www.latitude-15.com\/wp-content\/uploads\/2026\/01\/cropped-logox500px.png\",\"contentUrl\":\"https:\/\/www.latitude-15.com\/wp-content\/uploads\/2026\/01\/cropped-logox500px.png\",\"width\":62,\"height\":75,\"caption\":\"LATITUDE 15\"},\"image\":{\"@id\":\"https:\/\/www.latitude-15.com\/pt-br\/#\/schema\/logo\/image\/\"}},{\"@type\":\"Person\",\"@id\":\"https:\/\/www.latitude-15.com\/pt-br\/#\/schema\/person\/91c01ae4c368ed9f103739b76d543e81\",\"name\":\"Sabrina AJ\",\"image\":{\"@type\":\"ImageObject\",\"inLanguage\":\"pt-BR\",\"@id\":\"https:\/\/www.latitude-15.com\/pt-br\/#\/schema\/person\/image\/\",\"url\":\"https:\/\/secure.gravatar.com\/avatar\/dda9448c6244bb57751d852e57ef360ef337e5fed6f7146091bc3c71fa25c72b?s=96&d=mm&r=g\",\"contentUrl\":\"https:\/\/secure.gravatar.com\/avatar\/dda9448c6244bb57751d852e57ef360ef337e5fed6f7146091bc3c71fa25c72b?s=96&d=mm&r=g\",\"caption\":\"Sabrina AJ\"},\"url\":\"https:\/\/www.latitude-15.com\/pt-br\/author\/sajax\/\"}]}<\/script>\n<!-- \/ Yoast SEO plugin. -->","yoast_head_json":{"title":"LATAM Airlines Group: 41 entregas previstas em 2026, um aumento de capacidade sob restri\u00e7\u00e3o - LATITUDE 15","robots":{"index":"index","follow":"follow","max-snippet":"max-snippet:-1","max-image-preview":"max-image-preview:large","max-video-preview":"max-video-preview:-1"},"canonical":"https:\/\/www.latitude-15.com\/pt-br\/latam-airlines-group-41-entregas-previstas-em-2026-um-aumento-de-capacidade-sob-restricao\/","og_locale":"pt_BR","og_type":"article","og_title":"LATAM Airlines Group: 41 entregas previstas em 2026, um aumento de capacidade sob restri\u00e7\u00e3o - LATITUDE 15","og_description":"O LATAM Airlines Group prev\u00ea a entrada em frota de 41 novas aeronaves em 2026, como parte de um programa de renova\u00e7\u00e3o e expans\u00e3o destinado a apoiar o crescimento de suas opera\u00e7\u00f5es na Am\u00e9rica Latina. De acordo com suas proje\u00e7\u00f5es operacionais e financeiras, o grupo antecipa um aumento da capacidade de passageiros entre 8% e [&hellip;]","og_url":"https:\/\/www.latitude-15.com\/pt-br\/latam-airlines-group-41-entregas-previstas-em-2026-um-aumento-de-capacidade-sob-restricao\/","og_site_name":"LATITUDE 15","article_published_time":"2026-02-05T15:07:04+00:00","article_modified_time":"2026-02-05T15:08:45+00:00","og_image":[{"width":1024,"height":683,"url":"https:\/\/www.latitude-15.com\/wp-content\/uploads\/2026\/02\/WhatsApp-Image-2026-02-05-at-11.06.02.jpeg","type":"image\/jpeg"}],"author":"Sabrina AJ","twitter_card":"summary_large_image","twitter_misc":{"Escrito por":"Sabrina AJ","Est. tempo de leitura":"2 minutos"},"schema":{"@context":"https:\/\/schema.org","@graph":[{"@type":"Article","@id":"https:\/\/www.latitude-15.com\/pt-br\/latam-airlines-group-41-entregas-previstas-em-2026-um-aumento-de-capacidade-sob-restricao\/#article","isPartOf":{"@id":"https:\/\/www.latitude-15.com\/pt-br\/latam-airlines-group-41-entregas-previstas-em-2026-um-aumento-de-capacidade-sob-restricao\/"},"author":{"name":"Sabrina AJ","@id":"https:\/\/www.latitude-15.com\/pt-br\/#\/schema\/person\/91c01ae4c368ed9f103739b76d543e81"},"headline":"LATAM Airlines Group: 41 entregas previstas em 2026, um aumento de capacidade sob restri\u00e7\u00e3o","datePublished":"2026-02-05T15:07:04+00:00","dateModified":"2026-02-05T15:08:45+00:00","mainEntityOfPage":{"@id":"https:\/\/www.latitude-15.com\/pt-br\/latam-airlines-group-41-entregas-previstas-em-2026-um-aumento-de-capacidade-sob-restricao\/"},"wordCount":419,"commentCount":0,"publisher":{"@id":"https:\/\/www.latitude-15.com\/pt-br\/#organization"},"articleSection":["AVIA\u00c7\u00c3O","Conectividade a\u00e9rea e Atratividade territorial"],"inLanguage":"pt-BR","potentialAction":[{"@type":"CommentAction","name":"Comment","target":["https:\/\/www.latitude-15.com\/pt-br\/latam-airlines-group-41-entregas-previstas-em-2026-um-aumento-de-capacidade-sob-restricao\/#respond"]}]},{"@type":"WebPage","@id":"https:\/\/www.latitude-15.com\/pt-br\/latam-airlines-group-41-entregas-previstas-em-2026-um-aumento-de-capacidade-sob-restricao\/","url":"https:\/\/www.latitude-15.com\/pt-br\/latam-airlines-group-41-entregas-previstas-em-2026-um-aumento-de-capacidade-sob-restricao\/","name":"LATAM Airlines Group: 41 entregas previstas em 2026, um aumento de capacidade sob restri\u00e7\u00e3o - LATITUDE 15","isPartOf":{"@id":"https:\/\/www.latitude-15.com\/pt-br\/#website"},"datePublished":"2026-02-05T15:07:04+00:00","dateModified":"2026-02-05T15:08:45+00:00","breadcrumb":{"@id":"https:\/\/www.latitude-15.com\/pt-br\/latam-airlines-group-41-entregas-previstas-em-2026-um-aumento-de-capacidade-sob-restricao\/#breadcrumb"},"inLanguage":"pt-BR","potentialAction":[{"@type":"ReadAction","target":["https:\/\/www.latitude-15.com\/pt-br\/latam-airlines-group-41-entregas-previstas-em-2026-um-aumento-de-capacidade-sob-restricao\/"]}]},{"@type":"BreadcrumbList","@id":"https:\/\/www.latitude-15.com\/pt-br\/latam-airlines-group-41-entregas-previstas-em-2026-um-aumento-de-capacidade-sob-restricao\/#breadcrumb","itemListElement":[{"@type":"ListItem","position":1,"name":"Home","item":"https:\/\/www.latitude-15.com\/pt-br\/inicio\/"},{"@type":"ListItem","position":2,"name":"LATAM Airlines Group: 41 entregas previstas em 2026, um aumento de capacidade sob restri\u00e7\u00e3o"}]},{"@type":"WebSite","@id":"https:\/\/www.latitude-15.com\/pt-br\/#website","url":"https:\/\/www.latitude-15.com\/pt-br\/","name":"LATITUDE 15","description":"Aviation and maritime Magazine - Caribbean &amp; Latin America","publisher":{"@id":"https:\/\/www.latitude-15.com\/pt-br\/#organization"},"potentialAction":[{"@type":"SearchAction","target":{"@type":"EntryPoint","urlTemplate":"https:\/\/www.latitude-15.com\/pt-br\/?s={search_term_string}"},"query-input":{"@type":"PropertyValueSpecification","valueRequired":true,"valueName":"search_term_string"}}],"inLanguage":"pt-BR"},{"@type":"Organization","@id":"https:\/\/www.latitude-15.com\/pt-br\/#organization","name":"LATITUDE 15","url":"https:\/\/www.latitude-15.com\/pt-br\/","logo":{"@type":"ImageObject","inLanguage":"pt-BR","@id":"https:\/\/www.latitude-15.com\/pt-br\/#\/schema\/logo\/image\/","url":"https:\/\/www.latitude-15.com\/wp-content\/uploads\/2026\/01\/cropped-logox500px.png","contentUrl":"https:\/\/www.latitude-15.com\/wp-content\/uploads\/2026\/01\/cropped-logox500px.png","width":62,"height":75,"caption":"LATITUDE 15"},"image":{"@id":"https:\/\/www.latitude-15.com\/pt-br\/#\/schema\/logo\/image\/"}},{"@type":"Person","@id":"https:\/\/www.latitude-15.com\/pt-br\/#\/schema\/person\/91c01ae4c368ed9f103739b76d543e81","name":"Sabrina AJ","image":{"@type":"ImageObject","inLanguage":"pt-BR","@id":"https:\/\/www.latitude-15.com\/pt-br\/#\/schema\/person\/image\/","url":"https:\/\/secure.gravatar.com\/avatar\/dda9448c6244bb57751d852e57ef360ef337e5fed6f7146091bc3c71fa25c72b?s=96&d=mm&r=g","contentUrl":"https:\/\/secure.gravatar.com\/avatar\/dda9448c6244bb57751d852e57ef360ef337e5fed6f7146091bc3c71fa25c72b?s=96&d=mm&r=g","caption":"Sabrina AJ"},"url":"https:\/\/www.latitude-15.com\/pt-br\/author\/sajax\/"}]}},"_links":{"self":[{"href":"https:\/\/www.latitude-15.com\/pt-br\/wp-json\/wp\/v2\/posts\/20061","targetHints":{"allow":["GET"]}}],"collection":[{"href":"https:\/\/www.latitude-15.com\/pt-br\/wp-json\/wp\/v2\/posts"}],"about":[{"href":"https:\/\/www.latitude-15.com\/pt-br\/wp-json\/wp\/v2\/types\/post"}],"author":[{"embeddable":true,"href":"https:\/\/www.latitude-15.com\/pt-br\/wp-json\/wp\/v2\/users\/4"}],"replies":[{"embeddable":true,"href":"https:\/\/www.latitude-15.com\/pt-br\/wp-json\/wp\/v2\/comments?post=20061"}],"version-history":[{"count":1,"href":"https:\/\/www.latitude-15.com\/pt-br\/wp-json\/wp\/v2\/posts\/20061\/revisions"}],"predecessor-version":[{"id":20062,"href":"https:\/\/www.latitude-15.com\/pt-br\/wp-json\/wp\/v2\/posts\/20061\/revisions\/20062"}],"wp:attachment":[{"href":"https:\/\/www.latitude-15.com\/pt-br\/wp-json\/wp\/v2\/media?parent=20061"}],"wp:term":[{"taxonomy":"category","embeddable":true,"href":"https:\/\/www.latitude-15.com\/pt-br\/wp-json\/wp\/v2\/categories?post=20061"},{"taxonomy":"post_tag","embeddable":true,"href":"https:\/\/www.latitude-15.com\/pt-br\/wp-json\/wp\/v2\/tags?post=20061"}],"curies":[{"name":"wp","href":"https:\/\/api.w.org\/{rel}","templated":true}]}}