{"id":20046,"date":"2026-02-05T10:13:18","date_gmt":"2026-02-05T14:13:18","guid":{"rendered":"https:\/\/www.latitude-15.com\/2026\/02\/05\/trafego-em-alta-avioes-atrasados-por-que-as-companhias-reavaliam-o-120-150-assentos\/"},"modified":"2026-02-05T10:28:03","modified_gmt":"2026-02-05T14:28:03","slug":"trafego-em-alta-avioes-atrasados-por-que-as-companhias-reavaliam-o-120-150-assentos","status":"publish","type":"post","link":"https:\/\/www.latitude-15.com\/pt-br\/trafego-em-alta-avioes-atrasados-por-que-as-companhias-reavaliam-o-120-150-assentos\/","title":{"rendered":"Tr\u00e1fego em alta, avi\u00f5es atrasados: por que as companhias reavaliam o 120\u2013150 assentos?"},"content":{"rendered":"\n<p>Ap\u00f3s a fase de recupera\u00e7\u00e3o p\u00f3s-pandemia, o mercado a\u00e9reo entra em uma sequ\u00eancia mais restrita, onde a demanda continua a progredir, mas a um ritmo agora mais previs\u00edvel. Paralelamente, as tens\u00f5es industriais persistem e limitam as margens de ajuste das companhias. Neste contexto, o segmento intermedi\u00e1rio das aeronaves de linha a jato de 120 a 150 assentos (frequentemente qualificados como &#8220;regional jets&#8221; estendidos ou small narrowbodies) se imp\u00f5e novamente como uma ferramenta de pilotagem fina das redes, particularmente em espa\u00e7os fragmentados e multi-mercados como o Caribe e a Am\u00e9rica Latina.  <\/p>\n\n<figure class=\"wp-block-image size-full\"><img fetchpriority=\"high\" decoding=\"async\" width=\"1000\" height=\"624\" src=\"https:\/\/www.latitude-15.com\/wp-content\/uploads\/2026\/02\/image.jpeg\" alt=\"\" class=\"wp-image-20037\" srcset=\"https:\/\/www.latitude-15.com\/wp-content\/uploads\/2026\/02\/image.jpeg 1000w, https:\/\/www.latitude-15.com\/wp-content\/uploads\/2026\/02\/image-300x187.jpeg 300w, https:\/\/www.latitude-15.com\/wp-content\/uploads\/2026\/02\/image-768x479.jpeg 768w\" sizes=\"(max-width: 1000px) 100vw, 1000px\" \/><\/figure>\n\n<p class=\"has-text-align-left\">Em 2025, o tr\u00e1fego de passageiros mundial progrediu 5,3% em termos de quil\u00f4metros-passageiros pagos, um aumento mais moderado que o ano anterior, segundo a an\u00e1lise do mercado de transporte a\u00e9reo de passageiros publicada pela IATA em dezembro de 2025. Esta normaliza\u00e7\u00e3o n\u00e3o traduz um enfraquecimento da demanda, mas sim um retorno a ritmos hist\u00f3ricos ap\u00f3s o choque de 2022-2024. O sinal \u00e9 claro: a demanda est\u00e1 presente, mas a oferta permanece restrita.  <\/p>\n\n<p>Na regi\u00e3o Am\u00e9rica Latina e Caribe, a din\u00e2mica permanece superior \u00e0 m\u00e9dia mundial. O tr\u00e1fego progrediu quase 7% em 2025, impulsionado tanto pela recupera\u00e7\u00e3o dos fluxos internacionais quanto por mercados dom\u00e9sticos s\u00f3lidos, em primeiro lugar o Brasil, onde o tr\u00e1fego interno saltou mais de 11% no ano, segundo os mesmos dados da IATA. Este crescimento sustentado exerce uma press\u00e3o direta sobre as frotas e sobre as escolhas de capacidade.  <\/p>\n\n<h2 class=\"wp-block-heading\">Uma demanda real, mas avi\u00f5es ainda atrasados<\/h2>\n\n<p>Se os passageiros est\u00e3o presentes, os avi\u00f5es chegam mais lentamente. Em 2025, a capacidade mundial (ASK) progrediu apenas 5,2%, ligeiramente abaixo da demanda, o que elevou o coeficiente de ocupa\u00e7\u00e3o a um n\u00edvel recorde de 83,6%, o mais alto j\u00e1 registrado em um ano completo. Para as companhias, este n\u00famero \u00e9 de duplo gume: testemunha uma boa disciplina de capacidade, mas tamb\u00e9m uma falta persistente de margem de manobra.  <\/p>\n\n<p>Willie Walsh, diretor-geral da IATA, resumiu sem rodeios em janeiro de 2026: as dificuldades da cadeia de suprimentos aeron\u00e1utica foram &#8220;o principal quebra-cabe\u00e7a das companhias em 2025&#8221;, entre atrasos de entrega, indisponibilidade de motores e tens\u00f5es na manuten\u00e7\u00e3o, com um sobrecusto estimado em mais de 11 bilh\u00f5es de d\u00f3lares para o setor. Na falta de melhor op\u00e7\u00e3o, os operadores prolongaram a vida \u00fatil das aeronaves existentes e maximizaram as taxas de ocupa\u00e7\u00e3o, uma solu\u00e7\u00e3o eficaz a curto prazo, mas dificilmente sustent\u00e1vel. <\/p>\n\n<p>\u00c9 neste contexto que o aumento de ritmo anunciado pela Embraer ganha todo o seu sentido para os mercados regionais.<\/p>\n\n<p>Esta tens\u00e3o entre a progress\u00e3o do tr\u00e1fego e uma capacidade que tem dificuldade em acompanhar aparece claramente nos dados regionais publicados pela IATA para o ano de 2025.<\/p>\n\n<figure class=\"wp-block-image size-full\"><img decoding=\"async\" width=\"564\" height=\"341\" data-src=\"https:\/\/www.latitude-15.com\/wp-content\/uploads\/2026\/02\/image-7.png\" alt=\"\" class=\"wp-image-20038 lazyload\" data-srcset=\"https:\/\/www.latitude-15.com\/wp-content\/uploads\/2026\/02\/image-7.png 564w, https:\/\/www.latitude-15.com\/wp-content\/uploads\/2026\/02\/image-7-300x181.png 300w\" data-sizes=\"(max-width: 564px) 100vw, 564px\" src=\"data:image\/svg+xml;base64,PHN2ZyB3aWR0aD0iMSIgaGVpZ2h0PSIxIiB4bWxucz0iaHR0cDovL3d3dy53My5vcmcvMjAwMC9zdmciPjwvc3ZnPg==\" style=\"--smush-placeholder-width: 564px; --smush-placeholder-aspect-ratio: 564\/341;\" \/><\/figure>\n\n<p>Evolu\u00e7\u00e3o RPK vs ASK por regi\u00e3o (2025) &#8211; Fonte: IATA Sustainability and Economics, IATA Information and Data &#8211; Monthly Statistics<\/p>\n\n<h2 class=\"wp-block-heading\">Embraer: visibilidade industrial e retorno do segmento intermedi\u00e1rio<\/h2>\n\n<p>No in\u00edcio de 2026, o fabricante brasileiro confirmou sua inten\u00e7\u00e3o de aumentar progressivamente sua produ\u00e7\u00e3o de jatos comerciais, impulsionado por uma carteira de pedidos E2 em alta e por uma melhoria gradual, mas ainda incompleta, da supply chain. As declara\u00e7\u00f5es divulgadas pela Reuters insistem em um ponto-chave para as companhias: a estabiliza\u00e7\u00e3o industrial s\u00f3 seria plenamente alcan\u00e7ada no horizonte de 2026, mas a visibilidade melhora desde j\u00e1. <\/p>\n\n<p>Esta prud\u00eancia se encontra nos documentos financeiros oficiais do grupo. Em seu relat\u00f3rio anual (Form 20-F), a Embraer reconhece permanecer fortemente dependente de um n\u00famero limitado de fornecedores cr\u00edticos, as compras de componentes representando mais de 77% de seus custos de produ\u00e7\u00e3o em avia\u00e7\u00e3o comercial em 2024. O fabricante tamb\u00e9m destaca que os atrasos ou falhas da cadeia de suprimentos poderiam ainda afetar os ritmos e os cronogramas de entrega, um ponto que as companhias devem integrar em suas decis\u00f5es de frota.  <\/p>\n\n<p>Mas apesar dessas restri\u00e7\u00f5es, a mensagem \u00e9 clara: o segmento at\u00e9 150 assentos, n\u00facleo da fam\u00edlia E-Jets E2, faz parte das prioridades industriais do grupo, precisamente porque responde a uma demanda estrutural nos mercados regionais.<\/p>\n\n<h2 class=\"wp-block-heading\">Por que o 120\u2013150 assentos se adequa particularmente ao Caribe e \u00e0 Am\u00e9rica Latina<\/h2>\n\n<p>No Caribe e na Am\u00e9rica Latina, o desafio n\u00e3o \u00e9 tanto criar demanda quanto servi-la corretamente. Muitas liga\u00e7\u00f5es inter-ilhas ou entre cidades secund\u00e1rias e hubs regionais apresentam volumes suficientes para serem vi\u00e1veis, mas insuficientes para absorver monocorredores de 180 a 220 assentos sem degradar as taxas de ocupa\u00e7\u00e3o. <\/p>\n\n<p>No Caribe, onde a maioria das liga\u00e7\u00f5es permanece de baixa densidade, o 120 assentos constitui menos um padr\u00e3o que um teto operacional, pertinente unicamente em eixos bem identificados e de forte sazonalidade.<\/p>\n\n<p>A aeronave de 120 a 150 assentos torna-se ent\u00e3o uma ferramenta de precis\u00e3o. Permite aumentar as frequ\u00eancias, suavizar a sazonalidade tur\u00edstica e abrir rotas ditas &#8220;thin&#8221;, com um risco financeiro mais controlado. Esta l\u00f3gica \u00e9 ainda mais pertinente porque o crescimento do tr\u00e1fego na regi\u00e3o \u00e9 impulsionado em grande parte pelo internacional, que progrediu mais de 7% em 2025, segundo a an\u00e1lise da IATA, enquanto os mercados dom\u00e9sticos permanecem muito contrastados de um pa\u00eds a outro.  <\/p>\n\n<p>Para as companhias, o desafio n\u00e3o \u00e9 unicamente o custo por assento, mas a capacidade de adaptar finamente a oferta a fluxos irregulares, frequentemente dependentes do turismo, das di\u00e1sporas e das correspond\u00eancias regionais. Neste esquema, o segmento intermedi\u00e1rio desempenha um papel de liga\u00e7\u00e3o entre hubs principais e destinos secund\u00e1rios. <\/p>\n\n<h2 class=\"wp-block-heading\">Limita\u00e7\u00f5es bem identificadas pelos operadores<\/h2>\n\n<p>Contudo, o aumento de pot\u00eancia dos jatos regionais n\u00e3o constitui uma solu\u00e7\u00e3o milagrosa. Os documentos financeiros da Embraer lembram que os cronogramas de entrega permanecem expostos aos imprevistos industriais, enquanto o acesso ao financiamento permanece um fator-chave, em particular em certos mercados caribenhos onde as capacidades de cr\u00e9dito permanecem limitadas. <\/p>\n\n<p>Somam-se restri\u00e7\u00f5es operacionais bem conhecidas: disponibilidade de slots de manuten\u00e7\u00e3o, tens\u00f5es nos motores, escassez de pessoal qualificado e capacidades \u00e0s vezes limitadas dos aeroportos secund\u00e1rios para absorver um aumento das frequ\u00eancias. Tantos par\u00e2metros que imp\u00f5em uma abordagem coordenada entre companhias, autoridades aeroportu\u00e1rias e reguladores. <\/p>\n\n<h2 class=\"wp-block-heading\">Uma alavanca de conectividade, mais que uma aposta industrial<\/h2>\n\n<p>Ao final, o aumento de ritmo da Embraer n\u00e3o deve ser lido como um simples sinal industrial, mas como um indicador de reequil\u00edbrio do mercado. Em uma fase onde o crescimento do tr\u00e1fego se normaliza e onde a capacidade permanece restrita, o jato regional de 120 a 150 assentos torna-se novamente uma ferramenta estrat\u00e9gica para otimizar as redes, em vez de um compromisso por padr\u00e3o. <\/p>\n\n<p>Para o Caribe e a Am\u00e9rica Latina, onde a conectividade regional condiciona diretamente o desenvolvimento econ\u00f4mico e tur\u00edstico, este segmento oferece uma resposta pragm\u00e1tica, desde que se dominem suas limita\u00e7\u00f5es. O desafio, para os atores da regi\u00e3o, ser\u00e1 menos seguir uma tend\u00eancia que integr\u00e1-la inteligentemente em estrat\u00e9gias de frota, de infraestruturas e de financiamento adaptadas \u00e0s realidades locais. <\/p>\n","protected":false},"excerpt":{"rendered":"<p>Ap\u00f3s a fase de recupera\u00e7\u00e3o p\u00f3s-pandemia, o mercado a\u00e9reo entra em uma sequ\u00eancia mais restrita, onde a demanda continua a progredir, mas a um ritmo agora mais previs\u00edvel. Paralelamente, as tens\u00f5es industriais persistem e limitam as margens de ajuste das companhias. Neste contexto, o segmento intermedi\u00e1rio das aeronaves de linha a jato de 120 a [&hellip;]<\/p>\n","protected":false},"author":4,"featured_media":0,"comment_status":"open","ping_status":"open","sticky":false,"template":"","format":"standard","meta":{"footnotes":""},"categories":[98,101],"tags":[],"class_list":["post-20046","post","type-post","status-publish","format-standard","hentry","category-aviacao","category-conectividade-aerea-e-atratividade-territorial"],"yoast_head":"<!-- This site is optimized with the Yoast SEO plugin v26.9 - https:\/\/yoast.com\/product\/yoast-seo-wordpress\/ -->\n<title>Tr\u00e1fego em alta, avi\u00f5es atrasados: por que as companhias reavaliam o 120\u2013150 assentos? - LATITUDE 15<\/title>\n<meta name=\"robots\" content=\"index, follow, max-snippet:-1, max-image-preview:large, max-video-preview:-1\" \/>\n<link rel=\"canonical\" href=\"https:\/\/www.latitude-15.com\/pt-br\/trafego-em-alta-avioes-atrasados-por-que-as-companhias-reavaliam-o-120-150-assentos\/\" \/>\n<meta property=\"og:locale\" content=\"pt_BR\" \/>\n<meta property=\"og:type\" content=\"article\" \/>\n<meta property=\"og:title\" content=\"Tr\u00e1fego em alta, avi\u00f5es atrasados: por que as companhias reavaliam o 120\u2013150 assentos? - LATITUDE 15\" \/>\n<meta property=\"og:description\" content=\"Ap\u00f3s a fase de recupera\u00e7\u00e3o p\u00f3s-pandemia, o mercado a\u00e9reo entra em uma sequ\u00eancia mais restrita, onde a demanda continua a progredir, mas a um ritmo agora mais previs\u00edvel. Paralelamente, as tens\u00f5es industriais persistem e limitam as margens de ajuste das companhias. Neste contexto, o segmento intermedi\u00e1rio das aeronaves de linha a jato de 120 a [&hellip;]\" \/>\n<meta property=\"og:url\" content=\"https:\/\/www.latitude-15.com\/pt-br\/trafego-em-alta-avioes-atrasados-por-que-as-companhias-reavaliam-o-120-150-assentos\/\" \/>\n<meta property=\"og:site_name\" content=\"LATITUDE 15\" \/>\n<meta property=\"article:published_time\" content=\"2026-02-05T14:13:18+00:00\" \/>\n<meta property=\"article:modified_time\" content=\"2026-02-05T14:28:03+00:00\" \/>\n<meta property=\"og:image\" content=\"https:\/\/www.latitude-15.com\/wp-content\/uploads\/2026\/02\/united-CRJ550-first-class-2.jpg\" \/>\n\t<meta property=\"og:image:width\" content=\"800\" \/>\n\t<meta property=\"og:image:height\" content=\"600\" \/>\n\t<meta property=\"og:image:type\" content=\"image\/jpeg\" \/>\n<meta name=\"author\" content=\"Sabrina AJ\" \/>\n<meta name=\"twitter:card\" content=\"summary_large_image\" \/>\n<meta name=\"twitter:label1\" content=\"Escrito por\" \/>\n\t<meta name=\"twitter:data1\" content=\"Sabrina AJ\" \/>\n\t<meta name=\"twitter:label2\" content=\"Est. tempo de leitura\" \/>\n\t<meta name=\"twitter:data2\" content=\"6 minutos\" \/>\n<script type=\"application\/ld+json\" class=\"yoast-schema-graph\">{\"@context\":\"https:\/\/schema.org\",\"@graph\":[{\"@type\":\"Article\",\"@id\":\"https:\/\/www.latitude-15.com\/pt-br\/trafego-em-alta-avioes-atrasados-por-que-as-companhias-reavaliam-o-120-150-assentos\/#article\",\"isPartOf\":{\"@id\":\"https:\/\/www.latitude-15.com\/pt-br\/trafego-em-alta-avioes-atrasados-por-que-as-companhias-reavaliam-o-120-150-assentos\/\"},\"author\":{\"name\":\"Sabrina AJ\",\"@id\":\"https:\/\/www.latitude-15.com\/pt-br\/#\/schema\/person\/91c01ae4c368ed9f103739b76d543e81\"},\"headline\":\"Tr\u00e1fego em alta, avi\u00f5es atrasados: por que as companhias reavaliam o 120\u2013150 assentos?\",\"datePublished\":\"2026-02-05T14:13:18+00:00\",\"dateModified\":\"2026-02-05T14:28:03+00:00\",\"mainEntityOfPage\":{\"@id\":\"https:\/\/www.latitude-15.com\/pt-br\/trafego-em-alta-avioes-atrasados-por-que-as-companhias-reavaliam-o-120-150-assentos\/\"},\"wordCount\":1192,\"commentCount\":0,\"publisher\":{\"@id\":\"https:\/\/www.latitude-15.com\/pt-br\/#organization\"},\"image\":{\"@id\":\"https:\/\/www.latitude-15.com\/pt-br\/trafego-em-alta-avioes-atrasados-por-que-as-companhias-reavaliam-o-120-150-assentos\/#primaryimage\"},\"thumbnailUrl\":\"https:\/\/www.latitude-15.com\/wp-content\/uploads\/2026\/02\/image.jpeg\",\"articleSection\":[\"AVIA\u00c7\u00c3O\",\"Conectividade a\u00e9rea e Atratividade territorial\"],\"inLanguage\":\"pt-BR\",\"potentialAction\":[{\"@type\":\"CommentAction\",\"name\":\"Comment\",\"target\":[\"https:\/\/www.latitude-15.com\/pt-br\/trafego-em-alta-avioes-atrasados-por-que-as-companhias-reavaliam-o-120-150-assentos\/#respond\"]}]},{\"@type\":\"WebPage\",\"@id\":\"https:\/\/www.latitude-15.com\/pt-br\/trafego-em-alta-avioes-atrasados-por-que-as-companhias-reavaliam-o-120-150-assentos\/\",\"url\":\"https:\/\/www.latitude-15.com\/pt-br\/trafego-em-alta-avioes-atrasados-por-que-as-companhias-reavaliam-o-120-150-assentos\/\",\"name\":\"Tr\u00e1fego em alta, avi\u00f5es atrasados: por que as companhias reavaliam o 120\u2013150 assentos? - LATITUDE 15\",\"isPartOf\":{\"@id\":\"https:\/\/www.latitude-15.com\/pt-br\/#website\"},\"primaryImageOfPage\":{\"@id\":\"https:\/\/www.latitude-15.com\/pt-br\/trafego-em-alta-avioes-atrasados-por-que-as-companhias-reavaliam-o-120-150-assentos\/#primaryimage\"},\"image\":{\"@id\":\"https:\/\/www.latitude-15.com\/pt-br\/trafego-em-alta-avioes-atrasados-por-que-as-companhias-reavaliam-o-120-150-assentos\/#primaryimage\"},\"thumbnailUrl\":\"https:\/\/www.latitude-15.com\/wp-content\/uploads\/2026\/02\/image.jpeg\",\"datePublished\":\"2026-02-05T14:13:18+00:00\",\"dateModified\":\"2026-02-05T14:28:03+00:00\",\"breadcrumb\":{\"@id\":\"https:\/\/www.latitude-15.com\/pt-br\/trafego-em-alta-avioes-atrasados-por-que-as-companhias-reavaliam-o-120-150-assentos\/#breadcrumb\"},\"inLanguage\":\"pt-BR\",\"potentialAction\":[{\"@type\":\"ReadAction\",\"target\":[\"https:\/\/www.latitude-15.com\/pt-br\/trafego-em-alta-avioes-atrasados-por-que-as-companhias-reavaliam-o-120-150-assentos\/\"]}]},{\"@type\":\"ImageObject\",\"inLanguage\":\"pt-BR\",\"@id\":\"https:\/\/www.latitude-15.com\/pt-br\/trafego-em-alta-avioes-atrasados-por-que-as-companhias-reavaliam-o-120-150-assentos\/#primaryimage\",\"url\":\"https:\/\/www.latitude-15.com\/wp-content\/uploads\/2026\/02\/image.jpeg\",\"contentUrl\":\"https:\/\/www.latitude-15.com\/wp-content\/uploads\/2026\/02\/image.jpeg\"},{\"@type\":\"BreadcrumbList\",\"@id\":\"https:\/\/www.latitude-15.com\/pt-br\/trafego-em-alta-avioes-atrasados-por-que-as-companhias-reavaliam-o-120-150-assentos\/#breadcrumb\",\"itemListElement\":[{\"@type\":\"ListItem\",\"position\":1,\"name\":\"Home\",\"item\":\"https:\/\/www.latitude-15.com\/pt-br\/inicio\/\"},{\"@type\":\"ListItem\",\"position\":2,\"name\":\"Tr\u00e1fego em alta, avi\u00f5es atrasados: por que as companhias reavaliam o 120\u2013150 assentos?\"}]},{\"@type\":\"WebSite\",\"@id\":\"https:\/\/www.latitude-15.com\/pt-br\/#website\",\"url\":\"https:\/\/www.latitude-15.com\/pt-br\/\",\"name\":\"LATITUDE 15\",\"description\":\"Aviation and maritime Magazine - Caribbean &amp; Latin America\",\"publisher\":{\"@id\":\"https:\/\/www.latitude-15.com\/pt-br\/#organization\"},\"potentialAction\":[{\"@type\":\"SearchAction\",\"target\":{\"@type\":\"EntryPoint\",\"urlTemplate\":\"https:\/\/www.latitude-15.com\/pt-br\/?s={search_term_string}\"},\"query-input\":{\"@type\":\"PropertyValueSpecification\",\"valueRequired\":true,\"valueName\":\"search_term_string\"}}],\"inLanguage\":\"pt-BR\"},{\"@type\":\"Organization\",\"@id\":\"https:\/\/www.latitude-15.com\/pt-br\/#organization\",\"name\":\"LATITUDE 15\",\"url\":\"https:\/\/www.latitude-15.com\/pt-br\/\",\"logo\":{\"@type\":\"ImageObject\",\"inLanguage\":\"pt-BR\",\"@id\":\"https:\/\/www.latitude-15.com\/pt-br\/#\/schema\/logo\/image\/\",\"url\":\"https:\/\/www.latitude-15.com\/wp-content\/uploads\/2026\/01\/cropped-logox500px.png\",\"contentUrl\":\"https:\/\/www.latitude-15.com\/wp-content\/uploads\/2026\/01\/cropped-logox500px.png\",\"width\":62,\"height\":75,\"caption\":\"LATITUDE 15\"},\"image\":{\"@id\":\"https:\/\/www.latitude-15.com\/pt-br\/#\/schema\/logo\/image\/\"}},{\"@type\":\"Person\",\"@id\":\"https:\/\/www.latitude-15.com\/pt-br\/#\/schema\/person\/91c01ae4c368ed9f103739b76d543e81\",\"name\":\"Sabrina AJ\",\"image\":{\"@type\":\"ImageObject\",\"inLanguage\":\"pt-BR\",\"@id\":\"https:\/\/www.latitude-15.com\/pt-br\/#\/schema\/person\/image\/\",\"url\":\"https:\/\/secure.gravatar.com\/avatar\/dda9448c6244bb57751d852e57ef360ef337e5fed6f7146091bc3c71fa25c72b?s=96&d=mm&r=g\",\"contentUrl\":\"https:\/\/secure.gravatar.com\/avatar\/dda9448c6244bb57751d852e57ef360ef337e5fed6f7146091bc3c71fa25c72b?s=96&d=mm&r=g\",\"caption\":\"Sabrina AJ\"},\"url\":\"https:\/\/www.latitude-15.com\/pt-br\/author\/sajax\/\"}]}<\/script>\n<!-- \/ Yoast SEO plugin. -->","yoast_head_json":{"title":"Tr\u00e1fego em alta, avi\u00f5es atrasados: por que as companhias reavaliam o 120\u2013150 assentos? - LATITUDE 15","robots":{"index":"index","follow":"follow","max-snippet":"max-snippet:-1","max-image-preview":"max-image-preview:large","max-video-preview":"max-video-preview:-1"},"canonical":"https:\/\/www.latitude-15.com\/pt-br\/trafego-em-alta-avioes-atrasados-por-que-as-companhias-reavaliam-o-120-150-assentos\/","og_locale":"pt_BR","og_type":"article","og_title":"Tr\u00e1fego em alta, avi\u00f5es atrasados: por que as companhias reavaliam o 120\u2013150 assentos? - LATITUDE 15","og_description":"Ap\u00f3s a fase de recupera\u00e7\u00e3o p\u00f3s-pandemia, o mercado a\u00e9reo entra em uma sequ\u00eancia mais restrita, onde a demanda continua a progredir, mas a um ritmo agora mais previs\u00edvel. Paralelamente, as tens\u00f5es industriais persistem e limitam as margens de ajuste das companhias. Neste contexto, o segmento intermedi\u00e1rio das aeronaves de linha a jato de 120 a [&hellip;]","og_url":"https:\/\/www.latitude-15.com\/pt-br\/trafego-em-alta-avioes-atrasados-por-que-as-companhias-reavaliam-o-120-150-assentos\/","og_site_name":"LATITUDE 15","article_published_time":"2026-02-05T14:13:18+00:00","article_modified_time":"2026-02-05T14:28:03+00:00","og_image":[{"width":800,"height":600,"url":"https:\/\/www.latitude-15.com\/wp-content\/uploads\/2026\/02\/united-CRJ550-first-class-2.jpg","type":"image\/jpeg"}],"author":"Sabrina AJ","twitter_card":"summary_large_image","twitter_misc":{"Escrito por":"Sabrina AJ","Est. tempo de leitura":"6 minutos"},"schema":{"@context":"https:\/\/schema.org","@graph":[{"@type":"Article","@id":"https:\/\/www.latitude-15.com\/pt-br\/trafego-em-alta-avioes-atrasados-por-que-as-companhias-reavaliam-o-120-150-assentos\/#article","isPartOf":{"@id":"https:\/\/www.latitude-15.com\/pt-br\/trafego-em-alta-avioes-atrasados-por-que-as-companhias-reavaliam-o-120-150-assentos\/"},"author":{"name":"Sabrina AJ","@id":"https:\/\/www.latitude-15.com\/pt-br\/#\/schema\/person\/91c01ae4c368ed9f103739b76d543e81"},"headline":"Tr\u00e1fego em alta, avi\u00f5es atrasados: por que as companhias reavaliam o 120\u2013150 assentos?","datePublished":"2026-02-05T14:13:18+00:00","dateModified":"2026-02-05T14:28:03+00:00","mainEntityOfPage":{"@id":"https:\/\/www.latitude-15.com\/pt-br\/trafego-em-alta-avioes-atrasados-por-que-as-companhias-reavaliam-o-120-150-assentos\/"},"wordCount":1192,"commentCount":0,"publisher":{"@id":"https:\/\/www.latitude-15.com\/pt-br\/#organization"},"image":{"@id":"https:\/\/www.latitude-15.com\/pt-br\/trafego-em-alta-avioes-atrasados-por-que-as-companhias-reavaliam-o-120-150-assentos\/#primaryimage"},"thumbnailUrl":"https:\/\/www.latitude-15.com\/wp-content\/uploads\/2026\/02\/image.jpeg","articleSection":["AVIA\u00c7\u00c3O","Conectividade a\u00e9rea e Atratividade territorial"],"inLanguage":"pt-BR","potentialAction":[{"@type":"CommentAction","name":"Comment","target":["https:\/\/www.latitude-15.com\/pt-br\/trafego-em-alta-avioes-atrasados-por-que-as-companhias-reavaliam-o-120-150-assentos\/#respond"]}]},{"@type":"WebPage","@id":"https:\/\/www.latitude-15.com\/pt-br\/trafego-em-alta-avioes-atrasados-por-que-as-companhias-reavaliam-o-120-150-assentos\/","url":"https:\/\/www.latitude-15.com\/pt-br\/trafego-em-alta-avioes-atrasados-por-que-as-companhias-reavaliam-o-120-150-assentos\/","name":"Tr\u00e1fego em alta, avi\u00f5es atrasados: por que as companhias reavaliam o 120\u2013150 assentos? - LATITUDE 15","isPartOf":{"@id":"https:\/\/www.latitude-15.com\/pt-br\/#website"},"primaryImageOfPage":{"@id":"https:\/\/www.latitude-15.com\/pt-br\/trafego-em-alta-avioes-atrasados-por-que-as-companhias-reavaliam-o-120-150-assentos\/#primaryimage"},"image":{"@id":"https:\/\/www.latitude-15.com\/pt-br\/trafego-em-alta-avioes-atrasados-por-que-as-companhias-reavaliam-o-120-150-assentos\/#primaryimage"},"thumbnailUrl":"https:\/\/www.latitude-15.com\/wp-content\/uploads\/2026\/02\/image.jpeg","datePublished":"2026-02-05T14:13:18+00:00","dateModified":"2026-02-05T14:28:03+00:00","breadcrumb":{"@id":"https:\/\/www.latitude-15.com\/pt-br\/trafego-em-alta-avioes-atrasados-por-que-as-companhias-reavaliam-o-120-150-assentos\/#breadcrumb"},"inLanguage":"pt-BR","potentialAction":[{"@type":"ReadAction","target":["https:\/\/www.latitude-15.com\/pt-br\/trafego-em-alta-avioes-atrasados-por-que-as-companhias-reavaliam-o-120-150-assentos\/"]}]},{"@type":"ImageObject","inLanguage":"pt-BR","@id":"https:\/\/www.latitude-15.com\/pt-br\/trafego-em-alta-avioes-atrasados-por-que-as-companhias-reavaliam-o-120-150-assentos\/#primaryimage","url":"https:\/\/www.latitude-15.com\/wp-content\/uploads\/2026\/02\/image.jpeg","contentUrl":"https:\/\/www.latitude-15.com\/wp-content\/uploads\/2026\/02\/image.jpeg"},{"@type":"BreadcrumbList","@id":"https:\/\/www.latitude-15.com\/pt-br\/trafego-em-alta-avioes-atrasados-por-que-as-companhias-reavaliam-o-120-150-assentos\/#breadcrumb","itemListElement":[{"@type":"ListItem","position":1,"name":"Home","item":"https:\/\/www.latitude-15.com\/pt-br\/inicio\/"},{"@type":"ListItem","position":2,"name":"Tr\u00e1fego em alta, avi\u00f5es atrasados: por que as companhias reavaliam o 120\u2013150 assentos?"}]},{"@type":"WebSite","@id":"https:\/\/www.latitude-15.com\/pt-br\/#website","url":"https:\/\/www.latitude-15.com\/pt-br\/","name":"LATITUDE 15","description":"Aviation and maritime Magazine - Caribbean &amp; Latin America","publisher":{"@id":"https:\/\/www.latitude-15.com\/pt-br\/#organization"},"potentialAction":[{"@type":"SearchAction","target":{"@type":"EntryPoint","urlTemplate":"https:\/\/www.latitude-15.com\/pt-br\/?s={search_term_string}"},"query-input":{"@type":"PropertyValueSpecification","valueRequired":true,"valueName":"search_term_string"}}],"inLanguage":"pt-BR"},{"@type":"Organization","@id":"https:\/\/www.latitude-15.com\/pt-br\/#organization","name":"LATITUDE 15","url":"https:\/\/www.latitude-15.com\/pt-br\/","logo":{"@type":"ImageObject","inLanguage":"pt-BR","@id":"https:\/\/www.latitude-15.com\/pt-br\/#\/schema\/logo\/image\/","url":"https:\/\/www.latitude-15.com\/wp-content\/uploads\/2026\/01\/cropped-logox500px.png","contentUrl":"https:\/\/www.latitude-15.com\/wp-content\/uploads\/2026\/01\/cropped-logox500px.png","width":62,"height":75,"caption":"LATITUDE 15"},"image":{"@id":"https:\/\/www.latitude-15.com\/pt-br\/#\/schema\/logo\/image\/"}},{"@type":"Person","@id":"https:\/\/www.latitude-15.com\/pt-br\/#\/schema\/person\/91c01ae4c368ed9f103739b76d543e81","name":"Sabrina AJ","image":{"@type":"ImageObject","inLanguage":"pt-BR","@id":"https:\/\/www.latitude-15.com\/pt-br\/#\/schema\/person\/image\/","url":"https:\/\/secure.gravatar.com\/avatar\/dda9448c6244bb57751d852e57ef360ef337e5fed6f7146091bc3c71fa25c72b?s=96&d=mm&r=g","contentUrl":"https:\/\/secure.gravatar.com\/avatar\/dda9448c6244bb57751d852e57ef360ef337e5fed6f7146091bc3c71fa25c72b?s=96&d=mm&r=g","caption":"Sabrina AJ"},"url":"https:\/\/www.latitude-15.com\/pt-br\/author\/sajax\/"}]}},"_links":{"self":[{"href":"https:\/\/www.latitude-15.com\/pt-br\/wp-json\/wp\/v2\/posts\/20046","targetHints":{"allow":["GET"]}}],"collection":[{"href":"https:\/\/www.latitude-15.com\/pt-br\/wp-json\/wp\/v2\/posts"}],"about":[{"href":"https:\/\/www.latitude-15.com\/pt-br\/wp-json\/wp\/v2\/types\/post"}],"author":[{"embeddable":true,"href":"https:\/\/www.latitude-15.com\/pt-br\/wp-json\/wp\/v2\/users\/4"}],"replies":[{"embeddable":true,"href":"https:\/\/www.latitude-15.com\/pt-br\/wp-json\/wp\/v2\/comments?post=20046"}],"version-history":[{"count":1,"href":"https:\/\/www.latitude-15.com\/pt-br\/wp-json\/wp\/v2\/posts\/20046\/revisions"}],"predecessor-version":[{"id":20047,"href":"https:\/\/www.latitude-15.com\/pt-br\/wp-json\/wp\/v2\/posts\/20046\/revisions\/20047"}],"wp:attachment":[{"href":"https:\/\/www.latitude-15.com\/pt-br\/wp-json\/wp\/v2\/media?parent=20046"}],"wp:term":[{"taxonomy":"category","embeddable":true,"href":"https:\/\/www.latitude-15.com\/pt-br\/wp-json\/wp\/v2\/categories?post=20046"},{"taxonomy":"post_tag","embeddable":true,"href":"https:\/\/www.latitude-15.com\/pt-br\/wp-json\/wp\/v2\/tags?post=20046"}],"curies":[{"name":"wp","href":"https:\/\/api.w.org\/{rel}","templated":true}]}}