{"id":19936,"date":"2026-01-30T16:16:51","date_gmt":"2026-01-30T20:16:51","guid":{"rendered":"https:\/\/www.latitude-15.com\/2026\/02\/04\/carga-aerea-um-mercado-global-em-equilibrio-uma-equacao-mais-tensa-para-a-america-latina\/"},"modified":"2026-02-04T16:47:29","modified_gmt":"2026-02-04T20:47:29","slug":"carga-aerea-um-mercado-global-em-equilibrio-uma-equacao-mais-tensa-para-a-america-latina","status":"publish","type":"post","link":"https:\/\/www.latitude-15.com\/pt-br\/carga-aerea-um-mercado-global-em-equilibrio-uma-equacao-mais-tensa-para-a-america-latina\/","title":{"rendered":"Carga a\u00e9rea: um mercado global em equil\u00edbrio, uma equa\u00e7\u00e3o mais tensa para a Am\u00e9rica Latina"},"content":{"rendered":"\n<p>Em 2025, a carga a\u00e9rea global confirmou sua capacidade de adapta\u00e7\u00e3o em um ambiente econ\u00f4mico e comercial ainda inst\u00e1vel. Os volumes atingem um n\u00edvel recorde, impulsionados pela solidez do e-commerce, pela reorganiza\u00e7\u00e3o das cadeias log\u00edsticas e pela crescente necessidade de solu\u00e7\u00f5es de transporte r\u00e1pido para mercadorias de alto valor agregado. Mas por tr\u00e1s desse desempenho global, as din\u00e2micas regionais divergem nitidamente. Na Am\u00e9rica Latina e no Caribe, o crescimento existe, mas \u00e9 acompanhado por tens\u00f5es estruturais que questionam as escolhas operacionais dos atores do setor.   <\/p>\n\n<p>\u2014<\/p>\n\n<p>Em resumo: <\/p>\n\n<ul class=\"wp-block-list\">\n<li>Em 2025, a carga a\u00e9rea global atinge um volume recorde, impulsionada pelo e-commerce e pela reorganiza\u00e7\u00e3o das cadeias log\u00edsticas, mas em um contexto de normaliza\u00e7\u00e3o dos mercados.<\/li>\n\n\n\n<li>Na Am\u00e9rica Latina e no Caribe, a demanda progride ao longo do ano, mas mostra sinais de fragilidade no final do exerc\u00edcio, com uma capacidade que aumenta mais rapidamente do que os volumes transportados.<\/li>\n\n\n\n<li>Em um ambiente de recomposi\u00e7\u00e3o dos corredores globais, o desempenho dos atores regionais baseia-se agora em arbitragens precisas em termos de capacidade, redes e especializa\u00e7\u00e3o de carga.<\/li>\n<\/ul>\n\n<p>\u2014<\/p>\n\n<figure class=\"wp-block-image size-full\"><img fetchpriority=\"high\" decoding=\"async\" width=\"1000\" height=\"668\" src=\"https:\/\/www.latitude-15.com\/wp-content\/uploads\/2026\/02\/image-1.png\" alt=\"\" class=\"wp-image-19922\" srcset=\"https:\/\/www.latitude-15.com\/wp-content\/uploads\/2026\/02\/image-1.png 1000w, https:\/\/www.latitude-15.com\/wp-content\/uploads\/2026\/02\/image-1-300x200.png 300w, https:\/\/www.latitude-15.com\/wp-content\/uploads\/2026\/02\/image-1-768x513.png 768w\" sizes=\"(max-width: 1000px) 100vw, 1000px\" \/><\/figure>\n\n<h2 class=\"wp-block-heading\">Um mercado global s\u00f3lido, mas que entrou em fase de normaliza\u00e7\u00e3o<\/h2>\n\n<p>Os n\u00fameros de 2025 traduzem, acima de tudo, um retorno ao equil\u00edbrio. A demanda global por carga a\u00e9rea cresceu 3,4% ao longo do ano, enquanto a capacidade aumentou 3,7%. A diferen\u00e7a permanece pequena, sinal de que o mercado ainda absorve a oferta adicional sem recriar os desequil\u00edbrios extremos observados durante o per\u00edodo p\u00f3s-Covid.  <\/p>\n\n<p>Essa din\u00e2mica marca uma ruptura com os anos de recupera\u00e7\u00e3o excepcional. A carga a\u00e9rea n\u00e3o \u00e9 mais impulsionada por um choque ex\u00f3geno, mas por fatores estruturais mais cl\u00e1ssicos: interc\u00e2mbios internacionais, e-commerce transfronteiri\u00e7o, necessidades log\u00edsticas ligadas \u00e0 fragmenta\u00e7\u00e3o das cadeias de produ\u00e7\u00e3o.  <\/p>\n\n<p>Os rendimentos continuam seu ajuste para baixo, com uma queda anual limitada a 1,5%. Essa corre\u00e7\u00e3o permanece contida e, acima de tudo, muito relativa, j\u00e1 que os yields permanecem amplamente superiores aos n\u00edveis de 2019.  <\/p>\n\n<p>Para os operadores, o sinal \u00e9 claro: o mercado n\u00e3o est\u00e1 em colapso, mas agora exige uma gest\u00e3o mais refinada das capacidades e das redes.<\/p>\n\n<h2 class=\"wp-block-heading\">Am\u00e9rica Latina e Caribe: um crescimento anual real, mas fragilizado<\/h2>\n\n<p>Nesse contexto globalmente est\u00e1vel, a Am\u00e9rica Latina e o Caribe registram um crescimento anual da demanda de 2,3% em 2025. Esse n\u00famero, isoladamente, confirma que a regi\u00e3o permanece integrada aos fluxos globais e ainda se beneficia de certos motores estruturais, notadamente a exporta\u00e7\u00e3o de produtos agr\u00edcolas, farmac\u00eauticos ou com alta restri\u00e7\u00e3o de tempo. <\/p>\n\n<p>No entanto, a trajet\u00f3ria intra-anual \u00e9 mais contrastada. Ap\u00f3s um primeiro semestre relativamente din\u00e2mico, a segunda metade do ano se mostra nitidamente mais dif\u00edcil. Em dezembro, a regi\u00e3o registra uma queda acentuada na demanda, mesmo com a maioria das outras zonas continuando seu progresso. Esse desempenho insatisfat\u00f3rio de fim de ano n\u00e3o \u00e9 aned\u00f3tico: ele destaca uma vulnerabilidade crescente diante das recomposi\u00e7\u00f5es dos fluxos internacionais.   <\/p>\n\n<p>Ao mesmo tempo, a capacidade continua a progredir a um ritmo superior ao da demanda. Resultado: as taxas de ocupa\u00e7\u00e3o recuam, caindo para n\u00edveis sensivelmente inferiores \u00e0 m\u00e9dia global. Para as companhias e operadores de carga da regi\u00e3o, a quest\u00e3o n\u00e3o \u00e9, portanto, a do crescimento bruto, mas sim a da sustentabilidade econ\u00f4mica das opera\u00e7\u00f5es.  <\/p>\n\n<figure class=\"wp-block-image size-large\"><img decoding=\"async\" width=\"1024\" height=\"576\" data-src=\"https:\/\/www.latitude-15.com\/wp-content\/uploads\/2026\/02\/image-1024x576.png\" alt=\"\" class=\"wp-image-19920 lazyload\" data-srcset=\"https:\/\/www.latitude-15.com\/wp-content\/uploads\/2026\/02\/image-1024x576.png 1024w, https:\/\/www.latitude-15.com\/wp-content\/uploads\/2026\/02\/image-300x169.png 300w, https:\/\/www.latitude-15.com\/wp-content\/uploads\/2026\/02\/image-768x432.png 768w, https:\/\/www.latitude-15.com\/wp-content\/uploads\/2026\/02\/image-1536x864.png 1536w, https:\/\/www.latitude-15.com\/wp-content\/uploads\/2026\/02\/image-2048x1152.png 2048w, https:\/\/www.latitude-15.com\/wp-content\/uploads\/2026\/02\/image-1320x743.png 1320w\" data-sizes=\"(max-width: 1024px) 100vw, 1024px\" src=\"data:image\/svg+xml;base64,PHN2ZyB3aWR0aD0iMSIgaGVpZ2h0PSIxIiB4bWxucz0iaHR0cDovL3d3dy53My5vcmcvMjAwMC9zdmciPjwvc3ZnPg==\" style=\"--smush-placeholder-width: 1024px; --smush-placeholder-aspect-ratio: 1024\/576;\" \/><\/figure>\n\n<h2 class=\"wp-block-heading\">Capacidade e rentabilidade: o cerne das arbitragens para os operadores<\/h2>\n\n<p>Essa diverg\u00eancia entre a evolu\u00e7\u00e3o da oferta e a da demanda coloca os atores latino-caribenhos diante de uma equa\u00e7\u00e3o mais complexa. Em um mercado global agora normalizado, o simples aumento de capacidade n\u00e3o garante mais a cria\u00e7\u00e3o de valor. Pelo contr\u00e1rio, pode acentuar a press\u00e3o sobre as margens quando os volumes n\u00e3o acompanham.  <\/p>\n\n<p>O debate, assim, se desloca para a aloca\u00e7\u00e3o \u00f3tima dos recursos. O retorno progressivo das capacidades de passageiros devolve import\u00e2ncia ao belly cargo, que capta uma parcela crescente da demanda marginal. Os cargueiros, sempre centrais no frete internacional, veem seu desdobramento tornar-se mais seletivo, em fun\u00e7\u00e3o dos corredores e das perspectivas de rendimento.  <\/p>\n\n<p>Para as companhias da regi\u00e3o, essas evolu\u00e7\u00f5es implicam escolhas estruturantes: ajustar as frequ\u00eancias, focar nos fluxos mais resilientes, refor\u00e7ar as parcerias inter-regionais, ou at\u00e9 mesmo reposicionar-se em segmentos de nicho onde a restri\u00e7\u00e3o de tempo prevalece sobre o custo. A carga a\u00e9rea deixa de ser um simples volume de apoio; torna-se uma alavanca estrat\u00e9gica por si s\u00f3. <\/p>\n\n<h2 class=\"wp-block-heading\">Recomposi\u00e7\u00e3o dos corredores globais: um ambiente menos favor\u00e1vel<\/h2>\n\n<p>Essa press\u00e3o tamb\u00e9m se explica pela r\u00e1pida transforma\u00e7\u00e3o dos grandes eixos do com\u00e9rcio a\u00e9reo. Em 2025, os fluxos globais se deslocam progressivamente para corredores considerados mais resilientes, notadamente entre a Europa e a \u00c1sia, ou dentro do pr\u00f3prio continente asi\u00e1tico. Inversamente, alguns eixos historicamente dominantes perdem terreno sob o efeito combinado das tens\u00f5es comerciais, das pol\u00edticas tarif\u00e1rias e da redefini\u00e7\u00e3o das cadeias de suprimentos.  <\/p>\n\n<p>Para a Am\u00e9rica Latina e o Caribe, essa recomposi\u00e7\u00e3o significa uma perda relativa de centralidade nos grandes fluxos intercontinentais. A regi\u00e3o n\u00e3o est\u00e1 marginalizada, mas precisa lidar com um ambiente onde a concorr\u00eancia entre corredores \u00e9 mais forte e onde a depend\u00eancia de algumas rotas-chave se torna um fator de risco. <\/p>\n\n<p>Nesse contexto, a especializa\u00e7\u00e3o ganha import\u00e2ncia crescente. Produtos perec\u00edveis, carga farmac\u00eautica, expresso regional, e-commerce direcionado: s\u00e3o segmentos onde a carga a\u00e9rea mant\u00e9m uma forte vantagem comparativa e onde o valor n\u00e3o se baseia unicamente nos volumes. <\/p>\n\n<h2 class=\"wp-block-heading\">2026: um ano de disciplina mais do que de expans\u00e3o<\/h2>\n\n<p>As perspectivas para 2026 confirmam essa leitura. O crescimento global da carga a\u00e9rea deve desacelerar ligeiramente, em linha com as tend\u00eancias hist\u00f3ricas de longo prazo. As incertezas geopol\u00edticas e comerciais continuar\u00e3o a pesar sobre os interc\u00e2mbios, refor\u00e7ando a import\u00e2ncia da flexibilidade e da reatividade das redes.  <\/p>\n\n<p>Para os atores dessas regi\u00f5es, o desafio n\u00e3o \u00e9 seguir mecanicamente o crescimento global, mas fazer escolhas claras. Disciplina de capacidade, direcionamento de corredores, adapta\u00e7\u00e3o do mix de carga, parcerias log\u00edsticas: \u00e9 nesse n\u00edvel que o desempenho se manifesta. <\/p>\n\n<p>A carga a\u00e9rea permanece um pilar indispens\u00e1vel das cadeias log\u00edsticas globais. Mas em um mercado agora equilibrado, a cria\u00e7\u00e3o de valor depende menos da expans\u00e3o do que da qualidade das arbitragens. Para os operadores da regi\u00e3o, 2025 marca, sem d\u00favida, o fim de uma fase de ajuste e o in\u00edcio de um ciclo onde a estrat\u00e9gia prevalecer\u00e1 sobre o volume.  <\/p>\n\n<p>\u2014<\/p>\n\n<p>Fonte de dados: <a href=\"https:\/\/www.iata.org\/en\/pressroom\/2026-releases\/2026-01-29-01\">IATA.org \/ <strong>Comunicado de Imprensa N\u00ba:<\/strong> 4 Data: 29 de janeiro de 2026<\/a><\/p>\n","protected":false},"excerpt":{"rendered":"<p>Em 2025, a carga a\u00e9rea global confirmou sua capacidade de adapta\u00e7\u00e3o em um ambiente econ\u00f4mico e comercial ainda inst\u00e1vel. Os volumes atingem um n\u00edvel recorde, impulsionados pela solidez do e-commerce, pela reorganiza\u00e7\u00e3o das cadeias log\u00edsticas e pela crescente necessidade de solu\u00e7\u00f5es de transporte r\u00e1pido para mercadorias de alto valor agregado. Mas por tr\u00e1s desse desempenho [&hellip;]<\/p>\n","protected":false},"author":4,"featured_media":0,"comment_status":"open","ping_status":"open","sticky":false,"template":"","format":"standard","meta":{"footnotes":""},"categories":[98,101],"tags":[],"class_list":["post-19936","post","type-post","status-publish","format-standard","hentry","category-aviacao","category-conectividade-aerea-e-atratividade-territorial"],"yoast_head":"<!-- This site is optimized with the Yoast SEO plugin v26.9 - https:\/\/yoast.com\/product\/yoast-seo-wordpress\/ -->\n<title>Carga a\u00e9rea: um mercado global em equil\u00edbrio, uma equa\u00e7\u00e3o mais tensa para a Am\u00e9rica Latina - LATITUDE 15<\/title>\n<meta name=\"robots\" content=\"index, follow, max-snippet:-1, max-image-preview:large, max-video-preview:-1\" \/>\n<link rel=\"canonical\" href=\"https:\/\/www.latitude-15.com\/pt-br\/carga-aerea-um-mercado-global-em-equilibrio-uma-equacao-mais-tensa-para-a-america-latina\/\" \/>\n<meta property=\"og:locale\" content=\"pt_BR\" \/>\n<meta property=\"og:type\" content=\"article\" \/>\n<meta property=\"og:title\" content=\"Carga a\u00e9rea: um mercado global em equil\u00edbrio, uma equa\u00e7\u00e3o mais tensa para a Am\u00e9rica Latina - LATITUDE 15\" \/>\n<meta property=\"og:description\" content=\"Em 2025, a carga a\u00e9rea global confirmou sua capacidade de adapta\u00e7\u00e3o em um ambiente econ\u00f4mico e comercial ainda inst\u00e1vel. Os volumes atingem um n\u00edvel recorde, impulsionados pela solidez do e-commerce, pela reorganiza\u00e7\u00e3o das cadeias log\u00edsticas e pela crescente necessidade de solu\u00e7\u00f5es de transporte r\u00e1pido para mercadorias de alto valor agregado. Mas por tr\u00e1s desse desempenho [&hellip;]\" \/>\n<meta property=\"og:url\" content=\"https:\/\/www.latitude-15.com\/pt-br\/carga-aerea-um-mercado-global-em-equilibrio-uma-equacao-mais-tensa-para-a-america-latina\/\" \/>\n<meta property=\"og:site_name\" content=\"LATITUDE 15\" \/>\n<meta property=\"article:published_time\" content=\"2026-01-30T20:16:51+00:00\" \/>\n<meta property=\"article:modified_time\" content=\"2026-02-04T20:47:29+00:00\" \/>\n<meta property=\"og:image\" content=\"https:\/\/www.latitude-15.com\/wp-content\/uploads\/2026\/02\/ChatGPT-Image-4-fevr.-2026-16_11_57-1024x683.png\" \/>\n\t<meta property=\"og:image:width\" content=\"1024\" \/>\n\t<meta property=\"og:image:height\" content=\"683\" \/>\n\t<meta property=\"og:image:type\" content=\"image\/png\" \/>\n<meta name=\"author\" content=\"Sabrina AJ\" \/>\n<meta name=\"twitter:card\" content=\"summary_large_image\" \/>\n<meta name=\"twitter:label1\" content=\"Escrito por\" \/>\n\t<meta name=\"twitter:data1\" content=\"Sabrina AJ\" \/>\n\t<meta name=\"twitter:label2\" content=\"Est. tempo de leitura\" \/>\n\t<meta name=\"twitter:data2\" content=\"6 minutos\" \/>\n<script type=\"application\/ld+json\" class=\"yoast-schema-graph\">{\"@context\":\"https:\/\/schema.org\",\"@graph\":[{\"@type\":\"Article\",\"@id\":\"https:\/\/www.latitude-15.com\/pt-br\/carga-aerea-um-mercado-global-em-equilibrio-uma-equacao-mais-tensa-para-a-america-latina\/#article\",\"isPartOf\":{\"@id\":\"https:\/\/www.latitude-15.com\/pt-br\/carga-aerea-um-mercado-global-em-equilibrio-uma-equacao-mais-tensa-para-a-america-latina\/\"},\"author\":{\"name\":\"Sabrina AJ\",\"@id\":\"https:\/\/www.latitude-15.com\/pt-br\/#\/schema\/person\/91c01ae4c368ed9f103739b76d543e81\"},\"headline\":\"Carga a\u00e9rea: um mercado global em equil\u00edbrio, uma equa\u00e7\u00e3o mais tensa para a Am\u00e9rica Latina\",\"datePublished\":\"2026-01-30T20:16:51+00:00\",\"dateModified\":\"2026-02-04T20:47:29+00:00\",\"mainEntityOfPage\":{\"@id\":\"https:\/\/www.latitude-15.com\/pt-br\/carga-aerea-um-mercado-global-em-equilibrio-uma-equacao-mais-tensa-para-a-america-latina\/\"},\"wordCount\":1158,\"commentCount\":0,\"publisher\":{\"@id\":\"https:\/\/www.latitude-15.com\/pt-br\/#organization\"},\"image\":{\"@id\":\"https:\/\/www.latitude-15.com\/pt-br\/carga-aerea-um-mercado-global-em-equilibrio-uma-equacao-mais-tensa-para-a-america-latina\/#primaryimage\"},\"thumbnailUrl\":\"https:\/\/www.latitude-15.com\/wp-content\/uploads\/2026\/02\/image-1.png\",\"articleSection\":[\"AVIA\u00c7\u00c3O\",\"Conectividade a\u00e9rea e Atratividade territorial\"],\"inLanguage\":\"pt-BR\",\"potentialAction\":[{\"@type\":\"CommentAction\",\"name\":\"Comment\",\"target\":[\"https:\/\/www.latitude-15.com\/pt-br\/carga-aerea-um-mercado-global-em-equilibrio-uma-equacao-mais-tensa-para-a-america-latina\/#respond\"]}]},{\"@type\":\"WebPage\",\"@id\":\"https:\/\/www.latitude-15.com\/pt-br\/carga-aerea-um-mercado-global-em-equilibrio-uma-equacao-mais-tensa-para-a-america-latina\/\",\"url\":\"https:\/\/www.latitude-15.com\/pt-br\/carga-aerea-um-mercado-global-em-equilibrio-uma-equacao-mais-tensa-para-a-america-latina\/\",\"name\":\"Carga a\u00e9rea: um mercado global em equil\u00edbrio, uma equa\u00e7\u00e3o mais tensa para a Am\u00e9rica Latina - LATITUDE 15\",\"isPartOf\":{\"@id\":\"https:\/\/www.latitude-15.com\/pt-br\/#website\"},\"primaryImageOfPage\":{\"@id\":\"https:\/\/www.latitude-15.com\/pt-br\/carga-aerea-um-mercado-global-em-equilibrio-uma-equacao-mais-tensa-para-a-america-latina\/#primaryimage\"},\"image\":{\"@id\":\"https:\/\/www.latitude-15.com\/pt-br\/carga-aerea-um-mercado-global-em-equilibrio-uma-equacao-mais-tensa-para-a-america-latina\/#primaryimage\"},\"thumbnailUrl\":\"https:\/\/www.latitude-15.com\/wp-content\/uploads\/2026\/02\/image-1.png\",\"datePublished\":\"2026-01-30T20:16:51+00:00\",\"dateModified\":\"2026-02-04T20:47:29+00:00\",\"breadcrumb\":{\"@id\":\"https:\/\/www.latitude-15.com\/pt-br\/carga-aerea-um-mercado-global-em-equilibrio-uma-equacao-mais-tensa-para-a-america-latina\/#breadcrumb\"},\"inLanguage\":\"pt-BR\",\"potentialAction\":[{\"@type\":\"ReadAction\",\"target\":[\"https:\/\/www.latitude-15.com\/pt-br\/carga-aerea-um-mercado-global-em-equilibrio-uma-equacao-mais-tensa-para-a-america-latina\/\"]}]},{\"@type\":\"ImageObject\",\"inLanguage\":\"pt-BR\",\"@id\":\"https:\/\/www.latitude-15.com\/pt-br\/carga-aerea-um-mercado-global-em-equilibrio-uma-equacao-mais-tensa-para-a-america-latina\/#primaryimage\",\"url\":\"https:\/\/www.latitude-15.com\/wp-content\/uploads\/2026\/02\/image-1.png\",\"contentUrl\":\"https:\/\/www.latitude-15.com\/wp-content\/uploads\/2026\/02\/image-1.png\"},{\"@type\":\"BreadcrumbList\",\"@id\":\"https:\/\/www.latitude-15.com\/pt-br\/carga-aerea-um-mercado-global-em-equilibrio-uma-equacao-mais-tensa-para-a-america-latina\/#breadcrumb\",\"itemListElement\":[{\"@type\":\"ListItem\",\"position\":1,\"name\":\"Home\",\"item\":\"https:\/\/www.latitude-15.com\/pt-br\/inicio\/\"},{\"@type\":\"ListItem\",\"position\":2,\"name\":\"Carga a\u00e9rea: um mercado global em equil\u00edbrio, uma equa\u00e7\u00e3o mais tensa para a Am\u00e9rica Latina\"}]},{\"@type\":\"WebSite\",\"@id\":\"https:\/\/www.latitude-15.com\/pt-br\/#website\",\"url\":\"https:\/\/www.latitude-15.com\/pt-br\/\",\"name\":\"LATITUDE 15\",\"description\":\"Aviation and maritime Magazine - Caribbean &amp; Latin America\",\"publisher\":{\"@id\":\"https:\/\/www.latitude-15.com\/pt-br\/#organization\"},\"potentialAction\":[{\"@type\":\"SearchAction\",\"target\":{\"@type\":\"EntryPoint\",\"urlTemplate\":\"https:\/\/www.latitude-15.com\/pt-br\/?s={search_term_string}\"},\"query-input\":{\"@type\":\"PropertyValueSpecification\",\"valueRequired\":true,\"valueName\":\"search_term_string\"}}],\"inLanguage\":\"pt-BR\"},{\"@type\":\"Organization\",\"@id\":\"https:\/\/www.latitude-15.com\/pt-br\/#organization\",\"name\":\"LATITUDE 15\",\"url\":\"https:\/\/www.latitude-15.com\/pt-br\/\",\"logo\":{\"@type\":\"ImageObject\",\"inLanguage\":\"pt-BR\",\"@id\":\"https:\/\/www.latitude-15.com\/pt-br\/#\/schema\/logo\/image\/\",\"url\":\"https:\/\/www.latitude-15.com\/wp-content\/uploads\/2026\/01\/cropped-logox500px.png\",\"contentUrl\":\"https:\/\/www.latitude-15.com\/wp-content\/uploads\/2026\/01\/cropped-logox500px.png\",\"width\":62,\"height\":75,\"caption\":\"LATITUDE 15\"},\"image\":{\"@id\":\"https:\/\/www.latitude-15.com\/pt-br\/#\/schema\/logo\/image\/\"}},{\"@type\":\"Person\",\"@id\":\"https:\/\/www.latitude-15.com\/pt-br\/#\/schema\/person\/91c01ae4c368ed9f103739b76d543e81\",\"name\":\"Sabrina AJ\",\"image\":{\"@type\":\"ImageObject\",\"inLanguage\":\"pt-BR\",\"@id\":\"https:\/\/www.latitude-15.com\/pt-br\/#\/schema\/person\/image\/\",\"url\":\"https:\/\/secure.gravatar.com\/avatar\/dda9448c6244bb57751d852e57ef360ef337e5fed6f7146091bc3c71fa25c72b?s=96&d=mm&r=g\",\"contentUrl\":\"https:\/\/secure.gravatar.com\/avatar\/dda9448c6244bb57751d852e57ef360ef337e5fed6f7146091bc3c71fa25c72b?s=96&d=mm&r=g\",\"caption\":\"Sabrina AJ\"},\"url\":\"https:\/\/www.latitude-15.com\/pt-br\/author\/sajax\/\"}]}<\/script>\n<!-- \/ Yoast SEO plugin. -->","yoast_head_json":{"title":"Carga a\u00e9rea: um mercado global em equil\u00edbrio, uma equa\u00e7\u00e3o mais tensa para a Am\u00e9rica Latina - LATITUDE 15","robots":{"index":"index","follow":"follow","max-snippet":"max-snippet:-1","max-image-preview":"max-image-preview:large","max-video-preview":"max-video-preview:-1"},"canonical":"https:\/\/www.latitude-15.com\/pt-br\/carga-aerea-um-mercado-global-em-equilibrio-uma-equacao-mais-tensa-para-a-america-latina\/","og_locale":"pt_BR","og_type":"article","og_title":"Carga a\u00e9rea: um mercado global em equil\u00edbrio, uma equa\u00e7\u00e3o mais tensa para a Am\u00e9rica Latina - LATITUDE 15","og_description":"Em 2025, a carga a\u00e9rea global confirmou sua capacidade de adapta\u00e7\u00e3o em um ambiente econ\u00f4mico e comercial ainda inst\u00e1vel. Os volumes atingem um n\u00edvel recorde, impulsionados pela solidez do e-commerce, pela reorganiza\u00e7\u00e3o das cadeias log\u00edsticas e pela crescente necessidade de solu\u00e7\u00f5es de transporte r\u00e1pido para mercadorias de alto valor agregado. Mas por tr\u00e1s desse desempenho [&hellip;]","og_url":"https:\/\/www.latitude-15.com\/pt-br\/carga-aerea-um-mercado-global-em-equilibrio-uma-equacao-mais-tensa-para-a-america-latina\/","og_site_name":"LATITUDE 15","article_published_time":"2026-01-30T20:16:51+00:00","article_modified_time":"2026-02-04T20:47:29+00:00","og_image":[{"width":1024,"height":683,"url":"https:\/\/www.latitude-15.com\/wp-content\/uploads\/2026\/02\/ChatGPT-Image-4-fevr.-2026-16_11_57-1024x683.png","type":"image\/png"}],"author":"Sabrina AJ","twitter_card":"summary_large_image","twitter_misc":{"Escrito por":"Sabrina AJ","Est. tempo de leitura":"6 minutos"},"schema":{"@context":"https:\/\/schema.org","@graph":[{"@type":"Article","@id":"https:\/\/www.latitude-15.com\/pt-br\/carga-aerea-um-mercado-global-em-equilibrio-uma-equacao-mais-tensa-para-a-america-latina\/#article","isPartOf":{"@id":"https:\/\/www.latitude-15.com\/pt-br\/carga-aerea-um-mercado-global-em-equilibrio-uma-equacao-mais-tensa-para-a-america-latina\/"},"author":{"name":"Sabrina AJ","@id":"https:\/\/www.latitude-15.com\/pt-br\/#\/schema\/person\/91c01ae4c368ed9f103739b76d543e81"},"headline":"Carga a\u00e9rea: um mercado global em equil\u00edbrio, uma equa\u00e7\u00e3o mais tensa para a Am\u00e9rica Latina","datePublished":"2026-01-30T20:16:51+00:00","dateModified":"2026-02-04T20:47:29+00:00","mainEntityOfPage":{"@id":"https:\/\/www.latitude-15.com\/pt-br\/carga-aerea-um-mercado-global-em-equilibrio-uma-equacao-mais-tensa-para-a-america-latina\/"},"wordCount":1158,"commentCount":0,"publisher":{"@id":"https:\/\/www.latitude-15.com\/pt-br\/#organization"},"image":{"@id":"https:\/\/www.latitude-15.com\/pt-br\/carga-aerea-um-mercado-global-em-equilibrio-uma-equacao-mais-tensa-para-a-america-latina\/#primaryimage"},"thumbnailUrl":"https:\/\/www.latitude-15.com\/wp-content\/uploads\/2026\/02\/image-1.png","articleSection":["AVIA\u00c7\u00c3O","Conectividade a\u00e9rea e Atratividade territorial"],"inLanguage":"pt-BR","potentialAction":[{"@type":"CommentAction","name":"Comment","target":["https:\/\/www.latitude-15.com\/pt-br\/carga-aerea-um-mercado-global-em-equilibrio-uma-equacao-mais-tensa-para-a-america-latina\/#respond"]}]},{"@type":"WebPage","@id":"https:\/\/www.latitude-15.com\/pt-br\/carga-aerea-um-mercado-global-em-equilibrio-uma-equacao-mais-tensa-para-a-america-latina\/","url":"https:\/\/www.latitude-15.com\/pt-br\/carga-aerea-um-mercado-global-em-equilibrio-uma-equacao-mais-tensa-para-a-america-latina\/","name":"Carga a\u00e9rea: um mercado global em equil\u00edbrio, uma equa\u00e7\u00e3o mais tensa para a Am\u00e9rica Latina - LATITUDE 15","isPartOf":{"@id":"https:\/\/www.latitude-15.com\/pt-br\/#website"},"primaryImageOfPage":{"@id":"https:\/\/www.latitude-15.com\/pt-br\/carga-aerea-um-mercado-global-em-equilibrio-uma-equacao-mais-tensa-para-a-america-latina\/#primaryimage"},"image":{"@id":"https:\/\/www.latitude-15.com\/pt-br\/carga-aerea-um-mercado-global-em-equilibrio-uma-equacao-mais-tensa-para-a-america-latina\/#primaryimage"},"thumbnailUrl":"https:\/\/www.latitude-15.com\/wp-content\/uploads\/2026\/02\/image-1.png","datePublished":"2026-01-30T20:16:51+00:00","dateModified":"2026-02-04T20:47:29+00:00","breadcrumb":{"@id":"https:\/\/www.latitude-15.com\/pt-br\/carga-aerea-um-mercado-global-em-equilibrio-uma-equacao-mais-tensa-para-a-america-latina\/#breadcrumb"},"inLanguage":"pt-BR","potentialAction":[{"@type":"ReadAction","target":["https:\/\/www.latitude-15.com\/pt-br\/carga-aerea-um-mercado-global-em-equilibrio-uma-equacao-mais-tensa-para-a-america-latina\/"]}]},{"@type":"ImageObject","inLanguage":"pt-BR","@id":"https:\/\/www.latitude-15.com\/pt-br\/carga-aerea-um-mercado-global-em-equilibrio-uma-equacao-mais-tensa-para-a-america-latina\/#primaryimage","url":"https:\/\/www.latitude-15.com\/wp-content\/uploads\/2026\/02\/image-1.png","contentUrl":"https:\/\/www.latitude-15.com\/wp-content\/uploads\/2026\/02\/image-1.png"},{"@type":"BreadcrumbList","@id":"https:\/\/www.latitude-15.com\/pt-br\/carga-aerea-um-mercado-global-em-equilibrio-uma-equacao-mais-tensa-para-a-america-latina\/#breadcrumb","itemListElement":[{"@type":"ListItem","position":1,"name":"Home","item":"https:\/\/www.latitude-15.com\/pt-br\/inicio\/"},{"@type":"ListItem","position":2,"name":"Carga a\u00e9rea: um mercado global em equil\u00edbrio, uma equa\u00e7\u00e3o mais tensa para a Am\u00e9rica Latina"}]},{"@type":"WebSite","@id":"https:\/\/www.latitude-15.com\/pt-br\/#website","url":"https:\/\/www.latitude-15.com\/pt-br\/","name":"LATITUDE 15","description":"Aviation and maritime Magazine - Caribbean &amp; Latin America","publisher":{"@id":"https:\/\/www.latitude-15.com\/pt-br\/#organization"},"potentialAction":[{"@type":"SearchAction","target":{"@type":"EntryPoint","urlTemplate":"https:\/\/www.latitude-15.com\/pt-br\/?s={search_term_string}"},"query-input":{"@type":"PropertyValueSpecification","valueRequired":true,"valueName":"search_term_string"}}],"inLanguage":"pt-BR"},{"@type":"Organization","@id":"https:\/\/www.latitude-15.com\/pt-br\/#organization","name":"LATITUDE 15","url":"https:\/\/www.latitude-15.com\/pt-br\/","logo":{"@type":"ImageObject","inLanguage":"pt-BR","@id":"https:\/\/www.latitude-15.com\/pt-br\/#\/schema\/logo\/image\/","url":"https:\/\/www.latitude-15.com\/wp-content\/uploads\/2026\/01\/cropped-logox500px.png","contentUrl":"https:\/\/www.latitude-15.com\/wp-content\/uploads\/2026\/01\/cropped-logox500px.png","width":62,"height":75,"caption":"LATITUDE 15"},"image":{"@id":"https:\/\/www.latitude-15.com\/pt-br\/#\/schema\/logo\/image\/"}},{"@type":"Person","@id":"https:\/\/www.latitude-15.com\/pt-br\/#\/schema\/person\/91c01ae4c368ed9f103739b76d543e81","name":"Sabrina AJ","image":{"@type":"ImageObject","inLanguage":"pt-BR","@id":"https:\/\/www.latitude-15.com\/pt-br\/#\/schema\/person\/image\/","url":"https:\/\/secure.gravatar.com\/avatar\/dda9448c6244bb57751d852e57ef360ef337e5fed6f7146091bc3c71fa25c72b?s=96&d=mm&r=g","contentUrl":"https:\/\/secure.gravatar.com\/avatar\/dda9448c6244bb57751d852e57ef360ef337e5fed6f7146091bc3c71fa25c72b?s=96&d=mm&r=g","caption":"Sabrina AJ"},"url":"https:\/\/www.latitude-15.com\/pt-br\/author\/sajax\/"}]}},"_links":{"self":[{"href":"https:\/\/www.latitude-15.com\/pt-br\/wp-json\/wp\/v2\/posts\/19936","targetHints":{"allow":["GET"]}}],"collection":[{"href":"https:\/\/www.latitude-15.com\/pt-br\/wp-json\/wp\/v2\/posts"}],"about":[{"href":"https:\/\/www.latitude-15.com\/pt-br\/wp-json\/wp\/v2\/types\/post"}],"author":[{"embeddable":true,"href":"https:\/\/www.latitude-15.com\/pt-br\/wp-json\/wp\/v2\/users\/4"}],"replies":[{"embeddable":true,"href":"https:\/\/www.latitude-15.com\/pt-br\/wp-json\/wp\/v2\/comments?post=19936"}],"version-history":[{"count":1,"href":"https:\/\/www.latitude-15.com\/pt-br\/wp-json\/wp\/v2\/posts\/19936\/revisions"}],"predecessor-version":[{"id":19938,"href":"https:\/\/www.latitude-15.com\/pt-br\/wp-json\/wp\/v2\/posts\/19936\/revisions\/19938"}],"wp:attachment":[{"href":"https:\/\/www.latitude-15.com\/pt-br\/wp-json\/wp\/v2\/media?parent=19936"}],"wp:term":[{"taxonomy":"category","embeddable":true,"href":"https:\/\/www.latitude-15.com\/pt-br\/wp-json\/wp\/v2\/categories?post=19936"},{"taxonomy":"post_tag","embeddable":true,"href":"https:\/\/www.latitude-15.com\/pt-br\/wp-json\/wp\/v2\/tags?post=19936"}],"curies":[{"name":"wp","href":"https:\/\/api.w.org\/{rel}","templated":true}]}}