{"id":19775,"date":"2025-04-12T01:31:00","date_gmt":"2025-04-12T05:31:00","guid":{"rendered":"https:\/\/www.latitude-15.com\/2025\/04\/12\/caribbean-maghic-2-propels-maritime-energy-transition-with-farwind-energy\/"},"modified":"2026-02-04T01:47:17","modified_gmt":"2026-02-04T05:47:17","slug":"caribbean-maghic-2-propels-maritime-energy-transition-with-farwind-energy","status":"publish","type":"post","link":"https:\/\/www.latitude-15.com\/pt-br\/caribbean-maghic-2-propels-maritime-energy-transition-with-farwind-energy\/","title":{"rendered":"Caribbean \u2013 MAGHIC 2 propels maritime energy transition with FARWIND Energy"},"content":{"rendered":"\n<p><strong>O projeto <a href=\"https:\/\/guadeloupe-portcaraibes.com\/projet-maghic-2\/\" target=\"_blank\" rel=\"noreferrer noopener\">MAGHIC 2<\/a>, lan\u00e7ado em mar\u00e7o em Pointe-\u00e0-Pitre com o apoio do programa <a href=\"https:\/\/interreg-caraibes.eu\/\" target=\"_blank\" rel=\"noreferrer noopener\">INTERREG Caribe<\/a>, marca um passo decisivo no desenvolvimento de um setor mar\u00edtimo de baixo carbono adaptado \u00e0 realidade do Caribe.<\/strong><\/p>\n\n<p>Numa altura em que as quest\u00f5es clim\u00e1ticas exigem mudan\u00e7as de grande alcance, o Caribe afirma a sua determina\u00e7\u00e3o em tornar-se uma regi\u00e3o piloto para o transporte mar\u00edtimo sustent\u00e1vel. \u00c9 neste contexto que a <strong>FARWIND Energy<\/strong>, uma start-up comprometida com a descarboniza\u00e7\u00e3o do transporte mar\u00edtimo, est\u00e1 a coordenar o projeto <strong>MAGHIC 2<\/strong>, com o objetivo de estruturar um setor industrial e cient\u00edfico genu\u00edno em torno da propuls\u00e3o veleira e do hidrog\u00eanio na regi\u00e3o. <\/p>\n\n<p>Financiado <strong>com 2,2 milh\u00f5es de euros em fundos FEDER<\/strong> atrav\u00e9s do INTERREG Caribe, o MAGHIC 2 incorpora uma alian\u00e7a entre a inova\u00e7\u00e3o tecnol\u00f3gica, a investiga\u00e7\u00e3o acad\u00e9mica e a ambi\u00e7\u00e3o regional.<\/p>\n\n<figure class=\"wp-block-image\"><img decoding=\"async\" data-src=\"https:\/\/richeskarayib.com\/wp-content\/uploads\/2025\/04\/th.jpeg\" alt=\"\" class=\"wp-image-48745 lazyload\" src=\"data:image\/svg+xml;base64,PHN2ZyB3aWR0aD0iMSIgaGVpZ2h0PSIxIiB4bWxucz0iaHR0cDovL3d3dy53My5vcmcvMjAwMC9zdmciPjwvc3ZnPg==\" \/><\/figure>\n\n<h2 class=\"wp-block-heading\">Propuls\u00e3o mar\u00edtima inovadora testada em condi\u00e7\u00f5es reais<\/h2>\n\n<p>No cora\u00e7\u00e3o do projeto MAGHIC 2, a vela de rotor desenvolvida pela <a href=\"https:\/\/farwind-energy.com\/fr\/\" target=\"_blank\" rel=\"noreferrer noopener\">FARWIND Energy<\/a> promete uma redu\u00e7\u00e3o significativa nas emiss\u00f5es de CO\u2082, at\u00e9 <strong>40% menos combust\u00edvel<\/strong> para os navios. Esta tecnologia, comprovada em ambientes mar\u00edtimos severos, abre perspectivas concretas para um transporte mar\u00edtimo mais respons\u00e1vel, em linha com os objetivos clim\u00e1ticos europeus e os da OMI. <\/p>\n\n<p>Mas o MAGHIC 2 vai mais longe: o projeto tamb\u00e9m explora <strong>solu\u00e7\u00f5es inovadoras de armazenamento de hidrog\u00eanio<\/strong>, tanto em terra como no mar, capazes de armazenar entre 10 e 100 toneladas, com um impacto terrestre reduzido. Uma resposta aos desafios log\u00edsticos e energ\u00e9ticos espec\u00edficos da geografia insular. <\/p>\n\n<h2 class=\"wp-block-heading\">Uma rede caribenha de pesquisa e ind\u00fastria para apoiar a transi\u00e7\u00e3o<\/h2>\n\n<p>Uma das for\u00e7as do projeto reside na sua capacidade de criar uma din\u00e2mica regional em torno de compet\u00eancias e conhecimentos. A FARWIND Energy re\u00fane uma <strong>rede de<\/strong> <strong>institui\u00e7\u00f5es acad\u00eamicas<\/strong> l\u00edderes: <\/p>\n\n<ul class=\"wp-block-list\">\n<li><strong>Caribbean Maritime University (Jamaica)<\/strong><\/li>\n\n\n\n<li><strong>University of Trinidad and Tobago<\/strong><\/li>\n\n\n\n<li><strong>Centro Nacional de Investigaciones Cientificas (Cuba)<\/strong><\/li>\n\n\n\n<li><strong>Universidad Autonoma de Campeche (M\u00e9xico)<\/strong><\/li>\n<\/ul>\n\n<p>Estes estabelecimentos concentrar\u00e3o o seu trabalho na vida \u00fatil dos materiais e na adapta\u00e7\u00e3o de solu\u00e7\u00f5es \u00e0s condi\u00e7\u00f5es clim\u00e1ticas e mar\u00edtimas espec\u00edficas do Caribe.<\/p>\n\n<p>Do lado industrial, a <strong>SARA (Soci\u00e9t\u00e9 Anonyme de la Raffinerie des Antilles)<\/strong> est\u00e1 a juntar-se ao projeto para promover a transfer\u00eancia de tecnologia e refor\u00e7ar as compet\u00eancias locais. A ambi\u00e7\u00e3o \u00e9 clara: <strong>estruturar um<\/strong> <strong>ecossistema regional<\/strong> <strong>sustent\u00e1vel<\/strong> em torno da propuls\u00e3o mar\u00edtima de baixo carbono e da ind\u00fastria do hidrog\u00eanio. <\/p>\n\n<figure class=\"wp-block-image\"><img decoding=\"async\" data-src=\"https:\/\/richeskarayib.com\/wp-content\/uploads\/2025\/04\/OIP.jpeg\" alt=\"MAGHIC 2\" class=\"wp-image-48749 lazyload\" src=\"data:image\/svg+xml;base64,PHN2ZyB3aWR0aD0iMSIgaGVpZ2h0PSIxIiB4bWxucz0iaHR0cDovL3d3dy53My5vcmcvMjAwMC9zdmciPjwvc3ZnPg==\" \/><\/figure>\n\n<figure class=\"wp-block-image\"><img decoding=\"async\" data-src=\"https:\/\/richeskarayib.com\/wp-content\/uploads\/2025\/04\/th-1.jpeg\" alt=\"MAGHIC 2\" src=\"data:image\/svg+xml;base64,PHN2ZyB3aWR0aD0iMSIgaGVpZ2h0PSIxIiB4bWxucz0iaHR0cDovL3d3dy53My5vcmcvMjAwMC9zdmciPjwvc3ZnPg==\" class=\"lazyload\" \/><\/figure>\n\n<h2 class=\"wp-block-heading\">Uma vis\u00e3o estrat\u00e9gica para a soberania energ\u00e9tica caribenha<\/h2>\n\n<p>Ao consolidar uma base de compet\u00eancias regionais e ao alavancar tecnologias apropriadas, o <strong>MAGHIC 2 coloca o <a href=\"https:\/\/richeskarayib.com\/reinventing-caribbean-culture-challenges-blog\/\" target=\"_blank\" rel=\"noreferrer noopener\">Caribe<\/a> no caminho de uma<\/strong> transi\u00e7\u00e3o energ\u00e9tica mar\u00edtima <strong>ambiciosa<\/strong> e coerente. O projeto est\u00e1 a ajudar a construir a <strong>soberania energ\u00e9tica<\/strong> para melhorar a competitividade e a resili\u00eancia dos territ\u00f3rios caribenhos. <\/p>\n\n<p>\u201cEste projeto ilustra uma abordagem integrada que combina inova\u00e7\u00e3o, industrializa\u00e7\u00e3o e coopera\u00e7\u00e3o cient\u00edfica, e representa um grande passo em frente para um transporte mar\u00edtimo mais sustent\u00e1vel\u201d, afirma <strong>Arnaud Poitou<\/strong>, Presidente da FARWIND Energy.<\/p>\n\n<p>Lan\u00e7ado em Guadalupe, o <strong>MAGHIC 2 est\u00e1 a ajudar a que um <a href=\"https:\/\/richeskarayib.com\/ocean-governance-in-the-greater-caribbean-post\/\" target=\"_blank\" rel=\"noreferrer noopener\">Caribe<\/a> mais inteligente e ousado emerja<\/strong>, capaz de inventar as suas pr\u00f3prias respostas aos desafios energ\u00e9ticos globais, aproveitando ao m\u00e1ximo os seus recursos naturais, know-how e posi\u00e7\u00e3o estrat\u00e9gica.<\/p>\n","protected":false},"excerpt":{"rendered":"<p>O projeto MAGHIC 2, lan\u00e7ado em mar\u00e7o em Pointe-\u00e0-Pitre com o apoio do programa INTERREG Caribe, marca um passo decisivo no desenvolvimento de um setor mar\u00edtimo de baixo carbono adaptado \u00e0 realidade do Caribe. Numa altura em que as quest\u00f5es clim\u00e1ticas exigem mudan\u00e7as de grande alcance, o Caribe afirma a sua determina\u00e7\u00e3o em tornar-se uma [&hellip;]<\/p>\n","protected":false},"author":1,"featured_media":19774,"comment_status":"open","ping_status":"open","sticky":false,"template":"","format":"standard","meta":{"footnotes":""},"categories":[119,140],"tags":[],"class_list":["post-19775","post","type-post","status-publish","format-standard","has-post-thumbnail","hentry","category-maritimo","category-tecnologia-e-portos-inteligentes"],"yoast_head":"<!-- This site is optimized with the Yoast SEO plugin v26.9 - https:\/\/yoast.com\/product\/yoast-seo-wordpress\/ -->\n<title>Caribbean \u2013 MAGHIC 2 propels maritime energy transition with FARWIND Energy - LATITUDE 15<\/title>\n<meta name=\"robots\" content=\"index, follow, max-snippet:-1, max-image-preview:large, max-video-preview:-1\" \/>\n<link rel=\"canonical\" href=\"https:\/\/www.latitude-15.com\/pt-br\/caribbean-maghic-2-propels-maritime-energy-transition-with-farwind-energy\/\" \/>\n<meta property=\"og:locale\" content=\"pt_BR\" \/>\n<meta property=\"og:type\" content=\"article\" \/>\n<meta property=\"og:title\" content=\"Caribbean \u2013 MAGHIC 2 propels maritime energy transition with FARWIND Energy - LATITUDE 15\" \/>\n<meta property=\"og:description\" content=\"O projeto MAGHIC 2, lan\u00e7ado em mar\u00e7o em Pointe-\u00e0-Pitre com o apoio do programa INTERREG Caribe, marca um passo decisivo no desenvolvimento de um setor mar\u00edtimo de baixo carbono adaptado \u00e0 realidade do Caribe. Numa altura em que as quest\u00f5es clim\u00e1ticas exigem mudan\u00e7as de grande alcance, o Caribe afirma a sua determina\u00e7\u00e3o em tornar-se uma [&hellip;]\" \/>\n<meta property=\"og:url\" content=\"https:\/\/www.latitude-15.com\/pt-br\/caribbean-maghic-2-propels-maritime-energy-transition-with-farwind-energy\/\" \/>\n<meta property=\"og:site_name\" content=\"LATITUDE 15\" \/>\n<meta property=\"article:published_time\" content=\"2025-04-12T05:31:00+00:00\" \/>\n<meta property=\"article:modified_time\" content=\"2026-02-04T05:47:17+00:00\" \/>\n<meta property=\"og:image\" content=\"https:\/\/www.latitude-15.com\/wp-content\/uploads\/2026\/01\/Design-sans-titre-1-2.png.webp\" \/>\n\t<meta property=\"og:image:width\" content=\"1080\" \/>\n\t<meta property=\"og:image:height\" content=\"1080\" \/>\n\t<meta property=\"og:image:type\" content=\"image\/webp\" \/>\n<meta name=\"author\" content=\"sabrinalat15\" \/>\n<meta name=\"twitter:card\" content=\"summary_large_image\" \/>\n<meta name=\"twitter:label1\" content=\"Escrito por\" \/>\n\t<meta name=\"twitter:data1\" content=\"sabrinalat15\" \/>\n\t<meta name=\"twitter:label2\" content=\"Est. tempo de leitura\" \/>\n\t<meta name=\"twitter:data2\" content=\"3 minutos\" \/>\n<script type=\"application\/ld+json\" class=\"yoast-schema-graph\">{\"@context\":\"https:\/\/schema.org\",\"@graph\":[{\"@type\":\"Article\",\"@id\":\"https:\/\/www.latitude-15.com\/pt-br\/caribbean-maghic-2-propels-maritime-energy-transition-with-farwind-energy\/#article\",\"isPartOf\":{\"@id\":\"https:\/\/www.latitude-15.com\/pt-br\/caribbean-maghic-2-propels-maritime-energy-transition-with-farwind-energy\/\"},\"author\":{\"name\":\"sabrinalat15\",\"@id\":\"https:\/\/www.latitude-15.com\/pt-br\/#\/schema\/person\/2a70943507771992ce3316849aa93bdd\"},\"headline\":\"Caribbean \u2013 MAGHIC 2 propels maritime energy transition with FARWIND Energy\",\"datePublished\":\"2025-04-12T05:31:00+00:00\",\"dateModified\":\"2026-02-04T05:47:17+00:00\",\"mainEntityOfPage\":{\"@id\":\"https:\/\/www.latitude-15.com\/pt-br\/caribbean-maghic-2-propels-maritime-energy-transition-with-farwind-energy\/\"},\"wordCount\":597,\"commentCount\":0,\"publisher\":{\"@id\":\"https:\/\/www.latitude-15.com\/pt-br\/#organization\"},\"image\":{\"@id\":\"https:\/\/www.latitude-15.com\/pt-br\/caribbean-maghic-2-propels-maritime-energy-transition-with-farwind-energy\/#primaryimage\"},\"thumbnailUrl\":\"https:\/\/www.latitude-15.com\/wp-content\/uploads\/2026\/01\/Design-sans-titre-1-2.png.webp\",\"articleSection\":[\"MAR\u00cdTIMO\",\"Tecnologia e portos inteligentes\"],\"inLanguage\":\"pt-BR\",\"potentialAction\":[{\"@type\":\"CommentAction\",\"name\":\"Comment\",\"target\":[\"https:\/\/www.latitude-15.com\/pt-br\/caribbean-maghic-2-propels-maritime-energy-transition-with-farwind-energy\/#respond\"]}]},{\"@type\":\"WebPage\",\"@id\":\"https:\/\/www.latitude-15.com\/pt-br\/caribbean-maghic-2-propels-maritime-energy-transition-with-farwind-energy\/\",\"url\":\"https:\/\/www.latitude-15.com\/pt-br\/caribbean-maghic-2-propels-maritime-energy-transition-with-farwind-energy\/\",\"name\":\"Caribbean \u2013 MAGHIC 2 propels maritime energy transition with FARWIND Energy - LATITUDE 15\",\"isPartOf\":{\"@id\":\"https:\/\/www.latitude-15.com\/pt-br\/#website\"},\"primaryImageOfPage\":{\"@id\":\"https:\/\/www.latitude-15.com\/pt-br\/caribbean-maghic-2-propels-maritime-energy-transition-with-farwind-energy\/#primaryimage\"},\"image\":{\"@id\":\"https:\/\/www.latitude-15.com\/pt-br\/caribbean-maghic-2-propels-maritime-energy-transition-with-farwind-energy\/#primaryimage\"},\"thumbnailUrl\":\"https:\/\/www.latitude-15.com\/wp-content\/uploads\/2026\/01\/Design-sans-titre-1-2.png.webp\",\"datePublished\":\"2025-04-12T05:31:00+00:00\",\"dateModified\":\"2026-02-04T05:47:17+00:00\",\"breadcrumb\":{\"@id\":\"https:\/\/www.latitude-15.com\/pt-br\/caribbean-maghic-2-propels-maritime-energy-transition-with-farwind-energy\/#breadcrumb\"},\"inLanguage\":\"pt-BR\",\"potentialAction\":[{\"@type\":\"ReadAction\",\"target\":[\"https:\/\/www.latitude-15.com\/pt-br\/caribbean-maghic-2-propels-maritime-energy-transition-with-farwind-energy\/\"]}]},{\"@type\":\"ImageObject\",\"inLanguage\":\"pt-BR\",\"@id\":\"https:\/\/www.latitude-15.com\/pt-br\/caribbean-maghic-2-propels-maritime-energy-transition-with-farwind-energy\/#primaryimage\",\"url\":\"https:\/\/www.latitude-15.com\/wp-content\/uploads\/2026\/01\/Design-sans-titre-1-2.png.webp\",\"contentUrl\":\"https:\/\/www.latitude-15.com\/wp-content\/uploads\/2026\/01\/Design-sans-titre-1-2.png.webp\",\"width\":1080,\"height\":1080},{\"@type\":\"BreadcrumbList\",\"@id\":\"https:\/\/www.latitude-15.com\/pt-br\/caribbean-maghic-2-propels-maritime-energy-transition-with-farwind-energy\/#breadcrumb\",\"itemListElement\":[{\"@type\":\"ListItem\",\"position\":1,\"name\":\"Home\",\"item\":\"https:\/\/www.latitude-15.com\/pt-br\/inicio\/\"},{\"@type\":\"ListItem\",\"position\":2,\"name\":\"Caribbean \u2013 MAGHIC 2 propels maritime energy transition with FARWIND Energy\"}]},{\"@type\":\"WebSite\",\"@id\":\"https:\/\/www.latitude-15.com\/pt-br\/#website\",\"url\":\"https:\/\/www.latitude-15.com\/pt-br\/\",\"name\":\"LATITUDE 15\",\"description\":\"Aviation and maritime Magazine - Caribbean &amp; Latin America\",\"publisher\":{\"@id\":\"https:\/\/www.latitude-15.com\/pt-br\/#organization\"},\"potentialAction\":[{\"@type\":\"SearchAction\",\"target\":{\"@type\":\"EntryPoint\",\"urlTemplate\":\"https:\/\/www.latitude-15.com\/pt-br\/?s={search_term_string}\"},\"query-input\":{\"@type\":\"PropertyValueSpecification\",\"valueRequired\":true,\"valueName\":\"search_term_string\"}}],\"inLanguage\":\"pt-BR\"},{\"@type\":\"Organization\",\"@id\":\"https:\/\/www.latitude-15.com\/pt-br\/#organization\",\"name\":\"LATITUDE 15\",\"url\":\"https:\/\/www.latitude-15.com\/pt-br\/\",\"logo\":{\"@type\":\"ImageObject\",\"inLanguage\":\"pt-BR\",\"@id\":\"https:\/\/www.latitude-15.com\/pt-br\/#\/schema\/logo\/image\/\",\"url\":\"https:\/\/www.latitude-15.com\/wp-content\/uploads\/2026\/01\/cropped-logox500px.png\",\"contentUrl\":\"https:\/\/www.latitude-15.com\/wp-content\/uploads\/2026\/01\/cropped-logox500px.png\",\"width\":62,\"height\":75,\"caption\":\"LATITUDE 15\"},\"image\":{\"@id\":\"https:\/\/www.latitude-15.com\/pt-br\/#\/schema\/logo\/image\/\"}},{\"@type\":\"Person\",\"@id\":\"https:\/\/www.latitude-15.com\/pt-br\/#\/schema\/person\/2a70943507771992ce3316849aa93bdd\",\"name\":\"sabrinalat15\",\"image\":{\"@type\":\"ImageObject\",\"inLanguage\":\"pt-BR\",\"@id\":\"https:\/\/www.latitude-15.com\/pt-br\/#\/schema\/person\/image\/\",\"url\":\"https:\/\/secure.gravatar.com\/avatar\/91f5e11872ca6128d75f7bbde22cc384ad142a113b81c554ed87d6d9762f8813?s=96&d=mm&r=g\",\"contentUrl\":\"https:\/\/secure.gravatar.com\/avatar\/91f5e11872ca6128d75f7bbde22cc384ad142a113b81c554ed87d6d9762f8813?s=96&d=mm&r=g\",\"caption\":\"sabrinalat15\"},\"sameAs\":[\"https:\/\/www.latitude-15.com\"],\"url\":\"https:\/\/www.latitude-15.com\/pt-br\/author\/sabrinalat15\/\"}]}<\/script>\n<!-- \/ Yoast SEO plugin. -->","yoast_head_json":{"title":"Caribbean \u2013 MAGHIC 2 propels maritime energy transition with FARWIND Energy - LATITUDE 15","robots":{"index":"index","follow":"follow","max-snippet":"max-snippet:-1","max-image-preview":"max-image-preview:large","max-video-preview":"max-video-preview:-1"},"canonical":"https:\/\/www.latitude-15.com\/pt-br\/caribbean-maghic-2-propels-maritime-energy-transition-with-farwind-energy\/","og_locale":"pt_BR","og_type":"article","og_title":"Caribbean \u2013 MAGHIC 2 propels maritime energy transition with FARWIND Energy - LATITUDE 15","og_description":"O projeto MAGHIC 2, lan\u00e7ado em mar\u00e7o em Pointe-\u00e0-Pitre com o apoio do programa INTERREG Caribe, marca um passo decisivo no desenvolvimento de um setor mar\u00edtimo de baixo carbono adaptado \u00e0 realidade do Caribe. Numa altura em que as quest\u00f5es clim\u00e1ticas exigem mudan\u00e7as de grande alcance, o Caribe afirma a sua determina\u00e7\u00e3o em tornar-se uma [&hellip;]","og_url":"https:\/\/www.latitude-15.com\/pt-br\/caribbean-maghic-2-propels-maritime-energy-transition-with-farwind-energy\/","og_site_name":"LATITUDE 15","article_published_time":"2025-04-12T05:31:00+00:00","article_modified_time":"2026-02-04T05:47:17+00:00","og_image":[{"width":1080,"height":1080,"url":"https:\/\/www.latitude-15.com\/wp-content\/uploads\/2026\/01\/Design-sans-titre-1-2.png.webp","type":"image\/webp"}],"author":"sabrinalat15","twitter_card":"summary_large_image","twitter_misc":{"Escrito por":"sabrinalat15","Est. tempo de leitura":"3 minutos"},"schema":{"@context":"https:\/\/schema.org","@graph":[{"@type":"Article","@id":"https:\/\/www.latitude-15.com\/pt-br\/caribbean-maghic-2-propels-maritime-energy-transition-with-farwind-energy\/#article","isPartOf":{"@id":"https:\/\/www.latitude-15.com\/pt-br\/caribbean-maghic-2-propels-maritime-energy-transition-with-farwind-energy\/"},"author":{"name":"sabrinalat15","@id":"https:\/\/www.latitude-15.com\/pt-br\/#\/schema\/person\/2a70943507771992ce3316849aa93bdd"},"headline":"Caribbean \u2013 MAGHIC 2 propels maritime energy transition with FARWIND Energy","datePublished":"2025-04-12T05:31:00+00:00","dateModified":"2026-02-04T05:47:17+00:00","mainEntityOfPage":{"@id":"https:\/\/www.latitude-15.com\/pt-br\/caribbean-maghic-2-propels-maritime-energy-transition-with-farwind-energy\/"},"wordCount":597,"commentCount":0,"publisher":{"@id":"https:\/\/www.latitude-15.com\/pt-br\/#organization"},"image":{"@id":"https:\/\/www.latitude-15.com\/pt-br\/caribbean-maghic-2-propels-maritime-energy-transition-with-farwind-energy\/#primaryimage"},"thumbnailUrl":"https:\/\/www.latitude-15.com\/wp-content\/uploads\/2026\/01\/Design-sans-titre-1-2.png.webp","articleSection":["MAR\u00cdTIMO","Tecnologia e portos inteligentes"],"inLanguage":"pt-BR","potentialAction":[{"@type":"CommentAction","name":"Comment","target":["https:\/\/www.latitude-15.com\/pt-br\/caribbean-maghic-2-propels-maritime-energy-transition-with-farwind-energy\/#respond"]}]},{"@type":"WebPage","@id":"https:\/\/www.latitude-15.com\/pt-br\/caribbean-maghic-2-propels-maritime-energy-transition-with-farwind-energy\/","url":"https:\/\/www.latitude-15.com\/pt-br\/caribbean-maghic-2-propels-maritime-energy-transition-with-farwind-energy\/","name":"Caribbean \u2013 MAGHIC 2 propels maritime energy transition with FARWIND Energy - LATITUDE 15","isPartOf":{"@id":"https:\/\/www.latitude-15.com\/pt-br\/#website"},"primaryImageOfPage":{"@id":"https:\/\/www.latitude-15.com\/pt-br\/caribbean-maghic-2-propels-maritime-energy-transition-with-farwind-energy\/#primaryimage"},"image":{"@id":"https:\/\/www.latitude-15.com\/pt-br\/caribbean-maghic-2-propels-maritime-energy-transition-with-farwind-energy\/#primaryimage"},"thumbnailUrl":"https:\/\/www.latitude-15.com\/wp-content\/uploads\/2026\/01\/Design-sans-titre-1-2.png.webp","datePublished":"2025-04-12T05:31:00+00:00","dateModified":"2026-02-04T05:47:17+00:00","breadcrumb":{"@id":"https:\/\/www.latitude-15.com\/pt-br\/caribbean-maghic-2-propels-maritime-energy-transition-with-farwind-energy\/#breadcrumb"},"inLanguage":"pt-BR","potentialAction":[{"@type":"ReadAction","target":["https:\/\/www.latitude-15.com\/pt-br\/caribbean-maghic-2-propels-maritime-energy-transition-with-farwind-energy\/"]}]},{"@type":"ImageObject","inLanguage":"pt-BR","@id":"https:\/\/www.latitude-15.com\/pt-br\/caribbean-maghic-2-propels-maritime-energy-transition-with-farwind-energy\/#primaryimage","url":"https:\/\/www.latitude-15.com\/wp-content\/uploads\/2026\/01\/Design-sans-titre-1-2.png.webp","contentUrl":"https:\/\/www.latitude-15.com\/wp-content\/uploads\/2026\/01\/Design-sans-titre-1-2.png.webp","width":1080,"height":1080},{"@type":"BreadcrumbList","@id":"https:\/\/www.latitude-15.com\/pt-br\/caribbean-maghic-2-propels-maritime-energy-transition-with-farwind-energy\/#breadcrumb","itemListElement":[{"@type":"ListItem","position":1,"name":"Home","item":"https:\/\/www.latitude-15.com\/pt-br\/inicio\/"},{"@type":"ListItem","position":2,"name":"Caribbean \u2013 MAGHIC 2 propels maritime energy transition with FARWIND Energy"}]},{"@type":"WebSite","@id":"https:\/\/www.latitude-15.com\/pt-br\/#website","url":"https:\/\/www.latitude-15.com\/pt-br\/","name":"LATITUDE 15","description":"Aviation and maritime Magazine - Caribbean &amp; Latin America","publisher":{"@id":"https:\/\/www.latitude-15.com\/pt-br\/#organization"},"potentialAction":[{"@type":"SearchAction","target":{"@type":"EntryPoint","urlTemplate":"https:\/\/www.latitude-15.com\/pt-br\/?s={search_term_string}"},"query-input":{"@type":"PropertyValueSpecification","valueRequired":true,"valueName":"search_term_string"}}],"inLanguage":"pt-BR"},{"@type":"Organization","@id":"https:\/\/www.latitude-15.com\/pt-br\/#organization","name":"LATITUDE 15","url":"https:\/\/www.latitude-15.com\/pt-br\/","logo":{"@type":"ImageObject","inLanguage":"pt-BR","@id":"https:\/\/www.latitude-15.com\/pt-br\/#\/schema\/logo\/image\/","url":"https:\/\/www.latitude-15.com\/wp-content\/uploads\/2026\/01\/cropped-logox500px.png","contentUrl":"https:\/\/www.latitude-15.com\/wp-content\/uploads\/2026\/01\/cropped-logox500px.png","width":62,"height":75,"caption":"LATITUDE 15"},"image":{"@id":"https:\/\/www.latitude-15.com\/pt-br\/#\/schema\/logo\/image\/"}},{"@type":"Person","@id":"https:\/\/www.latitude-15.com\/pt-br\/#\/schema\/person\/2a70943507771992ce3316849aa93bdd","name":"sabrinalat15","image":{"@type":"ImageObject","inLanguage":"pt-BR","@id":"https:\/\/www.latitude-15.com\/pt-br\/#\/schema\/person\/image\/","url":"https:\/\/secure.gravatar.com\/avatar\/91f5e11872ca6128d75f7bbde22cc384ad142a113b81c554ed87d6d9762f8813?s=96&d=mm&r=g","contentUrl":"https:\/\/secure.gravatar.com\/avatar\/91f5e11872ca6128d75f7bbde22cc384ad142a113b81c554ed87d6d9762f8813?s=96&d=mm&r=g","caption":"sabrinalat15"},"sameAs":["https:\/\/www.latitude-15.com"],"url":"https:\/\/www.latitude-15.com\/pt-br\/author\/sabrinalat15\/"}]}},"_links":{"self":[{"href":"https:\/\/www.latitude-15.com\/pt-br\/wp-json\/wp\/v2\/posts\/19775","targetHints":{"allow":["GET"]}}],"collection":[{"href":"https:\/\/www.latitude-15.com\/pt-br\/wp-json\/wp\/v2\/posts"}],"about":[{"href":"https:\/\/www.latitude-15.com\/pt-br\/wp-json\/wp\/v2\/types\/post"}],"author":[{"embeddable":true,"href":"https:\/\/www.latitude-15.com\/pt-br\/wp-json\/wp\/v2\/users\/1"}],"replies":[{"embeddable":true,"href":"https:\/\/www.latitude-15.com\/pt-br\/wp-json\/wp\/v2\/comments?post=19775"}],"version-history":[{"count":1,"href":"https:\/\/www.latitude-15.com\/pt-br\/wp-json\/wp\/v2\/posts\/19775\/revisions"}],"predecessor-version":[{"id":19776,"href":"https:\/\/www.latitude-15.com\/pt-br\/wp-json\/wp\/v2\/posts\/19775\/revisions\/19776"}],"wp:featuredmedia":[{"embeddable":true,"href":"https:\/\/www.latitude-15.com\/pt-br\/wp-json\/wp\/v2\/media\/19774"}],"wp:attachment":[{"href":"https:\/\/www.latitude-15.com\/pt-br\/wp-json\/wp\/v2\/media?parent=19775"}],"wp:term":[{"taxonomy":"category","embeddable":true,"href":"https:\/\/www.latitude-15.com\/pt-br\/wp-json\/wp\/v2\/categories?post=19775"},{"taxonomy":"post_tag","embeddable":true,"href":"https:\/\/www.latitude-15.com\/pt-br\/wp-json\/wp\/v2\/tags?post=19775"}],"curies":[{"name":"wp","href":"https:\/\/api.w.org\/{rel}","templated":true}]}}