{"id":19752,"date":"2025-04-30T00:54:37","date_gmt":"2025-04-30T04:54:37","guid":{"rendered":"https:\/\/www.latitude-15.com\/2025\/04\/30\/martinica-qualidade-de-servico-inovacao-conectividade-principais-conclusoes-do-aci-airport-day-2025\/"},"modified":"2026-02-04T01:40:03","modified_gmt":"2026-02-04T05:40:03","slug":"martinica-qualidade-de-servico-inovacao-conectividade-principais-conclusoes-do-aci-airport-day-2025","status":"publish","type":"post","link":"https:\/\/www.latitude-15.com\/pt-br\/martinica-qualidade-de-servico-inovacao-conectividade-principais-conclusoes-do-aci-airport-day-2025\/","title":{"rendered":"Martinica \u2013 Qualidade de servi\u00e7o, inova\u00e7\u00e3o, conectividade: principais conclus\u00f5es do ACI Airport Day 2025"},"content":{"rendered":"\n<p>Realizado pela primeira vez na <a href=\"https:\/\/richeskarayib.com\/regional-cooperation-fund-seminar-the-caribbean\/\" target=\"_blank\" rel=\"noreferrer noopener\">Martinica<\/a>, o <a href=\"https:\/\/rci.fm\/martinique\/infos\/Economie\/Laeroport-Aime-Cesaire-accueilli-son-premier-Airport-Day\" target=\"_blank\" rel=\"noreferrer noopener\">ACI Airport Day<\/a> reuniu tomadores de decis\u00e3o caribenhos e internacionais para discutir os principais desafios enfrentados pelo transporte a\u00e9reo. Gra\u00e7as aos esfor\u00e7os conjuntos das equipes <a href=\"https:\/\/aci-lac.aero\/\" target=\"_blank\" rel=\"noreferrer noopener\">ACI-LAC<\/a> e <a href=\"https:\/\/www.martinique.aeroport.fr\/informations-generales\/la-societe-aeroport-martinique-aime-cesaire\/\" target=\"_blank\" rel=\"noreferrer noopener\">SAMAC<\/a>, este evento ofereceu um programa relevante e enriquecedor, concebido para todos os intervenientes no ecossistema aeroportu\u00e1rio. O evento, marcado pelo desejo de melhorar a experi\u00eancia do passageiro e fortalecer a conectividade regional, confirma a Martinica como um ator estrat\u00e9gico no Grande Caribe.  <\/p>\n\n<h2 class=\"wp-block-heading\">Uma abertura impulsionada pela ambi\u00e7\u00e3o coletiva<\/h2>\n\n<p>O ACI Airport Day 2025 na Martinica foi muito mais do que apenas uma reuni\u00e3o de neg\u00f3cios: ofereceu um retrato estrat\u00e9gico das ambi\u00e7\u00f5es aeroportu\u00e1rias do Caribe. Liderado por <strong>Val\u00e9rie C\u00e9sarine,<\/strong> Diretora de Vendas e Marketing da SAMAC e mestre de cerim\u00f4nias do evento, <strong>Nathalie S\u00e9bastien,<\/strong> CEO da SOCIETE AEROPORT MARTINIQUE AIME CESAIRE (SAMAC), e <strong>Rafael Echevarne,<\/strong> CEO do Airports Council International \u2013 Am\u00e9rica Latina e Caribe (ACI-LAC), lan\u00e7aram as bases para uma reflex\u00e3o coletiva sobre o papel dos aeroportos na atratividade, desenvolvimento econ\u00f4mico e conectividade de nossas regi\u00f5es. Realizado em Fort-de-France, o ACI Airport Day reuniu os principais atores de toda a regi\u00e3o e da Europa.  <\/p>\n\n<figure class=\"wp-block-image\"><img decoding=\"async\" data-src=\"https:\/\/richeskarayib.com\/wp-content\/uploads\/2025\/04\/4745ed6e-b625-44bb-ad08-d3f4ff8d997a.png\" alt=\"ACI Airport Day\" src=\"data:image\/svg+xml;base64,PHN2ZyB3aWR0aD0iMSIgaGVpZ2h0PSIxIiB4bWxucz0iaHR0cDovL3d3dy53My5vcmcvMjAwMC9zdmciPjwvc3ZnPg==\" class=\"lazyload\" \/><figcaption class=\"wp-element-caption\">Val\u00e9rie CESARINE<\/figcaption><\/figure>\n\n<h2 class=\"wp-block-heading\">Fazer do aeroporto uma alavanca para a experi\u00eancia e o desenvolvimento<\/h2>\n\n<p>Logo na abertura do ACI Airport Day, Nathalie S\u00e9bastien, representante da Soci\u00e9t\u00e9 A\u00e9roportuaire de Martinique (SAMAC), deu o tom. Num discurso pontuado por cita\u00e7\u00f5es inspiradoras \u2013 incluindo uma de Maya Angelou lembrando-nos que nunca esquecemos o que sentimos \u2013 expressou uma vis\u00e3o ambiciosa: fazer do aeroporto Aim\u00e9 C\u00e9saire um local de acolhimento exemplar e um motor de desenvolvimento econ\u00f4mico para toda a ilha. <\/p>\n\n<p>Ela enfatizou a necessidade de <strong>analisar as expectativas dos passageiros<\/strong> e agir para melhorar continuamente os servi\u00e7os. O aeroporto est\u00e1, assim, destinado a tornar-se um espa\u00e7o de elevado valor acrescentado, onde a experi\u00eancia do cliente, as parcerias comerciais e a inova\u00e7\u00e3o andam de m\u00e3os dadas. \u201cO futuro ser\u00e1 constru\u00eddo sobre uma estreita rela\u00e7\u00e3o com os nossos ecossistemas econ\u00f4micos, tur\u00edsticos, institucionais e regulat\u00f3rios\u201d, afirmou, sublinhando a import\u00e2ncia da coopera\u00e7\u00e3o na transforma\u00e7\u00e3o do transporte a\u00e9reo numa verdadeira pot\u00eancia regional.  <\/p>\n\n<figure class=\"wp-block-image\"><img decoding=\"async\" data-src=\"https:\/\/richeskarayib.com\/wp-content\/uploads\/2025\/04\/Nathalie-Sebastien-representante-de-la-Societe-Aeroportuaire-de-Martinique-SAMAC-1024x576.jpeg\" alt=\"ACI Airport Day\" src=\"data:image\/svg+xml;base64,PHN2ZyB3aWR0aD0iMSIgaGVpZ2h0PSIxIiB4bWxucz0iaHR0cDovL3d3dy53My5vcmcvMjAwMC9zdmciPjwvc3ZnPg==\" class=\"lazyload\" style=\"--smush-placeholder-width: 1024px; --smush-placeholder-aspect-ratio: 1024\/576;\" \/><figcaption class=\"wp-element-caption\">Nathalie S\u00e9bastien, representante da Soci\u00e9t\u00e9 A\u00e9roportuaire de Martinique (SAMAC)<\/figcaption><\/figure>\n\n<h2 class=\"wp-block-heading\">Melhorar a conectividade para desbloquear o potencial caribenho<\/h2>\n\n<p>Por sua vez, Rafael Echevarne, Diretor Geral da ACI-LAC, lembrou ao p\u00fablico o papel central desempenhado pela sua organiza\u00e7\u00e3o: federar mais de 2.500 aeroportos em todo o mundo, incluindo 350 na regi\u00e3o da Am\u00e9rica Latina e Caribe. O objetivo desta rede \u00e9 claro: <strong>responder a desafios comuns<\/strong>, fortalecer a coopera\u00e7\u00e3o e compartilhar conhecimentos. <\/p>\n\n<p>Uma das prioridades destacadas no ACI Airport Day foi a conectividade a\u00e9rea. <strong>conectividade a\u00e9rea<\/strong> Um estudo espec\u00edfico, encomendado pela ACI-LAC, dever\u00e1 analisar em profundidade os obst\u00e1culos pol\u00edticos e administrativos a essa conectividade, com vista a propor solu\u00e7\u00f5es concretas. Um estudo espec\u00edfico, encomendado pela ACI-LAC, dever\u00e1 realizar uma an\u00e1lise aprofundada dos obst\u00e1culos pol\u00edticos e administrativos a esta conectividade, com vista a propor solu\u00e7\u00f5es concretas. A \u201cexperi\u00eancia do passageiro\u201d e a \u201cconectividade a\u00e9rea\u201d foram, assim, apresentadas como dois pilares insepar\u00e1veis da futura transforma\u00e7\u00e3o aeroportu\u00e1ria.  <\/p>\n\n<figure class=\"wp-block-image\"><img decoding=\"async\" data-src=\"https:\/\/richeskarayib.com\/wp-content\/uploads\/2025\/04\/Rafael-Echevarne-directeur-general-dACI-LAC-1024x576.jpeg\" alt=\"ACI Airport Day\" src=\"data:image\/svg+xml;base64,PHN2ZyB3aWR0aD0iMSIgaGVpZ2h0PSIxIiB4bWxucz0iaHR0cDovL3d3dy53My5vcmcvMjAwMC9zdmciPjwvc3ZnPg==\" class=\"lazyload\" style=\"--smush-placeholder-width: 1024px; --smush-placeholder-aspect-ratio: 1024\/576;\" \/><figcaption class=\"wp-element-caption\">Rafael Echevarne, Diretor Geral da ACI-LAC<\/figcaption><\/figure>\n\n<h2 class=\"wp-block-heading\">Um dia inteiro focado nos desafios estrat\u00e9gicos enfrentados pela ind\u00fastria a\u00e9rea caribenha<\/h2>\n\n<p>Ao longo do ACI Airport Day, as apresenta\u00e7\u00f5es se concentraram em temas-chave para o futuro do transporte a\u00e9reo na regi\u00e3o: <strong>melhorar a experi\u00eancia do passageiro<\/strong>, <strong>otimizar as receitas n\u00e3o aeron\u00e1uticas<\/strong>, <strong>conectividade interilhas<\/strong>, <strong>ofertas comerciais aeroportu\u00e1rias<\/strong>, <strong>posicionamento do destino tur\u00edstico<\/strong> e <strong>integrar tecnologias inovadoras<\/strong> nos servi\u00e7os aeroportu\u00e1rios.<\/p>\n\n<figure class=\"wp-block-image\"><img decoding=\"async\" data-src=\"https:\/\/richeskarayib.com\/wp-content\/uploads\/2025\/04\/WhatsApp-Image-2025-04-30-a-16.27.42_da9b9a87-1024x795.jpg\" alt=\"\" src=\"data:image\/svg+xml;base64,PHN2ZyB3aWR0aD0iMSIgaGVpZ2h0PSIxIiB4bWxucz0iaHR0cDovL3d3dy53My5vcmcvMjAwMC9zdmciPjwvc3ZnPg==\" class=\"lazyload\" style=\"--smush-placeholder-width: 1024px; --smush-placeholder-aspect-ratio: 1024\/795;\" \/><\/figure>\n\n<figure class=\"wp-block-image\"><img decoding=\"async\" data-src=\"https:\/\/richeskarayib.com\/wp-content\/uploads\/2025\/04\/WhatsApp-Image-2025-04-30-a-16.07.15_2b1669c6-798x1024.jpg\" alt=\"\" src=\"data:image\/svg+xml;base64,PHN2ZyB3aWR0aD0iMSIgaGVpZ2h0PSIxIiB4bWxucz0iaHR0cDovL3d3dy53My5vcmcvMjAwMC9zdmciPjwvc3ZnPg==\" class=\"lazyload\" style=\"--smush-placeholder-width: 798px; --smush-placeholder-aspect-ratio: 798\/1024;\" \/><\/figure>\n\n<figure class=\"wp-block-image\"><img decoding=\"async\" data-src=\"https:\/\/richeskarayib.com\/wp-content\/uploads\/2025\/04\/WhatsApp-Image-2025-04-30-a-16.11.34_183927b0-731x1024.jpg\" alt=\"\" src=\"data:image\/svg+xml;base64,PHN2ZyB3aWR0aD0iMSIgaGVpZ2h0PSIxIiB4bWxucz0iaHR0cDovL3d3dy53My5vcmcvMjAwMC9zdmciPjwvc3ZnPg==\" class=\"lazyload\" style=\"--smush-placeholder-width: 731px; --smush-placeholder-aspect-ratio: 731\/1024;\" \/><\/figure>\n\n<p>Pain\u00e9is com especialistas internacionais, gestores de aeroportos, consultores, operadores hoteleiros e fornecedores de solu\u00e7\u00f5es tecnol\u00f3gicas lan\u00e7aram luz sobre estas quest\u00f5es de v\u00e1rios \u00e2ngulos, combinando perspectivas globais e realidades locais.<\/p>\n\n<figure class=\"wp-block-image\"><img decoding=\"async\" data-src=\"https:\/\/richeskarayib.com\/wp-content\/uploads\/2025\/04\/Pourquoi-pas-cover-1-1-1024x636.jpeg\" alt=\"ACI Airport Day\" src=\"data:image\/svg+xml;base64,PHN2ZyB3aWR0aD0iMSIgaGVpZ2h0PSIxIiB4bWxucz0iaHR0cDovL3d3dy53My5vcmcvMjAwMC9zdmciPjwvc3ZnPg==\" class=\"lazyload\" style=\"--smush-placeholder-width: 1024px; --smush-placeholder-aspect-ratio: 1024\/636;\" \/><\/figure>\n\n<figure class=\"wp-block-image\"><img decoding=\"async\" data-src=\"https:\/\/richeskarayib.com\/wp-content\/uploads\/2025\/04\/1-2-1024x576.jpeg\" alt=\"ACI Airport Day\" src=\"data:image\/svg+xml;base64,PHN2ZyB3aWR0aD0iMSIgaGVpZ2h0PSIxIiB4bWxucz0iaHR0cDovL3d3dy53My5vcmcvMjAwMC9zdmciPjwvc3ZnPg==\" class=\"lazyload\" style=\"--smush-placeholder-width: 1024px; --smush-placeholder-aspect-ratio: 1024\/576;\" \/><\/figure>\n\n<figure class=\"wp-block-image\"><img decoding=\"async\" data-src=\"https:\/\/richeskarayib.com\/wp-content\/uploads\/2025\/04\/WhatsApp-Image-2025-04-30-a-16.01.48_de69b04c-1024x576.jpg\" alt=\"\" src=\"data:image\/svg+xml;base64,PHN2ZyB3aWR0aD0iMSIgaGVpZ2h0PSIxIiB4bWxucz0iaHR0cDovL3d3dy53My5vcmcvMjAwMC9zdmciPjwvc3ZnPg==\" class=\"lazyload\" style=\"--smush-placeholder-width: 1024px; --smush-placeholder-aspect-ratio: 1024\/576;\" \/><\/figure>\n\n<p>O programa ACI Airport Day tamb\u00e9m destacou iniciativas concretas empreendidas pelos principais atores da regi\u00e3o, ilustrando o desejo partilhado de tornar os centros aeroportu\u00e1rios parte de uma din\u00e2mica de transforma\u00e7\u00e3o sustent\u00e1vel, ao servi\u00e7o das comunidades locais. <strong>Convidados de v\u00e1rias ilhas caribenhas, bem como da Europa e da Am\u00e9rica Latina<\/strong> contribu\u00edram para enriquecer os interc\u00e2mbios e lan\u00e7ar as bases para a futura colabora\u00e7\u00e3o.<\/p>\n\n<figure class=\"wp-block-image\"><img decoding=\"async\" data-src=\"https:\/\/richeskarayib.com\/wp-content\/uploads\/2025\/04\/WhatsApp-Image-2025-04-30-a-16.16.12_43dbfc77-1024x961.jpg\" alt=\"\" src=\"data:image\/svg+xml;base64,PHN2ZyB3aWR0aD0iMSIgaGVpZ2h0PSIxIiB4bWxucz0iaHR0cDovL3d3dy53My5vcmcvMjAwMC9zdmciPjwvc3ZnPg==\" class=\"lazyload\" style=\"--smush-placeholder-width: 1024px; --smush-placeholder-aspect-ratio: 1024\/961;\" \/><\/figure>\n\n<figure class=\"wp-block-image\"><img decoding=\"async\" data-src=\"https:\/\/richeskarayib.com\/wp-content\/uploads\/2025\/04\/WhatsApp-Image-2025-04-30-a-16.16.07_2ad00c8f-1024x839.jpg\" alt=\"\" src=\"data:image\/svg+xml;base64,PHN2ZyB3aWR0aD0iMSIgaGVpZ2h0PSIxIiB4bWxucz0iaHR0cDovL3d3dy53My5vcmcvMjAwMC9zdmciPjwvc3ZnPg==\" class=\"lazyload\" style=\"--smush-placeholder-width: 1024px; --smush-placeholder-aspect-ratio: 1024\/839;\" \/><\/figure>\n\n<figure class=\"wp-block-image\"><img decoding=\"async\" data-src=\"https:\/\/richeskarayib.com\/wp-content\/uploads\/2025\/04\/WhatsApp-Image-2025-04-30-a-16.18.37_7d9241f3-1024x672.jpg\" alt=\"\" src=\"data:image\/svg+xml;base64,PHN2ZyB3aWR0aD0iMSIgaGVpZ2h0PSIxIiB4bWxucz0iaHR0cDovL3d3dy53My5vcmcvMjAwMC9zdmciPjwvc3ZnPg==\" class=\"lazyload\" style=\"--smush-placeholder-width: 1024px; --smush-placeholder-aspect-ratio: 1024\/672;\" \/><\/figure>\n\n<figure class=\"wp-block-image\"><img decoding=\"async\" data-src=\"https:\/\/richeskarayib.com\/wp-content\/uploads\/2025\/04\/WhatsApp-Image-2025-04-30-a-16.03.35_c3e8482c-1024x576.jpg\" alt=\"\" src=\"data:image\/svg+xml;base64,PHN2ZyB3aWR0aD0iMSIgaGVpZ2h0PSIxIiB4bWxucz0iaHR0cDovL3d3dy53My5vcmcvMjAwMC9zdmciPjwvc3ZnPg==\" class=\"lazyload\" style=\"--smush-placeholder-width: 1024px; --smush-placeholder-aspect-ratio: 1024\/576;\" \/><\/figure>\n\n<figure class=\"wp-block-image\"><img decoding=\"async\" data-src=\"https:\/\/richeskarayib.com\/wp-content\/uploads\/2025\/04\/8-1-1024x576.jpeg\" alt=\"ACI Airport Day\" src=\"data:image\/svg+xml;base64,PHN2ZyB3aWR0aD0iMSIgaGVpZ2h0PSIxIiB4bWxucz0iaHR0cDovL3d3dy53My5vcmcvMjAwMC9zdmciPjwvc3ZnPg==\" class=\"lazyload\" style=\"--smush-placeholder-width: 1024px; --smush-placeholder-aspect-ratio: 1024\/576;\" \/><\/figure>\n\n<h2 class=\"wp-block-heading\">Know-how local em destaque<\/h2>\n\n<p>Al\u00e9m de apresenta\u00e7\u00f5es t\u00e9cnicas e pain\u00e9is estrat\u00e9gicos, o ACI Airport Day Martinique tamb\u00e9m proporcionou uma oportunidade para <strong>destacar o dinamismo dos empreendedores locais<\/strong>. V\u00e1rias empresas sediadas na Martinica foram convidadas a mostrar a sua experi\u00eancia, demonstrando a riqueza de talentos da regi\u00e3o. <\/p>\n\n<p>O p\u00fablico p\u00f4de descobrir as cria\u00e7\u00f5es de gelo da <a href=\"https:\/\/www.glaces-martinique.fr\/\" target=\"_blank\" rel=\"noreferrer noopener\"><strong>Excellence Glaces<\/strong><\/a>, os doces de chocolate da <a href=\"https:\/\/frereslauzea.fr\/\" target=\"_blank\" rel=\"noreferrer noopener\"><strong>Lauz\u00e9a<\/strong><\/a>, os aromas refinados da <a href=\"https:\/\/parfums-des-iles.com\/\" target=\"_blank\" rel=\"noreferrer noopener\"><strong>Parfums des \u00celes<\/strong><\/a>, bem como os emblem\u00e1ticos <strong>Rhums de Martinique<\/strong> reunidos em torno do <strong>Coderum<\/strong>. Uma forma concreta de associar o mundo aeroportu\u00e1rio \u00e0 arte de viver da Martinica, e um lembrete de que <strong>a atratividade tamb\u00e9m depende da identidade e autenticidade dos produtos locais<\/strong>. <\/p>\n\n<figure class=\"wp-block-image\"><img decoding=\"async\" data-src=\"https:\/\/richeskarayib.com\/wp-content\/uploads\/2025\/04\/Excellence-Glaces-1024x576.jpeg\" alt=\"ACI Airport Day\" src=\"data:image\/svg+xml;base64,PHN2ZyB3aWR0aD0iMSIgaGVpZ2h0PSIxIiB4bWxucz0iaHR0cDovL3d3dy53My5vcmcvMjAwMC9zdmciPjwvc3ZnPg==\" class=\"lazyload\" style=\"--smush-placeholder-width: 1024px; --smush-placeholder-aspect-ratio: 1024\/576;\" \/><figcaption class=\"wp-element-caption\">Excellence Glaces<\/figcaption><\/figure>\n\n<figure class=\"wp-block-image\"><img decoding=\"async\" data-src=\"https:\/\/richeskarayib.com\/wp-content\/uploads\/2025\/04\/WhatsApp-Image-2025-04-30-a-15.17.28_e5f312ed-1024x576.jpg\" alt=\"\" src=\"data:image\/svg+xml;base64,PHN2ZyB3aWR0aD0iMSIgaGVpZ2h0PSIxIiB4bWxucz0iaHR0cDovL3d3dy53My5vcmcvMjAwMC9zdmciPjwvc3ZnPg==\" class=\"lazyload\" style=\"--smush-placeholder-width: 1024px; --smush-placeholder-aspect-ratio: 1024\/576;\" \/><figcaption class=\"wp-element-caption\">L&#8217;\u00e9quipe Lauz\u00e9a<\/figcaption><\/figure>\n\n<figure class=\"wp-block-image\"><img decoding=\"async\" data-src=\"https:\/\/richeskarayib.com\/wp-content\/uploads\/2025\/04\/Capture-decran-2025-04-30-163851.png\" alt=\"\" src=\"data:image\/svg+xml;base64,PHN2ZyB3aWR0aD0iMSIgaGVpZ2h0PSIxIiB4bWxucz0iaHR0cDovL3d3dy53My5vcmcvMjAwMC9zdmciPjwvc3ZnPg==\" class=\"lazyload\" \/><\/figure>\n\n<figure class=\"wp-block-image\"><img decoding=\"async\" data-src=\"https:\/\/richeskarayib.com\/wp-content\/uploads\/2025\/04\/WhatsApp-Image-2025-04-30-a-15.22.07_d4edbee9-1024x598.jpg\" alt=\"\" src=\"data:image\/svg+xml;base64,PHN2ZyB3aWR0aD0iMSIgaGVpZ2h0PSIxIiB4bWxucz0iaHR0cDovL3d3dy53My5vcmcvMjAwMC9zdmciPjwvc3ZnPg==\" class=\"lazyload\" style=\"--smush-placeholder-width: 1024px; --smush-placeholder-aspect-ratio: 1024\/598;\" \/><figcaption class=\"wp-element-caption\">Le Coderum<\/figcaption><\/figure>\n\n<figure class=\"wp-block-image\"><img decoding=\"async\" data-src=\"https:\/\/richeskarayib.com\/wp-content\/uploads\/2025\/04\/Capture-decran-2025-04-30-163513.png\" alt=\"\" src=\"data:image\/svg+xml;base64,PHN2ZyB3aWR0aD0iMSIgaGVpZ2h0PSIxIiB4bWxucz0iaHR0cDovL3d3dy53My5vcmcvMjAwMC9zdmciPjwvc3ZnPg==\" class=\"lazyload\" \/><\/figure>\n\n<figure class=\"wp-block-image\"><img decoding=\"async\" data-src=\"https:\/\/richeskarayib.com\/wp-content\/uploads\/2025\/04\/Lauzea-1024x576.jpeg\" alt=\"ACI Airport Day\" src=\"data:image\/svg+xml;base64,PHN2ZyB3aWR0aD0iMSIgaGVpZ2h0PSIxIiB4bWxucz0iaHR0cDovL3d3dy53My5vcmcvMjAwMC9zdmciPjwvc3ZnPg==\" class=\"lazyload\" style=\"--smush-placeholder-width: 1024px; --smush-placeholder-aspect-ratio: 1024\/576;\" \/><figcaption class=\"wp-element-caption\">Lauz\u00e9a<\/figcaption><\/figure>\n\n<figure class=\"wp-block-image\"><img decoding=\"async\" data-src=\"https:\/\/richeskarayib.com\/wp-content\/uploads\/2025\/04\/WhatsApp-Image-2025-04-30-a-15.33.58_884ac38a-713x1024.jpg\" alt=\"\" src=\"data:image\/svg+xml;base64,PHN2ZyB3aWR0aD0iMSIgaGVpZ2h0PSIxIiB4bWxucz0iaHR0cDovL3d3dy53My5vcmcvMjAwMC9zdmciPjwvc3ZnPg==\" class=\"lazyload\" style=\"--smush-placeholder-width: 713px; --smush-placeholder-aspect-ratio: 713\/1024;\" \/><\/figure>\n\n<figure class=\"wp-block-image\"><img decoding=\"async\" data-src=\"https:\/\/richeskarayib.com\/wp-content\/uploads\/2025\/04\/WhatsApp-Image-2025-04-30-a-16.40.52_71a121df.jpg\" alt=\"\" title=\"\" src=\"data:image\/svg+xml;base64,PHN2ZyB3aWR0aD0iMSIgaGVpZ2h0PSIxIiB4bWxucz0iaHR0cDovL3d3dy53My5vcmcvMjAwMC9zdmciPjwvc3ZnPg==\" class=\"lazyload\" \/><\/figure>\n\n<h2 class=\"wp-block-heading\">Um convite para agir em conjunto para tecer o futuro<\/h2>\n\n<p>O ACI Airport Day na Martinica foi concebido como um momento de converg\u00eancia, di\u00e1logo e impulso. Os agradecimentos expressos aos participantes do Caribe, da Am\u00e9rica Latina e da Europa sublinharam a import\u00e2ncia desta din\u00e2mica regional. <\/p>\n\n<figure class=\"wp-block-image\"><img decoding=\"async\" data-src=\"https:\/\/richeskarayib.com\/wp-content\/uploads\/2025\/04\/Foule-1024x576.jpeg\" alt=\"ACI Airport Day\" src=\"data:image\/svg+xml;base64,PHN2ZyB3aWR0aD0iMSIgaGVpZ2h0PSIxIiB4bWxucz0iaHR0cDovL3d3dy53My5vcmcvMjAwMC9zdmciPjwvc3ZnPg==\" class=\"lazyload\" style=\"--smush-placeholder-width: 1024px; --smush-placeholder-aspect-ratio: 1024\/576;\" \/><\/figure>\n\n<figure class=\"wp-block-image\"><img decoding=\"async\" data-src=\"https:\/\/richeskarayib.com\/wp-content\/uploads\/2025\/04\/7-1024x576.jpeg\" alt=\"ACI Airport Day\" src=\"data:image\/svg+xml;base64,PHN2ZyB3aWR0aD0iMSIgaGVpZ2h0PSIxIiB4bWxucz0iaHR0cDovL3d3dy53My5vcmcvMjAwMC9zdmciPjwvc3ZnPg==\" class=\"lazyload\" style=\"--smush-placeholder-width: 1024px; --smush-placeholder-aspect-ratio: 1024\/576;\" \/><\/figure>\n\n<p>Atrav\u00e9s do apelo de Nathalie S\u00e9bastien para \u201cgerar novas ideias em conjunto\u201d e do apelo do Dr. Echevarne para \u201cremover obst\u00e1culos para realizar todo o potencial das redes caribenhas\u201d, est\u00e1 a tomar forma uma vis\u00e3o partilhada do futuro.<\/p>\n\n<p>Este evento confirma a determina\u00e7\u00e3o da Martinica em tornar-se um <strong>hub estrat\u00e9gico<\/strong> estrat\u00e9gico no Caribe, ao mesmo tempo que se concentra numa abordagem integrada: inova\u00e7\u00e3o, qualidade de servi\u00e7o, sustentabilidade e, acima de tudo, <strong>coopera\u00e7\u00e3o interterritorial<\/strong>.<\/p>\n\n<figure class=\"wp-block-image\"><img decoding=\"async\" data-src=\"https:\/\/richeskarayib.com\/wp-content\/uploads\/2025\/04\/WhatsApp-Image-2025-04-30-a-16.30.07_65929b0d-1024x576.jpg\" alt=\"\" src=\"data:image\/svg+xml;base64,PHN2ZyB3aWR0aD0iMSIgaGVpZ2h0PSIxIiB4bWxucz0iaHR0cDovL3d3dy53My5vcmcvMjAwMC9zdmciPjwvc3ZnPg==\" class=\"lazyload\" style=\"--smush-placeholder-width: 1024px; --smush-placeholder-aspect-ratio: 1024\/576;\" \/><\/figure>\n\n<figure class=\"wp-block-image\"><img decoding=\"async\" data-src=\"https:\/\/richeskarayib.com\/wp-content\/uploads\/2025\/04\/WhatsApp-Image-2025-04-30-a-16.30.06_239948a5-1024x576.jpg\" alt=\"\" src=\"data:image\/svg+xml;base64,PHN2ZyB3aWR0aD0iMSIgaGVpZ2h0PSIxIiB4bWxucz0iaHR0cDovL3d3dy53My5vcmcvMjAwMC9zdmciPjwvc3ZnPg==\" class=\"lazyload\" style=\"--smush-placeholder-width: 1024px; --smush-placeholder-aspect-ratio: 1024\/576;\" \/><\/figure>\n\n<figure class=\"wp-block-image\"><img decoding=\"async\" data-src=\"https:\/\/richeskarayib.com\/wp-content\/uploads\/2025\/04\/WhatsApp-Image-2025-04-30-a-16.30.06_f038adfd-1024x576.jpg\" alt=\"\" src=\"data:image\/svg+xml;base64,PHN2ZyB3aWR0aD0iMSIgaGVpZ2h0PSIxIiB4bWxucz0iaHR0cDovL3d3dy53My5vcmcvMjAwMC9zdmciPjwvc3ZnPg==\" class=\"lazyload\" style=\"--smush-placeholder-width: 1024px; --smush-placeholder-aspect-ratio: 1024\/576;\" \/><\/figure>\n","protected":false},"excerpt":{"rendered":"<p>Realizado pela primeira vez na Martinica, o ACI Airport Day reuniu tomadores de decis\u00e3o caribenhos e internacionais para discutir os principais desafios enfrentados pelo transporte a\u00e9reo. Gra\u00e7as aos esfor\u00e7os conjuntos das equipes ACI-LAC e SAMAC, este evento ofereceu um programa relevante e enriquecedor, concebido para todos os intervenientes no ecossistema aeroportu\u00e1rio. O evento, marcado pelo [&hellip;]<\/p>\n","protected":false},"author":1,"featured_media":19751,"comment_status":"open","ping_status":"open","sticky":false,"template":"","format":"standard","meta":{"footnotes":""},"categories":[98,101,110],"tags":[],"class_list":["post-19752","post","type-post","status-publish","format-standard","has-post-thumbnail","hentry","category-aviacao","category-conectividade-aerea-e-atratividade-territorial","category-experiencia-do-passageiro-e-servicos"],"yoast_head":"<!-- This site is optimized with the Yoast SEO plugin v26.9 - https:\/\/yoast.com\/product\/yoast-seo-wordpress\/ -->\n<title>Martinica \u2013 Qualidade de servi\u00e7o, inova\u00e7\u00e3o, conectividade: principais conclus\u00f5es do ACI Airport Day 2025 - LATITUDE 15<\/title>\n<meta name=\"robots\" content=\"index, follow, max-snippet:-1, max-image-preview:large, max-video-preview:-1\" \/>\n<link rel=\"canonical\" href=\"https:\/\/www.latitude-15.com\/pt-br\/martinica-qualidade-de-servico-inovacao-conectividade-principais-conclusoes-do-aci-airport-day-2025\/\" \/>\n<meta property=\"og:locale\" content=\"pt_BR\" \/>\n<meta property=\"og:type\" content=\"article\" \/>\n<meta property=\"og:title\" content=\"Martinica \u2013 Qualidade de servi\u00e7o, inova\u00e7\u00e3o, conectividade: principais conclus\u00f5es do ACI Airport Day 2025 - LATITUDE 15\" \/>\n<meta property=\"og:description\" content=\"Realizado pela primeira vez na Martinica, o ACI Airport Day reuniu tomadores de decis\u00e3o caribenhos e internacionais para discutir os principais desafios enfrentados pelo transporte a\u00e9reo. Gra\u00e7as aos esfor\u00e7os conjuntos das equipes ACI-LAC e SAMAC, este evento ofereceu um programa relevante e enriquecedor, concebido para todos os intervenientes no ecossistema aeroportu\u00e1rio. O evento, marcado pelo [&hellip;]\" \/>\n<meta property=\"og:url\" content=\"https:\/\/www.latitude-15.com\/pt-br\/martinica-qualidade-de-servico-inovacao-conectividade-principais-conclusoes-do-aci-airport-day-2025\/\" \/>\n<meta property=\"og:site_name\" content=\"LATITUDE 15\" \/>\n<meta property=\"article:published_time\" content=\"2025-04-30T04:54:37+00:00\" \/>\n<meta property=\"article:modified_time\" content=\"2026-02-04T05:40:03+00:00\" \/>\n<meta property=\"og:image\" content=\"https:\/\/www.latitude-15.com\/wp-content\/uploads\/2026\/01\/WhatsApp-Image-2025-04-30-a-17.02.32_fde42e10.jpg.webp\" \/>\n\t<meta property=\"og:image:width\" content=\"1594\" \/>\n\t<meta property=\"og:image:height\" content=\"831\" \/>\n\t<meta property=\"og:image:type\" content=\"image\/webp\" \/>\n<meta name=\"author\" content=\"sabrinalat15\" \/>\n<meta name=\"twitter:card\" content=\"summary_large_image\" \/>\n<meta name=\"twitter:label1\" content=\"Escrito por\" \/>\n\t<meta name=\"twitter:data1\" content=\"sabrinalat15\" \/>\n\t<meta name=\"twitter:label2\" content=\"Est. tempo de leitura\" \/>\n\t<meta name=\"twitter:data2\" content=\"5 minutos\" \/>\n<script type=\"application\/ld+json\" class=\"yoast-schema-graph\">{\"@context\":\"https:\/\/schema.org\",\"@graph\":[{\"@type\":\"Article\",\"@id\":\"https:\/\/www.latitude-15.com\/pt-br\/martinica-qualidade-de-servico-inovacao-conectividade-principais-conclusoes-do-aci-airport-day-2025\/#article\",\"isPartOf\":{\"@id\":\"https:\/\/www.latitude-15.com\/pt-br\/martinica-qualidade-de-servico-inovacao-conectividade-principais-conclusoes-do-aci-airport-day-2025\/\"},\"author\":{\"name\":\"sabrinalat15\",\"@id\":\"https:\/\/www.latitude-15.com\/pt-br\/#\/schema\/person\/2a70943507771992ce3316849aa93bdd\"},\"headline\":\"Martinica \u2013 Qualidade de servi\u00e7o, inova\u00e7\u00e3o, conectividade: principais conclus\u00f5es do ACI Airport Day 2025\",\"datePublished\":\"2025-04-30T04:54:37+00:00\",\"dateModified\":\"2026-02-04T05:40:03+00:00\",\"mainEntityOfPage\":{\"@id\":\"https:\/\/www.latitude-15.com\/pt-br\/martinica-qualidade-de-servico-inovacao-conectividade-principais-conclusoes-do-aci-airport-day-2025\/\"},\"wordCount\":1030,\"commentCount\":0,\"publisher\":{\"@id\":\"https:\/\/www.latitude-15.com\/pt-br\/#organization\"},\"image\":{\"@id\":\"https:\/\/www.latitude-15.com\/pt-br\/martinica-qualidade-de-servico-inovacao-conectividade-principais-conclusoes-do-aci-airport-day-2025\/#primaryimage\"},\"thumbnailUrl\":\"https:\/\/www.latitude-15.com\/wp-content\/uploads\/2026\/01\/WhatsApp-Image-2025-04-30-a-17.02.32_fde42e10.jpg.webp\",\"articleSection\":[\"AVIA\u00c7\u00c3O\",\"Conectividade a\u00e9rea e Atratividade territorial\",\"Experi\u00eancia do passageiro e servi\u00e7os\"],\"inLanguage\":\"pt-BR\",\"potentialAction\":[{\"@type\":\"CommentAction\",\"name\":\"Comment\",\"target\":[\"https:\/\/www.latitude-15.com\/pt-br\/martinica-qualidade-de-servico-inovacao-conectividade-principais-conclusoes-do-aci-airport-day-2025\/#respond\"]}]},{\"@type\":\"WebPage\",\"@id\":\"https:\/\/www.latitude-15.com\/pt-br\/martinica-qualidade-de-servico-inovacao-conectividade-principais-conclusoes-do-aci-airport-day-2025\/\",\"url\":\"https:\/\/www.latitude-15.com\/pt-br\/martinica-qualidade-de-servico-inovacao-conectividade-principais-conclusoes-do-aci-airport-day-2025\/\",\"name\":\"Martinica \u2013 Qualidade de servi\u00e7o, inova\u00e7\u00e3o, conectividade: principais conclus\u00f5es do ACI Airport Day 2025 - LATITUDE 15\",\"isPartOf\":{\"@id\":\"https:\/\/www.latitude-15.com\/pt-br\/#website\"},\"primaryImageOfPage\":{\"@id\":\"https:\/\/www.latitude-15.com\/pt-br\/martinica-qualidade-de-servico-inovacao-conectividade-principais-conclusoes-do-aci-airport-day-2025\/#primaryimage\"},\"image\":{\"@id\":\"https:\/\/www.latitude-15.com\/pt-br\/martinica-qualidade-de-servico-inovacao-conectividade-principais-conclusoes-do-aci-airport-day-2025\/#primaryimage\"},\"thumbnailUrl\":\"https:\/\/www.latitude-15.com\/wp-content\/uploads\/2026\/01\/WhatsApp-Image-2025-04-30-a-17.02.32_fde42e10.jpg.webp\",\"datePublished\":\"2025-04-30T04:54:37+00:00\",\"dateModified\":\"2026-02-04T05:40:03+00:00\",\"breadcrumb\":{\"@id\":\"https:\/\/www.latitude-15.com\/pt-br\/martinica-qualidade-de-servico-inovacao-conectividade-principais-conclusoes-do-aci-airport-day-2025\/#breadcrumb\"},\"inLanguage\":\"pt-BR\",\"potentialAction\":[{\"@type\":\"ReadAction\",\"target\":[\"https:\/\/www.latitude-15.com\/pt-br\/martinica-qualidade-de-servico-inovacao-conectividade-principais-conclusoes-do-aci-airport-day-2025\/\"]}]},{\"@type\":\"ImageObject\",\"inLanguage\":\"pt-BR\",\"@id\":\"https:\/\/www.latitude-15.com\/pt-br\/martinica-qualidade-de-servico-inovacao-conectividade-principais-conclusoes-do-aci-airport-day-2025\/#primaryimage\",\"url\":\"https:\/\/www.latitude-15.com\/wp-content\/uploads\/2026\/01\/WhatsApp-Image-2025-04-30-a-17.02.32_fde42e10.jpg.webp\",\"contentUrl\":\"https:\/\/www.latitude-15.com\/wp-content\/uploads\/2026\/01\/WhatsApp-Image-2025-04-30-a-17.02.32_fde42e10.jpg.webp\",\"width\":1594,\"height\":831},{\"@type\":\"BreadcrumbList\",\"@id\":\"https:\/\/www.latitude-15.com\/pt-br\/martinica-qualidade-de-servico-inovacao-conectividade-principais-conclusoes-do-aci-airport-day-2025\/#breadcrumb\",\"itemListElement\":[{\"@type\":\"ListItem\",\"position\":1,\"name\":\"Home\",\"item\":\"https:\/\/www.latitude-15.com\/pt-br\/inicio\/\"},{\"@type\":\"ListItem\",\"position\":2,\"name\":\"Martinica \u2013 Qualidade de servi\u00e7o, inova\u00e7\u00e3o, conectividade: principais conclus\u00f5es do ACI Airport Day 2025\"}]},{\"@type\":\"WebSite\",\"@id\":\"https:\/\/www.latitude-15.com\/pt-br\/#website\",\"url\":\"https:\/\/www.latitude-15.com\/pt-br\/\",\"name\":\"LATITUDE 15\",\"description\":\"Aviation and maritime Magazine - Caribbean &amp; Latin America\",\"publisher\":{\"@id\":\"https:\/\/www.latitude-15.com\/pt-br\/#organization\"},\"potentialAction\":[{\"@type\":\"SearchAction\",\"target\":{\"@type\":\"EntryPoint\",\"urlTemplate\":\"https:\/\/www.latitude-15.com\/pt-br\/?s={search_term_string}\"},\"query-input\":{\"@type\":\"PropertyValueSpecification\",\"valueRequired\":true,\"valueName\":\"search_term_string\"}}],\"inLanguage\":\"pt-BR\"},{\"@type\":\"Organization\",\"@id\":\"https:\/\/www.latitude-15.com\/pt-br\/#organization\",\"name\":\"LATITUDE 15\",\"url\":\"https:\/\/www.latitude-15.com\/pt-br\/\",\"logo\":{\"@type\":\"ImageObject\",\"inLanguage\":\"pt-BR\",\"@id\":\"https:\/\/www.latitude-15.com\/pt-br\/#\/schema\/logo\/image\/\",\"url\":\"https:\/\/www.latitude-15.com\/wp-content\/uploads\/2026\/01\/cropped-logox500px.png\",\"contentUrl\":\"https:\/\/www.latitude-15.com\/wp-content\/uploads\/2026\/01\/cropped-logox500px.png\",\"width\":62,\"height\":75,\"caption\":\"LATITUDE 15\"},\"image\":{\"@id\":\"https:\/\/www.latitude-15.com\/pt-br\/#\/schema\/logo\/image\/\"}},{\"@type\":\"Person\",\"@id\":\"https:\/\/www.latitude-15.com\/pt-br\/#\/schema\/person\/2a70943507771992ce3316849aa93bdd\",\"name\":\"sabrinalat15\",\"image\":{\"@type\":\"ImageObject\",\"inLanguage\":\"pt-BR\",\"@id\":\"https:\/\/www.latitude-15.com\/pt-br\/#\/schema\/person\/image\/\",\"url\":\"https:\/\/secure.gravatar.com\/avatar\/91f5e11872ca6128d75f7bbde22cc384ad142a113b81c554ed87d6d9762f8813?s=96&d=mm&r=g\",\"contentUrl\":\"https:\/\/secure.gravatar.com\/avatar\/91f5e11872ca6128d75f7bbde22cc384ad142a113b81c554ed87d6d9762f8813?s=96&d=mm&r=g\",\"caption\":\"sabrinalat15\"},\"sameAs\":[\"https:\/\/www.latitude-15.com\"],\"url\":\"https:\/\/www.latitude-15.com\/pt-br\/author\/sabrinalat15\/\"}]}<\/script>\n<!-- \/ Yoast SEO plugin. -->","yoast_head_json":{"title":"Martinica \u2013 Qualidade de servi\u00e7o, inova\u00e7\u00e3o, conectividade: principais conclus\u00f5es do ACI Airport Day 2025 - LATITUDE 15","robots":{"index":"index","follow":"follow","max-snippet":"max-snippet:-1","max-image-preview":"max-image-preview:large","max-video-preview":"max-video-preview:-1"},"canonical":"https:\/\/www.latitude-15.com\/pt-br\/martinica-qualidade-de-servico-inovacao-conectividade-principais-conclusoes-do-aci-airport-day-2025\/","og_locale":"pt_BR","og_type":"article","og_title":"Martinica \u2013 Qualidade de servi\u00e7o, inova\u00e7\u00e3o, conectividade: principais conclus\u00f5es do ACI Airport Day 2025 - LATITUDE 15","og_description":"Realizado pela primeira vez na Martinica, o ACI Airport Day reuniu tomadores de decis\u00e3o caribenhos e internacionais para discutir os principais desafios enfrentados pelo transporte a\u00e9reo. Gra\u00e7as aos esfor\u00e7os conjuntos das equipes ACI-LAC e SAMAC, este evento ofereceu um programa relevante e enriquecedor, concebido para todos os intervenientes no ecossistema aeroportu\u00e1rio. O evento, marcado pelo [&hellip;]","og_url":"https:\/\/www.latitude-15.com\/pt-br\/martinica-qualidade-de-servico-inovacao-conectividade-principais-conclusoes-do-aci-airport-day-2025\/","og_site_name":"LATITUDE 15","article_published_time":"2025-04-30T04:54:37+00:00","article_modified_time":"2026-02-04T05:40:03+00:00","og_image":[{"width":1594,"height":831,"url":"https:\/\/www.latitude-15.com\/wp-content\/uploads\/2026\/01\/WhatsApp-Image-2025-04-30-a-17.02.32_fde42e10.jpg.webp","type":"image\/webp"}],"author":"sabrinalat15","twitter_card":"summary_large_image","twitter_misc":{"Escrito por":"sabrinalat15","Est. tempo de leitura":"5 minutos"},"schema":{"@context":"https:\/\/schema.org","@graph":[{"@type":"Article","@id":"https:\/\/www.latitude-15.com\/pt-br\/martinica-qualidade-de-servico-inovacao-conectividade-principais-conclusoes-do-aci-airport-day-2025\/#article","isPartOf":{"@id":"https:\/\/www.latitude-15.com\/pt-br\/martinica-qualidade-de-servico-inovacao-conectividade-principais-conclusoes-do-aci-airport-day-2025\/"},"author":{"name":"sabrinalat15","@id":"https:\/\/www.latitude-15.com\/pt-br\/#\/schema\/person\/2a70943507771992ce3316849aa93bdd"},"headline":"Martinica \u2013 Qualidade de servi\u00e7o, inova\u00e7\u00e3o, conectividade: principais conclus\u00f5es do ACI Airport Day 2025","datePublished":"2025-04-30T04:54:37+00:00","dateModified":"2026-02-04T05:40:03+00:00","mainEntityOfPage":{"@id":"https:\/\/www.latitude-15.com\/pt-br\/martinica-qualidade-de-servico-inovacao-conectividade-principais-conclusoes-do-aci-airport-day-2025\/"},"wordCount":1030,"commentCount":0,"publisher":{"@id":"https:\/\/www.latitude-15.com\/pt-br\/#organization"},"image":{"@id":"https:\/\/www.latitude-15.com\/pt-br\/martinica-qualidade-de-servico-inovacao-conectividade-principais-conclusoes-do-aci-airport-day-2025\/#primaryimage"},"thumbnailUrl":"https:\/\/www.latitude-15.com\/wp-content\/uploads\/2026\/01\/WhatsApp-Image-2025-04-30-a-17.02.32_fde42e10.jpg.webp","articleSection":["AVIA\u00c7\u00c3O","Conectividade a\u00e9rea e Atratividade territorial","Experi\u00eancia do passageiro e servi\u00e7os"],"inLanguage":"pt-BR","potentialAction":[{"@type":"CommentAction","name":"Comment","target":["https:\/\/www.latitude-15.com\/pt-br\/martinica-qualidade-de-servico-inovacao-conectividade-principais-conclusoes-do-aci-airport-day-2025\/#respond"]}]},{"@type":"WebPage","@id":"https:\/\/www.latitude-15.com\/pt-br\/martinica-qualidade-de-servico-inovacao-conectividade-principais-conclusoes-do-aci-airport-day-2025\/","url":"https:\/\/www.latitude-15.com\/pt-br\/martinica-qualidade-de-servico-inovacao-conectividade-principais-conclusoes-do-aci-airport-day-2025\/","name":"Martinica \u2013 Qualidade de servi\u00e7o, inova\u00e7\u00e3o, conectividade: principais conclus\u00f5es do ACI Airport Day 2025 - LATITUDE 15","isPartOf":{"@id":"https:\/\/www.latitude-15.com\/pt-br\/#website"},"primaryImageOfPage":{"@id":"https:\/\/www.latitude-15.com\/pt-br\/martinica-qualidade-de-servico-inovacao-conectividade-principais-conclusoes-do-aci-airport-day-2025\/#primaryimage"},"image":{"@id":"https:\/\/www.latitude-15.com\/pt-br\/martinica-qualidade-de-servico-inovacao-conectividade-principais-conclusoes-do-aci-airport-day-2025\/#primaryimage"},"thumbnailUrl":"https:\/\/www.latitude-15.com\/wp-content\/uploads\/2026\/01\/WhatsApp-Image-2025-04-30-a-17.02.32_fde42e10.jpg.webp","datePublished":"2025-04-30T04:54:37+00:00","dateModified":"2026-02-04T05:40:03+00:00","breadcrumb":{"@id":"https:\/\/www.latitude-15.com\/pt-br\/martinica-qualidade-de-servico-inovacao-conectividade-principais-conclusoes-do-aci-airport-day-2025\/#breadcrumb"},"inLanguage":"pt-BR","potentialAction":[{"@type":"ReadAction","target":["https:\/\/www.latitude-15.com\/pt-br\/martinica-qualidade-de-servico-inovacao-conectividade-principais-conclusoes-do-aci-airport-day-2025\/"]}]},{"@type":"ImageObject","inLanguage":"pt-BR","@id":"https:\/\/www.latitude-15.com\/pt-br\/martinica-qualidade-de-servico-inovacao-conectividade-principais-conclusoes-do-aci-airport-day-2025\/#primaryimage","url":"https:\/\/www.latitude-15.com\/wp-content\/uploads\/2026\/01\/WhatsApp-Image-2025-04-30-a-17.02.32_fde42e10.jpg.webp","contentUrl":"https:\/\/www.latitude-15.com\/wp-content\/uploads\/2026\/01\/WhatsApp-Image-2025-04-30-a-17.02.32_fde42e10.jpg.webp","width":1594,"height":831},{"@type":"BreadcrumbList","@id":"https:\/\/www.latitude-15.com\/pt-br\/martinica-qualidade-de-servico-inovacao-conectividade-principais-conclusoes-do-aci-airport-day-2025\/#breadcrumb","itemListElement":[{"@type":"ListItem","position":1,"name":"Home","item":"https:\/\/www.latitude-15.com\/pt-br\/inicio\/"},{"@type":"ListItem","position":2,"name":"Martinica \u2013 Qualidade de servi\u00e7o, inova\u00e7\u00e3o, conectividade: principais conclus\u00f5es do ACI Airport Day 2025"}]},{"@type":"WebSite","@id":"https:\/\/www.latitude-15.com\/pt-br\/#website","url":"https:\/\/www.latitude-15.com\/pt-br\/","name":"LATITUDE 15","description":"Aviation and maritime Magazine - Caribbean &amp; Latin America","publisher":{"@id":"https:\/\/www.latitude-15.com\/pt-br\/#organization"},"potentialAction":[{"@type":"SearchAction","target":{"@type":"EntryPoint","urlTemplate":"https:\/\/www.latitude-15.com\/pt-br\/?s={search_term_string}"},"query-input":{"@type":"PropertyValueSpecification","valueRequired":true,"valueName":"search_term_string"}}],"inLanguage":"pt-BR"},{"@type":"Organization","@id":"https:\/\/www.latitude-15.com\/pt-br\/#organization","name":"LATITUDE 15","url":"https:\/\/www.latitude-15.com\/pt-br\/","logo":{"@type":"ImageObject","inLanguage":"pt-BR","@id":"https:\/\/www.latitude-15.com\/pt-br\/#\/schema\/logo\/image\/","url":"https:\/\/www.latitude-15.com\/wp-content\/uploads\/2026\/01\/cropped-logox500px.png","contentUrl":"https:\/\/www.latitude-15.com\/wp-content\/uploads\/2026\/01\/cropped-logox500px.png","width":62,"height":75,"caption":"LATITUDE 15"},"image":{"@id":"https:\/\/www.latitude-15.com\/pt-br\/#\/schema\/logo\/image\/"}},{"@type":"Person","@id":"https:\/\/www.latitude-15.com\/pt-br\/#\/schema\/person\/2a70943507771992ce3316849aa93bdd","name":"sabrinalat15","image":{"@type":"ImageObject","inLanguage":"pt-BR","@id":"https:\/\/www.latitude-15.com\/pt-br\/#\/schema\/person\/image\/","url":"https:\/\/secure.gravatar.com\/avatar\/91f5e11872ca6128d75f7bbde22cc384ad142a113b81c554ed87d6d9762f8813?s=96&d=mm&r=g","contentUrl":"https:\/\/secure.gravatar.com\/avatar\/91f5e11872ca6128d75f7bbde22cc384ad142a113b81c554ed87d6d9762f8813?s=96&d=mm&r=g","caption":"sabrinalat15"},"sameAs":["https:\/\/www.latitude-15.com"],"url":"https:\/\/www.latitude-15.com\/pt-br\/author\/sabrinalat15\/"}]}},"_links":{"self":[{"href":"https:\/\/www.latitude-15.com\/pt-br\/wp-json\/wp\/v2\/posts\/19752","targetHints":{"allow":["GET"]}}],"collection":[{"href":"https:\/\/www.latitude-15.com\/pt-br\/wp-json\/wp\/v2\/posts"}],"about":[{"href":"https:\/\/www.latitude-15.com\/pt-br\/wp-json\/wp\/v2\/types\/post"}],"author":[{"embeddable":true,"href":"https:\/\/www.latitude-15.com\/pt-br\/wp-json\/wp\/v2\/users\/1"}],"replies":[{"embeddable":true,"href":"https:\/\/www.latitude-15.com\/pt-br\/wp-json\/wp\/v2\/comments?post=19752"}],"version-history":[{"count":1,"href":"https:\/\/www.latitude-15.com\/pt-br\/wp-json\/wp\/v2\/posts\/19752\/revisions"}],"predecessor-version":[{"id":19753,"href":"https:\/\/www.latitude-15.com\/pt-br\/wp-json\/wp\/v2\/posts\/19752\/revisions\/19753"}],"wp:featuredmedia":[{"embeddable":true,"href":"https:\/\/www.latitude-15.com\/pt-br\/wp-json\/wp\/v2\/media\/19751"}],"wp:attachment":[{"href":"https:\/\/www.latitude-15.com\/pt-br\/wp-json\/wp\/v2\/media?parent=19752"}],"wp:term":[{"taxonomy":"category","embeddable":true,"href":"https:\/\/www.latitude-15.com\/pt-br\/wp-json\/wp\/v2\/categories?post=19752"},{"taxonomy":"post_tag","embeddable":true,"href":"https:\/\/www.latitude-15.com\/pt-br\/wp-json\/wp\/v2\/tags?post=19752"}],"curies":[{"name":"wp","href":"https:\/\/api.w.org\/{rel}","templated":true}]}}