{"id":19741,"date":"2025-05-09T00:52:40","date_gmt":"2025-05-09T04:52:40","guid":{"rendered":"https:\/\/www.latitude-15.com\/2025\/05\/09\/aci-airport-day-tecnologia-e-experiencia-do-passageiro-o-que-os-especialistas-tem-a-dizer\/"},"modified":"2026-02-04T01:37:36","modified_gmt":"2026-02-04T05:37:36","slug":"aci-airport-day-tecnologia-e-experiencia-do-passageiro-o-que-os-especialistas-tem-a-dizer","status":"publish","type":"post","link":"https:\/\/www.latitude-15.com\/pt-br\/aci-airport-day-tecnologia-e-experiencia-do-passageiro-o-que-os-especialistas-tem-a-dizer\/","title":{"rendered":"[ACI Airport Day] Tecnologia e experi\u00eancia do passageiro: o que os especialistas t\u00eam a dizer"},"content":{"rendered":"\n<h2 class=\"wp-block-heading\">Tr\u00eas l\u00edderes mundiais se re\u00fanem no ACI Airport Day para repensar o futuro da jornada do passageiro nos aeroportos do Caribe<\/h2>\n\n<p><strong>Como podemos repensar a experi\u00eancia do passageiro em um mundo aeroportu\u00e1rio cada vez mais digitalizado?<\/strong> Essa foi a quest\u00e3o central do painel \u201cTecnologia e experi\u00eancia do cliente\u201d organizado durante o <a href=\"https:\/\/aci-lac.aero\/en\/event\/\" target=\"_blank\" rel=\"noreferrer noopener\">ACI Airport Day<\/a>, que reuniu tr\u00eas especialistas de empresas internacionais l\u00edderes: Embross, SITA e Collins Aerospace.<br\/>Apresentado por <strong>Val\u00e9rie Vanderhacgen<\/strong>, o ACI Airport Day destacou quest\u00f5es-chave para os tomadores de decis\u00e3o de aeroportos na regi\u00e3o do <a href=\"https:\/\/richeskarayib.com\/caribbean-beaches-stand-out-in-the-2025-world\/\" target=\"_blank\" rel=\"noreferrer noopener\">Caribe<\/a>.<\/p>\n\n<figure class=\"wp-block-image\"><img decoding=\"async\" data-src=\"https:\/\/richeskarayib.com\/wp-content\/uploads\/2025\/05\/aeroport-technologie-RK-1024x683.png\" alt=\"ACI Airport Day\" src=\"data:image\/svg+xml;base64,PHN2ZyB3aWR0aD0iMSIgaGVpZ2h0PSIxIiB4bWxucz0iaHR0cDovL3d3dy53My5vcmcvMjAwMC9zdmciPjwvc3ZnPg==\" class=\"lazyload\" style=\"--smush-placeholder-width: 1024px; --smush-placeholder-aspect-ratio: 1024\/683;\" \/><\/figure>\n\n<h2 class=\"wp-block-heading\">Uma vis\u00e3o compartilhada: tecnologia + pessoas = uma experi\u00eancia vencedora<\/h2>\n\n<blockquote class=\"wp-block-quote is-layout-flow wp-block-quote-is-layout-flow\">\n<p>\u201cVoc\u00ea n\u00e3o volta para casa e diz: \u2018Hoje tive uma viagem tranquila como passageiro\u2019. E, no entanto, \u00e9 exatamente isso que esperamos de uma boa jornada do passageiro.\u201d \u2013 <em>Uriel Torres, SITA<\/em><\/p>\n<\/blockquote>\n\n<p>Al\u00e9m das palavras-chave \u2013 efici\u00eancia, satisfa\u00e7\u00e3o, fluidez \u2013 os palestrantes insistiram em uma ideia forte: <strong>a tecnologia n\u00e3o substitui o contato humano, ela o refor\u00e7a<\/strong>.<\/p>\n\n<figure class=\"wp-block-image\"><img decoding=\"async\" data-src=\"https:\/\/richeskarayib.com\/wp-content\/uploads\/2025\/05\/marcoux.png\" alt=\"ACI Airport Day\" src=\"data:image\/svg+xml;base64,PHN2ZyB3aWR0aD0iMSIgaGVpZ2h0PSIxIiB4bWxucz0iaHR0cDovL3d3dy53My5vcmcvMjAwMC9zdmciPjwvc3ZnPg==\" class=\"lazyload\" \/><figcaption class=\"wp-element-caption\">St\u00e9phane H. Marcoux<\/figcaption><\/figure>\n\n<ul class=\"wp-block-list\">\n<li><strong>St\u00e9phane H. Marcoux (Collins Aerospace)<\/strong> falou no ACI Airport Day sobre uma abordagem centrada na \u201cjornada perfeita\u201d, onde as tecnologias permitem que a equipe do aeroporto se aproxime dos passageiros, em vez de se afastar.<\/li>\n<\/ul>\n\n<figure class=\"wp-block-image\"><img decoding=\"async\" data-src=\"https:\/\/richeskarayib.com\/wp-content\/uploads\/2025\/05\/WhatsApp-Image-2025-05-08-a-23.40.09_aea0a428-1024x1024.jpg\" alt=\"ACI Airport Day\" src=\"data:image\/svg+xml;base64,PHN2ZyB3aWR0aD0iMSIgaGVpZ2h0PSIxIiB4bWxucz0iaHR0cDovL3d3dy53My5vcmcvMjAwMC9zdmciPjwvc3ZnPg==\" class=\"lazyload\" style=\"--smush-placeholder-width: 1024px; --smush-placeholder-aspect-ratio: 1024\/1024;\" \/><figcaption class=\"wp-element-caption\">Alex Gerdts<\/figcaption><\/figure>\n\n<ul class=\"wp-block-list\">\n<li><strong>Alex Gerdts (Embross)<\/strong> defende aeroportos \u201cembaixadores\u201d, onde a interface homem-m\u00e1quina se torna intuitiva, tranquilizadora e complementada por uma valiosa assist\u00eancia humana.<\/li>\n<\/ul>\n\n<figure class=\"wp-block-image\"><img decoding=\"async\" data-src=\"https:\/\/richeskarayib.com\/wp-content\/uploads\/2025\/05\/WhatsApp-Image-2025-05-08-a-23.40.09_bb588fb4-967x1024.jpg\" alt=\"ACI Airport Day\" src=\"data:image\/svg+xml;base64,PHN2ZyB3aWR0aD0iMSIgaGVpZ2h0PSIxIiB4bWxucz0iaHR0cDovL3d3dy53My5vcmcvMjAwMC9zdmciPjwvc3ZnPg==\" class=\"lazyload\" style=\"--smush-placeholder-width: 967px; --smush-placeholder-aspect-ratio: 967\/1024;\" \/><figcaption class=\"wp-element-caption\">Uriel Torres<\/figcaption><\/figure>\n\n<ul class=\"wp-block-list\">\n<li>Para <strong>Uriel Torres (SITA)<\/strong>, cada aeroporto tem que lidar com sua pr\u00f3pria identidade e perfis de passageiros: n\u00e3o <strong>existe um modelo \u00fanico, apenas uma estrat\u00e9gia sob medida.<\/strong><\/li>\n<\/ul>\n\n<h2 class=\"wp-block-heading\">Exemplos inspiradores: de Bogot\u00e1 a Aruba<\/h2>\n\n<p>Os palestrantes compartilharam v\u00e1rios casos concretos que poderiam inspirar os aeroportos do Caribe:<\/p>\n\n<p>\u2013 O <strong>Automated Passport Control (APC)<\/strong>, nascido em Vancouver, transformou a experi\u00eancia de chegada de voos de cruzeiro nos Estados Unidos, agilizando a entrada sem a necessidade de expans\u00e3o da infraestrutura.<\/p>\n\n<p>\u2013 O <strong>projeto \u201cHappy Flow\u201d em Aruba<\/strong>, implantado em parceria com o governo local, possibilitou a integra\u00e7\u00e3o da biometria em toda a jornada do passageiro \u2013 do check-in ao embarque \u2013 oferecendo uma experi\u00eancia perfeita e altamente segura.<\/p>\n\n<p>\u2013 Na Col\u00f4mbia, inova\u00e7\u00f5es em torno da <strong>seguran\u00e7a de pr\u00e9-verifica\u00e7\u00e3o<\/strong> tamb\u00e9m reduziram consideravelmente os pontos de atrito.<\/p>\n\n<figure class=\"wp-block-image\"><img decoding=\"async\" data-src=\"https:\/\/richeskarayib.com\/wp-content\/uploads\/2025\/05\/WhatsApp-Image-2025-05-08-a-23.22.09_50b21795-1024x805.jpg\" alt=\"ACI Airport Day\" src=\"data:image\/svg+xml;base64,PHN2ZyB3aWR0aD0iMSIgaGVpZ2h0PSIxIiB4bWxucz0iaHR0cDovL3d3dy53My5vcmcvMjAwMC9zdmciPjwvc3ZnPg==\" class=\"lazyload\" style=\"--smush-placeholder-width: 1024px; --smush-placeholder-aspect-ratio: 1024\/805;\" \/><\/figure>\n\n<h2 class=\"wp-block-heading\">E a biometria? Oportunidade&#8230; ou desafio regulat\u00f3rio<\/h2>\n\n<p>Embora a biometria fascine com sua promessa de fluidez, os palestrantes nos lembram dos muitos desafios ligados \u00e0 <strong>prote\u00e7\u00e3o de dados<\/strong> e aos <strong>regulamentos governamentais<\/strong>, particularmente na Europa (RGPD).<\/p>\n\n<p>Alguns territ\u00f3rios caribenhos podem aproveitar sua agilidade institucional para experimentar modelos adaptados, desde que o uso seja seguro e a confian\u00e7a genu\u00edna do passageiro seja constru\u00edda.<\/p>\n\n<figure class=\"wp-block-image\"><img decoding=\"async\" data-src=\"https:\/\/richeskarayib.com\/wp-content\/uploads\/2025\/05\/aerop-2-1024x683.png\" alt=\"ACI Airport Day\" src=\"data:image\/svg+xml;base64,PHN2ZyB3aWR0aD0iMSIgaGVpZ2h0PSIxIiB4bWxucz0iaHR0cDovL3d3dy53My5vcmcvMjAwMC9zdmciPjwvc3ZnPg==\" class=\"lazyload\" style=\"--smush-placeholder-width: 1024px; --smush-placeholder-aspect-ratio: 1024\/683;\" \/><\/figure>\n\n<h2 class=\"wp-block-heading\">Por que \u00e9 essencial para o Caribe<\/h2>\n\n<p>Em uma regi\u00e3o onde o turismo, o transporte a\u00e9reo e os cruzeiros s\u00e3o pilares econ\u00f4micos, otimizar a jornada do passageiro \u00e9 muito mais do que um desafio t\u00e9cnico. \u00c9 <strong>uma oportunidade estrat\u00e9gica para modernizar a imagem, melhorar a lucratividade e aumentar o apelo de<\/strong> toda uma regi\u00e3o.<\/p>\n\n<p>Em seu trabalho editorial, <a href=\"https:\/\/richeskarayib.com\/\" target=\"_blank\" rel=\"noreferrer noopener\"><strong>Rich\u00e8s Karayib<\/strong><\/a> se prop\u00f5e a rastrear as transforma\u00e7\u00f5es que est\u00e3o remodelando as trajet\u00f3rias tur\u00edsticas e econ\u00f4micas do <a href=\"https:\/\/richeskarayib.com\/caribbean-investment-summit-2025-integrity\/\" target=\"_blank\" rel=\"noreferrer noopener\">Caribe<\/a>.<\/p>\n\n<figure class=\"wp-block-image\"><img decoding=\"async\" data-src=\"https:\/\/richeskarayib.com\/wp-content\/uploads\/2025\/05\/WhatsApp-Image-2025-05-09-a-00.24.54_9d49a059-1024x576.jpg\" alt=\"ACI Airport Day\" src=\"data:image\/svg+xml;base64,PHN2ZyB3aWR0aD0iMSIgaGVpZ2h0PSIxIiB4bWxucz0iaHR0cDovL3d3dy53My5vcmcvMjAwMC9zdmciPjwvc3ZnPg==\" class=\"lazyload\" style=\"--smush-placeholder-width: 1024px; --smush-placeholder-aspect-ratio: 1024\/576;\" \/><\/figure>\n","protected":false},"excerpt":{"rendered":"<p>Tr\u00eas l\u00edderes mundiais se re\u00fanem no ACI Airport Day para repensar o futuro da jornada do passageiro nos aeroportos do Caribe Como podemos repensar a experi\u00eancia do passageiro em um mundo aeroportu\u00e1rio cada vez mais digitalizado? Essa foi a quest\u00e3o central do painel \u201cTecnologia e experi\u00eancia do cliente\u201d organizado durante o ACI Airport Day, que [&hellip;]<\/p>\n","protected":false},"author":1,"featured_media":0,"comment_status":"open","ping_status":"open","sticky":false,"template":"","format":"standard","meta":{"footnotes":""},"categories":[110],"tags":[],"class_list":["post-19741","post","type-post","status-publish","format-standard","hentry","category-experiencia-do-passageiro-e-servicos"],"yoast_head":"<!-- This site is optimized with the Yoast SEO plugin v26.9 - https:\/\/yoast.com\/product\/yoast-seo-wordpress\/ -->\n<title>[ACI Airport Day] Tecnologia e experi\u00eancia do passageiro: o que os especialistas t\u00eam a dizer - LATITUDE 15<\/title>\n<meta name=\"robots\" content=\"index, follow, max-snippet:-1, max-image-preview:large, max-video-preview:-1\" \/>\n<link rel=\"canonical\" href=\"https:\/\/www.latitude-15.com\/pt-br\/aci-airport-day-tecnologia-e-experiencia-do-passageiro-o-que-os-especialistas-tem-a-dizer\/\" \/>\n<meta property=\"og:locale\" content=\"pt_BR\" \/>\n<meta property=\"og:type\" content=\"article\" \/>\n<meta property=\"og:title\" content=\"[ACI Airport Day] Tecnologia e experi\u00eancia do passageiro: o que os especialistas t\u00eam a dizer - LATITUDE 15\" \/>\n<meta property=\"og:description\" content=\"Tr\u00eas l\u00edderes mundiais se re\u00fanem no ACI Airport Day para repensar o futuro da jornada do passageiro nos aeroportos do Caribe Como podemos repensar a experi\u00eancia do passageiro em um mundo aeroportu\u00e1rio cada vez mais digitalizado? Essa foi a quest\u00e3o central do painel \u201cTecnologia e experi\u00eancia do cliente\u201d organizado durante o ACI Airport Day, que [&hellip;]\" \/>\n<meta property=\"og:url\" content=\"https:\/\/www.latitude-15.com\/pt-br\/aci-airport-day-tecnologia-e-experiencia-do-passageiro-o-que-os-especialistas-tem-a-dizer\/\" \/>\n<meta property=\"og:site_name\" content=\"LATITUDE 15\" \/>\n<meta property=\"article:published_time\" content=\"2025-05-09T04:52:40+00:00\" \/>\n<meta property=\"article:modified_time\" content=\"2026-02-04T05:37:36+00:00\" \/>\n<meta property=\"og:image\" content=\"https:\/\/www.latitude-15.com\/wp-content\/uploads\/2026\/01\/WhatsApp-Image-2025-05-08-a-23.22.20_78f60266.jpg.webp\" \/>\n\t<meta property=\"og:image:width\" content=\"1600\" \/>\n\t<meta property=\"og:image:height\" content=\"900\" \/>\n\t<meta property=\"og:image:type\" content=\"image\/webp\" \/>\n<meta name=\"author\" content=\"sabrinalat15\" \/>\n<meta name=\"twitter:card\" content=\"summary_large_image\" \/>\n<meta name=\"twitter:label1\" content=\"Escrito por\" \/>\n\t<meta name=\"twitter:data1\" content=\"sabrinalat15\" \/>\n\t<meta name=\"twitter:label2\" content=\"Est. tempo de leitura\" \/>\n\t<meta name=\"twitter:data2\" content=\"3 minutos\" \/>\n<script type=\"application\/ld+json\" class=\"yoast-schema-graph\">{\"@context\":\"https:\/\/schema.org\",\"@graph\":[{\"@type\":\"Article\",\"@id\":\"https:\/\/www.latitude-15.com\/pt-br\/aci-airport-day-tecnologia-e-experiencia-do-passageiro-o-que-os-especialistas-tem-a-dizer\/#article\",\"isPartOf\":{\"@id\":\"https:\/\/www.latitude-15.com\/pt-br\/aci-airport-day-tecnologia-e-experiencia-do-passageiro-o-que-os-especialistas-tem-a-dizer\/\"},\"author\":{\"name\":\"sabrinalat15\",\"@id\":\"https:\/\/www.latitude-15.com\/pt-br\/#\/schema\/person\/2a70943507771992ce3316849aa93bdd\"},\"headline\":\"[ACI Airport Day] Tecnologia e experi\u00eancia do passageiro: o que os especialistas t\u00eam a dizer\",\"datePublished\":\"2025-05-09T04:52:40+00:00\",\"dateModified\":\"2026-02-04T05:37:36+00:00\",\"mainEntityOfPage\":{\"@id\":\"https:\/\/www.latitude-15.com\/pt-br\/aci-airport-day-tecnologia-e-experiencia-do-passageiro-o-que-os-especialistas-tem-a-dizer\/\"},\"wordCount\":549,\"commentCount\":0,\"publisher\":{\"@id\":\"https:\/\/www.latitude-15.com\/pt-br\/#organization\"},\"image\":{\"@id\":\"https:\/\/www.latitude-15.com\/pt-br\/aci-airport-day-tecnologia-e-experiencia-do-passageiro-o-que-os-especialistas-tem-a-dizer\/#primaryimage\"},\"thumbnailUrl\":\"https:\/\/richeskarayib.com\/wp-content\/uploads\/2025\/05\/aeroport-technologie-RK-1024x683.png\",\"articleSection\":[\"Experi\u00eancia do passageiro e servi\u00e7os\"],\"inLanguage\":\"pt-BR\",\"potentialAction\":[{\"@type\":\"CommentAction\",\"name\":\"Comment\",\"target\":[\"https:\/\/www.latitude-15.com\/pt-br\/aci-airport-day-tecnologia-e-experiencia-do-passageiro-o-que-os-especialistas-tem-a-dizer\/#respond\"]}]},{\"@type\":\"WebPage\",\"@id\":\"https:\/\/www.latitude-15.com\/pt-br\/aci-airport-day-tecnologia-e-experiencia-do-passageiro-o-que-os-especialistas-tem-a-dizer\/\",\"url\":\"https:\/\/www.latitude-15.com\/pt-br\/aci-airport-day-tecnologia-e-experiencia-do-passageiro-o-que-os-especialistas-tem-a-dizer\/\",\"name\":\"[ACI Airport Day] Tecnologia e experi\u00eancia do passageiro: o que os especialistas t\u00eam a dizer - LATITUDE 15\",\"isPartOf\":{\"@id\":\"https:\/\/www.latitude-15.com\/pt-br\/#website\"},\"primaryImageOfPage\":{\"@id\":\"https:\/\/www.latitude-15.com\/pt-br\/aci-airport-day-tecnologia-e-experiencia-do-passageiro-o-que-os-especialistas-tem-a-dizer\/#primaryimage\"},\"image\":{\"@id\":\"https:\/\/www.latitude-15.com\/pt-br\/aci-airport-day-tecnologia-e-experiencia-do-passageiro-o-que-os-especialistas-tem-a-dizer\/#primaryimage\"},\"thumbnailUrl\":\"https:\/\/richeskarayib.com\/wp-content\/uploads\/2025\/05\/aeroport-technologie-RK-1024x683.png\",\"datePublished\":\"2025-05-09T04:52:40+00:00\",\"dateModified\":\"2026-02-04T05:37:36+00:00\",\"breadcrumb\":{\"@id\":\"https:\/\/www.latitude-15.com\/pt-br\/aci-airport-day-tecnologia-e-experiencia-do-passageiro-o-que-os-especialistas-tem-a-dizer\/#breadcrumb\"},\"inLanguage\":\"pt-BR\",\"potentialAction\":[{\"@type\":\"ReadAction\",\"target\":[\"https:\/\/www.latitude-15.com\/pt-br\/aci-airport-day-tecnologia-e-experiencia-do-passageiro-o-que-os-especialistas-tem-a-dizer\/\"]}]},{\"@type\":\"ImageObject\",\"inLanguage\":\"pt-BR\",\"@id\":\"https:\/\/www.latitude-15.com\/pt-br\/aci-airport-day-tecnologia-e-experiencia-do-passageiro-o-que-os-especialistas-tem-a-dizer\/#primaryimage\",\"url\":\"https:\/\/richeskarayib.com\/wp-content\/uploads\/2025\/05\/aeroport-technologie-RK-1024x683.png\",\"contentUrl\":\"https:\/\/richeskarayib.com\/wp-content\/uploads\/2025\/05\/aeroport-technologie-RK-1024x683.png\"},{\"@type\":\"BreadcrumbList\",\"@id\":\"https:\/\/www.latitude-15.com\/pt-br\/aci-airport-day-tecnologia-e-experiencia-do-passageiro-o-que-os-especialistas-tem-a-dizer\/#breadcrumb\",\"itemListElement\":[{\"@type\":\"ListItem\",\"position\":1,\"name\":\"Home\",\"item\":\"https:\/\/www.latitude-15.com\/pt-br\/inicio\/\"},{\"@type\":\"ListItem\",\"position\":2,\"name\":\"[ACI Airport Day] Tecnologia e experi\u00eancia do passageiro: o que os especialistas t\u00eam a dizer\"}]},{\"@type\":\"WebSite\",\"@id\":\"https:\/\/www.latitude-15.com\/pt-br\/#website\",\"url\":\"https:\/\/www.latitude-15.com\/pt-br\/\",\"name\":\"LATITUDE 15\",\"description\":\"Aviation and maritime Magazine - Caribbean &amp; Latin America\",\"publisher\":{\"@id\":\"https:\/\/www.latitude-15.com\/pt-br\/#organization\"},\"potentialAction\":[{\"@type\":\"SearchAction\",\"target\":{\"@type\":\"EntryPoint\",\"urlTemplate\":\"https:\/\/www.latitude-15.com\/pt-br\/?s={search_term_string}\"},\"query-input\":{\"@type\":\"PropertyValueSpecification\",\"valueRequired\":true,\"valueName\":\"search_term_string\"}}],\"inLanguage\":\"pt-BR\"},{\"@type\":\"Organization\",\"@id\":\"https:\/\/www.latitude-15.com\/pt-br\/#organization\",\"name\":\"LATITUDE 15\",\"url\":\"https:\/\/www.latitude-15.com\/pt-br\/\",\"logo\":{\"@type\":\"ImageObject\",\"inLanguage\":\"pt-BR\",\"@id\":\"https:\/\/www.latitude-15.com\/pt-br\/#\/schema\/logo\/image\/\",\"url\":\"https:\/\/www.latitude-15.com\/wp-content\/uploads\/2026\/01\/cropped-logox500px.png\",\"contentUrl\":\"https:\/\/www.latitude-15.com\/wp-content\/uploads\/2026\/01\/cropped-logox500px.png\",\"width\":62,\"height\":75,\"caption\":\"LATITUDE 15\"},\"image\":{\"@id\":\"https:\/\/www.latitude-15.com\/pt-br\/#\/schema\/logo\/image\/\"}},{\"@type\":\"Person\",\"@id\":\"https:\/\/www.latitude-15.com\/pt-br\/#\/schema\/person\/2a70943507771992ce3316849aa93bdd\",\"name\":\"sabrinalat15\",\"image\":{\"@type\":\"ImageObject\",\"inLanguage\":\"pt-BR\",\"@id\":\"https:\/\/www.latitude-15.com\/pt-br\/#\/schema\/person\/image\/\",\"url\":\"https:\/\/secure.gravatar.com\/avatar\/91f5e11872ca6128d75f7bbde22cc384ad142a113b81c554ed87d6d9762f8813?s=96&d=mm&r=g\",\"contentUrl\":\"https:\/\/secure.gravatar.com\/avatar\/91f5e11872ca6128d75f7bbde22cc384ad142a113b81c554ed87d6d9762f8813?s=96&d=mm&r=g\",\"caption\":\"sabrinalat15\"},\"sameAs\":[\"https:\/\/www.latitude-15.com\"],\"url\":\"https:\/\/www.latitude-15.com\/pt-br\/author\/sabrinalat15\/\"}]}<\/script>\n<!-- \/ Yoast SEO plugin. -->","yoast_head_json":{"title":"[ACI Airport Day] Tecnologia e experi\u00eancia do passageiro: o que os especialistas t\u00eam a dizer - LATITUDE 15","robots":{"index":"index","follow":"follow","max-snippet":"max-snippet:-1","max-image-preview":"max-image-preview:large","max-video-preview":"max-video-preview:-1"},"canonical":"https:\/\/www.latitude-15.com\/pt-br\/aci-airport-day-tecnologia-e-experiencia-do-passageiro-o-que-os-especialistas-tem-a-dizer\/","og_locale":"pt_BR","og_type":"article","og_title":"[ACI Airport Day] Tecnologia e experi\u00eancia do passageiro: o que os especialistas t\u00eam a dizer - LATITUDE 15","og_description":"Tr\u00eas l\u00edderes mundiais se re\u00fanem no ACI Airport Day para repensar o futuro da jornada do passageiro nos aeroportos do Caribe Como podemos repensar a experi\u00eancia do passageiro em um mundo aeroportu\u00e1rio cada vez mais digitalizado? Essa foi a quest\u00e3o central do painel \u201cTecnologia e experi\u00eancia do cliente\u201d organizado durante o ACI Airport Day, que [&hellip;]","og_url":"https:\/\/www.latitude-15.com\/pt-br\/aci-airport-day-tecnologia-e-experiencia-do-passageiro-o-que-os-especialistas-tem-a-dizer\/","og_site_name":"LATITUDE 15","article_published_time":"2025-05-09T04:52:40+00:00","article_modified_time":"2026-02-04T05:37:36+00:00","og_image":[{"width":1600,"height":900,"url":"https:\/\/www.latitude-15.com\/wp-content\/uploads\/2026\/01\/WhatsApp-Image-2025-05-08-a-23.22.20_78f60266.jpg.webp","type":"image\/webp"}],"author":"sabrinalat15","twitter_card":"summary_large_image","twitter_misc":{"Escrito por":"sabrinalat15","Est. tempo de leitura":"3 minutos"},"schema":{"@context":"https:\/\/schema.org","@graph":[{"@type":"Article","@id":"https:\/\/www.latitude-15.com\/pt-br\/aci-airport-day-tecnologia-e-experiencia-do-passageiro-o-que-os-especialistas-tem-a-dizer\/#article","isPartOf":{"@id":"https:\/\/www.latitude-15.com\/pt-br\/aci-airport-day-tecnologia-e-experiencia-do-passageiro-o-que-os-especialistas-tem-a-dizer\/"},"author":{"name":"sabrinalat15","@id":"https:\/\/www.latitude-15.com\/pt-br\/#\/schema\/person\/2a70943507771992ce3316849aa93bdd"},"headline":"[ACI Airport Day] Tecnologia e experi\u00eancia do passageiro: o que os especialistas t\u00eam a dizer","datePublished":"2025-05-09T04:52:40+00:00","dateModified":"2026-02-04T05:37:36+00:00","mainEntityOfPage":{"@id":"https:\/\/www.latitude-15.com\/pt-br\/aci-airport-day-tecnologia-e-experiencia-do-passageiro-o-que-os-especialistas-tem-a-dizer\/"},"wordCount":549,"commentCount":0,"publisher":{"@id":"https:\/\/www.latitude-15.com\/pt-br\/#organization"},"image":{"@id":"https:\/\/www.latitude-15.com\/pt-br\/aci-airport-day-tecnologia-e-experiencia-do-passageiro-o-que-os-especialistas-tem-a-dizer\/#primaryimage"},"thumbnailUrl":"https:\/\/richeskarayib.com\/wp-content\/uploads\/2025\/05\/aeroport-technologie-RK-1024x683.png","articleSection":["Experi\u00eancia do passageiro e servi\u00e7os"],"inLanguage":"pt-BR","potentialAction":[{"@type":"CommentAction","name":"Comment","target":["https:\/\/www.latitude-15.com\/pt-br\/aci-airport-day-tecnologia-e-experiencia-do-passageiro-o-que-os-especialistas-tem-a-dizer\/#respond"]}]},{"@type":"WebPage","@id":"https:\/\/www.latitude-15.com\/pt-br\/aci-airport-day-tecnologia-e-experiencia-do-passageiro-o-que-os-especialistas-tem-a-dizer\/","url":"https:\/\/www.latitude-15.com\/pt-br\/aci-airport-day-tecnologia-e-experiencia-do-passageiro-o-que-os-especialistas-tem-a-dizer\/","name":"[ACI Airport Day] Tecnologia e experi\u00eancia do passageiro: o que os especialistas t\u00eam a dizer - LATITUDE 15","isPartOf":{"@id":"https:\/\/www.latitude-15.com\/pt-br\/#website"},"primaryImageOfPage":{"@id":"https:\/\/www.latitude-15.com\/pt-br\/aci-airport-day-tecnologia-e-experiencia-do-passageiro-o-que-os-especialistas-tem-a-dizer\/#primaryimage"},"image":{"@id":"https:\/\/www.latitude-15.com\/pt-br\/aci-airport-day-tecnologia-e-experiencia-do-passageiro-o-que-os-especialistas-tem-a-dizer\/#primaryimage"},"thumbnailUrl":"https:\/\/richeskarayib.com\/wp-content\/uploads\/2025\/05\/aeroport-technologie-RK-1024x683.png","datePublished":"2025-05-09T04:52:40+00:00","dateModified":"2026-02-04T05:37:36+00:00","breadcrumb":{"@id":"https:\/\/www.latitude-15.com\/pt-br\/aci-airport-day-tecnologia-e-experiencia-do-passageiro-o-que-os-especialistas-tem-a-dizer\/#breadcrumb"},"inLanguage":"pt-BR","potentialAction":[{"@type":"ReadAction","target":["https:\/\/www.latitude-15.com\/pt-br\/aci-airport-day-tecnologia-e-experiencia-do-passageiro-o-que-os-especialistas-tem-a-dizer\/"]}]},{"@type":"ImageObject","inLanguage":"pt-BR","@id":"https:\/\/www.latitude-15.com\/pt-br\/aci-airport-day-tecnologia-e-experiencia-do-passageiro-o-que-os-especialistas-tem-a-dizer\/#primaryimage","url":"https:\/\/richeskarayib.com\/wp-content\/uploads\/2025\/05\/aeroport-technologie-RK-1024x683.png","contentUrl":"https:\/\/richeskarayib.com\/wp-content\/uploads\/2025\/05\/aeroport-technologie-RK-1024x683.png"},{"@type":"BreadcrumbList","@id":"https:\/\/www.latitude-15.com\/pt-br\/aci-airport-day-tecnologia-e-experiencia-do-passageiro-o-que-os-especialistas-tem-a-dizer\/#breadcrumb","itemListElement":[{"@type":"ListItem","position":1,"name":"Home","item":"https:\/\/www.latitude-15.com\/pt-br\/inicio\/"},{"@type":"ListItem","position":2,"name":"[ACI Airport Day] Tecnologia e experi\u00eancia do passageiro: o que os especialistas t\u00eam a dizer"}]},{"@type":"WebSite","@id":"https:\/\/www.latitude-15.com\/pt-br\/#website","url":"https:\/\/www.latitude-15.com\/pt-br\/","name":"LATITUDE 15","description":"Aviation and maritime Magazine - Caribbean &amp; Latin America","publisher":{"@id":"https:\/\/www.latitude-15.com\/pt-br\/#organization"},"potentialAction":[{"@type":"SearchAction","target":{"@type":"EntryPoint","urlTemplate":"https:\/\/www.latitude-15.com\/pt-br\/?s={search_term_string}"},"query-input":{"@type":"PropertyValueSpecification","valueRequired":true,"valueName":"search_term_string"}}],"inLanguage":"pt-BR"},{"@type":"Organization","@id":"https:\/\/www.latitude-15.com\/pt-br\/#organization","name":"LATITUDE 15","url":"https:\/\/www.latitude-15.com\/pt-br\/","logo":{"@type":"ImageObject","inLanguage":"pt-BR","@id":"https:\/\/www.latitude-15.com\/pt-br\/#\/schema\/logo\/image\/","url":"https:\/\/www.latitude-15.com\/wp-content\/uploads\/2026\/01\/cropped-logox500px.png","contentUrl":"https:\/\/www.latitude-15.com\/wp-content\/uploads\/2026\/01\/cropped-logox500px.png","width":62,"height":75,"caption":"LATITUDE 15"},"image":{"@id":"https:\/\/www.latitude-15.com\/pt-br\/#\/schema\/logo\/image\/"}},{"@type":"Person","@id":"https:\/\/www.latitude-15.com\/pt-br\/#\/schema\/person\/2a70943507771992ce3316849aa93bdd","name":"sabrinalat15","image":{"@type":"ImageObject","inLanguage":"pt-BR","@id":"https:\/\/www.latitude-15.com\/pt-br\/#\/schema\/person\/image\/","url":"https:\/\/secure.gravatar.com\/avatar\/91f5e11872ca6128d75f7bbde22cc384ad142a113b81c554ed87d6d9762f8813?s=96&d=mm&r=g","contentUrl":"https:\/\/secure.gravatar.com\/avatar\/91f5e11872ca6128d75f7bbde22cc384ad142a113b81c554ed87d6d9762f8813?s=96&d=mm&r=g","caption":"sabrinalat15"},"sameAs":["https:\/\/www.latitude-15.com"],"url":"https:\/\/www.latitude-15.com\/pt-br\/author\/sabrinalat15\/"}]}},"_links":{"self":[{"href":"https:\/\/www.latitude-15.com\/pt-br\/wp-json\/wp\/v2\/posts\/19741","targetHints":{"allow":["GET"]}}],"collection":[{"href":"https:\/\/www.latitude-15.com\/pt-br\/wp-json\/wp\/v2\/posts"}],"about":[{"href":"https:\/\/www.latitude-15.com\/pt-br\/wp-json\/wp\/v2\/types\/post"}],"author":[{"embeddable":true,"href":"https:\/\/www.latitude-15.com\/pt-br\/wp-json\/wp\/v2\/users\/1"}],"replies":[{"embeddable":true,"href":"https:\/\/www.latitude-15.com\/pt-br\/wp-json\/wp\/v2\/comments?post=19741"}],"version-history":[{"count":1,"href":"https:\/\/www.latitude-15.com\/pt-br\/wp-json\/wp\/v2\/posts\/19741\/revisions"}],"predecessor-version":[{"id":19742,"href":"https:\/\/www.latitude-15.com\/pt-br\/wp-json\/wp\/v2\/posts\/19741\/revisions\/19742"}],"wp:attachment":[{"href":"https:\/\/www.latitude-15.com\/pt-br\/wp-json\/wp\/v2\/media?parent=19741"}],"wp:term":[{"taxonomy":"category","embeddable":true,"href":"https:\/\/www.latitude-15.com\/pt-br\/wp-json\/wp\/v2\/categories?post=19741"},{"taxonomy":"post_tag","embeddable":true,"href":"https:\/\/www.latitude-15.com\/pt-br\/wp-json\/wp\/v2\/tags?post=19741"}],"curies":[{"name":"wp","href":"https:\/\/api.w.org\/{rel}","templated":true}]}}