{"id":19714,"date":"2025-05-20T01:37:00","date_gmt":"2025-05-20T05:37:00","guid":{"rendered":"https:\/\/www.latitude-15.com\/2025\/05\/20\/seatrade-2025-sao-vicente-e-granadinas-uma-ilha-uma-historia-um-futuro-responsavel\/"},"modified":"2026-02-04T01:08:05","modified_gmt":"2026-02-04T05:08:05","slug":"seatrade-2025-sao-vicente-e-granadinas-uma-ilha-uma-historia-um-futuro-responsavel","status":"publish","type":"post","link":"https:\/\/www.latitude-15.com\/pt-br\/seatrade-2025-sao-vicente-e-granadinas-uma-ilha-uma-historia-um-futuro-responsavel\/","title":{"rendered":"[SEATRADE 2025] S\u00e3o Vicente e Granadinas \u2013 Uma ilha, uma hist\u00f3ria, um futuro respons\u00e1vel"},"content":{"rendered":"\n<h2 class=\"wp-block-heading\">S\u00e3o Vicente e Granadinas reafirma seu compromisso com a inova\u00e7\u00e3o e autenticidade<\/h2>\n\n<p>De 8 a 11 de abril de 2025, <a href=\"https:\/\/www.tripadvisor.fr\/Tourism-g147379-St_Vincent_and_the_Grenadines-Vacations.html\" target=\"_blank\" rel=\"noreferrer noopener\"><strong>S\u00e3o Vicente e Granadinas<\/strong><\/a> foi um dos territ\u00f3rios caribenhos presentes na <a href=\"https:\/\/www.seatradecruiseevents.com\/global\/en\/home.html\" target=\"_blank\" rel=\"noreferrer noopener\"><strong>Seatrade Cruise Global<\/strong><\/a> em Miami, a maior feira mundial dedicada \u00e0 ind\u00fastria de cruzeiros.<br\/>Atrav\u00e9s dos testemunhos do <strong>Comit\u00e9 du Tourisme<\/strong>, da <strong>Autoridade Portu\u00e1ria<\/strong> e da <strong>Association des Chauffeurs de Taxi<\/strong>, o pa\u00eds demonstrou suas ambi\u00e7\u00f5es: afirmar sua identidade, fortalecer sua infraestrutura e posicionar-se como um destino aut\u00eantico, sustent\u00e1vel e resolutamente voltado para o futuro no mundo dos cruzeiros caribenhos.<\/p>\n\n<h2 class=\"wp-block-heading\">Desenvolvendo um turismo aut\u00eantico e diversificado &#8211; A vis\u00e3o do Comit\u00e9 du Tourisme<\/h2>\n\n<p>Para <strong>Annette Mark<\/strong>, Diretora Administrativa do Conselho de Turismo de <a href=\"https:\/\/richeskarayib.com\/escoot-rentals-the-new-face-of-eco-friendly\/\" target=\"_blank\" rel=\"noreferrer noopener\">S\u00e3o Vicente e Granadinas<\/a>, a Seatrade \u00e9 \u201c<strong>um evento essencial, rico em encontros e oportunidades para o futuro<\/strong>\u201d.<br\/>Ela enfatiza a import\u00e2ncia das pr\u00f3ximas temporadas (2026-2028) na consolida\u00e7\u00e3o da imagem do pa\u00eds no cen\u00e1rio internacional.<\/p>\n\n<p>Hoje, a ilha est\u00e1 desfrutando de um impulso real gra\u00e7as a:<\/p>\n\n<ul class=\"wp-block-list\">\n<li><strong>A abertura do aeroporto internacional em 2017<\/strong>,<\/li>\n\n\n\n<li><strong>O estabelecimento de grandes marcas de hot\u00e9is<\/strong>, como <strong>Sandals<\/strong>, <strong>Mandarin Oriental<\/strong> e <strong>Soho House<\/strong>.<\/li>\n<\/ul>\n\n<p>Esses investimentos est\u00e3o transformando a experi\u00eancia tur\u00edstica, particularmente na ilha principal.<\/p>\n\n<p>No entanto, a localiza\u00e7\u00e3o geogr\u00e1fica de S\u00e3o Vicente apresenta um desafio para os cruzeiros cl\u00e1ssicos de 7 dias que partem de Miami.<br\/>\u201d<strong>Precisamos criar demanda para encorajar as empresas a estender seus itiner\u00e1rios e vir mais para o sul<\/strong>\u201d, explica Annette Mark.<\/p>\n\n<figure class=\"wp-block-image\"><img decoding=\"async\" data-src=\"https:\/\/richeskarayib.com\/wp-content\/uploads\/2025\/05\/2025-05-20_21h22_06.png\" alt=\"S&#xE3;o Vicente e Granadinas\" src=\"data:image\/svg+xml;base64,PHN2ZyB3aWR0aD0iMSIgaGVpZ2h0PSIxIiB4bWxucz0iaHR0cDovL3d3dy53My5vcmcvMjAwMC9zdmciPjwvc3ZnPg==\" class=\"lazyload\" \/><figcaption class=\"wp-element-caption\">Annette Mark<\/figcaption><\/figure>\n\n<h2 class=\"wp-block-heading\">O que torna S\u00e3o Vicente e Granadinas \u00fanico?<\/h2>\n\n<ul class=\"wp-block-list\">\n<li><strong>Biodiversidade excepcional<\/strong> entre praias de areia preta, cachoeiras e vulc\u00f5es,<\/li>\n\n\n\n<li><strong>Ilhas de coral com praias de areia branca<\/strong>,<\/li>\n\n\n\n<li><strong>Autenticidade preservada<\/strong>, longe do turismo de massa.<\/li>\n<\/ul>\n\n<p>\ud83c\udfaf <strong>Annette Mark quer<\/strong> que <strong>S\u00e3o Vicente e Granadinas<\/strong> <strong>continue<\/strong> <strong>a se posicionar como um destino boutique, aut\u00eantico e inesquec\u00edvel<\/strong>.<\/p>\n\n<figure class=\"wp-block-image\"><img decoding=\"async\" data-src=\"https:\/\/richeskarayib.com\/wp-content\/uploads\/2025\/05\/st-vincent-and-the-grenadines-1-1024x768.jpg\" alt=\"S&#xE3;o Vicente e Granadinas\" src=\"data:image\/svg+xml;base64,PHN2ZyB3aWR0aD0iMSIgaGVpZ2h0PSIxIiB4bWxucz0iaHR0cDovL3d3dy53My5vcmcvMjAwMC9zdmciPjwvc3ZnPg==\" class=\"lazyload\" style=\"--smush-placeholder-width: 1024px; --smush-placeholder-aspect-ratio: 1024\/768;\" \/><\/figure>\n\n<figure class=\"wp-block-image\"><img decoding=\"async\" data-src=\"https:\/\/richeskarayib.com\/wp-content\/uploads\/2025\/05\/une-des-5-iles-desertes-1024x576.jpg\" alt=\"S&#xE3;o Vicente e Granadinas\" src=\"data:image\/svg+xml;base64,PHN2ZyB3aWR0aD0iMSIgaGVpZ2h0PSIxIiB4bWxucz0iaHR0cDovL3d3dy53My5vcmcvMjAwMC9zdmciPjwvc3ZnPg==\" class=\"lazyload\" style=\"--smush-placeholder-width: 1024px; --smush-placeholder-aspect-ratio: 1024\/576;\" \/><\/figure>\n\n<figure class=\"wp-block-image\"><img decoding=\"async\" data-src=\"https:\/\/richeskarayib.com\/wp-content\/uploads\/2025\/05\/caribbean-paradise-1024x683.jpg\" alt=\"S&#xE3;o Vicente e Granadinas\" src=\"data:image\/svg+xml;base64,PHN2ZyB3aWR0aD0iMSIgaGVpZ2h0PSIxIiB4bWxucz0iaHR0cDovL3d3dy53My5vcmcvMjAwMC9zdmciPjwvc3ZnPg==\" class=\"lazyload\" style=\"--smush-placeholder-width: 1024px; --smush-placeholder-aspect-ratio: 1024\/683;\" \/><\/figure>\n\n<h2 class=\"wp-block-heading\">Focando em infraestrutura sustent\u00e1vel &#8211; A estrat\u00e9gia da Autoridade Portu\u00e1ria<\/h2>\n\n<figure class=\"wp-block-image\"><img decoding=\"async\" data-src=\"https:\/\/richeskarayib.com\/wp-content\/uploads\/2025\/05\/2025-05-20_21h23_24.png\" alt=\"S&#xE3;o Vicente e Granadinas\" src=\"data:image\/svg+xml;base64,PHN2ZyB3aWR0aD0iMSIgaGVpZ2h0PSIxIiB4bWxucz0iaHR0cDovL3d3dy53My5vcmcvMjAwMC9zdmciPjwvc3ZnPg==\" class=\"lazyload\" \/><figcaption class=\"wp-element-caption\">Carl James<\/figcaption><\/figure>\n\n<p>Para <strong>Carl James<\/strong>, Diretor Administrativo da Autoridade Portu\u00e1ria de S\u00e3o Vicente e Granadinas, a Seatrade \u00e9 uma oportunidade para \u201c<strong>fortalecer os la\u00e7os com as linhas de cruzeiro e melhorar a experi\u00eancia do cliente<\/strong>\u201d.<\/p>\n\n<p>Dois eixos estrat\u00e9gicos guiam sua a\u00e7\u00e3o:<\/p>\n\n<ol class=\"wp-block-list\">\n<li><strong>Diversificar ofertas<\/strong> para convidar os passageiros a explorar al\u00e9m da cidade.<\/li>\n\n\n\n<li><strong>Fortalecer a sustentabilidade<\/strong> das infraestruturas portu\u00e1rias.<\/li>\n<\/ol>\n\n<p>Os principais projetos incluem<\/p>\n\n<ul class=\"wp-block-list\">\n<li><strong>Um novo porto de carga<\/strong>, com conclus\u00e3o prevista para agosto de 2025,<\/li>\n\n\n\n<li><strong>A transforma\u00e7\u00e3o do antigo porto<\/strong> em um verdadeiro espa\u00e7o de conviv\u00eancia: marina, lojas, hot\u00e9is, espa\u00e7os culturais e um terminal de cruzeiros modernizado.<\/li>\n<\/ul>\n\n<p>Carl James tamb\u00e9m insiste em <strong>promover a <a href=\"https:\/\/richeskarayib.com\/garifunas-of-honduras-heritage-of-the-sea\/\" target=\"_blank\" rel=\"noreferrer noopener\">heran\u00e7a Garifuna<\/a><\/strong>, com projetos destinados a apresentar aos visitantes sua cultura, arquitetura tradicional e culin\u00e1ria.<br\/>\u201d<strong>O que nos diferencia \u00e9 a nossa hist\u00f3ria viva, a dos Garifunas, e devemos compartilh\u00e1-la com o mundo<\/strong>\u201d, afirma.<\/p>\n\n<p>\ud83c\udfaf <strong>A ambi\u00e7\u00e3o de Carl James \u00e9<\/strong> construir <strong>um porto eco-respons\u00e1vel, alimentado por energia geot\u00e9rmica, capaz de fornecer eletricidade verde aos navios atracados no porto<\/strong>.<\/p>\n\n<figure class=\"wp-block-image\"><img decoding=\"async\" data-src=\"https:\/\/richeskarayib.com\/wp-content\/uploads\/2025\/05\/hanging-out-in-batcaves-1024x1024.jpg\" alt=\"S&#xE3;o Vicente e Granadinas\" src=\"data:image\/svg+xml;base64,PHN2ZyB3aWR0aD0iMSIgaGVpZ2h0PSIxIiB4bWxucz0iaHR0cDovL3d3dy53My5vcmcvMjAwMC9zdmciPjwvc3ZnPg==\" class=\"lazyload\" style=\"--smush-placeholder-width: 1024px; --smush-placeholder-aspect-ratio: 1024\/1024;\" \/><\/figure>\n\n<figure class=\"wp-block-image\"><img decoding=\"async\" data-src=\"https:\/\/richeskarayib.com\/wp-content\/uploads\/2025\/05\/salt-pond-1024x684.jpg\" alt=\"S&#xE3;o Vicente e Granadinas\" src=\"data:image\/svg+xml;base64,PHN2ZyB3aWR0aD0iMSIgaGVpZ2h0PSIxIiB4bWxucz0iaHR0cDovL3d3dy53My5vcmcvMjAwMC9zdmciPjwvc3ZnPg==\" class=\"lazyload\" style=\"--smush-placeholder-width: 1024px; --smush-placeholder-aspect-ratio: 1024\/684;\" \/><\/figure>\n\n<figure class=\"wp-block-image\"><img decoding=\"async\" data-src=\"https:\/\/richeskarayib.com\/wp-content\/uploads\/2025\/05\/kiss-me-waterfall-1024x1024.jpg\" alt=\"S&#xE3;o Vicente e Granadinas\" src=\"data:image\/svg+xml;base64,PHN2ZyB3aWR0aD0iMSIgaGVpZ2h0PSIxIiB4bWxucz0iaHR0cDovL3d3dy53My5vcmcvMjAwMC9zdmciPjwvc3ZnPg==\" class=\"lazyload\" style=\"--smush-placeholder-width: 1024px; --smush-placeholder-aspect-ratio: 1024\/1024;\" \/><\/figure>\n\n<figure class=\"wp-block-image\"><img decoding=\"async\" data-src=\"https:\/\/richeskarayib.com\/wp-content\/uploads\/2025\/05\/st-vincent-and-the-grenadines-2-1024x640.jpg\" alt=\"S&#xE3;o Vicente e Granadinas\" src=\"data:image\/svg+xml;base64,PHN2ZyB3aWR0aD0iMSIgaGVpZ2h0PSIxIiB4bWxucz0iaHR0cDovL3d3dy53My5vcmcvMjAwMC9zdmciPjwvc3ZnPg==\" class=\"lazyload\" style=\"--smush-placeholder-width: 1024px; --smush-placeholder-aspect-ratio: 1024\/640;\" \/><\/figure>\n\n<h2 class=\"wp-block-heading\">Proporcionando hospitalidade calorosa &#8211; O compromisso da Associa\u00e7\u00e3o de Motoristas de T\u00e1xi<\/h2>\n\n<figure class=\"wp-block-image\"><img decoding=\"async\" data-src=\"https:\/\/richeskarayib.com\/wp-content\/uploads\/2025\/05\/2025-05-20_21h25_00.png\" alt=\"S&#xE3;o Vicente e Granadinas\" src=\"data:image\/svg+xml;base64,PHN2ZyB3aWR0aD0iMSIgaGVpZ2h0PSIxIiB4bWxucz0iaHR0cDovL3d3dy53My5vcmcvMjAwMC9zdmciPjwvc3ZnPg==\" class=\"lazyload\" \/><figcaption class=\"wp-element-caption\">Nigel Antrobus<\/figcaption><\/figure>\n\n<p>Um membro da <strong>SVG Taxi Drivers Association<\/strong>, <strong>Nigel Antrobus<\/strong> defende outra faceta fundamental da experi\u00eancia tur\u00edstica: hospitalidade personalizada.<\/p>\n\n<p>Por mais de <strong>40 anos<\/strong>, a associa\u00e7\u00e3o tem trabalhado para garantir aos visitantes <strong>seguran\u00e7a, conforto e imers\u00e3o local<\/strong>.<br\/>\u201d<strong>Conosco, os turistas descobrem lugares que os grandes \u00f4nibus n\u00e3o conseguem alcan\u00e7ar, desfrutam de experi\u00eancias aut\u00eanticas e estabelecem um v\u00ednculo humano com a nossa ilha<\/strong>\u201d, explica.<\/p>\n\n<p>A coopera\u00e7\u00e3o entre motoristas, minist\u00e9rios e operadores de turismo est\u00e1 agora ajudando a equilibrar o fluxo entre excurs\u00f5es organizadas e descobertas privadas.<\/p>\n\n<p>Al\u00e9m do transporte, a Associa\u00e7\u00e3o garante <strong>um alto n\u00edvel de confiabilidade<\/strong>:<br\/>\u201d<strong>Se um visitante esquece algo, tem a garantia de recuper\u00e1-lo rapidamente. \u00c9 uma quest\u00e3o de confian\u00e7a.<\/strong>\u201c<\/p>\n\n<p>\ud83c\udfaf <strong>Enquanto Nigel Antrobus<\/strong> est\u00e1 interessado em <strong>fortalecer ainda mais a coopera\u00e7\u00e3o entre todos os intervenientes envolvidos, a fim de oferecer uma hospitalidade incompar\u00e1vel a cada visitante<\/strong>.<\/p>\n\n<h2 class=\"wp-block-heading\">S\u00e3o Vicente e Granadinas, um destino boutique aut\u00eantico<\/h2>\n\n<p>Na Seatrade Cruise Global 2025, <strong>S\u00e3o Vicente e Granadinas<\/strong> mostrou que a autenticidade, a sustentabilidade e a valoriza\u00e7\u00e3o do patrim\u00f4nio s\u00e3o alavancas poderosas para construir o futuro dos cruzeiros caribenhos.<br\/>Atrav\u00e9s de projetos de infraestrutura, uma forte estrat\u00e9gia cultural e o compromisso de seus profissionais de turismo, o pa\u00eds est\u00e1 tra\u00e7ando seu curso, fiel \u00e0 sua identidade, ao mesmo tempo em que se abre para novas oportunidades.<\/p>\n\n<p><strong>Mais do que um destino, S\u00e3o Vicente e Granadinas oferece uma experi\u00eancia de vida onde a natureza, a hist\u00f3ria e a hospitalidade se combinam para criar mem\u00f3rias \u00fanicas.<\/strong><\/p>\n\n<figure class=\"wp-block-image\"><img decoding=\"async\" data-src=\"https:\/\/richeskarayib.com\/wp-content\/uploads\/2025\/05\/port-kingstown-young-1024x1024.jpg\" alt=\"S&#xE3;o Vicente e Granadinas\" src=\"data:image\/svg+xml;base64,PHN2ZyB3aWR0aD0iMSIgaGVpZ2h0PSIxIiB4bWxucz0iaHR0cDovL3d3dy53My5vcmcvMjAwMC9zdmciPjwvc3ZnPg==\" class=\"lazyload\" style=\"--smush-placeholder-width: 1024px; --smush-placeholder-aspect-ratio: 1024\/1024;\" \/><\/figure>\n","protected":false},"excerpt":{"rendered":"<p>S\u00e3o Vicente e Granadinas reafirma seu compromisso com a inova\u00e7\u00e3o e autenticidade De 8 a 11 de abril de 2025, S\u00e3o Vicente e Granadinas foi um dos territ\u00f3rios caribenhos presentes na Seatrade Cruise Global em Miami, a maior feira mundial dedicada \u00e0 ind\u00fastria de cruzeiros.Atrav\u00e9s dos testemunhos do Comit\u00e9 du Tourisme, da Autoridade Portu\u00e1ria e [&hellip;]<\/p>\n","protected":false},"author":1,"featured_media":19713,"comment_status":"open","ping_status":"open","sticky":false,"template":"","format":"standard","meta":{"footnotes":""},"categories":[119,128],"tags":[],"class_list":["post-19714","post","type-post","status-publish","format-standard","has-post-thumbnail","hentry","category-maritimo","category-cruzeiros-e-gestao-de-destinos"],"yoast_head":"<!-- This site is optimized with the Yoast SEO plugin v26.9 - https:\/\/yoast.com\/product\/yoast-seo-wordpress\/ -->\n<title>[SEATRADE 2025] S\u00e3o Vicente e Granadinas \u2013 Uma ilha, uma hist\u00f3ria, um futuro respons\u00e1vel - LATITUDE 15<\/title>\n<meta name=\"robots\" content=\"index, follow, max-snippet:-1, max-image-preview:large, max-video-preview:-1\" \/>\n<link rel=\"canonical\" href=\"https:\/\/www.latitude-15.com\/pt-br\/seatrade-2025-sao-vicente-e-granadinas-uma-ilha-uma-historia-um-futuro-responsavel\/\" \/>\n<meta property=\"og:locale\" content=\"pt_BR\" \/>\n<meta property=\"og:type\" content=\"article\" \/>\n<meta property=\"og:title\" content=\"[SEATRADE 2025] S\u00e3o Vicente e Granadinas \u2013 Uma ilha, uma hist\u00f3ria, um futuro respons\u00e1vel - LATITUDE 15\" \/>\n<meta property=\"og:description\" content=\"S\u00e3o Vicente e Granadinas reafirma seu compromisso com a inova\u00e7\u00e3o e autenticidade De 8 a 11 de abril de 2025, S\u00e3o Vicente e Granadinas foi um dos territ\u00f3rios caribenhos presentes na Seatrade Cruise Global em Miami, a maior feira mundial dedicada \u00e0 ind\u00fastria de cruzeiros.Atrav\u00e9s dos testemunhos do Comit\u00e9 du Tourisme, da Autoridade Portu\u00e1ria e [&hellip;]\" \/>\n<meta property=\"og:url\" content=\"https:\/\/www.latitude-15.com\/pt-br\/seatrade-2025-sao-vicente-e-granadinas-uma-ilha-uma-historia-um-futuro-responsavel\/\" \/>\n<meta property=\"og:site_name\" content=\"LATITUDE 15\" \/>\n<meta property=\"article:published_time\" content=\"2025-05-20T05:37:00+00:00\" \/>\n<meta property=\"article:modified_time\" content=\"2026-02-04T05:08:05+00:00\" \/>\n<meta property=\"og:image\" content=\"https:\/\/www.latitude-15.com\/wp-content\/uploads\/2026\/01\/490756840_122227114772230773_1824298446440038340_n.jpg.webp\" \/>\n\t<meta property=\"og:image:width\" content=\"1440\" \/>\n\t<meta property=\"og:image:height\" content=\"960\" \/>\n\t<meta property=\"og:image:type\" content=\"image\/webp\" \/>\n<meta name=\"author\" content=\"sabrinalat15\" \/>\n<meta name=\"twitter:card\" content=\"summary_large_image\" \/>\n<meta name=\"twitter:label1\" content=\"Escrito por\" \/>\n\t<meta name=\"twitter:data1\" content=\"sabrinalat15\" \/>\n\t<meta name=\"twitter:label2\" content=\"Est. tempo de leitura\" \/>\n\t<meta name=\"twitter:data2\" content=\"4 minutos\" \/>\n<script type=\"application\/ld+json\" class=\"yoast-schema-graph\">{\"@context\":\"https:\/\/schema.org\",\"@graph\":[{\"@type\":\"Article\",\"@id\":\"https:\/\/www.latitude-15.com\/pt-br\/seatrade-2025-sao-vicente-e-granadinas-uma-ilha-uma-historia-um-futuro-responsavel\/#article\",\"isPartOf\":{\"@id\":\"https:\/\/www.latitude-15.com\/pt-br\/seatrade-2025-sao-vicente-e-granadinas-uma-ilha-uma-historia-um-futuro-responsavel\/\"},\"author\":{\"name\":\"sabrinalat15\",\"@id\":\"https:\/\/www.latitude-15.com\/pt-br\/#\/schema\/person\/2a70943507771992ce3316849aa93bdd\"},\"headline\":\"[SEATRADE 2025] S\u00e3o Vicente e Granadinas \u2013 Uma ilha, uma hist\u00f3ria, um futuro respons\u00e1vel\",\"datePublished\":\"2025-05-20T05:37:00+00:00\",\"dateModified\":\"2026-02-04T05:08:05+00:00\",\"mainEntityOfPage\":{\"@id\":\"https:\/\/www.latitude-15.com\/pt-br\/seatrade-2025-sao-vicente-e-granadinas-uma-ilha-uma-historia-um-futuro-responsavel\/\"},\"wordCount\":809,\"commentCount\":0,\"publisher\":{\"@id\":\"https:\/\/www.latitude-15.com\/pt-br\/#organization\"},\"image\":{\"@id\":\"https:\/\/www.latitude-15.com\/pt-br\/seatrade-2025-sao-vicente-e-granadinas-uma-ilha-uma-historia-um-futuro-responsavel\/#primaryimage\"},\"thumbnailUrl\":\"https:\/\/www.latitude-15.com\/wp-content\/uploads\/2026\/01\/490756840_122227114772230773_1824298446440038340_n.jpg.webp\",\"articleSection\":[\"MAR\u00cdTIMO\",\"Opera\u00e7\u00f5es de cruzeiros e gest\u00e3o da interface porto-cidade\"],\"inLanguage\":\"pt-BR\",\"potentialAction\":[{\"@type\":\"CommentAction\",\"name\":\"Comment\",\"target\":[\"https:\/\/www.latitude-15.com\/pt-br\/seatrade-2025-sao-vicente-e-granadinas-uma-ilha-uma-historia-um-futuro-responsavel\/#respond\"]}]},{\"@type\":\"WebPage\",\"@id\":\"https:\/\/www.latitude-15.com\/pt-br\/seatrade-2025-sao-vicente-e-granadinas-uma-ilha-uma-historia-um-futuro-responsavel\/\",\"url\":\"https:\/\/www.latitude-15.com\/pt-br\/seatrade-2025-sao-vicente-e-granadinas-uma-ilha-uma-historia-um-futuro-responsavel\/\",\"name\":\"[SEATRADE 2025] S\u00e3o Vicente e Granadinas \u2013 Uma ilha, uma hist\u00f3ria, um futuro respons\u00e1vel - LATITUDE 15\",\"isPartOf\":{\"@id\":\"https:\/\/www.latitude-15.com\/pt-br\/#website\"},\"primaryImageOfPage\":{\"@id\":\"https:\/\/www.latitude-15.com\/pt-br\/seatrade-2025-sao-vicente-e-granadinas-uma-ilha-uma-historia-um-futuro-responsavel\/#primaryimage\"},\"image\":{\"@id\":\"https:\/\/www.latitude-15.com\/pt-br\/seatrade-2025-sao-vicente-e-granadinas-uma-ilha-uma-historia-um-futuro-responsavel\/#primaryimage\"},\"thumbnailUrl\":\"https:\/\/www.latitude-15.com\/wp-content\/uploads\/2026\/01\/490756840_122227114772230773_1824298446440038340_n.jpg.webp\",\"datePublished\":\"2025-05-20T05:37:00+00:00\",\"dateModified\":\"2026-02-04T05:08:05+00:00\",\"breadcrumb\":{\"@id\":\"https:\/\/www.latitude-15.com\/pt-br\/seatrade-2025-sao-vicente-e-granadinas-uma-ilha-uma-historia-um-futuro-responsavel\/#breadcrumb\"},\"inLanguage\":\"pt-BR\",\"potentialAction\":[{\"@type\":\"ReadAction\",\"target\":[\"https:\/\/www.latitude-15.com\/pt-br\/seatrade-2025-sao-vicente-e-granadinas-uma-ilha-uma-historia-um-futuro-responsavel\/\"]}]},{\"@type\":\"ImageObject\",\"inLanguage\":\"pt-BR\",\"@id\":\"https:\/\/www.latitude-15.com\/pt-br\/seatrade-2025-sao-vicente-e-granadinas-uma-ilha-uma-historia-um-futuro-responsavel\/#primaryimage\",\"url\":\"https:\/\/www.latitude-15.com\/wp-content\/uploads\/2026\/01\/490756840_122227114772230773_1824298446440038340_n.jpg.webp\",\"contentUrl\":\"https:\/\/www.latitude-15.com\/wp-content\/uploads\/2026\/01\/490756840_122227114772230773_1824298446440038340_n.jpg.webp\",\"width\":1440,\"height\":960},{\"@type\":\"BreadcrumbList\",\"@id\":\"https:\/\/www.latitude-15.com\/pt-br\/seatrade-2025-sao-vicente-e-granadinas-uma-ilha-uma-historia-um-futuro-responsavel\/#breadcrumb\",\"itemListElement\":[{\"@type\":\"ListItem\",\"position\":1,\"name\":\"Home\",\"item\":\"https:\/\/www.latitude-15.com\/pt-br\/inicio\/\"},{\"@type\":\"ListItem\",\"position\":2,\"name\":\"[SEATRADE 2025] S\u00e3o Vicente e Granadinas \u2013 Uma ilha, uma hist\u00f3ria, um futuro respons\u00e1vel\"}]},{\"@type\":\"WebSite\",\"@id\":\"https:\/\/www.latitude-15.com\/pt-br\/#website\",\"url\":\"https:\/\/www.latitude-15.com\/pt-br\/\",\"name\":\"LATITUDE 15\",\"description\":\"Aviation and maritime Magazine - Caribbean &amp; Latin America\",\"publisher\":{\"@id\":\"https:\/\/www.latitude-15.com\/pt-br\/#organization\"},\"potentialAction\":[{\"@type\":\"SearchAction\",\"target\":{\"@type\":\"EntryPoint\",\"urlTemplate\":\"https:\/\/www.latitude-15.com\/pt-br\/?s={search_term_string}\"},\"query-input\":{\"@type\":\"PropertyValueSpecification\",\"valueRequired\":true,\"valueName\":\"search_term_string\"}}],\"inLanguage\":\"pt-BR\"},{\"@type\":\"Organization\",\"@id\":\"https:\/\/www.latitude-15.com\/pt-br\/#organization\",\"name\":\"LATITUDE 15\",\"url\":\"https:\/\/www.latitude-15.com\/pt-br\/\",\"logo\":{\"@type\":\"ImageObject\",\"inLanguage\":\"pt-BR\",\"@id\":\"https:\/\/www.latitude-15.com\/pt-br\/#\/schema\/logo\/image\/\",\"url\":\"https:\/\/www.latitude-15.com\/wp-content\/uploads\/2026\/01\/cropped-logox500px.png\",\"contentUrl\":\"https:\/\/www.latitude-15.com\/wp-content\/uploads\/2026\/01\/cropped-logox500px.png\",\"width\":62,\"height\":75,\"caption\":\"LATITUDE 15\"},\"image\":{\"@id\":\"https:\/\/www.latitude-15.com\/pt-br\/#\/schema\/logo\/image\/\"}},{\"@type\":\"Person\",\"@id\":\"https:\/\/www.latitude-15.com\/pt-br\/#\/schema\/person\/2a70943507771992ce3316849aa93bdd\",\"name\":\"sabrinalat15\",\"image\":{\"@type\":\"ImageObject\",\"inLanguage\":\"pt-BR\",\"@id\":\"https:\/\/www.latitude-15.com\/pt-br\/#\/schema\/person\/image\/\",\"url\":\"https:\/\/secure.gravatar.com\/avatar\/91f5e11872ca6128d75f7bbde22cc384ad142a113b81c554ed87d6d9762f8813?s=96&d=mm&r=g\",\"contentUrl\":\"https:\/\/secure.gravatar.com\/avatar\/91f5e11872ca6128d75f7bbde22cc384ad142a113b81c554ed87d6d9762f8813?s=96&d=mm&r=g\",\"caption\":\"sabrinalat15\"},\"sameAs\":[\"https:\/\/www.latitude-15.com\"],\"url\":\"https:\/\/www.latitude-15.com\/pt-br\/author\/sabrinalat15\/\"}]}<\/script>\n<!-- \/ Yoast SEO plugin. -->","yoast_head_json":{"title":"[SEATRADE 2025] S\u00e3o Vicente e Granadinas \u2013 Uma ilha, uma hist\u00f3ria, um futuro respons\u00e1vel - LATITUDE 15","robots":{"index":"index","follow":"follow","max-snippet":"max-snippet:-1","max-image-preview":"max-image-preview:large","max-video-preview":"max-video-preview:-1"},"canonical":"https:\/\/www.latitude-15.com\/pt-br\/seatrade-2025-sao-vicente-e-granadinas-uma-ilha-uma-historia-um-futuro-responsavel\/","og_locale":"pt_BR","og_type":"article","og_title":"[SEATRADE 2025] S\u00e3o Vicente e Granadinas \u2013 Uma ilha, uma hist\u00f3ria, um futuro respons\u00e1vel - LATITUDE 15","og_description":"S\u00e3o Vicente e Granadinas reafirma seu compromisso com a inova\u00e7\u00e3o e autenticidade De 8 a 11 de abril de 2025, S\u00e3o Vicente e Granadinas foi um dos territ\u00f3rios caribenhos presentes na Seatrade Cruise Global em Miami, a maior feira mundial dedicada \u00e0 ind\u00fastria de cruzeiros.Atrav\u00e9s dos testemunhos do Comit\u00e9 du Tourisme, da Autoridade Portu\u00e1ria e [&hellip;]","og_url":"https:\/\/www.latitude-15.com\/pt-br\/seatrade-2025-sao-vicente-e-granadinas-uma-ilha-uma-historia-um-futuro-responsavel\/","og_site_name":"LATITUDE 15","article_published_time":"2025-05-20T05:37:00+00:00","article_modified_time":"2026-02-04T05:08:05+00:00","og_image":[{"width":1440,"height":960,"url":"https:\/\/www.latitude-15.com\/wp-content\/uploads\/2026\/01\/490756840_122227114772230773_1824298446440038340_n.jpg.webp","type":"image\/webp"}],"author":"sabrinalat15","twitter_card":"summary_large_image","twitter_misc":{"Escrito por":"sabrinalat15","Est. tempo de leitura":"4 minutos"},"schema":{"@context":"https:\/\/schema.org","@graph":[{"@type":"Article","@id":"https:\/\/www.latitude-15.com\/pt-br\/seatrade-2025-sao-vicente-e-granadinas-uma-ilha-uma-historia-um-futuro-responsavel\/#article","isPartOf":{"@id":"https:\/\/www.latitude-15.com\/pt-br\/seatrade-2025-sao-vicente-e-granadinas-uma-ilha-uma-historia-um-futuro-responsavel\/"},"author":{"name":"sabrinalat15","@id":"https:\/\/www.latitude-15.com\/pt-br\/#\/schema\/person\/2a70943507771992ce3316849aa93bdd"},"headline":"[SEATRADE 2025] S\u00e3o Vicente e Granadinas \u2013 Uma ilha, uma hist\u00f3ria, um futuro respons\u00e1vel","datePublished":"2025-05-20T05:37:00+00:00","dateModified":"2026-02-04T05:08:05+00:00","mainEntityOfPage":{"@id":"https:\/\/www.latitude-15.com\/pt-br\/seatrade-2025-sao-vicente-e-granadinas-uma-ilha-uma-historia-um-futuro-responsavel\/"},"wordCount":809,"commentCount":0,"publisher":{"@id":"https:\/\/www.latitude-15.com\/pt-br\/#organization"},"image":{"@id":"https:\/\/www.latitude-15.com\/pt-br\/seatrade-2025-sao-vicente-e-granadinas-uma-ilha-uma-historia-um-futuro-responsavel\/#primaryimage"},"thumbnailUrl":"https:\/\/www.latitude-15.com\/wp-content\/uploads\/2026\/01\/490756840_122227114772230773_1824298446440038340_n.jpg.webp","articleSection":["MAR\u00cdTIMO","Opera\u00e7\u00f5es de cruzeiros e gest\u00e3o da interface porto-cidade"],"inLanguage":"pt-BR","potentialAction":[{"@type":"CommentAction","name":"Comment","target":["https:\/\/www.latitude-15.com\/pt-br\/seatrade-2025-sao-vicente-e-granadinas-uma-ilha-uma-historia-um-futuro-responsavel\/#respond"]}]},{"@type":"WebPage","@id":"https:\/\/www.latitude-15.com\/pt-br\/seatrade-2025-sao-vicente-e-granadinas-uma-ilha-uma-historia-um-futuro-responsavel\/","url":"https:\/\/www.latitude-15.com\/pt-br\/seatrade-2025-sao-vicente-e-granadinas-uma-ilha-uma-historia-um-futuro-responsavel\/","name":"[SEATRADE 2025] S\u00e3o Vicente e Granadinas \u2013 Uma ilha, uma hist\u00f3ria, um futuro respons\u00e1vel - LATITUDE 15","isPartOf":{"@id":"https:\/\/www.latitude-15.com\/pt-br\/#website"},"primaryImageOfPage":{"@id":"https:\/\/www.latitude-15.com\/pt-br\/seatrade-2025-sao-vicente-e-granadinas-uma-ilha-uma-historia-um-futuro-responsavel\/#primaryimage"},"image":{"@id":"https:\/\/www.latitude-15.com\/pt-br\/seatrade-2025-sao-vicente-e-granadinas-uma-ilha-uma-historia-um-futuro-responsavel\/#primaryimage"},"thumbnailUrl":"https:\/\/www.latitude-15.com\/wp-content\/uploads\/2026\/01\/490756840_122227114772230773_1824298446440038340_n.jpg.webp","datePublished":"2025-05-20T05:37:00+00:00","dateModified":"2026-02-04T05:08:05+00:00","breadcrumb":{"@id":"https:\/\/www.latitude-15.com\/pt-br\/seatrade-2025-sao-vicente-e-granadinas-uma-ilha-uma-historia-um-futuro-responsavel\/#breadcrumb"},"inLanguage":"pt-BR","potentialAction":[{"@type":"ReadAction","target":["https:\/\/www.latitude-15.com\/pt-br\/seatrade-2025-sao-vicente-e-granadinas-uma-ilha-uma-historia-um-futuro-responsavel\/"]}]},{"@type":"ImageObject","inLanguage":"pt-BR","@id":"https:\/\/www.latitude-15.com\/pt-br\/seatrade-2025-sao-vicente-e-granadinas-uma-ilha-uma-historia-um-futuro-responsavel\/#primaryimage","url":"https:\/\/www.latitude-15.com\/wp-content\/uploads\/2026\/01\/490756840_122227114772230773_1824298446440038340_n.jpg.webp","contentUrl":"https:\/\/www.latitude-15.com\/wp-content\/uploads\/2026\/01\/490756840_122227114772230773_1824298446440038340_n.jpg.webp","width":1440,"height":960},{"@type":"BreadcrumbList","@id":"https:\/\/www.latitude-15.com\/pt-br\/seatrade-2025-sao-vicente-e-granadinas-uma-ilha-uma-historia-um-futuro-responsavel\/#breadcrumb","itemListElement":[{"@type":"ListItem","position":1,"name":"Home","item":"https:\/\/www.latitude-15.com\/pt-br\/inicio\/"},{"@type":"ListItem","position":2,"name":"[SEATRADE 2025] S\u00e3o Vicente e Granadinas \u2013 Uma ilha, uma hist\u00f3ria, um futuro respons\u00e1vel"}]},{"@type":"WebSite","@id":"https:\/\/www.latitude-15.com\/pt-br\/#website","url":"https:\/\/www.latitude-15.com\/pt-br\/","name":"LATITUDE 15","description":"Aviation and maritime Magazine - Caribbean &amp; Latin America","publisher":{"@id":"https:\/\/www.latitude-15.com\/pt-br\/#organization"},"potentialAction":[{"@type":"SearchAction","target":{"@type":"EntryPoint","urlTemplate":"https:\/\/www.latitude-15.com\/pt-br\/?s={search_term_string}"},"query-input":{"@type":"PropertyValueSpecification","valueRequired":true,"valueName":"search_term_string"}}],"inLanguage":"pt-BR"},{"@type":"Organization","@id":"https:\/\/www.latitude-15.com\/pt-br\/#organization","name":"LATITUDE 15","url":"https:\/\/www.latitude-15.com\/pt-br\/","logo":{"@type":"ImageObject","inLanguage":"pt-BR","@id":"https:\/\/www.latitude-15.com\/pt-br\/#\/schema\/logo\/image\/","url":"https:\/\/www.latitude-15.com\/wp-content\/uploads\/2026\/01\/cropped-logox500px.png","contentUrl":"https:\/\/www.latitude-15.com\/wp-content\/uploads\/2026\/01\/cropped-logox500px.png","width":62,"height":75,"caption":"LATITUDE 15"},"image":{"@id":"https:\/\/www.latitude-15.com\/pt-br\/#\/schema\/logo\/image\/"}},{"@type":"Person","@id":"https:\/\/www.latitude-15.com\/pt-br\/#\/schema\/person\/2a70943507771992ce3316849aa93bdd","name":"sabrinalat15","image":{"@type":"ImageObject","inLanguage":"pt-BR","@id":"https:\/\/www.latitude-15.com\/pt-br\/#\/schema\/person\/image\/","url":"https:\/\/secure.gravatar.com\/avatar\/91f5e11872ca6128d75f7bbde22cc384ad142a113b81c554ed87d6d9762f8813?s=96&d=mm&r=g","contentUrl":"https:\/\/secure.gravatar.com\/avatar\/91f5e11872ca6128d75f7bbde22cc384ad142a113b81c554ed87d6d9762f8813?s=96&d=mm&r=g","caption":"sabrinalat15"},"sameAs":["https:\/\/www.latitude-15.com"],"url":"https:\/\/www.latitude-15.com\/pt-br\/author\/sabrinalat15\/"}]}},"_links":{"self":[{"href":"https:\/\/www.latitude-15.com\/pt-br\/wp-json\/wp\/v2\/posts\/19714","targetHints":{"allow":["GET"]}}],"collection":[{"href":"https:\/\/www.latitude-15.com\/pt-br\/wp-json\/wp\/v2\/posts"}],"about":[{"href":"https:\/\/www.latitude-15.com\/pt-br\/wp-json\/wp\/v2\/types\/post"}],"author":[{"embeddable":true,"href":"https:\/\/www.latitude-15.com\/pt-br\/wp-json\/wp\/v2\/users\/1"}],"replies":[{"embeddable":true,"href":"https:\/\/www.latitude-15.com\/pt-br\/wp-json\/wp\/v2\/comments?post=19714"}],"version-history":[{"count":1,"href":"https:\/\/www.latitude-15.com\/pt-br\/wp-json\/wp\/v2\/posts\/19714\/revisions"}],"predecessor-version":[{"id":19715,"href":"https:\/\/www.latitude-15.com\/pt-br\/wp-json\/wp\/v2\/posts\/19714\/revisions\/19715"}],"wp:featuredmedia":[{"embeddable":true,"href":"https:\/\/www.latitude-15.com\/pt-br\/wp-json\/wp\/v2\/media\/19713"}],"wp:attachment":[{"href":"https:\/\/www.latitude-15.com\/pt-br\/wp-json\/wp\/v2\/media?parent=19714"}],"wp:term":[{"taxonomy":"category","embeddable":true,"href":"https:\/\/www.latitude-15.com\/pt-br\/wp-json\/wp\/v2\/categories?post=19714"},{"taxonomy":"post_tag","embeddable":true,"href":"https:\/\/www.latitude-15.com\/pt-br\/wp-json\/wp\/v2\/tags?post=19714"}],"curies":[{"name":"wp","href":"https:\/\/api.w.org\/{rel}","templated":true}]}}