{"id":19695,"date":"2025-06-16T01:21:00","date_gmt":"2025-06-16T05:21:00","guid":{"rendered":"https:\/\/www.latitude-15.com\/2025\/06\/16\/conectividade-aerea-interilhas-um-desafio-para-o-turismo-sustentavel-intra-caribe\/"},"modified":"2026-02-04T00:55:02","modified_gmt":"2026-02-04T04:55:02","slug":"conectividade-aerea-interilhas-um-desafio-para-o-turismo-sustentavel-intra-caribe","status":"publish","type":"post","link":"https:\/\/www.latitude-15.com\/pt-br\/conectividade-aerea-interilhas-um-desafio-para-o-turismo-sustentavel-intra-caribe\/","title":{"rendered":"Conectividade a\u00e9rea interilhas: um desafio para o turismo sustent\u00e1vel intra-Caribe"},"content":{"rendered":"\n<p><a href=\"https:\/\/www.autoritedelaconcurrence.fr\/fr\/communiques-de-presse\/transport-aerien-inter-iles-dans-les-caraibes-lautorite-de-la-concurrence\" target=\"_blank\" rel=\"noreferrer noopener\">A conectividade a\u00e9rea interilhas<\/a> hoje representa um dos maiores desafios para o desenvolvimento do turismo sustent\u00e1vel na regi\u00e3o do Caribe. Deslocar-se entre as ilhas do <a href=\"https:\/\/richeskarayib.com\/key-figures-for-the-caribbean-climate-resilience\/\" target=\"_blank\" rel=\"noreferrer noopener\">Caribe<\/a> continua sendo uma tarefa complexa, apesar do consider\u00e1vel potencial tur\u00edstico da regi\u00e3o. Isso \u00e9 t\u00e3o verdadeiro para viajantes internacionais quanto para residentes locais, para quem ir de uma ilha para outra pode ser uma corrida de obst\u00e1culos.  <\/p>\n\n<h2 class=\"wp-block-heading\">O estado atual da conectividade a\u00e9rea no Caribe<\/h2>\n\n<p>A ind\u00fastria a\u00e9rea caribenha passou por profundas transforma\u00e7\u00f5es nos \u00faltimos anos. Players hist\u00f3ricos como a Air Antilles e a <a href=\"https:\/\/richeskarayib.com\/liat-airlines-revolutionizes-connectivity-blog\/\" target=\"_blank\" rel=\"noreferrer noopener\">LIAT<\/a> passaram por grandes crises, com a \u00faltima inclusive liquidada em junho de 2020. Essa situa\u00e7\u00e3o criou uma lacuna consider\u00e1vel nos servi\u00e7os interilhas, particularmente sentida entre os territ\u00f3rios de l\u00edngua francesa, inglesa e espanhola da regi\u00e3o.  <\/p>\n\n<p>A <a href=\"https:\/\/richeskarayib.com\/air-caraibes-to-relaunch-paris-orly-saint-martin\/\" target=\"_blank\" rel=\"noreferrer noopener\">Air Cara\u00efbes<\/a> agora opera v\u00e1rias rotas, notadamente entre Guadalupe, Martinica e Saint-Martin, mas a oferta geral permanece insuficiente para atender \u00e0 demanda. Novas iniciativas est\u00e3o surgindo, no entanto, como a Air Adelphi, que recentemente inaugurou um servi\u00e7o regular ligando Martinica a Santa L\u00facia e S\u00e3o Vicente e Granadinas, preenchendo uma lacuna deixada desde 2019. <\/p>\n\n<figure class=\"wp-block-image\"><img decoding=\"async\" data-src=\"https:\/\/richeskarayib.com\/wp-content\/uploads\/2025\/06\/Photo-de-lavion-LIAT-20-1024x1024.jpg\" alt=\"Conectividade a&#xE9;rea interilhas\" src=\"data:image\/svg+xml;base64,PHN2ZyB3aWR0aD0iMSIgaGVpZ2h0PSIxIiB4bWxucz0iaHR0cDovL3d3dy53My5vcmcvMjAwMC9zdmciPjwvc3ZnPg==\" class=\"lazyload\" style=\"--smush-placeholder-width: 1024px; --smush-placeholder-aspect-ratio: 1024\/1024;\" \/><\/figure>\n\n<figure class=\"wp-block-image\"><img decoding=\"async\" data-src=\"https:\/\/richeskarayib.com\/wp-content\/uploads\/2025\/06\/491608436_1083950993772400_6064021638188564504_n.jpg\" alt=\"Conectividade a&#xE9;rea interilhas\" src=\"data:image\/svg+xml;base64,PHN2ZyB3aWR0aD0iMSIgaGVpZ2h0PSIxIiB4bWxucz0iaHR0cDovL3d3dy53My5vcmcvMjAwMC9zdmciPjwvc3ZnPg==\" class=\"lazyload\" \/><\/figure>\n\n<figure class=\"wp-block-image\"><img decoding=\"async\" data-src=\"https:\/\/richeskarayib.com\/wp-content\/uploads\/2025\/06\/481087357_8812912912145892_4651711194491956989_n-1024x576.jpg\" alt=\"Conectividade a&#xE9;rea interilhas\" src=\"data:image\/svg+xml;base64,PHN2ZyB3aWR0aD0iMSIgaGVpZ2h0PSIxIiB4bWxucz0iaHR0cDovL3d3dy53My5vcmcvMjAwMC9zdmciPjwvc3ZnPg==\" class=\"lazyload\" style=\"--smush-placeholder-width: 1024px; --smush-placeholder-aspect-ratio: 1024\/576;\" \/><\/figure>\n\n<figure class=\"wp-block-image\"><img decoding=\"async\" data-src=\"https:\/\/richeskarayib.com\/wp-content\/uploads\/2025\/06\/469121732_122203730972224615_4099195562668015926_n.jpg\" alt=\"Conectividade a&#xE9;rea interilhas\" src=\"data:image\/svg+xml;base64,PHN2ZyB3aWR0aD0iMSIgaGVpZ2h0PSIxIiB4bWxucz0iaHR0cDovL3d3dy53My5vcmcvMjAwMC9zdmciPjwvc3ZnPg==\" class=\"lazyload\" \/><\/figure>\n\n<h2 class=\"wp-block-heading\">Barreiras estruturais \u00e0 conectividade interilhas<\/h2>\n\n<p>V\u00e1rios fatores explicam a dificuldade de estabelecer uma rede a\u00e9rea coerente no Caribe. Em primeiro lugar, a fragmenta\u00e7\u00e3o pol\u00edtica e lingu\u00edstica da regi\u00e3o, com territ\u00f3rios sob diferentes jurisdi\u00e7\u00f5es (departamentos franceses, territ\u00f3rios brit\u00e2nicos, estados independentes), complica a harmoniza\u00e7\u00e3o das regulamenta\u00e7\u00f5es da avia\u00e7\u00e3o. <\/p>\n\n<p>Em segundo lugar, a modesta dimens\u00e3o dos mercados insulares dificulta a rentabiliza\u00e7\u00e3o das rotas a\u00e9reas. Essa fr\u00e1gil realidade econ\u00f4mica, baseada essencialmente no turismo e voltada para o mundo exterior em vez do com\u00e9rcio intrarregional, \u00e9 um grande obst\u00e1culo \u00e0 conectividade a\u00e9rea interilhas eficiente. <\/p>\n\n<h2 class=\"wp-block-heading\">Os desafios econ\u00f4micos da conectividade a\u00e9rea interilhas<\/h2>\n\n<p><a href=\"https:\/\/www.transports-express-caraibes.fr\/blog\/intercaribbean-connectivite-caraibes\/\" target=\"_blank\" rel=\"noreferrer noopener\">A conectividade a\u00e9rea interilhas<\/a> desempenha um papel crucial no desenvolvimento econ\u00f4mico do Caribe. Cada voo direto entre duas ilhas representa uma porta aberta para novas oportunidades de turismo e neg\u00f3cios. Uma melhor conectividade permitiria capitalizar as caracter\u00edsticas espec\u00edficas de cada territ\u00f3rio e promover as riquezas gastron\u00f4micas e culturais espec\u00edficas de cada ilha.  <\/p>\n\n<p>O potencial impacto econ\u00f4mico \u00e9 consider\u00e1vel: o setor a\u00e9reo atualmente representa 3,6% do PIB regional, sustenta 8,3 milh\u00f5es de empregos diretos e indiretos e gera 240 bilh\u00f5es de d\u00f3lares. Melhorar a conectividade a\u00e9rea interilhas poderia impulsionar significativamente esses n\u00fameros, facilitando a circula\u00e7\u00e3o de turistas e profissionais em toda a regi\u00e3o. <\/p>\n\n<figure class=\"wp-block-image\"><img decoding=\"async\" data-src=\"https:\/\/richeskarayib.com\/wp-content\/uploads\/2025\/06\/intercaribbean-ATR-72.jpg\" alt=\"Conectividade a&#xE9;rea interilhas\" src=\"data:image\/svg+xml;base64,PHN2ZyB3aWR0aD0iMSIgaGVpZ2h0PSIxIiB4bWxucz0iaHR0cDovL3d3dy53My5vcmcvMjAwMC9zdmciPjwvc3ZnPg==\" class=\"lazyload\" \/><\/figure>\n\n<h2 class=\"wp-block-heading\">O potencial inexplorado do turismo multidestino<\/h2>\n\n<p>Um dos grandes potenciais inexplorados do Caribe reside no turismo multidestino. Atualmente, a maioria dos visitantes limita a sua estadia a uma \u00fanica ilha, devido \u00e0 falta de liga\u00e7\u00f5es a\u00e9reas convenientes e acess\u00edveis entre os territ\u00f3rios. No entanto, a diversidade cultural, natural e hist\u00f3rica do arquip\u00e9lago \u00e9 um trunfo importante que poderia ser melhor explorado atrav\u00e9s de passeios por v\u00e1rias ilhas.  <\/p>\n\n<p>Iniciativas como a alian\u00e7a CARIBSKY, que antes agrupava a Air Antilles, Winair e LIAT, visavam facilitar este tipo de turismo, oferecendo um \u201cbilhete s\u00f3 de ida para o Caribe\u201d. Embora este projeto espec\u00edfico tenha sido comprometido pelas dificuldades das companhias a\u00e9reas participantes, a ideia permanece relevante. <\/p>\n\n<h2 class=\"wp-block-heading\">Rumo \u00e0 avia\u00e7\u00e3o sustent\u00e1vel no Caribe<\/h2>\n\n<p>Confrontada com os desafios ambientais, a avia\u00e7\u00e3o caribenha est\u00e1 gradualmente a fazer a transi\u00e7\u00e3o para pr\u00e1ticas mais sustent\u00e1veis. As companhias a\u00e9reas da regi\u00e3o reduziram o seu consumo de combust\u00edvel por passageiro-quil\u00f4metro em 28% desde 2011, gra\u00e7as \u00e0 renova\u00e7\u00e3o da frota e \u00e0 melhoria da efici\u00eancia operacional. <\/p>\n\n<p>Iniciativas como a certifica\u00e7\u00e3o Green Pilot\u00ae reconhecem os esfor\u00e7os das companhias a\u00e9reas que desenvolvem programas robustos de redu\u00e7\u00e3o de carbono nas suas opera\u00e7\u00f5es. Esta transi\u00e7\u00e3o para uma avia\u00e7\u00e3o mais verde \u00e9 essencial para garantir que a melhoria da conectividade a\u00e9rea interilhas n\u00e3o aconte\u00e7a \u00e0 custa do fr\u00e1gil ambiente das ilhas caribenhas. <\/p>\n\n<figure class=\"wp-block-image\"><img decoding=\"async\" data-src=\"https:\/\/richeskarayib.com\/wp-content\/uploads\/2025\/06\/481157851_18374389963184649_9061784651255151818_n-819x1024.jpg\" alt=\"connectivit&#xE9; a&#xE9;rienne inter-&#xEE;les\" src=\"data:image\/svg+xml;base64,PHN2ZyB3aWR0aD0iMSIgaGVpZ2h0PSIxIiB4bWxucz0iaHR0cDovL3d3dy53My5vcmcvMjAwMC9zdmciPjwvc3ZnPg==\" class=\"lazyload\" style=\"--smush-placeholder-width: 819px; --smush-placeholder-aspect-ratio: 819\/1024;\" \/><\/figure>\n\n<h3 class=\"wp-block-heading\"><strong>O desafio dos custos operacionais e da rentabilidade<\/strong><\/h3>\n\n<p>Um dos principais obst\u00e1culos \u00e0 conectividade a\u00e9rea interilhas continua sendo a fragilidade do modelo de neg\u00f3cios. As companhias a\u00e9reas regionais enfrentam altos custos fixos (sal\u00e1rios, manuten\u00e7\u00e3o, taxas aeroportu\u00e1rias), que n\u00e3o s\u00e3o sens\u00edveis ao volume de passageiros. As tarifas a\u00e9reas variam de 50 a 150 euros por trecho, o que representa um obst\u00e1culo real para os residentes, especialmente em \u00e1reas com baixo poder aquisitivo.  <\/p>\n\n<p>Uma viagem de ida e volta entre duas ilhas pode ser equivalente a v\u00e1rios dias de sal\u00e1rio para um trabalhador local. Por outro lado, algumas travessias mar\u00edtimas muito curtas ainda s\u00e3o acess\u00edveis, custando cerca de 8 a 15 euros. Mas essas conex\u00f5es s\u00e3o limitadas. Esta situa\u00e7\u00e3o dificulta a mobilidade intrarregional e dificulta o desenvolvimento de um turismo sustent\u00e1vel e multidestino no Caribe.   <\/p>\n\n<h2 class=\"wp-block-heading\">Iniciativas e parcerias para melhorar a conectividade regional<\/h2>\n\n<p>Perante os desafios econ\u00f4micos e log\u00edsticos, as alian\u00e7as a\u00e9reas est\u00e3o surgindo como uma solu\u00e7\u00e3o promissora. Novas colabora\u00e7\u00f5es est\u00e3o surgindo, como a parceria entre a Winair e a Air Cara\u00efbes, ou a expans\u00e3o de redes como a InterCaribbean Airways. Estas iniciativas visam melhorar a conectividade a\u00e9rea interilhas atrav\u00e9s da partilha de recursos.  <\/p>\n\n<p>Os governos e as organiza\u00e7\u00f5es regionais t\u00eam um papel crucial a desempenhar. O Banco Mundial est\u00e1 contribuindo para este esfor\u00e7o com projetos como o \u201cProjeto de Conectividade do Transporte A\u00e9reo Regional do Caribe\u201d, que concedeu 159 milh\u00f5es de d\u00f3lares a v\u00e1rios pa\u00edses para melhorar a seguran\u00e7a do transporte a\u00e9reo e a resili\u00eancia da infraestrutura aeroportu\u00e1ria. <\/p>\n\n<h2 class=\"wp-block-heading\">Perspectivas futuras para a conectividade a\u00e9rea interilhas<\/h2>\n\n<p>O futuro da conectividade a\u00e9rea interilhas no Caribe envolver\u00e1 necessariamente solu\u00e7\u00f5es inovadoras. Empresas como a Air Inter \u00celes est\u00e3o desenvolvendo novos servi\u00e7os de transporte premium com aeronaves adaptadas a curtas dist\u00e2ncias, como o <a href=\"https:\/\/www.aerovfr.com\/2024\/08\/p2012-stol-a-saint-barth\/\" target=\"_blank\" rel=\"noreferrer noopener\">TECNAM P2012 STOL<\/a>. <\/p>\n\n<p>As tecnologias digitais tamb\u00e9m oferecem perspectivas interessantes, com plataformas de reservas integradas que facilitam a combina\u00e7\u00e3o de diferentes segmentos de voos entre companhias a\u00e9reas parceiras.<\/p>\n\n<figure class=\"wp-block-image\"><img decoding=\"async\" data-src=\"https:\/\/richeskarayib.com\/wp-content\/uploads\/2025\/06\/Barth2.webp\" alt=\"Conectividade a&#xE9;rea interilhas\" class=\"wp-image-54571 lazyload\" src=\"data:image\/svg+xml;base64,PHN2ZyB3aWR0aD0iMSIgaGVpZ2h0PSIxIiB4bWxucz0iaHR0cDovL3d3dy53My5vcmcvMjAwMC9zdmciPjwvc3ZnPg==\" \/><figcaption class=\"wp-element-caption\">TECNAM P2012 STOL<\/figcaption><\/figure>\n\n<p>A conectividade a\u00e9rea interilhas representa tanto um grande desafio quanto uma tremenda oportunidade para o desenvolvimento do turismo sustent\u00e1vel no Caribe. Os obst\u00e1culos s\u00e3o muitos: fragmenta\u00e7\u00e3o pol\u00edtica, dificuldades econ\u00f4micas para as companhias a\u00e9reas, altos custos operacionais e desafios ambientais. <\/p>\n\n<p>Os riscos s\u00e3o altos: o objetivo n\u00e3o \u00e9 apenas facilitar as viagens para turistas e residentes locais, mas tamb\u00e9m criar as condi\u00e7\u00f5es para um desenvolvimento econ\u00f4mico mais equilibrado e ecologicamente correto em toda a regi\u00e3o. Ao fortalecer as liga\u00e7\u00f5es a\u00e9reas entre as ilhas, pode surgir um modelo de turismo mais inclusivo e sustent\u00e1vel, valorizando a riqueza e a diversidade de cada territ\u00f3rio, promovendo ao mesmo tempo uma maior coes\u00e3o regional. <\/p>\n","protected":false},"excerpt":{"rendered":"<p>A conectividade a\u00e9rea interilhas hoje representa um dos maiores desafios para o desenvolvimento do turismo sustent\u00e1vel na regi\u00e3o do Caribe. Deslocar-se entre as ilhas do Caribe continua sendo uma tarefa complexa, apesar do consider\u00e1vel potencial tur\u00edstico da regi\u00e3o. Isso \u00e9 t\u00e3o verdadeiro para viajantes internacionais quanto para residentes locais, para quem ir de uma ilha [&hellip;]<\/p>\n","protected":false},"author":1,"featured_media":0,"comment_status":"open","ping_status":"open","sticky":false,"template":"","format":"standard","meta":{"footnotes":""},"categories":[104,101,107,113],"tags":[],"class_list":["post-19695","post","type-post","status-publish","format-standard","hentry","category-aeroportos-e-infraestrutura","category-conectividade-aerea-e-atratividade-territorial","category-receitas-comerciais-e-nao-aeronauticas","category-sustentabilidade-e-transicao-energetica"],"yoast_head":"<!-- This site is optimized with the Yoast SEO plugin v26.9 - https:\/\/yoast.com\/product\/yoast-seo-wordpress\/ -->\n<title>Conectividade a\u00e9rea interilhas: um desafio para o turismo sustent\u00e1vel intra-Caribe - LATITUDE 15<\/title>\n<meta name=\"robots\" content=\"index, follow, max-snippet:-1, max-image-preview:large, max-video-preview:-1\" \/>\n<link rel=\"canonical\" href=\"https:\/\/www.latitude-15.com\/pt-br\/conectividade-aerea-interilhas-um-desafio-para-o-turismo-sustentavel-intra-caribe\/\" \/>\n<meta property=\"og:locale\" content=\"pt_BR\" \/>\n<meta property=\"og:type\" content=\"article\" \/>\n<meta property=\"og:title\" content=\"Conectividade a\u00e9rea interilhas: um desafio para o turismo sustent\u00e1vel intra-Caribe - LATITUDE 15\" \/>\n<meta property=\"og:description\" content=\"A conectividade a\u00e9rea interilhas hoje representa um dos maiores desafios para o desenvolvimento do turismo sustent\u00e1vel na regi\u00e3o do Caribe. Deslocar-se entre as ilhas do Caribe continua sendo uma tarefa complexa, apesar do consider\u00e1vel potencial tur\u00edstico da regi\u00e3o. Isso \u00e9 t\u00e3o verdadeiro para viajantes internacionais quanto para residentes locais, para quem ir de uma ilha [&hellip;]\" \/>\n<meta property=\"og:url\" content=\"https:\/\/www.latitude-15.com\/pt-br\/conectividade-aerea-interilhas-um-desafio-para-o-turismo-sustentavel-intra-caribe\/\" \/>\n<meta property=\"og:site_name\" content=\"LATITUDE 15\" \/>\n<meta property=\"article:published_time\" content=\"2025-06-16T05:21:00+00:00\" \/>\n<meta property=\"article:modified_time\" content=\"2026-02-04T04:55:02+00:00\" \/>\n<meta property=\"og:image\" content=\"https:\/\/www.latitude-15.com\/wp-content\/uploads\/2026\/01\/wmremove-transformed.jpeg.webp\" \/>\n\t<meta property=\"og:image:width\" content=\"1920\" \/>\n\t<meta property=\"og:image:height\" content=\"823\" \/>\n\t<meta property=\"og:image:type\" content=\"image\/webp\" \/>\n<meta name=\"author\" content=\"sabrinalat15\" \/>\n<meta name=\"twitter:card\" content=\"summary_large_image\" \/>\n<meta name=\"twitter:label1\" content=\"Escrito por\" \/>\n\t<meta name=\"twitter:data1\" content=\"sabrinalat15\" \/>\n\t<meta name=\"twitter:label2\" content=\"Est. tempo de leitura\" \/>\n\t<meta name=\"twitter:data2\" content=\"6 minutos\" \/>\n<script type=\"application\/ld+json\" class=\"yoast-schema-graph\">{\"@context\":\"https:\/\/schema.org\",\"@graph\":[{\"@type\":\"Article\",\"@id\":\"https:\/\/www.latitude-15.com\/pt-br\/conectividade-aerea-interilhas-um-desafio-para-o-turismo-sustentavel-intra-caribe\/#article\",\"isPartOf\":{\"@id\":\"https:\/\/www.latitude-15.com\/pt-br\/conectividade-aerea-interilhas-um-desafio-para-o-turismo-sustentavel-intra-caribe\/\"},\"author\":{\"name\":\"sabrinalat15\",\"@id\":\"https:\/\/www.latitude-15.com\/pt-br\/#\/schema\/person\/2a70943507771992ce3316849aa93bdd\"},\"headline\":\"Conectividade a\u00e9rea interilhas: um desafio para o turismo sustent\u00e1vel intra-Caribe\",\"datePublished\":\"2025-06-16T05:21:00+00:00\",\"dateModified\":\"2026-02-04T04:55:02+00:00\",\"mainEntityOfPage\":{\"@id\":\"https:\/\/www.latitude-15.com\/pt-br\/conectividade-aerea-interilhas-um-desafio-para-o-turismo-sustentavel-intra-caribe\/\"},\"wordCount\":1181,\"commentCount\":0,\"publisher\":{\"@id\":\"https:\/\/www.latitude-15.com\/pt-br\/#organization\"},\"image\":{\"@id\":\"https:\/\/www.latitude-15.com\/pt-br\/conectividade-aerea-interilhas-um-desafio-para-o-turismo-sustentavel-intra-caribe\/#primaryimage\"},\"thumbnailUrl\":\"https:\/\/richeskarayib.com\/wp-content\/uploads\/2025\/06\/Photo-de-lavion-LIAT-20-1024x1024.jpg\",\"articleSection\":[\"Aeroportos e infraestrutura\",\"Conectividade a\u00e9rea e Atratividade territorial\",\"Receitas comerciais e n\u00e3o aeron\u00e1uticas\",\"Sustentabilidade e transi\u00e7\u00e3o energ\u00e9tica\"],\"inLanguage\":\"pt-BR\",\"potentialAction\":[{\"@type\":\"CommentAction\",\"name\":\"Comment\",\"target\":[\"https:\/\/www.latitude-15.com\/pt-br\/conectividade-aerea-interilhas-um-desafio-para-o-turismo-sustentavel-intra-caribe\/#respond\"]}]},{\"@type\":\"WebPage\",\"@id\":\"https:\/\/www.latitude-15.com\/pt-br\/conectividade-aerea-interilhas-um-desafio-para-o-turismo-sustentavel-intra-caribe\/\",\"url\":\"https:\/\/www.latitude-15.com\/pt-br\/conectividade-aerea-interilhas-um-desafio-para-o-turismo-sustentavel-intra-caribe\/\",\"name\":\"Conectividade a\u00e9rea interilhas: um desafio para o turismo sustent\u00e1vel intra-Caribe - LATITUDE 15\",\"isPartOf\":{\"@id\":\"https:\/\/www.latitude-15.com\/pt-br\/#website\"},\"primaryImageOfPage\":{\"@id\":\"https:\/\/www.latitude-15.com\/pt-br\/conectividade-aerea-interilhas-um-desafio-para-o-turismo-sustentavel-intra-caribe\/#primaryimage\"},\"image\":{\"@id\":\"https:\/\/www.latitude-15.com\/pt-br\/conectividade-aerea-interilhas-um-desafio-para-o-turismo-sustentavel-intra-caribe\/#primaryimage\"},\"thumbnailUrl\":\"https:\/\/richeskarayib.com\/wp-content\/uploads\/2025\/06\/Photo-de-lavion-LIAT-20-1024x1024.jpg\",\"datePublished\":\"2025-06-16T05:21:00+00:00\",\"dateModified\":\"2026-02-04T04:55:02+00:00\",\"breadcrumb\":{\"@id\":\"https:\/\/www.latitude-15.com\/pt-br\/conectividade-aerea-interilhas-um-desafio-para-o-turismo-sustentavel-intra-caribe\/#breadcrumb\"},\"inLanguage\":\"pt-BR\",\"potentialAction\":[{\"@type\":\"ReadAction\",\"target\":[\"https:\/\/www.latitude-15.com\/pt-br\/conectividade-aerea-interilhas-um-desafio-para-o-turismo-sustentavel-intra-caribe\/\"]}]},{\"@type\":\"ImageObject\",\"inLanguage\":\"pt-BR\",\"@id\":\"https:\/\/www.latitude-15.com\/pt-br\/conectividade-aerea-interilhas-um-desafio-para-o-turismo-sustentavel-intra-caribe\/#primaryimage\",\"url\":\"https:\/\/richeskarayib.com\/wp-content\/uploads\/2025\/06\/Photo-de-lavion-LIAT-20-1024x1024.jpg\",\"contentUrl\":\"https:\/\/richeskarayib.com\/wp-content\/uploads\/2025\/06\/Photo-de-lavion-LIAT-20-1024x1024.jpg\"},{\"@type\":\"BreadcrumbList\",\"@id\":\"https:\/\/www.latitude-15.com\/pt-br\/conectividade-aerea-interilhas-um-desafio-para-o-turismo-sustentavel-intra-caribe\/#breadcrumb\",\"itemListElement\":[{\"@type\":\"ListItem\",\"position\":1,\"name\":\"Home\",\"item\":\"https:\/\/www.latitude-15.com\/pt-br\/inicio\/\"},{\"@type\":\"ListItem\",\"position\":2,\"name\":\"Conectividade a\u00e9rea interilhas: um desafio para o turismo sustent\u00e1vel intra-Caribe\"}]},{\"@type\":\"WebSite\",\"@id\":\"https:\/\/www.latitude-15.com\/pt-br\/#website\",\"url\":\"https:\/\/www.latitude-15.com\/pt-br\/\",\"name\":\"LATITUDE 15\",\"description\":\"Aviation and maritime Magazine - Caribbean &amp; Latin America\",\"publisher\":{\"@id\":\"https:\/\/www.latitude-15.com\/pt-br\/#organization\"},\"potentialAction\":[{\"@type\":\"SearchAction\",\"target\":{\"@type\":\"EntryPoint\",\"urlTemplate\":\"https:\/\/www.latitude-15.com\/pt-br\/?s={search_term_string}\"},\"query-input\":{\"@type\":\"PropertyValueSpecification\",\"valueRequired\":true,\"valueName\":\"search_term_string\"}}],\"inLanguage\":\"pt-BR\"},{\"@type\":\"Organization\",\"@id\":\"https:\/\/www.latitude-15.com\/pt-br\/#organization\",\"name\":\"LATITUDE 15\",\"url\":\"https:\/\/www.latitude-15.com\/pt-br\/\",\"logo\":{\"@type\":\"ImageObject\",\"inLanguage\":\"pt-BR\",\"@id\":\"https:\/\/www.latitude-15.com\/pt-br\/#\/schema\/logo\/image\/\",\"url\":\"https:\/\/www.latitude-15.com\/wp-content\/uploads\/2026\/01\/cropped-logox500px.png\",\"contentUrl\":\"https:\/\/www.latitude-15.com\/wp-content\/uploads\/2026\/01\/cropped-logox500px.png\",\"width\":62,\"height\":75,\"caption\":\"LATITUDE 15\"},\"image\":{\"@id\":\"https:\/\/www.latitude-15.com\/pt-br\/#\/schema\/logo\/image\/\"}},{\"@type\":\"Person\",\"@id\":\"https:\/\/www.latitude-15.com\/pt-br\/#\/schema\/person\/2a70943507771992ce3316849aa93bdd\",\"name\":\"sabrinalat15\",\"image\":{\"@type\":\"ImageObject\",\"inLanguage\":\"pt-BR\",\"@id\":\"https:\/\/www.latitude-15.com\/pt-br\/#\/schema\/person\/image\/\",\"url\":\"https:\/\/secure.gravatar.com\/avatar\/91f5e11872ca6128d75f7bbde22cc384ad142a113b81c554ed87d6d9762f8813?s=96&d=mm&r=g\",\"contentUrl\":\"https:\/\/secure.gravatar.com\/avatar\/91f5e11872ca6128d75f7bbde22cc384ad142a113b81c554ed87d6d9762f8813?s=96&d=mm&r=g\",\"caption\":\"sabrinalat15\"},\"sameAs\":[\"https:\/\/www.latitude-15.com\"],\"url\":\"https:\/\/www.latitude-15.com\/pt-br\/author\/sabrinalat15\/\"}]}<\/script>\n<!-- \/ Yoast SEO plugin. -->","yoast_head_json":{"title":"Conectividade a\u00e9rea interilhas: um desafio para o turismo sustent\u00e1vel intra-Caribe - LATITUDE 15","robots":{"index":"index","follow":"follow","max-snippet":"max-snippet:-1","max-image-preview":"max-image-preview:large","max-video-preview":"max-video-preview:-1"},"canonical":"https:\/\/www.latitude-15.com\/pt-br\/conectividade-aerea-interilhas-um-desafio-para-o-turismo-sustentavel-intra-caribe\/","og_locale":"pt_BR","og_type":"article","og_title":"Conectividade a\u00e9rea interilhas: um desafio para o turismo sustent\u00e1vel intra-Caribe - LATITUDE 15","og_description":"A conectividade a\u00e9rea interilhas hoje representa um dos maiores desafios para o desenvolvimento do turismo sustent\u00e1vel na regi\u00e3o do Caribe. Deslocar-se entre as ilhas do Caribe continua sendo uma tarefa complexa, apesar do consider\u00e1vel potencial tur\u00edstico da regi\u00e3o. Isso \u00e9 t\u00e3o verdadeiro para viajantes internacionais quanto para residentes locais, para quem ir de uma ilha [&hellip;]","og_url":"https:\/\/www.latitude-15.com\/pt-br\/conectividade-aerea-interilhas-um-desafio-para-o-turismo-sustentavel-intra-caribe\/","og_site_name":"LATITUDE 15","article_published_time":"2025-06-16T05:21:00+00:00","article_modified_time":"2026-02-04T04:55:02+00:00","og_image":[{"width":1920,"height":823,"url":"https:\/\/www.latitude-15.com\/wp-content\/uploads\/2026\/01\/wmremove-transformed.jpeg.webp","type":"image\/webp"}],"author":"sabrinalat15","twitter_card":"summary_large_image","twitter_misc":{"Escrito por":"sabrinalat15","Est. tempo de leitura":"6 minutos"},"schema":{"@context":"https:\/\/schema.org","@graph":[{"@type":"Article","@id":"https:\/\/www.latitude-15.com\/pt-br\/conectividade-aerea-interilhas-um-desafio-para-o-turismo-sustentavel-intra-caribe\/#article","isPartOf":{"@id":"https:\/\/www.latitude-15.com\/pt-br\/conectividade-aerea-interilhas-um-desafio-para-o-turismo-sustentavel-intra-caribe\/"},"author":{"name":"sabrinalat15","@id":"https:\/\/www.latitude-15.com\/pt-br\/#\/schema\/person\/2a70943507771992ce3316849aa93bdd"},"headline":"Conectividade a\u00e9rea interilhas: um desafio para o turismo sustent\u00e1vel intra-Caribe","datePublished":"2025-06-16T05:21:00+00:00","dateModified":"2026-02-04T04:55:02+00:00","mainEntityOfPage":{"@id":"https:\/\/www.latitude-15.com\/pt-br\/conectividade-aerea-interilhas-um-desafio-para-o-turismo-sustentavel-intra-caribe\/"},"wordCount":1181,"commentCount":0,"publisher":{"@id":"https:\/\/www.latitude-15.com\/pt-br\/#organization"},"image":{"@id":"https:\/\/www.latitude-15.com\/pt-br\/conectividade-aerea-interilhas-um-desafio-para-o-turismo-sustentavel-intra-caribe\/#primaryimage"},"thumbnailUrl":"https:\/\/richeskarayib.com\/wp-content\/uploads\/2025\/06\/Photo-de-lavion-LIAT-20-1024x1024.jpg","articleSection":["Aeroportos e infraestrutura","Conectividade a\u00e9rea e Atratividade territorial","Receitas comerciais e n\u00e3o aeron\u00e1uticas","Sustentabilidade e transi\u00e7\u00e3o energ\u00e9tica"],"inLanguage":"pt-BR","potentialAction":[{"@type":"CommentAction","name":"Comment","target":["https:\/\/www.latitude-15.com\/pt-br\/conectividade-aerea-interilhas-um-desafio-para-o-turismo-sustentavel-intra-caribe\/#respond"]}]},{"@type":"WebPage","@id":"https:\/\/www.latitude-15.com\/pt-br\/conectividade-aerea-interilhas-um-desafio-para-o-turismo-sustentavel-intra-caribe\/","url":"https:\/\/www.latitude-15.com\/pt-br\/conectividade-aerea-interilhas-um-desafio-para-o-turismo-sustentavel-intra-caribe\/","name":"Conectividade a\u00e9rea interilhas: um desafio para o turismo sustent\u00e1vel intra-Caribe - LATITUDE 15","isPartOf":{"@id":"https:\/\/www.latitude-15.com\/pt-br\/#website"},"primaryImageOfPage":{"@id":"https:\/\/www.latitude-15.com\/pt-br\/conectividade-aerea-interilhas-um-desafio-para-o-turismo-sustentavel-intra-caribe\/#primaryimage"},"image":{"@id":"https:\/\/www.latitude-15.com\/pt-br\/conectividade-aerea-interilhas-um-desafio-para-o-turismo-sustentavel-intra-caribe\/#primaryimage"},"thumbnailUrl":"https:\/\/richeskarayib.com\/wp-content\/uploads\/2025\/06\/Photo-de-lavion-LIAT-20-1024x1024.jpg","datePublished":"2025-06-16T05:21:00+00:00","dateModified":"2026-02-04T04:55:02+00:00","breadcrumb":{"@id":"https:\/\/www.latitude-15.com\/pt-br\/conectividade-aerea-interilhas-um-desafio-para-o-turismo-sustentavel-intra-caribe\/#breadcrumb"},"inLanguage":"pt-BR","potentialAction":[{"@type":"ReadAction","target":["https:\/\/www.latitude-15.com\/pt-br\/conectividade-aerea-interilhas-um-desafio-para-o-turismo-sustentavel-intra-caribe\/"]}]},{"@type":"ImageObject","inLanguage":"pt-BR","@id":"https:\/\/www.latitude-15.com\/pt-br\/conectividade-aerea-interilhas-um-desafio-para-o-turismo-sustentavel-intra-caribe\/#primaryimage","url":"https:\/\/richeskarayib.com\/wp-content\/uploads\/2025\/06\/Photo-de-lavion-LIAT-20-1024x1024.jpg","contentUrl":"https:\/\/richeskarayib.com\/wp-content\/uploads\/2025\/06\/Photo-de-lavion-LIAT-20-1024x1024.jpg"},{"@type":"BreadcrumbList","@id":"https:\/\/www.latitude-15.com\/pt-br\/conectividade-aerea-interilhas-um-desafio-para-o-turismo-sustentavel-intra-caribe\/#breadcrumb","itemListElement":[{"@type":"ListItem","position":1,"name":"Home","item":"https:\/\/www.latitude-15.com\/pt-br\/inicio\/"},{"@type":"ListItem","position":2,"name":"Conectividade a\u00e9rea interilhas: um desafio para o turismo sustent\u00e1vel intra-Caribe"}]},{"@type":"WebSite","@id":"https:\/\/www.latitude-15.com\/pt-br\/#website","url":"https:\/\/www.latitude-15.com\/pt-br\/","name":"LATITUDE 15","description":"Aviation and maritime Magazine - Caribbean &amp; Latin America","publisher":{"@id":"https:\/\/www.latitude-15.com\/pt-br\/#organization"},"potentialAction":[{"@type":"SearchAction","target":{"@type":"EntryPoint","urlTemplate":"https:\/\/www.latitude-15.com\/pt-br\/?s={search_term_string}"},"query-input":{"@type":"PropertyValueSpecification","valueRequired":true,"valueName":"search_term_string"}}],"inLanguage":"pt-BR"},{"@type":"Organization","@id":"https:\/\/www.latitude-15.com\/pt-br\/#organization","name":"LATITUDE 15","url":"https:\/\/www.latitude-15.com\/pt-br\/","logo":{"@type":"ImageObject","inLanguage":"pt-BR","@id":"https:\/\/www.latitude-15.com\/pt-br\/#\/schema\/logo\/image\/","url":"https:\/\/www.latitude-15.com\/wp-content\/uploads\/2026\/01\/cropped-logox500px.png","contentUrl":"https:\/\/www.latitude-15.com\/wp-content\/uploads\/2026\/01\/cropped-logox500px.png","width":62,"height":75,"caption":"LATITUDE 15"},"image":{"@id":"https:\/\/www.latitude-15.com\/pt-br\/#\/schema\/logo\/image\/"}},{"@type":"Person","@id":"https:\/\/www.latitude-15.com\/pt-br\/#\/schema\/person\/2a70943507771992ce3316849aa93bdd","name":"sabrinalat15","image":{"@type":"ImageObject","inLanguage":"pt-BR","@id":"https:\/\/www.latitude-15.com\/pt-br\/#\/schema\/person\/image\/","url":"https:\/\/secure.gravatar.com\/avatar\/91f5e11872ca6128d75f7bbde22cc384ad142a113b81c554ed87d6d9762f8813?s=96&d=mm&r=g","contentUrl":"https:\/\/secure.gravatar.com\/avatar\/91f5e11872ca6128d75f7bbde22cc384ad142a113b81c554ed87d6d9762f8813?s=96&d=mm&r=g","caption":"sabrinalat15"},"sameAs":["https:\/\/www.latitude-15.com"],"url":"https:\/\/www.latitude-15.com\/pt-br\/author\/sabrinalat15\/"}]}},"_links":{"self":[{"href":"https:\/\/www.latitude-15.com\/pt-br\/wp-json\/wp\/v2\/posts\/19695","targetHints":{"allow":["GET"]}}],"collection":[{"href":"https:\/\/www.latitude-15.com\/pt-br\/wp-json\/wp\/v2\/posts"}],"about":[{"href":"https:\/\/www.latitude-15.com\/pt-br\/wp-json\/wp\/v2\/types\/post"}],"author":[{"embeddable":true,"href":"https:\/\/www.latitude-15.com\/pt-br\/wp-json\/wp\/v2\/users\/1"}],"replies":[{"embeddable":true,"href":"https:\/\/www.latitude-15.com\/pt-br\/wp-json\/wp\/v2\/comments?post=19695"}],"version-history":[{"count":2,"href":"https:\/\/www.latitude-15.com\/pt-br\/wp-json\/wp\/v2\/posts\/19695\/revisions"}],"predecessor-version":[{"id":19697,"href":"https:\/\/www.latitude-15.com\/pt-br\/wp-json\/wp\/v2\/posts\/19695\/revisions\/19697"}],"wp:attachment":[{"href":"https:\/\/www.latitude-15.com\/pt-br\/wp-json\/wp\/v2\/media?parent=19695"}],"wp:term":[{"taxonomy":"category","embeddable":true,"href":"https:\/\/www.latitude-15.com\/pt-br\/wp-json\/wp\/v2\/categories?post=19695"},{"taxonomy":"post_tag","embeddable":true,"href":"https:\/\/www.latitude-15.com\/pt-br\/wp-json\/wp\/v2\/tags?post=19695"}],"curies":[{"name":"wp","href":"https:\/\/api.w.org\/{rel}","templated":true}]}}