{"id":19685,"date":"2025-08-25T01:18:00","date_gmt":"2025-08-25T05:18:00","guid":{"rendered":"https:\/\/www.latitude-15.com\/2025\/08\/25\/caribbean-airlines-inaugura-uma-nova-era-entre-dominica-e-porto-rico\/"},"modified":"2026-02-04T00:51:29","modified_gmt":"2026-02-04T04:51:29","slug":"caribbean-airlines-inaugura-uma-nova-era-entre-dominica-e-porto-rico","status":"publish","type":"post","link":"https:\/\/www.latitude-15.com\/pt-br\/caribbean-airlines-inaugura-uma-nova-era-entre-dominica-e-porto-rico\/","title":{"rendered":"Caribbean Airlines inaugura uma nova era entre Dominica e Porto Rico"},"content":{"rendered":"\n<p>15 de agosto de 2025 entrar\u00e1 para a hist\u00f3ria como um marco na conectividade regional. A <a href=\"https:\/\/sflcn.com\/caribbean-airlines-delivers-easier-connectivity-between-dominica-and-puerto-rico\/\" target=\"_blank\" rel=\"noreferrer noopener\">Caribbean Airlines<\/a> inaugurou seu novo servi\u00e7o direto entre Dominica e Porto Rico, criando uma ponte estrat\u00e9gica entre dois territ\u00f3rios complementares: um reconhecido como a \u201cilha da natureza\u201d do Caribe, o outro como um centro a\u00e9reo essencial para viajantes norte-americanos.<\/p>\n\n<p>Este lan\u00e7amento t\u00e3o esperado atende \u00e0 crescente demanda de viajantes regionais e internacionais e confirma o papel da Caribbean Airlines como um ator-chave no transporte a\u00e9reo caribenho.<\/p>\n\n<h2 class=\"wp-block-heading\">Um lan\u00e7amento celebrado em ambos os lados do mar<\/h2>\n\n<p>Os voos inaugurais BW296 e BW297 ditaram o tom para uma nova etapa na mobilidade caribenha. No aeroporto Douglas-Charles, em Dominica, a aeronave foi recebida com uma tradicional sauda\u00e7\u00e3o aqu\u00e1tica, um s\u00edmbolo poderoso da import\u00e2ncia desta abertura. Por outro lado, em San Juan, uma cerim\u00f4nia cultural destacou os la\u00e7os hist\u00f3ricos e humanos que j\u00e1 unem os dois territ\u00f3rios.  <\/p>\n\n<p>Para Garvin Medera, CEO da Caribbean Airlines, esta nova rota faz parte de uma estrat\u00e9gia mais ampla: \u201cEstas melhorias de hor\u00e1rios s\u00e3o uma resposta direta \u00e0 demanda do mercado e ao feedback de nossos clientes\u201d. Com este an\u00fancio, a empresa reafirma o seu compromisso de oferecer uma rede a\u00e9rea mais fluida e acess\u00edvel na regi\u00e3o do Caribe. <\/p>\n\n<figure class=\"wp-block-image\"><img decoding=\"async\" data-src=\"https:\/\/richeskarayib.com\/wp-content\/uploads\/2025\/08\/A-cultural-showcase-greeted-arriving-passengers-at-Luis-Munoz-Marin-International-Airport-Puerto-Rico.webp\" alt=\"Caribbean Airlines\" class=\"wp-image-58853 lazyload\" src=\"data:image\/svg+xml;base64,PHN2ZyB3aWR0aD0iMSIgaGVpZ2h0PSIxIiB4bWxucz0iaHR0cDovL3d3dy53My5vcmcvMjAwMC9zdmciPjwvc3ZnPg==\" \/><\/figure>\n\n<figure class=\"wp-block-image\"><img decoding=\"async\" data-src=\"https:\/\/richeskarayib.com\/wp-content\/uploads\/2025\/08\/cover-pic.jpeg\" alt=\"Caribbean Airlines\" src=\"data:image\/svg+xml;base64,PHN2ZyB3aWR0aD0iMSIgaGVpZ2h0PSIxIiB4bWxucz0iaHR0cDovL3d3dy53My5vcmcvMjAwMC9zdmciPjwvc3ZnPg==\" class=\"lazyload\" \/><\/figure>\n\n<h2 class=\"wp-block-heading\">Servi\u00e7os a\u00e9reos adaptados \u00e0s necessidades atuais<\/h2>\n\n<p>A <a href=\"https:\/\/aerolatinnews.com\/aviation-industry\/new-non-stop-flights-to-dominica-from-puerto-rico-caribbean-airlines\/\" target=\"_blank\" rel=\"noreferrer noopener\">Caribbean Airlines<\/a> agora oferece at\u00e9 tr\u00eas voos semanais entre San Juan e Dominica. O voo BW297 parte de Porto Rico \u00e0s 16h00, pousando em Dominica \u00e0s 17h50, enquanto o voo de volta BW296 sai de Douglas-Charles \u00e0s 10h25 para San Juan \u00e0s 12h15. <\/p>\n\n<p>Com um tempo de voo de cerca de 1h50, a viagem \u00e9 r\u00e1pida e confort\u00e1vel. As tarifas come\u00e7am a partir de 363 d\u00f3lares americanos ida e volta, um pre\u00e7o que abre ainda mais o destino a um p\u00fablico regional, ao mesmo tempo que atrai viajantes norte-americanos. <\/p>\n\n<p>Al\u00e9m desta rota, a Caribbean Airlines tamb\u00e9m est\u00e1 fortalecendo as suas liga\u00e7\u00f5es entre Dominica e Trinidad, facilitando as liga\u00e7\u00f5es para Nova Iorque e outros destinos internacionais via Port-of-Spain. A companhia a\u00e9rea est\u00e1, assim, posicionando-se como um facilitador de viagens para v\u00e1rios destinos, particularmente popular entre os turistas que desejam combinar v\u00e1rias ilhas num \u00fanico feriado. <\/p>\n\n<figure class=\"wp-block-image\"><img decoding=\"async\" data-src=\"https:\/\/richeskarayib.com\/wp-content\/uploads\/2025\/08\/BETWEEN-DOMINICA-AND-NEW-YORK-%E2%80%93-STARTING-AUGUST-15.gif\" alt=\"&#xA9;DiscoverDominica\" src=\"data:image\/svg+xml;base64,PHN2ZyB3aWR0aD0iMSIgaGVpZ2h0PSIxIiB4bWxucz0iaHR0cDovL3d3dy53My5vcmcvMjAwMC9zdmciPjwvc3ZnPg==\" class=\"lazyload\" \/><figcaption class=\"wp-element-caption\">ENTRE DOMINICA E NOVA YORK \u2013 A PARTIR DE 15 DE AGOSTO<\/figcaption><\/figure>\n\n<figure class=\"wp-block-image\"><img decoding=\"async\" data-src=\"https:\/\/richeskarayib.com\/wp-content\/uploads\/2025\/08\/BETWEEN-DOMINICA-AND-PUERTO-RICO%E2%80%93-STARTING-AUGUST-15.gif\" alt=\"Caribbean Airlines\" src=\"data:image\/svg+xml;base64,PHN2ZyB3aWR0aD0iMSIgaGVpZ2h0PSIxIiB4bWxucz0iaHR0cDovL3d3dy53My5vcmcvMjAwMC9zdmciPjwvc3ZnPg==\" class=\"lazyload\" \/><figcaption class=\"wp-element-caption\">ENTRE DOMINICA E PORTO RICO \u2013 A PARTIR DE 15 DE AGOSTO<\/figcaption><\/figure>\n\n<figure class=\"wp-block-image\"><img decoding=\"async\" data-src=\"https:\/\/richeskarayib.com\/wp-content\/uploads\/2025\/08\/BETWEEN-DOMINICA-AND-TRINDAD-%E2%80%93-STARTING-AUGUST-15.gif\" alt=\"Caribbean Airlines\" src=\"data:image\/svg+xml;base64,PHN2ZyB3aWR0aD0iMSIgaGVpZ2h0PSIxIiB4bWxucz0iaHR0cDovL3d3dy53My5vcmcvMjAwMC9zdmciPjwvc3ZnPg==\" class=\"lazyload\" \/><figcaption class=\"wp-element-caption\">ENTRE DOMINICA E TRINDAD \u2013 A PARTIR DE 15 DE AGOSTO<\/figcaption><\/figure>\n\n<h2 class=\"wp-block-heading\">Dominica, um tesouro natural preservado<\/h2>\n\n<p>Com esta nova liga\u00e7\u00e3o, a <a href=\"https:\/\/richeskarayib.com\/caribbean-airlines-cargo-digitalization-cargoone\/\" target=\"_blank\" rel=\"noreferrer noopener\">Caribbean Airlines<\/a> est\u00e1 a destacar um territ\u00f3rio pouco conhecido: Dominica. Situada entre Guadalupe e Martinica, esta ilha de l\u00edngua inglesa com cerca de 66.000 habitantes atrai visitantes com a sua autenticidade e compromisso com o meio ambiente. <\/p>\n\n<p>Apelidada de \u201cIlha da Natureza\u201d, Dominica \u00e9 famosa pelo seu <a href=\"https:\/\/richeskarayib.com\/the-valley-of-desolation-and-boiling-lake\/\" target=\"_blank\" rel=\"noreferrer noopener\">Boiling Lake<\/a>, in\u00fameros rios, cachoeiras espetaculares e o Parque Nacional Morne Trois Pitons, Patrim\u00f4nio Mundial da UNESCO desde 1997. As Cataratas de Trafalgar, as Cataratas de Middleham e a Piscina Esmeralda s\u00e3o pontos tur\u00edsticos imperd\u00edveis para os amantes de paisagens intocadas. <\/p>\n\n<p>Os visitantes podem caminhar pelos 185 quil\u00f4metros da Trilha Nacional Waitukubuli, que cruza a ilha de uma ponta \u00e0 outra, ou conhecer a comunidade Kalinago, guardi\u00e3 de uma cultura caribenha ancestral. Some-se a isso uma pol\u00edtica ambiental pioneira \u2013 Dominica proibiu os pl\u00e1sticos de uso \u00fanico a partir de 2019 \u2013 e a ilha surge como um modelo de turismo sustent\u00e1vel. <\/p>\n\n<figure class=\"wp-block-image\"><img decoding=\"async\" data-src=\"https:\/\/richeskarayib.com\/wp-content\/uploads\/2025\/08\/%C2%A9discoverdominica-3-1024x682.jpeg\" alt=\"Boiling Lake\" src=\"data:image\/svg+xml;base64,PHN2ZyB3aWR0aD0iMSIgaGVpZ2h0PSIxIiB4bWxucz0iaHR0cDovL3d3dy53My5vcmcvMjAwMC9zdmciPjwvc3ZnPg==\" class=\"lazyload\" style=\"--smush-placeholder-width: 1024px; --smush-placeholder-aspect-ratio: 1024\/682;\" \/><figcaption class=\"wp-element-caption\">\u00a9discoverdominica<\/figcaption><\/figure>\n\n<figure class=\"wp-block-image\"><img decoding=\"async\" data-src=\"https:\/\/richeskarayib.com\/wp-content\/uploads\/2025\/08\/%C2%A9DiscoverDominica-2-1024x683.jpg\" alt=\"Caribbean Airlines\" src=\"data:image\/svg+xml;base64,PHN2ZyB3aWR0aD0iMSIgaGVpZ2h0PSIxIiB4bWxucz0iaHR0cDovL3d3dy53My5vcmcvMjAwMC9zdmciPjwvc3ZnPg==\" class=\"lazyload\" style=\"--smush-placeholder-width: 1024px; --smush-placeholder-aspect-ratio: 1024\/683;\" \/><figcaption class=\"wp-element-caption\">\u00a9DiscoverDominica<\/figcaption><\/figure>\n\n<figure class=\"wp-block-image\"><img decoding=\"async\" data-src=\"https:\/\/richeskarayib.com\/wp-content\/uploads\/2025\/08\/%C2%A9DiscoverDominica-2-1-1024x683.jpg\" alt=\"Caribbean Airlines\" src=\"data:image\/svg+xml;base64,PHN2ZyB3aWR0aD0iMSIgaGVpZ2h0PSIxIiB4bWxucz0iaHR0cDovL3d3dy53My5vcmcvMjAwMC9zdmciPjwvc3ZnPg==\" class=\"lazyload\" style=\"--smush-placeholder-width: 1024px; --smush-placeholder-aspect-ratio: 1024\/683;\" \/><figcaption class=\"wp-element-caption\">\u00a9DiscoverDominica<\/figcaption><\/figure>\n\n<figure class=\"wp-block-image\"><img decoding=\"async\" data-src=\"https:\/\/richeskarayib.com\/wp-content\/uploads\/2025\/08\/%C2%A9discoverdominica-1-1-1024x682.jpeg\" alt=\"Boiling Lake\" src=\"data:image\/svg+xml;base64,PHN2ZyB3aWR0aD0iMSIgaGVpZ2h0PSIxIiB4bWxucz0iaHR0cDovL3d3dy53My5vcmcvMjAwMC9zdmciPjwvc3ZnPg==\" class=\"lazyload\" style=\"--smush-placeholder-width: 1024px; --smush-placeholder-aspect-ratio: 1024\/682;\" \/><figcaption class=\"wp-element-caption\">\u00a9discoverdominica<\/figcaption><\/figure>\n\n<h2 class=\"wp-block-heading\">Porto Rico, a porta de entrada ideal<\/h2>\n\n<p>Em frente a esta joia intocada, <a href=\"https:\/\/richeskarayib.com\/puerto-rico-san-juan-rotary-business-stopover-in-martinique\/\" target=\"_blank\" rel=\"noreferrer noopener\">Porto Rico<\/a> apresenta-se como um centro moderno e pr\u00e1tico. Para os viajantes americanos, n\u00e3o exige passaporte, tornando-se uma verdadeira porta de entrada para as Pequenas Antilhas. <\/p>\n\n<p>San Juan \u00e9 conhecida pelo seu centro hist\u00f3rico colorido, Patrim\u00f4nio Mundial da UNESCO, bem como pela sua atmosfera urbana e festiva. A ilha tamb\u00e9m oferece tesouros naturais, como a floresta tropical El Yunque e praias \u00fanicas, como Mosquito Bay, em Vieques, mundialmente famosa pela sua bioluminesc\u00eancia. <\/p>\n\n<p>Para Chekira Lockhart-Hypolite, Ministra do Turismo interina de Dominica, \u201ceste novo servi\u00e7o traz uma conveni\u00eancia incr\u00edvel, especialmente para os viajantes dos Estados Unidos. Com menos congestionamento do que os principais centros como Miami ou Nova York, os visitantes chegam a Dominica mais r\u00e1pido e com menos estresse.\u201d<\/p>\n\n<figure class=\"wp-block-image\"><img decoding=\"async\" data-src=\"https:\/\/richeskarayib.com\/wp-content\/uploads\/2025\/08\/%C2%A9Kristin-Northrop-Osborne-3.jpg\" alt=\"Caribbean Airlines\" src=\"data:image\/svg+xml;base64,PHN2ZyB3aWR0aD0iMSIgaGVpZ2h0PSIxIiB4bWxucz0iaHR0cDovL3d3dy53My5vcmcvMjAwMC9zdmciPjwvc3ZnPg==\" class=\"lazyload\" \/><figcaption class=\"wp-element-caption\">\u00a9Kristin Northrop Osborne<\/figcaption><\/figure>\n\n<figure class=\"wp-block-image\"><img decoding=\"async\" data-src=\"https:\/\/richeskarayib.com\/wp-content\/uploads\/2025\/08\/%C2%A9Kristin-Northrop-Osborne-5-1024x768.jpg\" alt=\"Caribbean Airlines\" src=\"data:image\/svg+xml;base64,PHN2ZyB3aWR0aD0iMSIgaGVpZ2h0PSIxIiB4bWxucz0iaHR0cDovL3d3dy53My5vcmcvMjAwMC9zdmciPjwvc3ZnPg==\" class=\"lazyload\" style=\"--smush-placeholder-width: 1024px; --smush-placeholder-aspect-ratio: 1024\/768;\" \/><figcaption class=\"wp-element-caption\">\u00a9Kristin Northrop Osborne<\/figcaption><\/figure>\n\n<figure class=\"wp-block-image\"><img decoding=\"async\" data-src=\"https:\/\/richeskarayib.com\/wp-content\/uploads\/2025\/08\/%C2%A9Kristin-Northrop-Osborne-4.jpg\" alt=\"Caribbean Airlines\" src=\"data:image\/svg+xml;base64,PHN2ZyB3aWR0aD0iMSIgaGVpZ2h0PSIxIiB4bWxucz0iaHR0cDovL3d3dy53My5vcmcvMjAwMC9zdmciPjwvc3ZnPg==\" class=\"lazyload\" \/><figcaption class=\"wp-element-caption\">\u00a9Kristin Northrop Osborne<\/figcaption><\/figure>\n\n<figure class=\"wp-block-image\"><img decoding=\"async\" data-src=\"https:\/\/richeskarayib.com\/wp-content\/uploads\/2025\/08\/%C2%A9Kristin-Northrop-Osborne-1.jpg\" alt=\"Caribbean Airlines\" src=\"data:image\/svg+xml;base64,PHN2ZyB3aWR0aD0iMSIgaGVpZ2h0PSIxIiB4bWxucz0iaHR0cDovL3d3dy53My5vcmcvMjAwMC9zdmciPjwvc3ZnPg==\" class=\"lazyload\" \/><figcaption class=\"wp-element-caption\">\u00a9Kristin Northrop Osborne<\/figcaption><\/figure>\n\n<figure class=\"wp-block-image\"><img decoding=\"async\" data-src=\"https:\/\/richeskarayib.com\/wp-content\/uploads\/2025\/08\/%C2%A9Kristin-Northrop-Osborne.jpg\" alt=\"Caribbean Airlines\" src=\"data:image\/svg+xml;base64,PHN2ZyB3aWR0aD0iMSIgaGVpZ2h0PSIxIiB4bWxucz0iaHR0cDovL3d3dy53My5vcmcvMjAwMC9zdmciPjwvc3ZnPg==\" class=\"lazyload\" \/><figcaption class=\"wp-element-caption\">\u00a9Kristin Northrop Osborne<\/figcaption><\/figure>\n\n<h2 class=\"wp-block-heading\">Benef\u00edcios econ\u00f4micos e tur\u00edsticos<\/h2>\n\n<p>Al\u00e9m de seus benef\u00edcios pr\u00e1ticos, este servi\u00e7o direto prestado pela Caribbean Airlines representa uma importante alavanca econ\u00f4mica. Incentiva o desenvolvimento do turismo multi-ilhas, combinando a modernidade de Porto Rico com a aventura ecol\u00f3gica de Dominica. <\/p>\n\n<p>Para Willianette Robles Cancel, Diretora Executiva da Companhia de Turismo de Porto Rico, \u201ca ind\u00fastria do turismo \u00e9 um pilar da economia caribenha. Estas alian\u00e7as que aumentam o acesso a\u00e9reo s\u00e3o essenciais para incentivar o crescimento e oferecer experi\u00eancias variadas.\u201d<\/p>\n\n<p>As autoridades dominicanas est\u00e3o prevendo um aumento significativo nas chegadas de turistas, principalmente dos Estados Unidos. Este aumento dever\u00e1 apoiar a economia local, preservando ao mesmo tempo o charme aut\u00eantico da ilha. <\/p>\n\n<figure class=\"wp-block-image\"><img decoding=\"async\" data-src=\"https:\/\/richeskarayib.com\/wp-content\/uploads\/2025\/08\/caribbeanairlines-1024x683.jpg\" alt=\"Caribbean Airlines\" src=\"data:image\/svg+xml;base64,PHN2ZyB3aWR0aD0iMSIgaGVpZ2h0PSIxIiB4bWxucz0iaHR0cDovL3d3dy53My5vcmcvMjAwMC9zdmciPjwvc3ZnPg==\" class=\"lazyload\" style=\"--smush-placeholder-width: 1024px; --smush-placeholder-aspect-ratio: 1024\/683;\" \/><\/figure>\n\n<p>Com esta nova rota, a <a href=\"https:\/\/www.caribbeannationalweekly.com\/travel\/caribbean-airlines-launches-non-stop-flights-between-dominica-and-puerto-rico\/\" target=\"_blank\" rel=\"noreferrer noopener\">Caribbean Airlines<\/a> n\u00e3o se contenta em simplesmente abrir uma rota a\u00e9rea. Oferece uma nova forma de viajar no Caribe, combinando efici\u00eancia, conforto e diversidade cultural. <\/p>\n\n<p>Dominica ganha em acessibilidade sem sacrificar a sua autenticidade, enquanto Porto Rico refor\u00e7a o seu papel como um centro estrat\u00e9gico. Para viajantes e agentes econ\u00f4micos, esta rota a\u00e9rea representa muito mais do que apenas uma viagem: \u00e9 uma liga\u00e7\u00e3o entre a natureza preservada e a modernidade, entre a autenticidade e a conectividade. <\/p>\n\n<p><\/p>\n","protected":false},"excerpt":{"rendered":"<p>15 de agosto de 2025 entrar\u00e1 para a hist\u00f3ria como um marco na conectividade regional. A Caribbean Airlines inaugurou seu novo servi\u00e7o direto entre Dominica e Porto Rico, criando uma ponte estrat\u00e9gica entre dois territ\u00f3rios complementares: um reconhecido como a \u201cilha da natureza\u201d do Caribe, o outro como um centro a\u00e9reo essencial para viajantes norte-americanos. [&hellip;]<\/p>\n","protected":false},"author":1,"featured_media":19513,"comment_status":"open","ping_status":"open","sticky":false,"template":"","format":"standard","meta":{"footnotes":""},"categories":[98,101],"tags":[],"class_list":["post-19685","post","type-post","status-publish","format-standard","has-post-thumbnail","hentry","category-aviacao","category-conectividade-aerea-e-atratividade-territorial"],"yoast_head":"<!-- This site is optimized with the Yoast SEO plugin v26.9 - https:\/\/yoast.com\/product\/yoast-seo-wordpress\/ -->\n<title>Caribbean Airlines inaugura uma nova era entre Dominica e Porto Rico - LATITUDE 15<\/title>\n<meta name=\"robots\" content=\"index, follow, max-snippet:-1, max-image-preview:large, max-video-preview:-1\" \/>\n<link rel=\"canonical\" href=\"https:\/\/www.latitude-15.com\/pt-br\/caribbean-airlines-inaugura-uma-nova-era-entre-dominica-e-porto-rico\/\" \/>\n<meta property=\"og:locale\" content=\"pt_BR\" \/>\n<meta property=\"og:type\" content=\"article\" \/>\n<meta property=\"og:title\" content=\"Caribbean Airlines inaugura uma nova era entre Dominica e Porto Rico - LATITUDE 15\" \/>\n<meta property=\"og:description\" content=\"15 de agosto de 2025 entrar\u00e1 para a hist\u00f3ria como um marco na conectividade regional. A Caribbean Airlines inaugurou seu novo servi\u00e7o direto entre Dominica e Porto Rico, criando uma ponte estrat\u00e9gica entre dois territ\u00f3rios complementares: um reconhecido como a \u201cilha da natureza\u201d do Caribe, o outro como um centro a\u00e9reo essencial para viajantes norte-americanos. [&hellip;]\" \/>\n<meta property=\"og:url\" content=\"https:\/\/www.latitude-15.com\/pt-br\/caribbean-airlines-inaugura-uma-nova-era-entre-dominica-e-porto-rico\/\" \/>\n<meta property=\"og:site_name\" content=\"LATITUDE 15\" \/>\n<meta property=\"article:published_time\" content=\"2025-08-25T05:18:00+00:00\" \/>\n<meta property=\"article:modified_time\" content=\"2026-02-04T04:51:29+00:00\" \/>\n<meta property=\"og:image\" content=\"https:\/\/www.latitude-15.com\/wp-content\/uploads\/2026\/01\/cover-pic.jpeg.webp\" \/>\n\t<meta property=\"og:image:width\" content=\"696\" \/>\n\t<meta property=\"og:image:height\" content=\"522\" \/>\n\t<meta property=\"og:image:type\" content=\"image\/webp\" \/>\n<meta name=\"author\" content=\"sabrinalat15\" \/>\n<meta name=\"twitter:card\" content=\"summary_large_image\" \/>\n<meta name=\"twitter:label1\" content=\"Escrito por\" \/>\n\t<meta name=\"twitter:data1\" content=\"sabrinalat15\" \/>\n\t<meta name=\"twitter:label2\" content=\"Est. tempo de leitura\" \/>\n\t<meta name=\"twitter:data2\" content=\"5 minutos\" \/>\n<script type=\"application\/ld+json\" class=\"yoast-schema-graph\">{\"@context\":\"https:\/\/schema.org\",\"@graph\":[{\"@type\":\"Article\",\"@id\":\"https:\/\/www.latitude-15.com\/pt-br\/caribbean-airlines-inaugura-uma-nova-era-entre-dominica-e-porto-rico\/#article\",\"isPartOf\":{\"@id\":\"https:\/\/www.latitude-15.com\/pt-br\/caribbean-airlines-inaugura-uma-nova-era-entre-dominica-e-porto-rico\/\"},\"author\":{\"name\":\"sabrinalat15\",\"@id\":\"https:\/\/www.latitude-15.com\/pt-br\/#\/schema\/person\/2a70943507771992ce3316849aa93bdd\"},\"headline\":\"Caribbean Airlines inaugura uma nova era entre Dominica e Porto Rico\",\"datePublished\":\"2025-08-25T05:18:00+00:00\",\"dateModified\":\"2026-02-04T04:51:29+00:00\",\"mainEntityOfPage\":{\"@id\":\"https:\/\/www.latitude-15.com\/pt-br\/caribbean-airlines-inaugura-uma-nova-era-entre-dominica-e-porto-rico\/\"},\"wordCount\":969,\"commentCount\":0,\"publisher\":{\"@id\":\"https:\/\/www.latitude-15.com\/pt-br\/#organization\"},\"image\":{\"@id\":\"https:\/\/www.latitude-15.com\/pt-br\/caribbean-airlines-inaugura-uma-nova-era-entre-dominica-e-porto-rico\/#primaryimage\"},\"thumbnailUrl\":\"https:\/\/www.latitude-15.com\/wp-content\/uploads\/2026\/01\/cover-pic.jpeg.webp\",\"articleSection\":[\"AVIA\u00c7\u00c3O\",\"Conectividade a\u00e9rea e Atratividade territorial\"],\"inLanguage\":\"pt-BR\",\"potentialAction\":[{\"@type\":\"CommentAction\",\"name\":\"Comment\",\"target\":[\"https:\/\/www.latitude-15.com\/pt-br\/caribbean-airlines-inaugura-uma-nova-era-entre-dominica-e-porto-rico\/#respond\"]}]},{\"@type\":\"WebPage\",\"@id\":\"https:\/\/www.latitude-15.com\/pt-br\/caribbean-airlines-inaugura-uma-nova-era-entre-dominica-e-porto-rico\/\",\"url\":\"https:\/\/www.latitude-15.com\/pt-br\/caribbean-airlines-inaugura-uma-nova-era-entre-dominica-e-porto-rico\/\",\"name\":\"Caribbean Airlines inaugura uma nova era entre Dominica e Porto Rico - LATITUDE 15\",\"isPartOf\":{\"@id\":\"https:\/\/www.latitude-15.com\/pt-br\/#website\"},\"primaryImageOfPage\":{\"@id\":\"https:\/\/www.latitude-15.com\/pt-br\/caribbean-airlines-inaugura-uma-nova-era-entre-dominica-e-porto-rico\/#primaryimage\"},\"image\":{\"@id\":\"https:\/\/www.latitude-15.com\/pt-br\/caribbean-airlines-inaugura-uma-nova-era-entre-dominica-e-porto-rico\/#primaryimage\"},\"thumbnailUrl\":\"https:\/\/www.latitude-15.com\/wp-content\/uploads\/2026\/01\/cover-pic.jpeg.webp\",\"datePublished\":\"2025-08-25T05:18:00+00:00\",\"dateModified\":\"2026-02-04T04:51:29+00:00\",\"breadcrumb\":{\"@id\":\"https:\/\/www.latitude-15.com\/pt-br\/caribbean-airlines-inaugura-uma-nova-era-entre-dominica-e-porto-rico\/#breadcrumb\"},\"inLanguage\":\"pt-BR\",\"potentialAction\":[{\"@type\":\"ReadAction\",\"target\":[\"https:\/\/www.latitude-15.com\/pt-br\/caribbean-airlines-inaugura-uma-nova-era-entre-dominica-e-porto-rico\/\"]}]},{\"@type\":\"ImageObject\",\"inLanguage\":\"pt-BR\",\"@id\":\"https:\/\/www.latitude-15.com\/pt-br\/caribbean-airlines-inaugura-uma-nova-era-entre-dominica-e-porto-rico\/#primaryimage\",\"url\":\"https:\/\/www.latitude-15.com\/wp-content\/uploads\/2026\/01\/cover-pic.jpeg.webp\",\"contentUrl\":\"https:\/\/www.latitude-15.com\/wp-content\/uploads\/2026\/01\/cover-pic.jpeg.webp\",\"width\":696,\"height\":522},{\"@type\":\"BreadcrumbList\",\"@id\":\"https:\/\/www.latitude-15.com\/pt-br\/caribbean-airlines-inaugura-uma-nova-era-entre-dominica-e-porto-rico\/#breadcrumb\",\"itemListElement\":[{\"@type\":\"ListItem\",\"position\":1,\"name\":\"Home\",\"item\":\"https:\/\/www.latitude-15.com\/pt-br\/inicio\/\"},{\"@type\":\"ListItem\",\"position\":2,\"name\":\"Caribbean Airlines inaugura uma nova era entre Dominica e Porto Rico\"}]},{\"@type\":\"WebSite\",\"@id\":\"https:\/\/www.latitude-15.com\/pt-br\/#website\",\"url\":\"https:\/\/www.latitude-15.com\/pt-br\/\",\"name\":\"LATITUDE 15\",\"description\":\"Aviation and maritime Magazine - Caribbean &amp; Latin America\",\"publisher\":{\"@id\":\"https:\/\/www.latitude-15.com\/pt-br\/#organization\"},\"potentialAction\":[{\"@type\":\"SearchAction\",\"target\":{\"@type\":\"EntryPoint\",\"urlTemplate\":\"https:\/\/www.latitude-15.com\/pt-br\/?s={search_term_string}\"},\"query-input\":{\"@type\":\"PropertyValueSpecification\",\"valueRequired\":true,\"valueName\":\"search_term_string\"}}],\"inLanguage\":\"pt-BR\"},{\"@type\":\"Organization\",\"@id\":\"https:\/\/www.latitude-15.com\/pt-br\/#organization\",\"name\":\"LATITUDE 15\",\"url\":\"https:\/\/www.latitude-15.com\/pt-br\/\",\"logo\":{\"@type\":\"ImageObject\",\"inLanguage\":\"pt-BR\",\"@id\":\"https:\/\/www.latitude-15.com\/pt-br\/#\/schema\/logo\/image\/\",\"url\":\"https:\/\/www.latitude-15.com\/wp-content\/uploads\/2026\/01\/cropped-logox500px.png\",\"contentUrl\":\"https:\/\/www.latitude-15.com\/wp-content\/uploads\/2026\/01\/cropped-logox500px.png\",\"width\":62,\"height\":75,\"caption\":\"LATITUDE 15\"},\"image\":{\"@id\":\"https:\/\/www.latitude-15.com\/pt-br\/#\/schema\/logo\/image\/\"}},{\"@type\":\"Person\",\"@id\":\"https:\/\/www.latitude-15.com\/pt-br\/#\/schema\/person\/2a70943507771992ce3316849aa93bdd\",\"name\":\"sabrinalat15\",\"image\":{\"@type\":\"ImageObject\",\"inLanguage\":\"pt-BR\",\"@id\":\"https:\/\/www.latitude-15.com\/pt-br\/#\/schema\/person\/image\/\",\"url\":\"https:\/\/secure.gravatar.com\/avatar\/91f5e11872ca6128d75f7bbde22cc384ad142a113b81c554ed87d6d9762f8813?s=96&d=mm&r=g\",\"contentUrl\":\"https:\/\/secure.gravatar.com\/avatar\/91f5e11872ca6128d75f7bbde22cc384ad142a113b81c554ed87d6d9762f8813?s=96&d=mm&r=g\",\"caption\":\"sabrinalat15\"},\"sameAs\":[\"https:\/\/www.latitude-15.com\"],\"url\":\"https:\/\/www.latitude-15.com\/pt-br\/author\/sabrinalat15\/\"}]}<\/script>\n<!-- \/ Yoast SEO plugin. -->","yoast_head_json":{"title":"Caribbean Airlines inaugura uma nova era entre Dominica e Porto Rico - LATITUDE 15","robots":{"index":"index","follow":"follow","max-snippet":"max-snippet:-1","max-image-preview":"max-image-preview:large","max-video-preview":"max-video-preview:-1"},"canonical":"https:\/\/www.latitude-15.com\/pt-br\/caribbean-airlines-inaugura-uma-nova-era-entre-dominica-e-porto-rico\/","og_locale":"pt_BR","og_type":"article","og_title":"Caribbean Airlines inaugura uma nova era entre Dominica e Porto Rico - LATITUDE 15","og_description":"15 de agosto de 2025 entrar\u00e1 para a hist\u00f3ria como um marco na conectividade regional. A Caribbean Airlines inaugurou seu novo servi\u00e7o direto entre Dominica e Porto Rico, criando uma ponte estrat\u00e9gica entre dois territ\u00f3rios complementares: um reconhecido como a \u201cilha da natureza\u201d do Caribe, o outro como um centro a\u00e9reo essencial para viajantes norte-americanos. [&hellip;]","og_url":"https:\/\/www.latitude-15.com\/pt-br\/caribbean-airlines-inaugura-uma-nova-era-entre-dominica-e-porto-rico\/","og_site_name":"LATITUDE 15","article_published_time":"2025-08-25T05:18:00+00:00","article_modified_time":"2026-02-04T04:51:29+00:00","og_image":[{"width":696,"height":522,"url":"https:\/\/www.latitude-15.com\/wp-content\/uploads\/2026\/01\/cover-pic.jpeg.webp","type":"image\/webp"}],"author":"sabrinalat15","twitter_card":"summary_large_image","twitter_misc":{"Escrito por":"sabrinalat15","Est. tempo de leitura":"5 minutos"},"schema":{"@context":"https:\/\/schema.org","@graph":[{"@type":"Article","@id":"https:\/\/www.latitude-15.com\/pt-br\/caribbean-airlines-inaugura-uma-nova-era-entre-dominica-e-porto-rico\/#article","isPartOf":{"@id":"https:\/\/www.latitude-15.com\/pt-br\/caribbean-airlines-inaugura-uma-nova-era-entre-dominica-e-porto-rico\/"},"author":{"name":"sabrinalat15","@id":"https:\/\/www.latitude-15.com\/pt-br\/#\/schema\/person\/2a70943507771992ce3316849aa93bdd"},"headline":"Caribbean Airlines inaugura uma nova era entre Dominica e Porto Rico","datePublished":"2025-08-25T05:18:00+00:00","dateModified":"2026-02-04T04:51:29+00:00","mainEntityOfPage":{"@id":"https:\/\/www.latitude-15.com\/pt-br\/caribbean-airlines-inaugura-uma-nova-era-entre-dominica-e-porto-rico\/"},"wordCount":969,"commentCount":0,"publisher":{"@id":"https:\/\/www.latitude-15.com\/pt-br\/#organization"},"image":{"@id":"https:\/\/www.latitude-15.com\/pt-br\/caribbean-airlines-inaugura-uma-nova-era-entre-dominica-e-porto-rico\/#primaryimage"},"thumbnailUrl":"https:\/\/www.latitude-15.com\/wp-content\/uploads\/2026\/01\/cover-pic.jpeg.webp","articleSection":["AVIA\u00c7\u00c3O","Conectividade a\u00e9rea e Atratividade territorial"],"inLanguage":"pt-BR","potentialAction":[{"@type":"CommentAction","name":"Comment","target":["https:\/\/www.latitude-15.com\/pt-br\/caribbean-airlines-inaugura-uma-nova-era-entre-dominica-e-porto-rico\/#respond"]}]},{"@type":"WebPage","@id":"https:\/\/www.latitude-15.com\/pt-br\/caribbean-airlines-inaugura-uma-nova-era-entre-dominica-e-porto-rico\/","url":"https:\/\/www.latitude-15.com\/pt-br\/caribbean-airlines-inaugura-uma-nova-era-entre-dominica-e-porto-rico\/","name":"Caribbean Airlines inaugura uma nova era entre Dominica e Porto Rico - LATITUDE 15","isPartOf":{"@id":"https:\/\/www.latitude-15.com\/pt-br\/#website"},"primaryImageOfPage":{"@id":"https:\/\/www.latitude-15.com\/pt-br\/caribbean-airlines-inaugura-uma-nova-era-entre-dominica-e-porto-rico\/#primaryimage"},"image":{"@id":"https:\/\/www.latitude-15.com\/pt-br\/caribbean-airlines-inaugura-uma-nova-era-entre-dominica-e-porto-rico\/#primaryimage"},"thumbnailUrl":"https:\/\/www.latitude-15.com\/wp-content\/uploads\/2026\/01\/cover-pic.jpeg.webp","datePublished":"2025-08-25T05:18:00+00:00","dateModified":"2026-02-04T04:51:29+00:00","breadcrumb":{"@id":"https:\/\/www.latitude-15.com\/pt-br\/caribbean-airlines-inaugura-uma-nova-era-entre-dominica-e-porto-rico\/#breadcrumb"},"inLanguage":"pt-BR","potentialAction":[{"@type":"ReadAction","target":["https:\/\/www.latitude-15.com\/pt-br\/caribbean-airlines-inaugura-uma-nova-era-entre-dominica-e-porto-rico\/"]}]},{"@type":"ImageObject","inLanguage":"pt-BR","@id":"https:\/\/www.latitude-15.com\/pt-br\/caribbean-airlines-inaugura-uma-nova-era-entre-dominica-e-porto-rico\/#primaryimage","url":"https:\/\/www.latitude-15.com\/wp-content\/uploads\/2026\/01\/cover-pic.jpeg.webp","contentUrl":"https:\/\/www.latitude-15.com\/wp-content\/uploads\/2026\/01\/cover-pic.jpeg.webp","width":696,"height":522},{"@type":"BreadcrumbList","@id":"https:\/\/www.latitude-15.com\/pt-br\/caribbean-airlines-inaugura-uma-nova-era-entre-dominica-e-porto-rico\/#breadcrumb","itemListElement":[{"@type":"ListItem","position":1,"name":"Home","item":"https:\/\/www.latitude-15.com\/pt-br\/inicio\/"},{"@type":"ListItem","position":2,"name":"Caribbean Airlines inaugura uma nova era entre Dominica e Porto Rico"}]},{"@type":"WebSite","@id":"https:\/\/www.latitude-15.com\/pt-br\/#website","url":"https:\/\/www.latitude-15.com\/pt-br\/","name":"LATITUDE 15","description":"Aviation and maritime Magazine - Caribbean &amp; Latin America","publisher":{"@id":"https:\/\/www.latitude-15.com\/pt-br\/#organization"},"potentialAction":[{"@type":"SearchAction","target":{"@type":"EntryPoint","urlTemplate":"https:\/\/www.latitude-15.com\/pt-br\/?s={search_term_string}"},"query-input":{"@type":"PropertyValueSpecification","valueRequired":true,"valueName":"search_term_string"}}],"inLanguage":"pt-BR"},{"@type":"Organization","@id":"https:\/\/www.latitude-15.com\/pt-br\/#organization","name":"LATITUDE 15","url":"https:\/\/www.latitude-15.com\/pt-br\/","logo":{"@type":"ImageObject","inLanguage":"pt-BR","@id":"https:\/\/www.latitude-15.com\/pt-br\/#\/schema\/logo\/image\/","url":"https:\/\/www.latitude-15.com\/wp-content\/uploads\/2026\/01\/cropped-logox500px.png","contentUrl":"https:\/\/www.latitude-15.com\/wp-content\/uploads\/2026\/01\/cropped-logox500px.png","width":62,"height":75,"caption":"LATITUDE 15"},"image":{"@id":"https:\/\/www.latitude-15.com\/pt-br\/#\/schema\/logo\/image\/"}},{"@type":"Person","@id":"https:\/\/www.latitude-15.com\/pt-br\/#\/schema\/person\/2a70943507771992ce3316849aa93bdd","name":"sabrinalat15","image":{"@type":"ImageObject","inLanguage":"pt-BR","@id":"https:\/\/www.latitude-15.com\/pt-br\/#\/schema\/person\/image\/","url":"https:\/\/secure.gravatar.com\/avatar\/91f5e11872ca6128d75f7bbde22cc384ad142a113b81c554ed87d6d9762f8813?s=96&d=mm&r=g","contentUrl":"https:\/\/secure.gravatar.com\/avatar\/91f5e11872ca6128d75f7bbde22cc384ad142a113b81c554ed87d6d9762f8813?s=96&d=mm&r=g","caption":"sabrinalat15"},"sameAs":["https:\/\/www.latitude-15.com"],"url":"https:\/\/www.latitude-15.com\/pt-br\/author\/sabrinalat15\/"}]}},"_links":{"self":[{"href":"https:\/\/www.latitude-15.com\/pt-br\/wp-json\/wp\/v2\/posts\/19685","targetHints":{"allow":["GET"]}}],"collection":[{"href":"https:\/\/www.latitude-15.com\/pt-br\/wp-json\/wp\/v2\/posts"}],"about":[{"href":"https:\/\/www.latitude-15.com\/pt-br\/wp-json\/wp\/v2\/types\/post"}],"author":[{"embeddable":true,"href":"https:\/\/www.latitude-15.com\/pt-br\/wp-json\/wp\/v2\/users\/1"}],"replies":[{"embeddable":true,"href":"https:\/\/www.latitude-15.com\/pt-br\/wp-json\/wp\/v2\/comments?post=19685"}],"version-history":[{"count":2,"href":"https:\/\/www.latitude-15.com\/pt-br\/wp-json\/wp\/v2\/posts\/19685\/revisions"}],"predecessor-version":[{"id":19687,"href":"https:\/\/www.latitude-15.com\/pt-br\/wp-json\/wp\/v2\/posts\/19685\/revisions\/19687"}],"wp:featuredmedia":[{"embeddable":true,"href":"https:\/\/www.latitude-15.com\/pt-br\/wp-json\/wp\/v2\/media\/19513"}],"wp:attachment":[{"href":"https:\/\/www.latitude-15.com\/pt-br\/wp-json\/wp\/v2\/media?parent=19685"}],"wp:term":[{"taxonomy":"category","embeddable":true,"href":"https:\/\/www.latitude-15.com\/pt-br\/wp-json\/wp\/v2\/categories?post=19685"},{"taxonomy":"post_tag","embeddable":true,"href":"https:\/\/www.latitude-15.com\/pt-br\/wp-json\/wp\/v2\/tags?post=19685"}],"curies":[{"name":"wp","href":"https:\/\/api.w.org\/{rel}","templated":true}]}}