{"id":19664,"date":"2025-09-22T00:48:22","date_gmt":"2025-09-22T04:48:22","guid":{"rendered":"https:\/\/www.latitude-15.com\/2025\/09\/22\/conferencia-aerea-2025-guiana-francesa-sedia-a-segunda-edicao-nos-dias-23-e-24-de-outubro\/"},"modified":"2026-02-04T00:41:21","modified_gmt":"2026-02-04T04:41:21","slug":"conferencia-aerea-2025-guiana-francesa-sedia-a-segunda-edicao-nos-dias-23-e-24-de-outubro","status":"publish","type":"post","link":"https:\/\/www.latitude-15.com\/pt-br\/conferencia-aerea-2025-guiana-francesa-sedia-a-segunda-edicao-nos-dias-23-e-24-de-outubro\/","title":{"rendered":"Confer\u00eancia A\u00e9rea 2025: Guiana Francesa sedia a segunda edi\u00e7\u00e3o nos dias 23 e 24 de outubro"},"content":{"rendered":"\n<p><a href=\"https:\/\/www.ctguyane.fr\/renforcer-la-connectivite-aerienne-pour-le-developpement-regional\/\" target=\"_blank\" rel=\"noreferrer noopener\">A Confer\u00eancia A\u00e9rea 2025<\/a> ser\u00e1 realizada em Caiena, <a href=\"https:\/\/richeskarayib.com\/felix-eboue-made-history-on-august-26-1940\/\" target=\"_blank\" rel=\"noreferrer noopener\">Guiana Francesa<\/a>, nos dias 23 e 24 de outubro. Este evento confirma o compromisso assumido durante a primeira edi\u00e7\u00e3o em 2024 na Martinica: dar \u00e0 Guiana Francesa a responsabilidade de sediar a sequ\u00eancia.<br \/>Esta segunda edi\u00e7\u00e3o ocorre em um contexto marcado pela necessidade de fortalecer a conectividade regional, acelerar a transi\u00e7\u00e3o ecol\u00f3gica e preparar-se para o futuro do espa\u00e7o. A Confer\u00eancia A\u00e9rea 2025 promete ser um evento estrat\u00e9gico para toda a regi\u00e3o das Antilhas-Guiana.  <\/p>\n\n<h2 class=\"wp-block-heading\">Seis workshops preparat\u00f3rios para lan\u00e7ar as bases para a confer\u00eancia<\/h2>\n\n<p>Em setembro, seis workshops preparat\u00f3rios reuniram aeroportos, companhias a\u00e9reas, autoridades de avia\u00e7\u00e3o, autoridades locais, especialistas espaciais e atores econ\u00f4micos. Essas sess\u00f5es de trabalho nos permitiram elaborar um diagn\u00f3stico e delinear as principais linhas que estruturar\u00e3o a Confer\u00eancia A\u00e9rea 2025. <\/p>\n\n<h3 class=\"wp-block-heading\"><strong>1. Conectividade multiescala e empresas emergentes<\/strong><\/h3>\n\n<p>A chegada de novas operadoras, como a Caribbean Airlines, o crescimento da St-Barth Executive e a abertura de rotas espec\u00edficas (para Cap-Ha\u00eftien, pela Sunrise) foram alguns dos destaques das discuss\u00f5es. No entanto, os participantes enfatizaram o peso do arcabou\u00e7o regulat\u00f3rio europeu, que \u00e9 mais rigoroso do que o de outros pa\u00edses caribenhos, e lembraram que as companhias a\u00e9reas agora exigem o compartilhamento de riscos com os territ\u00f3rios. <\/p>\n\n<h3 class=\"wp-block-heading\"><strong>2. Governan\u00e7a e desempenho aeroportu\u00e1rios<\/strong><\/h3>\n\n<p>Uma vis\u00e3o geral comparativa destacou a diversidade de modelos de gest\u00e3o: concess\u00f5es na Martinica, Guadalupe e Guiana Francesa, gest\u00e3o de autoridades locais em Saint-Barth\u00e9lemy e Saint-Martin, e um modelo de empresa estatal em Barbados com um projeto de PPP. As discuss\u00f5es convergiram na necessidade de criar um \u00f3rg\u00e3o regional que fosse mais t\u00e9cnico do que pol\u00edtico, a fim de fortalecer a coopera\u00e7\u00e3o entre as plataformas. <\/p>\n\n<h3 class=\"wp-block-heading\"><strong>3. Habilidades e sinergias aeroespaciais<\/strong><\/h3>\n\n<p>Os preparativos para a Confer\u00eancia de Transporte A\u00e9reo das Antilhas-Guiana tamb\u00e9m destacaram a necessidade urgente de estruturar um quadro de refer\u00eancia comum para as profiss\u00f5es aeroespaciais. Manuten\u00e7\u00e3o, pilotagem remota de drones, engenharia espacial: as necessidades s\u00e3o numerosas e estrat\u00e9gicas. A cria\u00e7\u00e3o de um cluster aeroespacial caribenho foi escolhida como uma ferramenta priorit\u00e1ria para federar reitorias, universidades, CNES e ENAC.  <\/p>\n\n<h3 class=\"wp-block-heading\"><strong>4. Transi\u00e7\u00e3o ecol\u00f3gica e viagens a\u00e9reas sustent\u00e1veis<\/strong><\/h3>\n\n<p>A perspectiva da COP30 no Brasil deu o tom para as discuss\u00f5es, com a redu\u00e7\u00e3o das pegadas de carbono ocupando o centro do palco. A Air France-KLM detalhou sua estrat\u00e9gia (moderniza\u00e7\u00e3o da frota, 10% de combust\u00edveis sustent\u00e1veis at\u00e9 2030), enquanto a SARA apresentou seus planos para a produ\u00e7\u00e3o local de biocombust\u00edveis. Os aeroportos da regi\u00e3o enfatizaram sua resili\u00eancia clim\u00e1tica e iniciativas de energia renov\u00e1vel.<br \/>A cria\u00e7\u00e3o de uma plataforma de compra em grupo de SAF e o lobby conjunto da Uni\u00e3o Europeia para adaptar o sistema ETS foram identificados como prioridades.  <\/p>\n\n<h3 class=\"wp-block-heading\"><strong>5. Frete, log\u00edstica e integra\u00e7\u00e3o regional<\/strong><\/h3>\n\n<p>As conclus\u00f5es s\u00e3o claras: o frete est\u00e1 estruturalmente atrasado, particularmente em Caiena. O projeto EFTI4All foi destacado como uma alavanca para digitalizar e simplificar os procedimentos alfandeg\u00e1rios. Os participantes enfatizaram a import\u00e2ncia de apoiar as PMEs para evitar uma exclus\u00e3o digital e de explorar o potencial das zonas de livre com\u00e9rcio para impulsionar as exporta\u00e7\u00f5es.  <\/p>\n\n<h3 class=\"wp-block-heading\"><strong>6. Financiamento e inova\u00e7\u00e3o<\/strong><\/h3>\n\n<p>O workshop destacou as dificuldades de financiar projetos estrat\u00e9gicos, como a Flying Whales na Guiana Francesa, e prop\u00f4s a cria\u00e7\u00e3o de um fundo de investimento regional. Institui\u00e7\u00f5es financeiras (AFD, BPI, SEM patrimoniale, bancos caribenhos) foram identificadas como parceiros essenciais. Todos os participantes concordaram com a prioridade de formalizar o cluster a\u00e9reo e espacial na Confer\u00eancia A\u00e9rea 2025.  <\/p>\n\n<figure class=\"wp-block-image\"><img decoding=\"async\" data-src=\"https:\/\/richeskarayib.com\/wp-content\/uploads\/2025\/09\/DeWatermark.ai_1758554412164.jpeg\" alt=\"Confer&#xEA;ncia A&#xE9;rea\" src=\"data:image\/svg+xml;base64,PHN2ZyB3aWR0aD0iMSIgaGVpZ2h0PSIxIiB4bWxucz0iaHR0cDovL3d3dy53My5vcmcvMjAwMC9zdmciPjwvc3ZnPg==\" class=\"lazyload\" \/><\/figure>\n\n<h2 class=\"wp-block-heading\">O programa oficial para 23 e 24 de outubro de 2025<\/h2>\n\n<p>As mesas redondas e sess\u00f5es plen\u00e1rias anunciadas fornecer\u00e3o uma estrutura concreta para as prioridades que emergem dos workshops preparat\u00f3rios. O formato de dois dias permitir\u00e1 que a Confer\u00eancia A\u00e9rea 2025 passe da reflex\u00e3o estrat\u00e9gica para os compromissos operacionais. <\/p>\n\n<h3 class=\"wp-block-heading\"><strong>Dia 1 \u2013 Quinta-feira, 23 de outubro de 2025, Caiena<\/strong><\/h3>\n\n<ul class=\"wp-block-list\">\n<li><strong>\ud83d\udd50 12h30 \u2013 14h00<\/strong>: Almo\u00e7o inaugural.<\/li>\n\n\n\n<li><strong>\ud83d\udd50 14h00 \u2013 16h00<\/strong>: Plen\u00e1ria de abertura \u2013 Conectando a bacia: das liga\u00e7\u00f5es interilhas aos portais internacionais \u2013 rumo a um espa\u00e7o a\u00e9reo integrado Antilhas-Guiana \u2013 Planalto das Guianas.<\/li>\n\n\n\n<li><strong>\ud83d\udd50 16h00 \u2013 18h00:<\/strong> Mesa Redonda 1 \u2013 Do ar ao espa\u00e7o: forjando habilidades e inova\u00e7\u00f5es para um futuro sustent\u00e1vel e compartilhado.<\/li>\n\n\n\n<li><strong>\ud83d\udd50 19h00<\/strong>: Coquetel de boas-vindas.<\/li>\n<\/ul>\n\n<h3 class=\"wp-block-heading\"><strong>Dia 2 \u2013 Sexta-feira, 24 de outubro de 2025<\/strong><\/h3>\n\n<ul class=\"wp-block-list\">\n<li><strong>\ud83d\udd50 09h00 \u2013 09h45<\/strong>: Plen\u00e1ria de abertura.<\/li>\n\n\n\n<li><strong>\ud83d\udd50 10h00 \u2013 12h00:<\/strong> Mesa Redonda 2 \u2013 Hubs aeroportu\u00e1rios: motores de competitividade e coopera\u00e7\u00e3o regional.<\/li>\n\n\n\n<li><strong>\ud83d\udd50 12h00 \u2013 13h30:<\/strong> Almo\u00e7o.<\/li>\n\n\n\n<li><strong>\ud83d\udd50 13h30 \u2013 15h00<\/strong>: Mesa Redonda 3 \u2013 Frete e log\u00edstica: construindo as cadeias de valor de amanh\u00e3 no Escudo Guian\u00eas e no Grande Caribe.<\/li>\n\n\n\n<li><strong>\ud83d\udd50 15h30 \u2013 17h30<\/strong>: Mesa Redonda 4 \u2013 Investindo em viagens a\u00e9reas: financiamento e parcerias para um crescimento sustentado.<\/li>\n\n\n\n<li>\ud83d\udd50 <strong>17h30 \u2013 18h00<\/strong>: Plen\u00e1ria de encerramento.<\/li>\n<\/ul>\n\n<figure class=\"wp-block-image\"><img decoding=\"async\" data-src=\"https:\/\/richeskarayib.com\/wp-content\/uploads\/2025\/09\/CTG-Invitat_CONF_AERIEN_BASSIN-AG_23-24-OCT-2025_page-0001-1024x1024.jpg\" alt=\"Confer&#xEA;ncia A&#xE9;rea\" src=\"data:image\/svg+xml;base64,PHN2ZyB3aWR0aD0iMSIgaGVpZ2h0PSIxIiB4bWxucz0iaHR0cDovL3d3dy53My5vcmcvMjAwMC9zdmciPjwvc3ZnPg==\" class=\"lazyload\" style=\"--smush-placeholder-width: 1024px; --smush-placeholder-aspect-ratio: 1024\/1024;\" \/><\/figure>\n\n<figure class=\"wp-block-image\"><img decoding=\"async\" data-src=\"https:\/\/richeskarayib.com\/wp-content\/uploads\/2025\/09\/CTG-Invitat_CONF_AERIEN_BASSIN-AG_23-24-OCT-2025_page-0002-1024x1024.jpg\" alt=\"Confer&#xEA;ncia A&#xE9;rea\" src=\"data:image\/svg+xml;base64,PHN2ZyB3aWR0aD0iMSIgaGVpZ2h0PSIxIiB4bWxucz0iaHR0cDovL3d3dy53My5vcmcvMjAwMC9zdmciPjwvc3ZnPg==\" class=\"lazyload\" style=\"--smush-placeholder-width: 1024px; --smush-placeholder-aspect-ratio: 1024\/1024;\" \/><\/figure>\n\n<h2 class=\"wp-block-heading\">Desafios estrat\u00e9gicos para a regi\u00e3o<\/h2>\n\n<p>A <a href=\"https:\/\/www.karibinfo.com\/news\/bassin-antilles-guyane-conference-de-laerien-augmenter-la-connectivite\/\" target=\"_blank\" rel=\"noreferrer noopener\">Confer\u00eancia A\u00e9rea<\/a> 2025 tem como objetivo fornecer respostas claras para v\u00e1rios desafios importantes. A Confer\u00eancia A\u00e9rea 2025 tem como objetivo garantir a continuidade das liga\u00e7\u00f5es interilhas, fortalecer o treinamento, acelerar a transi\u00e7\u00e3o ecol\u00f3gica e modernizar o frete. Tamb\u00e9m lan\u00e7ar\u00e1 as bases para um fundo regional, formalizando parcerias p\u00fablico-privadas.  <\/p>\n\n<figure class=\"wp-block-image\"><img decoding=\"async\" data-src=\"https:\/\/richeskarayib.com\/wp-content\/uploads\/2025\/09\/wmremove-transformed-2-2.jpeg\" alt=\"Confer&#xEA;ncia A&#xE9;rea\" src=\"data:image\/svg+xml;base64,PHN2ZyB3aWR0aD0iMSIgaGVpZ2h0PSIxIiB4bWxucz0iaHR0cDovL3d3dy53My5vcmcvMjAwMC9zdmciPjwvc3ZnPg==\" class=\"lazyload\" \/><\/figure>\n\n<h2 class=\"wp-block-heading\">Uma dimens\u00e3o pol\u00edtica assertiva<\/h2>\n\n<p>A Confer\u00eancia A\u00e9rea 2025 vai al\u00e9m da estrutura t\u00e9cnica: simboliza uma forte vontade pol\u00edtica. Depois da Martinica em 2024, a Guiana Francesa est\u00e1 cumprindo sua promessa de organizar esta segunda edi\u00e7\u00e3o e afirmando sua posi\u00e7\u00e3o estrat\u00e9gica na coopera\u00e7\u00e3o caribenha. <\/p>\n\n<p>Em 23 e 24 de outubro, Caiena se tornar\u00e1 o ponto focal para as ambi\u00e7\u00f5es de avia\u00e7\u00e3o e espa\u00e7o da regi\u00e3o. A Confer\u00eancia A\u00e9rea 2025 marcar\u00e1 uma nova etapa na coopera\u00e7\u00e3o regional. <\/p>\n","protected":false},"excerpt":{"rendered":"<p>A Confer\u00eancia A\u00e9rea 2025 ser\u00e1 realizada em Caiena, Guiana Francesa, nos dias 23 e 24 de outubro. Este evento confirma o compromisso assumido durante a primeira edi\u00e7\u00e3o em 2024 na Martinica: dar \u00e0 Guiana Francesa a responsabilidade de sediar a sequ\u00eancia.Esta segunda edi\u00e7\u00e3o ocorre em um contexto marcado pela necessidade de fortalecer a conectividade regional, [&hellip;]<\/p>\n","protected":false},"author":1,"featured_media":0,"comment_status":"open","ping_status":"open","sticky":false,"template":"","format":"standard","meta":{"footnotes":""},"categories":[110,113],"tags":[],"class_list":["post-19664","post","type-post","status-publish","format-standard","hentry","category-experiencia-do-passageiro-e-servicos","category-sustentabilidade-e-transicao-energetica"],"yoast_head":"<!-- This site is optimized with the Yoast SEO plugin v26.9 - https:\/\/yoast.com\/product\/yoast-seo-wordpress\/ -->\n<title>Confer\u00eancia A\u00e9rea 2025: Guiana Francesa sedia a segunda edi\u00e7\u00e3o nos dias 23 e 24 de outubro - LATITUDE 15<\/title>\n<meta name=\"robots\" content=\"index, follow, max-snippet:-1, max-image-preview:large, max-video-preview:-1\" \/>\n<link rel=\"canonical\" href=\"https:\/\/www.latitude-15.com\/pt-br\/conferencia-aerea-2025-guiana-francesa-sedia-a-segunda-edicao-nos-dias-23-e-24-de-outubro\/\" \/>\n<meta property=\"og:locale\" content=\"pt_BR\" \/>\n<meta property=\"og:type\" content=\"article\" \/>\n<meta property=\"og:title\" content=\"Confer\u00eancia A\u00e9rea 2025: Guiana Francesa sedia a segunda edi\u00e7\u00e3o nos dias 23 e 24 de outubro - LATITUDE 15\" \/>\n<meta property=\"og:description\" content=\"A Confer\u00eancia A\u00e9rea 2025 ser\u00e1 realizada em Caiena, Guiana Francesa, nos dias 23 e 24 de outubro. Este evento confirma o compromisso assumido durante a primeira edi\u00e7\u00e3o em 2024 na Martinica: dar \u00e0 Guiana Francesa a responsabilidade de sediar a sequ\u00eancia.Esta segunda edi\u00e7\u00e3o ocorre em um contexto marcado pela necessidade de fortalecer a conectividade regional, [&hellip;]\" \/>\n<meta property=\"og:url\" content=\"https:\/\/www.latitude-15.com\/pt-br\/conferencia-aerea-2025-guiana-francesa-sedia-a-segunda-edicao-nos-dias-23-e-24-de-outubro\/\" \/>\n<meta property=\"og:site_name\" content=\"LATITUDE 15\" \/>\n<meta property=\"article:published_time\" content=\"2025-09-22T04:48:22+00:00\" \/>\n<meta property=\"article:modified_time\" content=\"2026-02-04T04:41:21+00:00\" \/>\n<meta property=\"og:image\" content=\"https:\/\/www.latitude-15.com\/wp-content\/uploads\/2026\/01\/DeWatermark.ai_1758554378445.jpeg.webp\" \/>\n\t<meta property=\"og:image:width\" content=\"1280\" \/>\n\t<meta property=\"og:image:height\" content=\"846\" \/>\n\t<meta property=\"og:image:type\" content=\"image\/webp\" \/>\n<meta name=\"author\" content=\"sabrinalat15\" \/>\n<meta name=\"twitter:card\" content=\"summary_large_image\" \/>\n<meta name=\"twitter:label1\" content=\"Escrito por\" \/>\n\t<meta name=\"twitter:data1\" content=\"sabrinalat15\" \/>\n\t<meta name=\"twitter:label2\" content=\"Est. tempo de leitura\" \/>\n\t<meta name=\"twitter:data2\" content=\"5 minutos\" \/>\n<script type=\"application\/ld+json\" class=\"yoast-schema-graph\">{\"@context\":\"https:\/\/schema.org\",\"@graph\":[{\"@type\":\"Article\",\"@id\":\"https:\/\/www.latitude-15.com\/pt-br\/conferencia-aerea-2025-guiana-francesa-sedia-a-segunda-edicao-nos-dias-23-e-24-de-outubro\/#article\",\"isPartOf\":{\"@id\":\"https:\/\/www.latitude-15.com\/pt-br\/conferencia-aerea-2025-guiana-francesa-sedia-a-segunda-edicao-nos-dias-23-e-24-de-outubro\/\"},\"author\":{\"name\":\"sabrinalat15\",\"@id\":\"https:\/\/www.latitude-15.com\/pt-br\/#\/schema\/person\/2a70943507771992ce3316849aa93bdd\"},\"headline\":\"Confer\u00eancia A\u00e9rea 2025: Guiana Francesa sedia a segunda edi\u00e7\u00e3o nos dias 23 e 24 de outubro\",\"datePublished\":\"2025-09-22T04:48:22+00:00\",\"dateModified\":\"2026-02-04T04:41:21+00:00\",\"mainEntityOfPage\":{\"@id\":\"https:\/\/www.latitude-15.com\/pt-br\/conferencia-aerea-2025-guiana-francesa-sedia-a-segunda-edicao-nos-dias-23-e-24-de-outubro\/\"},\"wordCount\":991,\"commentCount\":0,\"publisher\":{\"@id\":\"https:\/\/www.latitude-15.com\/pt-br\/#organization\"},\"image\":{\"@id\":\"https:\/\/www.latitude-15.com\/pt-br\/conferencia-aerea-2025-guiana-francesa-sedia-a-segunda-edicao-nos-dias-23-e-24-de-outubro\/#primaryimage\"},\"thumbnailUrl\":\"https:\/\/richeskarayib.com\/wp-content\/uploads\/2025\/09\/DeWatermark.ai_1758554412164.jpeg\",\"articleSection\":[\"Experi\u00eancia do passageiro e servi\u00e7os\",\"Sustentabilidade e transi\u00e7\u00e3o energ\u00e9tica\"],\"inLanguage\":\"pt-BR\",\"potentialAction\":[{\"@type\":\"CommentAction\",\"name\":\"Comment\",\"target\":[\"https:\/\/www.latitude-15.com\/pt-br\/conferencia-aerea-2025-guiana-francesa-sedia-a-segunda-edicao-nos-dias-23-e-24-de-outubro\/#respond\"]}]},{\"@type\":\"WebPage\",\"@id\":\"https:\/\/www.latitude-15.com\/pt-br\/conferencia-aerea-2025-guiana-francesa-sedia-a-segunda-edicao-nos-dias-23-e-24-de-outubro\/\",\"url\":\"https:\/\/www.latitude-15.com\/pt-br\/conferencia-aerea-2025-guiana-francesa-sedia-a-segunda-edicao-nos-dias-23-e-24-de-outubro\/\",\"name\":\"Confer\u00eancia A\u00e9rea 2025: Guiana Francesa sedia a segunda edi\u00e7\u00e3o nos dias 23 e 24 de outubro - LATITUDE 15\",\"isPartOf\":{\"@id\":\"https:\/\/www.latitude-15.com\/pt-br\/#website\"},\"primaryImageOfPage\":{\"@id\":\"https:\/\/www.latitude-15.com\/pt-br\/conferencia-aerea-2025-guiana-francesa-sedia-a-segunda-edicao-nos-dias-23-e-24-de-outubro\/#primaryimage\"},\"image\":{\"@id\":\"https:\/\/www.latitude-15.com\/pt-br\/conferencia-aerea-2025-guiana-francesa-sedia-a-segunda-edicao-nos-dias-23-e-24-de-outubro\/#primaryimage\"},\"thumbnailUrl\":\"https:\/\/richeskarayib.com\/wp-content\/uploads\/2025\/09\/DeWatermark.ai_1758554412164.jpeg\",\"datePublished\":\"2025-09-22T04:48:22+00:00\",\"dateModified\":\"2026-02-04T04:41:21+00:00\",\"breadcrumb\":{\"@id\":\"https:\/\/www.latitude-15.com\/pt-br\/conferencia-aerea-2025-guiana-francesa-sedia-a-segunda-edicao-nos-dias-23-e-24-de-outubro\/#breadcrumb\"},\"inLanguage\":\"pt-BR\",\"potentialAction\":[{\"@type\":\"ReadAction\",\"target\":[\"https:\/\/www.latitude-15.com\/pt-br\/conferencia-aerea-2025-guiana-francesa-sedia-a-segunda-edicao-nos-dias-23-e-24-de-outubro\/\"]}]},{\"@type\":\"ImageObject\",\"inLanguage\":\"pt-BR\",\"@id\":\"https:\/\/www.latitude-15.com\/pt-br\/conferencia-aerea-2025-guiana-francesa-sedia-a-segunda-edicao-nos-dias-23-e-24-de-outubro\/#primaryimage\",\"url\":\"https:\/\/richeskarayib.com\/wp-content\/uploads\/2025\/09\/DeWatermark.ai_1758554412164.jpeg\",\"contentUrl\":\"https:\/\/richeskarayib.com\/wp-content\/uploads\/2025\/09\/DeWatermark.ai_1758554412164.jpeg\"},{\"@type\":\"BreadcrumbList\",\"@id\":\"https:\/\/www.latitude-15.com\/pt-br\/conferencia-aerea-2025-guiana-francesa-sedia-a-segunda-edicao-nos-dias-23-e-24-de-outubro\/#breadcrumb\",\"itemListElement\":[{\"@type\":\"ListItem\",\"position\":1,\"name\":\"Home\",\"item\":\"https:\/\/www.latitude-15.com\/pt-br\/inicio\/\"},{\"@type\":\"ListItem\",\"position\":2,\"name\":\"Confer\u00eancia A\u00e9rea 2025: Guiana Francesa sedia a segunda edi\u00e7\u00e3o nos dias 23 e 24 de outubro\"}]},{\"@type\":\"WebSite\",\"@id\":\"https:\/\/www.latitude-15.com\/pt-br\/#website\",\"url\":\"https:\/\/www.latitude-15.com\/pt-br\/\",\"name\":\"LATITUDE 15\",\"description\":\"Aviation and maritime Magazine - Caribbean &amp; Latin America\",\"publisher\":{\"@id\":\"https:\/\/www.latitude-15.com\/pt-br\/#organization\"},\"potentialAction\":[{\"@type\":\"SearchAction\",\"target\":{\"@type\":\"EntryPoint\",\"urlTemplate\":\"https:\/\/www.latitude-15.com\/pt-br\/?s={search_term_string}\"},\"query-input\":{\"@type\":\"PropertyValueSpecification\",\"valueRequired\":true,\"valueName\":\"search_term_string\"}}],\"inLanguage\":\"pt-BR\"},{\"@type\":\"Organization\",\"@id\":\"https:\/\/www.latitude-15.com\/pt-br\/#organization\",\"name\":\"LATITUDE 15\",\"url\":\"https:\/\/www.latitude-15.com\/pt-br\/\",\"logo\":{\"@type\":\"ImageObject\",\"inLanguage\":\"pt-BR\",\"@id\":\"https:\/\/www.latitude-15.com\/pt-br\/#\/schema\/logo\/image\/\",\"url\":\"https:\/\/www.latitude-15.com\/wp-content\/uploads\/2026\/01\/cropped-logox500px.png\",\"contentUrl\":\"https:\/\/www.latitude-15.com\/wp-content\/uploads\/2026\/01\/cropped-logox500px.png\",\"width\":62,\"height\":75,\"caption\":\"LATITUDE 15\"},\"image\":{\"@id\":\"https:\/\/www.latitude-15.com\/pt-br\/#\/schema\/logo\/image\/\"}},{\"@type\":\"Person\",\"@id\":\"https:\/\/www.latitude-15.com\/pt-br\/#\/schema\/person\/2a70943507771992ce3316849aa93bdd\",\"name\":\"sabrinalat15\",\"image\":{\"@type\":\"ImageObject\",\"inLanguage\":\"pt-BR\",\"@id\":\"https:\/\/www.latitude-15.com\/pt-br\/#\/schema\/person\/image\/\",\"url\":\"https:\/\/secure.gravatar.com\/avatar\/91f5e11872ca6128d75f7bbde22cc384ad142a113b81c554ed87d6d9762f8813?s=96&d=mm&r=g\",\"contentUrl\":\"https:\/\/secure.gravatar.com\/avatar\/91f5e11872ca6128d75f7bbde22cc384ad142a113b81c554ed87d6d9762f8813?s=96&d=mm&r=g\",\"caption\":\"sabrinalat15\"},\"sameAs\":[\"https:\/\/www.latitude-15.com\"],\"url\":\"https:\/\/www.latitude-15.com\/pt-br\/author\/sabrinalat15\/\"}]}<\/script>\n<!-- \/ Yoast SEO plugin. -->","yoast_head_json":{"title":"Confer\u00eancia A\u00e9rea 2025: Guiana Francesa sedia a segunda edi\u00e7\u00e3o nos dias 23 e 24 de outubro - LATITUDE 15","robots":{"index":"index","follow":"follow","max-snippet":"max-snippet:-1","max-image-preview":"max-image-preview:large","max-video-preview":"max-video-preview:-1"},"canonical":"https:\/\/www.latitude-15.com\/pt-br\/conferencia-aerea-2025-guiana-francesa-sedia-a-segunda-edicao-nos-dias-23-e-24-de-outubro\/","og_locale":"pt_BR","og_type":"article","og_title":"Confer\u00eancia A\u00e9rea 2025: Guiana Francesa sedia a segunda edi\u00e7\u00e3o nos dias 23 e 24 de outubro - LATITUDE 15","og_description":"A Confer\u00eancia A\u00e9rea 2025 ser\u00e1 realizada em Caiena, Guiana Francesa, nos dias 23 e 24 de outubro. Este evento confirma o compromisso assumido durante a primeira edi\u00e7\u00e3o em 2024 na Martinica: dar \u00e0 Guiana Francesa a responsabilidade de sediar a sequ\u00eancia.Esta segunda edi\u00e7\u00e3o ocorre em um contexto marcado pela necessidade de fortalecer a conectividade regional, [&hellip;]","og_url":"https:\/\/www.latitude-15.com\/pt-br\/conferencia-aerea-2025-guiana-francesa-sedia-a-segunda-edicao-nos-dias-23-e-24-de-outubro\/","og_site_name":"LATITUDE 15","article_published_time":"2025-09-22T04:48:22+00:00","article_modified_time":"2026-02-04T04:41:21+00:00","og_image":[{"width":1280,"height":846,"url":"https:\/\/www.latitude-15.com\/wp-content\/uploads\/2026\/01\/DeWatermark.ai_1758554378445.jpeg.webp","type":"image\/webp"}],"author":"sabrinalat15","twitter_card":"summary_large_image","twitter_misc":{"Escrito por":"sabrinalat15","Est. tempo de leitura":"5 minutos"},"schema":{"@context":"https:\/\/schema.org","@graph":[{"@type":"Article","@id":"https:\/\/www.latitude-15.com\/pt-br\/conferencia-aerea-2025-guiana-francesa-sedia-a-segunda-edicao-nos-dias-23-e-24-de-outubro\/#article","isPartOf":{"@id":"https:\/\/www.latitude-15.com\/pt-br\/conferencia-aerea-2025-guiana-francesa-sedia-a-segunda-edicao-nos-dias-23-e-24-de-outubro\/"},"author":{"name":"sabrinalat15","@id":"https:\/\/www.latitude-15.com\/pt-br\/#\/schema\/person\/2a70943507771992ce3316849aa93bdd"},"headline":"Confer\u00eancia A\u00e9rea 2025: Guiana Francesa sedia a segunda edi\u00e7\u00e3o nos dias 23 e 24 de outubro","datePublished":"2025-09-22T04:48:22+00:00","dateModified":"2026-02-04T04:41:21+00:00","mainEntityOfPage":{"@id":"https:\/\/www.latitude-15.com\/pt-br\/conferencia-aerea-2025-guiana-francesa-sedia-a-segunda-edicao-nos-dias-23-e-24-de-outubro\/"},"wordCount":991,"commentCount":0,"publisher":{"@id":"https:\/\/www.latitude-15.com\/pt-br\/#organization"},"image":{"@id":"https:\/\/www.latitude-15.com\/pt-br\/conferencia-aerea-2025-guiana-francesa-sedia-a-segunda-edicao-nos-dias-23-e-24-de-outubro\/#primaryimage"},"thumbnailUrl":"https:\/\/richeskarayib.com\/wp-content\/uploads\/2025\/09\/DeWatermark.ai_1758554412164.jpeg","articleSection":["Experi\u00eancia do passageiro e servi\u00e7os","Sustentabilidade e transi\u00e7\u00e3o energ\u00e9tica"],"inLanguage":"pt-BR","potentialAction":[{"@type":"CommentAction","name":"Comment","target":["https:\/\/www.latitude-15.com\/pt-br\/conferencia-aerea-2025-guiana-francesa-sedia-a-segunda-edicao-nos-dias-23-e-24-de-outubro\/#respond"]}]},{"@type":"WebPage","@id":"https:\/\/www.latitude-15.com\/pt-br\/conferencia-aerea-2025-guiana-francesa-sedia-a-segunda-edicao-nos-dias-23-e-24-de-outubro\/","url":"https:\/\/www.latitude-15.com\/pt-br\/conferencia-aerea-2025-guiana-francesa-sedia-a-segunda-edicao-nos-dias-23-e-24-de-outubro\/","name":"Confer\u00eancia A\u00e9rea 2025: Guiana Francesa sedia a segunda edi\u00e7\u00e3o nos dias 23 e 24 de outubro - LATITUDE 15","isPartOf":{"@id":"https:\/\/www.latitude-15.com\/pt-br\/#website"},"primaryImageOfPage":{"@id":"https:\/\/www.latitude-15.com\/pt-br\/conferencia-aerea-2025-guiana-francesa-sedia-a-segunda-edicao-nos-dias-23-e-24-de-outubro\/#primaryimage"},"image":{"@id":"https:\/\/www.latitude-15.com\/pt-br\/conferencia-aerea-2025-guiana-francesa-sedia-a-segunda-edicao-nos-dias-23-e-24-de-outubro\/#primaryimage"},"thumbnailUrl":"https:\/\/richeskarayib.com\/wp-content\/uploads\/2025\/09\/DeWatermark.ai_1758554412164.jpeg","datePublished":"2025-09-22T04:48:22+00:00","dateModified":"2026-02-04T04:41:21+00:00","breadcrumb":{"@id":"https:\/\/www.latitude-15.com\/pt-br\/conferencia-aerea-2025-guiana-francesa-sedia-a-segunda-edicao-nos-dias-23-e-24-de-outubro\/#breadcrumb"},"inLanguage":"pt-BR","potentialAction":[{"@type":"ReadAction","target":["https:\/\/www.latitude-15.com\/pt-br\/conferencia-aerea-2025-guiana-francesa-sedia-a-segunda-edicao-nos-dias-23-e-24-de-outubro\/"]}]},{"@type":"ImageObject","inLanguage":"pt-BR","@id":"https:\/\/www.latitude-15.com\/pt-br\/conferencia-aerea-2025-guiana-francesa-sedia-a-segunda-edicao-nos-dias-23-e-24-de-outubro\/#primaryimage","url":"https:\/\/richeskarayib.com\/wp-content\/uploads\/2025\/09\/DeWatermark.ai_1758554412164.jpeg","contentUrl":"https:\/\/richeskarayib.com\/wp-content\/uploads\/2025\/09\/DeWatermark.ai_1758554412164.jpeg"},{"@type":"BreadcrumbList","@id":"https:\/\/www.latitude-15.com\/pt-br\/conferencia-aerea-2025-guiana-francesa-sedia-a-segunda-edicao-nos-dias-23-e-24-de-outubro\/#breadcrumb","itemListElement":[{"@type":"ListItem","position":1,"name":"Home","item":"https:\/\/www.latitude-15.com\/pt-br\/inicio\/"},{"@type":"ListItem","position":2,"name":"Confer\u00eancia A\u00e9rea 2025: Guiana Francesa sedia a segunda edi\u00e7\u00e3o nos dias 23 e 24 de outubro"}]},{"@type":"WebSite","@id":"https:\/\/www.latitude-15.com\/pt-br\/#website","url":"https:\/\/www.latitude-15.com\/pt-br\/","name":"LATITUDE 15","description":"Aviation and maritime Magazine - Caribbean &amp; Latin America","publisher":{"@id":"https:\/\/www.latitude-15.com\/pt-br\/#organization"},"potentialAction":[{"@type":"SearchAction","target":{"@type":"EntryPoint","urlTemplate":"https:\/\/www.latitude-15.com\/pt-br\/?s={search_term_string}"},"query-input":{"@type":"PropertyValueSpecification","valueRequired":true,"valueName":"search_term_string"}}],"inLanguage":"pt-BR"},{"@type":"Organization","@id":"https:\/\/www.latitude-15.com\/pt-br\/#organization","name":"LATITUDE 15","url":"https:\/\/www.latitude-15.com\/pt-br\/","logo":{"@type":"ImageObject","inLanguage":"pt-BR","@id":"https:\/\/www.latitude-15.com\/pt-br\/#\/schema\/logo\/image\/","url":"https:\/\/www.latitude-15.com\/wp-content\/uploads\/2026\/01\/cropped-logox500px.png","contentUrl":"https:\/\/www.latitude-15.com\/wp-content\/uploads\/2026\/01\/cropped-logox500px.png","width":62,"height":75,"caption":"LATITUDE 15"},"image":{"@id":"https:\/\/www.latitude-15.com\/pt-br\/#\/schema\/logo\/image\/"}},{"@type":"Person","@id":"https:\/\/www.latitude-15.com\/pt-br\/#\/schema\/person\/2a70943507771992ce3316849aa93bdd","name":"sabrinalat15","image":{"@type":"ImageObject","inLanguage":"pt-BR","@id":"https:\/\/www.latitude-15.com\/pt-br\/#\/schema\/person\/image\/","url":"https:\/\/secure.gravatar.com\/avatar\/91f5e11872ca6128d75f7bbde22cc384ad142a113b81c554ed87d6d9762f8813?s=96&d=mm&r=g","contentUrl":"https:\/\/secure.gravatar.com\/avatar\/91f5e11872ca6128d75f7bbde22cc384ad142a113b81c554ed87d6d9762f8813?s=96&d=mm&r=g","caption":"sabrinalat15"},"sameAs":["https:\/\/www.latitude-15.com"],"url":"https:\/\/www.latitude-15.com\/pt-br\/author\/sabrinalat15\/"}]}},"_links":{"self":[{"href":"https:\/\/www.latitude-15.com\/pt-br\/wp-json\/wp\/v2\/posts\/19664","targetHints":{"allow":["GET"]}}],"collection":[{"href":"https:\/\/www.latitude-15.com\/pt-br\/wp-json\/wp\/v2\/posts"}],"about":[{"href":"https:\/\/www.latitude-15.com\/pt-br\/wp-json\/wp\/v2\/types\/post"}],"author":[{"embeddable":true,"href":"https:\/\/www.latitude-15.com\/pt-br\/wp-json\/wp\/v2\/users\/1"}],"replies":[{"embeddable":true,"href":"https:\/\/www.latitude-15.com\/pt-br\/wp-json\/wp\/v2\/comments?post=19664"}],"version-history":[{"count":2,"href":"https:\/\/www.latitude-15.com\/pt-br\/wp-json\/wp\/v2\/posts\/19664\/revisions"}],"predecessor-version":[{"id":19666,"href":"https:\/\/www.latitude-15.com\/pt-br\/wp-json\/wp\/v2\/posts\/19664\/revisions\/19666"}],"wp:attachment":[{"href":"https:\/\/www.latitude-15.com\/pt-br\/wp-json\/wp\/v2\/media?parent=19664"}],"wp:term":[{"taxonomy":"category","embeddable":true,"href":"https:\/\/www.latitude-15.com\/pt-br\/wp-json\/wp\/v2\/categories?post=19664"},{"taxonomy":"post_tag","embeddable":true,"href":"https:\/\/www.latitude-15.com\/pt-br\/wp-json\/wp\/v2\/tags?post=19664"}],"curies":[{"name":"wp","href":"https:\/\/api.w.org\/{rel}","templated":true}]}}