{"id":19655,"date":"2025-10-08T00:44:01","date_gmt":"2025-10-08T04:44:01","guid":{"rendered":"https:\/\/www.latitude-15.com\/2025\/10\/08\/trinidad-e-tobago-aci-lac-2025-o-caribe-no-centro-das-questoes-de-conectividade-sustentabilidade-e-inovacao-aeroportuaria\/"},"modified":"2026-02-04T00:28:28","modified_gmt":"2026-02-04T04:28:28","slug":"trinidad-e-tobago-aci-lac-2025-o-caribe-no-centro-das-questoes-de-conectividade-sustentabilidade-e-inovacao-aeroportuaria","status":"publish","type":"post","link":"https:\/\/www.latitude-15.com\/pt-br\/trinidad-e-tobago-aci-lac-2025-o-caribe-no-centro-das-questoes-de-conectividade-sustentabilidade-e-inovacao-aeroportuaria\/","title":{"rendered":"Trinidad e Tobago \u2013 ACI-LAC 2025: o Caribe no centro das quest\u00f5es de conectividade, sustentabilidade e inova\u00e7\u00e3o aeroportu\u00e1ria"},"content":{"rendered":"\n<h2 class=\"wp-block-heading\">Uma confer\u00eancia estrat\u00e9gica em Trinidad e Tobago<\/h2>\n\n<p>A confer\u00eancia de imprensa realizada em Trinidad e Tobago em 6 de outubro de 2025, como parte da <a href=\"https:\/\/aci-lac.aero\/conference2025\/\" target=\"_blank\" rel=\"noreferrer noopener\">Assembleia Anual ACI-LAC 2025<\/a> \u2013 CONFER\u00caNCIA E EXPOSI\u00c7\u00c3O, reuniu os principais executivos do setor aeroportu\u00e1rio da regi\u00e3o. Em torno de <strong>M\u00f3nica Infante<\/strong> (Presidente da ACI-LAC e CEO da Aerodom), do <strong>Dr. Rafael Echevarne<\/strong> (Diretor-Geral da ACI-LAC) e de <strong>Hayden Newton<\/strong> (Diretor-Geral da Autoridade Aeroportu\u00e1ria de Trinidad e Tobago), as discuss\u00f5es se concentraram no crescimento do tr\u00e1fego, na sustentabilidade e nos investimentos necess\u00e1rios para apoiar o crescimento do transporte a\u00e9reo no Caribe e na Am\u00e9rica Latina.<\/p>\n\n<p>ACI-LAC, que significa Airports Council International \u2013 Am\u00e9rica Latina e Caribe, \u00e9 o bra\u00e7o regional da organiza\u00e7\u00e3o aeroportu\u00e1ria mundial. Representa os interesses de 91 membros que operam mais de 360 aeroportos em 42 pa\u00edses e territ\u00f3rios da regi\u00e3o.<\/p>\n\n<figure class=\"wp-block-image\"><img decoding=\"async\" data-src=\"https:\/\/richeskarayib.com\/wp-content\/uploads\/2025\/10\/lieu-des-levent-des-acilac-1024x473.jpg\" alt=\"\" src=\"data:image\/svg+xml;base64,PHN2ZyB3aWR0aD0iMSIgaGVpZ2h0PSIxIiB4bWxucz0iaHR0cDovL3d3dy53My5vcmcvMjAwMC9zdmciPjwvc3ZnPg==\" class=\"lazyload\" style=\"--smush-placeholder-width: 1024px; --smush-placeholder-aspect-ratio: 1024\/473;\" \/><\/figure>\n\n<h2 class=\"wp-block-heading\">ACI World confirma n\u00fameros recordes<\/h2>\n\n<p>Os dados divulgados durante a Reuni\u00e3o Anual da ACI-LAC 2025 mostram que o tr\u00e1fego de passageiros na Am\u00e9rica Latina e no <a href=\"https:\/\/richeskarayib.com\/biospace-the-caribbeans-maritime-attractiveness\/\" target=\"_blank\" rel=\"noreferrer noopener\">Caribe<\/a> atingir\u00e1 <strong>789 milh\u00f5es<\/strong> de passageiros at\u00e9 o final de 2025.<br \/><br \/>Os pa\u00edses com melhor desempenho ser\u00e3o:<\/p>\n\n<ul class=\"wp-block-list\">\n<li><strong>\u2013 Col\u00f4mbia<\/strong> 105 milh\u00f5es (+5,6%)<\/li>\n\n\n\n<li><strong>\u2013 M\u00e9xico<\/strong> 191 milh\u00f5es (+4,5%)<\/li>\n\n\n\n<li>\u2013 <strong>Brasil<\/strong>: 221 milh\u00f5es (+2,1%)<\/li>\n<\/ul>\n\n<p>Espera-se que a regi\u00e3o (Am\u00e9rica Latina e Caribe) movimente quase <strong>821 milh\u00f5es de passageiros em 2026<\/strong>, de acordo com as proje\u00e7\u00f5es oficiais da ACI World. Esses n\u00fameros refletem a for\u00e7a da recupera\u00e7\u00e3o p\u00f3s-pandemia e o crescente lugar do Caribe na conectividade internacional.<\/p>\n\n<figure class=\"wp-block-image\"><img decoding=\"async\" data-src=\"https:\/\/richeskarayib.com\/wp-content\/uploads\/2025\/10\/WhatsApp-Image-2025-10-08-a-00.44.32_1370b8ce-1024x473.jpg\" alt=\"ACI-LAC\" src=\"data:image\/svg+xml;base64,PHN2ZyB3aWR0aD0iMSIgaGVpZ2h0PSIxIiB4bWxucz0iaHR0cDovL3d3dy53My5vcmcvMjAwMC9zdmciPjwvc3ZnPg==\" class=\"lazyload\" style=\"--smush-placeholder-width: 1024px; --smush-placeholder-aspect-ratio: 1024\/473;\" \/><\/figure>\n\n<h2 class=\"wp-block-heading\">Previs\u00f5es de longo prazo e um ritmo global<\/h2>\n\n<p>Espera-se que o tr\u00e1fego a\u00e9reo regional atinja 1,725 bilh\u00e3o de passageiros at\u00e9 2053, com uma taxa m\u00e9dia de crescimento anual (CAGR \u2013 Taxa de Crescimento Anual Composta) de 2,9% nos pr\u00f3ximos trinta anos, uma taxa semelhante \u00e0 m\u00e9dia global.<br \/>O relat\u00f3rio da ACI World tamb\u00e9m afirma que o tr\u00e1fego dobrar\u00e1 entre 2024 e 2047, de 758 milh\u00f5es para 1,482 bilh\u00e3o de passageiros.<br \/>As proje\u00e7\u00f5es de crescimento anual por sub-regi\u00e3o confirmam:<\/p>\n\n<ul class=\"wp-block-list\">\n<li><strong>\u2013 M\u00e9xico: +3,4%,<\/strong> impulsionado pela expans\u00e3o de seus hubs internacionais;<\/li>\n\n\n\n<li><strong>\u2013 Brasil: +2,4%,<\/strong> sustentado pelo crescimento do tr\u00e1fego dom\u00e9stico;<\/li>\n\n\n\n<li><strong>\u2013 Caribe: +2%,<\/strong> crescimento mais moderado, devido ao pequeno tamanho dos mercados insulares, sua depend\u00eancia do turismo e as atuais limita\u00e7\u00f5es da conectividade interilhas;<\/li>\n\n\n\n<li>\u2013 <strong>Outros pa\u00edses da Am\u00e9rica Latina (excluindo M\u00e9xico e Brasil)<\/strong> <strong>:<\/strong> <strong>+3%<\/strong><strong>,<\/strong> gra\u00e7as \u00e0 diversifica\u00e7\u00e3o econ\u00f4mica e aos novos corredores a\u00e9reos regionais.<\/li>\n<\/ul>\n\n<figure class=\"wp-block-image\"><img decoding=\"async\" data-src=\"https:\/\/richeskarayib.com\/wp-content\/uploads\/2025\/10\/WhatsApp-Image-2025-10-08-a-00.45.15_9b819ef4-1024x473.jpg\" alt=\"ACI-LAC\" src=\"data:image\/svg+xml;base64,PHN2ZyB3aWR0aD0iMSIgaGVpZ2h0PSIxIiB4bWxucz0iaHR0cDovL3d3dy53My5vcmcvMjAwMC9zdmciPjwvc3ZnPg==\" class=\"lazyload\" style=\"--smush-placeholder-width: 1024px; --smush-placeholder-aspect-ratio: 1024\/473;\" \/><\/figure>\n\n<h2 class=\"wp-block-heading\">Investimentos colossais para o crescimento sustent\u00e1vel<\/h2>\n\n<p>Os requisitos de despesas de capital (CAPEX) para o per\u00edodo de 2026 a 2040 totalizam US$ 82,6 bilh\u00f5es, dos quais mais de US$ 30 bilh\u00f5es ser\u00e3o destinados \u00e0 constru\u00e7\u00e3o de novos aeroportos greenfield.<br \/>De acordo com dados da Reuni\u00e3o Anual da ACI-LAC 2025, cada milh\u00e3o de passageiros adicionais gera 9.500 empregos e US$ 25 milh\u00f5es no PIB, demonstrando o impacto econ\u00f4mico direto do transporte a\u00e9reo na regi\u00e3o.<\/p>\n\n<figure class=\"wp-block-image\"><img decoding=\"async\" data-src=\"https:\/\/richeskarayib.com\/wp-content\/uploads\/2025\/10\/WhatsApp-Image-2025-10-08-a-00.45.49_890dbab9-1024x473.jpg\" alt=\"\" src=\"data:image\/svg+xml;base64,PHN2ZyB3aWR0aD0iMSIgaGVpZ2h0PSIxIiB4bWxucz0iaHR0cDovL3d3dy53My5vcmcvMjAwMC9zdmciPjwvc3ZnPg==\" class=\"lazyload\" style=\"--smush-placeholder-width: 1024px; --smush-placeholder-aspect-ratio: 1024\/473;\" \/><\/figure>\n\n<h2 class=\"wp-block-heading\">Neutralidade de carbono e acessibilidade: lideran\u00e7a regional<\/h2>\n\n<p>Na frente ambiental, os palestrantes destacaram os resultados do programa Airport Carbon Accreditation (ACA) na ASSEMBLEIA ANUAL da ACI-LAC 2025.<br \/>Em setembro de 2025, 621 aeroportos em todo o mundo foram certificados, incluindo 104 na Am\u00e9rica Latina e no Caribe. A regi\u00e3o ocupa, assim, o segundo lugar no mundo em n\u00famero de aeroportos comprometidos com esta abordagem.<br \/>Este programa reconhecido internacionalmente avalia e recompensa os esfor\u00e7os dos aeroportos para reduzir suas emiss\u00f5es de carbono, em linha com o objetivo Net Zero 2050 da ACI World.<\/p>\n\n<p>O outro indicador de progresso diz respeito \u00e0 Acredita\u00e7\u00e3o de Melhoria da Acessibilidade (AEA): dos 47 aeroportos certificados em todo o mundo, 17 est\u00e3o na regi\u00e3o LAC. Esta distin\u00e7\u00e3o confirma o papel do Caribe e da Am\u00e9rica Latina como l\u00edderes mundiais em acessibilidade a\u00e9rea para passageiros com defici\u00eancia.<\/p>\n\n<figure class=\"wp-block-image\"><img decoding=\"async\" data-src=\"https:\/\/richeskarayib.com\/wp-content\/uploads\/2025\/10\/WhatsApp-Image-2025-10-08-a-00.41.53_03e4f170-1024x604.jpg\" alt=\"\" src=\"data:image\/svg+xml;base64,PHN2ZyB3aWR0aD0iMSIgaGVpZ2h0PSIxIiB4bWxucz0iaHR0cDovL3d3dy53My5vcmcvMjAwMC9zdmciPjwvc3ZnPg==\" class=\"lazyload\" style=\"--smush-placeholder-width: 1024px; --smush-placeholder-aspect-ratio: 1024\/604;\" \/><\/figure>\n\n<h2 class=\"wp-block-heading\">Conectividade e liberaliza\u00e7\u00e3o: os pilares do futuro<\/h2>\n\n<p>Olhando al\u00e9m dos n\u00fameros, M\u00f3nica Infante e Rafael Echevarne enfatizaram a necessidade urgente de fortalecer a conectividade intra-Caribe.<br \/>Para M\u00f3nica Infante, a prioridade \u00e9 derrubar as barreiras regulat\u00f3rias e criar uma estrutura que permita que novas companhias a\u00e9reas regionais operem livremente.<br \/>Por sua vez, Rafael Echevarne reiterou que a liberaliza\u00e7\u00e3o do transporte a\u00e9reo \u00e9 essencial para impulsionar a concorr\u00eancia e reduzir os custos para os passageiros.<\/p>\n\n<p>\u201cA avia\u00e7\u00e3o n\u00e3o \u00e9 apenas um setor econ\u00f4mico, \u00e9 uma infraestrutura vital para a integra\u00e7\u00e3o e o desenvolvimento sustent\u00e1vel de nossos territ\u00f3rios\u201d, declarou.<\/p>\n\n<p>Finalmente, Hayden Newton sublinhou o compromisso da Autoridade Aeroportu\u00e1ria de Trinidad e Tobago em modernizar a infraestrutura atrav\u00e9s de biometria, sistemas automatizados e inova\u00e7\u00f5es digitais.<\/p>\n\n<p>A ASSEMBLEIA ANUAL da ACI-LAC 2025 confirmou o crescimento din\u00e2mico, a inova\u00e7\u00e3o e a sustentabilidade do setor aeroportu\u00e1rio na Am\u00e9rica Latina e no Caribe.<br \/>Com previs\u00f5es s\u00f3lidas, investimentos maci\u00e7os e uma vis\u00e3o focada na neutralidade de carbono, a regi\u00e3o est\u00e1 se estabelecendo como um modelo de resili\u00eancia e transforma\u00e7\u00e3o no transporte a\u00e9reo global.<\/p>\n","protected":false},"excerpt":{"rendered":"<p>Uma confer\u00eancia estrat\u00e9gica em Trinidad e Tobago A confer\u00eancia de imprensa realizada em Trinidad e Tobago em 6 de outubro de 2025, como parte da Assembleia Anual ACI-LAC 2025 \u2013 CONFER\u00caNCIA E EXPOSI\u00c7\u00c3O, reuniu os principais executivos do setor aeroportu\u00e1rio da regi\u00e3o. Em torno de M\u00f3nica Infante (Presidente da ACI-LAC e CEO da Aerodom), do [&hellip;]<\/p>\n","protected":false},"author":1,"featured_media":0,"comment_status":"open","ping_status":"open","sticky":false,"template":"","format":"standard","meta":{"footnotes":""},"categories":[104,98,101,110,116],"tags":[],"class_list":["post-19655","post","type-post","status-publish","format-standard","hentry","category-aeroportos-e-infraestrutura","category-aviacao","category-conectividade-aerea-e-atratividade-territorial","category-experiencia-do-passageiro-e-servicos","category-tecnologia-e-inovacao"],"yoast_head":"<!-- This site is optimized with the Yoast SEO plugin v26.9 - https:\/\/yoast.com\/product\/yoast-seo-wordpress\/ -->\n<title>Trinidad e Tobago \u2013 ACI-LAC 2025: o Caribe no centro das quest\u00f5es de conectividade, sustentabilidade e inova\u00e7\u00e3o aeroportu\u00e1ria - LATITUDE 15<\/title>\n<meta name=\"robots\" content=\"index, follow, max-snippet:-1, max-image-preview:large, max-video-preview:-1\" \/>\n<link rel=\"canonical\" href=\"https:\/\/www.latitude-15.com\/pt-br\/trinidad-e-tobago-aci-lac-2025-o-caribe-no-centro-das-questoes-de-conectividade-sustentabilidade-e-inovacao-aeroportuaria\/\" \/>\n<meta property=\"og:locale\" content=\"pt_BR\" \/>\n<meta property=\"og:type\" content=\"article\" \/>\n<meta property=\"og:title\" content=\"Trinidad e Tobago \u2013 ACI-LAC 2025: o Caribe no centro das quest\u00f5es de conectividade, sustentabilidade e inova\u00e7\u00e3o aeroportu\u00e1ria - LATITUDE 15\" \/>\n<meta property=\"og:description\" content=\"Uma confer\u00eancia estrat\u00e9gica em Trinidad e Tobago A confer\u00eancia de imprensa realizada em Trinidad e Tobago em 6 de outubro de 2025, como parte da Assembleia Anual ACI-LAC 2025 \u2013 CONFER\u00caNCIA E EXPOSI\u00c7\u00c3O, reuniu os principais executivos do setor aeroportu\u00e1rio da regi\u00e3o. Em torno de M\u00f3nica Infante (Presidente da ACI-LAC e CEO da Aerodom), do [&hellip;]\" \/>\n<meta property=\"og:url\" content=\"https:\/\/www.latitude-15.com\/pt-br\/trinidad-e-tobago-aci-lac-2025-o-caribe-no-centro-das-questoes-de-conectividade-sustentabilidade-e-inovacao-aeroportuaria\/\" \/>\n<meta property=\"og:site_name\" content=\"LATITUDE 15\" \/>\n<meta property=\"article:published_time\" content=\"2025-10-08T04:44:01+00:00\" \/>\n<meta property=\"article:modified_time\" content=\"2026-02-04T04:28:28+00:00\" \/>\n<meta property=\"og:image\" content=\"https:\/\/www.latitude-15.com\/wp-content\/uploads\/2026\/01\/Design-sans-titre.png.webp\" \/>\n\t<meta property=\"og:image:width\" content=\"1600\" \/>\n\t<meta property=\"og:image:height\" content=\"600\" \/>\n\t<meta property=\"og:image:type\" content=\"image\/webp\" \/>\n<meta name=\"author\" content=\"sabrinalat15\" \/>\n<meta name=\"twitter:card\" content=\"summary_large_image\" \/>\n<meta name=\"twitter:label1\" content=\"Escrito por\" \/>\n\t<meta name=\"twitter:data1\" content=\"sabrinalat15\" \/>\n\t<meta name=\"twitter:label2\" content=\"Est. tempo de leitura\" \/>\n\t<meta name=\"twitter:data2\" content=\"4 minutos\" \/>\n<script type=\"application\/ld+json\" class=\"yoast-schema-graph\">{\"@context\":\"https:\/\/schema.org\",\"@graph\":[{\"@type\":\"Article\",\"@id\":\"https:\/\/www.latitude-15.com\/pt-br\/trinidad-e-tobago-aci-lac-2025-o-caribe-no-centro-das-questoes-de-conectividade-sustentabilidade-e-inovacao-aeroportuaria\/#article\",\"isPartOf\":{\"@id\":\"https:\/\/www.latitude-15.com\/pt-br\/trinidad-e-tobago-aci-lac-2025-o-caribe-no-centro-das-questoes-de-conectividade-sustentabilidade-e-inovacao-aeroportuaria\/\"},\"author\":{\"name\":\"sabrinalat15\",\"@id\":\"https:\/\/www.latitude-15.com\/pt-br\/#\/schema\/person\/2a70943507771992ce3316849aa93bdd\"},\"headline\":\"Trinidad e Tobago \u2013 ACI-LAC 2025: o Caribe no centro das quest\u00f5es de conectividade, sustentabilidade e inova\u00e7\u00e3o aeroportu\u00e1ria\",\"datePublished\":\"2025-10-08T04:44:01+00:00\",\"dateModified\":\"2026-02-04T04:28:28+00:00\",\"mainEntityOfPage\":{\"@id\":\"https:\/\/www.latitude-15.com\/pt-br\/trinidad-e-tobago-aci-lac-2025-o-caribe-no-centro-das-questoes-de-conectividade-sustentabilidade-e-inovacao-aeroportuaria\/\"},\"wordCount\":849,\"commentCount\":0,\"publisher\":{\"@id\":\"https:\/\/www.latitude-15.com\/pt-br\/#organization\"},\"image\":{\"@id\":\"https:\/\/www.latitude-15.com\/pt-br\/trinidad-e-tobago-aci-lac-2025-o-caribe-no-centro-das-questoes-de-conectividade-sustentabilidade-e-inovacao-aeroportuaria\/#primaryimage\"},\"thumbnailUrl\":\"https:\/\/richeskarayib.com\/wp-content\/uploads\/2025\/10\/lieu-des-levent-des-acilac-1024x473.jpg\",\"articleSection\":[\"Aeroportos e infraestrutura\",\"AVIA\u00c7\u00c3O\",\"Conectividade a\u00e9rea e Atratividade territorial\",\"Experi\u00eancia do passageiro e servi\u00e7os\",\"Tecnologia e inova\u00e7\u00e3o\"],\"inLanguage\":\"pt-BR\",\"potentialAction\":[{\"@type\":\"CommentAction\",\"name\":\"Comment\",\"target\":[\"https:\/\/www.latitude-15.com\/pt-br\/trinidad-e-tobago-aci-lac-2025-o-caribe-no-centro-das-questoes-de-conectividade-sustentabilidade-e-inovacao-aeroportuaria\/#respond\"]}]},{\"@type\":\"WebPage\",\"@id\":\"https:\/\/www.latitude-15.com\/pt-br\/trinidad-e-tobago-aci-lac-2025-o-caribe-no-centro-das-questoes-de-conectividade-sustentabilidade-e-inovacao-aeroportuaria\/\",\"url\":\"https:\/\/www.latitude-15.com\/pt-br\/trinidad-e-tobago-aci-lac-2025-o-caribe-no-centro-das-questoes-de-conectividade-sustentabilidade-e-inovacao-aeroportuaria\/\",\"name\":\"Trinidad e Tobago \u2013 ACI-LAC 2025: o Caribe no centro das quest\u00f5es de conectividade, sustentabilidade e inova\u00e7\u00e3o aeroportu\u00e1ria - LATITUDE 15\",\"isPartOf\":{\"@id\":\"https:\/\/www.latitude-15.com\/pt-br\/#website\"},\"primaryImageOfPage\":{\"@id\":\"https:\/\/www.latitude-15.com\/pt-br\/trinidad-e-tobago-aci-lac-2025-o-caribe-no-centro-das-questoes-de-conectividade-sustentabilidade-e-inovacao-aeroportuaria\/#primaryimage\"},\"image\":{\"@id\":\"https:\/\/www.latitude-15.com\/pt-br\/trinidad-e-tobago-aci-lac-2025-o-caribe-no-centro-das-questoes-de-conectividade-sustentabilidade-e-inovacao-aeroportuaria\/#primaryimage\"},\"thumbnailUrl\":\"https:\/\/richeskarayib.com\/wp-content\/uploads\/2025\/10\/lieu-des-levent-des-acilac-1024x473.jpg\",\"datePublished\":\"2025-10-08T04:44:01+00:00\",\"dateModified\":\"2026-02-04T04:28:28+00:00\",\"breadcrumb\":{\"@id\":\"https:\/\/www.latitude-15.com\/pt-br\/trinidad-e-tobago-aci-lac-2025-o-caribe-no-centro-das-questoes-de-conectividade-sustentabilidade-e-inovacao-aeroportuaria\/#breadcrumb\"},\"inLanguage\":\"pt-BR\",\"potentialAction\":[{\"@type\":\"ReadAction\",\"target\":[\"https:\/\/www.latitude-15.com\/pt-br\/trinidad-e-tobago-aci-lac-2025-o-caribe-no-centro-das-questoes-de-conectividade-sustentabilidade-e-inovacao-aeroportuaria\/\"]}]},{\"@type\":\"ImageObject\",\"inLanguage\":\"pt-BR\",\"@id\":\"https:\/\/www.latitude-15.com\/pt-br\/trinidad-e-tobago-aci-lac-2025-o-caribe-no-centro-das-questoes-de-conectividade-sustentabilidade-e-inovacao-aeroportuaria\/#primaryimage\",\"url\":\"https:\/\/richeskarayib.com\/wp-content\/uploads\/2025\/10\/lieu-des-levent-des-acilac-1024x473.jpg\",\"contentUrl\":\"https:\/\/richeskarayib.com\/wp-content\/uploads\/2025\/10\/lieu-des-levent-des-acilac-1024x473.jpg\"},{\"@type\":\"BreadcrumbList\",\"@id\":\"https:\/\/www.latitude-15.com\/pt-br\/trinidad-e-tobago-aci-lac-2025-o-caribe-no-centro-das-questoes-de-conectividade-sustentabilidade-e-inovacao-aeroportuaria\/#breadcrumb\",\"itemListElement\":[{\"@type\":\"ListItem\",\"position\":1,\"name\":\"Home\",\"item\":\"https:\/\/www.latitude-15.com\/pt-br\/inicio\/\"},{\"@type\":\"ListItem\",\"position\":2,\"name\":\"Trinidad e Tobago \u2013 ACI-LAC 2025: o Caribe no centro das quest\u00f5es de conectividade, sustentabilidade e inova\u00e7\u00e3o aeroportu\u00e1ria\"}]},{\"@type\":\"WebSite\",\"@id\":\"https:\/\/www.latitude-15.com\/pt-br\/#website\",\"url\":\"https:\/\/www.latitude-15.com\/pt-br\/\",\"name\":\"LATITUDE 15\",\"description\":\"Aviation and maritime Magazine - Caribbean &amp; Latin America\",\"publisher\":{\"@id\":\"https:\/\/www.latitude-15.com\/pt-br\/#organization\"},\"potentialAction\":[{\"@type\":\"SearchAction\",\"target\":{\"@type\":\"EntryPoint\",\"urlTemplate\":\"https:\/\/www.latitude-15.com\/pt-br\/?s={search_term_string}\"},\"query-input\":{\"@type\":\"PropertyValueSpecification\",\"valueRequired\":true,\"valueName\":\"search_term_string\"}}],\"inLanguage\":\"pt-BR\"},{\"@type\":\"Organization\",\"@id\":\"https:\/\/www.latitude-15.com\/pt-br\/#organization\",\"name\":\"LATITUDE 15\",\"url\":\"https:\/\/www.latitude-15.com\/pt-br\/\",\"logo\":{\"@type\":\"ImageObject\",\"inLanguage\":\"pt-BR\",\"@id\":\"https:\/\/www.latitude-15.com\/pt-br\/#\/schema\/logo\/image\/\",\"url\":\"https:\/\/www.latitude-15.com\/wp-content\/uploads\/2026\/01\/cropped-logox500px.png\",\"contentUrl\":\"https:\/\/www.latitude-15.com\/wp-content\/uploads\/2026\/01\/cropped-logox500px.png\",\"width\":62,\"height\":75,\"caption\":\"LATITUDE 15\"},\"image\":{\"@id\":\"https:\/\/www.latitude-15.com\/pt-br\/#\/schema\/logo\/image\/\"}},{\"@type\":\"Person\",\"@id\":\"https:\/\/www.latitude-15.com\/pt-br\/#\/schema\/person\/2a70943507771992ce3316849aa93bdd\",\"name\":\"sabrinalat15\",\"image\":{\"@type\":\"ImageObject\",\"inLanguage\":\"pt-BR\",\"@id\":\"https:\/\/www.latitude-15.com\/pt-br\/#\/schema\/person\/image\/\",\"url\":\"https:\/\/secure.gravatar.com\/avatar\/91f5e11872ca6128d75f7bbde22cc384ad142a113b81c554ed87d6d9762f8813?s=96&d=mm&r=g\",\"contentUrl\":\"https:\/\/secure.gravatar.com\/avatar\/91f5e11872ca6128d75f7bbde22cc384ad142a113b81c554ed87d6d9762f8813?s=96&d=mm&r=g\",\"caption\":\"sabrinalat15\"},\"sameAs\":[\"https:\/\/www.latitude-15.com\"],\"url\":\"https:\/\/www.latitude-15.com\/pt-br\/author\/sabrinalat15\/\"}]}<\/script>\n<!-- \/ Yoast SEO plugin. -->","yoast_head_json":{"title":"Trinidad e Tobago \u2013 ACI-LAC 2025: o Caribe no centro das quest\u00f5es de conectividade, sustentabilidade e inova\u00e7\u00e3o aeroportu\u00e1ria - LATITUDE 15","robots":{"index":"index","follow":"follow","max-snippet":"max-snippet:-1","max-image-preview":"max-image-preview:large","max-video-preview":"max-video-preview:-1"},"canonical":"https:\/\/www.latitude-15.com\/pt-br\/trinidad-e-tobago-aci-lac-2025-o-caribe-no-centro-das-questoes-de-conectividade-sustentabilidade-e-inovacao-aeroportuaria\/","og_locale":"pt_BR","og_type":"article","og_title":"Trinidad e Tobago \u2013 ACI-LAC 2025: o Caribe no centro das quest\u00f5es de conectividade, sustentabilidade e inova\u00e7\u00e3o aeroportu\u00e1ria - LATITUDE 15","og_description":"Uma confer\u00eancia estrat\u00e9gica em Trinidad e Tobago A confer\u00eancia de imprensa realizada em Trinidad e Tobago em 6 de outubro de 2025, como parte da Assembleia Anual ACI-LAC 2025 \u2013 CONFER\u00caNCIA E EXPOSI\u00c7\u00c3O, reuniu os principais executivos do setor aeroportu\u00e1rio da regi\u00e3o. Em torno de M\u00f3nica Infante (Presidente da ACI-LAC e CEO da Aerodom), do [&hellip;]","og_url":"https:\/\/www.latitude-15.com\/pt-br\/trinidad-e-tobago-aci-lac-2025-o-caribe-no-centro-das-questoes-de-conectividade-sustentabilidade-e-inovacao-aeroportuaria\/","og_site_name":"LATITUDE 15","article_published_time":"2025-10-08T04:44:01+00:00","article_modified_time":"2026-02-04T04:28:28+00:00","og_image":[{"width":1600,"height":600,"url":"https:\/\/www.latitude-15.com\/wp-content\/uploads\/2026\/01\/Design-sans-titre.png.webp","type":"image\/webp"}],"author":"sabrinalat15","twitter_card":"summary_large_image","twitter_misc":{"Escrito por":"sabrinalat15","Est. tempo de leitura":"4 minutos"},"schema":{"@context":"https:\/\/schema.org","@graph":[{"@type":"Article","@id":"https:\/\/www.latitude-15.com\/pt-br\/trinidad-e-tobago-aci-lac-2025-o-caribe-no-centro-das-questoes-de-conectividade-sustentabilidade-e-inovacao-aeroportuaria\/#article","isPartOf":{"@id":"https:\/\/www.latitude-15.com\/pt-br\/trinidad-e-tobago-aci-lac-2025-o-caribe-no-centro-das-questoes-de-conectividade-sustentabilidade-e-inovacao-aeroportuaria\/"},"author":{"name":"sabrinalat15","@id":"https:\/\/www.latitude-15.com\/pt-br\/#\/schema\/person\/2a70943507771992ce3316849aa93bdd"},"headline":"Trinidad e Tobago \u2013 ACI-LAC 2025: o Caribe no centro das quest\u00f5es de conectividade, sustentabilidade e inova\u00e7\u00e3o aeroportu\u00e1ria","datePublished":"2025-10-08T04:44:01+00:00","dateModified":"2026-02-04T04:28:28+00:00","mainEntityOfPage":{"@id":"https:\/\/www.latitude-15.com\/pt-br\/trinidad-e-tobago-aci-lac-2025-o-caribe-no-centro-das-questoes-de-conectividade-sustentabilidade-e-inovacao-aeroportuaria\/"},"wordCount":849,"commentCount":0,"publisher":{"@id":"https:\/\/www.latitude-15.com\/pt-br\/#organization"},"image":{"@id":"https:\/\/www.latitude-15.com\/pt-br\/trinidad-e-tobago-aci-lac-2025-o-caribe-no-centro-das-questoes-de-conectividade-sustentabilidade-e-inovacao-aeroportuaria\/#primaryimage"},"thumbnailUrl":"https:\/\/richeskarayib.com\/wp-content\/uploads\/2025\/10\/lieu-des-levent-des-acilac-1024x473.jpg","articleSection":["Aeroportos e infraestrutura","AVIA\u00c7\u00c3O","Conectividade a\u00e9rea e Atratividade territorial","Experi\u00eancia do passageiro e servi\u00e7os","Tecnologia e inova\u00e7\u00e3o"],"inLanguage":"pt-BR","potentialAction":[{"@type":"CommentAction","name":"Comment","target":["https:\/\/www.latitude-15.com\/pt-br\/trinidad-e-tobago-aci-lac-2025-o-caribe-no-centro-das-questoes-de-conectividade-sustentabilidade-e-inovacao-aeroportuaria\/#respond"]}]},{"@type":"WebPage","@id":"https:\/\/www.latitude-15.com\/pt-br\/trinidad-e-tobago-aci-lac-2025-o-caribe-no-centro-das-questoes-de-conectividade-sustentabilidade-e-inovacao-aeroportuaria\/","url":"https:\/\/www.latitude-15.com\/pt-br\/trinidad-e-tobago-aci-lac-2025-o-caribe-no-centro-das-questoes-de-conectividade-sustentabilidade-e-inovacao-aeroportuaria\/","name":"Trinidad e Tobago \u2013 ACI-LAC 2025: o Caribe no centro das quest\u00f5es de conectividade, sustentabilidade e inova\u00e7\u00e3o aeroportu\u00e1ria - LATITUDE 15","isPartOf":{"@id":"https:\/\/www.latitude-15.com\/pt-br\/#website"},"primaryImageOfPage":{"@id":"https:\/\/www.latitude-15.com\/pt-br\/trinidad-e-tobago-aci-lac-2025-o-caribe-no-centro-das-questoes-de-conectividade-sustentabilidade-e-inovacao-aeroportuaria\/#primaryimage"},"image":{"@id":"https:\/\/www.latitude-15.com\/pt-br\/trinidad-e-tobago-aci-lac-2025-o-caribe-no-centro-das-questoes-de-conectividade-sustentabilidade-e-inovacao-aeroportuaria\/#primaryimage"},"thumbnailUrl":"https:\/\/richeskarayib.com\/wp-content\/uploads\/2025\/10\/lieu-des-levent-des-acilac-1024x473.jpg","datePublished":"2025-10-08T04:44:01+00:00","dateModified":"2026-02-04T04:28:28+00:00","breadcrumb":{"@id":"https:\/\/www.latitude-15.com\/pt-br\/trinidad-e-tobago-aci-lac-2025-o-caribe-no-centro-das-questoes-de-conectividade-sustentabilidade-e-inovacao-aeroportuaria\/#breadcrumb"},"inLanguage":"pt-BR","potentialAction":[{"@type":"ReadAction","target":["https:\/\/www.latitude-15.com\/pt-br\/trinidad-e-tobago-aci-lac-2025-o-caribe-no-centro-das-questoes-de-conectividade-sustentabilidade-e-inovacao-aeroportuaria\/"]}]},{"@type":"ImageObject","inLanguage":"pt-BR","@id":"https:\/\/www.latitude-15.com\/pt-br\/trinidad-e-tobago-aci-lac-2025-o-caribe-no-centro-das-questoes-de-conectividade-sustentabilidade-e-inovacao-aeroportuaria\/#primaryimage","url":"https:\/\/richeskarayib.com\/wp-content\/uploads\/2025\/10\/lieu-des-levent-des-acilac-1024x473.jpg","contentUrl":"https:\/\/richeskarayib.com\/wp-content\/uploads\/2025\/10\/lieu-des-levent-des-acilac-1024x473.jpg"},{"@type":"BreadcrumbList","@id":"https:\/\/www.latitude-15.com\/pt-br\/trinidad-e-tobago-aci-lac-2025-o-caribe-no-centro-das-questoes-de-conectividade-sustentabilidade-e-inovacao-aeroportuaria\/#breadcrumb","itemListElement":[{"@type":"ListItem","position":1,"name":"Home","item":"https:\/\/www.latitude-15.com\/pt-br\/inicio\/"},{"@type":"ListItem","position":2,"name":"Trinidad e Tobago \u2013 ACI-LAC 2025: o Caribe no centro das quest\u00f5es de conectividade, sustentabilidade e inova\u00e7\u00e3o aeroportu\u00e1ria"}]},{"@type":"WebSite","@id":"https:\/\/www.latitude-15.com\/pt-br\/#website","url":"https:\/\/www.latitude-15.com\/pt-br\/","name":"LATITUDE 15","description":"Aviation and maritime Magazine - Caribbean &amp; Latin America","publisher":{"@id":"https:\/\/www.latitude-15.com\/pt-br\/#organization"},"potentialAction":[{"@type":"SearchAction","target":{"@type":"EntryPoint","urlTemplate":"https:\/\/www.latitude-15.com\/pt-br\/?s={search_term_string}"},"query-input":{"@type":"PropertyValueSpecification","valueRequired":true,"valueName":"search_term_string"}}],"inLanguage":"pt-BR"},{"@type":"Organization","@id":"https:\/\/www.latitude-15.com\/pt-br\/#organization","name":"LATITUDE 15","url":"https:\/\/www.latitude-15.com\/pt-br\/","logo":{"@type":"ImageObject","inLanguage":"pt-BR","@id":"https:\/\/www.latitude-15.com\/pt-br\/#\/schema\/logo\/image\/","url":"https:\/\/www.latitude-15.com\/wp-content\/uploads\/2026\/01\/cropped-logox500px.png","contentUrl":"https:\/\/www.latitude-15.com\/wp-content\/uploads\/2026\/01\/cropped-logox500px.png","width":62,"height":75,"caption":"LATITUDE 15"},"image":{"@id":"https:\/\/www.latitude-15.com\/pt-br\/#\/schema\/logo\/image\/"}},{"@type":"Person","@id":"https:\/\/www.latitude-15.com\/pt-br\/#\/schema\/person\/2a70943507771992ce3316849aa93bdd","name":"sabrinalat15","image":{"@type":"ImageObject","inLanguage":"pt-BR","@id":"https:\/\/www.latitude-15.com\/pt-br\/#\/schema\/person\/image\/","url":"https:\/\/secure.gravatar.com\/avatar\/91f5e11872ca6128d75f7bbde22cc384ad142a113b81c554ed87d6d9762f8813?s=96&d=mm&r=g","contentUrl":"https:\/\/secure.gravatar.com\/avatar\/91f5e11872ca6128d75f7bbde22cc384ad142a113b81c554ed87d6d9762f8813?s=96&d=mm&r=g","caption":"sabrinalat15"},"sameAs":["https:\/\/www.latitude-15.com"],"url":"https:\/\/www.latitude-15.com\/pt-br\/author\/sabrinalat15\/"}]}},"_links":{"self":[{"href":"https:\/\/www.latitude-15.com\/pt-br\/wp-json\/wp\/v2\/posts\/19655","targetHints":{"allow":["GET"]}}],"collection":[{"href":"https:\/\/www.latitude-15.com\/pt-br\/wp-json\/wp\/v2\/posts"}],"about":[{"href":"https:\/\/www.latitude-15.com\/pt-br\/wp-json\/wp\/v2\/types\/post"}],"author":[{"embeddable":true,"href":"https:\/\/www.latitude-15.com\/pt-br\/wp-json\/wp\/v2\/users\/1"}],"replies":[{"embeddable":true,"href":"https:\/\/www.latitude-15.com\/pt-br\/wp-json\/wp\/v2\/comments?post=19655"}],"version-history":[{"count":2,"href":"https:\/\/www.latitude-15.com\/pt-br\/wp-json\/wp\/v2\/posts\/19655\/revisions"}],"predecessor-version":[{"id":19657,"href":"https:\/\/www.latitude-15.com\/pt-br\/wp-json\/wp\/v2\/posts\/19655\/revisions\/19657"}],"wp:attachment":[{"href":"https:\/\/www.latitude-15.com\/pt-br\/wp-json\/wp\/v2\/media?parent=19655"}],"wp:term":[{"taxonomy":"category","embeddable":true,"href":"https:\/\/www.latitude-15.com\/pt-br\/wp-json\/wp\/v2\/categories?post=19655"},{"taxonomy":"post_tag","embeddable":true,"href":"https:\/\/www.latitude-15.com\/pt-br\/wp-json\/wp\/v2\/tags?post=19655"}],"curies":[{"name":"wp","href":"https:\/\/api.w.org\/{rel}","templated":true}]}}