{"id":19644,"date":"2025-10-14T01:11:00","date_gmt":"2025-10-14T05:11:00","guid":{"rendered":"https:\/\/www.latitude-15.com\/2025\/10\/14\/caribbean-airlines-garvin-medera-renuncia-ao-cargo-de-ceo-continuidade-garantida-por-nirmala-ramai\/"},"modified":"2026-02-04T00:14:13","modified_gmt":"2026-02-04T04:14:13","slug":"caribbean-airlines-garvin-medera-renuncia-ao-cargo-de-ceo-continuidade-garantida-por-nirmala-ramai","status":"publish","type":"post","link":"https:\/\/www.latitude-15.com\/pt-br\/caribbean-airlines-garvin-medera-renuncia-ao-cargo-de-ceo-continuidade-garantida-por-nirmala-ramai\/","title":{"rendered":"Caribbean Airlines: Garvin Medera renuncia ao cargo de CEO, continuidade garantida por Nirmala Ramai"},"content":{"rendered":"\n<h2 class=\"wp-block-heading\">Sucess\u00e3o interna para garantir a estabilidade<\/h2>\n\n<p>O Conselho de Administra\u00e7\u00e3o da <a href=\"https:\/\/sflcn.com\/garvin-medera-resigns-as-caribbean-airlines-ceo\/\" target=\"_blank\" rel=\"noreferrer noopener\">Caribbean Airlines<\/a> anunciou a ren\u00fancia imediata de seu Presidente e CEO, Garvin Medera, e a nomea\u00e7\u00e3o de Nirmala Ramai, atual Diretora de Opera\u00e7\u00f5es, como CEO interina. A empresa confirmou que toda a programa\u00e7\u00e3o de voos continuar\u00e1 sem interrup\u00e7\u00e3o, garantindo aos passageiros e parceiros a continuidade de suas opera\u00e7\u00f5es.<\/p>\n\n<p>Em uma declara\u00e7\u00e3o oficial, o Conselho de Administra\u00e7\u00e3o agradeceu a Garvin Medera por seus anos de servi\u00e7o e lideran\u00e7a, sublinhando o s\u00f3lido trabalho realizado desde que ele assumiu o cargo. A empresa salienta que esta transi\u00e7\u00e3o faz parte de uma abordagem baseada na continuidade, estabilidade e responsabilidade.<\/p>\n\n<h2 class=\"wp-block-heading\">Mensagem de Garvin Medera<\/h2>\n\n<p>Antes de sua partida, Garvin Medera dirigiu uma mensagem a todos os funcion\u00e1rios:<\/p>\n\n<p>\u201cQuero agradecer a todos os funcion\u00e1rios da <a href=\"https:\/\/richeskarayib.com\/caribbean-airlines-new-era-dominica-puerto-rico\/\" target=\"_blank\" rel=\"noreferrer noopener\">Caribbean Airlines<\/a> que fizeram um trabalho not\u00e1vel nos \u00faltimos anos, muitas vezes em condi\u00e7\u00f5es dif\u00edceis, dando o seu melhor para os seus colegas e nossos passageiros. Agrade\u00e7o tamb\u00e9m aos nossos parceiros pelo seu compromisso e aos nossos clientes pela sua confian\u00e7a e lealdade.\u201d<\/p>\n\n<p>Suas palavras refletem a gratid\u00e3o de um l\u00edder que acompanhou a empresa em per\u00edodos complexos, notadamente a recupera\u00e7\u00e3o p\u00f3s-pandemia e a retomada do tr\u00e1fego a\u00e9reo regional.<\/p>\n\n<figure class=\"wp-block-image\"><img decoding=\"async\" data-src=\"https:\/\/richeskarayib.com\/wp-content\/uploads\/2025\/10\/489831205_1066356962195911_2877130269033330039_n-1024x684.jpg\" alt=\"Caribbean Airlines\" src=\"data:image\/svg+xml;base64,PHN2ZyB3aWR0aD0iMSIgaGVpZ2h0PSIxIiB4bWxucz0iaHR0cDovL3d3dy53My5vcmcvMjAwMC9zdmciPjwvc3ZnPg==\" class=\"lazyload\" style=\"--smush-placeholder-width: 1024px; --smush-placeholder-aspect-ratio: 1024\/684;\" \/><figcaption class=\"wp-element-caption\">Caribbean Airlines<\/figcaption><\/figure>\n\n<h2 class=\"wp-block-heading\">Gest\u00e3o interina para uma transi\u00e7\u00e3o suave<\/h2>\n\n<p>Sob a supervis\u00e3o do Conselho de Administra\u00e7\u00e3o, Nirmala Ramai trabalhar\u00e1 em estreita colabora\u00e7\u00e3o com a equipe de gest\u00e3o para manter a empresa funcionando sem problemas. Esta nomea\u00e7\u00e3o interna reflete um claro compromisso com a continuidade sem interrup\u00e7\u00e3o ou desorganiza\u00e7\u00e3o.<\/p>\n\n<p>A escolha de um gestor de dentro da empresa tamb\u00e9m reflete a confian\u00e7a do Conselho na compet\u00eancia e conhecimento operacional de Ramai. Em um setor t\u00e3o sens\u00edvel como o transporte a\u00e9reo, esta decis\u00e3o visa garantir uma transi\u00e7\u00e3o ordenada e transparente, sem impacto para os passageiros.<\/p>\n\n<h2 class=\"wp-block-heading\">Cinco prioridades oficiais para orientar a transi\u00e7\u00e3o<\/h2>\n\n<p>O Conselho de Administra\u00e7\u00e3o detalhou um roteiro claro baseado em cinco prioridades:<\/p>\n\n<ol class=\"wp-block-list\">\n<li><strong>Apoiar os funcion\u00e1rios e as partes interessadas<\/strong> atrav\u00e9s de uma comunica\u00e7\u00e3o aberta e constante.<\/li>\n\n\n\n<li><strong>Rever as opera\u00e7\u00f5es internas<\/strong> para impulsionar a efici\u00eancia e modernizar os processos.<\/li>\n\n\n\n<li><strong>Melhorar a experi\u00eancia do cliente<\/strong>, colocando a qualidade do servi\u00e7o no centro de nossas a\u00e7\u00f5es.<\/li>\n\n\n\n<li><strong>Desenvolver um plano de crescimento sustent\u00e1vel e financeiramente<\/strong> respons\u00e1vel.<\/li>\n\n\n\n<li><strong>Realizar auditorias abrangentes<\/strong> em todos os departamentos para otimizar a governan\u00e7a e a seguran\u00e7a.<\/li>\n<\/ol>\n\n<p>Estas prioridades formam a base de um plano de transi\u00e7\u00e3o pragm\u00e1tico focado no desempenho e no rigor. A Caribbean Airlines confirma que a implementa\u00e7\u00e3o destas medidas visa consolidar as bases internas, em vez de fazer mudan\u00e7as abruptas.<\/p>\n\n<figure class=\"wp-block-image\"><img decoding=\"async\" data-src=\"https:\/\/richeskarayib.com\/wp-content\/uploads\/2025\/10\/485670814_1050366210461653_2065041321740531842_n-1024x650.jpg\" alt=\"\" src=\"data:image\/svg+xml;base64,PHN2ZyB3aWR0aD0iMSIgaGVpZ2h0PSIxIiB4bWxucz0iaHR0cDovL3d3dy53My5vcmcvMjAwMC9zdmciPjwvc3ZnPg==\" class=\"lazyload\" style=\"--smush-placeholder-width: 1024px; --smush-placeholder-aspect-ratio: 1024\/650;\" \/><\/figure>\n\n<h2 class=\"wp-block-heading\">Promo\u00e7\u00e3o interna e comunica\u00e7\u00e3o transparente<\/h2>\n\n<p>A empresa tamb\u00e9m reafirmou o seu compromisso com a promo\u00e7\u00e3o interna antes do recrutamento externo. Este princ\u00edpio de gest\u00e3o de capital humano permanece central para a estrat\u00e9gia da Caribbean Airlines, que visa desenvolver os talentos j\u00e1 presentes nas suas equipes e oferecer aos funcion\u00e1rios perspectivas de progress\u00e3o.<\/p>\n\n<p>Ao mesmo tempo, o Conselho sublinhou a import\u00e2ncia de uma comunica\u00e7\u00e3o clara e regular com os funcion\u00e1rios, clientes e parceiros. Este di\u00e1logo cont\u00ednuo deve garantir que a transi\u00e7\u00e3o seja acompanhada por um clima de confian\u00e7a e estabilidade.<\/p>\n\n<h2 class=\"wp-block-heading\">Um pilar da conectividade caribenha<\/h2>\n\n<p>Mais do que uma companhia a\u00e9rea nacional, a <a href=\"https:\/\/www.jamaicaobserver.com\/2025\/10\/13\/caribbean-airlines-appoints-acting-successor-ceo-steps\/\" target=\"_blank\" rel=\"noreferrer noopener\">Caribbean Airlines<\/a> desempenha um papel essencial na conectividade regional. Com sede em Trinidad e Tobago, a companhia a\u00e9rea serve v\u00e1rios destinos importantes no Caribe e na Am\u00e9rica do Norte, ligando as ilhas e facilitando os interc\u00e2mbios econ\u00f4micos, culturais e tur\u00edsticos.<\/p>\n\n<p>O fato de a programa\u00e7\u00e3o de voos ter sido mantida na sua totalidade \u00e9, portanto, um forte sinal de que, apesar da mudan\u00e7a na gest\u00e3o, a empresa permanece fiel \u00e0 sua miss\u00e3o regional de servi\u00e7o p\u00fablico e \u00e0 sua promessa de confiabilidade.<\/p>\n\n<figure class=\"wp-block-image\"><img decoding=\"async\" data-src=\"https:\/\/richeskarayib.com\/wp-content\/uploads\/2025\/10\/485179614_1049196350578639_8212922680918237559_n-1024x537.jpg\" alt=\"Caribbean Airlines\" src=\"data:image\/svg+xml;base64,PHN2ZyB3aWR0aD0iMSIgaGVpZ2h0PSIxIiB4bWxucz0iaHR0cDovL3d3dy53My5vcmcvMjAwMC9zdmciPjwvc3ZnPg==\" class=\"lazyload\" style=\"--smush-placeholder-width: 1024px; --smush-placeholder-aspect-ratio: 1024\/537;\" \/><figcaption class=\"wp-element-caption\">\u00a9Caribbean Airlines<\/figcaption><\/figure>\n\n<h2 class=\"wp-block-heading\">Uma mensagem de confian\u00e7a e transpar\u00eancia<\/h2>\n\n<p>Esta transi\u00e7\u00e3o \u00e9 apresentada como uma fase de renova\u00e7\u00e3o controlada, sem interrup\u00e7\u00e3o para os passageiros. O Conselho de Administra\u00e7\u00e3o reafirma o seu compromisso de manter elevados padr\u00f5es de seguran\u00e7a, efici\u00eancia e responsabilidade.<\/p>\n\n<p>Ao colocar a comunica\u00e7\u00e3o aberta e a melhoria cont\u00ednua no centro das suas prioridades, a Caribbean Airlines pretende abordar esta nova fase com clareza e m\u00e9todo, preservando ao mesmo tempo a confian\u00e7a dos seus parceiros e passageiros.<\/p>\n\n<p>A ren\u00fancia de Garvin Medera e a nomea\u00e7\u00e3o de Nirmala Ramai marcam um ponto de virada importante, mas n\u00e3o t\u00eam impacto nas opera\u00e7\u00f5es da empresa. Ao promover internamente, definir cinco prioridades claras e manter a continuidade do servi\u00e7o, a Caribbean Airlines est\u00e1 demonstrando uma abordagem respons\u00e1vel e estruturada \u00e0 governan\u00e7a.<\/p>\n\n<p>Esta transi\u00e7\u00e3o ilustra a capacidade da empresa de evoluir sem comprometer a sua estabilidade \u2013 uma qualidade rara e preciosa no setor a\u00e9reo regional.<\/p>\n","protected":false},"excerpt":{"rendered":"<p>Sucess\u00e3o interna para garantir a estabilidade O Conselho de Administra\u00e7\u00e3o da Caribbean Airlines anunciou a ren\u00fancia imediata de seu Presidente e CEO, Garvin Medera, e a nomea\u00e7\u00e3o de Nirmala Ramai, atual Diretora de Opera\u00e7\u00f5es, como CEO interina. A empresa confirmou que toda a programa\u00e7\u00e3o de voos continuar\u00e1 sem interrup\u00e7\u00e3o, garantindo aos passageiros e parceiros a [&hellip;]<\/p>\n","protected":false},"author":1,"featured_media":0,"comment_status":"open","ping_status":"open","sticky":false,"template":"","format":"standard","meta":{"footnotes":""},"categories":[104,98],"tags":[],"class_list":["post-19644","post","type-post","status-publish","format-standard","hentry","category-aeroportos-e-infraestrutura","category-aviacao"],"yoast_head":"<!-- This site is optimized with the Yoast SEO plugin v26.9 - https:\/\/yoast.com\/product\/yoast-seo-wordpress\/ -->\n<title>Caribbean Airlines: Garvin Medera renuncia ao cargo de CEO, continuidade garantida por Nirmala Ramai - LATITUDE 15<\/title>\n<meta name=\"robots\" content=\"index, follow, max-snippet:-1, max-image-preview:large, max-video-preview:-1\" \/>\n<link rel=\"canonical\" href=\"https:\/\/www.latitude-15.com\/pt-br\/caribbean-airlines-garvin-medera-renuncia-ao-cargo-de-ceo-continuidade-garantida-por-nirmala-ramai\/\" \/>\n<meta property=\"og:locale\" content=\"pt_BR\" \/>\n<meta property=\"og:type\" content=\"article\" \/>\n<meta property=\"og:title\" content=\"Caribbean Airlines: Garvin Medera renuncia ao cargo de CEO, continuidade garantida por Nirmala Ramai - LATITUDE 15\" \/>\n<meta property=\"og:description\" content=\"Sucess\u00e3o interna para garantir a estabilidade O Conselho de Administra\u00e7\u00e3o da Caribbean Airlines anunciou a ren\u00fancia imediata de seu Presidente e CEO, Garvin Medera, e a nomea\u00e7\u00e3o de Nirmala Ramai, atual Diretora de Opera\u00e7\u00f5es, como CEO interina. A empresa confirmou que toda a programa\u00e7\u00e3o de voos continuar\u00e1 sem interrup\u00e7\u00e3o, garantindo aos passageiros e parceiros a [&hellip;]\" \/>\n<meta property=\"og:url\" content=\"https:\/\/www.latitude-15.com\/pt-br\/caribbean-airlines-garvin-medera-renuncia-ao-cargo-de-ceo-continuidade-garantida-por-nirmala-ramai\/\" \/>\n<meta property=\"og:site_name\" content=\"LATITUDE 15\" \/>\n<meta property=\"article:published_time\" content=\"2025-10-14T05:11:00+00:00\" \/>\n<meta property=\"article:modified_time\" content=\"2026-02-04T04:14:13+00:00\" \/>\n<meta property=\"og:image\" content=\"https:\/\/www.latitude-15.com\/wp-content\/uploads\/2025\/10\/463266598_18468868243057382_7353285329683624623_n.jpg.webp\" \/>\n\t<meta property=\"og:image:width\" content=\"1440\" \/>\n\t<meta property=\"og:image:height\" content=\"960\" \/>\n\t<meta property=\"og:image:type\" content=\"image\/webp\" \/>\n<meta name=\"author\" content=\"sabrinalat15\" \/>\n<meta name=\"twitter:card\" content=\"summary_large_image\" \/>\n<meta name=\"twitter:label1\" content=\"Escrito por\" \/>\n\t<meta name=\"twitter:data1\" content=\"sabrinalat15\" \/>\n\t<meta name=\"twitter:label2\" content=\"Est. tempo de leitura\" \/>\n\t<meta name=\"twitter:data2\" content=\"4 minutos\" \/>\n<script type=\"application\/ld+json\" class=\"yoast-schema-graph\">{\"@context\":\"https:\/\/schema.org\",\"@graph\":[{\"@type\":\"Article\",\"@id\":\"https:\/\/www.latitude-15.com\/pt-br\/caribbean-airlines-garvin-medera-renuncia-ao-cargo-de-ceo-continuidade-garantida-por-nirmala-ramai\/#article\",\"isPartOf\":{\"@id\":\"https:\/\/www.latitude-15.com\/pt-br\/caribbean-airlines-garvin-medera-renuncia-ao-cargo-de-ceo-continuidade-garantida-por-nirmala-ramai\/\"},\"author\":{\"name\":\"sabrinalat15\",\"@id\":\"https:\/\/www.latitude-15.com\/pt-br\/#\/schema\/person\/2a70943507771992ce3316849aa93bdd\"},\"headline\":\"Caribbean Airlines: Garvin Medera renuncia ao cargo de CEO, continuidade garantida por Nirmala Ramai\",\"datePublished\":\"2025-10-14T05:11:00+00:00\",\"dateModified\":\"2026-02-04T04:14:13+00:00\",\"mainEntityOfPage\":{\"@id\":\"https:\/\/www.latitude-15.com\/pt-br\/caribbean-airlines-garvin-medera-renuncia-ao-cargo-de-ceo-continuidade-garantida-por-nirmala-ramai\/\"},\"wordCount\":870,\"commentCount\":0,\"publisher\":{\"@id\":\"https:\/\/www.latitude-15.com\/pt-br\/#organization\"},\"image\":{\"@id\":\"https:\/\/www.latitude-15.com\/pt-br\/caribbean-airlines-garvin-medera-renuncia-ao-cargo-de-ceo-continuidade-garantida-por-nirmala-ramai\/#primaryimage\"},\"thumbnailUrl\":\"https:\/\/richeskarayib.com\/wp-content\/uploads\/2025\/10\/489831205_1066356962195911_2877130269033330039_n-1024x684.jpg\",\"articleSection\":[\"Aeroportos e infraestrutura\",\"AVIA\u00c7\u00c3O\"],\"inLanguage\":\"pt-BR\",\"potentialAction\":[{\"@type\":\"CommentAction\",\"name\":\"Comment\",\"target\":[\"https:\/\/www.latitude-15.com\/pt-br\/caribbean-airlines-garvin-medera-renuncia-ao-cargo-de-ceo-continuidade-garantida-por-nirmala-ramai\/#respond\"]}]},{\"@type\":\"WebPage\",\"@id\":\"https:\/\/www.latitude-15.com\/pt-br\/caribbean-airlines-garvin-medera-renuncia-ao-cargo-de-ceo-continuidade-garantida-por-nirmala-ramai\/\",\"url\":\"https:\/\/www.latitude-15.com\/pt-br\/caribbean-airlines-garvin-medera-renuncia-ao-cargo-de-ceo-continuidade-garantida-por-nirmala-ramai\/\",\"name\":\"Caribbean Airlines: Garvin Medera renuncia ao cargo de CEO, continuidade garantida por Nirmala Ramai - LATITUDE 15\",\"isPartOf\":{\"@id\":\"https:\/\/www.latitude-15.com\/pt-br\/#website\"},\"primaryImageOfPage\":{\"@id\":\"https:\/\/www.latitude-15.com\/pt-br\/caribbean-airlines-garvin-medera-renuncia-ao-cargo-de-ceo-continuidade-garantida-por-nirmala-ramai\/#primaryimage\"},\"image\":{\"@id\":\"https:\/\/www.latitude-15.com\/pt-br\/caribbean-airlines-garvin-medera-renuncia-ao-cargo-de-ceo-continuidade-garantida-por-nirmala-ramai\/#primaryimage\"},\"thumbnailUrl\":\"https:\/\/richeskarayib.com\/wp-content\/uploads\/2025\/10\/489831205_1066356962195911_2877130269033330039_n-1024x684.jpg\",\"datePublished\":\"2025-10-14T05:11:00+00:00\",\"dateModified\":\"2026-02-04T04:14:13+00:00\",\"breadcrumb\":{\"@id\":\"https:\/\/www.latitude-15.com\/pt-br\/caribbean-airlines-garvin-medera-renuncia-ao-cargo-de-ceo-continuidade-garantida-por-nirmala-ramai\/#breadcrumb\"},\"inLanguage\":\"pt-BR\",\"potentialAction\":[{\"@type\":\"ReadAction\",\"target\":[\"https:\/\/www.latitude-15.com\/pt-br\/caribbean-airlines-garvin-medera-renuncia-ao-cargo-de-ceo-continuidade-garantida-por-nirmala-ramai\/\"]}]},{\"@type\":\"ImageObject\",\"inLanguage\":\"pt-BR\",\"@id\":\"https:\/\/www.latitude-15.com\/pt-br\/caribbean-airlines-garvin-medera-renuncia-ao-cargo-de-ceo-continuidade-garantida-por-nirmala-ramai\/#primaryimage\",\"url\":\"https:\/\/richeskarayib.com\/wp-content\/uploads\/2025\/10\/489831205_1066356962195911_2877130269033330039_n-1024x684.jpg\",\"contentUrl\":\"https:\/\/richeskarayib.com\/wp-content\/uploads\/2025\/10\/489831205_1066356962195911_2877130269033330039_n-1024x684.jpg\"},{\"@type\":\"BreadcrumbList\",\"@id\":\"https:\/\/www.latitude-15.com\/pt-br\/caribbean-airlines-garvin-medera-renuncia-ao-cargo-de-ceo-continuidade-garantida-por-nirmala-ramai\/#breadcrumb\",\"itemListElement\":[{\"@type\":\"ListItem\",\"position\":1,\"name\":\"Home\",\"item\":\"https:\/\/www.latitude-15.com\/pt-br\/inicio\/\"},{\"@type\":\"ListItem\",\"position\":2,\"name\":\"Caribbean Airlines: Garvin Medera renuncia ao cargo de CEO, continuidade garantida por Nirmala Ramai\"}]},{\"@type\":\"WebSite\",\"@id\":\"https:\/\/www.latitude-15.com\/pt-br\/#website\",\"url\":\"https:\/\/www.latitude-15.com\/pt-br\/\",\"name\":\"LATITUDE 15\",\"description\":\"Aviation and maritime Magazine - Caribbean &amp; Latin America\",\"publisher\":{\"@id\":\"https:\/\/www.latitude-15.com\/pt-br\/#organization\"},\"potentialAction\":[{\"@type\":\"SearchAction\",\"target\":{\"@type\":\"EntryPoint\",\"urlTemplate\":\"https:\/\/www.latitude-15.com\/pt-br\/?s={search_term_string}\"},\"query-input\":{\"@type\":\"PropertyValueSpecification\",\"valueRequired\":true,\"valueName\":\"search_term_string\"}}],\"inLanguage\":\"pt-BR\"},{\"@type\":\"Organization\",\"@id\":\"https:\/\/www.latitude-15.com\/pt-br\/#organization\",\"name\":\"LATITUDE 15\",\"url\":\"https:\/\/www.latitude-15.com\/pt-br\/\",\"logo\":{\"@type\":\"ImageObject\",\"inLanguage\":\"pt-BR\",\"@id\":\"https:\/\/www.latitude-15.com\/pt-br\/#\/schema\/logo\/image\/\",\"url\":\"https:\/\/www.latitude-15.com\/wp-content\/uploads\/2026\/01\/cropped-logox500px.png\",\"contentUrl\":\"https:\/\/www.latitude-15.com\/wp-content\/uploads\/2026\/01\/cropped-logox500px.png\",\"width\":62,\"height\":75,\"caption\":\"LATITUDE 15\"},\"image\":{\"@id\":\"https:\/\/www.latitude-15.com\/pt-br\/#\/schema\/logo\/image\/\"}},{\"@type\":\"Person\",\"@id\":\"https:\/\/www.latitude-15.com\/pt-br\/#\/schema\/person\/2a70943507771992ce3316849aa93bdd\",\"name\":\"sabrinalat15\",\"image\":{\"@type\":\"ImageObject\",\"inLanguage\":\"pt-BR\",\"@id\":\"https:\/\/www.latitude-15.com\/pt-br\/#\/schema\/person\/image\/\",\"url\":\"https:\/\/secure.gravatar.com\/avatar\/91f5e11872ca6128d75f7bbde22cc384ad142a113b81c554ed87d6d9762f8813?s=96&d=mm&r=g\",\"contentUrl\":\"https:\/\/secure.gravatar.com\/avatar\/91f5e11872ca6128d75f7bbde22cc384ad142a113b81c554ed87d6d9762f8813?s=96&d=mm&r=g\",\"caption\":\"sabrinalat15\"},\"sameAs\":[\"https:\/\/www.latitude-15.com\"],\"url\":\"https:\/\/www.latitude-15.com\/pt-br\/author\/sabrinalat15\/\"}]}<\/script>\n<!-- \/ Yoast SEO plugin. -->","yoast_head_json":{"title":"Caribbean Airlines: Garvin Medera renuncia ao cargo de CEO, continuidade garantida por Nirmala Ramai - LATITUDE 15","robots":{"index":"index","follow":"follow","max-snippet":"max-snippet:-1","max-image-preview":"max-image-preview:large","max-video-preview":"max-video-preview:-1"},"canonical":"https:\/\/www.latitude-15.com\/pt-br\/caribbean-airlines-garvin-medera-renuncia-ao-cargo-de-ceo-continuidade-garantida-por-nirmala-ramai\/","og_locale":"pt_BR","og_type":"article","og_title":"Caribbean Airlines: Garvin Medera renuncia ao cargo de CEO, continuidade garantida por Nirmala Ramai - LATITUDE 15","og_description":"Sucess\u00e3o interna para garantir a estabilidade O Conselho de Administra\u00e7\u00e3o da Caribbean Airlines anunciou a ren\u00fancia imediata de seu Presidente e CEO, Garvin Medera, e a nomea\u00e7\u00e3o de Nirmala Ramai, atual Diretora de Opera\u00e7\u00f5es, como CEO interina. A empresa confirmou que toda a programa\u00e7\u00e3o de voos continuar\u00e1 sem interrup\u00e7\u00e3o, garantindo aos passageiros e parceiros a [&hellip;]","og_url":"https:\/\/www.latitude-15.com\/pt-br\/caribbean-airlines-garvin-medera-renuncia-ao-cargo-de-ceo-continuidade-garantida-por-nirmala-ramai\/","og_site_name":"LATITUDE 15","article_published_time":"2025-10-14T05:11:00+00:00","article_modified_time":"2026-02-04T04:14:13+00:00","og_image":[{"width":1440,"height":960,"url":"https:\/\/www.latitude-15.com\/wp-content\/uploads\/2025\/10\/463266598_18468868243057382_7353285329683624623_n.jpg.webp","type":"image\/webp"}],"author":"sabrinalat15","twitter_card":"summary_large_image","twitter_misc":{"Escrito por":"sabrinalat15","Est. tempo de leitura":"4 minutos"},"schema":{"@context":"https:\/\/schema.org","@graph":[{"@type":"Article","@id":"https:\/\/www.latitude-15.com\/pt-br\/caribbean-airlines-garvin-medera-renuncia-ao-cargo-de-ceo-continuidade-garantida-por-nirmala-ramai\/#article","isPartOf":{"@id":"https:\/\/www.latitude-15.com\/pt-br\/caribbean-airlines-garvin-medera-renuncia-ao-cargo-de-ceo-continuidade-garantida-por-nirmala-ramai\/"},"author":{"name":"sabrinalat15","@id":"https:\/\/www.latitude-15.com\/pt-br\/#\/schema\/person\/2a70943507771992ce3316849aa93bdd"},"headline":"Caribbean Airlines: Garvin Medera renuncia ao cargo de CEO, continuidade garantida por Nirmala Ramai","datePublished":"2025-10-14T05:11:00+00:00","dateModified":"2026-02-04T04:14:13+00:00","mainEntityOfPage":{"@id":"https:\/\/www.latitude-15.com\/pt-br\/caribbean-airlines-garvin-medera-renuncia-ao-cargo-de-ceo-continuidade-garantida-por-nirmala-ramai\/"},"wordCount":870,"commentCount":0,"publisher":{"@id":"https:\/\/www.latitude-15.com\/pt-br\/#organization"},"image":{"@id":"https:\/\/www.latitude-15.com\/pt-br\/caribbean-airlines-garvin-medera-renuncia-ao-cargo-de-ceo-continuidade-garantida-por-nirmala-ramai\/#primaryimage"},"thumbnailUrl":"https:\/\/richeskarayib.com\/wp-content\/uploads\/2025\/10\/489831205_1066356962195911_2877130269033330039_n-1024x684.jpg","articleSection":["Aeroportos e infraestrutura","AVIA\u00c7\u00c3O"],"inLanguage":"pt-BR","potentialAction":[{"@type":"CommentAction","name":"Comment","target":["https:\/\/www.latitude-15.com\/pt-br\/caribbean-airlines-garvin-medera-renuncia-ao-cargo-de-ceo-continuidade-garantida-por-nirmala-ramai\/#respond"]}]},{"@type":"WebPage","@id":"https:\/\/www.latitude-15.com\/pt-br\/caribbean-airlines-garvin-medera-renuncia-ao-cargo-de-ceo-continuidade-garantida-por-nirmala-ramai\/","url":"https:\/\/www.latitude-15.com\/pt-br\/caribbean-airlines-garvin-medera-renuncia-ao-cargo-de-ceo-continuidade-garantida-por-nirmala-ramai\/","name":"Caribbean Airlines: Garvin Medera renuncia ao cargo de CEO, continuidade garantida por Nirmala Ramai - LATITUDE 15","isPartOf":{"@id":"https:\/\/www.latitude-15.com\/pt-br\/#website"},"primaryImageOfPage":{"@id":"https:\/\/www.latitude-15.com\/pt-br\/caribbean-airlines-garvin-medera-renuncia-ao-cargo-de-ceo-continuidade-garantida-por-nirmala-ramai\/#primaryimage"},"image":{"@id":"https:\/\/www.latitude-15.com\/pt-br\/caribbean-airlines-garvin-medera-renuncia-ao-cargo-de-ceo-continuidade-garantida-por-nirmala-ramai\/#primaryimage"},"thumbnailUrl":"https:\/\/richeskarayib.com\/wp-content\/uploads\/2025\/10\/489831205_1066356962195911_2877130269033330039_n-1024x684.jpg","datePublished":"2025-10-14T05:11:00+00:00","dateModified":"2026-02-04T04:14:13+00:00","breadcrumb":{"@id":"https:\/\/www.latitude-15.com\/pt-br\/caribbean-airlines-garvin-medera-renuncia-ao-cargo-de-ceo-continuidade-garantida-por-nirmala-ramai\/#breadcrumb"},"inLanguage":"pt-BR","potentialAction":[{"@type":"ReadAction","target":["https:\/\/www.latitude-15.com\/pt-br\/caribbean-airlines-garvin-medera-renuncia-ao-cargo-de-ceo-continuidade-garantida-por-nirmala-ramai\/"]}]},{"@type":"ImageObject","inLanguage":"pt-BR","@id":"https:\/\/www.latitude-15.com\/pt-br\/caribbean-airlines-garvin-medera-renuncia-ao-cargo-de-ceo-continuidade-garantida-por-nirmala-ramai\/#primaryimage","url":"https:\/\/richeskarayib.com\/wp-content\/uploads\/2025\/10\/489831205_1066356962195911_2877130269033330039_n-1024x684.jpg","contentUrl":"https:\/\/richeskarayib.com\/wp-content\/uploads\/2025\/10\/489831205_1066356962195911_2877130269033330039_n-1024x684.jpg"},{"@type":"BreadcrumbList","@id":"https:\/\/www.latitude-15.com\/pt-br\/caribbean-airlines-garvin-medera-renuncia-ao-cargo-de-ceo-continuidade-garantida-por-nirmala-ramai\/#breadcrumb","itemListElement":[{"@type":"ListItem","position":1,"name":"Home","item":"https:\/\/www.latitude-15.com\/pt-br\/inicio\/"},{"@type":"ListItem","position":2,"name":"Caribbean Airlines: Garvin Medera renuncia ao cargo de CEO, continuidade garantida por Nirmala Ramai"}]},{"@type":"WebSite","@id":"https:\/\/www.latitude-15.com\/pt-br\/#website","url":"https:\/\/www.latitude-15.com\/pt-br\/","name":"LATITUDE 15","description":"Aviation and maritime Magazine - Caribbean &amp; Latin America","publisher":{"@id":"https:\/\/www.latitude-15.com\/pt-br\/#organization"},"potentialAction":[{"@type":"SearchAction","target":{"@type":"EntryPoint","urlTemplate":"https:\/\/www.latitude-15.com\/pt-br\/?s={search_term_string}"},"query-input":{"@type":"PropertyValueSpecification","valueRequired":true,"valueName":"search_term_string"}}],"inLanguage":"pt-BR"},{"@type":"Organization","@id":"https:\/\/www.latitude-15.com\/pt-br\/#organization","name":"LATITUDE 15","url":"https:\/\/www.latitude-15.com\/pt-br\/","logo":{"@type":"ImageObject","inLanguage":"pt-BR","@id":"https:\/\/www.latitude-15.com\/pt-br\/#\/schema\/logo\/image\/","url":"https:\/\/www.latitude-15.com\/wp-content\/uploads\/2026\/01\/cropped-logox500px.png","contentUrl":"https:\/\/www.latitude-15.com\/wp-content\/uploads\/2026\/01\/cropped-logox500px.png","width":62,"height":75,"caption":"LATITUDE 15"},"image":{"@id":"https:\/\/www.latitude-15.com\/pt-br\/#\/schema\/logo\/image\/"}},{"@type":"Person","@id":"https:\/\/www.latitude-15.com\/pt-br\/#\/schema\/person\/2a70943507771992ce3316849aa93bdd","name":"sabrinalat15","image":{"@type":"ImageObject","inLanguage":"pt-BR","@id":"https:\/\/www.latitude-15.com\/pt-br\/#\/schema\/person\/image\/","url":"https:\/\/secure.gravatar.com\/avatar\/91f5e11872ca6128d75f7bbde22cc384ad142a113b81c554ed87d6d9762f8813?s=96&d=mm&r=g","contentUrl":"https:\/\/secure.gravatar.com\/avatar\/91f5e11872ca6128d75f7bbde22cc384ad142a113b81c554ed87d6d9762f8813?s=96&d=mm&r=g","caption":"sabrinalat15"},"sameAs":["https:\/\/www.latitude-15.com"],"url":"https:\/\/www.latitude-15.com\/pt-br\/author\/sabrinalat15\/"}]}},"_links":{"self":[{"href":"https:\/\/www.latitude-15.com\/pt-br\/wp-json\/wp\/v2\/posts\/19644","targetHints":{"allow":["GET"]}}],"collection":[{"href":"https:\/\/www.latitude-15.com\/pt-br\/wp-json\/wp\/v2\/posts"}],"about":[{"href":"https:\/\/www.latitude-15.com\/pt-br\/wp-json\/wp\/v2\/types\/post"}],"author":[{"embeddable":true,"href":"https:\/\/www.latitude-15.com\/pt-br\/wp-json\/wp\/v2\/users\/1"}],"replies":[{"embeddable":true,"href":"https:\/\/www.latitude-15.com\/pt-br\/wp-json\/wp\/v2\/comments?post=19644"}],"version-history":[{"count":2,"href":"https:\/\/www.latitude-15.com\/pt-br\/wp-json\/wp\/v2\/posts\/19644\/revisions"}],"predecessor-version":[{"id":19646,"href":"https:\/\/www.latitude-15.com\/pt-br\/wp-json\/wp\/v2\/posts\/19644\/revisions\/19646"}],"wp:attachment":[{"href":"https:\/\/www.latitude-15.com\/pt-br\/wp-json\/wp\/v2\/media?parent=19644"}],"wp:term":[{"taxonomy":"category","embeddable":true,"href":"https:\/\/www.latitude-15.com\/pt-br\/wp-json\/wp\/v2\/categories?post=19644"},{"taxonomy":"post_tag","embeddable":true,"href":"https:\/\/www.latitude-15.com\/pt-br\/wp-json\/wp\/v2\/tags?post=19644"}],"curies":[{"name":"wp","href":"https:\/\/api.w.org\/{rel}","templated":true}]}}