{"id":19636,"date":"2025-12-15T01:46:27","date_gmt":"2025-12-15T05:46:27","guid":{"rendered":"https:\/\/www.latitude-15.com\/2025\/12\/15\/ilha-francesa-do-caribe-e-guiana-francesa-cciag-trabalhando-juntos-para-uma-logistica-regional-integrada\/"},"modified":"2026-02-04T00:07:28","modified_gmt":"2026-02-04T04:07:28","slug":"ilha-francesa-do-caribe-e-guiana-francesa-cciag-trabalhando-juntos-para-uma-logistica-regional-integrada","status":"publish","type":"post","link":"https:\/\/www.latitude-15.com\/pt-br\/ilha-francesa-do-caribe-e-guiana-francesa-cciag-trabalhando-juntos-para-uma-logistica-regional-integrada\/","title":{"rendered":"Ilha Francesa do Caribe e Guiana Francesa \u2013 CCIAG: trabalhando juntos para uma log\u00edstica regional integrada"},"content":{"rendered":"\n<p>O <a href=\"https:\/\/www.martinique.port.fr\/detail-actualites.aspx?card=10257#:~:text=Dans%20le%20cadre%20du%20renforcement,Guyane%20et%20de%20la%20Martinique.\" target=\"_blank\" rel=\"noreferrer noopener\">Conseil de Coordination Interportuaire Antilles-Guyane (CCIAG<\/a> ) se reuniu em 12 de dezembro de 2025 na Habitation Le PALM, na Martinica. Esta reuni\u00e3o anual, prevista no C\u00f3digo de Transportes franc\u00eas, tornou-se uma importante alavanca para a governan\u00e7a interterritorial entre Guadalupe, Martinica e Guiana Francesa.<\/p>\n\n<p>Apoiado pelo Estado franc\u00eas e pelos tr\u00eas Grands Ports Maritimes, o CCIAG visa refor\u00e7ar a coer\u00eancia das pol\u00edticas portu\u00e1rias, apoiar a resili\u00eancia econ\u00f4mica dos territ\u00f3rios e garantir a inclus\u00e3o a longo prazo do eixo Sul-Caribe em uma din\u00e2mica de coopera\u00e7\u00e3o regional.<\/p>\n\n<h2 class=\"wp-block-heading\">Governan\u00e7a colegiada a servi\u00e7o dos territ\u00f3rios<\/h2>\n\n<p>\u201cO CCIAG \u00e9 mais do que um \u00f3rg\u00e3o t\u00e9cnico: \u00e9 um f\u00f3rum para o di\u00e1logo estrat\u00e9gico com representantes do Estado, autoridades locais e portos\u201d, enfatiza <a href=\"https:\/\/richeskarayib.com\/msc-cruises-strengthens-presence-caribbean\/\" target=\"_blank\" rel=\"noreferrer noopener\">Bruno Menc\u00e9<\/a>, Presidente do Conselho do <a href=\"https:\/\/www.martinique.port.fr\/\" target=\"_blank\" rel=\"noreferrer noopener\">Grand Port Maritime de la Martinique<\/a>.<\/p>\n\n<p>O CCIAG garante que as pol\u00edticas portu\u00e1rias estejam regularmente alinhadas com as diretrizes nacionais e as necessidades locais. A cada ano, os tr\u00eas portos re\u00fanem suas experi\u00eancias e definem prioridades conjuntas: seguran\u00e7a, conectividade, transi\u00e7\u00e3o ecol\u00f3gica e competitividade log\u00edstica.<\/p>\n\n<figure class=\"wp-block-image\"><img decoding=\"async\" data-src=\"https:\/\/richeskarayib.com\/wp-content\/uploads\/2025\/12\/Bruno-Mence-1024x1024.png\" alt=\"CCIAG\" src=\"data:image\/svg+xml;base64,PHN2ZyB3aWR0aD0iMSIgaGVpZ2h0PSIxIiB4bWxucz0iaHR0cDovL3d3dy53My5vcmcvMjAwMC9zdmciPjwvc3ZnPg==\" class=\"lazyload\" style=\"--smush-placeholder-width: 1024px; --smush-placeholder-aspect-ratio: 1024\/1024;\" \/><figcaption class=\"wp-element-caption\">Bruno Menc\u00e9<\/figcaption><\/figure>\n\n<p>Jean-Pierre Chalus, Presidente do Conselho do <a href=\"https:\/\/guadeloupe-portcaraibes.com\/\" target=\"_blank\" rel=\"noreferrer noopener\">Porto de Guadalupe<\/a>, insiste que esta governan\u00e7a compartilhada permite um acompanhamento concreto do progresso e das dificuldades:<\/p>\n\n<blockquote class=\"wp-block-quote is-layout-flow wp-block-quote-is-layout-flow\">\n<p>\u201cTodos os anos, temos uma atualiza\u00e7\u00e3o sobre as orienta\u00e7\u00f5es votadas coletivamente, o que nos permite apontar nossos progressos, nossas dificuldades e continuar em nosso caminho.\u201d<br\/>Ele tamb\u00e9m enfatiza a crescente mobiliza\u00e7\u00e3o de equipes em torno de quest\u00f5es ambientais:<br\/>\u201cH\u00e1 muito entusiasmo de todos os portos em investir em energia, transi\u00e7\u00f5es ecol\u00f3gicas e outras, servindo o desenvolvimento sustent\u00e1vel de nossos territ\u00f3rios.\u201d<\/p>\n<\/blockquote>\n\n<figure class=\"wp-block-image\"><img decoding=\"async\" data-src=\"https:\/\/richeskarayib.com\/wp-content\/uploads\/2025\/12\/Jean-Pierre-Chalus-1024x1024.png\" alt=\"CCIAG\" src=\"data:image\/svg+xml;base64,PHN2ZyB3aWR0aD0iMSIgaGVpZ2h0PSIxIiB4bWxucz0iaHR0cDovL3d3dy53My5vcmcvMjAwMC9zdmciPjwvc3ZnPg==\" class=\"lazyload\" style=\"--smush-placeholder-width: 1024px; --smush-placeholder-aspect-ratio: 1024\/1024;\" \/><figcaption class=\"wp-element-caption\">Jean Pierre Chalus<\/figcaption><\/figure>\n\n<p>St\u00e9phane Tant, Presidente do Conselho do <a href=\"https:\/\/portdeguyane.fr\/\" target=\"_blank\" rel=\"noreferrer noopener\">Grand Port Maritime de la Guyane<\/a>, destaca a import\u00e2ncia desta reuni\u00e3o anual:<\/p>\n\n<blockquote class=\"wp-block-quote is-layout-flow wp-block-quote-is-layout-flow\">\n<p>\u201c\u00c9 uma reuni\u00e3o que nos permite trocar opini\u00f5es n\u00e3o s\u00f3 entre portos, mas tamb\u00e9m com representantes eleitos, a DGOM (Direction G\u00e9n\u00e9rale des Outre-mer) e a DGITM (Direction G\u00e9n\u00e9rale des Infrastructures, des Transports et de la Mer), sobre nossos desafios comuns, nossas necessidades de desenvolvimento e nosso roteiro.<\/p>\n\n\n\n<p>Ele enfatiza que o CCIAG \u00e9 mais do que apenas o porto, \u00e9 sobre desenvolvimento econ\u00f4mico e conectividade regional.<\/p>\n<\/blockquote>\n\n<figure class=\"wp-block-image\"><img decoding=\"async\" data-src=\"https:\/\/richeskarayib.com\/wp-content\/uploads\/2025\/12\/Stephane-Tant-1-1024x1024.png\" alt=\"CCIAG\" src=\"data:image\/svg+xml;base64,PHN2ZyB3aWR0aD0iMSIgaGVpZ2h0PSIxIiB4bWxucz0iaHR0cDovL3d3dy53My5vcmcvMjAwMC9zdmciPjwvc3ZnPg==\" class=\"lazyload\" style=\"--smush-placeholder-width: 1024px; --smush-placeholder-aspect-ratio: 1024\/1024;\" \/><figcaption class=\"wp-element-caption\">St\u00e9phane Tant<\/figcaption><\/figure>\n\n<h2 class=\"wp-block-heading\">Um roteiro comum e a\u00e7\u00f5es concretas<\/h2>\n\n<p>O roteiro 2025-2029, definido coletivamente por todos os intervenientes no CCIAG, centra-se em \u00e1reas importantes como a descarboniza\u00e7\u00e3o, a seguran\u00e7a portu\u00e1ria, a inova\u00e7\u00e3o e a adapta\u00e7\u00e3o \u00e0s altera\u00e7\u00f5es clim\u00e1ticas. Bruno Menc\u00e9 explica:<\/p>\n\n<p>\u201cTemos de garantir um n\u00edvel id\u00eantico de seguran\u00e7a em nossos tr\u00eas portos, correspondendo \u00e0s necessidades de nossos clientes e dos territ\u00f3rios.\u201d<\/p>\n\n<p>Ele tamb\u00e9m destaca a import\u00e2ncia da coopera\u00e7\u00e3o regional com a <strong>PMAC <\/strong>(Associa\u00e7\u00e3o de Gest\u00e3o Portu\u00e1ria do Caribe) para criar um observat\u00f3rio econ\u00f4mico caribenho:<\/p>\n\n<p>\u201c\u00c9 um projeto verdadeiramente caribenho no qual estamos trabalhando com a PMAC, ou seja, com todos os portos caribenhos\u201d, explica Bruno Menc\u00e9.<\/p>\n\n<p>O objetivo \u00e9 obter uma melhor compreens\u00e3o de como as linhas de transporte mar\u00edtimo funcionam e identificar formas de desenvolver o com\u00e9rcio com as ilhas vizinhas.<\/p>\n\n<p>Jean-Pierre Chalus salienta que este roteiro permite abordar temas estrat\u00e9gicos como os servi\u00e7os interterritoriais:<\/p>\n\n<p>\u201cO servi\u00e7o regular para a Guiana Francesa, Guadalupe e Martinica \u00e9 um fator importante para nossos territ\u00f3rios, tanto para os atores econ\u00f4micos quanto para os pol\u00edticos.\u201d<\/p>\n\n<p>Ele tamb\u00e9m enfatiza o papel das reuni\u00f5es t\u00e9cnicas realizadas ao longo do ano entre os departamentos portu\u00e1rios, para garantir o progresso cont\u00ednuo.<\/p>\n\n<p>Entre as a\u00e7\u00f5es concretas j\u00e1 empreendidas, ele cita <strong>a assinatura conjunta de um compromisso com a IUCN (Uni\u00e3o Internacional para a Conserva\u00e7\u00e3o da Natureza)<\/strong> sobre a gest\u00e3o de esp\u00e9cies ex\u00f3ticas invasoras, refletindo o envolvimento dos portos em quest\u00f5es ambientais compartilhadas.<\/p>\n\n<p>St\u00e9phane Tant, destaca as perspectivas de uma coopera\u00e7\u00e3o refor\u00e7ada com <strong>as Guianas<\/strong>, no \u00e2mbito de uma confer\u00eancia bianual entre a Guiana Francesa, a Guiana, o Suriname e dois estados brasileiros (Amap\u00e1 e Par\u00e1):<br\/>\u201cEstamos liderando uma confer\u00eancia de coopera\u00e7\u00e3o dos portos das Guianas.\u201d<br\/>Esta iniciativa complementa o trabalho do CCIAG, estendendo as conex\u00f5es regionais \u00e0 Am\u00e9rica do Sul.<\/p>\n\n<figure class=\"wp-block-image\"><img decoding=\"async\" data-src=\"https:\/\/richeskarayib.com\/wp-content\/uploads\/2025\/12\/WhatsApp-Image-2025-12-13-at-08.51.16-1024x473.jpeg\" alt=\"CCIAG\" src=\"data:image\/svg+xml;base64,PHN2ZyB3aWR0aD0iMSIgaGVpZ2h0PSIxIiB4bWxucz0iaHR0cDovL3d3dy53My5vcmcvMjAwMC9zdmciPjwvc3ZnPg==\" class=\"lazyload\" style=\"--smush-placeholder-width: 1024px; --smush-placeholder-aspect-ratio: 1024\/473;\" \/><\/figure>\n\n<h2 class=\"wp-block-heading\">Uma vis\u00e3o compartilhada: superando a insularidade<\/h2>\n\n<p>O CCIAG tem uma ambi\u00e7\u00e3o compartilhada que vai al\u00e9m da mera coordena\u00e7\u00e3o entre portos. Ao reunir diretores portu\u00e1rios, representantes do governo, autoridades locais e os presidentes dos conselhos de supervis\u00e3o, este \u00f3rg\u00e3o promove uma abordagem global da log\u00edstica e do desenvolvimento territorial.<\/p>\n\n<p>Todos os participantes concordaram em uma coisa: o desempenho portu\u00e1rio n\u00e3o pode mais ser pensado isoladamente. Depende de uma governan\u00e7a mais ampla, capaz de conectar pol\u00edticas p\u00fablicas, quest\u00f5es econ\u00f4micas e imperativos ambientais. Este quadro comum nos permitir\u00e1 lan\u00e7ar as bases para uma log\u00edstica mais resiliente e melhor integrada, voltada para o Grande Caribe como um todo.<\/p>\n\n<p>Em 2026, esta din\u00e2mica continuar\u00e1 na Guiana Francesa, na pr\u00f3xima sess\u00e3o plen\u00e1ria. Uma reuni\u00e3o ansiosamente aguardada para aprofundar esta coopera\u00e7\u00e3o multissetorial e consolidar as bases da soberania log\u00edstica regional.<\/p>\n\n<figure class=\"wp-block-image\"><img decoding=\"async\" data-src=\"https:\/\/richeskarayib.com\/wp-content\/uploads\/2025\/12\/20251212_121616-1024x473.jpg\" alt=\"CCIAG\" src=\"data:image\/svg+xml;base64,PHN2ZyB3aWR0aD0iMSIgaGVpZ2h0PSIxIiB4bWxucz0iaHR0cDovL3d3dy53My5vcmcvMjAwMC9zdmciPjwvc3ZnPg==\" class=\"lazyload\" style=\"--smush-placeholder-width: 1024px; --smush-placeholder-aspect-ratio: 1024\/473;\" \/><\/figure>\n","protected":false},"excerpt":{"rendered":"<p>O Conseil de Coordination Interportuaire Antilles-Guyane (CCIAG ) se reuniu em 12 de dezembro de 2025 na Habitation Le PALM, na Martinica. Esta reuni\u00e3o anual, prevista no C\u00f3digo de Transportes franc\u00eas, tornou-se uma importante alavanca para a governan\u00e7a interterritorial entre Guadalupe, Martinica e Guiana Francesa. Apoiado pelo Estado franc\u00eas e pelos tr\u00eas Grands Ports Maritimes, [&hellip;]<\/p>\n","protected":false},"author":1,"featured_media":19635,"comment_status":"open","ping_status":"open","sticky":false,"template":"","format":"standard","meta":{"footnotes":""},"categories":[131,122,119],"tags":[],"class_list":["post-19636","post","type-post","status-publish","format-standard","has-post-thumbnail","hentry","category-conectividade-maritima-e-mobilidade","category-economia-azul-e-sustentabilidade","category-maritimo"],"yoast_head":"<!-- This site is optimized with the Yoast SEO plugin v26.9 - https:\/\/yoast.com\/product\/yoast-seo-wordpress\/ -->\n<title>Ilha Francesa do Caribe e Guiana Francesa \u2013 CCIAG: trabalhando juntos para uma log\u00edstica regional integrada - LATITUDE 15<\/title>\n<meta name=\"robots\" content=\"index, follow, max-snippet:-1, max-image-preview:large, max-video-preview:-1\" \/>\n<link rel=\"canonical\" href=\"https:\/\/www.latitude-15.com\/pt-br\/ilha-francesa-do-caribe-e-guiana-francesa-cciag-trabalhando-juntos-para-uma-logistica-regional-integrada\/\" \/>\n<meta property=\"og:locale\" content=\"pt_BR\" \/>\n<meta property=\"og:type\" content=\"article\" \/>\n<meta property=\"og:title\" content=\"Ilha Francesa do Caribe e Guiana Francesa \u2013 CCIAG: trabalhando juntos para uma log\u00edstica regional integrada - LATITUDE 15\" \/>\n<meta property=\"og:description\" content=\"O Conseil de Coordination Interportuaire Antilles-Guyane (CCIAG ) se reuniu em 12 de dezembro de 2025 na Habitation Le PALM, na Martinica. Esta reuni\u00e3o anual, prevista no C\u00f3digo de Transportes franc\u00eas, tornou-se uma importante alavanca para a governan\u00e7a interterritorial entre Guadalupe, Martinica e Guiana Francesa. Apoiado pelo Estado franc\u00eas e pelos tr\u00eas Grands Ports Maritimes, [&hellip;]\" \/>\n<meta property=\"og:url\" content=\"https:\/\/www.latitude-15.com\/pt-br\/ilha-francesa-do-caribe-e-guiana-francesa-cciag-trabalhando-juntos-para-uma-logistica-regional-integrada\/\" \/>\n<meta property=\"og:site_name\" content=\"LATITUDE 15\" \/>\n<meta property=\"article:published_time\" content=\"2025-12-15T05:46:27+00:00\" \/>\n<meta property=\"article:modified_time\" content=\"2026-02-04T04:07:28+00:00\" \/>\n<meta property=\"og:image\" content=\"https:\/\/www.latitude-15.com\/wp-content\/uploads\/2026\/01\/WhatsApp-Image-2025-12-13-at-08.51.16.jpeg.webp\" \/>\n\t<meta property=\"og:image:width\" content=\"1600\" \/>\n\t<meta property=\"og:image:height\" content=\"739\" \/>\n\t<meta property=\"og:image:type\" content=\"image\/webp\" \/>\n<meta name=\"author\" content=\"sabrinalat15\" \/>\n<meta name=\"twitter:card\" content=\"summary_large_image\" \/>\n<meta name=\"twitter:label1\" content=\"Escrito por\" \/>\n\t<meta name=\"twitter:data1\" content=\"sabrinalat15\" \/>\n\t<meta name=\"twitter:label2\" content=\"Est. tempo de leitura\" \/>\n\t<meta name=\"twitter:data2\" content=\"4 minutos\" \/>\n<script type=\"application\/ld+json\" class=\"yoast-schema-graph\">{\"@context\":\"https:\/\/schema.org\",\"@graph\":[{\"@type\":\"Article\",\"@id\":\"https:\/\/www.latitude-15.com\/pt-br\/ilha-francesa-do-caribe-e-guiana-francesa-cciag-trabalhando-juntos-para-uma-logistica-regional-integrada\/#article\",\"isPartOf\":{\"@id\":\"https:\/\/www.latitude-15.com\/pt-br\/ilha-francesa-do-caribe-e-guiana-francesa-cciag-trabalhando-juntos-para-uma-logistica-regional-integrada\/\"},\"author\":{\"name\":\"sabrinalat15\",\"@id\":\"https:\/\/www.latitude-15.com\/pt-br\/#\/schema\/person\/2a70943507771992ce3316849aa93bdd\"},\"headline\":\"Ilha Francesa do Caribe e Guiana Francesa \u2013 CCIAG: trabalhando juntos para uma log\u00edstica regional integrada\",\"datePublished\":\"2025-12-15T05:46:27+00:00\",\"dateModified\":\"2026-02-04T04:07:28+00:00\",\"mainEntityOfPage\":{\"@id\":\"https:\/\/www.latitude-15.com\/pt-br\/ilha-francesa-do-caribe-e-guiana-francesa-cciag-trabalhando-juntos-para-uma-logistica-regional-integrada\/\"},\"wordCount\":897,\"commentCount\":0,\"publisher\":{\"@id\":\"https:\/\/www.latitude-15.com\/pt-br\/#organization\"},\"image\":{\"@id\":\"https:\/\/www.latitude-15.com\/pt-br\/ilha-francesa-do-caribe-e-guiana-francesa-cciag-trabalhando-juntos-para-uma-logistica-regional-integrada\/#primaryimage\"},\"thumbnailUrl\":\"https:\/\/www.latitude-15.com\/wp-content\/uploads\/2026\/01\/WhatsApp-Image-2025-12-13-at-08.51.16.jpeg.webp\",\"articleSection\":[\"Conectividade mar\u00edtima e mobilidade\",\"Economia azul e sustentabilidade\",\"MAR\u00cdTIMO\"],\"inLanguage\":\"pt-BR\",\"potentialAction\":[{\"@type\":\"CommentAction\",\"name\":\"Comment\",\"target\":[\"https:\/\/www.latitude-15.com\/pt-br\/ilha-francesa-do-caribe-e-guiana-francesa-cciag-trabalhando-juntos-para-uma-logistica-regional-integrada\/#respond\"]}]},{\"@type\":\"WebPage\",\"@id\":\"https:\/\/www.latitude-15.com\/pt-br\/ilha-francesa-do-caribe-e-guiana-francesa-cciag-trabalhando-juntos-para-uma-logistica-regional-integrada\/\",\"url\":\"https:\/\/www.latitude-15.com\/pt-br\/ilha-francesa-do-caribe-e-guiana-francesa-cciag-trabalhando-juntos-para-uma-logistica-regional-integrada\/\",\"name\":\"Ilha Francesa do Caribe e Guiana Francesa \u2013 CCIAG: trabalhando juntos para uma log\u00edstica regional integrada - LATITUDE 15\",\"isPartOf\":{\"@id\":\"https:\/\/www.latitude-15.com\/pt-br\/#website\"},\"primaryImageOfPage\":{\"@id\":\"https:\/\/www.latitude-15.com\/pt-br\/ilha-francesa-do-caribe-e-guiana-francesa-cciag-trabalhando-juntos-para-uma-logistica-regional-integrada\/#primaryimage\"},\"image\":{\"@id\":\"https:\/\/www.latitude-15.com\/pt-br\/ilha-francesa-do-caribe-e-guiana-francesa-cciag-trabalhando-juntos-para-uma-logistica-regional-integrada\/#primaryimage\"},\"thumbnailUrl\":\"https:\/\/www.latitude-15.com\/wp-content\/uploads\/2026\/01\/WhatsApp-Image-2025-12-13-at-08.51.16.jpeg.webp\",\"datePublished\":\"2025-12-15T05:46:27+00:00\",\"dateModified\":\"2026-02-04T04:07:28+00:00\",\"breadcrumb\":{\"@id\":\"https:\/\/www.latitude-15.com\/pt-br\/ilha-francesa-do-caribe-e-guiana-francesa-cciag-trabalhando-juntos-para-uma-logistica-regional-integrada\/#breadcrumb\"},\"inLanguage\":\"pt-BR\",\"potentialAction\":[{\"@type\":\"ReadAction\",\"target\":[\"https:\/\/www.latitude-15.com\/pt-br\/ilha-francesa-do-caribe-e-guiana-francesa-cciag-trabalhando-juntos-para-uma-logistica-regional-integrada\/\"]}]},{\"@type\":\"ImageObject\",\"inLanguage\":\"pt-BR\",\"@id\":\"https:\/\/www.latitude-15.com\/pt-br\/ilha-francesa-do-caribe-e-guiana-francesa-cciag-trabalhando-juntos-para-uma-logistica-regional-integrada\/#primaryimage\",\"url\":\"https:\/\/www.latitude-15.com\/wp-content\/uploads\/2026\/01\/WhatsApp-Image-2025-12-13-at-08.51.16.jpeg.webp\",\"contentUrl\":\"https:\/\/www.latitude-15.com\/wp-content\/uploads\/2026\/01\/WhatsApp-Image-2025-12-13-at-08.51.16.jpeg.webp\",\"width\":1600,\"height\":739},{\"@type\":\"BreadcrumbList\",\"@id\":\"https:\/\/www.latitude-15.com\/pt-br\/ilha-francesa-do-caribe-e-guiana-francesa-cciag-trabalhando-juntos-para-uma-logistica-regional-integrada\/#breadcrumb\",\"itemListElement\":[{\"@type\":\"ListItem\",\"position\":1,\"name\":\"Home\",\"item\":\"https:\/\/www.latitude-15.com\/pt-br\/inicio\/\"},{\"@type\":\"ListItem\",\"position\":2,\"name\":\"Ilha Francesa do Caribe e Guiana Francesa \u2013 CCIAG: trabalhando juntos para uma log\u00edstica regional integrada\"}]},{\"@type\":\"WebSite\",\"@id\":\"https:\/\/www.latitude-15.com\/pt-br\/#website\",\"url\":\"https:\/\/www.latitude-15.com\/pt-br\/\",\"name\":\"LATITUDE 15\",\"description\":\"Aviation and maritime Magazine - Caribbean &amp; Latin America\",\"publisher\":{\"@id\":\"https:\/\/www.latitude-15.com\/pt-br\/#organization\"},\"potentialAction\":[{\"@type\":\"SearchAction\",\"target\":{\"@type\":\"EntryPoint\",\"urlTemplate\":\"https:\/\/www.latitude-15.com\/pt-br\/?s={search_term_string}\"},\"query-input\":{\"@type\":\"PropertyValueSpecification\",\"valueRequired\":true,\"valueName\":\"search_term_string\"}}],\"inLanguage\":\"pt-BR\"},{\"@type\":\"Organization\",\"@id\":\"https:\/\/www.latitude-15.com\/pt-br\/#organization\",\"name\":\"LATITUDE 15\",\"url\":\"https:\/\/www.latitude-15.com\/pt-br\/\",\"logo\":{\"@type\":\"ImageObject\",\"inLanguage\":\"pt-BR\",\"@id\":\"https:\/\/www.latitude-15.com\/pt-br\/#\/schema\/logo\/image\/\",\"url\":\"https:\/\/www.latitude-15.com\/wp-content\/uploads\/2026\/01\/cropped-logox500px.png\",\"contentUrl\":\"https:\/\/www.latitude-15.com\/wp-content\/uploads\/2026\/01\/cropped-logox500px.png\",\"width\":62,\"height\":75,\"caption\":\"LATITUDE 15\"},\"image\":{\"@id\":\"https:\/\/www.latitude-15.com\/pt-br\/#\/schema\/logo\/image\/\"}},{\"@type\":\"Person\",\"@id\":\"https:\/\/www.latitude-15.com\/pt-br\/#\/schema\/person\/2a70943507771992ce3316849aa93bdd\",\"name\":\"sabrinalat15\",\"image\":{\"@type\":\"ImageObject\",\"inLanguage\":\"pt-BR\",\"@id\":\"https:\/\/www.latitude-15.com\/pt-br\/#\/schema\/person\/image\/\",\"url\":\"https:\/\/secure.gravatar.com\/avatar\/91f5e11872ca6128d75f7bbde22cc384ad142a113b81c554ed87d6d9762f8813?s=96&d=mm&r=g\",\"contentUrl\":\"https:\/\/secure.gravatar.com\/avatar\/91f5e11872ca6128d75f7bbde22cc384ad142a113b81c554ed87d6d9762f8813?s=96&d=mm&r=g\",\"caption\":\"sabrinalat15\"},\"sameAs\":[\"https:\/\/www.latitude-15.com\"],\"url\":\"https:\/\/www.latitude-15.com\/pt-br\/author\/sabrinalat15\/\"}]}<\/script>\n<!-- \/ Yoast SEO plugin. -->","yoast_head_json":{"title":"Ilha Francesa do Caribe e Guiana Francesa \u2013 CCIAG: trabalhando juntos para uma log\u00edstica regional integrada - LATITUDE 15","robots":{"index":"index","follow":"follow","max-snippet":"max-snippet:-1","max-image-preview":"max-image-preview:large","max-video-preview":"max-video-preview:-1"},"canonical":"https:\/\/www.latitude-15.com\/pt-br\/ilha-francesa-do-caribe-e-guiana-francesa-cciag-trabalhando-juntos-para-uma-logistica-regional-integrada\/","og_locale":"pt_BR","og_type":"article","og_title":"Ilha Francesa do Caribe e Guiana Francesa \u2013 CCIAG: trabalhando juntos para uma log\u00edstica regional integrada - LATITUDE 15","og_description":"O Conseil de Coordination Interportuaire Antilles-Guyane (CCIAG ) se reuniu em 12 de dezembro de 2025 na Habitation Le PALM, na Martinica. Esta reuni\u00e3o anual, prevista no C\u00f3digo de Transportes franc\u00eas, tornou-se uma importante alavanca para a governan\u00e7a interterritorial entre Guadalupe, Martinica e Guiana Francesa. Apoiado pelo Estado franc\u00eas e pelos tr\u00eas Grands Ports Maritimes, [&hellip;]","og_url":"https:\/\/www.latitude-15.com\/pt-br\/ilha-francesa-do-caribe-e-guiana-francesa-cciag-trabalhando-juntos-para-uma-logistica-regional-integrada\/","og_site_name":"LATITUDE 15","article_published_time":"2025-12-15T05:46:27+00:00","article_modified_time":"2026-02-04T04:07:28+00:00","og_image":[{"width":1600,"height":739,"url":"https:\/\/www.latitude-15.com\/wp-content\/uploads\/2026\/01\/WhatsApp-Image-2025-12-13-at-08.51.16.jpeg.webp","type":"image\/webp"}],"author":"sabrinalat15","twitter_card":"summary_large_image","twitter_misc":{"Escrito por":"sabrinalat15","Est. tempo de leitura":"4 minutos"},"schema":{"@context":"https:\/\/schema.org","@graph":[{"@type":"Article","@id":"https:\/\/www.latitude-15.com\/pt-br\/ilha-francesa-do-caribe-e-guiana-francesa-cciag-trabalhando-juntos-para-uma-logistica-regional-integrada\/#article","isPartOf":{"@id":"https:\/\/www.latitude-15.com\/pt-br\/ilha-francesa-do-caribe-e-guiana-francesa-cciag-trabalhando-juntos-para-uma-logistica-regional-integrada\/"},"author":{"name":"sabrinalat15","@id":"https:\/\/www.latitude-15.com\/pt-br\/#\/schema\/person\/2a70943507771992ce3316849aa93bdd"},"headline":"Ilha Francesa do Caribe e Guiana Francesa \u2013 CCIAG: trabalhando juntos para uma log\u00edstica regional integrada","datePublished":"2025-12-15T05:46:27+00:00","dateModified":"2026-02-04T04:07:28+00:00","mainEntityOfPage":{"@id":"https:\/\/www.latitude-15.com\/pt-br\/ilha-francesa-do-caribe-e-guiana-francesa-cciag-trabalhando-juntos-para-uma-logistica-regional-integrada\/"},"wordCount":897,"commentCount":0,"publisher":{"@id":"https:\/\/www.latitude-15.com\/pt-br\/#organization"},"image":{"@id":"https:\/\/www.latitude-15.com\/pt-br\/ilha-francesa-do-caribe-e-guiana-francesa-cciag-trabalhando-juntos-para-uma-logistica-regional-integrada\/#primaryimage"},"thumbnailUrl":"https:\/\/www.latitude-15.com\/wp-content\/uploads\/2026\/01\/WhatsApp-Image-2025-12-13-at-08.51.16.jpeg.webp","articleSection":["Conectividade mar\u00edtima e mobilidade","Economia azul e sustentabilidade","MAR\u00cdTIMO"],"inLanguage":"pt-BR","potentialAction":[{"@type":"CommentAction","name":"Comment","target":["https:\/\/www.latitude-15.com\/pt-br\/ilha-francesa-do-caribe-e-guiana-francesa-cciag-trabalhando-juntos-para-uma-logistica-regional-integrada\/#respond"]}]},{"@type":"WebPage","@id":"https:\/\/www.latitude-15.com\/pt-br\/ilha-francesa-do-caribe-e-guiana-francesa-cciag-trabalhando-juntos-para-uma-logistica-regional-integrada\/","url":"https:\/\/www.latitude-15.com\/pt-br\/ilha-francesa-do-caribe-e-guiana-francesa-cciag-trabalhando-juntos-para-uma-logistica-regional-integrada\/","name":"Ilha Francesa do Caribe e Guiana Francesa \u2013 CCIAG: trabalhando juntos para uma log\u00edstica regional integrada - LATITUDE 15","isPartOf":{"@id":"https:\/\/www.latitude-15.com\/pt-br\/#website"},"primaryImageOfPage":{"@id":"https:\/\/www.latitude-15.com\/pt-br\/ilha-francesa-do-caribe-e-guiana-francesa-cciag-trabalhando-juntos-para-uma-logistica-regional-integrada\/#primaryimage"},"image":{"@id":"https:\/\/www.latitude-15.com\/pt-br\/ilha-francesa-do-caribe-e-guiana-francesa-cciag-trabalhando-juntos-para-uma-logistica-regional-integrada\/#primaryimage"},"thumbnailUrl":"https:\/\/www.latitude-15.com\/wp-content\/uploads\/2026\/01\/WhatsApp-Image-2025-12-13-at-08.51.16.jpeg.webp","datePublished":"2025-12-15T05:46:27+00:00","dateModified":"2026-02-04T04:07:28+00:00","breadcrumb":{"@id":"https:\/\/www.latitude-15.com\/pt-br\/ilha-francesa-do-caribe-e-guiana-francesa-cciag-trabalhando-juntos-para-uma-logistica-regional-integrada\/#breadcrumb"},"inLanguage":"pt-BR","potentialAction":[{"@type":"ReadAction","target":["https:\/\/www.latitude-15.com\/pt-br\/ilha-francesa-do-caribe-e-guiana-francesa-cciag-trabalhando-juntos-para-uma-logistica-regional-integrada\/"]}]},{"@type":"ImageObject","inLanguage":"pt-BR","@id":"https:\/\/www.latitude-15.com\/pt-br\/ilha-francesa-do-caribe-e-guiana-francesa-cciag-trabalhando-juntos-para-uma-logistica-regional-integrada\/#primaryimage","url":"https:\/\/www.latitude-15.com\/wp-content\/uploads\/2026\/01\/WhatsApp-Image-2025-12-13-at-08.51.16.jpeg.webp","contentUrl":"https:\/\/www.latitude-15.com\/wp-content\/uploads\/2026\/01\/WhatsApp-Image-2025-12-13-at-08.51.16.jpeg.webp","width":1600,"height":739},{"@type":"BreadcrumbList","@id":"https:\/\/www.latitude-15.com\/pt-br\/ilha-francesa-do-caribe-e-guiana-francesa-cciag-trabalhando-juntos-para-uma-logistica-regional-integrada\/#breadcrumb","itemListElement":[{"@type":"ListItem","position":1,"name":"Home","item":"https:\/\/www.latitude-15.com\/pt-br\/inicio\/"},{"@type":"ListItem","position":2,"name":"Ilha Francesa do Caribe e Guiana Francesa \u2013 CCIAG: trabalhando juntos para uma log\u00edstica regional integrada"}]},{"@type":"WebSite","@id":"https:\/\/www.latitude-15.com\/pt-br\/#website","url":"https:\/\/www.latitude-15.com\/pt-br\/","name":"LATITUDE 15","description":"Aviation and maritime Magazine - Caribbean &amp; Latin America","publisher":{"@id":"https:\/\/www.latitude-15.com\/pt-br\/#organization"},"potentialAction":[{"@type":"SearchAction","target":{"@type":"EntryPoint","urlTemplate":"https:\/\/www.latitude-15.com\/pt-br\/?s={search_term_string}"},"query-input":{"@type":"PropertyValueSpecification","valueRequired":true,"valueName":"search_term_string"}}],"inLanguage":"pt-BR"},{"@type":"Organization","@id":"https:\/\/www.latitude-15.com\/pt-br\/#organization","name":"LATITUDE 15","url":"https:\/\/www.latitude-15.com\/pt-br\/","logo":{"@type":"ImageObject","inLanguage":"pt-BR","@id":"https:\/\/www.latitude-15.com\/pt-br\/#\/schema\/logo\/image\/","url":"https:\/\/www.latitude-15.com\/wp-content\/uploads\/2026\/01\/cropped-logox500px.png","contentUrl":"https:\/\/www.latitude-15.com\/wp-content\/uploads\/2026\/01\/cropped-logox500px.png","width":62,"height":75,"caption":"LATITUDE 15"},"image":{"@id":"https:\/\/www.latitude-15.com\/pt-br\/#\/schema\/logo\/image\/"}},{"@type":"Person","@id":"https:\/\/www.latitude-15.com\/pt-br\/#\/schema\/person\/2a70943507771992ce3316849aa93bdd","name":"sabrinalat15","image":{"@type":"ImageObject","inLanguage":"pt-BR","@id":"https:\/\/www.latitude-15.com\/pt-br\/#\/schema\/person\/image\/","url":"https:\/\/secure.gravatar.com\/avatar\/91f5e11872ca6128d75f7bbde22cc384ad142a113b81c554ed87d6d9762f8813?s=96&d=mm&r=g","contentUrl":"https:\/\/secure.gravatar.com\/avatar\/91f5e11872ca6128d75f7bbde22cc384ad142a113b81c554ed87d6d9762f8813?s=96&d=mm&r=g","caption":"sabrinalat15"},"sameAs":["https:\/\/www.latitude-15.com"],"url":"https:\/\/www.latitude-15.com\/pt-br\/author\/sabrinalat15\/"}]}},"_links":{"self":[{"href":"https:\/\/www.latitude-15.com\/pt-br\/wp-json\/wp\/v2\/posts\/19636","targetHints":{"allow":["GET"]}}],"collection":[{"href":"https:\/\/www.latitude-15.com\/pt-br\/wp-json\/wp\/v2\/posts"}],"about":[{"href":"https:\/\/www.latitude-15.com\/pt-br\/wp-json\/wp\/v2\/types\/post"}],"author":[{"embeddable":true,"href":"https:\/\/www.latitude-15.com\/pt-br\/wp-json\/wp\/v2\/users\/1"}],"replies":[{"embeddable":true,"href":"https:\/\/www.latitude-15.com\/pt-br\/wp-json\/wp\/v2\/comments?post=19636"}],"version-history":[{"count":1,"href":"https:\/\/www.latitude-15.com\/pt-br\/wp-json\/wp\/v2\/posts\/19636\/revisions"}],"predecessor-version":[{"id":19637,"href":"https:\/\/www.latitude-15.com\/pt-br\/wp-json\/wp\/v2\/posts\/19636\/revisions\/19637"}],"wp:featuredmedia":[{"embeddable":true,"href":"https:\/\/www.latitude-15.com\/pt-br\/wp-json\/wp\/v2\/media\/19635"}],"wp:attachment":[{"href":"https:\/\/www.latitude-15.com\/pt-br\/wp-json\/wp\/v2\/media?parent=19636"}],"wp:term":[{"taxonomy":"category","embeddable":true,"href":"https:\/\/www.latitude-15.com\/pt-br\/wp-json\/wp\/v2\/categories?post=19636"},{"taxonomy":"post_tag","embeddable":true,"href":"https:\/\/www.latitude-15.com\/pt-br\/wp-json\/wp\/v2\/tags?post=19636"}],"curies":[{"name":"wp","href":"https:\/\/api.w.org\/{rel}","templated":true}]}}