{"id":19622,"date":"2025-12-16T00:39:35","date_gmt":"2025-12-16T04:39:35","guid":{"rendered":"https:\/\/www.latitude-15.com\/2025\/12\/16\/martinica-bordeaux-e-fort-de-france-ligadas-por-uma-ponte-aerea-direta-com-a-corsair\/"},"modified":"2026-02-03T23:52:34","modified_gmt":"2026-02-04T03:52:34","slug":"martinica-bordeaux-e-fort-de-france-ligadas-por-uma-ponte-aerea-direta-com-a-corsair","status":"publish","type":"post","link":"https:\/\/www.latitude-15.com\/pt-br\/martinica-bordeaux-e-fort-de-france-ligadas-por-uma-ponte-aerea-direta-com-a-corsair\/","title":{"rendered":"Martinica: Bordeaux e Fort-de-France ligadas por uma ponte a\u00e9rea direta com a CORSAIR"},"content":{"rendered":"\t\t<div data-elementor-type=\"wp-post\" data-elementor-id=\"19622\" class=\"elementor elementor-19622 elementor-343\" data-elementor-post-type=\"post\">\n\t\t\t\t<div class=\"elementor-element elementor-element-ef47272 e-flex e-con-boxed e-con e-parent\" data-id=\"ef47272\" data-element_type=\"container\">\n\t\t\t\t\t<div class=\"e-con-inner\">\n\t\t\t\t<div class=\"elementor-element elementor-element-c73c348 elementor-widget elementor-widget-text-editor\" data-id=\"c73c348\" data-element_type=\"widget\" data-widget_type=\"text-editor.default\">\n\t\t\t\t\t\t\t\t\t<section class=\"elementor-section elementor-top-section elementor-element elementor-element-ee72354 elementor-section-boxed elementor-section-height-default elementor-section-height-default\" data-id=\"ee72354\" data-element_type=\"section\"><div class=\"elementor-container elementor-column-gap-default\"><div class=\"elementor-column elementor-col-100 elementor-top-column elementor-element elementor-element-c59d6fe\" data-id=\"c59d6fe\" data-element_type=\"column\"><div class=\"elementor-widget-wrap elementor-element-populated\"><div class=\"elementor-element elementor-element-c6d4f26 elementor-widget elementor-widget-text-editor\" data-id=\"c6d4f26\" data-element_type=\"widget\" data-widget_type=\"text-editor.default\"><div class=\"elementor-widget-container\"><p><b>Em 15 de dezembro de 2025, o aeroporto Aim\u00e9-C\u00e9saire recebeu o primeiro voo direto de Bordeaux para Fort-de-France, operado pela CORSAIR. Esta nova rota marca um ponto de virada estrat\u00e9gico para a conectividade e acessibilidade da Martinica ao Caribe a partir do sudoeste da Fran\u00e7a. <\/b><\/p><\/div><\/div><\/div><\/div><\/div><\/section><section class=\"elementor-section elementor-top-section elementor-element elementor-element-82cd8f9 elementor-section-boxed elementor-section-height-default elementor-section-height-default\" data-id=\"82cd8f9\" data-element_type=\"section\"><div class=\"elementor-container elementor-column-gap-default\"><div class=\"elementor-column elementor-col-100 elementor-top-column elementor-element elementor-element-0bfdc38\" data-id=\"0bfdc38\" data-element_type=\"column\"><div class=\"elementor-widget-wrap elementor-element-populated\"><div class=\"elementor-element elementor-element-7d292fe elementor-widget elementor-widget-heading\" data-id=\"7d292fe\" data-element_type=\"widget\" data-widget_type=\"heading.default\"><div class=\"elementor-widget-container\"><h2 class=\"elementor-heading-title elementor-size-default\">Uma parceria tripartite para aumentar o apelo regional<\/h2><\/div><\/div><section class=\"elementor-section elementor-inner-section elementor-element elementor-element-14e03c4 elementor-section-boxed elementor-section-height-default elementor-section-height-default\" data-id=\"14e03c4\" data-element_type=\"section\"><div class=\"elementor-container elementor-column-gap-default\"><div class=\"elementor-column elementor-col-100 elementor-inner-column elementor-element elementor-element-2909308\" data-id=\"2909308\" data-element_type=\"column\"><div class=\"elementor-widget-wrap elementor-element-populated\"><div class=\"elementor-element elementor-element-8e337bf elementor-widget elementor-widget-text-editor\" data-id=\"8e337bf\" data-element_type=\"widget\" data-widget_type=\"text-editor.default\"><div class=\"elementor-widget-container\"><p>A chegada deste voo inaugural \u00e0s 17h47 n\u00e3o \u00e9 coincid\u00eancia. \u00c9 o resultado de v\u00e1rios meses de trabalho colaborativo entre tr\u00eas atores-chave: <a href=\"https:\/\/www.martinique.aeroport.fr\/informations-generales\/la-societe-aeroport-martinique-aime-cesaire\/\" target=\"_blank\" rel=\"noopener nofollow\">Soci\u00e9t\u00e9 A\u00e9roport Martinique Aim\u00e9 C\u00e9saire<\/a> (SAMAC), a companhia a\u00e9rea <a href=\"https:\/\/www.flycorsair.com\/fr\" target=\"_blank\" rel=\"noopener nofollow\">CORSAIR<\/a> e o <a href=\"https:\/\/www.martinique.org\/fr\/liens-utiles\/comite-martiniquais-du-tourisme\" target=\"_blank\" rel=\"noopener nofollow\">Comit\u00e9 Martiniquais du Tourisme<\/a> (CMT). <\/p><p>Nathalie S\u00e9bastien, Presidente do Conselho de Administra\u00e7\u00e3o da SAMAC, sa\u00fada esta din\u00e2mica coletiva: \u201cTrata-se de vender um territ\u00f3rio, vender um destino. E isso s\u00f3 \u00e9 poss\u00edvel com a parceria de uma companhia a\u00e9rea e do Comit\u00e9 du Tourisme.\u201d Para ela, esta rota incorpora uma vis\u00e3o clara: abrir os c\u00e9us da Martinica \u00e0s prov\u00edncias francesas, para al\u00e9m das tradicionais portas de entrada parisienses de Orly e Charles de Gaulle. <\/p><\/div><\/div><div class=\"elementor-element elementor-element-5396e07 elementor-widget elementor-widget-image\" data-id=\"5396e07\" data-element_type=\"widget\" data-widget_type=\"image.default\"><div class=\"elementor-widget-container\"><figure class=\"wp-caption\"><picture class=\"attachment-large size-large wp-image-66782\"><source srcset=\"https:\/\/richeskarayib.com\/wp-content\/uploads\/2025\/12\/Nathalie-Sebastien-1024x1024.png.webp 1024w, https:\/\/richeskarayib.com\/wp-content\/uploads\/2025\/12\/Nathalie-Sebastien-300x300.png.webp 300w, https:\/\/richeskarayib.com\/wp-content\/uploads\/2025\/12\/Nathalie-Sebastien-150x150.png.webp 150w, https:\/\/richeskarayib.com\/wp-content\/uploads\/2025\/12\/Nathalie-Sebastien-768x768.png.webp 768w, https:\/\/richeskarayib.com\/wp-content\/uploads\/2025\/12\/Nathalie-Sebastien.png.webp 1080w\" type=\"image\/webp\" sizes=\"(max-width: 800px) 100vw, 800px\"><\/source><img fetchpriority=\"high\" decoding=\"async\" src=\"https:\/\/richeskarayib.com\/wp-content\/uploads\/2025\/12\/Nathalie-Sebastien-1024x1024.png\" sizes=\"(max-width: 800px) 100vw, 800px\" srcset=\"https:\/\/richeskarayib.com\/wp-content\/uploads\/2025\/12\/Nathalie-Sebastien-1024x1024.png 1024w, https:\/\/richeskarayib.com\/wp-content\/uploads\/2025\/12\/Nathalie-Sebastien-300x300.png 300w, https:\/\/richeskarayib.com\/wp-content\/uploads\/2025\/12\/Nathalie-Sebastien-150x150.png 150w, https:\/\/richeskarayib.com\/wp-content\/uploads\/2025\/12\/Nathalie-Sebastien-768x768.png 768w, https:\/\/richeskarayib.com\/wp-content\/uploads\/2025\/12\/Nathalie-Sebastien.png 1080w\" alt=\"CORSAIR\" width=\"800\" height=\"800\"><\/picture><figcaption class=\"widget-image-caption wp-caption-text\">Nathalie Se\u0301bastien<\/figcaption><\/figure><\/div><\/div><\/div><\/div><\/div><\/section><section class=\"elementor-section elementor-inner-section elementor-element elementor-element-a782075 elementor-section-boxed elementor-section-height-default elementor-section-height-default\" data-id=\"a782075\" data-element_type=\"section\"><div class=\"elementor-container elementor-column-gap-default\"><div class=\"elementor-column elementor-col-100 elementor-inner-column elementor-element elementor-element-ccbce37\" data-id=\"ccbce37\" data-element_type=\"column\"><div class=\"elementor-widget-wrap elementor-element-populated\"><div class=\"elementor-element elementor-element-deb7adb elementor-widget elementor-widget-text-editor\" data-id=\"deb7adb\" data-element_type=\"widget\" data-widget_type=\"text-editor.default\"><div class=\"elementor-widget-container\"><p>A Presidente sublinha os la\u00e7os hist\u00f3ricos, econ\u00f4micos e acad\u00eamicos entre Bordeaux e Martinica. \u201c\u00c9 uma oportunidade para a comunidade martinicana que vive em Bordeaux retornar com mais frequ\u00eancia e mais facilidade \u00e0 Martinica, e vice-versa\u201d, explica. Mas, para al\u00e9m da di\u00e1spora, toda a regi\u00e3o Sudoeste tem agora acesso direto \u00e0 Martinica, sem ter de passar por Paris.  <\/p><p>Marie-Ange Ravin, membro do Conselho do CMT e representante da Presidente B\u00e9n\u00e9dicte Di Geronimo, enfatiza a dimens\u00e3o estrat\u00e9gica desta abertura: \u201cO desenvolvimento de fluxos das prov\u00edncias \u00e9 um importante foco estrat\u00e9gico para o Comit\u00e9 Martiniquais du Tourisme. Durante muito tempo focada em Paris, a acessibilidade da Martinica est\u00e1 agora se expandindo para regi\u00f5es emissoras de alto potencial.\u201d<\/p><\/div><\/div><\/div><\/div><\/div><\/section><section class=\"elementor-section elementor-inner-section elementor-element elementor-element-16c1775 elementor-section-boxed elementor-section-height-default elementor-section-height-default\" data-id=\"16c1775\" data-element_type=\"section\"><div class=\"elementor-container elementor-column-gap-default\"><div class=\"elementor-column elementor-col-100 elementor-inner-column elementor-element elementor-element-84a3cd9\" data-id=\"84a3cd9\" data-element_type=\"column\"><div class=\"elementor-widget-wrap elementor-element-populated\"><div class=\"elementor-element elementor-element-faa333c elementor-widget elementor-widget-image\" data-id=\"faa333c\" data-element_type=\"widget\" data-widget_type=\"image.default\"><div class=\"elementor-widget-container\"><figure class=\"wp-caption\"><picture class=\"attachment-large size-large wp-image-66786\"><source data-srcset=\"https:\/\/richeskarayib.com\/wp-content\/uploads\/2025\/12\/Marie-Ange-Ravin-1024x1024.png.webp 1024w, https:\/\/richeskarayib.com\/wp-content\/uploads\/2025\/12\/Marie-Ange-Ravin-300x300.png.webp 300w, https:\/\/richeskarayib.com\/wp-content\/uploads\/2025\/12\/Marie-Ange-Ravin-150x150.png.webp 150w, https:\/\/richeskarayib.com\/wp-content\/uploads\/2025\/12\/Marie-Ange-Ravin-768x768.png.webp 768w, https:\/\/richeskarayib.com\/wp-content\/uploads\/2025\/12\/Marie-Ange-Ravin.png.webp 1080w\" type=\"image\/webp\" data-sizes=\"(max-width: 800px) 100vw, 800px\"><\/source><img decoding=\"async\" data-src=\"https:\/\/richeskarayib.com\/wp-content\/uploads\/2025\/12\/Marie-Ange-Ravin-1024x1024.png\" data-sizes=\"(max-width: 800px) 100vw, 800px\" data-srcset=\"https:\/\/richeskarayib.com\/wp-content\/uploads\/2025\/12\/Marie-Ange-Ravin-1024x1024.png 1024w, https:\/\/richeskarayib.com\/wp-content\/uploads\/2025\/12\/Marie-Ange-Ravin-300x300.png 300w, https:\/\/richeskarayib.com\/wp-content\/uploads\/2025\/12\/Marie-Ange-Ravin-150x150.png 150w, https:\/\/richeskarayib.com\/wp-content\/uploads\/2025\/12\/Marie-Ange-Ravin-768x768.png 768w, https:\/\/richeskarayib.com\/wp-content\/uploads\/2025\/12\/Marie-Ange-Ravin.png 1080w\" alt=\"CORSAIR\" width=\"800\" height=\"800\" src=\"data:image\/svg+xml;base64,PHN2ZyB3aWR0aD0iMSIgaGVpZ2h0PSIxIiB4bWxucz0iaHR0cDovL3d3dy53My5vcmcvMjAwMC9zdmciPjwvc3ZnPg==\" class=\"lazyload\" style=\"--smush-placeholder-width: 800px; --smush-placeholder-aspect-ratio: 800\/800;\"><\/picture><figcaption class=\"widget-image-caption wp-caption-text\">Marie-Ange Ravin<\/figcaption><\/figure><\/div><\/div><\/div><\/div><\/div><\/section><section class=\"elementor-section elementor-inner-section elementor-element elementor-element-c582330 elementor-section-boxed elementor-section-height-default elementor-section-height-default\" data-id=\"c582330\" data-element_type=\"section\"><div class=\"elementor-container elementor-column-gap-default\"> <\/div><\/section><section class=\"elementor-section elementor-inner-section elementor-element elementor-element-296603a elementor-section-boxed elementor-section-height-default elementor-section-height-default\" data-id=\"296603a\" data-element_type=\"section\"><div class=\"elementor-container elementor-column-gap-default\"> <\/div><\/section><\/div><\/div><\/div><\/section><section class=\"elementor-section elementor-top-section elementor-element elementor-element-5a7397d elementor-section-boxed elementor-section-height-default elementor-section-height-default\" data-id=\"5a7397d\" data-element_type=\"section\"><div class=\"elementor-container elementor-column-gap-default\"><div class=\"elementor-column elementor-col-100 elementor-top-column elementor-element elementor-element-8b33b4b\" data-id=\"8b33b4b\" data-element_type=\"column\"><div class=\"elementor-widget-wrap elementor-element-populated\"><div class=\"elementor-element elementor-element-89dac4b elementor-widget elementor-widget-heading\" data-id=\"89dac4b\" data-element_type=\"widget\" data-widget_type=\"heading.default\"><div class=\"elementor-widget-container\"><h2 class=\"elementor-heading-title elementor-size-default\">Uma linha projetada para mobilidade e acessibilidade<\/h2><\/div><\/div><section class=\"elementor-section elementor-inner-section elementor-element elementor-element-bca788d elementor-section-boxed elementor-section-height-default elementor-section-height-default\" data-id=\"bca788d\" data-element_type=\"section\"><div class=\"elementor-container elementor-column-gap-default\"><div class=\"elementor-column elementor-col-50 elementor-inner-column elementor-element elementor-element-562cd2b\" data-id=\"562cd2b\" data-element_type=\"column\"><div class=\"elementor-widget-wrap elementor-element-populated\"><div class=\"elementor-element elementor-element-43a45ac elementor-widget elementor-widget-text-editor\" data-id=\"43a45ac\" data-element_type=\"widget\" data-widget_type=\"text-editor.default\"><div class=\"elementor-widget-container\"><p>Todas as segundas-feiras, de 15 de dezembro de 2025 a 20 de abril de 2026, a <a href=\"https:\/\/richeskarayib.com\/corsair-connects-pointe-a-pitre-to-nantes-post\/\" target=\"_blank\" rel=\"noopener\">CORSAIR<\/a> operar\u00e1 esta rota sazonal durante a alta temporada. A escolha do dia e dos hor\u00e1rios n\u00e3o \u00e9 insignificante. Como explica Nathalie S\u00e9bastien, \u201cconcordar com a escolha do dia e dos hor\u00e1rios \u00e9 importante, pois ter\u00e1 um impacto na experi\u00eancia do passageiro\u201d. O objetivo \u00e9 facilitar as viagens durante uma semana inteira, durante um per\u00edodo em que o aeroporto da Martinica est\u00e1 muito movimentado.   <\/p><\/div><\/div><div class=\"elementor-element elementor-element-ff8c81b elementor-widget elementor-widget-text-editor\" data-id=\"ff8c81b\" data-element_type=\"widget\" data-widget_type=\"text-editor.default\"><div class=\"elementor-widget-container\"><p>Eddy Luce, Diretor Regional da CORSAIR para as Antilhas, confirma esta abordagem estrat\u00e9gica: \u201cPara n\u00f3s, este \u00e9 um sinal forte para o povo da Martinica. A CORSAIR continua a investir nos territ\u00f3rios ultramarinos para fortalecer a acessibilidade da ilha e conect\u00e1-la de forma sustent\u00e1vel \u00e0s principais regi\u00f5es francesas.\u201d Atualmente, a empresa \u00e9 a \u00fanica a oferecer voos diretos das prov\u00edncias para a Martinica, com Bordeaux e Nantes partindo de Pointe-\u00e0-Pitre. <\/p><p>Esta rota satisfaz uma forte demanda. Os fatores de ocupa\u00e7\u00e3o t\u00eam sido excelentes desde que as vendas foram abertas em mar\u00e7o de 2025. \u201cSe voc\u00ea quiser voar para Bordeaux, sugiro que compre sua passagem agora mesmo, pois os assentos v\u00e3o ser um pouco apertados\u201d, adverte Eddy Luce com um sorriso.  <\/p><\/div><\/div><\/div><\/div><div class=\"elementor-column elementor-col-50 elementor-inner-column elementor-element elementor-element-aace581\" data-id=\"aace581\" data-element_type=\"column\"><div class=\"elementor-widget-wrap elementor-element-populated\"><div class=\"elementor-element elementor-element-f94de4d elementor-widget elementor-widget-image\" data-id=\"f94de4d\" data-element_type=\"widget\" data-widget_type=\"image.default\"><div class=\"elementor-widget-container\"><figure class=\"wp-caption\"><picture class=\"attachment-large size-large wp-image-66790\"><source data-srcset=\"https:\/\/richeskarayib.com\/wp-content\/uploads\/2025\/12\/Eddy-Luce--1024x1024.png.webp 1024w, https:\/\/richeskarayib.com\/wp-content\/uploads\/2025\/12\/Eddy-Luce--300x300.png.webp 300w, https:\/\/richeskarayib.com\/wp-content\/uploads\/2025\/12\/Eddy-Luce--150x150.png.webp 150w, https:\/\/richeskarayib.com\/wp-content\/uploads\/2025\/12\/Eddy-Luce--768x768.png.webp 768w, https:\/\/richeskarayib.com\/wp-content\/uploads\/2025\/12\/Eddy-Luce-.png.webp 1080w\" type=\"image\/webp\" data-sizes=\"(max-width: 800px) 100vw, 800px\"><\/source><img decoding=\"async\" data-src=\"https:\/\/richeskarayib.com\/wp-content\/uploads\/2025\/12\/Eddy-Luce--1024x1024.png\" data-sizes=\"(max-width: 800px) 100vw, 800px\" data-srcset=\"https:\/\/richeskarayib.com\/wp-content\/uploads\/2025\/12\/Eddy-Luce--1024x1024.png 1024w, https:\/\/richeskarayib.com\/wp-content\/uploads\/2025\/12\/Eddy-Luce--300x300.png 300w, https:\/\/richeskarayib.com\/wp-content\/uploads\/2025\/12\/Eddy-Luce--150x150.png 150w, https:\/\/richeskarayib.com\/wp-content\/uploads\/2025\/12\/Eddy-Luce--768x768.png 768w, https:\/\/richeskarayib.com\/wp-content\/uploads\/2025\/12\/Eddy-Luce-.png 1080w\" alt=\"CORSAIR\" width=\"800\" height=\"800\" src=\"data:image\/svg+xml;base64,PHN2ZyB3aWR0aD0iMSIgaGVpZ2h0PSIxIiB4bWxucz0iaHR0cDovL3d3dy53My5vcmcvMjAwMC9zdmciPjwvc3ZnPg==\" class=\"lazyload\" style=\"--smush-placeholder-width: 800px; --smush-placeholder-aspect-ratio: 800\/800;\"><\/picture><figcaption class=\"widget-image-caption wp-caption-text\">Eddy Luce<\/figcaption><\/figure><\/div><\/div><\/div><\/div><\/div><\/section><\/div><\/div><\/div><\/section><section class=\"elementor-section elementor-top-section elementor-element elementor-element-ceca32c elementor-section-boxed elementor-section-height-default elementor-section-height-default\" data-id=\"ceca32c\" data-element_type=\"section\"><div class=\"elementor-container elementor-column-gap-default\"><div class=\"elementor-column elementor-col-100 elementor-top-column elementor-element elementor-element-5a2e383\" data-id=\"5a2e383\" data-element_type=\"column\"><div class=\"elementor-widget-wrap elementor-element-populated\"><div class=\"elementor-element elementor-element-6cedf5f elementor-widget elementor-widget-heading\" data-id=\"6cedf5f\" data-element_type=\"widget\" data-widget_type=\"heading.default\"><div class=\"elementor-widget-container\"><h2 class=\"elementor-heading-title elementor-size-default\">Uma frota moderna para um turismo sustent\u00e1vel<\/h2><\/div><\/div><section class=\"elementor-section elementor-inner-section elementor-element elementor-element-bc0026a elementor-section-boxed elementor-section-height-default elementor-section-height-default\" data-id=\"bc0026a\" data-element_type=\"section\"><div class=\"elementor-container elementor-column-gap-default\"><div class=\"elementor-column elementor-col-100 elementor-inner-column elementor-element elementor-element-420059a\" data-id=\"420059a\" data-element_type=\"column\"><div class=\"elementor-widget-wrap elementor-element-populated\"><div class=\"elementor-element elementor-element-99bfa51 elementor-widget elementor-widget-text-editor\" data-id=\"99bfa51\" data-element_type=\"widget\" data-widget_type=\"text-editor.default\"><div class=\"elementor-widget-container\"><p>A CORSAIR optou por operar esta rota com a sua frota mais moderna: o Airbus A330 Neo, que agora representa 100% das suas opera\u00e7\u00f5es de longo curso. Estas aeronaves de \u00faltima gera\u00e7\u00e3o oferecem uma dupla vantagem: maior conforto para os passageiros e uma pegada ambiental reduzida. <\/p><p>\u201cA sua tecnologia reduz as emiss\u00f5es de CO\u2082 por assento em 25% e a pegada de ru\u00eddo em 60%\u201d, detalha Eddy Luce. Para a empresa, \u00e9 uma forma concreta de contribuir para um transporte a\u00e9reo mais sustent\u00e1vel, mantendo ao mesmo tempo rotas essenciais. Com uma idade m\u00e9dia da frota de apenas dois anos, a CORSAIR tem a frota mais jovem da sua categoria no mercado.  <\/p><\/div><\/div><\/div><\/div><\/div><\/section><section class=\"elementor-section elementor-inner-section elementor-element elementor-element-d698f4e elementor-section-boxed elementor-section-height-default elementor-section-height-default\" data-id=\"d698f4e\" data-element_type=\"section\"><div class=\"elementor-container elementor-column-gap-default\"><div class=\"elementor-column elementor-col-100 elementor-inner-column elementor-element elementor-element-e22c4f6\" data-id=\"e22c4f6\" data-element_type=\"column\"><div class=\"elementor-widget-wrap elementor-element-populated\"><div class=\"elementor-element elementor-element-aa24be8 elementor-widget elementor-widget-text-editor\" data-id=\"aa24be8\" data-element_type=\"widget\" data-widget_type=\"text-editor.default\"><div class=\"elementor-widget-container\"><p>Esta mudan\u00e7a para o mercado de luxo tamb\u00e9m se traduz numa experi\u00eancia premium para os passageiros. A empresa foi recompensada dois anos consecutivos pela Skytrax como Melhor Companhia A\u00e9rea de Lazer, em 2024 e 2025. \u201cA nossa ambi\u00e7\u00e3o \u00e9 clara: oferecer a todos os nossos clientes, seja qual for a sua classe de viagem, uma experi\u00eancia de voo moderna e de alta qualidade\u201d, afirma o Diretor Regional.  <\/p><\/div><\/div><\/div><\/div><\/div><\/section><section class=\"elementor-section elementor-inner-section elementor-element elementor-element-e684dcf elementor-section-boxed elementor-section-height-default elementor-section-height-default\" data-id=\"e684dcf\" data-element_type=\"section\"><div class=\"elementor-container elementor-column-gap-default\"><div class=\"elementor-column elementor-col-50 elementor-inner-column elementor-element elementor-element-44c5bd3\" data-id=\"44c5bd3\" data-element_type=\"column\"><div class=\"elementor-widget-wrap elementor-element-populated\"><div class=\"elementor-element elementor-element-6b1b231 elementor-widget elementor-widget-image\" data-id=\"6b1b231\" data-element_type=\"widget\" data-widget_type=\"image.default\"><div class=\"elementor-widget-container\"><figure class=\"wp-caption\"><picture class=\"attachment-large size-large wp-image-66778\"><source data-srcset=\"https:\/\/richeskarayib.com\/wp-content\/uploads\/2025\/12\/\u00a9CORSAIR-1024x691.jpg.webp 1024w, https:\/\/richeskarayib.com\/wp-content\/uploads\/2025\/12\/\u00a9CORSAIR-300x203.jpg.webp 300w, https:\/\/richeskarayib.com\/wp-content\/uploads\/2025\/12\/\u00a9CORSAIR-768x518.jpg.webp 768w, https:\/\/richeskarayib.com\/wp-content\/uploads\/2025\/12\/\u00a9CORSAIR.jpg.webp 1080w\" type=\"image\/webp\" data-sizes=\"(max-width: 800px) 100vw, 800px\"><\/source><img decoding=\"async\" data-src=\"https:\/\/richeskarayib.com\/wp-content\/uploads\/2025\/12\/%C2%A9CORSAIR-1024x691.jpg\" data-sizes=\"(max-width: 800px) 100vw, 800px\" data-srcset=\"https:\/\/richeskarayib.com\/wp-content\/uploads\/2025\/12\/\u00a9CORSAIR-1024x691.jpg 1024w, https:\/\/richeskarayib.com\/wp-content\/uploads\/2025\/12\/\u00a9CORSAIR-300x203.jpg 300w, https:\/\/richeskarayib.com\/wp-content\/uploads\/2025\/12\/\u00a9CORSAIR-768x518.jpg 768w, https:\/\/richeskarayib.com\/wp-content\/uploads\/2025\/12\/\u00a9CORSAIR.jpg 1080w\" alt=\"CORSAIR\" width=\"800\" height=\"540\" src=\"data:image\/svg+xml;base64,PHN2ZyB3aWR0aD0iMSIgaGVpZ2h0PSIxIiB4bWxucz0iaHR0cDovL3d3dy53My5vcmcvMjAwMC9zdmciPjwvc3ZnPg==\" class=\"lazyload\" style=\"--smush-placeholder-width: 800px; --smush-placeholder-aspect-ratio: 800\/540;\"><\/picture><figcaption class=\"widget-image-caption wp-caption-text\">Airbus A330 Neo \u00a9CORSAIR<\/figcaption><\/figure><\/div><\/div><\/div><\/div><div class=\"elementor-column elementor-col-50 elementor-inner-column elementor-element elementor-element-3a5c41b\" data-id=\"3a5c41b\" data-element_type=\"column\"><div class=\"elementor-widget-wrap elementor-element-populated\"><div class=\"elementor-element elementor-element-9728b83 elementor-widget elementor-widget-image\" data-id=\"9728b83\" data-element_type=\"widget\" data-widget_type=\"image.default\"><div class=\"elementor-widget-container\"><picture class=\"attachment-large size-large wp-image-66883\"><source data-srcset=\"https:\/\/richeskarayib.com\/wp-content\/uploads\/2025\/12\/Coupe-du-ruban-Fort-de-France-1024x683.jpg.webp 1024w, https:\/\/richeskarayib.com\/wp-content\/uploads\/2025\/12\/Coupe-du-ruban-Fort-de-France-300x200.jpg.webp 300w, https:\/\/richeskarayib.com\/wp-content\/uploads\/2025\/12\/Coupe-du-ruban-Fort-de-France-768x512.jpg.webp 768w, https:\/\/richeskarayib.com\/wp-content\/uploads\/2025\/12\/Coupe-du-ruban-Fort-de-France-1536x1024.jpg.webp 1536w, https:\/\/richeskarayib.com\/wp-content\/uploads\/2025\/12\/Coupe-du-ruban-Fort-de-France-1320x880.jpg.webp 1320w, https:\/\/richeskarayib.com\/wp-content\/uploads\/2025\/12\/Coupe-du-ruban-Fort-de-France.jpg.webp 1920w\" type=\"image\/webp\" data-sizes=\"(max-width: 800px) 100vw, 800px\"><\/source><img decoding=\"async\" data-src=\"https:\/\/richeskarayib.com\/wp-content\/uploads\/2025\/12\/Coupe-du-ruban-Fort-de-France-1024x683.jpg\" data-sizes=\"(max-width: 800px) 100vw, 800px\" data-srcset=\"https:\/\/richeskarayib.com\/wp-content\/uploads\/2025\/12\/Coupe-du-ruban-Fort-de-France-1024x683.jpg 1024w, https:\/\/richeskarayib.com\/wp-content\/uploads\/2025\/12\/Coupe-du-ruban-Fort-de-France-300x200.jpg 300w, https:\/\/richeskarayib.com\/wp-content\/uploads\/2025\/12\/Coupe-du-ruban-Fort-de-France-768x512.jpg 768w, https:\/\/richeskarayib.com\/wp-content\/uploads\/2025\/12\/Coupe-du-ruban-Fort-de-France-1536x1024.jpg 1536w, https:\/\/richeskarayib.com\/wp-content\/uploads\/2025\/12\/Coupe-du-ruban-Fort-de-France-1320x880.jpg 1320w, https:\/\/richeskarayib.com\/wp-content\/uploads\/2025\/12\/Coupe-du-ruban-Fort-de-France.jpg 1920w\" alt=\"CORSAIR\" width=\"800\" height=\"534\" src=\"data:image\/svg+xml;base64,PHN2ZyB3aWR0aD0iMSIgaGVpZ2h0PSIxIiB4bWxucz0iaHR0cDovL3d3dy53My5vcmcvMjAwMC9zdmciPjwvc3ZnPg==\" class=\"lazyload\" style=\"--smush-placeholder-width: 800px; --smush-placeholder-aspect-ratio: 800\/534;\"><\/picture><\/div><\/div><\/div><\/div><\/div><\/section><\/div><\/div><\/div><\/section><section class=\"elementor-section elementor-top-section elementor-element elementor-element-9c88a89 elementor-section-boxed elementor-section-height-default elementor-section-height-default\" data-id=\"9c88a89\" data-element_type=\"section\"><div class=\"elementor-container elementor-column-gap-default\"><div class=\"elementor-column elementor-col-100 elementor-top-column elementor-element elementor-element-78cf5d1\" data-id=\"78cf5d1\" data-element_type=\"column\"><div class=\"elementor-widget-wrap elementor-element-populated\"><div class=\"elementor-element elementor-element-ea2a5c1 elementor-widget elementor-widget-heading\" data-id=\"ea2a5c1\" data-element_type=\"widget\" data-widget_type=\"heading.default\"><div class=\"elementor-widget-container\"><h2 class=\"elementor-heading-title elementor-size-default\">Apoio financeiro e de marketing para perpetuar a linha<\/h2><\/div><\/div><section class=\"elementor-section elementor-inner-section elementor-element elementor-element-275a1e8 elementor-section-boxed elementor-section-height-default elementor-section-height-default\" data-id=\"275a1e8\" data-element_type=\"section\"><div class=\"elementor-container elementor-column-gap-default\"><div class=\"elementor-column elementor-col-100 elementor-inner-column elementor-element elementor-element-4f5d9ea\" data-id=\"4f5d9ea\" data-element_type=\"column\"><div class=\"elementor-widget-wrap elementor-element-populated\"><div class=\"elementor-element elementor-element-e305eee elementor-widget elementor-widget-text-editor\" data-id=\"e305eee\" data-element_type=\"widget\" data-widget_type=\"text-editor.default\"><div class=\"elementor-widget-container\"><p>Consciente de que lan\u00e7ar uma linha n\u00e3o \u00e9 suficiente, a SAMAC criou um sistema de apoio sob medida. \u201cO nosso objetivo \u00e9 tamb\u00e9m permitir que os martinicanos descubram Bordeaux\u201d, explica Nathalie S\u00e9bastien. O aeroporto comprometeu-se a apoiar tanto em termos de taxas aeroportu\u00e1rias como de marketing, atrav\u00e9s de redes sociais e a\u00e7\u00f5es promocionais direcionadas.  <\/p><\/div><\/div><\/div><\/div><\/div><\/section><div class=\"elementor-element elementor-element-b7a8070 elementor-widget elementor-widget-text-editor\" data-id=\"b7a8070\" data-element_type=\"widget\" data-widget_type=\"text-editor.default\"><div class=\"elementor-widget-container\"><p>Do lado do CMT, o trabalho nos mercados de emiss\u00e3o come\u00e7ou em setembro de 2025 com uma grande opera\u00e7\u00e3o em Bordeaux. \u201cOrganizamos uma reuni\u00e3o com quase uma centena de agentes de viagens das regi\u00f5es de Bordeaux e Nouvelle-Aquitaine, em parceria com a CORSAIR e o aeroporto de Bordeaux, para que as ag\u00eancias pudessem programar e dar maior visibilidade aos pacotes entre Bordeaux e Fort-de-France\u201d, explica Ga\u00ebtan Paderna. <\/p><p>O programa continua com campanhas digitais, caravanas promocionais e pacotes f\u00e1ceis de usar para incentivar as reservas. A mensagem \u00e9 clara: esta linha deve ser de longo prazo. <\/p><\/div><\/div><section class=\"elementor-section elementor-inner-section elementor-element elementor-element-280d5fa elementor-section-boxed elementor-section-height-default elementor-section-height-default\" data-id=\"280d5fa\" data-element_type=\"section\"><div class=\"elementor-container elementor-column-gap-default\"><div class=\"elementor-column elementor-col-50 elementor-inner-column elementor-element elementor-element-72c1697\" data-id=\"72c1697\" data-element_type=\"column\"><div class=\"elementor-widget-wrap elementor-element-populated\"><div class=\"elementor-element elementor-element-433cef3 elementor-widget elementor-widget-image\" data-id=\"433cef3\" data-element_type=\"widget\" data-widget_type=\"image.default\"><div class=\"elementor-widget-container\"><figure class=\"wp-caption\"><picture class=\"attachment-large size-large wp-image-66794\"><source data-srcset=\"https:\/\/richeskarayib.com\/wp-content\/uploads\/2025\/12\/Eddy-Luce-et-Nathalie-Sebastien-1024x473.jpg.webp 1024w, https:\/\/richeskarayib.com\/wp-content\/uploads\/2025\/12\/Eddy-Luce-et-Nathalie-Sebastien-300x139.jpg.webp 300w, https:\/\/richeskarayib.com\/wp-content\/uploads\/2025\/12\/Eddy-Luce-et-Nathalie-Sebastien-768x355.jpg.webp 768w, https:\/\/richeskarayib.com\/wp-content\/uploads\/2025\/12\/Eddy-Luce-et-Nathalie-Sebastien-1536x710.jpg.webp 1536w, https:\/\/richeskarayib.com\/wp-content\/uploads\/2025\/12\/Eddy-Luce-et-Nathalie-Sebastien-1320x610.jpg.webp 1320w, https:\/\/richeskarayib.com\/wp-content\/uploads\/2025\/12\/Eddy-Luce-et-Nathalie-Sebastien.jpg.webp 1920w\" type=\"image\/webp\" data-sizes=\"(max-width: 800px) 100vw, 800px\"><\/source><img decoding=\"async\" data-src=\"https:\/\/richeskarayib.com\/wp-content\/uploads\/2025\/12\/Eddy-Luce-et-Nathalie-Sebastien-1024x473.jpg\" data-sizes=\"(max-width: 800px) 100vw, 800px\" data-srcset=\"https:\/\/richeskarayib.com\/wp-content\/uploads\/2025\/12\/Eddy-Luce-et-Nathalie-Sebastien-1024x473.jpg 1024w, https:\/\/richeskarayib.com\/wp-content\/uploads\/2025\/12\/Eddy-Luce-et-Nathalie-Sebastien-300x139.jpg 300w, https:\/\/richeskarayib.com\/wp-content\/uploads\/2025\/12\/Eddy-Luce-et-Nathalie-Sebastien-768x355.jpg 768w, https:\/\/richeskarayib.com\/wp-content\/uploads\/2025\/12\/Eddy-Luce-et-Nathalie-Sebastien-1536x710.jpg 1536w, https:\/\/richeskarayib.com\/wp-content\/uploads\/2025\/12\/Eddy-Luce-et-Nathalie-Sebastien-1320x610.jpg 1320w, https:\/\/richeskarayib.com\/wp-content\/uploads\/2025\/12\/Eddy-Luce-et-Nathalie-Sebastien.jpg 1920w\" alt=\"CORSAIR\" width=\"800\" height=\"370\" src=\"data:image\/svg+xml;base64,PHN2ZyB3aWR0aD0iMSIgaGVpZ2h0PSIxIiB4bWxucz0iaHR0cDovL3d3dy53My5vcmcvMjAwMC9zdmciPjwvc3ZnPg==\" class=\"lazyload\" style=\"--smush-placeholder-width: 800px; --smush-placeholder-aspect-ratio: 800\/370;\"><\/picture><figcaption class=\"widget-image-caption wp-caption-text\">Eddy Luce et Nathalie Se\u0301bastien<\/figcaption><\/figure><\/div><\/div><\/div><\/div><div class=\"elementor-column elementor-col-50 elementor-inner-column elementor-element elementor-element-ac54616\" data-id=\"ac54616\" data-element_type=\"column\"><div class=\"elementor-widget-wrap elementor-element-populated\"><div class=\"elementor-element elementor-element-0df4c86 elementor-widget elementor-widget-image\" data-id=\"0df4c86\" data-element_type=\"widget\" data-widget_type=\"image.default\"><div class=\"elementor-widget-container\"><figure class=\"wp-caption\"><picture class=\"attachment-large size-large wp-image-66798\"><source data-srcset=\"https:\/\/richeskarayib.com\/wp-content\/uploads\/2025\/12\/Eddy-Luce-et-Marie-Ange-Ravin-1024x473.jpg.webp 1024w, https:\/\/richeskarayib.com\/wp-content\/uploads\/2025\/12\/Eddy-Luce-et-Marie-Ange-Ravin-300x139.jpg.webp 300w, https:\/\/richeskarayib.com\/wp-content\/uploads\/2025\/12\/Eddy-Luce-et-Marie-Ange-Ravin-768x355.jpg.webp 768w, https:\/\/richeskarayib.com\/wp-content\/uploads\/2025\/12\/Eddy-Luce-et-Marie-Ange-Ravin-1536x710.jpg.webp 1536w, https:\/\/richeskarayib.com\/wp-content\/uploads\/2025\/12\/Eddy-Luce-et-Marie-Ange-Ravin-1320x610.jpg.webp 1320w, https:\/\/richeskarayib.com\/wp-content\/uploads\/2025\/12\/Eddy-Luce-et-Marie-Ange-Ravin.jpg.webp 1920w\" type=\"image\/webp\" data-sizes=\"(max-width: 800px) 100vw, 800px\"><\/source><img decoding=\"async\" data-src=\"https:\/\/richeskarayib.com\/wp-content\/uploads\/2025\/12\/Eddy-Luce-et-Marie-Ange-Ravin-1024x473.jpg\" data-sizes=\"(max-width: 800px) 100vw, 800px\" data-srcset=\"https:\/\/richeskarayib.com\/wp-content\/uploads\/2025\/12\/Eddy-Luce-et-Marie-Ange-Ravin-1024x473.jpg 1024w, https:\/\/richeskarayib.com\/wp-content\/uploads\/2025\/12\/Eddy-Luce-et-Marie-Ange-Ravin-300x139.jpg 300w, https:\/\/richeskarayib.com\/wp-content\/uploads\/2025\/12\/Eddy-Luce-et-Marie-Ange-Ravin-768x355.jpg 768w, https:\/\/richeskarayib.com\/wp-content\/uploads\/2025\/12\/Eddy-Luce-et-Marie-Ange-Ravin-1536x710.jpg 1536w, https:\/\/richeskarayib.com\/wp-content\/uploads\/2025\/12\/Eddy-Luce-et-Marie-Ange-Ravin-1320x610.jpg 1320w, https:\/\/richeskarayib.com\/wp-content\/uploads\/2025\/12\/Eddy-Luce-et-Marie-Ange-Ravin.jpg 1920w\" alt=\"CORSAIR\" width=\"800\" height=\"370\" src=\"data:image\/svg+xml;base64,PHN2ZyB3aWR0aD0iMSIgaGVpZ2h0PSIxIiB4bWxucz0iaHR0cDovL3d3dy53My5vcmcvMjAwMC9zdmciPjwvc3ZnPg==\" class=\"lazyload\" style=\"--smush-placeholder-width: 800px; --smush-placeholder-aspect-ratio: 800\/370;\"><\/picture><figcaption class=\"widget-image-caption wp-caption-text\">Eddy Luce et Marie-Ange Ravin<\/figcaption><\/figure><\/div><\/div><\/div><\/div><\/div><\/section><\/div><\/div><\/div><\/section><section class=\"elementor-section elementor-top-section elementor-element elementor-element-103aced elementor-section-boxed elementor-section-height-default elementor-section-height-default\" data-id=\"103aced\" data-element_type=\"section\"><div class=\"elementor-container elementor-column-gap-default\"><div class=\"elementor-column elementor-col-100 elementor-top-column elementor-element elementor-element-e34f9f4\" data-id=\"e34f9f4\" data-element_type=\"column\"><div class=\"elementor-widget-wrap elementor-element-populated\"><div class=\"elementor-element elementor-element-c643e86 elementor-widget elementor-widget-heading\" data-id=\"c643e86\" data-element_type=\"widget\" data-widget_type=\"heading.default\"><div class=\"elementor-widget-container\"><h2 class=\"elementor-heading-title elementor-size-default\">Mais do que uma liga\u00e7\u00e3o a\u00e9rea, uma ponte humana<\/h2><\/div><\/div><section class=\"elementor-section elementor-inner-section elementor-element elementor-element-9035ca3 elementor-section-boxed elementor-section-height-default elementor-section-height-default\" data-id=\"9035ca3\" data-element_type=\"section\"><div class=\"elementor-container elementor-column-gap-default\"><div class=\"elementor-column elementor-col-50 elementor-inner-column elementor-element elementor-element-984d4b5\" data-id=\"984d4b5\" data-element_type=\"column\"><div class=\"elementor-widget-wrap elementor-element-populated\"><div class=\"elementor-element elementor-element-f783f1a elementor-widget elementor-widget-text-editor\" data-id=\"f783f1a\" data-element_type=\"widget\" data-widget_type=\"text-editor.default\"><div class=\"elementor-widget-container\"><p>Para al\u00e9m do turismo e dos interesses econ\u00f4micos, esta nova liga\u00e7\u00e3o tem uma dimens\u00e3o profundamente humana. Em particular, satisfaz as necessidades de mobilidade dos jovens martinicanos que estudam em Bordeaux, uma das principais cidades universit\u00e1rias da Fran\u00e7a. \u201cEste servi\u00e7o direto facilitar\u00e1 a manuten\u00e7\u00e3o dos la\u00e7os com o seu territ\u00f3rio de origem, as suas fam\u00edlias e a Martinica\u201d, enfatiza Marie-Ange Ravin.  <\/p><p>Para as fam\u00edlias da di\u00e1spora, \u00e9 tamb\u00e9m uma nova conveni\u00eancia. As viagens entre os dois territ\u00f3rios tornam-se mais f\u00e1ceis e acess\u00edveis, com uma pegada de carbono reduzida gra\u00e7as \u00e0 aus\u00eancia de uma escala em Paris. <\/p><\/div><\/div><div class=\"elementor-element elementor-element-c2e57c0 elementor-widget elementor-widget-text-editor\" data-id=\"c2e57c0\" data-element_type=\"widget\" data-widget_type=\"text-editor.default\"><div class=\"elementor-widget-container\"><p>Nathalie S\u00e9bastien conclui com um caloroso convite: \u201cNa verdade, n\u00e3o tenham medo de partir e descobrir o que estes dois territ\u00f3rios t\u00eam para oferecer. Uma liga\u00e7\u00e3o direta significa mais oportunidades de viajar, mais oportunidades de descobrir os outros, mesmo que seja outra pessoa que voc\u00ea pensa que conhece. Ouse viajar, ouse descobrir.\u201d<\/p><p>Este voo inaugural Bordeaux \u2013 Fort-de-France \u00e9 muito mais do que apenas uma nova rota a\u00e9rea. \u00c9 uma ponte entre dois territ\u00f3rios, uma oportunidade para o turismo, a economia, os jovens e o futuro da Martinica. <\/p><\/div><\/div><\/div><\/div><div class=\"elementor-column elementor-col-50 elementor-inner-column elementor-element elementor-element-b6bf3d5\" data-id=\"b6bf3d5\" data-element_type=\"column\"><div class=\"elementor-widget-wrap elementor-element-populated\"><div class=\"elementor-element elementor-element-86805e8 elementor-widget elementor-widget-image\" data-id=\"86805e8\" data-element_type=\"widget\" data-widget_type=\"image.default\"><div class=\"elementor-widget-container\"><picture class=\"attachment-large size-large wp-image-66802\"><source data-srcset=\"https:\/\/richeskarayib.com\/wp-content\/uploads\/2025\/12\/2-3-1024x1024.png.webp 1024w, https:\/\/richeskarayib.com\/wp-content\/uploads\/2025\/12\/2-3-300x300.png.webp 300w, https:\/\/richeskarayib.com\/wp-content\/uploads\/2025\/12\/2-3-150x150.png.webp 150w, https:\/\/richeskarayib.com\/wp-content\/uploads\/2025\/12\/2-3-768x768.png.webp 768w, https:\/\/richeskarayib.com\/wp-content\/uploads\/2025\/12\/2-3.png.webp 1080w\" type=\"image\/webp\" data-sizes=\"(max-width: 800px) 100vw, 800px\"><\/source><img decoding=\"async\" data-src=\"https:\/\/richeskarayib.com\/wp-content\/uploads\/2025\/12\/2-3-1024x1024.png\" data-sizes=\"(max-width: 800px) 100vw, 800px\" data-srcset=\"https:\/\/richeskarayib.com\/wp-content\/uploads\/2025\/12\/2-3-1024x1024.png 1024w, https:\/\/richeskarayib.com\/wp-content\/uploads\/2025\/12\/2-3-300x300.png 300w, https:\/\/richeskarayib.com\/wp-content\/uploads\/2025\/12\/2-3-150x150.png 150w, https:\/\/richeskarayib.com\/wp-content\/uploads\/2025\/12\/2-3-768x768.png 768w, https:\/\/richeskarayib.com\/wp-content\/uploads\/2025\/12\/2-3.png 1080w\" alt=\"CORSAIR\" width=\"800\" height=\"800\" src=\"data:image\/svg+xml;base64,PHN2ZyB3aWR0aD0iMSIgaGVpZ2h0PSIxIiB4bWxucz0iaHR0cDovL3d3dy53My5vcmcvMjAwMC9zdmciPjwvc3ZnPg==\" class=\"lazyload\" style=\"--smush-placeholder-width: 800px; --smush-placeholder-aspect-ratio: 800\/800;\"><\/picture><\/div><\/div><\/div><\/div><\/div><\/section><\/div><\/div><\/div><\/section><section class=\"elementor-section elementor-top-section elementor-element elementor-element-23ed11f elementor-section-boxed elementor-section-height-default elementor-section-height-default\" data-id=\"23ed11f\" data-element_type=\"section\"><div class=\"elementor-container elementor-column-gap-default\"><div class=\"elementor-column elementor-col-100 elementor-top-column elementor-element elementor-element-9e160dd\" data-id=\"9e160dd\" data-element_type=\"column\"><div class=\"elementor-widget-wrap elementor-element-populated\"><div class=\"elementor-element elementor-element-0bbe05d elementor-widget elementor-widget-text-editor\" data-id=\"0bbe05d\" data-element_type=\"widget\" data-widget_type=\"text-editor.default\"><div class=\"elementor-widget-container\"><p><b>Sobre a CORSAIR<\/b>: \u00c9 uma companhia a\u00e9rea francesa especializada em servi\u00e7os de longo curso para territ\u00f3rios ultramarinos franceses e destinos de lazer. Opera uma frota 100% Airbus A330 Neo e foi eleita a melhor companhia a\u00e9rea de lazer pela Skytrax em 2024 e 2025. <\/p><\/div><\/div><div class=\"elementor-element elementor-element-4d8516a elementor-widget elementor-widget-text-editor\" data-id=\"4d8516a\" data-element_type=\"widget\" data-widget_type=\"text-editor.default\"><div class=\"elementor-widget-container\"><p><b>Sobre a SAMAC<\/b>: A Soci\u00e9t\u00e9 A\u00e9roport Martinique Aim\u00e9 C\u00e9saire gere o aeroporto internacional da Martinica, que beneficiou de mais de 120 milh\u00f5es de euros em trabalhos de moderniza\u00e7\u00e3o e pode receber mais de 3 milh\u00f5es de passageiros por ano.<\/p><\/div><\/div><div class=\"elementor-element elementor-element-30e5bee elementor-widget elementor-widget-text-editor\" data-id=\"30e5bee\" data-element_type=\"widget\" data-widget_type=\"text-editor.default\"><div class=\"elementor-widget-container\"><p><b>Sobre o CMT:<\/b> O Comit\u00e9 Martiniquais du Tourisme \u00e9 respons\u00e1vel por promover a Martinica como destino para os mercados emissores nacionais e internacionais.<\/p><\/div><\/div><\/div><\/div><\/div><\/section>\t\t\t\t\t\t\t\t<\/div>\n\t\t\t\t\t<\/div>\n\t\t\t\t<\/div>\n\t\t\t\t<\/div>\n\t\t","protected":false},"excerpt":{"rendered":"<p>Em 15 de dezembro de 2025, o aeroporto Aim\u00e9-C\u00e9saire recebeu o primeiro voo direto de Bordeaux para Fort-de-France, operado pela CORSAIR. Esta nova rota marca um ponto de virada estrat\u00e9gico para a conectividade e acessibilidade da Martinica ao Caribe a partir do sudoeste da Fran\u00e7a. Uma parceria tripartite para aumentar o apelo regional A chegada [&hellip;]<\/p>\n","protected":false},"author":1,"featured_media":0,"comment_status":"open","ping_status":"open","sticky":false,"template":"","format":"standard","meta":{"footnotes":""},"categories":[98,101],"tags":[],"class_list":["post-19622","post","type-post","status-publish","format-standard","hentry","category-aviacao","category-conectividade-aerea-e-atratividade-territorial"],"yoast_head":"<!-- This site is optimized with the Yoast SEO plugin v26.9 - https:\/\/yoast.com\/product\/yoast-seo-wordpress\/ -->\n<title>Martinica: Bordeaux e Fort-de-France ligadas por uma ponte a\u00e9rea direta com a CORSAIR - LATITUDE 15<\/title>\n<meta name=\"robots\" content=\"index, follow, max-snippet:-1, max-image-preview:large, max-video-preview:-1\" \/>\n<link rel=\"canonical\" href=\"https:\/\/www.latitude-15.com\/pt-br\/martinica-bordeaux-e-fort-de-france-ligadas-por-uma-ponte-aerea-direta-com-a-corsair\/\" \/>\n<meta property=\"og:locale\" content=\"pt_BR\" \/>\n<meta property=\"og:type\" content=\"article\" \/>\n<meta property=\"og:title\" content=\"Martinica: Bordeaux e Fort-de-France ligadas por uma ponte a\u00e9rea direta com a CORSAIR - LATITUDE 15\" \/>\n<meta property=\"og:description\" content=\"Em 15 de dezembro de 2025, o aeroporto Aim\u00e9-C\u00e9saire recebeu o primeiro voo direto de Bordeaux para Fort-de-France, operado pela CORSAIR. Esta nova rota marca um ponto de virada estrat\u00e9gico para a conectividade e acessibilidade da Martinica ao Caribe a partir do sudoeste da Fran\u00e7a. Uma parceria tripartite para aumentar o apelo regional A chegada [&hellip;]\" \/>\n<meta property=\"og:url\" content=\"https:\/\/www.latitude-15.com\/pt-br\/martinica-bordeaux-e-fort-de-france-ligadas-por-uma-ponte-aerea-direta-com-a-corsair\/\" \/>\n<meta property=\"og:site_name\" content=\"LATITUDE 15\" \/>\n<meta property=\"article:published_time\" content=\"2025-12-16T04:39:35+00:00\" \/>\n<meta property=\"article:modified_time\" content=\"2026-02-04T03:52:34+00:00\" \/>\n<meta property=\"og:image\" content=\"https:\/\/www.latitude-15.com\/wp-content\/uploads\/2026\/01\/cover-article.jpg.webp\" \/>\n\t<meta property=\"og:image:width\" content=\"1920\" \/>\n\t<meta property=\"og:image:height\" content=\"1107\" \/>\n\t<meta property=\"og:image:type\" content=\"image\/webp\" \/>\n<meta name=\"author\" content=\"sabrinalat15\" \/>\n<meta name=\"twitter:card\" content=\"summary_large_image\" \/>\n<meta name=\"twitter:label1\" content=\"Escrito por\" \/>\n\t<meta name=\"twitter:data1\" content=\"sabrinalat15\" \/>\n\t<meta name=\"twitter:label2\" content=\"Est. tempo de leitura\" \/>\n\t<meta name=\"twitter:data2\" content=\"6 minutos\" \/>\n<script type=\"application\/ld+json\" class=\"yoast-schema-graph\">{\"@context\":\"https:\/\/schema.org\",\"@graph\":[{\"@type\":\"Article\",\"@id\":\"https:\/\/www.latitude-15.com\/pt-br\/martinica-bordeaux-e-fort-de-france-ligadas-por-uma-ponte-aerea-direta-com-a-corsair\/#article\",\"isPartOf\":{\"@id\":\"https:\/\/www.latitude-15.com\/pt-br\/martinica-bordeaux-e-fort-de-france-ligadas-por-uma-ponte-aerea-direta-com-a-corsair\/\"},\"author\":{\"name\":\"sabrinalat15\",\"@id\":\"https:\/\/www.latitude-15.com\/pt-br\/#\/schema\/person\/2a70943507771992ce3316849aa93bdd\"},\"headline\":\"Martinica: Bordeaux e Fort-de-France ligadas por uma ponte a\u00e9rea direta com a CORSAIR\",\"datePublished\":\"2025-12-16T04:39:35+00:00\",\"dateModified\":\"2026-02-04T03:52:34+00:00\",\"mainEntityOfPage\":{\"@id\":\"https:\/\/www.latitude-15.com\/pt-br\/martinica-bordeaux-e-fort-de-france-ligadas-por-uma-ponte-aerea-direta-com-a-corsair\/\"},\"wordCount\":1241,\"commentCount\":0,\"publisher\":{\"@id\":\"https:\/\/www.latitude-15.com\/pt-br\/#organization\"},\"image\":{\"@id\":\"https:\/\/www.latitude-15.com\/pt-br\/martinica-bordeaux-e-fort-de-france-ligadas-por-uma-ponte-aerea-direta-com-a-corsair\/#primaryimage\"},\"thumbnailUrl\":\"https:\/\/richeskarayib.com\/wp-content\/uploads\/2025\/12\/Nathalie-Sebastien-1024x1024.png\",\"articleSection\":[\"AVIA\u00c7\u00c3O\",\"Conectividade a\u00e9rea e Atratividade territorial\"],\"inLanguage\":\"pt-BR\",\"potentialAction\":[{\"@type\":\"CommentAction\",\"name\":\"Comment\",\"target\":[\"https:\/\/www.latitude-15.com\/pt-br\/martinica-bordeaux-e-fort-de-france-ligadas-por-uma-ponte-aerea-direta-com-a-corsair\/#respond\"]}]},{\"@type\":\"WebPage\",\"@id\":\"https:\/\/www.latitude-15.com\/pt-br\/martinica-bordeaux-e-fort-de-france-ligadas-por-uma-ponte-aerea-direta-com-a-corsair\/\",\"url\":\"https:\/\/www.latitude-15.com\/pt-br\/martinica-bordeaux-e-fort-de-france-ligadas-por-uma-ponte-aerea-direta-com-a-corsair\/\",\"name\":\"Martinica: Bordeaux e Fort-de-France ligadas por uma ponte a\u00e9rea direta com a CORSAIR - LATITUDE 15\",\"isPartOf\":{\"@id\":\"https:\/\/www.latitude-15.com\/pt-br\/#website\"},\"primaryImageOfPage\":{\"@id\":\"https:\/\/www.latitude-15.com\/pt-br\/martinica-bordeaux-e-fort-de-france-ligadas-por-uma-ponte-aerea-direta-com-a-corsair\/#primaryimage\"},\"image\":{\"@id\":\"https:\/\/www.latitude-15.com\/pt-br\/martinica-bordeaux-e-fort-de-france-ligadas-por-uma-ponte-aerea-direta-com-a-corsair\/#primaryimage\"},\"thumbnailUrl\":\"https:\/\/richeskarayib.com\/wp-content\/uploads\/2025\/12\/Nathalie-Sebastien-1024x1024.png\",\"datePublished\":\"2025-12-16T04:39:35+00:00\",\"dateModified\":\"2026-02-04T03:52:34+00:00\",\"breadcrumb\":{\"@id\":\"https:\/\/www.latitude-15.com\/pt-br\/martinica-bordeaux-e-fort-de-france-ligadas-por-uma-ponte-aerea-direta-com-a-corsair\/#breadcrumb\"},\"inLanguage\":\"pt-BR\",\"potentialAction\":[{\"@type\":\"ReadAction\",\"target\":[\"https:\/\/www.latitude-15.com\/pt-br\/martinica-bordeaux-e-fort-de-france-ligadas-por-uma-ponte-aerea-direta-com-a-corsair\/\"]}]},{\"@type\":\"ImageObject\",\"inLanguage\":\"pt-BR\",\"@id\":\"https:\/\/www.latitude-15.com\/pt-br\/martinica-bordeaux-e-fort-de-france-ligadas-por-uma-ponte-aerea-direta-com-a-corsair\/#primaryimage\",\"url\":\"https:\/\/richeskarayib.com\/wp-content\/uploads\/2025\/12\/Nathalie-Sebastien-1024x1024.png\",\"contentUrl\":\"https:\/\/richeskarayib.com\/wp-content\/uploads\/2025\/12\/Nathalie-Sebastien-1024x1024.png\"},{\"@type\":\"BreadcrumbList\",\"@id\":\"https:\/\/www.latitude-15.com\/pt-br\/martinica-bordeaux-e-fort-de-france-ligadas-por-uma-ponte-aerea-direta-com-a-corsair\/#breadcrumb\",\"itemListElement\":[{\"@type\":\"ListItem\",\"position\":1,\"name\":\"Home\",\"item\":\"https:\/\/www.latitude-15.com\/pt-br\/inicio\/\"},{\"@type\":\"ListItem\",\"position\":2,\"name\":\"Martinica: Bordeaux e Fort-de-France ligadas por uma ponte a\u00e9rea direta com a CORSAIR\"}]},{\"@type\":\"WebSite\",\"@id\":\"https:\/\/www.latitude-15.com\/pt-br\/#website\",\"url\":\"https:\/\/www.latitude-15.com\/pt-br\/\",\"name\":\"LATITUDE 15\",\"description\":\"Aviation and maritime Magazine - Caribbean &amp; Latin America\",\"publisher\":{\"@id\":\"https:\/\/www.latitude-15.com\/pt-br\/#organization\"},\"potentialAction\":[{\"@type\":\"SearchAction\",\"target\":{\"@type\":\"EntryPoint\",\"urlTemplate\":\"https:\/\/www.latitude-15.com\/pt-br\/?s={search_term_string}\"},\"query-input\":{\"@type\":\"PropertyValueSpecification\",\"valueRequired\":true,\"valueName\":\"search_term_string\"}}],\"inLanguage\":\"pt-BR\"},{\"@type\":\"Organization\",\"@id\":\"https:\/\/www.latitude-15.com\/pt-br\/#organization\",\"name\":\"LATITUDE 15\",\"url\":\"https:\/\/www.latitude-15.com\/pt-br\/\",\"logo\":{\"@type\":\"ImageObject\",\"inLanguage\":\"pt-BR\",\"@id\":\"https:\/\/www.latitude-15.com\/pt-br\/#\/schema\/logo\/image\/\",\"url\":\"https:\/\/www.latitude-15.com\/wp-content\/uploads\/2026\/01\/cropped-logox500px.png\",\"contentUrl\":\"https:\/\/www.latitude-15.com\/wp-content\/uploads\/2026\/01\/cropped-logox500px.png\",\"width\":62,\"height\":75,\"caption\":\"LATITUDE 15\"},\"image\":{\"@id\":\"https:\/\/www.latitude-15.com\/pt-br\/#\/schema\/logo\/image\/\"}},{\"@type\":\"Person\",\"@id\":\"https:\/\/www.latitude-15.com\/pt-br\/#\/schema\/person\/2a70943507771992ce3316849aa93bdd\",\"name\":\"sabrinalat15\",\"image\":{\"@type\":\"ImageObject\",\"inLanguage\":\"pt-BR\",\"@id\":\"https:\/\/www.latitude-15.com\/pt-br\/#\/schema\/person\/image\/\",\"url\":\"https:\/\/secure.gravatar.com\/avatar\/91f5e11872ca6128d75f7bbde22cc384ad142a113b81c554ed87d6d9762f8813?s=96&d=mm&r=g\",\"contentUrl\":\"https:\/\/secure.gravatar.com\/avatar\/91f5e11872ca6128d75f7bbde22cc384ad142a113b81c554ed87d6d9762f8813?s=96&d=mm&r=g\",\"caption\":\"sabrinalat15\"},\"sameAs\":[\"https:\/\/www.latitude-15.com\"],\"url\":\"https:\/\/www.latitude-15.com\/pt-br\/author\/sabrinalat15\/\"}]}<\/script>\n<!-- \/ Yoast SEO plugin. -->","yoast_head_json":{"title":"Martinica: Bordeaux e Fort-de-France ligadas por uma ponte a\u00e9rea direta com a CORSAIR - LATITUDE 15","robots":{"index":"index","follow":"follow","max-snippet":"max-snippet:-1","max-image-preview":"max-image-preview:large","max-video-preview":"max-video-preview:-1"},"canonical":"https:\/\/www.latitude-15.com\/pt-br\/martinica-bordeaux-e-fort-de-france-ligadas-por-uma-ponte-aerea-direta-com-a-corsair\/","og_locale":"pt_BR","og_type":"article","og_title":"Martinica: Bordeaux e Fort-de-France ligadas por uma ponte a\u00e9rea direta com a CORSAIR - LATITUDE 15","og_description":"Em 15 de dezembro de 2025, o aeroporto Aim\u00e9-C\u00e9saire recebeu o primeiro voo direto de Bordeaux para Fort-de-France, operado pela CORSAIR. Esta nova rota marca um ponto de virada estrat\u00e9gico para a conectividade e acessibilidade da Martinica ao Caribe a partir do sudoeste da Fran\u00e7a. Uma parceria tripartite para aumentar o apelo regional A chegada [&hellip;]","og_url":"https:\/\/www.latitude-15.com\/pt-br\/martinica-bordeaux-e-fort-de-france-ligadas-por-uma-ponte-aerea-direta-com-a-corsair\/","og_site_name":"LATITUDE 15","article_published_time":"2025-12-16T04:39:35+00:00","article_modified_time":"2026-02-04T03:52:34+00:00","og_image":[{"width":1920,"height":1107,"url":"https:\/\/www.latitude-15.com\/wp-content\/uploads\/2026\/01\/cover-article.jpg.webp","type":"image\/webp"}],"author":"sabrinalat15","twitter_card":"summary_large_image","twitter_misc":{"Escrito por":"sabrinalat15","Est. tempo de leitura":"6 minutos"},"schema":{"@context":"https:\/\/schema.org","@graph":[{"@type":"Article","@id":"https:\/\/www.latitude-15.com\/pt-br\/martinica-bordeaux-e-fort-de-france-ligadas-por-uma-ponte-aerea-direta-com-a-corsair\/#article","isPartOf":{"@id":"https:\/\/www.latitude-15.com\/pt-br\/martinica-bordeaux-e-fort-de-france-ligadas-por-uma-ponte-aerea-direta-com-a-corsair\/"},"author":{"name":"sabrinalat15","@id":"https:\/\/www.latitude-15.com\/pt-br\/#\/schema\/person\/2a70943507771992ce3316849aa93bdd"},"headline":"Martinica: Bordeaux e Fort-de-France ligadas por uma ponte a\u00e9rea direta com a CORSAIR","datePublished":"2025-12-16T04:39:35+00:00","dateModified":"2026-02-04T03:52:34+00:00","mainEntityOfPage":{"@id":"https:\/\/www.latitude-15.com\/pt-br\/martinica-bordeaux-e-fort-de-france-ligadas-por-uma-ponte-aerea-direta-com-a-corsair\/"},"wordCount":1241,"commentCount":0,"publisher":{"@id":"https:\/\/www.latitude-15.com\/pt-br\/#organization"},"image":{"@id":"https:\/\/www.latitude-15.com\/pt-br\/martinica-bordeaux-e-fort-de-france-ligadas-por-uma-ponte-aerea-direta-com-a-corsair\/#primaryimage"},"thumbnailUrl":"https:\/\/richeskarayib.com\/wp-content\/uploads\/2025\/12\/Nathalie-Sebastien-1024x1024.png","articleSection":["AVIA\u00c7\u00c3O","Conectividade a\u00e9rea e Atratividade territorial"],"inLanguage":"pt-BR","potentialAction":[{"@type":"CommentAction","name":"Comment","target":["https:\/\/www.latitude-15.com\/pt-br\/martinica-bordeaux-e-fort-de-france-ligadas-por-uma-ponte-aerea-direta-com-a-corsair\/#respond"]}]},{"@type":"WebPage","@id":"https:\/\/www.latitude-15.com\/pt-br\/martinica-bordeaux-e-fort-de-france-ligadas-por-uma-ponte-aerea-direta-com-a-corsair\/","url":"https:\/\/www.latitude-15.com\/pt-br\/martinica-bordeaux-e-fort-de-france-ligadas-por-uma-ponte-aerea-direta-com-a-corsair\/","name":"Martinica: Bordeaux e Fort-de-France ligadas por uma ponte a\u00e9rea direta com a CORSAIR - LATITUDE 15","isPartOf":{"@id":"https:\/\/www.latitude-15.com\/pt-br\/#website"},"primaryImageOfPage":{"@id":"https:\/\/www.latitude-15.com\/pt-br\/martinica-bordeaux-e-fort-de-france-ligadas-por-uma-ponte-aerea-direta-com-a-corsair\/#primaryimage"},"image":{"@id":"https:\/\/www.latitude-15.com\/pt-br\/martinica-bordeaux-e-fort-de-france-ligadas-por-uma-ponte-aerea-direta-com-a-corsair\/#primaryimage"},"thumbnailUrl":"https:\/\/richeskarayib.com\/wp-content\/uploads\/2025\/12\/Nathalie-Sebastien-1024x1024.png","datePublished":"2025-12-16T04:39:35+00:00","dateModified":"2026-02-04T03:52:34+00:00","breadcrumb":{"@id":"https:\/\/www.latitude-15.com\/pt-br\/martinica-bordeaux-e-fort-de-france-ligadas-por-uma-ponte-aerea-direta-com-a-corsair\/#breadcrumb"},"inLanguage":"pt-BR","potentialAction":[{"@type":"ReadAction","target":["https:\/\/www.latitude-15.com\/pt-br\/martinica-bordeaux-e-fort-de-france-ligadas-por-uma-ponte-aerea-direta-com-a-corsair\/"]}]},{"@type":"ImageObject","inLanguage":"pt-BR","@id":"https:\/\/www.latitude-15.com\/pt-br\/martinica-bordeaux-e-fort-de-france-ligadas-por-uma-ponte-aerea-direta-com-a-corsair\/#primaryimage","url":"https:\/\/richeskarayib.com\/wp-content\/uploads\/2025\/12\/Nathalie-Sebastien-1024x1024.png","contentUrl":"https:\/\/richeskarayib.com\/wp-content\/uploads\/2025\/12\/Nathalie-Sebastien-1024x1024.png"},{"@type":"BreadcrumbList","@id":"https:\/\/www.latitude-15.com\/pt-br\/martinica-bordeaux-e-fort-de-france-ligadas-por-uma-ponte-aerea-direta-com-a-corsair\/#breadcrumb","itemListElement":[{"@type":"ListItem","position":1,"name":"Home","item":"https:\/\/www.latitude-15.com\/pt-br\/inicio\/"},{"@type":"ListItem","position":2,"name":"Martinica: Bordeaux e Fort-de-France ligadas por uma ponte a\u00e9rea direta com a CORSAIR"}]},{"@type":"WebSite","@id":"https:\/\/www.latitude-15.com\/pt-br\/#website","url":"https:\/\/www.latitude-15.com\/pt-br\/","name":"LATITUDE 15","description":"Aviation and maritime Magazine - Caribbean &amp; Latin America","publisher":{"@id":"https:\/\/www.latitude-15.com\/pt-br\/#organization"},"potentialAction":[{"@type":"SearchAction","target":{"@type":"EntryPoint","urlTemplate":"https:\/\/www.latitude-15.com\/pt-br\/?s={search_term_string}"},"query-input":{"@type":"PropertyValueSpecification","valueRequired":true,"valueName":"search_term_string"}}],"inLanguage":"pt-BR"},{"@type":"Organization","@id":"https:\/\/www.latitude-15.com\/pt-br\/#organization","name":"LATITUDE 15","url":"https:\/\/www.latitude-15.com\/pt-br\/","logo":{"@type":"ImageObject","inLanguage":"pt-BR","@id":"https:\/\/www.latitude-15.com\/pt-br\/#\/schema\/logo\/image\/","url":"https:\/\/www.latitude-15.com\/wp-content\/uploads\/2026\/01\/cropped-logox500px.png","contentUrl":"https:\/\/www.latitude-15.com\/wp-content\/uploads\/2026\/01\/cropped-logox500px.png","width":62,"height":75,"caption":"LATITUDE 15"},"image":{"@id":"https:\/\/www.latitude-15.com\/pt-br\/#\/schema\/logo\/image\/"}},{"@type":"Person","@id":"https:\/\/www.latitude-15.com\/pt-br\/#\/schema\/person\/2a70943507771992ce3316849aa93bdd","name":"sabrinalat15","image":{"@type":"ImageObject","inLanguage":"pt-BR","@id":"https:\/\/www.latitude-15.com\/pt-br\/#\/schema\/person\/image\/","url":"https:\/\/secure.gravatar.com\/avatar\/91f5e11872ca6128d75f7bbde22cc384ad142a113b81c554ed87d6d9762f8813?s=96&d=mm&r=g","contentUrl":"https:\/\/secure.gravatar.com\/avatar\/91f5e11872ca6128d75f7bbde22cc384ad142a113b81c554ed87d6d9762f8813?s=96&d=mm&r=g","caption":"sabrinalat15"},"sameAs":["https:\/\/www.latitude-15.com"],"url":"https:\/\/www.latitude-15.com\/pt-br\/author\/sabrinalat15\/"}]}},"_links":{"self":[{"href":"https:\/\/www.latitude-15.com\/pt-br\/wp-json\/wp\/v2\/posts\/19622","targetHints":{"allow":["GET"]}}],"collection":[{"href":"https:\/\/www.latitude-15.com\/pt-br\/wp-json\/wp\/v2\/posts"}],"about":[{"href":"https:\/\/www.latitude-15.com\/pt-br\/wp-json\/wp\/v2\/types\/post"}],"author":[{"embeddable":true,"href":"https:\/\/www.latitude-15.com\/pt-br\/wp-json\/wp\/v2\/users\/1"}],"replies":[{"embeddable":true,"href":"https:\/\/www.latitude-15.com\/pt-br\/wp-json\/wp\/v2\/comments?post=19622"}],"version-history":[{"count":2,"href":"https:\/\/www.latitude-15.com\/pt-br\/wp-json\/wp\/v2\/posts\/19622\/revisions"}],"predecessor-version":[{"id":19624,"href":"https:\/\/www.latitude-15.com\/pt-br\/wp-json\/wp\/v2\/posts\/19622\/revisions\/19624"}],"wp:attachment":[{"href":"https:\/\/www.latitude-15.com\/pt-br\/wp-json\/wp\/v2\/media?parent=19622"}],"wp:term":[{"taxonomy":"category","embeddable":true,"href":"https:\/\/www.latitude-15.com\/pt-br\/wp-json\/wp\/v2\/categories?post=19622"},{"taxonomy":"post_tag","embeddable":true,"href":"https:\/\/www.latitude-15.com\/pt-br\/wp-json\/wp\/v2\/tags?post=19622"}],"curies":[{"name":"wp","href":"https:\/\/api.w.org\/{rel}","templated":true}]}}