{"id":23283,"date":"2026-04-29T14:44:04","date_gmt":"2026-04-29T18:44:04","guid":{"rendered":"https:\/\/www.latitude-15.com\/une-croissance-plus-lente-et-une-hausse-des-couts-redefinissent-la-dynamique-du-transport-en-amerique-latine-et-dans-la-caraibe\/"},"modified":"2026-04-29T14:51:46","modified_gmt":"2026-04-29T18:51:46","slug":"une-croissance-plus-lente-et-une-hausse-des-couts-redefinissent-la-dynamique-du-transport-en-amerique-latine-et-dans-la-caraibe","status":"publish","type":"post","link":"https:\/\/www.latitude-15.com\/fr\/une-croissance-plus-lente-et-une-hausse-des-couts-redefinissent-la-dynamique-du-transport-en-amerique-latine-et-dans-la-caraibe\/","title":{"rendered":"Une croissance plus lente et une hausse des co\u00fbts red\u00e9finissent la dynamique du transport en Am\u00e9rique latine et dans la Cara\u00efbe"},"content":{"rendered":"\n<p>Un cycle \u00e9conomique plus contraint se dessine en Am\u00e9rique latine et dans la Cara\u00efbe. Dans ses derni\u00e8res perspectives publi\u00e9es le 27 avril, la Commission \u00e9conomique pour l&rsquo;Am\u00e9rique latine et la Cara\u00efbe (CEPALC) pr\u00e9voit d\u00e9sormais une croissance du PIB r\u00e9gional de 2,2 % en 2026, l\u00e9g\u00e8rement inf\u00e9rieure \u00e0 son estimation pr\u00e9c\u00e9dente. Au-del\u00e0 de la r\u00e9vision elle-m\u00eame, le signal est clair : la r\u00e9gion demeure enferm\u00e9e dans une dynamique de faible croissance, avec quatre ann\u00e9es cons\u00e9cutives oscillant autour de 2,3 %.  <\/p>\n\n<p>Ce ralentissement ne se produit pas de mani\u00e8re isol\u00e9e. Un environnement mondial plus volatile \u2014 <em>marqu\u00e9 par des tensions g\u00e9opolitiques, des conditions financi\u00e8res plus strictes et des pressions inflationnistes renouvel\u00e9es<\/em> \u2014 red\u00e9finit le contexte op\u00e9rationnel des industries du transport. Les effets sont d\u00e9j\u00e0 visibles, tant du c\u00f4t\u00e9 des co\u00fbts que des fondamentaux de la demande.  <\/p>\n\n<p>Les prix de l&rsquo;\u00e9nergie apparaissent comme un facteur de tension central. D\u00e9but avril, <strong>les prix du p\u00e9trole affichaient une hausse d&rsquo;environ 74 % par rapport \u00e0 leurs niveaux de d\u00e9cembre 2025<\/strong>, selon la CEPALC. Pour les compagnies a\u00e9riennes comme pour les entreprises de transport maritime, cela se traduit par une pression imm\u00e9diate sur les marges op\u00e9rationnelles. Le carburant demeure le principal poste de co\u00fbt pour les transporteurs, tandis que les op\u00e9rateurs maritimes sont confront\u00e9s \u00e0 une exposition similaire via le combustible de soute. Dans un tel contexte, m\u00eame une volatilit\u00e9 mod\u00e9r\u00e9e des prix peut rapidement modifier l&rsquo;\u00e9conomie des r\u00e9seaux et les strat\u00e9gies tarifaires.    <\/p>\n\n<p>Parall\u00e8lement, le moteur du commerce mondial perd de son \u00e9lan. <strong>Les volumes d&rsquo;\u00e9changes devraient progresser de 2,7 % en 2026<\/strong>, un ralentissement marqu\u00e9 par rapport aux 4,7 % enregistr\u00e9s l&rsquo;ann\u00e9e pr\u00e9c\u00e9dente, selon les projections de l&rsquo;<em>Organisation mondiale du commerce<\/em> <em>(OMC)<\/em>. Pour le transport maritime, ce changement est loin d&rsquo;\u00eatre marginal : une croissance commerciale plus faible se traduit g\u00e9n\u00e9ralement directement par une baisse des volumes de fret, une concurrence accrue sur les routes et une activit\u00e9 portuaire plus prudente. <\/p>\n\n<p>Le segment du fret a\u00e9rien offre une illustration concr\u00e8te de cette tendance. Bien que la demande mondiale continue de progresser \u00e0 un rythme soutenu, l&rsquo;Am\u00e9rique latine accuse un retard. Les chiffres r\u00e9cents publi\u00e9s par l&rsquo;<em>Association du transport a\u00e9rien international<\/em> <em>(IATA)<\/em> montrent <strong>une hausse de la demande de fret dans la r\u00e9gion de seulement 0,7 %<\/strong>, contre une croissance \u00e0 deux chiffres \u00e0 l&rsquo;\u00e9chelle mondiale. Un tel \u00e9cart r\u00e9v\u00e8le des contraintes structurelles plus profondes, notamment une int\u00e9gration limit\u00e9e dans les cha\u00eenes logistiques mondiales.   <\/p>\n\n<p>Ces pressions \u00e0 court terme s&rsquo;ajoutent \u00e0 des d\u00e9fis structurels de longue date. Les co\u00fbts logistiques en Am\u00e9rique latine demeurent \u00e9lev\u00e9s selon les normes internationales, comme le soulignent les analyses de la <em>CAF \u2013 Banque de d\u00e9veloppement de l&rsquo;Am\u00e9rique latine<\/em>. Les lacunes en mati\u00e8re d&rsquo;infrastructures, la complexit\u00e9 r\u00e9glementaire et la fragmentation des cha\u00eenes d&rsquo;approvisionnement continuent de peser sur l&rsquo;efficacit\u00e9, r\u00e9duisant la comp\u00e9titivit\u00e9 et amplifiant l&rsquo;impact des chocs externes.  <\/p>\n\n<p>Le tableau r\u00e9gional est encore compliqu\u00e9 par de fortes disparit\u00e9s. Les chiffres globaux de croissance peuvent \u00eatre trompeurs, en particulier dans les Cara\u00efbes. Bien que la sous-r\u00e9gion devrait afficher une expansion robuste en 2026, une grande partie de cette performance est port\u00e9e par le Guyana. En excluant cette exception, on r\u00e9v\u00e8le une r\u00e9alit\u00e9 bien plus mod\u00e9r\u00e9e, avec des niveaux de croissance qui chutent fortement \u2014 une indication du caract\u00e8re in\u00e9gal de la reprise.   <\/p>\n\n<p>La dynamique de la demande devient \u00e9galement plus fragile. La consommation priv\u00e9e, identifi\u00e9e par la CEPALC comme un moteur cl\u00e9 de la croissance, perd de son \u00e9lan, tandis que l&rsquo;expansion de l&#8217;emploi devrait ralentir. Combin\u00e9es \u00e0 une inflation d\u00e9passant l\u00e9g\u00e8rement 3 %, ces tendances sugg\u00e8rent un environnement plus contraint tant pour le trafic passagers que pour la demande de fret dans les mois \u00e0 venir.  <\/p>\n\n<p>Pris ensemble, ces signaux indiquent un changement dans le paysage du transport r\u00e9gional. La croissance n&rsquo;est plus soutenue par de forts vents favorables macro\u00e9conomiques, mais de plus en plus fa\u00e7onn\u00e9e par la volatilit\u00e9 des co\u00fbts, les inefficacit\u00e9s structurelles et l&rsquo;affaiblissement des flux commerciaux. <\/p>\n\n<p>Dans cet environnement, l&rsquo;adaptation devient un imp\u00e9ratif strat\u00e9gique. Que ce soit dans le transport a\u00e9rien ou maritime, les op\u00e9rateurs devront naviguer dans une \u00e9quation plus complexe \u2014 \u00e9quilibrant les pressions sur les co\u00fbts, l&rsquo;incertitude de la demande et les priorit\u00e9s d&rsquo;investissement. Comme le souligne la CEPALC, le renforcement de la productivit\u00e9 et l&rsquo;am\u00e9lioration de la r\u00e9silience seront essentiels pour maintenir la comp\u00e9titivit\u00e9 dans une p\u00e9riode d\u00e9finie moins par l&rsquo;expansion que par l&rsquo;ajustement.  <\/p>\n","protected":false},"excerpt":{"rendered":"<p>Un cycle \u00e9conomique plus contraint se dessine en Am\u00e9rique latine et dans la Cara\u00efbe. Dans ses derni\u00e8res perspectives publi\u00e9es le 27 avril, la Commission \u00e9conomique pour l&rsquo;Am\u00e9rique latine et la Cara\u00efbe (CEPALC) pr\u00e9voit d\u00e9sormais une croissance du PIB r\u00e9gional de 2,2 % en 2026, l\u00e9g\u00e8rement inf\u00e9rieure \u00e0 son estimation pr\u00e9c\u00e9dente. Au-del\u00e0 de la r\u00e9vision elle-m\u00eame, [&hellip;]<\/p>\n","protected":false},"author":5,"featured_media":23282,"comment_status":"open","ping_status":"closed","sticky":false,"template":"","format":"standard","meta":{"footnotes":""},"categories":[97,118],"tags":[],"class_list":["post-23283","post","type-post","status-publish","format-standard","has-post-thumbnail","hentry","category-aviation-fr","category-maritime-fr"],"yoast_head":"<!-- This site is optimized with the Yoast SEO plugin v26.9 - https:\/\/yoast.com\/product\/yoast-seo-wordpress\/ -->\n<title>Une croissance faible et une hausse des co\u00fbts d\u00e9fient les secteurs du transport en ALC<\/title>\n<meta name=\"description\" content=\"Une croissance plus lente, une hausse des co\u00fbts du carburant et un affaiblissement des flux commerciaux red\u00e9finissent la dynamique du transport a\u00e9rien et maritime dans l&#039;ensemble de l&#039;ALC en 2026.\" \/>\n<meta name=\"robots\" content=\"index, follow, max-snippet:-1, max-image-preview:large, max-video-preview:-1\" \/>\n<link rel=\"canonical\" href=\"https:\/\/www.latitude-15.com\/fr\/une-croissance-plus-lente-et-une-hausse-des-couts-redefinissent-la-dynamique-du-transport-en-amerique-latine-et-dans-la-caraibe\/\" \/>\n<meta property=\"og:locale\" content=\"fr_FR\" \/>\n<meta property=\"og:type\" content=\"article\" \/>\n<meta property=\"og:title\" content=\"Une croissance faible et une hausse des co\u00fbts d\u00e9fient les secteurs du transport en ALC\" \/>\n<meta property=\"og:description\" content=\"Une croissance plus lente, une hausse des co\u00fbts du carburant et un affaiblissement des flux commerciaux red\u00e9finissent la dynamique du transport a\u00e9rien et maritime dans l&#039;ensemble de l&#039;ALC en 2026.\" \/>\n<meta property=\"og:url\" content=\"https:\/\/www.latitude-15.com\/fr\/une-croissance-plus-lente-et-une-hausse-des-couts-redefinissent-la-dynamique-du-transport-en-amerique-latine-et-dans-la-caraibe\/\" \/>\n<meta property=\"og:site_name\" content=\"LATITUDE 15\" \/>\n<meta property=\"article:published_time\" content=\"2026-04-29T18:44:04+00:00\" \/>\n<meta property=\"article:modified_time\" content=\"2026-04-29T18:51:46+00:00\" \/>\n<meta property=\"og:image\" content=\"https:\/\/www.latitude-15.com\/wp-content\/uploads\/2026\/04\/qethsrtjsrtj-1.png\" \/>\n\t<meta property=\"og:image:width\" content=\"1536\" \/>\n\t<meta property=\"og:image:height\" content=\"1024\" \/>\n\t<meta property=\"og:image:type\" content=\"image\/png\" \/>\n<meta name=\"author\" content=\"Joda J\" \/>\n<meta name=\"twitter:card\" content=\"summary_large_image\" \/>\n<meta name=\"twitter:label1\" content=\"\u00c9crit par\" \/>\n\t<meta name=\"twitter:data1\" content=\"Joda J\" \/>\n\t<meta name=\"twitter:label2\" content=\"Dur\u00e9e de lecture estim\u00e9e\" \/>\n\t<meta name=\"twitter:data2\" content=\"4 minutes\" \/>\n<script type=\"application\/ld+json\" class=\"yoast-schema-graph\">{\"@context\":\"https:\/\/schema.org\",\"@graph\":[{\"@type\":\"Article\",\"@id\":\"https:\/\/www.latitude-15.com\/fr\/une-croissance-plus-lente-et-une-hausse-des-couts-redefinissent-la-dynamique-du-transport-en-amerique-latine-et-dans-la-caraibe\/#article\",\"isPartOf\":{\"@id\":\"https:\/\/www.latitude-15.com\/fr\/une-croissance-plus-lente-et-une-hausse-des-couts-redefinissent-la-dynamique-du-transport-en-amerique-latine-et-dans-la-caraibe\/\"},\"author\":{\"name\":\"Joda J\",\"@id\":\"https:\/\/www.latitude-15.com\/fr\/#\/schema\/person\/dac52e7ff44c78317f337da112e37252\"},\"headline\":\"Une croissance plus lente et une hausse des co\u00fbts red\u00e9finissent la dynamique du transport en Am\u00e9rique latine et dans la Cara\u00efbe\",\"datePublished\":\"2026-04-29T18:44:04+00:00\",\"dateModified\":\"2026-04-29T18:51:46+00:00\",\"mainEntityOfPage\":{\"@id\":\"https:\/\/www.latitude-15.com\/fr\/une-croissance-plus-lente-et-une-hausse-des-couts-redefinissent-la-dynamique-du-transport-en-amerique-latine-et-dans-la-caraibe\/\"},\"wordCount\":845,\"commentCount\":0,\"publisher\":{\"@id\":\"https:\/\/www.latitude-15.com\/fr\/#organization\"},\"image\":{\"@id\":\"https:\/\/www.latitude-15.com\/fr\/une-croissance-plus-lente-et-une-hausse-des-couts-redefinissent-la-dynamique-du-transport-en-amerique-latine-et-dans-la-caraibe\/#primaryimage\"},\"thumbnailUrl\":\"https:\/\/www.latitude-15.com\/wp-content\/uploads\/2026\/04\/qethsrtjsrtj-1.png\",\"articleSection\":[\"AVIATION\",\"MARITIME\"],\"inLanguage\":\"fr-FR\",\"potentialAction\":[{\"@type\":\"CommentAction\",\"name\":\"Comment\",\"target\":[\"https:\/\/www.latitude-15.com\/fr\/une-croissance-plus-lente-et-une-hausse-des-couts-redefinissent-la-dynamique-du-transport-en-amerique-latine-et-dans-la-caraibe\/#respond\"]}]},{\"@type\":\"WebPage\",\"@id\":\"https:\/\/www.latitude-15.com\/fr\/une-croissance-plus-lente-et-une-hausse-des-couts-redefinissent-la-dynamique-du-transport-en-amerique-latine-et-dans-la-caraibe\/\",\"url\":\"https:\/\/www.latitude-15.com\/fr\/une-croissance-plus-lente-et-une-hausse-des-couts-redefinissent-la-dynamique-du-transport-en-amerique-latine-et-dans-la-caraibe\/\",\"name\":\"Une croissance faible et une hausse des co\u00fbts d\u00e9fient les secteurs du transport en ALC\",\"isPartOf\":{\"@id\":\"https:\/\/www.latitude-15.com\/fr\/#website\"},\"primaryImageOfPage\":{\"@id\":\"https:\/\/www.latitude-15.com\/fr\/une-croissance-plus-lente-et-une-hausse-des-couts-redefinissent-la-dynamique-du-transport-en-amerique-latine-et-dans-la-caraibe\/#primaryimage\"},\"image\":{\"@id\":\"https:\/\/www.latitude-15.com\/fr\/une-croissance-plus-lente-et-une-hausse-des-couts-redefinissent-la-dynamique-du-transport-en-amerique-latine-et-dans-la-caraibe\/#primaryimage\"},\"thumbnailUrl\":\"https:\/\/www.latitude-15.com\/wp-content\/uploads\/2026\/04\/qethsrtjsrtj-1.png\",\"datePublished\":\"2026-04-29T18:44:04+00:00\",\"dateModified\":\"2026-04-29T18:51:46+00:00\",\"description\":\"Une croissance plus lente, une hausse des co\u00fbts du carburant et un affaiblissement des flux commerciaux red\u00e9finissent la dynamique du transport a\u00e9rien et maritime dans l'ensemble de l'ALC en 2026.\",\"breadcrumb\":{\"@id\":\"https:\/\/www.latitude-15.com\/fr\/une-croissance-plus-lente-et-une-hausse-des-couts-redefinissent-la-dynamique-du-transport-en-amerique-latine-et-dans-la-caraibe\/#breadcrumb\"},\"inLanguage\":\"fr-FR\",\"potentialAction\":[{\"@type\":\"ReadAction\",\"target\":[\"https:\/\/www.latitude-15.com\/fr\/une-croissance-plus-lente-et-une-hausse-des-couts-redefinissent-la-dynamique-du-transport-en-amerique-latine-et-dans-la-caraibe\/\"]}]},{\"@type\":\"ImageObject\",\"inLanguage\":\"fr-FR\",\"@id\":\"https:\/\/www.latitude-15.com\/fr\/une-croissance-plus-lente-et-une-hausse-des-couts-redefinissent-la-dynamique-du-transport-en-amerique-latine-et-dans-la-caraibe\/#primaryimage\",\"url\":\"https:\/\/www.latitude-15.com\/wp-content\/uploads\/2026\/04\/qethsrtjsrtj-1.png\",\"contentUrl\":\"https:\/\/www.latitude-15.com\/wp-content\/uploads\/2026\/04\/qethsrtjsrtj-1.png\",\"width\":1536,\"height\":1024,\"caption\":\"transport\"},{\"@type\":\"BreadcrumbList\",\"@id\":\"https:\/\/www.latitude-15.com\/fr\/une-croissance-plus-lente-et-une-hausse-des-couts-redefinissent-la-dynamique-du-transport-en-amerique-latine-et-dans-la-caraibe\/#breadcrumb\",\"itemListElement\":[{\"@type\":\"ListItem\",\"position\":1,\"name\":\"Home\",\"item\":\"https:\/\/www.latitude-15.com\/fr\/accueil\/\"},{\"@type\":\"ListItem\",\"position\":2,\"name\":\"Une croissance plus lente et une hausse des co\u00fbts red\u00e9finissent la dynamique du transport en Am\u00e9rique latine et dans la Cara\u00efbe\"}]},{\"@type\":\"WebSite\",\"@id\":\"https:\/\/www.latitude-15.com\/fr\/#website\",\"url\":\"https:\/\/www.latitude-15.com\/fr\/\",\"name\":\"LATITUDE 15\",\"description\":\"Aviation and maritime Magazine - Caribbean &amp; Latin America\",\"publisher\":{\"@id\":\"https:\/\/www.latitude-15.com\/fr\/#organization\"},\"potentialAction\":[{\"@type\":\"SearchAction\",\"target\":{\"@type\":\"EntryPoint\",\"urlTemplate\":\"https:\/\/www.latitude-15.com\/fr\/?s={search_term_string}\"},\"query-input\":{\"@type\":\"PropertyValueSpecification\",\"valueRequired\":true,\"valueName\":\"search_term_string\"}}],\"inLanguage\":\"fr-FR\"},{\"@type\":\"Organization\",\"@id\":\"https:\/\/www.latitude-15.com\/fr\/#organization\",\"name\":\"LATITUDE 15\",\"url\":\"https:\/\/www.latitude-15.com\/fr\/\",\"logo\":{\"@type\":\"ImageObject\",\"inLanguage\":\"fr-FR\",\"@id\":\"https:\/\/www.latitude-15.com\/fr\/#\/schema\/logo\/image\/\",\"url\":\"https:\/\/www.latitude-15.com\/wp-content\/uploads\/2026\/01\/cropped-logox500px.png\",\"contentUrl\":\"https:\/\/www.latitude-15.com\/wp-content\/uploads\/2026\/01\/cropped-logox500px.png\",\"width\":62,\"height\":75,\"caption\":\"LATITUDE 15\"},\"image\":{\"@id\":\"https:\/\/www.latitude-15.com\/fr\/#\/schema\/logo\/image\/\"}},{\"@type\":\"Person\",\"@id\":\"https:\/\/www.latitude-15.com\/fr\/#\/schema\/person\/dac52e7ff44c78317f337da112e37252\",\"name\":\"Joda J\",\"image\":{\"@type\":\"ImageObject\",\"inLanguage\":\"fr-FR\",\"@id\":\"https:\/\/www.latitude-15.com\/fr\/#\/schema\/person\/image\/\",\"url\":\"https:\/\/secure.gravatar.com\/avatar\/6b1feae555e15404b76616f92d931d12b25ac58024f14ccb43d9d3c012e4c4cf?s=96&d=mm&r=g\",\"contentUrl\":\"https:\/\/secure.gravatar.com\/avatar\/6b1feae555e15404b76616f92d931d12b25ac58024f14ccb43d9d3c012e4c4cf?s=96&d=mm&r=g\",\"caption\":\"Joda J\"},\"url\":\"https:\/\/www.latitude-15.com\/fr\/author\/joda\/\"}]}<\/script>\n<!-- \/ Yoast SEO plugin. -->","yoast_head_json":{"title":"Une croissance faible et une hausse des co\u00fbts d\u00e9fient les secteurs du transport en ALC","description":"Une croissance plus lente, une hausse des co\u00fbts du carburant et un affaiblissement des flux commerciaux red\u00e9finissent la dynamique du transport a\u00e9rien et maritime dans l'ensemble de l'ALC en 2026.","robots":{"index":"index","follow":"follow","max-snippet":"max-snippet:-1","max-image-preview":"max-image-preview:large","max-video-preview":"max-video-preview:-1"},"canonical":"https:\/\/www.latitude-15.com\/fr\/une-croissance-plus-lente-et-une-hausse-des-couts-redefinissent-la-dynamique-du-transport-en-amerique-latine-et-dans-la-caraibe\/","og_locale":"fr_FR","og_type":"article","og_title":"Une croissance faible et une hausse des co\u00fbts d\u00e9fient les secteurs du transport en ALC","og_description":"Une croissance plus lente, une hausse des co\u00fbts du carburant et un affaiblissement des flux commerciaux red\u00e9finissent la dynamique du transport a\u00e9rien et maritime dans l'ensemble de l'ALC en 2026.","og_url":"https:\/\/www.latitude-15.com\/fr\/une-croissance-plus-lente-et-une-hausse-des-couts-redefinissent-la-dynamique-du-transport-en-amerique-latine-et-dans-la-caraibe\/","og_site_name":"LATITUDE 15","article_published_time":"2026-04-29T18:44:04+00:00","article_modified_time":"2026-04-29T18:51:46+00:00","og_image":[{"width":1536,"height":1024,"url":"https:\/\/www.latitude-15.com\/wp-content\/uploads\/2026\/04\/qethsrtjsrtj-1.png","type":"image\/png"}],"author":"Joda J","twitter_card":"summary_large_image","twitter_misc":{"\u00c9crit par":"Joda J","Dur\u00e9e de lecture estim\u00e9e":"4 minutes"},"schema":{"@context":"https:\/\/schema.org","@graph":[{"@type":"Article","@id":"https:\/\/www.latitude-15.com\/fr\/une-croissance-plus-lente-et-une-hausse-des-couts-redefinissent-la-dynamique-du-transport-en-amerique-latine-et-dans-la-caraibe\/#article","isPartOf":{"@id":"https:\/\/www.latitude-15.com\/fr\/une-croissance-plus-lente-et-une-hausse-des-couts-redefinissent-la-dynamique-du-transport-en-amerique-latine-et-dans-la-caraibe\/"},"author":{"name":"Joda J","@id":"https:\/\/www.latitude-15.com\/fr\/#\/schema\/person\/dac52e7ff44c78317f337da112e37252"},"headline":"Une croissance plus lente et une hausse des co\u00fbts red\u00e9finissent la dynamique du transport en Am\u00e9rique latine et dans la Cara\u00efbe","datePublished":"2026-04-29T18:44:04+00:00","dateModified":"2026-04-29T18:51:46+00:00","mainEntityOfPage":{"@id":"https:\/\/www.latitude-15.com\/fr\/une-croissance-plus-lente-et-une-hausse-des-couts-redefinissent-la-dynamique-du-transport-en-amerique-latine-et-dans-la-caraibe\/"},"wordCount":845,"commentCount":0,"publisher":{"@id":"https:\/\/www.latitude-15.com\/fr\/#organization"},"image":{"@id":"https:\/\/www.latitude-15.com\/fr\/une-croissance-plus-lente-et-une-hausse-des-couts-redefinissent-la-dynamique-du-transport-en-amerique-latine-et-dans-la-caraibe\/#primaryimage"},"thumbnailUrl":"https:\/\/www.latitude-15.com\/wp-content\/uploads\/2026\/04\/qethsrtjsrtj-1.png","articleSection":["AVIATION","MARITIME"],"inLanguage":"fr-FR","potentialAction":[{"@type":"CommentAction","name":"Comment","target":["https:\/\/www.latitude-15.com\/fr\/une-croissance-plus-lente-et-une-hausse-des-couts-redefinissent-la-dynamique-du-transport-en-amerique-latine-et-dans-la-caraibe\/#respond"]}]},{"@type":"WebPage","@id":"https:\/\/www.latitude-15.com\/fr\/une-croissance-plus-lente-et-une-hausse-des-couts-redefinissent-la-dynamique-du-transport-en-amerique-latine-et-dans-la-caraibe\/","url":"https:\/\/www.latitude-15.com\/fr\/une-croissance-plus-lente-et-une-hausse-des-couts-redefinissent-la-dynamique-du-transport-en-amerique-latine-et-dans-la-caraibe\/","name":"Une croissance faible et une hausse des co\u00fbts d\u00e9fient les secteurs du transport en ALC","isPartOf":{"@id":"https:\/\/www.latitude-15.com\/fr\/#website"},"primaryImageOfPage":{"@id":"https:\/\/www.latitude-15.com\/fr\/une-croissance-plus-lente-et-une-hausse-des-couts-redefinissent-la-dynamique-du-transport-en-amerique-latine-et-dans-la-caraibe\/#primaryimage"},"image":{"@id":"https:\/\/www.latitude-15.com\/fr\/une-croissance-plus-lente-et-une-hausse-des-couts-redefinissent-la-dynamique-du-transport-en-amerique-latine-et-dans-la-caraibe\/#primaryimage"},"thumbnailUrl":"https:\/\/www.latitude-15.com\/wp-content\/uploads\/2026\/04\/qethsrtjsrtj-1.png","datePublished":"2026-04-29T18:44:04+00:00","dateModified":"2026-04-29T18:51:46+00:00","description":"Une croissance plus lente, une hausse des co\u00fbts du carburant et un affaiblissement des flux commerciaux red\u00e9finissent la dynamique du transport a\u00e9rien et maritime dans l'ensemble de l'ALC en 2026.","breadcrumb":{"@id":"https:\/\/www.latitude-15.com\/fr\/une-croissance-plus-lente-et-une-hausse-des-couts-redefinissent-la-dynamique-du-transport-en-amerique-latine-et-dans-la-caraibe\/#breadcrumb"},"inLanguage":"fr-FR","potentialAction":[{"@type":"ReadAction","target":["https:\/\/www.latitude-15.com\/fr\/une-croissance-plus-lente-et-une-hausse-des-couts-redefinissent-la-dynamique-du-transport-en-amerique-latine-et-dans-la-caraibe\/"]}]},{"@type":"ImageObject","inLanguage":"fr-FR","@id":"https:\/\/www.latitude-15.com\/fr\/une-croissance-plus-lente-et-une-hausse-des-couts-redefinissent-la-dynamique-du-transport-en-amerique-latine-et-dans-la-caraibe\/#primaryimage","url":"https:\/\/www.latitude-15.com\/wp-content\/uploads\/2026\/04\/qethsrtjsrtj-1.png","contentUrl":"https:\/\/www.latitude-15.com\/wp-content\/uploads\/2026\/04\/qethsrtjsrtj-1.png","width":1536,"height":1024,"caption":"transport"},{"@type":"BreadcrumbList","@id":"https:\/\/www.latitude-15.com\/fr\/une-croissance-plus-lente-et-une-hausse-des-couts-redefinissent-la-dynamique-du-transport-en-amerique-latine-et-dans-la-caraibe\/#breadcrumb","itemListElement":[{"@type":"ListItem","position":1,"name":"Home","item":"https:\/\/www.latitude-15.com\/fr\/accueil\/"},{"@type":"ListItem","position":2,"name":"Une croissance plus lente et une hausse des co\u00fbts red\u00e9finissent la dynamique du transport en Am\u00e9rique latine et dans la Cara\u00efbe"}]},{"@type":"WebSite","@id":"https:\/\/www.latitude-15.com\/fr\/#website","url":"https:\/\/www.latitude-15.com\/fr\/","name":"LATITUDE 15","description":"Aviation and maritime Magazine - Caribbean &amp; Latin America","publisher":{"@id":"https:\/\/www.latitude-15.com\/fr\/#organization"},"potentialAction":[{"@type":"SearchAction","target":{"@type":"EntryPoint","urlTemplate":"https:\/\/www.latitude-15.com\/fr\/?s={search_term_string}"},"query-input":{"@type":"PropertyValueSpecification","valueRequired":true,"valueName":"search_term_string"}}],"inLanguage":"fr-FR"},{"@type":"Organization","@id":"https:\/\/www.latitude-15.com\/fr\/#organization","name":"LATITUDE 15","url":"https:\/\/www.latitude-15.com\/fr\/","logo":{"@type":"ImageObject","inLanguage":"fr-FR","@id":"https:\/\/www.latitude-15.com\/fr\/#\/schema\/logo\/image\/","url":"https:\/\/www.latitude-15.com\/wp-content\/uploads\/2026\/01\/cropped-logox500px.png","contentUrl":"https:\/\/www.latitude-15.com\/wp-content\/uploads\/2026\/01\/cropped-logox500px.png","width":62,"height":75,"caption":"LATITUDE 15"},"image":{"@id":"https:\/\/www.latitude-15.com\/fr\/#\/schema\/logo\/image\/"}},{"@type":"Person","@id":"https:\/\/www.latitude-15.com\/fr\/#\/schema\/person\/dac52e7ff44c78317f337da112e37252","name":"Joda J","image":{"@type":"ImageObject","inLanguage":"fr-FR","@id":"https:\/\/www.latitude-15.com\/fr\/#\/schema\/person\/image\/","url":"https:\/\/secure.gravatar.com\/avatar\/6b1feae555e15404b76616f92d931d12b25ac58024f14ccb43d9d3c012e4c4cf?s=96&d=mm&r=g","contentUrl":"https:\/\/secure.gravatar.com\/avatar\/6b1feae555e15404b76616f92d931d12b25ac58024f14ccb43d9d3c012e4c4cf?s=96&d=mm&r=g","caption":"Joda J"},"url":"https:\/\/www.latitude-15.com\/fr\/author\/joda\/"}]}},"_links":{"self":[{"href":"https:\/\/www.latitude-15.com\/fr\/wp-json\/wp\/v2\/posts\/23283","targetHints":{"allow":["GET"]}}],"collection":[{"href":"https:\/\/www.latitude-15.com\/fr\/wp-json\/wp\/v2\/posts"}],"about":[{"href":"https:\/\/www.latitude-15.com\/fr\/wp-json\/wp\/v2\/types\/post"}],"author":[{"embeddable":true,"href":"https:\/\/www.latitude-15.com\/fr\/wp-json\/wp\/v2\/users\/5"}],"replies":[{"embeddable":true,"href":"https:\/\/www.latitude-15.com\/fr\/wp-json\/wp\/v2\/comments?post=23283"}],"version-history":[{"count":1,"href":"https:\/\/www.latitude-15.com\/fr\/wp-json\/wp\/v2\/posts\/23283\/revisions"}],"predecessor-version":[{"id":23284,"href":"https:\/\/www.latitude-15.com\/fr\/wp-json\/wp\/v2\/posts\/23283\/revisions\/23284"}],"wp:featuredmedia":[{"embeddable":true,"href":"https:\/\/www.latitude-15.com\/fr\/wp-json\/wp\/v2\/media\/23282"}],"wp:attachment":[{"href":"https:\/\/www.latitude-15.com\/fr\/wp-json\/wp\/v2\/media?parent=23283"}],"wp:term":[{"taxonomy":"category","embeddable":true,"href":"https:\/\/www.latitude-15.com\/fr\/wp-json\/wp\/v2\/categories?post=23283"},{"taxonomy":"post_tag","embeddable":true,"href":"https:\/\/www.latitude-15.com\/fr\/wp-json\/wp\/v2\/tags?post=23283"}],"curies":[{"name":"wp","href":"https:\/\/api.w.org\/{rel}","templated":true}]}}