{"id":23257,"date":"2026-04-28T09:30:00","date_gmt":"2026-04-28T13:30:00","guid":{"rendered":"https:\/\/www.latitude-15.com\/le-trafic-de-laeroport-de-guadeloupe-montre-une-reprise-contrastee-portee-par-lamerique-du-nord-et-la-caraibe-qui-redefinissent-la-connectivite\/"},"modified":"2026-04-28T23:52:31","modified_gmt":"2026-04-29T03:52:31","slug":"le-trafic-de-laeroport-de-guadeloupe-montre-une-reprise-contrastee-portee-par-lamerique-du-nord-et-la-caraibe-qui-redefinissent-la-connectivite","status":"publish","type":"post","link":"https:\/\/www.latitude-15.com\/fr\/le-trafic-de-laeroport-de-guadeloupe-montre-une-reprise-contrastee-portee-par-lamerique-du-nord-et-la-caraibe-qui-redefinissent-la-connectivite\/","title":{"rendered":"Le trafic de l\u2019a\u00e9roport de Guadeloupe montre une reprise contrast\u00e9e, port\u00e9e par l\u2019Am\u00e9rique du Nord et la Cara\u00efbe qui red\u00e9finissent la connectivit\u00e9"},"content":{"rendered":"\n<p>L\u2019a\u00e9roport Guadeloupe Maryse Cond\u00e9 International a enregistr\u00e9 pr\u00e8s de 2,2 millions de passagers en 2025, confirmant une reprise progressive du trafic a\u00e9rien, bien que les volumes restent inf\u00e9rieurs aux niveaux d\u2019avant la pand\u00e9mie. Les derni\u00e8res donn\u00e9es mettent en \u00e9vidence un r\u00e9seau en transition, o\u00f9 la croissance des liaisons nord-am\u00e9ricaines et le retour de la connectivit\u00e9 carib\u00e9enne commencent \u00e0 r\u00e9\u00e9quilibrer un march\u00e9 historiquement domin\u00e9 par la France. <\/p>\n\n<h2 class=\"wp-block-heading\">Une reprise engag\u00e9e, mais encore en de\u00e7\u00e0 des niveaux d\u2019avant crise<\/h2>\n\n<p>Le trafic total a atteint 2 193 878 passagers en 2025, soit une hausse de +2,0 % par rapport \u00e0 2024, mais reste -11,9 % en dessous des niveaux de 2019, selon le dossier de presse 2026 de l\u2019a\u00e9roport.<\/p>\n\n<p>L\u2019activit\u00e9 op\u00e9rationnelle s\u2019est n\u00e9anmoins acc\u00e9l\u00e9r\u00e9e, avec 25 402 mouvements d\u2019avions, en hausse de +18,7 % sur un an, tandis que le fret affiche \u00e9galement une forte dynamique avec 13 656 tonnes (+23,5 %). Ces indicateurs traduisent une reprise des op\u00e9rations, alors que les volumes de passagers continuent de se normaliser plus progressivement. <\/p>\n\n<p>\u00c0 court terme, les tendances restent contrast\u00e9es. En janvier 2026, l\u2019a\u00e9roport a accueilli 212 696 passagers, soit une baisse de -4,4 % par rapport \u00e0 janvier 2025, refl\u00e9tant les ajustements en cours des capacit\u00e9s a\u00e9riennes et la restructuration des r\u00e9seaux. <\/p>\n\n<h2 class=\"wp-block-heading\">Un r\u00e9seau encore domin\u00e9 par la France<\/h2>\n\n<p>La structure du trafic reste fortement concentr\u00e9e sur la France m\u00e9tropolitaine, qui repr\u00e9sente 64,5 % du total des passagers en 2025, avec plus de 1,38 million de voyageurs. Paris demeure de loin la principale destination, avec 1,37 million de passagers. <\/p>\n\n<p>Toutefois, cette domination commence \u00e0 \u00e9voluer. Si le trafic vers la France progresse l\u00e9g\u00e8rement sur un an, il reste inf\u00e9rieur aux niveaux d\u2019avant crise, et les donn\u00e9es r\u00e9centes montrent une baisse de -4,0 % en janvier 2026, en partie li\u00e9e \u00e0 des optimisations de capacit\u00e9 op\u00e9r\u00e9es par les compagnies a\u00e9riennes. <\/p>\n\n<h2 class=\"wp-block-heading\">L\u2019Am\u00e9rique du Nord s\u2019impose comme moteur de croissance<\/h2>\n\n<p>La croissance provient de plus en plus de l\u2019Am\u00e9rique du Nord, en particulier du Canada. Le march\u00e9 canadien a enregistr\u00e9 98 435 passagers en 2025 (+9,1 %) et continue de progresser d\u00e9but 2026. <\/p>\n\n<p>Sur le seul mois de janvier, le trafic vers le Canada a atteint 18 073 passagers, soit une hausse de +24,5 % par rapport \u00e0 2025 et de +55,1 % par rapport \u00e0 2019. L\u2019ouverture de nouvelles liaisons directes, notamment vers Toronto, renforce cette dynamique. <\/p>\n\n<p>Globalement, le trafic nord-am\u00e9ricain a progress\u00e9 de +20,4 % en janvier 2026, tandis que la ligne vers Miami affiche \u00e9galement une hausse de +6,3 %, confirmant le poids croissant de ce segment dans le r\u00e9seau de l\u2019a\u00e9roport.<\/p>\n\n<h2 class=\"wp-block-heading\">La connectivit\u00e9 carib\u00e9enne montre des signes de reprise<\/h2>\n\n<p>Bien qu\u2019elle ne repr\u00e9sente que 1,9 % du trafic total en 2025, la zone cara\u00efbe retrouve une dynamique positive. Le trafic intra-r\u00e9gional reste structurellement faible par rapport \u00e0 l\u2019avant-pand\u00e9mie (-58,5 % vs 2019), mais les donn\u00e9es r\u00e9centes indiquent un rebond. <\/p>\n\n<p>En janvier 2026, le trafic carib\u00e9en a progress\u00e9 de +37,9 % sur un an, soutenu par une am\u00e9lioration des performances des compagnies et des ajustements du r\u00e9seau.<\/p>\n\n<p>Cette reprise est \u00e9galement port\u00e9e par de nouvelles liaisons. LIAT Air a annonc\u00e9 l\u2019ouverture de vols directs entre Pointe-\u00e0-Pitre et Antigua (quatre fr\u00e9quences hebdomadaires) ainsi que Montego Bay (deux fr\u00e9quences hebdomadaires), op\u00e9r\u00e9s toute l\u2019ann\u00e9e. La r\u00e9ouverture d\u2019Antigua r\u00e9tablit une liaison historique, tandis que la nouvelle route vers la Jama\u00efque \u00e9largit l\u2019acc\u00e8s \u00e0 l\u2019ensemble de la Cara\u00efbe et cr\u00e9e des connexions indirectes vers des march\u00e9s comme les \u00c9tats-Unis et le Royaume-Uni.  <\/p>\n\n<h2 class=\"wp-block-heading\">Un r\u00e9seau en recomposition<\/h2>\n\n<p>Ces \u00e9volutions traduisent une strat\u00e9gie plus large de diversification du r\u00e9seau. Si la France m\u00e9tropolitaine reste le socle du trafic, l\u2019a\u00e9roport d\u00e9veloppe activement ses connexions vers l\u2019Am\u00e9rique du Nord et les march\u00e9s r\u00e9gionaux carib\u00e9ens. <\/p>\n\n<p>Dans le m\u00eame temps, certains segments restent sous pression. Le trafic vers les \u00celes du Nord a recul\u00e9 de -14,6 % en janvier 2026, principalement en raison de la suspension des op\u00e9rations d\u2019Air Antilles, tandis que les flux vers la Martinique et la Guyane fran\u00e7aise sont rest\u00e9s globalement stables. <\/p>\n\n<h2 class=\"wp-block-heading\">Vers un mod\u00e8le de connectivit\u00e9 plus \u00e9quilibr\u00e9<\/h2>\n\n<p>Le r\u00e9seau a\u00e9rien de la Guadeloupe entre dans une nouvelle phase. Les donn\u00e9es indiquent un glissement progressif d\u2019un mod\u00e8le fortement concentr\u00e9 vers une structure plus diversifi\u00e9e, port\u00e9e par l\u2019ouverture de nouvelles routes, la mont\u00e9e en puissance du march\u00e9 nord-am\u00e9ricain et le retour de la connectivit\u00e9 r\u00e9gionale. <\/p>\n\n<p>Si la reprise reste in\u00e9gale, notamment au regard des niveaux de 2019, les tendances r\u00e9centes du trafic et les \u00e9volutions du r\u00e9seau sugg\u00e8rent que l\u2019a\u00e9roport se repositionne dans le paysage a\u00e9rien carib\u00e9en, avec une attention accrue port\u00e9e \u00e0 la diversification internationale et \u00e0 l\u2019int\u00e9gration r\u00e9gionale.<\/p>\n","protected":false},"excerpt":{"rendered":"<p>L\u2019a\u00e9roport Guadeloupe Maryse Cond\u00e9 International a enregistr\u00e9 pr\u00e8s de 2,2 millions de passagers en 2025, confirmant une reprise progressive du trafic a\u00e9rien, bien que les volumes restent inf\u00e9rieurs aux niveaux d\u2019avant la pand\u00e9mie. Les derni\u00e8res donn\u00e9es mettent en \u00e9vidence un r\u00e9seau en transition, o\u00f9 la croissance des liaisons nord-am\u00e9ricaines et le retour de la connectivit\u00e9 [&hellip;]<\/p>\n","protected":false},"author":5,"featured_media":23256,"comment_status":"open","ping_status":"closed","sticky":false,"template":"","format":"standard","meta":{"footnotes":""},"categories":[97,100],"tags":[],"class_list":["post-23257","post","type-post","status-publish","format-standard","has-post-thumbnail","hentry","category-aviation-fr","category-connectivite-aerienne-et-attractivite-territoriale"],"yoast_head":"<!-- This site is optimized with the Yoast SEO plugin v26.9 - https:\/\/yoast.com\/product\/yoast-seo-wordpress\/ -->\n<title>Le trafic de l\u2019a\u00e9roport de Guadeloupe montre une reprise contrast\u00e9e, port\u00e9e par l\u2019Am\u00e9rique du Nord et la Cara\u00efbe qui red\u00e9finissent la connectivit\u00e9 - LATITUDE 15<\/title>\n<meta name=\"description\" content=\"L&#039;a\u00e9roport de la Guadeloupe enregistre 2,19 millions de passagers en 2025, alors que la croissance en Am\u00e9rique du Nord et les nouvelles routes carib\u00e9ennes red\u00e9finissent sa connectivit\u00e9 a\u00e9rienne.\" \/>\n<meta name=\"robots\" content=\"index, follow, max-snippet:-1, max-image-preview:large, max-video-preview:-1\" \/>\n<link rel=\"canonical\" href=\"https:\/\/www.latitude-15.com\/fr\/le-trafic-de-laeroport-de-guadeloupe-montre-une-reprise-contrastee-portee-par-lamerique-du-nord-et-la-caraibe-qui-redefinissent-la-connectivite\/\" \/>\n<meta property=\"og:locale\" content=\"fr_FR\" \/>\n<meta property=\"og:type\" content=\"article\" \/>\n<meta property=\"og:title\" content=\"Le trafic de l\u2019a\u00e9roport de Guadeloupe montre une reprise contrast\u00e9e, port\u00e9e par l\u2019Am\u00e9rique du Nord et la Cara\u00efbe qui red\u00e9finissent la connectivit\u00e9 - LATITUDE 15\" \/>\n<meta property=\"og:description\" content=\"L&#039;a\u00e9roport de la Guadeloupe enregistre 2,19 millions de passagers en 2025, alors que la croissance en Am\u00e9rique du Nord et les nouvelles routes carib\u00e9ennes red\u00e9finissent sa connectivit\u00e9 a\u00e9rienne.\" \/>\n<meta property=\"og:url\" content=\"https:\/\/www.latitude-15.com\/fr\/le-trafic-de-laeroport-de-guadeloupe-montre-une-reprise-contrastee-portee-par-lamerique-du-nord-et-la-caraibe-qui-redefinissent-la-connectivite\/\" \/>\n<meta property=\"og:site_name\" content=\"LATITUDE 15\" \/>\n<meta property=\"article:published_time\" content=\"2026-04-28T13:30:00+00:00\" \/>\n<meta property=\"article:modified_time\" content=\"2026-04-29T03:52:31+00:00\" \/>\n<meta property=\"og:image\" content=\"https:\/\/www.latitude-15.com\/wp-content\/uploads\/2026\/04\/REHSETH.png\" \/>\n\t<meta property=\"og:image:width\" content=\"940\" \/>\n\t<meta property=\"og:image:height\" content=\"468\" \/>\n\t<meta property=\"og:image:type\" content=\"image\/png\" \/>\n<meta name=\"author\" content=\"Joda J\" \/>\n<meta name=\"twitter:card\" content=\"summary_large_image\" \/>\n<meta name=\"twitter:label1\" content=\"\u00c9crit par\" \/>\n\t<meta name=\"twitter:data1\" content=\"Joda J\" \/>\n\t<meta name=\"twitter:label2\" content=\"Dur\u00e9e de lecture estim\u00e9e\" \/>\n\t<meta name=\"twitter:data2\" content=\"4 minutes\" \/>\n<script type=\"application\/ld+json\" class=\"yoast-schema-graph\">{\"@context\":\"https:\/\/schema.org\",\"@graph\":[{\"@type\":\"Article\",\"@id\":\"https:\/\/www.latitude-15.com\/fr\/le-trafic-de-laeroport-de-guadeloupe-montre-une-reprise-contrastee-portee-par-lamerique-du-nord-et-la-caraibe-qui-redefinissent-la-connectivite\/#article\",\"isPartOf\":{\"@id\":\"https:\/\/www.latitude-15.com\/fr\/le-trafic-de-laeroport-de-guadeloupe-montre-une-reprise-contrastee-portee-par-lamerique-du-nord-et-la-caraibe-qui-redefinissent-la-connectivite\/\"},\"author\":{\"name\":\"Joda J\",\"@id\":\"https:\/\/www.latitude-15.com\/fr\/#\/schema\/person\/dac52e7ff44c78317f337da112e37252\"},\"headline\":\"Le trafic de l\u2019a\u00e9roport de Guadeloupe montre une reprise contrast\u00e9e, port\u00e9e par l\u2019Am\u00e9rique du Nord et la Cara\u00efbe qui red\u00e9finissent la connectivit\u00e9\",\"datePublished\":\"2026-04-28T13:30:00+00:00\",\"dateModified\":\"2026-04-29T03:52:31+00:00\",\"mainEntityOfPage\":{\"@id\":\"https:\/\/www.latitude-15.com\/fr\/le-trafic-de-laeroport-de-guadeloupe-montre-une-reprise-contrastee-portee-par-lamerique-du-nord-et-la-caraibe-qui-redefinissent-la-connectivite\/\"},\"wordCount\":844,\"commentCount\":0,\"publisher\":{\"@id\":\"https:\/\/www.latitude-15.com\/fr\/#organization\"},\"image\":{\"@id\":\"https:\/\/www.latitude-15.com\/fr\/le-trafic-de-laeroport-de-guadeloupe-montre-une-reprise-contrastee-portee-par-lamerique-du-nord-et-la-caraibe-qui-redefinissent-la-connectivite\/#primaryimage\"},\"thumbnailUrl\":\"https:\/\/www.latitude-15.com\/wp-content\/uploads\/2026\/04\/REHSETH.png\",\"articleSection\":[\"AVIATION\",\"Connectivit\u00e9 a\u00e9rienne et Attractivit\u00e9 territoriale\"],\"inLanguage\":\"fr-FR\",\"potentialAction\":[{\"@type\":\"CommentAction\",\"name\":\"Comment\",\"target\":[\"https:\/\/www.latitude-15.com\/fr\/le-trafic-de-laeroport-de-guadeloupe-montre-une-reprise-contrastee-portee-par-lamerique-du-nord-et-la-caraibe-qui-redefinissent-la-connectivite\/#respond\"]}]},{\"@type\":\"WebPage\",\"@id\":\"https:\/\/www.latitude-15.com\/fr\/le-trafic-de-laeroport-de-guadeloupe-montre-une-reprise-contrastee-portee-par-lamerique-du-nord-et-la-caraibe-qui-redefinissent-la-connectivite\/\",\"url\":\"https:\/\/www.latitude-15.com\/fr\/le-trafic-de-laeroport-de-guadeloupe-montre-une-reprise-contrastee-portee-par-lamerique-du-nord-et-la-caraibe-qui-redefinissent-la-connectivite\/\",\"name\":\"Le trafic de l\u2019a\u00e9roport de Guadeloupe montre une reprise contrast\u00e9e, port\u00e9e par l\u2019Am\u00e9rique du Nord et la Cara\u00efbe qui red\u00e9finissent la connectivit\u00e9 - LATITUDE 15\",\"isPartOf\":{\"@id\":\"https:\/\/www.latitude-15.com\/fr\/#website\"},\"primaryImageOfPage\":{\"@id\":\"https:\/\/www.latitude-15.com\/fr\/le-trafic-de-laeroport-de-guadeloupe-montre-une-reprise-contrastee-portee-par-lamerique-du-nord-et-la-caraibe-qui-redefinissent-la-connectivite\/#primaryimage\"},\"image\":{\"@id\":\"https:\/\/www.latitude-15.com\/fr\/le-trafic-de-laeroport-de-guadeloupe-montre-une-reprise-contrastee-portee-par-lamerique-du-nord-et-la-caraibe-qui-redefinissent-la-connectivite\/#primaryimage\"},\"thumbnailUrl\":\"https:\/\/www.latitude-15.com\/wp-content\/uploads\/2026\/04\/REHSETH.png\",\"datePublished\":\"2026-04-28T13:30:00+00:00\",\"dateModified\":\"2026-04-29T03:52:31+00:00\",\"description\":\"L'a\u00e9roport de la Guadeloupe enregistre 2,19 millions de passagers en 2025, alors que la croissance en Am\u00e9rique du Nord et les nouvelles routes carib\u00e9ennes red\u00e9finissent sa connectivit\u00e9 a\u00e9rienne.\",\"breadcrumb\":{\"@id\":\"https:\/\/www.latitude-15.com\/fr\/le-trafic-de-laeroport-de-guadeloupe-montre-une-reprise-contrastee-portee-par-lamerique-du-nord-et-la-caraibe-qui-redefinissent-la-connectivite\/#breadcrumb\"},\"inLanguage\":\"fr-FR\",\"potentialAction\":[{\"@type\":\"ReadAction\",\"target\":[\"https:\/\/www.latitude-15.com\/fr\/le-trafic-de-laeroport-de-guadeloupe-montre-une-reprise-contrastee-portee-par-lamerique-du-nord-et-la-caraibe-qui-redefinissent-la-connectivite\/\"]}]},{\"@type\":\"ImageObject\",\"inLanguage\":\"fr-FR\",\"@id\":\"https:\/\/www.latitude-15.com\/fr\/le-trafic-de-laeroport-de-guadeloupe-montre-une-reprise-contrastee-portee-par-lamerique-du-nord-et-la-caraibe-qui-redefinissent-la-connectivite\/#primaryimage\",\"url\":\"https:\/\/www.latitude-15.com\/wp-content\/uploads\/2026\/04\/REHSETH.png\",\"contentUrl\":\"https:\/\/www.latitude-15.com\/wp-content\/uploads\/2026\/04\/REHSETH.png\",\"width\":940,\"height\":468},{\"@type\":\"BreadcrumbList\",\"@id\":\"https:\/\/www.latitude-15.com\/fr\/le-trafic-de-laeroport-de-guadeloupe-montre-une-reprise-contrastee-portee-par-lamerique-du-nord-et-la-caraibe-qui-redefinissent-la-connectivite\/#breadcrumb\",\"itemListElement\":[{\"@type\":\"ListItem\",\"position\":1,\"name\":\"Home\",\"item\":\"https:\/\/www.latitude-15.com\/fr\/accueil\/\"},{\"@type\":\"ListItem\",\"position\":2,\"name\":\"Le trafic de l\u2019a\u00e9roport de Guadeloupe montre une reprise contrast\u00e9e, port\u00e9e par l\u2019Am\u00e9rique du Nord et la Cara\u00efbe qui red\u00e9finissent la connectivit\u00e9\"}]},{\"@type\":\"WebSite\",\"@id\":\"https:\/\/www.latitude-15.com\/fr\/#website\",\"url\":\"https:\/\/www.latitude-15.com\/fr\/\",\"name\":\"LATITUDE 15\",\"description\":\"Aviation and maritime Magazine - Caribbean &amp; Latin America\",\"publisher\":{\"@id\":\"https:\/\/www.latitude-15.com\/fr\/#organization\"},\"potentialAction\":[{\"@type\":\"SearchAction\",\"target\":{\"@type\":\"EntryPoint\",\"urlTemplate\":\"https:\/\/www.latitude-15.com\/fr\/?s={search_term_string}\"},\"query-input\":{\"@type\":\"PropertyValueSpecification\",\"valueRequired\":true,\"valueName\":\"search_term_string\"}}],\"inLanguage\":\"fr-FR\"},{\"@type\":\"Organization\",\"@id\":\"https:\/\/www.latitude-15.com\/fr\/#organization\",\"name\":\"LATITUDE 15\",\"url\":\"https:\/\/www.latitude-15.com\/fr\/\",\"logo\":{\"@type\":\"ImageObject\",\"inLanguage\":\"fr-FR\",\"@id\":\"https:\/\/www.latitude-15.com\/fr\/#\/schema\/logo\/image\/\",\"url\":\"https:\/\/www.latitude-15.com\/wp-content\/uploads\/2026\/01\/cropped-logox500px.png\",\"contentUrl\":\"https:\/\/www.latitude-15.com\/wp-content\/uploads\/2026\/01\/cropped-logox500px.png\",\"width\":62,\"height\":75,\"caption\":\"LATITUDE 15\"},\"image\":{\"@id\":\"https:\/\/www.latitude-15.com\/fr\/#\/schema\/logo\/image\/\"}},{\"@type\":\"Person\",\"@id\":\"https:\/\/www.latitude-15.com\/fr\/#\/schema\/person\/dac52e7ff44c78317f337da112e37252\",\"name\":\"Joda J\",\"image\":{\"@type\":\"ImageObject\",\"inLanguage\":\"fr-FR\",\"@id\":\"https:\/\/www.latitude-15.com\/fr\/#\/schema\/person\/image\/\",\"url\":\"https:\/\/secure.gravatar.com\/avatar\/6b1feae555e15404b76616f92d931d12b25ac58024f14ccb43d9d3c012e4c4cf?s=96&d=mm&r=g\",\"contentUrl\":\"https:\/\/secure.gravatar.com\/avatar\/6b1feae555e15404b76616f92d931d12b25ac58024f14ccb43d9d3c012e4c4cf?s=96&d=mm&r=g\",\"caption\":\"Joda J\"},\"url\":\"https:\/\/www.latitude-15.com\/fr\/author\/joda\/\"}]}<\/script>\n<!-- \/ Yoast SEO plugin. -->","yoast_head_json":{"title":"Le trafic de l\u2019a\u00e9roport de Guadeloupe montre une reprise contrast\u00e9e, port\u00e9e par l\u2019Am\u00e9rique du Nord et la Cara\u00efbe qui red\u00e9finissent la connectivit\u00e9 - LATITUDE 15","description":"L'a\u00e9roport de la Guadeloupe enregistre 2,19 millions de passagers en 2025, alors que la croissance en Am\u00e9rique du Nord et les nouvelles routes carib\u00e9ennes red\u00e9finissent sa connectivit\u00e9 a\u00e9rienne.","robots":{"index":"index","follow":"follow","max-snippet":"max-snippet:-1","max-image-preview":"max-image-preview:large","max-video-preview":"max-video-preview:-1"},"canonical":"https:\/\/www.latitude-15.com\/fr\/le-trafic-de-laeroport-de-guadeloupe-montre-une-reprise-contrastee-portee-par-lamerique-du-nord-et-la-caraibe-qui-redefinissent-la-connectivite\/","og_locale":"fr_FR","og_type":"article","og_title":"Le trafic de l\u2019a\u00e9roport de Guadeloupe montre une reprise contrast\u00e9e, port\u00e9e par l\u2019Am\u00e9rique du Nord et la Cara\u00efbe qui red\u00e9finissent la connectivit\u00e9 - LATITUDE 15","og_description":"L'a\u00e9roport de la Guadeloupe enregistre 2,19 millions de passagers en 2025, alors que la croissance en Am\u00e9rique du Nord et les nouvelles routes carib\u00e9ennes red\u00e9finissent sa connectivit\u00e9 a\u00e9rienne.","og_url":"https:\/\/www.latitude-15.com\/fr\/le-trafic-de-laeroport-de-guadeloupe-montre-une-reprise-contrastee-portee-par-lamerique-du-nord-et-la-caraibe-qui-redefinissent-la-connectivite\/","og_site_name":"LATITUDE 15","article_published_time":"2026-04-28T13:30:00+00:00","article_modified_time":"2026-04-29T03:52:31+00:00","og_image":[{"width":940,"height":468,"url":"https:\/\/www.latitude-15.com\/wp-content\/uploads\/2026\/04\/REHSETH.png","type":"image\/png"}],"author":"Joda J","twitter_card":"summary_large_image","twitter_misc":{"\u00c9crit par":"Joda J","Dur\u00e9e de lecture estim\u00e9e":"4 minutes"},"schema":{"@context":"https:\/\/schema.org","@graph":[{"@type":"Article","@id":"https:\/\/www.latitude-15.com\/fr\/le-trafic-de-laeroport-de-guadeloupe-montre-une-reprise-contrastee-portee-par-lamerique-du-nord-et-la-caraibe-qui-redefinissent-la-connectivite\/#article","isPartOf":{"@id":"https:\/\/www.latitude-15.com\/fr\/le-trafic-de-laeroport-de-guadeloupe-montre-une-reprise-contrastee-portee-par-lamerique-du-nord-et-la-caraibe-qui-redefinissent-la-connectivite\/"},"author":{"name":"Joda J","@id":"https:\/\/www.latitude-15.com\/fr\/#\/schema\/person\/dac52e7ff44c78317f337da112e37252"},"headline":"Le trafic de l\u2019a\u00e9roport de Guadeloupe montre une reprise contrast\u00e9e, port\u00e9e par l\u2019Am\u00e9rique du Nord et la Cara\u00efbe qui red\u00e9finissent la connectivit\u00e9","datePublished":"2026-04-28T13:30:00+00:00","dateModified":"2026-04-29T03:52:31+00:00","mainEntityOfPage":{"@id":"https:\/\/www.latitude-15.com\/fr\/le-trafic-de-laeroport-de-guadeloupe-montre-une-reprise-contrastee-portee-par-lamerique-du-nord-et-la-caraibe-qui-redefinissent-la-connectivite\/"},"wordCount":844,"commentCount":0,"publisher":{"@id":"https:\/\/www.latitude-15.com\/fr\/#organization"},"image":{"@id":"https:\/\/www.latitude-15.com\/fr\/le-trafic-de-laeroport-de-guadeloupe-montre-une-reprise-contrastee-portee-par-lamerique-du-nord-et-la-caraibe-qui-redefinissent-la-connectivite\/#primaryimage"},"thumbnailUrl":"https:\/\/www.latitude-15.com\/wp-content\/uploads\/2026\/04\/REHSETH.png","articleSection":["AVIATION","Connectivit\u00e9 a\u00e9rienne et Attractivit\u00e9 territoriale"],"inLanguage":"fr-FR","potentialAction":[{"@type":"CommentAction","name":"Comment","target":["https:\/\/www.latitude-15.com\/fr\/le-trafic-de-laeroport-de-guadeloupe-montre-une-reprise-contrastee-portee-par-lamerique-du-nord-et-la-caraibe-qui-redefinissent-la-connectivite\/#respond"]}]},{"@type":"WebPage","@id":"https:\/\/www.latitude-15.com\/fr\/le-trafic-de-laeroport-de-guadeloupe-montre-une-reprise-contrastee-portee-par-lamerique-du-nord-et-la-caraibe-qui-redefinissent-la-connectivite\/","url":"https:\/\/www.latitude-15.com\/fr\/le-trafic-de-laeroport-de-guadeloupe-montre-une-reprise-contrastee-portee-par-lamerique-du-nord-et-la-caraibe-qui-redefinissent-la-connectivite\/","name":"Le trafic de l\u2019a\u00e9roport de Guadeloupe montre une reprise contrast\u00e9e, port\u00e9e par l\u2019Am\u00e9rique du Nord et la Cara\u00efbe qui red\u00e9finissent la connectivit\u00e9 - LATITUDE 15","isPartOf":{"@id":"https:\/\/www.latitude-15.com\/fr\/#website"},"primaryImageOfPage":{"@id":"https:\/\/www.latitude-15.com\/fr\/le-trafic-de-laeroport-de-guadeloupe-montre-une-reprise-contrastee-portee-par-lamerique-du-nord-et-la-caraibe-qui-redefinissent-la-connectivite\/#primaryimage"},"image":{"@id":"https:\/\/www.latitude-15.com\/fr\/le-trafic-de-laeroport-de-guadeloupe-montre-une-reprise-contrastee-portee-par-lamerique-du-nord-et-la-caraibe-qui-redefinissent-la-connectivite\/#primaryimage"},"thumbnailUrl":"https:\/\/www.latitude-15.com\/wp-content\/uploads\/2026\/04\/REHSETH.png","datePublished":"2026-04-28T13:30:00+00:00","dateModified":"2026-04-29T03:52:31+00:00","description":"L'a\u00e9roport de la Guadeloupe enregistre 2,19 millions de passagers en 2025, alors que la croissance en Am\u00e9rique du Nord et les nouvelles routes carib\u00e9ennes red\u00e9finissent sa connectivit\u00e9 a\u00e9rienne.","breadcrumb":{"@id":"https:\/\/www.latitude-15.com\/fr\/le-trafic-de-laeroport-de-guadeloupe-montre-une-reprise-contrastee-portee-par-lamerique-du-nord-et-la-caraibe-qui-redefinissent-la-connectivite\/#breadcrumb"},"inLanguage":"fr-FR","potentialAction":[{"@type":"ReadAction","target":["https:\/\/www.latitude-15.com\/fr\/le-trafic-de-laeroport-de-guadeloupe-montre-une-reprise-contrastee-portee-par-lamerique-du-nord-et-la-caraibe-qui-redefinissent-la-connectivite\/"]}]},{"@type":"ImageObject","inLanguage":"fr-FR","@id":"https:\/\/www.latitude-15.com\/fr\/le-trafic-de-laeroport-de-guadeloupe-montre-une-reprise-contrastee-portee-par-lamerique-du-nord-et-la-caraibe-qui-redefinissent-la-connectivite\/#primaryimage","url":"https:\/\/www.latitude-15.com\/wp-content\/uploads\/2026\/04\/REHSETH.png","contentUrl":"https:\/\/www.latitude-15.com\/wp-content\/uploads\/2026\/04\/REHSETH.png","width":940,"height":468},{"@type":"BreadcrumbList","@id":"https:\/\/www.latitude-15.com\/fr\/le-trafic-de-laeroport-de-guadeloupe-montre-une-reprise-contrastee-portee-par-lamerique-du-nord-et-la-caraibe-qui-redefinissent-la-connectivite\/#breadcrumb","itemListElement":[{"@type":"ListItem","position":1,"name":"Home","item":"https:\/\/www.latitude-15.com\/fr\/accueil\/"},{"@type":"ListItem","position":2,"name":"Le trafic de l\u2019a\u00e9roport de Guadeloupe montre une reprise contrast\u00e9e, port\u00e9e par l\u2019Am\u00e9rique du Nord et la Cara\u00efbe qui red\u00e9finissent la connectivit\u00e9"}]},{"@type":"WebSite","@id":"https:\/\/www.latitude-15.com\/fr\/#website","url":"https:\/\/www.latitude-15.com\/fr\/","name":"LATITUDE 15","description":"Aviation and maritime Magazine - Caribbean &amp; Latin America","publisher":{"@id":"https:\/\/www.latitude-15.com\/fr\/#organization"},"potentialAction":[{"@type":"SearchAction","target":{"@type":"EntryPoint","urlTemplate":"https:\/\/www.latitude-15.com\/fr\/?s={search_term_string}"},"query-input":{"@type":"PropertyValueSpecification","valueRequired":true,"valueName":"search_term_string"}}],"inLanguage":"fr-FR"},{"@type":"Organization","@id":"https:\/\/www.latitude-15.com\/fr\/#organization","name":"LATITUDE 15","url":"https:\/\/www.latitude-15.com\/fr\/","logo":{"@type":"ImageObject","inLanguage":"fr-FR","@id":"https:\/\/www.latitude-15.com\/fr\/#\/schema\/logo\/image\/","url":"https:\/\/www.latitude-15.com\/wp-content\/uploads\/2026\/01\/cropped-logox500px.png","contentUrl":"https:\/\/www.latitude-15.com\/wp-content\/uploads\/2026\/01\/cropped-logox500px.png","width":62,"height":75,"caption":"LATITUDE 15"},"image":{"@id":"https:\/\/www.latitude-15.com\/fr\/#\/schema\/logo\/image\/"}},{"@type":"Person","@id":"https:\/\/www.latitude-15.com\/fr\/#\/schema\/person\/dac52e7ff44c78317f337da112e37252","name":"Joda J","image":{"@type":"ImageObject","inLanguage":"fr-FR","@id":"https:\/\/www.latitude-15.com\/fr\/#\/schema\/person\/image\/","url":"https:\/\/secure.gravatar.com\/avatar\/6b1feae555e15404b76616f92d931d12b25ac58024f14ccb43d9d3c012e4c4cf?s=96&d=mm&r=g","contentUrl":"https:\/\/secure.gravatar.com\/avatar\/6b1feae555e15404b76616f92d931d12b25ac58024f14ccb43d9d3c012e4c4cf?s=96&d=mm&r=g","caption":"Joda J"},"url":"https:\/\/www.latitude-15.com\/fr\/author\/joda\/"}]}},"_links":{"self":[{"href":"https:\/\/www.latitude-15.com\/fr\/wp-json\/wp\/v2\/posts\/23257","targetHints":{"allow":["GET"]}}],"collection":[{"href":"https:\/\/www.latitude-15.com\/fr\/wp-json\/wp\/v2\/posts"}],"about":[{"href":"https:\/\/www.latitude-15.com\/fr\/wp-json\/wp\/v2\/types\/post"}],"author":[{"embeddable":true,"href":"https:\/\/www.latitude-15.com\/fr\/wp-json\/wp\/v2\/users\/5"}],"replies":[{"embeddable":true,"href":"https:\/\/www.latitude-15.com\/fr\/wp-json\/wp\/v2\/comments?post=23257"}],"version-history":[{"count":1,"href":"https:\/\/www.latitude-15.com\/fr\/wp-json\/wp\/v2\/posts\/23257\/revisions"}],"predecessor-version":[{"id":23258,"href":"https:\/\/www.latitude-15.com\/fr\/wp-json\/wp\/v2\/posts\/23257\/revisions\/23258"}],"wp:featuredmedia":[{"embeddable":true,"href":"https:\/\/www.latitude-15.com\/fr\/wp-json\/wp\/v2\/media\/23256"}],"wp:attachment":[{"href":"https:\/\/www.latitude-15.com\/fr\/wp-json\/wp\/v2\/media?parent=23257"}],"wp:term":[{"taxonomy":"category","embeddable":true,"href":"https:\/\/www.latitude-15.com\/fr\/wp-json\/wp\/v2\/categories?post=23257"},{"taxonomy":"post_tag","embeddable":true,"href":"https:\/\/www.latitude-15.com\/fr\/wp-json\/wp\/v2\/tags?post=23257"}],"curies":[{"name":"wp","href":"https:\/\/api.w.org\/{rel}","templated":true}]}}