{"id":23229,"date":"2026-04-28T09:40:00","date_gmt":"2026-04-28T13:40:00","guid":{"rendered":"https:\/\/www.latitude-15.com\/net-zero-vs-connectivite-le-dilemme-structurant-de-laviation-en-amerique-latine\/"},"modified":"2026-04-28T13:17:09","modified_gmt":"2026-04-28T17:17:09","slug":"net-zero-vs-connectivite-le-dilemme-structurant-de-laviation-en-amerique-latine","status":"publish","type":"post","link":"https:\/\/www.latitude-15.com\/fr\/net-zero-vs-connectivite-le-dilemme-structurant-de-laviation-en-amerique-latine\/","title":{"rendered":"Net Zero vs Connectivit\u00e9 : le dilemme structurant de l\u2019aviation en Am\u00e9rique latine"},"content":{"rendered":"\n<p>L\u2019industrie a\u00e9rienne en Am\u00e9rique latine et dans la Cara\u00efbe entre dans une phase d\u00e9cisive. Alors que les engagements mondiaux visant \u00e0 atteindre la neutralit\u00e9 carbone d\u2019ici 2050 s\u2019acc\u00e9l\u00e8rent, la r\u00e9gion fait face \u00e0 un dilemme structurel : comment d\u00e9carboner sans compromettre la connectivit\u00e9 dans un march\u00e9 o\u00f9 l\u2019aviation reste un moteur fondamental d\u2019inclusion \u00e9conomique. <\/p>\n\n<p>Une<em><a href=\"https:\/\/alta.aero\/sustainability-roadmap\/\"> \u00e9tude r\u00e9cente de la Latin American and Caribbean Air Transport Association (ALTA)<\/a><\/em>, r\u00e9alis\u00e9e avec ICF, met en lumi\u00e8re ce d\u00e9fi avec une clart\u00e9 particuli\u00e8re. L\u2019enjeu n\u2019est pas uniquement technologique \u2014 il est \u00e9conomique, syst\u00e9mique et profond\u00e9ment li\u00e9 \u00e0 la trajectoire de d\u00e9veloppement de la r\u00e9gion. <\/p>\n\n<h2 class=\"wp-block-heading\">Un march\u00e9 en croissance marqu\u00e9 par une d\u00e9pendance structurelle<\/h2>\n\n<p>L\u2019aviation en Am\u00e9rique latine et dans la Cara\u00efbe n\u2019est pas un march\u00e9 mature \u00e9voluant \u00e0 la marge \u2014 c\u2019est un syst\u00e8me en d\u00e9veloppement qui continue d\u2019\u00e9tendre sa fonction essentielle. Le secteur repr\u00e9sente 3,6 % du PIB r\u00e9gional et pr\u00e8s de 3 % de l\u2019emploi, tout en restant nettement sous-d\u00e9velopp\u00e9 par rapport aux standards mondiaux. <\/p>\n\n<p>L\u2019intensit\u00e9 du transport a\u00e9rien illustre cet \u00e9cart. Alors qu\u2019un passager en Am\u00e9rique du Nord effectue en moyenne 2,5 voyages par an, ce chiffre reste inf\u00e9rieur \u00e0 un dans la plupart des march\u00e9s latino-am\u00e9ricains. Cela ne traduit pas une saturation, mais une demande latente. La connectivit\u00e9 n\u2019est pas un luxe \u2014 elle est essentielle, notamment dans une r\u00e9gion caract\u00e9ris\u00e9e par une fragmentation g\u00e9ographique, des infrastructures terrestres limit\u00e9es et des p\u00f4les \u00e9conomiques dispers\u00e9s.   <\/p>\n\n<p>Dans ce contexte, la croissance du trafic \u2014 port\u00e9e par la d\u00e9mographie, l\u2019urbanisation et l\u2019int\u00e9gration r\u00e9gionale \u2014 est structurellement ancr\u00e9e. L\u2019expansion de l\u2019aviation n\u2019est pas une option ; elle constitue une condition pr\u00e9alable \u00e0 l\u2019inclusion \u00e9conomique et \u00e0 la coh\u00e9sion territoriale. <\/p>\n\n<h2 class=\"wp-block-heading\">Un objectif global confront\u00e9 \u00e0 des asym\u00e9tries r\u00e9gionales<\/h2>\n\n<p>L\u2019engagement de l\u2019industrie \u00e0 atteindre la neutralit\u00e9 carbone d\u2019ici 2050, formalis\u00e9 via le Long-Term Aspirational Goal (LTAG) de l\u2019ICAO, fixe une direction commune. Mais l\u2019\u00e9tude de l\u2019ALTA souligne un point essentiel : la trajectoire ne peut \u00eatre uniforme. <\/p>\n\n<p>L\u2019Am\u00e9rique latine \u00e9volue dans des conditions \u00e9conomiques sensiblement diff\u00e9rentes. Le PIB par habitant y demeure nettement inf\u00e9rieur \u00e0 celui de l\u2019Europe ou de l\u2019Am\u00e9rique du Nord, limitant \u00e0 la fois les capacit\u00e9s de financement public et la capacit\u00e9 des passagers \u00e0 absorber une hausse des co\u00fbts. Parall\u00e8lement, l\u2019aviation joue un r\u00f4le plus structurant pour l\u2019acc\u00e8s aux soins, \u00e0 l\u2019\u00e9ducation, au tourisme et au commerce.  <\/p>\n\n<p>Appliquer des mod\u00e8les de d\u00e9carbonation con\u00e7us pour des march\u00e9s matures \u2014 o\u00f9 la demande est plus r\u00e9siliente et les alternatives plus nombreuses \u2014 risquerait de produire des effets ind\u00e9sirables. En Am\u00e9rique latine, la marge d\u2019ajustement est plus r\u00e9duite, et le co\u00fbt d\u2019un mauvais calibrage nettement plus \u00e9lev\u00e9. <\/p>\n\n<h2 class=\"wp-block-heading\">Des gains d\u2019efficacit\u00e9 d\u00e9j\u00e0 engag\u00e9s<\/h2>\n\n<p>Contrairement \u00e0 certaines id\u00e9es re\u00e7ues, la r\u00e9gion ne part pas en retard. Les compagnies a\u00e9riennes d\u2019Am\u00e9rique latine et de la Cara\u00efbe exploitent d\u00e9j\u00e0 l\u2019une des flottes les plus efficaces au monde, avec 38 % de la capacit\u00e9 op\u00e9r\u00e9e par des avions de nouvelle g\u00e9n\u00e9ration, soit une proportion sup\u00e9rieure \u00e0 celle observ\u00e9e en Europe ou en Am\u00e9rique du Nord. <\/p>\n\n<p>Cette modernisation \u2014 soutenue par des investissements de plusieurs dizaines de milliards de dollars \u2014 a permis des gains d\u2019efficacit\u00e9 \u00e9nerg\u00e9tique de 15 \u00e0 20 % par appareil. Parall\u00e8lement, les am\u00e9liorations op\u00e9rationnelles (optimisation des routes, op\u00e9rations au sol, digitalisation) offrent un potentiel de r\u00e9duction des \u00e9missions pouvant atteindre 11 % d\u2019ici 2050. <\/p>\n\n<p>Ces leviers constituent les solutions les plus imm\u00e9diates et les plus rentables. Leur d\u00e9ploiement complet d\u00e9pend toutefois d\u2019une coordination \u00e0 l\u2019\u00e9chelle de l\u2019ensemble du syst\u00e8me \u2014 a\u00e9roports, prestataires de navigation a\u00e9rienne, r\u00e9gulateurs \u2014 ce qui souligne que l\u2019efficacit\u00e9 n\u2019est plus uniquement du ressort des compagnies, mais du bon alignement de l\u2019\u00e9cosyst\u00e8me. <\/p>\n\n<h2 class=\"wp-block-heading\">SAF : pierre angulaire \u2014 et risque syst\u00e9mique<\/h2>\n\n<p>Le Sustainable Aviation Fuel (SAF) est largement consid\u00e9r\u00e9 comme la pierre angulaire de la d\u00e9carbonation \u00e0 long terme. Sa compatibilit\u00e9 avec les avions et infrastructures existants en fait une solution th\u00e9oriquement scalable. En pratique, il introduit la tension \u00e9conomique la plus forte.  <\/p>\n\n<p>L\u2019\u00e9tude de l\u2019ALTA en quantifie l\u2019ampleur : le SAF est actuellement trois \u00e0 douze fois plus cher que le k\u00e9ros\u00e8ne conventionnel. D\u00e9ploy\u00e9 \u00e0 grande \u00e9chelle sans m\u00e9canismes de soutien, il pourrait entra\u00eener un surco\u00fbt d\u2019environ 43 dollars par si\u00e8ge d\u2019ici 2050, conduisant \u00e0 une baisse potentielle du trafic de 30 %. <\/p>\n\n<p>Les implications d\u00e9passent les compagnies a\u00e9riennes. Une contraction de cette ampleur repr\u00e9senterait une perte \u00e9conomique estim\u00e9e \u00e0 156 milliards de dollars, impactant le tourisme, le commerce et l\u2019int\u00e9gration r\u00e9gionale. <\/p>\n\n<p>Au-del\u00e0 du prix, le d\u00e9ploiement du SAF est limit\u00e9 par des contraintes structurelles. La disponibilit\u00e9 des mati\u00e8res premi\u00e8res reste fragment\u00e9e, les technologies de production ne sont pas encore industrialis\u00e9es \u00e0 grande \u00e9chelle, et la concurrence avec les carburants routiers d\u00e9tourne une partie des investissements. Le SAF est donc non seulement co\u00fbteux, mais aussi rare, avec une trajectoire de mont\u00e9e en puissance encore incertaine.  <\/p>\n\n<p>Dans une r\u00e9gion o\u00f9 la sensibilit\u00e9 aux prix est \u00e9lev\u00e9e et o\u00f9 la connectivit\u00e9 reste in\u00e9gale, la r\u00e9percussion des co\u00fbts n\u2019est pas neutre. Elle conditionne directement l\u2019acc\u00e8s au transport a\u00e9rien, faisant du SAF non seulement une solution environnementale, mais aussi un risque structurel s\u2019il est d\u00e9ploy\u00e9 sans coordination. <\/p>\n\n<h2 class=\"wp-block-heading\">Les march\u00e9s carbone : un levier strat\u00e9gique<\/h2>\n\n<p>Si le SAF repr\u00e9sente le principal d\u00e9fi, les march\u00e9s carbone pourraient constituer l\u2019avantage strat\u00e9gique le plus distinctif de la r\u00e9gion.<\/p>\n\n<p>L\u2019Am\u00e9rique latine et la Cara\u00efbe repr\u00e9sentent 23 % des cr\u00e9dits carbone \u00e9mis dans le monde, tout en ne contribuant qu\u2019\u00e0 6,7 % des \u00e9missions. Cette situation refl\u00e8te le capital naturel de la r\u00e9gion \u2014 ses for\u00eats, sa biodiversit\u00e9 et son potentiel en solutions fond\u00e9es sur la nature. <\/p>\n\n<p>Cette dynamique positionne la r\u00e9gion non seulement comme un acteur de la transition, mais aussi comme un potentiel exportateur de capacit\u00e9s de d\u00e9carbonation. \u00c0 mesure que la demande mondiale en cr\u00e9dits carbone de qualit\u00e9 augmente, la r\u00e9gion pourrait jouer un double r\u00f4le : soutenir sa propre transition tout en fournissant des m\u00e9canismes de compensation \u00e0 d\u2019autres march\u00e9s. <\/p>\n\n<p>Toutefois, concr\u00e9tiser ce potentiel suppose un cadre robuste : alignement r\u00e9glementaire, syst\u00e8mes de suivi et de v\u00e9rification, et int\u00e9gration dans des dispositifs internationaux comme CORSIA.<br\/> <\/p>\n\n<h2 class=\"wp-block-heading\">L\u2019\u00e9quation r\u00e9elle : arbitrer sous contrainte<\/h2>\n\n<p>Au fond, la transition vers le net z\u00e9ro dans l\u2019aviation latino-am\u00e9ricaine ne consiste pas \u00e0 choisir la \u00ab meilleure \u00bb solution, mais \u00e0 arbitrer sous contrainte.<\/p>\n\n<p>L\u2019\u00e9tude le montre clairement \u00e0 travers ses sc\u00e9narios. Un taux d\u2019incorporation de SAF de 20 % d\u2019ici 2050 pourrait r\u00e9duire la demande de trafic de pr\u00e8s de 20 %, avec des effets amplifi\u00e9s \u00e0 des niveaux plus \u00e9lev\u00e9s. \u00c0 l\u2019inverse, une d\u00e9pendance excessive aux march\u00e9s carbone introduit des incertitudes li\u00e9es \u00e0 la disponibilit\u00e9, aux prix et \u00e0 la cr\u00e9dibilit\u00e9.  <\/p>\n\n<p>Pour les d\u00e9cideurs, chaque point de pourcentage suppl\u00e9mentaire de SAF a un impact mesurable sur la demande, tandis qu\u2019un retard dans la d\u00e9carbonation expose \u00e0 des pressions r\u00e9glementaires et de march\u00e9.<\/p>\n\n<p>Il ne s\u2019agit donc pas uniquement d\u2019un enjeu environnemental, mais d\u2019un arbitrage strat\u00e9gique entre co\u00fbts, accessibilit\u00e9 et objectifs climatiques.<\/p>\n\n<h2 class=\"wp-block-heading\">Politiques publiques, capital et coordination comme leviers<\/h2>\n\n<p>L\u2019\u00e9quilibre d\u00e9pendra d\u2019une action coordonn\u00e9e \u00e0 l\u2019\u00e9chelle de l\u2019\u00e9cosyst\u00e8me. Les gouvernements jouent un r\u00f4le cl\u00e9 \u00e0 travers les incitations fiscales, les cadres r\u00e9glementaires et les investissements en infrastructure. <\/p>\n\n<p>Des mesures cibl\u00e9es \u2014 subventions au SAF, modulation des redevances a\u00e9roportuaires, soutien aux march\u00e9s carbone \u2014 peuvent att\u00e9nuer les co\u00fbts et acc\u00e9l\u00e9rer la transition. Parall\u00e8lement, les financements internationaux et les transferts de technologie seront essentiels pour combler le d\u00e9ficit d\u2019investissement. <\/p>\n\n<p>Dans un contexte mondial o\u00f9 les capitaux se dirigent vers les projets de transition \u00e9nerg\u00e9tique, l\u2019aviation latino-am\u00e9ricaine doit concurrencer des march\u00e9s plus matures et mieux soutenus. Cela renforce la n\u00e9cessit\u00e9 de politiques coh\u00e9rentes pour attirer les investissements et r\u00e9duire les risques. <\/p>\n\n<p>L\u2019alignement r\u00e9gional sera \u00e9galement d\u00e9terminant. Des r\u00e9glementations harmonis\u00e9es, des standards communs et des cha\u00eenes d\u2019approvisionnement int\u00e9gr\u00e9es permettront de r\u00e9duire la fragmentation et de g\u00e9n\u00e9rer des effets d\u2019\u00e9chelle, notamment dans des domaines \u00e9mergents comme le SAF. <\/p>\n\n<h2 class=\"wp-block-heading\">Une trajectoire diff\u00e9renci\u00e9e vers le net z\u00e9ro<\/h2>\n\n<p>L\u2019aviation en Am\u00e9rique latine et dans la Cara\u00efbe ne s\u2019oppose pas \u00e0 la transition \u2014 elle red\u00e9finit les conditions de sa mise en \u0153uvre.<\/p>\n\n<p>Dans une r\u00e9gion o\u00f9 l\u2019aviation est un levier d\u2019inclusion \u00e9conomique et de coh\u00e9sion territoriale, la d\u00e9carbonation ne peut se faire au d\u00e9triment de la connectivit\u00e9. L\u2019enjeu consiste \u00e0 concevoir une trajectoire qui permette de maintenir la croissance tout en r\u00e9duisant progressivement les \u00e9missions. <\/p>\n\n<p>Cela implique une approche diff\u00e9renci\u00e9e, tenant compte des contraintes locales, valorisant les atouts r\u00e9gionaux et articulant objectifs climatiques et d\u00e9veloppement \u00e9conomique.<\/p>\n\n<p>Dans cette perspective, la r\u00e9gion ne se contente pas de s\u2019adapter \u00e0 un agenda global \u2014 elle contribue \u00e0 d\u00e9finir ce que peut \u00eatre une transition a\u00e9rienne r\u00e9aliste, scalable et inclusive. <\/p>\n","protected":false},"excerpt":{"rendered":"<p>L\u2019industrie a\u00e9rienne en Am\u00e9rique latine et dans la Cara\u00efbe entre dans une phase d\u00e9cisive. Alors que les engagements mondiaux visant \u00e0 atteindre la neutralit\u00e9 carbone d\u2019ici 2050 s\u2019acc\u00e9l\u00e8rent, la r\u00e9gion fait face \u00e0 un dilemme structurel : comment d\u00e9carboner sans compromettre la connectivit\u00e9 dans un march\u00e9 o\u00f9 l\u2019aviation reste un moteur fondamental d\u2019inclusion \u00e9conomique. Une [&hellip;]<\/p>\n","protected":false},"author":5,"featured_media":23222,"comment_status":"open","ping_status":"closed","sticky":false,"template":"","format":"standard","meta":{"footnotes":""},"categories":[97,112],"tags":[],"class_list":["post-23229","post","type-post","status-publish","format-standard","has-post-thumbnail","hentry","category-aviation-fr","category-durabilite-et-transition-energetique"],"yoast_head":"<!-- This site is optimized with the Yoast SEO plugin v26.9 - https:\/\/yoast.com\/product\/yoast-seo-wordpress\/ -->\n<title>Net Zero vs Connectivit\u00e9 : le dilemme structurant de l\u2019aviation en Am\u00e9rique latine - LATITUDE 15<\/title>\n<meta name=\"description\" content=\"L\u2019aviation latino-am\u00e9ricaine est confront\u00e9e \u00e0 un dilemme de z\u00e9ro \u00e9mission nette : d\u00e9carboner sans r\u00e9duire la connectivit\u00e9. Une \u00e9tude de l\u2019ALTA esquisse une voie unique.\" \/>\n<meta name=\"robots\" content=\"index, follow, max-snippet:-1, max-image-preview:large, max-video-preview:-1\" \/>\n<link rel=\"canonical\" href=\"https:\/\/www.latitude-15.com\/fr\/net-zero-vs-connectivite-le-dilemme-structurant-de-laviation-en-amerique-latine\/\" \/>\n<meta property=\"og:locale\" content=\"fr_FR\" \/>\n<meta property=\"og:type\" content=\"article\" \/>\n<meta property=\"og:title\" content=\"Net Zero vs Connectivit\u00e9 : le dilemme structurant de l\u2019aviation en Am\u00e9rique latine - LATITUDE 15\" \/>\n<meta property=\"og:description\" content=\"L\u2019aviation latino-am\u00e9ricaine est confront\u00e9e \u00e0 un dilemme de z\u00e9ro \u00e9mission nette : d\u00e9carboner sans r\u00e9duire la connectivit\u00e9. Une \u00e9tude de l\u2019ALTA esquisse une voie unique.\" \/>\n<meta property=\"og:url\" content=\"https:\/\/www.latitude-15.com\/fr\/net-zero-vs-connectivite-le-dilemme-structurant-de-laviation-en-amerique-latine\/\" \/>\n<meta property=\"og:site_name\" content=\"LATITUDE 15\" \/>\n<meta property=\"article:published_time\" content=\"2026-04-28T13:40:00+00:00\" \/>\n<meta property=\"article:modified_time\" content=\"2026-04-28T17:17:09+00:00\" \/>\n<meta property=\"og:image\" content=\"https:\/\/www.latitude-15.com\/wp-content\/uploads\/2026\/04\/img6351017-1024x683.png\" \/>\n\t<meta property=\"og:image:width\" content=\"1024\" \/>\n\t<meta property=\"og:image:height\" content=\"683\" \/>\n\t<meta property=\"og:image:type\" content=\"image\/png\" \/>\n<meta name=\"author\" content=\"Joda J\" \/>\n<meta name=\"twitter:card\" content=\"summary_large_image\" \/>\n<meta name=\"twitter:label1\" content=\"\u00c9crit par\" \/>\n\t<meta name=\"twitter:data1\" content=\"Joda J\" \/>\n\t<meta name=\"twitter:label2\" content=\"Dur\u00e9e de lecture estim\u00e9e\" \/>\n\t<meta name=\"twitter:data2\" content=\"8 minutes\" \/>\n<script type=\"application\/ld+json\" class=\"yoast-schema-graph\">{\"@context\":\"https:\/\/schema.org\",\"@graph\":[{\"@type\":\"Article\",\"@id\":\"https:\/\/www.latitude-15.com\/fr\/net-zero-vs-connectivite-le-dilemme-structurant-de-laviation-en-amerique-latine\/#article\",\"isPartOf\":{\"@id\":\"https:\/\/www.latitude-15.com\/fr\/net-zero-vs-connectivite-le-dilemme-structurant-de-laviation-en-amerique-latine\/\"},\"author\":{\"name\":\"Joda J\",\"@id\":\"https:\/\/www.latitude-15.com\/fr\/#\/schema\/person\/dac52e7ff44c78317f337da112e37252\"},\"headline\":\"Net Zero vs Connectivit\u00e9 : le dilemme structurant de l\u2019aviation en Am\u00e9rique latine\",\"datePublished\":\"2026-04-28T13:40:00+00:00\",\"dateModified\":\"2026-04-28T17:17:09+00:00\",\"mainEntityOfPage\":{\"@id\":\"https:\/\/www.latitude-15.com\/fr\/net-zero-vs-connectivite-le-dilemme-structurant-de-laviation-en-amerique-latine\/\"},\"wordCount\":1638,\"commentCount\":0,\"publisher\":{\"@id\":\"https:\/\/www.latitude-15.com\/fr\/#organization\"},\"image\":{\"@id\":\"https:\/\/www.latitude-15.com\/fr\/net-zero-vs-connectivite-le-dilemme-structurant-de-laviation-en-amerique-latine\/#primaryimage\"},\"thumbnailUrl\":\"https:\/\/www.latitude-15.com\/wp-content\/uploads\/2026\/04\/img6351017.png\",\"articleSection\":[\"AVIATION\",\"Durabilit\u00e9 et transition \u00e9nerg\u00e9tique\"],\"inLanguage\":\"fr-FR\",\"potentialAction\":[{\"@type\":\"CommentAction\",\"name\":\"Comment\",\"target\":[\"https:\/\/www.latitude-15.com\/fr\/net-zero-vs-connectivite-le-dilemme-structurant-de-laviation-en-amerique-latine\/#respond\"]}]},{\"@type\":\"WebPage\",\"@id\":\"https:\/\/www.latitude-15.com\/fr\/net-zero-vs-connectivite-le-dilemme-structurant-de-laviation-en-amerique-latine\/\",\"url\":\"https:\/\/www.latitude-15.com\/fr\/net-zero-vs-connectivite-le-dilemme-structurant-de-laviation-en-amerique-latine\/\",\"name\":\"Net Zero vs Connectivit\u00e9 : le dilemme structurant de l\u2019aviation en Am\u00e9rique latine - LATITUDE 15\",\"isPartOf\":{\"@id\":\"https:\/\/www.latitude-15.com\/fr\/#website\"},\"primaryImageOfPage\":{\"@id\":\"https:\/\/www.latitude-15.com\/fr\/net-zero-vs-connectivite-le-dilemme-structurant-de-laviation-en-amerique-latine\/#primaryimage\"},\"image\":{\"@id\":\"https:\/\/www.latitude-15.com\/fr\/net-zero-vs-connectivite-le-dilemme-structurant-de-laviation-en-amerique-latine\/#primaryimage\"},\"thumbnailUrl\":\"https:\/\/www.latitude-15.com\/wp-content\/uploads\/2026\/04\/img6351017.png\",\"datePublished\":\"2026-04-28T13:40:00+00:00\",\"dateModified\":\"2026-04-28T17:17:09+00:00\",\"description\":\"L\u2019aviation latino-am\u00e9ricaine est confront\u00e9e \u00e0 un dilemme de z\u00e9ro \u00e9mission nette : d\u00e9carboner sans r\u00e9duire la connectivit\u00e9. Une \u00e9tude de l\u2019ALTA esquisse une voie unique.\",\"breadcrumb\":{\"@id\":\"https:\/\/www.latitude-15.com\/fr\/net-zero-vs-connectivite-le-dilemme-structurant-de-laviation-en-amerique-latine\/#breadcrumb\"},\"inLanguage\":\"fr-FR\",\"potentialAction\":[{\"@type\":\"ReadAction\",\"target\":[\"https:\/\/www.latitude-15.com\/fr\/net-zero-vs-connectivite-le-dilemme-structurant-de-laviation-en-amerique-latine\/\"]}]},{\"@type\":\"ImageObject\",\"inLanguage\":\"fr-FR\",\"@id\":\"https:\/\/www.latitude-15.com\/fr\/net-zero-vs-connectivite-le-dilemme-structurant-de-laviation-en-amerique-latine\/#primaryimage\",\"url\":\"https:\/\/www.latitude-15.com\/wp-content\/uploads\/2026\/04\/img6351017.png\",\"contentUrl\":\"https:\/\/www.latitude-15.com\/wp-content\/uploads\/2026\/04\/img6351017.png\",\"width\":1536,\"height\":1024},{\"@type\":\"BreadcrumbList\",\"@id\":\"https:\/\/www.latitude-15.com\/fr\/net-zero-vs-connectivite-le-dilemme-structurant-de-laviation-en-amerique-latine\/#breadcrumb\",\"itemListElement\":[{\"@type\":\"ListItem\",\"position\":1,\"name\":\"Home\",\"item\":\"https:\/\/www.latitude-15.com\/fr\/accueil\/\"},{\"@type\":\"ListItem\",\"position\":2,\"name\":\"Net Zero vs Connectivit\u00e9 : le dilemme structurant de l\u2019aviation en Am\u00e9rique latine\"}]},{\"@type\":\"WebSite\",\"@id\":\"https:\/\/www.latitude-15.com\/fr\/#website\",\"url\":\"https:\/\/www.latitude-15.com\/fr\/\",\"name\":\"LATITUDE 15\",\"description\":\"Aviation and maritime Magazine - Caribbean &amp; Latin America\",\"publisher\":{\"@id\":\"https:\/\/www.latitude-15.com\/fr\/#organization\"},\"potentialAction\":[{\"@type\":\"SearchAction\",\"target\":{\"@type\":\"EntryPoint\",\"urlTemplate\":\"https:\/\/www.latitude-15.com\/fr\/?s={search_term_string}\"},\"query-input\":{\"@type\":\"PropertyValueSpecification\",\"valueRequired\":true,\"valueName\":\"search_term_string\"}}],\"inLanguage\":\"fr-FR\"},{\"@type\":\"Organization\",\"@id\":\"https:\/\/www.latitude-15.com\/fr\/#organization\",\"name\":\"LATITUDE 15\",\"url\":\"https:\/\/www.latitude-15.com\/fr\/\",\"logo\":{\"@type\":\"ImageObject\",\"inLanguage\":\"fr-FR\",\"@id\":\"https:\/\/www.latitude-15.com\/fr\/#\/schema\/logo\/image\/\",\"url\":\"https:\/\/www.latitude-15.com\/wp-content\/uploads\/2026\/01\/cropped-logox500px.png\",\"contentUrl\":\"https:\/\/www.latitude-15.com\/wp-content\/uploads\/2026\/01\/cropped-logox500px.png\",\"width\":62,\"height\":75,\"caption\":\"LATITUDE 15\"},\"image\":{\"@id\":\"https:\/\/www.latitude-15.com\/fr\/#\/schema\/logo\/image\/\"}},{\"@type\":\"Person\",\"@id\":\"https:\/\/www.latitude-15.com\/fr\/#\/schema\/person\/dac52e7ff44c78317f337da112e37252\",\"name\":\"Joda J\",\"image\":{\"@type\":\"ImageObject\",\"inLanguage\":\"fr-FR\",\"@id\":\"https:\/\/www.latitude-15.com\/fr\/#\/schema\/person\/image\/\",\"url\":\"https:\/\/secure.gravatar.com\/avatar\/6b1feae555e15404b76616f92d931d12b25ac58024f14ccb43d9d3c012e4c4cf?s=96&d=mm&r=g\",\"contentUrl\":\"https:\/\/secure.gravatar.com\/avatar\/6b1feae555e15404b76616f92d931d12b25ac58024f14ccb43d9d3c012e4c4cf?s=96&d=mm&r=g\",\"caption\":\"Joda J\"},\"url\":\"https:\/\/www.latitude-15.com\/fr\/author\/joda\/\"}]}<\/script>\n<!-- \/ Yoast SEO plugin. -->","yoast_head_json":{"title":"Net Zero vs Connectivit\u00e9 : le dilemme structurant de l\u2019aviation en Am\u00e9rique latine - LATITUDE 15","description":"L\u2019aviation latino-am\u00e9ricaine est confront\u00e9e \u00e0 un dilemme de z\u00e9ro \u00e9mission nette : d\u00e9carboner sans r\u00e9duire la connectivit\u00e9. Une \u00e9tude de l\u2019ALTA esquisse une voie unique.","robots":{"index":"index","follow":"follow","max-snippet":"max-snippet:-1","max-image-preview":"max-image-preview:large","max-video-preview":"max-video-preview:-1"},"canonical":"https:\/\/www.latitude-15.com\/fr\/net-zero-vs-connectivite-le-dilemme-structurant-de-laviation-en-amerique-latine\/","og_locale":"fr_FR","og_type":"article","og_title":"Net Zero vs Connectivit\u00e9 : le dilemme structurant de l\u2019aviation en Am\u00e9rique latine - LATITUDE 15","og_description":"L\u2019aviation latino-am\u00e9ricaine est confront\u00e9e \u00e0 un dilemme de z\u00e9ro \u00e9mission nette : d\u00e9carboner sans r\u00e9duire la connectivit\u00e9. Une \u00e9tude de l\u2019ALTA esquisse une voie unique.","og_url":"https:\/\/www.latitude-15.com\/fr\/net-zero-vs-connectivite-le-dilemme-structurant-de-laviation-en-amerique-latine\/","og_site_name":"LATITUDE 15","article_published_time":"2026-04-28T13:40:00+00:00","article_modified_time":"2026-04-28T17:17:09+00:00","og_image":[{"width":1024,"height":683,"url":"https:\/\/www.latitude-15.com\/wp-content\/uploads\/2026\/04\/img6351017-1024x683.png","type":"image\/png"}],"author":"Joda J","twitter_card":"summary_large_image","twitter_misc":{"\u00c9crit par":"Joda J","Dur\u00e9e de lecture estim\u00e9e":"8 minutes"},"schema":{"@context":"https:\/\/schema.org","@graph":[{"@type":"Article","@id":"https:\/\/www.latitude-15.com\/fr\/net-zero-vs-connectivite-le-dilemme-structurant-de-laviation-en-amerique-latine\/#article","isPartOf":{"@id":"https:\/\/www.latitude-15.com\/fr\/net-zero-vs-connectivite-le-dilemme-structurant-de-laviation-en-amerique-latine\/"},"author":{"name":"Joda J","@id":"https:\/\/www.latitude-15.com\/fr\/#\/schema\/person\/dac52e7ff44c78317f337da112e37252"},"headline":"Net Zero vs Connectivit\u00e9 : le dilemme structurant de l\u2019aviation en Am\u00e9rique latine","datePublished":"2026-04-28T13:40:00+00:00","dateModified":"2026-04-28T17:17:09+00:00","mainEntityOfPage":{"@id":"https:\/\/www.latitude-15.com\/fr\/net-zero-vs-connectivite-le-dilemme-structurant-de-laviation-en-amerique-latine\/"},"wordCount":1638,"commentCount":0,"publisher":{"@id":"https:\/\/www.latitude-15.com\/fr\/#organization"},"image":{"@id":"https:\/\/www.latitude-15.com\/fr\/net-zero-vs-connectivite-le-dilemme-structurant-de-laviation-en-amerique-latine\/#primaryimage"},"thumbnailUrl":"https:\/\/www.latitude-15.com\/wp-content\/uploads\/2026\/04\/img6351017.png","articleSection":["AVIATION","Durabilit\u00e9 et transition \u00e9nerg\u00e9tique"],"inLanguage":"fr-FR","potentialAction":[{"@type":"CommentAction","name":"Comment","target":["https:\/\/www.latitude-15.com\/fr\/net-zero-vs-connectivite-le-dilemme-structurant-de-laviation-en-amerique-latine\/#respond"]}]},{"@type":"WebPage","@id":"https:\/\/www.latitude-15.com\/fr\/net-zero-vs-connectivite-le-dilemme-structurant-de-laviation-en-amerique-latine\/","url":"https:\/\/www.latitude-15.com\/fr\/net-zero-vs-connectivite-le-dilemme-structurant-de-laviation-en-amerique-latine\/","name":"Net Zero vs Connectivit\u00e9 : le dilemme structurant de l\u2019aviation en Am\u00e9rique latine - LATITUDE 15","isPartOf":{"@id":"https:\/\/www.latitude-15.com\/fr\/#website"},"primaryImageOfPage":{"@id":"https:\/\/www.latitude-15.com\/fr\/net-zero-vs-connectivite-le-dilemme-structurant-de-laviation-en-amerique-latine\/#primaryimage"},"image":{"@id":"https:\/\/www.latitude-15.com\/fr\/net-zero-vs-connectivite-le-dilemme-structurant-de-laviation-en-amerique-latine\/#primaryimage"},"thumbnailUrl":"https:\/\/www.latitude-15.com\/wp-content\/uploads\/2026\/04\/img6351017.png","datePublished":"2026-04-28T13:40:00+00:00","dateModified":"2026-04-28T17:17:09+00:00","description":"L\u2019aviation latino-am\u00e9ricaine est confront\u00e9e \u00e0 un dilemme de z\u00e9ro \u00e9mission nette : d\u00e9carboner sans r\u00e9duire la connectivit\u00e9. Une \u00e9tude de l\u2019ALTA esquisse une voie unique.","breadcrumb":{"@id":"https:\/\/www.latitude-15.com\/fr\/net-zero-vs-connectivite-le-dilemme-structurant-de-laviation-en-amerique-latine\/#breadcrumb"},"inLanguage":"fr-FR","potentialAction":[{"@type":"ReadAction","target":["https:\/\/www.latitude-15.com\/fr\/net-zero-vs-connectivite-le-dilemme-structurant-de-laviation-en-amerique-latine\/"]}]},{"@type":"ImageObject","inLanguage":"fr-FR","@id":"https:\/\/www.latitude-15.com\/fr\/net-zero-vs-connectivite-le-dilemme-structurant-de-laviation-en-amerique-latine\/#primaryimage","url":"https:\/\/www.latitude-15.com\/wp-content\/uploads\/2026\/04\/img6351017.png","contentUrl":"https:\/\/www.latitude-15.com\/wp-content\/uploads\/2026\/04\/img6351017.png","width":1536,"height":1024},{"@type":"BreadcrumbList","@id":"https:\/\/www.latitude-15.com\/fr\/net-zero-vs-connectivite-le-dilemme-structurant-de-laviation-en-amerique-latine\/#breadcrumb","itemListElement":[{"@type":"ListItem","position":1,"name":"Home","item":"https:\/\/www.latitude-15.com\/fr\/accueil\/"},{"@type":"ListItem","position":2,"name":"Net Zero vs Connectivit\u00e9 : le dilemme structurant de l\u2019aviation en Am\u00e9rique latine"}]},{"@type":"WebSite","@id":"https:\/\/www.latitude-15.com\/fr\/#website","url":"https:\/\/www.latitude-15.com\/fr\/","name":"LATITUDE 15","description":"Aviation and maritime Magazine - Caribbean &amp; Latin America","publisher":{"@id":"https:\/\/www.latitude-15.com\/fr\/#organization"},"potentialAction":[{"@type":"SearchAction","target":{"@type":"EntryPoint","urlTemplate":"https:\/\/www.latitude-15.com\/fr\/?s={search_term_string}"},"query-input":{"@type":"PropertyValueSpecification","valueRequired":true,"valueName":"search_term_string"}}],"inLanguage":"fr-FR"},{"@type":"Organization","@id":"https:\/\/www.latitude-15.com\/fr\/#organization","name":"LATITUDE 15","url":"https:\/\/www.latitude-15.com\/fr\/","logo":{"@type":"ImageObject","inLanguage":"fr-FR","@id":"https:\/\/www.latitude-15.com\/fr\/#\/schema\/logo\/image\/","url":"https:\/\/www.latitude-15.com\/wp-content\/uploads\/2026\/01\/cropped-logox500px.png","contentUrl":"https:\/\/www.latitude-15.com\/wp-content\/uploads\/2026\/01\/cropped-logox500px.png","width":62,"height":75,"caption":"LATITUDE 15"},"image":{"@id":"https:\/\/www.latitude-15.com\/fr\/#\/schema\/logo\/image\/"}},{"@type":"Person","@id":"https:\/\/www.latitude-15.com\/fr\/#\/schema\/person\/dac52e7ff44c78317f337da112e37252","name":"Joda J","image":{"@type":"ImageObject","inLanguage":"fr-FR","@id":"https:\/\/www.latitude-15.com\/fr\/#\/schema\/person\/image\/","url":"https:\/\/secure.gravatar.com\/avatar\/6b1feae555e15404b76616f92d931d12b25ac58024f14ccb43d9d3c012e4c4cf?s=96&d=mm&r=g","contentUrl":"https:\/\/secure.gravatar.com\/avatar\/6b1feae555e15404b76616f92d931d12b25ac58024f14ccb43d9d3c012e4c4cf?s=96&d=mm&r=g","caption":"Joda J"},"url":"https:\/\/www.latitude-15.com\/fr\/author\/joda\/"}]}},"_links":{"self":[{"href":"https:\/\/www.latitude-15.com\/fr\/wp-json\/wp\/v2\/posts\/23229","targetHints":{"allow":["GET"]}}],"collection":[{"href":"https:\/\/www.latitude-15.com\/fr\/wp-json\/wp\/v2\/posts"}],"about":[{"href":"https:\/\/www.latitude-15.com\/fr\/wp-json\/wp\/v2\/types\/post"}],"author":[{"embeddable":true,"href":"https:\/\/www.latitude-15.com\/fr\/wp-json\/wp\/v2\/users\/5"}],"replies":[{"embeddable":true,"href":"https:\/\/www.latitude-15.com\/fr\/wp-json\/wp\/v2\/comments?post=23229"}],"version-history":[{"count":1,"href":"https:\/\/www.latitude-15.com\/fr\/wp-json\/wp\/v2\/posts\/23229\/revisions"}],"predecessor-version":[{"id":23230,"href":"https:\/\/www.latitude-15.com\/fr\/wp-json\/wp\/v2\/posts\/23229\/revisions\/23230"}],"wp:featuredmedia":[{"embeddable":true,"href":"https:\/\/www.latitude-15.com\/fr\/wp-json\/wp\/v2\/media\/23222"}],"wp:attachment":[{"href":"https:\/\/www.latitude-15.com\/fr\/wp-json\/wp\/v2\/media?parent=23229"}],"wp:term":[{"taxonomy":"category","embeddable":true,"href":"https:\/\/www.latitude-15.com\/fr\/wp-json\/wp\/v2\/categories?post=23229"},{"taxonomy":"post_tag","embeddable":true,"href":"https:\/\/www.latitude-15.com\/fr\/wp-json\/wp\/v2\/tags?post=23229"}],"curies":[{"name":"wp","href":"https:\/\/api.w.org\/{rel}","templated":true}]}}