{"id":23196,"date":"2026-04-27T11:16:29","date_gmt":"2026-04-27T15:16:29","guid":{"rendered":"https:\/\/www.latitude-15.com\/webinaire-lac-efti4all-comment-les-inefficacites-logistiques-faconnent-la-competitivite-industrielle-dans-la-region\/"},"modified":"2026-04-27T14:58:06","modified_gmt":"2026-04-27T18:58:06","slug":"webinaire-lac-efti4all-comment-les-inefficacites-logistiques-faconnent-la-competitivite-industrielle-dans-la-region","status":"publish","type":"post","link":"https:\/\/www.latitude-15.com\/fr\/webinaire-lac-efti4all-comment-les-inefficacites-logistiques-faconnent-la-competitivite-industrielle-dans-la-region\/","title":{"rendered":"Webinaire LAC eFTI4ALL : Comment les inefficacit\u00e9s logistiques fa\u00e7onnent la comp\u00e9titivit\u00e9 industrielle dans la r\u00e9gion"},"content":{"rendered":"\n<p>Dans toute l&rsquo;Am\u00e9rique latine et les Cara\u00efbes (ALC), l&rsquo;activit\u00e9 industrielle reste \u00e9troitement li\u00e9e \u00e0 la performance des syst\u00e8mes logistiques. Pour de nombreuses entreprises, les cha\u00eenes d&rsquo;approvisionnement d\u00e9pendent fortement des importations, exposant les op\u00e9rations \u00e0 des retards, \u00e0 l&rsquo;incertitude et \u00e0 des co\u00fbts fluctuants. <\/p>\n\n<p><a href=\"https:\/\/www.latitude-15.com\/fr\/fret-numerique-et-integration-regionale-ce-que-le-webinaire-lac-efti4all-revele-pour-le-paysage-logistique-regional\/\">Les discussions lors du webinaire LAC eFTI4ALL<\/a> ont mis en \u00e9vidence que ces contraintes vont au-del\u00e0 des d\u00e9fis op\u00e9rationnels. Elles r\u00e9v\u00e8lent une probl\u00e9matique plus large : la capacit\u00e9 des syst\u00e8mes logistiques \u00e0 soutenir \u2014 ou \u00e0 limiter \u2014 la comp\u00e9titivit\u00e9 industrielle dans la r\u00e9gion. Dans ce contexte, am\u00e9liorer la circulation des marchandises n&rsquo;est pas seulement une question d&rsquo;efficacit\u00e9, mais aussi de performance \u00e9conomique.  <\/p>\n\n<p>Cela soul\u00e8ve une question essentielle : comment les syst\u00e8mes logistiques influencent-ils la comp\u00e9titivit\u00e9 des industries dans la r\u00e9gion ?<\/p>\n\n<h2 class=\"wp-block-heading\">Des cha\u00eenes d&rsquo;approvisionnement sous pression<\/h2>\n\n<p>L&rsquo;un des th\u00e8mes r\u00e9currents des discussions est le niveau de pression auquel sont confront\u00e9es les cha\u00eenes d&rsquo;approvisionnement dans la r\u00e9gion.<\/p>\n\n<p><strong>Serge Letchimy<\/strong> a soulign\u00e9 une d\u00e9pendance structurelle aux march\u00e9s ext\u00e9rieurs, notant que les territoires carib\u00e9ens <strong>\u00ab importent beaucoup \u00bb<\/strong>, tandis que les flux d&rsquo;exportation restent limit\u00e9s. Ce d\u00e9s\u00e9quilibre cr\u00e9e des cha\u00eenes d&rsquo;approvisionnement fortement expos\u00e9es aux perturbations et aux contraintes externes. <\/p>\n\n<p>Pour les entreprises op\u00e9rant dans cet environnement, la logistique devient une source d&rsquo;incertitude. Les d\u00e9lais de livraison peuvent varier, les flux d&rsquo;approvisionnement ne sont pas toujours pr\u00e9visibles et la coordination entre les acteurs demeure complexe. Par cons\u00e9quent, les entreprises op\u00e8rent souvent avec un contr\u00f4le limit\u00e9 sur leurs propres cha\u00eenes d&rsquo;approvisionnement, ce qui affecte \u00e0 la fois la planification et la r\u00e9activit\u00e9.  <\/p>\n\n<p>Ces contraintes sugg\u00e8rent que la performance logistique n&rsquo;est pas seulement une question op\u00e9rationnelle, mais une composante structurelle de l&rsquo;activit\u00e9 industrielle.<\/p>\n\n<h2 class=\"wp-block-heading\">Le co\u00fbt de l&rsquo;inefficacit\u00e9<\/h2>\n\n<p>Au-del\u00e0 de l&rsquo;incertitude, les inefficacit\u00e9s logistiques se traduisent directement en co\u00fbts pour les entreprises.<\/p>\n\n<p><strong>Charles Larcher<\/strong> a soulign\u00e9 que la visibilit\u00e9 limit\u00e9e sur les cha\u00eenes d&rsquo;approvisionnement oblige les entreprises \u00e0 s&rsquo;adapter en augmentant les niveaux de stock. Sans informations fiables sur le mouvement des marchandises, les entreprises ont tendance \u00e0 maintenir des stocks de s\u00e9curit\u00e9 pour garantir la production et la distribution. <\/p>\n\n<p>Si cette approche r\u00e9duit les risques, elle immobilise \u00e9galement des capitaux et r\u00e9duit la flexibilit\u00e9 op\u00e9rationnelle. Des co\u00fbts de stockage plus \u00e9lev\u00e9s, des d\u00e9lais plus longs et une allocation inefficace des ressources peuvent tous affecter la rentabilit\u00e9. <\/p>\n\n<p>Dans ce contexte, les inefficacit\u00e9s logistiques agissent comme un co\u00fbt cach\u00e9 au sein des op\u00e9rations industrielles. Elles ne sont pas toujours visibles isol\u00e9ment, mais leur impact cumulatif peut influencer consid\u00e9rablement la comp\u00e9titivit\u00e9. <\/p>\n\n<h2 class=\"wp-block-heading\">La visibilit\u00e9 comme facteur de comp\u00e9titivit\u00e9<\/h2>\n\n<p>\u00c0 l&rsquo;inverse, l&rsquo;am\u00e9lioration de la visibilit\u00e9 sur les cha\u00eenes d&rsquo;approvisionnement appara\u00eet comme un levier essentiel pour renforcer la performance.<\/p>\n\n<p>Larcher a soulign\u00e9 l&rsquo;importance du suivi en temps r\u00e9el, affirmant que les entreprises ont besoin d&rsquo;<strong>\u00ab une visibilit\u00e9 compl\u00e8te sur le flux de marchandises en temps r\u00e9el \u00bb<\/strong> pour g\u00e9rer efficacement leurs op\u00e9rations. L&rsquo;acc\u00e8s \u00e0 des informations opportunes et fiables permet aux entreprises d&rsquo;anticiper les perturbations, d&rsquo;ajuster les calendriers de production et d&rsquo;optimiser les niveaux de stock. <\/p>\n\n<p><strong>Sandra Casanova<\/strong> a \u00e9galement soulign\u00e9 le r\u00f4le des donn\u00e9es dans l&rsquo;am\u00e9lioration de la coordination, notant que les syst\u00e8mes actuels peinent encore avec la circulation de l&rsquo;information. Dans des environnements fragment\u00e9s, une visibilit\u00e9 limit\u00e9e restreint la capacit\u00e9 des entreprises \u00e0 prendre des d\u00e9cisions \u00e9clair\u00e9es. <\/p>\n\n<p>Ces observations sugg\u00e8rent que la visibilit\u00e9 n&rsquo;est pas seulement une am\u00e9lioration technique \u2014 elle peut devenir un avantage concurrentiel en soi.<\/p>\n\n<figure class=\"wp-block-image aligncenter size-full\"><img fetchpriority=\"high\" decoding=\"async\" width=\"629\" height=\"358\" src=\"https:\/\/www.latitude-15.com\/wp-content\/uploads\/2026\/04\/img30.jpg\" alt=\"\" class=\"wp-image-23076\" srcset=\"https:\/\/www.latitude-15.com\/wp-content\/uploads\/2026\/04\/img30.jpg 629w, https:\/\/www.latitude-15.com\/wp-content\/uploads\/2026\/04\/img30-300x171.jpg 300w\" sizes=\"(max-width: 629px) 100vw, 629px\" \/><\/figure>\n\n<h2 class=\"wp-block-heading\">Le fret num\u00e9rique comme levier op\u00e9rationnel<\/h2>\n\n<p>Dans ce cadre, les initiatives de fret num\u00e9rique telles que l&rsquo;eFTI ont \u00e9t\u00e9 pr\u00e9sent\u00e9es comme des outils potentiels pour am\u00e9liorer la performance op\u00e9rationnelle.<\/p>\n\n<p>En facilitant l&rsquo;\u00e9change de donn\u00e9es standardis\u00e9es, ces syst\u00e8mes visent \u00e0 simplifier les processus administratifs et \u00e0 am\u00e9liorer l&rsquo;acc\u00e8s \u00e0 l&rsquo;information. <em>Sandra Casanova<\/em> a d\u00e9crit l&rsquo;eFTI comme permettant des <strong>\u00ab \u00e9changes s\u00e9curis\u00e9s entre op\u00e9rateurs et autorit\u00e9s publiques \u00bb<\/strong>, ce qui pourrait contribuer \u00e0 rationaliser les interactions tout au long de la cha\u00eene d&rsquo;approvisionnement.<\/p>\n\n<p>D&rsquo;un point de vue op\u00e9rationnel, cela pourrait r\u00e9duire le besoin de traitement r\u00e9p\u00e9titif de documents et limiter les erreurs associ\u00e9es \u00e0 la saisie manuelle de donn\u00e9es. <strong>Victor Dolcemascolo<\/strong> a \u00e9galement \u00e9voqu\u00e9 la possibilit\u00e9 d&rsquo;acc\u00e9der aux donn\u00e9es de transport en temps r\u00e9el lors des contr\u00f4les, sugg\u00e9rant des proc\u00e9dures plus efficaces.<\/p>\n\n<p>Bien que ces am\u00e9liorations puissent sembler progressives, elles pourraient contribuer \u00e0 des cha\u00eenes d&rsquo;approvisionnement plus pr\u00e9visibles et mieux coordonn\u00e9es au fil du temps.<\/p>\n\n<h2 class=\"wp-block-heading\">De la performance logistique \u00e0 l&rsquo;attractivit\u00e9 \u00e9conomique<\/h2>\n\n<p>Au-del\u00e0 des entreprises individuelles, la performance logistique joue \u00e9galement un r\u00f4le dans l&rsquo;attractivit\u00e9 \u00e9conomique de la r\u00e9gion.<\/p>\n\n<p><strong>Serge Letchimy<\/strong> a sugg\u00e9r\u00e9 que les structures logistiques actuelles limitent la capacit\u00e9 des territoires \u00e0 g\u00e9n\u00e9rer et \u00e0 conserver de la valeur localement. Lorsque les cha\u00eenes d&rsquo;approvisionnement sont inefficaces ou mal int\u00e9gr\u00e9es, les industries peuvent faire face \u00e0 des co\u00fbts plus \u00e9lev\u00e9s et \u00e0 une comp\u00e9titivit\u00e9 r\u00e9duite par rapport \u00e0 d&rsquo;autres r\u00e9gions. <\/p>\n\n<p>\u00c0 l&rsquo;inverse, l&rsquo;am\u00e9lioration des syst\u00e8mes logistiques pourrait soutenir le d\u00e9veloppement des industries locales en r\u00e9duisant les contraintes et en permettant un acc\u00e8s plus efficace aux march\u00e9s. En ce sens, la logistique n&rsquo;est pas seulement une fonction op\u00e9rationnelle \u2014 elle fait partie d&rsquo;un positionnement \u00e9conomique plus large. <\/p>\n\n<p>Ces dynamiques indiquent un lien \u00e9troit entre la performance logistique et la capacit\u00e9 des territoires \u00e0 attirer et \u00e0 maintenir l&rsquo;activit\u00e9 industrielle.<\/p>\n\n<h2 class=\"wp-block-heading\">Conditions d&rsquo;un impact r\u00e9el<\/h2>\n\n<p>Parall\u00e8lement, les avantages potentiels des cadres de fret num\u00e9rique restent conditionnels.<\/p>\n\n<p>Leur efficacit\u00e9 d\u00e9pend de l&rsquo;adoption de ces syst\u00e8mes par un large \u00e9ventail de parties prenantes, ainsi que de la capacit\u00e9 \u00e0 garantir l&rsquo;interop\u00e9rabilit\u00e9 entre les plateformes. Sans coordination et normes partag\u00e9es, les solutions num\u00e9riques peuvent coexister avec les processus existants plut\u00f4t que de les transformer pleinement. <\/p>\n\n<p>Les discussions sugg\u00e8rent \u00e9galement que l&rsquo;alignement des acteurs publics et priv\u00e9s sera essentiel pour d\u00e9bloquer ces avantages. Comme pour d&rsquo;autres transformations \u00e0 grande \u00e9chelle, les progr\u00e8s seront probablement progressifs et in\u00e9gaux dans la r\u00e9gion. <\/p>\n\n<figure class=\"wp-block-image aligncenter size-large\"><img decoding=\"async\" width=\"1024\" height=\"580\" data-src=\"https:\/\/www.latitude-15.com\/wp-content\/uploads\/2026\/04\/img13-1024x580.jpg\" alt=\"\" class=\"wp-image-23061 lazyload\" data-srcset=\"https:\/\/www.latitude-15.com\/wp-content\/uploads\/2026\/04\/img13-1024x580.jpg 1024w, https:\/\/www.latitude-15.com\/wp-content\/uploads\/2026\/04\/img13-300x170.jpg 300w, https:\/\/www.latitude-15.com\/wp-content\/uploads\/2026\/04\/img13-768x435.jpg 768w, https:\/\/www.latitude-15.com\/wp-content\/uploads\/2026\/04\/img13.jpg 1203w\" data-sizes=\"(max-width: 1024px) 100vw, 1024px\" src=\"data:image\/svg+xml;base64,PHN2ZyB3aWR0aD0iMSIgaGVpZ2h0PSIxIiB4bWxucz0iaHR0cDovL3d3dy53My5vcmcvMjAwMC9zdmciPjwvc3ZnPg==\" style=\"--smush-placeholder-width: 1024px; --smush-placeholder-aspect-ratio: 1024\/580;\" \/><\/figure>\n\n<h2 class=\"wp-block-heading\">Conclusion \u2013 La comp\u00e9titivit\u00e9 reste \u00e9troitement li\u00e9e \u00e0 la performance logistique<\/h2>\n\n<p>Les discussions du webinaire LAC eFTI4ALL sugg\u00e8rent un lien fort entre la performance logistique et la comp\u00e9titivit\u00e9 industrielle dans la r\u00e9gion.<\/p>\n\n<p>Alors que les inefficacit\u00e9s continuent de g\u00e9n\u00e9rer des co\u00fbts et des contraintes pour les entreprises, les am\u00e9liorations dans l&rsquo;\u00e9change de donn\u00e9es et la coordination pourraient contribuer \u00e0 renforcer la performance de la cha\u00eene d&rsquo;approvisionnement. Parall\u00e8lement, ces changements semblent d\u00e9pendre de conditions plus larges li\u00e9es \u00e0 l&rsquo;adoption, \u00e0 la normalisation et \u00e0 la collaboration. <\/p>\n\n<p>Dans ce contexte, la logistique ne se contente pas de soutenir l&rsquo;activit\u00e9 industrielle \u2014 elle contribue \u00e0 fa\u00e7onner sa comp\u00e9titivit\u00e9. La mesure dans laquelle les initiatives de fret num\u00e9rique peuvent influencer cette dynamique d\u00e9pendra probablement de l&rsquo;efficacit\u00e9 de leur mise en \u0153uvre dans l&rsquo;\u00e9cosyst\u00e8me logistique. <\/p>\n","protected":false},"excerpt":{"rendered":"<p>Dans toute l&rsquo;Am\u00e9rique latine et les Cara\u00efbes (ALC), l&rsquo;activit\u00e9 industrielle reste \u00e9troitement li\u00e9e \u00e0 la performance des syst\u00e8mes logistiques. Pour de nombreuses entreprises, les cha\u00eenes d&rsquo;approvisionnement d\u00e9pendent fortement des importations, exposant les op\u00e9rations \u00e0 des retards, \u00e0 l&rsquo;incertitude et \u00e0 des co\u00fbts fluctuants. Les discussions lors du webinaire LAC eFTI4ALL ont mis en \u00e9vidence que [&hellip;]<\/p>\n","protected":false},"author":5,"featured_media":23194,"comment_status":"open","ping_status":"closed","sticky":false,"template":"","format":"standard","meta":{"footnotes":""},"categories":[118,136],"tags":[],"class_list":["post-23196","post","type-post","status-publish","format-standard","has-post-thumbnail","hentry","category-maritime-fr","category-ports-et-logistique"],"yoast_head":"<!-- This site is optimized with the Yoast SEO plugin v26.9 - https:\/\/yoast.com\/product\/yoast-seo-wordpress\/ -->\n<title>Webinaire LAC eFTI4ALL : Comment les inefficacit\u00e9s logistiques fa\u00e7onnent la comp\u00e9titivit\u00e9 industrielle dans la r\u00e9gion - LATITUDE 15<\/title>\n<meta name=\"description\" content=\"Comment les inefficacit\u00e9s logistiques, les contraintes de la cha\u00eene d&#039;approvisionnement et la visibilit\u00e9 limit\u00e9e fa\u00e7onnent la comp\u00e9titivit\u00e9 industrielle en Am\u00e9rique latine et dans les Cara\u00efbes.\" \/>\n<meta name=\"robots\" content=\"index, follow, max-snippet:-1, max-image-preview:large, max-video-preview:-1\" \/>\n<link rel=\"canonical\" href=\"https:\/\/www.latitude-15.com\/fr\/webinaire-lac-efti4all-comment-les-inefficacites-logistiques-faconnent-la-competitivite-industrielle-dans-la-region\/\" \/>\n<meta property=\"og:locale\" content=\"fr_FR\" \/>\n<meta property=\"og:type\" content=\"article\" \/>\n<meta property=\"og:title\" content=\"Webinaire LAC eFTI4ALL : Comment les inefficacit\u00e9s logistiques fa\u00e7onnent la comp\u00e9titivit\u00e9 industrielle dans la r\u00e9gion - LATITUDE 15\" \/>\n<meta property=\"og:description\" content=\"Comment les inefficacit\u00e9s logistiques, les contraintes de la cha\u00eene d&#039;approvisionnement et la visibilit\u00e9 limit\u00e9e fa\u00e7onnent la comp\u00e9titivit\u00e9 industrielle en Am\u00e9rique latine et dans les Cara\u00efbes.\" \/>\n<meta property=\"og:url\" content=\"https:\/\/www.latitude-15.com\/fr\/webinaire-lac-efti4all-comment-les-inefficacites-logistiques-faconnent-la-competitivite-industrielle-dans-la-region\/\" \/>\n<meta property=\"og:site_name\" content=\"LATITUDE 15\" \/>\n<meta property=\"article:published_time\" content=\"2026-04-27T15:16:29+00:00\" \/>\n<meta property=\"article:modified_time\" content=\"2026-04-27T18:58:06+00:00\" \/>\n<meta property=\"og:image\" content=\"https:\/\/www.latitude-15.com\/wp-content\/uploads\/2026\/04\/IMAGE-DECLINAISON-3-EFTI4ALL-1024x576.png\" \/>\n\t<meta property=\"og:image:width\" content=\"1024\" \/>\n\t<meta property=\"og:image:height\" content=\"576\" \/>\n\t<meta property=\"og:image:type\" content=\"image\/png\" \/>\n<meta name=\"author\" content=\"Joda J\" \/>\n<meta name=\"twitter:card\" content=\"summary_large_image\" \/>\n<meta name=\"twitter:label1\" content=\"\u00c9crit par\" \/>\n\t<meta name=\"twitter:data1\" content=\"Joda J\" \/>\n\t<meta name=\"twitter:label2\" content=\"Dur\u00e9e de lecture estim\u00e9e\" \/>\n\t<meta name=\"twitter:data2\" content=\"6 minutes\" \/>\n<script type=\"application\/ld+json\" class=\"yoast-schema-graph\">{\"@context\":\"https:\/\/schema.org\",\"@graph\":[{\"@type\":\"Article\",\"@id\":\"https:\/\/www.latitude-15.com\/fr\/webinaire-lac-efti4all-comment-les-inefficacites-logistiques-faconnent-la-competitivite-industrielle-dans-la-region\/#article\",\"isPartOf\":{\"@id\":\"https:\/\/www.latitude-15.com\/fr\/webinaire-lac-efti4all-comment-les-inefficacites-logistiques-faconnent-la-competitivite-industrielle-dans-la-region\/\"},\"author\":{\"name\":\"Joda J\",\"@id\":\"https:\/\/www.latitude-15.com\/fr\/#\/schema\/person\/dac52e7ff44c78317f337da112e37252\"},\"headline\":\"Webinaire LAC eFTI4ALL : Comment les inefficacit\u00e9s logistiques fa\u00e7onnent la comp\u00e9titivit\u00e9 industrielle dans la r\u00e9gion\",\"datePublished\":\"2026-04-27T15:16:29+00:00\",\"dateModified\":\"2026-04-27T18:58:06+00:00\",\"mainEntityOfPage\":{\"@id\":\"https:\/\/www.latitude-15.com\/fr\/webinaire-lac-efti4all-comment-les-inefficacites-logistiques-faconnent-la-competitivite-industrielle-dans-la-region\/\"},\"wordCount\":1280,\"commentCount\":0,\"publisher\":{\"@id\":\"https:\/\/www.latitude-15.com\/fr\/#organization\"},\"image\":{\"@id\":\"https:\/\/www.latitude-15.com\/fr\/webinaire-lac-efti4all-comment-les-inefficacites-logistiques-faconnent-la-competitivite-industrielle-dans-la-region\/#primaryimage\"},\"thumbnailUrl\":\"https:\/\/www.latitude-15.com\/wp-content\/uploads\/2026\/04\/IMAGE-DECLINAISON-3-EFTI4ALL.png\",\"articleSection\":[\"MARITIME\",\"Ports et logistique\"],\"inLanguage\":\"fr-FR\",\"potentialAction\":[{\"@type\":\"CommentAction\",\"name\":\"Comment\",\"target\":[\"https:\/\/www.latitude-15.com\/fr\/webinaire-lac-efti4all-comment-les-inefficacites-logistiques-faconnent-la-competitivite-industrielle-dans-la-region\/#respond\"]}]},{\"@type\":\"WebPage\",\"@id\":\"https:\/\/www.latitude-15.com\/fr\/webinaire-lac-efti4all-comment-les-inefficacites-logistiques-faconnent-la-competitivite-industrielle-dans-la-region\/\",\"url\":\"https:\/\/www.latitude-15.com\/fr\/webinaire-lac-efti4all-comment-les-inefficacites-logistiques-faconnent-la-competitivite-industrielle-dans-la-region\/\",\"name\":\"Webinaire LAC eFTI4ALL : Comment les inefficacit\u00e9s logistiques fa\u00e7onnent la comp\u00e9titivit\u00e9 industrielle dans la r\u00e9gion - LATITUDE 15\",\"isPartOf\":{\"@id\":\"https:\/\/www.latitude-15.com\/fr\/#website\"},\"primaryImageOfPage\":{\"@id\":\"https:\/\/www.latitude-15.com\/fr\/webinaire-lac-efti4all-comment-les-inefficacites-logistiques-faconnent-la-competitivite-industrielle-dans-la-region\/#primaryimage\"},\"image\":{\"@id\":\"https:\/\/www.latitude-15.com\/fr\/webinaire-lac-efti4all-comment-les-inefficacites-logistiques-faconnent-la-competitivite-industrielle-dans-la-region\/#primaryimage\"},\"thumbnailUrl\":\"https:\/\/www.latitude-15.com\/wp-content\/uploads\/2026\/04\/IMAGE-DECLINAISON-3-EFTI4ALL.png\",\"datePublished\":\"2026-04-27T15:16:29+00:00\",\"dateModified\":\"2026-04-27T18:58:06+00:00\",\"description\":\"Comment les inefficacit\u00e9s logistiques, les contraintes de la cha\u00eene d'approvisionnement et la visibilit\u00e9 limit\u00e9e fa\u00e7onnent la comp\u00e9titivit\u00e9 industrielle en Am\u00e9rique latine et dans les Cara\u00efbes.\",\"breadcrumb\":{\"@id\":\"https:\/\/www.latitude-15.com\/fr\/webinaire-lac-efti4all-comment-les-inefficacites-logistiques-faconnent-la-competitivite-industrielle-dans-la-region\/#breadcrumb\"},\"inLanguage\":\"fr-FR\",\"potentialAction\":[{\"@type\":\"ReadAction\",\"target\":[\"https:\/\/www.latitude-15.com\/fr\/webinaire-lac-efti4all-comment-les-inefficacites-logistiques-faconnent-la-competitivite-industrielle-dans-la-region\/\"]}]},{\"@type\":\"ImageObject\",\"inLanguage\":\"fr-FR\",\"@id\":\"https:\/\/www.latitude-15.com\/fr\/webinaire-lac-efti4all-comment-les-inefficacites-logistiques-faconnent-la-competitivite-industrielle-dans-la-region\/#primaryimage\",\"url\":\"https:\/\/www.latitude-15.com\/wp-content\/uploads\/2026\/04\/IMAGE-DECLINAISON-3-EFTI4ALL.png\",\"contentUrl\":\"https:\/\/www.latitude-15.com\/wp-content\/uploads\/2026\/04\/IMAGE-DECLINAISON-3-EFTI4ALL.png\",\"width\":1672,\"height\":941},{\"@type\":\"BreadcrumbList\",\"@id\":\"https:\/\/www.latitude-15.com\/fr\/webinaire-lac-efti4all-comment-les-inefficacites-logistiques-faconnent-la-competitivite-industrielle-dans-la-region\/#breadcrumb\",\"itemListElement\":[{\"@type\":\"ListItem\",\"position\":1,\"name\":\"Home\",\"item\":\"https:\/\/www.latitude-15.com\/fr\/accueil\/\"},{\"@type\":\"ListItem\",\"position\":2,\"name\":\"Webinaire LAC eFTI4ALL : Comment les inefficacit\u00e9s logistiques fa\u00e7onnent la comp\u00e9titivit\u00e9 industrielle dans la r\u00e9gion\"}]},{\"@type\":\"WebSite\",\"@id\":\"https:\/\/www.latitude-15.com\/fr\/#website\",\"url\":\"https:\/\/www.latitude-15.com\/fr\/\",\"name\":\"LATITUDE 15\",\"description\":\"Aviation and maritime Magazine - Caribbean &amp; Latin America\",\"publisher\":{\"@id\":\"https:\/\/www.latitude-15.com\/fr\/#organization\"},\"potentialAction\":[{\"@type\":\"SearchAction\",\"target\":{\"@type\":\"EntryPoint\",\"urlTemplate\":\"https:\/\/www.latitude-15.com\/fr\/?s={search_term_string}\"},\"query-input\":{\"@type\":\"PropertyValueSpecification\",\"valueRequired\":true,\"valueName\":\"search_term_string\"}}],\"inLanguage\":\"fr-FR\"},{\"@type\":\"Organization\",\"@id\":\"https:\/\/www.latitude-15.com\/fr\/#organization\",\"name\":\"LATITUDE 15\",\"url\":\"https:\/\/www.latitude-15.com\/fr\/\",\"logo\":{\"@type\":\"ImageObject\",\"inLanguage\":\"fr-FR\",\"@id\":\"https:\/\/www.latitude-15.com\/fr\/#\/schema\/logo\/image\/\",\"url\":\"https:\/\/www.latitude-15.com\/wp-content\/uploads\/2026\/01\/cropped-logox500px.png\",\"contentUrl\":\"https:\/\/www.latitude-15.com\/wp-content\/uploads\/2026\/01\/cropped-logox500px.png\",\"width\":62,\"height\":75,\"caption\":\"LATITUDE 15\"},\"image\":{\"@id\":\"https:\/\/www.latitude-15.com\/fr\/#\/schema\/logo\/image\/\"}},{\"@type\":\"Person\",\"@id\":\"https:\/\/www.latitude-15.com\/fr\/#\/schema\/person\/dac52e7ff44c78317f337da112e37252\",\"name\":\"Joda J\",\"image\":{\"@type\":\"ImageObject\",\"inLanguage\":\"fr-FR\",\"@id\":\"https:\/\/www.latitude-15.com\/fr\/#\/schema\/person\/image\/\",\"url\":\"https:\/\/secure.gravatar.com\/avatar\/6b1feae555e15404b76616f92d931d12b25ac58024f14ccb43d9d3c012e4c4cf?s=96&d=mm&r=g\",\"contentUrl\":\"https:\/\/secure.gravatar.com\/avatar\/6b1feae555e15404b76616f92d931d12b25ac58024f14ccb43d9d3c012e4c4cf?s=96&d=mm&r=g\",\"caption\":\"Joda J\"},\"url\":\"https:\/\/www.latitude-15.com\/fr\/author\/joda\/\"}]}<\/script>\n<!-- \/ Yoast SEO plugin. -->","yoast_head_json":{"title":"Webinaire LAC eFTI4ALL : Comment les inefficacit\u00e9s logistiques fa\u00e7onnent la comp\u00e9titivit\u00e9 industrielle dans la r\u00e9gion - LATITUDE 15","description":"Comment les inefficacit\u00e9s logistiques, les contraintes de la cha\u00eene d'approvisionnement et la visibilit\u00e9 limit\u00e9e fa\u00e7onnent la comp\u00e9titivit\u00e9 industrielle en Am\u00e9rique latine et dans les Cara\u00efbes.","robots":{"index":"index","follow":"follow","max-snippet":"max-snippet:-1","max-image-preview":"max-image-preview:large","max-video-preview":"max-video-preview:-1"},"canonical":"https:\/\/www.latitude-15.com\/fr\/webinaire-lac-efti4all-comment-les-inefficacites-logistiques-faconnent-la-competitivite-industrielle-dans-la-region\/","og_locale":"fr_FR","og_type":"article","og_title":"Webinaire LAC eFTI4ALL : Comment les inefficacit\u00e9s logistiques fa\u00e7onnent la comp\u00e9titivit\u00e9 industrielle dans la r\u00e9gion - LATITUDE 15","og_description":"Comment les inefficacit\u00e9s logistiques, les contraintes de la cha\u00eene d'approvisionnement et la visibilit\u00e9 limit\u00e9e fa\u00e7onnent la comp\u00e9titivit\u00e9 industrielle en Am\u00e9rique latine et dans les Cara\u00efbes.","og_url":"https:\/\/www.latitude-15.com\/fr\/webinaire-lac-efti4all-comment-les-inefficacites-logistiques-faconnent-la-competitivite-industrielle-dans-la-region\/","og_site_name":"LATITUDE 15","article_published_time":"2026-04-27T15:16:29+00:00","article_modified_time":"2026-04-27T18:58:06+00:00","og_image":[{"width":1024,"height":576,"url":"https:\/\/www.latitude-15.com\/wp-content\/uploads\/2026\/04\/IMAGE-DECLINAISON-3-EFTI4ALL-1024x576.png","type":"image\/png"}],"author":"Joda J","twitter_card":"summary_large_image","twitter_misc":{"\u00c9crit par":"Joda J","Dur\u00e9e de lecture estim\u00e9e":"6 minutes"},"schema":{"@context":"https:\/\/schema.org","@graph":[{"@type":"Article","@id":"https:\/\/www.latitude-15.com\/fr\/webinaire-lac-efti4all-comment-les-inefficacites-logistiques-faconnent-la-competitivite-industrielle-dans-la-region\/#article","isPartOf":{"@id":"https:\/\/www.latitude-15.com\/fr\/webinaire-lac-efti4all-comment-les-inefficacites-logistiques-faconnent-la-competitivite-industrielle-dans-la-region\/"},"author":{"name":"Joda J","@id":"https:\/\/www.latitude-15.com\/fr\/#\/schema\/person\/dac52e7ff44c78317f337da112e37252"},"headline":"Webinaire LAC eFTI4ALL : Comment les inefficacit\u00e9s logistiques fa\u00e7onnent la comp\u00e9titivit\u00e9 industrielle dans la r\u00e9gion","datePublished":"2026-04-27T15:16:29+00:00","dateModified":"2026-04-27T18:58:06+00:00","mainEntityOfPage":{"@id":"https:\/\/www.latitude-15.com\/fr\/webinaire-lac-efti4all-comment-les-inefficacites-logistiques-faconnent-la-competitivite-industrielle-dans-la-region\/"},"wordCount":1280,"commentCount":0,"publisher":{"@id":"https:\/\/www.latitude-15.com\/fr\/#organization"},"image":{"@id":"https:\/\/www.latitude-15.com\/fr\/webinaire-lac-efti4all-comment-les-inefficacites-logistiques-faconnent-la-competitivite-industrielle-dans-la-region\/#primaryimage"},"thumbnailUrl":"https:\/\/www.latitude-15.com\/wp-content\/uploads\/2026\/04\/IMAGE-DECLINAISON-3-EFTI4ALL.png","articleSection":["MARITIME","Ports et logistique"],"inLanguage":"fr-FR","potentialAction":[{"@type":"CommentAction","name":"Comment","target":["https:\/\/www.latitude-15.com\/fr\/webinaire-lac-efti4all-comment-les-inefficacites-logistiques-faconnent-la-competitivite-industrielle-dans-la-region\/#respond"]}]},{"@type":"WebPage","@id":"https:\/\/www.latitude-15.com\/fr\/webinaire-lac-efti4all-comment-les-inefficacites-logistiques-faconnent-la-competitivite-industrielle-dans-la-region\/","url":"https:\/\/www.latitude-15.com\/fr\/webinaire-lac-efti4all-comment-les-inefficacites-logistiques-faconnent-la-competitivite-industrielle-dans-la-region\/","name":"Webinaire LAC eFTI4ALL : Comment les inefficacit\u00e9s logistiques fa\u00e7onnent la comp\u00e9titivit\u00e9 industrielle dans la r\u00e9gion - LATITUDE 15","isPartOf":{"@id":"https:\/\/www.latitude-15.com\/fr\/#website"},"primaryImageOfPage":{"@id":"https:\/\/www.latitude-15.com\/fr\/webinaire-lac-efti4all-comment-les-inefficacites-logistiques-faconnent-la-competitivite-industrielle-dans-la-region\/#primaryimage"},"image":{"@id":"https:\/\/www.latitude-15.com\/fr\/webinaire-lac-efti4all-comment-les-inefficacites-logistiques-faconnent-la-competitivite-industrielle-dans-la-region\/#primaryimage"},"thumbnailUrl":"https:\/\/www.latitude-15.com\/wp-content\/uploads\/2026\/04\/IMAGE-DECLINAISON-3-EFTI4ALL.png","datePublished":"2026-04-27T15:16:29+00:00","dateModified":"2026-04-27T18:58:06+00:00","description":"Comment les inefficacit\u00e9s logistiques, les contraintes de la cha\u00eene d'approvisionnement et la visibilit\u00e9 limit\u00e9e fa\u00e7onnent la comp\u00e9titivit\u00e9 industrielle en Am\u00e9rique latine et dans les Cara\u00efbes.","breadcrumb":{"@id":"https:\/\/www.latitude-15.com\/fr\/webinaire-lac-efti4all-comment-les-inefficacites-logistiques-faconnent-la-competitivite-industrielle-dans-la-region\/#breadcrumb"},"inLanguage":"fr-FR","potentialAction":[{"@type":"ReadAction","target":["https:\/\/www.latitude-15.com\/fr\/webinaire-lac-efti4all-comment-les-inefficacites-logistiques-faconnent-la-competitivite-industrielle-dans-la-region\/"]}]},{"@type":"ImageObject","inLanguage":"fr-FR","@id":"https:\/\/www.latitude-15.com\/fr\/webinaire-lac-efti4all-comment-les-inefficacites-logistiques-faconnent-la-competitivite-industrielle-dans-la-region\/#primaryimage","url":"https:\/\/www.latitude-15.com\/wp-content\/uploads\/2026\/04\/IMAGE-DECLINAISON-3-EFTI4ALL.png","contentUrl":"https:\/\/www.latitude-15.com\/wp-content\/uploads\/2026\/04\/IMAGE-DECLINAISON-3-EFTI4ALL.png","width":1672,"height":941},{"@type":"BreadcrumbList","@id":"https:\/\/www.latitude-15.com\/fr\/webinaire-lac-efti4all-comment-les-inefficacites-logistiques-faconnent-la-competitivite-industrielle-dans-la-region\/#breadcrumb","itemListElement":[{"@type":"ListItem","position":1,"name":"Home","item":"https:\/\/www.latitude-15.com\/fr\/accueil\/"},{"@type":"ListItem","position":2,"name":"Webinaire LAC eFTI4ALL : Comment les inefficacit\u00e9s logistiques fa\u00e7onnent la comp\u00e9titivit\u00e9 industrielle dans la r\u00e9gion"}]},{"@type":"WebSite","@id":"https:\/\/www.latitude-15.com\/fr\/#website","url":"https:\/\/www.latitude-15.com\/fr\/","name":"LATITUDE 15","description":"Aviation and maritime Magazine - Caribbean &amp; Latin America","publisher":{"@id":"https:\/\/www.latitude-15.com\/fr\/#organization"},"potentialAction":[{"@type":"SearchAction","target":{"@type":"EntryPoint","urlTemplate":"https:\/\/www.latitude-15.com\/fr\/?s={search_term_string}"},"query-input":{"@type":"PropertyValueSpecification","valueRequired":true,"valueName":"search_term_string"}}],"inLanguage":"fr-FR"},{"@type":"Organization","@id":"https:\/\/www.latitude-15.com\/fr\/#organization","name":"LATITUDE 15","url":"https:\/\/www.latitude-15.com\/fr\/","logo":{"@type":"ImageObject","inLanguage":"fr-FR","@id":"https:\/\/www.latitude-15.com\/fr\/#\/schema\/logo\/image\/","url":"https:\/\/www.latitude-15.com\/wp-content\/uploads\/2026\/01\/cropped-logox500px.png","contentUrl":"https:\/\/www.latitude-15.com\/wp-content\/uploads\/2026\/01\/cropped-logox500px.png","width":62,"height":75,"caption":"LATITUDE 15"},"image":{"@id":"https:\/\/www.latitude-15.com\/fr\/#\/schema\/logo\/image\/"}},{"@type":"Person","@id":"https:\/\/www.latitude-15.com\/fr\/#\/schema\/person\/dac52e7ff44c78317f337da112e37252","name":"Joda J","image":{"@type":"ImageObject","inLanguage":"fr-FR","@id":"https:\/\/www.latitude-15.com\/fr\/#\/schema\/person\/image\/","url":"https:\/\/secure.gravatar.com\/avatar\/6b1feae555e15404b76616f92d931d12b25ac58024f14ccb43d9d3c012e4c4cf?s=96&d=mm&r=g","contentUrl":"https:\/\/secure.gravatar.com\/avatar\/6b1feae555e15404b76616f92d931d12b25ac58024f14ccb43d9d3c012e4c4cf?s=96&d=mm&r=g","caption":"Joda J"},"url":"https:\/\/www.latitude-15.com\/fr\/author\/joda\/"}]}},"_links":{"self":[{"href":"https:\/\/www.latitude-15.com\/fr\/wp-json\/wp\/v2\/posts\/23196","targetHints":{"allow":["GET"]}}],"collection":[{"href":"https:\/\/www.latitude-15.com\/fr\/wp-json\/wp\/v2\/posts"}],"about":[{"href":"https:\/\/www.latitude-15.com\/fr\/wp-json\/wp\/v2\/types\/post"}],"author":[{"embeddable":true,"href":"https:\/\/www.latitude-15.com\/fr\/wp-json\/wp\/v2\/users\/5"}],"replies":[{"embeddable":true,"href":"https:\/\/www.latitude-15.com\/fr\/wp-json\/wp\/v2\/comments?post=23196"}],"version-history":[{"count":1,"href":"https:\/\/www.latitude-15.com\/fr\/wp-json\/wp\/v2\/posts\/23196\/revisions"}],"predecessor-version":[{"id":23197,"href":"https:\/\/www.latitude-15.com\/fr\/wp-json\/wp\/v2\/posts\/23196\/revisions\/23197"}],"wp:featuredmedia":[{"embeddable":true,"href":"https:\/\/www.latitude-15.com\/fr\/wp-json\/wp\/v2\/media\/23194"}],"wp:attachment":[{"href":"https:\/\/www.latitude-15.com\/fr\/wp-json\/wp\/v2\/media?parent=23196"}],"wp:term":[{"taxonomy":"category","embeddable":true,"href":"https:\/\/www.latitude-15.com\/fr\/wp-json\/wp\/v2\/categories?post=23196"},{"taxonomy":"post_tag","embeddable":true,"href":"https:\/\/www.latitude-15.com\/fr\/wp-json\/wp\/v2\/tags?post=23196"}],"curies":[{"name":"wp","href":"https:\/\/api.w.org\/{rel}","templated":true}]}}