{"id":23113,"date":"2026-04-24T14:20:01","date_gmt":"2026-04-24T18:20:01","guid":{"rendered":"https:\/\/www.latitude-15.com\/fret-e-commerce-et-coordination-signaux-de-quito-pour-les-ecosystemes-aeroportuaires-damerique-latine\/"},"modified":"2026-04-27T09:53:37","modified_gmt":"2026-04-27T13:53:37","slug":"fret-e-commerce-et-coordination-signaux-de-quito-pour-les-ecosystemes-aeroportuaires-damerique-latine","status":"publish","type":"post","link":"https:\/\/www.latitude-15.com\/fr\/fret-e-commerce-et-coordination-signaux-de-quito-pour-les-ecosystemes-aeroportuaires-damerique-latine\/","title":{"rendered":"ACI LAC QUITO. Fret, e-commerce et coordination : signaux de Quito pour les \u00e9cosyst\u00e8mes a\u00e9roportuaires d\u2019Am\u00e9rique latine"},"content":{"rendered":"\n<p>Le fret a\u00e9rien continue de repr\u00e9senter une part relativement faible du commerce mondial en volume, mais son importance \u00e9conomique demeure consid\u00e9rable. Repr\u00e9sentant environ <strong>1 % des flux du commerce mondial, mais pr\u00e8s de 30 % de leur valeur<\/strong>, il joue un r\u00f4le disproportionn\u00e9 dans la connexion des biens \u00e0 forte valeur entre les march\u00e9s. Les \u00e9changes tenus lors de l\u2019<strong>ACI Airport Day Quito<\/strong> sugg\u00e8rent que ce d\u00e9s\u00e9quilibre influence de plus en plus la mani\u00e8re dont les \u00e9cosyst\u00e8mes a\u00e9roportuaires d\u2019Am\u00e9rique latine et des Cara\u00efbes se positionnent au sein de syst\u00e8mes \u00e9conomiques plus larges.  <\/p>\n\n<p>Au fil des panels consacr\u00e9s aux op\u00e9rations cargo et au d\u00e9veloppement a\u00e9roportuaire, plusieurs th\u00e8mes r\u00e9currents ont \u00e9merg\u00e9. Ensemble, ils indiquent une \u00e9volution de la perception du fret : non plus simplement comme une fonction op\u00e9rationnelle, mais comme une composante strat\u00e9gique des \u00e9cosyst\u00e8mes a\u00e9roportuaires. <\/p>\n\n<h2 class=\"wp-block-heading\">Le poids croissant du fret dans les strat\u00e9gies a\u00e9roportuaires<\/h2>\n\n<p>Plusieurs intervenants ont soulign\u00e9 l\u2019impact plus large du fret au-del\u00e0 de son activit\u00e9 commerciale directe. Si l\u2019activit\u00e9 cargo implique un ensemble d\u2019acteurs bien identifi\u00e9s \u2014 <em>compagnies a\u00e9riennes, manutentionnaires et prestataires logistiques<\/em> \u2014 son influence s\u2019\u00e9tend davantage aux \u00e9conomies r\u00e9gionales. <\/p>\n\n<p>Les \u00e9changes sugg\u00e8rent que le fret ne doit pas \u00eatre \u00e9valu\u00e9 uniquement \u00e0 l\u2019aune des volumes, mais aussi de la valeur qu\u2019il g\u00e9n\u00e8re tout au long des cha\u00eenes d\u2019approvisionnement. M\u00eame dans un contexte marqu\u00e9 par des tensions g\u00e9opolitiques, l\u2019\u00e9volution des sch\u00e9mas commerciaux et l\u2019incertitude r\u00e9glementaire, la demande mondiale de fret a enregistr\u00e9 une <strong>hausse de 3,4 % en 2025<\/strong>, les transporteurs d\u2019Am\u00e9rique latine et des Cara\u00efbes affichant une <strong>croissance de 2,3 %<\/strong>, parall\u00e8lement \u00e0 une <strong>augmentation de 4,5 % de la capacit\u00e9<\/strong>. <\/p>\n\n<p>Ces chiffres indiquent un certain niveau de r\u00e9silience, mais renvoient aussi \u00e0 un environnement plus complexe, dans lequel l\u2019efficacit\u00e9 op\u00e9rationnelle et la capacit\u00e9 d\u2019adaptation semblent gagner en importance.<\/p>\n\n<h2 class=\"wp-block-heading\">Quito comme mod\u00e8le cargo sp\u00e9cialis\u00e9<\/h2>\n\n<p>Dans ce contexte, Quito offre un exemple particuli\u00e8rement distinctif. L\u2019<strong>a\u00e9roport international Mariscal Sucre<\/strong> a d\u00e9velopp\u00e9 un profil cargo hautement sp\u00e9cialis\u00e9, \u00e9troitement li\u00e9 \u00e0 la structure des exportations de l\u2019\u00c9quateur. <\/p>\n\n<p>Depuis 2013, l\u2019a\u00e9roport a trait\u00e9 environ <strong>2,8 millions de tonnes de fret<\/strong>, atteignant un <strong>record de 406\u202f754 tonnes en 2025<\/strong>. Une caract\u00e9ristique d\u00e9terminante de cette activit\u00e9 est sa concentration : environ <strong>92 % des exportations sont constitu\u00e9es de fleurs<\/strong>, positionnant Quito comme une porte d\u2019entr\u00e9e cl\u00e9 pour l\u2019industrie floricole du pays. <\/p>\n\n<p>Cette configuration sugg\u00e8re un mod\u00e8le dans lequel l\u2019activit\u00e9 cargo a\u00e9roportuaire est profond\u00e9ment int\u00e9gr\u00e9e \u00e0 une cha\u00eene de valeur sp\u00e9cifique. Plut\u00f4t que de fonctionner comme un hub diversifi\u00e9, Quito semble op\u00e9rer comme une plateforme d\u2019exportation sp\u00e9cialis\u00e9e, \u00e9troitement align\u00e9e sur les syst\u00e8mes de production locaux. <\/p>\n\n<p>Un tel mod\u00e8le met en \u00e9vidence \u00e0 la fois des atouts et des contraintes, notamment en mati\u00e8re d\u2019\u00e9quilibrage des flux d\u2019importation et d\u2019exportation.<\/p>\n\n<figure class=\"wp-block-image aligncenter size-large\"><img fetchpriority=\"high\" decoding=\"async\" width=\"1024\" height=\"684\" src=\"https:\/\/www.latitude-15.com\/wp-content\/uploads\/2026\/04\/dsc07219_55145738870_o-1-1024x684.jpg\" alt=\"\" class=\"wp-image-23168\" srcset=\"https:\/\/www.latitude-15.com\/wp-content\/uploads\/2026\/04\/dsc07219_55145738870_o-1-1024x684.jpg 1024w, https:\/\/www.latitude-15.com\/wp-content\/uploads\/2026\/04\/dsc07219_55145738870_o-1-300x200.jpg 300w, https:\/\/www.latitude-15.com\/wp-content\/uploads\/2026\/04\/dsc07219_55145738870_o-1-768x513.jpg 768w, https:\/\/www.latitude-15.com\/wp-content\/uploads\/2026\/04\/dsc07219_55145738870_o-1-1536x1026.jpg 1536w, https:\/\/www.latitude-15.com\/wp-content\/uploads\/2026\/04\/dsc07219_55145738870_o-1-2048x1368.jpg 2048w, https:\/\/www.latitude-15.com\/wp-content\/uploads\/2026\/04\/dsc07219_55145738870_o-1-1320x882.jpg 1320w\" sizes=\"(max-width: 1024px) 100vw, 1024px\" \/><\/figure>\n\n<h2 class=\"wp-block-heading\">L\u2019e-commerce redessine les flux de fret<\/h2>\n\n<p>Une autre dynamique, r\u00e9guli\u00e8rement mise en avant lors des \u00e9changes, concerne l\u2019expansion rapide de l\u2019e-commerce.<\/p>\n\n<p>En \u00c9quateur, sa part dans les volumes totaux de fret aurait augment\u00e9 d\u2019environ <strong>15 % en 2023 \u00e0 35 % en 2025<\/strong>, indiquant un changement significatif dans la structure de la demande de fret a\u00e9rien.<\/p>\n\n<p>Cette \u00e9volution semble introduire de nouvelles pressions op\u00e9rationnelles. La logistique de l\u2019e-commerce est g\u00e9n\u00e9ralement associ\u00e9e \u00e0 des attentes de rapidit\u00e9, de fiabilit\u00e9 et de flexibilit\u00e9, qui peuvent diff\u00e9rer des flux cargo traditionnels. <\/p>\n\n<p>Les intervenants ont soulign\u00e9 la n\u00e9cessit\u00e9 de processus plus agiles, d\u2019une meilleure coordination et du d\u00e9veloppement potentiel de services logistiques compl\u00e9mentaires, tels que des <strong>centres de d\u00e9consolidation<\/strong> et l\u2019implication de prestataires logistiques tiers.<\/p>\n\n<p>Dans le m\u00eame temps, les \u00e9changes sugg\u00e8rent que cette croissance n\u2019est pas lin\u00e9aire. Des changements r\u00e9glementaires \u2014 <em>comme des ajustements des cadres d\u2019importation<\/em> \u2014 peuvent influencer les volumes et introduire de nouvelles incertitudes, indiquant que la trajectoire de l\u2019e-commerce reste \u00e9troitement li\u00e9e aux environnements de politique publique. <\/p>\n\n<figure class=\"wp-block-image aligncenter size-full\"><img decoding=\"async\" width=\"799\" height=\"534\" data-src=\"https:\/\/www.latitude-15.com\/wp-content\/uploads\/2026\/04\/55144464497_46248b308a_c.jpg\" alt=\"&#xE9;cosyst&#xE8;mes a&#xE9;roportuaires\" class=\"wp-image-23097 lazyload\" data-srcset=\"https:\/\/www.latitude-15.com\/wp-content\/uploads\/2026\/04\/55144464497_46248b308a_c.jpg 799w, https:\/\/www.latitude-15.com\/wp-content\/uploads\/2026\/04\/55144464497_46248b308a_c-300x201.jpg 300w, https:\/\/www.latitude-15.com\/wp-content\/uploads\/2026\/04\/55144464497_46248b308a_c-768x513.jpg 768w\" data-sizes=\"(max-width: 799px) 100vw, 799px\" src=\"data:image\/svg+xml;base64,PHN2ZyB3aWR0aD0iMSIgaGVpZ2h0PSIxIiB4bWxucz0iaHR0cDovL3d3dy53My5vcmcvMjAwMC9zdmciPjwvc3ZnPg==\" style=\"--smush-placeholder-width: 799px; --smush-placeholder-aspect-ratio: 799\/534;\" \/><\/figure>\n\n<h2 class=\"wp-block-heading\">La coordination, v\u00e9ritable goulot d\u2019\u00e9tranglement<\/h2>\n\n<p>Si l\u2019infrastructure et la capacit\u00e9 ont \u00e9t\u00e9 abord\u00e9es, plusieurs interventions ont point\u00e9 un autre type de contrainte : la coordination tout au long de la cha\u00eene de valeur du fret.<\/p>\n\n<p>Les panels ont mis en \u00e9vidence des d\u00e9fis li\u00e9s \u00e0 la disponibilit\u00e9 des ressources, aux processus r\u00e9glementaires et \u00e0 la fragmentation des syst\u00e8mes d\u2019information entre parties prenantes. Dans certains cas, les goulets d\u2019\u00e9tranglement op\u00e9rationnels \u00e9taient li\u00e9s non pas \u00e0 des limites physiques, mais \u00e0 un manque d\u2019alignement entre acteurs. <\/p>\n\n<p>Les \u00e9changes sugg\u00e8rent que l\u2019am\u00e9lioration de la performance cargo d\u00e9pend peut-\u00eatre moins de l\u2019extension des infrastructures que du renforcement du <strong>partage de donn\u00e9es, de l\u2019int\u00e9gration des processus et de la coordination institutionnelle<\/strong>. Des initiatives telles que des projets pilotes visant \u00e0 mieux planifier l\u2019arriv\u00e9e des camions ou des efforts pour aligner les flux d\u2019information entre op\u00e9rateurs indiquent que des solutions sont \u00e0 l\u2019\u00e9tude, bien qu\u2019elles en soient encore \u00e0 un stade pr\u00e9coce. <\/p>\n\n<p>Cet accent mis sur la coordination renvoie \u00e0 une \u00e9volution plus large des priorit\u00e9s, o\u00f9 l\u2019efficacit\u00e9 op\u00e9rationnelle est de plus en plus li\u00e9e \u00e0 la capacit\u00e9 des parties prenantes \u00e0 travailler au sein de syst\u00e8mes int\u00e9gr\u00e9s.<\/p>\n\n<h2 class=\"wp-block-heading\">Implications pour l&rsquo;Am\u00e9rique latine et les Cara\u00efbes<\/h2>\n\n<p>Pris ensemble, ces \u00e9changes sugg\u00e8rent plusieurs implications pour la r\u00e9gion.<\/p>\n\n<p>Premi\u00e8rement, le fret semble consolider son r\u00f4le de <strong>levier strat\u00e9gique du d\u00e9veloppement a\u00e9roportuaire<\/strong>, en particulier dans les \u00e9conomies o\u00f9 les exportations reposent sur des biens \u00e0 forte valeur ou sensibles au facteur temps.<\/p>\n\n<p>Deuxi\u00e8mement, la croissance de l\u2019e-commerce indique une transformation des flux de fret, susceptible de cr\u00e9er de nouvelles opportunit\u00e9s tout en accroissant la complexit\u00e9 op\u00e9rationnelle.<\/p>\n\n<p>Enfin, l\u2019attention r\u00e9currente port\u00e9e \u00e0 la coordination met en lumi\u00e8re des d\u00e9fis structurels susceptibles d\u2019affecter la comp\u00e9titivit\u00e9 des \u00e9cosyst\u00e8mes a\u00e9roportuaires. La fragmentation entre institutions et syst\u00e8mes pourrait limiter la capacit\u00e9 \u00e0 capter pleinement la valeur g\u00e9n\u00e9r\u00e9e par l\u2019activit\u00e9 cargo. <\/p>\n\n<p>Plut\u00f4t que de converger vers un mod\u00e8le unique, les \u00e9changes sugg\u00e8rent que diff\u00e9rentes approches pourraient \u00e9merger dans la r\u00e9gion, en fonction des structures \u00e9conomiques locales, des environnements r\u00e9glementaires et des niveaux d\u2019alignement institutionnel.<\/p>\n\n<figure class=\"wp-block-image aligncenter size-full\"><img decoding=\"async\" width=\"799\" height=\"534\" data-src=\"https:\/\/www.latitude-15.com\/wp-content\/uploads\/2026\/04\/55145736605_291eb0dd3f_c.jpg\" alt=\"\" class=\"wp-image-23099 lazyload\" data-srcset=\"https:\/\/www.latitude-15.com\/wp-content\/uploads\/2026\/04\/55145736605_291eb0dd3f_c.jpg 799w, https:\/\/www.latitude-15.com\/wp-content\/uploads\/2026\/04\/55145736605_291eb0dd3f_c-300x201.jpg 300w, https:\/\/www.latitude-15.com\/wp-content\/uploads\/2026\/04\/55145736605_291eb0dd3f_c-768x513.jpg 768w\" data-sizes=\"(max-width: 799px) 100vw, 799px\" src=\"data:image\/svg+xml;base64,PHN2ZyB3aWR0aD0iMSIgaGVpZ2h0PSIxIiB4bWxucz0iaHR0cDovL3d3dy53My5vcmcvMjAwMC9zdmciPjwvc3ZnPg==\" style=\"--smush-placeholder-width: 799px; --smush-placeholder-aspect-ratio: 799\/534;\" \/><\/figure>\n\n<h2 class=\"wp-block-heading\">Voix et perspectives du secteur<\/h2>\n\n<p>Les points de vue partag\u00e9s par les acteurs du secteur refl\u00e8tent ces dynamiques sous diff\u00e9rents angles.<\/p>\n\n<p>Les compagnies a\u00e9riennes ont soulign\u00e9 l\u2019impact de facteurs externes tels que les co\u00fbts du carburant, qui peuvent repr\u00e9senter une part significative des d\u00e9penses d\u2019exploitation, ainsi que la n\u00e9cessit\u00e9 d\u2019ajuster en continu la capacit\u00e9 et l\u2019utilisation de la flotte en fonction de la demande.<\/p>\n\n<p>Du point de vue des op\u00e9rateurs cargo, la capacit\u00e9 \u00e0 anticiper les volumes et \u00e0 allouer efficacement les ressources a \u00e9t\u00e9 identifi\u00e9e comme un d\u00e9fi op\u00e9rationnel majeur, en particulier dans un environnement o\u00f9 la demande peut fluctuer.<\/p>\n\n<p>Les exploitants a\u00e9roportuaires, pour leur part, ont insist\u00e9 sur l\u2019importance de la collaboration entre parties prenantes, y compris les autorit\u00e9s publiques, afin de garantir que les infrastructures, les processus et les cadres r\u00e9glementaires \u00e9voluent de mani\u00e8re coordonn\u00e9e.<\/p>\n\n<p>Ces perspectives sugg\u00e8rent un secteur o\u00f9 les r\u00e9alit\u00e9s op\u00e9rationnelles et les consid\u00e9rations strat\u00e9giques sont de plus en plus interconnect\u00e9es.<\/p>\n\n<h2 class=\"wp-block-heading\">Perspectives<\/h2>\n\n<p>Les \u00e9changes \u00e0 Quito ne dessinent pas une trajectoire unique pour l\u2019avenir du fret a\u00e9rien dans la r\u00e9gion. Ils sugg\u00e8rent toutefois que les a\u00e9roports \u00e9voluent progressivement vers des mod\u00e8les cargo plus int\u00e9gr\u00e9s et davantage ancr\u00e9s dans l\u2019\u00e9conomie. <\/p>\n\n<p>\u00c0 mesure que le fret continue d\u2019\u00e9voluer, son r\u00f4le au sein des \u00e9cosyst\u00e8mes a\u00e9roportuaires devrait s\u2019\u00e9tendre, non seulement comme source de revenus, mais aussi comme \u00e9l\u00e9ment structurant des cha\u00eenes de valeur r\u00e9gionales.<\/p>\n\n<p>Dans le m\u00eame temps, la mesure dans laquelle ce potentiel pourra \u00eatre concr\u00e9tis\u00e9 pourrait d\u00e9pendre de la capacit\u00e9 des parties prenantes \u00e0 relever les d\u00e9fis de coordination et \u00e0 s\u2019adapter \u00e0 l\u2019\u00e9volution des conditions de march\u00e9.<\/p>\n\n<p>Dans ce contexte, le fret ne se contente pas de refl\u00e9ter des transformations plus larges : il peut aussi contribuer \u00e0 les fa\u00e7onner.<\/p>\n","protected":false},"excerpt":{"rendered":"<p>Le fret a\u00e9rien continue de repr\u00e9senter une part relativement faible du commerce mondial en volume, mais son importance \u00e9conomique demeure consid\u00e9rable. Repr\u00e9sentant environ 1 % des flux du commerce mondial, mais pr\u00e8s de 30 % de leur valeur, il joue un r\u00f4le disproportionn\u00e9 dans la connexion des biens \u00e0 forte valeur entre les march\u00e9s. Les [&hellip;]<\/p>\n","protected":false},"author":5,"featured_media":23107,"comment_status":"open","ping_status":"closed","sticky":false,"template":"","format":"standard","meta":{"footnotes":""},"categories":[103,97],"tags":[],"class_list":["post-23113","post","type-post","status-publish","format-standard","has-post-thumbnail","hentry","category-aeroports-infrastructures","category-aviation-fr"],"yoast_head":"<!-- This site is optimized with the Yoast SEO plugin v26.9 - https:\/\/yoast.com\/product\/yoast-seo-wordpress\/ -->\n<title>ACI LAC QUITO. Fret, e-commerce et coordination : signaux de Quito pour les \u00e9cosyst\u00e8mes a\u00e9roportuaires d\u2019Am\u00e9rique latine - LATITUDE 15<\/title>\n<meta name=\"description\" content=\"ACI Airport Day Quito : des leaders du secteur ont soulign\u00e9 comment le fret, l\u2019e-commerce et la coordination redessinent les \u00e9cosyst\u00e8mes a\u00e9roportuaires en Am\u00e9rique latine\" \/>\n<meta name=\"robots\" content=\"index, follow, max-snippet:-1, max-image-preview:large, max-video-preview:-1\" \/>\n<link rel=\"canonical\" href=\"https:\/\/www.latitude-15.com\/fr\/fret-e-commerce-et-coordination-signaux-de-quito-pour-les-ecosystemes-aeroportuaires-damerique-latine\/\" \/>\n<meta property=\"og:locale\" content=\"fr_FR\" \/>\n<meta property=\"og:type\" content=\"article\" \/>\n<meta property=\"og:title\" content=\"ACI LAC QUITO. Fret, e-commerce et coordination : signaux de Quito pour les \u00e9cosyst\u00e8mes a\u00e9roportuaires d\u2019Am\u00e9rique latine - LATITUDE 15\" \/>\n<meta property=\"og:description\" content=\"ACI Airport Day Quito : des leaders du secteur ont soulign\u00e9 comment le fret, l\u2019e-commerce et la coordination redessinent les \u00e9cosyst\u00e8mes a\u00e9roportuaires en Am\u00e9rique latine\" \/>\n<meta property=\"og:url\" content=\"https:\/\/www.latitude-15.com\/fr\/fret-e-commerce-et-coordination-signaux-de-quito-pour-les-ecosystemes-aeroportuaires-damerique-latine\/\" \/>\n<meta property=\"og:site_name\" content=\"LATITUDE 15\" \/>\n<meta property=\"article:published_time\" content=\"2026-04-24T18:20:01+00:00\" \/>\n<meta property=\"article:modified_time\" content=\"2026-04-27T13:53:37+00:00\" \/>\n<meta property=\"og:image\" content=\"https:\/\/www.latitude-15.com\/wp-content\/uploads\/2026\/04\/55145518428_36bf22e892_c.jpg\" \/>\n\t<meta property=\"og:image:width\" content=\"799\" \/>\n\t<meta property=\"og:image:height\" content=\"534\" \/>\n\t<meta property=\"og:image:type\" content=\"image\/jpeg\" \/>\n<meta name=\"author\" content=\"Joda J\" \/>\n<meta name=\"twitter:card\" content=\"summary_large_image\" \/>\n<meta name=\"twitter:label1\" content=\"\u00c9crit par\" \/>\n\t<meta name=\"twitter:data1\" content=\"Joda J\" \/>\n\t<meta name=\"twitter:label2\" content=\"Dur\u00e9e de lecture estim\u00e9e\" \/>\n\t<meta name=\"twitter:data2\" content=\"7 minutes\" \/>\n<script type=\"application\/ld+json\" class=\"yoast-schema-graph\">{\"@context\":\"https:\/\/schema.org\",\"@graph\":[{\"@type\":\"Article\",\"@id\":\"https:\/\/www.latitude-15.com\/fr\/fret-e-commerce-et-coordination-signaux-de-quito-pour-les-ecosystemes-aeroportuaires-damerique-latine\/#article\",\"isPartOf\":{\"@id\":\"https:\/\/www.latitude-15.com\/fr\/fret-e-commerce-et-coordination-signaux-de-quito-pour-les-ecosystemes-aeroportuaires-damerique-latine\/\"},\"author\":{\"name\":\"Joda J\",\"@id\":\"https:\/\/www.latitude-15.com\/fr\/#\/schema\/person\/dac52e7ff44c78317f337da112e37252\"},\"headline\":\"ACI LAC QUITO. Fret, e-commerce et coordination : signaux de Quito pour les \u00e9cosyst\u00e8mes a\u00e9roportuaires d\u2019Am\u00e9rique latine\",\"datePublished\":\"2026-04-24T18:20:01+00:00\",\"dateModified\":\"2026-04-27T13:53:37+00:00\",\"mainEntityOfPage\":{\"@id\":\"https:\/\/www.latitude-15.com\/fr\/fret-e-commerce-et-coordination-signaux-de-quito-pour-les-ecosystemes-aeroportuaires-damerique-latine\/\"},\"wordCount\":1445,\"commentCount\":0,\"publisher\":{\"@id\":\"https:\/\/www.latitude-15.com\/fr\/#organization\"},\"image\":{\"@id\":\"https:\/\/www.latitude-15.com\/fr\/fret-e-commerce-et-coordination-signaux-de-quito-pour-les-ecosystemes-aeroportuaires-damerique-latine\/#primaryimage\"},\"thumbnailUrl\":\"https:\/\/www.latitude-15.com\/wp-content\/uploads\/2026\/04\/55145518428_36bf22e892_c.jpg\",\"articleSection\":[\"A\u00e9roports et infrastructures\",\"AVIATION\"],\"inLanguage\":\"fr-FR\",\"potentialAction\":[{\"@type\":\"CommentAction\",\"name\":\"Comment\",\"target\":[\"https:\/\/www.latitude-15.com\/fr\/fret-e-commerce-et-coordination-signaux-de-quito-pour-les-ecosystemes-aeroportuaires-damerique-latine\/#respond\"]}]},{\"@type\":\"WebPage\",\"@id\":\"https:\/\/www.latitude-15.com\/fr\/fret-e-commerce-et-coordination-signaux-de-quito-pour-les-ecosystemes-aeroportuaires-damerique-latine\/\",\"url\":\"https:\/\/www.latitude-15.com\/fr\/fret-e-commerce-et-coordination-signaux-de-quito-pour-les-ecosystemes-aeroportuaires-damerique-latine\/\",\"name\":\"ACI LAC QUITO. Fret, e-commerce et coordination : signaux de Quito pour les \u00e9cosyst\u00e8mes a\u00e9roportuaires d\u2019Am\u00e9rique latine - LATITUDE 15\",\"isPartOf\":{\"@id\":\"https:\/\/www.latitude-15.com\/fr\/#website\"},\"primaryImageOfPage\":{\"@id\":\"https:\/\/www.latitude-15.com\/fr\/fret-e-commerce-et-coordination-signaux-de-quito-pour-les-ecosystemes-aeroportuaires-damerique-latine\/#primaryimage\"},\"image\":{\"@id\":\"https:\/\/www.latitude-15.com\/fr\/fret-e-commerce-et-coordination-signaux-de-quito-pour-les-ecosystemes-aeroportuaires-damerique-latine\/#primaryimage\"},\"thumbnailUrl\":\"https:\/\/www.latitude-15.com\/wp-content\/uploads\/2026\/04\/55145518428_36bf22e892_c.jpg\",\"datePublished\":\"2026-04-24T18:20:01+00:00\",\"dateModified\":\"2026-04-27T13:53:37+00:00\",\"description\":\"ACI Airport Day Quito : des leaders du secteur ont soulign\u00e9 comment le fret, l\u2019e-commerce et la coordination redessinent les \u00e9cosyst\u00e8mes a\u00e9roportuaires en Am\u00e9rique latine\",\"breadcrumb\":{\"@id\":\"https:\/\/www.latitude-15.com\/fr\/fret-e-commerce-et-coordination-signaux-de-quito-pour-les-ecosystemes-aeroportuaires-damerique-latine\/#breadcrumb\"},\"inLanguage\":\"fr-FR\",\"potentialAction\":[{\"@type\":\"ReadAction\",\"target\":[\"https:\/\/www.latitude-15.com\/fr\/fret-e-commerce-et-coordination-signaux-de-quito-pour-les-ecosystemes-aeroportuaires-damerique-latine\/\"]}]},{\"@type\":\"ImageObject\",\"inLanguage\":\"fr-FR\",\"@id\":\"https:\/\/www.latitude-15.com\/fr\/fret-e-commerce-et-coordination-signaux-de-quito-pour-les-ecosystemes-aeroportuaires-damerique-latine\/#primaryimage\",\"url\":\"https:\/\/www.latitude-15.com\/wp-content\/uploads\/2026\/04\/55145518428_36bf22e892_c.jpg\",\"contentUrl\":\"https:\/\/www.latitude-15.com\/wp-content\/uploads\/2026\/04\/55145518428_36bf22e892_c.jpg\",\"width\":799,\"height\":534},{\"@type\":\"BreadcrumbList\",\"@id\":\"https:\/\/www.latitude-15.com\/fr\/fret-e-commerce-et-coordination-signaux-de-quito-pour-les-ecosystemes-aeroportuaires-damerique-latine\/#breadcrumb\",\"itemListElement\":[{\"@type\":\"ListItem\",\"position\":1,\"name\":\"Home\",\"item\":\"https:\/\/www.latitude-15.com\/fr\/accueil\/\"},{\"@type\":\"ListItem\",\"position\":2,\"name\":\"ACI LAC QUITO. Fret, e-commerce et coordination : signaux de Quito pour les \u00e9cosyst\u00e8mes a\u00e9roportuaires d\u2019Am\u00e9rique latine\"}]},{\"@type\":\"WebSite\",\"@id\":\"https:\/\/www.latitude-15.com\/fr\/#website\",\"url\":\"https:\/\/www.latitude-15.com\/fr\/\",\"name\":\"LATITUDE 15\",\"description\":\"Aviation and maritime Magazine - Caribbean &amp; Latin America\",\"publisher\":{\"@id\":\"https:\/\/www.latitude-15.com\/fr\/#organization\"},\"potentialAction\":[{\"@type\":\"SearchAction\",\"target\":{\"@type\":\"EntryPoint\",\"urlTemplate\":\"https:\/\/www.latitude-15.com\/fr\/?s={search_term_string}\"},\"query-input\":{\"@type\":\"PropertyValueSpecification\",\"valueRequired\":true,\"valueName\":\"search_term_string\"}}],\"inLanguage\":\"fr-FR\"},{\"@type\":\"Organization\",\"@id\":\"https:\/\/www.latitude-15.com\/fr\/#organization\",\"name\":\"LATITUDE 15\",\"url\":\"https:\/\/www.latitude-15.com\/fr\/\",\"logo\":{\"@type\":\"ImageObject\",\"inLanguage\":\"fr-FR\",\"@id\":\"https:\/\/www.latitude-15.com\/fr\/#\/schema\/logo\/image\/\",\"url\":\"https:\/\/www.latitude-15.com\/wp-content\/uploads\/2026\/01\/cropped-logox500px.png\",\"contentUrl\":\"https:\/\/www.latitude-15.com\/wp-content\/uploads\/2026\/01\/cropped-logox500px.png\",\"width\":62,\"height\":75,\"caption\":\"LATITUDE 15\"},\"image\":{\"@id\":\"https:\/\/www.latitude-15.com\/fr\/#\/schema\/logo\/image\/\"}},{\"@type\":\"Person\",\"@id\":\"https:\/\/www.latitude-15.com\/fr\/#\/schema\/person\/dac52e7ff44c78317f337da112e37252\",\"name\":\"Joda J\",\"image\":{\"@type\":\"ImageObject\",\"inLanguage\":\"fr-FR\",\"@id\":\"https:\/\/www.latitude-15.com\/fr\/#\/schema\/person\/image\/\",\"url\":\"https:\/\/secure.gravatar.com\/avatar\/6b1feae555e15404b76616f92d931d12b25ac58024f14ccb43d9d3c012e4c4cf?s=96&d=mm&r=g\",\"contentUrl\":\"https:\/\/secure.gravatar.com\/avatar\/6b1feae555e15404b76616f92d931d12b25ac58024f14ccb43d9d3c012e4c4cf?s=96&d=mm&r=g\",\"caption\":\"Joda J\"},\"url\":\"https:\/\/www.latitude-15.com\/fr\/author\/joda\/\"}]}<\/script>\n<!-- \/ Yoast SEO plugin. -->","yoast_head_json":{"title":"ACI LAC QUITO. Fret, e-commerce et coordination : signaux de Quito pour les \u00e9cosyst\u00e8mes a\u00e9roportuaires d\u2019Am\u00e9rique latine - LATITUDE 15","description":"ACI Airport Day Quito : des leaders du secteur ont soulign\u00e9 comment le fret, l\u2019e-commerce et la coordination redessinent les \u00e9cosyst\u00e8mes a\u00e9roportuaires en Am\u00e9rique latine","robots":{"index":"index","follow":"follow","max-snippet":"max-snippet:-1","max-image-preview":"max-image-preview:large","max-video-preview":"max-video-preview:-1"},"canonical":"https:\/\/www.latitude-15.com\/fr\/fret-e-commerce-et-coordination-signaux-de-quito-pour-les-ecosystemes-aeroportuaires-damerique-latine\/","og_locale":"fr_FR","og_type":"article","og_title":"ACI LAC QUITO. Fret, e-commerce et coordination : signaux de Quito pour les \u00e9cosyst\u00e8mes a\u00e9roportuaires d\u2019Am\u00e9rique latine - LATITUDE 15","og_description":"ACI Airport Day Quito : des leaders du secteur ont soulign\u00e9 comment le fret, l\u2019e-commerce et la coordination redessinent les \u00e9cosyst\u00e8mes a\u00e9roportuaires en Am\u00e9rique latine","og_url":"https:\/\/www.latitude-15.com\/fr\/fret-e-commerce-et-coordination-signaux-de-quito-pour-les-ecosystemes-aeroportuaires-damerique-latine\/","og_site_name":"LATITUDE 15","article_published_time":"2026-04-24T18:20:01+00:00","article_modified_time":"2026-04-27T13:53:37+00:00","og_image":[{"width":799,"height":534,"url":"https:\/\/www.latitude-15.com\/wp-content\/uploads\/2026\/04\/55145518428_36bf22e892_c.jpg","type":"image\/jpeg"}],"author":"Joda J","twitter_card":"summary_large_image","twitter_misc":{"\u00c9crit par":"Joda J","Dur\u00e9e de lecture estim\u00e9e":"7 minutes"},"schema":{"@context":"https:\/\/schema.org","@graph":[{"@type":"Article","@id":"https:\/\/www.latitude-15.com\/fr\/fret-e-commerce-et-coordination-signaux-de-quito-pour-les-ecosystemes-aeroportuaires-damerique-latine\/#article","isPartOf":{"@id":"https:\/\/www.latitude-15.com\/fr\/fret-e-commerce-et-coordination-signaux-de-quito-pour-les-ecosystemes-aeroportuaires-damerique-latine\/"},"author":{"name":"Joda J","@id":"https:\/\/www.latitude-15.com\/fr\/#\/schema\/person\/dac52e7ff44c78317f337da112e37252"},"headline":"ACI LAC QUITO. Fret, e-commerce et coordination : signaux de Quito pour les \u00e9cosyst\u00e8mes a\u00e9roportuaires d\u2019Am\u00e9rique latine","datePublished":"2026-04-24T18:20:01+00:00","dateModified":"2026-04-27T13:53:37+00:00","mainEntityOfPage":{"@id":"https:\/\/www.latitude-15.com\/fr\/fret-e-commerce-et-coordination-signaux-de-quito-pour-les-ecosystemes-aeroportuaires-damerique-latine\/"},"wordCount":1445,"commentCount":0,"publisher":{"@id":"https:\/\/www.latitude-15.com\/fr\/#organization"},"image":{"@id":"https:\/\/www.latitude-15.com\/fr\/fret-e-commerce-et-coordination-signaux-de-quito-pour-les-ecosystemes-aeroportuaires-damerique-latine\/#primaryimage"},"thumbnailUrl":"https:\/\/www.latitude-15.com\/wp-content\/uploads\/2026\/04\/55145518428_36bf22e892_c.jpg","articleSection":["A\u00e9roports et infrastructures","AVIATION"],"inLanguage":"fr-FR","potentialAction":[{"@type":"CommentAction","name":"Comment","target":["https:\/\/www.latitude-15.com\/fr\/fret-e-commerce-et-coordination-signaux-de-quito-pour-les-ecosystemes-aeroportuaires-damerique-latine\/#respond"]}]},{"@type":"WebPage","@id":"https:\/\/www.latitude-15.com\/fr\/fret-e-commerce-et-coordination-signaux-de-quito-pour-les-ecosystemes-aeroportuaires-damerique-latine\/","url":"https:\/\/www.latitude-15.com\/fr\/fret-e-commerce-et-coordination-signaux-de-quito-pour-les-ecosystemes-aeroportuaires-damerique-latine\/","name":"ACI LAC QUITO. Fret, e-commerce et coordination : signaux de Quito pour les \u00e9cosyst\u00e8mes a\u00e9roportuaires d\u2019Am\u00e9rique latine - LATITUDE 15","isPartOf":{"@id":"https:\/\/www.latitude-15.com\/fr\/#website"},"primaryImageOfPage":{"@id":"https:\/\/www.latitude-15.com\/fr\/fret-e-commerce-et-coordination-signaux-de-quito-pour-les-ecosystemes-aeroportuaires-damerique-latine\/#primaryimage"},"image":{"@id":"https:\/\/www.latitude-15.com\/fr\/fret-e-commerce-et-coordination-signaux-de-quito-pour-les-ecosystemes-aeroportuaires-damerique-latine\/#primaryimage"},"thumbnailUrl":"https:\/\/www.latitude-15.com\/wp-content\/uploads\/2026\/04\/55145518428_36bf22e892_c.jpg","datePublished":"2026-04-24T18:20:01+00:00","dateModified":"2026-04-27T13:53:37+00:00","description":"ACI Airport Day Quito : des leaders du secteur ont soulign\u00e9 comment le fret, l\u2019e-commerce et la coordination redessinent les \u00e9cosyst\u00e8mes a\u00e9roportuaires en Am\u00e9rique latine","breadcrumb":{"@id":"https:\/\/www.latitude-15.com\/fr\/fret-e-commerce-et-coordination-signaux-de-quito-pour-les-ecosystemes-aeroportuaires-damerique-latine\/#breadcrumb"},"inLanguage":"fr-FR","potentialAction":[{"@type":"ReadAction","target":["https:\/\/www.latitude-15.com\/fr\/fret-e-commerce-et-coordination-signaux-de-quito-pour-les-ecosystemes-aeroportuaires-damerique-latine\/"]}]},{"@type":"ImageObject","inLanguage":"fr-FR","@id":"https:\/\/www.latitude-15.com\/fr\/fret-e-commerce-et-coordination-signaux-de-quito-pour-les-ecosystemes-aeroportuaires-damerique-latine\/#primaryimage","url":"https:\/\/www.latitude-15.com\/wp-content\/uploads\/2026\/04\/55145518428_36bf22e892_c.jpg","contentUrl":"https:\/\/www.latitude-15.com\/wp-content\/uploads\/2026\/04\/55145518428_36bf22e892_c.jpg","width":799,"height":534},{"@type":"BreadcrumbList","@id":"https:\/\/www.latitude-15.com\/fr\/fret-e-commerce-et-coordination-signaux-de-quito-pour-les-ecosystemes-aeroportuaires-damerique-latine\/#breadcrumb","itemListElement":[{"@type":"ListItem","position":1,"name":"Home","item":"https:\/\/www.latitude-15.com\/fr\/accueil\/"},{"@type":"ListItem","position":2,"name":"ACI LAC QUITO. Fret, e-commerce et coordination : signaux de Quito pour les \u00e9cosyst\u00e8mes a\u00e9roportuaires d\u2019Am\u00e9rique latine"}]},{"@type":"WebSite","@id":"https:\/\/www.latitude-15.com\/fr\/#website","url":"https:\/\/www.latitude-15.com\/fr\/","name":"LATITUDE 15","description":"Aviation and maritime Magazine - Caribbean &amp; Latin America","publisher":{"@id":"https:\/\/www.latitude-15.com\/fr\/#organization"},"potentialAction":[{"@type":"SearchAction","target":{"@type":"EntryPoint","urlTemplate":"https:\/\/www.latitude-15.com\/fr\/?s={search_term_string}"},"query-input":{"@type":"PropertyValueSpecification","valueRequired":true,"valueName":"search_term_string"}}],"inLanguage":"fr-FR"},{"@type":"Organization","@id":"https:\/\/www.latitude-15.com\/fr\/#organization","name":"LATITUDE 15","url":"https:\/\/www.latitude-15.com\/fr\/","logo":{"@type":"ImageObject","inLanguage":"fr-FR","@id":"https:\/\/www.latitude-15.com\/fr\/#\/schema\/logo\/image\/","url":"https:\/\/www.latitude-15.com\/wp-content\/uploads\/2026\/01\/cropped-logox500px.png","contentUrl":"https:\/\/www.latitude-15.com\/wp-content\/uploads\/2026\/01\/cropped-logox500px.png","width":62,"height":75,"caption":"LATITUDE 15"},"image":{"@id":"https:\/\/www.latitude-15.com\/fr\/#\/schema\/logo\/image\/"}},{"@type":"Person","@id":"https:\/\/www.latitude-15.com\/fr\/#\/schema\/person\/dac52e7ff44c78317f337da112e37252","name":"Joda J","image":{"@type":"ImageObject","inLanguage":"fr-FR","@id":"https:\/\/www.latitude-15.com\/fr\/#\/schema\/person\/image\/","url":"https:\/\/secure.gravatar.com\/avatar\/6b1feae555e15404b76616f92d931d12b25ac58024f14ccb43d9d3c012e4c4cf?s=96&d=mm&r=g","contentUrl":"https:\/\/secure.gravatar.com\/avatar\/6b1feae555e15404b76616f92d931d12b25ac58024f14ccb43d9d3c012e4c4cf?s=96&d=mm&r=g","caption":"Joda J"},"url":"https:\/\/www.latitude-15.com\/fr\/author\/joda\/"}]}},"_links":{"self":[{"href":"https:\/\/www.latitude-15.com\/fr\/wp-json\/wp\/v2\/posts\/23113","targetHints":{"allow":["GET"]}}],"collection":[{"href":"https:\/\/www.latitude-15.com\/fr\/wp-json\/wp\/v2\/posts"}],"about":[{"href":"https:\/\/www.latitude-15.com\/fr\/wp-json\/wp\/v2\/types\/post"}],"author":[{"embeddable":true,"href":"https:\/\/www.latitude-15.com\/fr\/wp-json\/wp\/v2\/users\/5"}],"replies":[{"embeddable":true,"href":"https:\/\/www.latitude-15.com\/fr\/wp-json\/wp\/v2\/comments?post=23113"}],"version-history":[{"count":3,"href":"https:\/\/www.latitude-15.com\/fr\/wp-json\/wp\/v2\/posts\/23113\/revisions"}],"predecessor-version":[{"id":23173,"href":"https:\/\/www.latitude-15.com\/fr\/wp-json\/wp\/v2\/posts\/23113\/revisions\/23173"}],"wp:featuredmedia":[{"embeddable":true,"href":"https:\/\/www.latitude-15.com\/fr\/wp-json\/wp\/v2\/media\/23107"}],"wp:attachment":[{"href":"https:\/\/www.latitude-15.com\/fr\/wp-json\/wp\/v2\/media?parent=23113"}],"wp:term":[{"taxonomy":"category","embeddable":true,"href":"https:\/\/www.latitude-15.com\/fr\/wp-json\/wp\/v2\/categories?post=23113"},{"taxonomy":"post_tag","embeddable":true,"href":"https:\/\/www.latitude-15.com\/fr\/wp-json\/wp\/v2\/tags?post=23113"}],"curies":[{"name":"wp","href":"https:\/\/api.w.org\/{rel}","templated":true}]}}