{"id":23104,"date":"2026-04-24T12:22:46","date_gmt":"2026-04-24T16:22:46","guid":{"rendered":"https:\/\/www.latitude-15.com\/du-papier-aux-donnees-ce-que-les-cadres-numeriques-du-fret-pourraient-changer-dans-les-operations-logistiques\/"},"modified":"2026-04-24T14:22:02","modified_gmt":"2026-04-24T18:22:02","slug":"du-papier-aux-donnees-ce-que-les-cadres-numeriques-du-fret-pourraient-changer-dans-les-operations-logistiques","status":"publish","type":"post","link":"https:\/\/www.latitude-15.com\/fr\/du-papier-aux-donnees-ce-que-les-cadres-numeriques-du-fret-pourraient-changer-dans-les-operations-logistiques\/","title":{"rendered":"Du papier aux donn\u00e9es : ce que les cadres num\u00e9riques du fret pourraient changer dans les op\u00e9rations logistiques"},"content":{"rendered":"\n<p>Dans toute l\u2019Am\u00e9rique latine et les Cara\u00efbes (ALC), les op\u00e9rations de fret continuent de reposer largement sur des processus papier, malgr\u00e9 les efforts continus pour moderniser les syst\u00e8mes logistiques. Des documents de transport aux contr\u00f4les administratifs, l\u2019information est souvent g\u00e9r\u00e9e via des flux de travail fragment\u00e9s qui limitent la visibilit\u00e9 et ralentissent les op\u00e9rations. <\/p>\n\n<p><a href=\"https:\/\/www.latitude-15.com\/fr\/fret-numerique-et-integration-regionale-ce-que-le-webinaire-lac-efti4all-revele-pour-le-paysage-logistique-regional\/\">Lors du webinaire LAC eFTI4ALL<\/a>, ces contraintes ont \u00e9t\u00e9 mises en \u00e9vidence dans le cadre d\u2019une discussion plus large sur la mani\u00e8re dont les donn\u00e9es pourraient remodeler les pratiques logistiques. Plut\u00f4t que de se concentrer uniquement sur l\u2019infrastructure, les \u00e9changes ont soulign\u00e9 le r\u00f4le des flux d\u2019informations dans l\u2019am\u00e9lioration de la coordination tout au long de la cha\u00eene d\u2019approvisionnement. <\/p>\n\n<p>Dans ce contexte, les cadres num\u00e9riques du fret tels que l\u2019eFTI soul\u00e8vent une question pratique : <em><strong>comment le passage du papier aux donn\u00e9es transforme-t-il r\u00e9ellement les op\u00e9rations logistiques ?<\/strong><\/em><\/p>\n\n<h2 class=\"wp-block-heading\">Un syst\u00e8me encore largement bas\u00e9 sur le papier<\/h2>\n\n<p>L\u2019un des points de d\u00e9part cl\u00e9s de la discussion r\u00e9side dans la structure actuelle des processus logistiques, qui restent largement ax\u00e9s sur les documents.<\/p>\n\n<p><strong>Sandra Casanova<\/strong> a not\u00e9 que <strong><em>\u00ab l\u2019information ne circule pas facilement \u00bb,<\/em><\/strong> soulignant les inefficacit\u00e9s persistantes dans la mani\u00e8re dont les donn\u00e9es sont \u00e9chang\u00e9es entre les parties prenantes. Dans de nombreux cas, la documentation de transport repose encore sur des formats physiques, n\u00e9cessitant une manipulation manuelle \u00e0 plusieurs \u00e9tapes de la cha\u00eene d\u2019approvisionnement. <\/p>\n\n<p>D\u2019un point de vue op\u00e9rationnel, cela se traduit par des contr\u00f4les administratifs r\u00e9p\u00e9t\u00e9s et des processus dupliqu\u00e9s. <strong><em>Victor Dolcemascolo<\/em><\/strong> a d\u00e9crit comment les autorit\u00e9s ont souvent besoin d\u2019acc\u00e9der aux documents de transport lors des inspections, un processus qui, dans sa forme actuelle, peut impliquer de multiples \u00e9tapes et des retards.<\/p>\n\n<p>Ensemble, ces \u00e9l\u00e9ments sugg\u00e8rent que les syst\u00e8mes logistiques continuent de d\u00e9pendre de flux de travail fragment\u00e9s et chronophages, limitant \u00e0 la fois l\u2019efficacit\u00e9 et la r\u00e9activit\u00e9.<\/p>\n\n<figure class=\"wp-block-image aligncenter size-full\"><img fetchpriority=\"high\" decoding=\"async\" width=\"632\" height=\"354\" src=\"https:\/\/www.latitude-15.com\/wp-content\/uploads\/2026\/04\/img21.jpg\" alt=\"\" class=\"wp-image-23075\" srcset=\"https:\/\/www.latitude-15.com\/wp-content\/uploads\/2026\/04\/img21.jpg 632w, https:\/\/www.latitude-15.com\/wp-content\/uploads\/2026\/04\/img21-300x168.jpg 300w\" sizes=\"(max-width: 632px) 100vw, 632px\" \/><\/figure>\n\n<h2 class=\"wp-block-heading\">Donn\u00e9es fragment\u00e9es, visibilit\u00e9 limit\u00e9e<\/h2>\n\n<p>Au-del\u00e0 de la d\u00e9pendance au papier, une autre contrainte structurelle mise en \u00e9vidence lors du webinaire concerne la fragmentation des donn\u00e9es.<\/p>\n\n<p>Sandra Casanova a soulign\u00e9 l\u2019absence de <strong><em>\u00ab statistiques et d\u2019un observatoire avec collecte et exploitation des donn\u00e9es \u00bb,<\/em><\/strong> soulignant le manque d\u2019informations structur\u00e9es dans l\u2019ensemble de l\u2019\u00e9cosyst\u00e8me logistique. Sans cadres de donn\u00e9es partag\u00e9s, les op\u00e9rateurs travaillent souvent avec des informations partielles ou diff\u00e9r\u00e9es, ce qui rend plus difficile la coordination efficace des flux. <\/p>\n\n<p>Ce manque de visibilit\u00e9 affecte \u00e9galement les op\u00e9rations industrielles. <strong>Charles Larcher<\/strong> a soulign\u00e9 l\u2019importance du suivi en temps r\u00e9el, notant que les entreprises ont besoin d\u2019une <strong><em>\u00ab visibilit\u00e9 totale sur le flux de marchandises en temps r\u00e9el \u00bb<\/em><\/strong> pour g\u00e9rer efficacement les cha\u00eenes d\u2019approvisionnement. En l\u2019absence d\u2019une telle visibilit\u00e9, les entreprises sont souvent contraintes de maintenir des niveaux de stocks plus \u00e9lev\u00e9s, ce qui peut augmenter les co\u00fbts et r\u00e9duire la flexibilit\u00e9. <\/p>\n\n<p>Ces contraintes indiquent que la fragmentation des donn\u00e9es n\u2019affecte pas seulement les processus administratifs \u2014 elle a un impact direct sur la performance op\u00e9rationnelle.<\/p>\n\n<h2 class=\"wp-block-heading\">Qu\u2019est-ce que l\u2019eFTI, concr\u00e8tement<\/h2>\n\n<p>Dans ce contexte, le cadre eFTI a \u00e9t\u00e9 pr\u00e9sent\u00e9 comme un moyen de structurer et de normaliser la mani\u00e8re dont les donn\u00e9es de fret sont \u00e9chang\u00e9es.<\/p>\n\n<p>Casanova a d\u00e9crit l\u2019eFTI comme <strong><em>\u00ab un langage commun de donn\u00e9es harmonis\u00e9es \u00bb,<\/em><\/strong> con\u00e7u pour permettre des <strong><em>\u00ab \u00e9changes s\u00e9curis\u00e9s entre les op\u00e9rateurs et les autorit\u00e9s publiques \u00bb.<\/em><\/strong> L\u2019objectif est de s\u2019\u00e9loigner des syst\u00e8mes isol\u00e9s pour tendre vers un cadre partag\u00e9 o\u00f9 l\u2019information peut circuler de mani\u00e8re plus fluide.<\/p>\n\n<p>D\u2019un point de vue technique, <strong>Heiti Mering<\/strong> a expliqu\u00e9 que le syst\u00e8me fonctionne comme <strong><em>\u00ab un r\u00e9seau distribu\u00e9 de services \u00bb,<\/em><\/strong> reliant les acteurs publics et priv\u00e9s via des passerelles standardis\u00e9es. Cette architecture permet de partager les donn\u00e9es sur diff\u00e9rentes plateformes tout en maintenant l\u2019interop\u00e9rabilit\u00e9 et la s\u00e9curit\u00e9. <\/p>\n\n<p><strong>Victor Dolcemascolo<\/strong> a apport\u00e9 un \u00e9clairage suppl\u00e9mentaire sur le fonctionnement pratique, d\u00e9crivant le r\u00f4le des points d\u2019acc\u00e8s nationaux, ou \u00ab <strong><em>portes<\/em><\/strong> \u00bb. Lorsqu\u2019une op\u00e9ration de transport fait l\u2019objet d\u2019un contr\u00f4le, <strong><em>\u00ab une demande est envoy\u00e9e au point d\u2019acc\u00e8s national, qui r\u00e9cup\u00e8re les donn\u00e9es pertinentes sur la plateforme appropri\u00e9e \u00bb,<\/em><\/strong> permettant aux autorit\u00e9s d\u2019acc\u00e9der aux documents en temps r\u00e9el. <\/p>\n\n<p>Dans l\u2019ensemble, ces \u00e9l\u00e9ments sugg\u00e8rent que l\u2019eFTI concerne moins une plateforme unique qu\u2019une infrastructure interconnect\u00e9e pour l\u2019\u00e9change de donn\u00e9es.<\/p>\n\n<h2 class=\"wp-block-heading\">Ce qui change pour les op\u00e9rations<\/h2>\n\n<p>La transition des processus papier vers l\u2019\u00e9change de donn\u00e9es num\u00e9riques a plusieurs implications op\u00e9rationnelles potentielles.<\/p>\n\n<p>Pour les autorit\u00e9s publiques, l\u2019acc\u00e8s aux informations de transport pourrait devenir plus rapide et plus direct, notamment lors des contr\u00f4les routiers ou douaniers. Comme l\u2019a expliqu\u00e9 Victor Dolcemascolo, <strong><em>\u00ab lorsqu\u2019un v\u00e9hicule est contr\u00f4l\u00e9, une demande est envoy\u00e9e au point d\u2019acc\u00e8s national, qui r\u00e9cup\u00e8re les donn\u00e9es pertinentes \u00bb,<\/em><\/strong> permettant aux autorit\u00e9s d\u2019acc\u00e9der aux documents en temps r\u00e9el. Cela pourrait r\u00e9duire le temps n\u00e9cessaire aux contr\u00f4les et limiter les goulots d\u2019\u00e9tranglement administratifs.  <\/p>\n\n<p>Pour les entreprises, la r\u00e9duction des processus papier pourrait limiter la saisie manuelle des donn\u00e9es et les risques d\u2019erreurs associ\u00e9s. Une meilleure tra\u00e7abilit\u00e9 peut \u00e9galement favoriser une meilleure planification et coordination tout au long de la cha\u00eene d\u2019approvisionnement. En ce sens, <em>Sandra Casanova<\/em> a soulign\u00e9 que l\u2019eFTI permet <strong><em>\u00ab des donn\u00e9es en temps r\u00e9el et la tra\u00e7abilit\u00e9 des flux \u00bb,<\/em><\/strong> sugg\u00e9rant un passage vers une prise de d\u00e9cision plus \u00e9clair\u00e9e.  <\/p>\n\n<p>\u00c0 un niveau plus large, un \u00e9change de donn\u00e9es plus coh\u00e9rent pourrait contribuer \u00e0 fluidifier les flux logistiques. En permettant aux parties prenantes d\u2019acc\u00e9der aux m\u00eames informations en temps r\u00e9el, les cadres num\u00e9riques peuvent aider \u00e0 r\u00e9duire les retards li\u00e9s \u00e0 la v\u00e9rification des documents et aux proc\u00e9dures administratives. <\/p>\n\n<p>Ces changements sont toutefois pr\u00e9sent\u00e9s comme des am\u00e9liorations graduelles plut\u00f4t que comme des transformations imm\u00e9diates.<\/p>\n\n<figure class=\"wp-block-image size-large\"><img decoding=\"async\" width=\"1024\" height=\"580\" data-src=\"https:\/\/www.latitude-15.com\/wp-content\/uploads\/2026\/04\/img13-1024x580.jpg\" alt=\"\" class=\"wp-image-23061 lazyload\" data-srcset=\"https:\/\/www.latitude-15.com\/wp-content\/uploads\/2026\/04\/img13-1024x580.jpg 1024w, https:\/\/www.latitude-15.com\/wp-content\/uploads\/2026\/04\/img13-300x170.jpg 300w, https:\/\/www.latitude-15.com\/wp-content\/uploads\/2026\/04\/img13-768x435.jpg 768w, https:\/\/www.latitude-15.com\/wp-content\/uploads\/2026\/04\/img13.jpg 1203w\" data-sizes=\"(max-width: 1024px) 100vw, 1024px\" src=\"data:image\/svg+xml;base64,PHN2ZyB3aWR0aD0iMSIgaGVpZ2h0PSIxIiB4bWxucz0iaHR0cDovL3d3dy53My5vcmcvMjAwMC9zdmciPjwvc3ZnPg==\" style=\"--smush-placeholder-width: 1024px; --smush-placeholder-aspect-ratio: 1024\/580;\" \/><\/figure>\n\n<h2 class=\"wp-block-heading\">De la logistique aux syst\u00e8mes pilot\u00e9s par les donn\u00e9es<\/h2>\n\n<p>Au-del\u00e0 des gains op\u00e9rationnels, les discussions pointent \u00e9galement vers un changement plus structurel dans l\u2019organisation des syst\u00e8mes logistiques.<\/p>\n\n<p>\u00c0 mesure que les donn\u00e9es deviennent centrales dans les op\u00e9rations, la logistique repose de plus en plus sur la capacit\u00e9 \u00e0 collecter, traiter et partager des informations entre de multiples acteurs. Dans ce contexte, les donn\u00e9es peuvent \u00eatre consid\u00e9r\u00e9es comme une couche sous-jacente qui soutient la coordination, la prise de d\u00e9cision et le suivi des performances. <\/p>\n\n<p>Cela pourrait progressivement faire passer la logistique de la gestion documentaire vers une coordination des donn\u00e9es en temps r\u00e9el, o\u00f9 les informations circulent en continu entre les op\u00e9rateurs, les autorit\u00e9s et les prestataires de services. En cons\u00e9quence, les processus logistiques pourraient devenir moins d\u00e9pendants de la manipulation de documents et plus orient\u00e9s vers une prise de d\u00e9cision bas\u00e9e sur les donn\u00e9es. <\/p>\n\n<h2 class=\"wp-block-heading\">Conditions d\u2019impact<\/h2>\n\n<p>Dans le m\u00eame temps, l\u2019impact potentiel des cadres num\u00e9riques du fret reste conditionnel.<\/p>\n\n<p>Leur efficacit\u00e9 d\u00e9pend de plusieurs facteurs, notamment le niveau d\u2019adoption par les parties prenantes, la capacit\u00e9 \u00e0 assurer l\u2019interop\u00e9rabilit\u00e9 entre les syst\u00e8mes et l\u2019\u00e9tablissement de normes partag\u00e9es. Sans alignement sur ces dimensions, les outils num\u00e9riques pourraient coexister avec les processus existants plut\u00f4t que de les remplacer totalement. <\/p>\n\n<p>Les discussions sugg\u00e8rent \u00e9galement que la coordination entre les acteurs publics et priv\u00e9s jouera un r\u00f4le critique dans la d\u00e9termination de l\u2019\u00e9volution de ces syst\u00e8mes. Comme pour d\u2019autres initiatives num\u00e9riques \u00e0 grande \u00e9chelle, la mise en \u0153uvre sera probablement progressive et in\u00e9gale selon les r\u00e9gions. <\/p>\n\n<h2 class=\"wp-block-heading\">Conclusion \u2013 Un changement graduel plut\u00f4t qu\u2019une rupture<\/h2>\n\n<p>Les discussions du webinaire LAC eFTI4ALL sugg\u00e8rent que les cadres num\u00e9riques du fret pourraient contribuer \u00e0 am\u00e9liorer les op\u00e9rations logistiques en renfor\u00e7ant l\u2019\u00e9change de donn\u00e9es, en r\u00e9duisant la complexit\u00e9 administrative et en favorisant une meilleure coordination.<\/p>\n\n<p>Dans le m\u00eame temps, la transition semble \u00eatre \u00e9volutive plut\u00f4t que disruptive. Bien que le passage du papier aux donn\u00e9es ouvre de nouvelles possibilit\u00e9s, son impact d\u00e9pend de l\u2019efficacit\u00e9 avec laquelle les syst\u00e8mes sont mis en \u0153uvre et adopt\u00e9s dans l\u2019ensemble de l\u2019\u00e9cosyst\u00e8me logistique. <\/p>\n\n<p>Dans ce contexte, les cadres num\u00e9riques du fret pointent vers un changement dans la gestion de la logistique \u2014 un changement o\u00f9 les donn\u00e9es deviennent une composante centrale des op\u00e9rations, mais o\u00f9 les progr\u00e8s restent \u00e9troitement li\u00e9s \u00e0 la dynamique plus large de coordination et de mise en \u0153uvre.<\/p>\n","protected":false},"excerpt":{"rendered":"<p>Dans toute l\u2019Am\u00e9rique latine et les Cara\u00efbes (ALC), les op\u00e9rations de fret continuent de reposer largement sur des processus papier, malgr\u00e9 les efforts continus pour moderniser les syst\u00e8mes logistiques. Des documents de transport aux contr\u00f4les administratifs, l\u2019information est souvent g\u00e9r\u00e9e via des flux de travail fragment\u00e9s qui limitent la visibilit\u00e9 et ralentissent les op\u00e9rations. Lors [&hellip;]<\/p>\n","protected":false},"author":5,"featured_media":23103,"comment_status":"open","ping_status":"closed","sticky":false,"template":"","format":"standard","meta":{"footnotes":""},"categories":[118,139],"tags":[],"class_list":["post-23104","post","type-post","status-publish","format-standard","has-post-thumbnail","hentry","category-maritime-fr","category-technologies-ports-intelligents"],"yoast_head":"<!-- This site is optimized with the Yoast SEO plugin v26.9 - https:\/\/yoast.com\/product\/yoast-seo-wordpress\/ -->\n<title>Du papier aux donn\u00e9es : ce que les cadres num\u00e9riques du fret pourraient changer dans les op\u00e9rations logistiques - LATITUDE 15<\/title>\n<meta name=\"description\" content=\"Comment les cadres num\u00e9riques du fret tels que l\u2019eFTI pourraient-ils am\u00e9liorer les op\u00e9rations logistiques et la visibilit\u00e9 de la cha\u00eene d\u2019approvisionnement ? Webinaire LAC eFTI4ALL\" \/>\n<meta name=\"robots\" content=\"index, follow, max-snippet:-1, max-image-preview:large, max-video-preview:-1\" \/>\n<link rel=\"canonical\" href=\"https:\/\/www.latitude-15.com\/fr\/du-papier-aux-donnees-ce-que-les-cadres-numeriques-du-fret-pourraient-changer-dans-les-operations-logistiques\/\" \/>\n<meta property=\"og:locale\" content=\"fr_FR\" \/>\n<meta property=\"og:type\" content=\"article\" \/>\n<meta property=\"og:title\" content=\"Du papier aux donn\u00e9es : ce que les cadres num\u00e9riques du fret pourraient changer dans les op\u00e9rations logistiques - LATITUDE 15\" \/>\n<meta property=\"og:description\" content=\"Comment les cadres num\u00e9riques du fret tels que l\u2019eFTI pourraient-ils am\u00e9liorer les op\u00e9rations logistiques et la visibilit\u00e9 de la cha\u00eene d\u2019approvisionnement ? Webinaire LAC eFTI4ALL\" \/>\n<meta property=\"og:url\" content=\"https:\/\/www.latitude-15.com\/fr\/du-papier-aux-donnees-ce-que-les-cadres-numeriques-du-fret-pourraient-changer-dans-les-operations-logistiques\/\" \/>\n<meta property=\"og:site_name\" content=\"LATITUDE 15\" \/>\n<meta property=\"article:published_time\" content=\"2026-04-24T16:22:46+00:00\" \/>\n<meta property=\"article:modified_time\" content=\"2026-04-24T18:22:02+00:00\" \/>\n<meta property=\"og:image\" content=\"https:\/\/www.latitude-15.com\/wp-content\/uploads\/2026\/04\/img716037-1024x683.png\" \/>\n\t<meta property=\"og:image:width\" content=\"1024\" \/>\n\t<meta property=\"og:image:height\" content=\"683\" \/>\n\t<meta property=\"og:image:type\" content=\"image\/png\" \/>\n<meta name=\"author\" content=\"Joda J\" \/>\n<meta name=\"twitter:card\" content=\"summary_large_image\" \/>\n<meta name=\"twitter:label1\" content=\"\u00c9crit par\" \/>\n\t<meta name=\"twitter:data1\" content=\"Joda J\" \/>\n\t<meta name=\"twitter:label2\" content=\"Dur\u00e9e de lecture estim\u00e9e\" \/>\n\t<meta name=\"twitter:data2\" content=\"8 minutes\" \/>\n<script type=\"application\/ld+json\" class=\"yoast-schema-graph\">{\"@context\":\"https:\/\/schema.org\",\"@graph\":[{\"@type\":\"Article\",\"@id\":\"https:\/\/www.latitude-15.com\/fr\/du-papier-aux-donnees-ce-que-les-cadres-numeriques-du-fret-pourraient-changer-dans-les-operations-logistiques\/#article\",\"isPartOf\":{\"@id\":\"https:\/\/www.latitude-15.com\/fr\/du-papier-aux-donnees-ce-que-les-cadres-numeriques-du-fret-pourraient-changer-dans-les-operations-logistiques\/\"},\"author\":{\"name\":\"Joda J\",\"@id\":\"https:\/\/www.latitude-15.com\/fr\/#\/schema\/person\/dac52e7ff44c78317f337da112e37252\"},\"headline\":\"Du papier aux donn\u00e9es : ce que les cadres num\u00e9riques du fret pourraient changer dans les op\u00e9rations logistiques\",\"datePublished\":\"2026-04-24T16:22:46+00:00\",\"dateModified\":\"2026-04-24T18:22:02+00:00\",\"mainEntityOfPage\":{\"@id\":\"https:\/\/www.latitude-15.com\/fr\/du-papier-aux-donnees-ce-que-les-cadres-numeriques-du-fret-pourraient-changer-dans-les-operations-logistiques\/\"},\"wordCount\":1562,\"commentCount\":0,\"publisher\":{\"@id\":\"https:\/\/www.latitude-15.com\/fr\/#organization\"},\"image\":{\"@id\":\"https:\/\/www.latitude-15.com\/fr\/du-papier-aux-donnees-ce-que-les-cadres-numeriques-du-fret-pourraient-changer-dans-les-operations-logistiques\/#primaryimage\"},\"thumbnailUrl\":\"https:\/\/www.latitude-15.com\/wp-content\/uploads\/2026\/04\/img716037.png\",\"articleSection\":[\"MARITIME\",\"Technologies &amp; ports intelligents\"],\"inLanguage\":\"fr-FR\",\"potentialAction\":[{\"@type\":\"CommentAction\",\"name\":\"Comment\",\"target\":[\"https:\/\/www.latitude-15.com\/fr\/du-papier-aux-donnees-ce-que-les-cadres-numeriques-du-fret-pourraient-changer-dans-les-operations-logistiques\/#respond\"]}]},{\"@type\":\"WebPage\",\"@id\":\"https:\/\/www.latitude-15.com\/fr\/du-papier-aux-donnees-ce-que-les-cadres-numeriques-du-fret-pourraient-changer-dans-les-operations-logistiques\/\",\"url\":\"https:\/\/www.latitude-15.com\/fr\/du-papier-aux-donnees-ce-que-les-cadres-numeriques-du-fret-pourraient-changer-dans-les-operations-logistiques\/\",\"name\":\"Du papier aux donn\u00e9es : ce que les cadres num\u00e9riques du fret pourraient changer dans les op\u00e9rations logistiques - LATITUDE 15\",\"isPartOf\":{\"@id\":\"https:\/\/www.latitude-15.com\/fr\/#website\"},\"primaryImageOfPage\":{\"@id\":\"https:\/\/www.latitude-15.com\/fr\/du-papier-aux-donnees-ce-que-les-cadres-numeriques-du-fret-pourraient-changer-dans-les-operations-logistiques\/#primaryimage\"},\"image\":{\"@id\":\"https:\/\/www.latitude-15.com\/fr\/du-papier-aux-donnees-ce-que-les-cadres-numeriques-du-fret-pourraient-changer-dans-les-operations-logistiques\/#primaryimage\"},\"thumbnailUrl\":\"https:\/\/www.latitude-15.com\/wp-content\/uploads\/2026\/04\/img716037.png\",\"datePublished\":\"2026-04-24T16:22:46+00:00\",\"dateModified\":\"2026-04-24T18:22:02+00:00\",\"description\":\"Comment les cadres num\u00e9riques du fret tels que l\u2019eFTI pourraient-ils am\u00e9liorer les op\u00e9rations logistiques et la visibilit\u00e9 de la cha\u00eene d\u2019approvisionnement ? Webinaire LAC eFTI4ALL\",\"breadcrumb\":{\"@id\":\"https:\/\/www.latitude-15.com\/fr\/du-papier-aux-donnees-ce-que-les-cadres-numeriques-du-fret-pourraient-changer-dans-les-operations-logistiques\/#breadcrumb\"},\"inLanguage\":\"fr-FR\",\"potentialAction\":[{\"@type\":\"ReadAction\",\"target\":[\"https:\/\/www.latitude-15.com\/fr\/du-papier-aux-donnees-ce-que-les-cadres-numeriques-du-fret-pourraient-changer-dans-les-operations-logistiques\/\"]}]},{\"@type\":\"ImageObject\",\"inLanguage\":\"fr-FR\",\"@id\":\"https:\/\/www.latitude-15.com\/fr\/du-papier-aux-donnees-ce-que-les-cadres-numeriques-du-fret-pourraient-changer-dans-les-operations-logistiques\/#primaryimage\",\"url\":\"https:\/\/www.latitude-15.com\/wp-content\/uploads\/2026\/04\/img716037.png\",\"contentUrl\":\"https:\/\/www.latitude-15.com\/wp-content\/uploads\/2026\/04\/img716037.png\",\"width\":1536,\"height\":1024},{\"@type\":\"BreadcrumbList\",\"@id\":\"https:\/\/www.latitude-15.com\/fr\/du-papier-aux-donnees-ce-que-les-cadres-numeriques-du-fret-pourraient-changer-dans-les-operations-logistiques\/#breadcrumb\",\"itemListElement\":[{\"@type\":\"ListItem\",\"position\":1,\"name\":\"Home\",\"item\":\"https:\/\/www.latitude-15.com\/fr\/accueil\/\"},{\"@type\":\"ListItem\",\"position\":2,\"name\":\"Du papier aux donn\u00e9es : ce que les cadres num\u00e9riques du fret pourraient changer dans les op\u00e9rations logistiques\"}]},{\"@type\":\"WebSite\",\"@id\":\"https:\/\/www.latitude-15.com\/fr\/#website\",\"url\":\"https:\/\/www.latitude-15.com\/fr\/\",\"name\":\"LATITUDE 15\",\"description\":\"Aviation and maritime Magazine - Caribbean &amp; Latin America\",\"publisher\":{\"@id\":\"https:\/\/www.latitude-15.com\/fr\/#organization\"},\"potentialAction\":[{\"@type\":\"SearchAction\",\"target\":{\"@type\":\"EntryPoint\",\"urlTemplate\":\"https:\/\/www.latitude-15.com\/fr\/?s={search_term_string}\"},\"query-input\":{\"@type\":\"PropertyValueSpecification\",\"valueRequired\":true,\"valueName\":\"search_term_string\"}}],\"inLanguage\":\"fr-FR\"},{\"@type\":\"Organization\",\"@id\":\"https:\/\/www.latitude-15.com\/fr\/#organization\",\"name\":\"LATITUDE 15\",\"url\":\"https:\/\/www.latitude-15.com\/fr\/\",\"logo\":{\"@type\":\"ImageObject\",\"inLanguage\":\"fr-FR\",\"@id\":\"https:\/\/www.latitude-15.com\/fr\/#\/schema\/logo\/image\/\",\"url\":\"https:\/\/www.latitude-15.com\/wp-content\/uploads\/2026\/01\/cropped-logox500px.png\",\"contentUrl\":\"https:\/\/www.latitude-15.com\/wp-content\/uploads\/2026\/01\/cropped-logox500px.png\",\"width\":62,\"height\":75,\"caption\":\"LATITUDE 15\"},\"image\":{\"@id\":\"https:\/\/www.latitude-15.com\/fr\/#\/schema\/logo\/image\/\"}},{\"@type\":\"Person\",\"@id\":\"https:\/\/www.latitude-15.com\/fr\/#\/schema\/person\/dac52e7ff44c78317f337da112e37252\",\"name\":\"Joda J\",\"image\":{\"@type\":\"ImageObject\",\"inLanguage\":\"fr-FR\",\"@id\":\"https:\/\/www.latitude-15.com\/fr\/#\/schema\/person\/image\/\",\"url\":\"https:\/\/secure.gravatar.com\/avatar\/6b1feae555e15404b76616f92d931d12b25ac58024f14ccb43d9d3c012e4c4cf?s=96&d=mm&r=g\",\"contentUrl\":\"https:\/\/secure.gravatar.com\/avatar\/6b1feae555e15404b76616f92d931d12b25ac58024f14ccb43d9d3c012e4c4cf?s=96&d=mm&r=g\",\"caption\":\"Joda J\"},\"url\":\"https:\/\/www.latitude-15.com\/fr\/author\/joda\/\"}]}<\/script>\n<!-- \/ Yoast SEO plugin. -->","yoast_head_json":{"title":"Du papier aux donn\u00e9es : ce que les cadres num\u00e9riques du fret pourraient changer dans les op\u00e9rations logistiques - LATITUDE 15","description":"Comment les cadres num\u00e9riques du fret tels que l\u2019eFTI pourraient-ils am\u00e9liorer les op\u00e9rations logistiques et la visibilit\u00e9 de la cha\u00eene d\u2019approvisionnement ? Webinaire LAC eFTI4ALL","robots":{"index":"index","follow":"follow","max-snippet":"max-snippet:-1","max-image-preview":"max-image-preview:large","max-video-preview":"max-video-preview:-1"},"canonical":"https:\/\/www.latitude-15.com\/fr\/du-papier-aux-donnees-ce-que-les-cadres-numeriques-du-fret-pourraient-changer-dans-les-operations-logistiques\/","og_locale":"fr_FR","og_type":"article","og_title":"Du papier aux donn\u00e9es : ce que les cadres num\u00e9riques du fret pourraient changer dans les op\u00e9rations logistiques - LATITUDE 15","og_description":"Comment les cadres num\u00e9riques du fret tels que l\u2019eFTI pourraient-ils am\u00e9liorer les op\u00e9rations logistiques et la visibilit\u00e9 de la cha\u00eene d\u2019approvisionnement ? Webinaire LAC eFTI4ALL","og_url":"https:\/\/www.latitude-15.com\/fr\/du-papier-aux-donnees-ce-que-les-cadres-numeriques-du-fret-pourraient-changer-dans-les-operations-logistiques\/","og_site_name":"LATITUDE 15","article_published_time":"2026-04-24T16:22:46+00:00","article_modified_time":"2026-04-24T18:22:02+00:00","og_image":[{"width":1024,"height":683,"url":"https:\/\/www.latitude-15.com\/wp-content\/uploads\/2026\/04\/img716037-1024x683.png","type":"image\/png"}],"author":"Joda J","twitter_card":"summary_large_image","twitter_misc":{"\u00c9crit par":"Joda J","Dur\u00e9e de lecture estim\u00e9e":"8 minutes"},"schema":{"@context":"https:\/\/schema.org","@graph":[{"@type":"Article","@id":"https:\/\/www.latitude-15.com\/fr\/du-papier-aux-donnees-ce-que-les-cadres-numeriques-du-fret-pourraient-changer-dans-les-operations-logistiques\/#article","isPartOf":{"@id":"https:\/\/www.latitude-15.com\/fr\/du-papier-aux-donnees-ce-que-les-cadres-numeriques-du-fret-pourraient-changer-dans-les-operations-logistiques\/"},"author":{"name":"Joda J","@id":"https:\/\/www.latitude-15.com\/fr\/#\/schema\/person\/dac52e7ff44c78317f337da112e37252"},"headline":"Du papier aux donn\u00e9es : ce que les cadres num\u00e9riques du fret pourraient changer dans les op\u00e9rations logistiques","datePublished":"2026-04-24T16:22:46+00:00","dateModified":"2026-04-24T18:22:02+00:00","mainEntityOfPage":{"@id":"https:\/\/www.latitude-15.com\/fr\/du-papier-aux-donnees-ce-que-les-cadres-numeriques-du-fret-pourraient-changer-dans-les-operations-logistiques\/"},"wordCount":1562,"commentCount":0,"publisher":{"@id":"https:\/\/www.latitude-15.com\/fr\/#organization"},"image":{"@id":"https:\/\/www.latitude-15.com\/fr\/du-papier-aux-donnees-ce-que-les-cadres-numeriques-du-fret-pourraient-changer-dans-les-operations-logistiques\/#primaryimage"},"thumbnailUrl":"https:\/\/www.latitude-15.com\/wp-content\/uploads\/2026\/04\/img716037.png","articleSection":["MARITIME","Technologies &amp; ports intelligents"],"inLanguage":"fr-FR","potentialAction":[{"@type":"CommentAction","name":"Comment","target":["https:\/\/www.latitude-15.com\/fr\/du-papier-aux-donnees-ce-que-les-cadres-numeriques-du-fret-pourraient-changer-dans-les-operations-logistiques\/#respond"]}]},{"@type":"WebPage","@id":"https:\/\/www.latitude-15.com\/fr\/du-papier-aux-donnees-ce-que-les-cadres-numeriques-du-fret-pourraient-changer-dans-les-operations-logistiques\/","url":"https:\/\/www.latitude-15.com\/fr\/du-papier-aux-donnees-ce-que-les-cadres-numeriques-du-fret-pourraient-changer-dans-les-operations-logistiques\/","name":"Du papier aux donn\u00e9es : ce que les cadres num\u00e9riques du fret pourraient changer dans les op\u00e9rations logistiques - LATITUDE 15","isPartOf":{"@id":"https:\/\/www.latitude-15.com\/fr\/#website"},"primaryImageOfPage":{"@id":"https:\/\/www.latitude-15.com\/fr\/du-papier-aux-donnees-ce-que-les-cadres-numeriques-du-fret-pourraient-changer-dans-les-operations-logistiques\/#primaryimage"},"image":{"@id":"https:\/\/www.latitude-15.com\/fr\/du-papier-aux-donnees-ce-que-les-cadres-numeriques-du-fret-pourraient-changer-dans-les-operations-logistiques\/#primaryimage"},"thumbnailUrl":"https:\/\/www.latitude-15.com\/wp-content\/uploads\/2026\/04\/img716037.png","datePublished":"2026-04-24T16:22:46+00:00","dateModified":"2026-04-24T18:22:02+00:00","description":"Comment les cadres num\u00e9riques du fret tels que l\u2019eFTI pourraient-ils am\u00e9liorer les op\u00e9rations logistiques et la visibilit\u00e9 de la cha\u00eene d\u2019approvisionnement ? Webinaire LAC eFTI4ALL","breadcrumb":{"@id":"https:\/\/www.latitude-15.com\/fr\/du-papier-aux-donnees-ce-que-les-cadres-numeriques-du-fret-pourraient-changer-dans-les-operations-logistiques\/#breadcrumb"},"inLanguage":"fr-FR","potentialAction":[{"@type":"ReadAction","target":["https:\/\/www.latitude-15.com\/fr\/du-papier-aux-donnees-ce-que-les-cadres-numeriques-du-fret-pourraient-changer-dans-les-operations-logistiques\/"]}]},{"@type":"ImageObject","inLanguage":"fr-FR","@id":"https:\/\/www.latitude-15.com\/fr\/du-papier-aux-donnees-ce-que-les-cadres-numeriques-du-fret-pourraient-changer-dans-les-operations-logistiques\/#primaryimage","url":"https:\/\/www.latitude-15.com\/wp-content\/uploads\/2026\/04\/img716037.png","contentUrl":"https:\/\/www.latitude-15.com\/wp-content\/uploads\/2026\/04\/img716037.png","width":1536,"height":1024},{"@type":"BreadcrumbList","@id":"https:\/\/www.latitude-15.com\/fr\/du-papier-aux-donnees-ce-que-les-cadres-numeriques-du-fret-pourraient-changer-dans-les-operations-logistiques\/#breadcrumb","itemListElement":[{"@type":"ListItem","position":1,"name":"Home","item":"https:\/\/www.latitude-15.com\/fr\/accueil\/"},{"@type":"ListItem","position":2,"name":"Du papier aux donn\u00e9es : ce que les cadres num\u00e9riques du fret pourraient changer dans les op\u00e9rations logistiques"}]},{"@type":"WebSite","@id":"https:\/\/www.latitude-15.com\/fr\/#website","url":"https:\/\/www.latitude-15.com\/fr\/","name":"LATITUDE 15","description":"Aviation and maritime Magazine - Caribbean &amp; Latin America","publisher":{"@id":"https:\/\/www.latitude-15.com\/fr\/#organization"},"potentialAction":[{"@type":"SearchAction","target":{"@type":"EntryPoint","urlTemplate":"https:\/\/www.latitude-15.com\/fr\/?s={search_term_string}"},"query-input":{"@type":"PropertyValueSpecification","valueRequired":true,"valueName":"search_term_string"}}],"inLanguage":"fr-FR"},{"@type":"Organization","@id":"https:\/\/www.latitude-15.com\/fr\/#organization","name":"LATITUDE 15","url":"https:\/\/www.latitude-15.com\/fr\/","logo":{"@type":"ImageObject","inLanguage":"fr-FR","@id":"https:\/\/www.latitude-15.com\/fr\/#\/schema\/logo\/image\/","url":"https:\/\/www.latitude-15.com\/wp-content\/uploads\/2026\/01\/cropped-logox500px.png","contentUrl":"https:\/\/www.latitude-15.com\/wp-content\/uploads\/2026\/01\/cropped-logox500px.png","width":62,"height":75,"caption":"LATITUDE 15"},"image":{"@id":"https:\/\/www.latitude-15.com\/fr\/#\/schema\/logo\/image\/"}},{"@type":"Person","@id":"https:\/\/www.latitude-15.com\/fr\/#\/schema\/person\/dac52e7ff44c78317f337da112e37252","name":"Joda J","image":{"@type":"ImageObject","inLanguage":"fr-FR","@id":"https:\/\/www.latitude-15.com\/fr\/#\/schema\/person\/image\/","url":"https:\/\/secure.gravatar.com\/avatar\/6b1feae555e15404b76616f92d931d12b25ac58024f14ccb43d9d3c012e4c4cf?s=96&d=mm&r=g","contentUrl":"https:\/\/secure.gravatar.com\/avatar\/6b1feae555e15404b76616f92d931d12b25ac58024f14ccb43d9d3c012e4c4cf?s=96&d=mm&r=g","caption":"Joda J"},"url":"https:\/\/www.latitude-15.com\/fr\/author\/joda\/"}]}},"_links":{"self":[{"href":"https:\/\/www.latitude-15.com\/fr\/wp-json\/wp\/v2\/posts\/23104","targetHints":{"allow":["GET"]}}],"collection":[{"href":"https:\/\/www.latitude-15.com\/fr\/wp-json\/wp\/v2\/posts"}],"about":[{"href":"https:\/\/www.latitude-15.com\/fr\/wp-json\/wp\/v2\/types\/post"}],"author":[{"embeddable":true,"href":"https:\/\/www.latitude-15.com\/fr\/wp-json\/wp\/v2\/users\/5"}],"replies":[{"embeddable":true,"href":"https:\/\/www.latitude-15.com\/fr\/wp-json\/wp\/v2\/comments?post=23104"}],"version-history":[{"count":1,"href":"https:\/\/www.latitude-15.com\/fr\/wp-json\/wp\/v2\/posts\/23104\/revisions"}],"predecessor-version":[{"id":23106,"href":"https:\/\/www.latitude-15.com\/fr\/wp-json\/wp\/v2\/posts\/23104\/revisions\/23106"}],"wp:featuredmedia":[{"embeddable":true,"href":"https:\/\/www.latitude-15.com\/fr\/wp-json\/wp\/v2\/media\/23103"}],"wp:attachment":[{"href":"https:\/\/www.latitude-15.com\/fr\/wp-json\/wp\/v2\/media?parent=23104"}],"wp:term":[{"taxonomy":"category","embeddable":true,"href":"https:\/\/www.latitude-15.com\/fr\/wp-json\/wp\/v2\/categories?post=23104"},{"taxonomy":"post_tag","embeddable":true,"href":"https:\/\/www.latitude-15.com\/fr\/wp-json\/wp\/v2\/tags?post=23104"}],"curies":[{"name":"wp","href":"https:\/\/api.w.org\/{rel}","templated":true}]}}