{"id":22996,"date":"2026-04-23T11:21:29","date_gmt":"2026-04-23T15:21:29","guid":{"rendered":"https:\/\/www.latitude-15.com\/les-cadres-de-donnees-numeriques-peuvent-ils-favoriser-une-integration-logistique-plus-poussee-dans-la-region\/"},"modified":"2026-04-24T11:14:16","modified_gmt":"2026-04-24T15:14:16","slug":"les-cadres-de-donnees-numeriques-peuvent-ils-favoriser-une-integration-logistique-plus-poussee-dans-la-region","status":"publish","type":"post","link":"https:\/\/www.latitude-15.com\/fr\/les-cadres-de-donnees-numeriques-peuvent-ils-favoriser-une-integration-logistique-plus-poussee-dans-la-region\/","title":{"rendered":"Les cadres de donn\u00e9es num\u00e9riques peuvent-ils favoriser une int\u00e9gration logistique plus pouss\u00e9e dans la r\u00e9gion ?"},"content":{"rendered":"\n<p>Alors que les cha\u00eenes d\u2019approvisionnement mondiales continuent de s\u2019\u00e9tendre et de se digitaliser, les syst\u00e8mes logistiques en Am\u00e9rique latine et dans la Cara\u00efbe (LAC) restent in\u00e9galement connect\u00e9s \u00e0 l\u2019\u00e9chelle r\u00e9gionale.<strong><em><a href=\"https:\/\/www.latitude-15.com\/fr\/fret-numerique-et-integration-regionale-ce-que-le-webinaire-lac-efti4all-revele-pour-le-paysage-logistique-regional\/\"> Les discussions men\u00e9es lors du webinaire LAC eFTI4ALL<\/a><\/em><\/strong> ont mis en \u00e9vidence un d\u00e9fi r\u00e9current : malgr\u00e9 de fortes connexions internationales, l\u2019int\u00e9gration intra-r\u00e9gionale demeure limit\u00e9e, tant en termes de flux physiques que d\u2019\u00e9changes de donn\u00e9es.<\/p>\n\n<p>Dans ce contexte, l\u2019\u00e9mergence de cadres num\u00e9riques de fret tels que l\u2019eFTI soul\u00e8ve une question plus large : des syst\u00e8mes de donn\u00e9es standardis\u00e9s peuvent-ils contribuer \u00e0 combler ces lacunes et \u00e0 soutenir une logistique plus coordonn\u00e9e \u00e0 l\u2019\u00e9chelle r\u00e9gionale ?<\/p>\n\n<h2 class=\"wp-block-heading\">Une r\u00e9gion connect\u00e9e au monde, mais fragment\u00e9e en interne<\/h2>\n\n<p>L\u2019un des constats les plus marquants de la session r\u00e9side dans cette contradiction structurelle : la r\u00e9gion est fortement connect\u00e9e aux flux commerciaux mondiaux, mais reste faiblement int\u00e9gr\u00e9e \u00e0 l\u2019int\u00e9rieur de sa propre g\u00e9ographie.<\/p>\n\n<p>Serge Letchimy a illustr\u00e9 ce d\u00e9s\u00e9quilibre de mani\u00e8re concr\u00e8te, en soulignant que \u00ab nous importons beaucoup \u00bb, tandis que \u00ab 9 conteneurs sur 10 repartent vides ou \u00e0 moiti\u00e9 vides \u00bb. Au-del\u00e0 de l\u2019inefficacit\u00e9, cela r\u00e9v\u00e8le un syst\u00e8me logistique principalement structur\u00e9 autour des cha\u00eenes d\u2019approvisionnement externes plut\u00f4t que de la circulation r\u00e9gionale.<\/p>\n\n<p>Il a \u00e9galement indiqu\u00e9 que les mod\u00e8les actuels \u00ab n\u2019ont pas \u00e9t\u00e9 con\u00e7us pour organiser les march\u00e9s r\u00e9gionaux \u00bb, renfor\u00e7ant une dynamique o\u00f9 la r\u00e9gion fonctionne davantage comme un espace de transit que comme un espace cr\u00e9ateur de valeur. Dans ce contexte, la connectivit\u00e9 mondiale ne se traduit pas n\u00e9cessairement par une coh\u00e9sion r\u00e9gionale. <\/p>\n\n<h2 class=\"wp-block-heading\">Au-del\u00e0 des infrastructures : le d\u00e9fi de la coordination<\/h2>\n\n<p>Si les infrastructures sont souvent consid\u00e9r\u00e9es comme le principal frein, les \u00e9changes sugg\u00e8rent une r\u00e9alit\u00e9 plus complexe.<\/p>\n\n<p>Serge Letchimy a pr\u00e9sent\u00e9 la logistique comme un syst\u00e8me global qui d\u00e9passe les flux physiques, englobant l\u2019information, la coordination et les processus de d\u00e9cision. Sans alignement entre ces diff\u00e9rentes dimensions, les am\u00e9liorations des infrastructures pourraient avoir un impact limit\u00e9. <\/p>\n\n<p>Sandra Casanova a apport\u00e9 une vision plus op\u00e9rationnelle, en observant que \u00ab l\u2019information ne circule pas facilement \u00bb et que les syst\u00e8mes restent insuffisamment connect\u00e9s. Elle a \u00e9voqu\u00e9 des \u00ab contr\u00f4les redondants \u00bb li\u00e9s \u00e0 un manque d\u2019interop\u00e9rabilit\u00e9, y compris entre des territoires \u00e9troitement li\u00e9s. <\/p>\n\n<p>Dans les faits, cela se traduit par des syst\u00e8mes parall\u00e8les fonctionnant c\u00f4te \u00e0 c\u00f4te, plut\u00f4t qu\u2019au sein d\u2019un cadre r\u00e9gional unifi\u00e9. L\u2019enjeu ne r\u00e9side donc pas uniquement dans l\u2019efficacit\u00e9 des flux de marchandises, mais aussi dans la capacit\u00e9 des acteurs \u00e0 op\u00e9rer au sein d\u2019un syst\u00e8me partag\u00e9. <\/p>\n\n<figure class=\"wp-block-image size-large\"><img fetchpriority=\"high\" decoding=\"async\" width=\"1024\" height=\"582\" src=\"https:\/\/www.latitude-15.com\/wp-content\/uploads\/2026\/04\/img10-1024x582.jpg\" alt=\"\" class=\"wp-image-23059\" srcset=\"https:\/\/www.latitude-15.com\/wp-content\/uploads\/2026\/04\/img10-1024x582.jpg 1024w, https:\/\/www.latitude-15.com\/wp-content\/uploads\/2026\/04\/img10-300x170.jpg 300w, https:\/\/www.latitude-15.com\/wp-content\/uploads\/2026\/04\/img10-768x436.jpg 768w, https:\/\/www.latitude-15.com\/wp-content\/uploads\/2026\/04\/img10.jpg 1237w\" sizes=\"(max-width: 1024px) 100vw, 1024px\" \/><\/figure>\n\n<h2 class=\"wp-block-heading\">La donn\u00e9e, maillon manquant de l\u2019int\u00e9gration r\u00e9gionale<\/h2>\n\n<p>Au fil des interventions, un \u00e9l\u00e9ment appara\u00eet de mani\u00e8re r\u00e9currente comme un manque : la donn\u00e9e.<\/p>\n\n<p>Sandra Casanova a soulign\u00e9 l\u2019absence d\u2019information structur\u00e9e, en mentionnant le manque <strong><strong><em>\u00ab de statistiques et d\u2019un observatoire permettant la collecte et l\u2019exploitation des donn\u00e9es \u00bb. <\/em><\/strong><\/strong>Cette lacune r\u00e9duit la visibilit\u00e9 sur les cha\u00eenes d\u2019approvisionnement et limite les capacit\u00e9s de planification et de coordination.<\/p>\n\n<p>En l\u2019absence de standards communs ou de donn\u00e9es en temps r\u00e9el, les op\u00e9rateurs \u00e9voluent dans des environnements informationnels fragment\u00e9s, rendant plus difficile l\u2019anticipation des perturbations et l\u2019optimisation des flux. Dans ce sens, la donn\u00e9e ne se contente pas de soutenir la logistique \u2014 elle en conditionne l\u2019efficacit\u00e9. <\/p>\n\n<p>Cela sugg\u00e8re que l\u2019int\u00e9gration r\u00e9gionale d\u00e9pend non seulement des infrastructures et des politiques publiques, mais aussi de la capacit\u00e9 \u00e0 construire une couche de donn\u00e9es partag\u00e9e \u00e0 l\u2019\u00e9chelle de l\u2019\u00e9cosyst\u00e8me.<\/p>\n\n<h2 class=\"wp-block-heading\">L\u2019eFTI comme levier potentiel, et non comme solution<\/h2>\n\n<p>Dans ce contexte, le cadre eFTI a \u00e9t\u00e9 pr\u00e9sent\u00e9 comme une \u00e9tape possible vers une meilleure coordination.<\/p>\n\n<p>Sandra Casanova l\u2019a d\u00e9crit comme \u00ab un langage commun de donn\u00e9es harmonis\u00e9es \u00bb, permettant \u00ab des \u00e9changes s\u00e9curis\u00e9s entre op\u00e9rateurs et autorit\u00e9s publiques \u00bb et facilitant \u00ab des donn\u00e9es en temps r\u00e9el et la tra\u00e7abilit\u00e9 des flux \u00bb. L\u2019objectif ne se limite pas \u00e0 digitaliser les processus, mais consiste \u00e0 structurer un mode d\u2019\u00e9change commun de l\u2019information.<\/p>\n\n<p>Sur le plan technique, Heiti Mering a insist\u00e9 sur la n\u00e9cessit\u00e9 de sortir des syst\u00e8mes bas\u00e9s sur le papier, affirmant que \u00ab nous n\u2019avons plus besoin de suivre des processus bas\u00e9s sur le papier \u00bb. Les plateformes num\u00e9riques pourraient ainsi permettre des \u00e9changes plus fluides \u2014 \u00e0 condition de garantir l\u2019interop\u00e9rabilit\u00e9 et la s\u00e9curit\u00e9.<\/p>\n\n<p>Dans le m\u00eame temps, les discussions montrent que l\u2019impact de ces outils reste conditionnel. Leur efficacit\u00e9 d\u00e9pend de leur adoption \u00e0 grande \u00e9chelle, de l\u2019alignement entre les parties prenantes et de leur int\u00e9gration avec les syst\u00e8mes existants. Dans ce sens, l\u2019eFTI appara\u00eet moins comme une solution en soi que comme un cadre susceptible de permettre des \u00e9volutions sous certaines conditions.  <\/p>\n\n<h2 class=\"wp-block-heading\">Des cadres r\u00e9gionaux d\u00e9j\u00e0 existants<\/h2>\n\n<p>Il est important de noter que la r\u00e9gion ne part pas de z\u00e9ro.<\/p>\n\n<p>La Dr Pauline Yearwood a rappel\u00e9 l\u2019existence de cadres de politiques de transport au sein de la CARICOM, visant \u00e0 garantir \u00ab des services de transport ad\u00e9quats, s\u00fbrs et comp\u00e9titifs \u00e0 l\u2019\u00e9chelle internationale \u00bb pour soutenir le d\u00e9veloppement r\u00e9gional. Elle a \u00e9galement soulign\u00e9 que \u00ab le transport a\u00e9rien et maritime est essentiel \u00bb dans une r\u00e9gion o\u00f9 la plupart des pays sont s\u00e9par\u00e9s par la mer. <\/p>\n\n<p>Ces \u00e9l\u00e9ments montrent que les bases institutionnelles de l\u2019int\u00e9gration sont d\u00e9j\u00e0 en place. Toutefois, la traduction de ces politiques en coordination op\u00e9rationnelle reste un d\u00e9fi. <\/p>\n\n<p>Dans ce contexte, les cadres num\u00e9riques de fret pourraient compl\u00e9ter les dispositifs existants en apportant des outils facilitant leur mise en \u0153uvre, plut\u00f4t qu\u2019en se substituant aux politiques publiques.<\/p>\n\n<h2 class=\"wp-block-heading\">De l\u2019ambition \u00e0 la mise en \u0153uvre<\/h2>\n\n<p>Un enjeu r\u00e9current dans les \u00e9changes concerne l\u2019\u00e9cart entre ambition et mise en \u0153uvre.<\/p>\n\n<p>D\u2019un c\u00f4t\u00e9, une volont\u00e9 claire de renforcer l\u2019int\u00e9gration r\u00e9gionale, soutenue par des cadres institutionnels et des orientations strat\u00e9giques. De l\u2019autre, des r\u00e9alit\u00e9s op\u00e9rationnelles \u2014 syst\u00e8mes fragment\u00e9s, partage de donn\u00e9es limit\u00e9, manque de coordination \u2014 qui continuent de freiner les progr\u00e8s. <\/p>\n\n<p>Les outils num\u00e9riques peuvent contribuer \u00e0 r\u00e9duire certaines de ces frictions, mais leur impact d\u00e9pend de la mani\u00e8re dont ils sont d\u00e9ploy\u00e9s et adopt\u00e9s. Comme cela a \u00e9t\u00e9 soulign\u00e9 lors des discussions, l\u2019am\u00e9lioration de l\u2019int\u00e9gration n\u00e9cessite non seulement des solutions technologiques, mais aussi un alignement entre acteurs publics et priv\u00e9s. <\/p>\n\n<h2 class=\"wp-block-heading\">Conclusion \u2013 Une int\u00e9gration encore conditionnelle<\/h2>\n\n<p>Les discussions sugg\u00e8rent que les cadres num\u00e9riques de donn\u00e9es pourraient contribuer \u00e0 une int\u00e9gration logistique plus pouss\u00e9e dans la r\u00e9gion, en am\u00e9liorant la circulation de l\u2019information et la coordination.<\/p>\n\n<p>Dans le m\u00eame temps, cette int\u00e9gration reste conditionnelle. Elle d\u00e9pend non seulement de la disponibilit\u00e9 des outils, mais aussi de la capacit\u00e9 \u00e0 aligner les standards, garantir l\u2019interop\u00e9rabilit\u00e9 et coordonner les acteurs \u00e0 travers diff\u00e9rentes juridictions. <\/p>\n\n<p>\u00c0 mesure que la r\u00e9gion explore ces approches, la trajectoire semble s\u2019orienter vers une transformation progressive plut\u00f4t que rapide. Le fret num\u00e9rique ouvre de nouvelles perspectives \u2014 mais leur concr\u00e9tisation d\u00e9pendra largement de la mani\u00e8re dont ces syst\u00e8mes seront mis en \u0153uvre et adopt\u00e9s dans la dur\u00e9e.<br\/> <br\/> <br\/> <\/p>\n","protected":false},"excerpt":{"rendered":"<p>Alors que les cha\u00eenes d\u2019approvisionnement mondiales continuent de s\u2019\u00e9tendre et de se digitaliser, les syst\u00e8mes logistiques en Am\u00e9rique latine et dans la Cara\u00efbe (LAC) restent in\u00e9galement connect\u00e9s \u00e0 l\u2019\u00e9chelle r\u00e9gionale. Les discussions men\u00e9es lors du webinaire LAC eFTI4ALL ont mis en \u00e9vidence un d\u00e9fi r\u00e9current : malgr\u00e9 de fortes connexions internationales, l\u2019int\u00e9gration intra-r\u00e9gionale demeure limit\u00e9e, [&hellip;]<\/p>\n","protected":false},"author":5,"featured_media":22995,"comment_status":"open","ping_status":"closed","sticky":false,"template":"","format":"standard","meta":{"footnotes":""},"categories":[118,136],"tags":[],"class_list":["post-22996","post","type-post","status-publish","format-standard","has-post-thumbnail","hentry","category-maritime-fr","category-ports-et-logistique"],"yoast_head":"<!-- This site is optimized with the Yoast SEO plugin v26.9 - https:\/\/yoast.com\/product\/yoast-seo-wordpress\/ -->\n<title>Les cadres de donn\u00e9es num\u00e9riques peuvent-ils favoriser une int\u00e9gration logistique plus pouss\u00e9e dans la r\u00e9gion ? - LATITUDE 15<\/title>\n<meta name=\"description\" content=\"Les cadres de donn\u00e9es num\u00e9riques sur le fret peuvent-ils am\u00e9liorer l\u2019int\u00e9gration logistique dans la r\u00e9gion ALC ? Enseignements du webinaire eFTI4ALL.\" \/>\n<meta name=\"robots\" content=\"index, follow, max-snippet:-1, max-image-preview:large, max-video-preview:-1\" \/>\n<link rel=\"canonical\" href=\"https:\/\/www.latitude-15.com\/fr\/les-cadres-de-donnees-numeriques-peuvent-ils-favoriser-une-integration-logistique-plus-poussee-dans-la-region\/\" \/>\n<meta property=\"og:locale\" content=\"fr_FR\" \/>\n<meta property=\"og:type\" content=\"article\" \/>\n<meta property=\"og:title\" content=\"Les cadres de donn\u00e9es num\u00e9riques peuvent-ils favoriser une int\u00e9gration logistique plus pouss\u00e9e dans la r\u00e9gion ? - LATITUDE 15\" \/>\n<meta property=\"og:description\" content=\"Les cadres de donn\u00e9es num\u00e9riques sur le fret peuvent-ils am\u00e9liorer l\u2019int\u00e9gration logistique dans la r\u00e9gion ALC ? Enseignements du webinaire eFTI4ALL.\" \/>\n<meta property=\"og:url\" content=\"https:\/\/www.latitude-15.com\/fr\/les-cadres-de-donnees-numeriques-peuvent-ils-favoriser-une-integration-logistique-plus-poussee-dans-la-region\/\" \/>\n<meta property=\"og:site_name\" content=\"LATITUDE 15\" \/>\n<meta property=\"article:published_time\" content=\"2026-04-23T15:21:29+00:00\" \/>\n<meta property=\"article:modified_time\" content=\"2026-04-24T15:14:16+00:00\" \/>\n<meta property=\"og:image\" content=\"https:\/\/www.latitude-15.com\/wp-content\/uploads\/2026\/04\/img76392610-1024x683.png\" \/>\n\t<meta property=\"og:image:width\" content=\"1024\" \/>\n\t<meta property=\"og:image:height\" content=\"683\" \/>\n\t<meta property=\"og:image:type\" content=\"image\/png\" \/>\n<meta name=\"author\" content=\"Joda J\" \/>\n<meta name=\"twitter:card\" content=\"summary_large_image\" \/>\n<meta name=\"twitter:label1\" content=\"\u00c9crit par\" \/>\n\t<meta name=\"twitter:data1\" content=\"Joda J\" \/>\n\t<meta name=\"twitter:label2\" content=\"Dur\u00e9e de lecture estim\u00e9e\" \/>\n\t<meta name=\"twitter:data2\" content=\"7 minutes\" \/>\n<script type=\"application\/ld+json\" class=\"yoast-schema-graph\">{\"@context\":\"https:\/\/schema.org\",\"@graph\":[{\"@type\":\"Article\",\"@id\":\"https:\/\/www.latitude-15.com\/fr\/les-cadres-de-donnees-numeriques-peuvent-ils-favoriser-une-integration-logistique-plus-poussee-dans-la-region\/#article\",\"isPartOf\":{\"@id\":\"https:\/\/www.latitude-15.com\/fr\/les-cadres-de-donnees-numeriques-peuvent-ils-favoriser-une-integration-logistique-plus-poussee-dans-la-region\/\"},\"author\":{\"name\":\"Joda J\",\"@id\":\"https:\/\/www.latitude-15.com\/fr\/#\/schema\/person\/dac52e7ff44c78317f337da112e37252\"},\"headline\":\"Les cadres de donn\u00e9es num\u00e9riques peuvent-ils favoriser une int\u00e9gration logistique plus pouss\u00e9e dans la r\u00e9gion ?\",\"datePublished\":\"2026-04-23T15:21:29+00:00\",\"dateModified\":\"2026-04-24T15:14:16+00:00\",\"mainEntityOfPage\":{\"@id\":\"https:\/\/www.latitude-15.com\/fr\/les-cadres-de-donnees-numeriques-peuvent-ils-favoriser-une-integration-logistique-plus-poussee-dans-la-region\/\"},\"wordCount\":1327,\"commentCount\":0,\"publisher\":{\"@id\":\"https:\/\/www.latitude-15.com\/fr\/#organization\"},\"image\":{\"@id\":\"https:\/\/www.latitude-15.com\/fr\/les-cadres-de-donnees-numeriques-peuvent-ils-favoriser-une-integration-logistique-plus-poussee-dans-la-region\/#primaryimage\"},\"thumbnailUrl\":\"https:\/\/www.latitude-15.com\/wp-content\/uploads\/2026\/04\/img76392610.png\",\"articleSection\":[\"MARITIME\",\"Ports et logistique\"],\"inLanguage\":\"fr-FR\",\"potentialAction\":[{\"@type\":\"CommentAction\",\"name\":\"Comment\",\"target\":[\"https:\/\/www.latitude-15.com\/fr\/les-cadres-de-donnees-numeriques-peuvent-ils-favoriser-une-integration-logistique-plus-poussee-dans-la-region\/#respond\"]}]},{\"@type\":\"WebPage\",\"@id\":\"https:\/\/www.latitude-15.com\/fr\/les-cadres-de-donnees-numeriques-peuvent-ils-favoriser-une-integration-logistique-plus-poussee-dans-la-region\/\",\"url\":\"https:\/\/www.latitude-15.com\/fr\/les-cadres-de-donnees-numeriques-peuvent-ils-favoriser-une-integration-logistique-plus-poussee-dans-la-region\/\",\"name\":\"Les cadres de donn\u00e9es num\u00e9riques peuvent-ils favoriser une int\u00e9gration logistique plus pouss\u00e9e dans la r\u00e9gion ? - LATITUDE 15\",\"isPartOf\":{\"@id\":\"https:\/\/www.latitude-15.com\/fr\/#website\"},\"primaryImageOfPage\":{\"@id\":\"https:\/\/www.latitude-15.com\/fr\/les-cadres-de-donnees-numeriques-peuvent-ils-favoriser-une-integration-logistique-plus-poussee-dans-la-region\/#primaryimage\"},\"image\":{\"@id\":\"https:\/\/www.latitude-15.com\/fr\/les-cadres-de-donnees-numeriques-peuvent-ils-favoriser-une-integration-logistique-plus-poussee-dans-la-region\/#primaryimage\"},\"thumbnailUrl\":\"https:\/\/www.latitude-15.com\/wp-content\/uploads\/2026\/04\/img76392610.png\",\"datePublished\":\"2026-04-23T15:21:29+00:00\",\"dateModified\":\"2026-04-24T15:14:16+00:00\",\"description\":\"Les cadres de donn\u00e9es num\u00e9riques sur le fret peuvent-ils am\u00e9liorer l\u2019int\u00e9gration logistique dans la r\u00e9gion ALC ? Enseignements du webinaire eFTI4ALL.\",\"breadcrumb\":{\"@id\":\"https:\/\/www.latitude-15.com\/fr\/les-cadres-de-donnees-numeriques-peuvent-ils-favoriser-une-integration-logistique-plus-poussee-dans-la-region\/#breadcrumb\"},\"inLanguage\":\"fr-FR\",\"potentialAction\":[{\"@type\":\"ReadAction\",\"target\":[\"https:\/\/www.latitude-15.com\/fr\/les-cadres-de-donnees-numeriques-peuvent-ils-favoriser-une-integration-logistique-plus-poussee-dans-la-region\/\"]}]},{\"@type\":\"ImageObject\",\"inLanguage\":\"fr-FR\",\"@id\":\"https:\/\/www.latitude-15.com\/fr\/les-cadres-de-donnees-numeriques-peuvent-ils-favoriser-une-integration-logistique-plus-poussee-dans-la-region\/#primaryimage\",\"url\":\"https:\/\/www.latitude-15.com\/wp-content\/uploads\/2026\/04\/img76392610.png\",\"contentUrl\":\"https:\/\/www.latitude-15.com\/wp-content\/uploads\/2026\/04\/img76392610.png\",\"width\":1536,\"height\":1024,\"caption\":\"cadres de donn\u00e9es num\u00e9riques\"},{\"@type\":\"BreadcrumbList\",\"@id\":\"https:\/\/www.latitude-15.com\/fr\/les-cadres-de-donnees-numeriques-peuvent-ils-favoriser-une-integration-logistique-plus-poussee-dans-la-region\/#breadcrumb\",\"itemListElement\":[{\"@type\":\"ListItem\",\"position\":1,\"name\":\"Home\",\"item\":\"https:\/\/www.latitude-15.com\/fr\/accueil\/\"},{\"@type\":\"ListItem\",\"position\":2,\"name\":\"Les cadres de donn\u00e9es num\u00e9riques peuvent-ils favoriser une int\u00e9gration logistique plus pouss\u00e9e dans la r\u00e9gion ?\"}]},{\"@type\":\"WebSite\",\"@id\":\"https:\/\/www.latitude-15.com\/fr\/#website\",\"url\":\"https:\/\/www.latitude-15.com\/fr\/\",\"name\":\"LATITUDE 15\",\"description\":\"Aviation and maritime Magazine - Caribbean &amp; Latin America\",\"publisher\":{\"@id\":\"https:\/\/www.latitude-15.com\/fr\/#organization\"},\"potentialAction\":[{\"@type\":\"SearchAction\",\"target\":{\"@type\":\"EntryPoint\",\"urlTemplate\":\"https:\/\/www.latitude-15.com\/fr\/?s={search_term_string}\"},\"query-input\":{\"@type\":\"PropertyValueSpecification\",\"valueRequired\":true,\"valueName\":\"search_term_string\"}}],\"inLanguage\":\"fr-FR\"},{\"@type\":\"Organization\",\"@id\":\"https:\/\/www.latitude-15.com\/fr\/#organization\",\"name\":\"LATITUDE 15\",\"url\":\"https:\/\/www.latitude-15.com\/fr\/\",\"logo\":{\"@type\":\"ImageObject\",\"inLanguage\":\"fr-FR\",\"@id\":\"https:\/\/www.latitude-15.com\/fr\/#\/schema\/logo\/image\/\",\"url\":\"https:\/\/www.latitude-15.com\/wp-content\/uploads\/2026\/01\/cropped-logox500px.png\",\"contentUrl\":\"https:\/\/www.latitude-15.com\/wp-content\/uploads\/2026\/01\/cropped-logox500px.png\",\"width\":62,\"height\":75,\"caption\":\"LATITUDE 15\"},\"image\":{\"@id\":\"https:\/\/www.latitude-15.com\/fr\/#\/schema\/logo\/image\/\"}},{\"@type\":\"Person\",\"@id\":\"https:\/\/www.latitude-15.com\/fr\/#\/schema\/person\/dac52e7ff44c78317f337da112e37252\",\"name\":\"Joda J\",\"image\":{\"@type\":\"ImageObject\",\"inLanguage\":\"fr-FR\",\"@id\":\"https:\/\/www.latitude-15.com\/fr\/#\/schema\/person\/image\/\",\"url\":\"https:\/\/secure.gravatar.com\/avatar\/6b1feae555e15404b76616f92d931d12b25ac58024f14ccb43d9d3c012e4c4cf?s=96&d=mm&r=g\",\"contentUrl\":\"https:\/\/secure.gravatar.com\/avatar\/6b1feae555e15404b76616f92d931d12b25ac58024f14ccb43d9d3c012e4c4cf?s=96&d=mm&r=g\",\"caption\":\"Joda J\"},\"url\":\"https:\/\/www.latitude-15.com\/fr\/author\/joda\/\"}]}<\/script>\n<!-- \/ Yoast SEO plugin. -->","yoast_head_json":{"title":"Les cadres de donn\u00e9es num\u00e9riques peuvent-ils favoriser une int\u00e9gration logistique plus pouss\u00e9e dans la r\u00e9gion ? - LATITUDE 15","description":"Les cadres de donn\u00e9es num\u00e9riques sur le fret peuvent-ils am\u00e9liorer l\u2019int\u00e9gration logistique dans la r\u00e9gion ALC ? Enseignements du webinaire eFTI4ALL.","robots":{"index":"index","follow":"follow","max-snippet":"max-snippet:-1","max-image-preview":"max-image-preview:large","max-video-preview":"max-video-preview:-1"},"canonical":"https:\/\/www.latitude-15.com\/fr\/les-cadres-de-donnees-numeriques-peuvent-ils-favoriser-une-integration-logistique-plus-poussee-dans-la-region\/","og_locale":"fr_FR","og_type":"article","og_title":"Les cadres de donn\u00e9es num\u00e9riques peuvent-ils favoriser une int\u00e9gration logistique plus pouss\u00e9e dans la r\u00e9gion ? - LATITUDE 15","og_description":"Les cadres de donn\u00e9es num\u00e9riques sur le fret peuvent-ils am\u00e9liorer l\u2019int\u00e9gration logistique dans la r\u00e9gion ALC ? Enseignements du webinaire eFTI4ALL.","og_url":"https:\/\/www.latitude-15.com\/fr\/les-cadres-de-donnees-numeriques-peuvent-ils-favoriser-une-integration-logistique-plus-poussee-dans-la-region\/","og_site_name":"LATITUDE 15","article_published_time":"2026-04-23T15:21:29+00:00","article_modified_time":"2026-04-24T15:14:16+00:00","og_image":[{"width":1024,"height":683,"url":"https:\/\/www.latitude-15.com\/wp-content\/uploads\/2026\/04\/img76392610-1024x683.png","type":"image\/png"}],"author":"Joda J","twitter_card":"summary_large_image","twitter_misc":{"\u00c9crit par":"Joda J","Dur\u00e9e de lecture estim\u00e9e":"7 minutes"},"schema":{"@context":"https:\/\/schema.org","@graph":[{"@type":"Article","@id":"https:\/\/www.latitude-15.com\/fr\/les-cadres-de-donnees-numeriques-peuvent-ils-favoriser-une-integration-logistique-plus-poussee-dans-la-region\/#article","isPartOf":{"@id":"https:\/\/www.latitude-15.com\/fr\/les-cadres-de-donnees-numeriques-peuvent-ils-favoriser-une-integration-logistique-plus-poussee-dans-la-region\/"},"author":{"name":"Joda J","@id":"https:\/\/www.latitude-15.com\/fr\/#\/schema\/person\/dac52e7ff44c78317f337da112e37252"},"headline":"Les cadres de donn\u00e9es num\u00e9riques peuvent-ils favoriser une int\u00e9gration logistique plus pouss\u00e9e dans la r\u00e9gion ?","datePublished":"2026-04-23T15:21:29+00:00","dateModified":"2026-04-24T15:14:16+00:00","mainEntityOfPage":{"@id":"https:\/\/www.latitude-15.com\/fr\/les-cadres-de-donnees-numeriques-peuvent-ils-favoriser-une-integration-logistique-plus-poussee-dans-la-region\/"},"wordCount":1327,"commentCount":0,"publisher":{"@id":"https:\/\/www.latitude-15.com\/fr\/#organization"},"image":{"@id":"https:\/\/www.latitude-15.com\/fr\/les-cadres-de-donnees-numeriques-peuvent-ils-favoriser-une-integration-logistique-plus-poussee-dans-la-region\/#primaryimage"},"thumbnailUrl":"https:\/\/www.latitude-15.com\/wp-content\/uploads\/2026\/04\/img76392610.png","articleSection":["MARITIME","Ports et logistique"],"inLanguage":"fr-FR","potentialAction":[{"@type":"CommentAction","name":"Comment","target":["https:\/\/www.latitude-15.com\/fr\/les-cadres-de-donnees-numeriques-peuvent-ils-favoriser-une-integration-logistique-plus-poussee-dans-la-region\/#respond"]}]},{"@type":"WebPage","@id":"https:\/\/www.latitude-15.com\/fr\/les-cadres-de-donnees-numeriques-peuvent-ils-favoriser-une-integration-logistique-plus-poussee-dans-la-region\/","url":"https:\/\/www.latitude-15.com\/fr\/les-cadres-de-donnees-numeriques-peuvent-ils-favoriser-une-integration-logistique-plus-poussee-dans-la-region\/","name":"Les cadres de donn\u00e9es num\u00e9riques peuvent-ils favoriser une int\u00e9gration logistique plus pouss\u00e9e dans la r\u00e9gion ? - LATITUDE 15","isPartOf":{"@id":"https:\/\/www.latitude-15.com\/fr\/#website"},"primaryImageOfPage":{"@id":"https:\/\/www.latitude-15.com\/fr\/les-cadres-de-donnees-numeriques-peuvent-ils-favoriser-une-integration-logistique-plus-poussee-dans-la-region\/#primaryimage"},"image":{"@id":"https:\/\/www.latitude-15.com\/fr\/les-cadres-de-donnees-numeriques-peuvent-ils-favoriser-une-integration-logistique-plus-poussee-dans-la-region\/#primaryimage"},"thumbnailUrl":"https:\/\/www.latitude-15.com\/wp-content\/uploads\/2026\/04\/img76392610.png","datePublished":"2026-04-23T15:21:29+00:00","dateModified":"2026-04-24T15:14:16+00:00","description":"Les cadres de donn\u00e9es num\u00e9riques sur le fret peuvent-ils am\u00e9liorer l\u2019int\u00e9gration logistique dans la r\u00e9gion ALC ? Enseignements du webinaire eFTI4ALL.","breadcrumb":{"@id":"https:\/\/www.latitude-15.com\/fr\/les-cadres-de-donnees-numeriques-peuvent-ils-favoriser-une-integration-logistique-plus-poussee-dans-la-region\/#breadcrumb"},"inLanguage":"fr-FR","potentialAction":[{"@type":"ReadAction","target":["https:\/\/www.latitude-15.com\/fr\/les-cadres-de-donnees-numeriques-peuvent-ils-favoriser-une-integration-logistique-plus-poussee-dans-la-region\/"]}]},{"@type":"ImageObject","inLanguage":"fr-FR","@id":"https:\/\/www.latitude-15.com\/fr\/les-cadres-de-donnees-numeriques-peuvent-ils-favoriser-une-integration-logistique-plus-poussee-dans-la-region\/#primaryimage","url":"https:\/\/www.latitude-15.com\/wp-content\/uploads\/2026\/04\/img76392610.png","contentUrl":"https:\/\/www.latitude-15.com\/wp-content\/uploads\/2026\/04\/img76392610.png","width":1536,"height":1024,"caption":"cadres de donn\u00e9es num\u00e9riques"},{"@type":"BreadcrumbList","@id":"https:\/\/www.latitude-15.com\/fr\/les-cadres-de-donnees-numeriques-peuvent-ils-favoriser-une-integration-logistique-plus-poussee-dans-la-region\/#breadcrumb","itemListElement":[{"@type":"ListItem","position":1,"name":"Home","item":"https:\/\/www.latitude-15.com\/fr\/accueil\/"},{"@type":"ListItem","position":2,"name":"Les cadres de donn\u00e9es num\u00e9riques peuvent-ils favoriser une int\u00e9gration logistique plus pouss\u00e9e dans la r\u00e9gion ?"}]},{"@type":"WebSite","@id":"https:\/\/www.latitude-15.com\/fr\/#website","url":"https:\/\/www.latitude-15.com\/fr\/","name":"LATITUDE 15","description":"Aviation and maritime Magazine - Caribbean &amp; Latin America","publisher":{"@id":"https:\/\/www.latitude-15.com\/fr\/#organization"},"potentialAction":[{"@type":"SearchAction","target":{"@type":"EntryPoint","urlTemplate":"https:\/\/www.latitude-15.com\/fr\/?s={search_term_string}"},"query-input":{"@type":"PropertyValueSpecification","valueRequired":true,"valueName":"search_term_string"}}],"inLanguage":"fr-FR"},{"@type":"Organization","@id":"https:\/\/www.latitude-15.com\/fr\/#organization","name":"LATITUDE 15","url":"https:\/\/www.latitude-15.com\/fr\/","logo":{"@type":"ImageObject","inLanguage":"fr-FR","@id":"https:\/\/www.latitude-15.com\/fr\/#\/schema\/logo\/image\/","url":"https:\/\/www.latitude-15.com\/wp-content\/uploads\/2026\/01\/cropped-logox500px.png","contentUrl":"https:\/\/www.latitude-15.com\/wp-content\/uploads\/2026\/01\/cropped-logox500px.png","width":62,"height":75,"caption":"LATITUDE 15"},"image":{"@id":"https:\/\/www.latitude-15.com\/fr\/#\/schema\/logo\/image\/"}},{"@type":"Person","@id":"https:\/\/www.latitude-15.com\/fr\/#\/schema\/person\/dac52e7ff44c78317f337da112e37252","name":"Joda J","image":{"@type":"ImageObject","inLanguage":"fr-FR","@id":"https:\/\/www.latitude-15.com\/fr\/#\/schema\/person\/image\/","url":"https:\/\/secure.gravatar.com\/avatar\/6b1feae555e15404b76616f92d931d12b25ac58024f14ccb43d9d3c012e4c4cf?s=96&d=mm&r=g","contentUrl":"https:\/\/secure.gravatar.com\/avatar\/6b1feae555e15404b76616f92d931d12b25ac58024f14ccb43d9d3c012e4c4cf?s=96&d=mm&r=g","caption":"Joda J"},"url":"https:\/\/www.latitude-15.com\/fr\/author\/joda\/"}]}},"_links":{"self":[{"href":"https:\/\/www.latitude-15.com\/fr\/wp-json\/wp\/v2\/posts\/22996","targetHints":{"allow":["GET"]}}],"collection":[{"href":"https:\/\/www.latitude-15.com\/fr\/wp-json\/wp\/v2\/posts"}],"about":[{"href":"https:\/\/www.latitude-15.com\/fr\/wp-json\/wp\/v2\/types\/post"}],"author":[{"embeddable":true,"href":"https:\/\/www.latitude-15.com\/fr\/wp-json\/wp\/v2\/users\/5"}],"replies":[{"embeddable":true,"href":"https:\/\/www.latitude-15.com\/fr\/wp-json\/wp\/v2\/comments?post=22996"}],"version-history":[{"count":3,"href":"https:\/\/www.latitude-15.com\/fr\/wp-json\/wp\/v2\/posts\/22996\/revisions"}],"predecessor-version":[{"id":23067,"href":"https:\/\/www.latitude-15.com\/fr\/wp-json\/wp\/v2\/posts\/22996\/revisions\/23067"}],"wp:featuredmedia":[{"embeddable":true,"href":"https:\/\/www.latitude-15.com\/fr\/wp-json\/wp\/v2\/media\/22995"}],"wp:attachment":[{"href":"https:\/\/www.latitude-15.com\/fr\/wp-json\/wp\/v2\/media?parent=22996"}],"wp:term":[{"taxonomy":"category","embeddable":true,"href":"https:\/\/www.latitude-15.com\/fr\/wp-json\/wp\/v2\/categories?post=22996"},{"taxonomy":"post_tag","embeddable":true,"href":"https:\/\/www.latitude-15.com\/fr\/wp-json\/wp\/v2\/tags?post=22996"}],"curies":[{"name":"wp","href":"https:\/\/api.w.org\/{rel}","templated":true}]}}