{"id":22795,"date":"2026-04-17T09:20:00","date_gmt":"2026-04-17T13:20:00","guid":{"rendered":"https:\/\/www.latitude-15.com\/un-seminaire-juridique-de-leccaa-met-en-lumiere-les-defis-de-la-connectivite-aerienne-dans-la-caraibe\/"},"modified":"2026-04-21T12:55:04","modified_gmt":"2026-04-21T16:55:04","slug":"un-seminaire-juridique-de-leccaa-met-en-lumiere-les-defis-de-la-connectivite-aerienne-dans-la-caraibe","status":"publish","type":"post","link":"https:\/\/www.latitude-15.com\/fr\/un-seminaire-juridique-de-leccaa-met-en-lumiere-les-defis-de-la-connectivite-aerienne-dans-la-caraibe\/","title":{"rendered":"Un s\u00e9minaire juridique de l\u2019ECCAA met en lumi\u00e8re les d\u00e9fis de la connectivit\u00e9 a\u00e9rienne dans la Cara\u00efbe"},"content":{"rendered":"\n<p>La Eastern Caribbean Civil Aviation Authority (ECCAA) a organis\u00e9 son premier s\u00e9minaire juridique sur les nouveaux cadres juridiques de l\u2019aviation civile les 13 et 14 novembre 2025 \u00e0 Antigua-et-Barbuda. Cet \u00e9v\u00e9nement de deux jours a r\u00e9uni r\u00e9gulateurs, experts juridiques, d\u00e9cideurs publics et repr\u00e9sentants de l\u2019industrie a\u00e9ronautique afin d\u2019examiner les \u00e9volutions du droit a\u00e9rien et de la gouvernance r\u00e9glementaire qui affectent la Cara\u00efbe orientale. <\/p>\n\n<p>Les pr\u00e9sentations r\u00e9alis\u00e9es lors du s\u00e9minaire ont abord\u00e9 plusieurs th\u00e8mes structurants pour le secteur a\u00e9rien r\u00e9gional, notamment les accords de services a\u00e9riens, la certification des a\u00e9roports, les \u00e9volutions du droit international et les obligations des \u00c9tats en cas d\u2019accidents d\u2019aviation.<\/p>\n\n<h2 class=\"wp-block-heading\">Les accords de services a\u00e9riens au c\u0153ur de l\u2019aviation internationale<\/h2>\n\n<p>L\u2019un des principaux sujets abord\u00e9s concernait le r\u00f4le des Air Services Agreements (ASA) dans l\u2019organisation du transport a\u00e9rien international. Dans une pr\u00e9sentation intitul\u00e9e \u201cAn Introduction to Air Services Agreements\u201d, l\u2019ambassadeur Brian Challenger, du Ministry of Civil Aviation d\u2019Antigua-et-Barbuda, a expliqu\u00e9 que ces accords constituent le cadre juridique permettant l\u2019exploitation de services a\u00e9riens commerciaux entre \u00c9tats. <\/p>\n\n<p>Ces accords bilat\u00e9raux d\u00e9terminent les conditions dans lesquelles les compagnies a\u00e9riennes peuvent op\u00e9rer entre deux pays, notamment les droits de trafic, les transporteurs d\u00e9sign\u00e9s, les capacit\u00e9s autoris\u00e9es et les dispositions op\u00e9rationnelles.<\/p>\n\n<p>Selon la pr\u00e9sentation, le syst\u00e8me moderne des accords de services a\u00e9riens s\u2019est d\u00e9velopp\u00e9 \u00e0 la suite de la Convention de Chicago de 1944, qui a \u00e9tabli le cadre technique et institutionnel de l\u2019aviation civile internationale mais n\u2019a pas cr\u00e9\u00e9 de syst\u00e8me mondial d\u2019attribution des droits de trafic. Par cons\u00e9quent, le transport a\u00e9rien international reste largement r\u00e9gi par des accords bilat\u00e9raux n\u00e9goci\u00e9s directement entre \u00c9tats. <\/p>\n\n<p>Les n\u00e9gociations de ces accords impliquent g\u00e9n\u00e9ralement des repr\u00e9sentants des autorit\u00e9s de l\u2019aviation civile, des minist\u00e8res des affaires \u00e9trang\u00e8res, des autorit\u00e9s a\u00e9roportuaires, des compagnies a\u00e9riennes nationales et des agences de tourisme.<\/p>\n\n<h2 class=\"wp-block-heading\">Les d\u00e9fis de la connectivit\u00e9 a\u00e9rienne dans les march\u00e9s carib\u00e9ens<\/h2>\n\n<p>La connectivit\u00e9 a\u00e9rienne a \u00e9galement constitu\u00e9 un th\u00e8me central du s\u00e9minaire. Dans une pr\u00e9sentation consacr\u00e9e aux d\u00e9fis de la connectivit\u00e9 dans la Cara\u00efbe, Rafael Echevarne, directeur g\u00e9n\u00e9ral de Airports Council International (ACI), a soulign\u00e9 l\u2019ampleur du r\u00e9seau a\u00e9roportuaire mondial qui soutient l\u2019aviation internationale. <\/p>\n\n<p>Selon la pr\u00e9sentation, Airports Council International repr\u00e9sente plus de 2 100 a\u00e9roports dans le monde, dont plus de 300 en Am\u00e9rique latine et dans la Cara\u00efbe.<\/p>\n\n<p>La pr\u00e9sentation a \u00e9galement mis en \u00e9vidence l\u2019importance \u00e9conomique du transport a\u00e9rien pour les \u00e9conomies insulaires. Dans de nombreux petits \u00c9tats insulaires, l\u2019aviation soutient une part significative de l\u2019activit\u00e9 \u00e9conomique li\u00e9e au tourisme et aux \u00e9changes commerciaux, ce qui renforce l\u2019importance d\u2019une connectivit\u00e9 a\u00e9rienne r\u00e9gionale fiable. <\/p>\n\n<h2 class=\"wp-block-heading\">Des programmes internationaux pour renforcer la s\u00e9curit\u00e9 a\u00e9roportuaire<\/h2>\n\n<p>Le s\u00e9minaire a \u00e9galement abord\u00e9 plusieurs initiatives visant \u00e0 renforcer les standards op\u00e9rationnels des a\u00e9roports.<\/p>\n\n<p>Parmi celles-ci figure le programme APEX in Safety, une initiative d\u2019\u00e9valuation de la s\u00e9curit\u00e9 par les pairs lanc\u00e9e en 2012 par Airports Council International en coop\u00e9ration avec l\u2019Organisation de l\u2019aviation civile internationale (ICAO). Ce programme fournit un soutien technique et des \u00e9valuations de s\u00e9curit\u00e9 aux a\u00e9roports souhaitant am\u00e9liorer leurs performances op\u00e9rationnelles. <\/p>\n\n<p>Dans sa pr\u00e9sentation consacr\u00e9e \u00e0 la certification des a\u00e9rodromes, Danny Boutin, Senior Director of Airport Assessments and Services chez ACI, a indiqu\u00e9 que l\u2019initiative avait r\u00e9alis\u00e9 165 \u00e9valuations de s\u00e9curit\u00e9 dans le monde depuis sa cr\u00e9ation.<\/p>\n\n<p>Ces programmes visent \u00e0 aider les a\u00e9roports \u00e0 aligner leurs pratiques op\u00e9rationnelles sur les normes internationales de s\u00e9curit\u00e9 et les pratiques recommand\u00e9es par l\u2019ICAO.<\/p>\n\n<h2 class=\"wp-block-heading\">La certification des a\u00e9rodromes comme outil de supervision r\u00e9glementaire<\/h2>\n\n<p>La certification des a\u00e9roports a constitu\u00e9 un autre sujet majeur du s\u00e9minaire. Dans sa pr\u00e9sentation intitul\u00e9e \u201cMore Than a Stamp: How Aerodrome Certification Reflects Strong Management\u201d, Danny Boutin a expliqu\u00e9 que la certification d\u2019un a\u00e9rodrome d\u00e9montre la capacit\u00e9 d\u2019un a\u00e9roport \u00e0 g\u00e9rer en toute s\u00e9curit\u00e9 ses infrastructures et ses risques op\u00e9rationnels tout en respectant les exigences r\u00e9glementaires. <\/p>\n\n<p>Les cadres de certification reposent g\u00e9n\u00e9ralement sur des l\u00e9gislations nationales de l\u2019aviation align\u00e9es sur les normes de l\u2019ICAO, notamment celles contenues dans l\u2019Annexe 14, qui d\u00e9finit les exigences internationales relatives \u00e0 la conception et \u00e0 l\u2019exploitation des a\u00e9rodromes.<\/p>\n\n<p>Un \u00e9l\u00e9ment central du processus de certification est le Manuel d\u2019a\u00e9rodrome, document qui d\u00e9crit les caract\u00e9ristiques op\u00e9rationnelles de l\u2019a\u00e9roport, ses infrastructures et ses proc\u00e9dures de s\u00e9curit\u00e9. Ce manuel constitue une r\u00e9f\u00e9rence essentielle pour les autorit\u00e9s de r\u00e9gulation lors de l\u2019\u00e9valuation de la conformit\u00e9 aux normes de certification. <\/p>\n\n<h2 class=\"wp-block-heading\">Les obligations juridiques envers les victimes d\u2019accidents a\u00e9riens et leurs familles<\/h2>\n\n<p>Le s\u00e9minaire a \u00e9galement abord\u00e9 les responsabilit\u00e9s juridiques des \u00c9tats \u00e0 la suite d\u2019accidents a\u00e9riens. Dans une pr\u00e9sentation consacr\u00e9e \u00e0 l\u2019assistance aux victimes d\u2019accidents d\u2019avion, Fernando Camargo, Regional Officer au bureau nord-am\u00e9ricain, centram\u00e9ricain et carib\u00e9en de l\u2019ICAO, a d\u00e9taill\u00e9 les obligations impos\u00e9es aux \u00c9tats par le droit a\u00e9rien international. <\/p>\n\n<p>Ces responsabilit\u00e9s incluent notamment la facilitation des d\u00e9placements des familles des victimes, la d\u00e9livrance de documents de voyage d\u2019urgence pour les survivants, ainsi que la coordination du retour des effets personnels et des d\u00e9pouilles.<\/p>\n\n<p>Ces obligations d\u00e9coulent des dispositions de la Convention de Chicago, notamment de l\u2019article 26, ainsi que des normes figurant dans les annexes 9 et 13 de l\u2019ICAO, qui portent respectivement sur les proc\u00e9dures de facilitation et les exigences relatives aux enqu\u00eates sur les accidents.<\/p>\n\n<p>Les \u00c9tats sont \u00e9galement encourag\u00e9s \u00e0 mettre en place des syst\u00e8mes nationaux d\u2019assistance aux familles et \u00e0 d\u00e9signer un coordinateur charg\u00e9 de g\u00e9rer les m\u00e9canismes de soutien apr\u00e8s un accident a\u00e9rien.<\/p>\n\n<h2 class=\"wp-block-heading\">Renforcer les cadres juridiques de l\u2019aviation r\u00e9gionale<\/h2>\n\n<p>Les discussions men\u00e9es lors du s\u00e9minaire de l\u2019ECCAA ont illustr\u00e9 la diversit\u00e9 des m\u00e9canismes juridiques et r\u00e9glementaires qui structurent les op\u00e9rations a\u00e9riennes dans la Cara\u00efbe orientale. Des accords bilat\u00e9raux de services a\u00e9riens aux cadres de certification a\u00e9roportuaire, en passant par les programmes internationaux de s\u00e9curit\u00e9, ces dispositifs constituent le socle institutionnel qui soutient le transport a\u00e9rien dans la r\u00e9gion. <\/p>\n\n<p>Alors que les march\u00e9s a\u00e9riens r\u00e9gionaux continuent d\u2019\u00e9voluer, la coop\u00e9ration entre gouvernements, r\u00e9gulateurs et acteurs de l\u2019industrie reste essentielle pour garantir des syst\u00e8mes de transport a\u00e9rien s\u00fbrs et efficaces dans la Cara\u00efbe.<\/p>\n","protected":false},"excerpt":{"rendered":"<p>La Eastern Caribbean Civil Aviation Authority (ECCAA) a organis\u00e9 son premier s\u00e9minaire juridique sur les nouveaux cadres juridiques de l\u2019aviation civile les 13 et 14 novembre 2025 \u00e0 Antigua-et-Barbuda. Cet \u00e9v\u00e9nement de deux jours a r\u00e9uni r\u00e9gulateurs, experts juridiques, d\u00e9cideurs publics et repr\u00e9sentants de l\u2019industrie a\u00e9ronautique afin d\u2019examiner les \u00e9volutions du droit a\u00e9rien et de [&hellip;]<\/p>\n","protected":false},"author":5,"featured_media":22794,"comment_status":"open","ping_status":"closed","sticky":false,"template":"","format":"standard","meta":{"footnotes":""},"categories":[97,100],"tags":[],"class_list":["post-22795","post","type-post","status-publish","format-standard","has-post-thumbnail","hentry","category-aviation-fr","category-connectivite-aerienne-et-attractivite-territoriale"],"yoast_head":"<!-- This site is optimized with the Yoast SEO plugin v26.9 - https:\/\/yoast.com\/product\/yoast-seo-wordpress\/ -->\n<title>Un s\u00e9minaire juridique de l\u2019ECCAA met en lumi\u00e8re les d\u00e9fis de la connectivit\u00e9 a\u00e9rienne dans la Cara\u00efbe - LATITUDE 15<\/title>\n<meta name=\"description\" content=\"Le premier s\u00e9minaire juridique de l&#039;ECCAA a examin\u00e9 les accords de services a\u00e9riens, la r\u00e9glementation de l&#039;aviation et les d\u00e9fis qui fa\u00e7onnent la connectivit\u00e9 a\u00e9rienne dans les Cara\u00efbes\" \/>\n<meta name=\"robots\" content=\"index, follow, max-snippet:-1, max-image-preview:large, max-video-preview:-1\" \/>\n<link rel=\"canonical\" href=\"https:\/\/www.latitude-15.com\/fr\/un-seminaire-juridique-de-leccaa-met-en-lumiere-les-defis-de-la-connectivite-aerienne-dans-la-caraibe\/\" \/>\n<meta property=\"og:locale\" content=\"fr_FR\" \/>\n<meta property=\"og:type\" content=\"article\" \/>\n<meta property=\"og:title\" content=\"Un s\u00e9minaire juridique de l\u2019ECCAA met en lumi\u00e8re les d\u00e9fis de la connectivit\u00e9 a\u00e9rienne dans la Cara\u00efbe - LATITUDE 15\" \/>\n<meta property=\"og:description\" content=\"Le premier s\u00e9minaire juridique de l&#039;ECCAA a examin\u00e9 les accords de services a\u00e9riens, la r\u00e9glementation de l&#039;aviation et les d\u00e9fis qui fa\u00e7onnent la connectivit\u00e9 a\u00e9rienne dans les Cara\u00efbes\" \/>\n<meta property=\"og:url\" content=\"https:\/\/www.latitude-15.com\/fr\/un-seminaire-juridique-de-leccaa-met-en-lumiere-les-defis-de-la-connectivite-aerienne-dans-la-caraibe\/\" \/>\n<meta property=\"og:site_name\" content=\"LATITUDE 15\" \/>\n<meta property=\"article:published_time\" content=\"2026-04-17T13:20:00+00:00\" \/>\n<meta property=\"article:modified_time\" content=\"2026-04-21T16:55:04+00:00\" \/>\n<meta property=\"og:image\" content=\"https:\/\/www.latitude-15.com\/wp-content\/uploads\/2026\/04\/zgqr.png\" \/>\n\t<meta property=\"og:image:width\" content=\"1316\" \/>\n\t<meta property=\"og:image:height\" content=\"715\" \/>\n\t<meta property=\"og:image:type\" content=\"image\/png\" \/>\n<meta name=\"author\" content=\"Joda J\" \/>\n<meta name=\"twitter:card\" content=\"summary_large_image\" \/>\n<meta name=\"twitter:label1\" content=\"\u00c9crit par\" \/>\n\t<meta name=\"twitter:data1\" content=\"Joda J\" \/>\n\t<meta name=\"twitter:label2\" content=\"Dur\u00e9e de lecture estim\u00e9e\" \/>\n\t<meta name=\"twitter:data2\" content=\"6 minutes\" \/>\n<script type=\"application\/ld+json\" class=\"yoast-schema-graph\">{\"@context\":\"https:\/\/schema.org\",\"@graph\":[{\"@type\":\"Article\",\"@id\":\"https:\/\/www.latitude-15.com\/fr\/un-seminaire-juridique-de-leccaa-met-en-lumiere-les-defis-de-la-connectivite-aerienne-dans-la-caraibe\/#article\",\"isPartOf\":{\"@id\":\"https:\/\/www.latitude-15.com\/fr\/un-seminaire-juridique-de-leccaa-met-en-lumiere-les-defis-de-la-connectivite-aerienne-dans-la-caraibe\/\"},\"author\":{\"name\":\"Joda J\",\"@id\":\"https:\/\/www.latitude-15.com\/fr\/#\/schema\/person\/dac52e7ff44c78317f337da112e37252\"},\"headline\":\"Un s\u00e9minaire juridique de l\u2019ECCAA met en lumi\u00e8re les d\u00e9fis de la connectivit\u00e9 a\u00e9rienne dans la Cara\u00efbe\",\"datePublished\":\"2026-04-17T13:20:00+00:00\",\"dateModified\":\"2026-04-21T16:55:04+00:00\",\"mainEntityOfPage\":{\"@id\":\"https:\/\/www.latitude-15.com\/fr\/un-seminaire-juridique-de-leccaa-met-en-lumiere-les-defis-de-la-connectivite-aerienne-dans-la-caraibe\/\"},\"wordCount\":1203,\"commentCount\":0,\"publisher\":{\"@id\":\"https:\/\/www.latitude-15.com\/fr\/#organization\"},\"image\":{\"@id\":\"https:\/\/www.latitude-15.com\/fr\/un-seminaire-juridique-de-leccaa-met-en-lumiere-les-defis-de-la-connectivite-aerienne-dans-la-caraibe\/#primaryimage\"},\"thumbnailUrl\":\"https:\/\/www.latitude-15.com\/wp-content\/uploads\/2026\/04\/zgqr.png\",\"articleSection\":[\"AVIATION\",\"Connectivit\u00e9 a\u00e9rienne et Attractivit\u00e9 territoriale\"],\"inLanguage\":\"fr-FR\",\"potentialAction\":[{\"@type\":\"CommentAction\",\"name\":\"Comment\",\"target\":[\"https:\/\/www.latitude-15.com\/fr\/un-seminaire-juridique-de-leccaa-met-en-lumiere-les-defis-de-la-connectivite-aerienne-dans-la-caraibe\/#respond\"]}]},{\"@type\":\"WebPage\",\"@id\":\"https:\/\/www.latitude-15.com\/fr\/un-seminaire-juridique-de-leccaa-met-en-lumiere-les-defis-de-la-connectivite-aerienne-dans-la-caraibe\/\",\"url\":\"https:\/\/www.latitude-15.com\/fr\/un-seminaire-juridique-de-leccaa-met-en-lumiere-les-defis-de-la-connectivite-aerienne-dans-la-caraibe\/\",\"name\":\"Un s\u00e9minaire juridique de l\u2019ECCAA met en lumi\u00e8re les d\u00e9fis de la connectivit\u00e9 a\u00e9rienne dans la Cara\u00efbe - LATITUDE 15\",\"isPartOf\":{\"@id\":\"https:\/\/www.latitude-15.com\/fr\/#website\"},\"primaryImageOfPage\":{\"@id\":\"https:\/\/www.latitude-15.com\/fr\/un-seminaire-juridique-de-leccaa-met-en-lumiere-les-defis-de-la-connectivite-aerienne-dans-la-caraibe\/#primaryimage\"},\"image\":{\"@id\":\"https:\/\/www.latitude-15.com\/fr\/un-seminaire-juridique-de-leccaa-met-en-lumiere-les-defis-de-la-connectivite-aerienne-dans-la-caraibe\/#primaryimage\"},\"thumbnailUrl\":\"https:\/\/www.latitude-15.com\/wp-content\/uploads\/2026\/04\/zgqr.png\",\"datePublished\":\"2026-04-17T13:20:00+00:00\",\"dateModified\":\"2026-04-21T16:55:04+00:00\",\"description\":\"Le premier s\u00e9minaire juridique de l'ECCAA a examin\u00e9 les accords de services a\u00e9riens, la r\u00e9glementation de l'aviation et les d\u00e9fis qui fa\u00e7onnent la connectivit\u00e9 a\u00e9rienne dans les Cara\u00efbes\",\"breadcrumb\":{\"@id\":\"https:\/\/www.latitude-15.com\/fr\/un-seminaire-juridique-de-leccaa-met-en-lumiere-les-defis-de-la-connectivite-aerienne-dans-la-caraibe\/#breadcrumb\"},\"inLanguage\":\"fr-FR\",\"potentialAction\":[{\"@type\":\"ReadAction\",\"target\":[\"https:\/\/www.latitude-15.com\/fr\/un-seminaire-juridique-de-leccaa-met-en-lumiere-les-defis-de-la-connectivite-aerienne-dans-la-caraibe\/\"]}]},{\"@type\":\"ImageObject\",\"inLanguage\":\"fr-FR\",\"@id\":\"https:\/\/www.latitude-15.com\/fr\/un-seminaire-juridique-de-leccaa-met-en-lumiere-les-defis-de-la-connectivite-aerienne-dans-la-caraibe\/#primaryimage\",\"url\":\"https:\/\/www.latitude-15.com\/wp-content\/uploads\/2026\/04\/zgqr.png\",\"contentUrl\":\"https:\/\/www.latitude-15.com\/wp-content\/uploads\/2026\/04\/zgqr.png\",\"width\":1316,\"height\":715},{\"@type\":\"BreadcrumbList\",\"@id\":\"https:\/\/www.latitude-15.com\/fr\/un-seminaire-juridique-de-leccaa-met-en-lumiere-les-defis-de-la-connectivite-aerienne-dans-la-caraibe\/#breadcrumb\",\"itemListElement\":[{\"@type\":\"ListItem\",\"position\":1,\"name\":\"Home\",\"item\":\"https:\/\/www.latitude-15.com\/fr\/accueil\/\"},{\"@type\":\"ListItem\",\"position\":2,\"name\":\"Un s\u00e9minaire juridique de l\u2019ECCAA met en lumi\u00e8re les d\u00e9fis de la connectivit\u00e9 a\u00e9rienne dans la Cara\u00efbe\"}]},{\"@type\":\"WebSite\",\"@id\":\"https:\/\/www.latitude-15.com\/fr\/#website\",\"url\":\"https:\/\/www.latitude-15.com\/fr\/\",\"name\":\"LATITUDE 15\",\"description\":\"Aviation and maritime Magazine - Caribbean &amp; Latin America\",\"publisher\":{\"@id\":\"https:\/\/www.latitude-15.com\/fr\/#organization\"},\"potentialAction\":[{\"@type\":\"SearchAction\",\"target\":{\"@type\":\"EntryPoint\",\"urlTemplate\":\"https:\/\/www.latitude-15.com\/fr\/?s={search_term_string}\"},\"query-input\":{\"@type\":\"PropertyValueSpecification\",\"valueRequired\":true,\"valueName\":\"search_term_string\"}}],\"inLanguage\":\"fr-FR\"},{\"@type\":\"Organization\",\"@id\":\"https:\/\/www.latitude-15.com\/fr\/#organization\",\"name\":\"LATITUDE 15\",\"url\":\"https:\/\/www.latitude-15.com\/fr\/\",\"logo\":{\"@type\":\"ImageObject\",\"inLanguage\":\"fr-FR\",\"@id\":\"https:\/\/www.latitude-15.com\/fr\/#\/schema\/logo\/image\/\",\"url\":\"https:\/\/www.latitude-15.com\/wp-content\/uploads\/2026\/01\/cropped-logox500px.png\",\"contentUrl\":\"https:\/\/www.latitude-15.com\/wp-content\/uploads\/2026\/01\/cropped-logox500px.png\",\"width\":62,\"height\":75,\"caption\":\"LATITUDE 15\"},\"image\":{\"@id\":\"https:\/\/www.latitude-15.com\/fr\/#\/schema\/logo\/image\/\"}},{\"@type\":\"Person\",\"@id\":\"https:\/\/www.latitude-15.com\/fr\/#\/schema\/person\/dac52e7ff44c78317f337da112e37252\",\"name\":\"Joda J\",\"image\":{\"@type\":\"ImageObject\",\"inLanguage\":\"fr-FR\",\"@id\":\"https:\/\/www.latitude-15.com\/fr\/#\/schema\/person\/image\/\",\"url\":\"https:\/\/secure.gravatar.com\/avatar\/6b1feae555e15404b76616f92d931d12b25ac58024f14ccb43d9d3c012e4c4cf?s=96&d=mm&r=g\",\"contentUrl\":\"https:\/\/secure.gravatar.com\/avatar\/6b1feae555e15404b76616f92d931d12b25ac58024f14ccb43d9d3c012e4c4cf?s=96&d=mm&r=g\",\"caption\":\"Joda J\"},\"url\":\"https:\/\/www.latitude-15.com\/fr\/author\/joda\/\"}]}<\/script>\n<!-- \/ Yoast SEO plugin. -->","yoast_head_json":{"title":"Un s\u00e9minaire juridique de l\u2019ECCAA met en lumi\u00e8re les d\u00e9fis de la connectivit\u00e9 a\u00e9rienne dans la Cara\u00efbe - LATITUDE 15","description":"Le premier s\u00e9minaire juridique de l'ECCAA a examin\u00e9 les accords de services a\u00e9riens, la r\u00e9glementation de l'aviation et les d\u00e9fis qui fa\u00e7onnent la connectivit\u00e9 a\u00e9rienne dans les Cara\u00efbes","robots":{"index":"index","follow":"follow","max-snippet":"max-snippet:-1","max-image-preview":"max-image-preview:large","max-video-preview":"max-video-preview:-1"},"canonical":"https:\/\/www.latitude-15.com\/fr\/un-seminaire-juridique-de-leccaa-met-en-lumiere-les-defis-de-la-connectivite-aerienne-dans-la-caraibe\/","og_locale":"fr_FR","og_type":"article","og_title":"Un s\u00e9minaire juridique de l\u2019ECCAA met en lumi\u00e8re les d\u00e9fis de la connectivit\u00e9 a\u00e9rienne dans la Cara\u00efbe - LATITUDE 15","og_description":"Le premier s\u00e9minaire juridique de l'ECCAA a examin\u00e9 les accords de services a\u00e9riens, la r\u00e9glementation de l'aviation et les d\u00e9fis qui fa\u00e7onnent la connectivit\u00e9 a\u00e9rienne dans les Cara\u00efbes","og_url":"https:\/\/www.latitude-15.com\/fr\/un-seminaire-juridique-de-leccaa-met-en-lumiere-les-defis-de-la-connectivite-aerienne-dans-la-caraibe\/","og_site_name":"LATITUDE 15","article_published_time":"2026-04-17T13:20:00+00:00","article_modified_time":"2026-04-21T16:55:04+00:00","og_image":[{"width":1316,"height":715,"url":"https:\/\/www.latitude-15.com\/wp-content\/uploads\/2026\/04\/zgqr.png","type":"image\/png"}],"author":"Joda J","twitter_card":"summary_large_image","twitter_misc":{"\u00c9crit par":"Joda J","Dur\u00e9e de lecture estim\u00e9e":"6 minutes"},"schema":{"@context":"https:\/\/schema.org","@graph":[{"@type":"Article","@id":"https:\/\/www.latitude-15.com\/fr\/un-seminaire-juridique-de-leccaa-met-en-lumiere-les-defis-de-la-connectivite-aerienne-dans-la-caraibe\/#article","isPartOf":{"@id":"https:\/\/www.latitude-15.com\/fr\/un-seminaire-juridique-de-leccaa-met-en-lumiere-les-defis-de-la-connectivite-aerienne-dans-la-caraibe\/"},"author":{"name":"Joda J","@id":"https:\/\/www.latitude-15.com\/fr\/#\/schema\/person\/dac52e7ff44c78317f337da112e37252"},"headline":"Un s\u00e9minaire juridique de l\u2019ECCAA met en lumi\u00e8re les d\u00e9fis de la connectivit\u00e9 a\u00e9rienne dans la Cara\u00efbe","datePublished":"2026-04-17T13:20:00+00:00","dateModified":"2026-04-21T16:55:04+00:00","mainEntityOfPage":{"@id":"https:\/\/www.latitude-15.com\/fr\/un-seminaire-juridique-de-leccaa-met-en-lumiere-les-defis-de-la-connectivite-aerienne-dans-la-caraibe\/"},"wordCount":1203,"commentCount":0,"publisher":{"@id":"https:\/\/www.latitude-15.com\/fr\/#organization"},"image":{"@id":"https:\/\/www.latitude-15.com\/fr\/un-seminaire-juridique-de-leccaa-met-en-lumiere-les-defis-de-la-connectivite-aerienne-dans-la-caraibe\/#primaryimage"},"thumbnailUrl":"https:\/\/www.latitude-15.com\/wp-content\/uploads\/2026\/04\/zgqr.png","articleSection":["AVIATION","Connectivit\u00e9 a\u00e9rienne et Attractivit\u00e9 territoriale"],"inLanguage":"fr-FR","potentialAction":[{"@type":"CommentAction","name":"Comment","target":["https:\/\/www.latitude-15.com\/fr\/un-seminaire-juridique-de-leccaa-met-en-lumiere-les-defis-de-la-connectivite-aerienne-dans-la-caraibe\/#respond"]}]},{"@type":"WebPage","@id":"https:\/\/www.latitude-15.com\/fr\/un-seminaire-juridique-de-leccaa-met-en-lumiere-les-defis-de-la-connectivite-aerienne-dans-la-caraibe\/","url":"https:\/\/www.latitude-15.com\/fr\/un-seminaire-juridique-de-leccaa-met-en-lumiere-les-defis-de-la-connectivite-aerienne-dans-la-caraibe\/","name":"Un s\u00e9minaire juridique de l\u2019ECCAA met en lumi\u00e8re les d\u00e9fis de la connectivit\u00e9 a\u00e9rienne dans la Cara\u00efbe - LATITUDE 15","isPartOf":{"@id":"https:\/\/www.latitude-15.com\/fr\/#website"},"primaryImageOfPage":{"@id":"https:\/\/www.latitude-15.com\/fr\/un-seminaire-juridique-de-leccaa-met-en-lumiere-les-defis-de-la-connectivite-aerienne-dans-la-caraibe\/#primaryimage"},"image":{"@id":"https:\/\/www.latitude-15.com\/fr\/un-seminaire-juridique-de-leccaa-met-en-lumiere-les-defis-de-la-connectivite-aerienne-dans-la-caraibe\/#primaryimage"},"thumbnailUrl":"https:\/\/www.latitude-15.com\/wp-content\/uploads\/2026\/04\/zgqr.png","datePublished":"2026-04-17T13:20:00+00:00","dateModified":"2026-04-21T16:55:04+00:00","description":"Le premier s\u00e9minaire juridique de l'ECCAA a examin\u00e9 les accords de services a\u00e9riens, la r\u00e9glementation de l'aviation et les d\u00e9fis qui fa\u00e7onnent la connectivit\u00e9 a\u00e9rienne dans les Cara\u00efbes","breadcrumb":{"@id":"https:\/\/www.latitude-15.com\/fr\/un-seminaire-juridique-de-leccaa-met-en-lumiere-les-defis-de-la-connectivite-aerienne-dans-la-caraibe\/#breadcrumb"},"inLanguage":"fr-FR","potentialAction":[{"@type":"ReadAction","target":["https:\/\/www.latitude-15.com\/fr\/un-seminaire-juridique-de-leccaa-met-en-lumiere-les-defis-de-la-connectivite-aerienne-dans-la-caraibe\/"]}]},{"@type":"ImageObject","inLanguage":"fr-FR","@id":"https:\/\/www.latitude-15.com\/fr\/un-seminaire-juridique-de-leccaa-met-en-lumiere-les-defis-de-la-connectivite-aerienne-dans-la-caraibe\/#primaryimage","url":"https:\/\/www.latitude-15.com\/wp-content\/uploads\/2026\/04\/zgqr.png","contentUrl":"https:\/\/www.latitude-15.com\/wp-content\/uploads\/2026\/04\/zgqr.png","width":1316,"height":715},{"@type":"BreadcrumbList","@id":"https:\/\/www.latitude-15.com\/fr\/un-seminaire-juridique-de-leccaa-met-en-lumiere-les-defis-de-la-connectivite-aerienne-dans-la-caraibe\/#breadcrumb","itemListElement":[{"@type":"ListItem","position":1,"name":"Home","item":"https:\/\/www.latitude-15.com\/fr\/accueil\/"},{"@type":"ListItem","position":2,"name":"Un s\u00e9minaire juridique de l\u2019ECCAA met en lumi\u00e8re les d\u00e9fis de la connectivit\u00e9 a\u00e9rienne dans la Cara\u00efbe"}]},{"@type":"WebSite","@id":"https:\/\/www.latitude-15.com\/fr\/#website","url":"https:\/\/www.latitude-15.com\/fr\/","name":"LATITUDE 15","description":"Aviation and maritime Magazine - Caribbean &amp; Latin America","publisher":{"@id":"https:\/\/www.latitude-15.com\/fr\/#organization"},"potentialAction":[{"@type":"SearchAction","target":{"@type":"EntryPoint","urlTemplate":"https:\/\/www.latitude-15.com\/fr\/?s={search_term_string}"},"query-input":{"@type":"PropertyValueSpecification","valueRequired":true,"valueName":"search_term_string"}}],"inLanguage":"fr-FR"},{"@type":"Organization","@id":"https:\/\/www.latitude-15.com\/fr\/#organization","name":"LATITUDE 15","url":"https:\/\/www.latitude-15.com\/fr\/","logo":{"@type":"ImageObject","inLanguage":"fr-FR","@id":"https:\/\/www.latitude-15.com\/fr\/#\/schema\/logo\/image\/","url":"https:\/\/www.latitude-15.com\/wp-content\/uploads\/2026\/01\/cropped-logox500px.png","contentUrl":"https:\/\/www.latitude-15.com\/wp-content\/uploads\/2026\/01\/cropped-logox500px.png","width":62,"height":75,"caption":"LATITUDE 15"},"image":{"@id":"https:\/\/www.latitude-15.com\/fr\/#\/schema\/logo\/image\/"}},{"@type":"Person","@id":"https:\/\/www.latitude-15.com\/fr\/#\/schema\/person\/dac52e7ff44c78317f337da112e37252","name":"Joda J","image":{"@type":"ImageObject","inLanguage":"fr-FR","@id":"https:\/\/www.latitude-15.com\/fr\/#\/schema\/person\/image\/","url":"https:\/\/secure.gravatar.com\/avatar\/6b1feae555e15404b76616f92d931d12b25ac58024f14ccb43d9d3c012e4c4cf?s=96&d=mm&r=g","contentUrl":"https:\/\/secure.gravatar.com\/avatar\/6b1feae555e15404b76616f92d931d12b25ac58024f14ccb43d9d3c012e4c4cf?s=96&d=mm&r=g","caption":"Joda J"},"url":"https:\/\/www.latitude-15.com\/fr\/author\/joda\/"}]}},"_links":{"self":[{"href":"https:\/\/www.latitude-15.com\/fr\/wp-json\/wp\/v2\/posts\/22795","targetHints":{"allow":["GET"]}}],"collection":[{"href":"https:\/\/www.latitude-15.com\/fr\/wp-json\/wp\/v2\/posts"}],"about":[{"href":"https:\/\/www.latitude-15.com\/fr\/wp-json\/wp\/v2\/types\/post"}],"author":[{"embeddable":true,"href":"https:\/\/www.latitude-15.com\/fr\/wp-json\/wp\/v2\/users\/5"}],"replies":[{"embeddable":true,"href":"https:\/\/www.latitude-15.com\/fr\/wp-json\/wp\/v2\/comments?post=22795"}],"version-history":[{"count":1,"href":"https:\/\/www.latitude-15.com\/fr\/wp-json\/wp\/v2\/posts\/22795\/revisions"}],"predecessor-version":[{"id":22796,"href":"https:\/\/www.latitude-15.com\/fr\/wp-json\/wp\/v2\/posts\/22795\/revisions\/22796"}],"wp:featuredmedia":[{"embeddable":true,"href":"https:\/\/www.latitude-15.com\/fr\/wp-json\/wp\/v2\/media\/22794"}],"wp:attachment":[{"href":"https:\/\/www.latitude-15.com\/fr\/wp-json\/wp\/v2\/media?parent=22795"}],"wp:term":[{"taxonomy":"category","embeddable":true,"href":"https:\/\/www.latitude-15.com\/fr\/wp-json\/wp\/v2\/categories?post=22795"},{"taxonomy":"post_tag","embeddable":true,"href":"https:\/\/www.latitude-15.com\/fr\/wp-json\/wp\/v2\/tags?post=22795"}],"curies":[{"name":"wp","href":"https:\/\/api.w.org\/{rel}","templated":true}]}}