{"id":22701,"date":"2026-04-15T13:23:01","date_gmt":"2026-04-15T17:23:01","guid":{"rendered":"https:\/\/www.latitude-15.com\/au-dela-des-infrastructures-ce-que-quito-revele-sur-laeroport-de-demain\/"},"modified":"2026-04-21T13:05:14","modified_gmt":"2026-04-21T17:05:14","slug":"au-dela-des-infrastructures-ce-que-quito-revele-sur-laeroport-de-demain","status":"publish","type":"post","link":"https:\/\/www.latitude-15.com\/fr\/au-dela-des-infrastructures-ce-que-quito-revele-sur-laeroport-de-demain\/","title":{"rendered":"ACI LAC Quito : Au-del\u00e0 des infrastructures, ce que Quito r\u00e9v\u00e8le sur l\u2019a\u00e9roport de demain"},"content":{"rendered":"\n<p>Les a\u00e9roports red\u00e9finissent progressivement leur r\u00f4le dans l\u2019\u00e9conomie mondiale. Longtemps per\u00e7us uniquement comme des infrastructures destin\u00e9es \u00e0 faire circuler avions, passagers et marchandises, ils \u00e9voluent d\u00e9sormais vers des plateformes capables de structurer des activit\u00e9s logistiques, industrielles et urbaines. <\/p>\n\n<p>Cette transformation \u00e9tait au c\u0153ur des discussions lors de l\u2019ACI Airport Day Quito, organis\u00e9 le 11 mars 2026 par Airports Council International \u2013 Latin America and the Caribbean (ACI-LAC) avec le soutien de Corporaci\u00f3n Quiport. L\u2019\u00e9v\u00e9nement a r\u00e9uni exploitants d\u2019a\u00e9roports, dirigeants de compagnies a\u00e9riennes et experts du secteur pour \u00e9changer sur l\u2019\u00e9volution du r\u00f4le des a\u00e9roports dans le d\u00e9veloppement \u00e9conomique r\u00e9gional. Les d\u00e9bats ont notamment port\u00e9 sur les airport cities, la strat\u00e9gie cargo et la transformation num\u00e9rique de l\u2019\u00e9cosyst\u00e8me a\u00e9rien. <\/p>\n\n<p>Au fil des panels \u2013 consacr\u00e9s aux villes a\u00e9roportuaires, au fret a\u00e9rien ou encore \u00e0 la vision des dirigeants du secteur \u2013 un constat s\u2019est impos\u00e9 : les a\u00e9roports d\u00e9passent d\u00e9sormais largement leur fonction traditionnelle d\u2019infrastructures de transport.<\/p>\n\n<figure class=\"wp-block-image size-large\"><img fetchpriority=\"high\" decoding=\"async\" width=\"1024\" height=\"684\" src=\"https:\/\/www.latitude-15.com\/wp-content\/uploads\/2026\/04\/dsc07069_55145364271_o-1024x684.jpg\" alt=\"\" class=\"wp-image-22669\" srcset=\"https:\/\/www.latitude-15.com\/wp-content\/uploads\/2026\/04\/dsc07069_55145364271_o-1024x684.jpg 1024w, https:\/\/www.latitude-15.com\/wp-content\/uploads\/2026\/04\/dsc07069_55145364271_o-300x200.jpg 300w, https:\/\/www.latitude-15.com\/wp-content\/uploads\/2026\/04\/dsc07069_55145364271_o-768x513.jpg 768w, https:\/\/www.latitude-15.com\/wp-content\/uploads\/2026\/04\/dsc07069_55145364271_o-1536x1026.jpg 1536w, https:\/\/www.latitude-15.com\/wp-content\/uploads\/2026\/04\/dsc07069_55145364271_o-2048x1368.jpg 2048w, https:\/\/www.latitude-15.com\/wp-content\/uploads\/2026\/04\/dsc07069_55145364271_o-1320x882.jpg 1320w\" sizes=\"(max-width: 1024px) 100vw, 1024px\" \/><\/figure>\n\n<h2 class=\"wp-block-heading\">Les a\u00e9roports ne sont plus seulement des infrastructures<\/h2>\n\n<p>L\u2019un des th\u00e8mes r\u00e9currents de l\u2019\u00e9v\u00e9nement a \u00e9t\u00e9 la n\u00e9cessit\u00e9 de repenser la mani\u00e8re dont les a\u00e9roports sont per\u00e7us. Plusieurs intervenants ont soulign\u00e9 qu\u2019ils ne doivent plus \u00eatre consid\u00e9r\u00e9s uniquement comme des infrastructures permettant de d\u00e9placer avions, passagers et marchandises, mais comme de v\u00e9ritables moteurs d\u2019activit\u00e9 \u00e9conomique. <\/p>\n\n<p>Dans de nombreuses r\u00e9gions du monde, le concept d\u2019airport city s\u2019est progressivement impos\u00e9, en int\u00e9grant au p\u00e9rim\u00e8tre a\u00e9roportuaire des activit\u00e9s commerciales, immobili\u00e8res et logistiques. En Am\u00e9rique latine, cette \u00e9volution est plus r\u00e9cente. Au cours des vingt derni\u00e8res ann\u00e9es, la priorit\u00e9 a surtout \u00e9t\u00e9 donn\u00e9e \u00e0 la modernisation des infrastructures a\u00e9roportuaires, afin de garantir le bon fonctionnement des op\u00e9rations a\u00e9riennes, du traitement des passagers et de la gestion du fret.  <\/p>\n\n<p>Aujourd\u2019hui, de nombreux a\u00e9roports arrivent \u00e0 un nouveau stade de maturit\u00e9 et commencent \u00e0 explorer une nouvelle \u00e9tape : d\u00e9velopper de v\u00e9ritables \u00e9cosyst\u00e8mes \u00e9conomiques autour de leurs infrastructures.<\/p>\n\n<p>Plusieurs exemples pr\u00e9sent\u00e9s lors du panel illustrent cette transformation. Des projets immobiliers li\u00e9s aux a\u00e9roports, de nouvelles zones commerciales ou encore des d\u00e9veloppements h\u00f4teliers apparaissent progressivement dans les zones a\u00e9roportuaires. Le message est clair : les a\u00e9roports s\u2019affirment de plus en plus comme des plateformes de d\u00e9veloppement pour leurs territoires.  <\/p>\n\n<figure class=\"wp-block-image size-large\"><img decoding=\"async\" width=\"1024\" height=\"684\" data-src=\"https:\/\/www.latitude-15.com\/wp-content\/uploads\/2026\/04\/dsc07352_55145737480_o-1024x684.jpg\" alt=\"\" class=\"wp-image-22674 lazyload\" data-srcset=\"https:\/\/www.latitude-15.com\/wp-content\/uploads\/2026\/04\/dsc07352_55145737480_o-1024x684.jpg 1024w, https:\/\/www.latitude-15.com\/wp-content\/uploads\/2026\/04\/dsc07352_55145737480_o-300x200.jpg 300w, https:\/\/www.latitude-15.com\/wp-content\/uploads\/2026\/04\/dsc07352_55145737480_o-768x513.jpg 768w, https:\/\/www.latitude-15.com\/wp-content\/uploads\/2026\/04\/dsc07352_55145737480_o-1536x1026.jpg 1536w, https:\/\/www.latitude-15.com\/wp-content\/uploads\/2026\/04\/dsc07352_55145737480_o-2048x1368.jpg 2048w, https:\/\/www.latitude-15.com\/wp-content\/uploads\/2026\/04\/dsc07352_55145737480_o-1320x882.jpg 1320w\" data-sizes=\"(max-width: 1024px) 100vw, 1024px\" src=\"data:image\/svg+xml;base64,PHN2ZyB3aWR0aD0iMSIgaGVpZ2h0PSIxIiB4bWxucz0iaHR0cDovL3d3dy53My5vcmcvMjAwMC9zdmciPjwvc3ZnPg==\" style=\"--smush-placeholder-width: 1024px; --smush-placeholder-aspect-ratio: 1024\/684;\" \/><\/figure>\n\n<h2 class=\"wp-block-heading\">Des \u00e9cosyst\u00e8mes industriels \u00e9mergent autour des a\u00e9roports<\/h2>\n\n<p>Au-del\u00e0 des activit\u00e9s commerciales ou immobili\u00e8res, certains a\u00e9roports deviennent \u00e9galement des points d\u2019ancrage pour de v\u00e9ritables clusters industriels.<\/p>\n\n<p>L\u2019exemple de l\u2019a\u00e9roport international de Quer\u00e9taro, au Mexique, a particuli\u00e8rement retenu l\u2019attention. Ouvert en 2004, l\u2019a\u00e9roport a vu l\u2019arriv\u00e9e, quelques mois plus tard, du constructeur a\u00e9ronautique Bombardier, ce qui a entra\u00een\u00e9 la cr\u00e9ation d\u2019un parc industriel de 83 hectares dans l\u2019enceinte a\u00e9roportuaire. <\/p>\n\n<p>Au fil des ann\u00e9es, la r\u00e9gion s\u2019est transform\u00e9e en un p\u00f4le majeur de l\u2019industrie a\u00e9ronautique. Les entreprises implant\u00e9es \u00e0 Quer\u00e9taro produisent aujourd\u2019hui des composants structurels d\u2019avions, des syst\u00e8mes de trains d\u2019atterrissage, de l\u2019avionique et d\u2019autres \u00e9quipements a\u00e9ronautiques avanc\u00e9s. Selon les intervenants, la r\u00e9gion est devenue l\u2019une des destinations les plus attractives au monde pour les investissements \u00e9trangers dans l\u2019a\u00e9rospatial.  <\/p>\n\n<p>Cet \u00e9cosyst\u00e8me ne se limite pas \u00e0 l\u2019industrie. Une universit\u00e9 publique sp\u00e9cialis\u00e9e dans les formations a\u00e9ronautiques a \u00e9galement \u00e9t\u00e9 cr\u00e9\u00e9e \u00e0 proximit\u00e9 de l\u2019a\u00e9roport afin de soutenir le d\u00e9veloppement du secteur.  <\/p>\n\n<p>Ce mod\u00e8le illustre comment industrie, formation et infrastructures a\u00e9roportuaires peuvent se structurer autour d\u2019un m\u00eame territoire.<\/p>\n\n<figure class=\"wp-block-image size-large\"><img decoding=\"async\" width=\"1024\" height=\"684\" data-src=\"https:\/\/www.latitude-15.com\/wp-content\/uploads\/2026\/04\/dsc07134_55145363961_o-1024x684.jpg\" alt=\"\" class=\"wp-image-22672 lazyload\" data-srcset=\"https:\/\/www.latitude-15.com\/wp-content\/uploads\/2026\/04\/dsc07134_55145363961_o-1024x684.jpg 1024w, https:\/\/www.latitude-15.com\/wp-content\/uploads\/2026\/04\/dsc07134_55145363961_o-300x200.jpg 300w, https:\/\/www.latitude-15.com\/wp-content\/uploads\/2026\/04\/dsc07134_55145363961_o-768x513.jpg 768w, https:\/\/www.latitude-15.com\/wp-content\/uploads\/2026\/04\/dsc07134_55145363961_o-1536x1026.jpg 1536w, https:\/\/www.latitude-15.com\/wp-content\/uploads\/2026\/04\/dsc07134_55145363961_o-2048x1368.jpg 2048w, https:\/\/www.latitude-15.com\/wp-content\/uploads\/2026\/04\/dsc07134_55145363961_o-1320x882.jpg 1320w\" data-sizes=\"(max-width: 1024px) 100vw, 1024px\" src=\"data:image\/svg+xml;base64,PHN2ZyB3aWR0aD0iMSIgaGVpZ2h0PSIxIiB4bWxucz0iaHR0cDovL3d3dy53My5vcmcvMjAwMC9zdmciPjwvc3ZnPg==\" style=\"--smush-placeholder-width: 1024px; --smush-placeholder-aspect-ratio: 1024\/684;\" \/><\/figure>\n\n<h2 class=\"wp-block-heading\">Le cargo devient un pilier strat\u00e9gique<\/h2>\n\n<p>Autre enseignement majeur des discussions : l\u2019importance croissante du fret a\u00e9rien dans les strat\u00e9gies a\u00e9roportuaires.<\/p>\n\n<h3 class=\"wp-block-heading\">Si le transport a\u00e9rien de marchandises ne repr\u00e9sente qu\u2019environ 1 % du commerce mondial en volume, il correspond \u00e0 pr\u00e8s de 30 % de sa valeur.<\/h3>\n\n<p>Ce d\u00e9calage souligne la nature hautement strat\u00e9gique des marchandises transport\u00e9es par avion \u2013 qu\u2019il s\u2019agisse de produits pharmaceutiques, d\u2019\u00e9lectronique ou de produits p\u00e9rissables \u2013 et explique pourquoi le cargo devient un \u00e9l\u00e9ment central dans les strat\u00e9gies de d\u00e9veloppement des a\u00e9roports.<\/p>\n\n<p>Quito en constitue un exemple particuli\u00e8rement parlant. Depuis 2013, l\u2019a\u00e9roport international Mariscal Sucre a trait\u00e9 2,8 millions de tonnes de fret, atteignant un record historique de 406 754 tonnes en 2025. <\/p>\n\n<p>La structure du trafic cargo y est \u00e9galement tr\u00e8s sp\u00e9cifique : environ 92 % des exportations correspondent \u00e0 des fleurs, ce qui fait de l\u2019a\u00e9roport un maillon essentiel pour l\u2019industrie floricole \u00e9quatorienne.<\/p>\n\n<p>Cette sp\u00e9cialisation illustre la mani\u00e8re dont les a\u00e9roports peuvent s\u2019int\u00e9grer profond\u00e9ment dans les cha\u00eenes de valeur r\u00e9gionales.<\/p>\n\n<figure class=\"wp-block-image size-large\"><img decoding=\"async\" width=\"1024\" height=\"684\" data-src=\"https:\/\/www.latitude-15.com\/wp-content\/uploads\/2026\/04\/dsc07255_55145518688_o-1024x684.jpg\" alt=\"\" class=\"wp-image-22676 lazyload\" data-srcset=\"https:\/\/www.latitude-15.com\/wp-content\/uploads\/2026\/04\/dsc07255_55145518688_o-1024x684.jpg 1024w, https:\/\/www.latitude-15.com\/wp-content\/uploads\/2026\/04\/dsc07255_55145518688_o-300x200.jpg 300w, https:\/\/www.latitude-15.com\/wp-content\/uploads\/2026\/04\/dsc07255_55145518688_o-768x513.jpg 768w, https:\/\/www.latitude-15.com\/wp-content\/uploads\/2026\/04\/dsc07255_55145518688_o-1536x1026.jpg 1536w, https:\/\/www.latitude-15.com\/wp-content\/uploads\/2026\/04\/dsc07255_55145518688_o-2048x1368.jpg 2048w, https:\/\/www.latitude-15.com\/wp-content\/uploads\/2026\/04\/dsc07255_55145518688_o-1320x882.jpg 1320w\" data-sizes=\"(max-width: 1024px) 100vw, 1024px\" src=\"data:image\/svg+xml;base64,PHN2ZyB3aWR0aD0iMSIgaGVpZ2h0PSIxIiB4bWxucz0iaHR0cDovL3d3dy53My5vcmcvMjAwMC9zdmciPjwvc3ZnPg==\" style=\"--smush-placeholder-width: 1024px; --smush-placeholder-aspect-ratio: 1024\/684;\" \/><\/figure>\n\n<h2 class=\"wp-block-heading\">Le e-commerce transforme la logistique a\u00e9roportuaire<\/h2>\n\n<p>La croissance rapide du commerce \u00e9lectronique constitue \u00e9galement un facteur majeur de transformation pour les op\u00e9rations cargo.<\/p>\n\n<p>En \u00c9quateur, les intervenants ont indiqu\u00e9 que la part du e-commerce dans les volumes de fret \u00e9tait d\u2019environ 15 % en 2023, avant d\u2019atteindre 35 % en 2025.<\/p>\n\n<p>Cette \u00e9volution impose de nouvelles exigences op\u00e9rationnelles. Le e-commerce n\u00e9cessite des d\u00e9lais de traitement plus courts, des cha\u00eenes logistiques plus agiles et une coordination renforc\u00e9e entre les diff\u00e9rents acteurs du secteur. <\/p>\n\n<p>Plusieurs intervenants ont ainsi insist\u00e9 sur l\u2019importance de la collaboration entre compagnies a\u00e9riennes, op\u00e9rateurs de terminaux cargo, entreprises logistiques et autorit\u00e9s publiques. La digitalisation a \u00e9galement \u00e9t\u00e9 pr\u00e9sent\u00e9e comme un levier essentiel pour am\u00e9liorer la visibilit\u00e9 et la fluidit\u00e9 des op\u00e9rations.  <\/p>\n\n<figure class=\"wp-block-image size-large\"><img decoding=\"async\" width=\"1024\" height=\"684\" data-src=\"https:\/\/www.latitude-15.com\/wp-content\/uploads\/2026\/04\/dsc07478_55145736335_o-1024x684.jpg\" alt=\"\" class=\"wp-image-22685 lazyload\" data-srcset=\"https:\/\/www.latitude-15.com\/wp-content\/uploads\/2026\/04\/dsc07478_55145736335_o-1024x684.jpg 1024w, https:\/\/www.latitude-15.com\/wp-content\/uploads\/2026\/04\/dsc07478_55145736335_o-300x200.jpg 300w, https:\/\/www.latitude-15.com\/wp-content\/uploads\/2026\/04\/dsc07478_55145736335_o-768x513.jpg 768w, https:\/\/www.latitude-15.com\/wp-content\/uploads\/2026\/04\/dsc07478_55145736335_o-1536x1026.jpg 1536w, https:\/\/www.latitude-15.com\/wp-content\/uploads\/2026\/04\/dsc07478_55145736335_o-2048x1368.jpg 2048w, https:\/\/www.latitude-15.com\/wp-content\/uploads\/2026\/04\/dsc07478_55145736335_o-1320x882.jpg 1320w\" data-sizes=\"(max-width: 1024px) 100vw, 1024px\" src=\"data:image\/svg+xml;base64,PHN2ZyB3aWR0aD0iMSIgaGVpZ2h0PSIxIiB4bWxucz0iaHR0cDovL3d3dy53My5vcmcvMjAwMC9zdmciPjwvc3ZnPg==\" style=\"--smush-placeholder-width: 1024px; --smush-placeholder-aspect-ratio: 1024\/684;\" \/><\/figure>\n\n<h2 class=\"wp-block-heading\">La coop\u00e9ration d\u00e9finira l\u2019a\u00e9roport de demain<\/h2>\n\n<p>Au-del\u00e0 des infrastructures, un message central ressort des \u00e9changes : les investissements physiques ne suffisent plus \u00e0 eux seuls.<\/p>\n\n<p>Les a\u00e9roports d\u00e9pendent d\u00e9sormais d\u2019une coop\u00e9ration \u00e9troite avec de nombreux acteurs, notamment les autorit\u00e9s locales, les gouvernements nationaux, les op\u00e9rateurs logistiques et les compagnies a\u00e9riennes. <\/p>\n\n<p>L\u2019exemple de l\u2019a\u00e9roport El Dorado de Bogot\u00e1 illustre cette dynamique. L\u2019infrastructure accueille pr\u00e8s de 46 millions de passagers par an et environ 850 000 tonnes de fret, g\u00e9n\u00e9rant 33 000 emplois directs et plus de 60 000 emplois dans le secteur a\u00e9rien \u00e0 l\u2019\u00e9chelle de la ville. <\/p>\n\n<p>Une telle activit\u00e9 n\u00e9cessite une planification coordonn\u00e9e entre l\u2019a\u00e9roport et son environnement urbain. Les autorit\u00e9s locales ont ainsi commenc\u00e9 \u00e0 int\u00e9grer le concept de \u00ab Bogot\u00e1 Ciudad-Aeropuerto \u00bb dans les strat\u00e9gies d\u2019am\u00e9nagement du territoire. <\/p>\n\n<p>Pour les exploitants a\u00e9roportuaires d\u2019Am\u00e9rique latine, le message est clair : la comp\u00e9titivit\u00e9 future d\u00e9pendra autant de la gouvernance, de l\u2019int\u00e9gration des donn\u00e9es et de la coop\u00e9ration institutionnelle que des investissements dans les infrastructures.<\/p>\n\n<figure class=\"wp-block-image size-large\"><img decoding=\"async\" width=\"1024\" height=\"684\" data-src=\"https:\/\/www.latitude-15.com\/wp-content\/uploads\/2026\/04\/dsc07219_55145738870_o-1024x684.jpg\" alt=\"\" class=\"wp-image-22678 lazyload\" data-srcset=\"https:\/\/www.latitude-15.com\/wp-content\/uploads\/2026\/04\/dsc07219_55145738870_o-1024x684.jpg 1024w, https:\/\/www.latitude-15.com\/wp-content\/uploads\/2026\/04\/dsc07219_55145738870_o-300x200.jpg 300w, https:\/\/www.latitude-15.com\/wp-content\/uploads\/2026\/04\/dsc07219_55145738870_o-768x513.jpg 768w, https:\/\/www.latitude-15.com\/wp-content\/uploads\/2026\/04\/dsc07219_55145738870_o-1536x1026.jpg 1536w, https:\/\/www.latitude-15.com\/wp-content\/uploads\/2026\/04\/dsc07219_55145738870_o-2048x1368.jpg 2048w, https:\/\/www.latitude-15.com\/wp-content\/uploads\/2026\/04\/dsc07219_55145738870_o-1320x882.jpg 1320w\" data-sizes=\"(max-width: 1024px) 100vw, 1024px\" src=\"data:image\/svg+xml;base64,PHN2ZyB3aWR0aD0iMSIgaGVpZ2h0PSIxIiB4bWxucz0iaHR0cDovL3d3dy53My5vcmcvMjAwMC9zdmciPjwvc3ZnPg==\" style=\"--smush-placeholder-width: 1024px; --smush-placeholder-aspect-ratio: 1024\/684;\" \/><\/figure>\n\n<h2 class=\"wp-block-heading\">Un nouveau r\u00f4le pour les a\u00e9roports<\/h2>\n\n<p>Les discussions men\u00e9es \u00e0 Quito montrent que l\u2019a\u00e9roport de demain sera tr\u00e8s diff\u00e9rent de celui d\u2019hier.<\/p>\n\n<h3 class=\"wp-block-heading\">Plut\u00f4t que de se limiter \u00e0 la gestion des mouvements d\u2019avions, les a\u00e9roports \u00e9voluent vers de v\u00e9ritables plateformes multifonctionnelles, combinant hubs logistiques, clusters industriels, d\u00e9veloppements immobiliers et \u00e9cosyst\u00e8mes d\u2019innovation.<\/h3>\n\n<p>En Am\u00e9rique latine et dans la Cara\u00efbe, cette transformation en est encore \u00e0 ses d\u00e9buts. Mais comme l\u2019ont montr\u00e9 les \u00e9changes \u00e0 Quito, cette \u00e9volution est d\u00e9j\u00e0 en marche. <\/p>\n\n<figure class=\"wp-block-image size-large\"><img decoding=\"async\" width=\"1024\" height=\"684\" data-src=\"https:\/\/www.latitude-15.com\/wp-content\/uploads\/2026\/04\/dsc07504_55144460947_o-1-1024x684.jpg\" alt=\"\" class=\"wp-image-22681 lazyload\" data-srcset=\"https:\/\/www.latitude-15.com\/wp-content\/uploads\/2026\/04\/dsc07504_55144460947_o-1-1024x684.jpg 1024w, https:\/\/www.latitude-15.com\/wp-content\/uploads\/2026\/04\/dsc07504_55144460947_o-1-300x200.jpg 300w, https:\/\/www.latitude-15.com\/wp-content\/uploads\/2026\/04\/dsc07504_55144460947_o-1-768x513.jpg 768w, https:\/\/www.latitude-15.com\/wp-content\/uploads\/2026\/04\/dsc07504_55144460947_o-1-1536x1026.jpg 1536w, https:\/\/www.latitude-15.com\/wp-content\/uploads\/2026\/04\/dsc07504_55144460947_o-1-2048x1368.jpg 2048w, https:\/\/www.latitude-15.com\/wp-content\/uploads\/2026\/04\/dsc07504_55144460947_o-1-1320x882.jpg 1320w\" data-sizes=\"(max-width: 1024px) 100vw, 1024px\" src=\"data:image\/svg+xml;base64,PHN2ZyB3aWR0aD0iMSIgaGVpZ2h0PSIxIiB4bWxucz0iaHR0cDovL3d3dy53My5vcmcvMjAwMC9zdmciPjwvc3ZnPg==\" style=\"--smush-placeholder-width: 1024px; --smush-placeholder-aspect-ratio: 1024\/684;\" \/><\/figure>\n","protected":false},"excerpt":{"rendered":"<p>Les a\u00e9roports red\u00e9finissent progressivement leur r\u00f4le dans l\u2019\u00e9conomie mondiale. Longtemps per\u00e7us uniquement comme des infrastructures destin\u00e9es \u00e0 faire circuler avions, passagers et marchandises, ils \u00e9voluent d\u00e9sormais vers des plateformes capables de structurer des activit\u00e9s logistiques, industrielles et urbaines. Cette transformation \u00e9tait au c\u0153ur des discussions lors de l\u2019ACI Airport Day Quito, organis\u00e9 le 11 mars [&hellip;]<\/p>\n","protected":false},"author":5,"featured_media":22700,"comment_status":"open","ping_status":"closed","sticky":false,"template":"","format":"standard","meta":{"footnotes":""},"categories":[97,106,164],"tags":[],"class_list":["post-22701","post","type-post","status-publish","format-standard","has-post-thumbnail","hentry","category-aviation-fr","category-revenus-commerciaux-extra-aeronautiques","category-spotlight-aviation"],"yoast_head":"<!-- This site is optimized with the Yoast SEO plugin v26.9 - https:\/\/yoast.com\/product\/yoast-seo-wordpress\/ -->\n<title>ACI LAC Quito : Au-del\u00e0 des infrastructures, ce que Quito r\u00e9v\u00e8le sur l\u2019a\u00e9roport de demain - LATITUDE 15<\/title>\n<meta name=\"description\" content=\"At ACI Airport Day in Quito, aviation leaders discussed airport cities, cargo growth | how airports are evolving into economic ecosystems.\" \/>\n<meta name=\"robots\" content=\"index, follow, max-snippet:-1, max-image-preview:large, max-video-preview:-1\" \/>\n<link rel=\"canonical\" href=\"https:\/\/www.latitude-15.com\/fr\/au-dela-des-infrastructures-ce-que-quito-revele-sur-laeroport-de-demain\/\" \/>\n<meta property=\"og:locale\" content=\"fr_FR\" \/>\n<meta property=\"og:type\" content=\"article\" \/>\n<meta property=\"og:title\" content=\"ACI LAC Quito : Au-del\u00e0 des infrastructures, ce que Quito r\u00e9v\u00e8le sur l\u2019a\u00e9roport de demain - LATITUDE 15\" \/>\n<meta property=\"og:description\" content=\"At ACI Airport Day in Quito, aviation leaders discussed airport cities, cargo growth | how airports are evolving into economic ecosystems.\" \/>\n<meta property=\"og:url\" content=\"https:\/\/www.latitude-15.com\/fr\/au-dela-des-infrastructures-ce-que-quito-revele-sur-laeroport-de-demain\/\" \/>\n<meta property=\"og:site_name\" content=\"LATITUDE 15\" \/>\n<meta property=\"article:published_time\" content=\"2026-04-15T17:23:01+00:00\" \/>\n<meta property=\"article:modified_time\" content=\"2026-04-21T17:05:14+00:00\" \/>\n<meta property=\"og:image\" content=\"https:\/\/www.latitude-15.com\/wp-content\/uploads\/2026\/04\/dsc07066_55145595919_o-scaled.jpg\" \/>\n\t<meta property=\"og:image:width\" content=\"2560\" \/>\n\t<meta property=\"og:image:height\" content=\"1710\" \/>\n\t<meta property=\"og:image:type\" content=\"image\/jpeg\" \/>\n<meta name=\"author\" content=\"Joda J\" \/>\n<meta name=\"twitter:card\" content=\"summary_large_image\" \/>\n<meta name=\"twitter:label1\" content=\"\u00c9crit par\" \/>\n\t<meta name=\"twitter:data1\" content=\"Joda J\" \/>\n\t<meta name=\"twitter:label2\" content=\"Dur\u00e9e de lecture estim\u00e9e\" \/>\n\t<meta name=\"twitter:data2\" content=\"6 minutes\" \/>\n<script type=\"application\/ld+json\" class=\"yoast-schema-graph\">{\"@context\":\"https:\/\/schema.org\",\"@graph\":[{\"@type\":\"Article\",\"@id\":\"https:\/\/www.latitude-15.com\/fr\/au-dela-des-infrastructures-ce-que-quito-revele-sur-laeroport-de-demain\/#article\",\"isPartOf\":{\"@id\":\"https:\/\/www.latitude-15.com\/fr\/au-dela-des-infrastructures-ce-que-quito-revele-sur-laeroport-de-demain\/\"},\"author\":{\"name\":\"Joda J\",\"@id\":\"https:\/\/www.latitude-15.com\/fr\/#\/schema\/person\/dac52e7ff44c78317f337da112e37252\"},\"headline\":\"ACI LAC Quito : Au-del\u00e0 des infrastructures, ce que Quito r\u00e9v\u00e8le sur l\u2019a\u00e9roport de demain\",\"datePublished\":\"2026-04-15T17:23:01+00:00\",\"dateModified\":\"2026-04-21T17:05:14+00:00\",\"mainEntityOfPage\":{\"@id\":\"https:\/\/www.latitude-15.com\/fr\/au-dela-des-infrastructures-ce-que-quito-revele-sur-laeroport-de-demain\/\"},\"wordCount\":1279,\"commentCount\":0,\"publisher\":{\"@id\":\"https:\/\/www.latitude-15.com\/fr\/#organization\"},\"image\":{\"@id\":\"https:\/\/www.latitude-15.com\/fr\/au-dela-des-infrastructures-ce-que-quito-revele-sur-laeroport-de-demain\/#primaryimage\"},\"thumbnailUrl\":\"https:\/\/www.latitude-15.com\/wp-content\/uploads\/2026\/04\/dsc07066_55145595919_o-scaled.jpg\",\"articleSection\":[\"AVIATION\",\"Revenus commerciaux et extra-a\u00e9ronautiques\",\"Spotlight aviation\"],\"inLanguage\":\"fr-FR\",\"potentialAction\":[{\"@type\":\"CommentAction\",\"name\":\"Comment\",\"target\":[\"https:\/\/www.latitude-15.com\/fr\/au-dela-des-infrastructures-ce-que-quito-revele-sur-laeroport-de-demain\/#respond\"]}]},{\"@type\":\"WebPage\",\"@id\":\"https:\/\/www.latitude-15.com\/fr\/au-dela-des-infrastructures-ce-que-quito-revele-sur-laeroport-de-demain\/\",\"url\":\"https:\/\/www.latitude-15.com\/fr\/au-dela-des-infrastructures-ce-que-quito-revele-sur-laeroport-de-demain\/\",\"name\":\"ACI LAC Quito : Au-del\u00e0 des infrastructures, ce que Quito r\u00e9v\u00e8le sur l\u2019a\u00e9roport de demain - LATITUDE 15\",\"isPartOf\":{\"@id\":\"https:\/\/www.latitude-15.com\/fr\/#website\"},\"primaryImageOfPage\":{\"@id\":\"https:\/\/www.latitude-15.com\/fr\/au-dela-des-infrastructures-ce-que-quito-revele-sur-laeroport-de-demain\/#primaryimage\"},\"image\":{\"@id\":\"https:\/\/www.latitude-15.com\/fr\/au-dela-des-infrastructures-ce-que-quito-revele-sur-laeroport-de-demain\/#primaryimage\"},\"thumbnailUrl\":\"https:\/\/www.latitude-15.com\/wp-content\/uploads\/2026\/04\/dsc07066_55145595919_o-scaled.jpg\",\"datePublished\":\"2026-04-15T17:23:01+00:00\",\"dateModified\":\"2026-04-21T17:05:14+00:00\",\"description\":\"At ACI Airport Day in Quito, aviation leaders discussed airport cities, cargo growth | how airports are evolving into economic ecosystems.\",\"breadcrumb\":{\"@id\":\"https:\/\/www.latitude-15.com\/fr\/au-dela-des-infrastructures-ce-que-quito-revele-sur-laeroport-de-demain\/#breadcrumb\"},\"inLanguage\":\"fr-FR\",\"potentialAction\":[{\"@type\":\"ReadAction\",\"target\":[\"https:\/\/www.latitude-15.com\/fr\/au-dela-des-infrastructures-ce-que-quito-revele-sur-laeroport-de-demain\/\"]}]},{\"@type\":\"ImageObject\",\"inLanguage\":\"fr-FR\",\"@id\":\"https:\/\/www.latitude-15.com\/fr\/au-dela-des-infrastructures-ce-que-quito-revele-sur-laeroport-de-demain\/#primaryimage\",\"url\":\"https:\/\/www.latitude-15.com\/wp-content\/uploads\/2026\/04\/dsc07066_55145595919_o-scaled.jpg\",\"contentUrl\":\"https:\/\/www.latitude-15.com\/wp-content\/uploads\/2026\/04\/dsc07066_55145595919_o-scaled.jpg\",\"width\":2560,\"height\":1710},{\"@type\":\"BreadcrumbList\",\"@id\":\"https:\/\/www.latitude-15.com\/fr\/au-dela-des-infrastructures-ce-que-quito-revele-sur-laeroport-de-demain\/#breadcrumb\",\"itemListElement\":[{\"@type\":\"ListItem\",\"position\":1,\"name\":\"Home\",\"item\":\"https:\/\/www.latitude-15.com\/fr\/accueil\/\"},{\"@type\":\"ListItem\",\"position\":2,\"name\":\"ACI LAC Quito : Au-del\u00e0 des infrastructures, ce que Quito r\u00e9v\u00e8le sur l\u2019a\u00e9roport de demain\"}]},{\"@type\":\"WebSite\",\"@id\":\"https:\/\/www.latitude-15.com\/fr\/#website\",\"url\":\"https:\/\/www.latitude-15.com\/fr\/\",\"name\":\"LATITUDE 15\",\"description\":\"Aviation and maritime Magazine - Caribbean &amp; Latin America\",\"publisher\":{\"@id\":\"https:\/\/www.latitude-15.com\/fr\/#organization\"},\"potentialAction\":[{\"@type\":\"SearchAction\",\"target\":{\"@type\":\"EntryPoint\",\"urlTemplate\":\"https:\/\/www.latitude-15.com\/fr\/?s={search_term_string}\"},\"query-input\":{\"@type\":\"PropertyValueSpecification\",\"valueRequired\":true,\"valueName\":\"search_term_string\"}}],\"inLanguage\":\"fr-FR\"},{\"@type\":\"Organization\",\"@id\":\"https:\/\/www.latitude-15.com\/fr\/#organization\",\"name\":\"LATITUDE 15\",\"url\":\"https:\/\/www.latitude-15.com\/fr\/\",\"logo\":{\"@type\":\"ImageObject\",\"inLanguage\":\"fr-FR\",\"@id\":\"https:\/\/www.latitude-15.com\/fr\/#\/schema\/logo\/image\/\",\"url\":\"https:\/\/www.latitude-15.com\/wp-content\/uploads\/2026\/01\/cropped-logox500px.png\",\"contentUrl\":\"https:\/\/www.latitude-15.com\/wp-content\/uploads\/2026\/01\/cropped-logox500px.png\",\"width\":62,\"height\":75,\"caption\":\"LATITUDE 15\"},\"image\":{\"@id\":\"https:\/\/www.latitude-15.com\/fr\/#\/schema\/logo\/image\/\"}},{\"@type\":\"Person\",\"@id\":\"https:\/\/www.latitude-15.com\/fr\/#\/schema\/person\/dac52e7ff44c78317f337da112e37252\",\"name\":\"Joda J\",\"image\":{\"@type\":\"ImageObject\",\"inLanguage\":\"fr-FR\",\"@id\":\"https:\/\/www.latitude-15.com\/fr\/#\/schema\/person\/image\/\",\"url\":\"https:\/\/secure.gravatar.com\/avatar\/6b1feae555e15404b76616f92d931d12b25ac58024f14ccb43d9d3c012e4c4cf?s=96&d=mm&r=g\",\"contentUrl\":\"https:\/\/secure.gravatar.com\/avatar\/6b1feae555e15404b76616f92d931d12b25ac58024f14ccb43d9d3c012e4c4cf?s=96&d=mm&r=g\",\"caption\":\"Joda J\"},\"url\":\"https:\/\/www.latitude-15.com\/fr\/author\/joda\/\"}]}<\/script>\n<!-- \/ Yoast SEO plugin. -->","yoast_head_json":{"title":"ACI LAC Quito : Au-del\u00e0 des infrastructures, ce que Quito r\u00e9v\u00e8le sur l\u2019a\u00e9roport de demain - LATITUDE 15","description":"At ACI Airport Day in Quito, aviation leaders discussed airport cities, cargo growth | how airports are evolving into economic ecosystems.","robots":{"index":"index","follow":"follow","max-snippet":"max-snippet:-1","max-image-preview":"max-image-preview:large","max-video-preview":"max-video-preview:-1"},"canonical":"https:\/\/www.latitude-15.com\/fr\/au-dela-des-infrastructures-ce-que-quito-revele-sur-laeroport-de-demain\/","og_locale":"fr_FR","og_type":"article","og_title":"ACI LAC Quito : Au-del\u00e0 des infrastructures, ce que Quito r\u00e9v\u00e8le sur l\u2019a\u00e9roport de demain - LATITUDE 15","og_description":"At ACI Airport Day in Quito, aviation leaders discussed airport cities, cargo growth | how airports are evolving into economic ecosystems.","og_url":"https:\/\/www.latitude-15.com\/fr\/au-dela-des-infrastructures-ce-que-quito-revele-sur-laeroport-de-demain\/","og_site_name":"LATITUDE 15","article_published_time":"2026-04-15T17:23:01+00:00","article_modified_time":"2026-04-21T17:05:14+00:00","og_image":[{"width":2560,"height":1710,"url":"https:\/\/www.latitude-15.com\/wp-content\/uploads\/2026\/04\/dsc07066_55145595919_o-scaled.jpg","type":"image\/jpeg"}],"author":"Joda J","twitter_card":"summary_large_image","twitter_misc":{"\u00c9crit par":"Joda J","Dur\u00e9e de lecture estim\u00e9e":"6 minutes"},"schema":{"@context":"https:\/\/schema.org","@graph":[{"@type":"Article","@id":"https:\/\/www.latitude-15.com\/fr\/au-dela-des-infrastructures-ce-que-quito-revele-sur-laeroport-de-demain\/#article","isPartOf":{"@id":"https:\/\/www.latitude-15.com\/fr\/au-dela-des-infrastructures-ce-que-quito-revele-sur-laeroport-de-demain\/"},"author":{"name":"Joda J","@id":"https:\/\/www.latitude-15.com\/fr\/#\/schema\/person\/dac52e7ff44c78317f337da112e37252"},"headline":"ACI LAC Quito : Au-del\u00e0 des infrastructures, ce que Quito r\u00e9v\u00e8le sur l\u2019a\u00e9roport de demain","datePublished":"2026-04-15T17:23:01+00:00","dateModified":"2026-04-21T17:05:14+00:00","mainEntityOfPage":{"@id":"https:\/\/www.latitude-15.com\/fr\/au-dela-des-infrastructures-ce-que-quito-revele-sur-laeroport-de-demain\/"},"wordCount":1279,"commentCount":0,"publisher":{"@id":"https:\/\/www.latitude-15.com\/fr\/#organization"},"image":{"@id":"https:\/\/www.latitude-15.com\/fr\/au-dela-des-infrastructures-ce-que-quito-revele-sur-laeroport-de-demain\/#primaryimage"},"thumbnailUrl":"https:\/\/www.latitude-15.com\/wp-content\/uploads\/2026\/04\/dsc07066_55145595919_o-scaled.jpg","articleSection":["AVIATION","Revenus commerciaux et extra-a\u00e9ronautiques","Spotlight aviation"],"inLanguage":"fr-FR","potentialAction":[{"@type":"CommentAction","name":"Comment","target":["https:\/\/www.latitude-15.com\/fr\/au-dela-des-infrastructures-ce-que-quito-revele-sur-laeroport-de-demain\/#respond"]}]},{"@type":"WebPage","@id":"https:\/\/www.latitude-15.com\/fr\/au-dela-des-infrastructures-ce-que-quito-revele-sur-laeroport-de-demain\/","url":"https:\/\/www.latitude-15.com\/fr\/au-dela-des-infrastructures-ce-que-quito-revele-sur-laeroport-de-demain\/","name":"ACI LAC Quito : Au-del\u00e0 des infrastructures, ce que Quito r\u00e9v\u00e8le sur l\u2019a\u00e9roport de demain - LATITUDE 15","isPartOf":{"@id":"https:\/\/www.latitude-15.com\/fr\/#website"},"primaryImageOfPage":{"@id":"https:\/\/www.latitude-15.com\/fr\/au-dela-des-infrastructures-ce-que-quito-revele-sur-laeroport-de-demain\/#primaryimage"},"image":{"@id":"https:\/\/www.latitude-15.com\/fr\/au-dela-des-infrastructures-ce-que-quito-revele-sur-laeroport-de-demain\/#primaryimage"},"thumbnailUrl":"https:\/\/www.latitude-15.com\/wp-content\/uploads\/2026\/04\/dsc07066_55145595919_o-scaled.jpg","datePublished":"2026-04-15T17:23:01+00:00","dateModified":"2026-04-21T17:05:14+00:00","description":"At ACI Airport Day in Quito, aviation leaders discussed airport cities, cargo growth | how airports are evolving into economic ecosystems.","breadcrumb":{"@id":"https:\/\/www.latitude-15.com\/fr\/au-dela-des-infrastructures-ce-que-quito-revele-sur-laeroport-de-demain\/#breadcrumb"},"inLanguage":"fr-FR","potentialAction":[{"@type":"ReadAction","target":["https:\/\/www.latitude-15.com\/fr\/au-dela-des-infrastructures-ce-que-quito-revele-sur-laeroport-de-demain\/"]}]},{"@type":"ImageObject","inLanguage":"fr-FR","@id":"https:\/\/www.latitude-15.com\/fr\/au-dela-des-infrastructures-ce-que-quito-revele-sur-laeroport-de-demain\/#primaryimage","url":"https:\/\/www.latitude-15.com\/wp-content\/uploads\/2026\/04\/dsc07066_55145595919_o-scaled.jpg","contentUrl":"https:\/\/www.latitude-15.com\/wp-content\/uploads\/2026\/04\/dsc07066_55145595919_o-scaled.jpg","width":2560,"height":1710},{"@type":"BreadcrumbList","@id":"https:\/\/www.latitude-15.com\/fr\/au-dela-des-infrastructures-ce-que-quito-revele-sur-laeroport-de-demain\/#breadcrumb","itemListElement":[{"@type":"ListItem","position":1,"name":"Home","item":"https:\/\/www.latitude-15.com\/fr\/accueil\/"},{"@type":"ListItem","position":2,"name":"ACI LAC Quito : Au-del\u00e0 des infrastructures, ce que Quito r\u00e9v\u00e8le sur l\u2019a\u00e9roport de demain"}]},{"@type":"WebSite","@id":"https:\/\/www.latitude-15.com\/fr\/#website","url":"https:\/\/www.latitude-15.com\/fr\/","name":"LATITUDE 15","description":"Aviation and maritime Magazine - Caribbean &amp; Latin America","publisher":{"@id":"https:\/\/www.latitude-15.com\/fr\/#organization"},"potentialAction":[{"@type":"SearchAction","target":{"@type":"EntryPoint","urlTemplate":"https:\/\/www.latitude-15.com\/fr\/?s={search_term_string}"},"query-input":{"@type":"PropertyValueSpecification","valueRequired":true,"valueName":"search_term_string"}}],"inLanguage":"fr-FR"},{"@type":"Organization","@id":"https:\/\/www.latitude-15.com\/fr\/#organization","name":"LATITUDE 15","url":"https:\/\/www.latitude-15.com\/fr\/","logo":{"@type":"ImageObject","inLanguage":"fr-FR","@id":"https:\/\/www.latitude-15.com\/fr\/#\/schema\/logo\/image\/","url":"https:\/\/www.latitude-15.com\/wp-content\/uploads\/2026\/01\/cropped-logox500px.png","contentUrl":"https:\/\/www.latitude-15.com\/wp-content\/uploads\/2026\/01\/cropped-logox500px.png","width":62,"height":75,"caption":"LATITUDE 15"},"image":{"@id":"https:\/\/www.latitude-15.com\/fr\/#\/schema\/logo\/image\/"}},{"@type":"Person","@id":"https:\/\/www.latitude-15.com\/fr\/#\/schema\/person\/dac52e7ff44c78317f337da112e37252","name":"Joda J","image":{"@type":"ImageObject","inLanguage":"fr-FR","@id":"https:\/\/www.latitude-15.com\/fr\/#\/schema\/person\/image\/","url":"https:\/\/secure.gravatar.com\/avatar\/6b1feae555e15404b76616f92d931d12b25ac58024f14ccb43d9d3c012e4c4cf?s=96&d=mm&r=g","contentUrl":"https:\/\/secure.gravatar.com\/avatar\/6b1feae555e15404b76616f92d931d12b25ac58024f14ccb43d9d3c012e4c4cf?s=96&d=mm&r=g","caption":"Joda J"},"url":"https:\/\/www.latitude-15.com\/fr\/author\/joda\/"}]}},"_links":{"self":[{"href":"https:\/\/www.latitude-15.com\/fr\/wp-json\/wp\/v2\/posts\/22701","targetHints":{"allow":["GET"]}}],"collection":[{"href":"https:\/\/www.latitude-15.com\/fr\/wp-json\/wp\/v2\/posts"}],"about":[{"href":"https:\/\/www.latitude-15.com\/fr\/wp-json\/wp\/v2\/types\/post"}],"author":[{"embeddable":true,"href":"https:\/\/www.latitude-15.com\/fr\/wp-json\/wp\/v2\/users\/5"}],"replies":[{"embeddable":true,"href":"https:\/\/www.latitude-15.com\/fr\/wp-json\/wp\/v2\/comments?post=22701"}],"version-history":[{"count":2,"href":"https:\/\/www.latitude-15.com\/fr\/wp-json\/wp\/v2\/posts\/22701\/revisions"}],"predecessor-version":[{"id":22917,"href":"https:\/\/www.latitude-15.com\/fr\/wp-json\/wp\/v2\/posts\/22701\/revisions\/22917"}],"wp:featuredmedia":[{"embeddable":true,"href":"https:\/\/www.latitude-15.com\/fr\/wp-json\/wp\/v2\/media\/22700"}],"wp:attachment":[{"href":"https:\/\/www.latitude-15.com\/fr\/wp-json\/wp\/v2\/media?parent=22701"}],"wp:term":[{"taxonomy":"category","embeddable":true,"href":"https:\/\/www.latitude-15.com\/fr\/wp-json\/wp\/v2\/categories?post=22701"},{"taxonomy":"post_tag","embeddable":true,"href":"https:\/\/www.latitude-15.com\/fr\/wp-json\/wp\/v2\/tags?post=22701"}],"curies":[{"name":"wp","href":"https:\/\/api.w.org\/{rel}","templated":true}]}}