{"id":22628,"date":"2026-04-10T14:25:29","date_gmt":"2026-04-10T18:25:29","guid":{"rendered":"https:\/\/www.latitude-15.com\/les-voyages-intra-regionaux-stimulent-la-croissance-de-laviation-en-amerique-latine\/"},"modified":"2026-04-13T06:01:07","modified_gmt":"2026-04-13T10:01:07","slug":"les-voyages-intra-regionaux-stimulent-la-croissance-de-laviation-en-amerique-latine","status":"publish","type":"post","link":"https:\/\/www.latitude-15.com\/fr\/les-voyages-intra-regionaux-stimulent-la-croissance-de-laviation-en-amerique-latine\/","title":{"rendered":"Les voyages intra-r\u00e9gionaux stimulent la croissance de l\u2019aviation en Am\u00e9rique latine"},"content":{"rendered":"\n<p><em>Les liaisons domestiques et r\u00e9gionales fa\u00e7onnent de plus en plus l\u2019expansion du transport a\u00e9rien en Am\u00e9rique latine et dans les Cara\u00efbes.<\/em><\/p>\n\n<p>Le secteur a\u00e9rien en Am\u00e9rique latine et dans les Cara\u00efbes a entam\u00e9 l\u2019ann\u00e9e 2026 avec une dynamique de reprise solide. Rien qu\u2019en janvier, le trafic a\u00e9rien dans la r\u00e9gion a atteint 45,1 millions de passagers, soit une hausse de 6,2 % par rapport \u00e0 janvier 2025, repr\u00e9sentant 2,63 millions de voyageurs suppl\u00e9mentaires. Mais au-del\u00e0 de ce chiffre global, les donn\u00e9es r\u00e9v\u00e8lent une \u00e9volution plus structurelle : la croissance du march\u00e9 a\u00e9rien r\u00e9gional est d\u00e9sormais principalement port\u00e9e par les voyages domestiques et intra-r\u00e9gionaux, plut\u00f4t que par les vols internationaux long-courriers.  <\/p>\n\n<p>Selon la <a href=\"https:\/\/alta.aero\/en\/news\/trafico-aereo-en-america-latina-y-el-caribe-crecio-62-interanual-en-enero\/\"><em>derni\u00e8re analyse de la Latin American and Caribbean Air Transport Association (ALTA)<\/em><\/a>, la dynamique la plus forte provient des vols \u00e0 l\u2019int\u00e9rieur m\u00eame de la r\u00e9gion, signalant une transformation progressive du paysage a\u00e9rien en Am\u00e9rique latine et dans les Cara\u00efbes.<\/p>\n\n<h2 class=\"wp-block-heading\">Un march\u00e9 a\u00e9rien r\u00e9gional de plus en plus int\u00e9gr\u00e9<\/h2>\n\n<p>La r\u00e9partition de la croissance du trafic illustre clairement l\u2019\u00e9volution du r\u00e9seau a\u00e9rien r\u00e9gional. Le trafic domestique a atteint 24,23 millions de passagers en janvier, enregistrant une croissance annuelle de 7,5 %, tandis que les liaisons internationales intra-r\u00e9gionales ont progress\u00e9 encore plus rapidement, avec 5,54 millions de passagers, soit une hausse de 9,2 %. \u00c0 titre de comparaison, le trafic international extra-r\u00e9gional n\u2019a augment\u00e9 que de 3,1 % sur la m\u00eame p\u00e9riode.  <\/p>\n\n<p>Ces chiffres sugg\u00e8rent que le syst\u00e8me a\u00e9rien en Am\u00e9rique latine et dans les Cara\u00efbes devient progressivement plus int\u00e9gr\u00e9 en interne. L\u2019augmentation des \u00e9changes \u00e9conomiques entre pays voisins, la progression des flux touristiques r\u00e9gionaux et l\u2019expansion des r\u00e9seaux a\u00e9riens \u00e0 l\u2019\u00e9chelle du continent renforcent les connexions entre des march\u00e9s qui d\u00e9pendaient historiquement de liaisons long-courriers vers l\u2019Am\u00e9rique du Nord ou l\u2019Europe. <\/p>\n\n<p>Les indicateurs de demande confirment cette tendance. La demande passagers mesur\u00e9e en Revenue Passenger Kilometers (RPK) a progress\u00e9 de 6,4 %, tandis que la capacit\u00e9 mesur\u00e9e en Available Seat Kilometers (ASK) a augment\u00e9 de 5,7 %. La croissance plus rapide de la demande a port\u00e9 le taux de remplissage moyen \u00e0 84,6 %, indiquant une utilisation de capacit\u00e9 de plus en plus efficace par les compagnies a\u00e9riennes dans l\u2019ensemble de la r\u00e9gion.  <\/p>\n\n<h2 class=\"wp-block-heading\">Le Br\u00e9sil s\u2019impose comme le principal moteur de l\u2019aviation r\u00e9gionale<\/h2>\n\n<p>Dans cette dynamique r\u00e9gionale plus large, un pays se distingue comme principal moteur : le Br\u00e9sil.<\/p>\n\n<p>Le march\u00e9 br\u00e9silien a repr\u00e9sent\u00e9 environ 44 % de l\u2019augmentation nette du nombre de passagers dans la r\u00e9gion en janvier. En combinant trafic domestique et international, le Br\u00e9sil repr\u00e9sentait 27,6 % du trafic a\u00e9rien total en Am\u00e9rique latine et dans les Cara\u00efbes, ce qui en fait de loin le plus grand march\u00e9 a\u00e9rien de la r\u00e9gion. <\/p>\n\n<p>L\u2019aviation domestique joue un r\u00f4le particuli\u00e8rement central. Le march\u00e9 int\u00e9rieur br\u00e9silien a enregistr\u00e9 17 mois cons\u00e9cutifs de croissance, refl\u00e9tant l\u2019importance des besoins de connectivit\u00e9 interne sur un territoire aussi vaste. Dans le m\u00eame temps, le trafic international a \u00e9galement franchi un nouveau cap, d\u00e9passant pour la premi\u00e8re fois les trois millions de passagers sur un seul mois.  <\/p>\n\n<p>La solidit\u00e9 du march\u00e9 br\u00e9silien ne stimule pas seulement les volumes de passagers r\u00e9gionaux, elle renforce \u00e9galement le r\u00f4le de ses grands a\u00e9roports et compagnies a\u00e9riennes dans la structuration du r\u00e9seau a\u00e9rien latino-am\u00e9ricain.<\/p>\n\n<h2 class=\"wp-block-heading\">Les hubs r\u00e9gionaux red\u00e9finissent la connectivit\u00e9<\/h2>\n\n<p>Une autre caract\u00e9ristique majeure de la croissance du transport a\u00e9rien dans la r\u00e9gion est l\u2019importance croissante des grands a\u00e9roports hubs, qui servent de points de connexion entre pays et sous-r\u00e9gions.<\/p>\n\n<p>Des villes comme Panama City, S\u00e3o Paulo, Bogot\u00e1 et Mexico City sont devenues des n\u0153uds essentiels du r\u00e9seau r\u00e9gional. Ces a\u00e9roports facilitent les connexions entre l\u2019Am\u00e9rique du Sud, l\u2019Am\u00e9rique centrale et les Cara\u00efbes, permettant aux compagnies a\u00e9riennes d\u2019\u00e9tendre leurs r\u00e9seaux de routes sans d\u00e9pendre exclusivement de liaisons directes point \u00e0 point. <\/p>\n\n<p>Panama offre l\u2019un des exemples les plus clairs de ce mod\u00e8le bas\u00e9 sur les hubs. En janvier 2026, 71 % des passagers transitant par le pays \u00e9taient des passagers en correspondance, illustrant le r\u00f4le de l\u2019a\u00e9roport de Panama City comme plateforme de connexion majeure dans la r\u00e9gion. <\/p>\n\n<p>Ces hubs jouent un r\u00f4le cl\u00e9 pour maintenir une connectivit\u00e9 efficace entre des march\u00e9s g\u00e9ographiquement dispers\u00e9s, permettant aux compagnies a\u00e9riennes de consolider les flux de trafic et de soutenir la croissance des voyages intra-r\u00e9gionaux.<\/p>\n\n<h2 class=\"wp-block-heading\">Les principaux corridors a\u00e9riens se d\u00e9veloppent dans la r\u00e9gion<\/h2>\n\n<p>Parall\u00e8lement \u00e0 l\u2019expansion des hubs, plusieurs corridors a\u00e9riens majeurs continuent de structurer les flux de passagers au sein de la r\u00e9gion.<\/p>\n\n<p>L\u2019un des axes les plus dynamiques au d\u00e9but de l\u2019ann\u00e9e 2026 est le corridor Argentine\u2013Br\u00e9sil, qui a enregistr\u00e9 une hausse de 37,8 % du trafic passagers sur un an. Cette progression refl\u00e8te la forte croissance des flux touristiques argentins vers les destinations br\u00e9siliennes, mais aussi le renforcement des relations \u00e9conomiques entre les deux pays. <\/p>\n\n<p>D\u2019autres corridors r\u00e9gionaux importants incluent les liaisons entre la Colombie et le Panama, la Colombie et le Mexique, ainsi que le Chili et le P\u00e9rou. Ces routes illustrent l\u2019intensification des mobilit\u00e9s entre \u00e9conomies voisines et montrent comment les r\u00e9seaux a\u00e9riens r\u00e9gionaux deviennent de plus en plus interconnect\u00e9s. <\/p>\n\n<p>Au-del\u00e0 de la r\u00e9gion elle-m\u00eame, le corridor Mexique\u2013\u00c9tats-Unis reste le plus grand march\u00e9 international, avec 3,69 millions de passagers en janvier. Toutefois, les taux de croissance plus \u00e9lev\u00e9s observ\u00e9s en Am\u00e9rique latine indiquent que les voyages r\u00e9gionaux gagnent progressivement en importance dans le paysage a\u00e9rien global. <\/p>\n\n<h2 class=\"wp-block-heading\">De nouvelles routes \u00e9largissent le r\u00e9seau r\u00e9gional et transatlantique<\/h2>\n\n<p>Les compagnies a\u00e9riennes poursuivent \u00e9galement l\u2019expansion de leurs r\u00e9seaux \u00e0 travers l\u2019ouverture de nouvelles liaisons. En janvier 2026 seulement, 19 nouvelles routes a\u00e9riennes ont \u00e9t\u00e9 lanc\u00e9es dans la r\u00e9gion. <\/p>\n\n<p>Parmi ces nouvelles routes, neuf relient l\u2019Am\u00e9rique latine et les Cara\u00efbes \u00e0 l\u2019Europe, six relient des destinations \u00e0 l\u2019int\u00e9rieur de la r\u00e9gion, deux connectent la r\u00e9gion aux \u00c9tats-Unis et deux sont des liaisons domestiques.<\/p>\n\n<p>Plusieurs des nouvelles routes europ\u00e9ennes sont des liaisons saisonni\u00e8res reliant Zurich \u00e0 des destinations carib\u00e9ennes et d\u2019Am\u00e9rique centrale telles que Punta Cana, Canc\u00fan, Montego Bay et Cartagena. Une autre liaison notable est la route Fortaleza\u2013Madrid, qui renforce la connectivit\u00e9 transatlantique entre le Br\u00e9sil et l\u2019Europe. <\/p>\n\n<p>Au sein de la r\u00e9gion, des routes comme Panama\u2013Salvador, Aruba\u2013Buenos Aires, Aruba\u2013C\u00f3rdoba et Puerto Plata\u2013Panama illustrent la poursuite de l\u2019expansion des r\u00e9seaux a\u00e9riens r\u00e9gionaux.<\/p>\n\n<h2 class=\"wp-block-heading\">La croissance du fret reste positive mais plus mod\u00e9r\u00e9e<\/h2>\n\n<p>Si le trafic passagers a fortement progress\u00e9 en d\u00e9but d\u2019ann\u00e9e, le secteur du fret a\u00e9rien a affich\u00e9 une croissance plus mod\u00e9r\u00e9e.<\/p>\n\n<p>En janvier 2026, le trafic international de fret a\u00e9rien en Am\u00e9rique latine et dans les Cara\u00efbes a atteint 307 410 tonnes, soit une augmentation de 1,9 % sur un an.<\/p>\n\n<p>Les trois principaux march\u00e9s de fret de la r\u00e9gion restent la Colombie, le Br\u00e9sil et le Mexique, qui repr\u00e9sentent ensemble environ 60 % des volumes totaux. Parmi eux, le Mexique est le seul march\u00e9 \u00e0 avoir enregistr\u00e9 une forte croissance, avec une augmentation de 7,5 % par rapport \u00e0 l\u2019ann\u00e9e pr\u00e9c\u00e9dente. <\/p>\n\n<p>Le corridor Colombie\u2013\u00c9tats-Unis demeure la principale route de fret dans la r\u00e9gion, avec 45 160 tonnes transport\u00e9es, bien qu\u2019il ait enregistr\u00e9 une l\u00e9g\u00e8re baisse de 2,9 % sur un an.<\/p>\n\n<h2 class=\"wp-block-heading\">Un r\u00e9seau en transformation<\/h2>\n\n<p>Dans l\u2019ensemble, les derni\u00e8res donn\u00e9es de trafic sugg\u00e8rent que l\u2019aviation en Am\u00e9rique latine entre dans une nouvelle phase de d\u00e9veloppement. L\u2019expansion r\u00e9guli\u00e8re des march\u00e9s domestiques, le renforcement des voyages intra-r\u00e9gionaux et le r\u00f4le croissant des hubs a\u00e9roportuaires red\u00e9finissent progressivement la g\u00e9ographie du transport a\u00e9rien dans la r\u00e9gion. <\/p>\n\n<p>Si les liaisons long-courriers vers l\u2019Am\u00e9rique du Nord et l\u2019Europe restent essentielles, les donn\u00e9es indiquent que la croissance future du secteur a\u00e9rien r\u00e9gional d\u00e9pendra de plus en plus de sa connectivit\u00e9 interne.<\/p>\n\n<p>\u00c0 mesure que les compagnies a\u00e9riennes \u00e9tendent leurs r\u00e9seaux et que les \u00e9conomies r\u00e9gionales deviennent plus interconnect\u00e9es, l\u2019Am\u00e9rique latine et les Cara\u00efbes semblent \u00e9voluer vers un syst\u00e8me a\u00e9rien plus int\u00e9gr\u00e9, dans lequel la mobilit\u00e9 intra-r\u00e9gionale jouera un r\u00f4le central pour soutenir la croissance \u00e0 long terme.<\/p>\n","protected":false},"excerpt":{"rendered":"<p>Les liaisons domestiques et r\u00e9gionales fa\u00e7onnent de plus en plus l\u2019expansion du transport a\u00e9rien en Am\u00e9rique latine et dans les Cara\u00efbes. Le secteur a\u00e9rien en Am\u00e9rique latine et dans les Cara\u00efbes a entam\u00e9 l\u2019ann\u00e9e 2026 avec une dynamique de reprise solide. Rien qu\u2019en janvier, le trafic a\u00e9rien dans la r\u00e9gion a atteint 45,1 millions de [&hellip;]<\/p>\n","protected":false},"author":5,"featured_media":22627,"comment_status":"open","ping_status":"closed","sticky":false,"template":"","format":"standard","meta":{"footnotes":""},"categories":[97,100],"tags":[],"class_list":["post-22628","post","type-post","status-publish","format-standard","has-post-thumbnail","hentry","category-aviation-fr","category-connectivite-aerienne-et-attractivite-territoriale"],"yoast_head":"<!-- This site is optimized with the Yoast SEO plugin v26.9 - https:\/\/yoast.com\/product\/yoast-seo-wordpress\/ -->\n<title>Les voyages intra-r\u00e9gionaux stimulent la croissance de l\u2019aviation en Am\u00e9rique latine - LATITUDE 15<\/title>\n<meta name=\"description\" content=\"Le trafic a\u00e9rien en Am\u00e9rique latine et dans les Cara\u00efbes a atteint 45,1 millions de passagers en janvier 2026, le segment intrar\u00e9gional \u00e9tant le principal moteur de la croissance.\" \/>\n<meta name=\"robots\" content=\"index, follow, max-snippet:-1, max-image-preview:large, max-video-preview:-1\" \/>\n<link rel=\"canonical\" href=\"https:\/\/www.latitude-15.com\/fr\/les-voyages-intra-regionaux-stimulent-la-croissance-de-laviation-en-amerique-latine\/\" \/>\n<meta property=\"og:locale\" content=\"fr_FR\" \/>\n<meta property=\"og:type\" content=\"article\" \/>\n<meta property=\"og:title\" content=\"Les voyages intra-r\u00e9gionaux stimulent la croissance de l\u2019aviation en Am\u00e9rique latine - LATITUDE 15\" \/>\n<meta property=\"og:description\" content=\"Le trafic a\u00e9rien en Am\u00e9rique latine et dans les Cara\u00efbes a atteint 45,1 millions de passagers en janvier 2026, le segment intrar\u00e9gional \u00e9tant le principal moteur de la croissance.\" \/>\n<meta property=\"og:url\" content=\"https:\/\/www.latitude-15.com\/fr\/les-voyages-intra-regionaux-stimulent-la-croissance-de-laviation-en-amerique-latine\/\" \/>\n<meta property=\"og:site_name\" content=\"LATITUDE 15\" \/>\n<meta property=\"article:published_time\" content=\"2026-04-10T18:25:29+00:00\" \/>\n<meta property=\"article:modified_time\" content=\"2026-04-13T10:01:07+00:00\" \/>\n<meta property=\"og:image\" content=\"https:\/\/www.latitude-15.com\/wp-content\/uploads\/2026\/04\/view-water-airliner-flying-sea-1-scaled.jpg\" \/>\n\t<meta property=\"og:image:width\" content=\"2560\" \/>\n\t<meta property=\"og:image:height\" content=\"1707\" \/>\n\t<meta property=\"og:image:type\" content=\"image\/jpeg\" \/>\n<meta name=\"author\" content=\"Joda J\" \/>\n<meta name=\"twitter:card\" content=\"summary_large_image\" \/>\n<meta name=\"twitter:label1\" content=\"\u00c9crit par\" \/>\n\t<meta name=\"twitter:data1\" content=\"Joda J\" \/>\n\t<meta name=\"twitter:label2\" content=\"Dur\u00e9e de lecture estim\u00e9e\" \/>\n\t<meta name=\"twitter:data2\" content=\"7 minutes\" \/>\n<script type=\"application\/ld+json\" class=\"yoast-schema-graph\">{\"@context\":\"https:\/\/schema.org\",\"@graph\":[{\"@type\":\"Article\",\"@id\":\"https:\/\/www.latitude-15.com\/fr\/les-voyages-intra-regionaux-stimulent-la-croissance-de-laviation-en-amerique-latine\/#article\",\"isPartOf\":{\"@id\":\"https:\/\/www.latitude-15.com\/fr\/les-voyages-intra-regionaux-stimulent-la-croissance-de-laviation-en-amerique-latine\/\"},\"author\":{\"name\":\"Joda J\",\"@id\":\"https:\/\/www.latitude-15.com\/fr\/#\/schema\/person\/dac52e7ff44c78317f337da112e37252\"},\"headline\":\"Les voyages intra-r\u00e9gionaux stimulent la croissance de l\u2019aviation en Am\u00e9rique latine\",\"datePublished\":\"2026-04-10T18:25:29+00:00\",\"dateModified\":\"2026-04-13T10:01:07+00:00\",\"mainEntityOfPage\":{\"@id\":\"https:\/\/www.latitude-15.com\/fr\/les-voyages-intra-regionaux-stimulent-la-croissance-de-laviation-en-amerique-latine\/\"},\"wordCount\":1512,\"commentCount\":0,\"publisher\":{\"@id\":\"https:\/\/www.latitude-15.com\/fr\/#organization\"},\"image\":{\"@id\":\"https:\/\/www.latitude-15.com\/fr\/les-voyages-intra-regionaux-stimulent-la-croissance-de-laviation-en-amerique-latine\/#primaryimage\"},\"thumbnailUrl\":\"https:\/\/www.latitude-15.com\/wp-content\/uploads\/2026\/04\/view-water-airliner-flying-sea-1-scaled.jpg\",\"articleSection\":[\"AVIATION\",\"Connectivit\u00e9 a\u00e9rienne et Attractivit\u00e9 territoriale\"],\"inLanguage\":\"fr-FR\",\"potentialAction\":[{\"@type\":\"CommentAction\",\"name\":\"Comment\",\"target\":[\"https:\/\/www.latitude-15.com\/fr\/les-voyages-intra-regionaux-stimulent-la-croissance-de-laviation-en-amerique-latine\/#respond\"]}]},{\"@type\":\"WebPage\",\"@id\":\"https:\/\/www.latitude-15.com\/fr\/les-voyages-intra-regionaux-stimulent-la-croissance-de-laviation-en-amerique-latine\/\",\"url\":\"https:\/\/www.latitude-15.com\/fr\/les-voyages-intra-regionaux-stimulent-la-croissance-de-laviation-en-amerique-latine\/\",\"name\":\"Les voyages intra-r\u00e9gionaux stimulent la croissance de l\u2019aviation en Am\u00e9rique latine - LATITUDE 15\",\"isPartOf\":{\"@id\":\"https:\/\/www.latitude-15.com\/fr\/#website\"},\"primaryImageOfPage\":{\"@id\":\"https:\/\/www.latitude-15.com\/fr\/les-voyages-intra-regionaux-stimulent-la-croissance-de-laviation-en-amerique-latine\/#primaryimage\"},\"image\":{\"@id\":\"https:\/\/www.latitude-15.com\/fr\/les-voyages-intra-regionaux-stimulent-la-croissance-de-laviation-en-amerique-latine\/#primaryimage\"},\"thumbnailUrl\":\"https:\/\/www.latitude-15.com\/wp-content\/uploads\/2026\/04\/view-water-airliner-flying-sea-1-scaled.jpg\",\"datePublished\":\"2026-04-10T18:25:29+00:00\",\"dateModified\":\"2026-04-13T10:01:07+00:00\",\"description\":\"Le trafic a\u00e9rien en Am\u00e9rique latine et dans les Cara\u00efbes a atteint 45,1 millions de passagers en janvier 2026, le segment intrar\u00e9gional \u00e9tant le principal moteur de la croissance.\",\"breadcrumb\":{\"@id\":\"https:\/\/www.latitude-15.com\/fr\/les-voyages-intra-regionaux-stimulent-la-croissance-de-laviation-en-amerique-latine\/#breadcrumb\"},\"inLanguage\":\"fr-FR\",\"potentialAction\":[{\"@type\":\"ReadAction\",\"target\":[\"https:\/\/www.latitude-15.com\/fr\/les-voyages-intra-regionaux-stimulent-la-croissance-de-laviation-en-amerique-latine\/\"]}]},{\"@type\":\"ImageObject\",\"inLanguage\":\"fr-FR\",\"@id\":\"https:\/\/www.latitude-15.com\/fr\/les-voyages-intra-regionaux-stimulent-la-croissance-de-laviation-en-amerique-latine\/#primaryimage\",\"url\":\"https:\/\/www.latitude-15.com\/wp-content\/uploads\/2026\/04\/view-water-airliner-flying-sea-1-scaled.jpg\",\"contentUrl\":\"https:\/\/www.latitude-15.com\/wp-content\/uploads\/2026\/04\/view-water-airliner-flying-sea-1-scaled.jpg\",\"width\":2560,\"height\":1707,\"caption\":\"Trafic a\u00e9rien\"},{\"@type\":\"BreadcrumbList\",\"@id\":\"https:\/\/www.latitude-15.com\/fr\/les-voyages-intra-regionaux-stimulent-la-croissance-de-laviation-en-amerique-latine\/#breadcrumb\",\"itemListElement\":[{\"@type\":\"ListItem\",\"position\":1,\"name\":\"Home\",\"item\":\"https:\/\/www.latitude-15.com\/fr\/accueil\/\"},{\"@type\":\"ListItem\",\"position\":2,\"name\":\"Les voyages intra-r\u00e9gionaux stimulent la croissance de l\u2019aviation en Am\u00e9rique latine\"}]},{\"@type\":\"WebSite\",\"@id\":\"https:\/\/www.latitude-15.com\/fr\/#website\",\"url\":\"https:\/\/www.latitude-15.com\/fr\/\",\"name\":\"LATITUDE 15\",\"description\":\"Aviation and maritime Magazine - Caribbean &amp; Latin America\",\"publisher\":{\"@id\":\"https:\/\/www.latitude-15.com\/fr\/#organization\"},\"potentialAction\":[{\"@type\":\"SearchAction\",\"target\":{\"@type\":\"EntryPoint\",\"urlTemplate\":\"https:\/\/www.latitude-15.com\/fr\/?s={search_term_string}\"},\"query-input\":{\"@type\":\"PropertyValueSpecification\",\"valueRequired\":true,\"valueName\":\"search_term_string\"}}],\"inLanguage\":\"fr-FR\"},{\"@type\":\"Organization\",\"@id\":\"https:\/\/www.latitude-15.com\/fr\/#organization\",\"name\":\"LATITUDE 15\",\"url\":\"https:\/\/www.latitude-15.com\/fr\/\",\"logo\":{\"@type\":\"ImageObject\",\"inLanguage\":\"fr-FR\",\"@id\":\"https:\/\/www.latitude-15.com\/fr\/#\/schema\/logo\/image\/\",\"url\":\"https:\/\/www.latitude-15.com\/wp-content\/uploads\/2026\/01\/cropped-logox500px.png\",\"contentUrl\":\"https:\/\/www.latitude-15.com\/wp-content\/uploads\/2026\/01\/cropped-logox500px.png\",\"width\":62,\"height\":75,\"caption\":\"LATITUDE 15\"},\"image\":{\"@id\":\"https:\/\/www.latitude-15.com\/fr\/#\/schema\/logo\/image\/\"}},{\"@type\":\"Person\",\"@id\":\"https:\/\/www.latitude-15.com\/fr\/#\/schema\/person\/dac52e7ff44c78317f337da112e37252\",\"name\":\"Joda J\",\"image\":{\"@type\":\"ImageObject\",\"inLanguage\":\"fr-FR\",\"@id\":\"https:\/\/www.latitude-15.com\/fr\/#\/schema\/person\/image\/\",\"url\":\"https:\/\/secure.gravatar.com\/avatar\/6b1feae555e15404b76616f92d931d12b25ac58024f14ccb43d9d3c012e4c4cf?s=96&d=mm&r=g\",\"contentUrl\":\"https:\/\/secure.gravatar.com\/avatar\/6b1feae555e15404b76616f92d931d12b25ac58024f14ccb43d9d3c012e4c4cf?s=96&d=mm&r=g\",\"caption\":\"Joda J\"},\"url\":\"https:\/\/www.latitude-15.com\/fr\/author\/joda\/\"}]}<\/script>\n<!-- \/ Yoast SEO plugin. -->","yoast_head_json":{"title":"Les voyages intra-r\u00e9gionaux stimulent la croissance de l\u2019aviation en Am\u00e9rique latine - LATITUDE 15","description":"Le trafic a\u00e9rien en Am\u00e9rique latine et dans les Cara\u00efbes a atteint 45,1 millions de passagers en janvier 2026, le segment intrar\u00e9gional \u00e9tant le principal moteur de la croissance.","robots":{"index":"index","follow":"follow","max-snippet":"max-snippet:-1","max-image-preview":"max-image-preview:large","max-video-preview":"max-video-preview:-1"},"canonical":"https:\/\/www.latitude-15.com\/fr\/les-voyages-intra-regionaux-stimulent-la-croissance-de-laviation-en-amerique-latine\/","og_locale":"fr_FR","og_type":"article","og_title":"Les voyages intra-r\u00e9gionaux stimulent la croissance de l\u2019aviation en Am\u00e9rique latine - LATITUDE 15","og_description":"Le trafic a\u00e9rien en Am\u00e9rique latine et dans les Cara\u00efbes a atteint 45,1 millions de passagers en janvier 2026, le segment intrar\u00e9gional \u00e9tant le principal moteur de la croissance.","og_url":"https:\/\/www.latitude-15.com\/fr\/les-voyages-intra-regionaux-stimulent-la-croissance-de-laviation-en-amerique-latine\/","og_site_name":"LATITUDE 15","article_published_time":"2026-04-10T18:25:29+00:00","article_modified_time":"2026-04-13T10:01:07+00:00","og_image":[{"width":2560,"height":1707,"url":"https:\/\/www.latitude-15.com\/wp-content\/uploads\/2026\/04\/view-water-airliner-flying-sea-1-scaled.jpg","type":"image\/jpeg"}],"author":"Joda J","twitter_card":"summary_large_image","twitter_misc":{"\u00c9crit par":"Joda J","Dur\u00e9e de lecture estim\u00e9e":"7 minutes"},"schema":{"@context":"https:\/\/schema.org","@graph":[{"@type":"Article","@id":"https:\/\/www.latitude-15.com\/fr\/les-voyages-intra-regionaux-stimulent-la-croissance-de-laviation-en-amerique-latine\/#article","isPartOf":{"@id":"https:\/\/www.latitude-15.com\/fr\/les-voyages-intra-regionaux-stimulent-la-croissance-de-laviation-en-amerique-latine\/"},"author":{"name":"Joda J","@id":"https:\/\/www.latitude-15.com\/fr\/#\/schema\/person\/dac52e7ff44c78317f337da112e37252"},"headline":"Les voyages intra-r\u00e9gionaux stimulent la croissance de l\u2019aviation en Am\u00e9rique latine","datePublished":"2026-04-10T18:25:29+00:00","dateModified":"2026-04-13T10:01:07+00:00","mainEntityOfPage":{"@id":"https:\/\/www.latitude-15.com\/fr\/les-voyages-intra-regionaux-stimulent-la-croissance-de-laviation-en-amerique-latine\/"},"wordCount":1512,"commentCount":0,"publisher":{"@id":"https:\/\/www.latitude-15.com\/fr\/#organization"},"image":{"@id":"https:\/\/www.latitude-15.com\/fr\/les-voyages-intra-regionaux-stimulent-la-croissance-de-laviation-en-amerique-latine\/#primaryimage"},"thumbnailUrl":"https:\/\/www.latitude-15.com\/wp-content\/uploads\/2026\/04\/view-water-airliner-flying-sea-1-scaled.jpg","articleSection":["AVIATION","Connectivit\u00e9 a\u00e9rienne et Attractivit\u00e9 territoriale"],"inLanguage":"fr-FR","potentialAction":[{"@type":"CommentAction","name":"Comment","target":["https:\/\/www.latitude-15.com\/fr\/les-voyages-intra-regionaux-stimulent-la-croissance-de-laviation-en-amerique-latine\/#respond"]}]},{"@type":"WebPage","@id":"https:\/\/www.latitude-15.com\/fr\/les-voyages-intra-regionaux-stimulent-la-croissance-de-laviation-en-amerique-latine\/","url":"https:\/\/www.latitude-15.com\/fr\/les-voyages-intra-regionaux-stimulent-la-croissance-de-laviation-en-amerique-latine\/","name":"Les voyages intra-r\u00e9gionaux stimulent la croissance de l\u2019aviation en Am\u00e9rique latine - LATITUDE 15","isPartOf":{"@id":"https:\/\/www.latitude-15.com\/fr\/#website"},"primaryImageOfPage":{"@id":"https:\/\/www.latitude-15.com\/fr\/les-voyages-intra-regionaux-stimulent-la-croissance-de-laviation-en-amerique-latine\/#primaryimage"},"image":{"@id":"https:\/\/www.latitude-15.com\/fr\/les-voyages-intra-regionaux-stimulent-la-croissance-de-laviation-en-amerique-latine\/#primaryimage"},"thumbnailUrl":"https:\/\/www.latitude-15.com\/wp-content\/uploads\/2026\/04\/view-water-airliner-flying-sea-1-scaled.jpg","datePublished":"2026-04-10T18:25:29+00:00","dateModified":"2026-04-13T10:01:07+00:00","description":"Le trafic a\u00e9rien en Am\u00e9rique latine et dans les Cara\u00efbes a atteint 45,1 millions de passagers en janvier 2026, le segment intrar\u00e9gional \u00e9tant le principal moteur de la croissance.","breadcrumb":{"@id":"https:\/\/www.latitude-15.com\/fr\/les-voyages-intra-regionaux-stimulent-la-croissance-de-laviation-en-amerique-latine\/#breadcrumb"},"inLanguage":"fr-FR","potentialAction":[{"@type":"ReadAction","target":["https:\/\/www.latitude-15.com\/fr\/les-voyages-intra-regionaux-stimulent-la-croissance-de-laviation-en-amerique-latine\/"]}]},{"@type":"ImageObject","inLanguage":"fr-FR","@id":"https:\/\/www.latitude-15.com\/fr\/les-voyages-intra-regionaux-stimulent-la-croissance-de-laviation-en-amerique-latine\/#primaryimage","url":"https:\/\/www.latitude-15.com\/wp-content\/uploads\/2026\/04\/view-water-airliner-flying-sea-1-scaled.jpg","contentUrl":"https:\/\/www.latitude-15.com\/wp-content\/uploads\/2026\/04\/view-water-airliner-flying-sea-1-scaled.jpg","width":2560,"height":1707,"caption":"Trafic a\u00e9rien"},{"@type":"BreadcrumbList","@id":"https:\/\/www.latitude-15.com\/fr\/les-voyages-intra-regionaux-stimulent-la-croissance-de-laviation-en-amerique-latine\/#breadcrumb","itemListElement":[{"@type":"ListItem","position":1,"name":"Home","item":"https:\/\/www.latitude-15.com\/fr\/accueil\/"},{"@type":"ListItem","position":2,"name":"Les voyages intra-r\u00e9gionaux stimulent la croissance de l\u2019aviation en Am\u00e9rique latine"}]},{"@type":"WebSite","@id":"https:\/\/www.latitude-15.com\/fr\/#website","url":"https:\/\/www.latitude-15.com\/fr\/","name":"LATITUDE 15","description":"Aviation and maritime Magazine - Caribbean &amp; Latin America","publisher":{"@id":"https:\/\/www.latitude-15.com\/fr\/#organization"},"potentialAction":[{"@type":"SearchAction","target":{"@type":"EntryPoint","urlTemplate":"https:\/\/www.latitude-15.com\/fr\/?s={search_term_string}"},"query-input":{"@type":"PropertyValueSpecification","valueRequired":true,"valueName":"search_term_string"}}],"inLanguage":"fr-FR"},{"@type":"Organization","@id":"https:\/\/www.latitude-15.com\/fr\/#organization","name":"LATITUDE 15","url":"https:\/\/www.latitude-15.com\/fr\/","logo":{"@type":"ImageObject","inLanguage":"fr-FR","@id":"https:\/\/www.latitude-15.com\/fr\/#\/schema\/logo\/image\/","url":"https:\/\/www.latitude-15.com\/wp-content\/uploads\/2026\/01\/cropped-logox500px.png","contentUrl":"https:\/\/www.latitude-15.com\/wp-content\/uploads\/2026\/01\/cropped-logox500px.png","width":62,"height":75,"caption":"LATITUDE 15"},"image":{"@id":"https:\/\/www.latitude-15.com\/fr\/#\/schema\/logo\/image\/"}},{"@type":"Person","@id":"https:\/\/www.latitude-15.com\/fr\/#\/schema\/person\/dac52e7ff44c78317f337da112e37252","name":"Joda J","image":{"@type":"ImageObject","inLanguage":"fr-FR","@id":"https:\/\/www.latitude-15.com\/fr\/#\/schema\/person\/image\/","url":"https:\/\/secure.gravatar.com\/avatar\/6b1feae555e15404b76616f92d931d12b25ac58024f14ccb43d9d3c012e4c4cf?s=96&d=mm&r=g","contentUrl":"https:\/\/secure.gravatar.com\/avatar\/6b1feae555e15404b76616f92d931d12b25ac58024f14ccb43d9d3c012e4c4cf?s=96&d=mm&r=g","caption":"Joda J"},"url":"https:\/\/www.latitude-15.com\/fr\/author\/joda\/"}]}},"_links":{"self":[{"href":"https:\/\/www.latitude-15.com\/fr\/wp-json\/wp\/v2\/posts\/22628","targetHints":{"allow":["GET"]}}],"collection":[{"href":"https:\/\/www.latitude-15.com\/fr\/wp-json\/wp\/v2\/posts"}],"about":[{"href":"https:\/\/www.latitude-15.com\/fr\/wp-json\/wp\/v2\/types\/post"}],"author":[{"embeddable":true,"href":"https:\/\/www.latitude-15.com\/fr\/wp-json\/wp\/v2\/users\/5"}],"replies":[{"embeddable":true,"href":"https:\/\/www.latitude-15.com\/fr\/wp-json\/wp\/v2\/comments?post=22628"}],"version-history":[{"count":1,"href":"https:\/\/www.latitude-15.com\/fr\/wp-json\/wp\/v2\/posts\/22628\/revisions"}],"predecessor-version":[{"id":22629,"href":"https:\/\/www.latitude-15.com\/fr\/wp-json\/wp\/v2\/posts\/22628\/revisions\/22629"}],"wp:featuredmedia":[{"embeddable":true,"href":"https:\/\/www.latitude-15.com\/fr\/wp-json\/wp\/v2\/media\/22627"}],"wp:attachment":[{"href":"https:\/\/www.latitude-15.com\/fr\/wp-json\/wp\/v2\/media?parent=22628"}],"wp:term":[{"taxonomy":"category","embeddable":true,"href":"https:\/\/www.latitude-15.com\/fr\/wp-json\/wp\/v2\/categories?post=22628"},{"taxonomy":"post_tag","embeddable":true,"href":"https:\/\/www.latitude-15.com\/fr\/wp-json\/wp\/v2\/tags?post=22628"}],"curies":[{"name":"wp","href":"https:\/\/api.w.org\/{rel}","templated":true}]}}