{"id":22475,"date":"2026-04-09T15:39:04","date_gmt":"2026-04-09T19:39:04","guid":{"rendered":"https:\/\/www.latitude-15.com\/msc-cruises-construire-le-hub-europeen-des-caraibes-de-fort-de-france-a-la-romana\/"},"modified":"2026-04-21T13:10:21","modified_gmt":"2026-04-21T17:10:21","slug":"msc-cruises-construire-le-hub-europeen-des-caraibes-de-fort-de-france-a-la-romana","status":"publish","type":"post","link":"https:\/\/www.latitude-15.com\/fr\/msc-cruises-construire-le-hub-europeen-des-caraibes-de-fort-de-france-a-la-romana\/","title":{"rendered":"MSC Cruises : construire le hub europ\u00e9en des Cara\u00efbes \u2014 de Fort-de-France \u00e0 La Romana"},"content":{"rendered":"\n<p class=\"has-text-align-center\"><strong><em>Rencontre avec Patrick Pourbaix \u2014 Directeur g\u00e9n\u00e9ral, MSC Cruises &amp; Explora Journeys France &amp; Monaco<\/em><\/strong><\/p>\n\n<figure class=\"wp-block-image alignright size-large\"><img fetchpriority=\"high\" decoding=\"async\" width=\"473\" height=\"1024\" src=\"https:\/\/www.latitude-15.com\/wp-content\/uploads\/2026\/04\/WhatsApp-Image-2026-04-09-at-04.55.55-473x1024.jpeg\" alt=\"\" class=\"wp-image-22487\" srcset=\"https:\/\/www.latitude-15.com\/wp-content\/uploads\/2026\/04\/WhatsApp-Image-2026-04-09-at-04.55.55-473x1024.jpeg 473w, https:\/\/www.latitude-15.com\/wp-content\/uploads\/2026\/04\/WhatsApp-Image-2026-04-09-at-04.55.55-139x300.jpeg 139w, https:\/\/www.latitude-15.com\/wp-content\/uploads\/2026\/04\/WhatsApp-Image-2026-04-09-at-04.55.55-709x1536.jpeg 709w, https:\/\/www.latitude-15.com\/wp-content\/uploads\/2026\/04\/WhatsApp-Image-2026-04-09-at-04.55.55.jpeg 739w\" sizes=\"(max-width: 473px) 100vw, 473px\" \/><\/figure>\n\n<p>Il existe une statistique que Patrick Pourbaix, CEO de MSC Cruises France, \u00e9nonce avec une assurance tranquille \u2014 et qui coupe court \u00e0 toutes les conversations. \u00ab Les habitants des \u00eeles carib\u00e9ennes sont les plus grands amateurs de croisi\u00e8res au monde \u00bb, explique-t-il, assis \u00e0 bord du MSC Virtuosa dans le port de Fort-de-France. \u00ab Le taux de p\u00e9n\u00e9tration de la croisi\u00e8re en France m\u00e9tropolitaine est de 1 %. Dans les \u00eeles des Cara\u00efbes, il est dix fois plus \u00e9lev\u00e9. 10 % des habitants de la Cara\u00efbe partent en croisi\u00e8re. C\u2019est le taux le plus \u00e9lev\u00e9 au monde \u2014 plus \u00e9lev\u00e9 que celui des Am\u00e9ricains. \u00bb<\/p>\n\n<p>Pour une r\u00e9gion qui a longtemps vu l\u2019industrie mondiale de la croisi\u00e8re graviter autour de Miami et du mod\u00e8le de march\u00e9 de masse que cette ville incarne, ce chiffre a du poids. Et pour MSC Cruises, il ne s\u2019agit pas seulement d\u2019une donn\u00e9e statistique \u2014 mais du socle d\u2019une vision strat\u00e9gique qui red\u00e9finit la mani\u00e8re dont la Cara\u00efbe sont abord\u00e9es par l\u2019un des plus grands op\u00e9rateurs de croisi\u00e8res au monde. <\/p>\n\n<h2 class=\"wp-block-heading\">Une entreprise europ\u00e9enne dans une mer carib\u00e9enne<\/h2>\n\n<p>MSC Croisi\u00e8res occupe une position inhabituelle dans une industrie longtemps domin\u00e9e par des groupes am\u00e9ricains. \u00ab Nous sommes aujourd\u2019hui le troisi\u00e8me plus grand op\u00e9rateur de croisi\u00e8res au monde et nous sommes une entreprise europ\u00e9enne, \u00bb d\u00e9clare Patrick Pourbaix. \u00ab Et nous sommes \u00e9galement le num\u00e9ro un mondial du transport maritime par conteneurs, avec plus de 900 navires sillonnant tous les oc\u00e9ans de la plan\u00e8te. \u00bb Ce qui a commenc\u00e9 comme une activit\u00e9 de conteneurs b\u00e2tie par une famille de marins est devenu une op\u00e9ration de croisi\u00e8re d\u00e9finie, insiste-t-il, par une sensibilit\u00e9 distinctement europ\u00e9enne \u2014 une identit\u00e9 culturelle que les passagers ressentent d\u00e8s leur embarquement.<\/p>\n\n<p>Cette dimension europ\u00e9enne est \u00e9galement tr\u00e8s concr\u00e8te. Sur les 23 navires actuellement en service, 19 ont \u00e9t\u00e9 construits aux Chantiers de l\u2019Atlantique \u00e0 Saint-Nazaire, en France. Six nouveaux navires sont encore en construction.  <\/p>\n\n<h2 class=\"wp-block-heading\">Fort-de-France comme hub \u2014 les chiffres derri\u00e8re la strat\u00e9gie<\/h2>\n\n<p>MSC travaille avec les autorit\u00e9s de Martinique et de Guadeloupe depuis des ann\u00e9es pour d\u00e9velopper une offre de port d\u2019attache dans la Cara\u00efbe \u2014 une alternative au mod\u00e8le traditionnel o\u00f9 les croisi\u00e8res dans la Cara\u00efbe commencent et se terminent \u00e0 Miami. \u00ab Tout notre d\u00e9veloppement n\u2019est pas pass\u00e9 par les ports am\u00e9ricains, \u00bb note Patrick Pourbaix. \u00ab Les \u00eeles de la Cara\u00efbe jouent un r\u00f4le tr\u00e8s important. \u00bb<\/p>\n\n<p>La saison derni\u00e8re, MSC a transport\u00e9 environ 50\u202f000 passagers au d\u00e9part de Fort-de-France \u2014 environ la moiti\u00e9 en provenance de France hexagonale et l\u2019autre moiti\u00e9 des \u00eeles des Cara\u00efbes elles-m\u00eames. Les saisons \u00e0 venir iront plus loin. \u00c0 partir des prochaines saisons, un second navire \u2014 le MSC Opera \u2014 viendra compl\u00e9ter les op\u00e9rations au d\u00e9part de Fort-de-France, proposant des d\u00e9parts tous les 14 jours en hiver et des travers\u00e9es hebdomadaires durant l\u2019\u00e9t\u00e9. \u00c0 partir de 2027, MSC op\u00e9rera des d\u00e9parts hebdomadaires toute l\u2019ann\u00e9e depuis la Martinique.   <\/p>\n\n<p>\u00ab <em>Nous proposons une vision europ\u00e9enne de la Cara\u00efbe,<\/em> \u00bb explique Patrick Pourbaix, \u00ab <em>qui ne part pas n\u00e9cessairement de Miami.<\/em> \u00bb La Guadeloupe et la R\u00e9publique dominicaine \u2014 plus pr\u00e9cis\u00e9ment La Romana \u2014 sont d\u00e9velopp\u00e9es comme des hubs compl\u00e9mentaires dans ce r\u00e9seau \u00e9tendu.<\/p>\n\n<h2 class=\"wp-block-heading\">Ce qui fait d\u2019une destination un atout strat\u00e9gique<\/h2>\n\n<p>Pour Patrick Pourbaix, l\u2019\u00e9poque o\u00f9 la relation d\u2019une compagnie de croisi\u00e8re avec un port se r\u00e9sumait aux taxes d\u2019accostage et aux formalit\u00e9s de navire est bien r\u00e9volue. \u00ab <em>Une destination de croisi\u00e8re r\u00e9ussie n\u00e9cessite aujourd\u2019hui une relation \u00e0 360 degr\u00e9s \u2014 pas seulement le port, mais les infrastructures locales, les excursions, les agences de voyages et les a\u00e9roports qui se d\u00e9veloppent parall\u00e8lement \u00e0 la croissance des volumes de passagers.<\/em> \u00bb<\/p>\n\n<p>Il cite la Martinique comme un exemple concret de ce type de coop\u00e9ration. \u00ab Ce que nous avons construit avec la Martinique et la Guadeloupe est un d\u00e9veloppement harmonieux, \u00e9labor\u00e9 ensemble gr\u00e2ce \u00e0 un dialogue permanent. Sans cela, nous ne serions jamais arriv\u00e9s l\u00e0 o\u00f9 nous sommes aujourd\u2019hui. \u00bb<\/p>\n\n<h2 class=\"wp-block-heading\">Le d\u00e9fi environnemental \u2014 et pourquoi il n\u2019est pas un frein<\/h2>\n\n<p>Interrog\u00e9 sur le principal d\u00e9fi de MSC, Patrick Pourbaix n\u2019h\u00e9site pas. \u00ab <em>Poursuivre le voyage de la transition environnementale. Ce n\u2019est pas un fardeau pour nous \u2014 car nous obtenons des r\u00e9sultats qui sont vraiment spectaculaires.<\/em> \u00bb MSC a d\u00e9j\u00e0 r\u00e9duit son intensit\u00e9 carbone de 38 % par rapport \u00e0 son niveau de r\u00e9f\u00e9rence de 2008, un chiffre que l\u2019entreprise consid\u00e8re comme la preuve que l\u2019ambition environnementale et la croissance commerciale ne sont pas antinomiques.<\/p>\n\n<p>Ce sujet fera d\u2019ailleurs l\u2019objet d\u2019un dossier approfondi dans la prochaine \u00e9dition maritime de Latitude 15, consacr\u00e9e \u00e0 la transition \u00e9cologique des ports et de l\u2019industrie maritime en Am\u00e9rique latine et dans la Cara\u00efbe.<\/p>\n\n<h2 class=\"wp-block-heading\">\u00c0 l\u2019horizon<\/h2>\n\n<p>Les ambitions de MSC Cruises d\u00e9passent largement la Cara\u00efbe fran\u00e7aise.<br\/>L\u2019entreprise est d\u00e9j\u00e0 le premier op\u00e9rateur de croisi\u00e8res en Am\u00e9rique du Sud, avec des d\u00e9ploiements saisonniers vers Rio de Janeiro et S\u00e3o Paulo, tout en poursuivant activement son expansion sur le march\u00e9 nord-am\u00e9ricain. <\/p>\n\n<p>\u00ab <em>Il existe encore un potentiel immense pour un d\u00e9veloppement majeur,<\/em> \u00bb d\u00e9clare Patrick Pourbaix. \u00ab <em>Et ce qui est merveilleux, c\u2019est que ce d\u00e9veloppement soutient \u00e9galement le d\u00e9veloppement \u00e9conomique des \u00eeles de la Cara\u00efbes. Nous sommes tr\u00e8s fiers d\u2019y contribuer.<\/em> \u00bb<\/p>\n","protected":false},"excerpt":{"rendered":"<p>Rencontre avec Patrick Pourbaix \u2014 Directeur g\u00e9n\u00e9ral, MSC Cruises &amp; Explora Journeys France &amp; Monaco Il existe une statistique que Patrick Pourbaix, CEO de MSC Cruises France, \u00e9nonce avec une assurance tranquille \u2014 et qui coupe court \u00e0 toutes les conversations. \u00ab Les habitants des \u00eeles carib\u00e9ennes sont les plus grands amateurs de croisi\u00e8res au [&hellip;]<\/p>\n","protected":false},"author":5,"featured_media":22597,"comment_status":"open","ping_status":"closed","sticky":false,"template":"","format":"standard","meta":{"footnotes":""},"categories":[127,118,167],"tags":[],"class_list":["post-22475","post","type-post","status-publish","format-standard","has-post-thumbnail","hentry","category-croisiere-gestion-des-destinations","category-maritime-fr","category-spotlight-maritime"],"yoast_head":"<!-- This site is optimized with the Yoast SEO plugin v26.9 - https:\/\/yoast.com\/product\/yoast-seo-wordpress\/ -->\n<title>MSC Cruises : construire le hub europ\u00e9en des Cara\u00efbes \u2014 de Fort-de-France \u00e0 La Romana - LATITUDE 15<\/title>\n<meta name=\"description\" content=\"MSC Cruises \u00e9tend sa strat\u00e9gie de hub dans les Cara\u00efbes, avec Fort-de-France, la Guadeloupe et La Romana comme principaux points de d\u00e9part pour les Europ\u00e9ens.\" \/>\n<meta name=\"robots\" content=\"index, follow, max-snippet:-1, max-image-preview:large, max-video-preview:-1\" \/>\n<link rel=\"canonical\" href=\"https:\/\/www.latitude-15.com\/fr\/msc-cruises-construire-le-hub-europeen-des-caraibes-de-fort-de-france-a-la-romana\/\" \/>\n<meta property=\"og:locale\" content=\"fr_FR\" \/>\n<meta property=\"og:type\" content=\"article\" \/>\n<meta property=\"og:title\" content=\"MSC Cruises : construire le hub europ\u00e9en des Cara\u00efbes \u2014 de Fort-de-France \u00e0 La Romana - LATITUDE 15\" \/>\n<meta property=\"og:description\" content=\"MSC Cruises \u00e9tend sa strat\u00e9gie de hub dans les Cara\u00efbes, avec Fort-de-France, la Guadeloupe et La Romana comme principaux points de d\u00e9part pour les Europ\u00e9ens.\" \/>\n<meta property=\"og:url\" content=\"https:\/\/www.latitude-15.com\/fr\/msc-cruises-construire-le-hub-europeen-des-caraibes-de-fort-de-france-a-la-romana\/\" \/>\n<meta property=\"og:site_name\" content=\"LATITUDE 15\" \/>\n<meta property=\"article:published_time\" content=\"2026-04-09T19:39:04+00:00\" \/>\n<meta property=\"article:modified_time\" content=\"2026-04-21T17:10:21+00:00\" \/>\n<meta property=\"og:image\" content=\"https:\/\/www.latitude-15.com\/wp-content\/uploads\/2026\/04\/VISUEL-PATRICK-POURBAIX-1024x576.png\" \/>\n\t<meta property=\"og:image:width\" content=\"1024\" \/>\n\t<meta property=\"og:image:height\" content=\"576\" \/>\n\t<meta property=\"og:image:type\" content=\"image\/png\" \/>\n<meta name=\"author\" content=\"Joda J\" \/>\n<meta name=\"twitter:card\" content=\"summary_large_image\" \/>\n<meta name=\"twitter:label1\" content=\"\u00c9crit par\" \/>\n\t<meta name=\"twitter:data1\" content=\"Joda J\" \/>\n\t<meta name=\"twitter:label2\" content=\"Dur\u00e9e de lecture estim\u00e9e\" \/>\n\t<meta name=\"twitter:data2\" content=\"5 minutes\" \/>\n<script type=\"application\/ld+json\" class=\"yoast-schema-graph\">{\"@context\":\"https:\/\/schema.org\",\"@graph\":[{\"@type\":\"Article\",\"@id\":\"https:\/\/www.latitude-15.com\/fr\/msc-cruises-construire-le-hub-europeen-des-caraibes-de-fort-de-france-a-la-romana\/#article\",\"isPartOf\":{\"@id\":\"https:\/\/www.latitude-15.com\/fr\/msc-cruises-construire-le-hub-europeen-des-caraibes-de-fort-de-france-a-la-romana\/\"},\"author\":{\"name\":\"Joda J\",\"@id\":\"https:\/\/www.latitude-15.com\/fr\/#\/schema\/person\/dac52e7ff44c78317f337da112e37252\"},\"headline\":\"MSC Cruises : construire le hub europ\u00e9en des Cara\u00efbes \u2014 de Fort-de-France \u00e0 La Romana\",\"datePublished\":\"2026-04-09T19:39:04+00:00\",\"dateModified\":\"2026-04-21T17:10:21+00:00\",\"mainEntityOfPage\":{\"@id\":\"https:\/\/www.latitude-15.com\/fr\/msc-cruises-construire-le-hub-europeen-des-caraibes-de-fort-de-france-a-la-romana\/\"},\"wordCount\":979,\"commentCount\":0,\"publisher\":{\"@id\":\"https:\/\/www.latitude-15.com\/fr\/#organization\"},\"image\":{\"@id\":\"https:\/\/www.latitude-15.com\/fr\/msc-cruises-construire-le-hub-europeen-des-caraibes-de-fort-de-france-a-la-romana\/#primaryimage\"},\"thumbnailUrl\":\"https:\/\/www.latitude-15.com\/wp-content\/uploads\/2026\/04\/VISUEL-PATRICK-POURBAIX-scaled.png\",\"articleSection\":[\"Exploitation croisi\u00e8re &amp; gestion de l\u2019interface ville-port\",\"MARITIME\",\"Spotlight Maritime\"],\"inLanguage\":\"fr-FR\",\"potentialAction\":[{\"@type\":\"CommentAction\",\"name\":\"Comment\",\"target\":[\"https:\/\/www.latitude-15.com\/fr\/msc-cruises-construire-le-hub-europeen-des-caraibes-de-fort-de-france-a-la-romana\/#respond\"]}]},{\"@type\":\"WebPage\",\"@id\":\"https:\/\/www.latitude-15.com\/fr\/msc-cruises-construire-le-hub-europeen-des-caraibes-de-fort-de-france-a-la-romana\/\",\"url\":\"https:\/\/www.latitude-15.com\/fr\/msc-cruises-construire-le-hub-europeen-des-caraibes-de-fort-de-france-a-la-romana\/\",\"name\":\"MSC Cruises : construire le hub europ\u00e9en des Cara\u00efbes \u2014 de Fort-de-France \u00e0 La Romana - LATITUDE 15\",\"isPartOf\":{\"@id\":\"https:\/\/www.latitude-15.com\/fr\/#website\"},\"primaryImageOfPage\":{\"@id\":\"https:\/\/www.latitude-15.com\/fr\/msc-cruises-construire-le-hub-europeen-des-caraibes-de-fort-de-france-a-la-romana\/#primaryimage\"},\"image\":{\"@id\":\"https:\/\/www.latitude-15.com\/fr\/msc-cruises-construire-le-hub-europeen-des-caraibes-de-fort-de-france-a-la-romana\/#primaryimage\"},\"thumbnailUrl\":\"https:\/\/www.latitude-15.com\/wp-content\/uploads\/2026\/04\/VISUEL-PATRICK-POURBAIX-scaled.png\",\"datePublished\":\"2026-04-09T19:39:04+00:00\",\"dateModified\":\"2026-04-21T17:10:21+00:00\",\"description\":\"MSC Cruises \u00e9tend sa strat\u00e9gie de hub dans les Cara\u00efbes, avec Fort-de-France, la Guadeloupe et La Romana comme principaux points de d\u00e9part pour les Europ\u00e9ens.\",\"breadcrumb\":{\"@id\":\"https:\/\/www.latitude-15.com\/fr\/msc-cruises-construire-le-hub-europeen-des-caraibes-de-fort-de-france-a-la-romana\/#breadcrumb\"},\"inLanguage\":\"fr-FR\",\"potentialAction\":[{\"@type\":\"ReadAction\",\"target\":[\"https:\/\/www.latitude-15.com\/fr\/msc-cruises-construire-le-hub-europeen-des-caraibes-de-fort-de-france-a-la-romana\/\"]}]},{\"@type\":\"ImageObject\",\"inLanguage\":\"fr-FR\",\"@id\":\"https:\/\/www.latitude-15.com\/fr\/msc-cruises-construire-le-hub-europeen-des-caraibes-de-fort-de-france-a-la-romana\/#primaryimage\",\"url\":\"https:\/\/www.latitude-15.com\/wp-content\/uploads\/2026\/04\/VISUEL-PATRICK-POURBAIX-scaled.png\",\"contentUrl\":\"https:\/\/www.latitude-15.com\/wp-content\/uploads\/2026\/04\/VISUEL-PATRICK-POURBAIX-scaled.png\",\"width\":2560,\"height\":1440},{\"@type\":\"BreadcrumbList\",\"@id\":\"https:\/\/www.latitude-15.com\/fr\/msc-cruises-construire-le-hub-europeen-des-caraibes-de-fort-de-france-a-la-romana\/#breadcrumb\",\"itemListElement\":[{\"@type\":\"ListItem\",\"position\":1,\"name\":\"Home\",\"item\":\"https:\/\/www.latitude-15.com\/fr\/accueil\/\"},{\"@type\":\"ListItem\",\"position\":2,\"name\":\"MSC Cruises : construire le hub europ\u00e9en des Cara\u00efbes \u2014 de Fort-de-France \u00e0 La Romana\"}]},{\"@type\":\"WebSite\",\"@id\":\"https:\/\/www.latitude-15.com\/fr\/#website\",\"url\":\"https:\/\/www.latitude-15.com\/fr\/\",\"name\":\"LATITUDE 15\",\"description\":\"Aviation and maritime Magazine - Caribbean &amp; Latin America\",\"publisher\":{\"@id\":\"https:\/\/www.latitude-15.com\/fr\/#organization\"},\"potentialAction\":[{\"@type\":\"SearchAction\",\"target\":{\"@type\":\"EntryPoint\",\"urlTemplate\":\"https:\/\/www.latitude-15.com\/fr\/?s={search_term_string}\"},\"query-input\":{\"@type\":\"PropertyValueSpecification\",\"valueRequired\":true,\"valueName\":\"search_term_string\"}}],\"inLanguage\":\"fr-FR\"},{\"@type\":\"Organization\",\"@id\":\"https:\/\/www.latitude-15.com\/fr\/#organization\",\"name\":\"LATITUDE 15\",\"url\":\"https:\/\/www.latitude-15.com\/fr\/\",\"logo\":{\"@type\":\"ImageObject\",\"inLanguage\":\"fr-FR\",\"@id\":\"https:\/\/www.latitude-15.com\/fr\/#\/schema\/logo\/image\/\",\"url\":\"https:\/\/www.latitude-15.com\/wp-content\/uploads\/2026\/01\/cropped-logox500px.png\",\"contentUrl\":\"https:\/\/www.latitude-15.com\/wp-content\/uploads\/2026\/01\/cropped-logox500px.png\",\"width\":62,\"height\":75,\"caption\":\"LATITUDE 15\"},\"image\":{\"@id\":\"https:\/\/www.latitude-15.com\/fr\/#\/schema\/logo\/image\/\"}},{\"@type\":\"Person\",\"@id\":\"https:\/\/www.latitude-15.com\/fr\/#\/schema\/person\/dac52e7ff44c78317f337da112e37252\",\"name\":\"Joda J\",\"image\":{\"@type\":\"ImageObject\",\"inLanguage\":\"fr-FR\",\"@id\":\"https:\/\/www.latitude-15.com\/fr\/#\/schema\/person\/image\/\",\"url\":\"https:\/\/secure.gravatar.com\/avatar\/6b1feae555e15404b76616f92d931d12b25ac58024f14ccb43d9d3c012e4c4cf?s=96&d=mm&r=g\",\"contentUrl\":\"https:\/\/secure.gravatar.com\/avatar\/6b1feae555e15404b76616f92d931d12b25ac58024f14ccb43d9d3c012e4c4cf?s=96&d=mm&r=g\",\"caption\":\"Joda J\"},\"url\":\"https:\/\/www.latitude-15.com\/fr\/author\/joda\/\"}]}<\/script>\n<!-- \/ Yoast SEO plugin. -->","yoast_head_json":{"title":"MSC Cruises : construire le hub europ\u00e9en des Cara\u00efbes \u2014 de Fort-de-France \u00e0 La Romana - LATITUDE 15","description":"MSC Cruises \u00e9tend sa strat\u00e9gie de hub dans les Cara\u00efbes, avec Fort-de-France, la Guadeloupe et La Romana comme principaux points de d\u00e9part pour les Europ\u00e9ens.","robots":{"index":"index","follow":"follow","max-snippet":"max-snippet:-1","max-image-preview":"max-image-preview:large","max-video-preview":"max-video-preview:-1"},"canonical":"https:\/\/www.latitude-15.com\/fr\/msc-cruises-construire-le-hub-europeen-des-caraibes-de-fort-de-france-a-la-romana\/","og_locale":"fr_FR","og_type":"article","og_title":"MSC Cruises : construire le hub europ\u00e9en des Cara\u00efbes \u2014 de Fort-de-France \u00e0 La Romana - LATITUDE 15","og_description":"MSC Cruises \u00e9tend sa strat\u00e9gie de hub dans les Cara\u00efbes, avec Fort-de-France, la Guadeloupe et La Romana comme principaux points de d\u00e9part pour les Europ\u00e9ens.","og_url":"https:\/\/www.latitude-15.com\/fr\/msc-cruises-construire-le-hub-europeen-des-caraibes-de-fort-de-france-a-la-romana\/","og_site_name":"LATITUDE 15","article_published_time":"2026-04-09T19:39:04+00:00","article_modified_time":"2026-04-21T17:10:21+00:00","og_image":[{"width":1024,"height":576,"url":"https:\/\/www.latitude-15.com\/wp-content\/uploads\/2026\/04\/VISUEL-PATRICK-POURBAIX-1024x576.png","type":"image\/png"}],"author":"Joda J","twitter_card":"summary_large_image","twitter_misc":{"\u00c9crit par":"Joda J","Dur\u00e9e de lecture estim\u00e9e":"5 minutes"},"schema":{"@context":"https:\/\/schema.org","@graph":[{"@type":"Article","@id":"https:\/\/www.latitude-15.com\/fr\/msc-cruises-construire-le-hub-europeen-des-caraibes-de-fort-de-france-a-la-romana\/#article","isPartOf":{"@id":"https:\/\/www.latitude-15.com\/fr\/msc-cruises-construire-le-hub-europeen-des-caraibes-de-fort-de-france-a-la-romana\/"},"author":{"name":"Joda J","@id":"https:\/\/www.latitude-15.com\/fr\/#\/schema\/person\/dac52e7ff44c78317f337da112e37252"},"headline":"MSC Cruises : construire le hub europ\u00e9en des Cara\u00efbes \u2014 de Fort-de-France \u00e0 La Romana","datePublished":"2026-04-09T19:39:04+00:00","dateModified":"2026-04-21T17:10:21+00:00","mainEntityOfPage":{"@id":"https:\/\/www.latitude-15.com\/fr\/msc-cruises-construire-le-hub-europeen-des-caraibes-de-fort-de-france-a-la-romana\/"},"wordCount":979,"commentCount":0,"publisher":{"@id":"https:\/\/www.latitude-15.com\/fr\/#organization"},"image":{"@id":"https:\/\/www.latitude-15.com\/fr\/msc-cruises-construire-le-hub-europeen-des-caraibes-de-fort-de-france-a-la-romana\/#primaryimage"},"thumbnailUrl":"https:\/\/www.latitude-15.com\/wp-content\/uploads\/2026\/04\/VISUEL-PATRICK-POURBAIX-scaled.png","articleSection":["Exploitation croisi\u00e8re &amp; gestion de l\u2019interface ville-port","MARITIME","Spotlight Maritime"],"inLanguage":"fr-FR","potentialAction":[{"@type":"CommentAction","name":"Comment","target":["https:\/\/www.latitude-15.com\/fr\/msc-cruises-construire-le-hub-europeen-des-caraibes-de-fort-de-france-a-la-romana\/#respond"]}]},{"@type":"WebPage","@id":"https:\/\/www.latitude-15.com\/fr\/msc-cruises-construire-le-hub-europeen-des-caraibes-de-fort-de-france-a-la-romana\/","url":"https:\/\/www.latitude-15.com\/fr\/msc-cruises-construire-le-hub-europeen-des-caraibes-de-fort-de-france-a-la-romana\/","name":"MSC Cruises : construire le hub europ\u00e9en des Cara\u00efbes \u2014 de Fort-de-France \u00e0 La Romana - LATITUDE 15","isPartOf":{"@id":"https:\/\/www.latitude-15.com\/fr\/#website"},"primaryImageOfPage":{"@id":"https:\/\/www.latitude-15.com\/fr\/msc-cruises-construire-le-hub-europeen-des-caraibes-de-fort-de-france-a-la-romana\/#primaryimage"},"image":{"@id":"https:\/\/www.latitude-15.com\/fr\/msc-cruises-construire-le-hub-europeen-des-caraibes-de-fort-de-france-a-la-romana\/#primaryimage"},"thumbnailUrl":"https:\/\/www.latitude-15.com\/wp-content\/uploads\/2026\/04\/VISUEL-PATRICK-POURBAIX-scaled.png","datePublished":"2026-04-09T19:39:04+00:00","dateModified":"2026-04-21T17:10:21+00:00","description":"MSC Cruises \u00e9tend sa strat\u00e9gie de hub dans les Cara\u00efbes, avec Fort-de-France, la Guadeloupe et La Romana comme principaux points de d\u00e9part pour les Europ\u00e9ens.","breadcrumb":{"@id":"https:\/\/www.latitude-15.com\/fr\/msc-cruises-construire-le-hub-europeen-des-caraibes-de-fort-de-france-a-la-romana\/#breadcrumb"},"inLanguage":"fr-FR","potentialAction":[{"@type":"ReadAction","target":["https:\/\/www.latitude-15.com\/fr\/msc-cruises-construire-le-hub-europeen-des-caraibes-de-fort-de-france-a-la-romana\/"]}]},{"@type":"ImageObject","inLanguage":"fr-FR","@id":"https:\/\/www.latitude-15.com\/fr\/msc-cruises-construire-le-hub-europeen-des-caraibes-de-fort-de-france-a-la-romana\/#primaryimage","url":"https:\/\/www.latitude-15.com\/wp-content\/uploads\/2026\/04\/VISUEL-PATRICK-POURBAIX-scaled.png","contentUrl":"https:\/\/www.latitude-15.com\/wp-content\/uploads\/2026\/04\/VISUEL-PATRICK-POURBAIX-scaled.png","width":2560,"height":1440},{"@type":"BreadcrumbList","@id":"https:\/\/www.latitude-15.com\/fr\/msc-cruises-construire-le-hub-europeen-des-caraibes-de-fort-de-france-a-la-romana\/#breadcrumb","itemListElement":[{"@type":"ListItem","position":1,"name":"Home","item":"https:\/\/www.latitude-15.com\/fr\/accueil\/"},{"@type":"ListItem","position":2,"name":"MSC Cruises : construire le hub europ\u00e9en des Cara\u00efbes \u2014 de Fort-de-France \u00e0 La Romana"}]},{"@type":"WebSite","@id":"https:\/\/www.latitude-15.com\/fr\/#website","url":"https:\/\/www.latitude-15.com\/fr\/","name":"LATITUDE 15","description":"Aviation and maritime Magazine - Caribbean &amp; Latin America","publisher":{"@id":"https:\/\/www.latitude-15.com\/fr\/#organization"},"potentialAction":[{"@type":"SearchAction","target":{"@type":"EntryPoint","urlTemplate":"https:\/\/www.latitude-15.com\/fr\/?s={search_term_string}"},"query-input":{"@type":"PropertyValueSpecification","valueRequired":true,"valueName":"search_term_string"}}],"inLanguage":"fr-FR"},{"@type":"Organization","@id":"https:\/\/www.latitude-15.com\/fr\/#organization","name":"LATITUDE 15","url":"https:\/\/www.latitude-15.com\/fr\/","logo":{"@type":"ImageObject","inLanguage":"fr-FR","@id":"https:\/\/www.latitude-15.com\/fr\/#\/schema\/logo\/image\/","url":"https:\/\/www.latitude-15.com\/wp-content\/uploads\/2026\/01\/cropped-logox500px.png","contentUrl":"https:\/\/www.latitude-15.com\/wp-content\/uploads\/2026\/01\/cropped-logox500px.png","width":62,"height":75,"caption":"LATITUDE 15"},"image":{"@id":"https:\/\/www.latitude-15.com\/fr\/#\/schema\/logo\/image\/"}},{"@type":"Person","@id":"https:\/\/www.latitude-15.com\/fr\/#\/schema\/person\/dac52e7ff44c78317f337da112e37252","name":"Joda J","image":{"@type":"ImageObject","inLanguage":"fr-FR","@id":"https:\/\/www.latitude-15.com\/fr\/#\/schema\/person\/image\/","url":"https:\/\/secure.gravatar.com\/avatar\/6b1feae555e15404b76616f92d931d12b25ac58024f14ccb43d9d3c012e4c4cf?s=96&d=mm&r=g","contentUrl":"https:\/\/secure.gravatar.com\/avatar\/6b1feae555e15404b76616f92d931d12b25ac58024f14ccb43d9d3c012e4c4cf?s=96&d=mm&r=g","caption":"Joda J"},"url":"https:\/\/www.latitude-15.com\/fr\/author\/joda\/"}]}},"_links":{"self":[{"href":"https:\/\/www.latitude-15.com\/fr\/wp-json\/wp\/v2\/posts\/22475","targetHints":{"allow":["GET"]}}],"collection":[{"href":"https:\/\/www.latitude-15.com\/fr\/wp-json\/wp\/v2\/posts"}],"about":[{"href":"https:\/\/www.latitude-15.com\/fr\/wp-json\/wp\/v2\/types\/post"}],"author":[{"embeddable":true,"href":"https:\/\/www.latitude-15.com\/fr\/wp-json\/wp\/v2\/users\/5"}],"replies":[{"embeddable":true,"href":"https:\/\/www.latitude-15.com\/fr\/wp-json\/wp\/v2\/comments?post=22475"}],"version-history":[{"count":5,"href":"https:\/\/www.latitude-15.com\/fr\/wp-json\/wp\/v2\/posts\/22475\/revisions"}],"predecessor-version":[{"id":22652,"href":"https:\/\/www.latitude-15.com\/fr\/wp-json\/wp\/v2\/posts\/22475\/revisions\/22652"}],"wp:featuredmedia":[{"embeddable":true,"href":"https:\/\/www.latitude-15.com\/fr\/wp-json\/wp\/v2\/media\/22597"}],"wp:attachment":[{"href":"https:\/\/www.latitude-15.com\/fr\/wp-json\/wp\/v2\/media?parent=22475"}],"wp:term":[{"taxonomy":"category","embeddable":true,"href":"https:\/\/www.latitude-15.com\/fr\/wp-json\/wp\/v2\/categories?post=22475"},{"taxonomy":"post_tag","embeddable":true,"href":"https:\/\/www.latitude-15.com\/fr\/wp-json\/wp\/v2\/tags?post=22475"}],"curies":[{"name":"wp","href":"https:\/\/api.w.org\/{rel}","templated":true}]}}