{"id":22442,"date":"2026-04-07T11:20:45","date_gmt":"2026-04-07T15:20:45","guid":{"rendered":"https:\/\/www.latitude-15.com\/les-compagnies-low-cost-redessinent-le-marche-aerien-en-amerique-latine-alors-que-la-capacite-atteint-513-millions-de-sieges\/"},"modified":"2026-04-07T14:28:13","modified_gmt":"2026-04-07T18:28:13","slug":"les-compagnies-low-cost-redessinent-le-marche-aerien-en-amerique-latine-alors-que-la-capacite-atteint-513-millions-de-sieges","status":"publish","type":"post","link":"https:\/\/www.latitude-15.com\/fr\/les-compagnies-low-cost-redessinent-le-marche-aerien-en-amerique-latine-alors-que-la-capacite-atteint-513-millions-de-sieges\/","title":{"rendered":"Les compagnies low-cost redessinent le march\u00e9 a\u00e9rien en Am\u00e9rique latine alors que la capacit\u00e9 atteint 51,3 millions de si\u00e8ges"},"content":{"rendered":"\n<p>Le secteur de l\u2019aviation en Am\u00e9rique latine continue de se d\u00e9velopper, mais son paysage concurrentiel \u00e9volue progressivement. Selon les derni\u00e8res <a href=\"https:\/\/www.oag.com\/latin-america-aviation-data\"><strong><strong>donn\u00e9es de march\u00e9 publi\u00e9es par OAG,<\/strong><\/strong><\/a> la capacit\u00e9 a\u00e9rienne dans la r\u00e9gion a atteint 51,3 millions de si\u00e8ges en avril 2026, soit une hausse de 0,8 % par rapport au m\u00eame mois de l\u2019ann\u00e9e pr\u00e9c\u00e9dente. <\/p>\n\n<p>Derri\u00e8re cette croissance mod\u00e9r\u00e9e se cache toutefois une transformation structurelle plus profonde. Si les grands groupes a\u00e9riens traditionnels dominent toujours le march\u00e9, les compagnies \u00e0 bas co\u00fbts gagnent progressivement du terrain et red\u00e9finissent la dynamique concurrentielle dans plusieurs march\u00e9s cl\u00e9s de la r\u00e9gion. <\/p>\n\n<h2 class=\"wp-block-heading\">Le march\u00e9 a\u00e9rien latino-am\u00e9ricain poursuit son expansion<\/h2>\n\n<p>La progression globale de la capacit\u00e9 refl\u00e8te une demande solide dans le secteur du transport a\u00e9rien r\u00e9gional. En avril 2026, les compagnies a\u00e9riennes ont programm\u00e9 27,5 millions de si\u00e8ges sur les vols domestiques et 23,8 millions de si\u00e8ges sur les vols internationaux en Am\u00e9rique latine. La capacit\u00e9 domestique a progress\u00e9 l\u00e9g\u00e8rement plus rapidement, avec une hausse de 1,2 % sur un an, contre 0,4 % de croissance pour les liaisons internationales.  <\/p>\n\n<p>Ce sch\u00e9ma met en \u00e9vidence une caract\u00e9ristique structurelle du march\u00e9 a\u00e9rien latino-am\u00e9ricain : le trafic domestique reste le pilier de l\u2019activit\u00e9 des compagnies a\u00e9riennes. Dans des pays de grande taille comme le Br\u00e9sil et le Mexique, les r\u00e9seaux int\u00e9rieurs sont essentiels pour relier des centres \u00e9conomiques \u00e9loign\u00e9s et des r\u00e9gions parfois difficiles d\u2019acc\u00e8s. <\/p>\n\n<p>Au total, 150 compagnies a\u00e9riennes op\u00e8rent aujourd\u2019hui des services r\u00e9guliers \u00e0 travers 512 a\u00e9roports en Am\u00e9rique latine, illustrant l\u2019ampleur et la diversit\u00e9 de l\u2019\u00e9cosyst\u00e8me a\u00e9rien r\u00e9gional.<\/p>\n\n<h2 class=\"wp-block-heading\">Les compagnies traditionnelles dominent encore le march\u00e9<\/h2>\n\n<p>Malgr\u00e9 l\u2019arriv\u00e9e de nouveaux acteurs, les compagnies a\u00e9riennes traditionnelles restent les principaux op\u00e9rateurs du march\u00e9 r\u00e9gional. Les transporteurs dits mainline repr\u00e9sentent 63 % de la capacit\u00e9 totale r\u00e9gionale, soit 32,4 millions de si\u00e8ges en avril 2026, et ont enregistr\u00e9 une croissance de 1,1 % par rapport \u00e0 avril 2025. <\/p>\n\n<p>En t\u00eate du march\u00e9 figure toujours le <a href=\"https:\/\/www.latitude-15.com\/fr\/latam-airlines-registra-crescimento-lucrativo-enquanto-o-trafego-de-passageiros-atinge-87-milhoes-em-2025\/\"><strong><strong><strong>LATAM Airlines Group<\/strong><\/strong><\/strong><\/a>, qui demeure le leader r\u00e9gional avec 8,5 millions de si\u00e8ges ce mois-ci. Le groupe a augment\u00e9 sa capacit\u00e9 de 3,8 % sur un an, ajoutant plus de 312 000 si\u00e8ges suppl\u00e9mentaires. <\/p>\n\n<p>D\u2019autres grandes compagnies de r\u00e9seau continuent \u00e9galement de structurer le paysage concurrentiel, notamment Avianca, Aeromexico et Azul Brazilian Airlines. Aux c\u00f4t\u00e9s de LATAM, ces transporteurs constituent l\u2019ossature des principaux hubs et de la connectivit\u00e9 internationale de la r\u00e9gion. <\/p>\n\n<h3 class=\"wp-block-heading\">Les compagnies low-cost gagnent en influence<\/h3>\n\n<p>Si les compagnies historiques conservent la plus grande part du march\u00e9, certaines des plus fortes croissances de capacit\u00e9 proviennent des compagnies low-cost et hybrides.<\/p>\n\n<p>Les compagnies \u00e0 bas co\u00fbts repr\u00e9sentent d\u00e9sormais 18,9 millions de si\u00e8ges dans la r\u00e9gion, t\u00e9moignant de leur influence croissante dans l\u2019aviation latino-am\u00e9ricaine. Plusieurs des plus fortes augmentations de capacit\u00e9 observ\u00e9es ce mois-ci proviennent d\u2019op\u00e9rateurs adoptant des mod\u00e8les \u00e0 co\u00fbts r\u00e9duits. <\/p>\n\n<p>La compagnie JetSMART affiche la croissance la plus rapide de la r\u00e9gion, avec une hausse de capacit\u00e9 de 17,8 % sur un an, soit environ 244 600 si\u00e8ges suppl\u00e9mentaires. De son c\u00f4t\u00e9, Copa Airlines a augment\u00e9 sa capacit\u00e9 de 15,6 %, renfor\u00e7ant le r\u00f4le de son hub de Panama City comme l\u2019un des principaux points de connexion de la r\u00e9gion. <\/p>\n\n<p>Au Br\u00e9sil, GOL Linhas A\u00e9reas a \u00e9galement accru sa capacit\u00e9 de 7,4 %, illustrant l\u2019importance persistante du mod\u00e8le low-cost sur les grands march\u00e9s domestiques.<\/p>\n\n<p>Au-del\u00e0 des simples chiffres de croissance, l\u2019expansion des compagnies low-cost transforme progressivement les sch\u00e9mas de demande de voyage en Am\u00e9rique latine. En proposant des tarifs plus accessibles et des mod\u00e8les de service simplifi\u00e9s, des transporteurs comme JetSMART et GOL ont r\u00e9ussi \u00e0 stimuler de nouveaux segments de passagers, en particulier dans les march\u00e9s domestiques sensibles aux prix.  <\/p>\n\n<p>Cette dynamique a contribu\u00e9 au d\u00e9veloppement de nouvelles liaisons point-\u00e0-point et \u00e0 l\u2019am\u00e9lioration de la connectivit\u00e9 entre villes secondaires, transformant progressivement la structure des r\u00e9seaux a\u00e9riens r\u00e9gionaux.<\/p>\n\n<h2 class=\"wp-block-heading\">Le Br\u00e9sil reste le plus grand march\u00e9 a\u00e9rien de la r\u00e9gion<\/h2>\n\n<p>Parmi les march\u00e9s nationaux, le Br\u00e9sil continue de dominer le secteur a\u00e9rien latino-am\u00e9ricain. Le pays a enregistr\u00e9 11,7 millions de si\u00e8ges en avril 2026, conservant sa position de plus grand march\u00e9 a\u00e9rien de la r\u00e9gion, avec une croissance de 2,1 % sur un an. <\/p>\n\n<p>Le Br\u00e9sil demeure \u00e9galement le plus grand march\u00e9 domestique d\u2019Am\u00e9rique latine, avec 10,3 millions de si\u00e8ges sur les vols int\u00e9rieurs, soit une hausse de 1,8 % par rapport \u00e0 l\u2019ann\u00e9e pr\u00e9c\u00e9dente, repr\u00e9sentant 178 000 si\u00e8ges suppl\u00e9mentaires.<\/p>\n\n<p>Dans le reste de la r\u00e9gion, le Panama a enregistr\u00e9 la croissance de capacit\u00e9 la plus rapide, avec une augmentation de 11,4 %, tandis que la R\u00e9publique dominicaine a vu sa capacit\u00e9 progresser de 6,3 %. \u00c0 l\u2019inverse, le Mexique a connu une l\u00e9g\u00e8re baisse de la capacit\u00e9 programm\u00e9e ce mois-ci, les compagnies a\u00e9riennes exploitant 12 100 si\u00e8ges de moins qu\u2019en avril 2025. <\/p>\n\n<h2 class=\"wp-block-heading\">Bogot\u00e1 reste le principal hub a\u00e9rien d\u2019Am\u00e9rique latine<\/h2>\n\n<p>Du c\u00f4t\u00e9 des infrastructures,<a href=\"https:\/\/www.latitude-15.com\/fr\/laeroport-el-dorado-depasse-les-27-millions-de-passagers-et-renforce-le-role-de-bogota-comme-hub-aerien-regional\/\"><strong> El Dorado International Airpor<\/strong><\/a>t \u00e0 Bogot\u00e1 demeure l\u2019a\u00e9roport le plus fr\u00e9quent\u00e9 d\u2019Am\u00e9rique latine, avec 2,38 millions de si\u00e8ges au d\u00e9part en avril 2026.<\/p>\n\n<p>Les hubs suivants en termes de capacit\u00e9 sont :<br\/><\/p>\n\n<ul class=\"wp-block-list\">\n<li>Mexico City International Airport, avec 2,24 millions de si\u00e8ges<\/li>\n\n\n\n<li>S\u00e3o Paulo\u2013Guarulhos International Airport, avec 2,14 millions de si\u00e8ges<\/li>\n<\/ul>\n\n<p>Parmi les dix principaux a\u00e9roports de la r\u00e9gion, la croissance la plus forte a \u00e9t\u00e9 observ\u00e9e \u00e0 Tocumen International Airport, o\u00f9 la capacit\u00e9 a progress\u00e9 de 13 %, soulignant le r\u00f4le strat\u00e9gique croissant du Panama comme hub r\u00e9gional. Par ailleurs, Rio de Janeiro\u2013Gale\u00e3o International Airport a enregistr\u00e9 une croissance notable de 12,7 %, refl\u00e9tant une reprise progressive du trafic. <\/p>\n\n<h2 class=\"wp-block-heading\">Les tendances r\u00e9gionales de capacit\u00e9 mettent en lumi\u00e8re les march\u00e9s \u00e9mergents<\/h2>\n\n<p>En analysant la r\u00e9partition r\u00e9gionale de la capacit\u00e9 a\u00e9rienne, la zone Lower South America reste la plus importante sous-r\u00e9gion a\u00e9rienne, avec 16,6 millions de si\u00e8ges en avril 2026, soit 403 200 si\u00e8ges suppl\u00e9mentaires par rapport \u00e0 avril 2025.<\/p>\n\n<p>L\u2019Am\u00e9rique centrale se classe en deuxi\u00e8me position avec 12,6 millions de si\u00e8ges, apr\u00e8s avoir ajout\u00e9 122 300 si\u00e8ges au cours de l\u2019ann\u00e9e \u00e9coul\u00e9e. Ces chiffres illustrent le r\u00f4le croissant des hubs d\u2019Am\u00e9rique centrale dans la connexion des flux de trafic entre l\u2019Am\u00e9rique du Nord et l\u2019Am\u00e9rique du Sud. <\/p>\n\n<p>En revanche, la capacit\u00e9 vers les Cara\u00efbes a recul\u00e9 de 4,4 % sur un an, soit 203 000 si\u00e8ges de moins. Selon OAG, cette baisse refl\u00e8te probablement des ajustements saisonniers de programmation li\u00e9s au calendrier de P\u00e2ques cette ann\u00e9e. <\/p>\n\n<h2 class=\"wp-block-heading\">Un march\u00e9 qui entre dans une nouvelle phase concurrentielle<\/h2>\n\n<p>Dans l\u2019ensemble, le march\u00e9 de l\u2019aviation en Am\u00e9rique latine continue de progresser, bien qu\u2019\u00e0 un rythme mod\u00e9r\u00e9. La croissance de la capacit\u00e9 reste r\u00e9guli\u00e8re, mais l\u2019\u00e9quilibre concurrentiel du secteur \u00e9volue progressivement. <\/p>\n\n<p>Si les grands groupes a\u00e9riens traditionnels continuent de dominer les r\u00e9seaux et les hubs de la r\u00e9gion, l\u2019expansion rapide des compagnies low-cost laisse entrevoir un paysage concurrentiel de plus en plus dynamique. La croissance des flottes \u00e0 bas co\u00fbts, combin\u00e9e \u00e0 une forte demande dans les grands march\u00e9s domestiques tels que le Br\u00e9sil et le Mexique, devrait acc\u00e9l\u00e9rer la transformation des mod\u00e8les \u00e9conomiques des compagnies a\u00e9riennes dans la r\u00e9gion. <\/p>\n\n<p>Parall\u00e8lement, le renforcement de grands hubs r\u00e9gionaux \u2014 notamment Bogot\u00e1 et Panama City \u2014 restera essentiel pour soutenir la connectivit\u00e9 a\u00e9rienne en Am\u00e9rique latine et relier plus efficacement la r\u00e9gion aux r\u00e9seaux mondiaux de transport a\u00e9rien.<\/p>\n","protected":false},"excerpt":{"rendered":"<p>Le secteur de l\u2019aviation en Am\u00e9rique latine continue de se d\u00e9velopper, mais son paysage concurrentiel \u00e9volue progressivement. Selon les derni\u00e8res donn\u00e9es de march\u00e9 publi\u00e9es par OAG, la capacit\u00e9 a\u00e9rienne dans la r\u00e9gion a atteint 51,3 millions de si\u00e8ges en avril 2026, soit une hausse de 0,8 % par rapport au m\u00eame mois de l\u2019ann\u00e9e pr\u00e9c\u00e9dente. [&hellip;]<\/p>\n","protected":false},"author":5,"featured_media":22441,"comment_status":"open","ping_status":"closed","sticky":false,"template":"","format":"standard","meta":{"footnotes":""},"categories":[97,100],"tags":[],"class_list":["post-22442","post","type-post","status-publish","format-standard","has-post-thumbnail","hentry","category-aviation-fr","category-connectivite-aerienne-et-attractivite-territoriale"],"yoast_head":"<!-- This site is optimized with the Yoast SEO plugin v26.9 - https:\/\/yoast.com\/product\/yoast-seo-wordpress\/ -->\n<title>Les compagnies low-cost redessinent le march\u00e9 a\u00e9rien en Am\u00e9rique latine alors que la capacit\u00e9 atteint 51,3 millions de si\u00e8ges - LATITUDE 15<\/title>\n<meta name=\"description\" content=\"La capacit\u00e9 a\u00e9rienne en Am\u00e9rique latine a atteint 51,3 millions de si\u00e8ges en avril 2026, port\u00e9e par la croissance des compagnies \u00e0 bas co\u00fbts.\" \/>\n<meta name=\"robots\" content=\"index, follow, max-snippet:-1, max-image-preview:large, max-video-preview:-1\" \/>\n<link rel=\"canonical\" href=\"https:\/\/www.latitude-15.com\/fr\/les-compagnies-low-cost-redessinent-le-marche-aerien-en-amerique-latine-alors-que-la-capacite-atteint-513-millions-de-sieges\/\" \/>\n<meta property=\"og:locale\" content=\"fr_FR\" \/>\n<meta property=\"og:type\" content=\"article\" \/>\n<meta property=\"og:title\" content=\"Les compagnies low-cost redessinent le march\u00e9 a\u00e9rien en Am\u00e9rique latine alors que la capacit\u00e9 atteint 51,3 millions de si\u00e8ges - LATITUDE 15\" \/>\n<meta property=\"og:description\" content=\"La capacit\u00e9 a\u00e9rienne en Am\u00e9rique latine a atteint 51,3 millions de si\u00e8ges en avril 2026, port\u00e9e par la croissance des compagnies \u00e0 bas co\u00fbts.\" \/>\n<meta property=\"og:url\" content=\"https:\/\/www.latitude-15.com\/fr\/les-compagnies-low-cost-redessinent-le-marche-aerien-en-amerique-latine-alors-que-la-capacite-atteint-513-millions-de-sieges\/\" \/>\n<meta property=\"og:site_name\" content=\"LATITUDE 15\" \/>\n<meta property=\"article:published_time\" content=\"2026-04-07T15:20:45+00:00\" \/>\n<meta property=\"article:modified_time\" content=\"2026-04-07T18:28:13+00:00\" \/>\n<meta property=\"og:image\" content=\"https:\/\/www.latitude-15.com\/wp-content\/uploads\/2026\/04\/1132.jpg\" \/>\n\t<meta property=\"og:image:width\" content=\"2000\" \/>\n\t<meta property=\"og:image:height\" content=\"1304\" \/>\n\t<meta property=\"og:image:type\" content=\"image\/jpeg\" \/>\n<meta name=\"author\" content=\"Joda J\" \/>\n<meta name=\"twitter:card\" content=\"summary_large_image\" \/>\n<meta name=\"twitter:label1\" content=\"\u00c9crit par\" \/>\n\t<meta name=\"twitter:data1\" content=\"Joda J\" \/>\n\t<meta name=\"twitter:label2\" content=\"Dur\u00e9e de lecture estim\u00e9e\" \/>\n\t<meta name=\"twitter:data2\" content=\"7 minutes\" \/>\n<script type=\"application\/ld+json\" class=\"yoast-schema-graph\">{\"@context\":\"https:\/\/schema.org\",\"@graph\":[{\"@type\":\"Article\",\"@id\":\"https:\/\/www.latitude-15.com\/fr\/les-compagnies-low-cost-redessinent-le-marche-aerien-en-amerique-latine-alors-que-la-capacite-atteint-513-millions-de-sieges\/#article\",\"isPartOf\":{\"@id\":\"https:\/\/www.latitude-15.com\/fr\/les-compagnies-low-cost-redessinent-le-marche-aerien-en-amerique-latine-alors-que-la-capacite-atteint-513-millions-de-sieges\/\"},\"author\":{\"name\":\"Joda J\",\"@id\":\"https:\/\/www.latitude-15.com\/fr\/#\/schema\/person\/dac52e7ff44c78317f337da112e37252\"},\"headline\":\"Les compagnies low-cost redessinent le march\u00e9 a\u00e9rien en Am\u00e9rique latine alors que la capacit\u00e9 atteint 51,3 millions de si\u00e8ges\",\"datePublished\":\"2026-04-07T15:20:45+00:00\",\"dateModified\":\"2026-04-07T18:28:13+00:00\",\"mainEntityOfPage\":{\"@id\":\"https:\/\/www.latitude-15.com\/fr\/les-compagnies-low-cost-redessinent-le-marche-aerien-en-amerique-latine-alors-que-la-capacite-atteint-513-millions-de-sieges\/\"},\"wordCount\":1351,\"commentCount\":0,\"publisher\":{\"@id\":\"https:\/\/www.latitude-15.com\/fr\/#organization\"},\"image\":{\"@id\":\"https:\/\/www.latitude-15.com\/fr\/les-compagnies-low-cost-redessinent-le-marche-aerien-en-amerique-latine-alors-que-la-capacite-atteint-513-millions-de-sieges\/#primaryimage\"},\"thumbnailUrl\":\"https:\/\/www.latitude-15.com\/wp-content\/uploads\/2026\/04\/1132.jpg\",\"articleSection\":[\"AVIATION\",\"Connectivit\u00e9 a\u00e9rienne et Attractivit\u00e9 territoriale\"],\"inLanguage\":\"fr-FR\",\"potentialAction\":[{\"@type\":\"CommentAction\",\"name\":\"Comment\",\"target\":[\"https:\/\/www.latitude-15.com\/fr\/les-compagnies-low-cost-redessinent-le-marche-aerien-en-amerique-latine-alors-que-la-capacite-atteint-513-millions-de-sieges\/#respond\"]}]},{\"@type\":\"WebPage\",\"@id\":\"https:\/\/www.latitude-15.com\/fr\/les-compagnies-low-cost-redessinent-le-marche-aerien-en-amerique-latine-alors-que-la-capacite-atteint-513-millions-de-sieges\/\",\"url\":\"https:\/\/www.latitude-15.com\/fr\/les-compagnies-low-cost-redessinent-le-marche-aerien-en-amerique-latine-alors-que-la-capacite-atteint-513-millions-de-sieges\/\",\"name\":\"Les compagnies low-cost redessinent le march\u00e9 a\u00e9rien en Am\u00e9rique latine alors que la capacit\u00e9 atteint 51,3 millions de si\u00e8ges - LATITUDE 15\",\"isPartOf\":{\"@id\":\"https:\/\/www.latitude-15.com\/fr\/#website\"},\"primaryImageOfPage\":{\"@id\":\"https:\/\/www.latitude-15.com\/fr\/les-compagnies-low-cost-redessinent-le-marche-aerien-en-amerique-latine-alors-que-la-capacite-atteint-513-millions-de-sieges\/#primaryimage\"},\"image\":{\"@id\":\"https:\/\/www.latitude-15.com\/fr\/les-compagnies-low-cost-redessinent-le-marche-aerien-en-amerique-latine-alors-que-la-capacite-atteint-513-millions-de-sieges\/#primaryimage\"},\"thumbnailUrl\":\"https:\/\/www.latitude-15.com\/wp-content\/uploads\/2026\/04\/1132.jpg\",\"datePublished\":\"2026-04-07T15:20:45+00:00\",\"dateModified\":\"2026-04-07T18:28:13+00:00\",\"description\":\"La capacit\u00e9 a\u00e9rienne en Am\u00e9rique latine a atteint 51,3 millions de si\u00e8ges en avril 2026, port\u00e9e par la croissance des compagnies \u00e0 bas co\u00fbts.\",\"breadcrumb\":{\"@id\":\"https:\/\/www.latitude-15.com\/fr\/les-compagnies-low-cost-redessinent-le-marche-aerien-en-amerique-latine-alors-que-la-capacite-atteint-513-millions-de-sieges\/#breadcrumb\"},\"inLanguage\":\"fr-FR\",\"potentialAction\":[{\"@type\":\"ReadAction\",\"target\":[\"https:\/\/www.latitude-15.com\/fr\/les-compagnies-low-cost-redessinent-le-marche-aerien-en-amerique-latine-alors-que-la-capacite-atteint-513-millions-de-sieges\/\"]}]},{\"@type\":\"ImageObject\",\"inLanguage\":\"fr-FR\",\"@id\":\"https:\/\/www.latitude-15.com\/fr\/les-compagnies-low-cost-redessinent-le-marche-aerien-en-amerique-latine-alors-que-la-capacite-atteint-513-millions-de-sieges\/#primaryimage\",\"url\":\"https:\/\/www.latitude-15.com\/wp-content\/uploads\/2026\/04\/1132.jpg\",\"contentUrl\":\"https:\/\/www.latitude-15.com\/wp-content\/uploads\/2026\/04\/1132.jpg\",\"width\":2000,\"height\":1304,\"caption\":\"Latin America aviation\"},{\"@type\":\"BreadcrumbList\",\"@id\":\"https:\/\/www.latitude-15.com\/fr\/les-compagnies-low-cost-redessinent-le-marche-aerien-en-amerique-latine-alors-que-la-capacite-atteint-513-millions-de-sieges\/#breadcrumb\",\"itemListElement\":[{\"@type\":\"ListItem\",\"position\":1,\"name\":\"Home\",\"item\":\"https:\/\/www.latitude-15.com\/fr\/accueil\/\"},{\"@type\":\"ListItem\",\"position\":2,\"name\":\"Les compagnies low-cost redessinent le march\u00e9 a\u00e9rien en Am\u00e9rique latine alors que la capacit\u00e9 atteint 51,3 millions de si\u00e8ges\"}]},{\"@type\":\"WebSite\",\"@id\":\"https:\/\/www.latitude-15.com\/fr\/#website\",\"url\":\"https:\/\/www.latitude-15.com\/fr\/\",\"name\":\"LATITUDE 15\",\"description\":\"Aviation and maritime Magazine - Caribbean &amp; Latin America\",\"publisher\":{\"@id\":\"https:\/\/www.latitude-15.com\/fr\/#organization\"},\"potentialAction\":[{\"@type\":\"SearchAction\",\"target\":{\"@type\":\"EntryPoint\",\"urlTemplate\":\"https:\/\/www.latitude-15.com\/fr\/?s={search_term_string}\"},\"query-input\":{\"@type\":\"PropertyValueSpecification\",\"valueRequired\":true,\"valueName\":\"search_term_string\"}}],\"inLanguage\":\"fr-FR\"},{\"@type\":\"Organization\",\"@id\":\"https:\/\/www.latitude-15.com\/fr\/#organization\",\"name\":\"LATITUDE 15\",\"url\":\"https:\/\/www.latitude-15.com\/fr\/\",\"logo\":{\"@type\":\"ImageObject\",\"inLanguage\":\"fr-FR\",\"@id\":\"https:\/\/www.latitude-15.com\/fr\/#\/schema\/logo\/image\/\",\"url\":\"https:\/\/www.latitude-15.com\/wp-content\/uploads\/2026\/01\/cropped-logox500px.png\",\"contentUrl\":\"https:\/\/www.latitude-15.com\/wp-content\/uploads\/2026\/01\/cropped-logox500px.png\",\"width\":62,\"height\":75,\"caption\":\"LATITUDE 15\"},\"image\":{\"@id\":\"https:\/\/www.latitude-15.com\/fr\/#\/schema\/logo\/image\/\"}},{\"@type\":\"Person\",\"@id\":\"https:\/\/www.latitude-15.com\/fr\/#\/schema\/person\/dac52e7ff44c78317f337da112e37252\",\"name\":\"Joda J\",\"image\":{\"@type\":\"ImageObject\",\"inLanguage\":\"fr-FR\",\"@id\":\"https:\/\/www.latitude-15.com\/fr\/#\/schema\/person\/image\/\",\"url\":\"https:\/\/secure.gravatar.com\/avatar\/6b1feae555e15404b76616f92d931d12b25ac58024f14ccb43d9d3c012e4c4cf?s=96&d=mm&r=g\",\"contentUrl\":\"https:\/\/secure.gravatar.com\/avatar\/6b1feae555e15404b76616f92d931d12b25ac58024f14ccb43d9d3c012e4c4cf?s=96&d=mm&r=g\",\"caption\":\"Joda J\"},\"url\":\"https:\/\/www.latitude-15.com\/fr\/author\/joda\/\"}]}<\/script>\n<!-- \/ Yoast SEO plugin. -->","yoast_head_json":{"title":"Les compagnies low-cost redessinent le march\u00e9 a\u00e9rien en Am\u00e9rique latine alors que la capacit\u00e9 atteint 51,3 millions de si\u00e8ges - LATITUDE 15","description":"La capacit\u00e9 a\u00e9rienne en Am\u00e9rique latine a atteint 51,3 millions de si\u00e8ges en avril 2026, port\u00e9e par la croissance des compagnies \u00e0 bas co\u00fbts.","robots":{"index":"index","follow":"follow","max-snippet":"max-snippet:-1","max-image-preview":"max-image-preview:large","max-video-preview":"max-video-preview:-1"},"canonical":"https:\/\/www.latitude-15.com\/fr\/les-compagnies-low-cost-redessinent-le-marche-aerien-en-amerique-latine-alors-que-la-capacite-atteint-513-millions-de-sieges\/","og_locale":"fr_FR","og_type":"article","og_title":"Les compagnies low-cost redessinent le march\u00e9 a\u00e9rien en Am\u00e9rique latine alors que la capacit\u00e9 atteint 51,3 millions de si\u00e8ges - LATITUDE 15","og_description":"La capacit\u00e9 a\u00e9rienne en Am\u00e9rique latine a atteint 51,3 millions de si\u00e8ges en avril 2026, port\u00e9e par la croissance des compagnies \u00e0 bas co\u00fbts.","og_url":"https:\/\/www.latitude-15.com\/fr\/les-compagnies-low-cost-redessinent-le-marche-aerien-en-amerique-latine-alors-que-la-capacite-atteint-513-millions-de-sieges\/","og_site_name":"LATITUDE 15","article_published_time":"2026-04-07T15:20:45+00:00","article_modified_time":"2026-04-07T18:28:13+00:00","og_image":[{"width":2000,"height":1304,"url":"https:\/\/www.latitude-15.com\/wp-content\/uploads\/2026\/04\/1132.jpg","type":"image\/jpeg"}],"author":"Joda J","twitter_card":"summary_large_image","twitter_misc":{"\u00c9crit par":"Joda J","Dur\u00e9e de lecture estim\u00e9e":"7 minutes"},"schema":{"@context":"https:\/\/schema.org","@graph":[{"@type":"Article","@id":"https:\/\/www.latitude-15.com\/fr\/les-compagnies-low-cost-redessinent-le-marche-aerien-en-amerique-latine-alors-que-la-capacite-atteint-513-millions-de-sieges\/#article","isPartOf":{"@id":"https:\/\/www.latitude-15.com\/fr\/les-compagnies-low-cost-redessinent-le-marche-aerien-en-amerique-latine-alors-que-la-capacite-atteint-513-millions-de-sieges\/"},"author":{"name":"Joda J","@id":"https:\/\/www.latitude-15.com\/fr\/#\/schema\/person\/dac52e7ff44c78317f337da112e37252"},"headline":"Les compagnies low-cost redessinent le march\u00e9 a\u00e9rien en Am\u00e9rique latine alors que la capacit\u00e9 atteint 51,3 millions de si\u00e8ges","datePublished":"2026-04-07T15:20:45+00:00","dateModified":"2026-04-07T18:28:13+00:00","mainEntityOfPage":{"@id":"https:\/\/www.latitude-15.com\/fr\/les-compagnies-low-cost-redessinent-le-marche-aerien-en-amerique-latine-alors-que-la-capacite-atteint-513-millions-de-sieges\/"},"wordCount":1351,"commentCount":0,"publisher":{"@id":"https:\/\/www.latitude-15.com\/fr\/#organization"},"image":{"@id":"https:\/\/www.latitude-15.com\/fr\/les-compagnies-low-cost-redessinent-le-marche-aerien-en-amerique-latine-alors-que-la-capacite-atteint-513-millions-de-sieges\/#primaryimage"},"thumbnailUrl":"https:\/\/www.latitude-15.com\/wp-content\/uploads\/2026\/04\/1132.jpg","articleSection":["AVIATION","Connectivit\u00e9 a\u00e9rienne et Attractivit\u00e9 territoriale"],"inLanguage":"fr-FR","potentialAction":[{"@type":"CommentAction","name":"Comment","target":["https:\/\/www.latitude-15.com\/fr\/les-compagnies-low-cost-redessinent-le-marche-aerien-en-amerique-latine-alors-que-la-capacite-atteint-513-millions-de-sieges\/#respond"]}]},{"@type":"WebPage","@id":"https:\/\/www.latitude-15.com\/fr\/les-compagnies-low-cost-redessinent-le-marche-aerien-en-amerique-latine-alors-que-la-capacite-atteint-513-millions-de-sieges\/","url":"https:\/\/www.latitude-15.com\/fr\/les-compagnies-low-cost-redessinent-le-marche-aerien-en-amerique-latine-alors-que-la-capacite-atteint-513-millions-de-sieges\/","name":"Les compagnies low-cost redessinent le march\u00e9 a\u00e9rien en Am\u00e9rique latine alors que la capacit\u00e9 atteint 51,3 millions de si\u00e8ges - LATITUDE 15","isPartOf":{"@id":"https:\/\/www.latitude-15.com\/fr\/#website"},"primaryImageOfPage":{"@id":"https:\/\/www.latitude-15.com\/fr\/les-compagnies-low-cost-redessinent-le-marche-aerien-en-amerique-latine-alors-que-la-capacite-atteint-513-millions-de-sieges\/#primaryimage"},"image":{"@id":"https:\/\/www.latitude-15.com\/fr\/les-compagnies-low-cost-redessinent-le-marche-aerien-en-amerique-latine-alors-que-la-capacite-atteint-513-millions-de-sieges\/#primaryimage"},"thumbnailUrl":"https:\/\/www.latitude-15.com\/wp-content\/uploads\/2026\/04\/1132.jpg","datePublished":"2026-04-07T15:20:45+00:00","dateModified":"2026-04-07T18:28:13+00:00","description":"La capacit\u00e9 a\u00e9rienne en Am\u00e9rique latine a atteint 51,3 millions de si\u00e8ges en avril 2026, port\u00e9e par la croissance des compagnies \u00e0 bas co\u00fbts.","breadcrumb":{"@id":"https:\/\/www.latitude-15.com\/fr\/les-compagnies-low-cost-redessinent-le-marche-aerien-en-amerique-latine-alors-que-la-capacite-atteint-513-millions-de-sieges\/#breadcrumb"},"inLanguage":"fr-FR","potentialAction":[{"@type":"ReadAction","target":["https:\/\/www.latitude-15.com\/fr\/les-compagnies-low-cost-redessinent-le-marche-aerien-en-amerique-latine-alors-que-la-capacite-atteint-513-millions-de-sieges\/"]}]},{"@type":"ImageObject","inLanguage":"fr-FR","@id":"https:\/\/www.latitude-15.com\/fr\/les-compagnies-low-cost-redessinent-le-marche-aerien-en-amerique-latine-alors-que-la-capacite-atteint-513-millions-de-sieges\/#primaryimage","url":"https:\/\/www.latitude-15.com\/wp-content\/uploads\/2026\/04\/1132.jpg","contentUrl":"https:\/\/www.latitude-15.com\/wp-content\/uploads\/2026\/04\/1132.jpg","width":2000,"height":1304,"caption":"Latin America aviation"},{"@type":"BreadcrumbList","@id":"https:\/\/www.latitude-15.com\/fr\/les-compagnies-low-cost-redessinent-le-marche-aerien-en-amerique-latine-alors-que-la-capacite-atteint-513-millions-de-sieges\/#breadcrumb","itemListElement":[{"@type":"ListItem","position":1,"name":"Home","item":"https:\/\/www.latitude-15.com\/fr\/accueil\/"},{"@type":"ListItem","position":2,"name":"Les compagnies low-cost redessinent le march\u00e9 a\u00e9rien en Am\u00e9rique latine alors que la capacit\u00e9 atteint 51,3 millions de si\u00e8ges"}]},{"@type":"WebSite","@id":"https:\/\/www.latitude-15.com\/fr\/#website","url":"https:\/\/www.latitude-15.com\/fr\/","name":"LATITUDE 15","description":"Aviation and maritime Magazine - Caribbean &amp; Latin America","publisher":{"@id":"https:\/\/www.latitude-15.com\/fr\/#organization"},"potentialAction":[{"@type":"SearchAction","target":{"@type":"EntryPoint","urlTemplate":"https:\/\/www.latitude-15.com\/fr\/?s={search_term_string}"},"query-input":{"@type":"PropertyValueSpecification","valueRequired":true,"valueName":"search_term_string"}}],"inLanguage":"fr-FR"},{"@type":"Organization","@id":"https:\/\/www.latitude-15.com\/fr\/#organization","name":"LATITUDE 15","url":"https:\/\/www.latitude-15.com\/fr\/","logo":{"@type":"ImageObject","inLanguage":"fr-FR","@id":"https:\/\/www.latitude-15.com\/fr\/#\/schema\/logo\/image\/","url":"https:\/\/www.latitude-15.com\/wp-content\/uploads\/2026\/01\/cropped-logox500px.png","contentUrl":"https:\/\/www.latitude-15.com\/wp-content\/uploads\/2026\/01\/cropped-logox500px.png","width":62,"height":75,"caption":"LATITUDE 15"},"image":{"@id":"https:\/\/www.latitude-15.com\/fr\/#\/schema\/logo\/image\/"}},{"@type":"Person","@id":"https:\/\/www.latitude-15.com\/fr\/#\/schema\/person\/dac52e7ff44c78317f337da112e37252","name":"Joda J","image":{"@type":"ImageObject","inLanguage":"fr-FR","@id":"https:\/\/www.latitude-15.com\/fr\/#\/schema\/person\/image\/","url":"https:\/\/secure.gravatar.com\/avatar\/6b1feae555e15404b76616f92d931d12b25ac58024f14ccb43d9d3c012e4c4cf?s=96&d=mm&r=g","contentUrl":"https:\/\/secure.gravatar.com\/avatar\/6b1feae555e15404b76616f92d931d12b25ac58024f14ccb43d9d3c012e4c4cf?s=96&d=mm&r=g","caption":"Joda J"},"url":"https:\/\/www.latitude-15.com\/fr\/author\/joda\/"}]}},"_links":{"self":[{"href":"https:\/\/www.latitude-15.com\/fr\/wp-json\/wp\/v2\/posts\/22442","targetHints":{"allow":["GET"]}}],"collection":[{"href":"https:\/\/www.latitude-15.com\/fr\/wp-json\/wp\/v2\/posts"}],"about":[{"href":"https:\/\/www.latitude-15.com\/fr\/wp-json\/wp\/v2\/types\/post"}],"author":[{"embeddable":true,"href":"https:\/\/www.latitude-15.com\/fr\/wp-json\/wp\/v2\/users\/5"}],"replies":[{"embeddable":true,"href":"https:\/\/www.latitude-15.com\/fr\/wp-json\/wp\/v2\/comments?post=22442"}],"version-history":[{"count":1,"href":"https:\/\/www.latitude-15.com\/fr\/wp-json\/wp\/v2\/posts\/22442\/revisions"}],"predecessor-version":[{"id":22443,"href":"https:\/\/www.latitude-15.com\/fr\/wp-json\/wp\/v2\/posts\/22442\/revisions\/22443"}],"wp:featuredmedia":[{"embeddable":true,"href":"https:\/\/www.latitude-15.com\/fr\/wp-json\/wp\/v2\/media\/22441"}],"wp:attachment":[{"href":"https:\/\/www.latitude-15.com\/fr\/wp-json\/wp\/v2\/media?parent=22442"}],"wp:term":[{"taxonomy":"category","embeddable":true,"href":"https:\/\/www.latitude-15.com\/fr\/wp-json\/wp\/v2\/categories?post=22442"},{"taxonomy":"post_tag","embeddable":true,"href":"https:\/\/www.latitude-15.com\/fr\/wp-json\/wp\/v2\/tags?post=22442"}],"curies":[{"name":"wp","href":"https:\/\/api.w.org\/{rel}","templated":true}]}}