{"id":22389,"date":"2026-04-03T13:04:56","date_gmt":"2026-04-03T17:04:56","guid":{"rendered":"https:\/\/www.latitude-15.com\/les-dirigeants-portuaires-des-caraibes-se-reuniront-au-suriname-pour-lassemblee-generale-annuelle-de-la-pmac-2026-dans-un-contexte-de-transition-mondiale-du-secteur\/"},"modified":"2026-04-03T23:40:28","modified_gmt":"2026-04-04T03:40:28","slug":"les-dirigeants-portuaires-des-caraibes-se-reuniront-au-suriname-pour-lassemblee-generale-annuelle-de-la-pmac-2026-dans-un-contexte-de-transition-mondiale-du-secteur","status":"publish","type":"post","link":"https:\/\/www.latitude-15.com\/fr\/les-dirigeants-portuaires-des-caraibes-se-reuniront-au-suriname-pour-lassemblee-generale-annuelle-de-la-pmac-2026-dans-un-contexte-de-transition-mondiale-du-secteur\/","title":{"rendered":"Les dirigeants portuaires des Cara\u00efbes se r\u00e9uniront au Suriname pour l\u2019Assembl\u00e9e g\u00e9n\u00e9rale annuelle de la PMAC 2026 dans un contexte de transition mondiale du secteur"},"content":{"rendered":"\n<p>Les autorit\u00e9s portuaires, op\u00e9rateurs maritimes et acteurs de l\u2019industrie de toute la r\u00e9gion carib\u00e9enne se r\u00e9uniront \u00e0 Paramaribo en juillet prochain \u00e0 l\u2019occasion de la 29e Assembl\u00e9e g\u00e9n\u00e9rale annuelle de la Port Management Association of the Caribbean (PMAC). L\u2019\u00e9v\u00e9nement se tiendra du 8 au 10 juillet 2026 au Royal Torarica Hotel et sera organis\u00e9 par la PMAC en collaboration avec N.V. Havenbeheer Suriname, la soci\u00e9t\u00e9 en charge de la gestion portuaire du pays. <\/p>\n\n<p>La r\u00e9union annuelle devrait rassembler des responsables cl\u00e9s issus des autorit\u00e9s portuaires, des membres associ\u00e9s, des partenaires strat\u00e9giques et des entreprises op\u00e9rant dans les secteurs maritime et logistique. Con\u00e7u comme une plateforme de collaboration et de dialogue, l\u2019\u00e9v\u00e9nement portera sur les d\u00e9fis et les opportunit\u00e9s auxquels fait face l\u2019industrie portuaire de la r\u00e9gion. <\/p>\n\n<h2 class=\"wp-block-heading\">Un rendez-vous majeur pour l\u2019industrie portuaire des Cara\u00efbes<\/h2>\n\n<p>L\u2019Assembl\u00e9e g\u00e9n\u00e9rale annuelle de la PMAC est consid\u00e9r\u00e9e comme l\u2019un des principaux forums de coordination de la communaut\u00e9 portuaire carib\u00e9enne. L\u2019association r\u00e9unit des autorit\u00e9s portuaires et des partenaires industriels de toute la r\u00e9gion afin de favoriser la coop\u00e9ration, partager les bonnes pratiques et soutenir le d\u00e9veloppement des infrastructures portuaires et de la logistique maritime. <\/p>\n\n<p>Chaque ann\u00e9e, la rencontre offre l\u2019occasion aux dirigeants portuaires, entreprises logistiques, prestataires de services maritimes et partenaires institutionnels d\u2019\u00e9changer leurs perspectives sur l\u2019avenir du secteur. Au-del\u00e0 des r\u00e9unions formelles des membres de la PMAC, l\u2019\u00e9v\u00e9nement constitue \u00e9galement un espace de networking et de dialogue entre autorit\u00e9s publiques et acteurs priv\u00e9s impliqu\u00e9s dans les op\u00e9rations portuaires et le commerce maritime. <\/p>\n\n<h2 class=\"wp-block-heading\">Des discussions centr\u00e9es sur la transformation mondiale du secteur portuaire<\/h2>\n\n<p>L\u2019\u00e9dition 2026 se d\u00e9roulera sous le th\u00e8me \u00ab Transitioning in an era of global change \u00bb. Ce th\u00e8me refl\u00e8te les profondes transformations qui red\u00e9finissent actuellement les secteurs maritime et logistique \u00e0 l\u2019\u00e9chelle mondiale, notamment l\u2019\u00e9volution des flux du commerce international, la digitalisation des op\u00e9rations portuaires et la transformation des cha\u00eenes d\u2019approvisionnement.<\/p>\n\n<p>Ces \u00e9changes devraient mettre en \u00e9vidence la n\u00e9cessit\u00e9 pour les ports des Cara\u00efbes de s\u2019adapter \u00e0 un environnement mondial en rapide mutation, tout en renfor\u00e7ant la coop\u00e9ration r\u00e9gionale et l\u2019efficacit\u00e9 op\u00e9rationnelle. Pour de nombreux ports de la r\u00e9gion, la modernisation des infrastructures, l\u2019am\u00e9lioration de la performance logistique et l\u2019int\u00e9gration de nouvelles technologies sont devenues des priorit\u00e9s strat\u00e9giques pour maintenir leur comp\u00e9titivit\u00e9. <\/p>\n\n<h2 class=\"wp-block-heading\">Trois jours de r\u00e9unions, pr\u00e9sentations et sessions techniques<\/h2>\n\n<p>Le programme sur trois jours comprendra une s\u00e9rie de r\u00e9unions strat\u00e9giques, pr\u00e9sentations et sessions techniques r\u00e9unissant les membres de la PMAC et les partenaires du secteur. L\u2019\u00e9v\u00e9nement d\u00e9butera par une c\u00e9r\u00e9monie d\u2019ouverture officielle, suivie de sessions th\u00e9matiques et de pr\u00e9sentations assur\u00e9es par les autorit\u00e9s portuaires sur les \u00e9volutions actuelles du secteur. <\/p>\n\n<p>Des r\u00e9unions internes permettront aux membres portuaires et aux membres associ\u00e9s de la PMAC d\u2019examiner les questions organisationnelles, notamment les \u00e9tats financiers, les rapports des groupes de travail et les initiatives futures. Des pr\u00e9sentations de partenaires strat\u00e9giques ainsi que des sessions techniques compl\u00e9teront \u00e9galement le programme, apportant un \u00e9clairage suppl\u00e9mentaire sur les tendances \u00e9mergentes et les solutions pour l\u2019industrie portuaire. <\/p>\n\n<p>L\u2019agenda inclura \u00e9galement des \u00e9v\u00e9nements de networking et des activit\u00e9s culturelles destin\u00e9es \u00e0 encourager les \u00e9changes entre les participants, ainsi qu\u2019une visite portuaire permettant aux d\u00e9l\u00e9gu\u00e9s de d\u00e9couvrir directement les infrastructures maritimes du Suriname. La rencontre se conclura par un gala de remise de prix, r\u00e9compensant les contributions au sein de la communaut\u00e9 portuaire carib\u00e9enne. <\/p>\n\n<h2 class=\"wp-block-heading\">Paramaribo au c\u0153ur de la coop\u00e9ration portuaire carib\u00e9enne<\/h2>\n\n<p>En accueillant l\u2019Assembl\u00e9e g\u00e9n\u00e9rale annuelle 2026, le Suriname positionne Paramaribo comme un point central de la coop\u00e9ration maritime r\u00e9gionale. L\u2019\u00e9v\u00e9nement constitue une opportunit\u00e9 de renforcer les relations entre les autorit\u00e9s portuaires des Cara\u00efbes et les partenaires industriels, tout en mettant en lumi\u00e8re le r\u00f4le du secteur portuaire du pays au sein des r\u00e9seaux commerciaux r\u00e9gionaux. <\/p>\n\n<p>Alors que les syst\u00e8mes mondiaux de transport maritime et de logistique continuent d\u2019\u00e9voluer, des rencontres telles que la PMAC AGM jouent un r\u00f4le essentiel pour permettre aux dirigeants portuaires de la r\u00e9gion d\u2019\u00e9changer leurs id\u00e9es, de coordonner leurs strat\u00e9gies et de se pr\u00e9parer aux d\u00e9fis et aux opportunit\u00e9s qui fa\u00e7onneront l\u2019avenir de l\u2019industrie maritime.<\/p>\n\n<p class=\"has-text-align-right\"><a href=\"https:\/\/www.pmac-ports.com\/event\/29th-pmac-annual-general-meeting-9\/register\"><strong>En savoir plus sur l\u2019\u00e9v\u00e9nement<\/strong><\/a><\/p>\n","protected":false},"excerpt":{"rendered":"<p>Les autorit\u00e9s portuaires, op\u00e9rateurs maritimes et acteurs de l\u2019industrie de toute la r\u00e9gion carib\u00e9enne se r\u00e9uniront \u00e0 Paramaribo en juillet prochain \u00e0 l\u2019occasion de la 29e Assembl\u00e9e g\u00e9n\u00e9rale annuelle de la Port Management Association of the Caribbean (PMAC). L\u2019\u00e9v\u00e9nement se tiendra du 8 au 10 juillet 2026 au Royal Torarica Hotel et sera organis\u00e9 par [&hellip;]<\/p>\n","protected":false},"author":5,"featured_media":22388,"comment_status":"open","ping_status":"closed","sticky":false,"template":"","format":"standard","meta":{"footnotes":""},"categories":[118,136],"tags":[],"class_list":["post-22389","post","type-post","status-publish","format-standard","has-post-thumbnail","hentry","category-maritime-fr","category-ports-et-logistique"],"yoast_head":"<!-- This site is optimized with the Yoast SEO plugin v26.9 - https:\/\/yoast.com\/product\/yoast-seo-wordpress\/ -->\n<title>Les dirigeants portuaires des Cara\u00efbes se r\u00e9uniront au Suriname pour l\u2019Assembl\u00e9e g\u00e9n\u00e9rale annuelle de la PMAC 2026 dans un contexte de transition mondiale du secteur - LATITUDE 15<\/title>\n<meta name=\"description\" content=\"La 29e assembl\u00e9e g\u00e9n\u00e9rale annuelle de la PMAC pour discuter de l\u2019avenir des ports et de la logistique maritime des Cara\u00efbes, au Suriname\" \/>\n<meta name=\"robots\" content=\"index, follow, max-snippet:-1, max-image-preview:large, max-video-preview:-1\" \/>\n<link rel=\"canonical\" href=\"https:\/\/www.latitude-15.com\/fr\/les-dirigeants-portuaires-des-caraibes-se-reuniront-au-suriname-pour-lassemblee-generale-annuelle-de-la-pmac-2026-dans-un-contexte-de-transition-mondiale-du-secteur\/\" \/>\n<meta property=\"og:locale\" content=\"fr_FR\" \/>\n<meta property=\"og:type\" content=\"article\" \/>\n<meta property=\"og:title\" content=\"Les dirigeants portuaires des Cara\u00efbes se r\u00e9uniront au Suriname pour l\u2019Assembl\u00e9e g\u00e9n\u00e9rale annuelle de la PMAC 2026 dans un contexte de transition mondiale du secteur - LATITUDE 15\" \/>\n<meta property=\"og:description\" content=\"La 29e assembl\u00e9e g\u00e9n\u00e9rale annuelle de la PMAC pour discuter de l\u2019avenir des ports et de la logistique maritime des Cara\u00efbes, au Suriname\" \/>\n<meta property=\"og:url\" content=\"https:\/\/www.latitude-15.com\/fr\/les-dirigeants-portuaires-des-caraibes-se-reuniront-au-suriname-pour-lassemblee-generale-annuelle-de-la-pmac-2026-dans-un-contexte-de-transition-mondiale-du-secteur\/\" \/>\n<meta property=\"og:site_name\" content=\"LATITUDE 15\" \/>\n<meta property=\"article:published_time\" content=\"2026-04-03T17:04:56+00:00\" \/>\n<meta property=\"article:modified_time\" content=\"2026-04-04T03:40:28+00:00\" \/>\n<meta property=\"og:image\" content=\"https:\/\/www.latitude-15.com\/wp-content\/uploads\/2026\/04\/SRTHDRYJFTUKY.jpg\" \/>\n\t<meta property=\"og:image:width\" content=\"2000\" \/>\n\t<meta property=\"og:image:height\" content=\"1331\" \/>\n\t<meta property=\"og:image:type\" content=\"image\/jpeg\" \/>\n<meta name=\"author\" content=\"Joda J\" \/>\n<meta name=\"twitter:card\" content=\"summary_large_image\" \/>\n<meta name=\"twitter:label1\" content=\"\u00c9crit par\" \/>\n\t<meta name=\"twitter:data1\" content=\"Joda J\" \/>\n\t<meta name=\"twitter:label2\" content=\"Dur\u00e9e de lecture estim\u00e9e\" \/>\n\t<meta name=\"twitter:data2\" content=\"4 minutes\" \/>\n<script type=\"application\/ld+json\" class=\"yoast-schema-graph\">{\"@context\":\"https:\/\/schema.org\",\"@graph\":[{\"@type\":\"Article\",\"@id\":\"https:\/\/www.latitude-15.com\/fr\/les-dirigeants-portuaires-des-caraibes-se-reuniront-au-suriname-pour-lassemblee-generale-annuelle-de-la-pmac-2026-dans-un-contexte-de-transition-mondiale-du-secteur\/#article\",\"isPartOf\":{\"@id\":\"https:\/\/www.latitude-15.com\/fr\/les-dirigeants-portuaires-des-caraibes-se-reuniront-au-suriname-pour-lassemblee-generale-annuelle-de-la-pmac-2026-dans-un-contexte-de-transition-mondiale-du-secteur\/\"},\"author\":{\"name\":\"Joda J\",\"@id\":\"https:\/\/www.latitude-15.com\/fr\/#\/schema\/person\/dac52e7ff44c78317f337da112e37252\"},\"headline\":\"Les dirigeants portuaires des Cara\u00efbes se r\u00e9uniront au Suriname pour l\u2019Assembl\u00e9e g\u00e9n\u00e9rale annuelle de la PMAC 2026 dans un contexte de transition mondiale du secteur\",\"datePublished\":\"2026-04-03T17:04:56+00:00\",\"dateModified\":\"2026-04-04T03:40:28+00:00\",\"mainEntityOfPage\":{\"@id\":\"https:\/\/www.latitude-15.com\/fr\/les-dirigeants-portuaires-des-caraibes-se-reuniront-au-suriname-pour-lassemblee-generale-annuelle-de-la-pmac-2026-dans-un-contexte-de-transition-mondiale-du-secteur\/\"},\"wordCount\":833,\"commentCount\":0,\"publisher\":{\"@id\":\"https:\/\/www.latitude-15.com\/fr\/#organization\"},\"image\":{\"@id\":\"https:\/\/www.latitude-15.com\/fr\/les-dirigeants-portuaires-des-caraibes-se-reuniront-au-suriname-pour-lassemblee-generale-annuelle-de-la-pmac-2026-dans-un-contexte-de-transition-mondiale-du-secteur\/#primaryimage\"},\"thumbnailUrl\":\"https:\/\/www.latitude-15.com\/wp-content\/uploads\/2026\/04\/SRTHDRYJFTUKY.jpg\",\"articleSection\":[\"MARITIME\",\"Ports et logistique\"],\"inLanguage\":\"fr-FR\",\"potentialAction\":[{\"@type\":\"CommentAction\",\"name\":\"Comment\",\"target\":[\"https:\/\/www.latitude-15.com\/fr\/les-dirigeants-portuaires-des-caraibes-se-reuniront-au-suriname-pour-lassemblee-generale-annuelle-de-la-pmac-2026-dans-un-contexte-de-transition-mondiale-du-secteur\/#respond\"]}]},{\"@type\":\"WebPage\",\"@id\":\"https:\/\/www.latitude-15.com\/fr\/les-dirigeants-portuaires-des-caraibes-se-reuniront-au-suriname-pour-lassemblee-generale-annuelle-de-la-pmac-2026-dans-un-contexte-de-transition-mondiale-du-secteur\/\",\"url\":\"https:\/\/www.latitude-15.com\/fr\/les-dirigeants-portuaires-des-caraibes-se-reuniront-au-suriname-pour-lassemblee-generale-annuelle-de-la-pmac-2026-dans-un-contexte-de-transition-mondiale-du-secteur\/\",\"name\":\"Les dirigeants portuaires des Cara\u00efbes se r\u00e9uniront au Suriname pour l\u2019Assembl\u00e9e g\u00e9n\u00e9rale annuelle de la PMAC 2026 dans un contexte de transition mondiale du secteur - LATITUDE 15\",\"isPartOf\":{\"@id\":\"https:\/\/www.latitude-15.com\/fr\/#website\"},\"primaryImageOfPage\":{\"@id\":\"https:\/\/www.latitude-15.com\/fr\/les-dirigeants-portuaires-des-caraibes-se-reuniront-au-suriname-pour-lassemblee-generale-annuelle-de-la-pmac-2026-dans-un-contexte-de-transition-mondiale-du-secteur\/#primaryimage\"},\"image\":{\"@id\":\"https:\/\/www.latitude-15.com\/fr\/les-dirigeants-portuaires-des-caraibes-se-reuniront-au-suriname-pour-lassemblee-generale-annuelle-de-la-pmac-2026-dans-un-contexte-de-transition-mondiale-du-secteur\/#primaryimage\"},\"thumbnailUrl\":\"https:\/\/www.latitude-15.com\/wp-content\/uploads\/2026\/04\/SRTHDRYJFTUKY.jpg\",\"datePublished\":\"2026-04-03T17:04:56+00:00\",\"dateModified\":\"2026-04-04T03:40:28+00:00\",\"description\":\"La 29e assembl\u00e9e g\u00e9n\u00e9rale annuelle de la PMAC pour discuter de l\u2019avenir des ports et de la logistique maritime des Cara\u00efbes, au Suriname\",\"breadcrumb\":{\"@id\":\"https:\/\/www.latitude-15.com\/fr\/les-dirigeants-portuaires-des-caraibes-se-reuniront-au-suriname-pour-lassemblee-generale-annuelle-de-la-pmac-2026-dans-un-contexte-de-transition-mondiale-du-secteur\/#breadcrumb\"},\"inLanguage\":\"fr-FR\",\"potentialAction\":[{\"@type\":\"ReadAction\",\"target\":[\"https:\/\/www.latitude-15.com\/fr\/les-dirigeants-portuaires-des-caraibes-se-reuniront-au-suriname-pour-lassemblee-generale-annuelle-de-la-pmac-2026-dans-un-contexte-de-transition-mondiale-du-secteur\/\"]}]},{\"@type\":\"ImageObject\",\"inLanguage\":\"fr-FR\",\"@id\":\"https:\/\/www.latitude-15.com\/fr\/les-dirigeants-portuaires-des-caraibes-se-reuniront-au-suriname-pour-lassemblee-generale-annuelle-de-la-pmac-2026-dans-un-contexte-de-transition-mondiale-du-secteur\/#primaryimage\",\"url\":\"https:\/\/www.latitude-15.com\/wp-content\/uploads\/2026\/04\/SRTHDRYJFTUKY.jpg\",\"contentUrl\":\"https:\/\/www.latitude-15.com\/wp-content\/uploads\/2026\/04\/SRTHDRYJFTUKY.jpg\",\"width\":2000,\"height\":1331},{\"@type\":\"BreadcrumbList\",\"@id\":\"https:\/\/www.latitude-15.com\/fr\/les-dirigeants-portuaires-des-caraibes-se-reuniront-au-suriname-pour-lassemblee-generale-annuelle-de-la-pmac-2026-dans-un-contexte-de-transition-mondiale-du-secteur\/#breadcrumb\",\"itemListElement\":[{\"@type\":\"ListItem\",\"position\":1,\"name\":\"Home\",\"item\":\"https:\/\/www.latitude-15.com\/fr\/accueil\/\"},{\"@type\":\"ListItem\",\"position\":2,\"name\":\"Les dirigeants portuaires des Cara\u00efbes se r\u00e9uniront au Suriname pour l\u2019Assembl\u00e9e g\u00e9n\u00e9rale annuelle de la PMAC 2026 dans un contexte de transition mondiale du secteur\"}]},{\"@type\":\"WebSite\",\"@id\":\"https:\/\/www.latitude-15.com\/fr\/#website\",\"url\":\"https:\/\/www.latitude-15.com\/fr\/\",\"name\":\"LATITUDE 15\",\"description\":\"Aviation and maritime Magazine - Caribbean &amp; Latin America\",\"publisher\":{\"@id\":\"https:\/\/www.latitude-15.com\/fr\/#organization\"},\"potentialAction\":[{\"@type\":\"SearchAction\",\"target\":{\"@type\":\"EntryPoint\",\"urlTemplate\":\"https:\/\/www.latitude-15.com\/fr\/?s={search_term_string}\"},\"query-input\":{\"@type\":\"PropertyValueSpecification\",\"valueRequired\":true,\"valueName\":\"search_term_string\"}}],\"inLanguage\":\"fr-FR\"},{\"@type\":\"Organization\",\"@id\":\"https:\/\/www.latitude-15.com\/fr\/#organization\",\"name\":\"LATITUDE 15\",\"url\":\"https:\/\/www.latitude-15.com\/fr\/\",\"logo\":{\"@type\":\"ImageObject\",\"inLanguage\":\"fr-FR\",\"@id\":\"https:\/\/www.latitude-15.com\/fr\/#\/schema\/logo\/image\/\",\"url\":\"https:\/\/www.latitude-15.com\/wp-content\/uploads\/2026\/01\/cropped-logox500px.png\",\"contentUrl\":\"https:\/\/www.latitude-15.com\/wp-content\/uploads\/2026\/01\/cropped-logox500px.png\",\"width\":62,\"height\":75,\"caption\":\"LATITUDE 15\"},\"image\":{\"@id\":\"https:\/\/www.latitude-15.com\/fr\/#\/schema\/logo\/image\/\"}},{\"@type\":\"Person\",\"@id\":\"https:\/\/www.latitude-15.com\/fr\/#\/schema\/person\/dac52e7ff44c78317f337da112e37252\",\"name\":\"Joda J\",\"image\":{\"@type\":\"ImageObject\",\"inLanguage\":\"fr-FR\",\"@id\":\"https:\/\/www.latitude-15.com\/fr\/#\/schema\/person\/image\/\",\"url\":\"https:\/\/secure.gravatar.com\/avatar\/6b1feae555e15404b76616f92d931d12b25ac58024f14ccb43d9d3c012e4c4cf?s=96&d=mm&r=g\",\"contentUrl\":\"https:\/\/secure.gravatar.com\/avatar\/6b1feae555e15404b76616f92d931d12b25ac58024f14ccb43d9d3c012e4c4cf?s=96&d=mm&r=g\",\"caption\":\"Joda J\"},\"url\":\"https:\/\/www.latitude-15.com\/fr\/author\/joda\/\"}]}<\/script>\n<!-- \/ Yoast SEO plugin. -->","yoast_head_json":{"title":"Les dirigeants portuaires des Cara\u00efbes se r\u00e9uniront au Suriname pour l\u2019Assembl\u00e9e g\u00e9n\u00e9rale annuelle de la PMAC 2026 dans un contexte de transition mondiale du secteur - LATITUDE 15","description":"La 29e assembl\u00e9e g\u00e9n\u00e9rale annuelle de la PMAC pour discuter de l\u2019avenir des ports et de la logistique maritime des Cara\u00efbes, au Suriname","robots":{"index":"index","follow":"follow","max-snippet":"max-snippet:-1","max-image-preview":"max-image-preview:large","max-video-preview":"max-video-preview:-1"},"canonical":"https:\/\/www.latitude-15.com\/fr\/les-dirigeants-portuaires-des-caraibes-se-reuniront-au-suriname-pour-lassemblee-generale-annuelle-de-la-pmac-2026-dans-un-contexte-de-transition-mondiale-du-secteur\/","og_locale":"fr_FR","og_type":"article","og_title":"Les dirigeants portuaires des Cara\u00efbes se r\u00e9uniront au Suriname pour l\u2019Assembl\u00e9e g\u00e9n\u00e9rale annuelle de la PMAC 2026 dans un contexte de transition mondiale du secteur - LATITUDE 15","og_description":"La 29e assembl\u00e9e g\u00e9n\u00e9rale annuelle de la PMAC pour discuter de l\u2019avenir des ports et de la logistique maritime des Cara\u00efbes, au Suriname","og_url":"https:\/\/www.latitude-15.com\/fr\/les-dirigeants-portuaires-des-caraibes-se-reuniront-au-suriname-pour-lassemblee-generale-annuelle-de-la-pmac-2026-dans-un-contexte-de-transition-mondiale-du-secteur\/","og_site_name":"LATITUDE 15","article_published_time":"2026-04-03T17:04:56+00:00","article_modified_time":"2026-04-04T03:40:28+00:00","og_image":[{"width":2000,"height":1331,"url":"https:\/\/www.latitude-15.com\/wp-content\/uploads\/2026\/04\/SRTHDRYJFTUKY.jpg","type":"image\/jpeg"}],"author":"Joda J","twitter_card":"summary_large_image","twitter_misc":{"\u00c9crit par":"Joda J","Dur\u00e9e de lecture estim\u00e9e":"4 minutes"},"schema":{"@context":"https:\/\/schema.org","@graph":[{"@type":"Article","@id":"https:\/\/www.latitude-15.com\/fr\/les-dirigeants-portuaires-des-caraibes-se-reuniront-au-suriname-pour-lassemblee-generale-annuelle-de-la-pmac-2026-dans-un-contexte-de-transition-mondiale-du-secteur\/#article","isPartOf":{"@id":"https:\/\/www.latitude-15.com\/fr\/les-dirigeants-portuaires-des-caraibes-se-reuniront-au-suriname-pour-lassemblee-generale-annuelle-de-la-pmac-2026-dans-un-contexte-de-transition-mondiale-du-secteur\/"},"author":{"name":"Joda J","@id":"https:\/\/www.latitude-15.com\/fr\/#\/schema\/person\/dac52e7ff44c78317f337da112e37252"},"headline":"Les dirigeants portuaires des Cara\u00efbes se r\u00e9uniront au Suriname pour l\u2019Assembl\u00e9e g\u00e9n\u00e9rale annuelle de la PMAC 2026 dans un contexte de transition mondiale du secteur","datePublished":"2026-04-03T17:04:56+00:00","dateModified":"2026-04-04T03:40:28+00:00","mainEntityOfPage":{"@id":"https:\/\/www.latitude-15.com\/fr\/les-dirigeants-portuaires-des-caraibes-se-reuniront-au-suriname-pour-lassemblee-generale-annuelle-de-la-pmac-2026-dans-un-contexte-de-transition-mondiale-du-secteur\/"},"wordCount":833,"commentCount":0,"publisher":{"@id":"https:\/\/www.latitude-15.com\/fr\/#organization"},"image":{"@id":"https:\/\/www.latitude-15.com\/fr\/les-dirigeants-portuaires-des-caraibes-se-reuniront-au-suriname-pour-lassemblee-generale-annuelle-de-la-pmac-2026-dans-un-contexte-de-transition-mondiale-du-secteur\/#primaryimage"},"thumbnailUrl":"https:\/\/www.latitude-15.com\/wp-content\/uploads\/2026\/04\/SRTHDRYJFTUKY.jpg","articleSection":["MARITIME","Ports et logistique"],"inLanguage":"fr-FR","potentialAction":[{"@type":"CommentAction","name":"Comment","target":["https:\/\/www.latitude-15.com\/fr\/les-dirigeants-portuaires-des-caraibes-se-reuniront-au-suriname-pour-lassemblee-generale-annuelle-de-la-pmac-2026-dans-un-contexte-de-transition-mondiale-du-secteur\/#respond"]}]},{"@type":"WebPage","@id":"https:\/\/www.latitude-15.com\/fr\/les-dirigeants-portuaires-des-caraibes-se-reuniront-au-suriname-pour-lassemblee-generale-annuelle-de-la-pmac-2026-dans-un-contexte-de-transition-mondiale-du-secteur\/","url":"https:\/\/www.latitude-15.com\/fr\/les-dirigeants-portuaires-des-caraibes-se-reuniront-au-suriname-pour-lassemblee-generale-annuelle-de-la-pmac-2026-dans-un-contexte-de-transition-mondiale-du-secteur\/","name":"Les dirigeants portuaires des Cara\u00efbes se r\u00e9uniront au Suriname pour l\u2019Assembl\u00e9e g\u00e9n\u00e9rale annuelle de la PMAC 2026 dans un contexte de transition mondiale du secteur - LATITUDE 15","isPartOf":{"@id":"https:\/\/www.latitude-15.com\/fr\/#website"},"primaryImageOfPage":{"@id":"https:\/\/www.latitude-15.com\/fr\/les-dirigeants-portuaires-des-caraibes-se-reuniront-au-suriname-pour-lassemblee-generale-annuelle-de-la-pmac-2026-dans-un-contexte-de-transition-mondiale-du-secteur\/#primaryimage"},"image":{"@id":"https:\/\/www.latitude-15.com\/fr\/les-dirigeants-portuaires-des-caraibes-se-reuniront-au-suriname-pour-lassemblee-generale-annuelle-de-la-pmac-2026-dans-un-contexte-de-transition-mondiale-du-secteur\/#primaryimage"},"thumbnailUrl":"https:\/\/www.latitude-15.com\/wp-content\/uploads\/2026\/04\/SRTHDRYJFTUKY.jpg","datePublished":"2026-04-03T17:04:56+00:00","dateModified":"2026-04-04T03:40:28+00:00","description":"La 29e assembl\u00e9e g\u00e9n\u00e9rale annuelle de la PMAC pour discuter de l\u2019avenir des ports et de la logistique maritime des Cara\u00efbes, au Suriname","breadcrumb":{"@id":"https:\/\/www.latitude-15.com\/fr\/les-dirigeants-portuaires-des-caraibes-se-reuniront-au-suriname-pour-lassemblee-generale-annuelle-de-la-pmac-2026-dans-un-contexte-de-transition-mondiale-du-secteur\/#breadcrumb"},"inLanguage":"fr-FR","potentialAction":[{"@type":"ReadAction","target":["https:\/\/www.latitude-15.com\/fr\/les-dirigeants-portuaires-des-caraibes-se-reuniront-au-suriname-pour-lassemblee-generale-annuelle-de-la-pmac-2026-dans-un-contexte-de-transition-mondiale-du-secteur\/"]}]},{"@type":"ImageObject","inLanguage":"fr-FR","@id":"https:\/\/www.latitude-15.com\/fr\/les-dirigeants-portuaires-des-caraibes-se-reuniront-au-suriname-pour-lassemblee-generale-annuelle-de-la-pmac-2026-dans-un-contexte-de-transition-mondiale-du-secteur\/#primaryimage","url":"https:\/\/www.latitude-15.com\/wp-content\/uploads\/2026\/04\/SRTHDRYJFTUKY.jpg","contentUrl":"https:\/\/www.latitude-15.com\/wp-content\/uploads\/2026\/04\/SRTHDRYJFTUKY.jpg","width":2000,"height":1331},{"@type":"BreadcrumbList","@id":"https:\/\/www.latitude-15.com\/fr\/les-dirigeants-portuaires-des-caraibes-se-reuniront-au-suriname-pour-lassemblee-generale-annuelle-de-la-pmac-2026-dans-un-contexte-de-transition-mondiale-du-secteur\/#breadcrumb","itemListElement":[{"@type":"ListItem","position":1,"name":"Home","item":"https:\/\/www.latitude-15.com\/fr\/accueil\/"},{"@type":"ListItem","position":2,"name":"Les dirigeants portuaires des Cara\u00efbes se r\u00e9uniront au Suriname pour l\u2019Assembl\u00e9e g\u00e9n\u00e9rale annuelle de la PMAC 2026 dans un contexte de transition mondiale du secteur"}]},{"@type":"WebSite","@id":"https:\/\/www.latitude-15.com\/fr\/#website","url":"https:\/\/www.latitude-15.com\/fr\/","name":"LATITUDE 15","description":"Aviation and maritime Magazine - Caribbean &amp; Latin America","publisher":{"@id":"https:\/\/www.latitude-15.com\/fr\/#organization"},"potentialAction":[{"@type":"SearchAction","target":{"@type":"EntryPoint","urlTemplate":"https:\/\/www.latitude-15.com\/fr\/?s={search_term_string}"},"query-input":{"@type":"PropertyValueSpecification","valueRequired":true,"valueName":"search_term_string"}}],"inLanguage":"fr-FR"},{"@type":"Organization","@id":"https:\/\/www.latitude-15.com\/fr\/#organization","name":"LATITUDE 15","url":"https:\/\/www.latitude-15.com\/fr\/","logo":{"@type":"ImageObject","inLanguage":"fr-FR","@id":"https:\/\/www.latitude-15.com\/fr\/#\/schema\/logo\/image\/","url":"https:\/\/www.latitude-15.com\/wp-content\/uploads\/2026\/01\/cropped-logox500px.png","contentUrl":"https:\/\/www.latitude-15.com\/wp-content\/uploads\/2026\/01\/cropped-logox500px.png","width":62,"height":75,"caption":"LATITUDE 15"},"image":{"@id":"https:\/\/www.latitude-15.com\/fr\/#\/schema\/logo\/image\/"}},{"@type":"Person","@id":"https:\/\/www.latitude-15.com\/fr\/#\/schema\/person\/dac52e7ff44c78317f337da112e37252","name":"Joda J","image":{"@type":"ImageObject","inLanguage":"fr-FR","@id":"https:\/\/www.latitude-15.com\/fr\/#\/schema\/person\/image\/","url":"https:\/\/secure.gravatar.com\/avatar\/6b1feae555e15404b76616f92d931d12b25ac58024f14ccb43d9d3c012e4c4cf?s=96&d=mm&r=g","contentUrl":"https:\/\/secure.gravatar.com\/avatar\/6b1feae555e15404b76616f92d931d12b25ac58024f14ccb43d9d3c012e4c4cf?s=96&d=mm&r=g","caption":"Joda J"},"url":"https:\/\/www.latitude-15.com\/fr\/author\/joda\/"}]}},"_links":{"self":[{"href":"https:\/\/www.latitude-15.com\/fr\/wp-json\/wp\/v2\/posts\/22389","targetHints":{"allow":["GET"]}}],"collection":[{"href":"https:\/\/www.latitude-15.com\/fr\/wp-json\/wp\/v2\/posts"}],"about":[{"href":"https:\/\/www.latitude-15.com\/fr\/wp-json\/wp\/v2\/types\/post"}],"author":[{"embeddable":true,"href":"https:\/\/www.latitude-15.com\/fr\/wp-json\/wp\/v2\/users\/5"}],"replies":[{"embeddable":true,"href":"https:\/\/www.latitude-15.com\/fr\/wp-json\/wp\/v2\/comments?post=22389"}],"version-history":[{"count":1,"href":"https:\/\/www.latitude-15.com\/fr\/wp-json\/wp\/v2\/posts\/22389\/revisions"}],"predecessor-version":[{"id":22390,"href":"https:\/\/www.latitude-15.com\/fr\/wp-json\/wp\/v2\/posts\/22389\/revisions\/22390"}],"wp:featuredmedia":[{"embeddable":true,"href":"https:\/\/www.latitude-15.com\/fr\/wp-json\/wp\/v2\/media\/22388"}],"wp:attachment":[{"href":"https:\/\/www.latitude-15.com\/fr\/wp-json\/wp\/v2\/media?parent=22389"}],"wp:term":[{"taxonomy":"category","embeddable":true,"href":"https:\/\/www.latitude-15.com\/fr\/wp-json\/wp\/v2\/categories?post=22389"},{"taxonomy":"post_tag","embeddable":true,"href":"https:\/\/www.latitude-15.com\/fr\/wp-json\/wp\/v2\/tags?post=22389"}],"curies":[{"name":"wp","href":"https:\/\/api.w.org\/{rel}","templated":true}]}}