{"id":22319,"date":"2026-04-01T09:09:15","date_gmt":"2026-04-01T13:09:15","guid":{"rendered":"https:\/\/www.latitude-15.com\/le-trafic-aerien-de-passagers-en-amerique-latine-et-dans-les-caraibes-progresse-de-5-en-2025-selon-aci-lac\/"},"modified":"2026-04-13T09:33:30","modified_gmt":"2026-04-13T13:33:30","slug":"le-trafic-aerien-de-passagers-en-amerique-latine-et-dans-les-caraibes-progresse-de-5-en-2025-selon-aci-lac","status":"publish","type":"post","link":"https:\/\/www.latitude-15.com\/fr\/le-trafic-aerien-de-passagers-en-amerique-latine-et-dans-les-caraibes-progresse-de-5-en-2025-selon-aci-lac\/","title":{"rendered":"Le trafic a\u00e9rien de passagers en Am\u00e9rique latine et dans la Cara\u00efbes progresse de 5 % en 2025, selon ACI-LAC"},"content":{"rendered":"\n<p>Le trafic a\u00e9rien de passagers en Am\u00e9rique latine et dans la Cara\u00efbe a poursuivi sa trajectoire de croissance en 2025, enregistrant une hausse de 5 % par rapport \u00e0 l\u2019ann\u00e9e pr\u00e9c\u00e9dente, selon des donn\u00e9es pr\u00e9liminaires compil\u00e9es par Airports Council International Latin America and the Caribbean (ACI-LAC). Les chiffres, fond\u00e9s sur des informations recueillies aupr\u00e8s de diff\u00e9rentes sources officielles, t\u00e9moignent d\u2019une demande soutenue pour le transport a\u00e9rien dans la r\u00e9gion malgr\u00e9 un environnement mondial exigeant. <\/p>\n\n<p>L\u2019Argentine a enregistr\u00e9 la croissance relative la plus forte parmi les march\u00e9s r\u00e9gionaux, avec une augmentation du trafic de passagers de 12,7 %. Cette expansion a \u00e9t\u00e9 port\u00e9e \u00e0 la fois par le trafic domestique et international, illustrant un rebond significatif de la connectivit\u00e9 a\u00e9rienne dans le pays. <\/p>\n\n<p>Le Br\u00e9sil, premier march\u00e9 a\u00e9rien d\u2019Am\u00e9rique latine, a \u00e9galement affich\u00e9 des r\u00e9sultats solides. Le pays a accueilli 234,8 millions de passagers en 2025, soit une progression de 9,1 % par rapport \u00e0 l\u2019ann\u00e9e pr\u00e9c\u00e9dente. Le trafic international a constitu\u00e9 le principal moteur de cette croissance, enregistrant une hausse de 14 %, soit environ 3,5 millions de passagers suppl\u00e9mentaires. Ces r\u00e9sultats confirment le r\u00f4le central du Br\u00e9sil dans la connectivit\u00e9 a\u00e9rienne de la r\u00e9gion.   <\/p>\n\n<p>Dans la Cara\u00efbe, la croissance du trafic est rest\u00e9e plus mod\u00e9r\u00e9e, avec une progression globale de 1 %. La R\u00e9publique dominicaine a conserv\u00e9 sa position de principal march\u00e9 a\u00e9rien de la r\u00e9gion, avec 19,4 millions de passagers, en hausse de 4,6 % sur un an. Cura\u00e7ao s\u2019est distingu\u00e9 par une croissance particuli\u00e8rement dynamique de 17 %. \u00c0 l\u2019inverse, la Jama\u00efque a enregistr\u00e9 une baisse de 7,9 % du trafic passagers, cons\u00e9quence des perturbations op\u00e9rationnelles et touristiques provoqu\u00e9es par l\u2019ouragan Melissa.   <\/p>\n\n<p>Au-del\u00e0 de la r\u00e9gion elle-m\u00eame, Miami International Airport a continu\u00e9 de jouer un r\u00f4le cl\u00e9 dans la connectivit\u00e9 entre l\u2019Am\u00e9rique latine, les Cara\u00efbes et les march\u00e9s internationaux, cl\u00f4turant l\u2019ann\u00e9e avec 55,3 millions de passagers.<\/p>\n\n<p>Commentant ces r\u00e9sultats, Rafael Echevarne, directeur g\u00e9n\u00e9ral d\u2019ACI-LAC, a soulign\u00e9 que la croissance de 5 % enregistr\u00e9e en 2025 confirme la r\u00e9silience du secteur a\u00e9rien en Am\u00e9rique latine et dans la Cara\u00efbe. Il a notamment mis en avant la performance de l\u2019Argentine, attribuant cette dynamique \u00e0 l\u2019impact de la politique d\u2019open skies mise en \u0153uvre dans le pays, qui a stimul\u00e9 le trafic a\u00e9rien et contribu\u00e9 \u00e0 la progression de 12,7 % observ\u00e9e sur l\u2019ann\u00e9e. Dans le m\u00eame temps, il a rappel\u00e9 que les r\u00e9sultats du Br\u00e9sil, en particulier la forte expansion du trafic international, r\u00e9affirment la position du pays comme premier march\u00e9 a\u00e9rien de la r\u00e9gion et moteur essentiel de la connectivit\u00e9 en Am\u00e9rique latine.  <\/p>\n","protected":false},"excerpt":{"rendered":"<p>Le trafic a\u00e9rien de passagers en Am\u00e9rique latine et dans la Cara\u00efbe a poursuivi sa trajectoire de croissance en 2025, enregistrant une hausse de 5 % par rapport \u00e0 l\u2019ann\u00e9e pr\u00e9c\u00e9dente, selon des donn\u00e9es pr\u00e9liminaires compil\u00e9es par Airports Council International Latin America and the Caribbean (ACI-LAC). Les chiffres, fond\u00e9s sur des informations recueillies aupr\u00e8s de [&hellip;]<\/p>\n","protected":false},"author":5,"featured_media":22601,"comment_status":"open","ping_status":"closed","sticky":false,"template":"","format":"standard","meta":{"footnotes":""},"categories":[97,100],"tags":[],"class_list":["post-22319","post","type-post","status-publish","format-standard","has-post-thumbnail","hentry","category-aviation-fr","category-connectivite-aerienne-et-attractivite-territoriale"],"yoast_head":"<!-- This site is optimized with the Yoast SEO plugin v26.9 - https:\/\/yoast.com\/product\/yoast-seo-wordpress\/ -->\n<title>Le trafic a\u00e9rien de passagers en Am\u00e9rique latine et dans la Cara\u00efbes progresse de 5 % en 2025, selon ACI-LAC - LATITUDE 15<\/title>\n<meta name=\"description\" content=\"Le trafic de passagers a\u00e9riens en Am\u00e9rique latine et dans les Cara\u00efbes a augment\u00e9 de 5 % en 2025, selon l&#039;ACI-LAC. L&#039;Argentine a enregistr\u00e9 la croissance la plus rapide.\" \/>\n<meta name=\"robots\" content=\"index, follow, max-snippet:-1, max-image-preview:large, max-video-preview:-1\" \/>\n<link rel=\"canonical\" href=\"https:\/\/www.latitude-15.com\/fr\/le-trafic-aerien-de-passagers-en-amerique-latine-et-dans-les-caraibes-progresse-de-5-en-2025-selon-aci-lac\/\" \/>\n<meta property=\"og:locale\" content=\"fr_FR\" \/>\n<meta property=\"og:type\" content=\"article\" \/>\n<meta property=\"og:title\" content=\"Le trafic a\u00e9rien de passagers en Am\u00e9rique latine et dans la Cara\u00efbes progresse de 5 % en 2025, selon ACI-LAC - LATITUDE 15\" \/>\n<meta property=\"og:description\" content=\"Le trafic de passagers a\u00e9riens en Am\u00e9rique latine et dans les Cara\u00efbes a augment\u00e9 de 5 % en 2025, selon l&#039;ACI-LAC. L&#039;Argentine a enregistr\u00e9 la croissance la plus rapide.\" \/>\n<meta property=\"og:url\" content=\"https:\/\/www.latitude-15.com\/fr\/le-trafic-aerien-de-passagers-en-amerique-latine-et-dans-les-caraibes-progresse-de-5-en-2025-selon-aci-lac\/\" \/>\n<meta property=\"og:site_name\" content=\"LATITUDE 15\" \/>\n<meta property=\"article:published_time\" content=\"2026-04-01T13:09:15+00:00\" \/>\n<meta property=\"article:modified_time\" content=\"2026-04-13T13:33:30+00:00\" \/>\n<meta property=\"og:image\" content=\"https:\/\/www.latitude-15.com\/wp-content\/uploads\/2026\/04\/ACI-LAC-TRAFFIC-ANALYSIS-1024x576.png\" \/>\n\t<meta property=\"og:image:width\" content=\"1024\" \/>\n\t<meta property=\"og:image:height\" content=\"576\" \/>\n\t<meta property=\"og:image:type\" content=\"image\/png\" \/>\n<meta name=\"author\" content=\"Joda J\" \/>\n<meta name=\"twitter:card\" content=\"summary_large_image\" \/>\n<meta name=\"twitter:label1\" content=\"\u00c9crit par\" \/>\n\t<meta name=\"twitter:data1\" content=\"Joda J\" \/>\n\t<meta name=\"twitter:label2\" content=\"Dur\u00e9e de lecture estim\u00e9e\" \/>\n\t<meta name=\"twitter:data2\" content=\"2 minutes\" \/>\n<script type=\"application\/ld+json\" class=\"yoast-schema-graph\">{\"@context\":\"https:\/\/schema.org\",\"@graph\":[{\"@type\":\"Article\",\"@id\":\"https:\/\/www.latitude-15.com\/fr\/le-trafic-aerien-de-passagers-en-amerique-latine-et-dans-les-caraibes-progresse-de-5-en-2025-selon-aci-lac\/#article\",\"isPartOf\":{\"@id\":\"https:\/\/www.latitude-15.com\/fr\/le-trafic-aerien-de-passagers-en-amerique-latine-et-dans-les-caraibes-progresse-de-5-en-2025-selon-aci-lac\/\"},\"author\":{\"name\":\"Joda J\",\"@id\":\"https:\/\/www.latitude-15.com\/fr\/#\/schema\/person\/dac52e7ff44c78317f337da112e37252\"},\"headline\":\"Le trafic a\u00e9rien de passagers en Am\u00e9rique latine et dans la Cara\u00efbes progresse de 5 % en 2025, selon ACI-LAC\",\"datePublished\":\"2026-04-01T13:09:15+00:00\",\"dateModified\":\"2026-04-13T13:33:30+00:00\",\"mainEntityOfPage\":{\"@id\":\"https:\/\/www.latitude-15.com\/fr\/le-trafic-aerien-de-passagers-en-amerique-latine-et-dans-les-caraibes-progresse-de-5-en-2025-selon-aci-lac\/\"},\"wordCount\":498,\"commentCount\":0,\"publisher\":{\"@id\":\"https:\/\/www.latitude-15.com\/fr\/#organization\"},\"image\":{\"@id\":\"https:\/\/www.latitude-15.com\/fr\/le-trafic-aerien-de-passagers-en-amerique-latine-et-dans-les-caraibes-progresse-de-5-en-2025-selon-aci-lac\/#primaryimage\"},\"thumbnailUrl\":\"https:\/\/www.latitude-15.com\/wp-content\/uploads\/2026\/04\/ACI-LAC-TRAFFIC-ANALYSIS-scaled.png\",\"articleSection\":[\"AVIATION\",\"Connectivit\u00e9 a\u00e9rienne et Attractivit\u00e9 territoriale\"],\"inLanguage\":\"fr-FR\",\"potentialAction\":[{\"@type\":\"CommentAction\",\"name\":\"Comment\",\"target\":[\"https:\/\/www.latitude-15.com\/fr\/le-trafic-aerien-de-passagers-en-amerique-latine-et-dans-les-caraibes-progresse-de-5-en-2025-selon-aci-lac\/#respond\"]}]},{\"@type\":\"WebPage\",\"@id\":\"https:\/\/www.latitude-15.com\/fr\/le-trafic-aerien-de-passagers-en-amerique-latine-et-dans-les-caraibes-progresse-de-5-en-2025-selon-aci-lac\/\",\"url\":\"https:\/\/www.latitude-15.com\/fr\/le-trafic-aerien-de-passagers-en-amerique-latine-et-dans-les-caraibes-progresse-de-5-en-2025-selon-aci-lac\/\",\"name\":\"Le trafic a\u00e9rien de passagers en Am\u00e9rique latine et dans la Cara\u00efbes progresse de 5 % en 2025, selon ACI-LAC - LATITUDE 15\",\"isPartOf\":{\"@id\":\"https:\/\/www.latitude-15.com\/fr\/#website\"},\"primaryImageOfPage\":{\"@id\":\"https:\/\/www.latitude-15.com\/fr\/le-trafic-aerien-de-passagers-en-amerique-latine-et-dans-les-caraibes-progresse-de-5-en-2025-selon-aci-lac\/#primaryimage\"},\"image\":{\"@id\":\"https:\/\/www.latitude-15.com\/fr\/le-trafic-aerien-de-passagers-en-amerique-latine-et-dans-les-caraibes-progresse-de-5-en-2025-selon-aci-lac\/#primaryimage\"},\"thumbnailUrl\":\"https:\/\/www.latitude-15.com\/wp-content\/uploads\/2026\/04\/ACI-LAC-TRAFFIC-ANALYSIS-scaled.png\",\"datePublished\":\"2026-04-01T13:09:15+00:00\",\"dateModified\":\"2026-04-13T13:33:30+00:00\",\"description\":\"Le trafic de passagers a\u00e9riens en Am\u00e9rique latine et dans les Cara\u00efbes a augment\u00e9 de 5 % en 2025, selon l'ACI-LAC. L'Argentine a enregistr\u00e9 la croissance la plus rapide.\",\"breadcrumb\":{\"@id\":\"https:\/\/www.latitude-15.com\/fr\/le-trafic-aerien-de-passagers-en-amerique-latine-et-dans-les-caraibes-progresse-de-5-en-2025-selon-aci-lac\/#breadcrumb\"},\"inLanguage\":\"fr-FR\",\"potentialAction\":[{\"@type\":\"ReadAction\",\"target\":[\"https:\/\/www.latitude-15.com\/fr\/le-trafic-aerien-de-passagers-en-amerique-latine-et-dans-les-caraibes-progresse-de-5-en-2025-selon-aci-lac\/\"]}]},{\"@type\":\"ImageObject\",\"inLanguage\":\"fr-FR\",\"@id\":\"https:\/\/www.latitude-15.com\/fr\/le-trafic-aerien-de-passagers-en-amerique-latine-et-dans-les-caraibes-progresse-de-5-en-2025-selon-aci-lac\/#primaryimage\",\"url\":\"https:\/\/www.latitude-15.com\/wp-content\/uploads\/2026\/04\/ACI-LAC-TRAFFIC-ANALYSIS-scaled.png\",\"contentUrl\":\"https:\/\/www.latitude-15.com\/wp-content\/uploads\/2026\/04\/ACI-LAC-TRAFFIC-ANALYSIS-scaled.png\",\"width\":2560,\"height\":1440},{\"@type\":\"BreadcrumbList\",\"@id\":\"https:\/\/www.latitude-15.com\/fr\/le-trafic-aerien-de-passagers-en-amerique-latine-et-dans-les-caraibes-progresse-de-5-en-2025-selon-aci-lac\/#breadcrumb\",\"itemListElement\":[{\"@type\":\"ListItem\",\"position\":1,\"name\":\"Home\",\"item\":\"https:\/\/www.latitude-15.com\/fr\/accueil\/\"},{\"@type\":\"ListItem\",\"position\":2,\"name\":\"Le trafic a\u00e9rien de passagers en Am\u00e9rique latine et dans la Cara\u00efbes progresse de 5 % en 2025, selon ACI-LAC\"}]},{\"@type\":\"WebSite\",\"@id\":\"https:\/\/www.latitude-15.com\/fr\/#website\",\"url\":\"https:\/\/www.latitude-15.com\/fr\/\",\"name\":\"LATITUDE 15\",\"description\":\"Aviation and maritime Magazine - Caribbean &amp; Latin America\",\"publisher\":{\"@id\":\"https:\/\/www.latitude-15.com\/fr\/#organization\"},\"potentialAction\":[{\"@type\":\"SearchAction\",\"target\":{\"@type\":\"EntryPoint\",\"urlTemplate\":\"https:\/\/www.latitude-15.com\/fr\/?s={search_term_string}\"},\"query-input\":{\"@type\":\"PropertyValueSpecification\",\"valueRequired\":true,\"valueName\":\"search_term_string\"}}],\"inLanguage\":\"fr-FR\"},{\"@type\":\"Organization\",\"@id\":\"https:\/\/www.latitude-15.com\/fr\/#organization\",\"name\":\"LATITUDE 15\",\"url\":\"https:\/\/www.latitude-15.com\/fr\/\",\"logo\":{\"@type\":\"ImageObject\",\"inLanguage\":\"fr-FR\",\"@id\":\"https:\/\/www.latitude-15.com\/fr\/#\/schema\/logo\/image\/\",\"url\":\"https:\/\/www.latitude-15.com\/wp-content\/uploads\/2026\/01\/cropped-logox500px.png\",\"contentUrl\":\"https:\/\/www.latitude-15.com\/wp-content\/uploads\/2026\/01\/cropped-logox500px.png\",\"width\":62,\"height\":75,\"caption\":\"LATITUDE 15\"},\"image\":{\"@id\":\"https:\/\/www.latitude-15.com\/fr\/#\/schema\/logo\/image\/\"}},{\"@type\":\"Person\",\"@id\":\"https:\/\/www.latitude-15.com\/fr\/#\/schema\/person\/dac52e7ff44c78317f337da112e37252\",\"name\":\"Joda J\",\"image\":{\"@type\":\"ImageObject\",\"inLanguage\":\"fr-FR\",\"@id\":\"https:\/\/www.latitude-15.com\/fr\/#\/schema\/person\/image\/\",\"url\":\"https:\/\/secure.gravatar.com\/avatar\/6b1feae555e15404b76616f92d931d12b25ac58024f14ccb43d9d3c012e4c4cf?s=96&d=mm&r=g\",\"contentUrl\":\"https:\/\/secure.gravatar.com\/avatar\/6b1feae555e15404b76616f92d931d12b25ac58024f14ccb43d9d3c012e4c4cf?s=96&d=mm&r=g\",\"caption\":\"Joda J\"},\"url\":\"https:\/\/www.latitude-15.com\/fr\/author\/joda\/\"}]}<\/script>\n<!-- \/ Yoast SEO plugin. -->","yoast_head_json":{"title":"Le trafic a\u00e9rien de passagers en Am\u00e9rique latine et dans la Cara\u00efbes progresse de 5 % en 2025, selon ACI-LAC - LATITUDE 15","description":"Le trafic de passagers a\u00e9riens en Am\u00e9rique latine et dans les Cara\u00efbes a augment\u00e9 de 5 % en 2025, selon l'ACI-LAC. L'Argentine a enregistr\u00e9 la croissance la plus rapide.","robots":{"index":"index","follow":"follow","max-snippet":"max-snippet:-1","max-image-preview":"max-image-preview:large","max-video-preview":"max-video-preview:-1"},"canonical":"https:\/\/www.latitude-15.com\/fr\/le-trafic-aerien-de-passagers-en-amerique-latine-et-dans-les-caraibes-progresse-de-5-en-2025-selon-aci-lac\/","og_locale":"fr_FR","og_type":"article","og_title":"Le trafic a\u00e9rien de passagers en Am\u00e9rique latine et dans la Cara\u00efbes progresse de 5 % en 2025, selon ACI-LAC - LATITUDE 15","og_description":"Le trafic de passagers a\u00e9riens en Am\u00e9rique latine et dans les Cara\u00efbes a augment\u00e9 de 5 % en 2025, selon l'ACI-LAC. L'Argentine a enregistr\u00e9 la croissance la plus rapide.","og_url":"https:\/\/www.latitude-15.com\/fr\/le-trafic-aerien-de-passagers-en-amerique-latine-et-dans-les-caraibes-progresse-de-5-en-2025-selon-aci-lac\/","og_site_name":"LATITUDE 15","article_published_time":"2026-04-01T13:09:15+00:00","article_modified_time":"2026-04-13T13:33:30+00:00","og_image":[{"width":1024,"height":576,"url":"https:\/\/www.latitude-15.com\/wp-content\/uploads\/2026\/04\/ACI-LAC-TRAFFIC-ANALYSIS-1024x576.png","type":"image\/png"}],"author":"Joda J","twitter_card":"summary_large_image","twitter_misc":{"\u00c9crit par":"Joda J","Dur\u00e9e de lecture estim\u00e9e":"2 minutes"},"schema":{"@context":"https:\/\/schema.org","@graph":[{"@type":"Article","@id":"https:\/\/www.latitude-15.com\/fr\/le-trafic-aerien-de-passagers-en-amerique-latine-et-dans-les-caraibes-progresse-de-5-en-2025-selon-aci-lac\/#article","isPartOf":{"@id":"https:\/\/www.latitude-15.com\/fr\/le-trafic-aerien-de-passagers-en-amerique-latine-et-dans-les-caraibes-progresse-de-5-en-2025-selon-aci-lac\/"},"author":{"name":"Joda J","@id":"https:\/\/www.latitude-15.com\/fr\/#\/schema\/person\/dac52e7ff44c78317f337da112e37252"},"headline":"Le trafic a\u00e9rien de passagers en Am\u00e9rique latine et dans la Cara\u00efbes progresse de 5 % en 2025, selon ACI-LAC","datePublished":"2026-04-01T13:09:15+00:00","dateModified":"2026-04-13T13:33:30+00:00","mainEntityOfPage":{"@id":"https:\/\/www.latitude-15.com\/fr\/le-trafic-aerien-de-passagers-en-amerique-latine-et-dans-les-caraibes-progresse-de-5-en-2025-selon-aci-lac\/"},"wordCount":498,"commentCount":0,"publisher":{"@id":"https:\/\/www.latitude-15.com\/fr\/#organization"},"image":{"@id":"https:\/\/www.latitude-15.com\/fr\/le-trafic-aerien-de-passagers-en-amerique-latine-et-dans-les-caraibes-progresse-de-5-en-2025-selon-aci-lac\/#primaryimage"},"thumbnailUrl":"https:\/\/www.latitude-15.com\/wp-content\/uploads\/2026\/04\/ACI-LAC-TRAFFIC-ANALYSIS-scaled.png","articleSection":["AVIATION","Connectivit\u00e9 a\u00e9rienne et Attractivit\u00e9 territoriale"],"inLanguage":"fr-FR","potentialAction":[{"@type":"CommentAction","name":"Comment","target":["https:\/\/www.latitude-15.com\/fr\/le-trafic-aerien-de-passagers-en-amerique-latine-et-dans-les-caraibes-progresse-de-5-en-2025-selon-aci-lac\/#respond"]}]},{"@type":"WebPage","@id":"https:\/\/www.latitude-15.com\/fr\/le-trafic-aerien-de-passagers-en-amerique-latine-et-dans-les-caraibes-progresse-de-5-en-2025-selon-aci-lac\/","url":"https:\/\/www.latitude-15.com\/fr\/le-trafic-aerien-de-passagers-en-amerique-latine-et-dans-les-caraibes-progresse-de-5-en-2025-selon-aci-lac\/","name":"Le trafic a\u00e9rien de passagers en Am\u00e9rique latine et dans la Cara\u00efbes progresse de 5 % en 2025, selon ACI-LAC - LATITUDE 15","isPartOf":{"@id":"https:\/\/www.latitude-15.com\/fr\/#website"},"primaryImageOfPage":{"@id":"https:\/\/www.latitude-15.com\/fr\/le-trafic-aerien-de-passagers-en-amerique-latine-et-dans-les-caraibes-progresse-de-5-en-2025-selon-aci-lac\/#primaryimage"},"image":{"@id":"https:\/\/www.latitude-15.com\/fr\/le-trafic-aerien-de-passagers-en-amerique-latine-et-dans-les-caraibes-progresse-de-5-en-2025-selon-aci-lac\/#primaryimage"},"thumbnailUrl":"https:\/\/www.latitude-15.com\/wp-content\/uploads\/2026\/04\/ACI-LAC-TRAFFIC-ANALYSIS-scaled.png","datePublished":"2026-04-01T13:09:15+00:00","dateModified":"2026-04-13T13:33:30+00:00","description":"Le trafic de passagers a\u00e9riens en Am\u00e9rique latine et dans les Cara\u00efbes a augment\u00e9 de 5 % en 2025, selon l'ACI-LAC. L'Argentine a enregistr\u00e9 la croissance la plus rapide.","breadcrumb":{"@id":"https:\/\/www.latitude-15.com\/fr\/le-trafic-aerien-de-passagers-en-amerique-latine-et-dans-les-caraibes-progresse-de-5-en-2025-selon-aci-lac\/#breadcrumb"},"inLanguage":"fr-FR","potentialAction":[{"@type":"ReadAction","target":["https:\/\/www.latitude-15.com\/fr\/le-trafic-aerien-de-passagers-en-amerique-latine-et-dans-les-caraibes-progresse-de-5-en-2025-selon-aci-lac\/"]}]},{"@type":"ImageObject","inLanguage":"fr-FR","@id":"https:\/\/www.latitude-15.com\/fr\/le-trafic-aerien-de-passagers-en-amerique-latine-et-dans-les-caraibes-progresse-de-5-en-2025-selon-aci-lac\/#primaryimage","url":"https:\/\/www.latitude-15.com\/wp-content\/uploads\/2026\/04\/ACI-LAC-TRAFFIC-ANALYSIS-scaled.png","contentUrl":"https:\/\/www.latitude-15.com\/wp-content\/uploads\/2026\/04\/ACI-LAC-TRAFFIC-ANALYSIS-scaled.png","width":2560,"height":1440},{"@type":"BreadcrumbList","@id":"https:\/\/www.latitude-15.com\/fr\/le-trafic-aerien-de-passagers-en-amerique-latine-et-dans-les-caraibes-progresse-de-5-en-2025-selon-aci-lac\/#breadcrumb","itemListElement":[{"@type":"ListItem","position":1,"name":"Home","item":"https:\/\/www.latitude-15.com\/fr\/accueil\/"},{"@type":"ListItem","position":2,"name":"Le trafic a\u00e9rien de passagers en Am\u00e9rique latine et dans la Cara\u00efbes progresse de 5 % en 2025, selon ACI-LAC"}]},{"@type":"WebSite","@id":"https:\/\/www.latitude-15.com\/fr\/#website","url":"https:\/\/www.latitude-15.com\/fr\/","name":"LATITUDE 15","description":"Aviation and maritime Magazine - Caribbean &amp; Latin America","publisher":{"@id":"https:\/\/www.latitude-15.com\/fr\/#organization"},"potentialAction":[{"@type":"SearchAction","target":{"@type":"EntryPoint","urlTemplate":"https:\/\/www.latitude-15.com\/fr\/?s={search_term_string}"},"query-input":{"@type":"PropertyValueSpecification","valueRequired":true,"valueName":"search_term_string"}}],"inLanguage":"fr-FR"},{"@type":"Organization","@id":"https:\/\/www.latitude-15.com\/fr\/#organization","name":"LATITUDE 15","url":"https:\/\/www.latitude-15.com\/fr\/","logo":{"@type":"ImageObject","inLanguage":"fr-FR","@id":"https:\/\/www.latitude-15.com\/fr\/#\/schema\/logo\/image\/","url":"https:\/\/www.latitude-15.com\/wp-content\/uploads\/2026\/01\/cropped-logox500px.png","contentUrl":"https:\/\/www.latitude-15.com\/wp-content\/uploads\/2026\/01\/cropped-logox500px.png","width":62,"height":75,"caption":"LATITUDE 15"},"image":{"@id":"https:\/\/www.latitude-15.com\/fr\/#\/schema\/logo\/image\/"}},{"@type":"Person","@id":"https:\/\/www.latitude-15.com\/fr\/#\/schema\/person\/dac52e7ff44c78317f337da112e37252","name":"Joda J","image":{"@type":"ImageObject","inLanguage":"fr-FR","@id":"https:\/\/www.latitude-15.com\/fr\/#\/schema\/person\/image\/","url":"https:\/\/secure.gravatar.com\/avatar\/6b1feae555e15404b76616f92d931d12b25ac58024f14ccb43d9d3c012e4c4cf?s=96&d=mm&r=g","contentUrl":"https:\/\/secure.gravatar.com\/avatar\/6b1feae555e15404b76616f92d931d12b25ac58024f14ccb43d9d3c012e4c4cf?s=96&d=mm&r=g","caption":"Joda J"},"url":"https:\/\/www.latitude-15.com\/fr\/author\/joda\/"}]}},"_links":{"self":[{"href":"https:\/\/www.latitude-15.com\/fr\/wp-json\/wp\/v2\/posts\/22319","targetHints":{"allow":["GET"]}}],"collection":[{"href":"https:\/\/www.latitude-15.com\/fr\/wp-json\/wp\/v2\/posts"}],"about":[{"href":"https:\/\/www.latitude-15.com\/fr\/wp-json\/wp\/v2\/types\/post"}],"author":[{"embeddable":true,"href":"https:\/\/www.latitude-15.com\/fr\/wp-json\/wp\/v2\/users\/5"}],"replies":[{"embeddable":true,"href":"https:\/\/www.latitude-15.com\/fr\/wp-json\/wp\/v2\/comments?post=22319"}],"version-history":[{"count":5,"href":"https:\/\/www.latitude-15.com\/fr\/wp-json\/wp\/v2\/posts\/22319\/revisions"}],"predecessor-version":[{"id":22642,"href":"https:\/\/www.latitude-15.com\/fr\/wp-json\/wp\/v2\/posts\/22319\/revisions\/22642"}],"wp:featuredmedia":[{"embeddable":true,"href":"https:\/\/www.latitude-15.com\/fr\/wp-json\/wp\/v2\/media\/22601"}],"wp:attachment":[{"href":"https:\/\/www.latitude-15.com\/fr\/wp-json\/wp\/v2\/media?parent=22319"}],"wp:term":[{"taxonomy":"category","embeddable":true,"href":"https:\/\/www.latitude-15.com\/fr\/wp-json\/wp\/v2\/categories?post=22319"},{"taxonomy":"post_tag","embeddable":true,"href":"https:\/\/www.latitude-15.com\/fr\/wp-json\/wp\/v2\/tags?post=22319"}],"curies":[{"name":"wp","href":"https:\/\/api.w.org\/{rel}","templated":true}]}}