{"id":22310,"date":"2026-04-01T15:16:54","date_gmt":"2026-04-01T19:16:54","guid":{"rendered":"https:\/\/www.latitude-15.com\/les-compagnies-aeriennes-damerique-latine-en-tete-de-la-croissance-de-la-demande-internationale-en-fevrier-2026\/"},"modified":"2026-04-01T22:40:28","modified_gmt":"2026-04-02T02:40:28","slug":"les-compagnies-aeriennes-damerique-latine-en-tete-de-la-croissance-de-la-demande-internationale-en-fevrier-2026","status":"publish","type":"post","link":"https:\/\/www.latitude-15.com\/fr\/les-compagnies-aeriennes-damerique-latine-en-tete-de-la-croissance-de-la-demande-internationale-en-fevrier-2026\/","title":{"rendered":"Les compagnies a\u00e9riennes d\u2019Am\u00e9rique latine en t\u00eate de la croissance de la demande internationale en f\u00e9vrier 2026"},"content":{"rendered":"\n<p><em>De nouvelles donn\u00e9es de l\u2019IATA montrent que les transporteurs latino-am\u00e9ricains ont enregistr\u00e9 la plus forte progression de la demande internationale parmi les grands march\u00e9s de l\u2019aviation, illustrant l\u2019acc\u00e9l\u00e9ration de la reprise du secteur dans la r\u00e9gion et l\u2019expansion de la connectivit\u00e9 a\u00e9rienne.<\/em><\/p>\n\n<p>La demande mondiale de transport a\u00e9rien a poursuivi sa progression au d\u00e9but de l\u2019ann\u00e9e 2026, les compagnies a\u00e9riennes d\u2019Am\u00e9rique latine figurant parmi les segments les plus dynamiques de l\u2019industrie. Selon les nouvelles statistiques publi\u00e9es par l\u2019International Air Transport Association (IATA), la demande mondiale de passagers mesur\u00e9e en revenue passenger kilometers (RPK) a augment\u00e9 de 6,1 % en f\u00e9vrier 2026 par rapport \u00e0 f\u00e9vrier 2025, signe de la r\u00e9silience continue du secteur a\u00e9rien malgr\u00e9 les incertitudes g\u00e9opolitiques persistantes. <\/p>\n\n<p>\u00c0 l\u2019\u00e9chelle mondiale, la capacit\u00e9 des compagnies a\u00e9riennes \u2014 mesur\u00e9e en available seat kilometers (ASK) \u2014 a progress\u00e9 de 5,6 % sur un an, tandis que le taux de remplissage de l\u2019industrie a atteint 81,4 %, soit le niveau le plus \u00e9lev\u00e9 jamais enregistr\u00e9 pour un mois de f\u00e9vrier. Le trafic international a augment\u00e9 de 5,9 %, tandis que les march\u00e9s domestiques ont progress\u00e9 de 6,3 %, confirmant la dynamique positive de la demande tant au niveau mondial que r\u00e9gional. <\/p>\n\n<h2 class=\"wp-block-heading\">Les compagnies d\u2019Am\u00e9rique latine dominent la croissance de la demande internationale<\/h2>\n\n<p>Dans ce contexte mondial, les compagnies a\u00e9riennes d\u2019Am\u00e9rique latine ont enregistr\u00e9 la croissance la plus forte parmi les principaux march\u00e9s internationaux, renfor\u00e7ant l\u2019importance croissante de la r\u00e9gion dans le paysage a\u00e9rien mondial. La demande internationale de passagers pour les transporteurs de la r\u00e9gion a bondi de 13,5 % sur un an, tandis que la capacit\u00e9 a augment\u00e9 de 9,3 %. Le taux de remplissage a atteint 85,0 %, en hausse de 3,1 points de pourcentage par rapport \u00e0 f\u00e9vrier 2025, refl\u00e9tant une demande soutenue et une meilleure utilisation des appareils dans la r\u00e9gion.  <\/p>\n\n<p>Ces r\u00e9sultats placent l\u2019aviation latino-am\u00e9ricaine parmi les segments les plus dynamiques de l\u2019industrie mondiale. \u00c0 titre de comparaison, la demande internationale pour les compagnies europ\u00e9ennes a progress\u00e9 de 5,0 %, tandis que les transporteurs nord-am\u00e9ricains ont \u00e9galement enregistr\u00e9 une croissance de 5,0 %. Les compagnies du Moyen-Orient ont affich\u00e9 une progression plus modeste de 0,9 %, tandis que les transporteurs africains ont enregistr\u00e9 une croissance de 4,8 %. Les compagnies de la r\u00e9gion Asie-Pacifique ont quant \u00e0 elles enregistr\u00e9 une hausse de 8,6 %, soutenue notamment par la forte demande li\u00e9e aux d\u00e9placements du Nouvel An lunaire.   <\/p>\n\n<p>Au total, l\u2019Am\u00e9rique latine et les Cara\u00efbes repr\u00e9sentaient environ 5,4 % du trafic mondial de passagers en 2025, mais la r\u00e9gion continue de d\u00e9montrer un potentiel de croissance important par rapport \u00e0 sa part actuelle du march\u00e9. <\/p>\n\n<p>La combinaison de flux touristiques en expansion, d\u2019une am\u00e9lioration de la connectivit\u00e9 a\u00e9rienne et du renforcement progressif des r\u00e9seaux r\u00e9gionaux contribue \u00e0 stimuler la demande de passagers dans plusieurs march\u00e9s cl\u00e9s.<\/p>\n\n<h2 class=\"wp-block-heading\">Une demande solide malgr\u00e9 les incertitudes du secteur<\/h2>\n\n<p>Les march\u00e9s domestiques ont \u00e9galement soutenu l\u2019expansion mondiale du transport a\u00e9rien. \u00c0 l\u2019\u00e9chelle mondiale, les RPK domestiques ont progress\u00e9 de 6,3 % sur un an, avec une demande particuli\u00e8rement forte observ\u00e9e au Br\u00e9sil et en Chine, deux des plus grands march\u00e9s domestiques de l\u2019aviation en dehors des \u00c9tats-Unis. La croissance de la capacit\u00e9 sur les march\u00e9s domestiques a globalement suivi celle de la demande, ce qui a permis de maintenir un taux de remplissage domestique stable de 82,8 %.  <\/p>\n\n<p>Malgr\u00e9 la solide performance enregistr\u00e9e en f\u00e9vrier, les perspectives du secteur a\u00e9rien restent influenc\u00e9es par plusieurs facteurs externes. <\/p>\n\n<p>Selon Willie Walsh, directeur g\u00e9n\u00e9ral de l\u2019IATA, les fondamentaux de la croissance de la demande demeurent solides, mais les tensions g\u00e9opolitiques et la hausse des co\u00fbts du carburant pourraient affecter la rentabilit\u00e9 des compagnies a\u00e9riennes et leurs strat\u00e9gies op\u00e9rationnelles dans les mois \u00e0 venir. Les prix du carburant ont d\u00e9j\u00e0 fortement augment\u00e9, et l\u2019allocation des capacit\u00e9s commence \u00e0 \u00e9voluer sur certains march\u00e9s, notamment sur les routes li\u00e9es au Moyen-Orient. <\/p>\n\n<p>Les pr\u00e9visions de croissance de la capacit\u00e9 pour le mois de mars, par exemple, ont d\u00e9j\u00e0 \u00e9t\u00e9 r\u00e9vis\u00e9es \u00e0 la baisse \u00e0 3,3 %, contre des anticipations initiales sup\u00e9rieures \u00e0 5 %, ce qui refl\u00e8te l\u2019approche prudente adopt\u00e9e par l\u2019industrie face \u00e0 l\u2019\u00e9volution des conditions mondiales. Malgr\u00e9 cela, la forte demande observ\u00e9e dans plusieurs r\u00e9gions \u2014 en particulier en Am\u00e9rique latine \u2014 indique que le secteur a\u00e9rien poursuit sa reprise progressive \u00e0 mesure que la demande de voyages internationaux se renforce. <\/p>\n","protected":false},"excerpt":{"rendered":"<p>De nouvelles donn\u00e9es de l\u2019IATA montrent que les transporteurs latino-am\u00e9ricains ont enregistr\u00e9 la plus forte progression de la demande internationale parmi les grands march\u00e9s de l\u2019aviation, illustrant l\u2019acc\u00e9l\u00e9ration de la reprise du secteur dans la r\u00e9gion et l\u2019expansion de la connectivit\u00e9 a\u00e9rienne. La demande mondiale de transport a\u00e9rien a poursuivi sa progression au d\u00e9but de [&hellip;]<\/p>\n","protected":false},"author":5,"featured_media":22309,"comment_status":"open","ping_status":"closed","sticky":false,"template":"","format":"standard","meta":{"footnotes":""},"categories":[97,100],"tags":[],"class_list":["post-22310","post","type-post","status-publish","format-standard","has-post-thumbnail","hentry","category-aviation-fr","category-connectivite-aerienne-et-attractivite-territoriale"],"yoast_head":"<!-- This site is optimized with the Yoast SEO plugin v26.9 - https:\/\/yoast.com\/product\/yoast-seo-wordpress\/ -->\n<title>Les compagnies a\u00e9riennes d\u2019Am\u00e9rique latine en t\u00eate de la croissance de la demande internationale en f\u00e9vrier 2026 - LATITUDE 15<\/title>\n<meta name=\"description\" content=\"Les compagnies a\u00e9riennes latino-am\u00e9ricaines ont enregistr\u00e9 la plus forte croissance de la demande de passagers internationaux en f\u00e9vrier 2026, selon l&#039;IATA\" \/>\n<meta name=\"robots\" content=\"index, follow, max-snippet:-1, max-image-preview:large, max-video-preview:-1\" \/>\n<link rel=\"canonical\" href=\"https:\/\/www.latitude-15.com\/fr\/les-compagnies-aeriennes-damerique-latine-en-tete-de-la-croissance-de-la-demande-internationale-en-fevrier-2026\/\" \/>\n<meta property=\"og:locale\" content=\"fr_FR\" \/>\n<meta property=\"og:type\" content=\"article\" \/>\n<meta property=\"og:title\" content=\"Les compagnies a\u00e9riennes d\u2019Am\u00e9rique latine en t\u00eate de la croissance de la demande internationale en f\u00e9vrier 2026 - LATITUDE 15\" \/>\n<meta property=\"og:description\" content=\"Les compagnies a\u00e9riennes latino-am\u00e9ricaines ont enregistr\u00e9 la plus forte croissance de la demande de passagers internationaux en f\u00e9vrier 2026, selon l&#039;IATA\" \/>\n<meta property=\"og:url\" content=\"https:\/\/www.latitude-15.com\/fr\/les-compagnies-aeriennes-damerique-latine-en-tete-de-la-croissance-de-la-demande-internationale-en-fevrier-2026\/\" \/>\n<meta property=\"og:site_name\" content=\"LATITUDE 15\" \/>\n<meta property=\"article:published_time\" content=\"2026-04-01T19:16:54+00:00\" \/>\n<meta property=\"article:modified_time\" content=\"2026-04-02T02:40:28+00:00\" \/>\n<meta property=\"og:image\" content=\"https:\/\/www.latitude-15.com\/wp-content\/uploads\/2026\/04\/pexels-nguyendesigner-4637961.jpg\" \/>\n\t<meta property=\"og:image:width\" content=\"1920\" \/>\n\t<meta property=\"og:image:height\" content=\"1280\" \/>\n\t<meta property=\"og:image:type\" content=\"image\/jpeg\" \/>\n<meta name=\"author\" content=\"Joda J\" \/>\n<meta name=\"twitter:card\" content=\"summary_large_image\" \/>\n<meta name=\"twitter:label1\" content=\"\u00c9crit par\" \/>\n\t<meta name=\"twitter:data1\" content=\"Joda J\" \/>\n\t<meta name=\"twitter:label2\" content=\"Dur\u00e9e de lecture estim\u00e9e\" \/>\n\t<meta name=\"twitter:data2\" content=\"4 minutes\" \/>\n<script type=\"application\/ld+json\" class=\"yoast-schema-graph\">{\"@context\":\"https:\/\/schema.org\",\"@graph\":[{\"@type\":\"Article\",\"@id\":\"https:\/\/www.latitude-15.com\/fr\/les-compagnies-aeriennes-damerique-latine-en-tete-de-la-croissance-de-la-demande-internationale-en-fevrier-2026\/#article\",\"isPartOf\":{\"@id\":\"https:\/\/www.latitude-15.com\/fr\/les-compagnies-aeriennes-damerique-latine-en-tete-de-la-croissance-de-la-demande-internationale-en-fevrier-2026\/\"},\"author\":{\"name\":\"Joda J\",\"@id\":\"https:\/\/www.latitude-15.com\/fr\/#\/schema\/person\/dac52e7ff44c78317f337da112e37252\"},\"headline\":\"Les compagnies a\u00e9riennes d\u2019Am\u00e9rique latine en t\u00eate de la croissance de la demande internationale en f\u00e9vrier 2026\",\"datePublished\":\"2026-04-01T19:16:54+00:00\",\"dateModified\":\"2026-04-02T02:40:28+00:00\",\"mainEntityOfPage\":{\"@id\":\"https:\/\/www.latitude-15.com\/fr\/les-compagnies-aeriennes-damerique-latine-en-tete-de-la-croissance-de-la-demande-internationale-en-fevrier-2026\/\"},\"wordCount\":794,\"commentCount\":0,\"publisher\":{\"@id\":\"https:\/\/www.latitude-15.com\/fr\/#organization\"},\"image\":{\"@id\":\"https:\/\/www.latitude-15.com\/fr\/les-compagnies-aeriennes-damerique-latine-en-tete-de-la-croissance-de-la-demande-internationale-en-fevrier-2026\/#primaryimage\"},\"thumbnailUrl\":\"https:\/\/www.latitude-15.com\/wp-content\/uploads\/2026\/04\/pexels-nguyendesigner-4637961.jpg\",\"articleSection\":[\"AVIATION\",\"Connectivit\u00e9 a\u00e9rienne et Attractivit\u00e9 territoriale\"],\"inLanguage\":\"fr-FR\",\"potentialAction\":[{\"@type\":\"CommentAction\",\"name\":\"Comment\",\"target\":[\"https:\/\/www.latitude-15.com\/fr\/les-compagnies-aeriennes-damerique-latine-en-tete-de-la-croissance-de-la-demande-internationale-en-fevrier-2026\/#respond\"]}]},{\"@type\":\"WebPage\",\"@id\":\"https:\/\/www.latitude-15.com\/fr\/les-compagnies-aeriennes-damerique-latine-en-tete-de-la-croissance-de-la-demande-internationale-en-fevrier-2026\/\",\"url\":\"https:\/\/www.latitude-15.com\/fr\/les-compagnies-aeriennes-damerique-latine-en-tete-de-la-croissance-de-la-demande-internationale-en-fevrier-2026\/\",\"name\":\"Les compagnies a\u00e9riennes d\u2019Am\u00e9rique latine en t\u00eate de la croissance de la demande internationale en f\u00e9vrier 2026 - LATITUDE 15\",\"isPartOf\":{\"@id\":\"https:\/\/www.latitude-15.com\/fr\/#website\"},\"primaryImageOfPage\":{\"@id\":\"https:\/\/www.latitude-15.com\/fr\/les-compagnies-aeriennes-damerique-latine-en-tete-de-la-croissance-de-la-demande-internationale-en-fevrier-2026\/#primaryimage\"},\"image\":{\"@id\":\"https:\/\/www.latitude-15.com\/fr\/les-compagnies-aeriennes-damerique-latine-en-tete-de-la-croissance-de-la-demande-internationale-en-fevrier-2026\/#primaryimage\"},\"thumbnailUrl\":\"https:\/\/www.latitude-15.com\/wp-content\/uploads\/2026\/04\/pexels-nguyendesigner-4637961.jpg\",\"datePublished\":\"2026-04-01T19:16:54+00:00\",\"dateModified\":\"2026-04-02T02:40:28+00:00\",\"description\":\"Les compagnies a\u00e9riennes latino-am\u00e9ricaines ont enregistr\u00e9 la plus forte croissance de la demande de passagers internationaux en f\u00e9vrier 2026, selon l'IATA\",\"breadcrumb\":{\"@id\":\"https:\/\/www.latitude-15.com\/fr\/les-compagnies-aeriennes-damerique-latine-en-tete-de-la-croissance-de-la-demande-internationale-en-fevrier-2026\/#breadcrumb\"},\"inLanguage\":\"fr-FR\",\"potentialAction\":[{\"@type\":\"ReadAction\",\"target\":[\"https:\/\/www.latitude-15.com\/fr\/les-compagnies-aeriennes-damerique-latine-en-tete-de-la-croissance-de-la-demande-internationale-en-fevrier-2026\/\"]}]},{\"@type\":\"ImageObject\",\"inLanguage\":\"fr-FR\",\"@id\":\"https:\/\/www.latitude-15.com\/fr\/les-compagnies-aeriennes-damerique-latine-en-tete-de-la-croissance-de-la-demande-internationale-en-fevrier-2026\/#primaryimage\",\"url\":\"https:\/\/www.latitude-15.com\/wp-content\/uploads\/2026\/04\/pexels-nguyendesigner-4637961.jpg\",\"contentUrl\":\"https:\/\/www.latitude-15.com\/wp-content\/uploads\/2026\/04\/pexels-nguyendesigner-4637961.jpg\",\"width\":1920,\"height\":1280},{\"@type\":\"BreadcrumbList\",\"@id\":\"https:\/\/www.latitude-15.com\/fr\/les-compagnies-aeriennes-damerique-latine-en-tete-de-la-croissance-de-la-demande-internationale-en-fevrier-2026\/#breadcrumb\",\"itemListElement\":[{\"@type\":\"ListItem\",\"position\":1,\"name\":\"Home\",\"item\":\"https:\/\/www.latitude-15.com\/fr\/accueil\/\"},{\"@type\":\"ListItem\",\"position\":2,\"name\":\"Les compagnies a\u00e9riennes d\u2019Am\u00e9rique latine en t\u00eate de la croissance de la demande internationale en f\u00e9vrier 2026\"}]},{\"@type\":\"WebSite\",\"@id\":\"https:\/\/www.latitude-15.com\/fr\/#website\",\"url\":\"https:\/\/www.latitude-15.com\/fr\/\",\"name\":\"LATITUDE 15\",\"description\":\"Aviation and maritime Magazine - Caribbean &amp; Latin America\",\"publisher\":{\"@id\":\"https:\/\/www.latitude-15.com\/fr\/#organization\"},\"potentialAction\":[{\"@type\":\"SearchAction\",\"target\":{\"@type\":\"EntryPoint\",\"urlTemplate\":\"https:\/\/www.latitude-15.com\/fr\/?s={search_term_string}\"},\"query-input\":{\"@type\":\"PropertyValueSpecification\",\"valueRequired\":true,\"valueName\":\"search_term_string\"}}],\"inLanguage\":\"fr-FR\"},{\"@type\":\"Organization\",\"@id\":\"https:\/\/www.latitude-15.com\/fr\/#organization\",\"name\":\"LATITUDE 15\",\"url\":\"https:\/\/www.latitude-15.com\/fr\/\",\"logo\":{\"@type\":\"ImageObject\",\"inLanguage\":\"fr-FR\",\"@id\":\"https:\/\/www.latitude-15.com\/fr\/#\/schema\/logo\/image\/\",\"url\":\"https:\/\/www.latitude-15.com\/wp-content\/uploads\/2026\/01\/cropped-logox500px.png\",\"contentUrl\":\"https:\/\/www.latitude-15.com\/wp-content\/uploads\/2026\/01\/cropped-logox500px.png\",\"width\":62,\"height\":75,\"caption\":\"LATITUDE 15\"},\"image\":{\"@id\":\"https:\/\/www.latitude-15.com\/fr\/#\/schema\/logo\/image\/\"}},{\"@type\":\"Person\",\"@id\":\"https:\/\/www.latitude-15.com\/fr\/#\/schema\/person\/dac52e7ff44c78317f337da112e37252\",\"name\":\"Joda J\",\"image\":{\"@type\":\"ImageObject\",\"inLanguage\":\"fr-FR\",\"@id\":\"https:\/\/www.latitude-15.com\/fr\/#\/schema\/person\/image\/\",\"url\":\"https:\/\/secure.gravatar.com\/avatar\/6b1feae555e15404b76616f92d931d12b25ac58024f14ccb43d9d3c012e4c4cf?s=96&d=mm&r=g\",\"contentUrl\":\"https:\/\/secure.gravatar.com\/avatar\/6b1feae555e15404b76616f92d931d12b25ac58024f14ccb43d9d3c012e4c4cf?s=96&d=mm&r=g\",\"caption\":\"Joda J\"},\"url\":\"https:\/\/www.latitude-15.com\/fr\/author\/joda\/\"}]}<\/script>\n<!-- \/ Yoast SEO plugin. -->","yoast_head_json":{"title":"Les compagnies a\u00e9riennes d\u2019Am\u00e9rique latine en t\u00eate de la croissance de la demande internationale en f\u00e9vrier 2026 - LATITUDE 15","description":"Les compagnies a\u00e9riennes latino-am\u00e9ricaines ont enregistr\u00e9 la plus forte croissance de la demande de passagers internationaux en f\u00e9vrier 2026, selon l'IATA","robots":{"index":"index","follow":"follow","max-snippet":"max-snippet:-1","max-image-preview":"max-image-preview:large","max-video-preview":"max-video-preview:-1"},"canonical":"https:\/\/www.latitude-15.com\/fr\/les-compagnies-aeriennes-damerique-latine-en-tete-de-la-croissance-de-la-demande-internationale-en-fevrier-2026\/","og_locale":"fr_FR","og_type":"article","og_title":"Les compagnies a\u00e9riennes d\u2019Am\u00e9rique latine en t\u00eate de la croissance de la demande internationale en f\u00e9vrier 2026 - LATITUDE 15","og_description":"Les compagnies a\u00e9riennes latino-am\u00e9ricaines ont enregistr\u00e9 la plus forte croissance de la demande de passagers internationaux en f\u00e9vrier 2026, selon l'IATA","og_url":"https:\/\/www.latitude-15.com\/fr\/les-compagnies-aeriennes-damerique-latine-en-tete-de-la-croissance-de-la-demande-internationale-en-fevrier-2026\/","og_site_name":"LATITUDE 15","article_published_time":"2026-04-01T19:16:54+00:00","article_modified_time":"2026-04-02T02:40:28+00:00","og_image":[{"width":1920,"height":1280,"url":"https:\/\/www.latitude-15.com\/wp-content\/uploads\/2026\/04\/pexels-nguyendesigner-4637961.jpg","type":"image\/jpeg"}],"author":"Joda J","twitter_card":"summary_large_image","twitter_misc":{"\u00c9crit par":"Joda J","Dur\u00e9e de lecture estim\u00e9e":"4 minutes"},"schema":{"@context":"https:\/\/schema.org","@graph":[{"@type":"Article","@id":"https:\/\/www.latitude-15.com\/fr\/les-compagnies-aeriennes-damerique-latine-en-tete-de-la-croissance-de-la-demande-internationale-en-fevrier-2026\/#article","isPartOf":{"@id":"https:\/\/www.latitude-15.com\/fr\/les-compagnies-aeriennes-damerique-latine-en-tete-de-la-croissance-de-la-demande-internationale-en-fevrier-2026\/"},"author":{"name":"Joda J","@id":"https:\/\/www.latitude-15.com\/fr\/#\/schema\/person\/dac52e7ff44c78317f337da112e37252"},"headline":"Les compagnies a\u00e9riennes d\u2019Am\u00e9rique latine en t\u00eate de la croissance de la demande internationale en f\u00e9vrier 2026","datePublished":"2026-04-01T19:16:54+00:00","dateModified":"2026-04-02T02:40:28+00:00","mainEntityOfPage":{"@id":"https:\/\/www.latitude-15.com\/fr\/les-compagnies-aeriennes-damerique-latine-en-tete-de-la-croissance-de-la-demande-internationale-en-fevrier-2026\/"},"wordCount":794,"commentCount":0,"publisher":{"@id":"https:\/\/www.latitude-15.com\/fr\/#organization"},"image":{"@id":"https:\/\/www.latitude-15.com\/fr\/les-compagnies-aeriennes-damerique-latine-en-tete-de-la-croissance-de-la-demande-internationale-en-fevrier-2026\/#primaryimage"},"thumbnailUrl":"https:\/\/www.latitude-15.com\/wp-content\/uploads\/2026\/04\/pexels-nguyendesigner-4637961.jpg","articleSection":["AVIATION","Connectivit\u00e9 a\u00e9rienne et Attractivit\u00e9 territoriale"],"inLanguage":"fr-FR","potentialAction":[{"@type":"CommentAction","name":"Comment","target":["https:\/\/www.latitude-15.com\/fr\/les-compagnies-aeriennes-damerique-latine-en-tete-de-la-croissance-de-la-demande-internationale-en-fevrier-2026\/#respond"]}]},{"@type":"WebPage","@id":"https:\/\/www.latitude-15.com\/fr\/les-compagnies-aeriennes-damerique-latine-en-tete-de-la-croissance-de-la-demande-internationale-en-fevrier-2026\/","url":"https:\/\/www.latitude-15.com\/fr\/les-compagnies-aeriennes-damerique-latine-en-tete-de-la-croissance-de-la-demande-internationale-en-fevrier-2026\/","name":"Les compagnies a\u00e9riennes d\u2019Am\u00e9rique latine en t\u00eate de la croissance de la demande internationale en f\u00e9vrier 2026 - LATITUDE 15","isPartOf":{"@id":"https:\/\/www.latitude-15.com\/fr\/#website"},"primaryImageOfPage":{"@id":"https:\/\/www.latitude-15.com\/fr\/les-compagnies-aeriennes-damerique-latine-en-tete-de-la-croissance-de-la-demande-internationale-en-fevrier-2026\/#primaryimage"},"image":{"@id":"https:\/\/www.latitude-15.com\/fr\/les-compagnies-aeriennes-damerique-latine-en-tete-de-la-croissance-de-la-demande-internationale-en-fevrier-2026\/#primaryimage"},"thumbnailUrl":"https:\/\/www.latitude-15.com\/wp-content\/uploads\/2026\/04\/pexels-nguyendesigner-4637961.jpg","datePublished":"2026-04-01T19:16:54+00:00","dateModified":"2026-04-02T02:40:28+00:00","description":"Les compagnies a\u00e9riennes latino-am\u00e9ricaines ont enregistr\u00e9 la plus forte croissance de la demande de passagers internationaux en f\u00e9vrier 2026, selon l'IATA","breadcrumb":{"@id":"https:\/\/www.latitude-15.com\/fr\/les-compagnies-aeriennes-damerique-latine-en-tete-de-la-croissance-de-la-demande-internationale-en-fevrier-2026\/#breadcrumb"},"inLanguage":"fr-FR","potentialAction":[{"@type":"ReadAction","target":["https:\/\/www.latitude-15.com\/fr\/les-compagnies-aeriennes-damerique-latine-en-tete-de-la-croissance-de-la-demande-internationale-en-fevrier-2026\/"]}]},{"@type":"ImageObject","inLanguage":"fr-FR","@id":"https:\/\/www.latitude-15.com\/fr\/les-compagnies-aeriennes-damerique-latine-en-tete-de-la-croissance-de-la-demande-internationale-en-fevrier-2026\/#primaryimage","url":"https:\/\/www.latitude-15.com\/wp-content\/uploads\/2026\/04\/pexels-nguyendesigner-4637961.jpg","contentUrl":"https:\/\/www.latitude-15.com\/wp-content\/uploads\/2026\/04\/pexels-nguyendesigner-4637961.jpg","width":1920,"height":1280},{"@type":"BreadcrumbList","@id":"https:\/\/www.latitude-15.com\/fr\/les-compagnies-aeriennes-damerique-latine-en-tete-de-la-croissance-de-la-demande-internationale-en-fevrier-2026\/#breadcrumb","itemListElement":[{"@type":"ListItem","position":1,"name":"Home","item":"https:\/\/www.latitude-15.com\/fr\/accueil\/"},{"@type":"ListItem","position":2,"name":"Les compagnies a\u00e9riennes d\u2019Am\u00e9rique latine en t\u00eate de la croissance de la demande internationale en f\u00e9vrier 2026"}]},{"@type":"WebSite","@id":"https:\/\/www.latitude-15.com\/fr\/#website","url":"https:\/\/www.latitude-15.com\/fr\/","name":"LATITUDE 15","description":"Aviation and maritime Magazine - Caribbean &amp; Latin America","publisher":{"@id":"https:\/\/www.latitude-15.com\/fr\/#organization"},"potentialAction":[{"@type":"SearchAction","target":{"@type":"EntryPoint","urlTemplate":"https:\/\/www.latitude-15.com\/fr\/?s={search_term_string}"},"query-input":{"@type":"PropertyValueSpecification","valueRequired":true,"valueName":"search_term_string"}}],"inLanguage":"fr-FR"},{"@type":"Organization","@id":"https:\/\/www.latitude-15.com\/fr\/#organization","name":"LATITUDE 15","url":"https:\/\/www.latitude-15.com\/fr\/","logo":{"@type":"ImageObject","inLanguage":"fr-FR","@id":"https:\/\/www.latitude-15.com\/fr\/#\/schema\/logo\/image\/","url":"https:\/\/www.latitude-15.com\/wp-content\/uploads\/2026\/01\/cropped-logox500px.png","contentUrl":"https:\/\/www.latitude-15.com\/wp-content\/uploads\/2026\/01\/cropped-logox500px.png","width":62,"height":75,"caption":"LATITUDE 15"},"image":{"@id":"https:\/\/www.latitude-15.com\/fr\/#\/schema\/logo\/image\/"}},{"@type":"Person","@id":"https:\/\/www.latitude-15.com\/fr\/#\/schema\/person\/dac52e7ff44c78317f337da112e37252","name":"Joda J","image":{"@type":"ImageObject","inLanguage":"fr-FR","@id":"https:\/\/www.latitude-15.com\/fr\/#\/schema\/person\/image\/","url":"https:\/\/secure.gravatar.com\/avatar\/6b1feae555e15404b76616f92d931d12b25ac58024f14ccb43d9d3c012e4c4cf?s=96&d=mm&r=g","contentUrl":"https:\/\/secure.gravatar.com\/avatar\/6b1feae555e15404b76616f92d931d12b25ac58024f14ccb43d9d3c012e4c4cf?s=96&d=mm&r=g","caption":"Joda J"},"url":"https:\/\/www.latitude-15.com\/fr\/author\/joda\/"}]}},"_links":{"self":[{"href":"https:\/\/www.latitude-15.com\/fr\/wp-json\/wp\/v2\/posts\/22310","targetHints":{"allow":["GET"]}}],"collection":[{"href":"https:\/\/www.latitude-15.com\/fr\/wp-json\/wp\/v2\/posts"}],"about":[{"href":"https:\/\/www.latitude-15.com\/fr\/wp-json\/wp\/v2\/types\/post"}],"author":[{"embeddable":true,"href":"https:\/\/www.latitude-15.com\/fr\/wp-json\/wp\/v2\/users\/5"}],"replies":[{"embeddable":true,"href":"https:\/\/www.latitude-15.com\/fr\/wp-json\/wp\/v2\/comments?post=22310"}],"version-history":[{"count":1,"href":"https:\/\/www.latitude-15.com\/fr\/wp-json\/wp\/v2\/posts\/22310\/revisions"}],"predecessor-version":[{"id":22311,"href":"https:\/\/www.latitude-15.com\/fr\/wp-json\/wp\/v2\/posts\/22310\/revisions\/22311"}],"wp:featuredmedia":[{"embeddable":true,"href":"https:\/\/www.latitude-15.com\/fr\/wp-json\/wp\/v2\/media\/22309"}],"wp:attachment":[{"href":"https:\/\/www.latitude-15.com\/fr\/wp-json\/wp\/v2\/media?parent=22310"}],"wp:term":[{"taxonomy":"category","embeddable":true,"href":"https:\/\/www.latitude-15.com\/fr\/wp-json\/wp\/v2\/categories?post=22310"},{"taxonomy":"post_tag","embeddable":true,"href":"https:\/\/www.latitude-15.com\/fr\/wp-json\/wp\/v2\/tags?post=22310"}],"curies":[{"name":"wp","href":"https:\/\/api.w.org\/{rel}","templated":true}]}}