{"id":22235,"date":"2026-03-30T10:36:22","date_gmt":"2026-03-30T14:36:22","guid":{"rendered":"https:\/\/www.latitude-15.com\/laeroport-de-paramaribo-depasse-les-500-000-passagers-internationaux-en-2025-illustrant-la-reprise-du-marche-aerien-du-suriname\/"},"modified":"2026-03-30T23:08:15","modified_gmt":"2026-03-31T03:08:15","slug":"laeroport-de-paramaribo-depasse-les-500-000-passagers-internationaux-en-2025-illustrant-la-reprise-du-marche-aerien-du-suriname","status":"publish","type":"post","link":"https:\/\/www.latitude-15.com\/fr\/laeroport-de-paramaribo-depasse-les-500-000-passagers-internationaux-en-2025-illustrant-la-reprise-du-marche-aerien-du-suriname\/","title":{"rendered":"L\u2019a\u00e9roport de Paramaribo d\u00e9passe les 500 000 passagers internationaux en 2025, illustrant la reprise du march\u00e9 a\u00e9rien du Suriname"},"content":{"rendered":"\n<p>Le trafic international de passagers \u00e0 l\u2019a\u00e9roport international Johan Adolf Pengel, principale porte d\u2019entr\u00e9e a\u00e9rienne du Suriname, situ\u00e9e pr\u00e8s de Paramaribo, a franchi le cap du demi-million de voyageurs en 2025, marquant une nouvelle \u00e9tape dans la reprise post-pand\u00e9mie du secteur a\u00e9rien du pays.<\/p>\n\n<p>Selon les derni\u00e8res statistiques a\u00e9roportuaires publi\u00e9es et mises \u00e0 jour en janvier 2026, l\u2019a\u00e9roport a accueilli 519 171 passagers internationaux au cours de l\u2019ann\u00e9e, confirmant une progression r\u00e9guli\u00e8re de la demande de transport a\u00e9rien et renfor\u00e7ant le r\u00f4le de Paramaribo comme principal hub a\u00e9rien du pays.<\/p>\n\n<p>Cette performance s\u2019inscrit dans une dynamique plus large observ\u00e9e dans les march\u00e9s de l\u2019aviation du nord de l\u2019Am\u00e9rique du Sud et des Cara\u00efbes, o\u00f9 le trafic international retrouve progressivement ses niveaux apr\u00e8s les perturbations majeures li\u00e9es aux ann\u00e9es de pand\u00e9mie.<\/p>\n\n<h2 class=\"wp-block-heading\">Une progression continue du trafic international<\/h2>\n\n<p>Le volume de passagers \u00e0 l\u2019a\u00e9roport de Paramaribo a connu une croissance r\u00e9guli\u00e8re ces derni\u00e8res ann\u00e9es. Les donn\u00e9es les plus r\u00e9centes indiquent que l\u2019a\u00e9roport a enregistr\u00e9 plus de 265 000 passagers \u00e0 l\u2019arriv\u00e9e et pr\u00e8s de 253 000 passagers au d\u00e9part en 2025, portant le trafic international total \u00e0 un peu plus de 500 000 voyageurs. <\/p>\n\n<p>Cela repr\u00e9sente une augmentation nette par rapport \u00e0 l\u2019ann\u00e9e pr\u00e9c\u00e9dente, lorsque l\u2019a\u00e9roport avait accueilli environ 490 000 passagers internationaux, confirmant une tendance de reprise durable amorc\u00e9e depuis 2022.<\/p>\n\n<p>Pour le Suriname, o\u00f9 la connectivit\u00e9 internationale joue un r\u00f4le essentiel pour le tourisme, les d\u00e9placements de la diaspora et les voyages d\u2019affaires, ce rebond souligne la r\u00e9silience de la demande de transport a\u00e9rien international.<\/p>\n\n<h2 class=\"wp-block-heading\">Des flux de passagers marqu\u00e9s par la saisonnalit\u00e9<\/h2>\n\n<p>L\u2019analyse mensuelle du trafic met \u00e9galement en \u00e9vidence d\u2019importantes variations saisonni\u00e8res tout au long de l\u2019ann\u00e9e.<\/p>\n\n<p>Les volumes les plus \u00e9lev\u00e9s ont \u00e9t\u00e9 enregistr\u00e9s \u00e0 la fin de l\u2019\u00e9t\u00e9, notamment en ao\u00fbt et septembre, lorsque le trafic mensuel s\u2019est approch\u00e9 du seuil des 50 000 passagers. Un autre pic notable a \u00e9t\u00e9 observ\u00e9 en d\u00e9cembre, p\u00e9riode traditionnellement marqu\u00e9e par une forte hausse des d\u00e9placements de fin d\u2019ann\u00e9e. <\/p>\n\n<p>Ces p\u00e9riodes correspondent g\u00e9n\u00e9ralement aux cycles de d\u00e9placement de la diaspora et aux voyages li\u00e9s aux f\u00eates, deux facteurs qui influencent fortement les flux de passagers internationaux vers et depuis le Suriname.<\/p>\n\n<p>\u00c0 l\u2019inverse, des mois comme f\u00e9vrier et juin ont enregistr\u00e9 des volumes plus mod\u00e9r\u00e9s, refl\u00e9tant les fluctuations saisonni\u00e8res de la demande de voyages dans la r\u00e9gion.<\/p>\n\n<p>Pour les compagnies a\u00e9riennes op\u00e9rant sur le march\u00e9 de Paramaribo, ces tendances soulignent l\u2019importance d\u2019ajuster les capacit\u00e9s et la planification des vols afin de s\u2019adapter aux pics de demande tout au long de l\u2019ann\u00e9e.<\/p>\n\n<h2 class=\"wp-block-heading\">Une hausse du nombre de passagers malgr\u00e9 moins de mouvements d\u2019avions<\/h2>\n\n<p>Une tendance op\u00e9rationnelle int\u00e9ressante appara\u00eet lorsqu\u2019on compare les volumes de passagers \u00e0 l\u2019activit\u00e9 a\u00e9rienne de l\u2019a\u00e9roport.<\/p>\n\n<p>Malgr\u00e9 l\u2019augmentation du nombre de voyageurs, les mouvements d\u2019avions ont l\u00e9g\u00e8rement diminu\u00e9 en 2025, ce qui sugg\u00e8re que les compagnies a\u00e9riennes exploitent des appareils de plus grande capacit\u00e9 ou enregistrent des taux de remplissage plus \u00e9lev\u00e9s sur les routes existantes.<\/p>\n\n<p>Ce ph\u00e9nom\u00e8ne est de plus en plus fr\u00e9quent sur les march\u00e9s r\u00e9gionaux de l\u2019aviation, o\u00f9 les transporteurs cherchent \u00e0 optimiser leur efficacit\u00e9 op\u00e9rationnelle en consolidant certaines fr\u00e9quences tout en maintenant le volume global de passagers transport\u00e9s.<\/p>\n\n<p>Pour les gestionnaires a\u00e9roportuaires, cette \u00e9volution refl\u00e8te les nouvelles strat\u00e9gies des compagnies a\u00e9riennes et souligne l\u2019importance d\u2019adapter la planification op\u00e9rationnelle \u00e0 ces changements de capacit\u00e9.<\/p>\n\n<h2 class=\"wp-block-heading\">Une porte d\u2019entr\u00e9e internationale strat\u00e9gique pour le Suriname<\/h2>\n\n<p>En tant que principal a\u00e9roport international du pays, Johan Adolf Pengel International Airport joue un r\u00f4le central dans la connexion du Suriname avec les march\u00e9s internationaux.<\/p>\n\n<p>Situ\u00e9 au sud de Paramaribo, l\u2019a\u00e9roport constitue la principale plateforme reliant le pays \u00e0 des destinations dans les Cara\u00efbes, le nord de l\u2019Am\u00e9rique du Sud et l\u2019Europe. Ces liaisons sont essentielles non seulement pour le tourisme, mais \u00e9galement pour les d\u00e9placements professionnels, les voyages de la diaspora et les \u00e9changes commerciaux internationaux. <\/p>\n\n<p>Dans un march\u00e9 a\u00e9rien national relativement restreint, le maintien d\u2019une connectivit\u00e9 internationale stable reste une priorit\u00e9 strat\u00e9gique pour l\u2019industrie a\u00e9rienne comme pour l\u2019\u00e9conomie du pays.<\/p>\n\n<h2 class=\"wp-block-heading\">Une reprise qui refl\u00e8te les tendances r\u00e9gionales<\/h2>\n\n<p>L\u2019\u00e9volution du trafic de passagers au cours des derni\u00e8res ann\u00e9es illustre l\u2019ampleur de la reprise apr\u00e8s l\u2019effondrement du transport a\u00e9rien international pendant la crise de la COVID-19.<\/p>\n\n<p>Les niveaux de trafic avaient fortement chut\u00e9 en 2020 et 2021, lorsque les restrictions de voyage mondiales ont perturb\u00e9 le transport a\u00e9rien international. Toutefois, la demande a fortement rebondi \u00e0 partir de 2022, avec une croissance r\u00e9guli\u00e8re du nombre de passagers chaque ann\u00e9e depuis. <\/p>\n\n<p>En 2025, l\u2019a\u00e9roport semble \u00eatre entr\u00e9 dans une nouvelle phase de stabilisation, avec un trafic d\u00e9passant le seuil des 500 000 passagers et t\u00e9moignant d\u2019un regain de confiance dans le march\u00e9 a\u00e9rien du Suriname.<\/p>\n\n<h2 class=\"wp-block-heading\">Perspectives<\/h2>\n\n<p>Les derni\u00e8res statistiques de trafic confirment l\u2019importance du Johan Adolf Pengel International Airport comme principale porte d\u2019entr\u00e9e internationale du Suriname et comme maillon essentiel du r\u00e9seau a\u00e9rien reliant les Cara\u00efbes et le nord de l\u2019Am\u00e9rique du Sud.<\/p>\n\n<p>M\u00eame si le march\u00e9 reste relativement de niche compar\u00e9 aux grands hubs r\u00e9gionaux, la progression constante de la demande de transport a\u00e9rien indique que la connectivit\u00e9 internationale de Paramaribo continue de se renforcer progressivement.<\/p>\n\n<p>Pour les compagnies a\u00e9riennes, les op\u00e9rateurs a\u00e9roportuaires et les acteurs du tourisme, ces donn\u00e9es montrent que le march\u00e9 a\u00e9rien surinamais a d\u00e9pass\u00e9 la phase de simple reprise et entre d\u00e9sormais dans une p\u00e9riode de croissance plus stable.<\/p>\n\n<p><\/p>\n","protected":false},"excerpt":{"rendered":"<p>Le trafic international de passagers \u00e0 l\u2019a\u00e9roport international Johan Adolf Pengel, principale porte d\u2019entr\u00e9e a\u00e9rienne du Suriname, situ\u00e9e pr\u00e8s de Paramaribo, a franchi le cap du demi-million de voyageurs en 2025, marquant une nouvelle \u00e9tape dans la reprise post-pand\u00e9mie du secteur a\u00e9rien du pays. Selon les derni\u00e8res statistiques a\u00e9roportuaires publi\u00e9es et mises \u00e0 jour en [&hellip;]<\/p>\n","protected":false},"author":5,"featured_media":22231,"comment_status":"open","ping_status":"closed","sticky":false,"template":"","format":"standard","meta":{"footnotes":""},"categories":[103,97],"tags":[],"class_list":["post-22235","post","type-post","status-publish","format-standard","has-post-thumbnail","hentry","category-aeroports-infrastructures","category-aviation-fr"],"yoast_head":"<!-- This site is optimized with the Yoast SEO plugin v26.9 - https:\/\/yoast.com\/product\/yoast-seo-wordpress\/ -->\n<title>L\u2019a\u00e9roport de Paramaribo d\u00e9passe les 500 000 passagers internationaux en 2025, illustrant la reprise du march\u00e9 a\u00e9rien du Suriname - LATITUDE 15<\/title>\n<meta name=\"description\" content=\"L\u2019a\u00e9roport de Paramaribo d\u00e9passe les 500 000 passagers internationaux en 2025, illustrant la poursuite de la reprise du march\u00e9 a\u00e9rien du Suriname.\" \/>\n<meta name=\"robots\" content=\"index, follow, max-snippet:-1, max-image-preview:large, max-video-preview:-1\" \/>\n<link rel=\"canonical\" href=\"https:\/\/www.latitude-15.com\/fr\/laeroport-de-paramaribo-depasse-les-500-000-passagers-internationaux-en-2025-illustrant-la-reprise-du-marche-aerien-du-suriname\/\" \/>\n<meta property=\"og:locale\" content=\"fr_FR\" \/>\n<meta property=\"og:type\" content=\"article\" \/>\n<meta property=\"og:title\" content=\"L\u2019a\u00e9roport de Paramaribo d\u00e9passe les 500 000 passagers internationaux en 2025, illustrant la reprise du march\u00e9 a\u00e9rien du Suriname - LATITUDE 15\" \/>\n<meta property=\"og:description\" content=\"L\u2019a\u00e9roport de Paramaribo d\u00e9passe les 500 000 passagers internationaux en 2025, illustrant la poursuite de la reprise du march\u00e9 a\u00e9rien du Suriname.\" \/>\n<meta property=\"og:url\" content=\"https:\/\/www.latitude-15.com\/fr\/laeroport-de-paramaribo-depasse-les-500-000-passagers-internationaux-en-2025-illustrant-la-reprise-du-marche-aerien-du-suriname\/\" \/>\n<meta property=\"og:site_name\" content=\"LATITUDE 15\" \/>\n<meta property=\"article:published_time\" content=\"2026-03-30T14:36:22+00:00\" \/>\n<meta property=\"article:modified_time\" content=\"2026-03-31T03:08:15+00:00\" \/>\n<meta property=\"og:image\" content=\"https:\/\/www.latitude-15.com\/wp-content\/uploads\/2026\/03\/41728.jpg\" \/>\n\t<meta property=\"og:image:width\" content=\"1500\" \/>\n\t<meta property=\"og:image:height\" content=\"994\" \/>\n\t<meta property=\"og:image:type\" content=\"image\/jpeg\" \/>\n<meta name=\"author\" content=\"Joda J\" \/>\n<meta name=\"twitter:card\" content=\"summary_large_image\" \/>\n<meta name=\"twitter:label1\" content=\"\u00c9crit par\" \/>\n\t<meta name=\"twitter:data1\" content=\"Joda J\" \/>\n\t<meta name=\"twitter:label2\" content=\"Dur\u00e9e de lecture estim\u00e9e\" \/>\n\t<meta name=\"twitter:data2\" content=\"5 minutes\" \/>\n<script type=\"application\/ld+json\" class=\"yoast-schema-graph\">{\"@context\":\"https:\/\/schema.org\",\"@graph\":[{\"@type\":\"Article\",\"@id\":\"https:\/\/www.latitude-15.com\/fr\/laeroport-de-paramaribo-depasse-les-500-000-passagers-internationaux-en-2025-illustrant-la-reprise-du-marche-aerien-du-suriname\/#article\",\"isPartOf\":{\"@id\":\"https:\/\/www.latitude-15.com\/fr\/laeroport-de-paramaribo-depasse-les-500-000-passagers-internationaux-en-2025-illustrant-la-reprise-du-marche-aerien-du-suriname\/\"},\"author\":{\"name\":\"Joda J\",\"@id\":\"https:\/\/www.latitude-15.com\/fr\/#\/schema\/person\/dac52e7ff44c78317f337da112e37252\"},\"headline\":\"L\u2019a\u00e9roport de Paramaribo d\u00e9passe les 500 000 passagers internationaux en 2025, illustrant la reprise du march\u00e9 a\u00e9rien du Suriname\",\"datePublished\":\"2026-03-30T14:36:22+00:00\",\"dateModified\":\"2026-03-31T03:08:15+00:00\",\"mainEntityOfPage\":{\"@id\":\"https:\/\/www.latitude-15.com\/fr\/laeroport-de-paramaribo-depasse-les-500-000-passagers-internationaux-en-2025-illustrant-la-reprise-du-marche-aerien-du-suriname\/\"},\"wordCount\":1054,\"commentCount\":0,\"publisher\":{\"@id\":\"https:\/\/www.latitude-15.com\/fr\/#organization\"},\"image\":{\"@id\":\"https:\/\/www.latitude-15.com\/fr\/laeroport-de-paramaribo-depasse-les-500-000-passagers-internationaux-en-2025-illustrant-la-reprise-du-marche-aerien-du-suriname\/#primaryimage\"},\"thumbnailUrl\":\"https:\/\/www.latitude-15.com\/wp-content\/uploads\/2026\/03\/41728.jpg\",\"articleSection\":[\"A\u00e9roports et infrastructures\",\"AVIATION\"],\"inLanguage\":\"fr-FR\",\"potentialAction\":[{\"@type\":\"CommentAction\",\"name\":\"Comment\",\"target\":[\"https:\/\/www.latitude-15.com\/fr\/laeroport-de-paramaribo-depasse-les-500-000-passagers-internationaux-en-2025-illustrant-la-reprise-du-marche-aerien-du-suriname\/#respond\"]}]},{\"@type\":\"WebPage\",\"@id\":\"https:\/\/www.latitude-15.com\/fr\/laeroport-de-paramaribo-depasse-les-500-000-passagers-internationaux-en-2025-illustrant-la-reprise-du-marche-aerien-du-suriname\/\",\"url\":\"https:\/\/www.latitude-15.com\/fr\/laeroport-de-paramaribo-depasse-les-500-000-passagers-internationaux-en-2025-illustrant-la-reprise-du-marche-aerien-du-suriname\/\",\"name\":\"L\u2019a\u00e9roport de Paramaribo d\u00e9passe les 500 000 passagers internationaux en 2025, illustrant la reprise du march\u00e9 a\u00e9rien du Suriname - LATITUDE 15\",\"isPartOf\":{\"@id\":\"https:\/\/www.latitude-15.com\/fr\/#website\"},\"primaryImageOfPage\":{\"@id\":\"https:\/\/www.latitude-15.com\/fr\/laeroport-de-paramaribo-depasse-les-500-000-passagers-internationaux-en-2025-illustrant-la-reprise-du-marche-aerien-du-suriname\/#primaryimage\"},\"image\":{\"@id\":\"https:\/\/www.latitude-15.com\/fr\/laeroport-de-paramaribo-depasse-les-500-000-passagers-internationaux-en-2025-illustrant-la-reprise-du-marche-aerien-du-suriname\/#primaryimage\"},\"thumbnailUrl\":\"https:\/\/www.latitude-15.com\/wp-content\/uploads\/2026\/03\/41728.jpg\",\"datePublished\":\"2026-03-30T14:36:22+00:00\",\"dateModified\":\"2026-03-31T03:08:15+00:00\",\"description\":\"L\u2019a\u00e9roport de Paramaribo d\u00e9passe les 500 000 passagers internationaux en 2025, illustrant la poursuite de la reprise du march\u00e9 a\u00e9rien du Suriname.\",\"breadcrumb\":{\"@id\":\"https:\/\/www.latitude-15.com\/fr\/laeroport-de-paramaribo-depasse-les-500-000-passagers-internationaux-en-2025-illustrant-la-reprise-du-marche-aerien-du-suriname\/#breadcrumb\"},\"inLanguage\":\"fr-FR\",\"potentialAction\":[{\"@type\":\"ReadAction\",\"target\":[\"https:\/\/www.latitude-15.com\/fr\/laeroport-de-paramaribo-depasse-les-500-000-passagers-internationaux-en-2025-illustrant-la-reprise-du-marche-aerien-du-suriname\/\"]}]},{\"@type\":\"ImageObject\",\"inLanguage\":\"fr-FR\",\"@id\":\"https:\/\/www.latitude-15.com\/fr\/laeroport-de-paramaribo-depasse-les-500-000-passagers-internationaux-en-2025-illustrant-la-reprise-du-marche-aerien-du-suriname\/#primaryimage\",\"url\":\"https:\/\/www.latitude-15.com\/wp-content\/uploads\/2026\/03\/41728.jpg\",\"contentUrl\":\"https:\/\/www.latitude-15.com\/wp-content\/uploads\/2026\/03\/41728.jpg\",\"width\":1500,\"height\":994},{\"@type\":\"BreadcrumbList\",\"@id\":\"https:\/\/www.latitude-15.com\/fr\/laeroport-de-paramaribo-depasse-les-500-000-passagers-internationaux-en-2025-illustrant-la-reprise-du-marche-aerien-du-suriname\/#breadcrumb\",\"itemListElement\":[{\"@type\":\"ListItem\",\"position\":1,\"name\":\"Home\",\"item\":\"https:\/\/www.latitude-15.com\/fr\/accueil\/\"},{\"@type\":\"ListItem\",\"position\":2,\"name\":\"L\u2019a\u00e9roport de Paramaribo d\u00e9passe les 500 000 passagers internationaux en 2025, illustrant la reprise du march\u00e9 a\u00e9rien du Suriname\"}]},{\"@type\":\"WebSite\",\"@id\":\"https:\/\/www.latitude-15.com\/fr\/#website\",\"url\":\"https:\/\/www.latitude-15.com\/fr\/\",\"name\":\"LATITUDE 15\",\"description\":\"Aviation and maritime Magazine - Caribbean &amp; Latin America\",\"publisher\":{\"@id\":\"https:\/\/www.latitude-15.com\/fr\/#organization\"},\"potentialAction\":[{\"@type\":\"SearchAction\",\"target\":{\"@type\":\"EntryPoint\",\"urlTemplate\":\"https:\/\/www.latitude-15.com\/fr\/?s={search_term_string}\"},\"query-input\":{\"@type\":\"PropertyValueSpecification\",\"valueRequired\":true,\"valueName\":\"search_term_string\"}}],\"inLanguage\":\"fr-FR\"},{\"@type\":\"Organization\",\"@id\":\"https:\/\/www.latitude-15.com\/fr\/#organization\",\"name\":\"LATITUDE 15\",\"url\":\"https:\/\/www.latitude-15.com\/fr\/\",\"logo\":{\"@type\":\"ImageObject\",\"inLanguage\":\"fr-FR\",\"@id\":\"https:\/\/www.latitude-15.com\/fr\/#\/schema\/logo\/image\/\",\"url\":\"https:\/\/www.latitude-15.com\/wp-content\/uploads\/2026\/01\/cropped-logox500px.png\",\"contentUrl\":\"https:\/\/www.latitude-15.com\/wp-content\/uploads\/2026\/01\/cropped-logox500px.png\",\"width\":62,\"height\":75,\"caption\":\"LATITUDE 15\"},\"image\":{\"@id\":\"https:\/\/www.latitude-15.com\/fr\/#\/schema\/logo\/image\/\"}},{\"@type\":\"Person\",\"@id\":\"https:\/\/www.latitude-15.com\/fr\/#\/schema\/person\/dac52e7ff44c78317f337da112e37252\",\"name\":\"Joda J\",\"image\":{\"@type\":\"ImageObject\",\"inLanguage\":\"fr-FR\",\"@id\":\"https:\/\/www.latitude-15.com\/fr\/#\/schema\/person\/image\/\",\"url\":\"https:\/\/secure.gravatar.com\/avatar\/6b1feae555e15404b76616f92d931d12b25ac58024f14ccb43d9d3c012e4c4cf?s=96&d=mm&r=g\",\"contentUrl\":\"https:\/\/secure.gravatar.com\/avatar\/6b1feae555e15404b76616f92d931d12b25ac58024f14ccb43d9d3c012e4c4cf?s=96&d=mm&r=g\",\"caption\":\"Joda J\"},\"url\":\"https:\/\/www.latitude-15.com\/fr\/author\/joda\/\"}]}<\/script>\n<!-- \/ Yoast SEO plugin. -->","yoast_head_json":{"title":"L\u2019a\u00e9roport de Paramaribo d\u00e9passe les 500 000 passagers internationaux en 2025, illustrant la reprise du march\u00e9 a\u00e9rien du Suriname - LATITUDE 15","description":"L\u2019a\u00e9roport de Paramaribo d\u00e9passe les 500 000 passagers internationaux en 2025, illustrant la poursuite de la reprise du march\u00e9 a\u00e9rien du Suriname.","robots":{"index":"index","follow":"follow","max-snippet":"max-snippet:-1","max-image-preview":"max-image-preview:large","max-video-preview":"max-video-preview:-1"},"canonical":"https:\/\/www.latitude-15.com\/fr\/laeroport-de-paramaribo-depasse-les-500-000-passagers-internationaux-en-2025-illustrant-la-reprise-du-marche-aerien-du-suriname\/","og_locale":"fr_FR","og_type":"article","og_title":"L\u2019a\u00e9roport de Paramaribo d\u00e9passe les 500 000 passagers internationaux en 2025, illustrant la reprise du march\u00e9 a\u00e9rien du Suriname - LATITUDE 15","og_description":"L\u2019a\u00e9roport de Paramaribo d\u00e9passe les 500 000 passagers internationaux en 2025, illustrant la poursuite de la reprise du march\u00e9 a\u00e9rien du Suriname.","og_url":"https:\/\/www.latitude-15.com\/fr\/laeroport-de-paramaribo-depasse-les-500-000-passagers-internationaux-en-2025-illustrant-la-reprise-du-marche-aerien-du-suriname\/","og_site_name":"LATITUDE 15","article_published_time":"2026-03-30T14:36:22+00:00","article_modified_time":"2026-03-31T03:08:15+00:00","og_image":[{"width":1500,"height":994,"url":"https:\/\/www.latitude-15.com\/wp-content\/uploads\/2026\/03\/41728.jpg","type":"image\/jpeg"}],"author":"Joda J","twitter_card":"summary_large_image","twitter_misc":{"\u00c9crit par":"Joda J","Dur\u00e9e de lecture estim\u00e9e":"5 minutes"},"schema":{"@context":"https:\/\/schema.org","@graph":[{"@type":"Article","@id":"https:\/\/www.latitude-15.com\/fr\/laeroport-de-paramaribo-depasse-les-500-000-passagers-internationaux-en-2025-illustrant-la-reprise-du-marche-aerien-du-suriname\/#article","isPartOf":{"@id":"https:\/\/www.latitude-15.com\/fr\/laeroport-de-paramaribo-depasse-les-500-000-passagers-internationaux-en-2025-illustrant-la-reprise-du-marche-aerien-du-suriname\/"},"author":{"name":"Joda J","@id":"https:\/\/www.latitude-15.com\/fr\/#\/schema\/person\/dac52e7ff44c78317f337da112e37252"},"headline":"L\u2019a\u00e9roport de Paramaribo d\u00e9passe les 500 000 passagers internationaux en 2025, illustrant la reprise du march\u00e9 a\u00e9rien du Suriname","datePublished":"2026-03-30T14:36:22+00:00","dateModified":"2026-03-31T03:08:15+00:00","mainEntityOfPage":{"@id":"https:\/\/www.latitude-15.com\/fr\/laeroport-de-paramaribo-depasse-les-500-000-passagers-internationaux-en-2025-illustrant-la-reprise-du-marche-aerien-du-suriname\/"},"wordCount":1054,"commentCount":0,"publisher":{"@id":"https:\/\/www.latitude-15.com\/fr\/#organization"},"image":{"@id":"https:\/\/www.latitude-15.com\/fr\/laeroport-de-paramaribo-depasse-les-500-000-passagers-internationaux-en-2025-illustrant-la-reprise-du-marche-aerien-du-suriname\/#primaryimage"},"thumbnailUrl":"https:\/\/www.latitude-15.com\/wp-content\/uploads\/2026\/03\/41728.jpg","articleSection":["A\u00e9roports et infrastructures","AVIATION"],"inLanguage":"fr-FR","potentialAction":[{"@type":"CommentAction","name":"Comment","target":["https:\/\/www.latitude-15.com\/fr\/laeroport-de-paramaribo-depasse-les-500-000-passagers-internationaux-en-2025-illustrant-la-reprise-du-marche-aerien-du-suriname\/#respond"]}]},{"@type":"WebPage","@id":"https:\/\/www.latitude-15.com\/fr\/laeroport-de-paramaribo-depasse-les-500-000-passagers-internationaux-en-2025-illustrant-la-reprise-du-marche-aerien-du-suriname\/","url":"https:\/\/www.latitude-15.com\/fr\/laeroport-de-paramaribo-depasse-les-500-000-passagers-internationaux-en-2025-illustrant-la-reprise-du-marche-aerien-du-suriname\/","name":"L\u2019a\u00e9roport de Paramaribo d\u00e9passe les 500 000 passagers internationaux en 2025, illustrant la reprise du march\u00e9 a\u00e9rien du Suriname - LATITUDE 15","isPartOf":{"@id":"https:\/\/www.latitude-15.com\/fr\/#website"},"primaryImageOfPage":{"@id":"https:\/\/www.latitude-15.com\/fr\/laeroport-de-paramaribo-depasse-les-500-000-passagers-internationaux-en-2025-illustrant-la-reprise-du-marche-aerien-du-suriname\/#primaryimage"},"image":{"@id":"https:\/\/www.latitude-15.com\/fr\/laeroport-de-paramaribo-depasse-les-500-000-passagers-internationaux-en-2025-illustrant-la-reprise-du-marche-aerien-du-suriname\/#primaryimage"},"thumbnailUrl":"https:\/\/www.latitude-15.com\/wp-content\/uploads\/2026\/03\/41728.jpg","datePublished":"2026-03-30T14:36:22+00:00","dateModified":"2026-03-31T03:08:15+00:00","description":"L\u2019a\u00e9roport de Paramaribo d\u00e9passe les 500 000 passagers internationaux en 2025, illustrant la poursuite de la reprise du march\u00e9 a\u00e9rien du Suriname.","breadcrumb":{"@id":"https:\/\/www.latitude-15.com\/fr\/laeroport-de-paramaribo-depasse-les-500-000-passagers-internationaux-en-2025-illustrant-la-reprise-du-marche-aerien-du-suriname\/#breadcrumb"},"inLanguage":"fr-FR","potentialAction":[{"@type":"ReadAction","target":["https:\/\/www.latitude-15.com\/fr\/laeroport-de-paramaribo-depasse-les-500-000-passagers-internationaux-en-2025-illustrant-la-reprise-du-marche-aerien-du-suriname\/"]}]},{"@type":"ImageObject","inLanguage":"fr-FR","@id":"https:\/\/www.latitude-15.com\/fr\/laeroport-de-paramaribo-depasse-les-500-000-passagers-internationaux-en-2025-illustrant-la-reprise-du-marche-aerien-du-suriname\/#primaryimage","url":"https:\/\/www.latitude-15.com\/wp-content\/uploads\/2026\/03\/41728.jpg","contentUrl":"https:\/\/www.latitude-15.com\/wp-content\/uploads\/2026\/03\/41728.jpg","width":1500,"height":994},{"@type":"BreadcrumbList","@id":"https:\/\/www.latitude-15.com\/fr\/laeroport-de-paramaribo-depasse-les-500-000-passagers-internationaux-en-2025-illustrant-la-reprise-du-marche-aerien-du-suriname\/#breadcrumb","itemListElement":[{"@type":"ListItem","position":1,"name":"Home","item":"https:\/\/www.latitude-15.com\/fr\/accueil\/"},{"@type":"ListItem","position":2,"name":"L\u2019a\u00e9roport de Paramaribo d\u00e9passe les 500 000 passagers internationaux en 2025, illustrant la reprise du march\u00e9 a\u00e9rien du Suriname"}]},{"@type":"WebSite","@id":"https:\/\/www.latitude-15.com\/fr\/#website","url":"https:\/\/www.latitude-15.com\/fr\/","name":"LATITUDE 15","description":"Aviation and maritime Magazine - Caribbean &amp; Latin America","publisher":{"@id":"https:\/\/www.latitude-15.com\/fr\/#organization"},"potentialAction":[{"@type":"SearchAction","target":{"@type":"EntryPoint","urlTemplate":"https:\/\/www.latitude-15.com\/fr\/?s={search_term_string}"},"query-input":{"@type":"PropertyValueSpecification","valueRequired":true,"valueName":"search_term_string"}}],"inLanguage":"fr-FR"},{"@type":"Organization","@id":"https:\/\/www.latitude-15.com\/fr\/#organization","name":"LATITUDE 15","url":"https:\/\/www.latitude-15.com\/fr\/","logo":{"@type":"ImageObject","inLanguage":"fr-FR","@id":"https:\/\/www.latitude-15.com\/fr\/#\/schema\/logo\/image\/","url":"https:\/\/www.latitude-15.com\/wp-content\/uploads\/2026\/01\/cropped-logox500px.png","contentUrl":"https:\/\/www.latitude-15.com\/wp-content\/uploads\/2026\/01\/cropped-logox500px.png","width":62,"height":75,"caption":"LATITUDE 15"},"image":{"@id":"https:\/\/www.latitude-15.com\/fr\/#\/schema\/logo\/image\/"}},{"@type":"Person","@id":"https:\/\/www.latitude-15.com\/fr\/#\/schema\/person\/dac52e7ff44c78317f337da112e37252","name":"Joda J","image":{"@type":"ImageObject","inLanguage":"fr-FR","@id":"https:\/\/www.latitude-15.com\/fr\/#\/schema\/person\/image\/","url":"https:\/\/secure.gravatar.com\/avatar\/6b1feae555e15404b76616f92d931d12b25ac58024f14ccb43d9d3c012e4c4cf?s=96&d=mm&r=g","contentUrl":"https:\/\/secure.gravatar.com\/avatar\/6b1feae555e15404b76616f92d931d12b25ac58024f14ccb43d9d3c012e4c4cf?s=96&d=mm&r=g","caption":"Joda J"},"url":"https:\/\/www.latitude-15.com\/fr\/author\/joda\/"}]}},"_links":{"self":[{"href":"https:\/\/www.latitude-15.com\/fr\/wp-json\/wp\/v2\/posts\/22235","targetHints":{"allow":["GET"]}}],"collection":[{"href":"https:\/\/www.latitude-15.com\/fr\/wp-json\/wp\/v2\/posts"}],"about":[{"href":"https:\/\/www.latitude-15.com\/fr\/wp-json\/wp\/v2\/types\/post"}],"author":[{"embeddable":true,"href":"https:\/\/www.latitude-15.com\/fr\/wp-json\/wp\/v2\/users\/5"}],"replies":[{"embeddable":true,"href":"https:\/\/www.latitude-15.com\/fr\/wp-json\/wp\/v2\/comments?post=22235"}],"version-history":[{"count":1,"href":"https:\/\/www.latitude-15.com\/fr\/wp-json\/wp\/v2\/posts\/22235\/revisions"}],"predecessor-version":[{"id":22236,"href":"https:\/\/www.latitude-15.com\/fr\/wp-json\/wp\/v2\/posts\/22235\/revisions\/22236"}],"wp:featuredmedia":[{"embeddable":true,"href":"https:\/\/www.latitude-15.com\/fr\/wp-json\/wp\/v2\/media\/22231"}],"wp:attachment":[{"href":"https:\/\/www.latitude-15.com\/fr\/wp-json\/wp\/v2\/media?parent=22235"}],"wp:term":[{"taxonomy":"category","embeddable":true,"href":"https:\/\/www.latitude-15.com\/fr\/wp-json\/wp\/v2\/categories?post=22235"},{"taxonomy":"post_tag","embeddable":true,"href":"https:\/\/www.latitude-15.com\/fr\/wp-json\/wp\/v2\/tags?post=22235"}],"curies":[{"name":"wp","href":"https:\/\/api.w.org\/{rel}","templated":true}]}}