{"id":22103,"date":"2026-03-26T12:38:56","date_gmt":"2026-03-26T16:38:56","guid":{"rendered":"https:\/\/www.latitude-15.com\/marseille-fos-renforce-la-cooperation-logistique-avec-les-ports-francais-des-caraibes\/"},"modified":"2026-03-26T12:48:08","modified_gmt":"2026-03-26T16:48:08","slug":"marseille-fos-renforce-la-cooperation-logistique-avec-les-ports-francais-des-caraibes","status":"publish","type":"post","link":"https:\/\/www.latitude-15.com\/fr\/marseille-fos-renforce-la-cooperation-logistique-avec-les-ports-francais-des-caraibes\/","title":{"rendered":"Marseille Fos renforce la coop\u00e9ration logistique avec les ports fran\u00e7ais des Cara\u00efbes"},"content":{"rendered":"\n<p>Un nouvel accord de coop\u00e9ration entre le port de Marseille Fos et les ports fran\u00e7ais des Cara\u00efbes vise \u00e0 renforcer la connectivit\u00e9 logistique et \u00e0 s\u00e9curiser les cha\u00eenes d\u2019approvisionnement maritimes reliant la France m\u00e9tropolitaine au bassin carib\u00e9en. Cette initiative s\u2019inscrit dans un mouvement plus large des autorit\u00e9s portuaires visant \u00e0 consolider les corridors maritimes strat\u00e9giques et \u00e0 am\u00e9liorer la r\u00e9silience des r\u00e9seaux logistiques desservant les \u00e9conomies insulaires. <\/p>\n\n<h2 class=\"wp-block-heading\">Un accord de coop\u00e9ration entre Marseille Fos et les ports des Antilles fran\u00e7aises<\/h2>\n\n<p>Le partenariat r\u00e9unit le port de Marseille Fos, le Grand Port Maritime de la Martinique et le Grand Port Maritime de la Guadeloupe. L\u2019accord vise \u00e0 approfondir la coop\u00e9ration entre ces infrastructures portuaires \u00e0 travers des \u00e9changes op\u00e9rationnels, le partage d\u2019expertise et une coordination renforc\u00e9e au sein des cha\u00eenes logistiques maritimes. <\/p>\n\n<figure class=\"wp-block-image aligncenter size-full\"><img fetchpriority=\"high\" decoding=\"async\" width=\"973\" height=\"754\" src=\"https:\/\/www.latitude-15.com\/wp-content\/uploads\/2026\/03\/guadeloupe.png\" alt=\"\" class=\"wp-image-22097\" srcset=\"https:\/\/www.latitude-15.com\/wp-content\/uploads\/2026\/03\/guadeloupe.png 973w, https:\/\/www.latitude-15.com\/wp-content\/uploads\/2026\/03\/guadeloupe-300x232.png 300w, https:\/\/www.latitude-15.com\/wp-content\/uploads\/2026\/03\/guadeloupe-768x595.png 768w\" sizes=\"(max-width: 973px) 100vw, 973px\" \/><\/figure>\n\n<p>L\u2019initiative a \u00e9t\u00e9 discut\u00e9e lors de rencontres r\u00e9unissant plusieurs acteurs portuaires et logistiques des deux territoires. Jean-Pierre Chalus, pr\u00e9sident du directoire du Grand Port Maritime de la Guadeloupe, et Herv\u00e9 Martel, pr\u00e9sident du directoire du port de Marseille Fos, ont officialis\u00e9 l\u2019accord \u00e0 l\u2019issue d\u2019une visite des installations portuaires du terminal de Jarry, en pr\u00e9sence de Christophe Castaner, pr\u00e9sident du conseil de surveillance du port de Marseille Fos. <\/p>\n\n<p>Le Grand Port Maritime de la Martinique a \u00e9galement particip\u00e9 aux \u00e9changes consacr\u00e9s au renforcement de la connectivit\u00e9 logistique entre la M\u00e9diterran\u00e9e et la zone cara\u00efbe.<\/p>\n\n<p>Cette initiative traduit une ambition commune : renforcer les synergies op\u00e9rationnelles entre les ports tout en am\u00e9liorant la performance et l\u2019attractivit\u00e9 des routes maritimes reliant la M\u00e9diterran\u00e9e aux Cara\u00efbes.<\/p>\n\n<h2 class=\"wp-block-heading\">Renforcer les liaisons logistiques entre la m\u00e9tropole et les Cara\u00efbes<\/h2>\n\n<p>L\u2019accord vise \u00e0 consolider le corridor maritime reliant la France m\u00e9tropolitaine aux territoires fran\u00e7ais des Cara\u00efbes. Marseille Fos, l\u2019un des principaux ports de la M\u00e9diterran\u00e9e et une plateforme logistique multimodale majeure pour les \u00e9changes europ\u00e9ens, joue un r\u00f4le strat\u00e9gique dans l\u2019acheminement des marchandises entre l\u2019Europe continentale et les territoires ultramarins. <\/p>\n\n<p>Une coop\u00e9ration plus \u00e9troite entre Marseille Fos et les ports antillais devrait faciliter les \u00e9changes d\u2019expertise op\u00e9rationnelle, am\u00e9liorer la coordination des cha\u00eenes logistiques maritimes et contribuer \u00e0 s\u00e9curiser les flux de marchandises entre les deux r\u00e9gions.<\/p>\n\n<p>Cette d\u00e9marche s\u2019inscrit \u00e9galement dans une \u00e9volution plus large de la logistique maritime mondiale, o\u00f9 la coop\u00e9ration entre ports est de plus en plus utilis\u00e9e comme levier pour renforcer la r\u00e9silience des cha\u00eenes d\u2019approvisionnement et am\u00e9liorer la connectivit\u00e9 entre les grandes routes maritimes internationales.<\/p>\n\n<h2 class=\"wp-block-heading\">Martinique et Guadeloupe se positionnent dans les r\u00e9seaux logistiques r\u00e9gionaux<\/h2>\n\n<p>Pour les ports de Martinique et de Guadeloupe, cet accord repr\u00e9sente une opportunit\u00e9 de consolider leur r\u00f4le dans les r\u00e9seaux logistiques r\u00e9gionaux du bassin carib\u00e9en.<\/p>\n\n<p>Ces deux infrastructures jouent un r\u00f4le essentiel dans la gestion des marchandises destin\u00e9es \u00e0 leurs territoires insulaires et dans la distribution des flux logistiques vers les march\u00e9s locaux. Le renforcement de la coop\u00e9ration avec un grand port europ\u00e9en comme Marseille Fos pourrait contribuer \u00e0 renforcer leur int\u00e9gration dans les r\u00e9seaux maritimes internationaux. <\/p>\n\n<p>Les discussions men\u00e9es dans le cadre de cette initiative ont \u00e9galement mis en avant l\u2019ambition de renforcer la position des ports des Antilles fran\u00e7aises en tant que plateformes logistiques capables de soutenir \u00e0 la fois l\u2019approvisionnement local et la connectivit\u00e9 maritime r\u00e9gionale.<\/p>\n\n<h2 class=\"wp-block-heading\">S\u00e9curiser les cha\u00eenes d\u2019approvisionnement des \u00e9conomies insulaires<\/h2>\n\n<p>Pour des territoires insulaires comme la Martinique et la Guadeloupe, le transport maritime demeure le principal canal d\u2019approvisionnement en biens essentiels. Garantir la fiabilit\u00e9 et la continuit\u00e9 des flux logistiques maritimes est donc essentiel pour maintenir la stabilit\u00e9 \u00e9conomique et soutenir la vie quotidienne dans ces territoires. <\/p>\n\n<p>Les acteurs impliqu\u00e9s dans les \u00e9changes ont soulign\u00e9 plusieurs priorit\u00e9s structurelles, notamment la performance logistique, la fiabilit\u00e9 des cha\u00eenes d\u2019approvisionnement et la n\u00e9cessit\u00e9 de s\u00e9curiser les flux de marchandises dans un environnement mondial de plus en plus soumis \u00e0 des tensions sur les routes maritimes.<\/p>\n\n<p>Dans des territoires fortement d\u00e9pendants des importations, la stabilit\u00e9 des r\u00e9seaux de transport maritime influence directement la disponibilit\u00e9 des biens, des mat\u00e9riaux et des \u00e9quipements n\u00e9cessaires \u00e0 l\u2019activit\u00e9 \u00e9conomique et \u00e0 la consommation quotidienne.<\/p>\n\n<p>Le renforcement de la coop\u00e9ration entre les ports m\u00e9diterran\u00e9ens et ceux des Antilles fran\u00e7aises est ainsi consid\u00e9r\u00e9 comme une \u00e9tape vers la construction de r\u00e9seaux logistiques plus r\u00e9silients capables de soutenir la stabilit\u00e9 \u00e9conomique sur le long terme.<\/p>\n\n<h2 class=\"wp-block-heading\">Les perspectives du secteur<\/h2>\n\n<p>L\u2019initiative de coop\u00e9ration a \u00e9galement r\u00e9uni plusieurs acteurs des secteurs maritime, logistique et commercial. Des repr\u00e9sentants de compagnies maritimes, d\u2019autorit\u00e9s portuaires et d\u2019acteurs \u00e9conomiques ont partag\u00e9 leurs analyses sur les r\u00e9alit\u00e9s op\u00e9rationnelles de l\u2019approvisionnement des march\u00e9s insulaires et sur le maintien de flux de marchandises efficaces. <\/p>\n\n<p>Les participants ont soulign\u00e9 l\u2019importance d\u2019une meilleure coordination tout au long de la cha\u00eene logistique, d\u2019une efficacit\u00e9 accrue des infrastructures et d\u2019une collaboration renforc\u00e9e entre ports afin de garantir des services de transport maritime plus pr\u00e9visibles et plus fiables.<\/p>\n\n<p>De telles coop\u00e9rations sont d\u00e9sormais consid\u00e9r\u00e9es comme un levier important pour soutenir la comp\u00e9titivit\u00e9 des routes maritimes reliant l\u2019Europe et les Cara\u00efbes.<\/p>\n\n<h2 class=\"wp-block-heading\">Perspectives<\/h2>\n\n<p>L\u2019accord entre Marseille Fos et les ports fran\u00e7ais des Cara\u00efbes illustre une tendance plus large vers des coop\u00e9rations strat\u00e9giques entre autorit\u00e9s portuaires cherchant \u00e0 renforcer les corridors logistiques internationaux. Alors que le commerce maritime continue d\u2019\u00e9voluer, les partenariats entre ports devraient jouer un r\u00f4le croissant pour am\u00e9liorer la connectivit\u00e9, s\u00e9curiser les cha\u00eenes d\u2019approvisionnement et renforcer la r\u00e9silience des r\u00e9seaux logistiques reliant la France m\u00e9tropolitaine aux territoires insulaires carib\u00e9ens. <\/p>\n","protected":false},"excerpt":{"rendered":"<p>Un nouvel accord de coop\u00e9ration entre le port de Marseille Fos et les ports fran\u00e7ais des Cara\u00efbes vise \u00e0 renforcer la connectivit\u00e9 logistique et \u00e0 s\u00e9curiser les cha\u00eenes d\u2019approvisionnement maritimes reliant la France m\u00e9tropolitaine au bassin carib\u00e9en. Cette initiative s\u2019inscrit dans un mouvement plus large des autorit\u00e9s portuaires visant \u00e0 consolider les corridors maritimes strat\u00e9giques [&hellip;]<\/p>\n","protected":false},"author":5,"featured_media":22102,"comment_status":"open","ping_status":"closed","sticky":false,"template":"","format":"standard","meta":{"footnotes":""},"categories":[118,136],"tags":[],"class_list":["post-22103","post","type-post","status-publish","format-standard","has-post-thumbnail","hentry","category-maritime-fr","category-ports-et-logistique"],"yoast_head":"<!-- This site is optimized with the Yoast SEO plugin v26.9 - https:\/\/yoast.com\/product\/yoast-seo-wordpress\/ -->\n<title>Marseille Fos renforce la coop\u00e9ration logistique avec les ports fran\u00e7ais des Cara\u00efbes - LATITUDE 15<\/title>\n<meta name=\"description\" content=\"Le port de Marseille Fos et les ports fran\u00e7ais des Cara\u00efbes ont sign\u00e9 un accord de coop\u00e9ration visant \u00e0 renforcer la connectivit\u00e9 logistique.\" \/>\n<meta name=\"robots\" content=\"index, follow, max-snippet:-1, max-image-preview:large, max-video-preview:-1\" \/>\n<link rel=\"canonical\" href=\"https:\/\/www.latitude-15.com\/fr\/marseille-fos-renforce-la-cooperation-logistique-avec-les-ports-francais-des-caraibes\/\" \/>\n<meta property=\"og:locale\" content=\"fr_FR\" \/>\n<meta property=\"og:type\" content=\"article\" \/>\n<meta property=\"og:title\" content=\"Marseille Fos renforce la coop\u00e9ration logistique avec les ports fran\u00e7ais des Cara\u00efbes - LATITUDE 15\" \/>\n<meta property=\"og:description\" content=\"Le port de Marseille Fos et les ports fran\u00e7ais des Cara\u00efbes ont sign\u00e9 un accord de coop\u00e9ration visant \u00e0 renforcer la connectivit\u00e9 logistique.\" \/>\n<meta property=\"og:url\" content=\"https:\/\/www.latitude-15.com\/fr\/marseille-fos-renforce-la-cooperation-logistique-avec-les-ports-francais-des-caraibes\/\" \/>\n<meta property=\"og:site_name\" content=\"LATITUDE 15\" \/>\n<meta property=\"article:published_time\" content=\"2026-03-26T16:38:56+00:00\" \/>\n<meta property=\"article:modified_time\" content=\"2026-03-26T16:48:08+00:00\" \/>\n<meta property=\"og:image\" content=\"https:\/\/www.latitude-15.com\/wp-content\/uploads\/2026\/03\/srjdtyk-1024x620.png\" \/>\n\t<meta property=\"og:image:width\" content=\"1024\" \/>\n\t<meta property=\"og:image:height\" content=\"620\" \/>\n\t<meta property=\"og:image:type\" content=\"image\/png\" \/>\n<meta name=\"author\" content=\"Joda J\" \/>\n<meta name=\"twitter:card\" content=\"summary_large_image\" \/>\n<meta name=\"twitter:label1\" content=\"\u00c9crit par\" \/>\n\t<meta name=\"twitter:data1\" content=\"Joda J\" \/>\n\t<meta name=\"twitter:label2\" content=\"Dur\u00e9e de lecture estim\u00e9e\" \/>\n\t<meta name=\"twitter:data2\" content=\"5 minutes\" \/>\n<script type=\"application\/ld+json\" class=\"yoast-schema-graph\">{\"@context\":\"https:\/\/schema.org\",\"@graph\":[{\"@type\":\"Article\",\"@id\":\"https:\/\/www.latitude-15.com\/fr\/marseille-fos-renforce-la-cooperation-logistique-avec-les-ports-francais-des-caraibes\/#article\",\"isPartOf\":{\"@id\":\"https:\/\/www.latitude-15.com\/fr\/marseille-fos-renforce-la-cooperation-logistique-avec-les-ports-francais-des-caraibes\/\"},\"author\":{\"name\":\"Joda J\",\"@id\":\"https:\/\/www.latitude-15.com\/fr\/#\/schema\/person\/dac52e7ff44c78317f337da112e37252\"},\"headline\":\"Marseille Fos renforce la coop\u00e9ration logistique avec les ports fran\u00e7ais des Cara\u00efbes\",\"datePublished\":\"2026-03-26T16:38:56+00:00\",\"dateModified\":\"2026-03-26T16:48:08+00:00\",\"mainEntityOfPage\":{\"@id\":\"https:\/\/www.latitude-15.com\/fr\/marseille-fos-renforce-la-cooperation-logistique-avec-les-ports-francais-des-caraibes\/\"},\"wordCount\":1027,\"commentCount\":0,\"publisher\":{\"@id\":\"https:\/\/www.latitude-15.com\/fr\/#organization\"},\"image\":{\"@id\":\"https:\/\/www.latitude-15.com\/fr\/marseille-fos-renforce-la-cooperation-logistique-avec-les-ports-francais-des-caraibes\/#primaryimage\"},\"thumbnailUrl\":\"https:\/\/www.latitude-15.com\/wp-content\/uploads\/2026\/03\/srjdtyk.png\",\"articleSection\":[\"MARITIME\",\"Ports et logistique\"],\"inLanguage\":\"fr-FR\",\"potentialAction\":[{\"@type\":\"CommentAction\",\"name\":\"Comment\",\"target\":[\"https:\/\/www.latitude-15.com\/fr\/marseille-fos-renforce-la-cooperation-logistique-avec-les-ports-francais-des-caraibes\/#respond\"]}]},{\"@type\":\"WebPage\",\"@id\":\"https:\/\/www.latitude-15.com\/fr\/marseille-fos-renforce-la-cooperation-logistique-avec-les-ports-francais-des-caraibes\/\",\"url\":\"https:\/\/www.latitude-15.com\/fr\/marseille-fos-renforce-la-cooperation-logistique-avec-les-ports-francais-des-caraibes\/\",\"name\":\"Marseille Fos renforce la coop\u00e9ration logistique avec les ports fran\u00e7ais des Cara\u00efbes - LATITUDE 15\",\"isPartOf\":{\"@id\":\"https:\/\/www.latitude-15.com\/fr\/#website\"},\"primaryImageOfPage\":{\"@id\":\"https:\/\/www.latitude-15.com\/fr\/marseille-fos-renforce-la-cooperation-logistique-avec-les-ports-francais-des-caraibes\/#primaryimage\"},\"image\":{\"@id\":\"https:\/\/www.latitude-15.com\/fr\/marseille-fos-renforce-la-cooperation-logistique-avec-les-ports-francais-des-caraibes\/#primaryimage\"},\"thumbnailUrl\":\"https:\/\/www.latitude-15.com\/wp-content\/uploads\/2026\/03\/srjdtyk.png\",\"datePublished\":\"2026-03-26T16:38:56+00:00\",\"dateModified\":\"2026-03-26T16:48:08+00:00\",\"description\":\"Le port de Marseille Fos et les ports fran\u00e7ais des Cara\u00efbes ont sign\u00e9 un accord de coop\u00e9ration visant \u00e0 renforcer la connectivit\u00e9 logistique.\",\"breadcrumb\":{\"@id\":\"https:\/\/www.latitude-15.com\/fr\/marseille-fos-renforce-la-cooperation-logistique-avec-les-ports-francais-des-caraibes\/#breadcrumb\"},\"inLanguage\":\"fr-FR\",\"potentialAction\":[{\"@type\":\"ReadAction\",\"target\":[\"https:\/\/www.latitude-15.com\/fr\/marseille-fos-renforce-la-cooperation-logistique-avec-les-ports-francais-des-caraibes\/\"]}]},{\"@type\":\"ImageObject\",\"inLanguage\":\"fr-FR\",\"@id\":\"https:\/\/www.latitude-15.com\/fr\/marseille-fos-renforce-la-cooperation-logistique-avec-les-ports-francais-des-caraibes\/#primaryimage\",\"url\":\"https:\/\/www.latitude-15.com\/wp-content\/uploads\/2026\/03\/srjdtyk.png\",\"contentUrl\":\"https:\/\/www.latitude-15.com\/wp-content\/uploads\/2026\/03\/srjdtyk.png\",\"width\":1471,\"height\":890,\"caption\":\"Port of Jarry (Baie-Mahault, Guadeloupe)\"},{\"@type\":\"BreadcrumbList\",\"@id\":\"https:\/\/www.latitude-15.com\/fr\/marseille-fos-renforce-la-cooperation-logistique-avec-les-ports-francais-des-caraibes\/#breadcrumb\",\"itemListElement\":[{\"@type\":\"ListItem\",\"position\":1,\"name\":\"Home\",\"item\":\"https:\/\/www.latitude-15.com\/fr\/accueil\/\"},{\"@type\":\"ListItem\",\"position\":2,\"name\":\"Marseille Fos renforce la coop\u00e9ration logistique avec les ports fran\u00e7ais des Cara\u00efbes\"}]},{\"@type\":\"WebSite\",\"@id\":\"https:\/\/www.latitude-15.com\/fr\/#website\",\"url\":\"https:\/\/www.latitude-15.com\/fr\/\",\"name\":\"LATITUDE 15\",\"description\":\"Aviation and maritime Magazine - Caribbean &amp; Latin America\",\"publisher\":{\"@id\":\"https:\/\/www.latitude-15.com\/fr\/#organization\"},\"potentialAction\":[{\"@type\":\"SearchAction\",\"target\":{\"@type\":\"EntryPoint\",\"urlTemplate\":\"https:\/\/www.latitude-15.com\/fr\/?s={search_term_string}\"},\"query-input\":{\"@type\":\"PropertyValueSpecification\",\"valueRequired\":true,\"valueName\":\"search_term_string\"}}],\"inLanguage\":\"fr-FR\"},{\"@type\":\"Organization\",\"@id\":\"https:\/\/www.latitude-15.com\/fr\/#organization\",\"name\":\"LATITUDE 15\",\"url\":\"https:\/\/www.latitude-15.com\/fr\/\",\"logo\":{\"@type\":\"ImageObject\",\"inLanguage\":\"fr-FR\",\"@id\":\"https:\/\/www.latitude-15.com\/fr\/#\/schema\/logo\/image\/\",\"url\":\"https:\/\/www.latitude-15.com\/wp-content\/uploads\/2026\/01\/cropped-logox500px.png\",\"contentUrl\":\"https:\/\/www.latitude-15.com\/wp-content\/uploads\/2026\/01\/cropped-logox500px.png\",\"width\":62,\"height\":75,\"caption\":\"LATITUDE 15\"},\"image\":{\"@id\":\"https:\/\/www.latitude-15.com\/fr\/#\/schema\/logo\/image\/\"}},{\"@type\":\"Person\",\"@id\":\"https:\/\/www.latitude-15.com\/fr\/#\/schema\/person\/dac52e7ff44c78317f337da112e37252\",\"name\":\"Joda J\",\"image\":{\"@type\":\"ImageObject\",\"inLanguage\":\"fr-FR\",\"@id\":\"https:\/\/www.latitude-15.com\/fr\/#\/schema\/person\/image\/\",\"url\":\"https:\/\/secure.gravatar.com\/avatar\/6b1feae555e15404b76616f92d931d12b25ac58024f14ccb43d9d3c012e4c4cf?s=96&d=mm&r=g\",\"contentUrl\":\"https:\/\/secure.gravatar.com\/avatar\/6b1feae555e15404b76616f92d931d12b25ac58024f14ccb43d9d3c012e4c4cf?s=96&d=mm&r=g\",\"caption\":\"Joda J\"},\"url\":\"https:\/\/www.latitude-15.com\/fr\/author\/joda\/\"}]}<\/script>\n<!-- \/ Yoast SEO plugin. -->","yoast_head_json":{"title":"Marseille Fos renforce la coop\u00e9ration logistique avec les ports fran\u00e7ais des Cara\u00efbes - LATITUDE 15","description":"Le port de Marseille Fos et les ports fran\u00e7ais des Cara\u00efbes ont sign\u00e9 un accord de coop\u00e9ration visant \u00e0 renforcer la connectivit\u00e9 logistique.","robots":{"index":"index","follow":"follow","max-snippet":"max-snippet:-1","max-image-preview":"max-image-preview:large","max-video-preview":"max-video-preview:-1"},"canonical":"https:\/\/www.latitude-15.com\/fr\/marseille-fos-renforce-la-cooperation-logistique-avec-les-ports-francais-des-caraibes\/","og_locale":"fr_FR","og_type":"article","og_title":"Marseille Fos renforce la coop\u00e9ration logistique avec les ports fran\u00e7ais des Cara\u00efbes - LATITUDE 15","og_description":"Le port de Marseille Fos et les ports fran\u00e7ais des Cara\u00efbes ont sign\u00e9 un accord de coop\u00e9ration visant \u00e0 renforcer la connectivit\u00e9 logistique.","og_url":"https:\/\/www.latitude-15.com\/fr\/marseille-fos-renforce-la-cooperation-logistique-avec-les-ports-francais-des-caraibes\/","og_site_name":"LATITUDE 15","article_published_time":"2026-03-26T16:38:56+00:00","article_modified_time":"2026-03-26T16:48:08+00:00","og_image":[{"width":1024,"height":620,"url":"https:\/\/www.latitude-15.com\/wp-content\/uploads\/2026\/03\/srjdtyk-1024x620.png","type":"image\/png"}],"author":"Joda J","twitter_card":"summary_large_image","twitter_misc":{"\u00c9crit par":"Joda J","Dur\u00e9e de lecture estim\u00e9e":"5 minutes"},"schema":{"@context":"https:\/\/schema.org","@graph":[{"@type":"Article","@id":"https:\/\/www.latitude-15.com\/fr\/marseille-fos-renforce-la-cooperation-logistique-avec-les-ports-francais-des-caraibes\/#article","isPartOf":{"@id":"https:\/\/www.latitude-15.com\/fr\/marseille-fos-renforce-la-cooperation-logistique-avec-les-ports-francais-des-caraibes\/"},"author":{"name":"Joda J","@id":"https:\/\/www.latitude-15.com\/fr\/#\/schema\/person\/dac52e7ff44c78317f337da112e37252"},"headline":"Marseille Fos renforce la coop\u00e9ration logistique avec les ports fran\u00e7ais des Cara\u00efbes","datePublished":"2026-03-26T16:38:56+00:00","dateModified":"2026-03-26T16:48:08+00:00","mainEntityOfPage":{"@id":"https:\/\/www.latitude-15.com\/fr\/marseille-fos-renforce-la-cooperation-logistique-avec-les-ports-francais-des-caraibes\/"},"wordCount":1027,"commentCount":0,"publisher":{"@id":"https:\/\/www.latitude-15.com\/fr\/#organization"},"image":{"@id":"https:\/\/www.latitude-15.com\/fr\/marseille-fos-renforce-la-cooperation-logistique-avec-les-ports-francais-des-caraibes\/#primaryimage"},"thumbnailUrl":"https:\/\/www.latitude-15.com\/wp-content\/uploads\/2026\/03\/srjdtyk.png","articleSection":["MARITIME","Ports et logistique"],"inLanguage":"fr-FR","potentialAction":[{"@type":"CommentAction","name":"Comment","target":["https:\/\/www.latitude-15.com\/fr\/marseille-fos-renforce-la-cooperation-logistique-avec-les-ports-francais-des-caraibes\/#respond"]}]},{"@type":"WebPage","@id":"https:\/\/www.latitude-15.com\/fr\/marseille-fos-renforce-la-cooperation-logistique-avec-les-ports-francais-des-caraibes\/","url":"https:\/\/www.latitude-15.com\/fr\/marseille-fos-renforce-la-cooperation-logistique-avec-les-ports-francais-des-caraibes\/","name":"Marseille Fos renforce la coop\u00e9ration logistique avec les ports fran\u00e7ais des Cara\u00efbes - LATITUDE 15","isPartOf":{"@id":"https:\/\/www.latitude-15.com\/fr\/#website"},"primaryImageOfPage":{"@id":"https:\/\/www.latitude-15.com\/fr\/marseille-fos-renforce-la-cooperation-logistique-avec-les-ports-francais-des-caraibes\/#primaryimage"},"image":{"@id":"https:\/\/www.latitude-15.com\/fr\/marseille-fos-renforce-la-cooperation-logistique-avec-les-ports-francais-des-caraibes\/#primaryimage"},"thumbnailUrl":"https:\/\/www.latitude-15.com\/wp-content\/uploads\/2026\/03\/srjdtyk.png","datePublished":"2026-03-26T16:38:56+00:00","dateModified":"2026-03-26T16:48:08+00:00","description":"Le port de Marseille Fos et les ports fran\u00e7ais des Cara\u00efbes ont sign\u00e9 un accord de coop\u00e9ration visant \u00e0 renforcer la connectivit\u00e9 logistique.","breadcrumb":{"@id":"https:\/\/www.latitude-15.com\/fr\/marseille-fos-renforce-la-cooperation-logistique-avec-les-ports-francais-des-caraibes\/#breadcrumb"},"inLanguage":"fr-FR","potentialAction":[{"@type":"ReadAction","target":["https:\/\/www.latitude-15.com\/fr\/marseille-fos-renforce-la-cooperation-logistique-avec-les-ports-francais-des-caraibes\/"]}]},{"@type":"ImageObject","inLanguage":"fr-FR","@id":"https:\/\/www.latitude-15.com\/fr\/marseille-fos-renforce-la-cooperation-logistique-avec-les-ports-francais-des-caraibes\/#primaryimage","url":"https:\/\/www.latitude-15.com\/wp-content\/uploads\/2026\/03\/srjdtyk.png","contentUrl":"https:\/\/www.latitude-15.com\/wp-content\/uploads\/2026\/03\/srjdtyk.png","width":1471,"height":890,"caption":"Port of Jarry (Baie-Mahault, Guadeloupe)"},{"@type":"BreadcrumbList","@id":"https:\/\/www.latitude-15.com\/fr\/marseille-fos-renforce-la-cooperation-logistique-avec-les-ports-francais-des-caraibes\/#breadcrumb","itemListElement":[{"@type":"ListItem","position":1,"name":"Home","item":"https:\/\/www.latitude-15.com\/fr\/accueil\/"},{"@type":"ListItem","position":2,"name":"Marseille Fos renforce la coop\u00e9ration logistique avec les ports fran\u00e7ais des Cara\u00efbes"}]},{"@type":"WebSite","@id":"https:\/\/www.latitude-15.com\/fr\/#website","url":"https:\/\/www.latitude-15.com\/fr\/","name":"LATITUDE 15","description":"Aviation and maritime Magazine - Caribbean &amp; Latin America","publisher":{"@id":"https:\/\/www.latitude-15.com\/fr\/#organization"},"potentialAction":[{"@type":"SearchAction","target":{"@type":"EntryPoint","urlTemplate":"https:\/\/www.latitude-15.com\/fr\/?s={search_term_string}"},"query-input":{"@type":"PropertyValueSpecification","valueRequired":true,"valueName":"search_term_string"}}],"inLanguage":"fr-FR"},{"@type":"Organization","@id":"https:\/\/www.latitude-15.com\/fr\/#organization","name":"LATITUDE 15","url":"https:\/\/www.latitude-15.com\/fr\/","logo":{"@type":"ImageObject","inLanguage":"fr-FR","@id":"https:\/\/www.latitude-15.com\/fr\/#\/schema\/logo\/image\/","url":"https:\/\/www.latitude-15.com\/wp-content\/uploads\/2026\/01\/cropped-logox500px.png","contentUrl":"https:\/\/www.latitude-15.com\/wp-content\/uploads\/2026\/01\/cropped-logox500px.png","width":62,"height":75,"caption":"LATITUDE 15"},"image":{"@id":"https:\/\/www.latitude-15.com\/fr\/#\/schema\/logo\/image\/"}},{"@type":"Person","@id":"https:\/\/www.latitude-15.com\/fr\/#\/schema\/person\/dac52e7ff44c78317f337da112e37252","name":"Joda J","image":{"@type":"ImageObject","inLanguage":"fr-FR","@id":"https:\/\/www.latitude-15.com\/fr\/#\/schema\/person\/image\/","url":"https:\/\/secure.gravatar.com\/avatar\/6b1feae555e15404b76616f92d931d12b25ac58024f14ccb43d9d3c012e4c4cf?s=96&d=mm&r=g","contentUrl":"https:\/\/secure.gravatar.com\/avatar\/6b1feae555e15404b76616f92d931d12b25ac58024f14ccb43d9d3c012e4c4cf?s=96&d=mm&r=g","caption":"Joda J"},"url":"https:\/\/www.latitude-15.com\/fr\/author\/joda\/"}]}},"_links":{"self":[{"href":"https:\/\/www.latitude-15.com\/fr\/wp-json\/wp\/v2\/posts\/22103","targetHints":{"allow":["GET"]}}],"collection":[{"href":"https:\/\/www.latitude-15.com\/fr\/wp-json\/wp\/v2\/posts"}],"about":[{"href":"https:\/\/www.latitude-15.com\/fr\/wp-json\/wp\/v2\/types\/post"}],"author":[{"embeddable":true,"href":"https:\/\/www.latitude-15.com\/fr\/wp-json\/wp\/v2\/users\/5"}],"replies":[{"embeddable":true,"href":"https:\/\/www.latitude-15.com\/fr\/wp-json\/wp\/v2\/comments?post=22103"}],"version-history":[{"count":1,"href":"https:\/\/www.latitude-15.com\/fr\/wp-json\/wp\/v2\/posts\/22103\/revisions"}],"predecessor-version":[{"id":22104,"href":"https:\/\/www.latitude-15.com\/fr\/wp-json\/wp\/v2\/posts\/22103\/revisions\/22104"}],"wp:featuredmedia":[{"embeddable":true,"href":"https:\/\/www.latitude-15.com\/fr\/wp-json\/wp\/v2\/media\/22102"}],"wp:attachment":[{"href":"https:\/\/www.latitude-15.com\/fr\/wp-json\/wp\/v2\/media?parent=22103"}],"wp:term":[{"taxonomy":"category","embeddable":true,"href":"https:\/\/www.latitude-15.com\/fr\/wp-json\/wp\/v2\/categories?post=22103"},{"taxonomy":"post_tag","embeddable":true,"href":"https:\/\/www.latitude-15.com\/fr\/wp-json\/wp\/v2\/tags?post=22103"}],"curies":[{"name":"wp","href":"https:\/\/api.w.org\/{rel}","templated":true}]}}