{"id":22079,"date":"2026-03-26T10:40:19","date_gmt":"2026-03-26T14:40:19","guid":{"rendered":"https:\/\/www.latitude-15.com\/les-leaders-de-la-securite-aerienne-en-amerique-latine-se-reuniront-a-mendoza-pour-lalta-safety-summit-2026\/"},"modified":"2026-03-26T11:08:43","modified_gmt":"2026-03-26T15:08:43","slug":"les-leaders-de-la-securite-aerienne-en-amerique-latine-se-reuniront-a-mendoza-pour-lalta-safety-summit-2026","status":"publish","type":"post","link":"https:\/\/www.latitude-15.com\/fr\/les-leaders-de-la-securite-aerienne-en-amerique-latine-se-reuniront-a-mendoza-pour-lalta-safety-summit-2026\/","title":{"rendered":"Les leaders de la s\u00e9curit\u00e9 a\u00e9rienne en Am\u00e9rique latine se r\u00e9uniront \u00e0 Mendoza pour l\u2019ALTA Safety Summit 2026"},"content":{"rendered":"\n<p>Alors que l\u2019activit\u00e9 a\u00e9rienne continue de se d\u00e9velopper en Am\u00e9rique latine et dans les Cara\u00efbes, les acteurs majeurs du secteur se r\u00e9uniront en Argentine en juin prochain pour aborder l\u2019une des priorit\u00e9s les plus critiques de l\u2019industrie : la s\u00e9curit\u00e9. Le ALTA Aviation Safety, Flight Ops &amp; Training Summit 2026, organis\u00e9 par la Latin American and Caribbean Air Transport Association (ALTA), se tiendra du 16 au 18 juin 2026 \u00e0 Mendoza, en Argentine. L\u2019\u00e9v\u00e9nement rassemblera compagnies a\u00e9riennes, r\u00e9gulateurs, constructeurs et experts op\u00e9rationnels de toute la r\u00e9gion. L\u2019objectif est d\u2019offrir une plateforme de collaboration et de d\u00e9veloppement de solutions concr\u00e8tes afin de garantir un transport a\u00e9rien s\u00fbr et durable dans un environnement a\u00e9ronautique en constante \u00e9volution.  <\/p>\n\n<h2 class=\"wp-block-heading\">La croissance du secteur a\u00e9rien fait \u00e9merger de nouveaux d\u00e9fis de s\u00e9curit\u00e9<\/h2>\n\n<p>L\u2019industrie a\u00e9rienne latino-am\u00e9ricaine poursuit son expansion \u00e0 mesure que la connectivit\u00e9 se renforce et que la demande de passagers rebondit dans l\u2019ensemble de la r\u00e9gion. Si cette dynamique ouvre de nouvelles opportunit\u00e9s pour les compagnies a\u00e9riennes et les a\u00e9roports, elle entra\u00eene \u00e9galement une complexit\u00e9 op\u00e9rationnelle accrue ainsi que l\u2019apparition de nouveaux risques en mati\u00e8re de s\u00e9curit\u00e9. <\/p>\n\n<p>Dans ce contexte, le sommet organis\u00e9 par ALTA se positionne comme un forum strat\u00e9gique permettant au secteur d\u2019analyser collectivement les d\u00e9fis op\u00e9rationnels et de transformer les enseignements en mati\u00e8re de s\u00e9curit\u00e9 en actions concr\u00e8tes. L\u2019objectif n\u2019est pas seulement d\u2019\u00e9valuer les performances en mati\u00e8re de s\u00e9curit\u00e9, mais aussi de renforcer les processus, la formation et la coop\u00e9ration n\u00e9cessaires pour maintenir des standards op\u00e9rationnels \u00e9lev\u00e9s dans toute la r\u00e9gion. <\/p>\n\n<h2 class=\"wp-block-heading\">Une plateforme de collaboration pour l\u2019\u00e9cosyst\u00e8me a\u00e9ronautique<\/h2>\n\n<p>Le sommet proposera des discussions de haut niveau consacr\u00e9es \u00e0 plusieurs enjeux majeurs de s\u00e9curit\u00e9 et d\u2019exploitation auxquels le secteur a\u00e9rien est confront\u00e9. Les participants pourront assister \u00e0 un programme m\u00ealant d\u00e9bats strat\u00e9giques, \u00e9tudes de cas issues d\u2019exp\u00e9riences op\u00e9rationnelles r\u00e9elles et partage de bonnes pratiques \u00e0 travers l\u2019Am\u00e9rique latine et les Cara\u00efbes. <\/p>\n\n<p>Au-del\u00e0 des sessions formelles, l\u2019\u00e9v\u00e9nement constitue \u00e9galement une importante plateforme de r\u00e9seautage permettant aux dirigeants du secteur d\u2019\u00e9changer leurs points de vue et de coordonner des solutions pratiques visant \u00e0 am\u00e9liorer la s\u00e9curit\u00e9 op\u00e9rationnelle. Selon ALTA, le sommet vise \u00e0 d\u00e9passer les discussions th\u00e9oriques pour favoriser des r\u00e9sultats concrets directement applicables au sein des compagnies a\u00e9riennes et des organisations du secteur. <\/p>\n\n<h2 class=\"wp-block-heading\">Compagnies a\u00e9riennes, r\u00e9gulateurs et experts r\u00e9unis<\/h2>\n\n<p>L\u2019\u00e9v\u00e9nement attire traditionnellement un large \u00e9ventail d\u2019acteurs de l\u2019aviation. Des repr\u00e9sentants de compagnies a\u00e9riennes, de constructeurs a\u00e9ronautiques, d\u2019autorit\u00e9s de l\u2019aviation civile, d\u2019a\u00e9roports, d\u2019organismes de contr\u00f4le du trafic a\u00e9rien et d\u2019instituts de formation sont attendus. Des \u00e9coles d\u2019aviation, des associations professionnelles et des cabinets de conseil sp\u00e9cialis\u00e9s participeront \u00e9galement aux \u00e9changes.  <\/p>\n\n<p>Les \u00e9ditions pr\u00e9c\u00e9dentes ont accueilli des intervenants issus d\u2019organisations majeures telles que International Air Transport Association (IATA), Boeing, LATAM Airlines, American Airlines, Delta Air Lines et Aeromexico, soulignant le r\u00f4le du sommet comme rendez-vous r\u00e9gional de r\u00e9f\u00e9rence pour l\u2019expertise en mati\u00e8re de s\u00e9curit\u00e9 a\u00e9rienne.<\/p>\n\n<h2 class=\"wp-block-heading\">Maintenir l\u2019humain au c\u0153ur de la s\u00e9curit\u00e9 a\u00e9rienne<\/h2>\n\n<p>L\u2019un des th\u00e8mes centraux du sommet est l\u2019importance de pr\u00e9server une culture de s\u00e9curit\u00e9 pla\u00e7ant l\u2019humain au c\u0153ur des op\u00e9rations a\u00e9riennes. Si les avanc\u00e9es technologiques et les d\u00e9cisions fond\u00e9es sur les donn\u00e9es prennent une place croissante dans les op\u00e9rations des compagnies a\u00e9riennes, les acteurs du secteur rappellent que l\u2019expertise humaine, la formation et le jugement professionnel restent des piliers essentiels de la s\u00e9curit\u00e9. <\/p>\n\n<p>Le sommet explorera ainsi la mani\u00e8re dont la technologie et les comp\u00e9tences humaines peuvent se compl\u00e9ter pour renforcer la r\u00e9silience op\u00e9rationnelle, am\u00e9liorer la gestion des risques et soutenir l\u2019am\u00e9lioration continue de la s\u00e9curit\u00e9 dans l\u2019ensemble de l\u2019\u00e9cosyst\u00e8me a\u00e9ronautique.<\/p>\n\n<p>L\u2019\u00e9v\u00e9nement se d\u00e9roulera \u00e0 Mendoza, capitale de la province du m\u00eame nom en Argentine, situ\u00e9e au pied de la cordill\u00e8re des Andes.<\/p>\n\n<h2 class=\"wp-block-heading\">Aligner l\u2019industrie a\u00e9rienne r\u00e9gionale autour de la s\u00e9curit\u00e9<\/h2>\n\n<p>Alors que le transport a\u00e9rien en Am\u00e9rique latine poursuit son \u00e9volution, le maintien de performances solides en mati\u00e8re de s\u00e9curit\u00e9 demeure une priorit\u00e9 centrale pour l\u2019industrie. En r\u00e9unissant compagnies a\u00e9riennes, r\u00e9gulateurs et experts techniques, le ALTA Aviation Safety, Flight Ops &amp; Training Summit vise \u00e0 renforcer la collaboration r\u00e9gionale et \u00e0 soutenir l\u2019\u00e9laboration de strat\u00e9gies concr\u00e8tes pour garantir des op\u00e9rations a\u00e9riennes s\u00fbres, efficaces et tourn\u00e9es vers l\u2019avenir. <\/p>\n\n<div class=\"wp-block-buttons is-content-justification-center is-layout-flex wp-container-core-buttons-is-layout-a89b3969 wp-block-buttons-is-layout-flex\">\n<div class=\"wp-block-button\"><a class=\"wp-block-button__link wp-element-button\" href=\"https:\/\/alta.aero\/safety\/2026\/register-categories\/\">INSCRIPTION<\/a><\/div>\n<\/div>\n","protected":false},"excerpt":{"rendered":"<p>Alors que l\u2019activit\u00e9 a\u00e9rienne continue de se d\u00e9velopper en Am\u00e9rique latine et dans les Cara\u00efbes, les acteurs majeurs du secteur se r\u00e9uniront en Argentine en juin prochain pour aborder l\u2019une des priorit\u00e9s les plus critiques de l\u2019industrie : la s\u00e9curit\u00e9. Le ALTA Aviation Safety, Flight Ops &amp; Training Summit 2026, organis\u00e9 par la Latin American [&hellip;]<\/p>\n","protected":false},"author":5,"featured_media":22078,"comment_status":"open","ping_status":"closed","sticky":false,"template":"","format":"standard","meta":{"footnotes":""},"categories":[97,115],"tags":[],"class_list":["post-22079","post","type-post","status-publish","format-standard","has-post-thumbnail","hentry","category-aviation-fr","category-technologie-et-innovation"],"yoast_head":"<!-- This site is optimized with the Yoast SEO plugin v26.9 - https:\/\/yoast.com\/product\/yoast-seo-wordpress\/ -->\n<title>Les leaders de la s\u00e9curit\u00e9 a\u00e9rienne en Am\u00e9rique latine se r\u00e9uniront \u00e0 Mendoza pour l\u2019ALTA Safety Summit 2026 - LATITUDE 15<\/title>\n<meta name=\"description\" content=\"Le ALTA Aviation Safety, Flight Ops &amp; Training Summit 2026 r\u00e9unira compagnies a\u00e9riennes, r\u00e9gulateurs et experts de l\u2019aviation \u00e0 Mendoza afin d\u2019aborder les enjeux de s\u00e9curit\u00e9, d\u2019op\u00e9rations et de formation dans l\u2019ensemble de l\u2019Am\u00e9rique latine.\" \/>\n<meta name=\"robots\" content=\"index, follow, max-snippet:-1, max-image-preview:large, max-video-preview:-1\" \/>\n<link rel=\"canonical\" href=\"https:\/\/www.latitude-15.com\/fr\/les-leaders-de-la-securite-aerienne-en-amerique-latine-se-reuniront-a-mendoza-pour-lalta-safety-summit-2026\/\" \/>\n<meta property=\"og:locale\" content=\"fr_FR\" \/>\n<meta property=\"og:type\" content=\"article\" \/>\n<meta property=\"og:title\" content=\"Les leaders de la s\u00e9curit\u00e9 a\u00e9rienne en Am\u00e9rique latine se r\u00e9uniront \u00e0 Mendoza pour l\u2019ALTA Safety Summit 2026 - LATITUDE 15\" \/>\n<meta property=\"og:description\" content=\"Le ALTA Aviation Safety, Flight Ops &amp; Training Summit 2026 r\u00e9unira compagnies a\u00e9riennes, r\u00e9gulateurs et experts de l\u2019aviation \u00e0 Mendoza afin d\u2019aborder les enjeux de s\u00e9curit\u00e9, d\u2019op\u00e9rations et de formation dans l\u2019ensemble de l\u2019Am\u00e9rique latine.\" \/>\n<meta property=\"og:url\" content=\"https:\/\/www.latitude-15.com\/fr\/les-leaders-de-la-securite-aerienne-en-amerique-latine-se-reuniront-a-mendoza-pour-lalta-safety-summit-2026\/\" \/>\n<meta property=\"og:site_name\" content=\"LATITUDE 15\" \/>\n<meta property=\"article:published_time\" content=\"2026-03-26T14:40:19+00:00\" \/>\n<meta property=\"article:modified_time\" content=\"2026-03-26T15:08:43+00:00\" \/>\n<meta property=\"og:image\" content=\"https:\/\/www.latitude-15.com\/wp-content\/uploads\/2026\/03\/safety-summit-1024x728.png\" \/>\n\t<meta property=\"og:image:width\" content=\"1024\" \/>\n\t<meta property=\"og:image:height\" content=\"728\" \/>\n\t<meta property=\"og:image:type\" content=\"image\/png\" \/>\n<meta name=\"author\" content=\"Joda J\" \/>\n<meta name=\"twitter:card\" content=\"summary_large_image\" \/>\n<meta name=\"twitter:label1\" content=\"\u00c9crit par\" \/>\n\t<meta name=\"twitter:data1\" content=\"Joda J\" \/>\n\t<meta name=\"twitter:label2\" content=\"Dur\u00e9e de lecture estim\u00e9e\" \/>\n\t<meta name=\"twitter:data2\" content=\"4 minutes\" \/>\n<script type=\"application\/ld+json\" class=\"yoast-schema-graph\">{\"@context\":\"https:\/\/schema.org\",\"@graph\":[{\"@type\":\"Article\",\"@id\":\"https:\/\/www.latitude-15.com\/fr\/les-leaders-de-la-securite-aerienne-en-amerique-latine-se-reuniront-a-mendoza-pour-lalta-safety-summit-2026\/#article\",\"isPartOf\":{\"@id\":\"https:\/\/www.latitude-15.com\/fr\/les-leaders-de-la-securite-aerienne-en-amerique-latine-se-reuniront-a-mendoza-pour-lalta-safety-summit-2026\/\"},\"author\":{\"name\":\"Joda J\",\"@id\":\"https:\/\/www.latitude-15.com\/fr\/#\/schema\/person\/dac52e7ff44c78317f337da112e37252\"},\"headline\":\"Les leaders de la s\u00e9curit\u00e9 a\u00e9rienne en Am\u00e9rique latine se r\u00e9uniront \u00e0 Mendoza pour l\u2019ALTA Safety Summit 2026\",\"datePublished\":\"2026-03-26T14:40:19+00:00\",\"dateModified\":\"2026-03-26T15:08:43+00:00\",\"mainEntityOfPage\":{\"@id\":\"https:\/\/www.latitude-15.com\/fr\/les-leaders-de-la-securite-aerienne-en-amerique-latine-se-reuniront-a-mendoza-pour-lalta-safety-summit-2026\/\"},\"wordCount\":862,\"commentCount\":0,\"publisher\":{\"@id\":\"https:\/\/www.latitude-15.com\/fr\/#organization\"},\"image\":{\"@id\":\"https:\/\/www.latitude-15.com\/fr\/les-leaders-de-la-securite-aerienne-en-amerique-latine-se-reuniront-a-mendoza-pour-lalta-safety-summit-2026\/#primaryimage\"},\"thumbnailUrl\":\"https:\/\/www.latitude-15.com\/wp-content\/uploads\/2026\/03\/safety-summit.png\",\"articleSection\":[\"AVIATION\",\"Technologie et innovation\"],\"inLanguage\":\"fr-FR\",\"potentialAction\":[{\"@type\":\"CommentAction\",\"name\":\"Comment\",\"target\":[\"https:\/\/www.latitude-15.com\/fr\/les-leaders-de-la-securite-aerienne-en-amerique-latine-se-reuniront-a-mendoza-pour-lalta-safety-summit-2026\/#respond\"]}]},{\"@type\":\"WebPage\",\"@id\":\"https:\/\/www.latitude-15.com\/fr\/les-leaders-de-la-securite-aerienne-en-amerique-latine-se-reuniront-a-mendoza-pour-lalta-safety-summit-2026\/\",\"url\":\"https:\/\/www.latitude-15.com\/fr\/les-leaders-de-la-securite-aerienne-en-amerique-latine-se-reuniront-a-mendoza-pour-lalta-safety-summit-2026\/\",\"name\":\"Les leaders de la s\u00e9curit\u00e9 a\u00e9rienne en Am\u00e9rique latine se r\u00e9uniront \u00e0 Mendoza pour l\u2019ALTA Safety Summit 2026 - LATITUDE 15\",\"isPartOf\":{\"@id\":\"https:\/\/www.latitude-15.com\/fr\/#website\"},\"primaryImageOfPage\":{\"@id\":\"https:\/\/www.latitude-15.com\/fr\/les-leaders-de-la-securite-aerienne-en-amerique-latine-se-reuniront-a-mendoza-pour-lalta-safety-summit-2026\/#primaryimage\"},\"image\":{\"@id\":\"https:\/\/www.latitude-15.com\/fr\/les-leaders-de-la-securite-aerienne-en-amerique-latine-se-reuniront-a-mendoza-pour-lalta-safety-summit-2026\/#primaryimage\"},\"thumbnailUrl\":\"https:\/\/www.latitude-15.com\/wp-content\/uploads\/2026\/03\/safety-summit.png\",\"datePublished\":\"2026-03-26T14:40:19+00:00\",\"dateModified\":\"2026-03-26T15:08:43+00:00\",\"description\":\"Le ALTA Aviation Safety, Flight Ops & Training Summit 2026 r\u00e9unira compagnies a\u00e9riennes, r\u00e9gulateurs et experts de l\u2019aviation \u00e0 Mendoza afin d\u2019aborder les enjeux de s\u00e9curit\u00e9, d\u2019op\u00e9rations et de formation dans l\u2019ensemble de l\u2019Am\u00e9rique latine.\",\"breadcrumb\":{\"@id\":\"https:\/\/www.latitude-15.com\/fr\/les-leaders-de-la-securite-aerienne-en-amerique-latine-se-reuniront-a-mendoza-pour-lalta-safety-summit-2026\/#breadcrumb\"},\"inLanguage\":\"fr-FR\",\"potentialAction\":[{\"@type\":\"ReadAction\",\"target\":[\"https:\/\/www.latitude-15.com\/fr\/les-leaders-de-la-securite-aerienne-en-amerique-latine-se-reuniront-a-mendoza-pour-lalta-safety-summit-2026\/\"]}]},{\"@type\":\"ImageObject\",\"inLanguage\":\"fr-FR\",\"@id\":\"https:\/\/www.latitude-15.com\/fr\/les-leaders-de-la-securite-aerienne-en-amerique-latine-se-reuniront-a-mendoza-pour-lalta-safety-summit-2026\/#primaryimage\",\"url\":\"https:\/\/www.latitude-15.com\/wp-content\/uploads\/2026\/03\/safety-summit.png\",\"contentUrl\":\"https:\/\/www.latitude-15.com\/wp-content\/uploads\/2026\/03\/safety-summit.png\",\"width\":1254,\"height\":891},{\"@type\":\"BreadcrumbList\",\"@id\":\"https:\/\/www.latitude-15.com\/fr\/les-leaders-de-la-securite-aerienne-en-amerique-latine-se-reuniront-a-mendoza-pour-lalta-safety-summit-2026\/#breadcrumb\",\"itemListElement\":[{\"@type\":\"ListItem\",\"position\":1,\"name\":\"Home\",\"item\":\"https:\/\/www.latitude-15.com\/fr\/accueil\/\"},{\"@type\":\"ListItem\",\"position\":2,\"name\":\"Les leaders de la s\u00e9curit\u00e9 a\u00e9rienne en Am\u00e9rique latine se r\u00e9uniront \u00e0 Mendoza pour l\u2019ALTA Safety Summit 2026\"}]},{\"@type\":\"WebSite\",\"@id\":\"https:\/\/www.latitude-15.com\/fr\/#website\",\"url\":\"https:\/\/www.latitude-15.com\/fr\/\",\"name\":\"LATITUDE 15\",\"description\":\"Aviation and maritime Magazine - Caribbean &amp; Latin America\",\"publisher\":{\"@id\":\"https:\/\/www.latitude-15.com\/fr\/#organization\"},\"potentialAction\":[{\"@type\":\"SearchAction\",\"target\":{\"@type\":\"EntryPoint\",\"urlTemplate\":\"https:\/\/www.latitude-15.com\/fr\/?s={search_term_string}\"},\"query-input\":{\"@type\":\"PropertyValueSpecification\",\"valueRequired\":true,\"valueName\":\"search_term_string\"}}],\"inLanguage\":\"fr-FR\"},{\"@type\":\"Organization\",\"@id\":\"https:\/\/www.latitude-15.com\/fr\/#organization\",\"name\":\"LATITUDE 15\",\"url\":\"https:\/\/www.latitude-15.com\/fr\/\",\"logo\":{\"@type\":\"ImageObject\",\"inLanguage\":\"fr-FR\",\"@id\":\"https:\/\/www.latitude-15.com\/fr\/#\/schema\/logo\/image\/\",\"url\":\"https:\/\/www.latitude-15.com\/wp-content\/uploads\/2026\/01\/cropped-logox500px.png\",\"contentUrl\":\"https:\/\/www.latitude-15.com\/wp-content\/uploads\/2026\/01\/cropped-logox500px.png\",\"width\":62,\"height\":75,\"caption\":\"LATITUDE 15\"},\"image\":{\"@id\":\"https:\/\/www.latitude-15.com\/fr\/#\/schema\/logo\/image\/\"}},{\"@type\":\"Person\",\"@id\":\"https:\/\/www.latitude-15.com\/fr\/#\/schema\/person\/dac52e7ff44c78317f337da112e37252\",\"name\":\"Joda J\",\"image\":{\"@type\":\"ImageObject\",\"inLanguage\":\"fr-FR\",\"@id\":\"https:\/\/www.latitude-15.com\/fr\/#\/schema\/person\/image\/\",\"url\":\"https:\/\/secure.gravatar.com\/avatar\/6b1feae555e15404b76616f92d931d12b25ac58024f14ccb43d9d3c012e4c4cf?s=96&d=mm&r=g\",\"contentUrl\":\"https:\/\/secure.gravatar.com\/avatar\/6b1feae555e15404b76616f92d931d12b25ac58024f14ccb43d9d3c012e4c4cf?s=96&d=mm&r=g\",\"caption\":\"Joda J\"},\"url\":\"https:\/\/www.latitude-15.com\/fr\/author\/joda\/\"}]}<\/script>\n<!-- \/ Yoast SEO plugin. -->","yoast_head_json":{"title":"Les leaders de la s\u00e9curit\u00e9 a\u00e9rienne en Am\u00e9rique latine se r\u00e9uniront \u00e0 Mendoza pour l\u2019ALTA Safety Summit 2026 - LATITUDE 15","description":"Le ALTA Aviation Safety, Flight Ops & Training Summit 2026 r\u00e9unira compagnies a\u00e9riennes, r\u00e9gulateurs et experts de l\u2019aviation \u00e0 Mendoza afin d\u2019aborder les enjeux de s\u00e9curit\u00e9, d\u2019op\u00e9rations et de formation dans l\u2019ensemble de l\u2019Am\u00e9rique latine.","robots":{"index":"index","follow":"follow","max-snippet":"max-snippet:-1","max-image-preview":"max-image-preview:large","max-video-preview":"max-video-preview:-1"},"canonical":"https:\/\/www.latitude-15.com\/fr\/les-leaders-de-la-securite-aerienne-en-amerique-latine-se-reuniront-a-mendoza-pour-lalta-safety-summit-2026\/","og_locale":"fr_FR","og_type":"article","og_title":"Les leaders de la s\u00e9curit\u00e9 a\u00e9rienne en Am\u00e9rique latine se r\u00e9uniront \u00e0 Mendoza pour l\u2019ALTA Safety Summit 2026 - LATITUDE 15","og_description":"Le ALTA Aviation Safety, Flight Ops & Training Summit 2026 r\u00e9unira compagnies a\u00e9riennes, r\u00e9gulateurs et experts de l\u2019aviation \u00e0 Mendoza afin d\u2019aborder les enjeux de s\u00e9curit\u00e9, d\u2019op\u00e9rations et de formation dans l\u2019ensemble de l\u2019Am\u00e9rique latine.","og_url":"https:\/\/www.latitude-15.com\/fr\/les-leaders-de-la-securite-aerienne-en-amerique-latine-se-reuniront-a-mendoza-pour-lalta-safety-summit-2026\/","og_site_name":"LATITUDE 15","article_published_time":"2026-03-26T14:40:19+00:00","article_modified_time":"2026-03-26T15:08:43+00:00","og_image":[{"width":1024,"height":728,"url":"https:\/\/www.latitude-15.com\/wp-content\/uploads\/2026\/03\/safety-summit-1024x728.png","type":"image\/png"}],"author":"Joda J","twitter_card":"summary_large_image","twitter_misc":{"\u00c9crit par":"Joda J","Dur\u00e9e de lecture estim\u00e9e":"4 minutes"},"schema":{"@context":"https:\/\/schema.org","@graph":[{"@type":"Article","@id":"https:\/\/www.latitude-15.com\/fr\/les-leaders-de-la-securite-aerienne-en-amerique-latine-se-reuniront-a-mendoza-pour-lalta-safety-summit-2026\/#article","isPartOf":{"@id":"https:\/\/www.latitude-15.com\/fr\/les-leaders-de-la-securite-aerienne-en-amerique-latine-se-reuniront-a-mendoza-pour-lalta-safety-summit-2026\/"},"author":{"name":"Joda J","@id":"https:\/\/www.latitude-15.com\/fr\/#\/schema\/person\/dac52e7ff44c78317f337da112e37252"},"headline":"Les leaders de la s\u00e9curit\u00e9 a\u00e9rienne en Am\u00e9rique latine se r\u00e9uniront \u00e0 Mendoza pour l\u2019ALTA Safety Summit 2026","datePublished":"2026-03-26T14:40:19+00:00","dateModified":"2026-03-26T15:08:43+00:00","mainEntityOfPage":{"@id":"https:\/\/www.latitude-15.com\/fr\/les-leaders-de-la-securite-aerienne-en-amerique-latine-se-reuniront-a-mendoza-pour-lalta-safety-summit-2026\/"},"wordCount":862,"commentCount":0,"publisher":{"@id":"https:\/\/www.latitude-15.com\/fr\/#organization"},"image":{"@id":"https:\/\/www.latitude-15.com\/fr\/les-leaders-de-la-securite-aerienne-en-amerique-latine-se-reuniront-a-mendoza-pour-lalta-safety-summit-2026\/#primaryimage"},"thumbnailUrl":"https:\/\/www.latitude-15.com\/wp-content\/uploads\/2026\/03\/safety-summit.png","articleSection":["AVIATION","Technologie et innovation"],"inLanguage":"fr-FR","potentialAction":[{"@type":"CommentAction","name":"Comment","target":["https:\/\/www.latitude-15.com\/fr\/les-leaders-de-la-securite-aerienne-en-amerique-latine-se-reuniront-a-mendoza-pour-lalta-safety-summit-2026\/#respond"]}]},{"@type":"WebPage","@id":"https:\/\/www.latitude-15.com\/fr\/les-leaders-de-la-securite-aerienne-en-amerique-latine-se-reuniront-a-mendoza-pour-lalta-safety-summit-2026\/","url":"https:\/\/www.latitude-15.com\/fr\/les-leaders-de-la-securite-aerienne-en-amerique-latine-se-reuniront-a-mendoza-pour-lalta-safety-summit-2026\/","name":"Les leaders de la s\u00e9curit\u00e9 a\u00e9rienne en Am\u00e9rique latine se r\u00e9uniront \u00e0 Mendoza pour l\u2019ALTA Safety Summit 2026 - LATITUDE 15","isPartOf":{"@id":"https:\/\/www.latitude-15.com\/fr\/#website"},"primaryImageOfPage":{"@id":"https:\/\/www.latitude-15.com\/fr\/les-leaders-de-la-securite-aerienne-en-amerique-latine-se-reuniront-a-mendoza-pour-lalta-safety-summit-2026\/#primaryimage"},"image":{"@id":"https:\/\/www.latitude-15.com\/fr\/les-leaders-de-la-securite-aerienne-en-amerique-latine-se-reuniront-a-mendoza-pour-lalta-safety-summit-2026\/#primaryimage"},"thumbnailUrl":"https:\/\/www.latitude-15.com\/wp-content\/uploads\/2026\/03\/safety-summit.png","datePublished":"2026-03-26T14:40:19+00:00","dateModified":"2026-03-26T15:08:43+00:00","description":"Le ALTA Aviation Safety, Flight Ops & Training Summit 2026 r\u00e9unira compagnies a\u00e9riennes, r\u00e9gulateurs et experts de l\u2019aviation \u00e0 Mendoza afin d\u2019aborder les enjeux de s\u00e9curit\u00e9, d\u2019op\u00e9rations et de formation dans l\u2019ensemble de l\u2019Am\u00e9rique latine.","breadcrumb":{"@id":"https:\/\/www.latitude-15.com\/fr\/les-leaders-de-la-securite-aerienne-en-amerique-latine-se-reuniront-a-mendoza-pour-lalta-safety-summit-2026\/#breadcrumb"},"inLanguage":"fr-FR","potentialAction":[{"@type":"ReadAction","target":["https:\/\/www.latitude-15.com\/fr\/les-leaders-de-la-securite-aerienne-en-amerique-latine-se-reuniront-a-mendoza-pour-lalta-safety-summit-2026\/"]}]},{"@type":"ImageObject","inLanguage":"fr-FR","@id":"https:\/\/www.latitude-15.com\/fr\/les-leaders-de-la-securite-aerienne-en-amerique-latine-se-reuniront-a-mendoza-pour-lalta-safety-summit-2026\/#primaryimage","url":"https:\/\/www.latitude-15.com\/wp-content\/uploads\/2026\/03\/safety-summit.png","contentUrl":"https:\/\/www.latitude-15.com\/wp-content\/uploads\/2026\/03\/safety-summit.png","width":1254,"height":891},{"@type":"BreadcrumbList","@id":"https:\/\/www.latitude-15.com\/fr\/les-leaders-de-la-securite-aerienne-en-amerique-latine-se-reuniront-a-mendoza-pour-lalta-safety-summit-2026\/#breadcrumb","itemListElement":[{"@type":"ListItem","position":1,"name":"Home","item":"https:\/\/www.latitude-15.com\/fr\/accueil\/"},{"@type":"ListItem","position":2,"name":"Les leaders de la s\u00e9curit\u00e9 a\u00e9rienne en Am\u00e9rique latine se r\u00e9uniront \u00e0 Mendoza pour l\u2019ALTA Safety Summit 2026"}]},{"@type":"WebSite","@id":"https:\/\/www.latitude-15.com\/fr\/#website","url":"https:\/\/www.latitude-15.com\/fr\/","name":"LATITUDE 15","description":"Aviation and maritime Magazine - Caribbean &amp; Latin America","publisher":{"@id":"https:\/\/www.latitude-15.com\/fr\/#organization"},"potentialAction":[{"@type":"SearchAction","target":{"@type":"EntryPoint","urlTemplate":"https:\/\/www.latitude-15.com\/fr\/?s={search_term_string}"},"query-input":{"@type":"PropertyValueSpecification","valueRequired":true,"valueName":"search_term_string"}}],"inLanguage":"fr-FR"},{"@type":"Organization","@id":"https:\/\/www.latitude-15.com\/fr\/#organization","name":"LATITUDE 15","url":"https:\/\/www.latitude-15.com\/fr\/","logo":{"@type":"ImageObject","inLanguage":"fr-FR","@id":"https:\/\/www.latitude-15.com\/fr\/#\/schema\/logo\/image\/","url":"https:\/\/www.latitude-15.com\/wp-content\/uploads\/2026\/01\/cropped-logox500px.png","contentUrl":"https:\/\/www.latitude-15.com\/wp-content\/uploads\/2026\/01\/cropped-logox500px.png","width":62,"height":75,"caption":"LATITUDE 15"},"image":{"@id":"https:\/\/www.latitude-15.com\/fr\/#\/schema\/logo\/image\/"}},{"@type":"Person","@id":"https:\/\/www.latitude-15.com\/fr\/#\/schema\/person\/dac52e7ff44c78317f337da112e37252","name":"Joda J","image":{"@type":"ImageObject","inLanguage":"fr-FR","@id":"https:\/\/www.latitude-15.com\/fr\/#\/schema\/person\/image\/","url":"https:\/\/secure.gravatar.com\/avatar\/6b1feae555e15404b76616f92d931d12b25ac58024f14ccb43d9d3c012e4c4cf?s=96&d=mm&r=g","contentUrl":"https:\/\/secure.gravatar.com\/avatar\/6b1feae555e15404b76616f92d931d12b25ac58024f14ccb43d9d3c012e4c4cf?s=96&d=mm&r=g","caption":"Joda J"},"url":"https:\/\/www.latitude-15.com\/fr\/author\/joda\/"}]}},"_links":{"self":[{"href":"https:\/\/www.latitude-15.com\/fr\/wp-json\/wp\/v2\/posts\/22079","targetHints":{"allow":["GET"]}}],"collection":[{"href":"https:\/\/www.latitude-15.com\/fr\/wp-json\/wp\/v2\/posts"}],"about":[{"href":"https:\/\/www.latitude-15.com\/fr\/wp-json\/wp\/v2\/types\/post"}],"author":[{"embeddable":true,"href":"https:\/\/www.latitude-15.com\/fr\/wp-json\/wp\/v2\/users\/5"}],"replies":[{"embeddable":true,"href":"https:\/\/www.latitude-15.com\/fr\/wp-json\/wp\/v2\/comments?post=22079"}],"version-history":[{"count":1,"href":"https:\/\/www.latitude-15.com\/fr\/wp-json\/wp\/v2\/posts\/22079\/revisions"}],"predecessor-version":[{"id":22080,"href":"https:\/\/www.latitude-15.com\/fr\/wp-json\/wp\/v2\/posts\/22079\/revisions\/22080"}],"wp:featuredmedia":[{"embeddable":true,"href":"https:\/\/www.latitude-15.com\/fr\/wp-json\/wp\/v2\/media\/22078"}],"wp:attachment":[{"href":"https:\/\/www.latitude-15.com\/fr\/wp-json\/wp\/v2\/media?parent=22079"}],"wp:term":[{"taxonomy":"category","embeddable":true,"href":"https:\/\/www.latitude-15.com\/fr\/wp-json\/wp\/v2\/categories?post=22079"},{"taxonomy":"post_tag","embeddable":true,"href":"https:\/\/www.latitude-15.com\/fr\/wp-json\/wp\/v2\/tags?post=22079"}],"curies":[{"name":"wp","href":"https:\/\/api.w.org\/{rel}","templated":true}]}}