{"id":21964,"date":"2026-03-23T11:48:02","date_gmt":"2026-03-23T15:48:02","guid":{"rendered":"https:\/\/www.latitude-15.com\/laeroport-de-quito-combine-croissance-et-excellence-de-service-pour-conserver-son-titre-regional-skytrax\/"},"modified":"2026-03-23T23:45:06","modified_gmt":"2026-03-24T03:45:06","slug":"laeroport-de-quito-combine-croissance-et-excellence-de-service-pour-conserver-son-titre-regional-skytrax","status":"publish","type":"post","link":"https:\/\/www.latitude-15.com\/fr\/laeroport-de-quito-combine-croissance-et-excellence-de-service-pour-conserver-son-titre-regional-skytrax\/","title":{"rendered":"L\u2019a\u00e9roport de Quito combine croissance et excellence de service pour conserver son titre r\u00e9gional Skytrax"},"content":{"rendered":"\n<p>L\u2019a\u00e9roport international Mariscal Sucre de Quito a une nouvelle fois \u00e9t\u00e9 d\u00e9sign\u00e9 Meilleur a\u00e9roport r\u00e9gional d\u2019Am\u00e9rique du Sud, marquant la 11\u1d49 ann\u00e9e cons\u00e9cutive durant laquelle la plateforme \u00e9quatorienne occupe la premi\u00e8re place de sa cat\u00e9gorie. Cette distinction, remise lors des Skytrax World Airport Awards, renforce la r\u00e9putation de l\u2019a\u00e9roport comme l\u2019un des acteurs les plus constants de la r\u00e9gion en mati\u00e8re d\u2019exp\u00e9rience passagers, d\u2019efficacit\u00e9 op\u00e9rationnelle et de qualit\u00e9 de service. <\/p>\n\n<p>Fond\u00e9s sur l\u2019\u00e9valuation directe de millions de voyageurs \u00e0 travers le monde, les prix Skytrax sont largement consid\u00e9r\u00e9s comme la reconnaissance la plus prestigieuse de l\u2019industrie a\u00e9roportuaire mondiale. Pour l\u2019a\u00e9roport de Quito, conserver cette position de leader pendant plus d\u2019une d\u00e9cennie illustre l\u2019efficacit\u00e9 de la strat\u00e9gie de long terme mise en \u0153uvre par Corporaci\u00f3n Quiport, l\u2019op\u00e9rateur priv\u00e9 charg\u00e9 de la gestion de la plateforme. <\/p>\n\n<p>Dans l\u2019\u00e9dition 2026 des prix, l\u2019a\u00e9roport a \u00e9galement re\u00e7u le titre de Cleanest Airport in South America, soulignant l\u2019importance accord\u00e9e aux standards op\u00e9rationnels et au confort des passagers. Quito s\u2019est \u00e9galement class\u00e9 troisi\u00e8me dans la cat\u00e9gorie Best Airport Staff in South America et quatri\u00e8me au niveau mondial parmi les a\u00e9roports accueillant entre cinq et dix millions de passagers par an. En compl\u00e9ment de ces distinctions, le Wyndham Quito Airport Hotel a \u00e9t\u00e9 d\u00e9sign\u00e9 Best Airport Hotel in South America, renfor\u00e7ant l\u2019image globale de qualit\u00e9 de l\u2019\u00e9cosyst\u00e8me a\u00e9roportuaire.  <\/p>\n\n<p>Selon Ram\u00f3n Mir\u00f3, Pr\u00e9sident et CEO de Quiport, cette reconnaissance refl\u00e8te le travail collectif de l\u2019ensemble de la communaut\u00e9 a\u00e9roportuaire :<br\/>\u00ab Cette r\u00e9ussite est le r\u00e9sultat du travail collaboratif de toute la communaut\u00e9 a\u00e9roportuaire. Chaque op\u00e9ration, chaque service et chaque interaction avec les passagers comptent \u00bb, a-t-il d\u00e9clar\u00e9, soulignant que ce prix confirme l\u2019engagement de long terme de Quiport \u00e0 maintenir des standards \u00e9lev\u00e9s de service et d\u2019exploitation sur la principale porte d\u2019entr\u00e9e internationale de l\u2019\u00c9quateur. <\/p>\n\n<figure class=\"wp-block-image aligncenter size-large\"><img fetchpriority=\"high\" decoding=\"async\" width=\"1024\" height=\"576\" src=\"https:\/\/www.latitude-15.com\/wp-content\/uploads\/2026\/03\/UIO_BestRgnl-S-America-1024x576.jpg\" alt=\"\" class=\"wp-image-21944\" srcset=\"https:\/\/www.latitude-15.com\/wp-content\/uploads\/2026\/03\/UIO_BestRgnl-S-America-1024x576.jpg 1024w, https:\/\/www.latitude-15.com\/wp-content\/uploads\/2026\/03\/UIO_BestRgnl-S-America-300x169.jpg 300w, https:\/\/www.latitude-15.com\/wp-content\/uploads\/2026\/03\/UIO_BestRgnl-S-America-768x432.jpg 768w, https:\/\/www.latitude-15.com\/wp-content\/uploads\/2026\/03\/UIO_BestRgnl-S-America.jpg 1200w\" sizes=\"(max-width: 1024px) 100vw, 1024px\" \/><figcaption class=\"wp-element-caption\"><em>M. Ram\u00f3n Mir\u00f3 (\u00e0 droite), PDG de l\u2019a\u00e9roport Mariscal Sucre de Quito, est nomm\u00e9 Meilleur a\u00e9roport r\u00e9gional d\u2019Am\u00e9rique du Sud 2025 &#8211; (c) Skytrax<\/em><\/figcaption><\/figure>\n\n<h2 class=\"wp-block-heading\">11 ann\u00e9es de leadership r\u00e9gional<\/h2>\n\n<p>Maintenir la premi\u00e8re place r\u00e9gionale pendant plus d\u2019une d\u00e9cennie constitue une performance remarquable dans un paysage a\u00e9rien sud-am\u00e9ricain de plus en plus concurrentiel. Les Skytrax World Airport Awards, souvent consid\u00e9r\u00e9s comme la r\u00e9f\u00e9rence mondiale en mati\u00e8re de qualit\u00e9 a\u00e9roportuaire, reposent sur des enqu\u00eates approfondies aupr\u00e8s des passagers \u00e9valuant l\u2019ensemble du parcours a\u00e9roportuaire \u2014 de l\u2019enregistrement et des contr\u00f4les de s\u00e9curit\u00e9 \u00e0 la propret\u00e9, au service du personnel et \u00e0 l\u2019exp\u00e9rience globale de voyage. <\/p>\n\n<p>Pour l\u2019a\u00e9roport de Quito, cette onzi\u00e8me distinction cons\u00e9cutive confirme une strat\u00e9gie durable centr\u00e9e sur l\u2019excellence de service et la fiabilit\u00e9 op\u00e9rationnelle. Au-del\u00e0 du prix principal, les bonnes performances dans plusieurs cat\u00e9gories d\u00e9montrent la capacit\u00e9 de l\u2019a\u00e9roport \u00e0 rivaliser avec des hubs plus importants de la r\u00e9gion, malgr\u00e9 une activit\u00e9 situ\u00e9e dans le segment des 5 \u00e0 10 millions de passagers. <\/p>\n\n<h2 class=\"wp-block-heading\">Une expansion des infrastructures pour soutenir la croissance future<\/h2>\n\n<p>Derri\u00e8re ces distinctions se trouve une strat\u00e9gie plus large fond\u00e9e sur l\u2019investissement dans les infrastructures et la modernisation op\u00e9rationnelle. En 2025, l\u2019a\u00e9roport de Quito a achev\u00e9 un important projet d\u2019expansion repr\u00e9sentant un investissement de 74,2 millions de dollars, enti\u00e8rement financ\u00e9 par les ressources propres de Quiport. <\/p>\n\n<p>L\u2019extension a ajout\u00e9 17 647 m\u00b2 au terminal passagers et 35 000 m\u00b2 aux aires de stationnement des avions, augmentant significativement la capacit\u00e9 de l\u2019a\u00e9roport \u00e0 absorber la croissance du trafic.<br\/>Le projet comprend \u00e9galement : de nouvelles zones d\u00e9di\u00e9es aux arriv\u00e9es et d\u00e9parts internationaux, l\u2019am\u00e9lioration du syst\u00e8me de traitement des bagages et une reconfiguration de la zone douani\u00e8re afin de fluidifier les flux passagers <\/p>\n\n<p>De nouvelles installations ont aussi \u00e9t\u00e9 d\u00e9velopp\u00e9es dans le terminal, notamment : des espaces commerciaux suppl\u00e9mentaires, 20 nouveaux comptoirs d\u2019enregistrement et 12 bornes d\u2019enregistrement en libre-service.<br\/>Le confort des passagers a \u00e9t\u00e9 renforc\u00e9 gr\u00e2ce \u00e0 la cr\u00e9ation d\u2019un salon de pr\u00e9-embarquement pouvant accueillir 350 voyageurs. Par ailleurs, l\u2019extension du salon VIP international, dont l\u2019ach\u00e8vement est pr\u00e9vu en 2026, viendra renforcer l\u2019offre de services premium. <\/p>\n\n<p>Au total, cette expansion porte la capacit\u00e9 annuelle de l\u2019a\u00e9roport de 5 millions \u00e0 7 millions de passagers, permettant \u00e0 la plateforme de soutenir la croissance future du secteur a\u00e9rien \u00e9quatorien.<\/p>\n\n<h2 class=\"wp-block-heading\">Efficacit\u00e9 op\u00e9rationnelle et exp\u00e9rience passagers<\/h2>\n\n<p>Parall\u00e8lement aux am\u00e9liorations infrastructurelles, l\u2019a\u00e9roport a introduit de nouvelles technologies visant \u00e0 am\u00e9liorer l\u2019efficacit\u00e9 op\u00e9rationnelle et l\u2019exp\u00e9rience des voyageurs. L\u2019une des innovations les plus significatives est le d\u00e9ploiement de portes biom\u00e9triques dans la zone de d\u00e9part international, permettant aux voyageurs \u00e9quatoriens \u00e2g\u00e9s de plus de 18 ans de passer plus rapidement les contr\u00f4les d\u2019immigration lorsqu\u2019ils se rendent dans des destinations d\u2019Am\u00e9rique du Sud ne n\u00e9cessitant pas de visa. <\/p>\n\n<p>Ces \u00e9volutions technologiques s\u2019inscrivent dans la strat\u00e9gie globale de l\u2019a\u00e9roport visant \u00e0 aligner ses op\u00e9rations sur les standards internationaux, tout en r\u00e9duisant les temps de traitement et en am\u00e9liorant le parcours passager.<\/p>\n\n<h2 class=\"wp-block-heading\">Croissance du trafic et expansion de la connectivit\u00e9 a\u00e9rienne<\/h2>\n\n<p>Les r\u00e9sultats op\u00e9rationnels de 2025 confirment la trajectoire de reprise et de croissance de l\u2019a\u00e9roport. Au total, 5,4 millions de passagers ont transit\u00e9 par l\u2019a\u00e9roport de Quito au cours de l\u2019ann\u00e9e, contre 5,3 millions en 2024. <\/p>\n\n<p>Si les premiers mois de l\u2019ann\u00e9e ont \u00e9t\u00e9 marqu\u00e9s par une certaine incertitude li\u00e9e au cycle \u00e9lectoral \u00e9quatorien, le trafic a commenc\u00e9 \u00e0 se redresser \u00e0 partir du mois de mai, permettant de cl\u00f4turer l\u2019ann\u00e9e sur une performance globale positive.<\/p>\n\n<p>La connectivit\u00e9 a\u00e9rienne s\u2019est \u00e9galement renforc\u00e9e. En 2025, 12 compagnies a\u00e9riennes ont exploit\u00e9 des vols reliant Quito \u00e0 8 destinations domestiques et 14 destinations internationales, confirmant le r\u00f4le central de l\u2019a\u00e9roport dans la connectivit\u00e9 internationale de l\u2019\u00c9quateur. <\/p>\n\n<p>Parmi les \u00e9volutions marquantes figure le lancement de la liaison Quito\u2013Madrid op\u00e9r\u00e9e par Air Europa, renfor\u00e7ant la connectivit\u00e9 directe avec l\u2019Europe. Par ailleurs, Aerom\u00e9xico a annonc\u00e9 la reprise des vols entre Quito et Mexico, avec un d\u00e9but d\u2019exploitation pr\u00e9vu en mars 2026, \u00e9largissant les options de voyage entre l\u2019\u00c9quateur et l\u2019Am\u00e9rique du Nord. <\/p>\n\n<p>Des augmentations de fr\u00e9quences ont \u00e9galement \u00e9t\u00e9 introduites sur plusieurs routes cl\u00e9s, notamment : New York, Panama City, Bogot\u00e1, Lima, Houston. Ces \u00e9volutions ont permis d\u2019augmenter l\u2019offre de si\u00e8ges et d\u2019am\u00e9liorer la connectivit\u00e9 pour les voyages d\u2019affaires comme pour le tourisme.<\/p>\n\n<h2 class=\"wp-block-heading\">Quito renforce son r\u00f4le de hub r\u00e9gional du fret a\u00e9rien<\/h2>\n\n<p>Au-del\u00e0 du trafic passagers, l\u2019a\u00e9roport de Quito a \u00e9galement consolid\u00e9 sa position comme plateforme logistique strat\u00e9gique pour les exportations \u00e9quatoriennes. Les volumes cargo ont fortement progress\u00e9, passant de 364 000 tonnes en 2024 \u00e0 407 000 tonnes en 2025. <\/p>\n\n<p>Aujourd\u2019hui, 16 compagnies a\u00e9riennes cargo op\u00e8rent \u00e0 l\u2019a\u00e9roport, soutenant un \u00e9cosyst\u00e8me logistique largement port\u00e9 par le secteur floricole \u00e9quatorien, reconnu mondialement. En effet, 93 % des exportations cargo trait\u00e9es \u00e0 Quito concernent des fleurs, faisant de l\u2019a\u00e9roport un maillon essentiel pour l\u2019une des principales industries exportatrices du pays. <\/p>\n\n<p>Gr\u00e2ce \u00e0 cette performance, l\u2019a\u00e9roport de Quito se classe d\u00e9sormais cinqui\u00e8me hub cargo d\u2019Am\u00e9rique latine et des Cara\u00efbes, selon les classements publi\u00e9s par ACI-LAC.<\/p>\n\n<h2 class=\"wp-block-heading\">Renforcer la place de l\u2019\u00c9quateur dans l\u2019aviation internationale<\/h2>\n\n<p>Pris dans leur ensemble, ces d\u00e9veloppements illustrent la transformation de l\u2019a\u00e9roport Mariscal Sucre de Quito en une plateforme a\u00e9rienne moderne et comp\u00e9titive. Gr\u00e2ce \u00e0 des investissements soutenus dans les infrastructures, \u00e0 l\u2019am\u00e9lioration de l\u2019exp\u00e9rience passagers, \u00e0 l\u2019expansion de la connectivit\u00e9 a\u00e9rienne et \u00e0 la croissance des volumes cargo, l\u2019a\u00e9roport renforce son r\u00f4le strat\u00e9gique dans le r\u00e9seau r\u00e9gional de transport a\u00e9rien. <\/p>\n\n<p>Au-del\u00e0 de la plateforme elle-m\u00eame, ces progr\u00e8s contribuent \u00e9galement \u00e0 renforcer le positionnement international de l\u2019\u00c9quateur dans l\u2019aviation mondiale, en soutenant le d\u00e9veloppement du tourisme, en facilitant la logistique des exportations et en am\u00e9liorant la connectivit\u00e9 du pays avec les march\u00e9s internationaux.<\/p>\n","protected":false},"excerpt":{"rendered":"<p>L\u2019a\u00e9roport international Mariscal Sucre de Quito a une nouvelle fois \u00e9t\u00e9 d\u00e9sign\u00e9 Meilleur a\u00e9roport r\u00e9gional d\u2019Am\u00e9rique du Sud, marquant la 11\u1d49 ann\u00e9e cons\u00e9cutive durant laquelle la plateforme \u00e9quatorienne occupe la premi\u00e8re place de sa cat\u00e9gorie. Cette distinction, remise lors des Skytrax World Airport Awards, renforce la r\u00e9putation de l\u2019a\u00e9roport comme l\u2019un des acteurs les plus [&hellip;]<\/p>\n","protected":false},"author":5,"featured_media":21963,"comment_status":"open","ping_status":"closed","sticky":false,"template":"","format":"standard","meta":{"footnotes":""},"categories":[103,97],"tags":[],"class_list":["post-21964","post","type-post","status-publish","format-standard","has-post-thumbnail","hentry","category-aeroports-infrastructures","category-aviation-fr"],"yoast_head":"<!-- This site is optimized with the Yoast SEO plugin v26.9 - https:\/\/yoast.com\/product\/yoast-seo-wordpress\/ -->\n<title>L\u2019a\u00e9roport de Quito combine croissance et excellence de service pour conserver son titre r\u00e9gional Skytrax - LATITUDE 15<\/title>\n<meta name=\"description\" content=\"A\u00e9roport de Quito : meilleur a\u00e9roport r\u00e9gional d\u2019Am\u00e9rique du Sud pour la 11e ann\u00e9e cons\u00e9cutive, soulignant son expansion et la qualit\u00e9 de ses services\" \/>\n<meta name=\"robots\" content=\"index, follow, max-snippet:-1, max-image-preview:large, max-video-preview:-1\" \/>\n<link rel=\"canonical\" href=\"https:\/\/www.latitude-15.com\/fr\/laeroport-de-quito-combine-croissance-et-excellence-de-service-pour-conserver-son-titre-regional-skytrax\/\" \/>\n<meta property=\"og:locale\" content=\"fr_FR\" \/>\n<meta property=\"og:type\" content=\"article\" \/>\n<meta property=\"og:title\" content=\"L\u2019a\u00e9roport de Quito combine croissance et excellence de service pour conserver son titre r\u00e9gional Skytrax - LATITUDE 15\" \/>\n<meta property=\"og:description\" content=\"A\u00e9roport de Quito : meilleur a\u00e9roport r\u00e9gional d\u2019Am\u00e9rique du Sud pour la 11e ann\u00e9e cons\u00e9cutive, soulignant son expansion et la qualit\u00e9 de ses services\" \/>\n<meta property=\"og:url\" content=\"https:\/\/www.latitude-15.com\/fr\/laeroport-de-quito-combine-croissance-et-excellence-de-service-pour-conserver-son-titre-regional-skytrax\/\" \/>\n<meta property=\"og:site_name\" content=\"LATITUDE 15\" \/>\n<meta property=\"article:published_time\" content=\"2026-03-23T15:48:02+00:00\" \/>\n<meta property=\"article:modified_time\" content=\"2026-03-24T03:45:06+00:00\" \/>\n<meta property=\"og:image\" content=\"https:\/\/www.latitude-15.com\/wp-content\/uploads\/2026\/03\/DSC04707-scaled-1.jpg\" \/>\n\t<meta property=\"og:image:width\" content=\"2560\" \/>\n\t<meta property=\"og:image:height\" content=\"1753\" \/>\n\t<meta property=\"og:image:type\" content=\"image\/jpeg\" \/>\n<meta name=\"author\" content=\"Joda J\" \/>\n<meta name=\"twitter:card\" content=\"summary_large_image\" \/>\n<meta name=\"twitter:label1\" content=\"\u00c9crit par\" \/>\n\t<meta name=\"twitter:data1\" content=\"Joda J\" \/>\n\t<meta name=\"twitter:label2\" content=\"Dur\u00e9e de lecture estim\u00e9e\" \/>\n\t<meta name=\"twitter:data2\" content=\"7 minutes\" \/>\n<script type=\"application\/ld+json\" class=\"yoast-schema-graph\">{\"@context\":\"https:\/\/schema.org\",\"@graph\":[{\"@type\":\"Article\",\"@id\":\"https:\/\/www.latitude-15.com\/fr\/laeroport-de-quito-combine-croissance-et-excellence-de-service-pour-conserver-son-titre-regional-skytrax\/#article\",\"isPartOf\":{\"@id\":\"https:\/\/www.latitude-15.com\/fr\/laeroport-de-quito-combine-croissance-et-excellence-de-service-pour-conserver-son-titre-regional-skytrax\/\"},\"author\":{\"name\":\"Joda J\",\"@id\":\"https:\/\/www.latitude-15.com\/fr\/#\/schema\/person\/dac52e7ff44c78317f337da112e37252\"},\"headline\":\"L\u2019a\u00e9roport de Quito combine croissance et excellence de service pour conserver son titre r\u00e9gional Skytrax\",\"datePublished\":\"2026-03-23T15:48:02+00:00\",\"dateModified\":\"2026-03-24T03:45:06+00:00\",\"mainEntityOfPage\":{\"@id\":\"https:\/\/www.latitude-15.com\/fr\/laeroport-de-quito-combine-croissance-et-excellence-de-service-pour-conserver-son-titre-regional-skytrax\/\"},\"wordCount\":1455,\"commentCount\":0,\"publisher\":{\"@id\":\"https:\/\/www.latitude-15.com\/fr\/#organization\"},\"image\":{\"@id\":\"https:\/\/www.latitude-15.com\/fr\/laeroport-de-quito-combine-croissance-et-excellence-de-service-pour-conserver-son-titre-regional-skytrax\/#primaryimage\"},\"thumbnailUrl\":\"https:\/\/www.latitude-15.com\/wp-content\/uploads\/2026\/03\/DSC04707-scaled-1.jpg\",\"articleSection\":[\"A\u00e9roports et infrastructures\",\"AVIATION\"],\"inLanguage\":\"fr-FR\",\"potentialAction\":[{\"@type\":\"CommentAction\",\"name\":\"Comment\",\"target\":[\"https:\/\/www.latitude-15.com\/fr\/laeroport-de-quito-combine-croissance-et-excellence-de-service-pour-conserver-son-titre-regional-skytrax\/#respond\"]}]},{\"@type\":\"WebPage\",\"@id\":\"https:\/\/www.latitude-15.com\/fr\/laeroport-de-quito-combine-croissance-et-excellence-de-service-pour-conserver-son-titre-regional-skytrax\/\",\"url\":\"https:\/\/www.latitude-15.com\/fr\/laeroport-de-quito-combine-croissance-et-excellence-de-service-pour-conserver-son-titre-regional-skytrax\/\",\"name\":\"L\u2019a\u00e9roport de Quito combine croissance et excellence de service pour conserver son titre r\u00e9gional Skytrax - LATITUDE 15\",\"isPartOf\":{\"@id\":\"https:\/\/www.latitude-15.com\/fr\/#website\"},\"primaryImageOfPage\":{\"@id\":\"https:\/\/www.latitude-15.com\/fr\/laeroport-de-quito-combine-croissance-et-excellence-de-service-pour-conserver-son-titre-regional-skytrax\/#primaryimage\"},\"image\":{\"@id\":\"https:\/\/www.latitude-15.com\/fr\/laeroport-de-quito-combine-croissance-et-excellence-de-service-pour-conserver-son-titre-regional-skytrax\/#primaryimage\"},\"thumbnailUrl\":\"https:\/\/www.latitude-15.com\/wp-content\/uploads\/2026\/03\/DSC04707-scaled-1.jpg\",\"datePublished\":\"2026-03-23T15:48:02+00:00\",\"dateModified\":\"2026-03-24T03:45:06+00:00\",\"description\":\"A\u00e9roport de Quito : meilleur a\u00e9roport r\u00e9gional d\u2019Am\u00e9rique du Sud pour la 11e ann\u00e9e cons\u00e9cutive, soulignant son expansion et la qualit\u00e9 de ses services\",\"breadcrumb\":{\"@id\":\"https:\/\/www.latitude-15.com\/fr\/laeroport-de-quito-combine-croissance-et-excellence-de-service-pour-conserver-son-titre-regional-skytrax\/#breadcrumb\"},\"inLanguage\":\"fr-FR\",\"potentialAction\":[{\"@type\":\"ReadAction\",\"target\":[\"https:\/\/www.latitude-15.com\/fr\/laeroport-de-quito-combine-croissance-et-excellence-de-service-pour-conserver-son-titre-regional-skytrax\/\"]}]},{\"@type\":\"ImageObject\",\"inLanguage\":\"fr-FR\",\"@id\":\"https:\/\/www.latitude-15.com\/fr\/laeroport-de-quito-combine-croissance-et-excellence-de-service-pour-conserver-son-titre-regional-skytrax\/#primaryimage\",\"url\":\"https:\/\/www.latitude-15.com\/wp-content\/uploads\/2026\/03\/DSC04707-scaled-1.jpg\",\"contentUrl\":\"https:\/\/www.latitude-15.com\/wp-content\/uploads\/2026\/03\/DSC04707-scaled-1.jpg\",\"width\":2560,\"height\":1753},{\"@type\":\"BreadcrumbList\",\"@id\":\"https:\/\/www.latitude-15.com\/fr\/laeroport-de-quito-combine-croissance-et-excellence-de-service-pour-conserver-son-titre-regional-skytrax\/#breadcrumb\",\"itemListElement\":[{\"@type\":\"ListItem\",\"position\":1,\"name\":\"Home\",\"item\":\"https:\/\/www.latitude-15.com\/fr\/accueil\/\"},{\"@type\":\"ListItem\",\"position\":2,\"name\":\"L\u2019a\u00e9roport de Quito combine croissance et excellence de service pour conserver son titre r\u00e9gional Skytrax\"}]},{\"@type\":\"WebSite\",\"@id\":\"https:\/\/www.latitude-15.com\/fr\/#website\",\"url\":\"https:\/\/www.latitude-15.com\/fr\/\",\"name\":\"LATITUDE 15\",\"description\":\"Aviation and maritime Magazine - Caribbean &amp; Latin America\",\"publisher\":{\"@id\":\"https:\/\/www.latitude-15.com\/fr\/#organization\"},\"potentialAction\":[{\"@type\":\"SearchAction\",\"target\":{\"@type\":\"EntryPoint\",\"urlTemplate\":\"https:\/\/www.latitude-15.com\/fr\/?s={search_term_string}\"},\"query-input\":{\"@type\":\"PropertyValueSpecification\",\"valueRequired\":true,\"valueName\":\"search_term_string\"}}],\"inLanguage\":\"fr-FR\"},{\"@type\":\"Organization\",\"@id\":\"https:\/\/www.latitude-15.com\/fr\/#organization\",\"name\":\"LATITUDE 15\",\"url\":\"https:\/\/www.latitude-15.com\/fr\/\",\"logo\":{\"@type\":\"ImageObject\",\"inLanguage\":\"fr-FR\",\"@id\":\"https:\/\/www.latitude-15.com\/fr\/#\/schema\/logo\/image\/\",\"url\":\"https:\/\/www.latitude-15.com\/wp-content\/uploads\/2026\/01\/cropped-logox500px.png\",\"contentUrl\":\"https:\/\/www.latitude-15.com\/wp-content\/uploads\/2026\/01\/cropped-logox500px.png\",\"width\":62,\"height\":75,\"caption\":\"LATITUDE 15\"},\"image\":{\"@id\":\"https:\/\/www.latitude-15.com\/fr\/#\/schema\/logo\/image\/\"}},{\"@type\":\"Person\",\"@id\":\"https:\/\/www.latitude-15.com\/fr\/#\/schema\/person\/dac52e7ff44c78317f337da112e37252\",\"name\":\"Joda J\",\"image\":{\"@type\":\"ImageObject\",\"inLanguage\":\"fr-FR\",\"@id\":\"https:\/\/www.latitude-15.com\/fr\/#\/schema\/person\/image\/\",\"url\":\"https:\/\/secure.gravatar.com\/avatar\/6b1feae555e15404b76616f92d931d12b25ac58024f14ccb43d9d3c012e4c4cf?s=96&d=mm&r=g\",\"contentUrl\":\"https:\/\/secure.gravatar.com\/avatar\/6b1feae555e15404b76616f92d931d12b25ac58024f14ccb43d9d3c012e4c4cf?s=96&d=mm&r=g\",\"caption\":\"Joda J\"},\"url\":\"https:\/\/www.latitude-15.com\/fr\/author\/joda\/\"}]}<\/script>\n<!-- \/ Yoast SEO plugin. -->","yoast_head_json":{"title":"L\u2019a\u00e9roport de Quito combine croissance et excellence de service pour conserver son titre r\u00e9gional Skytrax - LATITUDE 15","description":"A\u00e9roport de Quito : meilleur a\u00e9roport r\u00e9gional d\u2019Am\u00e9rique du Sud pour la 11e ann\u00e9e cons\u00e9cutive, soulignant son expansion et la qualit\u00e9 de ses services","robots":{"index":"index","follow":"follow","max-snippet":"max-snippet:-1","max-image-preview":"max-image-preview:large","max-video-preview":"max-video-preview:-1"},"canonical":"https:\/\/www.latitude-15.com\/fr\/laeroport-de-quito-combine-croissance-et-excellence-de-service-pour-conserver-son-titre-regional-skytrax\/","og_locale":"fr_FR","og_type":"article","og_title":"L\u2019a\u00e9roport de Quito combine croissance et excellence de service pour conserver son titre r\u00e9gional Skytrax - LATITUDE 15","og_description":"A\u00e9roport de Quito : meilleur a\u00e9roport r\u00e9gional d\u2019Am\u00e9rique du Sud pour la 11e ann\u00e9e cons\u00e9cutive, soulignant son expansion et la qualit\u00e9 de ses services","og_url":"https:\/\/www.latitude-15.com\/fr\/laeroport-de-quito-combine-croissance-et-excellence-de-service-pour-conserver-son-titre-regional-skytrax\/","og_site_name":"LATITUDE 15","article_published_time":"2026-03-23T15:48:02+00:00","article_modified_time":"2026-03-24T03:45:06+00:00","og_image":[{"width":2560,"height":1753,"url":"https:\/\/www.latitude-15.com\/wp-content\/uploads\/2026\/03\/DSC04707-scaled-1.jpg","type":"image\/jpeg"}],"author":"Joda J","twitter_card":"summary_large_image","twitter_misc":{"\u00c9crit par":"Joda J","Dur\u00e9e de lecture estim\u00e9e":"7 minutes"},"schema":{"@context":"https:\/\/schema.org","@graph":[{"@type":"Article","@id":"https:\/\/www.latitude-15.com\/fr\/laeroport-de-quito-combine-croissance-et-excellence-de-service-pour-conserver-son-titre-regional-skytrax\/#article","isPartOf":{"@id":"https:\/\/www.latitude-15.com\/fr\/laeroport-de-quito-combine-croissance-et-excellence-de-service-pour-conserver-son-titre-regional-skytrax\/"},"author":{"name":"Joda J","@id":"https:\/\/www.latitude-15.com\/fr\/#\/schema\/person\/dac52e7ff44c78317f337da112e37252"},"headline":"L\u2019a\u00e9roport de Quito combine croissance et excellence de service pour conserver son titre r\u00e9gional Skytrax","datePublished":"2026-03-23T15:48:02+00:00","dateModified":"2026-03-24T03:45:06+00:00","mainEntityOfPage":{"@id":"https:\/\/www.latitude-15.com\/fr\/laeroport-de-quito-combine-croissance-et-excellence-de-service-pour-conserver-son-titre-regional-skytrax\/"},"wordCount":1455,"commentCount":0,"publisher":{"@id":"https:\/\/www.latitude-15.com\/fr\/#organization"},"image":{"@id":"https:\/\/www.latitude-15.com\/fr\/laeroport-de-quito-combine-croissance-et-excellence-de-service-pour-conserver-son-titre-regional-skytrax\/#primaryimage"},"thumbnailUrl":"https:\/\/www.latitude-15.com\/wp-content\/uploads\/2026\/03\/DSC04707-scaled-1.jpg","articleSection":["A\u00e9roports et infrastructures","AVIATION"],"inLanguage":"fr-FR","potentialAction":[{"@type":"CommentAction","name":"Comment","target":["https:\/\/www.latitude-15.com\/fr\/laeroport-de-quito-combine-croissance-et-excellence-de-service-pour-conserver-son-titre-regional-skytrax\/#respond"]}]},{"@type":"WebPage","@id":"https:\/\/www.latitude-15.com\/fr\/laeroport-de-quito-combine-croissance-et-excellence-de-service-pour-conserver-son-titre-regional-skytrax\/","url":"https:\/\/www.latitude-15.com\/fr\/laeroport-de-quito-combine-croissance-et-excellence-de-service-pour-conserver-son-titre-regional-skytrax\/","name":"L\u2019a\u00e9roport de Quito combine croissance et excellence de service pour conserver son titre r\u00e9gional Skytrax - LATITUDE 15","isPartOf":{"@id":"https:\/\/www.latitude-15.com\/fr\/#website"},"primaryImageOfPage":{"@id":"https:\/\/www.latitude-15.com\/fr\/laeroport-de-quito-combine-croissance-et-excellence-de-service-pour-conserver-son-titre-regional-skytrax\/#primaryimage"},"image":{"@id":"https:\/\/www.latitude-15.com\/fr\/laeroport-de-quito-combine-croissance-et-excellence-de-service-pour-conserver-son-titre-regional-skytrax\/#primaryimage"},"thumbnailUrl":"https:\/\/www.latitude-15.com\/wp-content\/uploads\/2026\/03\/DSC04707-scaled-1.jpg","datePublished":"2026-03-23T15:48:02+00:00","dateModified":"2026-03-24T03:45:06+00:00","description":"A\u00e9roport de Quito : meilleur a\u00e9roport r\u00e9gional d\u2019Am\u00e9rique du Sud pour la 11e ann\u00e9e cons\u00e9cutive, soulignant son expansion et la qualit\u00e9 de ses services","breadcrumb":{"@id":"https:\/\/www.latitude-15.com\/fr\/laeroport-de-quito-combine-croissance-et-excellence-de-service-pour-conserver-son-titre-regional-skytrax\/#breadcrumb"},"inLanguage":"fr-FR","potentialAction":[{"@type":"ReadAction","target":["https:\/\/www.latitude-15.com\/fr\/laeroport-de-quito-combine-croissance-et-excellence-de-service-pour-conserver-son-titre-regional-skytrax\/"]}]},{"@type":"ImageObject","inLanguage":"fr-FR","@id":"https:\/\/www.latitude-15.com\/fr\/laeroport-de-quito-combine-croissance-et-excellence-de-service-pour-conserver-son-titre-regional-skytrax\/#primaryimage","url":"https:\/\/www.latitude-15.com\/wp-content\/uploads\/2026\/03\/DSC04707-scaled-1.jpg","contentUrl":"https:\/\/www.latitude-15.com\/wp-content\/uploads\/2026\/03\/DSC04707-scaled-1.jpg","width":2560,"height":1753},{"@type":"BreadcrumbList","@id":"https:\/\/www.latitude-15.com\/fr\/laeroport-de-quito-combine-croissance-et-excellence-de-service-pour-conserver-son-titre-regional-skytrax\/#breadcrumb","itemListElement":[{"@type":"ListItem","position":1,"name":"Home","item":"https:\/\/www.latitude-15.com\/fr\/accueil\/"},{"@type":"ListItem","position":2,"name":"L\u2019a\u00e9roport de Quito combine croissance et excellence de service pour conserver son titre r\u00e9gional Skytrax"}]},{"@type":"WebSite","@id":"https:\/\/www.latitude-15.com\/fr\/#website","url":"https:\/\/www.latitude-15.com\/fr\/","name":"LATITUDE 15","description":"Aviation and maritime Magazine - Caribbean &amp; Latin America","publisher":{"@id":"https:\/\/www.latitude-15.com\/fr\/#organization"},"potentialAction":[{"@type":"SearchAction","target":{"@type":"EntryPoint","urlTemplate":"https:\/\/www.latitude-15.com\/fr\/?s={search_term_string}"},"query-input":{"@type":"PropertyValueSpecification","valueRequired":true,"valueName":"search_term_string"}}],"inLanguage":"fr-FR"},{"@type":"Organization","@id":"https:\/\/www.latitude-15.com\/fr\/#organization","name":"LATITUDE 15","url":"https:\/\/www.latitude-15.com\/fr\/","logo":{"@type":"ImageObject","inLanguage":"fr-FR","@id":"https:\/\/www.latitude-15.com\/fr\/#\/schema\/logo\/image\/","url":"https:\/\/www.latitude-15.com\/wp-content\/uploads\/2026\/01\/cropped-logox500px.png","contentUrl":"https:\/\/www.latitude-15.com\/wp-content\/uploads\/2026\/01\/cropped-logox500px.png","width":62,"height":75,"caption":"LATITUDE 15"},"image":{"@id":"https:\/\/www.latitude-15.com\/fr\/#\/schema\/logo\/image\/"}},{"@type":"Person","@id":"https:\/\/www.latitude-15.com\/fr\/#\/schema\/person\/dac52e7ff44c78317f337da112e37252","name":"Joda J","image":{"@type":"ImageObject","inLanguage":"fr-FR","@id":"https:\/\/www.latitude-15.com\/fr\/#\/schema\/person\/image\/","url":"https:\/\/secure.gravatar.com\/avatar\/6b1feae555e15404b76616f92d931d12b25ac58024f14ccb43d9d3c012e4c4cf?s=96&d=mm&r=g","contentUrl":"https:\/\/secure.gravatar.com\/avatar\/6b1feae555e15404b76616f92d931d12b25ac58024f14ccb43d9d3c012e4c4cf?s=96&d=mm&r=g","caption":"Joda J"},"url":"https:\/\/www.latitude-15.com\/fr\/author\/joda\/"}]}},"_links":{"self":[{"href":"https:\/\/www.latitude-15.com\/fr\/wp-json\/wp\/v2\/posts\/21964","targetHints":{"allow":["GET"]}}],"collection":[{"href":"https:\/\/www.latitude-15.com\/fr\/wp-json\/wp\/v2\/posts"}],"about":[{"href":"https:\/\/www.latitude-15.com\/fr\/wp-json\/wp\/v2\/types\/post"}],"author":[{"embeddable":true,"href":"https:\/\/www.latitude-15.com\/fr\/wp-json\/wp\/v2\/users\/5"}],"replies":[{"embeddable":true,"href":"https:\/\/www.latitude-15.com\/fr\/wp-json\/wp\/v2\/comments?post=21964"}],"version-history":[{"count":1,"href":"https:\/\/www.latitude-15.com\/fr\/wp-json\/wp\/v2\/posts\/21964\/revisions"}],"predecessor-version":[{"id":21965,"href":"https:\/\/www.latitude-15.com\/fr\/wp-json\/wp\/v2\/posts\/21964\/revisions\/21965"}],"wp:featuredmedia":[{"embeddable":true,"href":"https:\/\/www.latitude-15.com\/fr\/wp-json\/wp\/v2\/media\/21963"}],"wp:attachment":[{"href":"https:\/\/www.latitude-15.com\/fr\/wp-json\/wp\/v2\/media?parent=21964"}],"wp:term":[{"taxonomy":"category","embeddable":true,"href":"https:\/\/www.latitude-15.com\/fr\/wp-json\/wp\/v2\/categories?post=21964"},{"taxonomy":"post_tag","embeddable":true,"href":"https:\/\/www.latitude-15.com\/fr\/wp-json\/wp\/v2\/tags?post=21964"}],"curies":[{"name":"wp","href":"https:\/\/api.w.org\/{rel}","templated":true}]}}