{"id":21897,"date":"2026-03-20T10:19:25","date_gmt":"2026-03-20T14:19:25","guid":{"rendered":"https:\/\/www.latitude-15.com\/corporacion-america-airports-aborde-2026-avec-des-bases-renforcees-portee-par-la-croissance-du-trafic-international\/"},"modified":"2026-03-21T00:09:58","modified_gmt":"2026-03-21T04:09:58","slug":"corporacion-america-airports-aborde-2026-avec-des-bases-renforcees-portee-par-la-croissance-du-trafic-international","status":"publish","type":"post","link":"https:\/\/www.latitude-15.com\/fr\/corporacion-america-airports-aborde-2026-avec-des-bases-renforcees-portee-par-la-croissance-du-trafic-international\/","title":{"rendered":"Corporaci\u00f3n Am\u00e9rica Airports aborde 2026 avec des bases renforc\u00e9es, port\u00e9e par la croissance du trafic international"},"content":{"rendered":"\n<p>Corporaci\u00f3n Am\u00e9rica Airports entame l\u2019ann\u00e9e 2026 avec un profil op\u00e9rationnel et financier consolid\u00e9, alors que les premiers indicateurs de trafic confirment la dynamique engag\u00e9e au cours de l\u2019ann\u00e9e pr\u00e9c\u00e9dente, notamment gr\u00e2ce \u00e0 son portefeuille en Am\u00e9rique latine. Les r\u00e9sultats de f\u00e9vrier montrent la poursuite des tendances de fond, avec une acc\u00e9l\u00e9ration de la demande internationale sur plusieurs march\u00e9s cl\u00e9s du groupe. <\/p>\n\n<p>L\u2019op\u00e9rateur a\u00e9roportuaire a enregistr\u00e9 une hausse de 6,7 % du trafic passagers en f\u00e9vrier 2026, atteignant 6,7 millions de passagers sur l\u2019ensemble de son r\u00e9seau. Cette performance a \u00e9t\u00e9 principalement tir\u00e9e par le trafic international, en progression de 14,1 %, tandis que le trafic domestique est rest\u00e9 quasi stable \u00e0 +0,2 %. <\/p>\n\n<figure class=\"wp-block-image aligncenter size-full\"><img fetchpriority=\"high\" decoding=\"async\" width=\"480\" height=\"270\" src=\"https:\/\/www.latitude-15.com\/wp-content\/uploads\/2026\/03\/Chart.jpg\" alt=\"\" class=\"wp-image-21872\" srcset=\"https:\/\/www.latitude-15.com\/wp-content\/uploads\/2026\/03\/Chart.jpg 480w, https:\/\/www.latitude-15.com\/wp-content\/uploads\/2026\/03\/Chart-300x169.jpg 300w\" sizes=\"(max-width: 480px) 100vw, 480px\" \/><\/figure>\n\n<p>Ce d\u00e9but d\u2019ann\u00e9e s\u2019inscrit dans la continuit\u00e9 d\u2019un exercice 2025 solide, au cours duquel Corporaci\u00f3n Am\u00e9rica Airports a accueilli 86,7 millions de passagers, soit une hausse de 9,8 % par rapport \u00e0 l\u2019ann\u00e9e pr\u00e9c\u00e9dente. Au-del\u00e0 de la reprise du trafic, le groupe a significativement am\u00e9lior\u00e9 sa performance financi\u00e8re, avec des revenus (hors activit\u00e9s de construction) atteignant 1,75 milliard de dollars et un EBITDA ajust\u00e9 s\u2019\u00e9levant \u00e0 715,5 millions de dollars. Les marges ont progress\u00e9 pour atteindre 40,7 %, tandis que la structure financi\u00e8re demeure solide, avec 592,8 millions de dollars de tr\u00e9sorerie et un ratio dette nette\/EBITDA de 0,7x.  <\/p>\n\n<p>Dans leur ensemble, ces indicateurs traduisent la consolidation d\u2019un mod\u00e8le op\u00e9rationnel plus r\u00e9silient et scalable, combinant croissance du trafic, am\u00e9lioration de la rentabilit\u00e9 et discipline financi\u00e8re.<\/p>\n\n<h2 class=\"wp-block-heading\">Le trafic international s\u2019impose comme principal moteur de croissance<\/h2>\n\n<p>Les donn\u00e9es de f\u00e9vrier confirment que le trafic international devient le principal levier de croissance du r\u00e9seau. Alors que la demande domestique reste stable \u2014 voire contrainte dans certains march\u00e9s \u2014 les flux internationaux progressent \u00e0 un rythme nettement plus soutenu. <\/p>\n\n<p>En f\u00e9vrier, le trafic international a ainsi augment\u00e9 de 14,1 % en glissement annuel, avec des croissances \u00e0 deux chiffres dans plusieurs pays, dont l\u2019Argentine, l\u2019Italie, le Br\u00e9sil, l\u2019\u00c9quateur et l\u2019Arm\u00e9nie. \u00c0 l\u2019inverse, les segments domestiques affichent une progression limit\u00e9e, illustrant un basculement vers des dynamiques de trafic davantage orient\u00e9es \u00e0 l\u2019international. <\/p>\n\n<p>Cette \u00e9volution refl\u00e8te des transformations plus larges de la demande a\u00e9rienne, o\u00f9 la connectivit\u00e9, les flux touristiques et les liaisons moyen et long-courriers jouent un r\u00f4le croissant.<\/p>\n\n<h2 class=\"wp-block-heading\">Les march\u00e9s latino-am\u00e9ricains au c\u0153ur de la dynamique actuelle<\/h2>\n\n<p>Dans ce contexte, les march\u00e9s d\u2019Am\u00e9rique latine occupent une place centrale dans la dynamique de croissance actuelle. Des pays comme l\u2019Argentine, le Br\u00e9sil, l\u2019Uruguay et l\u2019\u00c9quateur ont contribu\u00e9 positivement aux performances de f\u00e9vrier, chacun selon ses propres conditions de march\u00e9. <\/p>\n\n<p>Si la croissance n\u2019est pas exclusivement r\u00e9gionale, une part significative de l\u2019expansion du trafic provient de ces march\u00e9s, notamment sur les liaisons internationales reliant les principales destinations r\u00e9gionales et intercontinentales.<\/p>\n\n<p>Parall\u00e8lement, le trafic domestique reste plus mod\u00e9r\u00e9 dans certains pays, renfor\u00e7ant l\u2019id\u00e9e que la croissance future sera de plus en plus li\u00e9e \u00e0 la connectivit\u00e9 internationale.<\/p>\n\n<h2 class=\"wp-block-heading\">L\u2019Argentine, principal moteur de croissance<\/h2>\n\n<p>L\u2019Argentine se distingue comme l\u2019un des principaux contributeurs \u00e0 la performance r\u00e9cente. Le pays repr\u00e9sente plus de la moiti\u00e9 de la croissance totale du trafic en f\u00e9vrier et plus des deux tiers de la hausse du trafic international. <\/p>\n\n<p>Le trafic passagers y a progress\u00e9 de 5,8 % sur un an, soutenu par une forte hausse de 17,8 % du trafic international. Cette performance a \u00e9t\u00e9 enregistr\u00e9e malgr\u00e9 des perturbations op\u00e9rationnelles, notamment une gr\u00e8ve nationale de 24 heures \u00e0 la mi-f\u00e9vrier et des contraintes temporaires de flotte chez Aerol\u00edneas Argentinas. <\/p>\n\n<p>La demande est rest\u00e9e particuli\u00e8rement soutenue durant les p\u00e9riodes de pointe. Le trafic pendant la p\u00e9riode du Carnaval a augment\u00e9 de 27 % par rapport \u00e0 2025, et le 20 f\u00e9vrier a marqu\u00e9 le plus haut niveau de passagers internationaux trait\u00e9s en une seule journ\u00e9e sur l\u2019ensemble du r\u00e9seau. <\/p>\n\n<p>Ces \u00e9l\u00e9ments illustrent un march\u00e9 encore expos\u00e9 \u00e0 une certaine volatilit\u00e9 \u00e0 court terme, notamment sur le segment domestique, tout en conservant un r\u00f4le strat\u00e9gique dans la croissance du trafic international.<\/p>\n\n<h2 class=\"wp-block-heading\">Un r\u00e9seau port\u00e9 par des dynamiques r\u00e9gionales diff\u00e9renci\u00e9es<\/h2>\n\n<p>Au-del\u00e0 de l\u2019Argentine, d\u2019autres march\u00e9s du portefeuille ont \u00e9galement contribu\u00e9 aux performances globales, chacun avec ses sp\u00e9cificit\u00e9s.<\/p>\n\n<p>Le Br\u00e9sil a enregistr\u00e9 une hausse de 8,2 % du trafic passagers, soutenue \u00e0 la fois par les flux domestiques et de correspondance, malgr\u00e9 un environnement a\u00e9rien encore contraint. L\u2019Uruguay a b\u00e9n\u00e9fici\u00e9 d\u2019une forte demande saisonni\u00e8re, avec une augmentation des fr\u00e9quences et la reprise de liaisons entre Montevideo, Punta del Este et les principaux hubs r\u00e9gionaux. <\/p>\n\n<p>En \u00c9quateur, le trafic a progress\u00e9 de 8,6 %, port\u00e9 en partie par les liaisons internationales, notamment vers l\u2019Europe, malgr\u00e9 des conditions locales \u2014 dont des enjeux de s\u00e9curit\u00e9 et des tarifs a\u00e9riens \u00e9lev\u00e9s \u2014 qui continuent de peser sur la demande domestique.<\/p>\n\n<p>Ces \u00e9volutions mettent en \u00e9vidence la diversit\u00e9 des environnements op\u00e9rationnels du groupe, tout en confirmant l\u2019importance croissante de la connectivit\u00e9 r\u00e9gionale et internationale.<\/p>\n\n<h2 class=\"wp-block-heading\">Une rentabilit\u00e9 en hausse au-del\u00e0 du trafic<\/h2>\n\n<p>Les r\u00e9sultats financiers de 2025 apportent un \u00e9clairage compl\u00e9mentaire sur l\u2019\u00e9volution du mod\u00e8le \u00e9conomique du groupe. La croissance des revenus a d\u00e9pass\u00e9 celle du trafic passagers, traduisant une am\u00e9lioration des performances tant dans les activit\u00e9s a\u00e9ronautiques que non a\u00e9ronautiques. <\/p>\n\n<p>Au quatri\u00e8me trimestre, les revenus (hors construction) ont progress\u00e9 de 17,3 % sur un an, tandis que l\u2019EBITDA ajust\u00e9 a bondi de pr\u00e8s de 40 %, avec une am\u00e9lioration de plus de sept points de marge. Cela refl\u00e8te un effet de levier op\u00e9rationnel accru et une capacit\u00e9 renforc\u00e9e \u00e0 capter davantage de valeur par passager. <\/p>\n\n<p>Cette dynamique sugg\u00e8re que Corporaci\u00f3n Am\u00e9rica Airports am\u00e9liore ses revenus unitaires gr\u00e2ce \u00e0 une ex\u00e9cution commerciale plus performante, notamment dans le retail, les services et les activit\u00e9s annexes au sein de son r\u00e9seau.<\/p>\n\n<h2 class=\"wp-block-heading\">Un positionnement de long terme renforc\u00e9 par des initiatives strat\u00e9giques<\/h2>\n\n<p>Parall\u00e8lement, le groupe continue de consolider son positionnement \u00e0 long terme \u00e0 travers plusieurs initiatives strat\u00e9giques.<\/p>\n\n<p>Parmi celles-ci figurent l\u2019extension de la concession a\u00e9roportuaire en Arm\u00e9nie jusqu\u2019en 2067, accompagn\u00e9e d\u2019un programme d\u2019investissement de 425 millions de dollars, ainsi que le r\u00e9\u00e9quilibrage et l\u2019extension de la concession des Gal\u00e1pagos en \u00c9quateur. Le groupe poursuit \u00e9galement son expansion vers de nouveaux march\u00e9s, avec des projets en Angola et en Irak. <\/p>\n\n<p>Ces d\u00e9veloppements renforcent la visibilit\u00e9 \u00e0 long terme et s\u00e9curisent de nouvelles opportunit\u00e9s de croissance, tout en maintenant un portefeuille diversifi\u00e9.<\/p>\n\n<h2 class=\"wp-block-heading\">Une plateforme r\u00e9gionale \u00e0 port\u00e9e mondiale<\/h2>\n\n<p>La combinaison d\u2019une croissance soutenue du trafic, d\u2019une am\u00e9lioration de la rentabilit\u00e9 et d\u2019une visibilit\u00e9 accrue sur les concessions indique que Corporaci\u00f3n Am\u00e9rica Airports entre dans une nouvelle phase de d\u00e9veloppement.<\/p>\n\n<p>Les donn\u00e9es de f\u00e9vrier 2026 confirment la continuit\u00e9 des tendances observ\u00e9es en 2025 : le trafic international demeure le principal moteur, plusieurs march\u00e9s latino-am\u00e9ricains jouent un r\u00f4le cl\u00e9, et les indicateurs financiers traduisent une structure op\u00e9rationnelle plus performante. <\/p>\n\n<p>Dans ce contexte, le groupe se positionne progressivement comme une plateforme r\u00e9gionale \u00e0 port\u00e9e mondiale, capitalisant sur sa pr\u00e9sence existante tout en poursuivant une expansion cibl\u00e9e vers de nouveaux march\u00e9s \u00e0 fort potentiel.<\/p>\n","protected":false},"excerpt":{"rendered":"<p>Corporaci\u00f3n Am\u00e9rica Airports entame l\u2019ann\u00e9e 2026 avec un profil op\u00e9rationnel et financier consolid\u00e9, alors que les premiers indicateurs de trafic confirment la dynamique engag\u00e9e au cours de l\u2019ann\u00e9e pr\u00e9c\u00e9dente, notamment gr\u00e2ce \u00e0 son portefeuille en Am\u00e9rique latine. Les r\u00e9sultats de f\u00e9vrier montrent la poursuite des tendances de fond, avec une acc\u00e9l\u00e9ration de la demande internationale [&hellip;]<\/p>\n","protected":false},"author":5,"featured_media":21896,"comment_status":"open","ping_status":"closed","sticky":false,"template":"","format":"standard","meta":{"footnotes":""},"categories":[103,97],"tags":[],"class_list":["post-21897","post","type-post","status-publish","format-standard","has-post-thumbnail","hentry","category-aeroports-infrastructures","category-aviation-fr"],"yoast_head":"<!-- This site is optimized with the Yoast SEO plugin v26.9 - https:\/\/yoast.com\/product\/yoast-seo-wordpress\/ -->\n<title>Corporaci\u00f3n Am\u00e9rica Airports aborde 2026 avec des bases renforc\u00e9es, port\u00e9e par la croissance du trafic international - LATITUDE 15<\/title>\n<meta name=\"description\" content=\"Corporaci\u00f3n Am\u00e9rica Airports commence l\u2019ann\u00e9e 2026 avec un trafic passagers en hausse et de solides r\u00e9sultats pour 2025, alors que la demande internationale et les march\u00e9s d\u2019Am\u00e9rique latine stimulent la croissance.\" \/>\n<meta name=\"robots\" content=\"index, follow, max-snippet:-1, max-image-preview:large, max-video-preview:-1\" \/>\n<link rel=\"canonical\" href=\"https:\/\/www.latitude-15.com\/fr\/corporacion-america-airports-aborde-2026-avec-des-bases-renforcees-portee-par-la-croissance-du-trafic-international\/\" \/>\n<meta property=\"og:locale\" content=\"fr_FR\" \/>\n<meta property=\"og:type\" content=\"article\" \/>\n<meta property=\"og:title\" content=\"Corporaci\u00f3n Am\u00e9rica Airports aborde 2026 avec des bases renforc\u00e9es, port\u00e9e par la croissance du trafic international - LATITUDE 15\" \/>\n<meta property=\"og:description\" content=\"Corporaci\u00f3n Am\u00e9rica Airports commence l\u2019ann\u00e9e 2026 avec un trafic passagers en hausse et de solides r\u00e9sultats pour 2025, alors que la demande internationale et les march\u00e9s d\u2019Am\u00e9rique latine stimulent la croissance.\" \/>\n<meta property=\"og:url\" content=\"https:\/\/www.latitude-15.com\/fr\/corporacion-america-airports-aborde-2026-avec-des-bases-renforcees-portee-par-la-croissance-du-trafic-international\/\" \/>\n<meta property=\"og:site_name\" content=\"LATITUDE 15\" \/>\n<meta property=\"article:published_time\" content=\"2026-03-20T14:19:25+00:00\" \/>\n<meta property=\"article:modified_time\" content=\"2026-03-21T04:09:58+00:00\" \/>\n<meta property=\"og:image\" content=\"https:\/\/www.latitude-15.com\/wp-content\/uploads\/2026\/03\/img6340293847-1024x694.png\" \/>\n\t<meta property=\"og:image:width\" content=\"1024\" \/>\n\t<meta property=\"og:image:height\" content=\"694\" \/>\n\t<meta property=\"og:image:type\" content=\"image\/png\" \/>\n<meta name=\"author\" content=\"Joda J\" \/>\n<meta name=\"twitter:card\" content=\"summary_large_image\" \/>\n<meta name=\"twitter:label1\" content=\"\u00c9crit par\" \/>\n\t<meta name=\"twitter:data1\" content=\"Joda J\" \/>\n\t<meta name=\"twitter:label2\" content=\"Dur\u00e9e de lecture estim\u00e9e\" \/>\n\t<meta name=\"twitter:data2\" content=\"6 minutes\" \/>\n<script type=\"application\/ld+json\" class=\"yoast-schema-graph\">{\"@context\":\"https:\/\/schema.org\",\"@graph\":[{\"@type\":\"Article\",\"@id\":\"https:\/\/www.latitude-15.com\/fr\/corporacion-america-airports-aborde-2026-avec-des-bases-renforcees-portee-par-la-croissance-du-trafic-international\/#article\",\"isPartOf\":{\"@id\":\"https:\/\/www.latitude-15.com\/fr\/corporacion-america-airports-aborde-2026-avec-des-bases-renforcees-portee-par-la-croissance-du-trafic-international\/\"},\"author\":{\"name\":\"Joda J\",\"@id\":\"https:\/\/www.latitude-15.com\/fr\/#\/schema\/person\/dac52e7ff44c78317f337da112e37252\"},\"headline\":\"Corporaci\u00f3n Am\u00e9rica Airports aborde 2026 avec des bases renforc\u00e9es, port\u00e9e par la croissance du trafic international\",\"datePublished\":\"2026-03-20T14:19:25+00:00\",\"dateModified\":\"2026-03-21T04:09:58+00:00\",\"mainEntityOfPage\":{\"@id\":\"https:\/\/www.latitude-15.com\/fr\/corporacion-america-airports-aborde-2026-avec-des-bases-renforcees-portee-par-la-croissance-du-trafic-international\/\"},\"wordCount\":1283,\"commentCount\":0,\"publisher\":{\"@id\":\"https:\/\/www.latitude-15.com\/fr\/#organization\"},\"image\":{\"@id\":\"https:\/\/www.latitude-15.com\/fr\/corporacion-america-airports-aborde-2026-avec-des-bases-renforcees-portee-par-la-croissance-du-trafic-international\/#primaryimage\"},\"thumbnailUrl\":\"https:\/\/www.latitude-15.com\/wp-content\/uploads\/2026\/03\/img6340293847.png\",\"articleSection\":[\"A\u00e9roports et infrastructures\",\"AVIATION\"],\"inLanguage\":\"fr-FR\",\"potentialAction\":[{\"@type\":\"CommentAction\",\"name\":\"Comment\",\"target\":[\"https:\/\/www.latitude-15.com\/fr\/corporacion-america-airports-aborde-2026-avec-des-bases-renforcees-portee-par-la-croissance-du-trafic-international\/#respond\"]}]},{\"@type\":\"WebPage\",\"@id\":\"https:\/\/www.latitude-15.com\/fr\/corporacion-america-airports-aborde-2026-avec-des-bases-renforcees-portee-par-la-croissance-du-trafic-international\/\",\"url\":\"https:\/\/www.latitude-15.com\/fr\/corporacion-america-airports-aborde-2026-avec-des-bases-renforcees-portee-par-la-croissance-du-trafic-international\/\",\"name\":\"Corporaci\u00f3n Am\u00e9rica Airports aborde 2026 avec des bases renforc\u00e9es, port\u00e9e par la croissance du trafic international - LATITUDE 15\",\"isPartOf\":{\"@id\":\"https:\/\/www.latitude-15.com\/fr\/#website\"},\"primaryImageOfPage\":{\"@id\":\"https:\/\/www.latitude-15.com\/fr\/corporacion-america-airports-aborde-2026-avec-des-bases-renforcees-portee-par-la-croissance-du-trafic-international\/#primaryimage\"},\"image\":{\"@id\":\"https:\/\/www.latitude-15.com\/fr\/corporacion-america-airports-aborde-2026-avec-des-bases-renforcees-portee-par-la-croissance-du-trafic-international\/#primaryimage\"},\"thumbnailUrl\":\"https:\/\/www.latitude-15.com\/wp-content\/uploads\/2026\/03\/img6340293847.png\",\"datePublished\":\"2026-03-20T14:19:25+00:00\",\"dateModified\":\"2026-03-21T04:09:58+00:00\",\"description\":\"Corporaci\u00f3n Am\u00e9rica Airports commence l\u2019ann\u00e9e 2026 avec un trafic passagers en hausse et de solides r\u00e9sultats pour 2025, alors que la demande internationale et les march\u00e9s d\u2019Am\u00e9rique latine stimulent la croissance.\",\"breadcrumb\":{\"@id\":\"https:\/\/www.latitude-15.com\/fr\/corporacion-america-airports-aborde-2026-avec-des-bases-renforcees-portee-par-la-croissance-du-trafic-international\/#breadcrumb\"},\"inLanguage\":\"fr-FR\",\"potentialAction\":[{\"@type\":\"ReadAction\",\"target\":[\"https:\/\/www.latitude-15.com\/fr\/corporacion-america-airports-aborde-2026-avec-des-bases-renforcees-portee-par-la-croissance-du-trafic-international\/\"]}]},{\"@type\":\"ImageObject\",\"inLanguage\":\"fr-FR\",\"@id\":\"https:\/\/www.latitude-15.com\/fr\/corporacion-america-airports-aborde-2026-avec-des-bases-renforcees-portee-par-la-croissance-du-trafic-international\/#primaryimage\",\"url\":\"https:\/\/www.latitude-15.com\/wp-content\/uploads\/2026\/03\/img6340293847.png\",\"contentUrl\":\"https:\/\/www.latitude-15.com\/wp-content\/uploads\/2026\/03\/img6340293847.png\",\"width\":1317,\"height\":892},{\"@type\":\"BreadcrumbList\",\"@id\":\"https:\/\/www.latitude-15.com\/fr\/corporacion-america-airports-aborde-2026-avec-des-bases-renforcees-portee-par-la-croissance-du-trafic-international\/#breadcrumb\",\"itemListElement\":[{\"@type\":\"ListItem\",\"position\":1,\"name\":\"Home\",\"item\":\"https:\/\/www.latitude-15.com\/fr\/accueil\/\"},{\"@type\":\"ListItem\",\"position\":2,\"name\":\"Corporaci\u00f3n Am\u00e9rica Airports aborde 2026 avec des bases renforc\u00e9es, port\u00e9e par la croissance du trafic international\"}]},{\"@type\":\"WebSite\",\"@id\":\"https:\/\/www.latitude-15.com\/fr\/#website\",\"url\":\"https:\/\/www.latitude-15.com\/fr\/\",\"name\":\"LATITUDE 15\",\"description\":\"Aviation and maritime Magazine - Caribbean &amp; Latin America\",\"publisher\":{\"@id\":\"https:\/\/www.latitude-15.com\/fr\/#organization\"},\"potentialAction\":[{\"@type\":\"SearchAction\",\"target\":{\"@type\":\"EntryPoint\",\"urlTemplate\":\"https:\/\/www.latitude-15.com\/fr\/?s={search_term_string}\"},\"query-input\":{\"@type\":\"PropertyValueSpecification\",\"valueRequired\":true,\"valueName\":\"search_term_string\"}}],\"inLanguage\":\"fr-FR\"},{\"@type\":\"Organization\",\"@id\":\"https:\/\/www.latitude-15.com\/fr\/#organization\",\"name\":\"LATITUDE 15\",\"url\":\"https:\/\/www.latitude-15.com\/fr\/\",\"logo\":{\"@type\":\"ImageObject\",\"inLanguage\":\"fr-FR\",\"@id\":\"https:\/\/www.latitude-15.com\/fr\/#\/schema\/logo\/image\/\",\"url\":\"https:\/\/www.latitude-15.com\/wp-content\/uploads\/2026\/01\/cropped-logox500px.png\",\"contentUrl\":\"https:\/\/www.latitude-15.com\/wp-content\/uploads\/2026\/01\/cropped-logox500px.png\",\"width\":62,\"height\":75,\"caption\":\"LATITUDE 15\"},\"image\":{\"@id\":\"https:\/\/www.latitude-15.com\/fr\/#\/schema\/logo\/image\/\"}},{\"@type\":\"Person\",\"@id\":\"https:\/\/www.latitude-15.com\/fr\/#\/schema\/person\/dac52e7ff44c78317f337da112e37252\",\"name\":\"Joda J\",\"image\":{\"@type\":\"ImageObject\",\"inLanguage\":\"fr-FR\",\"@id\":\"https:\/\/www.latitude-15.com\/fr\/#\/schema\/person\/image\/\",\"url\":\"https:\/\/secure.gravatar.com\/avatar\/6b1feae555e15404b76616f92d931d12b25ac58024f14ccb43d9d3c012e4c4cf?s=96&d=mm&r=g\",\"contentUrl\":\"https:\/\/secure.gravatar.com\/avatar\/6b1feae555e15404b76616f92d931d12b25ac58024f14ccb43d9d3c012e4c4cf?s=96&d=mm&r=g\",\"caption\":\"Joda J\"},\"url\":\"https:\/\/www.latitude-15.com\/fr\/author\/joda\/\"}]}<\/script>\n<!-- \/ Yoast SEO plugin. -->","yoast_head_json":{"title":"Corporaci\u00f3n Am\u00e9rica Airports aborde 2026 avec des bases renforc\u00e9es, port\u00e9e par la croissance du trafic international - LATITUDE 15","description":"Corporaci\u00f3n Am\u00e9rica Airports commence l\u2019ann\u00e9e 2026 avec un trafic passagers en hausse et de solides r\u00e9sultats pour 2025, alors que la demande internationale et les march\u00e9s d\u2019Am\u00e9rique latine stimulent la croissance.","robots":{"index":"index","follow":"follow","max-snippet":"max-snippet:-1","max-image-preview":"max-image-preview:large","max-video-preview":"max-video-preview:-1"},"canonical":"https:\/\/www.latitude-15.com\/fr\/corporacion-america-airports-aborde-2026-avec-des-bases-renforcees-portee-par-la-croissance-du-trafic-international\/","og_locale":"fr_FR","og_type":"article","og_title":"Corporaci\u00f3n Am\u00e9rica Airports aborde 2026 avec des bases renforc\u00e9es, port\u00e9e par la croissance du trafic international - LATITUDE 15","og_description":"Corporaci\u00f3n Am\u00e9rica Airports commence l\u2019ann\u00e9e 2026 avec un trafic passagers en hausse et de solides r\u00e9sultats pour 2025, alors que la demande internationale et les march\u00e9s d\u2019Am\u00e9rique latine stimulent la croissance.","og_url":"https:\/\/www.latitude-15.com\/fr\/corporacion-america-airports-aborde-2026-avec-des-bases-renforcees-portee-par-la-croissance-du-trafic-international\/","og_site_name":"LATITUDE 15","article_published_time":"2026-03-20T14:19:25+00:00","article_modified_time":"2026-03-21T04:09:58+00:00","og_image":[{"width":1024,"height":694,"url":"https:\/\/www.latitude-15.com\/wp-content\/uploads\/2026\/03\/img6340293847-1024x694.png","type":"image\/png"}],"author":"Joda J","twitter_card":"summary_large_image","twitter_misc":{"\u00c9crit par":"Joda J","Dur\u00e9e de lecture estim\u00e9e":"6 minutes"},"schema":{"@context":"https:\/\/schema.org","@graph":[{"@type":"Article","@id":"https:\/\/www.latitude-15.com\/fr\/corporacion-america-airports-aborde-2026-avec-des-bases-renforcees-portee-par-la-croissance-du-trafic-international\/#article","isPartOf":{"@id":"https:\/\/www.latitude-15.com\/fr\/corporacion-america-airports-aborde-2026-avec-des-bases-renforcees-portee-par-la-croissance-du-trafic-international\/"},"author":{"name":"Joda J","@id":"https:\/\/www.latitude-15.com\/fr\/#\/schema\/person\/dac52e7ff44c78317f337da112e37252"},"headline":"Corporaci\u00f3n Am\u00e9rica Airports aborde 2026 avec des bases renforc\u00e9es, port\u00e9e par la croissance du trafic international","datePublished":"2026-03-20T14:19:25+00:00","dateModified":"2026-03-21T04:09:58+00:00","mainEntityOfPage":{"@id":"https:\/\/www.latitude-15.com\/fr\/corporacion-america-airports-aborde-2026-avec-des-bases-renforcees-portee-par-la-croissance-du-trafic-international\/"},"wordCount":1283,"commentCount":0,"publisher":{"@id":"https:\/\/www.latitude-15.com\/fr\/#organization"},"image":{"@id":"https:\/\/www.latitude-15.com\/fr\/corporacion-america-airports-aborde-2026-avec-des-bases-renforcees-portee-par-la-croissance-du-trafic-international\/#primaryimage"},"thumbnailUrl":"https:\/\/www.latitude-15.com\/wp-content\/uploads\/2026\/03\/img6340293847.png","articleSection":["A\u00e9roports et infrastructures","AVIATION"],"inLanguage":"fr-FR","potentialAction":[{"@type":"CommentAction","name":"Comment","target":["https:\/\/www.latitude-15.com\/fr\/corporacion-america-airports-aborde-2026-avec-des-bases-renforcees-portee-par-la-croissance-du-trafic-international\/#respond"]}]},{"@type":"WebPage","@id":"https:\/\/www.latitude-15.com\/fr\/corporacion-america-airports-aborde-2026-avec-des-bases-renforcees-portee-par-la-croissance-du-trafic-international\/","url":"https:\/\/www.latitude-15.com\/fr\/corporacion-america-airports-aborde-2026-avec-des-bases-renforcees-portee-par-la-croissance-du-trafic-international\/","name":"Corporaci\u00f3n Am\u00e9rica Airports aborde 2026 avec des bases renforc\u00e9es, port\u00e9e par la croissance du trafic international - LATITUDE 15","isPartOf":{"@id":"https:\/\/www.latitude-15.com\/fr\/#website"},"primaryImageOfPage":{"@id":"https:\/\/www.latitude-15.com\/fr\/corporacion-america-airports-aborde-2026-avec-des-bases-renforcees-portee-par-la-croissance-du-trafic-international\/#primaryimage"},"image":{"@id":"https:\/\/www.latitude-15.com\/fr\/corporacion-america-airports-aborde-2026-avec-des-bases-renforcees-portee-par-la-croissance-du-trafic-international\/#primaryimage"},"thumbnailUrl":"https:\/\/www.latitude-15.com\/wp-content\/uploads\/2026\/03\/img6340293847.png","datePublished":"2026-03-20T14:19:25+00:00","dateModified":"2026-03-21T04:09:58+00:00","description":"Corporaci\u00f3n Am\u00e9rica Airports commence l\u2019ann\u00e9e 2026 avec un trafic passagers en hausse et de solides r\u00e9sultats pour 2025, alors que la demande internationale et les march\u00e9s d\u2019Am\u00e9rique latine stimulent la croissance.","breadcrumb":{"@id":"https:\/\/www.latitude-15.com\/fr\/corporacion-america-airports-aborde-2026-avec-des-bases-renforcees-portee-par-la-croissance-du-trafic-international\/#breadcrumb"},"inLanguage":"fr-FR","potentialAction":[{"@type":"ReadAction","target":["https:\/\/www.latitude-15.com\/fr\/corporacion-america-airports-aborde-2026-avec-des-bases-renforcees-portee-par-la-croissance-du-trafic-international\/"]}]},{"@type":"ImageObject","inLanguage":"fr-FR","@id":"https:\/\/www.latitude-15.com\/fr\/corporacion-america-airports-aborde-2026-avec-des-bases-renforcees-portee-par-la-croissance-du-trafic-international\/#primaryimage","url":"https:\/\/www.latitude-15.com\/wp-content\/uploads\/2026\/03\/img6340293847.png","contentUrl":"https:\/\/www.latitude-15.com\/wp-content\/uploads\/2026\/03\/img6340293847.png","width":1317,"height":892},{"@type":"BreadcrumbList","@id":"https:\/\/www.latitude-15.com\/fr\/corporacion-america-airports-aborde-2026-avec-des-bases-renforcees-portee-par-la-croissance-du-trafic-international\/#breadcrumb","itemListElement":[{"@type":"ListItem","position":1,"name":"Home","item":"https:\/\/www.latitude-15.com\/fr\/accueil\/"},{"@type":"ListItem","position":2,"name":"Corporaci\u00f3n Am\u00e9rica Airports aborde 2026 avec des bases renforc\u00e9es, port\u00e9e par la croissance du trafic international"}]},{"@type":"WebSite","@id":"https:\/\/www.latitude-15.com\/fr\/#website","url":"https:\/\/www.latitude-15.com\/fr\/","name":"LATITUDE 15","description":"Aviation and maritime Magazine - Caribbean &amp; Latin America","publisher":{"@id":"https:\/\/www.latitude-15.com\/fr\/#organization"},"potentialAction":[{"@type":"SearchAction","target":{"@type":"EntryPoint","urlTemplate":"https:\/\/www.latitude-15.com\/fr\/?s={search_term_string}"},"query-input":{"@type":"PropertyValueSpecification","valueRequired":true,"valueName":"search_term_string"}}],"inLanguage":"fr-FR"},{"@type":"Organization","@id":"https:\/\/www.latitude-15.com\/fr\/#organization","name":"LATITUDE 15","url":"https:\/\/www.latitude-15.com\/fr\/","logo":{"@type":"ImageObject","inLanguage":"fr-FR","@id":"https:\/\/www.latitude-15.com\/fr\/#\/schema\/logo\/image\/","url":"https:\/\/www.latitude-15.com\/wp-content\/uploads\/2026\/01\/cropped-logox500px.png","contentUrl":"https:\/\/www.latitude-15.com\/wp-content\/uploads\/2026\/01\/cropped-logox500px.png","width":62,"height":75,"caption":"LATITUDE 15"},"image":{"@id":"https:\/\/www.latitude-15.com\/fr\/#\/schema\/logo\/image\/"}},{"@type":"Person","@id":"https:\/\/www.latitude-15.com\/fr\/#\/schema\/person\/dac52e7ff44c78317f337da112e37252","name":"Joda J","image":{"@type":"ImageObject","inLanguage":"fr-FR","@id":"https:\/\/www.latitude-15.com\/fr\/#\/schema\/person\/image\/","url":"https:\/\/secure.gravatar.com\/avatar\/6b1feae555e15404b76616f92d931d12b25ac58024f14ccb43d9d3c012e4c4cf?s=96&d=mm&r=g","contentUrl":"https:\/\/secure.gravatar.com\/avatar\/6b1feae555e15404b76616f92d931d12b25ac58024f14ccb43d9d3c012e4c4cf?s=96&d=mm&r=g","caption":"Joda J"},"url":"https:\/\/www.latitude-15.com\/fr\/author\/joda\/"}]}},"_links":{"self":[{"href":"https:\/\/www.latitude-15.com\/fr\/wp-json\/wp\/v2\/posts\/21897","targetHints":{"allow":["GET"]}}],"collection":[{"href":"https:\/\/www.latitude-15.com\/fr\/wp-json\/wp\/v2\/posts"}],"about":[{"href":"https:\/\/www.latitude-15.com\/fr\/wp-json\/wp\/v2\/types\/post"}],"author":[{"embeddable":true,"href":"https:\/\/www.latitude-15.com\/fr\/wp-json\/wp\/v2\/users\/5"}],"replies":[{"embeddable":true,"href":"https:\/\/www.latitude-15.com\/fr\/wp-json\/wp\/v2\/comments?post=21897"}],"version-history":[{"count":1,"href":"https:\/\/www.latitude-15.com\/fr\/wp-json\/wp\/v2\/posts\/21897\/revisions"}],"predecessor-version":[{"id":21898,"href":"https:\/\/www.latitude-15.com\/fr\/wp-json\/wp\/v2\/posts\/21897\/revisions\/21898"}],"wp:featuredmedia":[{"embeddable":true,"href":"https:\/\/www.latitude-15.com\/fr\/wp-json\/wp\/v2\/media\/21896"}],"wp:attachment":[{"href":"https:\/\/www.latitude-15.com\/fr\/wp-json\/wp\/v2\/media?parent=21897"}],"wp:term":[{"taxonomy":"category","embeddable":true,"href":"https:\/\/www.latitude-15.com\/fr\/wp-json\/wp\/v2\/categories?post=21897"},{"taxonomy":"post_tag","embeddable":true,"href":"https:\/\/www.latitude-15.com\/fr\/wp-json\/wp\/v2\/tags?post=21897"}],"curies":[{"name":"wp","href":"https:\/\/api.w.org\/{rel}","templated":true}]}}