{"id":21827,"date":"2026-03-19T13:43:56","date_gmt":"2026-03-19T17:43:56","guid":{"rendered":"https:\/\/www.latitude-15.com\/la-strategie-saf-de-la-jamaique-ouvre-une-nouvelle-frontiere-energetique-pour-laviation-caribeenne\/"},"modified":"2026-03-19T22:19:59","modified_gmt":"2026-03-20T02:19:59","slug":"la-strategie-saf-de-la-jamaique-ouvre-une-nouvelle-frontiere-energetique-pour-laviation-caribeenne","status":"publish","type":"post","link":"https:\/\/www.latitude-15.com\/fr\/la-strategie-saf-de-la-jamaique-ouvre-une-nouvelle-frontiere-energetique-pour-laviation-caribeenne\/","title":{"rendered":"La strat\u00e9gie SAF de la Jama\u00efque ouvre une nouvelle fronti\u00e8re \u00e9nerg\u00e9tique pour l\u2019aviation carib\u00e9enne"},"content":{"rendered":"\n<p>La Jama\u00efque a franchi une \u00e9tape d\u00e9cisive vers une aviation plus durable avec le lancement d\u2019une \u00e9tude de faisabilit\u00e9 sur les Sustainable Aviation Fuels (SAF). Cette initiative marque un tournant non seulement pour la strat\u00e9gie nationale de transport, mais aussi pour l\u2019ensemble du paysage a\u00e9rien carib\u00e9en.<\/p>\n\n<p>Annonc\u00e9e le 20 janvier 2026 au si\u00e8ge de la Jamaica Civil Aviation Authority (JCAA) \u00e0 Kingston, l\u2019\u00e9tude vise \u00e0 \u00e9valuer le potentiel du pays \u00e0 produire et int\u00e9grer des carburants a\u00e9ronautiques durables dans une trajectoire de transition vers une \u00e9conomie bas carbone et r\u00e9siliente face au changement climatique.<\/p>\n\n<p>Au-del\u00e0 de son p\u00e9rim\u00e8tre technique, cette d\u00e9marche traduit une \u00e9volution plus profonde : un repositionnement strat\u00e9gique des \u00e9conomies insulaires carib\u00e9ennes dans l\u2019avenir de l\u2019aviation mondiale.<\/p>\n\n<figure class=\"wp-block-image size-large\"><img fetchpriority=\"high\" decoding=\"async\" width=\"1024\" height=\"704\" src=\"https:\/\/www.latitude-15.com\/wp-content\/uploads\/2026\/03\/AWP_6279-2-1200x825-1-1024x704.jpg\" alt=\"\" class=\"wp-image-21823\" srcset=\"https:\/\/www.latitude-15.com\/wp-content\/uploads\/2026\/03\/AWP_6279-2-1200x825-1-1024x704.jpg 1024w, https:\/\/www.latitude-15.com\/wp-content\/uploads\/2026\/03\/AWP_6279-2-1200x825-1-300x206.jpg 300w, https:\/\/www.latitude-15.com\/wp-content\/uploads\/2026\/03\/AWP_6279-2-1200x825-1-768x528.jpg 768w, https:\/\/www.latitude-15.com\/wp-content\/uploads\/2026\/03\/AWP_6279-2-1200x825-1.jpg 1200w\" sizes=\"(max-width: 1024px) 100vw, 1024px\" \/><figcaption class=\"wp-element-caption\"><em>Photo : Adrian Walker<br\/>Le ministre de l\u00c9nergie, des Transports et des T\u00e9l\u00e9communications, lhon. Daryl Vaz (centre), pose pour une photo avec la directrice g\u00e9n\u00e9rale par int\u00e9rim de la Jamaica Civil Aviation Authority (JCAA), Nicole Morgan (quatri\u00e8me \u00e0 droite), et dautres parties prenantes lors du lancement officiel de l\u00e9tude de faisabilit\u00e9 sur les carburants daviation durables (SAF) de la Jama\u00efque au si\u00e8ge de la JCAA \u00e0 Kingston, le mardi 20 janvier. <\/em><\/figcaption><\/figure>\n\n<h2 class=\"wp-block-heading\">Une approche structur\u00e9e de l\u2019aviation durable<\/h2>\n\n<p>Conduite par ICF Consulting, l\u2019\u00e9tude de faisabilit\u00e9 constituera la premi\u00e8re \u00e9valuation compl\u00e8te et fond\u00e9e sur des donn\u00e9es du potentiel SAF en Jama\u00efque. Son champ d\u2019analyse d\u00e9passe largement les seules consid\u00e9rations environnementales. <\/p>\n\n<p>Elle portera sur les ressources disponibles \u2014 notamment les huiles de cuisson usag\u00e9es, les sous-produits agricoles et d\u2019autres mati\u00e8res renouvelables \u2014 ainsi que sur les infrastructures \u00e9nerg\u00e9tiques existantes, la demande a\u00e9rienne, les opportunit\u00e9s d\u2019exportation et l\u2019environnement r\u00e9glementaire et d\u2019investissement. Les contraintes cl\u00e9s, telles que les co\u00fbts de production, les \u00e9conomies d\u2019\u00e9chelle et la comp\u00e9titivit\u00e9, seront \u00e9galement analys\u00e9es. <\/p>\n\n<p>Pour les d\u00e9cideurs publics, l\u2019objectif est clair : construire une feuille de route r\u00e9aliste pour int\u00e9grer les SAF dans l\u2019\u00e9cosyst\u00e8me a\u00e9rien jama\u00efcain, tout en identifiant des trajectoires d\u2019investissement viables.<\/p>\n\n<p>Comme l\u2019a soulign\u00e9 le ministre de l\u2019\u00c9nergie, des Transports et des T\u00e9l\u00e9communications, Daryl Vaz, cette initiative marque le point de d\u00e9part d\u2019une r\u00e9flexion nationale sur l\u2019\u00e9nergie propre et le r\u00f4le de la Jama\u00efque dans l\u2019aviation mondiale.<\/p>\n\n<h2 class=\"wp-block-heading\">La pression climatique comme moteur de transformation<\/h2>\n\n<p>Pour la Jama\u00efque, la transition vers une aviation durable ne rel\u00e8ve pas d\u2019un choix, mais d\u2019une n\u00e9cessit\u00e9. En tant que petit \u00c9tat insulaire en d\u00e9veloppement, le pays est fortement expos\u00e9 aux risques climatiques. <\/p>\n\n<p>Les \u00e9v\u00e9nements r\u00e9cents, notamment l\u2019ouragan Beryl en 2024 et l\u2019ouragan Melissa en 2025, ont renforc\u00e9 l\u2019urgence de d\u00e9velopper la r\u00e9silience des infrastructures critiques, dont le transport a\u00e9rien.<\/p>\n\n<p>Dans ce contexte, les SAF apparaissent comme un levier strat\u00e9gique. Ils permettent de r\u00e9duire les \u00e9missions de carbone sur l\u2019ensemble du cycle de vie jusqu\u2019\u00e0 80 %, tout en \u00e9tant enti\u00e8rement compatibles avec les avions et infrastructures existants. Cette compatibilit\u00e9 constitue un avantage majeur, en levant l\u2019un des principaux freins \u00e0 leur adoption.  <\/p>\n\n<p>\u201cThe focus on sustainable aviation fuels and other clean energy solutions is, therefore, timely and strategic,\u201d Vaz emphasized.<\/p>\n\n<h2 class=\"wp-block-heading\">Au-del\u00e0 de la d\u00e9carbonation : une opportunit\u00e9 \u00e9conomique<\/h2>\n\n<p>Si l\u2019enjeu climatique est central, la Jama\u00efque envisage clairement les SAF comme une opportunit\u00e9 \u00e9conomique.<\/p>\n\n<p>Le d\u00e9veloppement d\u2019une fili\u00e8re locale pourrait g\u00e9n\u00e9rer de multiples retomb\u00e9es : cr\u00e9ation d\u2019emplois, \u00e9mergence de nouvelles cha\u00eenes de valeur vertes, investissements dans les secteurs agricoles et dans la valorisation \u00e9nerg\u00e9tique des d\u00e9chets. Il pourrait \u00e9galement renforcer la s\u00e9curit\u00e9 \u00e9nerg\u00e9tique d\u2019une r\u00e9gion encore largement d\u00e9pendante des importations de combustibles fossiles. <\/p>\n\n<p>Plus encore, l\u2019\u00e9tude met en avant un potentiel d\u2019exportation. En s\u2019appuyant sur ses ressources locales et sa position g\u00e9ographique, la Jama\u00efque pourrait s\u2019int\u00e9grer aux futures cha\u00eenes d\u2019approvisionnement mondiales en SAF, soutenues par les objectifs internationaux de d\u00e9carbonation de l\u2019aviation. <\/p>\n\n<p>Les r\u00e9sultats attendus doivent orienter les d\u00e9cisions publiques, attirer les investissements et positionner le pays sur les march\u00e9s \u00e9mergents du carbone et de l\u2019\u00e9nergie propre.<\/p>\n\n<h2 class=\"wp-block-heading\">La Jama\u00efque, r\u00e9v\u00e9latrice d\u2019une mutation r\u00e9gionale<\/h2>\n\n<p>Bien que port\u00e9e \u00e0 l\u2019\u00e9chelle nationale, cette initiative d\u00e9passe largement le cadre jama\u00efcain.<\/p>\n\n<p>La connectivit\u00e9 a\u00e9rienne reste le socle des \u00e9conomies insulaires, dont le d\u00e9veloppement touristique d\u00e9pend fortement des flux a\u00e9riens. Parall\u00e8lement, ces territoires sont particuli\u00e8rement expos\u00e9s aux effets du changement climatique, ce qui cr\u00e9e une double contrainte : maintenir la connectivit\u00e9 tout en r\u00e9duisant l\u2019empreinte environnementale. <\/p>\n\n<p>Dans ce contexte, la strat\u00e9gie SAF de la Jama\u00efque appara\u00eet comme un mod\u00e8le pr\u00e9curseur. Elle illustre la mani\u00e8re dont les \u00c9tats insulaires peuvent mobiliser leurs ressources locales \u2014 r\u00e9sidus agricoles, d\u00e9chets, biomasse \u2014 pour s\u2019inscrire dans la transition \u00e9nerg\u00e9tique d\u2019une industrie mondiale. <\/p>\n\n<p>Elle traduit \u00e9galement une \u00e9volution du r\u00f4le des autorit\u00e9s de l\u2019aviation. Comme l\u2019a soulign\u00e9 Nicole Morgan, directrice g\u00e9n\u00e9rale par int\u00e9rim de la JCAA, les r\u00e9gulateurs ne se limitent plus \u00e0 des fonctions de contr\u00f4le : ils deviennent des acteurs de facilitation de l\u2019innovation et de transformation sectorielle \u00e0 long terme. <\/p>\n\n<h2 class=\"wp-block-heading\">Vers un nouveau paradigme aviation-\u00e9nergie<\/h2>\n\n<p>L\u2019initiative jama\u00efcaine illustre une transformation plus large : l\u2019aviation ne se limite plus \u00e0 un secteur de transport, elle devient un \u00e9cosyst\u00e8me \u00e9nerg\u00e9tique.<\/p>\n\n<p>Pour la Cara\u00efbe, cette \u00e9volution ouvre une nouvelle fronti\u00e8re strat\u00e9gique. En alignant objectifs climatiques, d\u00e9veloppement industriel et diversification \u00e9nerg\u00e9tique, les \u00e9conomies insulaires peuvent d\u00e9passer leur r\u00f4le traditionnel de destinations pour devenir des acteurs \u00e0 part enti\u00e8re de l\u2019avenir de l\u2019aviation. <\/p>\n\n<p>L\u2019\u00e9tude de faisabilit\u00e9 n\u2019est qu\u2019une premi\u00e8re \u00e9tape. Mais elle pose les bases d\u2019une transformation potentiellement structurante pour la r\u00e9gion \u2014 une transformation dans laquelle la Cara\u00efbe ne se contente plus d\u2019\u00eatre connect\u00e9e au monde, mais contribue aussi \u00e0 alimenter sa mobilit\u00e9. <\/p>\n","protected":false},"excerpt":{"rendered":"<p>La Jama\u00efque a franchi une \u00e9tape d\u00e9cisive vers une aviation plus durable avec le lancement d\u2019une \u00e9tude de faisabilit\u00e9 sur les Sustainable Aviation Fuels (SAF). Cette initiative marque un tournant non seulement pour la strat\u00e9gie nationale de transport, mais aussi pour l\u2019ensemble du paysage a\u00e9rien carib\u00e9en. Annonc\u00e9e le 20 janvier 2026 au si\u00e8ge de la [&hellip;]<\/p>\n","protected":false},"author":5,"featured_media":21826,"comment_status":"open","ping_status":"closed","sticky":false,"template":"","format":"standard","meta":{"footnotes":""},"categories":[97,112],"tags":[],"class_list":["post-21827","post","type-post","status-publish","format-standard","has-post-thumbnail","hentry","category-aviation-fr","category-durabilite-et-transition-energetique"],"yoast_head":"<!-- This site is optimized with the Yoast SEO plugin v26.9 - https:\/\/yoast.com\/product\/yoast-seo-wordpress\/ -->\n<title>La strat\u00e9gie SAF de la Jama\u00efque ouvre une nouvelle fronti\u00e8re \u00e9nerg\u00e9tique pour l\u2019aviation carib\u00e9enne - LATITUDE 15<\/title>\n<meta name=\"description\" content=\"La Jama\u00efque lance une \u00e9tude de faisabilit\u00e9 sur les carburants daviation durables, positionnant les Cara\u00efbes comme un futur p\u00f4le pour laviation \u00e0 faible \u00e9mission de carbone\" \/>\n<meta name=\"robots\" content=\"index, follow, max-snippet:-1, max-image-preview:large, max-video-preview:-1\" \/>\n<link rel=\"canonical\" href=\"https:\/\/www.latitude-15.com\/fr\/la-strategie-saf-de-la-jamaique-ouvre-une-nouvelle-frontiere-energetique-pour-laviation-caribeenne\/\" \/>\n<meta property=\"og:locale\" content=\"fr_FR\" \/>\n<meta property=\"og:type\" content=\"article\" \/>\n<meta property=\"og:title\" content=\"La strat\u00e9gie SAF de la Jama\u00efque ouvre une nouvelle fronti\u00e8re \u00e9nerg\u00e9tique pour l\u2019aviation carib\u00e9enne - LATITUDE 15\" \/>\n<meta property=\"og:description\" content=\"La Jama\u00efque lance une \u00e9tude de faisabilit\u00e9 sur les carburants daviation durables, positionnant les Cara\u00efbes comme un futur p\u00f4le pour laviation \u00e0 faible \u00e9mission de carbone\" \/>\n<meta property=\"og:url\" content=\"https:\/\/www.latitude-15.com\/fr\/la-strategie-saf-de-la-jamaique-ouvre-une-nouvelle-frontiere-energetique-pour-laviation-caribeenne\/\" \/>\n<meta property=\"og:site_name\" content=\"LATITUDE 15\" \/>\n<meta property=\"article:published_time\" content=\"2026-03-19T17:43:56+00:00\" \/>\n<meta property=\"article:modified_time\" content=\"2026-03-20T02:19:59+00:00\" \/>\n<meta property=\"og:image\" content=\"https:\/\/www.latitude-15.com\/wp-content\/uploads\/2026\/03\/pexels-julia-volk-7292747.jpg\" \/>\n\t<meta property=\"og:image:width\" content=\"1920\" \/>\n\t<meta property=\"og:image:height\" content=\"1280\" \/>\n\t<meta property=\"og:image:type\" content=\"image\/jpeg\" \/>\n<meta name=\"author\" content=\"Joda J\" \/>\n<meta name=\"twitter:card\" content=\"summary_large_image\" \/>\n<meta name=\"twitter:label1\" content=\"\u00c9crit par\" \/>\n\t<meta name=\"twitter:data1\" content=\"Joda J\" \/>\n\t<meta name=\"twitter:label2\" content=\"Dur\u00e9e de lecture estim\u00e9e\" \/>\n\t<meta name=\"twitter:data2\" content=\"5 minutes\" \/>\n<script type=\"application\/ld+json\" class=\"yoast-schema-graph\">{\"@context\":\"https:\/\/schema.org\",\"@graph\":[{\"@type\":\"Article\",\"@id\":\"https:\/\/www.latitude-15.com\/fr\/la-strategie-saf-de-la-jamaique-ouvre-une-nouvelle-frontiere-energetique-pour-laviation-caribeenne\/#article\",\"isPartOf\":{\"@id\":\"https:\/\/www.latitude-15.com\/fr\/la-strategie-saf-de-la-jamaique-ouvre-une-nouvelle-frontiere-energetique-pour-laviation-caribeenne\/\"},\"author\":{\"name\":\"Joda J\",\"@id\":\"https:\/\/www.latitude-15.com\/fr\/#\/schema\/person\/dac52e7ff44c78317f337da112e37252\"},\"headline\":\"La strat\u00e9gie SAF de la Jama\u00efque ouvre une nouvelle fronti\u00e8re \u00e9nerg\u00e9tique pour l\u2019aviation carib\u00e9enne\",\"datePublished\":\"2026-03-19T17:43:56+00:00\",\"dateModified\":\"2026-03-20T02:19:59+00:00\",\"mainEntityOfPage\":{\"@id\":\"https:\/\/www.latitude-15.com\/fr\/la-strategie-saf-de-la-jamaique-ouvre-une-nouvelle-frontiere-energetique-pour-laviation-caribeenne\/\"},\"wordCount\":1068,\"commentCount\":0,\"publisher\":{\"@id\":\"https:\/\/www.latitude-15.com\/fr\/#organization\"},\"image\":{\"@id\":\"https:\/\/www.latitude-15.com\/fr\/la-strategie-saf-de-la-jamaique-ouvre-une-nouvelle-frontiere-energetique-pour-laviation-caribeenne\/#primaryimage\"},\"thumbnailUrl\":\"https:\/\/www.latitude-15.com\/wp-content\/uploads\/2026\/03\/pexels-julia-volk-7292747.jpg\",\"articleSection\":[\"AVIATION\",\"Durabilit\u00e9 et transition \u00e9nerg\u00e9tique\"],\"inLanguage\":\"fr-FR\",\"potentialAction\":[{\"@type\":\"CommentAction\",\"name\":\"Comment\",\"target\":[\"https:\/\/www.latitude-15.com\/fr\/la-strategie-saf-de-la-jamaique-ouvre-une-nouvelle-frontiere-energetique-pour-laviation-caribeenne\/#respond\"]}]},{\"@type\":\"WebPage\",\"@id\":\"https:\/\/www.latitude-15.com\/fr\/la-strategie-saf-de-la-jamaique-ouvre-une-nouvelle-frontiere-energetique-pour-laviation-caribeenne\/\",\"url\":\"https:\/\/www.latitude-15.com\/fr\/la-strategie-saf-de-la-jamaique-ouvre-une-nouvelle-frontiere-energetique-pour-laviation-caribeenne\/\",\"name\":\"La strat\u00e9gie SAF de la Jama\u00efque ouvre une nouvelle fronti\u00e8re \u00e9nerg\u00e9tique pour l\u2019aviation carib\u00e9enne - LATITUDE 15\",\"isPartOf\":{\"@id\":\"https:\/\/www.latitude-15.com\/fr\/#website\"},\"primaryImageOfPage\":{\"@id\":\"https:\/\/www.latitude-15.com\/fr\/la-strategie-saf-de-la-jamaique-ouvre-une-nouvelle-frontiere-energetique-pour-laviation-caribeenne\/#primaryimage\"},\"image\":{\"@id\":\"https:\/\/www.latitude-15.com\/fr\/la-strategie-saf-de-la-jamaique-ouvre-une-nouvelle-frontiere-energetique-pour-laviation-caribeenne\/#primaryimage\"},\"thumbnailUrl\":\"https:\/\/www.latitude-15.com\/wp-content\/uploads\/2026\/03\/pexels-julia-volk-7292747.jpg\",\"datePublished\":\"2026-03-19T17:43:56+00:00\",\"dateModified\":\"2026-03-20T02:19:59+00:00\",\"description\":\"La Jama\u00efque lance une \u00e9tude de faisabilit\u00e9 sur les carburants daviation durables, positionnant les Cara\u00efbes comme un futur p\u00f4le pour laviation \u00e0 faible \u00e9mission de carbone\",\"breadcrumb\":{\"@id\":\"https:\/\/www.latitude-15.com\/fr\/la-strategie-saf-de-la-jamaique-ouvre-une-nouvelle-frontiere-energetique-pour-laviation-caribeenne\/#breadcrumb\"},\"inLanguage\":\"fr-FR\",\"potentialAction\":[{\"@type\":\"ReadAction\",\"target\":[\"https:\/\/www.latitude-15.com\/fr\/la-strategie-saf-de-la-jamaique-ouvre-une-nouvelle-frontiere-energetique-pour-laviation-caribeenne\/\"]}]},{\"@type\":\"ImageObject\",\"inLanguage\":\"fr-FR\",\"@id\":\"https:\/\/www.latitude-15.com\/fr\/la-strategie-saf-de-la-jamaique-ouvre-une-nouvelle-frontiere-energetique-pour-laviation-caribeenne\/#primaryimage\",\"url\":\"https:\/\/www.latitude-15.com\/wp-content\/uploads\/2026\/03\/pexels-julia-volk-7292747.jpg\",\"contentUrl\":\"https:\/\/www.latitude-15.com\/wp-content\/uploads\/2026\/03\/pexels-julia-volk-7292747.jpg\",\"width\":1920,\"height\":1280,\"caption\":\"SAF Jama\u00efque\"},{\"@type\":\"BreadcrumbList\",\"@id\":\"https:\/\/www.latitude-15.com\/fr\/la-strategie-saf-de-la-jamaique-ouvre-une-nouvelle-frontiere-energetique-pour-laviation-caribeenne\/#breadcrumb\",\"itemListElement\":[{\"@type\":\"ListItem\",\"position\":1,\"name\":\"Home\",\"item\":\"https:\/\/www.latitude-15.com\/fr\/accueil\/\"},{\"@type\":\"ListItem\",\"position\":2,\"name\":\"La strat\u00e9gie SAF de la Jama\u00efque ouvre une nouvelle fronti\u00e8re \u00e9nerg\u00e9tique pour l\u2019aviation carib\u00e9enne\"}]},{\"@type\":\"WebSite\",\"@id\":\"https:\/\/www.latitude-15.com\/fr\/#website\",\"url\":\"https:\/\/www.latitude-15.com\/fr\/\",\"name\":\"LATITUDE 15\",\"description\":\"Aviation and maritime Magazine - Caribbean &amp; Latin America\",\"publisher\":{\"@id\":\"https:\/\/www.latitude-15.com\/fr\/#organization\"},\"potentialAction\":[{\"@type\":\"SearchAction\",\"target\":{\"@type\":\"EntryPoint\",\"urlTemplate\":\"https:\/\/www.latitude-15.com\/fr\/?s={search_term_string}\"},\"query-input\":{\"@type\":\"PropertyValueSpecification\",\"valueRequired\":true,\"valueName\":\"search_term_string\"}}],\"inLanguage\":\"fr-FR\"},{\"@type\":\"Organization\",\"@id\":\"https:\/\/www.latitude-15.com\/fr\/#organization\",\"name\":\"LATITUDE 15\",\"url\":\"https:\/\/www.latitude-15.com\/fr\/\",\"logo\":{\"@type\":\"ImageObject\",\"inLanguage\":\"fr-FR\",\"@id\":\"https:\/\/www.latitude-15.com\/fr\/#\/schema\/logo\/image\/\",\"url\":\"https:\/\/www.latitude-15.com\/wp-content\/uploads\/2026\/01\/cropped-logox500px.png\",\"contentUrl\":\"https:\/\/www.latitude-15.com\/wp-content\/uploads\/2026\/01\/cropped-logox500px.png\",\"width\":62,\"height\":75,\"caption\":\"LATITUDE 15\"},\"image\":{\"@id\":\"https:\/\/www.latitude-15.com\/fr\/#\/schema\/logo\/image\/\"}},{\"@type\":\"Person\",\"@id\":\"https:\/\/www.latitude-15.com\/fr\/#\/schema\/person\/dac52e7ff44c78317f337da112e37252\",\"name\":\"Joda J\",\"image\":{\"@type\":\"ImageObject\",\"inLanguage\":\"fr-FR\",\"@id\":\"https:\/\/www.latitude-15.com\/fr\/#\/schema\/person\/image\/\",\"url\":\"https:\/\/secure.gravatar.com\/avatar\/6b1feae555e15404b76616f92d931d12b25ac58024f14ccb43d9d3c012e4c4cf?s=96&d=mm&r=g\",\"contentUrl\":\"https:\/\/secure.gravatar.com\/avatar\/6b1feae555e15404b76616f92d931d12b25ac58024f14ccb43d9d3c012e4c4cf?s=96&d=mm&r=g\",\"caption\":\"Joda J\"},\"url\":\"https:\/\/www.latitude-15.com\/fr\/author\/joda\/\"}]}<\/script>\n<!-- \/ Yoast SEO plugin. -->","yoast_head_json":{"title":"La strat\u00e9gie SAF de la Jama\u00efque ouvre une nouvelle fronti\u00e8re \u00e9nerg\u00e9tique pour l\u2019aviation carib\u00e9enne - LATITUDE 15","description":"La Jama\u00efque lance une \u00e9tude de faisabilit\u00e9 sur les carburants daviation durables, positionnant les Cara\u00efbes comme un futur p\u00f4le pour laviation \u00e0 faible \u00e9mission de carbone","robots":{"index":"index","follow":"follow","max-snippet":"max-snippet:-1","max-image-preview":"max-image-preview:large","max-video-preview":"max-video-preview:-1"},"canonical":"https:\/\/www.latitude-15.com\/fr\/la-strategie-saf-de-la-jamaique-ouvre-une-nouvelle-frontiere-energetique-pour-laviation-caribeenne\/","og_locale":"fr_FR","og_type":"article","og_title":"La strat\u00e9gie SAF de la Jama\u00efque ouvre une nouvelle fronti\u00e8re \u00e9nerg\u00e9tique pour l\u2019aviation carib\u00e9enne - LATITUDE 15","og_description":"La Jama\u00efque lance une \u00e9tude de faisabilit\u00e9 sur les carburants daviation durables, positionnant les Cara\u00efbes comme un futur p\u00f4le pour laviation \u00e0 faible \u00e9mission de carbone","og_url":"https:\/\/www.latitude-15.com\/fr\/la-strategie-saf-de-la-jamaique-ouvre-une-nouvelle-frontiere-energetique-pour-laviation-caribeenne\/","og_site_name":"LATITUDE 15","article_published_time":"2026-03-19T17:43:56+00:00","article_modified_time":"2026-03-20T02:19:59+00:00","og_image":[{"width":1920,"height":1280,"url":"https:\/\/www.latitude-15.com\/wp-content\/uploads\/2026\/03\/pexels-julia-volk-7292747.jpg","type":"image\/jpeg"}],"author":"Joda J","twitter_card":"summary_large_image","twitter_misc":{"\u00c9crit par":"Joda J","Dur\u00e9e de lecture estim\u00e9e":"5 minutes"},"schema":{"@context":"https:\/\/schema.org","@graph":[{"@type":"Article","@id":"https:\/\/www.latitude-15.com\/fr\/la-strategie-saf-de-la-jamaique-ouvre-une-nouvelle-frontiere-energetique-pour-laviation-caribeenne\/#article","isPartOf":{"@id":"https:\/\/www.latitude-15.com\/fr\/la-strategie-saf-de-la-jamaique-ouvre-une-nouvelle-frontiere-energetique-pour-laviation-caribeenne\/"},"author":{"name":"Joda J","@id":"https:\/\/www.latitude-15.com\/fr\/#\/schema\/person\/dac52e7ff44c78317f337da112e37252"},"headline":"La strat\u00e9gie SAF de la Jama\u00efque ouvre une nouvelle fronti\u00e8re \u00e9nerg\u00e9tique pour l\u2019aviation carib\u00e9enne","datePublished":"2026-03-19T17:43:56+00:00","dateModified":"2026-03-20T02:19:59+00:00","mainEntityOfPage":{"@id":"https:\/\/www.latitude-15.com\/fr\/la-strategie-saf-de-la-jamaique-ouvre-une-nouvelle-frontiere-energetique-pour-laviation-caribeenne\/"},"wordCount":1068,"commentCount":0,"publisher":{"@id":"https:\/\/www.latitude-15.com\/fr\/#organization"},"image":{"@id":"https:\/\/www.latitude-15.com\/fr\/la-strategie-saf-de-la-jamaique-ouvre-une-nouvelle-frontiere-energetique-pour-laviation-caribeenne\/#primaryimage"},"thumbnailUrl":"https:\/\/www.latitude-15.com\/wp-content\/uploads\/2026\/03\/pexels-julia-volk-7292747.jpg","articleSection":["AVIATION","Durabilit\u00e9 et transition \u00e9nerg\u00e9tique"],"inLanguage":"fr-FR","potentialAction":[{"@type":"CommentAction","name":"Comment","target":["https:\/\/www.latitude-15.com\/fr\/la-strategie-saf-de-la-jamaique-ouvre-une-nouvelle-frontiere-energetique-pour-laviation-caribeenne\/#respond"]}]},{"@type":"WebPage","@id":"https:\/\/www.latitude-15.com\/fr\/la-strategie-saf-de-la-jamaique-ouvre-une-nouvelle-frontiere-energetique-pour-laviation-caribeenne\/","url":"https:\/\/www.latitude-15.com\/fr\/la-strategie-saf-de-la-jamaique-ouvre-une-nouvelle-frontiere-energetique-pour-laviation-caribeenne\/","name":"La strat\u00e9gie SAF de la Jama\u00efque ouvre une nouvelle fronti\u00e8re \u00e9nerg\u00e9tique pour l\u2019aviation carib\u00e9enne - LATITUDE 15","isPartOf":{"@id":"https:\/\/www.latitude-15.com\/fr\/#website"},"primaryImageOfPage":{"@id":"https:\/\/www.latitude-15.com\/fr\/la-strategie-saf-de-la-jamaique-ouvre-une-nouvelle-frontiere-energetique-pour-laviation-caribeenne\/#primaryimage"},"image":{"@id":"https:\/\/www.latitude-15.com\/fr\/la-strategie-saf-de-la-jamaique-ouvre-une-nouvelle-frontiere-energetique-pour-laviation-caribeenne\/#primaryimage"},"thumbnailUrl":"https:\/\/www.latitude-15.com\/wp-content\/uploads\/2026\/03\/pexels-julia-volk-7292747.jpg","datePublished":"2026-03-19T17:43:56+00:00","dateModified":"2026-03-20T02:19:59+00:00","description":"La Jama\u00efque lance une \u00e9tude de faisabilit\u00e9 sur les carburants daviation durables, positionnant les Cara\u00efbes comme un futur p\u00f4le pour laviation \u00e0 faible \u00e9mission de carbone","breadcrumb":{"@id":"https:\/\/www.latitude-15.com\/fr\/la-strategie-saf-de-la-jamaique-ouvre-une-nouvelle-frontiere-energetique-pour-laviation-caribeenne\/#breadcrumb"},"inLanguage":"fr-FR","potentialAction":[{"@type":"ReadAction","target":["https:\/\/www.latitude-15.com\/fr\/la-strategie-saf-de-la-jamaique-ouvre-une-nouvelle-frontiere-energetique-pour-laviation-caribeenne\/"]}]},{"@type":"ImageObject","inLanguage":"fr-FR","@id":"https:\/\/www.latitude-15.com\/fr\/la-strategie-saf-de-la-jamaique-ouvre-une-nouvelle-frontiere-energetique-pour-laviation-caribeenne\/#primaryimage","url":"https:\/\/www.latitude-15.com\/wp-content\/uploads\/2026\/03\/pexels-julia-volk-7292747.jpg","contentUrl":"https:\/\/www.latitude-15.com\/wp-content\/uploads\/2026\/03\/pexels-julia-volk-7292747.jpg","width":1920,"height":1280,"caption":"SAF Jama\u00efque"},{"@type":"BreadcrumbList","@id":"https:\/\/www.latitude-15.com\/fr\/la-strategie-saf-de-la-jamaique-ouvre-une-nouvelle-frontiere-energetique-pour-laviation-caribeenne\/#breadcrumb","itemListElement":[{"@type":"ListItem","position":1,"name":"Home","item":"https:\/\/www.latitude-15.com\/fr\/accueil\/"},{"@type":"ListItem","position":2,"name":"La strat\u00e9gie SAF de la Jama\u00efque ouvre une nouvelle fronti\u00e8re \u00e9nerg\u00e9tique pour l\u2019aviation carib\u00e9enne"}]},{"@type":"WebSite","@id":"https:\/\/www.latitude-15.com\/fr\/#website","url":"https:\/\/www.latitude-15.com\/fr\/","name":"LATITUDE 15","description":"Aviation and maritime Magazine - Caribbean &amp; Latin America","publisher":{"@id":"https:\/\/www.latitude-15.com\/fr\/#organization"},"potentialAction":[{"@type":"SearchAction","target":{"@type":"EntryPoint","urlTemplate":"https:\/\/www.latitude-15.com\/fr\/?s={search_term_string}"},"query-input":{"@type":"PropertyValueSpecification","valueRequired":true,"valueName":"search_term_string"}}],"inLanguage":"fr-FR"},{"@type":"Organization","@id":"https:\/\/www.latitude-15.com\/fr\/#organization","name":"LATITUDE 15","url":"https:\/\/www.latitude-15.com\/fr\/","logo":{"@type":"ImageObject","inLanguage":"fr-FR","@id":"https:\/\/www.latitude-15.com\/fr\/#\/schema\/logo\/image\/","url":"https:\/\/www.latitude-15.com\/wp-content\/uploads\/2026\/01\/cropped-logox500px.png","contentUrl":"https:\/\/www.latitude-15.com\/wp-content\/uploads\/2026\/01\/cropped-logox500px.png","width":62,"height":75,"caption":"LATITUDE 15"},"image":{"@id":"https:\/\/www.latitude-15.com\/fr\/#\/schema\/logo\/image\/"}},{"@type":"Person","@id":"https:\/\/www.latitude-15.com\/fr\/#\/schema\/person\/dac52e7ff44c78317f337da112e37252","name":"Joda J","image":{"@type":"ImageObject","inLanguage":"fr-FR","@id":"https:\/\/www.latitude-15.com\/fr\/#\/schema\/person\/image\/","url":"https:\/\/secure.gravatar.com\/avatar\/6b1feae555e15404b76616f92d931d12b25ac58024f14ccb43d9d3c012e4c4cf?s=96&d=mm&r=g","contentUrl":"https:\/\/secure.gravatar.com\/avatar\/6b1feae555e15404b76616f92d931d12b25ac58024f14ccb43d9d3c012e4c4cf?s=96&d=mm&r=g","caption":"Joda J"},"url":"https:\/\/www.latitude-15.com\/fr\/author\/joda\/"}]}},"_links":{"self":[{"href":"https:\/\/www.latitude-15.com\/fr\/wp-json\/wp\/v2\/posts\/21827","targetHints":{"allow":["GET"]}}],"collection":[{"href":"https:\/\/www.latitude-15.com\/fr\/wp-json\/wp\/v2\/posts"}],"about":[{"href":"https:\/\/www.latitude-15.com\/fr\/wp-json\/wp\/v2\/types\/post"}],"author":[{"embeddable":true,"href":"https:\/\/www.latitude-15.com\/fr\/wp-json\/wp\/v2\/users\/5"}],"replies":[{"embeddable":true,"href":"https:\/\/www.latitude-15.com\/fr\/wp-json\/wp\/v2\/comments?post=21827"}],"version-history":[{"count":1,"href":"https:\/\/www.latitude-15.com\/fr\/wp-json\/wp\/v2\/posts\/21827\/revisions"}],"predecessor-version":[{"id":21828,"href":"https:\/\/www.latitude-15.com\/fr\/wp-json\/wp\/v2\/posts\/21827\/revisions\/21828"}],"wp:featuredmedia":[{"embeddable":true,"href":"https:\/\/www.latitude-15.com\/fr\/wp-json\/wp\/v2\/media\/21826"}],"wp:attachment":[{"href":"https:\/\/www.latitude-15.com\/fr\/wp-json\/wp\/v2\/media?parent=21827"}],"wp:term":[{"taxonomy":"category","embeddable":true,"href":"https:\/\/www.latitude-15.com\/fr\/wp-json\/wp\/v2\/categories?post=21827"},{"taxonomy":"post_tag","embeddable":true,"href":"https:\/\/www.latitude-15.com\/fr\/wp-json\/wp\/v2\/tags?post=21827"}],"curies":[{"name":"wp","href":"https:\/\/api.w.org\/{rel}","templated":true}]}}