{"id":21732,"date":"2026-03-18T11:44:56","date_gmt":"2026-03-18T15:44:56","guid":{"rendered":"https:\/\/www.latitude-15.com\/croissance-de-laeroport-international-de-curacao-un-modele-resilient-sous-contraintes-structurelles\/"},"modified":"2026-03-18T22:56:49","modified_gmt":"2026-03-19T02:56:49","slug":"croissance-de-laeroport-international-de-curacao-un-modele-resilient-sous-contraintes-structurelles","status":"publish","type":"post","link":"https:\/\/www.latitude-15.com\/fr\/croissance-de-laeroport-international-de-curacao-un-modele-resilient-sous-contraintes-structurelles\/","title":{"rendered":"Croissance de l\u2019a\u00e9roport international de Cura\u00e7ao : un mod\u00e8le r\u00e9silient sous contraintes structurelles"},"content":{"rendered":"\n<p>Dans un environnement a\u00e9rien marqu\u00e9 par l\u2019instabilit\u00e9 g\u00e9opolitique, les perturbations de l\u2019espace a\u00e9rien et les tensions op\u00e9rationnelles, la croissance devient plus difficile \u00e0 maintenir \u2014 en particulier pour les \u00e9conomies insulaires o\u00f9 la connectivit\u00e9 a\u00e9rienne n\u2019est pas une option, mais une n\u00e9cessit\u00e9.<\/p>\n\n<p>Dans ce contexte, l\u2019a\u00e9roport international de Cura\u00e7ao a enregistr\u00e9 une performance record en 2025, avec 2,46 millions de passagers, soit une hausse de 17 % sur un an. \u00c0 premi\u00e8re vue, ces chiffres traduisent un fort rebond. Mais au-del\u00e0 de cette progression, Cura\u00e7ao propose surtout un mod\u00e8le structur\u00e9 et r\u00e9silient de d\u00e9veloppement a\u00e9roportuaire \u2014 bien que toujours contraint par des limites structurelles.  <\/p>\n\n<h2 class=\"wp-block-heading\">Une ann\u00e9e record\u2026 mais une lecture plus nuanc\u00e9e<\/h2>\n\n<p>La croissance du trafic \u00e0 Cura\u00e7ao refl\u00e8te une reprise solide, \u00e0 la fois sur les flux entrants et sortants. L\u2019a\u00e9roport a enregistr\u00e9 894 000 passagers internationaux au d\u00e9part et plus de 1,07 million \u00e0 l\u2019arriv\u00e9e, soit une progression d\u2019environ 9 \u00e0 10 % par rapport \u00e0 2024. Dans le m\u00eame temps, la capacit\u00e9 en si\u00e8ges a augment\u00e9 de 22 %, avec un coefficient de remplissage relativement \u00e9lev\u00e9 de 81 %.  <\/p>\n\n<p>Ces indicateurs d\u00e9passent le simple rebond conjoncturel. Ils traduisent un syst\u00e8me capable d\u2019aligner capacit\u00e9 et demande, tout en maintenant une efficacit\u00e9 op\u00e9rationnelle dans un environnement instable. <\/p>\n\n<p>Cependant, la croissance seule ne suffit pas \u00e0 expliquer cette performance. La trajectoire de Cura\u00e7ao semble davantage li\u00e9e \u00e0 la structuration du trafic qu\u2019\u00e0 son volume. <\/p>\n\n<h2 class=\"wp-block-heading\">La diversification comme amortisseur face \u00e0 la volatilit\u00e9<\/h2>\n\n<p>L\u2019un des \u00e9l\u00e9ments cl\u00e9s du mod\u00e8le de Cura\u00e7ao r\u00e9side dans la composition de son trafic. Contrairement \u00e0 de nombreuses destinations insulaires fortement d\u00e9pendantes d\u2019un seul march\u00e9 \u00e9metteur, Cura\u00e7ao r\u00e9partit sa demande entre plusieurs zones : l\u2019Europe repr\u00e9sente 33 % du trafic, suivie des \u00c9tats-Unis (22 %), de l\u2019Am\u00e9rique du Sud (20 %) et de la Cara\u00efbe (17 %). <\/p>\n\n<p>Cette diversification joue un r\u00f4le d\u00e9terminant dans la gestion des risques. Lorsqu\u2019un march\u00e9 ralentit, d\u2019autres peuvent compenser. Elle permet \u00e9galement une meilleure adaptation aux chocs externes, qu\u2019ils soient \u00e9conomiques ou g\u00e9opolitiques.  <\/p>\n\n<p>N\u00e9anmoins, cet \u00e9quilibre pr\u00e9sente ses limites. L\u2019Europe \u2014 principalement les Pays-Bas \u2014 reste le premier march\u00e9, ce qui signifie que l\u2019exposition structurelle n\u2019est pas totalement supprim\u00e9e. Dans une \u00e9conomie insulaire, la diversification r\u00e9duit la vuln\u00e9rabilit\u00e9, sans l\u2019\u00e9liminer.  <\/p>\n\n<h2 class=\"wp-block-heading\">Les partenariats a\u00e9riens comme levier strat\u00e9gique<\/h2>\n\n<p>Si la diversification apporte de la stabilit\u00e9, les relations avec les compagnies a\u00e9riennes apparaissent comme le v\u00e9ritable moteur de la performance de Cura\u00e7ao International Airport.<\/p>\n\n<p>Le r\u00e9seau de l\u2019a\u00e9roport \u2014 compos\u00e9 de 22 compagnies partenaires et 24 destinations \u2014 ne s\u2019est pas d\u00e9velopp\u00e9 de mani\u00e8re expansive, mais plut\u00f4t cibl\u00e9e. Les nouvelles liaisons, comme celles op\u00e9r\u00e9es par LATAM entre Lima et Cura\u00e7ao ou par American Airlines depuis Chicago, illustrent une strat\u00e9gie s\u00e9lective visant \u00e0 renforcer la connectivit\u00e9 sans surdimensionner l\u2019offre. <\/p>\n\n<p>Plus encore, les compagnies mettent en avant la qualit\u00e9 de leur collaboration avec l\u2019a\u00e9roport. L\u2019une d\u2019elles \u00e9voque : <\/p>\n\n<blockquote class=\"wp-block-quote is-layout-flow wp-block-quote-is-layout-flow\">\n<p>\u201ca continuous partnership approach, one based on trust, transparency, and a shared interest in sustainable growth\u201d<\/p>\n<\/blockquote>\n\n<p>Une autre souligne le positionnement de Cura\u00e7ao comme : \u201ca valuable and dependable destination within our network\u201d<\/p>\n\n<p>Ces t\u00e9moignages traduisent une \u00e9volution dans la relation entre a\u00e9roports et compagnies. L\u2019a\u00e9roport ne se limite plus \u00e0 un r\u00f4le d\u2019infrastructure : il se positionne comme un partenaire strat\u00e9gique de long terme dans le d\u00e9veloppement des routes et des march\u00e9s. <\/p>\n\n<h2 class=\"wp-block-heading\">Construire un r\u00e9seau plut\u00f4t qu\u2019additionner des lignes<\/h2>\n\n<p>La strat\u00e9gie de d\u00e9veloppement des routes \u00e0 Cura\u00e7ao renforce cette logique. L\u2019ouverture de liaisons vers Lima, Medell\u00edn, Saint-Martin ou Chicago s\u2019inscrit dans une volont\u00e9 de connecter l\u2019\u00eele \u00e0 plusieurs corridors \u00e9conomiques et g\u00e9ographiques. <\/p>\n\n<p>Il ne s\u2019agit pas d\u2019une strat\u00e9gie de hub classique. Les passagers en correspondance repr\u00e9sentent environ 14 % du trafic total \u2014 une part significative, mais non dominante. Cura\u00e7ao fonctionne plut\u00f4t comme une plateforme hybride, combinant flux touristiques point-\u00e0-point et connectivit\u00e9 r\u00e9gionale.  <\/p>\n\n<p>Ce mod\u00e8le offre de la flexibilit\u00e9, mais exige un ajustement fin. Avec une capacit\u00e9 en si\u00e8ges qui augmente plus rapidement que le trafic, le maintien de bons coefficients de remplissage d\u00e9pendra de la capacit\u00e9 \u00e0 soutenir la demande sur l\u2019ensemble des march\u00e9s. <\/p>\n\n<h2 class=\"wp-block-heading\">La gouvernance, moteur discret de la performance<\/h2>\n\n<p>Au-del\u00e0 du trafic et du r\u00e9seau, la performance de Cura\u00e7ao repose \u00e9galement sur sa gouvernance.<\/p>\n\n<p>L\u2019a\u00e9roport s\u2019inscrit dans un \u00e9cosyst\u00e8me coordonn\u00e9 r\u00e9unissant Cura\u00e7ao Airport Partners, Cura\u00e7ao Airport Holding, les autorit\u00e9s publiques et les acteurs du tourisme. Cet alignement permet d\u2019int\u00e9grer directement la strat\u00e9gie a\u00e9rienne dans les objectifs \u00e9conomiques globaux, notamment en mati\u00e8re de tourisme. <\/p>\n\n<p>La reconnaissance obtenue lors des Routes Americas Awards 2026, o\u00f9 Cura\u00e7ao a \u00e9t\u00e9 d\u00e9sign\u00e9 meilleur a\u00e9roport de moins de 5 millions de passagers, illustre cette approche collective. Fait notable, ces distinctions sont attribu\u00e9es sur la base des votes des compagnies a\u00e9riennes, soulignant l\u2019importance de la collaboration. <\/p>\n\n<figure class=\"wp-block-image aligncenter size-large\"><img fetchpriority=\"high\" decoding=\"async\" width=\"1024\" height=\"768\" src=\"https:\/\/www.latitude-15.com\/wp-content\/uploads\/2026\/03\/IMG_5131-scaled-1-1024x768.jpeg\" alt=\"\" class=\"wp-image-21709\" srcset=\"https:\/\/www.latitude-15.com\/wp-content\/uploads\/2026\/03\/IMG_5131-scaled-1-1024x768.jpeg 1024w, https:\/\/www.latitude-15.com\/wp-content\/uploads\/2026\/03\/IMG_5131-scaled-1-300x225.jpeg 300w, https:\/\/www.latitude-15.com\/wp-content\/uploads\/2026\/03\/IMG_5131-scaled-1-768x576.jpeg 768w, https:\/\/www.latitude-15.com\/wp-content\/uploads\/2026\/03\/IMG_5131-scaled-1-1536x1152.jpeg 1536w, https:\/\/www.latitude-15.com\/wp-content\/uploads\/2026\/03\/IMG_5131-scaled-1-2048x1536.jpeg 2048w, https:\/\/www.latitude-15.com\/wp-content\/uploads\/2026\/03\/IMG_5131-scaled-1-1320x990.jpeg 1320w\" sizes=\"(max-width: 1024px) 100vw, 1024px\" \/><\/figure>\n\n<p>Comme l\u2019a indiqu\u00e9 un membre du jury :<\/p>\n\n<blockquote class=\"wp-block-quote is-layout-flow wp-block-quote-is-layout-flow\">\n<p>\u201cThis airport saw a particularly impressive year despite challenges. It is clear that they work incredibly closely with airline partners and local stakeholders to ensure sustainable growth.\u201d<\/p>\n<\/blockquote>\n\n<h2 class=\"wp-block-heading\">Un mod\u00e8le r\u00e9silient\u2026 mais contraint<\/h2>\n\n<p>La performance de Cura\u00e7ao International Airport en 2025 illustre ce que peut \u00eatre un mod\u00e8le a\u00e9roportuaire r\u00e9silient dans un contexte insulaire : diversification des march\u00e9s, partenariats solides avec les compagnies, d\u00e9veloppement cibl\u00e9 du r\u00e9seau et gouvernance coordonn\u00e9e.<\/p>\n\n<p>Pour autant, ce mod\u00e8le reste encadr\u00e9 par des contraintes structurelles. La d\u00e9pendance aux march\u00e9s ext\u00e9rieurs, l\u2019influence des strat\u00e9gies des compagnies a\u00e9riennes et la volatilit\u00e9 inh\u00e9rente aux \u00e9conomies touristiques continuent de structurer l\u2019environnement. <\/p>\n\n<p>En ce sens, Cura\u00e7ao ne constitue pas un mod\u00e8le parfait, mais un mod\u00e8le optimis\u00e9. Son exp\u00e9rience montre que la r\u00e9silience, dans l\u2019aviation insulaire, ne repose pas sur la taille, mais sur l\u2019\u00e9quilibre : entre march\u00e9s, partenaires et priorit\u00e9s strat\u00e9giques. <\/p>\n\n<p>Pour les autres \u00e9conomies insulaires confront\u00e9es \u00e0 des enjeux similaires, l\u2019enseignement est clair : la croissance peut fluctuer, mais une structure bien construite peut, elle, perdurer. <\/p>\n","protected":false},"excerpt":{"rendered":"<p>Dans un environnement a\u00e9rien marqu\u00e9 par l\u2019instabilit\u00e9 g\u00e9opolitique, les perturbations de l\u2019espace a\u00e9rien et les tensions op\u00e9rationnelles, la croissance devient plus difficile \u00e0 maintenir \u2014 en particulier pour les \u00e9conomies insulaires o\u00f9 la connectivit\u00e9 a\u00e9rienne n\u2019est pas une option, mais une n\u00e9cessit\u00e9. Dans ce contexte, l\u2019a\u00e9roport international de Cura\u00e7ao a enregistr\u00e9 une performance record en [&hellip;]<\/p>\n","protected":false},"author":5,"featured_media":21731,"comment_status":"open","ping_status":"closed","sticky":false,"template":"","format":"standard","meta":{"footnotes":""},"categories":[103,97],"tags":[],"class_list":["post-21732","post","type-post","status-publish","format-standard","has-post-thumbnail","hentry","category-aeroports-infrastructures","category-aviation-fr"],"yoast_head":"<!-- This site is optimized with the Yoast SEO plugin v26.9 - https:\/\/yoast.com\/product\/yoast-seo-wordpress\/ -->\n<title>Croissance de l\u2019a\u00e9roport international de Cura\u00e7ao : un mod\u00e8le r\u00e9silient sous contraintes structurelles - LATITUDE 15<\/title>\n<meta name=\"description\" content=\"Cura\u00e7ao International Airport a atteint 2,46 millions de passagers en 2025, illustrant comment la diversification contribue \u00e0 renforcer la r\u00e9silience dans l\u2019aviation insulaire.\" \/>\n<meta name=\"robots\" content=\"index, follow, max-snippet:-1, max-image-preview:large, max-video-preview:-1\" \/>\n<link rel=\"canonical\" href=\"https:\/\/www.latitude-15.com\/fr\/croissance-de-laeroport-international-de-curacao-un-modele-resilient-sous-contraintes-structurelles\/\" \/>\n<meta property=\"og:locale\" content=\"fr_FR\" \/>\n<meta property=\"og:type\" content=\"article\" \/>\n<meta property=\"og:title\" content=\"Croissance de l\u2019a\u00e9roport international de Cura\u00e7ao : un mod\u00e8le r\u00e9silient sous contraintes structurelles - LATITUDE 15\" \/>\n<meta property=\"og:description\" content=\"Cura\u00e7ao International Airport a atteint 2,46 millions de passagers en 2025, illustrant comment la diversification contribue \u00e0 renforcer la r\u00e9silience dans l\u2019aviation insulaire.\" \/>\n<meta property=\"og:url\" content=\"https:\/\/www.latitude-15.com\/fr\/croissance-de-laeroport-international-de-curacao-un-modele-resilient-sous-contraintes-structurelles\/\" \/>\n<meta property=\"og:site_name\" content=\"LATITUDE 15\" \/>\n<meta property=\"article:published_time\" content=\"2026-03-18T15:44:56+00:00\" \/>\n<meta property=\"article:modified_time\" content=\"2026-03-19T02:56:49+00:00\" \/>\n<meta property=\"og:image\" content=\"https:\/\/www.latitude-15.com\/wp-content\/uploads\/2026\/03\/481160657_957637369811121_511973155138236239_n.jpg\" \/>\n\t<meta property=\"og:image:width\" content=\"1500\" \/>\n\t<meta property=\"og:image:height\" content=\"660\" \/>\n\t<meta property=\"og:image:type\" content=\"image\/jpeg\" \/>\n<meta name=\"author\" content=\"Joda J\" \/>\n<meta name=\"twitter:card\" content=\"summary_large_image\" \/>\n<meta name=\"twitter:label1\" content=\"\u00c9crit par\" \/>\n\t<meta name=\"twitter:data1\" content=\"Joda J\" \/>\n\t<meta name=\"twitter:label2\" content=\"Dur\u00e9e de lecture estim\u00e9e\" \/>\n\t<meta name=\"twitter:data2\" content=\"5 minutes\" \/>\n<script type=\"application\/ld+json\" class=\"yoast-schema-graph\">{\"@context\":\"https:\/\/schema.org\",\"@graph\":[{\"@type\":\"Article\",\"@id\":\"https:\/\/www.latitude-15.com\/fr\/croissance-de-laeroport-international-de-curacao-un-modele-resilient-sous-contraintes-structurelles\/#article\",\"isPartOf\":{\"@id\":\"https:\/\/www.latitude-15.com\/fr\/croissance-de-laeroport-international-de-curacao-un-modele-resilient-sous-contraintes-structurelles\/\"},\"author\":{\"name\":\"Joda J\",\"@id\":\"https:\/\/www.latitude-15.com\/fr\/#\/schema\/person\/dac52e7ff44c78317f337da112e37252\"},\"headline\":\"Croissance de l\u2019a\u00e9roport international de Cura\u00e7ao : un mod\u00e8le r\u00e9silient sous contraintes structurelles\",\"datePublished\":\"2026-03-18T15:44:56+00:00\",\"dateModified\":\"2026-03-19T02:56:49+00:00\",\"mainEntityOfPage\":{\"@id\":\"https:\/\/www.latitude-15.com\/fr\/croissance-de-laeroport-international-de-curacao-un-modele-resilient-sous-contraintes-structurelles\/\"},\"wordCount\":1079,\"commentCount\":0,\"publisher\":{\"@id\":\"https:\/\/www.latitude-15.com\/fr\/#organization\"},\"image\":{\"@id\":\"https:\/\/www.latitude-15.com\/fr\/croissance-de-laeroport-international-de-curacao-un-modele-resilient-sous-contraintes-structurelles\/#primaryimage\"},\"thumbnailUrl\":\"https:\/\/www.latitude-15.com\/wp-content\/uploads\/2026\/03\/481160657_957637369811121_511973155138236239_n.jpg\",\"articleSection\":[\"A\u00e9roports et infrastructures\",\"AVIATION\"],\"inLanguage\":\"fr-FR\",\"potentialAction\":[{\"@type\":\"CommentAction\",\"name\":\"Comment\",\"target\":[\"https:\/\/www.latitude-15.com\/fr\/croissance-de-laeroport-international-de-curacao-un-modele-resilient-sous-contraintes-structurelles\/#respond\"]}]},{\"@type\":\"WebPage\",\"@id\":\"https:\/\/www.latitude-15.com\/fr\/croissance-de-laeroport-international-de-curacao-un-modele-resilient-sous-contraintes-structurelles\/\",\"url\":\"https:\/\/www.latitude-15.com\/fr\/croissance-de-laeroport-international-de-curacao-un-modele-resilient-sous-contraintes-structurelles\/\",\"name\":\"Croissance de l\u2019a\u00e9roport international de Cura\u00e7ao : un mod\u00e8le r\u00e9silient sous contraintes structurelles - LATITUDE 15\",\"isPartOf\":{\"@id\":\"https:\/\/www.latitude-15.com\/fr\/#website\"},\"primaryImageOfPage\":{\"@id\":\"https:\/\/www.latitude-15.com\/fr\/croissance-de-laeroport-international-de-curacao-un-modele-resilient-sous-contraintes-structurelles\/#primaryimage\"},\"image\":{\"@id\":\"https:\/\/www.latitude-15.com\/fr\/croissance-de-laeroport-international-de-curacao-un-modele-resilient-sous-contraintes-structurelles\/#primaryimage\"},\"thumbnailUrl\":\"https:\/\/www.latitude-15.com\/wp-content\/uploads\/2026\/03\/481160657_957637369811121_511973155138236239_n.jpg\",\"datePublished\":\"2026-03-18T15:44:56+00:00\",\"dateModified\":\"2026-03-19T02:56:49+00:00\",\"description\":\"Cura\u00e7ao International Airport a atteint 2,46 millions de passagers en 2025, illustrant comment la diversification contribue \u00e0 renforcer la r\u00e9silience dans l\u2019aviation insulaire.\",\"breadcrumb\":{\"@id\":\"https:\/\/www.latitude-15.com\/fr\/croissance-de-laeroport-international-de-curacao-un-modele-resilient-sous-contraintes-structurelles\/#breadcrumb\"},\"inLanguage\":\"fr-FR\",\"potentialAction\":[{\"@type\":\"ReadAction\",\"target\":[\"https:\/\/www.latitude-15.com\/fr\/croissance-de-laeroport-international-de-curacao-un-modele-resilient-sous-contraintes-structurelles\/\"]}]},{\"@type\":\"ImageObject\",\"inLanguage\":\"fr-FR\",\"@id\":\"https:\/\/www.latitude-15.com\/fr\/croissance-de-laeroport-international-de-curacao-un-modele-resilient-sous-contraintes-structurelles\/#primaryimage\",\"url\":\"https:\/\/www.latitude-15.com\/wp-content\/uploads\/2026\/03\/481160657_957637369811121_511973155138236239_n.jpg\",\"contentUrl\":\"https:\/\/www.latitude-15.com\/wp-content\/uploads\/2026\/03\/481160657_957637369811121_511973155138236239_n.jpg\",\"width\":1500,\"height\":660,\"caption\":\"Cura\u00e7ao International Airport\"},{\"@type\":\"BreadcrumbList\",\"@id\":\"https:\/\/www.latitude-15.com\/fr\/croissance-de-laeroport-international-de-curacao-un-modele-resilient-sous-contraintes-structurelles\/#breadcrumb\",\"itemListElement\":[{\"@type\":\"ListItem\",\"position\":1,\"name\":\"Home\",\"item\":\"https:\/\/www.latitude-15.com\/fr\/accueil\/\"},{\"@type\":\"ListItem\",\"position\":2,\"name\":\"Croissance de l\u2019a\u00e9roport international de Cura\u00e7ao : un mod\u00e8le r\u00e9silient sous contraintes structurelles\"}]},{\"@type\":\"WebSite\",\"@id\":\"https:\/\/www.latitude-15.com\/fr\/#website\",\"url\":\"https:\/\/www.latitude-15.com\/fr\/\",\"name\":\"LATITUDE 15\",\"description\":\"Aviation and maritime Magazine - Caribbean &amp; Latin America\",\"publisher\":{\"@id\":\"https:\/\/www.latitude-15.com\/fr\/#organization\"},\"potentialAction\":[{\"@type\":\"SearchAction\",\"target\":{\"@type\":\"EntryPoint\",\"urlTemplate\":\"https:\/\/www.latitude-15.com\/fr\/?s={search_term_string}\"},\"query-input\":{\"@type\":\"PropertyValueSpecification\",\"valueRequired\":true,\"valueName\":\"search_term_string\"}}],\"inLanguage\":\"fr-FR\"},{\"@type\":\"Organization\",\"@id\":\"https:\/\/www.latitude-15.com\/fr\/#organization\",\"name\":\"LATITUDE 15\",\"url\":\"https:\/\/www.latitude-15.com\/fr\/\",\"logo\":{\"@type\":\"ImageObject\",\"inLanguage\":\"fr-FR\",\"@id\":\"https:\/\/www.latitude-15.com\/fr\/#\/schema\/logo\/image\/\",\"url\":\"https:\/\/www.latitude-15.com\/wp-content\/uploads\/2026\/01\/cropped-logox500px.png\",\"contentUrl\":\"https:\/\/www.latitude-15.com\/wp-content\/uploads\/2026\/01\/cropped-logox500px.png\",\"width\":62,\"height\":75,\"caption\":\"LATITUDE 15\"},\"image\":{\"@id\":\"https:\/\/www.latitude-15.com\/fr\/#\/schema\/logo\/image\/\"}},{\"@type\":\"Person\",\"@id\":\"https:\/\/www.latitude-15.com\/fr\/#\/schema\/person\/dac52e7ff44c78317f337da112e37252\",\"name\":\"Joda J\",\"image\":{\"@type\":\"ImageObject\",\"inLanguage\":\"fr-FR\",\"@id\":\"https:\/\/www.latitude-15.com\/fr\/#\/schema\/person\/image\/\",\"url\":\"https:\/\/secure.gravatar.com\/avatar\/6b1feae555e15404b76616f92d931d12b25ac58024f14ccb43d9d3c012e4c4cf?s=96&d=mm&r=g\",\"contentUrl\":\"https:\/\/secure.gravatar.com\/avatar\/6b1feae555e15404b76616f92d931d12b25ac58024f14ccb43d9d3c012e4c4cf?s=96&d=mm&r=g\",\"caption\":\"Joda J\"},\"url\":\"https:\/\/www.latitude-15.com\/fr\/author\/joda\/\"}]}<\/script>\n<!-- \/ Yoast SEO plugin. -->","yoast_head_json":{"title":"Croissance de l\u2019a\u00e9roport international de Cura\u00e7ao : un mod\u00e8le r\u00e9silient sous contraintes structurelles - LATITUDE 15","description":"Cura\u00e7ao International Airport a atteint 2,46 millions de passagers en 2025, illustrant comment la diversification contribue \u00e0 renforcer la r\u00e9silience dans l\u2019aviation insulaire.","robots":{"index":"index","follow":"follow","max-snippet":"max-snippet:-1","max-image-preview":"max-image-preview:large","max-video-preview":"max-video-preview:-1"},"canonical":"https:\/\/www.latitude-15.com\/fr\/croissance-de-laeroport-international-de-curacao-un-modele-resilient-sous-contraintes-structurelles\/","og_locale":"fr_FR","og_type":"article","og_title":"Croissance de l\u2019a\u00e9roport international de Cura\u00e7ao : un mod\u00e8le r\u00e9silient sous contraintes structurelles - LATITUDE 15","og_description":"Cura\u00e7ao International Airport a atteint 2,46 millions de passagers en 2025, illustrant comment la diversification contribue \u00e0 renforcer la r\u00e9silience dans l\u2019aviation insulaire.","og_url":"https:\/\/www.latitude-15.com\/fr\/croissance-de-laeroport-international-de-curacao-un-modele-resilient-sous-contraintes-structurelles\/","og_site_name":"LATITUDE 15","article_published_time":"2026-03-18T15:44:56+00:00","article_modified_time":"2026-03-19T02:56:49+00:00","og_image":[{"width":1500,"height":660,"url":"https:\/\/www.latitude-15.com\/wp-content\/uploads\/2026\/03\/481160657_957637369811121_511973155138236239_n.jpg","type":"image\/jpeg"}],"author":"Joda J","twitter_card":"summary_large_image","twitter_misc":{"\u00c9crit par":"Joda J","Dur\u00e9e de lecture estim\u00e9e":"5 minutes"},"schema":{"@context":"https:\/\/schema.org","@graph":[{"@type":"Article","@id":"https:\/\/www.latitude-15.com\/fr\/croissance-de-laeroport-international-de-curacao-un-modele-resilient-sous-contraintes-structurelles\/#article","isPartOf":{"@id":"https:\/\/www.latitude-15.com\/fr\/croissance-de-laeroport-international-de-curacao-un-modele-resilient-sous-contraintes-structurelles\/"},"author":{"name":"Joda J","@id":"https:\/\/www.latitude-15.com\/fr\/#\/schema\/person\/dac52e7ff44c78317f337da112e37252"},"headline":"Croissance de l\u2019a\u00e9roport international de Cura\u00e7ao : un mod\u00e8le r\u00e9silient sous contraintes structurelles","datePublished":"2026-03-18T15:44:56+00:00","dateModified":"2026-03-19T02:56:49+00:00","mainEntityOfPage":{"@id":"https:\/\/www.latitude-15.com\/fr\/croissance-de-laeroport-international-de-curacao-un-modele-resilient-sous-contraintes-structurelles\/"},"wordCount":1079,"commentCount":0,"publisher":{"@id":"https:\/\/www.latitude-15.com\/fr\/#organization"},"image":{"@id":"https:\/\/www.latitude-15.com\/fr\/croissance-de-laeroport-international-de-curacao-un-modele-resilient-sous-contraintes-structurelles\/#primaryimage"},"thumbnailUrl":"https:\/\/www.latitude-15.com\/wp-content\/uploads\/2026\/03\/481160657_957637369811121_511973155138236239_n.jpg","articleSection":["A\u00e9roports et infrastructures","AVIATION"],"inLanguage":"fr-FR","potentialAction":[{"@type":"CommentAction","name":"Comment","target":["https:\/\/www.latitude-15.com\/fr\/croissance-de-laeroport-international-de-curacao-un-modele-resilient-sous-contraintes-structurelles\/#respond"]}]},{"@type":"WebPage","@id":"https:\/\/www.latitude-15.com\/fr\/croissance-de-laeroport-international-de-curacao-un-modele-resilient-sous-contraintes-structurelles\/","url":"https:\/\/www.latitude-15.com\/fr\/croissance-de-laeroport-international-de-curacao-un-modele-resilient-sous-contraintes-structurelles\/","name":"Croissance de l\u2019a\u00e9roport international de Cura\u00e7ao : un mod\u00e8le r\u00e9silient sous contraintes structurelles - LATITUDE 15","isPartOf":{"@id":"https:\/\/www.latitude-15.com\/fr\/#website"},"primaryImageOfPage":{"@id":"https:\/\/www.latitude-15.com\/fr\/croissance-de-laeroport-international-de-curacao-un-modele-resilient-sous-contraintes-structurelles\/#primaryimage"},"image":{"@id":"https:\/\/www.latitude-15.com\/fr\/croissance-de-laeroport-international-de-curacao-un-modele-resilient-sous-contraintes-structurelles\/#primaryimage"},"thumbnailUrl":"https:\/\/www.latitude-15.com\/wp-content\/uploads\/2026\/03\/481160657_957637369811121_511973155138236239_n.jpg","datePublished":"2026-03-18T15:44:56+00:00","dateModified":"2026-03-19T02:56:49+00:00","description":"Cura\u00e7ao International Airport a atteint 2,46 millions de passagers en 2025, illustrant comment la diversification contribue \u00e0 renforcer la r\u00e9silience dans l\u2019aviation insulaire.","breadcrumb":{"@id":"https:\/\/www.latitude-15.com\/fr\/croissance-de-laeroport-international-de-curacao-un-modele-resilient-sous-contraintes-structurelles\/#breadcrumb"},"inLanguage":"fr-FR","potentialAction":[{"@type":"ReadAction","target":["https:\/\/www.latitude-15.com\/fr\/croissance-de-laeroport-international-de-curacao-un-modele-resilient-sous-contraintes-structurelles\/"]}]},{"@type":"ImageObject","inLanguage":"fr-FR","@id":"https:\/\/www.latitude-15.com\/fr\/croissance-de-laeroport-international-de-curacao-un-modele-resilient-sous-contraintes-structurelles\/#primaryimage","url":"https:\/\/www.latitude-15.com\/wp-content\/uploads\/2026\/03\/481160657_957637369811121_511973155138236239_n.jpg","contentUrl":"https:\/\/www.latitude-15.com\/wp-content\/uploads\/2026\/03\/481160657_957637369811121_511973155138236239_n.jpg","width":1500,"height":660,"caption":"Cura\u00e7ao International Airport"},{"@type":"BreadcrumbList","@id":"https:\/\/www.latitude-15.com\/fr\/croissance-de-laeroport-international-de-curacao-un-modele-resilient-sous-contraintes-structurelles\/#breadcrumb","itemListElement":[{"@type":"ListItem","position":1,"name":"Home","item":"https:\/\/www.latitude-15.com\/fr\/accueil\/"},{"@type":"ListItem","position":2,"name":"Croissance de l\u2019a\u00e9roport international de Cura\u00e7ao : un mod\u00e8le r\u00e9silient sous contraintes structurelles"}]},{"@type":"WebSite","@id":"https:\/\/www.latitude-15.com\/fr\/#website","url":"https:\/\/www.latitude-15.com\/fr\/","name":"LATITUDE 15","description":"Aviation and maritime Magazine - Caribbean &amp; Latin America","publisher":{"@id":"https:\/\/www.latitude-15.com\/fr\/#organization"},"potentialAction":[{"@type":"SearchAction","target":{"@type":"EntryPoint","urlTemplate":"https:\/\/www.latitude-15.com\/fr\/?s={search_term_string}"},"query-input":{"@type":"PropertyValueSpecification","valueRequired":true,"valueName":"search_term_string"}}],"inLanguage":"fr-FR"},{"@type":"Organization","@id":"https:\/\/www.latitude-15.com\/fr\/#organization","name":"LATITUDE 15","url":"https:\/\/www.latitude-15.com\/fr\/","logo":{"@type":"ImageObject","inLanguage":"fr-FR","@id":"https:\/\/www.latitude-15.com\/fr\/#\/schema\/logo\/image\/","url":"https:\/\/www.latitude-15.com\/wp-content\/uploads\/2026\/01\/cropped-logox500px.png","contentUrl":"https:\/\/www.latitude-15.com\/wp-content\/uploads\/2026\/01\/cropped-logox500px.png","width":62,"height":75,"caption":"LATITUDE 15"},"image":{"@id":"https:\/\/www.latitude-15.com\/fr\/#\/schema\/logo\/image\/"}},{"@type":"Person","@id":"https:\/\/www.latitude-15.com\/fr\/#\/schema\/person\/dac52e7ff44c78317f337da112e37252","name":"Joda J","image":{"@type":"ImageObject","inLanguage":"fr-FR","@id":"https:\/\/www.latitude-15.com\/fr\/#\/schema\/person\/image\/","url":"https:\/\/secure.gravatar.com\/avatar\/6b1feae555e15404b76616f92d931d12b25ac58024f14ccb43d9d3c012e4c4cf?s=96&d=mm&r=g","contentUrl":"https:\/\/secure.gravatar.com\/avatar\/6b1feae555e15404b76616f92d931d12b25ac58024f14ccb43d9d3c012e4c4cf?s=96&d=mm&r=g","caption":"Joda J"},"url":"https:\/\/www.latitude-15.com\/fr\/author\/joda\/"}]}},"_links":{"self":[{"href":"https:\/\/www.latitude-15.com\/fr\/wp-json\/wp\/v2\/posts\/21732","targetHints":{"allow":["GET"]}}],"collection":[{"href":"https:\/\/www.latitude-15.com\/fr\/wp-json\/wp\/v2\/posts"}],"about":[{"href":"https:\/\/www.latitude-15.com\/fr\/wp-json\/wp\/v2\/types\/post"}],"author":[{"embeddable":true,"href":"https:\/\/www.latitude-15.com\/fr\/wp-json\/wp\/v2\/users\/5"}],"replies":[{"embeddable":true,"href":"https:\/\/www.latitude-15.com\/fr\/wp-json\/wp\/v2\/comments?post=21732"}],"version-history":[{"count":1,"href":"https:\/\/www.latitude-15.com\/fr\/wp-json\/wp\/v2\/posts\/21732\/revisions"}],"predecessor-version":[{"id":21733,"href":"https:\/\/www.latitude-15.com\/fr\/wp-json\/wp\/v2\/posts\/21732\/revisions\/21733"}],"wp:featuredmedia":[{"embeddable":true,"href":"https:\/\/www.latitude-15.com\/fr\/wp-json\/wp\/v2\/media\/21731"}],"wp:attachment":[{"href":"https:\/\/www.latitude-15.com\/fr\/wp-json\/wp\/v2\/media?parent=21732"}],"wp:term":[{"taxonomy":"category","embeddable":true,"href":"https:\/\/www.latitude-15.com\/fr\/wp-json\/wp\/v2\/categories?post=21732"},{"taxonomy":"post_tag","embeddable":true,"href":"https:\/\/www.latitude-15.com\/fr\/wp-json\/wp\/v2\/tags?post=21732"}],"curies":[{"name":"wp","href":"https:\/\/api.w.org\/{rel}","templated":true}]}}