{"id":21661,"date":"2026-03-17T12:35:29","date_gmt":"2026-03-17T16:35:29","guid":{"rendered":"https:\/\/www.latitude-15.com\/la-modernisation-de-la-piste-de-bequia-illustre-limportance-croissante-des-infrastructures-aeroportuaires-secondaires-dans-la-caraibe\/"},"modified":"2026-03-17T23:29:54","modified_gmt":"2026-03-18T03:29:54","slug":"la-modernisation-de-la-piste-de-bequia-illustre-limportance-croissante-des-infrastructures-aeroportuaires-secondaires-dans-la-caraibe","status":"publish","type":"post","link":"https:\/\/www.latitude-15.com\/fr\/la-modernisation-de-la-piste-de-bequia-illustre-limportance-croissante-des-infrastructures-aeroportuaires-secondaires-dans-la-caraibe\/","title":{"rendered":"La modernisation de la piste de Bequia illustre l\u2019importance croissante des infrastructures a\u00e9roportuaires secondaires dans la Cara\u00efbe"},"content":{"rendered":"\n<p>Dans la Cara\u00efbe, la connectivit\u00e9 a\u00e9rienne reste un d\u00e9fi structurel fortement influenc\u00e9 par la g\u00e9ographie. Si les grands hubs concentrent g\u00e9n\u00e9ralement l\u2019attention et les investissements, une part essentielle du r\u00e9seau fonctionne \u00e0 une autre \u00e9chelle \u2014 celle des a\u00e9roports secondaires. La r\u00e9cente modernisation de la piste de l\u2019a\u00e9roport J.F. Mitchell \u00e0 Bequia en offre une illustration concr\u00e8te, en montrant comment ces infrastructures de plus petite taille assurent, en arri\u00e8re-plan, la continuit\u00e9 des connexions r\u00e9gionales.  <\/p>\n\n<h2 class=\"wp-block-heading\">Bequia : un a\u00e9roport local aux enjeux r\u00e9gionaux<\/h2>\n\n<p>Le 10 mars 2026, le gouvernement de Saint-Vincent-et-les-Grenadines a annonc\u00e9 l\u2019ach\u00e8vement des travaux de modernisation de la piste de l\u2019a\u00e9roport J.F. Mitchell, situ\u00e9 sur l\u2019\u00eele de Bequia. L\u2019a\u00e9roport avait \u00e9t\u00e9 ferm\u00e9 pendant 11 jours en f\u00e9vrier afin de permettre des op\u00e9rations de maintenance et des r\u00e9parations techniques cibl\u00e9es. <\/p>\n\n<p>\u00c0 premi\u00e8re vue, le projet peut sembler limit\u00e9 \u2014 aucune extension, aucune transformation structurelle majeure. Pourtant, pour Bequia, cet a\u00e9roport joue un r\u00f4le central. Il soutient la mobilit\u00e9 inter-\u00eeles, facilite les flux touristiques et contribue directement \u00e0 l\u2019activit\u00e9 \u00e9conomique locale.  <\/p>\n\n<p>Le Premier ministre, le Dr Godwin Friday, a soulign\u00e9 l\u2019importance de ces travaux en d\u00e9clarant :<\/p>\n\n<blockquote class=\"wp-block-quote is-layout-flow wp-block-quote-is-layout-flow\">\n<p>\u00ab I am delighted that we have been able to deliver much-needed upgrades to the J.F. Mitchell Airport and the people of Bequia. \u00bb<\/p>\n<\/blockquote>\n\n<p>Au-del\u00e0 de cette d\u00e9claration, la r\u00e9alit\u00e9 op\u00e9rationnelle est claire : la fiabilit\u00e9 des infrastructures conditionne directement le maintien de la connectivit\u00e9 dans les environnements insulaires.<\/p>\n\n<h2 class=\"wp-block-heading\">Un r\u00e9seau r\u00e9gional structurellement fragment\u00e9<\/h2>\n\n<p>La g\u00e9ographie carib\u00e9enne fragmente naturellement les syst\u00e8mes de transport. Avec des \u00eeles dispers\u00e9es sur de vastes distances et peu d\u2019alternatives au transport a\u00e9rien, l\u2019aviation constitue la colonne vert\u00e9brale de la mobilit\u00e9 r\u00e9gionale, y compris pour les liaisons de courte distance. <\/p>\n\n<p>Dans ce contexte, les a\u00e9roports secondaires d\u00e9passent largement leur statut d\u2019infrastructures locales. Ils constituent des n\u0153uds essentiels d\u2019un r\u00e9seau dispers\u00e9, permettant \u00e0 la fois les connexions inter-\u00eeles et l\u2019acc\u00e8s aux grandes plateformes r\u00e9gionales et internationales. <\/p>\n\n<p>Sans ces infrastructures, certains territoires risqueraient une forme de d\u00e9connexion partielle. La connectivit\u00e9 a\u00e9rienne dans la Cara\u00efbe ne repose pas uniquement sur les grands hubs \u2014 elle d\u00e9pend d\u2019un maillage dense de points d\u2019acc\u00e8s secondaires assurant la continuit\u00e9 du r\u00e9seau. <\/p>\n\n<h2 class=\"wp-block-heading\">Un syst\u00e8me \u00e0 deux niveaux : hubs et infrastructures secondaires<\/h2>\n\n<p>La modernisation de la piste de Bequia s\u2019inscrit dans une strat\u00e9gie nationale plus large. En parall\u00e8le, des travaux d\u2019extension et de remise \u00e0 niveau ont d\u00e9j\u00e0 \u00e9t\u00e9 valid\u00e9s pour Argyle International Airport, principal hub du pays. <\/p>\n\n<p>Cette approche refl\u00e8te un syst\u00e8me \u00e0 deux niveaux :<\/p>\n\n<ul class=\"wp-block-list\">\n<li>des hubs majeurs, concentrant le trafic international et les liaisons long-courriers ;<\/li>\n\n\n\n<li>des a\u00e9roports secondaires, assurant la desserte locale et la couverture territoriale.<\/li>\n<\/ul>\n\n<p>La compl\u00e9mentarit\u00e9 entre ces deux niveaux n\u2019est pas optionnelle \u2014 elle est structurelle. Sans infrastructures secondaires performantes, la port\u00e9e et l\u2019efficacit\u00e9 des hubs principaux restent limit\u00e9es. <\/p>\n\n<h2 class=\"wp-block-heading\">Des projets modestes en apparence, mais \u00e0 fort impact strat\u00e9gique<\/h2>\n\n<p>Avec une fermeture de seulement 11 jours et des travaux centr\u00e9s sur la maintenance et des ajustements techniques, le projet de Bequia illustre une r\u00e9alit\u00e9 souvent sous-estim\u00e9e : tous les investissements strat\u00e9giques ne sont pas n\u00e9cessairement de grande envergure.<\/p>\n\n<p>Ces interventions passent souvent inaper\u00e7ues. Pourtant, elles ont un impact imm\u00e9diat sur la s\u00e9curit\u00e9 op\u00e9rationnelle, la fiabilit\u00e9 du service et la r\u00e9silience du r\u00e9seau. <\/p>\n\n<p>Dans les contextes insulaires, o\u00f9 chaque point de connexion est crucial, les infrastructures dites \u00ab secondaires \u00bb deviennent en r\u00e9alit\u00e9 strat\u00e9giques. Elles influencent directement l\u2019accessibilit\u00e9, le d\u00e9veloppement touristique et les dynamiques \u00e9conomiques locales. <\/p>\n\n<h2 class=\"wp-block-heading\">Une connectivit\u00e9 construite \u00e0 partir du terrain<\/h2>\n\n<p>Au-del\u00e0 de Bequia, le gouvernement a indiqu\u00e9 sa volont\u00e9 de poursuivre les investissements dans les infrastructures, avec d\u2019autres projets attendus \u00e0 court terme.<\/p>\n\n<p>L\u2019enjeu ne se limite pas \u00e0 la modernisation d\u2019\u00e9quipements isol\u00e9s, mais consiste \u00e0 renforcer un syst\u00e8me interconnect\u00e9 o\u00f9 chaque composant joue un r\u00f4le pr\u00e9cis.<\/p>\n\n<p>Dans la Cara\u00efbe, la connectivit\u00e9 ne se d\u00e9finit pas uniquement \u00e0 travers les grands a\u00e9roports. Elle se construit \u2014 et se maintient \u2014 gr\u00e2ce \u00e0 un r\u00e9seau d\u2019infrastructures plus modestes, mais essentielles, qui assurent la continuit\u00e9 territoriale et l\u2019int\u00e9gration \u00e9conomique. <\/p>\n","protected":false},"excerpt":{"rendered":"<p>Dans la Cara\u00efbe, la connectivit\u00e9 a\u00e9rienne reste un d\u00e9fi structurel fortement influenc\u00e9 par la g\u00e9ographie. Si les grands hubs concentrent g\u00e9n\u00e9ralement l\u2019attention et les investissements, une part essentielle du r\u00e9seau fonctionne \u00e0 une autre \u00e9chelle \u2014 celle des a\u00e9roports secondaires. La r\u00e9cente modernisation de la piste de l\u2019a\u00e9roport J.F. Mitchell \u00e0 Bequia en offre une [&hellip;]<\/p>\n","protected":false},"author":5,"featured_media":21660,"comment_status":"open","ping_status":"closed","sticky":false,"template":"","format":"standard","meta":{"footnotes":""},"categories":[97,100],"tags":[],"class_list":["post-21661","post","type-post","status-publish","format-standard","has-post-thumbnail","hentry","category-aviation-fr","category-connectivite-aerienne-et-attractivite-territoriale"],"yoast_head":"<!-- This site is optimized with the Yoast SEO plugin v26.9 - https:\/\/yoast.com\/product\/yoast-seo-wordpress\/ -->\n<title>La modernisation de la piste de Bequia illustre l\u2019importance croissante des infrastructures a\u00e9roportuaires secondaires dans la Cara\u00efbe - LATITUDE 15<\/title>\n<meta name=\"description\" content=\"Les travaux de modernisation de la piste de l&#039;a\u00e9roport de Bequia soulignent le r\u00f4le strat\u00e9gique des a\u00e9roports secondaires dans le renforcement de la connectivit\u00e9 inter-\u00eeles.\" \/>\n<meta name=\"robots\" content=\"index, follow, max-snippet:-1, max-image-preview:large, max-video-preview:-1\" \/>\n<link rel=\"canonical\" href=\"https:\/\/www.latitude-15.com\/fr\/la-modernisation-de-la-piste-de-bequia-illustre-limportance-croissante-des-infrastructures-aeroportuaires-secondaires-dans-la-caraibe\/\" \/>\n<meta property=\"og:locale\" content=\"fr_FR\" \/>\n<meta property=\"og:type\" content=\"article\" \/>\n<meta property=\"og:title\" content=\"La modernisation de la piste de Bequia illustre l\u2019importance croissante des infrastructures a\u00e9roportuaires secondaires dans la Cara\u00efbe - LATITUDE 15\" \/>\n<meta property=\"og:description\" content=\"Les travaux de modernisation de la piste de l&#039;a\u00e9roport de Bequia soulignent le r\u00f4le strat\u00e9gique des a\u00e9roports secondaires dans le renforcement de la connectivit\u00e9 inter-\u00eeles.\" \/>\n<meta property=\"og:url\" content=\"https:\/\/www.latitude-15.com\/fr\/la-modernisation-de-la-piste-de-bequia-illustre-limportance-croissante-des-infrastructures-aeroportuaires-secondaires-dans-la-caraibe\/\" \/>\n<meta property=\"og:site_name\" content=\"LATITUDE 15\" \/>\n<meta property=\"article:published_time\" content=\"2026-03-17T16:35:29+00:00\" \/>\n<meta property=\"article:modified_time\" content=\"2026-03-18T03:29:54+00:00\" \/>\n<meta property=\"og:image\" content=\"https:\/\/www.latitude-15.com\/wp-content\/uploads\/2026\/03\/img67801982-1-1024x683.png\" \/>\n\t<meta property=\"og:image:width\" content=\"1024\" \/>\n\t<meta property=\"og:image:height\" content=\"683\" \/>\n\t<meta property=\"og:image:type\" content=\"image\/png\" \/>\n<meta name=\"author\" content=\"Joda J\" \/>\n<meta name=\"twitter:card\" content=\"summary_large_image\" \/>\n<meta name=\"twitter:label1\" content=\"\u00c9crit par\" \/>\n\t<meta name=\"twitter:data1\" content=\"Joda J\" \/>\n\t<meta name=\"twitter:label2\" content=\"Dur\u00e9e de lecture estim\u00e9e\" \/>\n\t<meta name=\"twitter:data2\" content=\"4 minutes\" \/>\n<script type=\"application\/ld+json\" class=\"yoast-schema-graph\">{\"@context\":\"https:\/\/schema.org\",\"@graph\":[{\"@type\":\"Article\",\"@id\":\"https:\/\/www.latitude-15.com\/fr\/la-modernisation-de-la-piste-de-bequia-illustre-limportance-croissante-des-infrastructures-aeroportuaires-secondaires-dans-la-caraibe\/#article\",\"isPartOf\":{\"@id\":\"https:\/\/www.latitude-15.com\/fr\/la-modernisation-de-la-piste-de-bequia-illustre-limportance-croissante-des-infrastructures-aeroportuaires-secondaires-dans-la-caraibe\/\"},\"author\":{\"name\":\"Joda J\",\"@id\":\"https:\/\/www.latitude-15.com\/fr\/#\/schema\/person\/dac52e7ff44c78317f337da112e37252\"},\"headline\":\"La modernisation de la piste de Bequia illustre l\u2019importance croissante des infrastructures a\u00e9roportuaires secondaires dans la Cara\u00efbe\",\"datePublished\":\"2026-03-17T16:35:29+00:00\",\"dateModified\":\"2026-03-18T03:29:54+00:00\",\"mainEntityOfPage\":{\"@id\":\"https:\/\/www.latitude-15.com\/fr\/la-modernisation-de-la-piste-de-bequia-illustre-limportance-croissante-des-infrastructures-aeroportuaires-secondaires-dans-la-caraibe\/\"},\"wordCount\":759,\"commentCount\":0,\"publisher\":{\"@id\":\"https:\/\/www.latitude-15.com\/fr\/#organization\"},\"image\":{\"@id\":\"https:\/\/www.latitude-15.com\/fr\/la-modernisation-de-la-piste-de-bequia-illustre-limportance-croissante-des-infrastructures-aeroportuaires-secondaires-dans-la-caraibe\/#primaryimage\"},\"thumbnailUrl\":\"https:\/\/www.latitude-15.com\/wp-content\/uploads\/2026\/03\/img67801982-1.png\",\"articleSection\":[\"AVIATION\",\"Connectivit\u00e9 a\u00e9rienne et Attractivit\u00e9 territoriale\"],\"inLanguage\":\"fr-FR\",\"potentialAction\":[{\"@type\":\"CommentAction\",\"name\":\"Comment\",\"target\":[\"https:\/\/www.latitude-15.com\/fr\/la-modernisation-de-la-piste-de-bequia-illustre-limportance-croissante-des-infrastructures-aeroportuaires-secondaires-dans-la-caraibe\/#respond\"]}]},{\"@type\":\"WebPage\",\"@id\":\"https:\/\/www.latitude-15.com\/fr\/la-modernisation-de-la-piste-de-bequia-illustre-limportance-croissante-des-infrastructures-aeroportuaires-secondaires-dans-la-caraibe\/\",\"url\":\"https:\/\/www.latitude-15.com\/fr\/la-modernisation-de-la-piste-de-bequia-illustre-limportance-croissante-des-infrastructures-aeroportuaires-secondaires-dans-la-caraibe\/\",\"name\":\"La modernisation de la piste de Bequia illustre l\u2019importance croissante des infrastructures a\u00e9roportuaires secondaires dans la Cara\u00efbe - LATITUDE 15\",\"isPartOf\":{\"@id\":\"https:\/\/www.latitude-15.com\/fr\/#website\"},\"primaryImageOfPage\":{\"@id\":\"https:\/\/www.latitude-15.com\/fr\/la-modernisation-de-la-piste-de-bequia-illustre-limportance-croissante-des-infrastructures-aeroportuaires-secondaires-dans-la-caraibe\/#primaryimage\"},\"image\":{\"@id\":\"https:\/\/www.latitude-15.com\/fr\/la-modernisation-de-la-piste-de-bequia-illustre-limportance-croissante-des-infrastructures-aeroportuaires-secondaires-dans-la-caraibe\/#primaryimage\"},\"thumbnailUrl\":\"https:\/\/www.latitude-15.com\/wp-content\/uploads\/2026\/03\/img67801982-1.png\",\"datePublished\":\"2026-03-17T16:35:29+00:00\",\"dateModified\":\"2026-03-18T03:29:54+00:00\",\"description\":\"Les travaux de modernisation de la piste de l'a\u00e9roport de Bequia soulignent le r\u00f4le strat\u00e9gique des a\u00e9roports secondaires dans le renforcement de la connectivit\u00e9 inter-\u00eeles.\",\"breadcrumb\":{\"@id\":\"https:\/\/www.latitude-15.com\/fr\/la-modernisation-de-la-piste-de-bequia-illustre-limportance-croissante-des-infrastructures-aeroportuaires-secondaires-dans-la-caraibe\/#breadcrumb\"},\"inLanguage\":\"fr-FR\",\"potentialAction\":[{\"@type\":\"ReadAction\",\"target\":[\"https:\/\/www.latitude-15.com\/fr\/la-modernisation-de-la-piste-de-bequia-illustre-limportance-croissante-des-infrastructures-aeroportuaires-secondaires-dans-la-caraibe\/\"]}]},{\"@type\":\"ImageObject\",\"inLanguage\":\"fr-FR\",\"@id\":\"https:\/\/www.latitude-15.com\/fr\/la-modernisation-de-la-piste-de-bequia-illustre-limportance-croissante-des-infrastructures-aeroportuaires-secondaires-dans-la-caraibe\/#primaryimage\",\"url\":\"https:\/\/www.latitude-15.com\/wp-content\/uploads\/2026\/03\/img67801982-1.png\",\"contentUrl\":\"https:\/\/www.latitude-15.com\/wp-content\/uploads\/2026\/03\/img67801982-1.png\",\"width\":1536,\"height\":1024},{\"@type\":\"BreadcrumbList\",\"@id\":\"https:\/\/www.latitude-15.com\/fr\/la-modernisation-de-la-piste-de-bequia-illustre-limportance-croissante-des-infrastructures-aeroportuaires-secondaires-dans-la-caraibe\/#breadcrumb\",\"itemListElement\":[{\"@type\":\"ListItem\",\"position\":1,\"name\":\"Home\",\"item\":\"https:\/\/www.latitude-15.com\/fr\/accueil\/\"},{\"@type\":\"ListItem\",\"position\":2,\"name\":\"La modernisation de la piste de Bequia illustre l\u2019importance croissante des infrastructures a\u00e9roportuaires secondaires dans la Cara\u00efbe\"}]},{\"@type\":\"WebSite\",\"@id\":\"https:\/\/www.latitude-15.com\/fr\/#website\",\"url\":\"https:\/\/www.latitude-15.com\/fr\/\",\"name\":\"LATITUDE 15\",\"description\":\"Aviation and maritime Magazine - Caribbean &amp; Latin America\",\"publisher\":{\"@id\":\"https:\/\/www.latitude-15.com\/fr\/#organization\"},\"potentialAction\":[{\"@type\":\"SearchAction\",\"target\":{\"@type\":\"EntryPoint\",\"urlTemplate\":\"https:\/\/www.latitude-15.com\/fr\/?s={search_term_string}\"},\"query-input\":{\"@type\":\"PropertyValueSpecification\",\"valueRequired\":true,\"valueName\":\"search_term_string\"}}],\"inLanguage\":\"fr-FR\"},{\"@type\":\"Organization\",\"@id\":\"https:\/\/www.latitude-15.com\/fr\/#organization\",\"name\":\"LATITUDE 15\",\"url\":\"https:\/\/www.latitude-15.com\/fr\/\",\"logo\":{\"@type\":\"ImageObject\",\"inLanguage\":\"fr-FR\",\"@id\":\"https:\/\/www.latitude-15.com\/fr\/#\/schema\/logo\/image\/\",\"url\":\"https:\/\/www.latitude-15.com\/wp-content\/uploads\/2026\/01\/cropped-logox500px.png\",\"contentUrl\":\"https:\/\/www.latitude-15.com\/wp-content\/uploads\/2026\/01\/cropped-logox500px.png\",\"width\":62,\"height\":75,\"caption\":\"LATITUDE 15\"},\"image\":{\"@id\":\"https:\/\/www.latitude-15.com\/fr\/#\/schema\/logo\/image\/\"}},{\"@type\":\"Person\",\"@id\":\"https:\/\/www.latitude-15.com\/fr\/#\/schema\/person\/dac52e7ff44c78317f337da112e37252\",\"name\":\"Joda J\",\"image\":{\"@type\":\"ImageObject\",\"inLanguage\":\"fr-FR\",\"@id\":\"https:\/\/www.latitude-15.com\/fr\/#\/schema\/person\/image\/\",\"url\":\"https:\/\/secure.gravatar.com\/avatar\/6b1feae555e15404b76616f92d931d12b25ac58024f14ccb43d9d3c012e4c4cf?s=96&d=mm&r=g\",\"contentUrl\":\"https:\/\/secure.gravatar.com\/avatar\/6b1feae555e15404b76616f92d931d12b25ac58024f14ccb43d9d3c012e4c4cf?s=96&d=mm&r=g\",\"caption\":\"Joda J\"},\"url\":\"https:\/\/www.latitude-15.com\/fr\/author\/joda\/\"}]}<\/script>\n<!-- \/ Yoast SEO plugin. -->","yoast_head_json":{"title":"La modernisation de la piste de Bequia illustre l\u2019importance croissante des infrastructures a\u00e9roportuaires secondaires dans la Cara\u00efbe - LATITUDE 15","description":"Les travaux de modernisation de la piste de l'a\u00e9roport de Bequia soulignent le r\u00f4le strat\u00e9gique des a\u00e9roports secondaires dans le renforcement de la connectivit\u00e9 inter-\u00eeles.","robots":{"index":"index","follow":"follow","max-snippet":"max-snippet:-1","max-image-preview":"max-image-preview:large","max-video-preview":"max-video-preview:-1"},"canonical":"https:\/\/www.latitude-15.com\/fr\/la-modernisation-de-la-piste-de-bequia-illustre-limportance-croissante-des-infrastructures-aeroportuaires-secondaires-dans-la-caraibe\/","og_locale":"fr_FR","og_type":"article","og_title":"La modernisation de la piste de Bequia illustre l\u2019importance croissante des infrastructures a\u00e9roportuaires secondaires dans la Cara\u00efbe - LATITUDE 15","og_description":"Les travaux de modernisation de la piste de l'a\u00e9roport de Bequia soulignent le r\u00f4le strat\u00e9gique des a\u00e9roports secondaires dans le renforcement de la connectivit\u00e9 inter-\u00eeles.","og_url":"https:\/\/www.latitude-15.com\/fr\/la-modernisation-de-la-piste-de-bequia-illustre-limportance-croissante-des-infrastructures-aeroportuaires-secondaires-dans-la-caraibe\/","og_site_name":"LATITUDE 15","article_published_time":"2026-03-17T16:35:29+00:00","article_modified_time":"2026-03-18T03:29:54+00:00","og_image":[{"width":1024,"height":683,"url":"https:\/\/www.latitude-15.com\/wp-content\/uploads\/2026\/03\/img67801982-1-1024x683.png","type":"image\/png"}],"author":"Joda J","twitter_card":"summary_large_image","twitter_misc":{"\u00c9crit par":"Joda J","Dur\u00e9e de lecture estim\u00e9e":"4 minutes"},"schema":{"@context":"https:\/\/schema.org","@graph":[{"@type":"Article","@id":"https:\/\/www.latitude-15.com\/fr\/la-modernisation-de-la-piste-de-bequia-illustre-limportance-croissante-des-infrastructures-aeroportuaires-secondaires-dans-la-caraibe\/#article","isPartOf":{"@id":"https:\/\/www.latitude-15.com\/fr\/la-modernisation-de-la-piste-de-bequia-illustre-limportance-croissante-des-infrastructures-aeroportuaires-secondaires-dans-la-caraibe\/"},"author":{"name":"Joda J","@id":"https:\/\/www.latitude-15.com\/fr\/#\/schema\/person\/dac52e7ff44c78317f337da112e37252"},"headline":"La modernisation de la piste de Bequia illustre l\u2019importance croissante des infrastructures a\u00e9roportuaires secondaires dans la Cara\u00efbe","datePublished":"2026-03-17T16:35:29+00:00","dateModified":"2026-03-18T03:29:54+00:00","mainEntityOfPage":{"@id":"https:\/\/www.latitude-15.com\/fr\/la-modernisation-de-la-piste-de-bequia-illustre-limportance-croissante-des-infrastructures-aeroportuaires-secondaires-dans-la-caraibe\/"},"wordCount":759,"commentCount":0,"publisher":{"@id":"https:\/\/www.latitude-15.com\/fr\/#organization"},"image":{"@id":"https:\/\/www.latitude-15.com\/fr\/la-modernisation-de-la-piste-de-bequia-illustre-limportance-croissante-des-infrastructures-aeroportuaires-secondaires-dans-la-caraibe\/#primaryimage"},"thumbnailUrl":"https:\/\/www.latitude-15.com\/wp-content\/uploads\/2026\/03\/img67801982-1.png","articleSection":["AVIATION","Connectivit\u00e9 a\u00e9rienne et Attractivit\u00e9 territoriale"],"inLanguage":"fr-FR","potentialAction":[{"@type":"CommentAction","name":"Comment","target":["https:\/\/www.latitude-15.com\/fr\/la-modernisation-de-la-piste-de-bequia-illustre-limportance-croissante-des-infrastructures-aeroportuaires-secondaires-dans-la-caraibe\/#respond"]}]},{"@type":"WebPage","@id":"https:\/\/www.latitude-15.com\/fr\/la-modernisation-de-la-piste-de-bequia-illustre-limportance-croissante-des-infrastructures-aeroportuaires-secondaires-dans-la-caraibe\/","url":"https:\/\/www.latitude-15.com\/fr\/la-modernisation-de-la-piste-de-bequia-illustre-limportance-croissante-des-infrastructures-aeroportuaires-secondaires-dans-la-caraibe\/","name":"La modernisation de la piste de Bequia illustre l\u2019importance croissante des infrastructures a\u00e9roportuaires secondaires dans la Cara\u00efbe - LATITUDE 15","isPartOf":{"@id":"https:\/\/www.latitude-15.com\/fr\/#website"},"primaryImageOfPage":{"@id":"https:\/\/www.latitude-15.com\/fr\/la-modernisation-de-la-piste-de-bequia-illustre-limportance-croissante-des-infrastructures-aeroportuaires-secondaires-dans-la-caraibe\/#primaryimage"},"image":{"@id":"https:\/\/www.latitude-15.com\/fr\/la-modernisation-de-la-piste-de-bequia-illustre-limportance-croissante-des-infrastructures-aeroportuaires-secondaires-dans-la-caraibe\/#primaryimage"},"thumbnailUrl":"https:\/\/www.latitude-15.com\/wp-content\/uploads\/2026\/03\/img67801982-1.png","datePublished":"2026-03-17T16:35:29+00:00","dateModified":"2026-03-18T03:29:54+00:00","description":"Les travaux de modernisation de la piste de l'a\u00e9roport de Bequia soulignent le r\u00f4le strat\u00e9gique des a\u00e9roports secondaires dans le renforcement de la connectivit\u00e9 inter-\u00eeles.","breadcrumb":{"@id":"https:\/\/www.latitude-15.com\/fr\/la-modernisation-de-la-piste-de-bequia-illustre-limportance-croissante-des-infrastructures-aeroportuaires-secondaires-dans-la-caraibe\/#breadcrumb"},"inLanguage":"fr-FR","potentialAction":[{"@type":"ReadAction","target":["https:\/\/www.latitude-15.com\/fr\/la-modernisation-de-la-piste-de-bequia-illustre-limportance-croissante-des-infrastructures-aeroportuaires-secondaires-dans-la-caraibe\/"]}]},{"@type":"ImageObject","inLanguage":"fr-FR","@id":"https:\/\/www.latitude-15.com\/fr\/la-modernisation-de-la-piste-de-bequia-illustre-limportance-croissante-des-infrastructures-aeroportuaires-secondaires-dans-la-caraibe\/#primaryimage","url":"https:\/\/www.latitude-15.com\/wp-content\/uploads\/2026\/03\/img67801982-1.png","contentUrl":"https:\/\/www.latitude-15.com\/wp-content\/uploads\/2026\/03\/img67801982-1.png","width":1536,"height":1024},{"@type":"BreadcrumbList","@id":"https:\/\/www.latitude-15.com\/fr\/la-modernisation-de-la-piste-de-bequia-illustre-limportance-croissante-des-infrastructures-aeroportuaires-secondaires-dans-la-caraibe\/#breadcrumb","itemListElement":[{"@type":"ListItem","position":1,"name":"Home","item":"https:\/\/www.latitude-15.com\/fr\/accueil\/"},{"@type":"ListItem","position":2,"name":"La modernisation de la piste de Bequia illustre l\u2019importance croissante des infrastructures a\u00e9roportuaires secondaires dans la Cara\u00efbe"}]},{"@type":"WebSite","@id":"https:\/\/www.latitude-15.com\/fr\/#website","url":"https:\/\/www.latitude-15.com\/fr\/","name":"LATITUDE 15","description":"Aviation and maritime Magazine - Caribbean &amp; Latin America","publisher":{"@id":"https:\/\/www.latitude-15.com\/fr\/#organization"},"potentialAction":[{"@type":"SearchAction","target":{"@type":"EntryPoint","urlTemplate":"https:\/\/www.latitude-15.com\/fr\/?s={search_term_string}"},"query-input":{"@type":"PropertyValueSpecification","valueRequired":true,"valueName":"search_term_string"}}],"inLanguage":"fr-FR"},{"@type":"Organization","@id":"https:\/\/www.latitude-15.com\/fr\/#organization","name":"LATITUDE 15","url":"https:\/\/www.latitude-15.com\/fr\/","logo":{"@type":"ImageObject","inLanguage":"fr-FR","@id":"https:\/\/www.latitude-15.com\/fr\/#\/schema\/logo\/image\/","url":"https:\/\/www.latitude-15.com\/wp-content\/uploads\/2026\/01\/cropped-logox500px.png","contentUrl":"https:\/\/www.latitude-15.com\/wp-content\/uploads\/2026\/01\/cropped-logox500px.png","width":62,"height":75,"caption":"LATITUDE 15"},"image":{"@id":"https:\/\/www.latitude-15.com\/fr\/#\/schema\/logo\/image\/"}},{"@type":"Person","@id":"https:\/\/www.latitude-15.com\/fr\/#\/schema\/person\/dac52e7ff44c78317f337da112e37252","name":"Joda J","image":{"@type":"ImageObject","inLanguage":"fr-FR","@id":"https:\/\/www.latitude-15.com\/fr\/#\/schema\/person\/image\/","url":"https:\/\/secure.gravatar.com\/avatar\/6b1feae555e15404b76616f92d931d12b25ac58024f14ccb43d9d3c012e4c4cf?s=96&d=mm&r=g","contentUrl":"https:\/\/secure.gravatar.com\/avatar\/6b1feae555e15404b76616f92d931d12b25ac58024f14ccb43d9d3c012e4c4cf?s=96&d=mm&r=g","caption":"Joda J"},"url":"https:\/\/www.latitude-15.com\/fr\/author\/joda\/"}]}},"_links":{"self":[{"href":"https:\/\/www.latitude-15.com\/fr\/wp-json\/wp\/v2\/posts\/21661","targetHints":{"allow":["GET"]}}],"collection":[{"href":"https:\/\/www.latitude-15.com\/fr\/wp-json\/wp\/v2\/posts"}],"about":[{"href":"https:\/\/www.latitude-15.com\/fr\/wp-json\/wp\/v2\/types\/post"}],"author":[{"embeddable":true,"href":"https:\/\/www.latitude-15.com\/fr\/wp-json\/wp\/v2\/users\/5"}],"replies":[{"embeddable":true,"href":"https:\/\/www.latitude-15.com\/fr\/wp-json\/wp\/v2\/comments?post=21661"}],"version-history":[{"count":1,"href":"https:\/\/www.latitude-15.com\/fr\/wp-json\/wp\/v2\/posts\/21661\/revisions"}],"predecessor-version":[{"id":21663,"href":"https:\/\/www.latitude-15.com\/fr\/wp-json\/wp\/v2\/posts\/21661\/revisions\/21663"}],"wp:featuredmedia":[{"embeddable":true,"href":"https:\/\/www.latitude-15.com\/fr\/wp-json\/wp\/v2\/media\/21660"}],"wp:attachment":[{"href":"https:\/\/www.latitude-15.com\/fr\/wp-json\/wp\/v2\/media?parent=21661"}],"wp:term":[{"taxonomy":"category","embeddable":true,"href":"https:\/\/www.latitude-15.com\/fr\/wp-json\/wp\/v2\/categories?post=21661"},{"taxonomy":"post_tag","embeddable":true,"href":"https:\/\/www.latitude-15.com\/fr\/wp-json\/wp\/v2\/tags?post=21661"}],"curies":[{"name":"wp","href":"https:\/\/api.w.org\/{rel}","templated":true}]}}