{"id":21587,"date":"2026-03-16T11:44:18","date_gmt":"2026-03-16T15:44:18","guid":{"rendered":"https:\/\/www.latitude-15.com\/intercaribbean-airways-etend-son-reseau-regional-avec-une-nouvelle-liaison-barbade-trinite\/"},"modified":"2026-03-18T09:21:57","modified_gmt":"2026-03-18T13:21:57","slug":"intercaribbean-airways-etend-son-reseau-regional-avec-une-nouvelle-liaison-barbade-trinite","status":"publish","type":"post","link":"https:\/\/www.latitude-15.com\/fr\/intercaribbean-airways-etend-son-reseau-regional-avec-une-nouvelle-liaison-barbade-trinite\/","title":{"rendered":"InterCaribbean Airways \u00e9tend son r\u00e9seau r\u00e9gional avec une nouvelle liaison Barbade\u2013Trinidad"},"content":{"rendered":"\n<p>InterCaribbean Airways a \u00e9tendu son r\u00e9seau r\u00e9gional avec le lancement d\u2019un nouveau service direct reliant la Barbade et Trinidad-and-Tobago, une liaison qui, selon les responsables gouvernementaux, renforcera la mobilit\u00e9, le tourisme et les liens commerciaux \u00e0 travers les Cara\u00efbes.<\/p>\n\n<p>Le vol inaugural reliant l\u2019a\u00e9roport international Grantley Adams \u00e0 la Barbade et l\u2019a\u00e9roport international Piarco \u00e0 la Trinidad a \u00e9t\u00e9 marqu\u00e9 par une c\u00e9r\u00e9monie de coupure de ruban le 8 mars, en pr\u00e9sence de repr\u00e9sentants du gouvernement, d\u2019acteurs de l\u2019aviation et de membres de la communaut\u00e9 diplomatique.<\/p>\n\n<p>S\u2019exprimant lors de l\u2019\u00e9v\u00e9nement, le ministre du Commerce, de l\u2019Investissement et du Tourisme de Trinidad-et-Tobago, le s\u00e9nateur Satyakama Maharaj, a d\u00e9crit la nouvelle route comme \u00e9tant plus que l\u2019arriv\u00e9e d\u2019un nouvel avion, soulignant sa port\u00e9e plus large pour l\u2019int\u00e9gration r\u00e9gionale.<\/p>\n\n<p>\u00ab <em>Nous nous r\u00e9unissons pour marquer le renforcement d\u2019un pont entre les peuples des Cara\u00efbes\u2026 l\u2019ouverture d\u2019un autre couloir de mouvement, d\u2019\u00e9change et de possibilit\u00e9 au sein de notre r\u00e9gion<\/em> \u00bb, a-t-il d\u00e9clar\u00e9.<\/p>\n\n<p>Le nouveau service devrait faciliter les d\u00e9placements entre les deux nations carib\u00e9ennes tout en soutenant une gamme d\u2019activit\u00e9s \u00e9conomiques, allant du tourisme et des \u00e9changes culturels aux partenariats commerciaux et aux discussions sur l\u2019investissement. Les responsables ont soulign\u00e9 que l\u2019am\u00e9lioration des liaisons a\u00e9riennes reste un facteur critique pour renforcer la connectivit\u00e9 intra-carib\u00e9enne, un d\u00e9fi de longue date dans une r\u00e9gion o\u00f9 la proximit\u00e9 g\u00e9ographique ne s\u2019est pas toujours traduite par une facilit\u00e9 de voyage. <\/p>\n\n<p>Pour Trinidad-et-Tobago, la nouvelle liaison est \u00e9galement per\u00e7ue comme une opportunit\u00e9 de renforcer son offre touristique et d\u2019attirer davantage de visiteurs des \u00eeles voisines. Les responsables gouvernementaux ont not\u00e9 qu\u2019un transport a\u00e9rien r\u00e9gional plus solide peut aider \u00e0 d\u00e9velopper les voyages de courte dur\u00e9e dans les Cara\u00efbes, soutenant ainsi les h\u00f4tels, les voyagistes, les prestataires de transport et les petites entreprises tout au long de la cha\u00eene de valeur touristique. <\/p>\n\n<p>Maharaj a soulign\u00e9 l\u2019importance \u00e9conomique plus large de la connectivit\u00e9 a\u00e9rienne, affirmant qu\u2019une infrastructure de transport a\u00e9rien fiable influence directement la croissance du tourisme, les flux commerciaux et la mobilit\u00e9 des entreprises \u00e0 travers la r\u00e9gion.<\/p>\n\n<p>\u00ab <em>Le transport a\u00e9rien n\u2019est pas une question p\u00e9riph\u00e9rique. Le transport a\u00e9rien est une infrastructure de d\u00e9veloppement<\/em> \u00bb, a-t-il d\u00e9clar\u00e9.<\/p>\n\n<p>Le lancement souligne \u00e9galement l\u2019expansion continue d\u2019InterCaribbean Airways, qui est devenue l\u2019un des principaux transporteurs inter-\u00eeles de la r\u00e9gion. La compagnie a d\u00e9but\u00e9 ses activit\u00e9s en 1991 avec un seul avion Cessna et a depuis \u00e9volu\u00e9 \u00e0 travers plusieurs phases de d\u00e9veloppement, notamment en op\u00e9rant sous le nom d\u2019InterIsland Airways et d\u2019Air Turks &amp; Caicos avant de devenir InterCaribbean Airways en 2013. <\/p>\n\n<p>Aujourd\u2019hui, la compagnie exploite une flotte comprenant des turbopropulseurs ATR et des jets r\u00e9gionaux Embraer, desservant plus de villes \u00e0 travers les Cara\u00efbes que tout autre transporteur r\u00e9gional.<\/p>\n\n<p>Les responsables gouvernementaux affirment que la nouvelle liaison Barbade\u2013Trinit\u00e9 refl\u00e8te une strat\u00e9gie plus large visant \u00e0 renforcer la connectivit\u00e9 a\u00e9rienne r\u00e9gionale et \u00e0 approfondir la coop\u00e9ration entre les \u00e9conomies des Cara\u00efbes. En am\u00e9liorant l\u2019acc\u00e8s entre les principaux hubs r\u00e9gionaux, les d\u00e9cideurs esp\u00e8rent rendre les voyages au sein des Cara\u00efbes plus pratiques pour les entreprises, les touristes et les investisseurs. <\/p>\n","protected":false},"excerpt":{"rendered":"<p>InterCaribbean Airways a \u00e9tendu son r\u00e9seau r\u00e9gional avec le lancement d\u2019un nouveau service direct reliant la Barbade et Trinidad-and-Tobago, une liaison qui, selon les responsables gouvernementaux, renforcera la mobilit\u00e9, le tourisme et les liens commerciaux \u00e0 travers les Cara\u00efbes. Le vol inaugural reliant l\u2019a\u00e9roport international Grantley Adams \u00e0 la Barbade et l\u2019a\u00e9roport international Piarco \u00e0 [&hellip;]<\/p>\n","protected":false},"author":5,"featured_media":21586,"comment_status":"open","ping_status":"closed","sticky":false,"template":"","format":"standard","meta":{"footnotes":""},"categories":[97,100],"tags":[],"class_list":["post-21587","post","type-post","status-publish","format-standard","has-post-thumbnail","hentry","category-aviation-fr","category-connectivite-aerienne-et-attractivite-territoriale"],"yoast_head":"<!-- This site is optimized with the Yoast SEO plugin v26.9 - https:\/\/yoast.com\/product\/yoast-seo-wordpress\/ -->\n<title>InterCaribbean Airways \u00e9tend son r\u00e9seau r\u00e9gional avec une nouvelle liaison Barbade\u2013Trinidad - LATITUDE 15<\/title>\n<meta name=\"description\" content=\"InterCaribbean Airways a lanc\u00e9 une nouvelle ligne directe entre la Barbade et la Trinit\u00e9, renfor\u00e7ant ainsi la connectivit\u00e9 a\u00e9rienne r\u00e9gionale\" \/>\n<meta name=\"robots\" content=\"index, follow, max-snippet:-1, max-image-preview:large, max-video-preview:-1\" \/>\n<link rel=\"canonical\" href=\"https:\/\/www.latitude-15.com\/fr\/intercaribbean-airways-etend-son-reseau-regional-avec-une-nouvelle-liaison-barbade-trinite\/\" \/>\n<meta property=\"og:locale\" content=\"fr_FR\" \/>\n<meta property=\"og:type\" content=\"article\" \/>\n<meta property=\"og:title\" content=\"InterCaribbean Airways \u00e9tend son r\u00e9seau r\u00e9gional avec une nouvelle liaison Barbade\u2013Trinidad - LATITUDE 15\" \/>\n<meta property=\"og:description\" content=\"InterCaribbean Airways a lanc\u00e9 une nouvelle ligne directe entre la Barbade et la Trinit\u00e9, renfor\u00e7ant ainsi la connectivit\u00e9 a\u00e9rienne r\u00e9gionale\" \/>\n<meta property=\"og:url\" content=\"https:\/\/www.latitude-15.com\/fr\/intercaribbean-airways-etend-son-reseau-regional-avec-une-nouvelle-liaison-barbade-trinite\/\" \/>\n<meta property=\"og:site_name\" content=\"LATITUDE 15\" \/>\n<meta property=\"article:published_time\" content=\"2026-03-16T15:44:18+00:00\" \/>\n<meta property=\"article:modified_time\" content=\"2026-03-18T13:21:57+00:00\" \/>\n<meta property=\"og:image\" content=\"https:\/\/www.latitude-15.com\/wp-content\/uploads\/2026\/03\/Attimi_interCaribbean-065-1000x650-1.jpg\" \/>\n\t<meta property=\"og:image:width\" content=\"1000\" \/>\n\t<meta property=\"og:image:height\" content=\"650\" \/>\n\t<meta property=\"og:image:type\" content=\"image\/jpeg\" \/>\n<meta name=\"author\" content=\"Joda J\" \/>\n<meta name=\"twitter:card\" content=\"summary_large_image\" \/>\n<meta name=\"twitter:label1\" content=\"\u00c9crit par\" \/>\n\t<meta name=\"twitter:data1\" content=\"Joda J\" \/>\n\t<meta name=\"twitter:label2\" content=\"Dur\u00e9e de lecture estim\u00e9e\" \/>\n\t<meta name=\"twitter:data2\" content=\"3 minutes\" \/>\n<script type=\"application\/ld+json\" class=\"yoast-schema-graph\">{\"@context\":\"https:\/\/schema.org\",\"@graph\":[{\"@type\":\"Article\",\"@id\":\"https:\/\/www.latitude-15.com\/fr\/intercaribbean-airways-etend-son-reseau-regional-avec-une-nouvelle-liaison-barbade-trinite\/#article\",\"isPartOf\":{\"@id\":\"https:\/\/www.latitude-15.com\/fr\/intercaribbean-airways-etend-son-reseau-regional-avec-une-nouvelle-liaison-barbade-trinite\/\"},\"author\":{\"name\":\"Joda J\",\"@id\":\"https:\/\/www.latitude-15.com\/fr\/#\/schema\/person\/dac52e7ff44c78317f337da112e37252\"},\"headline\":\"InterCaribbean Airways \u00e9tend son r\u00e9seau r\u00e9gional avec une nouvelle liaison Barbade\u2013Trinidad\",\"datePublished\":\"2026-03-16T15:44:18+00:00\",\"dateModified\":\"2026-03-18T13:21:57+00:00\",\"mainEntityOfPage\":{\"@id\":\"https:\/\/www.latitude-15.com\/fr\/intercaribbean-airways-etend-son-reseau-regional-avec-une-nouvelle-liaison-barbade-trinite\/\"},\"wordCount\":605,\"commentCount\":0,\"publisher\":{\"@id\":\"https:\/\/www.latitude-15.com\/fr\/#organization\"},\"image\":{\"@id\":\"https:\/\/www.latitude-15.com\/fr\/intercaribbean-airways-etend-son-reseau-regional-avec-une-nouvelle-liaison-barbade-trinite\/#primaryimage\"},\"thumbnailUrl\":\"https:\/\/www.latitude-15.com\/wp-content\/uploads\/2026\/03\/Attimi_interCaribbean-065-1000x650-1.jpg\",\"articleSection\":[\"AVIATION\",\"Connectivit\u00e9 a\u00e9rienne et Attractivit\u00e9 territoriale\"],\"inLanguage\":\"fr-FR\",\"potentialAction\":[{\"@type\":\"CommentAction\",\"name\":\"Comment\",\"target\":[\"https:\/\/www.latitude-15.com\/fr\/intercaribbean-airways-etend-son-reseau-regional-avec-une-nouvelle-liaison-barbade-trinite\/#respond\"]}]},{\"@type\":\"WebPage\",\"@id\":\"https:\/\/www.latitude-15.com\/fr\/intercaribbean-airways-etend-son-reseau-regional-avec-une-nouvelle-liaison-barbade-trinite\/\",\"url\":\"https:\/\/www.latitude-15.com\/fr\/intercaribbean-airways-etend-son-reseau-regional-avec-une-nouvelle-liaison-barbade-trinite\/\",\"name\":\"InterCaribbean Airways \u00e9tend son r\u00e9seau r\u00e9gional avec une nouvelle liaison Barbade\u2013Trinidad - LATITUDE 15\",\"isPartOf\":{\"@id\":\"https:\/\/www.latitude-15.com\/fr\/#website\"},\"primaryImageOfPage\":{\"@id\":\"https:\/\/www.latitude-15.com\/fr\/intercaribbean-airways-etend-son-reseau-regional-avec-une-nouvelle-liaison-barbade-trinite\/#primaryimage\"},\"image\":{\"@id\":\"https:\/\/www.latitude-15.com\/fr\/intercaribbean-airways-etend-son-reseau-regional-avec-une-nouvelle-liaison-barbade-trinite\/#primaryimage\"},\"thumbnailUrl\":\"https:\/\/www.latitude-15.com\/wp-content\/uploads\/2026\/03\/Attimi_interCaribbean-065-1000x650-1.jpg\",\"datePublished\":\"2026-03-16T15:44:18+00:00\",\"dateModified\":\"2026-03-18T13:21:57+00:00\",\"description\":\"InterCaribbean Airways a lanc\u00e9 une nouvelle ligne directe entre la Barbade et la Trinit\u00e9, renfor\u00e7ant ainsi la connectivit\u00e9 a\u00e9rienne r\u00e9gionale\",\"breadcrumb\":{\"@id\":\"https:\/\/www.latitude-15.com\/fr\/intercaribbean-airways-etend-son-reseau-regional-avec-une-nouvelle-liaison-barbade-trinite\/#breadcrumb\"},\"inLanguage\":\"fr-FR\",\"potentialAction\":[{\"@type\":\"ReadAction\",\"target\":[\"https:\/\/www.latitude-15.com\/fr\/intercaribbean-airways-etend-son-reseau-regional-avec-une-nouvelle-liaison-barbade-trinite\/\"]}]},{\"@type\":\"ImageObject\",\"inLanguage\":\"fr-FR\",\"@id\":\"https:\/\/www.latitude-15.com\/fr\/intercaribbean-airways-etend-son-reseau-regional-avec-une-nouvelle-liaison-barbade-trinite\/#primaryimage\",\"url\":\"https:\/\/www.latitude-15.com\/wp-content\/uploads\/2026\/03\/Attimi_interCaribbean-065-1000x650-1.jpg\",\"contentUrl\":\"https:\/\/www.latitude-15.com\/wp-content\/uploads\/2026\/03\/Attimi_interCaribbean-065-1000x650-1.jpg\",\"width\":1000,\"height\":650},{\"@type\":\"BreadcrumbList\",\"@id\":\"https:\/\/www.latitude-15.com\/fr\/intercaribbean-airways-etend-son-reseau-regional-avec-une-nouvelle-liaison-barbade-trinite\/#breadcrumb\",\"itemListElement\":[{\"@type\":\"ListItem\",\"position\":1,\"name\":\"Home\",\"item\":\"https:\/\/www.latitude-15.com\/fr\/accueil\/\"},{\"@type\":\"ListItem\",\"position\":2,\"name\":\"InterCaribbean Airways \u00e9tend son r\u00e9seau r\u00e9gional avec une nouvelle liaison Barbade\u2013Trinidad\"}]},{\"@type\":\"WebSite\",\"@id\":\"https:\/\/www.latitude-15.com\/fr\/#website\",\"url\":\"https:\/\/www.latitude-15.com\/fr\/\",\"name\":\"LATITUDE 15\",\"description\":\"Aviation and maritime Magazine - Caribbean &amp; Latin America\",\"publisher\":{\"@id\":\"https:\/\/www.latitude-15.com\/fr\/#organization\"},\"potentialAction\":[{\"@type\":\"SearchAction\",\"target\":{\"@type\":\"EntryPoint\",\"urlTemplate\":\"https:\/\/www.latitude-15.com\/fr\/?s={search_term_string}\"},\"query-input\":{\"@type\":\"PropertyValueSpecification\",\"valueRequired\":true,\"valueName\":\"search_term_string\"}}],\"inLanguage\":\"fr-FR\"},{\"@type\":\"Organization\",\"@id\":\"https:\/\/www.latitude-15.com\/fr\/#organization\",\"name\":\"LATITUDE 15\",\"url\":\"https:\/\/www.latitude-15.com\/fr\/\",\"logo\":{\"@type\":\"ImageObject\",\"inLanguage\":\"fr-FR\",\"@id\":\"https:\/\/www.latitude-15.com\/fr\/#\/schema\/logo\/image\/\",\"url\":\"https:\/\/www.latitude-15.com\/wp-content\/uploads\/2026\/01\/cropped-logox500px.png\",\"contentUrl\":\"https:\/\/www.latitude-15.com\/wp-content\/uploads\/2026\/01\/cropped-logox500px.png\",\"width\":62,\"height\":75,\"caption\":\"LATITUDE 15\"},\"image\":{\"@id\":\"https:\/\/www.latitude-15.com\/fr\/#\/schema\/logo\/image\/\"}},{\"@type\":\"Person\",\"@id\":\"https:\/\/www.latitude-15.com\/fr\/#\/schema\/person\/dac52e7ff44c78317f337da112e37252\",\"name\":\"Joda J\",\"image\":{\"@type\":\"ImageObject\",\"inLanguage\":\"fr-FR\",\"@id\":\"https:\/\/www.latitude-15.com\/fr\/#\/schema\/person\/image\/\",\"url\":\"https:\/\/secure.gravatar.com\/avatar\/6b1feae555e15404b76616f92d931d12b25ac58024f14ccb43d9d3c012e4c4cf?s=96&d=mm&r=g\",\"contentUrl\":\"https:\/\/secure.gravatar.com\/avatar\/6b1feae555e15404b76616f92d931d12b25ac58024f14ccb43d9d3c012e4c4cf?s=96&d=mm&r=g\",\"caption\":\"Joda J\"},\"url\":\"https:\/\/www.latitude-15.com\/fr\/author\/joda\/\"}]}<\/script>\n<!-- \/ Yoast SEO plugin. -->","yoast_head_json":{"title":"InterCaribbean Airways \u00e9tend son r\u00e9seau r\u00e9gional avec une nouvelle liaison Barbade\u2013Trinidad - LATITUDE 15","description":"InterCaribbean Airways a lanc\u00e9 une nouvelle ligne directe entre la Barbade et la Trinit\u00e9, renfor\u00e7ant ainsi la connectivit\u00e9 a\u00e9rienne r\u00e9gionale","robots":{"index":"index","follow":"follow","max-snippet":"max-snippet:-1","max-image-preview":"max-image-preview:large","max-video-preview":"max-video-preview:-1"},"canonical":"https:\/\/www.latitude-15.com\/fr\/intercaribbean-airways-etend-son-reseau-regional-avec-une-nouvelle-liaison-barbade-trinite\/","og_locale":"fr_FR","og_type":"article","og_title":"InterCaribbean Airways \u00e9tend son r\u00e9seau r\u00e9gional avec une nouvelle liaison Barbade\u2013Trinidad - LATITUDE 15","og_description":"InterCaribbean Airways a lanc\u00e9 une nouvelle ligne directe entre la Barbade et la Trinit\u00e9, renfor\u00e7ant ainsi la connectivit\u00e9 a\u00e9rienne r\u00e9gionale","og_url":"https:\/\/www.latitude-15.com\/fr\/intercaribbean-airways-etend-son-reseau-regional-avec-une-nouvelle-liaison-barbade-trinite\/","og_site_name":"LATITUDE 15","article_published_time":"2026-03-16T15:44:18+00:00","article_modified_time":"2026-03-18T13:21:57+00:00","og_image":[{"width":1000,"height":650,"url":"https:\/\/www.latitude-15.com\/wp-content\/uploads\/2026\/03\/Attimi_interCaribbean-065-1000x650-1.jpg","type":"image\/jpeg"}],"author":"Joda J","twitter_card":"summary_large_image","twitter_misc":{"\u00c9crit par":"Joda J","Dur\u00e9e de lecture estim\u00e9e":"3 minutes"},"schema":{"@context":"https:\/\/schema.org","@graph":[{"@type":"Article","@id":"https:\/\/www.latitude-15.com\/fr\/intercaribbean-airways-etend-son-reseau-regional-avec-une-nouvelle-liaison-barbade-trinite\/#article","isPartOf":{"@id":"https:\/\/www.latitude-15.com\/fr\/intercaribbean-airways-etend-son-reseau-regional-avec-une-nouvelle-liaison-barbade-trinite\/"},"author":{"name":"Joda J","@id":"https:\/\/www.latitude-15.com\/fr\/#\/schema\/person\/dac52e7ff44c78317f337da112e37252"},"headline":"InterCaribbean Airways \u00e9tend son r\u00e9seau r\u00e9gional avec une nouvelle liaison Barbade\u2013Trinidad","datePublished":"2026-03-16T15:44:18+00:00","dateModified":"2026-03-18T13:21:57+00:00","mainEntityOfPage":{"@id":"https:\/\/www.latitude-15.com\/fr\/intercaribbean-airways-etend-son-reseau-regional-avec-une-nouvelle-liaison-barbade-trinite\/"},"wordCount":605,"commentCount":0,"publisher":{"@id":"https:\/\/www.latitude-15.com\/fr\/#organization"},"image":{"@id":"https:\/\/www.latitude-15.com\/fr\/intercaribbean-airways-etend-son-reseau-regional-avec-une-nouvelle-liaison-barbade-trinite\/#primaryimage"},"thumbnailUrl":"https:\/\/www.latitude-15.com\/wp-content\/uploads\/2026\/03\/Attimi_interCaribbean-065-1000x650-1.jpg","articleSection":["AVIATION","Connectivit\u00e9 a\u00e9rienne et Attractivit\u00e9 territoriale"],"inLanguage":"fr-FR","potentialAction":[{"@type":"CommentAction","name":"Comment","target":["https:\/\/www.latitude-15.com\/fr\/intercaribbean-airways-etend-son-reseau-regional-avec-une-nouvelle-liaison-barbade-trinite\/#respond"]}]},{"@type":"WebPage","@id":"https:\/\/www.latitude-15.com\/fr\/intercaribbean-airways-etend-son-reseau-regional-avec-une-nouvelle-liaison-barbade-trinite\/","url":"https:\/\/www.latitude-15.com\/fr\/intercaribbean-airways-etend-son-reseau-regional-avec-une-nouvelle-liaison-barbade-trinite\/","name":"InterCaribbean Airways \u00e9tend son r\u00e9seau r\u00e9gional avec une nouvelle liaison Barbade\u2013Trinidad - LATITUDE 15","isPartOf":{"@id":"https:\/\/www.latitude-15.com\/fr\/#website"},"primaryImageOfPage":{"@id":"https:\/\/www.latitude-15.com\/fr\/intercaribbean-airways-etend-son-reseau-regional-avec-une-nouvelle-liaison-barbade-trinite\/#primaryimage"},"image":{"@id":"https:\/\/www.latitude-15.com\/fr\/intercaribbean-airways-etend-son-reseau-regional-avec-une-nouvelle-liaison-barbade-trinite\/#primaryimage"},"thumbnailUrl":"https:\/\/www.latitude-15.com\/wp-content\/uploads\/2026\/03\/Attimi_interCaribbean-065-1000x650-1.jpg","datePublished":"2026-03-16T15:44:18+00:00","dateModified":"2026-03-18T13:21:57+00:00","description":"InterCaribbean Airways a lanc\u00e9 une nouvelle ligne directe entre la Barbade et la Trinit\u00e9, renfor\u00e7ant ainsi la connectivit\u00e9 a\u00e9rienne r\u00e9gionale","breadcrumb":{"@id":"https:\/\/www.latitude-15.com\/fr\/intercaribbean-airways-etend-son-reseau-regional-avec-une-nouvelle-liaison-barbade-trinite\/#breadcrumb"},"inLanguage":"fr-FR","potentialAction":[{"@type":"ReadAction","target":["https:\/\/www.latitude-15.com\/fr\/intercaribbean-airways-etend-son-reseau-regional-avec-une-nouvelle-liaison-barbade-trinite\/"]}]},{"@type":"ImageObject","inLanguage":"fr-FR","@id":"https:\/\/www.latitude-15.com\/fr\/intercaribbean-airways-etend-son-reseau-regional-avec-une-nouvelle-liaison-barbade-trinite\/#primaryimage","url":"https:\/\/www.latitude-15.com\/wp-content\/uploads\/2026\/03\/Attimi_interCaribbean-065-1000x650-1.jpg","contentUrl":"https:\/\/www.latitude-15.com\/wp-content\/uploads\/2026\/03\/Attimi_interCaribbean-065-1000x650-1.jpg","width":1000,"height":650},{"@type":"BreadcrumbList","@id":"https:\/\/www.latitude-15.com\/fr\/intercaribbean-airways-etend-son-reseau-regional-avec-une-nouvelle-liaison-barbade-trinite\/#breadcrumb","itemListElement":[{"@type":"ListItem","position":1,"name":"Home","item":"https:\/\/www.latitude-15.com\/fr\/accueil\/"},{"@type":"ListItem","position":2,"name":"InterCaribbean Airways \u00e9tend son r\u00e9seau r\u00e9gional avec une nouvelle liaison Barbade\u2013Trinidad"}]},{"@type":"WebSite","@id":"https:\/\/www.latitude-15.com\/fr\/#website","url":"https:\/\/www.latitude-15.com\/fr\/","name":"LATITUDE 15","description":"Aviation and maritime Magazine - Caribbean &amp; Latin America","publisher":{"@id":"https:\/\/www.latitude-15.com\/fr\/#organization"},"potentialAction":[{"@type":"SearchAction","target":{"@type":"EntryPoint","urlTemplate":"https:\/\/www.latitude-15.com\/fr\/?s={search_term_string}"},"query-input":{"@type":"PropertyValueSpecification","valueRequired":true,"valueName":"search_term_string"}}],"inLanguage":"fr-FR"},{"@type":"Organization","@id":"https:\/\/www.latitude-15.com\/fr\/#organization","name":"LATITUDE 15","url":"https:\/\/www.latitude-15.com\/fr\/","logo":{"@type":"ImageObject","inLanguage":"fr-FR","@id":"https:\/\/www.latitude-15.com\/fr\/#\/schema\/logo\/image\/","url":"https:\/\/www.latitude-15.com\/wp-content\/uploads\/2026\/01\/cropped-logox500px.png","contentUrl":"https:\/\/www.latitude-15.com\/wp-content\/uploads\/2026\/01\/cropped-logox500px.png","width":62,"height":75,"caption":"LATITUDE 15"},"image":{"@id":"https:\/\/www.latitude-15.com\/fr\/#\/schema\/logo\/image\/"}},{"@type":"Person","@id":"https:\/\/www.latitude-15.com\/fr\/#\/schema\/person\/dac52e7ff44c78317f337da112e37252","name":"Joda J","image":{"@type":"ImageObject","inLanguage":"fr-FR","@id":"https:\/\/www.latitude-15.com\/fr\/#\/schema\/person\/image\/","url":"https:\/\/secure.gravatar.com\/avatar\/6b1feae555e15404b76616f92d931d12b25ac58024f14ccb43d9d3c012e4c4cf?s=96&d=mm&r=g","contentUrl":"https:\/\/secure.gravatar.com\/avatar\/6b1feae555e15404b76616f92d931d12b25ac58024f14ccb43d9d3c012e4c4cf?s=96&d=mm&r=g","caption":"Joda J"},"url":"https:\/\/www.latitude-15.com\/fr\/author\/joda\/"}]}},"_links":{"self":[{"href":"https:\/\/www.latitude-15.com\/fr\/wp-json\/wp\/v2\/posts\/21587","targetHints":{"allow":["GET"]}}],"collection":[{"href":"https:\/\/www.latitude-15.com\/fr\/wp-json\/wp\/v2\/posts"}],"about":[{"href":"https:\/\/www.latitude-15.com\/fr\/wp-json\/wp\/v2\/types\/post"}],"author":[{"embeddable":true,"href":"https:\/\/www.latitude-15.com\/fr\/wp-json\/wp\/v2\/users\/5"}],"replies":[{"embeddable":true,"href":"https:\/\/www.latitude-15.com\/fr\/wp-json\/wp\/v2\/comments?post=21587"}],"version-history":[{"count":7,"href":"https:\/\/www.latitude-15.com\/fr\/wp-json\/wp\/v2\/posts\/21587\/revisions"}],"predecessor-version":[{"id":21693,"href":"https:\/\/www.latitude-15.com\/fr\/wp-json\/wp\/v2\/posts\/21587\/revisions\/21693"}],"wp:featuredmedia":[{"embeddable":true,"href":"https:\/\/www.latitude-15.com\/fr\/wp-json\/wp\/v2\/media\/21586"}],"wp:attachment":[{"href":"https:\/\/www.latitude-15.com\/fr\/wp-json\/wp\/v2\/media?parent=21587"}],"wp:term":[{"taxonomy":"category","embeddable":true,"href":"https:\/\/www.latitude-15.com\/fr\/wp-json\/wp\/v2\/categories?post=21587"},{"taxonomy":"post_tag","embeddable":true,"href":"https:\/\/www.latitude-15.com\/fr\/wp-json\/wp\/v2\/tags?post=21587"}],"curies":[{"name":"wp","href":"https:\/\/api.w.org\/{rel}","templated":true}]}}