{"id":21543,"date":"2026-03-13T10:15:00","date_gmt":"2026-03-13T14:15:00","guid":{"rendered":"https:\/\/www.latitude-15.com\/saint-kitts-et-nevis-cherche-a-developper-ses-liaisons-aeriennes-internationales-lors-de-routes-americas-2026\/"},"modified":"2026-03-13T13:54:09","modified_gmt":"2026-03-13T17:54:09","slug":"saint-kitts-et-nevis-cherche-a-developper-ses-liaisons-aeriennes-internationales-lors-de-routes-americas-2026","status":"publish","type":"post","link":"https:\/\/www.latitude-15.com\/fr\/saint-kitts-et-nevis-cherche-a-developper-ses-liaisons-aeriennes-internationales-lors-de-routes-americas-2026\/","title":{"rendered":"Saint-Kitts-et-Nevis cherche \u00e0 d\u00e9velopper ses liaisons a\u00e9riennes internationales lors de Routes Americas 2026"},"content":{"rendered":"\n<p>Saint-Kitts-et-Nevis intensifie ses efforts pour renforcer sa position au sein du r\u00e9seau a\u00e9rien carib\u00e9en, alors que la destination cherche \u00e0 d\u00e9velopper sa connectivit\u00e9 a\u00e9rienne internationale et \u00e0 soutenir la croissance touristique \u00e0 long terme.<\/p>\n\n<p>Des repr\u00e9sentants de la <strong>St. Christopher Air &amp; Sea Ports Authority (SCASPA)<\/strong> et de la <strong>St. Kitts Tourism Authority<\/strong> ont particip\u00e9 \u00e0 <strong>Routes Americas 2026<\/strong>, l&rsquo;un des principaux forums de d\u00e9veloppement de routes de l&rsquo;industrie a\u00e9rienne, o\u00f9 compagnies a\u00e9riennes, a\u00e9roports et autorit\u00e9s touristiques se r\u00e9unissent pour n\u00e9gocier et planifier les futurs services a\u00e9riens.<\/p>\n\n<p>Cet \u00e9v\u00e9nement de trois jours a r\u00e9uni des dirigeants de l&rsquo;aviation r\u00e9gionale, des cadres de compagnies a\u00e9riennes et des responsables gouvernementaux pour discuter des opportunit\u00e9s d&rsquo;am\u00e9lioration de la connectivit\u00e9 dans les Cara\u00efbes et dans l&rsquo;ensemble des Am\u00e9riques.<\/p>\n\n<h2 class=\"wp-block-heading\">R\u00e9unions strat\u00e9giques avec les partenaires a\u00e9riens<\/h2>\n\n<p>La d\u00e9l\u00e9gation de Saint-Kitts-et-Nevis \u00e9tait dirig\u00e9e par la directrice g\u00e9n\u00e9rale de la SCASPA, <strong>Adeola Moore<\/strong>, accompagn\u00e9e du directeur des op\u00e9rations <strong>Calvin Duggins<\/strong>, ainsi que de <strong>Kelly Fontenelle<\/strong>, directrice g\u00e9n\u00e9rale de la St. Kitts Tourism Authority. Des repr\u00e9sentants gouvernementaux et des consultants en aviation ont \u00e9galement particip\u00e9 aux discussions. <\/p>\n\n<p>Au cours du forum, la d\u00e9l\u00e9gation a tenu une s\u00e9rie de r\u00e9unions avec des partenaires a\u00e9riens et des parties prenantes de l&rsquo;industrie visant \u00e0 identifier les opportunit\u00e9s d&rsquo;expansion des liaisons a\u00e9riennes et \u00e0 renforcer l&rsquo;int\u00e9gration de la f\u00e9d\u00e9ration dans les r\u00e9seaux a\u00e9riens r\u00e9gionaux et internationaux.<\/p>\n\n<p>Pour les destinations insulaires comme Saint-Kitts-et-Nevis, le d\u00e9veloppement des services a\u00e9riens demeure une priorit\u00e9 strat\u00e9gique. Une meilleure connectivit\u00e9 facilite non seulement la croissance du tourisme, mais soutient \u00e9galement le commerce, l&rsquo;investissement et le d\u00e9veloppement \u00e9conomique au sens large. <\/p>\n\n<figure class=\"wp-block-image aligncenter size-full\"><img fetchpriority=\"high\" decoding=\"async\" width=\"582\" height=\"436\" src=\"https:\/\/www.latitude-15.com\/wp-content\/uploads\/2026\/03\/whatsapp-image-2026-03-05-at-8-01-01-am.jpeg\" alt=\"\" class=\"wp-image-21524\" srcset=\"https:\/\/www.latitude-15.com\/wp-content\/uploads\/2026\/03\/whatsapp-image-2026-03-05-at-8-01-01-am.jpeg 582w, https:\/\/www.latitude-15.com\/wp-content\/uploads\/2026\/03\/whatsapp-image-2026-03-05-at-8-01-01-am-300x225.jpeg 300w\" sizes=\"(max-width: 582px) 100vw, 582px\" \/><figcaption class=\"wp-element-caption\"><em>Adeola Moore, directrice g\u00e9n\u00e9rale de la SCASPA, Calvin Duggins, directeur des op\u00e9rations, Kelly Fontenelle, directrice g\u00e9n\u00e9rale de la St. Kitts Tourism Authority, Tivanna Wharton, secr\u00e9taire permanente au minist\u00e8re du Tourisme, et Candice Kimmel, consultante en liaisons a\u00e9riennes, St. Kitts Tourism Authority.<\/em><\/figcaption><\/figure>\n\n<h2 class=\"wp-block-heading\">La coop\u00e9ration r\u00e9gionale au c\u0153ur de l&rsquo;am\u00e9lioration de la connectivit\u00e9<\/h2>\n\n<p>Au-del\u00e0 des discussions bilat\u00e9rales avec les compagnies a\u00e9riennes, la conf\u00e9rence a \u00e9galement accueilli des tables rondes sur les d\u00e9fis et opportunit\u00e9s plus larges li\u00e9s \u00e0 l&rsquo;am\u00e9lioration de la connectivit\u00e9 a\u00e9rienne carib\u00e9enne.<\/p>\n\n<p>Les dirigeants de l&rsquo;industrie ont soulign\u00e9 l&rsquo;importance de strat\u00e9gies collaboratives entre gouvernements, autorit\u00e9s touristiques, a\u00e9roports et partenaires a\u00e9riens pour am\u00e9liorer la viabilit\u00e9 des routes et renforcer l&rsquo;\u00e9cosyst\u00e8me a\u00e9rien de la r\u00e9gion.<\/p>\n\n<p>Les participants \u00e0 la table ronde comprenaient des responsables du tourisme et de l&rsquo;aviation de l&rsquo;ensemble des Cara\u00efbes et de l&rsquo;Am\u00e9rique centrale, mettant en \u00e9vidence les d\u00e9fis communs auxquels sont confront\u00e9es les \u00e9conomies insulaires qui d\u00e9pendent fortement du transport a\u00e9rien.<\/p>\n\n<h2 class=\"wp-block-heading\">Positionner Saint-Kitts-et-Nevis au sein du r\u00e9seau a\u00e9rien r\u00e9gional<\/h2>\n\n<p>La participation \u00e0 Routes Americas refl\u00e8te la strat\u00e9gie continue de Saint-Kitts-et-Nevis visant \u00e0 accro\u00eetre sa visibilit\u00e9 aupr\u00e8s des partenaires a\u00e9riens internationaux et \u00e0 positionner la destination comme une porte d&rsquo;entr\u00e9e comp\u00e9titive dans les Cara\u00efbes.<\/p>\n\n<p>Alors que le tourisme r\u00e9gional poursuit sa reprise et que la demande de voyages dans les Am\u00e9riques reste forte, les destinations qui r\u00e9ussissent \u00e0 obtenir de nouvelles routes et \u00e0 renforcer leurs partenariats avec les compagnies a\u00e9riennes sont susceptibles d&rsquo;obtenir un avantage significatif pour attirer les visiteurs.<\/p>\n\n<p>En s&rsquo;engageant activement aupr\u00e8s des d\u00e9cideurs des compagnies a\u00e9riennes et des parties prenantes de l&rsquo;industrie, Saint-Kitts-et-Nevis vise \u00e0 d\u00e9velopper son r\u00e9seau a\u00e9rien mondial et \u00e0 renforcer son r\u00f4le de destination accessible au sein du paysage touristique carib\u00e9en.<\/p>\n","protected":false},"excerpt":{"rendered":"<p>Saint-Kitts-et-Nevis intensifie ses efforts pour renforcer sa position au sein du r\u00e9seau a\u00e9rien carib\u00e9en, alors que la destination cherche \u00e0 d\u00e9velopper sa connectivit\u00e9 a\u00e9rienne internationale et \u00e0 soutenir la croissance touristique \u00e0 long terme. Des repr\u00e9sentants de la St. Christopher Air &amp; Sea Ports Authority (SCASPA) et de la St. Kitts Tourism Authority ont particip\u00e9 [&hellip;]<\/p>\n","protected":false},"author":5,"featured_media":21542,"comment_status":"open","ping_status":"closed","sticky":false,"template":"","format":"standard","meta":{"footnotes":""},"categories":[97,100],"tags":[],"class_list":["post-21543","post","type-post","status-publish","format-standard","has-post-thumbnail","hentry","category-aviation-fr","category-connectivite-aerienne-et-attractivite-territoriale"],"yoast_head":"<!-- This site is optimized with the Yoast SEO plugin v26.9 - https:\/\/yoast.com\/product\/yoast-seo-wordpress\/ -->\n<title>Saint-Kitts-et-Nevis cherche \u00e0 d\u00e9velopper ses liaisons a\u00e9riennes internationales lors de Routes Americas 2026 - LATITUDE 15<\/title>\n<meta name=\"robots\" content=\"index, follow, max-snippet:-1, max-image-preview:large, max-video-preview:-1\" \/>\n<link rel=\"canonical\" href=\"https:\/\/www.latitude-15.com\/fr\/saint-kitts-et-nevis-cherche-a-developper-ses-liaisons-aeriennes-internationales-lors-de-routes-americas-2026\/\" \/>\n<meta property=\"og:locale\" content=\"fr_FR\" \/>\n<meta property=\"og:type\" content=\"article\" \/>\n<meta property=\"og:title\" content=\"Saint-Kitts-et-Nevis cherche \u00e0 d\u00e9velopper ses liaisons a\u00e9riennes internationales lors de Routes Americas 2026 - LATITUDE 15\" \/>\n<meta property=\"og:description\" content=\"Saint-Kitts-et-Nevis intensifie ses efforts pour renforcer sa position au sein du r\u00e9seau a\u00e9rien carib\u00e9en, alors que la destination cherche \u00e0 d\u00e9velopper sa connectivit\u00e9 a\u00e9rienne internationale et \u00e0 soutenir la croissance touristique \u00e0 long terme. Des repr\u00e9sentants de la St. Christopher Air &amp; Sea Ports Authority (SCASPA) et de la St. Kitts Tourism Authority ont particip\u00e9 [&hellip;]\" \/>\n<meta property=\"og:url\" content=\"https:\/\/www.latitude-15.com\/fr\/saint-kitts-et-nevis-cherche-a-developper-ses-liaisons-aeriennes-internationales-lors-de-routes-americas-2026\/\" \/>\n<meta property=\"og:site_name\" content=\"LATITUDE 15\" \/>\n<meta property=\"article:published_time\" content=\"2026-03-13T14:15:00+00:00\" \/>\n<meta property=\"article:modified_time\" content=\"2026-03-13T17:54:09+00:00\" \/>\n<meta property=\"og:image\" content=\"https:\/\/www.latitude-15.com\/wp-content\/uploads\/2026\/03\/images-by-Ocean-Driven-Media-1024x684.png\" \/>\n\t<meta property=\"og:image:width\" content=\"1024\" \/>\n\t<meta property=\"og:image:height\" content=\"684\" \/>\n\t<meta property=\"og:image:type\" content=\"image\/png\" \/>\n<meta name=\"author\" content=\"Joda J\" \/>\n<meta name=\"twitter:card\" content=\"summary_large_image\" \/>\n<meta name=\"twitter:label1\" content=\"\u00c9crit par\" \/>\n\t<meta name=\"twitter:data1\" content=\"Joda J\" \/>\n\t<meta name=\"twitter:label2\" content=\"Dur\u00e9e de lecture estim\u00e9e\" \/>\n\t<meta name=\"twitter:data2\" content=\"3 minutes\" \/>\n<script type=\"application\/ld+json\" class=\"yoast-schema-graph\">{\"@context\":\"https:\/\/schema.org\",\"@graph\":[{\"@type\":\"Article\",\"@id\":\"https:\/\/www.latitude-15.com\/fr\/saint-kitts-et-nevis-cherche-a-developper-ses-liaisons-aeriennes-internationales-lors-de-routes-americas-2026\/#article\",\"isPartOf\":{\"@id\":\"https:\/\/www.latitude-15.com\/fr\/saint-kitts-et-nevis-cherche-a-developper-ses-liaisons-aeriennes-internationales-lors-de-routes-americas-2026\/\"},\"author\":{\"name\":\"Joda J\",\"@id\":\"https:\/\/www.latitude-15.com\/fr\/#\/schema\/person\/dac52e7ff44c78317f337da112e37252\"},\"headline\":\"Saint-Kitts-et-Nevis cherche \u00e0 d\u00e9velopper ses liaisons a\u00e9riennes internationales lors de Routes Americas 2026\",\"datePublished\":\"2026-03-13T14:15:00+00:00\",\"dateModified\":\"2026-03-13T17:54:09+00:00\",\"mainEntityOfPage\":{\"@id\":\"https:\/\/www.latitude-15.com\/fr\/saint-kitts-et-nevis-cherche-a-developper-ses-liaisons-aeriennes-internationales-lors-de-routes-americas-2026\/\"},\"wordCount\":668,\"commentCount\":0,\"publisher\":{\"@id\":\"https:\/\/www.latitude-15.com\/fr\/#organization\"},\"image\":{\"@id\":\"https:\/\/www.latitude-15.com\/fr\/saint-kitts-et-nevis-cherche-a-developper-ses-liaisons-aeriennes-internationales-lors-de-routes-americas-2026\/#primaryimage\"},\"thumbnailUrl\":\"https:\/\/www.latitude-15.com\/wp-content\/uploads\/2026\/03\/images-by-Ocean-Driven-Media.png\",\"articleSection\":[\"AVIATION\",\"Connectivit\u00e9 a\u00e9rienne et Attractivit\u00e9 territoriale\"],\"inLanguage\":\"fr-FR\",\"potentialAction\":[{\"@type\":\"CommentAction\",\"name\":\"Comment\",\"target\":[\"https:\/\/www.latitude-15.com\/fr\/saint-kitts-et-nevis-cherche-a-developper-ses-liaisons-aeriennes-internationales-lors-de-routes-americas-2026\/#respond\"]}]},{\"@type\":\"WebPage\",\"@id\":\"https:\/\/www.latitude-15.com\/fr\/saint-kitts-et-nevis-cherche-a-developper-ses-liaisons-aeriennes-internationales-lors-de-routes-americas-2026\/\",\"url\":\"https:\/\/www.latitude-15.com\/fr\/saint-kitts-et-nevis-cherche-a-developper-ses-liaisons-aeriennes-internationales-lors-de-routes-americas-2026\/\",\"name\":\"Saint-Kitts-et-Nevis cherche \u00e0 d\u00e9velopper ses liaisons a\u00e9riennes internationales lors de Routes Americas 2026 - LATITUDE 15\",\"isPartOf\":{\"@id\":\"https:\/\/www.latitude-15.com\/fr\/#website\"},\"primaryImageOfPage\":{\"@id\":\"https:\/\/www.latitude-15.com\/fr\/saint-kitts-et-nevis-cherche-a-developper-ses-liaisons-aeriennes-internationales-lors-de-routes-americas-2026\/#primaryimage\"},\"image\":{\"@id\":\"https:\/\/www.latitude-15.com\/fr\/saint-kitts-et-nevis-cherche-a-developper-ses-liaisons-aeriennes-internationales-lors-de-routes-americas-2026\/#primaryimage\"},\"thumbnailUrl\":\"https:\/\/www.latitude-15.com\/wp-content\/uploads\/2026\/03\/images-by-Ocean-Driven-Media.png\",\"datePublished\":\"2026-03-13T14:15:00+00:00\",\"dateModified\":\"2026-03-13T17:54:09+00:00\",\"breadcrumb\":{\"@id\":\"https:\/\/www.latitude-15.com\/fr\/saint-kitts-et-nevis-cherche-a-developper-ses-liaisons-aeriennes-internationales-lors-de-routes-americas-2026\/#breadcrumb\"},\"inLanguage\":\"fr-FR\",\"potentialAction\":[{\"@type\":\"ReadAction\",\"target\":[\"https:\/\/www.latitude-15.com\/fr\/saint-kitts-et-nevis-cherche-a-developper-ses-liaisons-aeriennes-internationales-lors-de-routes-americas-2026\/\"]}]},{\"@type\":\"ImageObject\",\"inLanguage\":\"fr-FR\",\"@id\":\"https:\/\/www.latitude-15.com\/fr\/saint-kitts-et-nevis-cherche-a-developper-ses-liaisons-aeriennes-internationales-lors-de-routes-americas-2026\/#primaryimage\",\"url\":\"https:\/\/www.latitude-15.com\/wp-content\/uploads\/2026\/03\/images-by-Ocean-Driven-Media.png\",\"contentUrl\":\"https:\/\/www.latitude-15.com\/wp-content\/uploads\/2026\/03\/images-by-Ocean-Driven-Media.png\",\"width\":1125,\"height\":752,\"caption\":\"Images par Ocean Driven Media\"},{\"@type\":\"BreadcrumbList\",\"@id\":\"https:\/\/www.latitude-15.com\/fr\/saint-kitts-et-nevis-cherche-a-developper-ses-liaisons-aeriennes-internationales-lors-de-routes-americas-2026\/#breadcrumb\",\"itemListElement\":[{\"@type\":\"ListItem\",\"position\":1,\"name\":\"Home\",\"item\":\"https:\/\/www.latitude-15.com\/fr\/accueil\/\"},{\"@type\":\"ListItem\",\"position\":2,\"name\":\"Saint-Kitts-et-Nevis cherche \u00e0 d\u00e9velopper ses liaisons a\u00e9riennes internationales lors de Routes Americas 2026\"}]},{\"@type\":\"WebSite\",\"@id\":\"https:\/\/www.latitude-15.com\/fr\/#website\",\"url\":\"https:\/\/www.latitude-15.com\/fr\/\",\"name\":\"LATITUDE 15\",\"description\":\"Aviation and maritime Magazine - Caribbean &amp; Latin America\",\"publisher\":{\"@id\":\"https:\/\/www.latitude-15.com\/fr\/#organization\"},\"potentialAction\":[{\"@type\":\"SearchAction\",\"target\":{\"@type\":\"EntryPoint\",\"urlTemplate\":\"https:\/\/www.latitude-15.com\/fr\/?s={search_term_string}\"},\"query-input\":{\"@type\":\"PropertyValueSpecification\",\"valueRequired\":true,\"valueName\":\"search_term_string\"}}],\"inLanguage\":\"fr-FR\"},{\"@type\":\"Organization\",\"@id\":\"https:\/\/www.latitude-15.com\/fr\/#organization\",\"name\":\"LATITUDE 15\",\"url\":\"https:\/\/www.latitude-15.com\/fr\/\",\"logo\":{\"@type\":\"ImageObject\",\"inLanguage\":\"fr-FR\",\"@id\":\"https:\/\/www.latitude-15.com\/fr\/#\/schema\/logo\/image\/\",\"url\":\"https:\/\/www.latitude-15.com\/wp-content\/uploads\/2026\/01\/cropped-logox500px.png\",\"contentUrl\":\"https:\/\/www.latitude-15.com\/wp-content\/uploads\/2026\/01\/cropped-logox500px.png\",\"width\":62,\"height\":75,\"caption\":\"LATITUDE 15\"},\"image\":{\"@id\":\"https:\/\/www.latitude-15.com\/fr\/#\/schema\/logo\/image\/\"}},{\"@type\":\"Person\",\"@id\":\"https:\/\/www.latitude-15.com\/fr\/#\/schema\/person\/dac52e7ff44c78317f337da112e37252\",\"name\":\"Joda J\",\"image\":{\"@type\":\"ImageObject\",\"inLanguage\":\"fr-FR\",\"@id\":\"https:\/\/www.latitude-15.com\/fr\/#\/schema\/person\/image\/\",\"url\":\"https:\/\/secure.gravatar.com\/avatar\/6b1feae555e15404b76616f92d931d12b25ac58024f14ccb43d9d3c012e4c4cf?s=96&d=mm&r=g\",\"contentUrl\":\"https:\/\/secure.gravatar.com\/avatar\/6b1feae555e15404b76616f92d931d12b25ac58024f14ccb43d9d3c012e4c4cf?s=96&d=mm&r=g\",\"caption\":\"Joda J\"},\"url\":\"https:\/\/www.latitude-15.com\/fr\/author\/joda\/\"}]}<\/script>\n<!-- \/ Yoast SEO plugin. -->","yoast_head_json":{"title":"Saint-Kitts-et-Nevis cherche \u00e0 d\u00e9velopper ses liaisons a\u00e9riennes internationales lors de Routes Americas 2026 - LATITUDE 15","robots":{"index":"index","follow":"follow","max-snippet":"max-snippet:-1","max-image-preview":"max-image-preview:large","max-video-preview":"max-video-preview:-1"},"canonical":"https:\/\/www.latitude-15.com\/fr\/saint-kitts-et-nevis-cherche-a-developper-ses-liaisons-aeriennes-internationales-lors-de-routes-americas-2026\/","og_locale":"fr_FR","og_type":"article","og_title":"Saint-Kitts-et-Nevis cherche \u00e0 d\u00e9velopper ses liaisons a\u00e9riennes internationales lors de Routes Americas 2026 - LATITUDE 15","og_description":"Saint-Kitts-et-Nevis intensifie ses efforts pour renforcer sa position au sein du r\u00e9seau a\u00e9rien carib\u00e9en, alors que la destination cherche \u00e0 d\u00e9velopper sa connectivit\u00e9 a\u00e9rienne internationale et \u00e0 soutenir la croissance touristique \u00e0 long terme. Des repr\u00e9sentants de la St. Christopher Air &amp; Sea Ports Authority (SCASPA) et de la St. Kitts Tourism Authority ont particip\u00e9 [&hellip;]","og_url":"https:\/\/www.latitude-15.com\/fr\/saint-kitts-et-nevis-cherche-a-developper-ses-liaisons-aeriennes-internationales-lors-de-routes-americas-2026\/","og_site_name":"LATITUDE 15","article_published_time":"2026-03-13T14:15:00+00:00","article_modified_time":"2026-03-13T17:54:09+00:00","og_image":[{"width":1024,"height":684,"url":"https:\/\/www.latitude-15.com\/wp-content\/uploads\/2026\/03\/images-by-Ocean-Driven-Media-1024x684.png","type":"image\/png"}],"author":"Joda J","twitter_card":"summary_large_image","twitter_misc":{"\u00c9crit par":"Joda J","Dur\u00e9e de lecture estim\u00e9e":"3 minutes"},"schema":{"@context":"https:\/\/schema.org","@graph":[{"@type":"Article","@id":"https:\/\/www.latitude-15.com\/fr\/saint-kitts-et-nevis-cherche-a-developper-ses-liaisons-aeriennes-internationales-lors-de-routes-americas-2026\/#article","isPartOf":{"@id":"https:\/\/www.latitude-15.com\/fr\/saint-kitts-et-nevis-cherche-a-developper-ses-liaisons-aeriennes-internationales-lors-de-routes-americas-2026\/"},"author":{"name":"Joda J","@id":"https:\/\/www.latitude-15.com\/fr\/#\/schema\/person\/dac52e7ff44c78317f337da112e37252"},"headline":"Saint-Kitts-et-Nevis cherche \u00e0 d\u00e9velopper ses liaisons a\u00e9riennes internationales lors de Routes Americas 2026","datePublished":"2026-03-13T14:15:00+00:00","dateModified":"2026-03-13T17:54:09+00:00","mainEntityOfPage":{"@id":"https:\/\/www.latitude-15.com\/fr\/saint-kitts-et-nevis-cherche-a-developper-ses-liaisons-aeriennes-internationales-lors-de-routes-americas-2026\/"},"wordCount":668,"commentCount":0,"publisher":{"@id":"https:\/\/www.latitude-15.com\/fr\/#organization"},"image":{"@id":"https:\/\/www.latitude-15.com\/fr\/saint-kitts-et-nevis-cherche-a-developper-ses-liaisons-aeriennes-internationales-lors-de-routes-americas-2026\/#primaryimage"},"thumbnailUrl":"https:\/\/www.latitude-15.com\/wp-content\/uploads\/2026\/03\/images-by-Ocean-Driven-Media.png","articleSection":["AVIATION","Connectivit\u00e9 a\u00e9rienne et Attractivit\u00e9 territoriale"],"inLanguage":"fr-FR","potentialAction":[{"@type":"CommentAction","name":"Comment","target":["https:\/\/www.latitude-15.com\/fr\/saint-kitts-et-nevis-cherche-a-developper-ses-liaisons-aeriennes-internationales-lors-de-routes-americas-2026\/#respond"]}]},{"@type":"WebPage","@id":"https:\/\/www.latitude-15.com\/fr\/saint-kitts-et-nevis-cherche-a-developper-ses-liaisons-aeriennes-internationales-lors-de-routes-americas-2026\/","url":"https:\/\/www.latitude-15.com\/fr\/saint-kitts-et-nevis-cherche-a-developper-ses-liaisons-aeriennes-internationales-lors-de-routes-americas-2026\/","name":"Saint-Kitts-et-Nevis cherche \u00e0 d\u00e9velopper ses liaisons a\u00e9riennes internationales lors de Routes Americas 2026 - LATITUDE 15","isPartOf":{"@id":"https:\/\/www.latitude-15.com\/fr\/#website"},"primaryImageOfPage":{"@id":"https:\/\/www.latitude-15.com\/fr\/saint-kitts-et-nevis-cherche-a-developper-ses-liaisons-aeriennes-internationales-lors-de-routes-americas-2026\/#primaryimage"},"image":{"@id":"https:\/\/www.latitude-15.com\/fr\/saint-kitts-et-nevis-cherche-a-developper-ses-liaisons-aeriennes-internationales-lors-de-routes-americas-2026\/#primaryimage"},"thumbnailUrl":"https:\/\/www.latitude-15.com\/wp-content\/uploads\/2026\/03\/images-by-Ocean-Driven-Media.png","datePublished":"2026-03-13T14:15:00+00:00","dateModified":"2026-03-13T17:54:09+00:00","breadcrumb":{"@id":"https:\/\/www.latitude-15.com\/fr\/saint-kitts-et-nevis-cherche-a-developper-ses-liaisons-aeriennes-internationales-lors-de-routes-americas-2026\/#breadcrumb"},"inLanguage":"fr-FR","potentialAction":[{"@type":"ReadAction","target":["https:\/\/www.latitude-15.com\/fr\/saint-kitts-et-nevis-cherche-a-developper-ses-liaisons-aeriennes-internationales-lors-de-routes-americas-2026\/"]}]},{"@type":"ImageObject","inLanguage":"fr-FR","@id":"https:\/\/www.latitude-15.com\/fr\/saint-kitts-et-nevis-cherche-a-developper-ses-liaisons-aeriennes-internationales-lors-de-routes-americas-2026\/#primaryimage","url":"https:\/\/www.latitude-15.com\/wp-content\/uploads\/2026\/03\/images-by-Ocean-Driven-Media.png","contentUrl":"https:\/\/www.latitude-15.com\/wp-content\/uploads\/2026\/03\/images-by-Ocean-Driven-Media.png","width":1125,"height":752,"caption":"Images par Ocean Driven Media"},{"@type":"BreadcrumbList","@id":"https:\/\/www.latitude-15.com\/fr\/saint-kitts-et-nevis-cherche-a-developper-ses-liaisons-aeriennes-internationales-lors-de-routes-americas-2026\/#breadcrumb","itemListElement":[{"@type":"ListItem","position":1,"name":"Home","item":"https:\/\/www.latitude-15.com\/fr\/accueil\/"},{"@type":"ListItem","position":2,"name":"Saint-Kitts-et-Nevis cherche \u00e0 d\u00e9velopper ses liaisons a\u00e9riennes internationales lors de Routes Americas 2026"}]},{"@type":"WebSite","@id":"https:\/\/www.latitude-15.com\/fr\/#website","url":"https:\/\/www.latitude-15.com\/fr\/","name":"LATITUDE 15","description":"Aviation and maritime Magazine - Caribbean &amp; Latin America","publisher":{"@id":"https:\/\/www.latitude-15.com\/fr\/#organization"},"potentialAction":[{"@type":"SearchAction","target":{"@type":"EntryPoint","urlTemplate":"https:\/\/www.latitude-15.com\/fr\/?s={search_term_string}"},"query-input":{"@type":"PropertyValueSpecification","valueRequired":true,"valueName":"search_term_string"}}],"inLanguage":"fr-FR"},{"@type":"Organization","@id":"https:\/\/www.latitude-15.com\/fr\/#organization","name":"LATITUDE 15","url":"https:\/\/www.latitude-15.com\/fr\/","logo":{"@type":"ImageObject","inLanguage":"fr-FR","@id":"https:\/\/www.latitude-15.com\/fr\/#\/schema\/logo\/image\/","url":"https:\/\/www.latitude-15.com\/wp-content\/uploads\/2026\/01\/cropped-logox500px.png","contentUrl":"https:\/\/www.latitude-15.com\/wp-content\/uploads\/2026\/01\/cropped-logox500px.png","width":62,"height":75,"caption":"LATITUDE 15"},"image":{"@id":"https:\/\/www.latitude-15.com\/fr\/#\/schema\/logo\/image\/"}},{"@type":"Person","@id":"https:\/\/www.latitude-15.com\/fr\/#\/schema\/person\/dac52e7ff44c78317f337da112e37252","name":"Joda J","image":{"@type":"ImageObject","inLanguage":"fr-FR","@id":"https:\/\/www.latitude-15.com\/fr\/#\/schema\/person\/image\/","url":"https:\/\/secure.gravatar.com\/avatar\/6b1feae555e15404b76616f92d931d12b25ac58024f14ccb43d9d3c012e4c4cf?s=96&d=mm&r=g","contentUrl":"https:\/\/secure.gravatar.com\/avatar\/6b1feae555e15404b76616f92d931d12b25ac58024f14ccb43d9d3c012e4c4cf?s=96&d=mm&r=g","caption":"Joda J"},"url":"https:\/\/www.latitude-15.com\/fr\/author\/joda\/"}]}},"_links":{"self":[{"href":"https:\/\/www.latitude-15.com\/fr\/wp-json\/wp\/v2\/posts\/21543","targetHints":{"allow":["GET"]}}],"collection":[{"href":"https:\/\/www.latitude-15.com\/fr\/wp-json\/wp\/v2\/posts"}],"about":[{"href":"https:\/\/www.latitude-15.com\/fr\/wp-json\/wp\/v2\/types\/post"}],"author":[{"embeddable":true,"href":"https:\/\/www.latitude-15.com\/fr\/wp-json\/wp\/v2\/users\/5"}],"replies":[{"embeddable":true,"href":"https:\/\/www.latitude-15.com\/fr\/wp-json\/wp\/v2\/comments?post=21543"}],"version-history":[{"count":1,"href":"https:\/\/www.latitude-15.com\/fr\/wp-json\/wp\/v2\/posts\/21543\/revisions"}],"predecessor-version":[{"id":21544,"href":"https:\/\/www.latitude-15.com\/fr\/wp-json\/wp\/v2\/posts\/21543\/revisions\/21544"}],"wp:featuredmedia":[{"embeddable":true,"href":"https:\/\/www.latitude-15.com\/fr\/wp-json\/wp\/v2\/media\/21542"}],"wp:attachment":[{"href":"https:\/\/www.latitude-15.com\/fr\/wp-json\/wp\/v2\/media?parent=21543"}],"wp:term":[{"taxonomy":"category","embeddable":true,"href":"https:\/\/www.latitude-15.com\/fr\/wp-json\/wp\/v2\/categories?post=21543"},{"taxonomy":"post_tag","embeddable":true,"href":"https:\/\/www.latitude-15.com\/fr\/wp-json\/wp\/v2\/tags?post=21543"}],"curies":[{"name":"wp","href":"https:\/\/api.w.org\/{rel}","templated":true}]}}