{"id":21445,"date":"2026-03-11T14:35:00","date_gmt":"2026-03-11T18:35:00","guid":{"rendered":"https:\/\/www.latitude-15.com\/le-paradoxe-de-la-connectivite-aerienne-caribeenne-pourquoi-la-region-est-mieux-connectee-au-monde-qua-elle-meme\/"},"modified":"2026-03-11T15:04:52","modified_gmt":"2026-03-11T19:04:52","slug":"le-paradoxe-de-la-connectivite-aerienne-caribeenne-pourquoi-la-region-est-mieux-connectee-au-monde-qua-elle-meme","status":"publish","type":"post","link":"https:\/\/www.latitude-15.com\/fr\/le-paradoxe-de-la-connectivite-aerienne-caribeenne-pourquoi-la-region-est-mieux-connectee-au-monde-qua-elle-meme\/","title":{"rendered":"Le paradoxe de la connectivit\u00e9 a\u00e9rienne carib\u00e9enne : pourquoi la r\u00e9gion est mieux connect\u00e9e au monde qu\u2019\u00e0 elle-m\u00eame"},"content":{"rendered":"\n<p>Les Cara\u00efbes figurent parmi les r\u00e9gions touristiques les plus connect\u00e9es au monde. Chaque ann\u00e9e, des millions de voyageurs arrivent d\u2019Am\u00e9rique du Nord et d\u2019Europe via un dense r\u00e9seau de liaisons internationales reliant la r\u00e9gion aux principaux hubs mondiaux. Pourtant, paradoxalement, voyager entre les \u00eeles carib\u00e9ennes elles-m\u00eames peut rester \u00e9tonnamment complexe, co\u00fbteux et chronophage.  <\/p>\n\n<p>Des donn\u00e9es pr\u00e9sent\u00e9es par le cabinet de conseil a\u00e9roportuaire NACO lors d\u2019un webinaire organis\u00e9 par Airports Council International Latin America and the Caribbean (ACI-LAC) mettent en \u00e9vidence une \u00e9volution structurelle marquante de l\u2019aviation r\u00e9gionale. Depuis 2010, <strong>la connectivit\u00e9 intra-carib\u00e9enne a recul\u00e9 de 13 %<\/strong>, tandis que les liaisons reliant la r\u00e9gion \u00e0 des march\u00e9s extra-r\u00e9gionaux se sont d\u00e9velopp\u00e9es de <strong>73 %<\/strong> sur la m\u00eame p\u00e9riode. <\/p>\n\n<p>Il en r\u00e9sulte un paradoxe \u00e9vident : alors que les Cara\u00efbes s\u2019int\u00e8grent de plus en plus aux r\u00e9seaux a\u00e9riens mondiaux, leur propre connectivit\u00e9 a\u00e9rienne r\u00e9gionale demeure fragment\u00e9e.<\/p>\n\n<h2 class=\"wp-block-heading\">Baisse de la connectivit\u00e9 intra-carib\u00e9enne<\/h2>\n\n<p>Malgr\u00e9 la croissance globale de l\u2019aviation en Am\u00e9rique latine et dans les Cara\u00efbes, les liaisons r\u00e9gionales entre destinations carib\u00e9ennes ont progressivement diminu\u00e9. En 2024, les services intra-carib\u00e9ens repr\u00e9sentaient environ <strong>7,5 millions de si\u00e8ges<\/strong>, contre <strong>environ 83 millions de si\u00e8ges propos\u00e9s <\/strong>sur les liaisons <strong> <\/strong>reliant les Cara\u00efbes \u00e0 des destinations hors de la r\u00e9gion.<\/p>\n\n<p>Pour les compagnies a\u00e9riennes, les liaisons r\u00e9gionales pr\u00e9sentent souvent une \u00e9quation \u00e9conomique difficile. De nombreux march\u00e9s insulaires sont relativement petits, avec une demande locale limit\u00e9e et un pouvoir d\u2019achat plus faible parmi les populations r\u00e9sidentes. Ces conditions structurelles rendent difficile le maintien de fr\u00e9quences \u00e9lev\u00e9es entre les \u00eeles, en particulier par rapport aux liaisons touristiques internationales \u00e0 forte demande.  <\/p>\n\n<p>En cons\u00e9quence, les strat\u00e9gies de r\u00e9seau privil\u00e9gient de plus en plus les connexions avec les principaux march\u00e9s \u00e9metteurs plut\u00f4t qu\u2019une int\u00e9gration r\u00e9gionale plus pouss\u00e9e.<\/p>\n\n<h2 class=\"wp-block-heading\">L\u2019Am\u00e9rique du Nord domine les r\u00e9seaux a\u00e9riens carib\u00e9ens<\/h2>\n\n<p>La structure des r\u00e9seaux a\u00e9riens carib\u00e9ens refl\u00e8te le r\u00f4le dominant du tourisme international. L\u2019Am\u00e9rique du Nord est de loin la principale source de connectivit\u00e9 a\u00e9rienne pour la r\u00e9gion. <\/p>\n\n<p>En termes de capacit\u00e9 en si\u00e8ges sur les liaisons extra-r\u00e9gionales :<\/p>\n\n<ul class=\"wp-block-list\">\n<li><strong>L\u2019Am\u00e9rique du Nord repr\u00e9sente 76 % de la capacit\u00e9 totale<\/strong><\/li>\n\n\n\n<li><strong>L\u2019Europe repr\u00e9sente 13 %<\/strong><\/li>\n\n\n\n<li><strong>L\u2019Am\u00e9rique du Sud repr\u00e9sente 6 %<\/strong><\/li>\n\n\n\n<li><strong>L\u2019Am\u00e9rique centrale repr\u00e9sente environ 4 %<\/strong><\/li>\n<\/ul>\n\n<p>La r\u00e9partition des routes suit un sch\u00e9ma similaire. On compte actuellement 284 routes uniques reliant l\u2019Am\u00e9rique du Nord et les Cara\u00efbes, contre 37 routes depuis l\u2019Am\u00e9rique du Sud, 32 depuis l\u2019Europe et 18 depuis l\u2019Am\u00e9rique centrale. <\/p>\n\n<p>Plusieurs destinations carib\u00e9ennes jouent le r\u00f4le de principales portes d\u2019entr\u00e9e internationales.  <em>La R\u00e9publique dominicaine arrive en t\u00eate avec 52 routes op\u00e9r\u00e9es au moins deux fois par semaine, suivie de Porto Rico avec 35 routes, de la Jama\u00efque avec 25, de Cuba avec 24, et des Bahamas comme d\u2019Aruba avec 20 routes chacune.<\/em><\/p>\n\n<p>Cette structure souligne \u00e0 quel point le syst\u00e8me a\u00e9rien carib\u00e9en est orient\u00e9 vers les voyages internationaux entrants plut\u00f4t que vers la mobilit\u00e9 r\u00e9gionale.<\/p>\n\n<h2 class=\"wp-block-heading\">Obstacles structurels limitant la mobilit\u00e9 r\u00e9gionale<\/h2>\n\n<p>Les analystes du secteur identifient plusieurs facteurs structurels qui continuent de freiner le d\u00e9veloppement des liaisons intra-carib\u00e9ennes.<\/p>\n\n<p>L\u2019un des d\u00e9fis les plus importants est le <strong>co\u00fbt \u00e9lev\u00e9 des d\u00e9placements par rapport aux niveaux de revenus locaux<\/strong>, ce qui limite la demande de vols r\u00e9gionaux. En outre, le cadre r\u00e9glementaire de l\u2019aviation dans la r\u00e9gion demeure fragment\u00e9, avec de multiples juridictions op\u00e9rant selon des accords bilat\u00e9raux et des structures r\u00e9glementaires diff\u00e9rents. <\/p>\n\n<p>Les disparit\u00e9s d\u2019infrastructures entre a\u00e9roports jouent \u00e9galement un r\u00f4le. Certains a\u00e9roports ne disposent pas de la capacit\u00e9 ou de la flexibilit\u00e9 op\u00e9rationnelle n\u00e9cessaires pour soutenir de nouvelles liaisons ou augmenter les fr\u00e9quences. Ces difficult\u00e9s sont aggrav\u00e9es par la concurrence directe des grands march\u00e9s nord-am\u00e9ricains, o\u00f9 les compagnies a\u00e9riennes peuvent atteindre de meilleurs coefficients de remplissage et des rendements plus \u00e9lev\u00e9s.  <\/p>\n\n<p>Pris ensemble, ces facteurs cr\u00e9ent un environnement d\u2019exploitation complexe pour les transporteurs r\u00e9gionaux qui cherchent \u00e0 d\u00e9velopper de nouvelles connexions intra-carib\u00e9ennes.<\/p>\n\n<h2 class=\"wp-block-heading\">Quand la g\u00e9ographie ne correspond pas \u00e0 la connectivit\u00e9<\/h2>\n\n<p>Les inefficiences de la connectivit\u00e9 a\u00e9rienne r\u00e9gionale sont parfois frappantes. NACO a mis en avant l\u2019exemple des d\u00e9placements entre <strong>Bonaire et la Barbade<\/strong>, deux \u00eeles situ\u00e9es \u00e0 moins de <strong>1\u202f000 kilom\u00e8tres l\u2019une de l\u2019autre<\/strong>. <\/p>\n\n<p>Malgr\u00e9 leur proximit\u00e9 g\u00e9ographique, l\u2019absence de vols directs peut obliger les passagers \u00e0 parcourir <strong>3\u202f483 kilom\u00e8tres via Cura\u00e7ao et le Panama<\/strong>, avec des dur\u00e9es de trajet totales pouvant atteindre <strong>jusqu\u2019\u00e0 37 heures<\/strong>.<\/p>\n\n<p>Les prix des billets pour de tels trajets peuvent varier de <strong>1\u202f180 $ \u00e0 4\u202f325 $<\/strong>, illustrant les obstacles structurels qui continuent d\u2019affecter la mobilit\u00e9 r\u00e9gionale.<\/p>\n\n<p>Ce d\u00e9calage entre g\u00e9ographie et connectivit\u00e9 met en \u00e9vidence les d\u00e9fis li\u00e9s \u00e0 la construction d\u2019un r\u00e9seau a\u00e9rien r\u00e9gional efficace \u00e0 travers un archipel g\u00e9ographiquement dispers\u00e9.<\/p>\n\n<h2 class=\"wp-block-heading\">Croissance de l\u2019aviation en Am\u00e9rique latine<\/h2>\n\n<p>Le march\u00e9 a\u00e9rien latino-am\u00e9ricain au sens large continue toutefois d\u2019afficher une forte croissance. Selon des donn\u00e9es pr\u00e9liminaires d\u2019ACI-LAC, <strong>le trafic de passagers a\u00e9riens en Am\u00e9rique latine et dans les Cara\u00efbes a progress\u00e9 de 5 % en 2025<\/strong>. <\/p>\n\n<p>L\u2019Argentine a enregistr\u00e9 la plus forte croissance relative, avec une hausse du trafic passagers de <strong>12,7 %<\/strong>, soutenue par la politique de ciel ouvert du pays. Le Br\u00e9sil demeure le plus grand march\u00e9 a\u00e9rien de la r\u00e9gion, avec <strong>234,8 millions de passagers<\/strong>, une progression du trafic total de <strong>9,1 %<\/strong> et une hausse du trafic international de <strong>14 %<\/strong>. <\/p>\n\n<p>Au sein des Cara\u00efbes, le trafic passagers a augment\u00e9 plus modestement, d\u2019<strong>environ 1 %<\/strong>, refl\u00e9tant \u00e0 la fois les limites d\u2019infrastructure et la d\u00e9pendance de la r\u00e9gion \u00e0 des flux de d\u00e9placements tir\u00e9s par le tourisme.<\/p>\n\n<h2 class=\"wp-block-heading\">La r\u00e9forme des infrastructures et de la r\u00e9glementation reste essentielle<\/h2>\n\n<p>Les dirigeants du secteur soulignent que la croissance future d\u00e9pendra \u00e0 la fois du d\u00e9veloppement des infrastructures et de la modernisation r\u00e9glementaire.<\/p>\n\n<p>S\u2019exprimant lors de l\u2019International Economic Forum for Latin America and the Caribbean \u00e0 Panama City, <strong>Peter Cerd\u00e1, vice-pr\u00e9sident r\u00e9gional pour les Am\u00e9riques \u00e0 l\u2019IATA<\/strong>, a soulign\u00e9 la n\u00e9cessit\u00e9 d\u2019investissements plus importants dans les infrastructures a\u00e9ronautiques.<\/p>\n\n<p>\u00ab Nous sommes aujourd\u2019hui mieux connect\u00e9s qu\u2019\u00e0 n\u2019importe quel autre moment de notre histoire, mais les infrastructures ne suivent pas le rythme de la demande requise par l\u2019industrie du transport a\u00e9rien et de ce que les passagers attendent \u00bb, a-t-il d\u00e9clar\u00e9.<\/p>\n\n<p>Au-del\u00e0 de la cr\u00e9ation de nouvelles capacit\u00e9s a\u00e9roportuaires, les acteurs du secteur soulignent \u00e9galement l\u2019importance d\u2019une plus grande int\u00e9gration technologique et d\u2019une am\u00e9lioration de l\u2019efficacit\u00e9 op\u00e9rationnelle afin de r\u00e9duire les d\u00e9lais de traitement et d\u2019am\u00e9liorer l\u2019exp\u00e9rience passager.<\/p>\n\n<p>Parall\u00e8lement, une coordination plus \u00e9troite entre les gouvernements et le secteur priv\u00e9 sera essentielle pour rem\u00e9dier \u00e0 la fragmentation r\u00e9glementaire et ouvrir de nouvelles opportunit\u00e9s de connectivit\u00e9 r\u00e9gionale.<\/p>\n\n<h2 class=\"wp-block-heading\">Une question d\u2019int\u00e9gration r\u00e9gionale<\/h2>\n\n<p>Le paradoxe de la connectivit\u00e9 a\u00e9rienne carib\u00e9enne refl\u00e8te, au fond, la structure \u00e9conomique plus large de la r\u00e9gion. Les r\u00e9seaux a\u00e9riens sont fortement fa\u00e7onn\u00e9s par la demande du tourisme international, qui privil\u00e9gie des liaisons directes avec les principaux march\u00e9s externes. <\/p>\n\n<p>Pourtant, pour les \u00e9conomies r\u00e9gionales qui recherchent une int\u00e9gration plus profonde, l\u2019am\u00e9lioration de la mobilit\u00e9 entre les \u00eeles demeure un objectif strat\u00e9gique. Trouver cet \u00e9quilibre entre connectivit\u00e9 mondiale et accessibilit\u00e9 r\u00e9gionale constituera l\u2019un des d\u00e9fis centraux de l\u2019aviation carib\u00e9enne dans les ann\u00e9es \u00e0 venir. <\/p>\n","protected":false},"excerpt":{"rendered":"<p>Les Cara\u00efbes figurent parmi les r\u00e9gions touristiques les plus connect\u00e9es au monde. Chaque ann\u00e9e, des millions de voyageurs arrivent d\u2019Am\u00e9rique du Nord et d\u2019Europe via un dense r\u00e9seau de liaisons internationales reliant la r\u00e9gion aux principaux hubs mondiaux. Pourtant, paradoxalement, voyager entre les \u00eeles carib\u00e9ennes elles-m\u00eames peut rester \u00e9tonnamment complexe, co\u00fbteux et chronophage. Des donn\u00e9es [&hellip;]<\/p>\n","protected":false},"author":5,"featured_media":21444,"comment_status":"open","ping_status":"closed","sticky":false,"template":"","format":"standard","meta":{"footnotes":""},"categories":[97,100],"tags":[],"class_list":["post-21445","post","type-post","status-publish","format-standard","has-post-thumbnail","hentry","category-aviation-fr","category-connectivite-aerienne-et-attractivite-territoriale"],"yoast_head":"<!-- This site is optimized with the Yoast SEO plugin v26.9 - https:\/\/yoast.com\/product\/yoast-seo-wordpress\/ -->\n<title>Le paradoxe de la connectivit\u00e9 a\u00e9rienne carib\u00e9enne : pourquoi la r\u00e9gion est mieux connect\u00e9e au monde qu\u2019\u00e0 elle-m\u00eame - LATITUDE 15<\/title>\n<meta name=\"robots\" content=\"index, follow, max-snippet:-1, max-image-preview:large, max-video-preview:-1\" \/>\n<link rel=\"canonical\" href=\"https:\/\/www.latitude-15.com\/fr\/le-paradoxe-de-la-connectivite-aerienne-caribeenne-pourquoi-la-region-est-mieux-connectee-au-monde-qua-elle-meme\/\" \/>\n<meta property=\"og:locale\" content=\"fr_FR\" \/>\n<meta property=\"og:type\" content=\"article\" \/>\n<meta property=\"og:title\" content=\"Le paradoxe de la connectivit\u00e9 a\u00e9rienne carib\u00e9enne : pourquoi la r\u00e9gion est mieux connect\u00e9e au monde qu\u2019\u00e0 elle-m\u00eame - LATITUDE 15\" \/>\n<meta property=\"og:description\" content=\"Les Cara\u00efbes figurent parmi les r\u00e9gions touristiques les plus connect\u00e9es au monde. Chaque ann\u00e9e, des millions de voyageurs arrivent d\u2019Am\u00e9rique du Nord et d\u2019Europe via un dense r\u00e9seau de liaisons internationales reliant la r\u00e9gion aux principaux hubs mondiaux. Pourtant, paradoxalement, voyager entre les \u00eeles carib\u00e9ennes elles-m\u00eames peut rester \u00e9tonnamment complexe, co\u00fbteux et chronophage. Des donn\u00e9es [&hellip;]\" \/>\n<meta property=\"og:url\" content=\"https:\/\/www.latitude-15.com\/fr\/le-paradoxe-de-la-connectivite-aerienne-caribeenne-pourquoi-la-region-est-mieux-connectee-au-monde-qua-elle-meme\/\" \/>\n<meta property=\"og:site_name\" content=\"LATITUDE 15\" \/>\n<meta property=\"article:published_time\" content=\"2026-03-11T18:35:00+00:00\" \/>\n<meta property=\"article:modified_time\" content=\"2026-03-11T19:04:52+00:00\" \/>\n<meta property=\"og:image\" content=\"https:\/\/www.latitude-15.com\/wp-content\/uploads\/2026\/03\/pexels-myburgh-2046548.jpg\" \/>\n\t<meta property=\"og:image:width\" content=\"1920\" \/>\n\t<meta property=\"og:image:height\" content=\"1280\" \/>\n\t<meta property=\"og:image:type\" content=\"image\/jpeg\" \/>\n<meta name=\"author\" content=\"Joda J\" \/>\n<meta name=\"twitter:card\" content=\"summary_large_image\" \/>\n<meta name=\"twitter:label1\" content=\"\u00c9crit par\" \/>\n\t<meta name=\"twitter:data1\" content=\"Joda J\" \/>\n\t<meta name=\"twitter:label2\" content=\"Dur\u00e9e de lecture estim\u00e9e\" \/>\n\t<meta name=\"twitter:data2\" content=\"7 minutes\" \/>\n<script type=\"application\/ld+json\" class=\"yoast-schema-graph\">{\"@context\":\"https:\/\/schema.org\",\"@graph\":[{\"@type\":\"Article\",\"@id\":\"https:\/\/www.latitude-15.com\/fr\/le-paradoxe-de-la-connectivite-aerienne-caribeenne-pourquoi-la-region-est-mieux-connectee-au-monde-qua-elle-meme\/#article\",\"isPartOf\":{\"@id\":\"https:\/\/www.latitude-15.com\/fr\/le-paradoxe-de-la-connectivite-aerienne-caribeenne-pourquoi-la-region-est-mieux-connectee-au-monde-qua-elle-meme\/\"},\"author\":{\"name\":\"Joda J\",\"@id\":\"https:\/\/www.latitude-15.com\/fr\/#\/schema\/person\/dac52e7ff44c78317f337da112e37252\"},\"headline\":\"Le paradoxe de la connectivit\u00e9 a\u00e9rienne carib\u00e9enne : pourquoi la r\u00e9gion est mieux connect\u00e9e au monde qu\u2019\u00e0 elle-m\u00eame\",\"datePublished\":\"2026-03-11T18:35:00+00:00\",\"dateModified\":\"2026-03-11T19:04:52+00:00\",\"mainEntityOfPage\":{\"@id\":\"https:\/\/www.latitude-15.com\/fr\/le-paradoxe-de-la-connectivite-aerienne-caribeenne-pourquoi-la-region-est-mieux-connectee-au-monde-qua-elle-meme\/\"},\"wordCount\":1376,\"commentCount\":0,\"publisher\":{\"@id\":\"https:\/\/www.latitude-15.com\/fr\/#organization\"},\"image\":{\"@id\":\"https:\/\/www.latitude-15.com\/fr\/le-paradoxe-de-la-connectivite-aerienne-caribeenne-pourquoi-la-region-est-mieux-connectee-au-monde-qua-elle-meme\/#primaryimage\"},\"thumbnailUrl\":\"https:\/\/www.latitude-15.com\/wp-content\/uploads\/2026\/03\/pexels-myburgh-2046548.jpg\",\"articleSection\":[\"AVIATION\",\"Connectivit\u00e9 a\u00e9rienne et Attractivit\u00e9 territoriale\"],\"inLanguage\":\"fr-FR\",\"potentialAction\":[{\"@type\":\"CommentAction\",\"name\":\"Comment\",\"target\":[\"https:\/\/www.latitude-15.com\/fr\/le-paradoxe-de-la-connectivite-aerienne-caribeenne-pourquoi-la-region-est-mieux-connectee-au-monde-qua-elle-meme\/#respond\"]}]},{\"@type\":\"WebPage\",\"@id\":\"https:\/\/www.latitude-15.com\/fr\/le-paradoxe-de-la-connectivite-aerienne-caribeenne-pourquoi-la-region-est-mieux-connectee-au-monde-qua-elle-meme\/\",\"url\":\"https:\/\/www.latitude-15.com\/fr\/le-paradoxe-de-la-connectivite-aerienne-caribeenne-pourquoi-la-region-est-mieux-connectee-au-monde-qua-elle-meme\/\",\"name\":\"Le paradoxe de la connectivit\u00e9 a\u00e9rienne carib\u00e9enne : pourquoi la r\u00e9gion est mieux connect\u00e9e au monde qu\u2019\u00e0 elle-m\u00eame - LATITUDE 15\",\"isPartOf\":{\"@id\":\"https:\/\/www.latitude-15.com\/fr\/#website\"},\"primaryImageOfPage\":{\"@id\":\"https:\/\/www.latitude-15.com\/fr\/le-paradoxe-de-la-connectivite-aerienne-caribeenne-pourquoi-la-region-est-mieux-connectee-au-monde-qua-elle-meme\/#primaryimage\"},\"image\":{\"@id\":\"https:\/\/www.latitude-15.com\/fr\/le-paradoxe-de-la-connectivite-aerienne-caribeenne-pourquoi-la-region-est-mieux-connectee-au-monde-qua-elle-meme\/#primaryimage\"},\"thumbnailUrl\":\"https:\/\/www.latitude-15.com\/wp-content\/uploads\/2026\/03\/pexels-myburgh-2046548.jpg\",\"datePublished\":\"2026-03-11T18:35:00+00:00\",\"dateModified\":\"2026-03-11T19:04:52+00:00\",\"breadcrumb\":{\"@id\":\"https:\/\/www.latitude-15.com\/fr\/le-paradoxe-de-la-connectivite-aerienne-caribeenne-pourquoi-la-region-est-mieux-connectee-au-monde-qua-elle-meme\/#breadcrumb\"},\"inLanguage\":\"fr-FR\",\"potentialAction\":[{\"@type\":\"ReadAction\",\"target\":[\"https:\/\/www.latitude-15.com\/fr\/le-paradoxe-de-la-connectivite-aerienne-caribeenne-pourquoi-la-region-est-mieux-connectee-au-monde-qua-elle-meme\/\"]}]},{\"@type\":\"ImageObject\",\"inLanguage\":\"fr-FR\",\"@id\":\"https:\/\/www.latitude-15.com\/fr\/le-paradoxe-de-la-connectivite-aerienne-caribeenne-pourquoi-la-region-est-mieux-connectee-au-monde-qua-elle-meme\/#primaryimage\",\"url\":\"https:\/\/www.latitude-15.com\/wp-content\/uploads\/2026\/03\/pexels-myburgh-2046548.jpg\",\"contentUrl\":\"https:\/\/www.latitude-15.com\/wp-content\/uploads\/2026\/03\/pexels-myburgh-2046548.jpg\",\"width\":1920,\"height\":1280},{\"@type\":\"BreadcrumbList\",\"@id\":\"https:\/\/www.latitude-15.com\/fr\/le-paradoxe-de-la-connectivite-aerienne-caribeenne-pourquoi-la-region-est-mieux-connectee-au-monde-qua-elle-meme\/#breadcrumb\",\"itemListElement\":[{\"@type\":\"ListItem\",\"position\":1,\"name\":\"Home\",\"item\":\"https:\/\/www.latitude-15.com\/fr\/accueil\/\"},{\"@type\":\"ListItem\",\"position\":2,\"name\":\"Le paradoxe de la connectivit\u00e9 a\u00e9rienne carib\u00e9enne : pourquoi la r\u00e9gion est mieux connect\u00e9e au monde qu\u2019\u00e0 elle-m\u00eame\"}]},{\"@type\":\"WebSite\",\"@id\":\"https:\/\/www.latitude-15.com\/fr\/#website\",\"url\":\"https:\/\/www.latitude-15.com\/fr\/\",\"name\":\"LATITUDE 15\",\"description\":\"Aviation and maritime Magazine - Caribbean &amp; Latin America\",\"publisher\":{\"@id\":\"https:\/\/www.latitude-15.com\/fr\/#organization\"},\"potentialAction\":[{\"@type\":\"SearchAction\",\"target\":{\"@type\":\"EntryPoint\",\"urlTemplate\":\"https:\/\/www.latitude-15.com\/fr\/?s={search_term_string}\"},\"query-input\":{\"@type\":\"PropertyValueSpecification\",\"valueRequired\":true,\"valueName\":\"search_term_string\"}}],\"inLanguage\":\"fr-FR\"},{\"@type\":\"Organization\",\"@id\":\"https:\/\/www.latitude-15.com\/fr\/#organization\",\"name\":\"LATITUDE 15\",\"url\":\"https:\/\/www.latitude-15.com\/fr\/\",\"logo\":{\"@type\":\"ImageObject\",\"inLanguage\":\"fr-FR\",\"@id\":\"https:\/\/www.latitude-15.com\/fr\/#\/schema\/logo\/image\/\",\"url\":\"https:\/\/www.latitude-15.com\/wp-content\/uploads\/2026\/01\/cropped-logox500px.png\",\"contentUrl\":\"https:\/\/www.latitude-15.com\/wp-content\/uploads\/2026\/01\/cropped-logox500px.png\",\"width\":62,\"height\":75,\"caption\":\"LATITUDE 15\"},\"image\":{\"@id\":\"https:\/\/www.latitude-15.com\/fr\/#\/schema\/logo\/image\/\"}},{\"@type\":\"Person\",\"@id\":\"https:\/\/www.latitude-15.com\/fr\/#\/schema\/person\/dac52e7ff44c78317f337da112e37252\",\"name\":\"Joda J\",\"image\":{\"@type\":\"ImageObject\",\"inLanguage\":\"fr-FR\",\"@id\":\"https:\/\/www.latitude-15.com\/fr\/#\/schema\/person\/image\/\",\"url\":\"https:\/\/secure.gravatar.com\/avatar\/6b1feae555e15404b76616f92d931d12b25ac58024f14ccb43d9d3c012e4c4cf?s=96&d=mm&r=g\",\"contentUrl\":\"https:\/\/secure.gravatar.com\/avatar\/6b1feae555e15404b76616f92d931d12b25ac58024f14ccb43d9d3c012e4c4cf?s=96&d=mm&r=g\",\"caption\":\"Joda J\"},\"url\":\"https:\/\/www.latitude-15.com\/fr\/author\/joda\/\"}]}<\/script>\n<!-- \/ Yoast SEO plugin. -->","yoast_head_json":{"title":"Le paradoxe de la connectivit\u00e9 a\u00e9rienne carib\u00e9enne : pourquoi la r\u00e9gion est mieux connect\u00e9e au monde qu\u2019\u00e0 elle-m\u00eame - LATITUDE 15","robots":{"index":"index","follow":"follow","max-snippet":"max-snippet:-1","max-image-preview":"max-image-preview:large","max-video-preview":"max-video-preview:-1"},"canonical":"https:\/\/www.latitude-15.com\/fr\/le-paradoxe-de-la-connectivite-aerienne-caribeenne-pourquoi-la-region-est-mieux-connectee-au-monde-qua-elle-meme\/","og_locale":"fr_FR","og_type":"article","og_title":"Le paradoxe de la connectivit\u00e9 a\u00e9rienne carib\u00e9enne : pourquoi la r\u00e9gion est mieux connect\u00e9e au monde qu\u2019\u00e0 elle-m\u00eame - LATITUDE 15","og_description":"Les Cara\u00efbes figurent parmi les r\u00e9gions touristiques les plus connect\u00e9es au monde. Chaque ann\u00e9e, des millions de voyageurs arrivent d\u2019Am\u00e9rique du Nord et d\u2019Europe via un dense r\u00e9seau de liaisons internationales reliant la r\u00e9gion aux principaux hubs mondiaux. Pourtant, paradoxalement, voyager entre les \u00eeles carib\u00e9ennes elles-m\u00eames peut rester \u00e9tonnamment complexe, co\u00fbteux et chronophage. Des donn\u00e9es [&hellip;]","og_url":"https:\/\/www.latitude-15.com\/fr\/le-paradoxe-de-la-connectivite-aerienne-caribeenne-pourquoi-la-region-est-mieux-connectee-au-monde-qua-elle-meme\/","og_site_name":"LATITUDE 15","article_published_time":"2026-03-11T18:35:00+00:00","article_modified_time":"2026-03-11T19:04:52+00:00","og_image":[{"width":1920,"height":1280,"url":"https:\/\/www.latitude-15.com\/wp-content\/uploads\/2026\/03\/pexels-myburgh-2046548.jpg","type":"image\/jpeg"}],"author":"Joda J","twitter_card":"summary_large_image","twitter_misc":{"\u00c9crit par":"Joda J","Dur\u00e9e de lecture estim\u00e9e":"7 minutes"},"schema":{"@context":"https:\/\/schema.org","@graph":[{"@type":"Article","@id":"https:\/\/www.latitude-15.com\/fr\/le-paradoxe-de-la-connectivite-aerienne-caribeenne-pourquoi-la-region-est-mieux-connectee-au-monde-qua-elle-meme\/#article","isPartOf":{"@id":"https:\/\/www.latitude-15.com\/fr\/le-paradoxe-de-la-connectivite-aerienne-caribeenne-pourquoi-la-region-est-mieux-connectee-au-monde-qua-elle-meme\/"},"author":{"name":"Joda J","@id":"https:\/\/www.latitude-15.com\/fr\/#\/schema\/person\/dac52e7ff44c78317f337da112e37252"},"headline":"Le paradoxe de la connectivit\u00e9 a\u00e9rienne carib\u00e9enne : pourquoi la r\u00e9gion est mieux connect\u00e9e au monde qu\u2019\u00e0 elle-m\u00eame","datePublished":"2026-03-11T18:35:00+00:00","dateModified":"2026-03-11T19:04:52+00:00","mainEntityOfPage":{"@id":"https:\/\/www.latitude-15.com\/fr\/le-paradoxe-de-la-connectivite-aerienne-caribeenne-pourquoi-la-region-est-mieux-connectee-au-monde-qua-elle-meme\/"},"wordCount":1376,"commentCount":0,"publisher":{"@id":"https:\/\/www.latitude-15.com\/fr\/#organization"},"image":{"@id":"https:\/\/www.latitude-15.com\/fr\/le-paradoxe-de-la-connectivite-aerienne-caribeenne-pourquoi-la-region-est-mieux-connectee-au-monde-qua-elle-meme\/#primaryimage"},"thumbnailUrl":"https:\/\/www.latitude-15.com\/wp-content\/uploads\/2026\/03\/pexels-myburgh-2046548.jpg","articleSection":["AVIATION","Connectivit\u00e9 a\u00e9rienne et Attractivit\u00e9 territoriale"],"inLanguage":"fr-FR","potentialAction":[{"@type":"CommentAction","name":"Comment","target":["https:\/\/www.latitude-15.com\/fr\/le-paradoxe-de-la-connectivite-aerienne-caribeenne-pourquoi-la-region-est-mieux-connectee-au-monde-qua-elle-meme\/#respond"]}]},{"@type":"WebPage","@id":"https:\/\/www.latitude-15.com\/fr\/le-paradoxe-de-la-connectivite-aerienne-caribeenne-pourquoi-la-region-est-mieux-connectee-au-monde-qua-elle-meme\/","url":"https:\/\/www.latitude-15.com\/fr\/le-paradoxe-de-la-connectivite-aerienne-caribeenne-pourquoi-la-region-est-mieux-connectee-au-monde-qua-elle-meme\/","name":"Le paradoxe de la connectivit\u00e9 a\u00e9rienne carib\u00e9enne : pourquoi la r\u00e9gion est mieux connect\u00e9e au monde qu\u2019\u00e0 elle-m\u00eame - LATITUDE 15","isPartOf":{"@id":"https:\/\/www.latitude-15.com\/fr\/#website"},"primaryImageOfPage":{"@id":"https:\/\/www.latitude-15.com\/fr\/le-paradoxe-de-la-connectivite-aerienne-caribeenne-pourquoi-la-region-est-mieux-connectee-au-monde-qua-elle-meme\/#primaryimage"},"image":{"@id":"https:\/\/www.latitude-15.com\/fr\/le-paradoxe-de-la-connectivite-aerienne-caribeenne-pourquoi-la-region-est-mieux-connectee-au-monde-qua-elle-meme\/#primaryimage"},"thumbnailUrl":"https:\/\/www.latitude-15.com\/wp-content\/uploads\/2026\/03\/pexels-myburgh-2046548.jpg","datePublished":"2026-03-11T18:35:00+00:00","dateModified":"2026-03-11T19:04:52+00:00","breadcrumb":{"@id":"https:\/\/www.latitude-15.com\/fr\/le-paradoxe-de-la-connectivite-aerienne-caribeenne-pourquoi-la-region-est-mieux-connectee-au-monde-qua-elle-meme\/#breadcrumb"},"inLanguage":"fr-FR","potentialAction":[{"@type":"ReadAction","target":["https:\/\/www.latitude-15.com\/fr\/le-paradoxe-de-la-connectivite-aerienne-caribeenne-pourquoi-la-region-est-mieux-connectee-au-monde-qua-elle-meme\/"]}]},{"@type":"ImageObject","inLanguage":"fr-FR","@id":"https:\/\/www.latitude-15.com\/fr\/le-paradoxe-de-la-connectivite-aerienne-caribeenne-pourquoi-la-region-est-mieux-connectee-au-monde-qua-elle-meme\/#primaryimage","url":"https:\/\/www.latitude-15.com\/wp-content\/uploads\/2026\/03\/pexels-myburgh-2046548.jpg","contentUrl":"https:\/\/www.latitude-15.com\/wp-content\/uploads\/2026\/03\/pexels-myburgh-2046548.jpg","width":1920,"height":1280},{"@type":"BreadcrumbList","@id":"https:\/\/www.latitude-15.com\/fr\/le-paradoxe-de-la-connectivite-aerienne-caribeenne-pourquoi-la-region-est-mieux-connectee-au-monde-qua-elle-meme\/#breadcrumb","itemListElement":[{"@type":"ListItem","position":1,"name":"Home","item":"https:\/\/www.latitude-15.com\/fr\/accueil\/"},{"@type":"ListItem","position":2,"name":"Le paradoxe de la connectivit\u00e9 a\u00e9rienne carib\u00e9enne : pourquoi la r\u00e9gion est mieux connect\u00e9e au monde qu\u2019\u00e0 elle-m\u00eame"}]},{"@type":"WebSite","@id":"https:\/\/www.latitude-15.com\/fr\/#website","url":"https:\/\/www.latitude-15.com\/fr\/","name":"LATITUDE 15","description":"Aviation and maritime Magazine - Caribbean &amp; Latin America","publisher":{"@id":"https:\/\/www.latitude-15.com\/fr\/#organization"},"potentialAction":[{"@type":"SearchAction","target":{"@type":"EntryPoint","urlTemplate":"https:\/\/www.latitude-15.com\/fr\/?s={search_term_string}"},"query-input":{"@type":"PropertyValueSpecification","valueRequired":true,"valueName":"search_term_string"}}],"inLanguage":"fr-FR"},{"@type":"Organization","@id":"https:\/\/www.latitude-15.com\/fr\/#organization","name":"LATITUDE 15","url":"https:\/\/www.latitude-15.com\/fr\/","logo":{"@type":"ImageObject","inLanguage":"fr-FR","@id":"https:\/\/www.latitude-15.com\/fr\/#\/schema\/logo\/image\/","url":"https:\/\/www.latitude-15.com\/wp-content\/uploads\/2026\/01\/cropped-logox500px.png","contentUrl":"https:\/\/www.latitude-15.com\/wp-content\/uploads\/2026\/01\/cropped-logox500px.png","width":62,"height":75,"caption":"LATITUDE 15"},"image":{"@id":"https:\/\/www.latitude-15.com\/fr\/#\/schema\/logo\/image\/"}},{"@type":"Person","@id":"https:\/\/www.latitude-15.com\/fr\/#\/schema\/person\/dac52e7ff44c78317f337da112e37252","name":"Joda J","image":{"@type":"ImageObject","inLanguage":"fr-FR","@id":"https:\/\/www.latitude-15.com\/fr\/#\/schema\/person\/image\/","url":"https:\/\/secure.gravatar.com\/avatar\/6b1feae555e15404b76616f92d931d12b25ac58024f14ccb43d9d3c012e4c4cf?s=96&d=mm&r=g","contentUrl":"https:\/\/secure.gravatar.com\/avatar\/6b1feae555e15404b76616f92d931d12b25ac58024f14ccb43d9d3c012e4c4cf?s=96&d=mm&r=g","caption":"Joda J"},"url":"https:\/\/www.latitude-15.com\/fr\/author\/joda\/"}]}},"_links":{"self":[{"href":"https:\/\/www.latitude-15.com\/fr\/wp-json\/wp\/v2\/posts\/21445","targetHints":{"allow":["GET"]}}],"collection":[{"href":"https:\/\/www.latitude-15.com\/fr\/wp-json\/wp\/v2\/posts"}],"about":[{"href":"https:\/\/www.latitude-15.com\/fr\/wp-json\/wp\/v2\/types\/post"}],"author":[{"embeddable":true,"href":"https:\/\/www.latitude-15.com\/fr\/wp-json\/wp\/v2\/users\/5"}],"replies":[{"embeddable":true,"href":"https:\/\/www.latitude-15.com\/fr\/wp-json\/wp\/v2\/comments?post=21445"}],"version-history":[{"count":1,"href":"https:\/\/www.latitude-15.com\/fr\/wp-json\/wp\/v2\/posts\/21445\/revisions"}],"predecessor-version":[{"id":21446,"href":"https:\/\/www.latitude-15.com\/fr\/wp-json\/wp\/v2\/posts\/21445\/revisions\/21446"}],"wp:featuredmedia":[{"embeddable":true,"href":"https:\/\/www.latitude-15.com\/fr\/wp-json\/wp\/v2\/media\/21444"}],"wp:attachment":[{"href":"https:\/\/www.latitude-15.com\/fr\/wp-json\/wp\/v2\/media?parent=21445"}],"wp:term":[{"taxonomy":"category","embeddable":true,"href":"https:\/\/www.latitude-15.com\/fr\/wp-json\/wp\/v2\/categories?post=21445"},{"taxonomy":"post_tag","embeddable":true,"href":"https:\/\/www.latitude-15.com\/fr\/wp-json\/wp\/v2\/tags?post=21445"}],"curies":[{"name":"wp","href":"https:\/\/api.w.org\/{rel}","templated":true}]}}