{"id":21420,"date":"2026-03-11T09:15:50","date_gmt":"2026-03-11T13:15:50","guid":{"rendered":"https:\/\/www.latitude-15.com\/saint-martin-se-reconnecte-a-un-reseau-aerien-regional-en-pleine-croissance\/"},"modified":"2026-03-11T09:19:15","modified_gmt":"2026-03-11T13:19:15","slug":"saint-martin-se-reconnecte-a-un-reseau-aerien-regional-en-pleine-croissance","status":"publish","type":"post","link":"https:\/\/www.latitude-15.com\/fr\/saint-martin-se-reconnecte-a-un-reseau-aerien-regional-en-pleine-croissance\/","title":{"rendered":"Saint-Martin se reconnecte \u00e0 un r\u00e9seau a\u00e9rien r\u00e9gional en pleine croissance"},"content":{"rendered":"\n<p>La connectivit\u00e9 a\u00e9rienne r\u00e9gionale demeure l\u2019un des d\u00e9fis structurels du march\u00e9 de l\u2019aviation dans les Cara\u00efbes. Une g\u00e9ographie fragment\u00e9e, des march\u00e9s de passagers relativement restreints et des co\u00fbts d\u2019exploitation \u00e9lev\u00e9s ont historiquement limit\u00e9 le nombre de liaisons intra-r\u00e9gionales viables. <\/p>\n\n<p>Dans ce contexte, le retour d\u2019interCaribbean Airways \u00e0 Saint-Martin repr\u00e9sente plus que la simple r\u00e9ouverture d\u2019une ligne. Il s\u2019inscrit dans une strat\u00e9gie d\u2019expansion plus large visant \u00e0 renforcer la mobilit\u00e9 r\u00e9gionale \u00e0 travers les Cara\u00efbes. <\/p>\n\n<p>La compagnie a\u00e9rienne a r\u00e9cemment lanc\u00e9 de nouveaux services reliant Saint-Martin \u00e0 Bridgetown et Tortola. Les vols vers Bridgetown sont assur\u00e9s deux fois par semaine, tandis que le service vers Tortola est \u00e9galement op\u00e9r\u00e9 deux fois par semaine \u00e0 l\u2019aide d\u2019appareils ATR 42. <\/p>\n\n<p>Bien que leur fr\u00e9quence soit modeste, ces liaisons contribuent \u00e0 r\u00e9tablir une couche essentielle de connectivit\u00e9 r\u00e9gionale, reliant les \u00eeles du nord des Cara\u00efbes \u00e0 des destinations plus au sud.<\/p>\n\n<h2 class=\"wp-block-heading\">La Barbade s\u2019affirme comme un hub strat\u00e9gique des Cara\u00efbes<\/h2>\n\n<p>Les nouvelles liaisons vers Saint-Martin font partie d\u2019une expansion plus vaste du r\u00e9seau centr\u00e9e sur la Barbade en tant que hub r\u00e9gional en pleine croissance.<\/p>\n\n<p>InterCaribbean a r\u00e9cemment lanc\u00e9 des services suppl\u00e9mentaires au d\u00e9part de Bridgetown vers plusieurs destinations des Cara\u00efbes. Ceux-ci incluent une nouvelle liaison sans escale entre la Barbade et Tortola op\u00e9rant trois fois par semaine, ainsi que quatre vols hebdomadaires reliant la Barbade \u00e0 Port of Spain, \u00e0 Trinit\u00e9-et-Tobago. <\/p>\n\n<p>Ce r\u00e9seau en expansion positionne la Barbade comme un point de transfert de plus en plus important au sein de la r\u00e9gion. En reliant des destinations du nord des Cara\u00efbes telles que Saint-Martin \u00e0 des march\u00e9s du sud incluant Trinit\u00e9-et-Tobago, la compagnie construit progressivement un r\u00e9seau r\u00e9gional multidirectionnel. <\/p>\n\n<p>Ces strat\u00e9gies de hub restent essentielles dans l\u2019\u00e9cosyst\u00e8me de l\u2019aviation carib\u00e9enne, o\u00f9 les march\u00e9s fragment\u00e9s n\u00e9cessitent souvent des points de passage interm\u00e9diaires pour maintenir une connectivit\u00e9 a\u00e9rienne viable.<\/p>\n\n<h2 class=\"wp-block-heading\">Le r\u00f4le de porte d\u2019entr\u00e9e de Saint-Martin dans le nord-est des Cara\u00efbes<\/h2>\n\n<p>Au sein de cette architecture de r\u00e9seau, Saint-Martin continue de jouer un r\u00f4le cl\u00e9 dans la liaison du nord-est des Cara\u00efbes.<\/p>\n\n<p>Une grande partie de cette connectivit\u00e9 s\u2019articule autour de l\u2019a\u00e9roport international Princess Juliana, l\u2019une des portes d\u2019entr\u00e9e a\u00e9riennes les plus connues de la r\u00e9gion. L\u2019a\u00e9roport combine des services internationaux long-courriers avec un r\u00e9seau dense de routes r\u00e9gionales, permettant aux passagers de se d\u00e9placer entre des destinations mondiales et de plus petites \u00eeles des Cara\u00efbes. <\/p>\n\n<p>Les nouveaux services vers la Barbade et Tortola renforcent donc la fonction de Saint-Martin en tant que point de redistribution au sein du syst\u00e8me a\u00e9ronautique r\u00e9gional. Dans une g\u00e9ographie compos\u00e9e de nombreux march\u00e9s insulaires, ces hubs secondaires sont essentiels pour maintenir les liens de voyage \u00e0 travers les Cara\u00efbes. <\/p>\n\n<p>Une connectivit\u00e9 suppl\u00e9mentaire entre Tortola et Saint-Martin est \u00e9galement pr\u00e9vue, avec de nouveaux vols bihebdomadaires qui devraient d\u00e9buter prochainement, renfor\u00e7ant davantage la mobilit\u00e9 dans la sous-r\u00e9gion du nord des Cara\u00efbes.<\/p>\n\n<h2 class=\"wp-block-heading\">La mobilit\u00e9 d\u2019affaires et le tourisme, moteurs de la demande a\u00e9rienne r\u00e9gionale<\/h2>\n\n<p>Au-del\u00e0 des flux touristiques, la connectivit\u00e9 a\u00e9rienne r\u00e9gionale joue \u00e9galement un r\u00f4le critique dans le soutien \u00e0 la mobilit\u00e9 \u00e9conomique sur les march\u00e9s carib\u00e9ens.<\/p>\n\n<p>Les leaders du secteur ont soulign\u00e9 que les voyages d\u2019affaires restent un moteur cl\u00e9 de la demande de l\u2019aviation intra-carib\u00e9enne. Cadres, ing\u00e9nieurs, professionnels de la finance et consultants se d\u00e9placent fr\u00e9quemment entre les centres \u00e9conomiques r\u00e9gionaux tels que Trinit\u00e9-et-Tobago, la Barbade et d\u2019autres \u00e9conomies insulaires. <\/p>\n\n<p>Parall\u00e8lement, l\u2019am\u00e9lioration des liaisons a\u00e9riennes contribue \u00e0 renforcer les \u00e9changes touristiques entre les destinations carib\u00e9ennes elles-m\u00eames, un segment de plus en plus important pour les \u00e9conomies insulaires cherchant \u00e0 diversifier leurs march\u00e9s de visiteurs.<\/p>\n\n<p>En \u00e9tendant son r\u00e9seau r\u00e9gional et en modernisant sa flotte avec des turbopropulseurs ATR 42-500, interCaribbean Airways se positionne pour capter cette demande croissante pour une connectivit\u00e9 intra-carib\u00e9enne fiable.<\/p>\n\n<h2 class=\"wp-block-heading\">Reconstruire le r\u00e9seau a\u00e9rien r\u00e9gional des Cara\u00efbes<\/h2>\n\n<p>La nouvelle expansion de la compagnie refl\u00e8te \u00e9galement la reconstruction progressive de l\u2019\u00e9cosyst\u00e8me de l\u2019aviation r\u00e9gionale des Cara\u00efbes apr\u00e8s les perturbations caus\u00e9es par la pand\u00e9mie de COVID-19.<\/p>\n\n<p>InterCaribbean exploitait auparavant des services vers Saint-Martin avant de les suspendre en 2019. Son retour signale une confiance renouvel\u00e9e dans la reprise de la demande de voyages r\u00e9gionaux et la viabilit\u00e9 des liaisons insulaires court-courriers. <\/p>\n\n<p>Bien que l\u2019\u00e9chelle de ces op\u00e9rations reste relativement modeste par rapport aux march\u00e9s internationaux long-courriers, ces liaisons jouent un r\u00f4le critique pour souder la g\u00e9ographie fragment\u00e9e des Cara\u00efbes.<\/p>\n\n<p>Pour Saint-Martin, l\u2019extension des liaisons a\u00e9riennes r\u00e9gionales demeure un levier strat\u00e9gique pour renforcer sa position au sein du r\u00e9seau \u00e9volutif des hubs de l\u2019aviation carib\u00e9enne.<\/p>\n","protected":false},"excerpt":{"rendered":"<p>La connectivit\u00e9 a\u00e9rienne r\u00e9gionale demeure l\u2019un des d\u00e9fis structurels du march\u00e9 de l\u2019aviation dans les Cara\u00efbes. Une g\u00e9ographie fragment\u00e9e, des march\u00e9s de passagers relativement restreints et des co\u00fbts d\u2019exploitation \u00e9lev\u00e9s ont historiquement limit\u00e9 le nombre de liaisons intra-r\u00e9gionales viables. Dans ce contexte, le retour d\u2019interCaribbean Airways \u00e0 Saint-Martin repr\u00e9sente plus que la simple r\u00e9ouverture d\u2019une [&hellip;]<\/p>\n","protected":false},"author":5,"featured_media":21419,"comment_status":"open","ping_status":"closed","sticky":false,"template":"","format":"standard","meta":{"footnotes":""},"categories":[97,100],"tags":[],"class_list":["post-21420","post","type-post","status-publish","format-standard","has-post-thumbnail","hentry","category-aviation-fr","category-connectivite-aerienne-et-attractivite-territoriale"],"yoast_head":"<!-- This site is optimized with the Yoast SEO plugin v26.9 - https:\/\/yoast.com\/product\/yoast-seo-wordpress\/ -->\n<title>Saint-Martin se reconnecte \u00e0 un r\u00e9seau a\u00e9rien r\u00e9gional en pleine croissance - LATITUDE 15<\/title>\n<meta name=\"robots\" content=\"index, follow, max-snippet:-1, max-image-preview:large, max-video-preview:-1\" \/>\n<link rel=\"canonical\" href=\"https:\/\/www.latitude-15.com\/fr\/saint-martin-se-reconnecte-a-un-reseau-aerien-regional-en-pleine-croissance\/\" \/>\n<meta property=\"og:locale\" content=\"fr_FR\" \/>\n<meta property=\"og:type\" content=\"article\" \/>\n<meta property=\"og:title\" content=\"Saint-Martin se reconnecte \u00e0 un r\u00e9seau a\u00e9rien r\u00e9gional en pleine croissance - LATITUDE 15\" \/>\n<meta property=\"og:description\" content=\"La connectivit\u00e9 a\u00e9rienne r\u00e9gionale demeure l\u2019un des d\u00e9fis structurels du march\u00e9 de l\u2019aviation dans les Cara\u00efbes. Une g\u00e9ographie fragment\u00e9e, des march\u00e9s de passagers relativement restreints et des co\u00fbts d\u2019exploitation \u00e9lev\u00e9s ont historiquement limit\u00e9 le nombre de liaisons intra-r\u00e9gionales viables. Dans ce contexte, le retour d\u2019interCaribbean Airways \u00e0 Saint-Martin repr\u00e9sente plus que la simple r\u00e9ouverture d\u2019une [&hellip;]\" \/>\n<meta property=\"og:url\" content=\"https:\/\/www.latitude-15.com\/fr\/saint-martin-se-reconnecte-a-un-reseau-aerien-regional-en-pleine-croissance\/\" \/>\n<meta property=\"og:site_name\" content=\"LATITUDE 15\" \/>\n<meta property=\"article:published_time\" content=\"2026-03-11T13:15:50+00:00\" \/>\n<meta property=\"article:modified_time\" content=\"2026-03-11T13:19:15+00:00\" \/>\n<meta property=\"og:image\" content=\"https:\/\/www.latitude-15.com\/wp-content\/uploads\/2026\/03\/Spirit-Barbados-L.png\" \/>\n\t<meta property=\"og:image:width\" content=\"1000\" \/>\n\t<meta property=\"og:image:height\" content=\"650\" \/>\n\t<meta property=\"og:image:type\" content=\"image\/png\" \/>\n<meta name=\"author\" content=\"Joda J\" \/>\n<meta name=\"twitter:card\" content=\"summary_large_image\" \/>\n<meta name=\"twitter:label1\" content=\"\u00c9crit par\" \/>\n\t<meta name=\"twitter:data1\" content=\"Joda J\" \/>\n\t<meta name=\"twitter:label2\" content=\"Dur\u00e9e de lecture estim\u00e9e\" \/>\n\t<meta name=\"twitter:data2\" content=\"4 minutes\" \/>\n<script type=\"application\/ld+json\" class=\"yoast-schema-graph\">{\"@context\":\"https:\/\/schema.org\",\"@graph\":[{\"@type\":\"Article\",\"@id\":\"https:\/\/www.latitude-15.com\/fr\/saint-martin-se-reconnecte-a-un-reseau-aerien-regional-en-pleine-croissance\/#article\",\"isPartOf\":{\"@id\":\"https:\/\/www.latitude-15.com\/fr\/saint-martin-se-reconnecte-a-un-reseau-aerien-regional-en-pleine-croissance\/\"},\"author\":{\"name\":\"Joda J\",\"@id\":\"https:\/\/www.latitude-15.com\/fr\/#\/schema\/person\/dac52e7ff44c78317f337da112e37252\"},\"headline\":\"Saint-Martin se reconnecte \u00e0 un r\u00e9seau a\u00e9rien r\u00e9gional en pleine croissance\",\"datePublished\":\"2026-03-11T13:15:50+00:00\",\"dateModified\":\"2026-03-11T13:19:15+00:00\",\"mainEntityOfPage\":{\"@id\":\"https:\/\/www.latitude-15.com\/fr\/saint-martin-se-reconnecte-a-un-reseau-aerien-regional-en-pleine-croissance\/\"},\"wordCount\":885,\"commentCount\":0,\"publisher\":{\"@id\":\"https:\/\/www.latitude-15.com\/fr\/#organization\"},\"image\":{\"@id\":\"https:\/\/www.latitude-15.com\/fr\/saint-martin-se-reconnecte-a-un-reseau-aerien-regional-en-pleine-croissance\/#primaryimage\"},\"thumbnailUrl\":\"https:\/\/www.latitude-15.com\/wp-content\/uploads\/2026\/03\/Spirit-Barbados-L.png\",\"articleSection\":[\"AVIATION\",\"Connectivit\u00e9 a\u00e9rienne et Attractivit\u00e9 territoriale\"],\"inLanguage\":\"fr-FR\",\"potentialAction\":[{\"@type\":\"CommentAction\",\"name\":\"Comment\",\"target\":[\"https:\/\/www.latitude-15.com\/fr\/saint-martin-se-reconnecte-a-un-reseau-aerien-regional-en-pleine-croissance\/#respond\"]}]},{\"@type\":\"WebPage\",\"@id\":\"https:\/\/www.latitude-15.com\/fr\/saint-martin-se-reconnecte-a-un-reseau-aerien-regional-en-pleine-croissance\/\",\"url\":\"https:\/\/www.latitude-15.com\/fr\/saint-martin-se-reconnecte-a-un-reseau-aerien-regional-en-pleine-croissance\/\",\"name\":\"Saint-Martin se reconnecte \u00e0 un r\u00e9seau a\u00e9rien r\u00e9gional en pleine croissance - LATITUDE 15\",\"isPartOf\":{\"@id\":\"https:\/\/www.latitude-15.com\/fr\/#website\"},\"primaryImageOfPage\":{\"@id\":\"https:\/\/www.latitude-15.com\/fr\/saint-martin-se-reconnecte-a-un-reseau-aerien-regional-en-pleine-croissance\/#primaryimage\"},\"image\":{\"@id\":\"https:\/\/www.latitude-15.com\/fr\/saint-martin-se-reconnecte-a-un-reseau-aerien-regional-en-pleine-croissance\/#primaryimage\"},\"thumbnailUrl\":\"https:\/\/www.latitude-15.com\/wp-content\/uploads\/2026\/03\/Spirit-Barbados-L.png\",\"datePublished\":\"2026-03-11T13:15:50+00:00\",\"dateModified\":\"2026-03-11T13:19:15+00:00\",\"breadcrumb\":{\"@id\":\"https:\/\/www.latitude-15.com\/fr\/saint-martin-se-reconnecte-a-un-reseau-aerien-regional-en-pleine-croissance\/#breadcrumb\"},\"inLanguage\":\"fr-FR\",\"potentialAction\":[{\"@type\":\"ReadAction\",\"target\":[\"https:\/\/www.latitude-15.com\/fr\/saint-martin-se-reconnecte-a-un-reseau-aerien-regional-en-pleine-croissance\/\"]}]},{\"@type\":\"ImageObject\",\"inLanguage\":\"fr-FR\",\"@id\":\"https:\/\/www.latitude-15.com\/fr\/saint-martin-se-reconnecte-a-un-reseau-aerien-regional-en-pleine-croissance\/#primaryimage\",\"url\":\"https:\/\/www.latitude-15.com\/wp-content\/uploads\/2026\/03\/Spirit-Barbados-L.png\",\"contentUrl\":\"https:\/\/www.latitude-15.com\/wp-content\/uploads\/2026\/03\/Spirit-Barbados-L.png\",\"width\":1000,\"height\":650,\"caption\":\"Avion \u00ab Spirit of Barbados \u00bb - (c) InterCarribean\"},{\"@type\":\"BreadcrumbList\",\"@id\":\"https:\/\/www.latitude-15.com\/fr\/saint-martin-se-reconnecte-a-un-reseau-aerien-regional-en-pleine-croissance\/#breadcrumb\",\"itemListElement\":[{\"@type\":\"ListItem\",\"position\":1,\"name\":\"Home\",\"item\":\"https:\/\/www.latitude-15.com\/fr\/accueil\/\"},{\"@type\":\"ListItem\",\"position\":2,\"name\":\"Saint-Martin se reconnecte \u00e0 un r\u00e9seau a\u00e9rien r\u00e9gional en pleine croissance\"}]},{\"@type\":\"WebSite\",\"@id\":\"https:\/\/www.latitude-15.com\/fr\/#website\",\"url\":\"https:\/\/www.latitude-15.com\/fr\/\",\"name\":\"LATITUDE 15\",\"description\":\"Aviation and maritime Magazine - Caribbean &amp; Latin America\",\"publisher\":{\"@id\":\"https:\/\/www.latitude-15.com\/fr\/#organization\"},\"potentialAction\":[{\"@type\":\"SearchAction\",\"target\":{\"@type\":\"EntryPoint\",\"urlTemplate\":\"https:\/\/www.latitude-15.com\/fr\/?s={search_term_string}\"},\"query-input\":{\"@type\":\"PropertyValueSpecification\",\"valueRequired\":true,\"valueName\":\"search_term_string\"}}],\"inLanguage\":\"fr-FR\"},{\"@type\":\"Organization\",\"@id\":\"https:\/\/www.latitude-15.com\/fr\/#organization\",\"name\":\"LATITUDE 15\",\"url\":\"https:\/\/www.latitude-15.com\/fr\/\",\"logo\":{\"@type\":\"ImageObject\",\"inLanguage\":\"fr-FR\",\"@id\":\"https:\/\/www.latitude-15.com\/fr\/#\/schema\/logo\/image\/\",\"url\":\"https:\/\/www.latitude-15.com\/wp-content\/uploads\/2026\/01\/cropped-logox500px.png\",\"contentUrl\":\"https:\/\/www.latitude-15.com\/wp-content\/uploads\/2026\/01\/cropped-logox500px.png\",\"width\":62,\"height\":75,\"caption\":\"LATITUDE 15\"},\"image\":{\"@id\":\"https:\/\/www.latitude-15.com\/fr\/#\/schema\/logo\/image\/\"}},{\"@type\":\"Person\",\"@id\":\"https:\/\/www.latitude-15.com\/fr\/#\/schema\/person\/dac52e7ff44c78317f337da112e37252\",\"name\":\"Joda J\",\"image\":{\"@type\":\"ImageObject\",\"inLanguage\":\"fr-FR\",\"@id\":\"https:\/\/www.latitude-15.com\/fr\/#\/schema\/person\/image\/\",\"url\":\"https:\/\/secure.gravatar.com\/avatar\/6b1feae555e15404b76616f92d931d12b25ac58024f14ccb43d9d3c012e4c4cf?s=96&d=mm&r=g\",\"contentUrl\":\"https:\/\/secure.gravatar.com\/avatar\/6b1feae555e15404b76616f92d931d12b25ac58024f14ccb43d9d3c012e4c4cf?s=96&d=mm&r=g\",\"caption\":\"Joda J\"},\"url\":\"https:\/\/www.latitude-15.com\/fr\/author\/joda\/\"}]}<\/script>\n<!-- \/ Yoast SEO plugin. -->","yoast_head_json":{"title":"Saint-Martin se reconnecte \u00e0 un r\u00e9seau a\u00e9rien r\u00e9gional en pleine croissance - LATITUDE 15","robots":{"index":"index","follow":"follow","max-snippet":"max-snippet:-1","max-image-preview":"max-image-preview:large","max-video-preview":"max-video-preview:-1"},"canonical":"https:\/\/www.latitude-15.com\/fr\/saint-martin-se-reconnecte-a-un-reseau-aerien-regional-en-pleine-croissance\/","og_locale":"fr_FR","og_type":"article","og_title":"Saint-Martin se reconnecte \u00e0 un r\u00e9seau a\u00e9rien r\u00e9gional en pleine croissance - LATITUDE 15","og_description":"La connectivit\u00e9 a\u00e9rienne r\u00e9gionale demeure l\u2019un des d\u00e9fis structurels du march\u00e9 de l\u2019aviation dans les Cara\u00efbes. Une g\u00e9ographie fragment\u00e9e, des march\u00e9s de passagers relativement restreints et des co\u00fbts d\u2019exploitation \u00e9lev\u00e9s ont historiquement limit\u00e9 le nombre de liaisons intra-r\u00e9gionales viables. Dans ce contexte, le retour d\u2019interCaribbean Airways \u00e0 Saint-Martin repr\u00e9sente plus que la simple r\u00e9ouverture d\u2019une [&hellip;]","og_url":"https:\/\/www.latitude-15.com\/fr\/saint-martin-se-reconnecte-a-un-reseau-aerien-regional-en-pleine-croissance\/","og_site_name":"LATITUDE 15","article_published_time":"2026-03-11T13:15:50+00:00","article_modified_time":"2026-03-11T13:19:15+00:00","og_image":[{"width":1000,"height":650,"url":"https:\/\/www.latitude-15.com\/wp-content\/uploads\/2026\/03\/Spirit-Barbados-L.png","type":"image\/png"}],"author":"Joda J","twitter_card":"summary_large_image","twitter_misc":{"\u00c9crit par":"Joda J","Dur\u00e9e de lecture estim\u00e9e":"4 minutes"},"schema":{"@context":"https:\/\/schema.org","@graph":[{"@type":"Article","@id":"https:\/\/www.latitude-15.com\/fr\/saint-martin-se-reconnecte-a-un-reseau-aerien-regional-en-pleine-croissance\/#article","isPartOf":{"@id":"https:\/\/www.latitude-15.com\/fr\/saint-martin-se-reconnecte-a-un-reseau-aerien-regional-en-pleine-croissance\/"},"author":{"name":"Joda J","@id":"https:\/\/www.latitude-15.com\/fr\/#\/schema\/person\/dac52e7ff44c78317f337da112e37252"},"headline":"Saint-Martin se reconnecte \u00e0 un r\u00e9seau a\u00e9rien r\u00e9gional en pleine croissance","datePublished":"2026-03-11T13:15:50+00:00","dateModified":"2026-03-11T13:19:15+00:00","mainEntityOfPage":{"@id":"https:\/\/www.latitude-15.com\/fr\/saint-martin-se-reconnecte-a-un-reseau-aerien-regional-en-pleine-croissance\/"},"wordCount":885,"commentCount":0,"publisher":{"@id":"https:\/\/www.latitude-15.com\/fr\/#organization"},"image":{"@id":"https:\/\/www.latitude-15.com\/fr\/saint-martin-se-reconnecte-a-un-reseau-aerien-regional-en-pleine-croissance\/#primaryimage"},"thumbnailUrl":"https:\/\/www.latitude-15.com\/wp-content\/uploads\/2026\/03\/Spirit-Barbados-L.png","articleSection":["AVIATION","Connectivit\u00e9 a\u00e9rienne et Attractivit\u00e9 territoriale"],"inLanguage":"fr-FR","potentialAction":[{"@type":"CommentAction","name":"Comment","target":["https:\/\/www.latitude-15.com\/fr\/saint-martin-se-reconnecte-a-un-reseau-aerien-regional-en-pleine-croissance\/#respond"]}]},{"@type":"WebPage","@id":"https:\/\/www.latitude-15.com\/fr\/saint-martin-se-reconnecte-a-un-reseau-aerien-regional-en-pleine-croissance\/","url":"https:\/\/www.latitude-15.com\/fr\/saint-martin-se-reconnecte-a-un-reseau-aerien-regional-en-pleine-croissance\/","name":"Saint-Martin se reconnecte \u00e0 un r\u00e9seau a\u00e9rien r\u00e9gional en pleine croissance - LATITUDE 15","isPartOf":{"@id":"https:\/\/www.latitude-15.com\/fr\/#website"},"primaryImageOfPage":{"@id":"https:\/\/www.latitude-15.com\/fr\/saint-martin-se-reconnecte-a-un-reseau-aerien-regional-en-pleine-croissance\/#primaryimage"},"image":{"@id":"https:\/\/www.latitude-15.com\/fr\/saint-martin-se-reconnecte-a-un-reseau-aerien-regional-en-pleine-croissance\/#primaryimage"},"thumbnailUrl":"https:\/\/www.latitude-15.com\/wp-content\/uploads\/2026\/03\/Spirit-Barbados-L.png","datePublished":"2026-03-11T13:15:50+00:00","dateModified":"2026-03-11T13:19:15+00:00","breadcrumb":{"@id":"https:\/\/www.latitude-15.com\/fr\/saint-martin-se-reconnecte-a-un-reseau-aerien-regional-en-pleine-croissance\/#breadcrumb"},"inLanguage":"fr-FR","potentialAction":[{"@type":"ReadAction","target":["https:\/\/www.latitude-15.com\/fr\/saint-martin-se-reconnecte-a-un-reseau-aerien-regional-en-pleine-croissance\/"]}]},{"@type":"ImageObject","inLanguage":"fr-FR","@id":"https:\/\/www.latitude-15.com\/fr\/saint-martin-se-reconnecte-a-un-reseau-aerien-regional-en-pleine-croissance\/#primaryimage","url":"https:\/\/www.latitude-15.com\/wp-content\/uploads\/2026\/03\/Spirit-Barbados-L.png","contentUrl":"https:\/\/www.latitude-15.com\/wp-content\/uploads\/2026\/03\/Spirit-Barbados-L.png","width":1000,"height":650,"caption":"Avion \u00ab Spirit of Barbados \u00bb - (c) InterCarribean"},{"@type":"BreadcrumbList","@id":"https:\/\/www.latitude-15.com\/fr\/saint-martin-se-reconnecte-a-un-reseau-aerien-regional-en-pleine-croissance\/#breadcrumb","itemListElement":[{"@type":"ListItem","position":1,"name":"Home","item":"https:\/\/www.latitude-15.com\/fr\/accueil\/"},{"@type":"ListItem","position":2,"name":"Saint-Martin se reconnecte \u00e0 un r\u00e9seau a\u00e9rien r\u00e9gional en pleine croissance"}]},{"@type":"WebSite","@id":"https:\/\/www.latitude-15.com\/fr\/#website","url":"https:\/\/www.latitude-15.com\/fr\/","name":"LATITUDE 15","description":"Aviation and maritime Magazine - Caribbean &amp; Latin America","publisher":{"@id":"https:\/\/www.latitude-15.com\/fr\/#organization"},"potentialAction":[{"@type":"SearchAction","target":{"@type":"EntryPoint","urlTemplate":"https:\/\/www.latitude-15.com\/fr\/?s={search_term_string}"},"query-input":{"@type":"PropertyValueSpecification","valueRequired":true,"valueName":"search_term_string"}}],"inLanguage":"fr-FR"},{"@type":"Organization","@id":"https:\/\/www.latitude-15.com\/fr\/#organization","name":"LATITUDE 15","url":"https:\/\/www.latitude-15.com\/fr\/","logo":{"@type":"ImageObject","inLanguage":"fr-FR","@id":"https:\/\/www.latitude-15.com\/fr\/#\/schema\/logo\/image\/","url":"https:\/\/www.latitude-15.com\/wp-content\/uploads\/2026\/01\/cropped-logox500px.png","contentUrl":"https:\/\/www.latitude-15.com\/wp-content\/uploads\/2026\/01\/cropped-logox500px.png","width":62,"height":75,"caption":"LATITUDE 15"},"image":{"@id":"https:\/\/www.latitude-15.com\/fr\/#\/schema\/logo\/image\/"}},{"@type":"Person","@id":"https:\/\/www.latitude-15.com\/fr\/#\/schema\/person\/dac52e7ff44c78317f337da112e37252","name":"Joda J","image":{"@type":"ImageObject","inLanguage":"fr-FR","@id":"https:\/\/www.latitude-15.com\/fr\/#\/schema\/person\/image\/","url":"https:\/\/secure.gravatar.com\/avatar\/6b1feae555e15404b76616f92d931d12b25ac58024f14ccb43d9d3c012e4c4cf?s=96&d=mm&r=g","contentUrl":"https:\/\/secure.gravatar.com\/avatar\/6b1feae555e15404b76616f92d931d12b25ac58024f14ccb43d9d3c012e4c4cf?s=96&d=mm&r=g","caption":"Joda J"},"url":"https:\/\/www.latitude-15.com\/fr\/author\/joda\/"}]}},"_links":{"self":[{"href":"https:\/\/www.latitude-15.com\/fr\/wp-json\/wp\/v2\/posts\/21420","targetHints":{"allow":["GET"]}}],"collection":[{"href":"https:\/\/www.latitude-15.com\/fr\/wp-json\/wp\/v2\/posts"}],"about":[{"href":"https:\/\/www.latitude-15.com\/fr\/wp-json\/wp\/v2\/types\/post"}],"author":[{"embeddable":true,"href":"https:\/\/www.latitude-15.com\/fr\/wp-json\/wp\/v2\/users\/5"}],"replies":[{"embeddable":true,"href":"https:\/\/www.latitude-15.com\/fr\/wp-json\/wp\/v2\/comments?post=21420"}],"version-history":[{"count":1,"href":"https:\/\/www.latitude-15.com\/fr\/wp-json\/wp\/v2\/posts\/21420\/revisions"}],"predecessor-version":[{"id":21421,"href":"https:\/\/www.latitude-15.com\/fr\/wp-json\/wp\/v2\/posts\/21420\/revisions\/21421"}],"wp:featuredmedia":[{"embeddable":true,"href":"https:\/\/www.latitude-15.com\/fr\/wp-json\/wp\/v2\/media\/21419"}],"wp:attachment":[{"href":"https:\/\/www.latitude-15.com\/fr\/wp-json\/wp\/v2\/media?parent=21420"}],"wp:term":[{"taxonomy":"category","embeddable":true,"href":"https:\/\/www.latitude-15.com\/fr\/wp-json\/wp\/v2\/categories?post=21420"},{"taxonomy":"post_tag","embeddable":true,"href":"https:\/\/www.latitude-15.com\/fr\/wp-json\/wp\/v2\/tags?post=21420"}],"curies":[{"name":"wp","href":"https:\/\/api.w.org\/{rel}","templated":true}]}}