{"id":21340,"date":"2026-03-10T22:40:57","date_gmt":"2026-03-11T02:40:57","guid":{"rendered":"https:\/\/www.latitude-15.com\/?p=21340"},"modified":"2026-03-11T07:34:47","modified_gmt":"2026-03-11T11:34:47","slug":"cma-cgm-double-ses-lignes-a-la-martinique-et-renforce-la-connectivite-maritime-de-la-caraibe","status":"publish","type":"post","link":"https:\/\/www.latitude-15.com\/fr\/cma-cgm-double-ses-lignes-a-la-martinique-et-renforce-la-connectivite-maritime-de-la-caraibe\/","title":{"rendered":"CMA CGM double ses lignes \u00e0 la Martinique et renforce la connectivit\u00e9 maritime de la Cara\u00efbe"},"content":{"rendered":"\n<p><em>336 millions d&rsquo;euros d&rsquo;investissements, une flotte de navires de 6 000 EVP et le doublement des lignes maritimes \u00e0 Fort-de-France d&rsquo;ici 2027 : le groupe marseillais transforme la Martinique et la Guadeloupe en plateformes logistiques r\u00e9gionales et adresse un message direct aux op\u00e9rateurs d&rsquo;Am\u00e9rique latine.<\/em><\/p>\n\n\n\n<p><\/p>\n\n\n\n<p>C&rsquo;est face \u00e0 un navire de 6 000 EVP illumin\u00e9 op\u00e9rant en pleine nuit, au neuvi\u00e8me \u00e9tage du Pos\u00e9idon, avec une vue plongeante sur le terminal de Fort-de-France, que CMA CGM a lanc\u00e9 officiellement son service PCRF XL le 9 mars. Le symbole \u00e9tait d\u00e9lib\u00e9r\u00e9 : montrer, en temps r\u00e9el, ce que le hub signifie concr\u00e8tement. L&rsquo;\u00e9v\u00e9nement r\u00e9unissait le pr\u00e9fet, des s\u00e9nateurs, d\u00e9put\u00e9s, le pr\u00e9sident de la CCI, le Pr\u00e9sident du Conseil de surveillance du Grand Port Maritime de Martinique et de nombreux acteurs \u00e9conomiques du territoire.<\/p>\n\n\n\n<figure class=\"wp-block-image size-large\"><img fetchpriority=\"high\" decoding=\"async\" width=\"919\" height=\"1024\" src=\"https:\/\/www.latitude-15.com\/wp-content\/uploads\/2026\/03\/20260309_193618-919x1024.jpg\" alt=\"\" class=\"wp-image-21341\" style=\"aspect-ratio:0.8974741012112395\" srcset=\"https:\/\/www.latitude-15.com\/wp-content\/uploads\/2026\/03\/20260309_193618-919x1024.jpg 919w, https:\/\/www.latitude-15.com\/wp-content\/uploads\/2026\/03\/20260309_193618-269x300.jpg 269w, https:\/\/www.latitude-15.com\/wp-content\/uploads\/2026\/03\/20260309_193618-768x856.jpg 768w, https:\/\/www.latitude-15.com\/wp-content\/uploads\/2026\/03\/20260309_193618-rotated.jpg 1160w\" sizes=\"(max-width: 919px) 100vw, 919px\" \/><\/figure>\n\n\n\n<p><strong><em>\u201cL&rsquo;ambition est de faire des Antilles fran\u00e7aises un hub logistique r\u00e9gional au c\u0153ur de la Cara\u00efbe.\u201d<\/em><\/strong><br>&nbsp;\u2014 Bertrand Bey, Directeur des relations institutionnelles, Groupe CMA CGM<\/p>\n\n\n\n<p>Ce programme a \u00e9t\u00e9 lanc\u00e9 officiellement le 19 d\u00e9cembre 2023, avec un investissement conjoint de 336 millions d&rsquo;euros mobilisant CMA CGM, l&rsquo;\u00c9tat fran\u00e7ais et les deux Grands Ports Maritimes de Guadeloupe et de Martinique. L&rsquo;objectif : porter la capacit\u00e9 globale de transbordement des deux \u00eeles \u00e0 environ 300 000 EVP par an, contre environ 68 000 aujourd&rsquo;hui \u2014 dont 25 000 pour la Martinique et 28 000 pour la Guadeloupe. Ce projet s&rsquo;accompagne de travaux portuaires cons\u00e9quents : rehaussement du tirant d&rsquo;eau de 13,50 m \u00e0 14,50 m, allongement de 150 m\u00e8tres lin\u00e9aires de quai pour l&rsquo;accostage simultan\u00e9 de deux grands navires, et extension de 2 500 m\u00b2 du parc \u00e0 conteneurs en arri\u00e8re-quai.<\/p>\n\n\n\n<figure class=\"wp-block-image size-large\"><img decoding=\"async\" width=\"918\" height=\"1024\" data-src=\"https:\/\/www.latitude-15.com\/wp-content\/uploads\/2026\/03\/20260309_194233-918x1024.jpg\" alt=\"Lo\u00efc Bertaudon (Direction commerciale, outre-mer fran\u00e7ais) | Guillaume de Chastellux (Directeur des Lignes Antilles-Guyane) | Bertrand Bey (Vice-Pr\u00e9sident Relations Institutionnelles France) | Henri Soupa (Relations de presse, Groupe CMA CGM)\" class=\"wp-image-21344 lazyload\" data-srcset=\"https:\/\/www.latitude-15.com\/wp-content\/uploads\/2026\/03\/20260309_194233-918x1024.jpg 918w, https:\/\/www.latitude-15.com\/wp-content\/uploads\/2026\/03\/20260309_194233-269x300.jpg 269w, https:\/\/www.latitude-15.com\/wp-content\/uploads\/2026\/03\/20260309_194233-768x856.jpg 768w, https:\/\/www.latitude-15.com\/wp-content\/uploads\/2026\/03\/20260309_194233-rotated.jpg 1008w\" data-sizes=\"(max-width: 918px) 100vw, 918px\" src=\"data:image\/svg+xml;base64,PHN2ZyB3aWR0aD0iMSIgaGVpZ2h0PSIxIiB4bWxucz0iaHR0cDovL3d3dy53My5vcmcvMjAwMC9zdmciPjwvc3ZnPg==\" style=\"--smush-placeholder-width: 918px; --smush-placeholder-aspect-ratio: 918\/1024;\" \/><figcaption class=\"wp-element-caption\"><em>Catherine BOURGAIS (Coordination des territoires ultramarins &#8211; DROM-COM) | Lo\u00efc Bertaudon (Direction commerciale, outre-mer fran\u00e7ais) | Guillaume de Chastellux (Directeur des Lignes Antilles-Guyane) | Bertrand Bey (Vice-Pr\u00e9sident Relations Institutionnelles France) | Henri Soupa (Relations de presse, Groupe CMA CGM)<\/em><\/figcaption><\/figure>\n\n\n\n<figure class=\"wp-block-table\"><table class=\"has-fixed-layout\"><tbody><tr><td><strong>HUB CMA CGM \u2014 MARTINIQUE &amp; GUADELOUPE \u00b7 CHIFFRES CL\u00c9S<\/strong><\/td><\/tr><tr><td><strong>Investissement total :&nbsp; <\/strong>336 M\u20ac (dont 257 M\u20ac d&rsquo;infrastructures publiques)<\/td><\/tr><tr><td><strong>Capacit\u00e9 cible :&nbsp; <\/strong>300 000 EVP suppl\u00e9mentaires\/an \u2014 vs. ~68 000 aujourd&rsquo;hui (~25 000 Martinique, ~28 000 Guadeloupe)<\/td><\/tr><tr><td><strong>Lignes CMA CGM \u00e0 Fort-de-France :&nbsp; <\/strong>3 aujourd&rsquo;hui \u2192 6 en 2027<\/td><\/tr><tr><td><strong>Lignes CMA CGM dans la zone Cara\u00efbe :&nbsp; <\/strong>19 au total<\/td><\/tr><tr><td><strong>Flotte PCRF XL :&nbsp; <\/strong>7 navires de 6 000 EVP \u2014 vs. 6 navires dans la configuration pr\u00e9c\u00e9dente<\/td><\/tr><tr><td><strong>Transit Le Havre\u2013Martinique :&nbsp; <\/strong>9 jours (raccourci de 2 jours) \u00b7 Dunkerque : 13 jours (raccourci de 4 jours)<\/td><\/tr><tr><td><strong>Prises reefer :&nbsp; <\/strong>800 (vs. 200 avant projet)<\/td><\/tr><tr><td><strong>Cavaliers portuaires hybrides :&nbsp; <\/strong>6 unit\u00e9s livr\u00e9es en Martinique<\/td><\/tr><tr><td><strong>Tirant d&rsquo;eau Martinique :&nbsp; <\/strong>13,50 m \u2192 14,50 m (fin 2026)<\/td><\/tr><tr><td><strong>Horizon de finalisation :&nbsp; <\/strong>2027<\/td><\/tr><\/tbody><\/table><\/figure>\n\n\n\n<p><\/p>\n\n\n\n<h2 class=\"wp-block-heading\"><strong>De 1 700 \u00e0 6 000 EVP : trois g\u00e9n\u00e9rations de navires en 20 ans<\/strong><\/h2>\n\n\n\n<p>Guillaume de Chastellux, Directeur des Lignes Antilles-Guyane, a retrac\u00e9 lors du lancement l&rsquo;\u00e9volution de la flotte : 1 700 EVP jusqu&rsquo;en 2006, 2 200 EVP de 2006 \u00e0 2019 avec les s\u00e9ries Fort-Saint-Charles et Fort-Saint-Georges, puis les 3 500 EVP jusqu&rsquo;en 2025. Depuis janvier 2026, sept navires de 6 000 EVP sont d\u00e9ploy\u00e9s sur le service PCRF XL \u2014 le dernier de la s\u00e9rie a rejoint le dispositif en d\u00e9but de mois.<\/p>\n\n\n\n<p>La ligne fonctionnait jusqu&rsquo;alors avec six navires. Elle en compte d\u00e9sormais sept. Ce navire suppl\u00e9mentaire injecte du temps de s\u00e9curit\u00e9 dans la rotation \u2014 quatre jours en Europe du Nord, trois jours dans la zone carib\u00e9enne \u2014 pour tenir un calendrier face aux al\u00e9as m\u00e9t\u00e9orologiques. Ce n&rsquo;est pas un d\u00e9tail : huit \u00e9v\u00e9nements climatiques majeurs ont perturb\u00e9 le transport maritime europ\u00e9en entre le 15 d\u00e9cembre 2025 et le 8 f\u00e9vrier 2026.<\/p>\n\n\n\n<p>La restructuration de la rotation produit deux effets directs et imm\u00e9diats pour les op\u00e9rateurs \u00e9conomiques. D&rsquo;abord, le transit time Le Havre\u2013Martinique passe de onze \u00e0 neuf jours, et Dunkerque de dix-sept \u00e0 treize jours, gr\u00e2ce \u00e0 l&rsquo;ajout d&rsquo;une escale Rotterdam et d&rsquo;une seconde escale Dunkerque export. Ensuite \u2014 et c&rsquo;est le changement le plus attendu par les importateurs \u2014 le navire arrive d\u00e9sormais en Martinique le lundi ou le mardi, contre le mercredi ou le jeudi auparavant. D\u00e9charger plus t\u00f4t dans la semaine, c&rsquo;est approvisionner les rayons avant le week-end : un gain op\u00e9rationnel concret pour l&rsquo;ensemble de la cha\u00eene de distribution locale.<\/p>\n\n\n\n<figure class=\"wp-block-image size-large\"><img decoding=\"async\" width=\"919\" height=\"1024\" data-src=\"https:\/\/www.latitude-15.com\/wp-content\/uploads\/2026\/03\/20260309_194248-919x1024.jpg\" alt=\"\" class=\"wp-image-21342 lazyload\" style=\"--smush-placeholder-width: 919px; --smush-placeholder-aspect-ratio: 919\/1024;aspect-ratio:0.8974741012112395\" data-srcset=\"https:\/\/www.latitude-15.com\/wp-content\/uploads\/2026\/03\/20260309_194248-919x1024.jpg 919w, https:\/\/www.latitude-15.com\/wp-content\/uploads\/2026\/03\/20260309_194248-269x300.jpg 269w, https:\/\/www.latitude-15.com\/wp-content\/uploads\/2026\/03\/20260309_194248-768x856.jpg 768w, https:\/\/www.latitude-15.com\/wp-content\/uploads\/2026\/03\/20260309_194248-rotated.jpg 1041w\" data-sizes=\"(max-width: 919px) 100vw, 919px\" src=\"data:image\/svg+xml;base64,PHN2ZyB3aWR0aD0iMSIgaGVpZ2h0PSIxIiB4bWxucz0iaHR0cDovL3d3dy53My5vcmcvMjAwMC9zdmciPjwvc3ZnPg==\" \/><\/figure>\n\n\n\n<p><strong><em>\u201cLe transport maritime ne cr\u00e9e pas le march\u00e9, mais il l&rsquo;accompagne.\u201d<\/em><\/strong><br>&nbsp;\u2014 Philippe Rech, Directeur g\u00e9n\u00e9ral CMA CGM Martinique \u2014 lancement PCRF XL, 9 mars 2026<\/p>\n\n\n\n<h2 class=\"wp-block-heading\"><strong>Fort-de-France : de 3 lignes \u00e0 6 d&rsquo;ici 2027, sept services nomm\u00e9s<\/strong><\/h2>\n\n\n\n<p>Philippe Rech, Directeur g\u00e9n\u00e9ral de CMA CGM Martinique, a pr\u00e9cis\u00e9 que Fort-de-France compte aujourd&rsquo;hui trois lignes maritimes CMA CGM. D&rsquo;ici 2027, elle en comptera six. Ce doublement s&rsquo;inscrit dans un maillage r\u00e9gional d\u00e9j\u00e0 dense : 19 lignes CMA CGM croisent dans l&rsquo;ensemble de la zone carib\u00e9enne. Cette strat\u00e9gie place \u00e9galement les Antilles fran\u00e7aises en concurrence directe avec les grands hubs de transbordement de la r\u00e9gion, notamment Kingston (Jama\u00efque), Cartagena (Colombie) et Caucedo (R\u00e9publique dominicaine).<\/p>\n\n\n\n<p>La restructuration des services r\u00e9gionaux, engag\u00e9e depuis d\u00e9cembre 2025, s&rsquo;articule autour de sept services nomm\u00e9s.<\/p>\n\n\n\n<p>Intra-Cara\u00efbe, trois services sont op\u00e9rationnels. L&rsquo;AGEX (Antilles-Guyane Express), lanc\u00e9 mi-d\u00e9cembre, relie la Martinique, la Guadeloupe et la Guyane fran\u00e7aise avec deux navires d\u00e9di\u00e9s en rotation hebdomadaire \u2014 cinq \u00e0 six jours de transit dans chaque sens. Le transbordement interm\u00e9diaire via Trinidad a \u00e9t\u00e9 supprim\u00e9 : les marchandises rejoignent d\u00e9sormais directement le port de D\u00e9grad-des-Cannes en Guyane. L&rsquo;AGEX remplit deux fonctions : offrir un lien direct pour les industriels des territoires fran\u00e7ais de la Cara\u00efbe, et assurer le transbordement des volumes venant d&rsquo;autres origines vers la Guyane, notamment de M\u00e9diterran\u00e9e ou du Golfe. Le service Guyana relie la Martinique au Guyana, au Suriname et \u00e0 Trinidad. Le Kalinago, sans escale en Martinique, maintient la connectivit\u00e9 vers les \u00eeles du Vent (Windward Islands) via Trinidad. En Guadeloupe, le service Leewards dessert en roulant toutes les \u00eeles du Nord jusqu&rsquo;\u00e0 Port Hospen.<\/p>\n\n\n\n<p>Vers l&rsquo;Am\u00e9rique centrale, le Motagua \u2014 lanc\u00e9 d\u00e9but janvier 2026 depuis la Guadeloupe \u2014 est d\u00e9di\u00e9 au Guatemala et au Honduras, avec pour fonction principale d&rsquo;acheminer les marchandises r\u00e9frig\u00e9r\u00e9es depuis ces deux pays vers l&rsquo;Europe du Nord, et inversement. Enfin, deux services sont programm\u00e9s pour 2027 : le Brasex \u00e9tendu reliera le sud du Br\u00e9sil, r\u00e9gion de Santos, \u00e0 la Cara\u00efbe avec un arr\u00eat en Martinique ; l&rsquo;Indigo, deuxi\u00e8me feeder connect\u00e9, assurera la liaison vers Cuba.<\/p>\n\n\n\n<h2 class=\"wp-block-heading\"><strong>D\u00e9carbonation et opportunit\u00e9s LAC : l&rsquo;interview exclusive Latitude 15<\/strong><\/h2>\n\n\n\n<p>Dans l&rsquo;interview accord\u00e9e \u00e0 Latitude 15 lors de l&rsquo;\u00e9v\u00e9nement, Guillaume de Chastellux a pr\u00e9cis\u00e9 l&rsquo;effort de d\u00e9carbonation portuaire :<\/p>\n\n\n\n<p><strong><em>\u201cLa principale action porte sur l&rsquo;outillage portuaire. On passe du pur fonctionnement fioul \u00e0 des technologies hybrides, et m\u00eame \u00e9lectriques en Guadeloupe.\u201d<\/em><\/strong><br>&nbsp;\u2014 Guillaume de Chastellux \u2014 interview exclusive<\/p>\n\n\n\n<figure class=\"wp-block-image size-large\"><img decoding=\"async\" width=\"919\" height=\"1024\" data-src=\"https:\/\/www.latitude-15.com\/wp-content\/uploads\/2026\/03\/20260309_194840-919x1024.jpg\" alt=\"\" class=\"wp-image-21343 lazyload\" style=\"--smush-placeholder-width: 919px; --smush-placeholder-aspect-ratio: 919\/1024;aspect-ratio:0.8974741012112395\" data-srcset=\"https:\/\/www.latitude-15.com\/wp-content\/uploads\/2026\/03\/20260309_194840-919x1024.jpg 919w, https:\/\/www.latitude-15.com\/wp-content\/uploads\/2026\/03\/20260309_194840-269x300.jpg 269w, https:\/\/www.latitude-15.com\/wp-content\/uploads\/2026\/03\/20260309_194840-768x856.jpg 768w, https:\/\/www.latitude-15.com\/wp-content\/uploads\/2026\/03\/20260309_194840-rotated.jpg 1081w\" data-sizes=\"(max-width: 919px) 100vw, 919px\" src=\"data:image\/svg+xml;base64,PHN2ZyB3aWR0aD0iMSIgaGVpZ2h0PSIxIiB4bWxucz0iaHR0cDovL3d3dy53My5vcmcvMjAwMC9zdmciPjwvc3ZnPg==\" \/><\/figure>\n\n\n\n<p>Interrog\u00e9 directement sur ce que ce repositionnement repr\u00e9sente pour les op\u00e9rateurs d&rsquo;Am\u00e9rique latine et du Br\u00e9sil \u2014 le lectorat international de Latitude 15 \u2014 Guillaume de Chastellux a livr\u00e9 un message sans ambigu\u00eft\u00e9. Dans un contexte r\u00e9gional marqu\u00e9 par les tensions g\u00e9ostrat\u00e9giques, Philippe Rech soulignait par ailleurs la capacit\u00e9 du groupe \u00e0 combiner ses vecteurs maritimes, a\u00e9riens et terrestres pour maintenir la continuit\u00e9 des services \u2014 une r\u00e9silience construite sur 48 ans d&rsquo;op\u00e9rations en environnement de crise.<\/p>\n\n\n\n<p><strong><em>\u201cJ&rsquo;invite absolument tous nos clients et partenaires \u00e0 sortir de leur territoire et \u00e0 regarder les opportunit\u00e9s dans la r\u00e9gion \u2014 commerce, industrie, transformation, r\u00e9exportation, consolidation de marchandises. Tout le champ des possibles est tr\u00e8s large.\u201d<\/em><\/strong><br>&nbsp;\u2014 Guillaume de Chastellux \u2014 interview exclusive<\/p>\n\n\n\n<figure class=\"wp-block-image size-large\"><img decoding=\"async\" width=\"1024\" height=\"963\" data-src=\"https:\/\/www.latitude-15.com\/wp-content\/uploads\/2026\/03\/WhatsApp-Image-2026-03-10-at-21.43.08-1024x963.jpeg\" alt=\"\" class=\"wp-image-21351 lazyload\" data-srcset=\"https:\/\/www.latitude-15.com\/wp-content\/uploads\/2026\/03\/WhatsApp-Image-2026-03-10-at-21.43.08-1024x963.jpeg 1024w, https:\/\/www.latitude-15.com\/wp-content\/uploads\/2026\/03\/WhatsApp-Image-2026-03-10-at-21.43.08-300x282.jpeg 300w, https:\/\/www.latitude-15.com\/wp-content\/uploads\/2026\/03\/WhatsApp-Image-2026-03-10-at-21.43.08-768x722.jpeg 768w, https:\/\/www.latitude-15.com\/wp-content\/uploads\/2026\/03\/WhatsApp-Image-2026-03-10-at-21.43.08.jpeg 1280w\" data-sizes=\"(max-width: 1024px) 100vw, 1024px\" src=\"data:image\/svg+xml;base64,PHN2ZyB3aWR0aD0iMSIgaGVpZ2h0PSIxIiB4bWxucz0iaHR0cDovL3d3dy53My5vcmcvMjAwMC9zdmciPjwvc3ZnPg==\" style=\"--smush-placeholder-width: 1024px; --smush-placeholder-aspect-ratio: 1024\/963;\" \/><figcaption class=\"wp-element-caption\"><em>\u00c9quipe CMA CGM de Martinique : Audrey Rose-Derond, Arnauld Nicolas, Mongin Lesly, Bilan-Ledoux Evy<\/em><\/figcaption><\/figure>\n\n\n\n<figure class=\"wp-block-image size-large\"><img decoding=\"async\" width=\"1024\" height=\"439\" data-src=\"https:\/\/www.latitude-15.com\/wp-content\/uploads\/2026\/03\/WhatsApp-Image-2026-03-10-at-21.30.31-1024x439.jpeg\" alt=\"\" class=\"wp-image-21345 lazyload\" data-srcset=\"https:\/\/www.latitude-15.com\/wp-content\/uploads\/2026\/03\/WhatsApp-Image-2026-03-10-at-21.30.31-1024x439.jpeg 1024w, https:\/\/www.latitude-15.com\/wp-content\/uploads\/2026\/03\/WhatsApp-Image-2026-03-10-at-21.30.31-300x129.jpeg 300w, https:\/\/www.latitude-15.com\/wp-content\/uploads\/2026\/03\/WhatsApp-Image-2026-03-10-at-21.30.31-768x329.jpeg 768w, https:\/\/www.latitude-15.com\/wp-content\/uploads\/2026\/03\/WhatsApp-Image-2026-03-10-at-21.30.31.jpeg 1280w\" data-sizes=\"(max-width: 1024px) 100vw, 1024px\" src=\"data:image\/svg+xml;base64,PHN2ZyB3aWR0aD0iMSIgaGVpZ2h0PSIxIiB4bWxucz0iaHR0cDovL3d3dy53My5vcmcvMjAwMC9zdmciPjwvc3ZnPg==\" style=\"--smush-placeholder-width: 1024px; --smush-placeholder-aspect-ratio: 1024\/439;\" \/><\/figure>\n","protected":false},"excerpt":{"rendered":"<p>336 millions d&rsquo;euros d&rsquo;investissements, une flotte de navires de 6 000 EVP et le doublement des lignes maritimes \u00e0 Fort-de-France d&rsquo;ici 2027 : le groupe marseillais transforme la Martinique et la Guadeloupe en plateformes logistiques r\u00e9gionales et adresse un message direct aux op\u00e9rateurs d&rsquo;Am\u00e9rique latine. C&rsquo;est face \u00e0 un navire de 6 000 EVP illumin\u00e9 [&hellip;]<\/p>\n","protected":false},"author":6,"featured_media":21350,"comment_status":"open","ping_status":"closed","sticky":false,"template":"","format":"standard","meta":{"footnotes":""},"categories":[130,118],"tags":[],"class_list":["post-21340","post","type-post","status-publish","format-standard","has-post-thumbnail","hentry","category-connectivite-maritime-mobilite","category-maritime-fr"],"yoast_head":"<!-- This site is optimized with the Yoast SEO plugin v26.9 - https:\/\/yoast.com\/product\/yoast-seo-wordpress\/ -->\n<title>CMA CGM double ses lignes \u00e0 la Martinique et renforce la connectivit\u00e9 maritime de la Cara\u00efbe - LATITUDE 15<\/title>\n<meta name=\"robots\" content=\"index, follow, max-snippet:-1, max-image-preview:large, max-video-preview:-1\" \/>\n<link rel=\"canonical\" href=\"https:\/\/www.latitude-15.com\/fr\/cma-cgm-double-ses-lignes-a-la-martinique-et-renforce-la-connectivite-maritime-de-la-caraibe\/\" \/>\n<meta property=\"og:locale\" content=\"fr_FR\" \/>\n<meta property=\"og:type\" content=\"article\" \/>\n<meta property=\"og:title\" content=\"CMA CGM double ses lignes \u00e0 la Martinique et renforce la connectivit\u00e9 maritime de la Cara\u00efbe - LATITUDE 15\" \/>\n<meta property=\"og:description\" content=\"336 millions d&rsquo;euros d&rsquo;investissements, une flotte de navires de 6 000 EVP et le doublement des lignes maritimes \u00e0 Fort-de-France d&rsquo;ici 2027 : le groupe marseillais transforme la Martinique et la Guadeloupe en plateformes logistiques r\u00e9gionales et adresse un message direct aux op\u00e9rateurs d&rsquo;Am\u00e9rique latine. C&rsquo;est face \u00e0 un navire de 6 000 EVP illumin\u00e9 [&hellip;]\" \/>\n<meta property=\"og:url\" content=\"https:\/\/www.latitude-15.com\/fr\/cma-cgm-double-ses-lignes-a-la-martinique-et-renforce-la-connectivite-maritime-de-la-caraibe\/\" \/>\n<meta property=\"og:site_name\" content=\"LATITUDE 15\" \/>\n<meta property=\"article:published_time\" content=\"2026-03-11T02:40:57+00:00\" \/>\n<meta property=\"article:modified_time\" content=\"2026-03-11T11:34:47+00:00\" \/>\n<meta property=\"og:image\" content=\"https:\/\/www.latitude-15.com\/wp-content\/uploads\/2026\/03\/20260309_1941131.jpg\" \/>\n\t<meta property=\"og:image:width\" content=\"1045\" \/>\n\t<meta property=\"og:image:height\" content=\"636\" \/>\n\t<meta property=\"og:image:type\" content=\"image\/jpeg\" \/>\n<meta name=\"author\" content=\"Welcome to Latitude 15\" \/>\n<meta name=\"twitter:card\" content=\"summary_large_image\" \/>\n<meta name=\"twitter:label1\" content=\"\u00c9crit par\" \/>\n\t<meta name=\"twitter:data1\" content=\"Welcome to Latitude 15\" \/>\n\t<meta name=\"twitter:label2\" content=\"Dur\u00e9e de lecture estim\u00e9e\" \/>\n\t<meta name=\"twitter:data2\" content=\"7 minutes\" \/>\n<script type=\"application\/ld+json\" class=\"yoast-schema-graph\">{\"@context\":\"https:\/\/schema.org\",\"@graph\":[{\"@type\":\"Article\",\"@id\":\"https:\/\/www.latitude-15.com\/fr\/cma-cgm-double-ses-lignes-a-la-martinique-et-renforce-la-connectivite-maritime-de-la-caraibe\/#article\",\"isPartOf\":{\"@id\":\"https:\/\/www.latitude-15.com\/fr\/cma-cgm-double-ses-lignes-a-la-martinique-et-renforce-la-connectivite-maritime-de-la-caraibe\/\"},\"author\":{\"name\":\"Welcome to Latitude 15\",\"@id\":\"https:\/\/www.latitude-15.com\/fr\/#\/schema\/person\/40e486b55ea009664be002c622512d54\"},\"headline\":\"CMA CGM double ses lignes \u00e0 la Martinique et renforce la connectivit\u00e9 maritime de la Cara\u00efbe\",\"datePublished\":\"2026-03-11T02:40:57+00:00\",\"dateModified\":\"2026-03-11T11:34:47+00:00\",\"mainEntityOfPage\":{\"@id\":\"https:\/\/www.latitude-15.com\/fr\/cma-cgm-double-ses-lignes-a-la-martinique-et-renforce-la-connectivite-maritime-de-la-caraibe\/\"},\"wordCount\":1285,\"commentCount\":0,\"publisher\":{\"@id\":\"https:\/\/www.latitude-15.com\/fr\/#organization\"},\"image\":{\"@id\":\"https:\/\/www.latitude-15.com\/fr\/cma-cgm-double-ses-lignes-a-la-martinique-et-renforce-la-connectivite-maritime-de-la-caraibe\/#primaryimage\"},\"thumbnailUrl\":\"https:\/\/www.latitude-15.com\/wp-content\/uploads\/2026\/03\/20260309_1941131.jpg\",\"articleSection\":[\"Connectivit\u00e9 maritime &amp; mobilit\u00e9\",\"MARITIME\"],\"inLanguage\":\"fr-FR\",\"potentialAction\":[{\"@type\":\"CommentAction\",\"name\":\"Comment\",\"target\":[\"https:\/\/www.latitude-15.com\/fr\/cma-cgm-double-ses-lignes-a-la-martinique-et-renforce-la-connectivite-maritime-de-la-caraibe\/#respond\"]}]},{\"@type\":\"WebPage\",\"@id\":\"https:\/\/www.latitude-15.com\/fr\/cma-cgm-double-ses-lignes-a-la-martinique-et-renforce-la-connectivite-maritime-de-la-caraibe\/\",\"url\":\"https:\/\/www.latitude-15.com\/fr\/cma-cgm-double-ses-lignes-a-la-martinique-et-renforce-la-connectivite-maritime-de-la-caraibe\/\",\"name\":\"CMA CGM double ses lignes \u00e0 la Martinique et renforce la connectivit\u00e9 maritime de la Cara\u00efbe - LATITUDE 15\",\"isPartOf\":{\"@id\":\"https:\/\/www.latitude-15.com\/fr\/#website\"},\"primaryImageOfPage\":{\"@id\":\"https:\/\/www.latitude-15.com\/fr\/cma-cgm-double-ses-lignes-a-la-martinique-et-renforce-la-connectivite-maritime-de-la-caraibe\/#primaryimage\"},\"image\":{\"@id\":\"https:\/\/www.latitude-15.com\/fr\/cma-cgm-double-ses-lignes-a-la-martinique-et-renforce-la-connectivite-maritime-de-la-caraibe\/#primaryimage\"},\"thumbnailUrl\":\"https:\/\/www.latitude-15.com\/wp-content\/uploads\/2026\/03\/20260309_1941131.jpg\",\"datePublished\":\"2026-03-11T02:40:57+00:00\",\"dateModified\":\"2026-03-11T11:34:47+00:00\",\"breadcrumb\":{\"@id\":\"https:\/\/www.latitude-15.com\/fr\/cma-cgm-double-ses-lignes-a-la-martinique-et-renforce-la-connectivite-maritime-de-la-caraibe\/#breadcrumb\"},\"inLanguage\":\"fr-FR\",\"potentialAction\":[{\"@type\":\"ReadAction\",\"target\":[\"https:\/\/www.latitude-15.com\/fr\/cma-cgm-double-ses-lignes-a-la-martinique-et-renforce-la-connectivite-maritime-de-la-caraibe\/\"]}]},{\"@type\":\"ImageObject\",\"inLanguage\":\"fr-FR\",\"@id\":\"https:\/\/www.latitude-15.com\/fr\/cma-cgm-double-ses-lignes-a-la-martinique-et-renforce-la-connectivite-maritime-de-la-caraibe\/#primaryimage\",\"url\":\"https:\/\/www.latitude-15.com\/wp-content\/uploads\/2026\/03\/20260309_1941131.jpg\",\"contentUrl\":\"https:\/\/www.latitude-15.com\/wp-content\/uploads\/2026\/03\/20260309_1941131.jpg\",\"width\":1045,\"height\":636},{\"@type\":\"BreadcrumbList\",\"@id\":\"https:\/\/www.latitude-15.com\/fr\/cma-cgm-double-ses-lignes-a-la-martinique-et-renforce-la-connectivite-maritime-de-la-caraibe\/#breadcrumb\",\"itemListElement\":[{\"@type\":\"ListItem\",\"position\":1,\"name\":\"Home\",\"item\":\"https:\/\/www.latitude-15.com\/fr\/accueil\/\"},{\"@type\":\"ListItem\",\"position\":2,\"name\":\"CMA CGM double ses lignes \u00e0 la Martinique et renforce la connectivit\u00e9 maritime de la Cara\u00efbe\"}]},{\"@type\":\"WebSite\",\"@id\":\"https:\/\/www.latitude-15.com\/fr\/#website\",\"url\":\"https:\/\/www.latitude-15.com\/fr\/\",\"name\":\"LATITUDE 15\",\"description\":\"Aviation and maritime Magazine - Caribbean &amp; Latin America\",\"publisher\":{\"@id\":\"https:\/\/www.latitude-15.com\/fr\/#organization\"},\"potentialAction\":[{\"@type\":\"SearchAction\",\"target\":{\"@type\":\"EntryPoint\",\"urlTemplate\":\"https:\/\/www.latitude-15.com\/fr\/?s={search_term_string}\"},\"query-input\":{\"@type\":\"PropertyValueSpecification\",\"valueRequired\":true,\"valueName\":\"search_term_string\"}}],\"inLanguage\":\"fr-FR\"},{\"@type\":\"Organization\",\"@id\":\"https:\/\/www.latitude-15.com\/fr\/#organization\",\"name\":\"LATITUDE 15\",\"url\":\"https:\/\/www.latitude-15.com\/fr\/\",\"logo\":{\"@type\":\"ImageObject\",\"inLanguage\":\"fr-FR\",\"@id\":\"https:\/\/www.latitude-15.com\/fr\/#\/schema\/logo\/image\/\",\"url\":\"https:\/\/www.latitude-15.com\/wp-content\/uploads\/2026\/01\/cropped-logox500px.png\",\"contentUrl\":\"https:\/\/www.latitude-15.com\/wp-content\/uploads\/2026\/01\/cropped-logox500px.png\",\"width\":62,\"height\":75,\"caption\":\"LATITUDE 15\"},\"image\":{\"@id\":\"https:\/\/www.latitude-15.com\/fr\/#\/schema\/logo\/image\/\"}},{\"@type\":\"Person\",\"@id\":\"https:\/\/www.latitude-15.com\/fr\/#\/schema\/person\/40e486b55ea009664be002c622512d54\",\"name\":\"Welcome to Latitude 15\",\"image\":{\"@type\":\"ImageObject\",\"inLanguage\":\"fr-FR\",\"@id\":\"https:\/\/www.latitude-15.com\/fr\/#\/schema\/person\/image\/\",\"url\":\"https:\/\/secure.gravatar.com\/avatar\/c021f6fe403fddd1cfbd218fbae70dd2163a5628c1da123bbf9db1927e0caa0d?s=96&d=mm&r=g\",\"contentUrl\":\"https:\/\/secure.gravatar.com\/avatar\/c021f6fe403fddd1cfbd218fbae70dd2163a5628c1da123bbf9db1927e0caa0d?s=96&d=mm&r=g\",\"caption\":\"Welcome to Latitude 15\"},\"url\":\"https:\/\/www.latitude-15.com\/fr\/author\/welcome-to-latitude-15\/\"}]}<\/script>\n<!-- \/ Yoast SEO plugin. -->","yoast_head_json":{"title":"CMA CGM double ses lignes \u00e0 la Martinique et renforce la connectivit\u00e9 maritime de la Cara\u00efbe - LATITUDE 15","robots":{"index":"index","follow":"follow","max-snippet":"max-snippet:-1","max-image-preview":"max-image-preview:large","max-video-preview":"max-video-preview:-1"},"canonical":"https:\/\/www.latitude-15.com\/fr\/cma-cgm-double-ses-lignes-a-la-martinique-et-renforce-la-connectivite-maritime-de-la-caraibe\/","og_locale":"fr_FR","og_type":"article","og_title":"CMA CGM double ses lignes \u00e0 la Martinique et renforce la connectivit\u00e9 maritime de la Cara\u00efbe - LATITUDE 15","og_description":"336 millions d&rsquo;euros d&rsquo;investissements, une flotte de navires de 6 000 EVP et le doublement des lignes maritimes \u00e0 Fort-de-France d&rsquo;ici 2027 : le groupe marseillais transforme la Martinique et la Guadeloupe en plateformes logistiques r\u00e9gionales et adresse un message direct aux op\u00e9rateurs d&rsquo;Am\u00e9rique latine. C&rsquo;est face \u00e0 un navire de 6 000 EVP illumin\u00e9 [&hellip;]","og_url":"https:\/\/www.latitude-15.com\/fr\/cma-cgm-double-ses-lignes-a-la-martinique-et-renforce-la-connectivite-maritime-de-la-caraibe\/","og_site_name":"LATITUDE 15","article_published_time":"2026-03-11T02:40:57+00:00","article_modified_time":"2026-03-11T11:34:47+00:00","og_image":[{"width":1045,"height":636,"url":"https:\/\/www.latitude-15.com\/wp-content\/uploads\/2026\/03\/20260309_1941131.jpg","type":"image\/jpeg"}],"author":"Welcome to Latitude 15","twitter_card":"summary_large_image","twitter_misc":{"\u00c9crit par":"Welcome to Latitude 15","Dur\u00e9e de lecture estim\u00e9e":"7 minutes"},"schema":{"@context":"https:\/\/schema.org","@graph":[{"@type":"Article","@id":"https:\/\/www.latitude-15.com\/fr\/cma-cgm-double-ses-lignes-a-la-martinique-et-renforce-la-connectivite-maritime-de-la-caraibe\/#article","isPartOf":{"@id":"https:\/\/www.latitude-15.com\/fr\/cma-cgm-double-ses-lignes-a-la-martinique-et-renforce-la-connectivite-maritime-de-la-caraibe\/"},"author":{"name":"Welcome to Latitude 15","@id":"https:\/\/www.latitude-15.com\/fr\/#\/schema\/person\/40e486b55ea009664be002c622512d54"},"headline":"CMA CGM double ses lignes \u00e0 la Martinique et renforce la connectivit\u00e9 maritime de la Cara\u00efbe","datePublished":"2026-03-11T02:40:57+00:00","dateModified":"2026-03-11T11:34:47+00:00","mainEntityOfPage":{"@id":"https:\/\/www.latitude-15.com\/fr\/cma-cgm-double-ses-lignes-a-la-martinique-et-renforce-la-connectivite-maritime-de-la-caraibe\/"},"wordCount":1285,"commentCount":0,"publisher":{"@id":"https:\/\/www.latitude-15.com\/fr\/#organization"},"image":{"@id":"https:\/\/www.latitude-15.com\/fr\/cma-cgm-double-ses-lignes-a-la-martinique-et-renforce-la-connectivite-maritime-de-la-caraibe\/#primaryimage"},"thumbnailUrl":"https:\/\/www.latitude-15.com\/wp-content\/uploads\/2026\/03\/20260309_1941131.jpg","articleSection":["Connectivit\u00e9 maritime &amp; mobilit\u00e9","MARITIME"],"inLanguage":"fr-FR","potentialAction":[{"@type":"CommentAction","name":"Comment","target":["https:\/\/www.latitude-15.com\/fr\/cma-cgm-double-ses-lignes-a-la-martinique-et-renforce-la-connectivite-maritime-de-la-caraibe\/#respond"]}]},{"@type":"WebPage","@id":"https:\/\/www.latitude-15.com\/fr\/cma-cgm-double-ses-lignes-a-la-martinique-et-renforce-la-connectivite-maritime-de-la-caraibe\/","url":"https:\/\/www.latitude-15.com\/fr\/cma-cgm-double-ses-lignes-a-la-martinique-et-renforce-la-connectivite-maritime-de-la-caraibe\/","name":"CMA CGM double ses lignes \u00e0 la Martinique et renforce la connectivit\u00e9 maritime de la Cara\u00efbe - LATITUDE 15","isPartOf":{"@id":"https:\/\/www.latitude-15.com\/fr\/#website"},"primaryImageOfPage":{"@id":"https:\/\/www.latitude-15.com\/fr\/cma-cgm-double-ses-lignes-a-la-martinique-et-renforce-la-connectivite-maritime-de-la-caraibe\/#primaryimage"},"image":{"@id":"https:\/\/www.latitude-15.com\/fr\/cma-cgm-double-ses-lignes-a-la-martinique-et-renforce-la-connectivite-maritime-de-la-caraibe\/#primaryimage"},"thumbnailUrl":"https:\/\/www.latitude-15.com\/wp-content\/uploads\/2026\/03\/20260309_1941131.jpg","datePublished":"2026-03-11T02:40:57+00:00","dateModified":"2026-03-11T11:34:47+00:00","breadcrumb":{"@id":"https:\/\/www.latitude-15.com\/fr\/cma-cgm-double-ses-lignes-a-la-martinique-et-renforce-la-connectivite-maritime-de-la-caraibe\/#breadcrumb"},"inLanguage":"fr-FR","potentialAction":[{"@type":"ReadAction","target":["https:\/\/www.latitude-15.com\/fr\/cma-cgm-double-ses-lignes-a-la-martinique-et-renforce-la-connectivite-maritime-de-la-caraibe\/"]}]},{"@type":"ImageObject","inLanguage":"fr-FR","@id":"https:\/\/www.latitude-15.com\/fr\/cma-cgm-double-ses-lignes-a-la-martinique-et-renforce-la-connectivite-maritime-de-la-caraibe\/#primaryimage","url":"https:\/\/www.latitude-15.com\/wp-content\/uploads\/2026\/03\/20260309_1941131.jpg","contentUrl":"https:\/\/www.latitude-15.com\/wp-content\/uploads\/2026\/03\/20260309_1941131.jpg","width":1045,"height":636},{"@type":"BreadcrumbList","@id":"https:\/\/www.latitude-15.com\/fr\/cma-cgm-double-ses-lignes-a-la-martinique-et-renforce-la-connectivite-maritime-de-la-caraibe\/#breadcrumb","itemListElement":[{"@type":"ListItem","position":1,"name":"Home","item":"https:\/\/www.latitude-15.com\/fr\/accueil\/"},{"@type":"ListItem","position":2,"name":"CMA CGM double ses lignes \u00e0 la Martinique et renforce la connectivit\u00e9 maritime de la Cara\u00efbe"}]},{"@type":"WebSite","@id":"https:\/\/www.latitude-15.com\/fr\/#website","url":"https:\/\/www.latitude-15.com\/fr\/","name":"LATITUDE 15","description":"Aviation and maritime Magazine - Caribbean &amp; Latin America","publisher":{"@id":"https:\/\/www.latitude-15.com\/fr\/#organization"},"potentialAction":[{"@type":"SearchAction","target":{"@type":"EntryPoint","urlTemplate":"https:\/\/www.latitude-15.com\/fr\/?s={search_term_string}"},"query-input":{"@type":"PropertyValueSpecification","valueRequired":true,"valueName":"search_term_string"}}],"inLanguage":"fr-FR"},{"@type":"Organization","@id":"https:\/\/www.latitude-15.com\/fr\/#organization","name":"LATITUDE 15","url":"https:\/\/www.latitude-15.com\/fr\/","logo":{"@type":"ImageObject","inLanguage":"fr-FR","@id":"https:\/\/www.latitude-15.com\/fr\/#\/schema\/logo\/image\/","url":"https:\/\/www.latitude-15.com\/wp-content\/uploads\/2026\/01\/cropped-logox500px.png","contentUrl":"https:\/\/www.latitude-15.com\/wp-content\/uploads\/2026\/01\/cropped-logox500px.png","width":62,"height":75,"caption":"LATITUDE 15"},"image":{"@id":"https:\/\/www.latitude-15.com\/fr\/#\/schema\/logo\/image\/"}},{"@type":"Person","@id":"https:\/\/www.latitude-15.com\/fr\/#\/schema\/person\/40e486b55ea009664be002c622512d54","name":"Welcome to Latitude 15","image":{"@type":"ImageObject","inLanguage":"fr-FR","@id":"https:\/\/www.latitude-15.com\/fr\/#\/schema\/person\/image\/","url":"https:\/\/secure.gravatar.com\/avatar\/c021f6fe403fddd1cfbd218fbae70dd2163a5628c1da123bbf9db1927e0caa0d?s=96&d=mm&r=g","contentUrl":"https:\/\/secure.gravatar.com\/avatar\/c021f6fe403fddd1cfbd218fbae70dd2163a5628c1da123bbf9db1927e0caa0d?s=96&d=mm&r=g","caption":"Welcome to Latitude 15"},"url":"https:\/\/www.latitude-15.com\/fr\/author\/welcome-to-latitude-15\/"}]}},"_links":{"self":[{"href":"https:\/\/www.latitude-15.com\/fr\/wp-json\/wp\/v2\/posts\/21340","targetHints":{"allow":["GET"]}}],"collection":[{"href":"https:\/\/www.latitude-15.com\/fr\/wp-json\/wp\/v2\/posts"}],"about":[{"href":"https:\/\/www.latitude-15.com\/fr\/wp-json\/wp\/v2\/types\/post"}],"author":[{"embeddable":true,"href":"https:\/\/www.latitude-15.com\/fr\/wp-json\/wp\/v2\/users\/6"}],"replies":[{"embeddable":true,"href":"https:\/\/www.latitude-15.com\/fr\/wp-json\/wp\/v2\/comments?post=21340"}],"version-history":[{"count":6,"href":"https:\/\/www.latitude-15.com\/fr\/wp-json\/wp\/v2\/posts\/21340\/revisions"}],"predecessor-version":[{"id":21371,"href":"https:\/\/www.latitude-15.com\/fr\/wp-json\/wp\/v2\/posts\/21340\/revisions\/21371"}],"wp:featuredmedia":[{"embeddable":true,"href":"https:\/\/www.latitude-15.com\/fr\/wp-json\/wp\/v2\/media\/21350"}],"wp:attachment":[{"href":"https:\/\/www.latitude-15.com\/fr\/wp-json\/wp\/v2\/media?parent=21340"}],"wp:term":[{"taxonomy":"category","embeddable":true,"href":"https:\/\/www.latitude-15.com\/fr\/wp-json\/wp\/v2\/categories?post=21340"},{"taxonomy":"post_tag","embeddable":true,"href":"https:\/\/www.latitude-15.com\/fr\/wp-json\/wp\/v2\/tags?post=21340"}],"curies":[{"name":"wp","href":"https:\/\/api.w.org\/{rel}","templated":true}]}}