{"id":21323,"date":"2026-03-10T11:40:08","date_gmt":"2026-03-10T15:40:08","guid":{"rendered":"https:\/\/www.latitude-15.com\/economie-de-la-desserte-aerienne-dans-les-caraibes-aligner-le-rendement-la-gouvernance-et-larchitecture-de-la-demande\/"},"modified":"2026-03-10T15:07:15","modified_gmt":"2026-03-10T19:07:15","slug":"economie-de-la-desserte-aerienne-dans-les-caraibes-aligner-le-rendement-la-gouvernance-et-larchitecture-de-la-demande","status":"publish","type":"post","link":"https:\/\/www.latitude-15.com\/fr\/economie-de-la-desserte-aerienne-dans-les-caraibes-aligner-le-rendement-la-gouvernance-et-larchitecture-de-la-demande\/","title":{"rendered":"\u00c9conomie de la desserte a\u00e9rienne dans les Cara\u00efbes : Aligner le rendement, la gouvernance et l\u2019architecture de la demande"},"content":{"rendered":"\n<p>Le Sommet de la CTO sur la connectivit\u00e9 a\u00e9rienne n\u2019a pas simplement revisit\u00e9 les m\u00e9canismes d\u2019attraction des liaisons. Il a r\u00e9v\u00e9l\u00e9 une transition plus profonde dans la mani\u00e8re dont les destinations carib\u00e9ennes commencent \u00e0 concevoir la desserte a\u00e9rienne : non plus comme un outil touristique tactique, mais comme une composante de l\u2019architecture \u00e9conomique. <\/p>\n\n<p>Si la session minist\u00e9rielle a expos\u00e9 la fragmentation et le d\u00e9salignement fiscal, les panels op\u00e9rationnels ont mis en lumi\u00e8re un \u00e9l\u00e9ment tout aussi structurel : le passage progressif de la r\u00e9gion d\u2019une d\u00e9pendance aux incitations vers une discipline de la demande et un alignement de la gouvernance.<\/p>\n\n<p>Il ne s\u2019agit pas d\u2019une \u00e9volution cosm\u00e9tique.<br\/>C\u2019est un point d\u2019inflexion strat\u00e9gique.<\/p>\n\n<h2 class=\"wp-block-heading\"><strong>La desserte a\u00e9rienne comme infrastructure \u00e9conomique<\/strong><\/h2>\n\n<p>L\u2019un des signaux les plus clairs est apparu t\u00f4t dans les discussions :<\/p>\n\n<blockquote class=\"wp-block-quote is-layout-flow wp-block-quote-is-layout-flow\">\n<h3 class=\"wp-block-heading\">\u00ab Dans les Cara\u00efbes, l\u2019aviation n\u2019est pas simplement une infrastructure de transport, c\u2019est une infrastructure \u00e9conomique. \u00bb <\/h3>\n\n\n\n<p class=\"has-text-align-right\">\u2014 Stacey Liburd, PDG, Grenada Tourism Authority<\/p>\n<\/blockquote>\n\n<p>Ce cadrage change tout.<\/p>\n\n<p>Dans les petites \u00e9conomies insulaires o\u00f9 le tourisme repr\u00e9sente une part importante du PIB et o\u00f9 plus de 90 % des arriv\u00e9es avec s\u00e9jour d\u00e9pendent de l\u2019acc\u00e8s a\u00e9rien, les d\u00e9cisions relatives aux liaisons influencent directement :<\/p>\n\n<ul class=\"wp-block-list\">\n<li>les niveaux d\u2019emploi<\/li>\n\n\n\n<li>la performance h\u00f4teli\u00e8re<\/li>\n\n\n\n<li>les recettes fiscales<\/li>\n\n\n\n<li>la confiance des investisseurs<\/li>\n\n\n\n<li>et les rendements des infrastructures<\/li>\n<\/ul>\n\n<p>La desserte a\u00e9rienne n\u2019est pas une gestion de capacit\u00e9.<br\/>C\u2019est une politique macro\u00e9conomique.<\/p>\n\n<h2 class=\"wp-block-heading\"><strong>Strat\u00e9gie de rendement : au-del\u00e0 du r\u00e9cit du luxe<\/strong><\/h2>\n\n<p>Une autre ligne de fracture strat\u00e9gique a \u00e9merg\u00e9 autour du rendement.<\/p>\n\n<p>Pendant des ann\u00e9es, les strat\u00e9gies de positionnement des Cara\u00efbes ont fortement mis\u00e9 sur l\u2019image de marque de luxe. Mais le sommet a introduit une perspective \u00e9conomique plus nuanc\u00e9e. <\/p>\n\n<p>Le Dr Ernest Hilaire a contest\u00e9 l\u2019\u00e9quation automatique entre voyageurs de luxe et b\u00e9n\u00e9fice national :<\/p>\n\n<blockquote class=\"wp-block-quote is-layout-flow wp-block-quote-is-layout-flow\">\n<h3 class=\"wp-block-heading\">\u00ab Cette notion selon laquelle, d\u00e8s lors que vous \u00eates un voyageur de luxe&#8230; la destination en b\u00e9n\u00e9ficie automatiquement, n\u2019est pas n\u00e9cessairement vraie. \u00bb<\/h3>\n\n\n\n<p class=\"has-text-align-right\">\u2014 Dr Ernest Hilaire, vice-premier ministre et ministre du Tourisme, du Commerce, de l&rsquo;Investissement, des Industries cr\u00e9atives et de la Culture de Sainte-Lucie<\/p>\n<\/blockquote>\n\n<p>L\u2019implication est structurelle.<\/p>\n\n<p>Les visiteurs \u00e0 d\u00e9penses \u00e9lev\u00e9es concentr\u00e9s dans des complexes h\u00f4teliers int\u00e9gr\u00e9s verticalement peuvent g\u00e9n\u00e9rer moins de circulation \u00e9conomique locale que les voyageurs de milieu de gamme qui r\u00e9partissent leurs d\u00e9penses entre les restaurants, les excursions et les petites entreprises.<\/p>\n\n<p>Le rendement ne peut donc pas \u00eatre \u00e9valu\u00e9 uniquement au niveau de la classe tarifaire ou du prix de la chambre.<br\/>Il doit \u00eatre \u00e9valu\u00e9 au niveau de l\u2019\u00e9cosyst\u00e8me.<\/p>\n\n<p>Pour les compagnies a\u00e9riennes et les investisseurs, cela recadre enti\u00e8rement la mod\u00e9lisation de la demande.<\/p>\n\n<h2 class=\"wp-block-heading\"><strong>De la d\u00e9pendance aux incitations \u00e0 l\u2019architecture de la demande<\/strong><\/h2>\n\n<p>Le d\u00e9bat autour des garanties de revenus minimums (MRG) a refl\u00e9t\u00e9 cette maturation plus large.<\/p>\n\n<p>Plut\u00f4t que de c\u00e9l\u00e9brer les incitations comme des outils n\u00e9cessaires, les intervenants ont remis en question leur durabilit\u00e9 structurelle.<\/p>\n\n<p>Comme l\u2019a observ\u00e9 Collin James :<\/p>\n\n<blockquote class=\"wp-block-quote is-layout-flow wp-block-quote-is-layout-flow\">\n<h3 class=\"wp-block-heading\">\u00ab Les garanties de revenus minimum transf\u00e8rent l\u2019int\u00e9gralit\u00e9 du risque vers la destination. \u00bb<\/h3>\n\n\n\n<p class=\"has-text-align-right\">\u2014 Colin James, directeur g\u00e9n\u00e9ral, Antigua and Barbuda Tourism Authority<\/p>\n<\/blockquote>\n\n<p>Dans les march\u00e9s \u00e9troits expos\u00e9s \u00e0 la saisonnalit\u00e9 et aux chocs externes, la concentration du risque sur les bilans publics cr\u00e9e une vuln\u00e9rabilit\u00e9 fiscale.<\/p>\n\n<p>Cela ne signifie pas que les incitations disparaissent.<br\/>Cela signifie qu\u2019elles doivent \u00eatre subordonn\u00e9es \u00e0 l\u2019architecture de la demande.<\/p>\n\n<p>Le Dr Hilaire a r\u00e9sum\u00e9 clairement la direction \u00e0 suivre :<\/p>\n\n<blockquote class=\"wp-block-quote is-layout-flow wp-block-quote-is-layout-flow\">\n<h3 class=\"wp-block-heading\">\u00ab Si vous voulez construire une industrie touristique durable, elle ne peut pas \u00eatre bas\u00e9e sur des incitations. La demande doit \u00eatre une demande \u00e0 croissance organique. \u00bb<\/h3>\n\n\n\n<p class=\"has-text-align-right\">\u2014 Dr Ernest Hilaire<\/p>\n<\/blockquote>\n\n<p>La demande organique n\u00e9cessite :<\/p>\n\n<ul class=\"wp-block-list\">\n<li>une programmation d\u2019\u00e9v\u00e9nements<\/li>\n\n\n\n<li>des calendriers sportifs et culturels<\/li>\n\n\n\n<li>l\u2019engagement de la diaspora<\/li>\n\n\n\n<li>un alignement des conf\u00e9rences<\/li>\n\n\n\n<li>des fen\u00eatres de marketing coordonn\u00e9es<\/li>\n<\/ul>\n\n<p>Elle est orchestr\u00e9e, pas improvis\u00e9e.<\/p>\n\n<figure class=\"wp-block-image size-large\"><img fetchpriority=\"high\" decoding=\"async\" width=\"1024\" height=\"541\" src=\"https:\/\/www.latitude-15.com\/wp-content\/uploads\/2026\/03\/12-1024x541.jpg\" alt=\"\" class=\"wp-image-21318\" srcset=\"https:\/\/www.latitude-15.com\/wp-content\/uploads\/2026\/03\/12-1024x541.jpg 1024w, https:\/\/www.latitude-15.com\/wp-content\/uploads\/2026\/03\/12-300x158.jpg 300w, https:\/\/www.latitude-15.com\/wp-content\/uploads\/2026\/03\/12-768x406.jpg 768w, https:\/\/www.latitude-15.com\/wp-content\/uploads\/2026\/03\/12-1536x811.jpg 1536w, https:\/\/www.latitude-15.com\/wp-content\/uploads\/2026\/03\/12-2048x1081.jpg 2048w, https:\/\/www.latitude-15.com\/wp-content\/uploads\/2026\/03\/12-1320x697.jpg 1320w\" sizes=\"(max-width: 1024px) 100vw, 1024px\" \/><\/figure>\n\n<h2 class=\"wp-block-heading\"><strong>La discipline des donn\u00e9es comme monnaie de n\u00e9gociation<\/strong><\/h2>\n\n<p>Un autre th\u00e8me r\u00e9current \u00e9tait la cr\u00e9dibilit\u00e9 des donn\u00e9es.<\/p>\n\n<p>Les compagnies a\u00e9riennes ne r\u00e9pondent pas aux aspirations.<br\/>Elles r\u00e9pondent aux preuves.<\/p>\n\n<p>Comme cela a \u00e9t\u00e9 soulign\u00e9 lors des n\u00e9gociations :<\/p>\n\n<blockquote class=\"wp-block-quote is-layout-flow wp-block-quote-is-layout-flow\">\n<h3 class=\"wp-block-heading\">\u00ab Il est important d\u2019avoir des donn\u00e9es&#8230; pour que lorsque vous vous pr\u00e9sentez devant une compagnie a\u00e9rienne et que vous n\u00e9gociez, vous ne vous basiez pas sur l\u2019\u00e9motion. \u00bb<\/h3>\n\n\n\n<p class=\"has-text-align-right\">\u2014 Colin James<\/p>\n<\/blockquote>\n\n<p>L\u2019analyse origine-destination, les pr\u00e9visions saisonni\u00e8res, la segmentation de la diaspora et la mod\u00e9lisation de la compression deviennent centrales dans les discussions sur les liaisons carib\u00e9ennes.<\/p>\n\n<p>Cela marque un passage de la n\u00e9gociation promotionnelle \u00e0 la n\u00e9gociation de performance.<\/p>\n\n<h2 class=\"wp-block-heading\"><strong>La gouvernance : le d\u00e9terminant silencieux<\/strong><\/h2>\n\n<p>Le changement structurel s\u2019\u00e9tend \u00e9galement \u00e0 la gestion a\u00e9roportuaire.<\/p>\n\n<p>Le Dr Rafael Echevarne a introduit une dimension de gouvernance souvent n\u00e9glig\u00e9e dans le discours touristique :<\/p>\n\n<blockquote class=\"wp-block-quote is-layout-flow wp-block-quote-is-layout-flow\">\n<h3 class=\"wp-block-heading\">\u00ab Les a\u00e9roports&#8230; que vous soyez publics ou priv\u00e9s, ce sont des entreprises. \u00bb<\/h3>\n\n\n\n<p class=\"has-text-align-right\">\u2014 Dr Rafael Echevarne, Directeur g\u00e9n\u00e9ral, ACI-LAC<\/p>\n<\/blockquote>\n\n<p>La continuit\u00e9 professionnelle, une strat\u00e9gie \u00e9crite et un positionnement r\u00e9aliste ont \u00e9t\u00e9 identifi\u00e9s comme des conditions pr\u00e9alables \u00e0 la confiance des compagnies a\u00e9riennes.<\/p>\n\n<p>La volatilit\u00e9 politique mine la pr\u00e9visibilit\u00e9.<br\/>La pr\u00e9visibilit\u00e9 sous-tend l\u2019allocation de capital.<\/p>\n\n<p>Pour les investisseurs et les op\u00e9rateurs, la stabilit\u00e9 de la gouvernance n\u2019est pas un d\u00e9tail administratif \u2014 c\u2019est une att\u00e9nuation des risques.<\/p>\n\n<h2 class=\"wp-block-heading\"><strong>Alignement de la piste au complexe h\u00f4telier<\/strong><\/h2>\n\n<p>La couche commerciale renforce cet imp\u00e9ratif d\u2019alignement.<\/p>\n\n<p>Comme l\u2019a expliqu\u00e9 Tim Morrison :<\/p>\n\n<h3 class=\"wp-block-heading\">\u00ab Si nous avons plus de demande, plus de dessertes a\u00e9riennes, nous augmenterons nos taux d\u2019occupation&#8230; une fois que vous g\u00e9n\u00e9rez de la compression, vous tirez le prix moyen par chambre (ADR) vers le haut. \u00bb<\/h3>\n\n<p class=\"has-text-align-right\">\u2014 Tim Morrison, Directeur g\u00e9n\u00e9ral, Hamilton Princess &amp; Beach Club<\/p>\n\n<p>Pourtant, la compression sans fiabilit\u00e9 nuit \u00e0 la perception de la marque.<\/p>\n\n<p>Une \u00e9tude cit\u00e9e lors de la session indiquait que 80 % des voyageurs reconsid\u00e8rent leurs destinations suite \u00e0 des exp\u00e9riences de voyage perturbatrices.<\/p>\n\n<p>L\u2019efficacit\u00e9 op\u00e9rationnelle, l\u2019identit\u00e9 num\u00e9rique, la fluidit\u00e9 aux fronti\u00e8res et l\u2019exp\u00e9rience a\u00e9roportuaire influencent d\u00e9sormais directement la durabilit\u00e9 du rendement.<\/p>\n\n<p>L\u2019a\u00e9roport n\u2019est plus une infrastructure neutre.<br\/>C\u2019est un actif strat\u00e9gique de porte d\u2019entr\u00e9e.<\/p>\n\n<h2 class=\"wp-block-heading\"><strong>Un seuil de maturit\u00e9 r\u00e9gionale<\/strong><\/h2>\n\n<p>Dans l\u2019ensemble, le sommet a r\u00e9v\u00e9l\u00e9 une \u00e9volution structurelle.<\/p>\n\n<p>De :<\/p>\n\n<ul class=\"wp-block-list\">\n<li>la concurrence fragment\u00e9e<\/li>\n\n\n\n<li>l\u2019escalade des incitations<\/li>\n\n\n\n<li>la coordination symbolique<\/li>\n<\/ul>\n\n<p>Vers :<\/p>\n\n<ul class=\"wp-block-list\">\n<li>la conscience des risques<\/li>\n\n\n\n<li>la discipline des donn\u00e9es<\/li>\n\n\n\n<li>l\u2019alignement de la gouvernance<\/li>\n\n\n\n<li>l\u2019ing\u00e9nierie de la demande<\/li>\n\n\n\n<li>l\u2019int\u00e9gration de l\u2019\u00e9cosyst\u00e8me<\/li>\n<\/ul>\n\n<p>La conversation ne porte plus sur l\u2019\u00ab ajout de liaisons \u00bb. Elle porte sur la conception d\u2019un mod\u00e8le \u00e9conomique capable de soutenir la connectivit\u00e9.  Cette distinction est fondamentale.<\/p>\n\n<p>Car dans les petites \u00e9conomies insulaires, la desserte a\u00e9rienne n\u2019est pas une variable op\u00e9rationnelle.<br\/>C\u2019est un levier de croissance nationale.<\/p>\n\n<p>Et les Cara\u00efbes semblent entrer dans une phase o\u00f9 cette r\u00e9alit\u00e9 est reconnue \u2014 publiquement et strat\u00e9giquement.<\/p>\n\n<figure class=\"wp-block-image size-large\"><img decoding=\"async\" width=\"919\" height=\"1024\" data-src=\"https:\/\/www.latitude-15.com\/wp-content\/uploads\/2026\/03\/16-1-919x1024.jpg\" alt=\"\" class=\"wp-image-21319 lazyload\" data-srcset=\"https:\/\/www.latitude-15.com\/wp-content\/uploads\/2026\/03\/16-1-919x1024.jpg 919w, https:\/\/www.latitude-15.com\/wp-content\/uploads\/2026\/03\/16-1-269x300.jpg 269w, https:\/\/www.latitude-15.com\/wp-content\/uploads\/2026\/03\/16-1-768x856.jpg 768w, https:\/\/www.latitude-15.com\/wp-content\/uploads\/2026\/03\/16-1-1378x1536.jpg 1378w, https:\/\/www.latitude-15.com\/wp-content\/uploads\/2026\/03\/16-1-1837x2048.jpg 1837w, https:\/\/www.latitude-15.com\/wp-content\/uploads\/2026\/03\/16-1-1320x1472.jpg 1320w\" data-sizes=\"(max-width: 919px) 100vw, 919px\" src=\"data:image\/svg+xml;base64,PHN2ZyB3aWR0aD0iMSIgaGVpZ2h0PSIxIiB4bWxucz0iaHR0cDovL3d3dy53My5vcmcvMjAwMC9zdmciPjwvc3ZnPg==\" style=\"--smush-placeholder-width: 919px; --smush-placeholder-aspect-ratio: 919\/1024;\" \/><\/figure>\n","protected":false},"excerpt":{"rendered":"<p>Le Sommet de la CTO sur la connectivit\u00e9 a\u00e9rienne n\u2019a pas simplement revisit\u00e9 les m\u00e9canismes d\u2019attraction des liaisons. Il a r\u00e9v\u00e9l\u00e9 une transition plus profonde dans la mani\u00e8re dont les destinations carib\u00e9ennes commencent \u00e0 concevoir la desserte a\u00e9rienne : non plus comme un outil touristique tactique, mais comme une composante de l\u2019architecture \u00e9conomique. Si la [&hellip;]<\/p>\n","protected":false},"author":5,"featured_media":21322,"comment_status":"open","ping_status":"open","sticky":false,"template":"","format":"standard","meta":{"footnotes":""},"categories":[97,100],"tags":[],"class_list":["post-21323","post","type-post","status-publish","format-standard","has-post-thumbnail","hentry","category-aviation-fr","category-connectivite-aerienne-et-attractivite-territoriale"],"yoast_head":"<!-- This site is optimized with the Yoast SEO plugin v26.9 - https:\/\/yoast.com\/product\/yoast-seo-wordpress\/ -->\n<title>\u00c9conomie de la desserte a\u00e9rienne dans les Cara\u00efbes : Aligner le rendement, la gouvernance et l\u2019architecture de la demande - LATITUDE 15<\/title>\n<meta name=\"robots\" content=\"index, follow, max-snippet:-1, max-image-preview:large, max-video-preview:-1\" \/>\n<link rel=\"canonical\" href=\"https:\/\/www.latitude-15.com\/fr\/economie-de-la-desserte-aerienne-dans-les-caraibes-aligner-le-rendement-la-gouvernance-et-larchitecture-de-la-demande\/\" \/>\n<meta property=\"og:locale\" content=\"fr_FR\" \/>\n<meta property=\"og:type\" content=\"article\" \/>\n<meta property=\"og:title\" content=\"\u00c9conomie de la desserte a\u00e9rienne dans les Cara\u00efbes : Aligner le rendement, la gouvernance et l\u2019architecture de la demande - LATITUDE 15\" \/>\n<meta property=\"og:description\" content=\"Le Sommet de la CTO sur la connectivit\u00e9 a\u00e9rienne n\u2019a pas simplement revisit\u00e9 les m\u00e9canismes d\u2019attraction des liaisons. Il a r\u00e9v\u00e9l\u00e9 une transition plus profonde dans la mani\u00e8re dont les destinations carib\u00e9ennes commencent \u00e0 concevoir la desserte a\u00e9rienne : non plus comme un outil touristique tactique, mais comme une composante de l\u2019architecture \u00e9conomique. Si la [&hellip;]\" \/>\n<meta property=\"og:url\" content=\"https:\/\/www.latitude-15.com\/fr\/economie-de-la-desserte-aerienne-dans-les-caraibes-aligner-le-rendement-la-gouvernance-et-larchitecture-de-la-demande\/\" \/>\n<meta property=\"og:site_name\" content=\"LATITUDE 15\" \/>\n<meta property=\"article:published_time\" content=\"2026-03-10T15:40:08+00:00\" \/>\n<meta property=\"article:modified_time\" content=\"2026-03-10T19:07:15+00:00\" \/>\n<meta property=\"og:image\" content=\"https:\/\/www.latitude-15.com\/wp-content\/uploads\/2026\/03\/17-scaled.jpg\" \/>\n\t<meta property=\"og:image:width\" content=\"2296\" \/>\n\t<meta property=\"og:image:height\" content=\"2560\" \/>\n\t<meta property=\"og:image:type\" content=\"image\/jpeg\" \/>\n<meta name=\"author\" content=\"Joda J\" \/>\n<meta name=\"twitter:card\" content=\"summary_large_image\" \/>\n<meta name=\"twitter:label1\" content=\"\u00c9crit par\" \/>\n\t<meta name=\"twitter:data1\" content=\"Joda J\" \/>\n\t<meta name=\"twitter:label2\" content=\"Dur\u00e9e de lecture estim\u00e9e\" \/>\n\t<meta name=\"twitter:data2\" content=\"6 minutes\" \/>\n<script type=\"application\/ld+json\" class=\"yoast-schema-graph\">{\"@context\":\"https:\/\/schema.org\",\"@graph\":[{\"@type\":\"Article\",\"@id\":\"https:\/\/www.latitude-15.com\/fr\/economie-de-la-desserte-aerienne-dans-les-caraibes-aligner-le-rendement-la-gouvernance-et-larchitecture-de-la-demande\/#article\",\"isPartOf\":{\"@id\":\"https:\/\/www.latitude-15.com\/fr\/economie-de-la-desserte-aerienne-dans-les-caraibes-aligner-le-rendement-la-gouvernance-et-larchitecture-de-la-demande\/\"},\"author\":{\"name\":\"Joda J\",\"@id\":\"https:\/\/www.latitude-15.com\/fr\/#\/schema\/person\/dac52e7ff44c78317f337da112e37252\"},\"headline\":\"\u00c9conomie de la desserte a\u00e9rienne dans les Cara\u00efbes : Aligner le rendement, la gouvernance et l\u2019architecture de la demande\",\"datePublished\":\"2026-03-10T15:40:08+00:00\",\"dateModified\":\"2026-03-10T19:07:15+00:00\",\"mainEntityOfPage\":{\"@id\":\"https:\/\/www.latitude-15.com\/fr\/economie-de-la-desserte-aerienne-dans-les-caraibes-aligner-le-rendement-la-gouvernance-et-larchitecture-de-la-demande\/\"},\"wordCount\":1250,\"commentCount\":0,\"publisher\":{\"@id\":\"https:\/\/www.latitude-15.com\/fr\/#organization\"},\"image\":{\"@id\":\"https:\/\/www.latitude-15.com\/fr\/economie-de-la-desserte-aerienne-dans-les-caraibes-aligner-le-rendement-la-gouvernance-et-larchitecture-de-la-demande\/#primaryimage\"},\"thumbnailUrl\":\"https:\/\/www.latitude-15.com\/wp-content\/uploads\/2026\/03\/17-scaled.jpg\",\"articleSection\":[\"AVIATION\",\"Connectivit\u00e9 a\u00e9rienne et Attractivit\u00e9 territoriale\"],\"inLanguage\":\"fr-FR\",\"potentialAction\":[{\"@type\":\"CommentAction\",\"name\":\"Comment\",\"target\":[\"https:\/\/www.latitude-15.com\/fr\/economie-de-la-desserte-aerienne-dans-les-caraibes-aligner-le-rendement-la-gouvernance-et-larchitecture-de-la-demande\/#respond\"]}]},{\"@type\":\"WebPage\",\"@id\":\"https:\/\/www.latitude-15.com\/fr\/economie-de-la-desserte-aerienne-dans-les-caraibes-aligner-le-rendement-la-gouvernance-et-larchitecture-de-la-demande\/\",\"url\":\"https:\/\/www.latitude-15.com\/fr\/economie-de-la-desserte-aerienne-dans-les-caraibes-aligner-le-rendement-la-gouvernance-et-larchitecture-de-la-demande\/\",\"name\":\"\u00c9conomie de la desserte a\u00e9rienne dans les Cara\u00efbes : Aligner le rendement, la gouvernance et l\u2019architecture de la demande - LATITUDE 15\",\"isPartOf\":{\"@id\":\"https:\/\/www.latitude-15.com\/fr\/#website\"},\"primaryImageOfPage\":{\"@id\":\"https:\/\/www.latitude-15.com\/fr\/economie-de-la-desserte-aerienne-dans-les-caraibes-aligner-le-rendement-la-gouvernance-et-larchitecture-de-la-demande\/#primaryimage\"},\"image\":{\"@id\":\"https:\/\/www.latitude-15.com\/fr\/economie-de-la-desserte-aerienne-dans-les-caraibes-aligner-le-rendement-la-gouvernance-et-larchitecture-de-la-demande\/#primaryimage\"},\"thumbnailUrl\":\"https:\/\/www.latitude-15.com\/wp-content\/uploads\/2026\/03\/17-scaled.jpg\",\"datePublished\":\"2026-03-10T15:40:08+00:00\",\"dateModified\":\"2026-03-10T19:07:15+00:00\",\"breadcrumb\":{\"@id\":\"https:\/\/www.latitude-15.com\/fr\/economie-de-la-desserte-aerienne-dans-les-caraibes-aligner-le-rendement-la-gouvernance-et-larchitecture-de-la-demande\/#breadcrumb\"},\"inLanguage\":\"fr-FR\",\"potentialAction\":[{\"@type\":\"ReadAction\",\"target\":[\"https:\/\/www.latitude-15.com\/fr\/economie-de-la-desserte-aerienne-dans-les-caraibes-aligner-le-rendement-la-gouvernance-et-larchitecture-de-la-demande\/\"]}]},{\"@type\":\"ImageObject\",\"inLanguage\":\"fr-FR\",\"@id\":\"https:\/\/www.latitude-15.com\/fr\/economie-de-la-desserte-aerienne-dans-les-caraibes-aligner-le-rendement-la-gouvernance-et-larchitecture-de-la-demande\/#primaryimage\",\"url\":\"https:\/\/www.latitude-15.com\/wp-content\/uploads\/2026\/03\/17-scaled.jpg\",\"contentUrl\":\"https:\/\/www.latitude-15.com\/wp-content\/uploads\/2026\/03\/17-scaled.jpg\",\"width\":2296,\"height\":2560,\"caption\":\"Caribbean Airlift Economics\"},{\"@type\":\"BreadcrumbList\",\"@id\":\"https:\/\/www.latitude-15.com\/fr\/economie-de-la-desserte-aerienne-dans-les-caraibes-aligner-le-rendement-la-gouvernance-et-larchitecture-de-la-demande\/#breadcrumb\",\"itemListElement\":[{\"@type\":\"ListItem\",\"position\":1,\"name\":\"Home\",\"item\":\"https:\/\/www.latitude-15.com\/fr\/accueil\/\"},{\"@type\":\"ListItem\",\"position\":2,\"name\":\"\u00c9conomie de la desserte a\u00e9rienne dans les Cara\u00efbes : Aligner le rendement, la gouvernance et l\u2019architecture de la demande\"}]},{\"@type\":\"WebSite\",\"@id\":\"https:\/\/www.latitude-15.com\/fr\/#website\",\"url\":\"https:\/\/www.latitude-15.com\/fr\/\",\"name\":\"LATITUDE 15\",\"description\":\"Aviation and maritime Magazine - Caribbean &amp; Latin America\",\"publisher\":{\"@id\":\"https:\/\/www.latitude-15.com\/fr\/#organization\"},\"potentialAction\":[{\"@type\":\"SearchAction\",\"target\":{\"@type\":\"EntryPoint\",\"urlTemplate\":\"https:\/\/www.latitude-15.com\/fr\/?s={search_term_string}\"},\"query-input\":{\"@type\":\"PropertyValueSpecification\",\"valueRequired\":true,\"valueName\":\"search_term_string\"}}],\"inLanguage\":\"fr-FR\"},{\"@type\":\"Organization\",\"@id\":\"https:\/\/www.latitude-15.com\/fr\/#organization\",\"name\":\"LATITUDE 15\",\"url\":\"https:\/\/www.latitude-15.com\/fr\/\",\"logo\":{\"@type\":\"ImageObject\",\"inLanguage\":\"fr-FR\",\"@id\":\"https:\/\/www.latitude-15.com\/fr\/#\/schema\/logo\/image\/\",\"url\":\"https:\/\/www.latitude-15.com\/wp-content\/uploads\/2026\/01\/cropped-logox500px.png\",\"contentUrl\":\"https:\/\/www.latitude-15.com\/wp-content\/uploads\/2026\/01\/cropped-logox500px.png\",\"width\":62,\"height\":75,\"caption\":\"LATITUDE 15\"},\"image\":{\"@id\":\"https:\/\/www.latitude-15.com\/fr\/#\/schema\/logo\/image\/\"}},{\"@type\":\"Person\",\"@id\":\"https:\/\/www.latitude-15.com\/fr\/#\/schema\/person\/dac52e7ff44c78317f337da112e37252\",\"name\":\"Joda J\",\"image\":{\"@type\":\"ImageObject\",\"inLanguage\":\"fr-FR\",\"@id\":\"https:\/\/www.latitude-15.com\/fr\/#\/schema\/person\/image\/\",\"url\":\"https:\/\/secure.gravatar.com\/avatar\/6b1feae555e15404b76616f92d931d12b25ac58024f14ccb43d9d3c012e4c4cf?s=96&d=mm&r=g\",\"contentUrl\":\"https:\/\/secure.gravatar.com\/avatar\/6b1feae555e15404b76616f92d931d12b25ac58024f14ccb43d9d3c012e4c4cf?s=96&d=mm&r=g\",\"caption\":\"Joda J\"},\"url\":\"https:\/\/www.latitude-15.com\/fr\/author\/joda\/\"}]}<\/script>\n<!-- \/ Yoast SEO plugin. -->","yoast_head_json":{"title":"\u00c9conomie de la desserte a\u00e9rienne dans les Cara\u00efbes : Aligner le rendement, la gouvernance et l\u2019architecture de la demande - LATITUDE 15","robots":{"index":"index","follow":"follow","max-snippet":"max-snippet:-1","max-image-preview":"max-image-preview:large","max-video-preview":"max-video-preview:-1"},"canonical":"https:\/\/www.latitude-15.com\/fr\/economie-de-la-desserte-aerienne-dans-les-caraibes-aligner-le-rendement-la-gouvernance-et-larchitecture-de-la-demande\/","og_locale":"fr_FR","og_type":"article","og_title":"\u00c9conomie de la desserte a\u00e9rienne dans les Cara\u00efbes : Aligner le rendement, la gouvernance et l\u2019architecture de la demande - LATITUDE 15","og_description":"Le Sommet de la CTO sur la connectivit\u00e9 a\u00e9rienne n\u2019a pas simplement revisit\u00e9 les m\u00e9canismes d\u2019attraction des liaisons. Il a r\u00e9v\u00e9l\u00e9 une transition plus profonde dans la mani\u00e8re dont les destinations carib\u00e9ennes commencent \u00e0 concevoir la desserte a\u00e9rienne : non plus comme un outil touristique tactique, mais comme une composante de l\u2019architecture \u00e9conomique. Si la [&hellip;]","og_url":"https:\/\/www.latitude-15.com\/fr\/economie-de-la-desserte-aerienne-dans-les-caraibes-aligner-le-rendement-la-gouvernance-et-larchitecture-de-la-demande\/","og_site_name":"LATITUDE 15","article_published_time":"2026-03-10T15:40:08+00:00","article_modified_time":"2026-03-10T19:07:15+00:00","og_image":[{"width":2296,"height":2560,"url":"https:\/\/www.latitude-15.com\/wp-content\/uploads\/2026\/03\/17-scaled.jpg","type":"image\/jpeg"}],"author":"Joda J","twitter_card":"summary_large_image","twitter_misc":{"\u00c9crit par":"Joda J","Dur\u00e9e de lecture estim\u00e9e":"6 minutes"},"schema":{"@context":"https:\/\/schema.org","@graph":[{"@type":"Article","@id":"https:\/\/www.latitude-15.com\/fr\/economie-de-la-desserte-aerienne-dans-les-caraibes-aligner-le-rendement-la-gouvernance-et-larchitecture-de-la-demande\/#article","isPartOf":{"@id":"https:\/\/www.latitude-15.com\/fr\/economie-de-la-desserte-aerienne-dans-les-caraibes-aligner-le-rendement-la-gouvernance-et-larchitecture-de-la-demande\/"},"author":{"name":"Joda J","@id":"https:\/\/www.latitude-15.com\/fr\/#\/schema\/person\/dac52e7ff44c78317f337da112e37252"},"headline":"\u00c9conomie de la desserte a\u00e9rienne dans les Cara\u00efbes : Aligner le rendement, la gouvernance et l\u2019architecture de la demande","datePublished":"2026-03-10T15:40:08+00:00","dateModified":"2026-03-10T19:07:15+00:00","mainEntityOfPage":{"@id":"https:\/\/www.latitude-15.com\/fr\/economie-de-la-desserte-aerienne-dans-les-caraibes-aligner-le-rendement-la-gouvernance-et-larchitecture-de-la-demande\/"},"wordCount":1250,"commentCount":0,"publisher":{"@id":"https:\/\/www.latitude-15.com\/fr\/#organization"},"image":{"@id":"https:\/\/www.latitude-15.com\/fr\/economie-de-la-desserte-aerienne-dans-les-caraibes-aligner-le-rendement-la-gouvernance-et-larchitecture-de-la-demande\/#primaryimage"},"thumbnailUrl":"https:\/\/www.latitude-15.com\/wp-content\/uploads\/2026\/03\/17-scaled.jpg","articleSection":["AVIATION","Connectivit\u00e9 a\u00e9rienne et Attractivit\u00e9 territoriale"],"inLanguage":"fr-FR","potentialAction":[{"@type":"CommentAction","name":"Comment","target":["https:\/\/www.latitude-15.com\/fr\/economie-de-la-desserte-aerienne-dans-les-caraibes-aligner-le-rendement-la-gouvernance-et-larchitecture-de-la-demande\/#respond"]}]},{"@type":"WebPage","@id":"https:\/\/www.latitude-15.com\/fr\/economie-de-la-desserte-aerienne-dans-les-caraibes-aligner-le-rendement-la-gouvernance-et-larchitecture-de-la-demande\/","url":"https:\/\/www.latitude-15.com\/fr\/economie-de-la-desserte-aerienne-dans-les-caraibes-aligner-le-rendement-la-gouvernance-et-larchitecture-de-la-demande\/","name":"\u00c9conomie de la desserte a\u00e9rienne dans les Cara\u00efbes : Aligner le rendement, la gouvernance et l\u2019architecture de la demande - LATITUDE 15","isPartOf":{"@id":"https:\/\/www.latitude-15.com\/fr\/#website"},"primaryImageOfPage":{"@id":"https:\/\/www.latitude-15.com\/fr\/economie-de-la-desserte-aerienne-dans-les-caraibes-aligner-le-rendement-la-gouvernance-et-larchitecture-de-la-demande\/#primaryimage"},"image":{"@id":"https:\/\/www.latitude-15.com\/fr\/economie-de-la-desserte-aerienne-dans-les-caraibes-aligner-le-rendement-la-gouvernance-et-larchitecture-de-la-demande\/#primaryimage"},"thumbnailUrl":"https:\/\/www.latitude-15.com\/wp-content\/uploads\/2026\/03\/17-scaled.jpg","datePublished":"2026-03-10T15:40:08+00:00","dateModified":"2026-03-10T19:07:15+00:00","breadcrumb":{"@id":"https:\/\/www.latitude-15.com\/fr\/economie-de-la-desserte-aerienne-dans-les-caraibes-aligner-le-rendement-la-gouvernance-et-larchitecture-de-la-demande\/#breadcrumb"},"inLanguage":"fr-FR","potentialAction":[{"@type":"ReadAction","target":["https:\/\/www.latitude-15.com\/fr\/economie-de-la-desserte-aerienne-dans-les-caraibes-aligner-le-rendement-la-gouvernance-et-larchitecture-de-la-demande\/"]}]},{"@type":"ImageObject","inLanguage":"fr-FR","@id":"https:\/\/www.latitude-15.com\/fr\/economie-de-la-desserte-aerienne-dans-les-caraibes-aligner-le-rendement-la-gouvernance-et-larchitecture-de-la-demande\/#primaryimage","url":"https:\/\/www.latitude-15.com\/wp-content\/uploads\/2026\/03\/17-scaled.jpg","contentUrl":"https:\/\/www.latitude-15.com\/wp-content\/uploads\/2026\/03\/17-scaled.jpg","width":2296,"height":2560,"caption":"Caribbean Airlift Economics"},{"@type":"BreadcrumbList","@id":"https:\/\/www.latitude-15.com\/fr\/economie-de-la-desserte-aerienne-dans-les-caraibes-aligner-le-rendement-la-gouvernance-et-larchitecture-de-la-demande\/#breadcrumb","itemListElement":[{"@type":"ListItem","position":1,"name":"Home","item":"https:\/\/www.latitude-15.com\/fr\/accueil\/"},{"@type":"ListItem","position":2,"name":"\u00c9conomie de la desserte a\u00e9rienne dans les Cara\u00efbes : Aligner le rendement, la gouvernance et l\u2019architecture de la demande"}]},{"@type":"WebSite","@id":"https:\/\/www.latitude-15.com\/fr\/#website","url":"https:\/\/www.latitude-15.com\/fr\/","name":"LATITUDE 15","description":"Aviation and maritime Magazine - Caribbean &amp; Latin America","publisher":{"@id":"https:\/\/www.latitude-15.com\/fr\/#organization"},"potentialAction":[{"@type":"SearchAction","target":{"@type":"EntryPoint","urlTemplate":"https:\/\/www.latitude-15.com\/fr\/?s={search_term_string}"},"query-input":{"@type":"PropertyValueSpecification","valueRequired":true,"valueName":"search_term_string"}}],"inLanguage":"fr-FR"},{"@type":"Organization","@id":"https:\/\/www.latitude-15.com\/fr\/#organization","name":"LATITUDE 15","url":"https:\/\/www.latitude-15.com\/fr\/","logo":{"@type":"ImageObject","inLanguage":"fr-FR","@id":"https:\/\/www.latitude-15.com\/fr\/#\/schema\/logo\/image\/","url":"https:\/\/www.latitude-15.com\/wp-content\/uploads\/2026\/01\/cropped-logox500px.png","contentUrl":"https:\/\/www.latitude-15.com\/wp-content\/uploads\/2026\/01\/cropped-logox500px.png","width":62,"height":75,"caption":"LATITUDE 15"},"image":{"@id":"https:\/\/www.latitude-15.com\/fr\/#\/schema\/logo\/image\/"}},{"@type":"Person","@id":"https:\/\/www.latitude-15.com\/fr\/#\/schema\/person\/dac52e7ff44c78317f337da112e37252","name":"Joda J","image":{"@type":"ImageObject","inLanguage":"fr-FR","@id":"https:\/\/www.latitude-15.com\/fr\/#\/schema\/person\/image\/","url":"https:\/\/secure.gravatar.com\/avatar\/6b1feae555e15404b76616f92d931d12b25ac58024f14ccb43d9d3c012e4c4cf?s=96&d=mm&r=g","contentUrl":"https:\/\/secure.gravatar.com\/avatar\/6b1feae555e15404b76616f92d931d12b25ac58024f14ccb43d9d3c012e4c4cf?s=96&d=mm&r=g","caption":"Joda J"},"url":"https:\/\/www.latitude-15.com\/fr\/author\/joda\/"}]}},"_links":{"self":[{"href":"https:\/\/www.latitude-15.com\/fr\/wp-json\/wp\/v2\/posts\/21323","targetHints":{"allow":["GET"]}}],"collection":[{"href":"https:\/\/www.latitude-15.com\/fr\/wp-json\/wp\/v2\/posts"}],"about":[{"href":"https:\/\/www.latitude-15.com\/fr\/wp-json\/wp\/v2\/types\/post"}],"author":[{"embeddable":true,"href":"https:\/\/www.latitude-15.com\/fr\/wp-json\/wp\/v2\/users\/5"}],"replies":[{"embeddable":true,"href":"https:\/\/www.latitude-15.com\/fr\/wp-json\/wp\/v2\/comments?post=21323"}],"version-history":[{"count":1,"href":"https:\/\/www.latitude-15.com\/fr\/wp-json\/wp\/v2\/posts\/21323\/revisions"}],"predecessor-version":[{"id":21327,"href":"https:\/\/www.latitude-15.com\/fr\/wp-json\/wp\/v2\/posts\/21323\/revisions\/21327"}],"wp:featuredmedia":[{"embeddable":true,"href":"https:\/\/www.latitude-15.com\/fr\/wp-json\/wp\/v2\/media\/21322"}],"wp:attachment":[{"href":"https:\/\/www.latitude-15.com\/fr\/wp-json\/wp\/v2\/media?parent=21323"}],"wp:term":[{"taxonomy":"category","embeddable":true,"href":"https:\/\/www.latitude-15.com\/fr\/wp-json\/wp\/v2\/categories?post=21323"},{"taxonomy":"post_tag","embeddable":true,"href":"https:\/\/www.latitude-15.com\/fr\/wp-json\/wp\/v2\/tags?post=21323"}],"curies":[{"name":"wp","href":"https:\/\/api.w.org\/{rel}","templated":true}]}}